{"id":97,"date":"2018-09-23T12:23:19","date_gmt":"2018-09-23T12:23:19","guid":{"rendered":"https:\/\/www.askja-on-tour.ch\/?p=97"},"modified":"2018-10-02T19:46:16","modified_gmt":"2018-10-02T19:46:16","slug":"test3-montag-2-mai-2016","status":"publish","type":"post","link":"https:\/\/www.askja-on-tour.ch\/?p=97","title":{"rendered":"Montag 2 Mai 2016"},"content":{"rendered":"<h2>Montag \u00a02. Mai 2016: Aus der Provence nach Carcassone<\/h2>\n<p>Da das Wetter sich immer mehr verschlechtert, beschliessen wir weiter nach S\u00fcden zu fahren.Wir haben schon viel von der mittelalterlichen Stadt Carcassone geh\u00f6rt und nutzen die Gelegenheit diese Stadt zu besuchen. Auch hier bleiben wir 2 N\u00e4chte. In der Nebensaison bekommen wir noch problemlos einen Platz auf dem st\u00e4dtischen Campingplatz.<\/p>\n<figure id=\"attachment_71\" aria-describedby=\"caption-attachment-71\" style=\"width: 1024px\" class=\"wp-caption alignnone\"><img loading=\"lazy\" decoding=\"async\" class=\"size-medium wp-image-71\" src=\"https:\/\/www.askja-on-tour.ch\/wp-content\/uploads\/2018\/09\/Testreise-Frankreich-019-1024x684.jpg\" alt=\"\" width=\"1024\" height=\"684\" srcset=\"https:\/\/www.askja-on-tour.ch\/wp-content\/uploads\/2018\/09\/Testreise-Frankreich-019-1024x684.jpg 1024w, https:\/\/www.askja-on-tour.ch\/wp-content\/uploads\/2018\/09\/Testreise-Frankreich-019-768x513.jpg 768w, https:\/\/www.askja-on-tour.ch\/wp-content\/uploads\/2018\/09\/Testreise-Frankreich-019.jpg 2048w\" sizes=\"auto, (max-width: 1024px) 100vw, 1024px\" \/><figcaption id=\"caption-attachment-71\" class=\"wp-caption-text\">Carcassone<\/figcaption><\/figure>\n<p><div class=\"rl-gallery-container rl-loading\" id=\"rl-gallery-container-1\" data-gallery_id=\"72\"> <div class=\"rl-gallery rl-basicmasonry-gallery \" id=\"rl-gallery-1\" data-gallery_no=\"1\"> <div class=\"rl-gutter-sizer\"><\/div><div class=\"rl-grid-sizer\"><\/div> <div class=\"rl-gallery-item rl-gallery-item-width-4\" > <div class=\"rl-gallery-item-content\"> <a href=\"https:\/\/www.askja-on-tour.ch\/wp-content\/uploads\/2018\/09\/Testreise-Frankreich-018-768x576.jpg\" title=\"Auf dem Campingplatz in Carcassone\" data-rl_title=\"Auf dem Campingplatz in Carcassone\" class=\"rl-gallery-link\" data-rl_caption=\"\" data-rel=\"lightbox-gallery-1\"><img loading=\"lazy\" decoding=\"async\" src=\"https:\/\/www.askja-on-tour.ch\/wp-content\/uploads\/2018\/09\/Testreise-Frankreich-018-150x150.jpg\" width=\"150\" height=\"150\" alt=\"\" \/><\/a> <\/div> <\/div> <div class=\"rl-gallery-item\" > <div class=\"rl-gallery-item-content\"> <a href=\"https:\/\/www.askja-on-tour.ch\/wp-content\/uploads\/2018\/09\/Testreise-Frankreich-028-768x412.jpg\" title=\"Auf dem Weg in die Stadt\" data-rl_title=\"Auf dem Weg in die Stadt\" class=\"rl-gallery-link\" data-rl_caption=\"\" data-rel=\"lightbox-gallery-1\"><img loading=\"lazy\" decoding=\"async\" src=\"https:\/\/www.askja-on-tour.ch\/wp-content\/uploads\/2018\/09\/Testreise-Frankreich-028-150x150.jpg\" width=\"150\" height=\"150\" alt=\"\" \/><\/a> <\/div> <\/div> <div class=\"rl-gallery-item\" > <div class=\"rl-gallery-item-content\"> <a href=\"https:\/\/www.askja-on-tour.ch\/wp-content\/uploads\/2018\/09\/Testreise-Frankreich-020-768x513.jpg\" title=\"\" data-rl_title=\"\" class=\"rl-gallery-link\" data-rl_caption=\"\" data-rel=\"lightbox-gallery-1\"><img loading=\"lazy\" decoding=\"async\" src=\"https:\/\/www.askja-on-tour.ch\/wp-content\/uploads\/2018\/09\/Testreise-Frankreich-020-150x150.jpg\" width=\"150\" height=\"150\" alt=\"\" \/><\/a> <\/div> <\/div> <div class=\"rl-gallery-item\" > <div class=\"rl-gallery-item-content\"> <a href=\"https:\/\/www.askja-on-tour.ch\/wp-content\/uploads\/2018\/09\/Testreise-Frankreich-021-768x513.jpg\" title=\"\" data-rl_title=\"\" class=\"rl-gallery-link\" data-rl_caption=\"\" data-rel=\"lightbox-gallery-1\"><img loading=\"lazy\" decoding=\"async\" src=\"https:\/\/www.askja-on-tour.ch\/wp-content\/uploads\/2018\/09\/Testreise-Frankreich-021-150x150.jpg\" width=\"150\" height=\"150\" alt=\"\" \/><\/a> <\/div> <\/div> <div class=\"rl-gallery-item\" > <div class=\"rl-gallery-item-content\"> <a href=\"https:\/\/www.askja-on-tour.ch\/wp-content\/uploads\/2018\/09\/Testreise-Frankreich-022-768x1151.jpg\" title=\"\" data-rl_title=\"\" class=\"rl-gallery-link\" data-rl_caption=\"\" data-rel=\"lightbox-gallery-1\"><img loading=\"lazy\" decoding=\"async\" src=\"https:\/\/www.askja-on-tour.ch\/wp-content\/uploads\/2018\/09\/Testreise-Frankreich-022-150x150.jpg\" width=\"150\" height=\"150\" alt=\"\" \/><\/a> <\/div> <\/div> <div class=\"rl-gallery-item\" > <div class=\"rl-gallery-item-content\"> <a href=\"https:\/\/www.askja-on-tour.ch\/wp-content\/uploads\/2018\/09\/Testreise-Frankreich-023-768x513.jpg\" title=\"\" data-rl_title=\"\" class=\"rl-gallery-link\" data-rl_caption=\"\" data-rel=\"lightbox-gallery-1\"><img loading=\"lazy\" decoding=\"async\" src=\"https:\/\/www.askja-on-tour.ch\/wp-content\/uploads\/2018\/09\/Testreise-Frankreich-023-150x150.jpg\" width=\"150\" height=\"150\" alt=\"\" \/><\/a> <\/div> <\/div> <div class=\"rl-gallery-item\" > <div class=\"rl-gallery-item-content\"> <a href=\"https:\/\/www.askja-on-tour.ch\/wp-content\/uploads\/2018\/09\/Testreise-Frankreich-024-768x513.jpg\" title=\"\" data-rl_title=\"\" class=\"rl-gallery-link\" data-rl_caption=\"\" data-rel=\"lightbox-gallery-1\"><img loading=\"lazy\" decoding=\"async\" src=\"https:\/\/www.askja-on-tour.ch\/wp-content\/uploads\/2018\/09\/Testreise-Frankreich-024-150x150.jpg\" width=\"150\" height=\"150\" alt=\"\" \/><\/a> <\/div> <\/div> <div class=\"rl-gallery-item\" > <div class=\"rl-gallery-item-content\"> <a href=\"https:\/\/www.askja-on-tour.ch\/wp-content\/uploads\/2018\/09\/Testreise-Frankreich-025-768x513.jpg\" title=\"\" data-rl_title=\"\" class=\"rl-gallery-link\" data-rl_caption=\"\" data-rel=\"lightbox-gallery-1\"><img loading=\"lazy\" decoding=\"async\" src=\"https:\/\/www.askja-on-tour.ch\/wp-content\/uploads\/2018\/09\/Testreise-Frankreich-025-150x150.jpg\" width=\"150\" height=\"150\" alt=\"\" \/><\/a> <\/div> <\/div> <div class=\"rl-gallery-item\" > <div class=\"rl-gallery-item-content\"> <a href=\"https:\/\/www.askja-on-tour.ch\/wp-content\/uploads\/2018\/09\/Testreise-Frankreich-026-768x1151.jpg\" title=\"\" data-rl_title=\"\" class=\"rl-gallery-link\" data-rl_caption=\"\" data-rel=\"lightbox-gallery-1\"><img loading=\"lazy\" decoding=\"async\" src=\"https:\/\/www.askja-on-tour.ch\/wp-content\/uploads\/2018\/09\/Testreise-Frankreich-026-150x150.jpg\" width=\"150\" height=\"150\" alt=\"\" \/><\/a> <\/div> <\/div> <div class=\"rl-gallery-item\" > <div class=\"rl-gallery-item-content\"> <a href=\"https:\/\/www.askja-on-tour.ch\/wp-content\/uploads\/2018\/09\/Testreise-Frankreich-027-768x1151.jpg\" title=\"\" data-rl_title=\"\" class=\"rl-gallery-link\" data-rl_caption=\"\" data-rel=\"lightbox-gallery-1\"><img loading=\"lazy\" decoding=\"async\" src=\"https:\/\/www.askja-on-tour.ch\/wp-content\/uploads\/2018\/09\/Testreise-Frankreich-027-150x150.jpg\" width=\"150\" height=\"150\" alt=\"\" \/><\/a> <\/div> <\/div> <div class=\"rl-gallery-item\" > <div class=\"rl-gallery-item-content\"> <a href=\"https:\/\/www.askja-on-tour.ch\/wp-content\/uploads\/2018\/09\/Testreise-Frankreich-031-768x512.jpg\" title=\"\" data-rl_title=\"\" class=\"rl-gallery-link\" data-rl_caption=\"\" data-rel=\"lightbox-gallery-1\"><img loading=\"lazy\" decoding=\"async\" src=\"https:\/\/www.askja-on-tour.ch\/wp-content\/uploads\/2018\/09\/Testreise-Frankreich-031-150x150.jpg\" width=\"150\" height=\"150\" alt=\"\" \/><\/a> <\/div> <\/div> <\/div> <\/div>Test 3<\/p>\n","protected":false},"excerpt":{"rendered":"<p>Montag \u00a02. Mai 2016: Aus der Provence nach Carcassone Da das Wetter sich immer mehr verschlechtert, beschliessen wir weiter nach S\u00fcden zu fahren.Wir haben schon viel von der mittelalterlichen Stadt Carcassone geh\u00f6rt und nutzen die Gelegenheit diese Stadt zu besuchen.<\/p>\n","protected":false},"author":1,"featured_media":0,"comment_status":"open","ping_status":"closed","sticky":false,"template":"","format":"standard","meta":{"footnotes":""},"categories":[4,6],"tags":[],"class_list":["post-97","post","type-post","status-publish","format-standard","hentry","category-reiseberichte","category-frankreich2016"],"_links":{"self":[{"href":"https:\/\/www.askja-on-tour.ch\/index.php?rest_route=\/wp\/v2\/posts\/97","targetHints":{"allow":["GET"]}}],"collection":[{"href":"https:\/\/www.askja-on-tour.ch\/index.php?rest_route=\/wp\/v2\/posts"}],"about":[{"href":"https:\/\/www.askja-on-tour.ch\/index.php?rest_route=\/wp\/v2\/types\/post"}],"author":[{"embeddable":true,"href":"https:\/\/www.askja-on-tour.ch\/index.php?rest_route=\/wp\/v2\/users\/1"}],"replies":[{"embeddable":true,"href":"https:\/\/www.askja-on-tour.ch\/index.php?rest_route=%2Fwp%2Fv2%2Fcomments&post=97"}],"version-history":[{"count":2,"href":"https:\/\/www.askja-on-tour.ch\/index.php?rest_route=\/wp\/v2\/posts\/97\/revisions"}],"predecessor-version":[{"id":121,"href":"https:\/\/www.askja-on-tour.ch\/index.php?rest_route=\/wp\/v2\/posts\/97\/revisions\/121"}],"wp:attachment":[{"href":"https:\/\/www.askja-on-tour.ch\/index.php?rest_route=%2Fwp%2Fv2%2Fmedia&parent=97"}],"wp:term":[{"taxonomy":"category","embeddable":true,"href":"https:\/\/www.askja-on-tour.ch\/index.php?rest_route=%2Fwp%2Fv2%2Fcategories&post=97"},{"taxonomy":"post_tag","embeddable":true,"href":"https:\/\/www.askja-on-tour.ch\/index.php?rest_route=%2Fwp%2Fv2%2Ftags&post=97"}],"curies":[{"name":"wp","href":"https:\/\/api.w.org\/{rel}","templated":true}]}}