{"id":91,"date":"2018-09-23T12:22:48","date_gmt":"2018-09-23T12:22:48","guid":{"rendered":"https:\/\/www.askja-on-tour.ch\/?p=91"},"modified":"2018-10-02T19:45:36","modified_gmt":"2018-10-02T19:45:36","slug":"test-1-freitag-29-april-2016","status":"publish","type":"post","link":"https:\/\/www.askja-on-tour.ch\/?p=91","title":{"rendered":"Freitag 29. April 2016"},"content":{"rendered":"<h2>Freitag 29. April 2016: Von Kallern nach Les Marches<\/h2>\n<p>Ende April 2016 haben wir unser Wohnmobil Askja f\u00fcr die erste Testreise von der Firma Maurer abgeholt. Einige Teile des Ausbaus sind noch nicht abgeschlossen und Askja muss noch in der Schweiz zugelassen werden. Mit einer Garagennummer, die uns die Firma Maurer freundlicherweise \u00fcberlassen hat, k\u00f6nnen wir aber schon einmal losfahren.<\/p>\n<figure id=\"attachment_36\" aria-describedby=\"caption-attachment-36\" style=\"width: 1024px\" class=\"wp-caption alignnone\"><img loading=\"lazy\" decoding=\"async\" class=\"size-medium wp-image-36\" src=\"https:\/\/www.askja-on-tour.ch\/wp-content\/uploads\/2018\/09\/Testreise-Frankreich-002-1024x768.jpg\" alt=\"\" width=\"1024\" height=\"768\" srcset=\"https:\/\/www.askja-on-tour.ch\/wp-content\/uploads\/2018\/09\/Testreise-Frankreich-002-1024x768.jpg 1024w, https:\/\/www.askja-on-tour.ch\/wp-content\/uploads\/2018\/09\/Testreise-Frankreich-002-768x576.jpg 768w, https:\/\/www.askja-on-tour.ch\/wp-content\/uploads\/2018\/09\/Testreise-Frankreich-002.jpg 2048w\" sizes=\"auto, (max-width: 1024px) 100vw, 1024px\" \/><figcaption id=\"caption-attachment-36\" class=\"wp-caption-text\">Wir sind endlich unterwegs<\/figcaption><\/figure>\n<p>An der Grenz in Genf haben wir die erste Herausforderung zu meistern. Wo m\u00fcssen wir uns in den Spuren vor der Grenz einreihen &#8211; bei PKW, Bus oder schwere Motorfahrzeuge. Zun\u00e4chst gehen wir auf die Spur f\u00fcr LKW &#8211; das war ein Fehler. Die Spur ist tats\u00e4chlich nur f\u00fcr den G\u00fcterverkehr, alle die etwas zu verzollen haben, vorgesehen. Mit uns kann dort niemand etwas anfangen und wir d\u00fcrfen \u00fcber diese Spur nicht in Frankfreich einreisen.<\/p>\n<p>Also wieder wenden und zur\u00fcck in die Schweiz. An der n\u00e4chsten Autobahnausfahrt wenden wir wieder und versuchen es diesmal auf der PKW Spur. Mit freundlichen L\u00e4cheln &#8222;Wir sind auch kein LKW&#8220; winkt man uns einfach durch.<\/p>\n<p>Eigentlich wollten wir in Aix-les-Bains auf dem Campingplatz die erste Nacht verbringen, aber alle Zufahrten zum Campingplatz waren f\u00fcr Fahrzeuge \u00fcber 3.5 Tonnen gesperrt. Ausserdem gefiel uns der Ort nicht &#8211; also fuhren wir weiter an Chamb\u00e9ry vorbei.<\/p>\n<p>In Les Marches fanden wir dann auf den kleinen Campingplatz &#8222;La Freme du Lac&#8220; einen geeigneten Ort f\u00fcr die erste Nacht. Da wir uns noch nicht sicher waren, ob alle Systeme funktionieren w\u00fcrden, wollten wir die erste Nacht lieber auf einem Campingplatzals als auf einem Stellplatz verbringen.<\/p>\n<div class=\"rl-gallery-container rl-loading\" id=\"rl-gallery-container-1\" data-gallery_id=\"41\"> <div class=\"rl-gallery rl-basicmasonry-gallery \" id=\"rl-gallery-1\" data-gallery_no=\"1\"> <div class=\"rl-gutter-sizer\"><\/div><div class=\"rl-grid-sizer\"><\/div> <div class=\"rl-gallery-item rl-gallery-item-width-4\" > <div class=\"rl-gallery-item-content\"> <a href=\"https:\/\/www.askja-on-tour.ch\/wp-content\/uploads\/2018\/09\/Testreise-Frankreich-003-768x576.jpg\" title=\"Das muss auf ein Selfie\" data-rl_title=\"Das muss auf ein Selfie\" class=\"rl-gallery-link\" data-rl_caption=\"\" data-rel=\"lightbox-gallery-1\"><img loading=\"lazy\" decoding=\"async\" src=\"https:\/\/www.askja-on-tour.ch\/wp-content\/uploads\/2018\/09\/Testreise-Frankreich-003-768x576.jpg\" width=\"750\" height=\"563\" alt=\"\" \/><\/a> <\/div> <\/div> <div class=\"rl-gallery-item\" > <div class=\"rl-gallery-item-content\"> <a href=\"https:\/\/www.askja-on-tour.ch\/wp-content\/uploads\/2018\/09\/Testreise-Frankreich-004-768x576.jpg\" title=\"Was ist wo in der Garage\" data-rl_title=\"Was ist wo in der Garage\" class=\"rl-gallery-link\" data-rl_caption=\"\" data-rel=\"lightbox-gallery-1\"><img loading=\"lazy\" decoding=\"async\" src=\"https:\/\/www.askja-on-tour.ch\/wp-content\/uploads\/2018\/09\/Testreise-Frankreich-004-768x576.jpg\" width=\"750\" height=\"563\" alt=\"\" \/><\/a> <\/div> <\/div> <div class=\"rl-gallery-item\" > <div class=\"rl-gallery-item-content\"> <a href=\"https:\/\/www.askja-on-tour.ch\/wp-content\/uploads\/2018\/09\/Testreise-Frankreich-005-768x576.jpg\" title=\"Es ist ziemlich kalt - also gibt es nur den Apero aussen\" data-rl_title=\"Es ist ziemlich kalt - also gibt es nur den Apero aussen\" class=\"rl-gallery-link\" data-rl_caption=\"\" data-rel=\"lightbox-gallery-1\"><img loading=\"lazy\" decoding=\"async\" src=\"https:\/\/www.askja-on-tour.ch\/wp-content\/uploads\/2018\/09\/Testreise-Frankreich-005-768x576.jpg\" width=\"750\" height=\"563\" alt=\"\" \/><\/a> <\/div> <\/div> <div class=\"rl-gallery-item\" > <div class=\"rl-gallery-item-content\"> <a href=\"https:\/\/www.askja-on-tour.ch\/wp-content\/uploads\/2018\/09\/Testreise-Frankreich-006-768x576.jpg\" title=\"Zum Essen gehen wir nach Innnen\" data-rl_title=\"Zum Essen gehen wir nach Innnen\" class=\"rl-gallery-link\" data-rl_caption=\"\" data-rel=\"lightbox-gallery-1\"><img loading=\"lazy\" decoding=\"async\" src=\"https:\/\/www.askja-on-tour.ch\/wp-content\/uploads\/2018\/09\/Testreise-Frankreich-006-768x576.jpg\" width=\"750\" height=\"563\" alt=\"\" \/><\/a> <\/div> <\/div> <\/div> <\/div>\n<h2><\/h2>\n","protected":false},"excerpt":{"rendered":"<p>Freitag 29. April 2016: Von Kallern nach Les Marches Ende April 2016 haben wir unser Wohnmobil Askja f\u00fcr die erste Testreise von der Firma Maurer abgeholt. Einige Teile des Ausbaus sind noch nicht abgeschlossen und Askja muss noch in der<\/p>\n","protected":false},"author":1,"featured_media":0,"comment_status":"open","ping_status":"closed","sticky":false,"template":"","format":"standard","meta":{"footnotes":""},"categories":[4,6],"tags":[],"class_list":["post-91","post","type-post","status-publish","format-standard","hentry","category-reiseberichte","category-frankreich2016"],"_links":{"self":[{"href":"https:\/\/www.askja-on-tour.ch\/index.php?rest_route=\/wp\/v2\/posts\/91","targetHints":{"allow":["GET"]}}],"collection":[{"href":"https:\/\/www.askja-on-tour.ch\/index.php?rest_route=\/wp\/v2\/posts"}],"about":[{"href":"https:\/\/www.askja-on-tour.ch\/index.php?rest_route=\/wp\/v2\/types\/post"}],"author":[{"embeddable":true,"href":"https:\/\/www.askja-on-tour.ch\/index.php?rest_route=\/wp\/v2\/users\/1"}],"replies":[{"embeddable":true,"href":"https:\/\/www.askja-on-tour.ch\/index.php?rest_route=%2Fwp%2Fv2%2Fcomments&post=91"}],"version-history":[{"count":3,"href":"https:\/\/www.askja-on-tour.ch\/index.php?rest_route=\/wp\/v2\/posts\/91\/revisions"}],"predecessor-version":[{"id":119,"href":"https:\/\/www.askja-on-tour.ch\/index.php?rest_route=\/wp\/v2\/posts\/91\/revisions\/119"}],"wp:attachment":[{"href":"https:\/\/www.askja-on-tour.ch\/index.php?rest_route=%2Fwp%2Fv2%2Fmedia&parent=91"}],"wp:term":[{"taxonomy":"category","embeddable":true,"href":"https:\/\/www.askja-on-tour.ch\/index.php?rest_route=%2Fwp%2Fv2%2Fcategories&post=91"},{"taxonomy":"post_tag","embeddable":true,"href":"https:\/\/www.askja-on-tour.ch\/index.php?rest_route=%2Fwp%2Fv2%2Ftags&post=91"}],"curies":[{"name":"wp","href":"https:\/\/api.w.org\/{rel}","templated":true}]}}