{"id":3381,"date":"2018-12-20T09:19:24","date_gmt":"2018-12-20T09:19:24","guid":{"rendered":"https:\/\/www.askja-on-tour.ch\/?p=3381"},"modified":"2018-12-20T09:21:36","modified_gmt":"2018-12-20T09:21:36","slug":"samstag-8-12-2018-wir-sind-wieder-zu-hause","status":"publish","type":"post","link":"https:\/\/www.askja-on-tour.ch\/?p=3381","title":{"rendered":"Samstag, 8.12.2018: Wir sind wieder zu Hause"},"content":{"rendered":"<p>Nach zwei tollen Monaten unterwegs in unserem WoMo sind wir am 8. Dezember wieder gut und wohlbehalten in Wohlen angekommen. Wir haben beide noch ein kleines Souvenier mitgebracht, das sich als Schnupfen und Husten manifestiert &#8211; aber sonst geht es uns blendend.<\/p>\n<p>Die R\u00fcckreise durch Frankreich haben wir bei sch\u00f6nstem Wetter gemacht. Je weiter wir Richtung Schweiz kamen, umso mehr hatten die B\u00e4ume die Bl\u00e4tter verloren. Es ist Winter!<\/p>\n<p>Wir wurden in unserer Wohnung von zwei tollen K\u00e4rtchen von meinem Mami sowie von Benno und Marianne, Blumen, Bettsocken und Kuchen erwartet. Ein sch\u00f6nes Gef\u00fchl, willkommen zu sein und eine sch\u00f6ne gem\u00fctliche und warme Wohnung zu haben.<\/p>\n<p>Nun freuen wir uns auf Weihnachten und auf die Vorbereitungsarbeiten unserer n\u00e4chsten Reise, die am 10. Mai 2019 mit der Fahrt nach Riga und dem Ziel &#8222;Die Seidenstrasse&#8220; beginnt.<\/p>\n<p>Danke allen, die mit uns gereist sind &#8211; Ihr wart eine tolle Reisebegleitung &#x1f618;.<\/p>\n","protected":false},"excerpt":{"rendered":"<p>Nach zwei tollen Monaten unterwegs in unserem WoMo sind wir am 8. Dezember wieder gut und wohlbehalten in Wohlen angekommen. Wir haben beide noch ein kleines Souvenier mitgebracht, das sich als Schnupfen und Husten manifestiert &#8211; aber sonst geht es<\/p>\n","protected":false},"author":3,"featured_media":0,"comment_status":"open","ping_status":"closed","sticky":false,"template":"","format":"standard","meta":{"footnotes":""},"categories":[4,7],"tags":[],"class_list":["post-3381","post","type-post","status-publish","format-standard","hentry","category-reiseberichte","category-marokko2018"],"_links":{"self":[{"href":"https:\/\/www.askja-on-tour.ch\/index.php?rest_route=\/wp\/v2\/posts\/3381","targetHints":{"allow":["GET"]}}],"collection":[{"href":"https:\/\/www.askja-on-tour.ch\/index.php?rest_route=\/wp\/v2\/posts"}],"about":[{"href":"https:\/\/www.askja-on-tour.ch\/index.php?rest_route=\/wp\/v2\/types\/post"}],"author":[{"embeddable":true,"href":"https:\/\/www.askja-on-tour.ch\/index.php?rest_route=\/wp\/v2\/users\/3"}],"replies":[{"embeddable":true,"href":"https:\/\/www.askja-on-tour.ch\/index.php?rest_route=%2Fwp%2Fv2%2Fcomments&post=3381"}],"version-history":[{"count":5,"href":"https:\/\/www.askja-on-tour.ch\/index.php?rest_route=\/wp\/v2\/posts\/3381\/revisions"}],"predecessor-version":[{"id":3390,"href":"https:\/\/www.askja-on-tour.ch\/index.php?rest_route=\/wp\/v2\/posts\/3381\/revisions\/3390"}],"wp:attachment":[{"href":"https:\/\/www.askja-on-tour.ch\/index.php?rest_route=%2Fwp%2Fv2%2Fmedia&parent=3381"}],"wp:term":[{"taxonomy":"category","embeddable":true,"href":"https:\/\/www.askja-on-tour.ch\/index.php?rest_route=%2Fwp%2Fv2%2Fcategories&post=3381"},{"taxonomy":"post_tag","embeddable":true,"href":"https:\/\/www.askja-on-tour.ch\/index.php?rest_route=%2Fwp%2Fv2%2Ftags&post=3381"}],"curies":[{"name":"wp","href":"https:\/\/api.w.org\/{rel}","templated":true}]}}