{"id":3191,"date":"2018-11-30T20:36:51","date_gmt":"2018-11-30T20:36:51","guid":{"rendered":"https:\/\/www.askja-on-tour.ch\/?p=3191"},"modified":"2018-11-30T20:36:51","modified_gmt":"2018-11-30T20:36:51","slug":"freitag-30-11-2018-tschuess-chefchauen-hallo-moulay-bousselham","status":"publish","type":"post","link":"https:\/\/www.askja-on-tour.ch\/?p=3191","title":{"rendered":"Freitag, 30.11.2018: Tsch\u00fcss Chefchau\u00e8n &#8211; hallo Moulay-Bousselham"},"content":{"rendered":"<p>Irgendwo ist es wie verhext: da beeilen wir uns, um am Morgen rechtzeitig in die G\u00e4nge und auf die Strasse zu kommen und dann klappt es doch nicht so, wie geplant. Heute waren es die Campingplatz-Nachbarn aus Frankreich, die sich f\u00fcr unsere WIFI-Antenne interessierten, die wir jeweils auf unser Dach stellen, wenn es auf dem Platz an einem Ort WIFI gibt (meist an der Rezeption) und wir die Entfernung zu Askja \u00fcberbr\u00fccken wollen. Das Gespr\u00e4ch mit den Nachbarn war aber trotzdem nett &#8211; obwohl sie uns aufgehalten hatten.<\/p>\n<p>Nachdem wir losgefahren sind, zog sich der Himmel zu und schon bald nieselte es. Die heutige Route R410 f\u00fchrte uns \u00fcber das Rif-Gebirge an die Atlantik-K\u00fcste. Eine sehr sch\u00f6ne Strecke, auch wenn es regnete. Wir trafen unterwegs einige Berber-Frauen mit langen St\u00f6cken und ihren rotweissen Arbeitssch\u00fcrzen an, die auf dem Weg zu den Oliven-Hainen waren. Mit den St\u00f6cken schlagen sie auf die \u00c4ste \u00a0um die Oliven zu ernten. Die Fotos sind aus dem Auto gemacht &#8211; hatten aber immer etwas Respekt, ob nicht pl\u00f6tzlich ein langer Stock auf unsere WoMo geschlagen wird, weil sie nicht fotografiert werden wollen.<\/p>\n<p><img loading=\"lazy\" decoding=\"async\" class=\"alignnone size-medium wp-image-3171\" src=\"https:\/\/www.askja-on-tour.ch\/wp-content\/uploads\/2018\/11\/Freitag-3011-003-1024x769.jpg\" alt=\"\" width=\"1024\" height=\"769\" srcset=\"https:\/\/www.askja-on-tour.ch\/wp-content\/uploads\/2018\/11\/Freitag-3011-003-1024x769.jpg 1024w, https:\/\/www.askja-on-tour.ch\/wp-content\/uploads\/2018\/11\/Freitag-3011-003-768x576.jpg 768w, https:\/\/www.askja-on-tour.ch\/wp-content\/uploads\/2018\/11\/Freitag-3011-003.jpg 1600w\" sizes=\"auto, (max-width: 1024px) 100vw, 1024px\" \/> <img loading=\"lazy\" decoding=\"async\" class=\"alignnone size-medium wp-image-3172\" src=\"https:\/\/www.askja-on-tour.ch\/wp-content\/uploads\/2018\/11\/Freitag-3011-004-1024x769.jpg\" alt=\"\" width=\"1024\" height=\"769\" srcset=\"https:\/\/www.askja-on-tour.ch\/wp-content\/uploads\/2018\/11\/Freitag-3011-004-1024x769.jpg 1024w, https:\/\/www.askja-on-tour.ch\/wp-content\/uploads\/2018\/11\/Freitag-3011-004-768x576.jpg 768w, https:\/\/www.askja-on-tour.ch\/wp-content\/uploads\/2018\/11\/Freitag-3011-004.jpg 1600w\" sizes=\"auto, (max-width: 1024px) 100vw, 1024px\" \/> <img loading=\"lazy\" decoding=\"async\" class=\"alignnone size-medium wp-image-3178\" src=\"https:\/\/www.askja-on-tour.ch\/wp-content\/uploads\/2018\/11\/Freitag-3011-010-1024x769.jpg\" alt=\"\" width=\"1024\" height=\"769\" srcset=\"https:\/\/www.askja-on-tour.ch\/wp-content\/uploads\/2018\/11\/Freitag-3011-010-1024x769.jpg 1024w, https:\/\/www.askja-on-tour.ch\/wp-content\/uploads\/2018\/11\/Freitag-3011-010-768x576.jpg 768w, https:\/\/www.askja-on-tour.ch\/wp-content\/uploads\/2018\/11\/Freitag-3011-010.jpg 1600w\" sizes=\"auto, (max-width: 1024px) 100vw, 1024px\" \/><\/p>\n<p>Wir sind immer wieder \u00fcberrascht, wie arbeitssam die Bergbev\u00f6lkerung ist, allen voran wieder die Frauen. Keine B\u00fcrde scheint ihnen zu schwer zu sein.<img loading=\"lazy\" decoding=\"async\" class=\"alignnone size-medium wp-image-3177\" src=\"https:\/\/www.askja-on-tour.ch\/wp-content\/uploads\/2018\/11\/Freitag-3011-009-1024x769.jpg\" alt=\"\" width=\"1024\" height=\"769\" srcset=\"https:\/\/www.askja-on-tour.ch\/wp-content\/uploads\/2018\/11\/Freitag-3011-009-1024x769.jpg 1024w, https:\/\/www.askja-on-tour.ch\/wp-content\/uploads\/2018\/11\/Freitag-3011-009-768x576.jpg 768w, https:\/\/www.askja-on-tour.ch\/wp-content\/uploads\/2018\/11\/Freitag-3011-009.jpg 1600w\" sizes=\"auto, (max-width: 1024px) 100vw, 1024px\" \/><\/p>\n<p><img loading=\"lazy\" decoding=\"async\" class=\"alignnone size-medium wp-image-3179\" src=\"https:\/\/www.askja-on-tour.ch\/wp-content\/uploads\/2018\/11\/Freitag-3011-011-1024x769.jpg\" alt=\"\" width=\"1024\" height=\"769\" srcset=\"https:\/\/www.askja-on-tour.ch\/wp-content\/uploads\/2018\/11\/Freitag-3011-011-1024x769.jpg 1024w, https:\/\/www.askja-on-tour.ch\/wp-content\/uploads\/2018\/11\/Freitag-3011-011-768x576.jpg 768w, https:\/\/www.askja-on-tour.ch\/wp-content\/uploads\/2018\/11\/Freitag-3011-011.jpg 1600w\" sizes=\"auto, (max-width: 1024px) 100vw, 1024px\" \/><\/p>\n<p>Viele Berber-Familien pressen ihr eigenes Oliven\u00f6l aus den gewonnen Fr\u00fcchten. Da gibt es keine Automatisierung sonder pure Handarbeit mit mit den Olivenpressen.<\/p>\n<p><img loading=\"lazy\" decoding=\"async\" class=\"alignnone size-medium wp-image-3176\" src=\"https:\/\/www.askja-on-tour.ch\/wp-content\/uploads\/2018\/11\/Freitag-3011-008-1024x769.jpg\" alt=\"\" width=\"1024\" height=\"769\" srcset=\"https:\/\/www.askja-on-tour.ch\/wp-content\/uploads\/2018\/11\/Freitag-3011-008-1024x769.jpg 1024w, https:\/\/www.askja-on-tour.ch\/wp-content\/uploads\/2018\/11\/Freitag-3011-008-768x576.jpg 768w, https:\/\/www.askja-on-tour.ch\/wp-content\/uploads\/2018\/11\/Freitag-3011-008.jpg 1600w\" sizes=\"auto, (max-width: 1024px) 100vw, 1024px\" \/><\/p>\n<p>Je h\u00f6her wir kamen, desto st\u00e4rker ver\u00e4nderte sich die Vegetation. Wir kamen immer mehr in einen Nadelbaumwald, der mit ganz skurrilen Bauformationen aufwartete.<\/p>\n<p><img loading=\"lazy\" decoding=\"async\" class=\"alignnone size-medium wp-image-3175\" src=\"https:\/\/www.askja-on-tour.ch\/wp-content\/uploads\/2018\/11\/Freitag-3011-007-1024x769.jpg\" alt=\"\" width=\"1024\" height=\"769\" srcset=\"https:\/\/www.askja-on-tour.ch\/wp-content\/uploads\/2018\/11\/Freitag-3011-007-1024x769.jpg 1024w, https:\/\/www.askja-on-tour.ch\/wp-content\/uploads\/2018\/11\/Freitag-3011-007-768x576.jpg 768w, https:\/\/www.askja-on-tour.ch\/wp-content\/uploads\/2018\/11\/Freitag-3011-007.jpg 1600w\" sizes=\"auto, (max-width: 1024px) 100vw, 1024px\" \/> <img loading=\"lazy\" decoding=\"async\" class=\"alignnone size-medium wp-image-3174\" src=\"https:\/\/www.askja-on-tour.ch\/wp-content\/uploads\/2018\/11\/Freitag-3011-006-1024x769.jpg\" alt=\"\" width=\"1024\" height=\"769\" srcset=\"https:\/\/www.askja-on-tour.ch\/wp-content\/uploads\/2018\/11\/Freitag-3011-006-1024x769.jpg 1024w, https:\/\/www.askja-on-tour.ch\/wp-content\/uploads\/2018\/11\/Freitag-3011-006-768x576.jpg 768w, https:\/\/www.askja-on-tour.ch\/wp-content\/uploads\/2018\/11\/Freitag-3011-006.jpg 1600w\" sizes=\"auto, (max-width: 1024px) 100vw, 1024px\" \/> <img loading=\"lazy\" decoding=\"async\" class=\"alignnone size-medium wp-image-3173\" src=\"https:\/\/www.askja-on-tour.ch\/wp-content\/uploads\/2018\/11\/Freitag-3011-005-1024x769.jpg\" alt=\"\" width=\"1024\" height=\"769\" srcset=\"https:\/\/www.askja-on-tour.ch\/wp-content\/uploads\/2018\/11\/Freitag-3011-005-1024x769.jpg 1024w, https:\/\/www.askja-on-tour.ch\/wp-content\/uploads\/2018\/11\/Freitag-3011-005-768x576.jpg 768w, https:\/\/www.askja-on-tour.ch\/wp-content\/uploads\/2018\/11\/Freitag-3011-005.jpg 1600w\" sizes=\"auto, (max-width: 1024px) 100vw, 1024px\" \/><\/p>\n<p>Der st\u00e4ndige Begleiter von Schaf- und Kuherden ist der weisse Kuhreiher, der einzeln oder in gr\u00f6sseren Schw\u00e4rmen auftritt und immer ein gutes Bild abgibt.<\/p>\n<p><img loading=\"lazy\" decoding=\"async\" class=\"alignnone size-medium wp-image-3185\" src=\"https:\/\/www.askja-on-tour.ch\/wp-content\/uploads\/2018\/11\/Freitag-3011-017-1024x769.jpg\" alt=\"\" width=\"1024\" height=\"769\" srcset=\"https:\/\/www.askja-on-tour.ch\/wp-content\/uploads\/2018\/11\/Freitag-3011-017-1024x769.jpg 1024w, https:\/\/www.askja-on-tour.ch\/wp-content\/uploads\/2018\/11\/Freitag-3011-017-768x576.jpg 768w, https:\/\/www.askja-on-tour.ch\/wp-content\/uploads\/2018\/11\/Freitag-3011-017.jpg 1600w\" sizes=\"auto, (max-width: 1024px) 100vw, 1024px\" \/><\/p>\n<p><img loading=\"lazy\" decoding=\"async\" class=\"alignnone size-medium wp-image-3184\" src=\"https:\/\/www.askja-on-tour.ch\/wp-content\/uploads\/2018\/11\/Freitag-3011-016-1024x769.jpg\" alt=\"\" width=\"1024\" height=\"769\" srcset=\"https:\/\/www.askja-on-tour.ch\/wp-content\/uploads\/2018\/11\/Freitag-3011-016-1024x769.jpg 1024w, https:\/\/www.askja-on-tour.ch\/wp-content\/uploads\/2018\/11\/Freitag-3011-016-768x576.jpg 768w, https:\/\/www.askja-on-tour.ch\/wp-content\/uploads\/2018\/11\/Freitag-3011-016.jpg 1600w\" sizes=\"auto, (max-width: 1024px) 100vw, 1024px\" \/><\/p>\n<p>Auf der Runterfahrt vom Rif-Gebirge haben unz\u00e4hlige Bienenk\u00f6rbe die H\u00e4nge ges\u00e4umt, obschon wir nicht viele Bl\u00fcten entdecken konnten. Und trotzdem muss es wohl gen\u00fcgend Nahrung haben, sonst w\u00fcrden die Imker kaum so viele Bienenk\u00f6rbe aufstellen.<\/p>\n<p><img loading=\"lazy\" decoding=\"async\" class=\"alignnone size-medium wp-image-3183\" src=\"https:\/\/www.askja-on-tour.ch\/wp-content\/uploads\/2018\/11\/Freitag-3011-015-1024x769.jpg\" alt=\"\" width=\"1024\" height=\"769\" srcset=\"https:\/\/www.askja-on-tour.ch\/wp-content\/uploads\/2018\/11\/Freitag-3011-015-1024x769.jpg 1024w, https:\/\/www.askja-on-tour.ch\/wp-content\/uploads\/2018\/11\/Freitag-3011-015-768x576.jpg 768w, https:\/\/www.askja-on-tour.ch\/wp-content\/uploads\/2018\/11\/Freitag-3011-015.jpg 1600w\" sizes=\"auto, (max-width: 1024px) 100vw, 1024px\" \/> <img loading=\"lazy\" decoding=\"async\" class=\"alignnone size-medium wp-image-3182\" src=\"https:\/\/www.askja-on-tour.ch\/wp-content\/uploads\/2018\/11\/Freitag-3011-014-1024x769.jpg\" alt=\"\" width=\"1024\" height=\"769\" srcset=\"https:\/\/www.askja-on-tour.ch\/wp-content\/uploads\/2018\/11\/Freitag-3011-014-1024x769.jpg 1024w, https:\/\/www.askja-on-tour.ch\/wp-content\/uploads\/2018\/11\/Freitag-3011-014-768x576.jpg 768w, https:\/\/www.askja-on-tour.ch\/wp-content\/uploads\/2018\/11\/Freitag-3011-014.jpg 1600w\" sizes=\"auto, (max-width: 1024px) 100vw, 1024px\" \/><\/p>\n<p>An einem Hang sahen wir eine Familie von Hand und mit Maultieren Arbeiten. Da ist es so steil, da w\u00fcrden wohl unsere H\u00fchner noch Steigeisen tragen. Aber hier an diesem H\u00e4ngen arbeiten die M\u00e4nner mit Maultieren, um den Acker zu pfl\u00fcgen und die Frauen ernten die Oliven.<\/p>\n<p><img loading=\"lazy\" decoding=\"async\" class=\"alignnone size-medium wp-image-3181\" src=\"https:\/\/www.askja-on-tour.ch\/wp-content\/uploads\/2018\/11\/Freitag-3011-013-1024x769.jpg\" alt=\"\" width=\"1024\" height=\"769\" srcset=\"https:\/\/www.askja-on-tour.ch\/wp-content\/uploads\/2018\/11\/Freitag-3011-013-1024x769.jpg 1024w, https:\/\/www.askja-on-tour.ch\/wp-content\/uploads\/2018\/11\/Freitag-3011-013-768x576.jpg 768w, https:\/\/www.askja-on-tour.ch\/wp-content\/uploads\/2018\/11\/Freitag-3011-013.jpg 1600w\" sizes=\"auto, (max-width: 1024px) 100vw, 1024px\" \/><\/p>\n<p>Hoppla &#8211; dieser R4 hat die Kurve nicht mehr gekriegt &#8211; oder wurde er elegant entsorgt. Egal &#8211; er sieht doch malerisch aus.<\/p>\n<p><img loading=\"lazy\" decoding=\"async\" class=\"alignnone size-medium wp-image-3180\" src=\"https:\/\/www.askja-on-tour.ch\/wp-content\/uploads\/2018\/11\/Freitag-3011-012-1024x769.jpg\" alt=\"\" width=\"1024\" height=\"769\" srcset=\"https:\/\/www.askja-on-tour.ch\/wp-content\/uploads\/2018\/11\/Freitag-3011-012-1024x769.jpg 1024w, https:\/\/www.askja-on-tour.ch\/wp-content\/uploads\/2018\/11\/Freitag-3011-012-768x576.jpg 768w, https:\/\/www.askja-on-tour.ch\/wp-content\/uploads\/2018\/11\/Freitag-3011-012.jpg 1600w\" sizes=\"auto, (max-width: 1024px) 100vw, 1024px\" \/><\/p>\n<p>Gegen 17.00 Uhr kamen wir in \u00a0Moulay-Bousselham, es regnete zwar nicht mehr, aber der Platz war doch ziemlich matschig und die M\u00fccken haben uns fast gefressen. Entsprechend machte sich bei uns Hochstimmung breit. Wir haben dann auch noch festgestellt, dass keine der f\u00fcnf Steckdosen in unserer N\u00e4he Strom hatten. Erst hatten uns zwei Franzosen geholfen, Strom zu finden &#8211; aber auch nicht erfolgreich. So haben wir uns \u00fcberlegt, morgen wieder weiterzufahren, obschon wir zwei N\u00e4chte bleiben wollten.<\/p>\n<p>Wir entschieden uns dann, ehe wir uns ganz verr\u00fcckt machen liessen, an den Hafen, der direkt vom dem Camping-Platz &#8222;Atlantis Date &#8220; liegt, zu gehen. Dort trafen wir Hassan, den wir auf Anhieb sympathisch fanden. Er bietet mit seinem Fischerboot Touren zu den Wasserv\u00f6geln in der Lagune an. Wenn es morgen nicht regnet, werden wir dies machen. Und so wie es aussieht, wird uns morgen die Sonne anstrahlen.<\/p>\n<p>Nachdem wir am Hafen waren, besserte sich unsere Stimmung wieder. Wir packten den Stabmixer als &#8222;Strom-Testger\u00e4t&#8220; und sind nochmals los auf Stromsuche, die letztendlich von Erfolg gekr\u00f6nt war. Und der Platz ist ja wirklich wunderbar gelegen &#8211; es w\u00e4re schade, wenn wir morgen bereits Richtung Tanger weiterfahren w\u00fcrden.<\/p>\n<p><img loading=\"lazy\" decoding=\"async\" class=\"alignnone size-medium wp-image-3190\" src=\"https:\/\/www.askja-on-tour.ch\/wp-content\/uploads\/2018\/11\/Freitag-3011-022-1024x769.jpg\" alt=\"\" width=\"1024\" height=\"769\" srcset=\"https:\/\/www.askja-on-tour.ch\/wp-content\/uploads\/2018\/11\/Freitag-3011-022-1024x769.jpg 1024w, https:\/\/www.askja-on-tour.ch\/wp-content\/uploads\/2018\/11\/Freitag-3011-022-768x576.jpg 768w, https:\/\/www.askja-on-tour.ch\/wp-content\/uploads\/2018\/11\/Freitag-3011-022.jpg 1600w\" sizes=\"auto, (max-width: 1024px) 100vw, 1024px\" \/><\/p>\n<p><img loading=\"lazy\" decoding=\"async\" class=\"alignnone size-medium wp-image-3188\" src=\"https:\/\/www.askja-on-tour.ch\/wp-content\/uploads\/2018\/11\/Freitag-3011-020-1024x769.jpg\" alt=\"\" width=\"1024\" height=\"769\" srcset=\"https:\/\/www.askja-on-tour.ch\/wp-content\/uploads\/2018\/11\/Freitag-3011-020-1024x769.jpg 1024w, https:\/\/www.askja-on-tour.ch\/wp-content\/uploads\/2018\/11\/Freitag-3011-020-768x576.jpg 768w, https:\/\/www.askja-on-tour.ch\/wp-content\/uploads\/2018\/11\/Freitag-3011-020.jpg 1600w\" sizes=\"auto, (max-width: 1024px) 100vw, 1024px\" \/><img loading=\"lazy\" decoding=\"async\" class=\"alignnone size-medium wp-image-3189\" src=\"https:\/\/www.askja-on-tour.ch\/wp-content\/uploads\/2018\/11\/Freitag-3011-021-1024x769.jpg\" alt=\"\" width=\"1024\" height=\"769\" srcset=\"https:\/\/www.askja-on-tour.ch\/wp-content\/uploads\/2018\/11\/Freitag-3011-021-1024x769.jpg 1024w, https:\/\/www.askja-on-tour.ch\/wp-content\/uploads\/2018\/11\/Freitag-3011-021-768x576.jpg 768w, https:\/\/www.askja-on-tour.ch\/wp-content\/uploads\/2018\/11\/Freitag-3011-021.jpg 1600w\" sizes=\"auto, (max-width: 1024px) 100vw, 1024px\" \/>\u00a0\u00a0<img loading=\"lazy\" decoding=\"async\" class=\"alignnone size-medium wp-image-3187\" src=\"https:\/\/www.askja-on-tour.ch\/wp-content\/uploads\/2018\/11\/Freitag-3011-019-1024x769.jpg\" alt=\"\" width=\"1024\" height=\"769\" srcset=\"https:\/\/www.askja-on-tour.ch\/wp-content\/uploads\/2018\/11\/Freitag-3011-019-1024x769.jpg 1024w, https:\/\/www.askja-on-tour.ch\/wp-content\/uploads\/2018\/11\/Freitag-3011-019-768x576.jpg 768w, https:\/\/www.askja-on-tour.ch\/wp-content\/uploads\/2018\/11\/Freitag-3011-019.jpg 1600w\" sizes=\"auto, (max-width: 1024px) 100vw, 1024px\" \/> <img loading=\"lazy\" decoding=\"async\" class=\"alignnone size-medium wp-image-3186\" src=\"https:\/\/www.askja-on-tour.ch\/wp-content\/uploads\/2018\/11\/Freitag-3011-018-1024x769.jpg\" alt=\"\" width=\"1024\" height=\"769\" srcset=\"https:\/\/www.askja-on-tour.ch\/wp-content\/uploads\/2018\/11\/Freitag-3011-018-1024x769.jpg 1024w, https:\/\/www.askja-on-tour.ch\/wp-content\/uploads\/2018\/11\/Freitag-3011-018-768x576.jpg 768w, https:\/\/www.askja-on-tour.ch\/wp-content\/uploads\/2018\/11\/Freitag-3011-018.jpg 1600w\" sizes=\"auto, (max-width: 1024px) 100vw, 1024px\" \/><\/p>\n","protected":false},"excerpt":{"rendered":"<p>Irgendwo ist es wie verhext: da beeilen wir uns, um am Morgen rechtzeitig in die G\u00e4nge und auf die Strasse zu kommen und dann klappt es doch nicht so, wie geplant. Heute waren es die Campingplatz-Nachbarn aus Frankreich, die sich<\/p>\n","protected":false},"author":3,"featured_media":0,"comment_status":"open","ping_status":"closed","sticky":false,"template":"","format":"standard","meta":{"footnotes":""},"categories":[4,7],"tags":[],"class_list":["post-3191","post","type-post","status-publish","format-standard","hentry","category-reiseberichte","category-marokko2018"],"_links":{"self":[{"href":"https:\/\/www.askja-on-tour.ch\/index.php?rest_route=\/wp\/v2\/posts\/3191","targetHints":{"allow":["GET"]}}],"collection":[{"href":"https:\/\/www.askja-on-tour.ch\/index.php?rest_route=\/wp\/v2\/posts"}],"about":[{"href":"https:\/\/www.askja-on-tour.ch\/index.php?rest_route=\/wp\/v2\/types\/post"}],"author":[{"embeddable":true,"href":"https:\/\/www.askja-on-tour.ch\/index.php?rest_route=\/wp\/v2\/users\/3"}],"replies":[{"embeddable":true,"href":"https:\/\/www.askja-on-tour.ch\/index.php?rest_route=%2Fwp%2Fv2%2Fcomments&post=3191"}],"version-history":[{"count":6,"href":"https:\/\/www.askja-on-tour.ch\/index.php?rest_route=\/wp\/v2\/posts\/3191\/revisions"}],"predecessor-version":[{"id":3197,"href":"https:\/\/www.askja-on-tour.ch\/index.php?rest_route=\/wp\/v2\/posts\/3191\/revisions\/3197"}],"wp:attachment":[{"href":"https:\/\/www.askja-on-tour.ch\/index.php?rest_route=%2Fwp%2Fv2%2Fmedia&parent=3191"}],"wp:term":[{"taxonomy":"category","embeddable":true,"href":"https:\/\/www.askja-on-tour.ch\/index.php?rest_route=%2Fwp%2Fv2%2Fcategories&post=3191"},{"taxonomy":"post_tag","embeddable":true,"href":"https:\/\/www.askja-on-tour.ch\/index.php?rest_route=%2Fwp%2Fv2%2Ftags&post=3191"}],"curies":[{"name":"wp","href":"https:\/\/api.w.org\/{rel}","templated":true}]}}