{"id":31526,"date":"2026-08-27T00:38:49","date_gmt":"2026-08-27T00:38:49","guid":{"rendered":"https:\/\/www.askja-on-tour.ch\/?p=31526"},"modified":"2026-08-27T13:05:40","modified_gmt":"2026-08-27T13:05:40","slug":"17-08-22-08-2022-am-und-auf-dem-amazonas-von-santarem-nach-macapa-nach-franzoesisch-guayana","status":"publish","type":"post","link":"https:\/\/www.askja-on-tour.ch\/?p=31526","title":{"rendered":"17.08. \u2013 22.08.2022: Am und auf dem Amazonas von Santar\u00e9m nach Macap\u00e1 nach Franz\u00f6sisch Guayana"},"content":{"rendered":"\n<p class=\"wp-block-paragraph\"><a href=\"https:\/\/www.google.com\/maps\/d\/edit?mid=1-tuFCJlkTMeRn6u9xGauobBo1c42axk&amp;usp=sharing\" data-type=\"link\" data-id=\"https:\/\/www.google.com\/maps\/d\/edit?mid=1-tuFCJlkTMeRn6u9xGauobBo1c42axk&amp;usp=sharing\" target=\"_blank\" rel=\"noopener\">Karte mit unserer aktuellen Route<\/a><\/p>\n\n\n\n<p>Unsere F\u00e4hre von Santar\u00e9m nach Macap\u00e1 legte am Dienstag, 18.08. ab \u2013 wir wurden f\u00fcr 09.00 Uhr an den Hafen von Santar\u00e9m bestellt, planm\u00e4ssiges Ablegen der F\u00e4hre war f\u00fcr 18.00 Uhr geplant. Wir entschieden uns, den Tag in der \u201eKaribik vom Amazonas\u201c, in Alter do Ch\u00e3o, zu verbringen. Am Platz der Touristeninformation (die im Moment umgebaut wird \u2013 so wurde uns gesagt), fanden wir einen guten Stellplatz inmitten von weiteren Reisenden aus Brasilien.<\/p>\n\n\n\n<figure id=\"attachment_31664\" aria-describedby=\"caption-attachment-31664\" style=\"width: 1024px\" class=\"wp-caption alignnone\"><img loading=\"lazy\" decoding=\"async\" class=\"size-medium wp-image-31664\" src=\"https:\/\/www.askja-on-tour.ch\/wp-content\/uploads\/2026\/08\/Santarem_France-002-1024x768.jpg\" alt=\"\" width=\"1024\" height=\"768\" srcset=\"https:\/\/www.askja-on-tour.ch\/wp-content\/uploads\/2026\/08\/Santarem_France-002-1024x768.jpg 1024w, https:\/\/www.askja-on-tour.ch\/wp-content\/uploads\/2026\/08\/Santarem_France-002-1600x1200.jpg 1600w, https:\/\/www.askja-on-tour.ch\/wp-content\/uploads\/2026\/08\/Santarem_France-002-768x576.jpg 768w, https:\/\/www.askja-on-tour.ch\/wp-content\/uploads\/2026\/08\/Santarem_France-002-1536x1152.jpg 1536w, https:\/\/www.askja-on-tour.ch\/wp-content\/uploads\/2026\/08\/Santarem_France-002.jpg 2048w\" sizes=\"auto, (max-width: 1024px) 100vw, 1024px\" \/><figcaption id=\"caption-attachment-31664\" class=\"wp-caption-text\">Platz an der Touristeninformation in Alter do Ch\u00e3o<\/figcaption><\/figure>\n<figure id=\"attachment_31551\" aria-describedby=\"caption-attachment-31551\" style=\"width: 1024px\" class=\"wp-caption alignnone\"><img loading=\"lazy\" decoding=\"async\" class=\"size-medium wp-image-31551\" src=\"https:\/\/www.askja-on-tour.ch\/wp-content\/uploads\/2026\/08\/Santarem_France-024-1024x768.jpg\" alt=\"\" width=\"1024\" height=\"768\" srcset=\"https:\/\/www.askja-on-tour.ch\/wp-content\/uploads\/2026\/08\/Santarem_France-024-1024x768.jpg 1024w, https:\/\/www.askja-on-tour.ch\/wp-content\/uploads\/2026\/08\/Santarem_France-024-1600x1200.jpg 1600w, https:\/\/www.askja-on-tour.ch\/wp-content\/uploads\/2026\/08\/Santarem_France-024-768x576.jpg 768w, https:\/\/www.askja-on-tour.ch\/wp-content\/uploads\/2026\/08\/Santarem_France-024-1536x1152.jpg 1536w, https:\/\/www.askja-on-tour.ch\/wp-content\/uploads\/2026\/08\/Santarem_France-024.jpg 2048w\" sizes=\"auto, (max-width: 1024px) 100vw, 1024px\" \/><figcaption id=\"caption-attachment-31551\" class=\"wp-caption-text\">Teil der Touristeninformation in Alter do Ch\u00e3o<\/figcaption><\/figure>\n<figure id=\"attachment_31552\" aria-describedby=\"caption-attachment-31552\" style=\"width: 1024px\" class=\"wp-caption alignnone\"><img loading=\"lazy\" decoding=\"async\" class=\"size-medium wp-image-31552\" src=\"https:\/\/www.askja-on-tour.ch\/wp-content\/uploads\/2026\/08\/Santarem_France-025-1024x768.jpg\" alt=\"\" width=\"1024\" height=\"768\" srcset=\"https:\/\/www.askja-on-tour.ch\/wp-content\/uploads\/2026\/08\/Santarem_France-025-1024x768.jpg 1024w, https:\/\/www.askja-on-tour.ch\/wp-content\/uploads\/2026\/08\/Santarem_France-025-1600x1200.jpg 1600w, https:\/\/www.askja-on-tour.ch\/wp-content\/uploads\/2026\/08\/Santarem_France-025-768x576.jpg 768w, https:\/\/www.askja-on-tour.ch\/wp-content\/uploads\/2026\/08\/Santarem_France-025-1536x1152.jpg 1536w, https:\/\/www.askja-on-tour.ch\/wp-content\/uploads\/2026\/08\/Santarem_France-025.jpg 2048w\" sizes=\"auto, (max-width: 1024px) 100vw, 1024px\" \/><figcaption id=\"caption-attachment-31552\" class=\"wp-caption-text\">&#8230; und Norbert ist auch auf dem Boot erw\u00e4hnt<\/figcaption><\/figure>\n\n\n\n<p class=\"wp-block-paragraph\">Nach einer kurzen Besichtigung des kleinen Ortes am Amazonas inkl. der Kirche mit Klimaanlage aber ohne Orgel, sind wir an den Strand und haben uns mit den F\u00fcssen im Amazonas badend ein k\u00fchles Bier geg\u00f6nnt. Das Abendessen in einem Restaurant, nahe unserem Stellplatz war k\u00f6stlich.<\/p>\n\n\n\n<figure id=\"attachment_31531\" aria-describedby=\"caption-attachment-31531\" style=\"width: 1024px\" class=\"wp-caption alignnone\"><img loading=\"lazy\" decoding=\"async\" class=\"size-medium wp-image-31531\" src=\"https:\/\/www.askja-on-tour.ch\/wp-content\/uploads\/2026\/08\/Santarem_France-004-1024x768.jpg\" alt=\"\" width=\"1024\" height=\"768\" srcset=\"https:\/\/www.askja-on-tour.ch\/wp-content\/uploads\/2026\/08\/Santarem_France-004-1024x768.jpg 1024w, https:\/\/www.askja-on-tour.ch\/wp-content\/uploads\/2026\/08\/Santarem_France-004-1600x1200.jpg 1600w, https:\/\/www.askja-on-tour.ch\/wp-content\/uploads\/2026\/08\/Santarem_France-004-768x576.jpg 768w, https:\/\/www.askja-on-tour.ch\/wp-content\/uploads\/2026\/08\/Santarem_France-004-1536x1152.jpg 1536w, https:\/\/www.askja-on-tour.ch\/wp-content\/uploads\/2026\/08\/Santarem_France-004.jpg 2048w\" sizes=\"auto, (max-width: 1024px) 100vw, 1024px\" \/><figcaption id=\"caption-attachment-31531\" class=\"wp-caption-text\">Abk\u00fchlung im Amazonas<\/figcaption><\/figure>\n<figure id=\"attachment_31532\" aria-describedby=\"caption-attachment-31532\" style=\"width: 1024px\" class=\"wp-caption alignnone\"><img loading=\"lazy\" decoding=\"async\" class=\"size-medium wp-image-31532\" src=\"https:\/\/www.askja-on-tour.ch\/wp-content\/uploads\/2026\/08\/Santarem_France-005-1024x768.jpg\" alt=\"\" width=\"1024\" height=\"768\" srcset=\"https:\/\/www.askja-on-tour.ch\/wp-content\/uploads\/2026\/08\/Santarem_France-005-1024x768.jpg 1024w, https:\/\/www.askja-on-tour.ch\/wp-content\/uploads\/2026\/08\/Santarem_France-005-1600x1200.jpg 1600w, https:\/\/www.askja-on-tour.ch\/wp-content\/uploads\/2026\/08\/Santarem_France-005-768x576.jpg 768w, https:\/\/www.askja-on-tour.ch\/wp-content\/uploads\/2026\/08\/Santarem_France-005-1536x1152.jpg 1536w, https:\/\/www.askja-on-tour.ch\/wp-content\/uploads\/2026\/08\/Santarem_France-005.jpg 2048w\" sizes=\"auto, (max-width: 1024px) 100vw, 1024px\" \/><figcaption id=\"caption-attachment-31532\" class=\"wp-caption-text\">Am Strand in der \u201eKaribik vom Amazonas\u201c, in Alter do Ch\u00e3o<\/figcaption><\/figure>\n<p><img loading=\"lazy\" decoding=\"async\" class=\"alignnone size-medium wp-image-31533\" src=\"https:\/\/www.askja-on-tour.ch\/wp-content\/uploads\/2026\/08\/Santarem_France-006-1024x768.jpg\" alt=\"\" width=\"1024\" height=\"768\" srcset=\"https:\/\/www.askja-on-tour.ch\/wp-content\/uploads\/2026\/08\/Santarem_France-006-1024x768.jpg 1024w, https:\/\/www.askja-on-tour.ch\/wp-content\/uploads\/2026\/08\/Santarem_France-006-1600x1200.jpg 1600w, https:\/\/www.askja-on-tour.ch\/wp-content\/uploads\/2026\/08\/Santarem_France-006-768x576.jpg 768w, https:\/\/www.askja-on-tour.ch\/wp-content\/uploads\/2026\/08\/Santarem_France-006-1536x1152.jpg 1536w, https:\/\/www.askja-on-tour.ch\/wp-content\/uploads\/2026\/08\/Santarem_France-006.jpg 2048w\" sizes=\"auto, (max-width: 1024px) 100vw, 1024px\" \/> <img loading=\"lazy\" decoding=\"async\" class=\"alignnone size-medium wp-image-31534\" src=\"https:\/\/www.askja-on-tour.ch\/wp-content\/uploads\/2026\/08\/Santarem_France-007-1024x768.jpg\" alt=\"\" width=\"1024\" height=\"768\" srcset=\"https:\/\/www.askja-on-tour.ch\/wp-content\/uploads\/2026\/08\/Santarem_France-007-1024x768.jpg 1024w, https:\/\/www.askja-on-tour.ch\/wp-content\/uploads\/2026\/08\/Santarem_France-007-1600x1200.jpg 1600w, https:\/\/www.askja-on-tour.ch\/wp-content\/uploads\/2026\/08\/Santarem_France-007-768x576.jpg 768w, https:\/\/www.askja-on-tour.ch\/wp-content\/uploads\/2026\/08\/Santarem_France-007-1536x1152.jpg 1536w, https:\/\/www.askja-on-tour.ch\/wp-content\/uploads\/2026\/08\/Santarem_France-007.jpg 2048w\" sizes=\"auto, (max-width: 1024px) 100vw, 1024px\" \/> <img loading=\"lazy\" decoding=\"async\" class=\"alignnone size-medium wp-image-31535\" src=\"https:\/\/www.askja-on-tour.ch\/wp-content\/uploads\/2026\/08\/Santarem_France-008-1024x768.jpg\" alt=\"\" width=\"1024\" height=\"768\" srcset=\"https:\/\/www.askja-on-tour.ch\/wp-content\/uploads\/2026\/08\/Santarem_France-008-1024x768.jpg 1024w, https:\/\/www.askja-on-tour.ch\/wp-content\/uploads\/2026\/08\/Santarem_France-008-1600x1200.jpg 1600w, https:\/\/www.askja-on-tour.ch\/wp-content\/uploads\/2026\/08\/Santarem_France-008-768x576.jpg 768w, https:\/\/www.askja-on-tour.ch\/wp-content\/uploads\/2026\/08\/Santarem_France-008-1536x1152.jpg 1536w, https:\/\/www.askja-on-tour.ch\/wp-content\/uploads\/2026\/08\/Santarem_France-008.jpg 2048w\" sizes=\"auto, (max-width: 1024px) 100vw, 1024px\" \/><\/p>\n<figure id=\"attachment_31530\" aria-describedby=\"caption-attachment-31530\" style=\"width: 768px\" class=\"wp-caption alignnone\"><img loading=\"lazy\" decoding=\"async\" class=\"size-medium wp-image-31530\" src=\"https:\/\/www.askja-on-tour.ch\/wp-content\/uploads\/2026\/08\/Santarem_France-001-768x1024.jpg\" alt=\"\" width=\"768\" height=\"1024\" srcset=\"https:\/\/www.askja-on-tour.ch\/wp-content\/uploads\/2026\/08\/Santarem_France-001-768x1024.jpg 768w, https:\/\/www.askja-on-tour.ch\/wp-content\/uploads\/2026\/08\/Santarem_France-001-1200x1600.jpg 1200w, https:\/\/www.askja-on-tour.ch\/wp-content\/uploads\/2026\/08\/Santarem_France-001-1152x1536.jpg 1152w, https:\/\/www.askja-on-tour.ch\/wp-content\/uploads\/2026\/08\/Santarem_France-001.jpg 1536w\" sizes=\"auto, (max-width: 768px) 100vw, 768px\" \/><figcaption id=\"caption-attachment-31530\" class=\"wp-caption-text\">Sternfrucht<\/figcaption><\/figure>\n<figure id=\"attachment_31536\" aria-describedby=\"caption-attachment-31536\" style=\"width: 1024px\" class=\"wp-caption alignnone\"><img loading=\"lazy\" decoding=\"async\" class=\"size-medium wp-image-31536\" src=\"https:\/\/www.askja-on-tour.ch\/wp-content\/uploads\/2026\/08\/Santarem_France-009-1024x768.jpg\" alt=\"\" width=\"1024\" height=\"768\" srcset=\"https:\/\/www.askja-on-tour.ch\/wp-content\/uploads\/2026\/08\/Santarem_France-009-1024x768.jpg 1024w, https:\/\/www.askja-on-tour.ch\/wp-content\/uploads\/2026\/08\/Santarem_France-009-1600x1200.jpg 1600w, https:\/\/www.askja-on-tour.ch\/wp-content\/uploads\/2026\/08\/Santarem_France-009-768x576.jpg 768w, https:\/\/www.askja-on-tour.ch\/wp-content\/uploads\/2026\/08\/Santarem_France-009-1536x1152.jpg 1536w, https:\/\/www.askja-on-tour.ch\/wp-content\/uploads\/2026\/08\/Santarem_France-009.jpg 2048w\" sizes=\"auto, (max-width: 1024px) 100vw, 1024px\" \/><figcaption id=\"caption-attachment-31536\" class=\"wp-caption-text\">Zwei Delphine, der T\u00fcmmler in grau und der S\u00fcsswasserdelphin des Amazonas in Rosa<\/figcaption><\/figure>\n<figure id=\"attachment_31537\" aria-describedby=\"caption-attachment-31537\" style=\"width: 1024px\" class=\"wp-caption alignnone\"><img loading=\"lazy\" decoding=\"async\" class=\"size-medium wp-image-31537\" src=\"https:\/\/www.askja-on-tour.ch\/wp-content\/uploads\/2026\/08\/Santarem_France-010-1024x768.jpg\" alt=\"\" width=\"1024\" height=\"768\" srcset=\"https:\/\/www.askja-on-tour.ch\/wp-content\/uploads\/2026\/08\/Santarem_France-010-1024x768.jpg 1024w, https:\/\/www.askja-on-tour.ch\/wp-content\/uploads\/2026\/08\/Santarem_France-010-1600x1200.jpg 1600w, https:\/\/www.askja-on-tour.ch\/wp-content\/uploads\/2026\/08\/Santarem_France-010-768x576.jpg 768w, https:\/\/www.askja-on-tour.ch\/wp-content\/uploads\/2026\/08\/Santarem_France-010-1536x1152.jpg 1536w, https:\/\/www.askja-on-tour.ch\/wp-content\/uploads\/2026\/08\/Santarem_France-010.jpg 2048w\" sizes=\"auto, (max-width: 1024px) 100vw, 1024px\" \/><figcaption id=\"caption-attachment-31537\" class=\"wp-caption-text\">Kleine Insel vor Alter do Ch\u00e3o<\/figcaption><\/figure>\n<figure id=\"attachment_31538\" aria-describedby=\"caption-attachment-31538\" style=\"width: 1024px\" class=\"wp-caption alignnone\"><img loading=\"lazy\" decoding=\"async\" class=\"size-medium wp-image-31538\" src=\"https:\/\/www.askja-on-tour.ch\/wp-content\/uploads\/2026\/08\/Santarem_France-011-1024x768.jpg\" alt=\"\" width=\"1024\" height=\"768\" srcset=\"https:\/\/www.askja-on-tour.ch\/wp-content\/uploads\/2026\/08\/Santarem_France-011-1024x768.jpg 1024w, https:\/\/www.askja-on-tour.ch\/wp-content\/uploads\/2026\/08\/Santarem_France-011-1600x1200.jpg 1600w, https:\/\/www.askja-on-tour.ch\/wp-content\/uploads\/2026\/08\/Santarem_France-011-768x576.jpg 768w, https:\/\/www.askja-on-tour.ch\/wp-content\/uploads\/2026\/08\/Santarem_France-011-1536x1152.jpg 1536w, https:\/\/www.askja-on-tour.ch\/wp-content\/uploads\/2026\/08\/Santarem_France-011.jpg 2048w\" sizes=\"auto, (max-width: 1024px) 100vw, 1024px\" \/><figcaption id=\"caption-attachment-31538\" class=\"wp-caption-text\">Auch der kleine Hund erh\u00e4lt eine Abk\u00fchlung<\/figcaption><\/figure>\n<p><img loading=\"lazy\" decoding=\"async\" class=\"alignnone size-medium wp-image-31539\" src=\"https:\/\/www.askja-on-tour.ch\/wp-content\/uploads\/2026\/08\/Santarem_France-012-1024x768.jpg\" alt=\"\" width=\"1024\" height=\"768\" srcset=\"https:\/\/www.askja-on-tour.ch\/wp-content\/uploads\/2026\/08\/Santarem_France-012-1024x768.jpg 1024w, https:\/\/www.askja-on-tour.ch\/wp-content\/uploads\/2026\/08\/Santarem_France-012-1600x1200.jpg 1600w, https:\/\/www.askja-on-tour.ch\/wp-content\/uploads\/2026\/08\/Santarem_France-012-768x576.jpg 768w, https:\/\/www.askja-on-tour.ch\/wp-content\/uploads\/2026\/08\/Santarem_France-012-1536x1152.jpg 1536w, https:\/\/www.askja-on-tour.ch\/wp-content\/uploads\/2026\/08\/Santarem_France-012.jpg 2048w\" sizes=\"auto, (max-width: 1024px) 100vw, 1024px\" \/> <img loading=\"lazy\" decoding=\"async\" class=\"alignnone size-medium wp-image-31540\" src=\"https:\/\/www.askja-on-tour.ch\/wp-content\/uploads\/2026\/08\/Santarem_France-013-1024x768.jpg\" alt=\"\" width=\"1024\" height=\"768\" srcset=\"https:\/\/www.askja-on-tour.ch\/wp-content\/uploads\/2026\/08\/Santarem_France-013-1024x768.jpg 1024w, https:\/\/www.askja-on-tour.ch\/wp-content\/uploads\/2026\/08\/Santarem_France-013-1600x1200.jpg 1600w, https:\/\/www.askja-on-tour.ch\/wp-content\/uploads\/2026\/08\/Santarem_France-013-768x576.jpg 768w, https:\/\/www.askja-on-tour.ch\/wp-content\/uploads\/2026\/08\/Santarem_France-013-1536x1152.jpg 1536w, https:\/\/www.askja-on-tour.ch\/wp-content\/uploads\/2026\/08\/Santarem_France-013.jpg 2048w\" sizes=\"auto, (max-width: 1024px) 100vw, 1024px\" \/><\/p>\n<figure id=\"attachment_31541\" aria-describedby=\"caption-attachment-31541\" style=\"width: 768px\" class=\"wp-caption alignnone\"><img loading=\"lazy\" decoding=\"async\" class=\"size-medium wp-image-31541\" src=\"https:\/\/www.askja-on-tour.ch\/wp-content\/uploads\/2026\/08\/Santarem_France-014-768x1024.jpg\" alt=\"\" width=\"768\" height=\"1024\" srcset=\"https:\/\/www.askja-on-tour.ch\/wp-content\/uploads\/2026\/08\/Santarem_France-014-768x1024.jpg 768w, https:\/\/www.askja-on-tour.ch\/wp-content\/uploads\/2026\/08\/Santarem_France-014-1200x1600.jpg 1200w, https:\/\/www.askja-on-tour.ch\/wp-content\/uploads\/2026\/08\/Santarem_France-014-1152x1536.jpg 1152w, https:\/\/www.askja-on-tour.ch\/wp-content\/uploads\/2026\/08\/Santarem_France-014.jpg 1536w\" sizes=\"auto, (max-width: 768px) 100vw, 768px\" \/><figcaption id=\"caption-attachment-31541\" class=\"wp-caption-text\">Ein grosser Leguan<\/figcaption><\/figure>\n<p><img loading=\"lazy\" decoding=\"async\" class=\"alignnone size-medium wp-image-31542\" src=\"https:\/\/www.askja-on-tour.ch\/wp-content\/uploads\/2026\/08\/Santarem_France-015-1024x768.jpg\" alt=\"\" width=\"1024\" height=\"768\" srcset=\"https:\/\/www.askja-on-tour.ch\/wp-content\/uploads\/2026\/08\/Santarem_France-015-1024x768.jpg 1024w, https:\/\/www.askja-on-tour.ch\/wp-content\/uploads\/2026\/08\/Santarem_France-015-1600x1200.jpg 1600w, https:\/\/www.askja-on-tour.ch\/wp-content\/uploads\/2026\/08\/Santarem_France-015-768x576.jpg 768w, https:\/\/www.askja-on-tour.ch\/wp-content\/uploads\/2026\/08\/Santarem_France-015-1536x1152.jpg 1536w, https:\/\/www.askja-on-tour.ch\/wp-content\/uploads\/2026\/08\/Santarem_France-015.jpg 2048w\" sizes=\"auto, (max-width: 1024px) 100vw, 1024px\" \/><\/p>\n<figure id=\"attachment_31543\" aria-describedby=\"caption-attachment-31543\" style=\"width: 1024px\" class=\"wp-caption alignnone\"><img loading=\"lazy\" decoding=\"async\" class=\"size-medium wp-image-31543\" src=\"https:\/\/www.askja-on-tour.ch\/wp-content\/uploads\/2026\/08\/Santarem_France-016-1024x768.jpg\" alt=\"\" width=\"1024\" height=\"768\" srcset=\"https:\/\/www.askja-on-tour.ch\/wp-content\/uploads\/2026\/08\/Santarem_France-016-1024x768.jpg 1024w, https:\/\/www.askja-on-tour.ch\/wp-content\/uploads\/2026\/08\/Santarem_France-016-1600x1200.jpg 1600w, https:\/\/www.askja-on-tour.ch\/wp-content\/uploads\/2026\/08\/Santarem_France-016-768x576.jpg 768w, https:\/\/www.askja-on-tour.ch\/wp-content\/uploads\/2026\/08\/Santarem_France-016-1536x1152.jpg 1536w, https:\/\/www.askja-on-tour.ch\/wp-content\/uploads\/2026\/08\/Santarem_France-016.jpg 2048w\" sizes=\"auto, (max-width: 1024px) 100vw, 1024px\" \/><figcaption id=\"caption-attachment-31543\" class=\"wp-caption-text\">Fast jeder Ort hat eine beeindruckende Ortsbeschriftung<\/figcaption><\/figure>\n<figure id=\"attachment_31544\" aria-describedby=\"caption-attachment-31544\" style=\"width: 1024px\" class=\"wp-caption alignnone\"><img loading=\"lazy\" decoding=\"async\" class=\"size-medium wp-image-31544\" src=\"https:\/\/www.askja-on-tour.ch\/wp-content\/uploads\/2026\/08\/Santarem_France-017-1024x768.jpg\" alt=\"\" width=\"1024\" height=\"768\" srcset=\"https:\/\/www.askja-on-tour.ch\/wp-content\/uploads\/2026\/08\/Santarem_France-017-1024x768.jpg 1024w, https:\/\/www.askja-on-tour.ch\/wp-content\/uploads\/2026\/08\/Santarem_France-017-1600x1200.jpg 1600w, https:\/\/www.askja-on-tour.ch\/wp-content\/uploads\/2026\/08\/Santarem_France-017-768x576.jpg 768w, https:\/\/www.askja-on-tour.ch\/wp-content\/uploads\/2026\/08\/Santarem_France-017-1536x1152.jpg 1536w, https:\/\/www.askja-on-tour.ch\/wp-content\/uploads\/2026\/08\/Santarem_France-017.jpg 2048w\" sizes=\"auto, (max-width: 1024px) 100vw, 1024px\" \/><figcaption id=\"caption-attachment-31544\" class=\"wp-caption-text\">Die Kirche mit<\/figcaption><\/figure>\n<figure id=\"attachment_31545\" aria-describedby=\"caption-attachment-31545\" style=\"width: 1024px\" class=\"wp-caption alignnone\"><img loading=\"lazy\" decoding=\"async\" class=\"size-medium wp-image-31545\" src=\"https:\/\/www.askja-on-tour.ch\/wp-content\/uploads\/2026\/08\/Santarem_France-018-1024x768.jpg\" alt=\"\" width=\"1024\" height=\"768\" srcset=\"https:\/\/www.askja-on-tour.ch\/wp-content\/uploads\/2026\/08\/Santarem_France-018-1024x768.jpg 1024w, https:\/\/www.askja-on-tour.ch\/wp-content\/uploads\/2026\/08\/Santarem_France-018-1600x1200.jpg 1600w, https:\/\/www.askja-on-tour.ch\/wp-content\/uploads\/2026\/08\/Santarem_France-018-768x576.jpg 768w, https:\/\/www.askja-on-tour.ch\/wp-content\/uploads\/2026\/08\/Santarem_France-018-1536x1152.jpg 1536w, https:\/\/www.askja-on-tour.ch\/wp-content\/uploads\/2026\/08\/Santarem_France-018.jpg 2048w\" sizes=\"auto, (max-width: 1024px) 100vw, 1024px\" \/><figcaption id=\"caption-attachment-31545\" class=\"wp-caption-text\">&#8230; Klimaanlage aber keine Orgel<\/figcaption><\/figure>\n<figure id=\"attachment_31546\" aria-describedby=\"caption-attachment-31546\" style=\"width: 1024px\" class=\"wp-caption alignnone\"><img loading=\"lazy\" decoding=\"async\" class=\"size-medium wp-image-31546\" src=\"https:\/\/www.askja-on-tour.ch\/wp-content\/uploads\/2026\/08\/Santarem_France-019-1024x768.jpg\" alt=\"\" width=\"1024\" height=\"768\" srcset=\"https:\/\/www.askja-on-tour.ch\/wp-content\/uploads\/2026\/08\/Santarem_France-019-1024x768.jpg 1024w, https:\/\/www.askja-on-tour.ch\/wp-content\/uploads\/2026\/08\/Santarem_France-019-1600x1200.jpg 1600w, https:\/\/www.askja-on-tour.ch\/wp-content\/uploads\/2026\/08\/Santarem_France-019-768x576.jpg 768w, https:\/\/www.askja-on-tour.ch\/wp-content\/uploads\/2026\/08\/Santarem_France-019-1536x1152.jpg 1536w, https:\/\/www.askja-on-tour.ch\/wp-content\/uploads\/2026\/08\/Santarem_France-019.jpg 2048w\" sizes=\"auto, (max-width: 1024px) 100vw, 1024px\" \/><figcaption id=\"caption-attachment-31546\" class=\"wp-caption-text\">Mit den F\u00fcssen im Amazonas und einem k\u00fchlen Bier war es sehr erfrischend<\/figcaption><\/figure>\n<figure id=\"attachment_31547\" aria-describedby=\"caption-attachment-31547\" style=\"width: 768px\" class=\"wp-caption alignnone\"><img loading=\"lazy\" decoding=\"async\" class=\"size-medium wp-image-31547\" src=\"https:\/\/www.askja-on-tour.ch\/wp-content\/uploads\/2026\/08\/Santarem_France-020-768x1024.jpg\" alt=\"\" width=\"768\" height=\"1024\" srcset=\"https:\/\/www.askja-on-tour.ch\/wp-content\/uploads\/2026\/08\/Santarem_France-020-768x1024.jpg 768w, https:\/\/www.askja-on-tour.ch\/wp-content\/uploads\/2026\/08\/Santarem_France-020-1200x1600.jpg 1200w, https:\/\/www.askja-on-tour.ch\/wp-content\/uploads\/2026\/08\/Santarem_France-020-1152x1536.jpg 1152w, https:\/\/www.askja-on-tour.ch\/wp-content\/uploads\/2026\/08\/Santarem_France-020.jpg 1536w\" sizes=\"auto, (max-width: 768px) 100vw, 768px\" \/><figcaption id=\"caption-attachment-31547\" class=\"wp-caption-text\">Auch so kann das Glac\u00e9 verkauft werden<\/figcaption><\/figure>\n<figure id=\"attachment_31548\" aria-describedby=\"caption-attachment-31548\" style=\"width: 768px\" class=\"wp-caption alignnone\"><img loading=\"lazy\" decoding=\"async\" class=\"size-medium wp-image-31548\" src=\"https:\/\/www.askja-on-tour.ch\/wp-content\/uploads\/2026\/08\/Santarem_France-021-768x1024.jpg\" alt=\"\" width=\"768\" height=\"1024\" srcset=\"https:\/\/www.askja-on-tour.ch\/wp-content\/uploads\/2026\/08\/Santarem_France-021-768x1024.jpg 768w, https:\/\/www.askja-on-tour.ch\/wp-content\/uploads\/2026\/08\/Santarem_France-021-1200x1600.jpg 1200w, https:\/\/www.askja-on-tour.ch\/wp-content\/uploads\/2026\/08\/Santarem_France-021-1152x1536.jpg 1152w, https:\/\/www.askja-on-tour.ch\/wp-content\/uploads\/2026\/08\/Santarem_France-021.jpg 1536w\" sizes=\"auto, (max-width: 768px) 100vw, 768px\" \/><figcaption id=\"caption-attachment-31548\" class=\"wp-caption-text\">Das fanden wir besonders witzig: diese Verk\u00e4ufer kommen mit kleinen Kohle\u00f6fchen an den Tisch und bieten frisch gegrillte Spiesse an<\/figcaption><\/figure>\n<figure id=\"attachment_31549\" aria-describedby=\"caption-attachment-31549\" style=\"width: 1024px\" class=\"wp-caption alignnone\"><img loading=\"lazy\" decoding=\"async\" class=\"size-medium wp-image-31549\" src=\"https:\/\/www.askja-on-tour.ch\/wp-content\/uploads\/2026\/08\/Santarem_France-022-1024x768.jpg\" alt=\"\" width=\"1024\" height=\"768\" srcset=\"https:\/\/www.askja-on-tour.ch\/wp-content\/uploads\/2026\/08\/Santarem_France-022-1024x768.jpg 1024w, https:\/\/www.askja-on-tour.ch\/wp-content\/uploads\/2026\/08\/Santarem_France-022-1600x1200.jpg 1600w, https:\/\/www.askja-on-tour.ch\/wp-content\/uploads\/2026\/08\/Santarem_France-022-768x576.jpg 768w, https:\/\/www.askja-on-tour.ch\/wp-content\/uploads\/2026\/08\/Santarem_France-022-1536x1152.jpg 1536w, https:\/\/www.askja-on-tour.ch\/wp-content\/uploads\/2026\/08\/Santarem_France-022.jpg 2048w\" sizes=\"auto, (max-width: 1024px) 100vw, 1024px\" \/><figcaption id=\"caption-attachment-31549\" class=\"wp-caption-text\">Sch\u00f6ner Sonnenuntergang<\/figcaption><\/figure>\n<figure id=\"attachment_31550\" aria-describedby=\"caption-attachment-31550\" style=\"width: 768px\" class=\"wp-caption alignnone\"><img loading=\"lazy\" decoding=\"async\" class=\"size-medium wp-image-31550\" src=\"https:\/\/www.askja-on-tour.ch\/wp-content\/uploads\/2026\/08\/Santarem_France-023-768x1024.jpg\" alt=\"\" width=\"768\" height=\"1024\" srcset=\"https:\/\/www.askja-on-tour.ch\/wp-content\/uploads\/2026\/08\/Santarem_France-023-768x1024.jpg 768w, https:\/\/www.askja-on-tour.ch\/wp-content\/uploads\/2026\/08\/Santarem_France-023-1200x1600.jpg 1200w, https:\/\/www.askja-on-tour.ch\/wp-content\/uploads\/2026\/08\/Santarem_France-023-1152x1536.jpg 1152w, https:\/\/www.askja-on-tour.ch\/wp-content\/uploads\/2026\/08\/Santarem_France-023.jpg 1536w\" sizes=\"auto, (max-width: 768px) 100vw, 768px\" \/><figcaption id=\"caption-attachment-31550\" class=\"wp-caption-text\">Endlich mal wieder ein Caipirinha<\/figcaption><\/figure>\n<figure id=\"attachment_31553\" aria-describedby=\"caption-attachment-31553\" style=\"width: 1024px\" class=\"wp-caption alignnone\"><img loading=\"lazy\" decoding=\"async\" class=\"size-medium wp-image-31553\" src=\"https:\/\/www.askja-on-tour.ch\/wp-content\/uploads\/2026\/08\/Santarem_France-026-1024x768.jpg\" alt=\"\" width=\"1024\" height=\"768\" srcset=\"https:\/\/www.askja-on-tour.ch\/wp-content\/uploads\/2026\/08\/Santarem_France-026-1024x768.jpg 1024w, https:\/\/www.askja-on-tour.ch\/wp-content\/uploads\/2026\/08\/Santarem_France-026-1600x1200.jpg 1600w, https:\/\/www.askja-on-tour.ch\/wp-content\/uploads\/2026\/08\/Santarem_France-026-768x576.jpg 768w, https:\/\/www.askja-on-tour.ch\/wp-content\/uploads\/2026\/08\/Santarem_France-026-1536x1152.jpg 1536w, https:\/\/www.askja-on-tour.ch\/wp-content\/uploads\/2026\/08\/Santarem_France-026.jpg 2048w\" sizes=\"auto, (max-width: 1024px) 100vw, 1024px\" \/><figcaption id=\"caption-attachment-31553\" class=\"wp-caption-text\">Einmalig sch\u00f6ne Wandbilder<\/figcaption><\/figure>\n<p><img loading=\"lazy\" decoding=\"async\" class=\"alignnone size-medium wp-image-31554\" src=\"https:\/\/www.askja-on-tour.ch\/wp-content\/uploads\/2026\/08\/Santarem_France-027-1024x768.jpg\" alt=\"\" width=\"1024\" height=\"768\" srcset=\"https:\/\/www.askja-on-tour.ch\/wp-content\/uploads\/2026\/08\/Santarem_France-027-1024x768.jpg 1024w, https:\/\/www.askja-on-tour.ch\/wp-content\/uploads\/2026\/08\/Santarem_France-027-1600x1200.jpg 1600w, https:\/\/www.askja-on-tour.ch\/wp-content\/uploads\/2026\/08\/Santarem_France-027-768x576.jpg 768w, https:\/\/www.askja-on-tour.ch\/wp-content\/uploads\/2026\/08\/Santarem_France-027-1536x1152.jpg 1536w, https:\/\/www.askja-on-tour.ch\/wp-content\/uploads\/2026\/08\/Santarem_France-027.jpg 2048w\" sizes=\"auto, (max-width: 1024px) 100vw, 1024px\" \/><\/p>\n\n\n\n<p><\/p>\n\n\n\n<p class=\"wp-block-paragraph\">Am n\u00e4chsten Tag ging es ins Gewusel des Hafens von Santarem. Wir wurden informiert, dass um 09.00 Uhr eintreffen m\u00fcssten und sich ein Herr bei uns melden w\u00fcrde, um uns mitzuteilen, wann wir auf die F\u00e4hre fahren k\u00f6nnten; dies w\u00fcrde aber sicher nicht vor 18.00 Uhr (!) sein \u2013 weshalb mussten wir schon um 09.00 Uhr da sein. Der besagte Herr kam um 09.00 Uhr, aber nur um zu sagen, wir sollen unser Auto irgendwo am Rande in der Bruthitze (38 Grad) parken und warten. Zum Gl\u00fcck kam kurze Zeit sp\u00e4ter ein anderer \u201eVerantwortlicher\u201c (keiner stellte sich vor \u2013 wir gingen einfach davon aus, dass der eine wichtiger als der andere sei, denn \u00fcberall Stand das selbe auf dem T-Shirt und sagte, wir sollen ihm folgen. Er h\u00e4tte einen Parkplatz f\u00fcr uns im \u00fcberdachten Verladebereich. Na \u2013 schon mal besser. Temperaturm\u00e4ssig ein Fortschritt, aber wir sind fast tausend Tode gestorben, weil die Lastwagen neben, hinter und vor uns eng auf eng durchgefahren sind. Aber es war trotzdem spannend, dem Treiben zuzusehen. Neben unserer F\u00e4hre standen oft vier weitere am Anleger und warteten be- oder entladen zu werden.<\/p>\n\n\n\n<figure id=\"attachment_31555\" aria-describedby=\"caption-attachment-31555\" style=\"width: 1024px\" class=\"wp-caption alignnone\"><img loading=\"lazy\" decoding=\"async\" class=\"size-medium wp-image-31555\" src=\"https:\/\/www.askja-on-tour.ch\/wp-content\/uploads\/2026\/08\/Santarem_France-028-1024x768.jpg\" alt=\"\" width=\"1024\" height=\"768\" srcset=\"https:\/\/www.askja-on-tour.ch\/wp-content\/uploads\/2026\/08\/Santarem_France-028-1024x768.jpg 1024w, https:\/\/www.askja-on-tour.ch\/wp-content\/uploads\/2026\/08\/Santarem_France-028-1600x1200.jpg 1600w, https:\/\/www.askja-on-tour.ch\/wp-content\/uploads\/2026\/08\/Santarem_France-028-768x576.jpg 768w, https:\/\/www.askja-on-tour.ch\/wp-content\/uploads\/2026\/08\/Santarem_France-028-1536x1152.jpg 1536w, https:\/\/www.askja-on-tour.ch\/wp-content\/uploads\/2026\/08\/Santarem_France-028.jpg 2048w\" sizes=\"auto, (max-width: 1024px) 100vw, 1024px\" \/><figcaption id=\"caption-attachment-31555\" class=\"wp-caption-text\">Am Hafen von Santarem<\/figcaption><\/figure>\n<figure id=\"attachment_31556\" aria-describedby=\"caption-attachment-31556\" style=\"width: 1024px\" class=\"wp-caption alignnone\"><img loading=\"lazy\" decoding=\"async\" class=\"size-medium wp-image-31556\" src=\"https:\/\/www.askja-on-tour.ch\/wp-content\/uploads\/2026\/08\/Santarem_France-029-1024x768.jpg\" alt=\"\" width=\"1024\" height=\"768\" srcset=\"https:\/\/www.askja-on-tour.ch\/wp-content\/uploads\/2026\/08\/Santarem_France-029-1024x768.jpg 1024w, https:\/\/www.askja-on-tour.ch\/wp-content\/uploads\/2026\/08\/Santarem_France-029-1600x1200.jpg 1600w, https:\/\/www.askja-on-tour.ch\/wp-content\/uploads\/2026\/08\/Santarem_France-029-768x576.jpg 768w, https:\/\/www.askja-on-tour.ch\/wp-content\/uploads\/2026\/08\/Santarem_France-029-1536x1152.jpg 1536w, https:\/\/www.askja-on-tour.ch\/wp-content\/uploads\/2026\/08\/Santarem_France-029.jpg 2048w\" sizes=\"auto, (max-width: 1024px) 100vw, 1024px\" \/><figcaption id=\"caption-attachment-31556\" class=\"wp-caption-text\">&#8230; auch diese Pferde werden per F\u00e4hre in einen Ort am Amazonas verladen<\/figcaption><\/figure>\n<figure id=\"attachment_31557\" aria-describedby=\"caption-attachment-31557\" style=\"width: 1024px\" class=\"wp-caption alignnone\"><img loading=\"lazy\" decoding=\"async\" class=\"size-medium wp-image-31557\" src=\"https:\/\/www.askja-on-tour.ch\/wp-content\/uploads\/2026\/08\/Santarem_France-030-1024x768.jpg\" alt=\"\" width=\"1024\" height=\"768\" srcset=\"https:\/\/www.askja-on-tour.ch\/wp-content\/uploads\/2026\/08\/Santarem_France-030-1024x768.jpg 1024w, https:\/\/www.askja-on-tour.ch\/wp-content\/uploads\/2026\/08\/Santarem_France-030-1600x1200.jpg 1600w, https:\/\/www.askja-on-tour.ch\/wp-content\/uploads\/2026\/08\/Santarem_France-030-768x576.jpg 768w, https:\/\/www.askja-on-tour.ch\/wp-content\/uploads\/2026\/08\/Santarem_France-030-1536x1152.jpg 1536w, https:\/\/www.askja-on-tour.ch\/wp-content\/uploads\/2026\/08\/Santarem_France-030.jpg 2048w\" sizes=\"auto, (max-width: 1024px) 100vw, 1024px\" \/><figcaption id=\"caption-attachment-31557\" class=\"wp-caption-text\">Unser Platz am Schatten &#8211; ehe wir Blut und Wasser schwitzten<\/figcaption><\/figure>\n<figure id=\"attachment_31558\" aria-describedby=\"caption-attachment-31558\" style=\"width: 1024px\" class=\"wp-caption alignnone\"><img loading=\"lazy\" decoding=\"async\" class=\"size-medium wp-image-31558\" src=\"https:\/\/www.askja-on-tour.ch\/wp-content\/uploads\/2026\/08\/Santarem_France-031-1024x768.jpg\" alt=\"\" width=\"1024\" height=\"768\" srcset=\"https:\/\/www.askja-on-tour.ch\/wp-content\/uploads\/2026\/08\/Santarem_France-031-1024x768.jpg 1024w, https:\/\/www.askja-on-tour.ch\/wp-content\/uploads\/2026\/08\/Santarem_France-031-1600x1200.jpg 1600w, https:\/\/www.askja-on-tour.ch\/wp-content\/uploads\/2026\/08\/Santarem_France-031-768x576.jpg 768w, https:\/\/www.askja-on-tour.ch\/wp-content\/uploads\/2026\/08\/Santarem_France-031-1536x1152.jpg 1536w, https:\/\/www.askja-on-tour.ch\/wp-content\/uploads\/2026\/08\/Santarem_France-031.jpg 2048w\" sizes=\"auto, (max-width: 1024px) 100vw, 1024px\" \/><figcaption id=\"caption-attachment-31558\" class=\"wp-caption-text\">Ein emsiges Treiben auf allen F\u00e4hren<\/figcaption><\/figure>\n<p><img loading=\"lazy\" decoding=\"async\" class=\"alignnone size-medium wp-image-31559\" src=\"https:\/\/www.askja-on-tour.ch\/wp-content\/uploads\/2026\/08\/Santarem_France-032-768x1024.jpg\" alt=\"\" width=\"768\" height=\"1024\" srcset=\"https:\/\/www.askja-on-tour.ch\/wp-content\/uploads\/2026\/08\/Santarem_France-032-768x1024.jpg 768w, https:\/\/www.askja-on-tour.ch\/wp-content\/uploads\/2026\/08\/Santarem_France-032-1200x1600.jpg 1200w, https:\/\/www.askja-on-tour.ch\/wp-content\/uploads\/2026\/08\/Santarem_France-032-1152x1536.jpg 1152w, https:\/\/www.askja-on-tour.ch\/wp-content\/uploads\/2026\/08\/Santarem_France-032.jpg 1536w\" sizes=\"auto, (max-width: 768px) 100vw, 768px\" \/> <img loading=\"lazy\" decoding=\"async\" class=\"alignnone size-medium wp-image-31560\" src=\"https:\/\/www.askja-on-tour.ch\/wp-content\/uploads\/2026\/08\/Santarem_France-033-1024x768.jpg\" alt=\"\" width=\"1024\" height=\"768\" srcset=\"https:\/\/www.askja-on-tour.ch\/wp-content\/uploads\/2026\/08\/Santarem_France-033-1024x768.jpg 1024w, https:\/\/www.askja-on-tour.ch\/wp-content\/uploads\/2026\/08\/Santarem_France-033-1600x1200.jpg 1600w, https:\/\/www.askja-on-tour.ch\/wp-content\/uploads\/2026\/08\/Santarem_France-033-768x576.jpg 768w, https:\/\/www.askja-on-tour.ch\/wp-content\/uploads\/2026\/08\/Santarem_France-033-1536x1152.jpg 1536w, https:\/\/www.askja-on-tour.ch\/wp-content\/uploads\/2026\/08\/Santarem_France-033.jpg 2048w\" sizes=\"auto, (max-width: 1024px) 100vw, 1024px\" \/> <img loading=\"lazy\" decoding=\"async\" class=\"alignnone size-medium wp-image-31561\" src=\"https:\/\/www.askja-on-tour.ch\/wp-content\/uploads\/2026\/08\/Santarem_France-034-1024x768.jpg\" alt=\"\" width=\"1024\" height=\"768\" srcset=\"https:\/\/www.askja-on-tour.ch\/wp-content\/uploads\/2026\/08\/Santarem_France-034-1024x768.jpg 1024w, https:\/\/www.askja-on-tour.ch\/wp-content\/uploads\/2026\/08\/Santarem_France-034-1600x1200.jpg 1600w, https:\/\/www.askja-on-tour.ch\/wp-content\/uploads\/2026\/08\/Santarem_France-034-768x576.jpg 768w, https:\/\/www.askja-on-tour.ch\/wp-content\/uploads\/2026\/08\/Santarem_France-034-1536x1152.jpg 1536w, https:\/\/www.askja-on-tour.ch\/wp-content\/uploads\/2026\/08\/Santarem_France-034.jpg 2048w\" sizes=\"auto, (max-width: 1024px) 100vw, 1024px\" \/> <img loading=\"lazy\" decoding=\"async\" class=\"alignnone size-medium wp-image-31562\" src=\"https:\/\/www.askja-on-tour.ch\/wp-content\/uploads\/2026\/08\/Santarem_France-035-1024x768.jpg\" alt=\"\" width=\"1024\" height=\"768\" srcset=\"https:\/\/www.askja-on-tour.ch\/wp-content\/uploads\/2026\/08\/Santarem_France-035-1024x768.jpg 1024w, https:\/\/www.askja-on-tour.ch\/wp-content\/uploads\/2026\/08\/Santarem_France-035-1600x1200.jpg 1600w, https:\/\/www.askja-on-tour.ch\/wp-content\/uploads\/2026\/08\/Santarem_France-035-768x576.jpg 768w, https:\/\/www.askja-on-tour.ch\/wp-content\/uploads\/2026\/08\/Santarem_France-035-1536x1152.jpg 1536w, https:\/\/www.askja-on-tour.ch\/wp-content\/uploads\/2026\/08\/Santarem_France-035.jpg 2048w\" sizes=\"auto, (max-width: 1024px) 100vw, 1024px\" \/> <img loading=\"lazy\" decoding=\"async\" class=\"alignnone size-medium wp-image-31563\" src=\"https:\/\/www.askja-on-tour.ch\/wp-content\/uploads\/2026\/08\/Santarem_France-036-1024x768.jpg\" alt=\"\" width=\"1024\" height=\"768\" srcset=\"https:\/\/www.askja-on-tour.ch\/wp-content\/uploads\/2026\/08\/Santarem_France-036-1024x768.jpg 1024w, https:\/\/www.askja-on-tour.ch\/wp-content\/uploads\/2026\/08\/Santarem_France-036-1600x1200.jpg 1600w, https:\/\/www.askja-on-tour.ch\/wp-content\/uploads\/2026\/08\/Santarem_France-036-768x576.jpg 768w, https:\/\/www.askja-on-tour.ch\/wp-content\/uploads\/2026\/08\/Santarem_France-036-1536x1152.jpg 1536w, https:\/\/www.askja-on-tour.ch\/wp-content\/uploads\/2026\/08\/Santarem_France-036.jpg 2048w\" sizes=\"auto, (max-width: 1024px) 100vw, 1024px\" \/><\/p>\n\n\n\n<p class=\"wp-block-paragraph\">Um 18.00 Uhr hiess es dann, wir w\u00e4ren bald dran \u2013 aber die Rechnung wurde ohne den 28 m langen Lastwagen mit Doppelanh\u00e4nger gemacht. Er passte eigentlich nicht rein, aber mit einem Gabelstapler und viel Gew\u00fcrge wurde er dann passend gemacht. Nachdem die beiden H\u00e4nger platziert wurden, ist das Zugfahrzeug losgefahren und \u2013 nicht zu glauben, kam mit einem weiteren 18 m H\u00e4nger zur\u00fcck. Nach einigem Umstapeln passten auch H\u00e4nger und Zugfahrzeug rein. Aber jetzt kommen bestimmt wir \u2013 so dachten wir; falsch gedacht. Erst wurden noch 5 PWs draufgepackt und ein grosses Motorboot mit Zugfahrzeug \u2013 und dann wurden wir noch dazwischen gefriemelt. Aber mind. wurde sichergestellt, dass wir die T\u00fcre noch \u00f6ffnen und aussteigen k\u00f6nnen, auch f\u00fcr unsere St\u00fchle gab es noch Platz. Wir waren etwas anges\u00e4uert, aber mussten auch akzeptieren, dass wir einfach ein zus\u00e4tzliches St\u00fcckgut sind, das auf dem Amazonas bef\u00f6rdert werden muss. Um 22.00 Uhr legten wir ab. Die Nacht war etwas seeg\u00e4ngig (um nicht zu sagen kurz vor kotzig), aufgrund der verschiedenen D\u00f6rfern, die angefahren wurden, auch nicht wirklich ruhig. Aber daf\u00fcr interessant. Schlafkabinen gibt es nicht auf der F\u00e4hre aber jede Menge Haken, wo die eigene H\u00e4ngematte (Hammock) aufgeh\u00e4ngt werden kann.<\/p>\n\n\n\n<figure id=\"attachment_31564\" aria-describedby=\"caption-attachment-31564\" style=\"width: 1024px\" class=\"wp-caption alignnone\"><img loading=\"lazy\" decoding=\"async\" class=\"size-medium wp-image-31564\" src=\"https:\/\/www.askja-on-tour.ch\/wp-content\/uploads\/2026\/08\/Santarem_France-037-1024x768.jpg\" alt=\"\" width=\"1024\" height=\"768\" srcset=\"https:\/\/www.askja-on-tour.ch\/wp-content\/uploads\/2026\/08\/Santarem_France-037-1024x768.jpg 1024w, https:\/\/www.askja-on-tour.ch\/wp-content\/uploads\/2026\/08\/Santarem_France-037-1600x1200.jpg 1600w, https:\/\/www.askja-on-tour.ch\/wp-content\/uploads\/2026\/08\/Santarem_France-037-768x576.jpg 768w, https:\/\/www.askja-on-tour.ch\/wp-content\/uploads\/2026\/08\/Santarem_France-037-1536x1152.jpg 1536w, https:\/\/www.askja-on-tour.ch\/wp-content\/uploads\/2026\/08\/Santarem_France-037.jpg 2048w\" sizes=\"auto, (max-width: 1024px) 100vw, 1024px\" \/><figcaption id=\"caption-attachment-31564\" class=\"wp-caption-text\">Irgendwie muss der LKW auf die F\u00e4hre<\/figcaption><\/figure>\n<figure id=\"attachment_31565\" aria-describedby=\"caption-attachment-31565\" style=\"width: 768px\" class=\"wp-caption alignnone\"><img loading=\"lazy\" decoding=\"async\" class=\"size-medium wp-image-31565\" src=\"https:\/\/www.askja-on-tour.ch\/wp-content\/uploads\/2026\/08\/Santarem_France-038-768x1024.jpg\" alt=\"\" width=\"768\" height=\"1024\" srcset=\"https:\/\/www.askja-on-tour.ch\/wp-content\/uploads\/2026\/08\/Santarem_France-038-768x1024.jpg 768w, https:\/\/www.askja-on-tour.ch\/wp-content\/uploads\/2026\/08\/Santarem_France-038-1200x1600.jpg 1200w, https:\/\/www.askja-on-tour.ch\/wp-content\/uploads\/2026\/08\/Santarem_France-038-1152x1536.jpg 1152w, https:\/\/www.askja-on-tour.ch\/wp-content\/uploads\/2026\/08\/Santarem_France-038.jpg 1536w\" sizes=\"auto, (max-width: 768px) 100vw, 768px\" \/><figcaption id=\"caption-attachment-31565\" class=\"wp-caption-text\">Selbst der Notausstieg wird ge\u00f6ffnet, damit noch etwas mehr Platz entsteht<\/figcaption><\/figure>\n<figure id=\"attachment_31566\" aria-describedby=\"caption-attachment-31566\" style=\"width: 768px\" class=\"wp-caption alignnone\"><img loading=\"lazy\" decoding=\"async\" class=\"size-medium wp-image-31566\" src=\"https:\/\/www.askja-on-tour.ch\/wp-content\/uploads\/2026\/08\/Santarem_France-039-768x1024.jpg\" alt=\"\" width=\"768\" height=\"1024\" srcset=\"https:\/\/www.askja-on-tour.ch\/wp-content\/uploads\/2026\/08\/Santarem_France-039-768x1024.jpg 768w, https:\/\/www.askja-on-tour.ch\/wp-content\/uploads\/2026\/08\/Santarem_France-039-1200x1600.jpg 1200w, https:\/\/www.askja-on-tour.ch\/wp-content\/uploads\/2026\/08\/Santarem_France-039-1152x1536.jpg 1152w, https:\/\/www.askja-on-tour.ch\/wp-content\/uploads\/2026\/08\/Santarem_France-039.jpg 1536w\" sizes=\"auto, (max-width: 768px) 100vw, 768px\" \/><figcaption id=\"caption-attachment-31566\" class=\"wp-caption-text\">Die T\u00fcre k\u00f6nnen wir knapp \u00f6ffnen<\/figcaption><\/figure>\n<p><img loading=\"lazy\" decoding=\"async\" class=\"alignnone size-medium wp-image-31567\" src=\"https:\/\/www.askja-on-tour.ch\/wp-content\/uploads\/2026\/08\/Santarem_France-040-768x1024.jpg\" alt=\"\" width=\"768\" height=\"1024\" srcset=\"https:\/\/www.askja-on-tour.ch\/wp-content\/uploads\/2026\/08\/Santarem_France-040-768x1024.jpg 768w, https:\/\/www.askja-on-tour.ch\/wp-content\/uploads\/2026\/08\/Santarem_France-040-1200x1600.jpg 1200w, https:\/\/www.askja-on-tour.ch\/wp-content\/uploads\/2026\/08\/Santarem_France-040-1152x1536.jpg 1152w, https:\/\/www.askja-on-tour.ch\/wp-content\/uploads\/2026\/08\/Santarem_France-040.jpg 1536w\" sizes=\"auto, (max-width: 768px) 100vw, 768px\" \/><\/p>\n<figure id=\"attachment_31568\" aria-describedby=\"caption-attachment-31568\" style=\"width: 1024px\" class=\"wp-caption alignnone\"><img loading=\"lazy\" decoding=\"async\" class=\"size-medium wp-image-31568\" src=\"https:\/\/www.askja-on-tour.ch\/wp-content\/uploads\/2026\/08\/Santarem_France-041-1024x768.jpg\" alt=\"\" width=\"1024\" height=\"768\" srcset=\"https:\/\/www.askja-on-tour.ch\/wp-content\/uploads\/2026\/08\/Santarem_France-041-1024x768.jpg 1024w, https:\/\/www.askja-on-tour.ch\/wp-content\/uploads\/2026\/08\/Santarem_France-041-1600x1200.jpg 1600w, https:\/\/www.askja-on-tour.ch\/wp-content\/uploads\/2026\/08\/Santarem_France-041-768x576.jpg 768w, https:\/\/www.askja-on-tour.ch\/wp-content\/uploads\/2026\/08\/Santarem_France-041-1536x1152.jpg 1536w, https:\/\/www.askja-on-tour.ch\/wp-content\/uploads\/2026\/08\/Santarem_France-041.jpg 2048w\" sizes=\"auto, (max-width: 1024px) 100vw, 1024px\" \/><figcaption id=\"caption-attachment-31568\" class=\"wp-caption-text\">Mind. kann Askja nicht runterfallen<\/figcaption><\/figure>\n<p><img loading=\"lazy\" decoding=\"async\" class=\"alignnone size-medium wp-image-31569\" src=\"https:\/\/www.askja-on-tour.ch\/wp-content\/uploads\/2026\/08\/Santarem_France-042-1024x768.jpg\" alt=\"\" width=\"1024\" height=\"768\" srcset=\"https:\/\/www.askja-on-tour.ch\/wp-content\/uploads\/2026\/08\/Santarem_France-042-1024x768.jpg 1024w, https:\/\/www.askja-on-tour.ch\/wp-content\/uploads\/2026\/08\/Santarem_France-042-1600x1200.jpg 1600w, https:\/\/www.askja-on-tour.ch\/wp-content\/uploads\/2026\/08\/Santarem_France-042-768x576.jpg 768w, https:\/\/www.askja-on-tour.ch\/wp-content\/uploads\/2026\/08\/Santarem_France-042-1536x1152.jpg 1536w, https:\/\/www.askja-on-tour.ch\/wp-content\/uploads\/2026\/08\/Santarem_France-042.jpg 2048w\" sizes=\"auto, (max-width: 1024px) 100vw, 1024px\" \/> <img loading=\"lazy\" decoding=\"async\" class=\"alignnone size-medium wp-image-31570\" src=\"https:\/\/www.askja-on-tour.ch\/wp-content\/uploads\/2026\/08\/Santarem_France-043-1024x768.jpg\" alt=\"\" width=\"1024\" height=\"768\" srcset=\"https:\/\/www.askja-on-tour.ch\/wp-content\/uploads\/2026\/08\/Santarem_France-043-1024x768.jpg 1024w, https:\/\/www.askja-on-tour.ch\/wp-content\/uploads\/2026\/08\/Santarem_France-043-1600x1200.jpg 1600w, https:\/\/www.askja-on-tour.ch\/wp-content\/uploads\/2026\/08\/Santarem_France-043-768x576.jpg 768w, https:\/\/www.askja-on-tour.ch\/wp-content\/uploads\/2026\/08\/Santarem_France-043-1536x1152.jpg 1536w, https:\/\/www.askja-on-tour.ch\/wp-content\/uploads\/2026\/08\/Santarem_France-043.jpg 2048w\" sizes=\"auto, (max-width: 1024px) 100vw, 1024px\" \/><\/p>\n\n\n\n<figure id=\"attachment_31571\" aria-describedby=\"caption-attachment-31571\" style=\"width: 1024px\" class=\"wp-caption alignnone\"><img loading=\"lazy\" decoding=\"async\" class=\"size-medium wp-image-31571\" src=\"https:\/\/www.askja-on-tour.ch\/wp-content\/uploads\/2026\/08\/Santarem_France-044-1024x768.jpg\" alt=\"\" width=\"1024\" height=\"768\" srcset=\"https:\/\/www.askja-on-tour.ch\/wp-content\/uploads\/2026\/08\/Santarem_France-044-1024x768.jpg 1024w, https:\/\/www.askja-on-tour.ch\/wp-content\/uploads\/2026\/08\/Santarem_France-044-1600x1200.jpg 1600w, https:\/\/www.askja-on-tour.ch\/wp-content\/uploads\/2026\/08\/Santarem_France-044-768x576.jpg 768w, https:\/\/www.askja-on-tour.ch\/wp-content\/uploads\/2026\/08\/Santarem_France-044-1536x1152.jpg 1536w, https:\/\/www.askja-on-tour.ch\/wp-content\/uploads\/2026\/08\/Santarem_France-044.jpg 2048w\" sizes=\"auto, (max-width: 1024px) 100vw, 1024px\" \/><figcaption id=\"caption-attachment-31571\" class=\"wp-caption-text\">Die Leute \u00fcbernachten in ihren mitgebrachten H\u00e4ngematten<\/figcaption><\/figure>\n<p><img loading=\"lazy\" decoding=\"async\" class=\"alignnone size-medium wp-image-31572\" src=\"https:\/\/www.askja-on-tour.ch\/wp-content\/uploads\/2026\/08\/Santarem_France-045-1024x768.jpg\" alt=\"\" width=\"1024\" height=\"768\" srcset=\"https:\/\/www.askja-on-tour.ch\/wp-content\/uploads\/2026\/08\/Santarem_France-045-1024x768.jpg 1024w, https:\/\/www.askja-on-tour.ch\/wp-content\/uploads\/2026\/08\/Santarem_France-045-1600x1200.jpg 1600w, https:\/\/www.askja-on-tour.ch\/wp-content\/uploads\/2026\/08\/Santarem_France-045-768x576.jpg 768w, https:\/\/www.askja-on-tour.ch\/wp-content\/uploads\/2026\/08\/Santarem_France-045-1536x1152.jpg 1536w, https:\/\/www.askja-on-tour.ch\/wp-content\/uploads\/2026\/08\/Santarem_France-045.jpg 2048w\" sizes=\"auto, (max-width: 1024px) 100vw, 1024px\" \/><\/p>\n<figure id=\"attachment_31573\" aria-describedby=\"caption-attachment-31573\" style=\"width: 768px\" class=\"wp-caption alignnone\"><img loading=\"lazy\" decoding=\"async\" class=\"size-medium wp-image-31573\" src=\"https:\/\/www.askja-on-tour.ch\/wp-content\/uploads\/2026\/08\/Santarem_France-046-768x1024.jpg\" alt=\"\" width=\"768\" height=\"1024\" srcset=\"https:\/\/www.askja-on-tour.ch\/wp-content\/uploads\/2026\/08\/Santarem_France-046-768x1024.jpg 768w, https:\/\/www.askja-on-tour.ch\/wp-content\/uploads\/2026\/08\/Santarem_France-046-1200x1600.jpg 1200w, https:\/\/www.askja-on-tour.ch\/wp-content\/uploads\/2026\/08\/Santarem_France-046-1152x1536.jpg 1152w, https:\/\/www.askja-on-tour.ch\/wp-content\/uploads\/2026\/08\/Santarem_France-046.jpg 1536w\" sizes=\"auto, (max-width: 768px) 100vw, 768px\" \/><figcaption id=\"caption-attachment-31573\" class=\"wp-caption-text\">Der 2. Caiptain<\/figcaption><\/figure>\n<figure id=\"attachment_31586\" aria-describedby=\"caption-attachment-31586\" style=\"width: 768px\" class=\"wp-caption alignnone\"><img loading=\"lazy\" decoding=\"async\" class=\"size-medium wp-image-31586\" src=\"https:\/\/www.askja-on-tour.ch\/wp-content\/uploads\/2026\/08\/Santarem_France-059-768x1024.jpg\" alt=\"\" width=\"768\" height=\"1024\" srcset=\"https:\/\/www.askja-on-tour.ch\/wp-content\/uploads\/2026\/08\/Santarem_France-059-768x1024.jpg 768w, https:\/\/www.askja-on-tour.ch\/wp-content\/uploads\/2026\/08\/Santarem_France-059-1200x1600.jpg 1200w, https:\/\/www.askja-on-tour.ch\/wp-content\/uploads\/2026\/08\/Santarem_France-059-1152x1536.jpg 1152w, https:\/\/www.askja-on-tour.ch\/wp-content\/uploads\/2026\/08\/Santarem_France-059.jpg 1536w\" sizes=\"auto, (max-width: 768px) 100vw, 768px\" \/><figcaption id=\"caption-attachment-31586\" class=\"wp-caption-text\">Der 1. Captain<\/figcaption><\/figure>\n\n\n\n<p class=\"wp-block-paragraph\">Am n\u00e4chsten Morgen erreichten wir Almeirim, ein gr\u00f6sserer Ort. Hier fand ein gr\u00f6sserer Passagierwechsel statt, danach setzte die F\u00e4hre auf die andere Seite \u00fcber, wo G\u00fcter entladen wurden. Wir wurden angewiesen, von Bord zu fahren. Hier wurde der Hauptteil der ganzen Laden von Bord gebracht. Getr\u00e4nke, Fr\u00fcchte, Baumaterial, Fahrzeugteile, Motoren, etc. Hier wurde uns so richtig bewusst, dass Orte am Amazonas nur \u00fcber diesen Wasserweg erreichbar sind und versorgt werden k\u00f6nnen. Nach gut zwei Stunden durften wir wieder zur\u00fcck auf die F\u00e4hre und pl\u00f6tzlich hatten wir wunderbar Platz und standen in Pole-Position. Um 03.00 Uhr in der Nacht kamen wir in Macap\u00e1 an, drei Stunden fr\u00fcher als geplant. Da kam im Hause Hoffmann doch rasch etwas Hektik auf. Aber wir waren schnell von Bord, haben die Hafengeb\u00fchren bezahlt und durften dann noch im Hafen weiterschlafen, bis es hell wurde.<\/p>\n\n\n\n<p><img loading=\"lazy\" decoding=\"async\" class=\"alignnone size-medium wp-image-31574\" src=\"https:\/\/www.askja-on-tour.ch\/wp-content\/uploads\/2026\/08\/Santarem_France-047-768x1024.jpg\" alt=\"\" width=\"768\" height=\"1024\" srcset=\"https:\/\/www.askja-on-tour.ch\/wp-content\/uploads\/2026\/08\/Santarem_France-047-768x1024.jpg 768w, https:\/\/www.askja-on-tour.ch\/wp-content\/uploads\/2026\/08\/Santarem_France-047-1200x1600.jpg 1200w, https:\/\/www.askja-on-tour.ch\/wp-content\/uploads\/2026\/08\/Santarem_France-047-1152x1536.jpg 1152w, https:\/\/www.askja-on-tour.ch\/wp-content\/uploads\/2026\/08\/Santarem_France-047.jpg 1536w\" sizes=\"auto, (max-width: 768px) 100vw, 768px\" \/><\/p>\n<figure id=\"attachment_31575\" aria-describedby=\"caption-attachment-31575\" style=\"width: 1024px\" class=\"wp-caption alignnone\"><img loading=\"lazy\" decoding=\"async\" class=\"size-medium wp-image-31575\" src=\"https:\/\/www.askja-on-tour.ch\/wp-content\/uploads\/2026\/08\/Santarem_France-048-1024x768.jpg\" alt=\"\" width=\"1024\" height=\"768\" srcset=\"https:\/\/www.askja-on-tour.ch\/wp-content\/uploads\/2026\/08\/Santarem_France-048-1024x768.jpg 1024w, https:\/\/www.askja-on-tour.ch\/wp-content\/uploads\/2026\/08\/Santarem_France-048-1600x1200.jpg 1600w, https:\/\/www.askja-on-tour.ch\/wp-content\/uploads\/2026\/08\/Santarem_France-048-768x576.jpg 768w, https:\/\/www.askja-on-tour.ch\/wp-content\/uploads\/2026\/08\/Santarem_France-048-1536x1152.jpg 1536w, https:\/\/www.askja-on-tour.ch\/wp-content\/uploads\/2026\/08\/Santarem_France-048.jpg 2048w\" sizes=\"auto, (max-width: 1024px) 100vw, 1024px\" \/><figcaption id=\"caption-attachment-31575\" class=\"wp-caption-text\">Leben auf dem Amazonas<\/figcaption><\/figure>\n<figure id=\"attachment_31576\" aria-describedby=\"caption-attachment-31576\" style=\"width: 1024px\" class=\"wp-caption alignnone\"><img loading=\"lazy\" decoding=\"async\" class=\"size-medium wp-image-31576\" src=\"https:\/\/www.askja-on-tour.ch\/wp-content\/uploads\/2026\/08\/Santarem_France-049-1024x768.jpg\" alt=\"\" width=\"1024\" height=\"768\" srcset=\"https:\/\/www.askja-on-tour.ch\/wp-content\/uploads\/2026\/08\/Santarem_France-049-1024x768.jpg 1024w, https:\/\/www.askja-on-tour.ch\/wp-content\/uploads\/2026\/08\/Santarem_France-049-1600x1200.jpg 1600w, https:\/\/www.askja-on-tour.ch\/wp-content\/uploads\/2026\/08\/Santarem_France-049-768x576.jpg 768w, https:\/\/www.askja-on-tour.ch\/wp-content\/uploads\/2026\/08\/Santarem_France-049-1536x1152.jpg 1536w, https:\/\/www.askja-on-tour.ch\/wp-content\/uploads\/2026\/08\/Santarem_France-049.jpg 2048w\" sizes=\"auto, (max-width: 1024px) 100vw, 1024px\" \/><figcaption id=\"caption-attachment-31576\" class=\"wp-caption-text\">Almeirim &#8211; der erste gr\u00f6ssere Ort<\/figcaption><\/figure>\n<figure id=\"attachment_31577\" aria-describedby=\"caption-attachment-31577\" style=\"width: 1024px\" class=\"wp-caption alignnone\"><img loading=\"lazy\" decoding=\"async\" class=\"size-medium wp-image-31577\" src=\"https:\/\/www.askja-on-tour.ch\/wp-content\/uploads\/2026\/08\/Santarem_France-050-1024x768.jpg\" alt=\"\" width=\"1024\" height=\"768\" srcset=\"https:\/\/www.askja-on-tour.ch\/wp-content\/uploads\/2026\/08\/Santarem_France-050-1024x768.jpg 1024w, https:\/\/www.askja-on-tour.ch\/wp-content\/uploads\/2026\/08\/Santarem_France-050-1600x1200.jpg 1600w, https:\/\/www.askja-on-tour.ch\/wp-content\/uploads\/2026\/08\/Santarem_France-050-768x576.jpg 768w, https:\/\/www.askja-on-tour.ch\/wp-content\/uploads\/2026\/08\/Santarem_France-050-1536x1152.jpg 1536w, https:\/\/www.askja-on-tour.ch\/wp-content\/uploads\/2026\/08\/Santarem_France-050.jpg 2048w\" sizes=\"auto, (max-width: 1024px) 100vw, 1024px\" \/><figcaption id=\"caption-attachment-31577\" class=\"wp-caption-text\">Passagiere kommen und gehen, gesch\u00e4ftst\u00fcchtige H\u00e4ndler bringen ihre Ware an die Passagiere<\/figcaption><\/figure>\n<p><img loading=\"lazy\" decoding=\"async\" class=\"alignnone size-medium wp-image-31578\" src=\"https:\/\/www.askja-on-tour.ch\/wp-content\/uploads\/2026\/08\/Santarem_France-051-1024x768.jpg\" alt=\"\" width=\"1024\" height=\"768\" srcset=\"https:\/\/www.askja-on-tour.ch\/wp-content\/uploads\/2026\/08\/Santarem_France-051-1024x768.jpg 1024w, https:\/\/www.askja-on-tour.ch\/wp-content\/uploads\/2026\/08\/Santarem_France-051-1600x1200.jpg 1600w, https:\/\/www.askja-on-tour.ch\/wp-content\/uploads\/2026\/08\/Santarem_France-051-768x576.jpg 768w, https:\/\/www.askja-on-tour.ch\/wp-content\/uploads\/2026\/08\/Santarem_France-051-1536x1152.jpg 1536w, https:\/\/www.askja-on-tour.ch\/wp-content\/uploads\/2026\/08\/Santarem_France-051.jpg 2048w\" sizes=\"auto, (max-width: 1024px) 100vw, 1024px\" \/><\/p>\n<figure id=\"attachment_31579\" aria-describedby=\"caption-attachment-31579\" style=\"width: 1024px\" class=\"wp-caption alignnone\"><img loading=\"lazy\" decoding=\"async\" class=\"size-medium wp-image-31579\" src=\"https:\/\/www.askja-on-tour.ch\/wp-content\/uploads\/2026\/08\/Santarem_France-052-1024x768.jpg\" alt=\"\" width=\"1024\" height=\"768\" srcset=\"https:\/\/www.askja-on-tour.ch\/wp-content\/uploads\/2026\/08\/Santarem_France-052-1024x768.jpg 1024w, https:\/\/www.askja-on-tour.ch\/wp-content\/uploads\/2026\/08\/Santarem_France-052-1600x1200.jpg 1600w, https:\/\/www.askja-on-tour.ch\/wp-content\/uploads\/2026\/08\/Santarem_France-052-768x576.jpg 768w, https:\/\/www.askja-on-tour.ch\/wp-content\/uploads\/2026\/08\/Santarem_France-052-1536x1152.jpg 1536w, https:\/\/www.askja-on-tour.ch\/wp-content\/uploads\/2026\/08\/Santarem_France-052.jpg 2048w\" sizes=\"auto, (max-width: 1024px) 100vw, 1024px\" \/><figcaption id=\"caption-attachment-31579\" class=\"wp-caption-text\">Verkauf von Frischk\u00e4se<\/figcaption><\/figure>\n<figure id=\"attachment_31580\" aria-describedby=\"caption-attachment-31580\" style=\"width: 768px\" class=\"wp-caption alignnone\"><img loading=\"lazy\" decoding=\"async\" class=\"size-medium wp-image-31580\" src=\"https:\/\/www.askja-on-tour.ch\/wp-content\/uploads\/2026\/08\/Santarem_France-053-768x1024.jpg\" alt=\"\" width=\"768\" height=\"1024\" srcset=\"https:\/\/www.askja-on-tour.ch\/wp-content\/uploads\/2026\/08\/Santarem_France-053-768x1024.jpg 768w, https:\/\/www.askja-on-tour.ch\/wp-content\/uploads\/2026\/08\/Santarem_France-053-1200x1600.jpg 1200w, https:\/\/www.askja-on-tour.ch\/wp-content\/uploads\/2026\/08\/Santarem_France-053-1152x1536.jpg 1152w, https:\/\/www.askja-on-tour.ch\/wp-content\/uploads\/2026\/08\/Santarem_France-053.jpg 1536w\" sizes=\"auto, (max-width: 768px) 100vw, 768px\" \/><figcaption id=\"caption-attachment-31580\" class=\"wp-caption-text\">Hier wird ein Ventilator von Bord gebracht<\/figcaption><\/figure>\n<figure id=\"attachment_31581\" aria-describedby=\"caption-attachment-31581\" style=\"width: 1024px\" class=\"wp-caption alignnone\"><img loading=\"lazy\" decoding=\"async\" class=\"size-medium wp-image-31581\" src=\"https:\/\/www.askja-on-tour.ch\/wp-content\/uploads\/2026\/08\/Santarem_France-054-1024x768.jpg\" alt=\"\" width=\"1024\" height=\"768\" srcset=\"https:\/\/www.askja-on-tour.ch\/wp-content\/uploads\/2026\/08\/Santarem_France-054-1024x768.jpg 1024w, https:\/\/www.askja-on-tour.ch\/wp-content\/uploads\/2026\/08\/Santarem_France-054-1600x1200.jpg 1600w, https:\/\/www.askja-on-tour.ch\/wp-content\/uploads\/2026\/08\/Santarem_France-054-768x576.jpg 768w, https:\/\/www.askja-on-tour.ch\/wp-content\/uploads\/2026\/08\/Santarem_France-054-1536x1152.jpg 1536w, https:\/\/www.askja-on-tour.ch\/wp-content\/uploads\/2026\/08\/Santarem_France-054.jpg 2048w\" sizes=\"auto, (max-width: 1024px) 100vw, 1024px\" \/><figcaption id=\"caption-attachment-31581\" class=\"wp-caption-text\">Schauen und Warten<\/figcaption><\/figure>\n<figure id=\"attachment_31582\" aria-describedby=\"caption-attachment-31582\" style=\"width: 1024px\" class=\"wp-caption alignnone\"><img loading=\"lazy\" decoding=\"async\" class=\"size-medium wp-image-31582\" src=\"https:\/\/www.askja-on-tour.ch\/wp-content\/uploads\/2026\/08\/Santarem_France-055-1024x768.jpg\" alt=\"\" width=\"1024\" height=\"768\" srcset=\"https:\/\/www.askja-on-tour.ch\/wp-content\/uploads\/2026\/08\/Santarem_France-055-1024x768.jpg 1024w, https:\/\/www.askja-on-tour.ch\/wp-content\/uploads\/2026\/08\/Santarem_France-055-1600x1200.jpg 1600w, https:\/\/www.askja-on-tour.ch\/wp-content\/uploads\/2026\/08\/Santarem_France-055-768x576.jpg 768w, https:\/\/www.askja-on-tour.ch\/wp-content\/uploads\/2026\/08\/Santarem_France-055-1536x1152.jpg 1536w, https:\/\/www.askja-on-tour.ch\/wp-content\/uploads\/2026\/08\/Santarem_France-055.jpg 2048w\" sizes=\"auto, (max-width: 1024px) 100vw, 1024px\" \/><figcaption id=\"caption-attachment-31582\" class=\"wp-caption-text\">jemand bekommt einen neuen K\u00fchlschrank<\/figcaption><\/figure>\n<p><img loading=\"lazy\" decoding=\"async\" class=\"alignnone size-medium wp-image-31583\" src=\"https:\/\/www.askja-on-tour.ch\/wp-content\/uploads\/2026\/08\/Santarem_France-056-1024x768.jpg\" alt=\"\" width=\"1024\" height=\"768\" srcset=\"https:\/\/www.askja-on-tour.ch\/wp-content\/uploads\/2026\/08\/Santarem_France-056-1024x768.jpg 1024w, https:\/\/www.askja-on-tour.ch\/wp-content\/uploads\/2026\/08\/Santarem_France-056-1600x1200.jpg 1600w, https:\/\/www.askja-on-tour.ch\/wp-content\/uploads\/2026\/08\/Santarem_France-056-768x576.jpg 768w, https:\/\/www.askja-on-tour.ch\/wp-content\/uploads\/2026\/08\/Santarem_France-056-1536x1152.jpg 1536w, https:\/\/www.askja-on-tour.ch\/wp-content\/uploads\/2026\/08\/Santarem_France-056.jpg 2048w\" sizes=\"auto, (max-width: 1024px) 100vw, 1024px\" \/><\/p>\n<figure id=\"attachment_31584\" aria-describedby=\"caption-attachment-31584\" style=\"width: 1024px\" class=\"wp-caption alignnone\"><img loading=\"lazy\" decoding=\"async\" class=\"size-medium wp-image-31584\" src=\"https:\/\/www.askja-on-tour.ch\/wp-content\/uploads\/2026\/08\/Santarem_France-057-1024x768.jpg\" alt=\"\" width=\"1024\" height=\"768\" srcset=\"https:\/\/www.askja-on-tour.ch\/wp-content\/uploads\/2026\/08\/Santarem_France-057-1024x768.jpg 1024w, https:\/\/www.askja-on-tour.ch\/wp-content\/uploads\/2026\/08\/Santarem_France-057-1600x1200.jpg 1600w, https:\/\/www.askja-on-tour.ch\/wp-content\/uploads\/2026\/08\/Santarem_France-057-768x576.jpg 768w, https:\/\/www.askja-on-tour.ch\/wp-content\/uploads\/2026\/08\/Santarem_France-057-1536x1152.jpg 1536w, https:\/\/www.askja-on-tour.ch\/wp-content\/uploads\/2026\/08\/Santarem_France-057.jpg 2048w\" sizes=\"auto, (max-width: 1024px) 100vw, 1024px\" \/><figcaption id=\"caption-attachment-31584\" class=\"wp-caption-text\">Diese holen per Boot etwas von der fahrenden F\u00e4hre ab<\/figcaption><\/figure>\n<p><img loading=\"lazy\" decoding=\"async\" class=\"alignnone size-medium wp-image-31585\" src=\"https:\/\/www.askja-on-tour.ch\/wp-content\/uploads\/2026\/08\/Santarem_France-058-1024x768.jpg\" alt=\"\" width=\"1024\" height=\"768\" srcset=\"https:\/\/www.askja-on-tour.ch\/wp-content\/uploads\/2026\/08\/Santarem_France-058-1024x768.jpg 1024w, https:\/\/www.askja-on-tour.ch\/wp-content\/uploads\/2026\/08\/Santarem_France-058-1600x1200.jpg 1600w, https:\/\/www.askja-on-tour.ch\/wp-content\/uploads\/2026\/08\/Santarem_France-058-768x576.jpg 768w, https:\/\/www.askja-on-tour.ch\/wp-content\/uploads\/2026\/08\/Santarem_France-058-1536x1152.jpg 1536w, https:\/\/www.askja-on-tour.ch\/wp-content\/uploads\/2026\/08\/Santarem_France-058.jpg 2048w\" sizes=\"auto, (max-width: 1024px) 100vw, 1024px\" \/> <img loading=\"lazy\" decoding=\"async\" class=\"alignnone size-medium wp-image-31587\" src=\"https:\/\/www.askja-on-tour.ch\/wp-content\/uploads\/2026\/08\/Santarem_France-060-1024x768.jpg\" alt=\"\" width=\"1024\" height=\"768\" srcset=\"https:\/\/www.askja-on-tour.ch\/wp-content\/uploads\/2026\/08\/Santarem_France-060-1024x768.jpg 1024w, https:\/\/www.askja-on-tour.ch\/wp-content\/uploads\/2026\/08\/Santarem_France-060-1600x1200.jpg 1600w, https:\/\/www.askja-on-tour.ch\/wp-content\/uploads\/2026\/08\/Santarem_France-060-768x576.jpg 768w, https:\/\/www.askja-on-tour.ch\/wp-content\/uploads\/2026\/08\/Santarem_France-060-1536x1152.jpg 1536w, https:\/\/www.askja-on-tour.ch\/wp-content\/uploads\/2026\/08\/Santarem_France-060.jpg 2048w\" sizes=\"auto, (max-width: 1024px) 100vw, 1024px\" \/> <img loading=\"lazy\" decoding=\"async\" class=\"alignnone size-medium wp-image-31588\" src=\"https:\/\/www.askja-on-tour.ch\/wp-content\/uploads\/2026\/08\/Santarem_France-061-1024x768.jpg\" alt=\"\" width=\"1024\" height=\"768\" srcset=\"https:\/\/www.askja-on-tour.ch\/wp-content\/uploads\/2026\/08\/Santarem_France-061-1024x768.jpg 1024w, https:\/\/www.askja-on-tour.ch\/wp-content\/uploads\/2026\/08\/Santarem_France-061-1600x1200.jpg 1600w, https:\/\/www.askja-on-tour.ch\/wp-content\/uploads\/2026\/08\/Santarem_France-061-768x576.jpg 768w, https:\/\/www.askja-on-tour.ch\/wp-content\/uploads\/2026\/08\/Santarem_France-061-1536x1152.jpg 1536w, https:\/\/www.askja-on-tour.ch\/wp-content\/uploads\/2026\/08\/Santarem_France-061.jpg 2048w\" sizes=\"auto, (max-width: 1024px) 100vw, 1024px\" \/><\/p>\n<figure id=\"attachment_31589\" aria-describedby=\"caption-attachment-31589\" style=\"width: 1024px\" class=\"wp-caption alignnone\"><img loading=\"lazy\" decoding=\"async\" class=\"size-medium wp-image-31589\" src=\"https:\/\/www.askja-on-tour.ch\/wp-content\/uploads\/2026\/08\/Santarem_France-062-1024x768.jpg\" alt=\"\" width=\"1024\" height=\"768\" srcset=\"https:\/\/www.askja-on-tour.ch\/wp-content\/uploads\/2026\/08\/Santarem_France-062-1024x768.jpg 1024w, https:\/\/www.askja-on-tour.ch\/wp-content\/uploads\/2026\/08\/Santarem_France-062-1600x1200.jpg 1600w, https:\/\/www.askja-on-tour.ch\/wp-content\/uploads\/2026\/08\/Santarem_France-062-768x576.jpg 768w, https:\/\/www.askja-on-tour.ch\/wp-content\/uploads\/2026\/08\/Santarem_France-062-1536x1152.jpg 1536w, https:\/\/www.askja-on-tour.ch\/wp-content\/uploads\/2026\/08\/Santarem_France-062.jpg 2048w\" sizes=\"auto, (max-width: 1024px) 100vw, 1024px\" \/><figcaption id=\"caption-attachment-31589\" class=\"wp-caption-text\">Almeirim &#8211; Abladen der grossen G\u00fcter, hier mussten wir kurzzeitig von Bord<\/figcaption><\/figure>\n<p><img loading=\"lazy\" decoding=\"async\" class=\"alignnone size-medium wp-image-31590\" src=\"https:\/\/www.askja-on-tour.ch\/wp-content\/uploads\/2026\/08\/Santarem_France-063-1024x768.jpg\" alt=\"\" width=\"1024\" height=\"768\" srcset=\"https:\/\/www.askja-on-tour.ch\/wp-content\/uploads\/2026\/08\/Santarem_France-063-1024x768.jpg 1024w, https:\/\/www.askja-on-tour.ch\/wp-content\/uploads\/2026\/08\/Santarem_France-063-1600x1200.jpg 1600w, https:\/\/www.askja-on-tour.ch\/wp-content\/uploads\/2026\/08\/Santarem_France-063-768x576.jpg 768w, https:\/\/www.askja-on-tour.ch\/wp-content\/uploads\/2026\/08\/Santarem_France-063-1536x1152.jpg 1536w, https:\/\/www.askja-on-tour.ch\/wp-content\/uploads\/2026\/08\/Santarem_France-063.jpg 2048w\" sizes=\"auto, (max-width: 1024px) 100vw, 1024px\" \/> <img loading=\"lazy\" decoding=\"async\" class=\"alignnone size-medium wp-image-31591\" src=\"https:\/\/www.askja-on-tour.ch\/wp-content\/uploads\/2026\/08\/Santarem_France-064-1024x768.jpg\" alt=\"\" width=\"1024\" height=\"768\" srcset=\"https:\/\/www.askja-on-tour.ch\/wp-content\/uploads\/2026\/08\/Santarem_France-064-1024x768.jpg 1024w, https:\/\/www.askja-on-tour.ch\/wp-content\/uploads\/2026\/08\/Santarem_France-064-1600x1200.jpg 1600w, https:\/\/www.askja-on-tour.ch\/wp-content\/uploads\/2026\/08\/Santarem_France-064-768x576.jpg 768w, https:\/\/www.askja-on-tour.ch\/wp-content\/uploads\/2026\/08\/Santarem_France-064-1536x1152.jpg 1536w, https:\/\/www.askja-on-tour.ch\/wp-content\/uploads\/2026\/08\/Santarem_France-064.jpg 2048w\" sizes=\"auto, (max-width: 1024px) 100vw, 1024px\" \/> <img loading=\"lazy\" decoding=\"async\" class=\"alignnone size-medium wp-image-31592\" src=\"https:\/\/www.askja-on-tour.ch\/wp-content\/uploads\/2026\/08\/Santarem_France-065-1024x768.jpg\" alt=\"\" width=\"1024\" height=\"768\" srcset=\"https:\/\/www.askja-on-tour.ch\/wp-content\/uploads\/2026\/08\/Santarem_France-065-1024x768.jpg 1024w, https:\/\/www.askja-on-tour.ch\/wp-content\/uploads\/2026\/08\/Santarem_France-065-1600x1200.jpg 1600w, https:\/\/www.askja-on-tour.ch\/wp-content\/uploads\/2026\/08\/Santarem_France-065-768x576.jpg 768w, https:\/\/www.askja-on-tour.ch\/wp-content\/uploads\/2026\/08\/Santarem_France-065-1536x1152.jpg 1536w, https:\/\/www.askja-on-tour.ch\/wp-content\/uploads\/2026\/08\/Santarem_France-065.jpg 2048w\" sizes=\"auto, (max-width: 1024px) 100vw, 1024px\" \/> <img loading=\"lazy\" decoding=\"async\" class=\"alignnone size-medium wp-image-31593\" src=\"https:\/\/www.askja-on-tour.ch\/wp-content\/uploads\/2026\/08\/Santarem_France-066-1024x768.jpg\" alt=\"\" width=\"1024\" height=\"768\" srcset=\"https:\/\/www.askja-on-tour.ch\/wp-content\/uploads\/2026\/08\/Santarem_France-066-1024x768.jpg 1024w, https:\/\/www.askja-on-tour.ch\/wp-content\/uploads\/2026\/08\/Santarem_France-066-1600x1200.jpg 1600w, https:\/\/www.askja-on-tour.ch\/wp-content\/uploads\/2026\/08\/Santarem_France-066-768x576.jpg 768w, https:\/\/www.askja-on-tour.ch\/wp-content\/uploads\/2026\/08\/Santarem_France-066-1536x1152.jpg 1536w, https:\/\/www.askja-on-tour.ch\/wp-content\/uploads\/2026\/08\/Santarem_France-066.jpg 2048w\" sizes=\"auto, (max-width: 1024px) 100vw, 1024px\" \/><\/p>\n<figure id=\"attachment_31594\" aria-describedby=\"caption-attachment-31594\" style=\"width: 768px\" class=\"wp-caption alignnone\"><img loading=\"lazy\" decoding=\"async\" class=\"size-medium wp-image-31594\" src=\"https:\/\/www.askja-on-tour.ch\/wp-content\/uploads\/2026\/08\/Santarem_France-067-768x1024.jpg\" alt=\"\" width=\"768\" height=\"1024\" srcset=\"https:\/\/www.askja-on-tour.ch\/wp-content\/uploads\/2026\/08\/Santarem_France-067-768x1024.jpg 768w, https:\/\/www.askja-on-tour.ch\/wp-content\/uploads\/2026\/08\/Santarem_France-067-1200x1600.jpg 1200w, https:\/\/www.askja-on-tour.ch\/wp-content\/uploads\/2026\/08\/Santarem_France-067-1152x1536.jpg 1152w, https:\/\/www.askja-on-tour.ch\/wp-content\/uploads\/2026\/08\/Santarem_France-067.jpg 1536w\" sizes=\"auto, (max-width: 768px) 100vw, 768px\" \/><figcaption id=\"caption-attachment-31594\" class=\"wp-caption-text\">all das wird abgeladen f\u00fcr einen Kunden<\/figcaption><\/figure>\n<figure id=\"attachment_31595\" aria-describedby=\"caption-attachment-31595\" style=\"width: 1024px\" class=\"wp-caption alignnone\"><img loading=\"lazy\" decoding=\"async\" class=\"size-medium wp-image-31595\" src=\"https:\/\/www.askja-on-tour.ch\/wp-content\/uploads\/2026\/08\/Santarem_France-068-1024x768.jpg\" alt=\"\" width=\"1024\" height=\"768\" srcset=\"https:\/\/www.askja-on-tour.ch\/wp-content\/uploads\/2026\/08\/Santarem_France-068-1024x768.jpg 1024w, https:\/\/www.askja-on-tour.ch\/wp-content\/uploads\/2026\/08\/Santarem_France-068-1600x1200.jpg 1600w, https:\/\/www.askja-on-tour.ch\/wp-content\/uploads\/2026\/08\/Santarem_France-068-768x576.jpg 768w, https:\/\/www.askja-on-tour.ch\/wp-content\/uploads\/2026\/08\/Santarem_France-068-1536x1152.jpg 1536w, https:\/\/www.askja-on-tour.ch\/wp-content\/uploads\/2026\/08\/Santarem_France-068.jpg 2048w\" sizes=\"auto, (max-width: 1024px) 100vw, 1024px\" \/><figcaption id=\"caption-attachment-31595\" class=\"wp-caption-text\">Der Stapelfahrer war gefordert<\/figcaption><\/figure>\n<p><img loading=\"lazy\" decoding=\"async\" class=\"alignnone size-medium wp-image-31596\" src=\"https:\/\/www.askja-on-tour.ch\/wp-content\/uploads\/2026\/08\/Santarem_France-069-1024x768.jpg\" alt=\"\" width=\"1024\" height=\"768\" srcset=\"https:\/\/www.askja-on-tour.ch\/wp-content\/uploads\/2026\/08\/Santarem_France-069-1024x768.jpg 1024w, https:\/\/www.askja-on-tour.ch\/wp-content\/uploads\/2026\/08\/Santarem_France-069-1600x1200.jpg 1600w, https:\/\/www.askja-on-tour.ch\/wp-content\/uploads\/2026\/08\/Santarem_France-069-768x576.jpg 768w, https:\/\/www.askja-on-tour.ch\/wp-content\/uploads\/2026\/08\/Santarem_France-069-1536x1152.jpg 1536w, https:\/\/www.askja-on-tour.ch\/wp-content\/uploads\/2026\/08\/Santarem_France-069.jpg 2048w\" sizes=\"auto, (max-width: 1024px) 100vw, 1024px\" \/> <img loading=\"lazy\" decoding=\"async\" class=\"alignnone size-medium wp-image-31597\" src=\"https:\/\/www.askja-on-tour.ch\/wp-content\/uploads\/2026\/08\/Santarem_France-070-768x1024.jpg\" alt=\"\" width=\"768\" height=\"1024\" srcset=\"https:\/\/www.askja-on-tour.ch\/wp-content\/uploads\/2026\/08\/Santarem_France-070-768x1024.jpg 768w, https:\/\/www.askja-on-tour.ch\/wp-content\/uploads\/2026\/08\/Santarem_France-070-1200x1600.jpg 1200w, https:\/\/www.askja-on-tour.ch\/wp-content\/uploads\/2026\/08\/Santarem_France-070-1152x1536.jpg 1152w, https:\/\/www.askja-on-tour.ch\/wp-content\/uploads\/2026\/08\/Santarem_France-070.jpg 1536w\" sizes=\"auto, (max-width: 768px) 100vw, 768px\" \/> <img loading=\"lazy\" decoding=\"async\" class=\"alignnone size-medium wp-image-31598\" src=\"https:\/\/www.askja-on-tour.ch\/wp-content\/uploads\/2026\/08\/Santarem_France-071-1024x768.jpg\" alt=\"\" width=\"1024\" height=\"768\" srcset=\"https:\/\/www.askja-on-tour.ch\/wp-content\/uploads\/2026\/08\/Santarem_France-071-1024x768.jpg 1024w, https:\/\/www.askja-on-tour.ch\/wp-content\/uploads\/2026\/08\/Santarem_France-071-1600x1200.jpg 1600w, https:\/\/www.askja-on-tour.ch\/wp-content\/uploads\/2026\/08\/Santarem_France-071-768x576.jpg 768w, https:\/\/www.askja-on-tour.ch\/wp-content\/uploads\/2026\/08\/Santarem_France-071-1536x1152.jpg 1536w, https:\/\/www.askja-on-tour.ch\/wp-content\/uploads\/2026\/08\/Santarem_France-071.jpg 2048w\" sizes=\"auto, (max-width: 1024px) 100vw, 1024px\" \/> <img loading=\"lazy\" decoding=\"async\" class=\"alignnone size-medium wp-image-31599\" src=\"https:\/\/www.askja-on-tour.ch\/wp-content\/uploads\/2026\/08\/Santarem_France-072-768x1024.jpg\" alt=\"\" width=\"768\" height=\"1024\" srcset=\"https:\/\/www.askja-on-tour.ch\/wp-content\/uploads\/2026\/08\/Santarem_France-072-768x1024.jpg 768w, https:\/\/www.askja-on-tour.ch\/wp-content\/uploads\/2026\/08\/Santarem_France-072-1200x1600.jpg 1200w, https:\/\/www.askja-on-tour.ch\/wp-content\/uploads\/2026\/08\/Santarem_France-072-1152x1536.jpg 1152w, https:\/\/www.askja-on-tour.ch\/wp-content\/uploads\/2026\/08\/Santarem_France-072.jpg 1536w\" sizes=\"auto, (max-width: 768px) 100vw, 768px\" \/> <img loading=\"lazy\" decoding=\"async\" class=\"alignnone size-medium wp-image-31600\" src=\"https:\/\/www.askja-on-tour.ch\/wp-content\/uploads\/2026\/08\/Santarem_France-073-1024x768.jpg\" alt=\"\" width=\"1024\" height=\"768\" srcset=\"https:\/\/www.askja-on-tour.ch\/wp-content\/uploads\/2026\/08\/Santarem_France-073-1024x768.jpg 1024w, https:\/\/www.askja-on-tour.ch\/wp-content\/uploads\/2026\/08\/Santarem_France-073-1600x1200.jpg 1600w, https:\/\/www.askja-on-tour.ch\/wp-content\/uploads\/2026\/08\/Santarem_France-073-768x576.jpg 768w, https:\/\/www.askja-on-tour.ch\/wp-content\/uploads\/2026\/08\/Santarem_France-073-1536x1152.jpg 1536w, https:\/\/www.askja-on-tour.ch\/wp-content\/uploads\/2026\/08\/Santarem_France-073.jpg 2048w\" sizes=\"auto, (max-width: 1024px) 100vw, 1024px\" \/><\/p>\n<figure id=\"attachment_31601\" aria-describedby=\"caption-attachment-31601\" style=\"width: 1024px\" class=\"wp-caption alignnone\"><img loading=\"lazy\" decoding=\"async\" class=\"size-medium wp-image-31601\" src=\"https:\/\/www.askja-on-tour.ch\/wp-content\/uploads\/2026\/08\/Santarem_France-074-1024x768.jpg\" alt=\"\" width=\"1024\" height=\"768\" srcset=\"https:\/\/www.askja-on-tour.ch\/wp-content\/uploads\/2026\/08\/Santarem_France-074-1024x768.jpg 1024w, https:\/\/www.askja-on-tour.ch\/wp-content\/uploads\/2026\/08\/Santarem_France-074-1600x1200.jpg 1600w, https:\/\/www.askja-on-tour.ch\/wp-content\/uploads\/2026\/08\/Santarem_France-074-768x576.jpg 768w, https:\/\/www.askja-on-tour.ch\/wp-content\/uploads\/2026\/08\/Santarem_France-074-1536x1152.jpg 1536w, https:\/\/www.askja-on-tour.ch\/wp-content\/uploads\/2026\/08\/Santarem_France-074.jpg 2048w\" sizes=\"auto, (max-width: 1024px) 100vw, 1024px\" \/><figcaption id=\"caption-attachment-31601\" class=\"wp-caption-text\">Am anderen Dock wird fangfrischer Fisch ausgeladen und auf Eis gelegt f\u00fcr den Weitertransport. Es sind Doraden, so wurde uns erkl\u00e4rt<\/figcaption><\/figure>\n<p><img loading=\"lazy\" decoding=\"async\" class=\"alignnone size-medium wp-image-31602\" src=\"https:\/\/www.askja-on-tour.ch\/wp-content\/uploads\/2026\/08\/Santarem_France-075-768x1024.jpg\" alt=\"\" width=\"768\" height=\"1024\" srcset=\"https:\/\/www.askja-on-tour.ch\/wp-content\/uploads\/2026\/08\/Santarem_France-075-768x1024.jpg 768w, https:\/\/www.askja-on-tour.ch\/wp-content\/uploads\/2026\/08\/Santarem_France-075-1200x1600.jpg 1200w, https:\/\/www.askja-on-tour.ch\/wp-content\/uploads\/2026\/08\/Santarem_France-075-1152x1536.jpg 1152w, https:\/\/www.askja-on-tour.ch\/wp-content\/uploads\/2026\/08\/Santarem_France-075.jpg 1536w\" sizes=\"auto, (max-width: 768px) 100vw, 768px\" \/> <img loading=\"lazy\" decoding=\"async\" class=\"alignnone size-medium wp-image-31603\" src=\"https:\/\/www.askja-on-tour.ch\/wp-content\/uploads\/2026\/08\/Santarem_France-076-1024x768.jpg\" alt=\"\" width=\"1024\" height=\"768\" srcset=\"https:\/\/www.askja-on-tour.ch\/wp-content\/uploads\/2026\/08\/Santarem_France-076-1024x768.jpg 1024w, https:\/\/www.askja-on-tour.ch\/wp-content\/uploads\/2026\/08\/Santarem_France-076-1600x1200.jpg 1600w, https:\/\/www.askja-on-tour.ch\/wp-content\/uploads\/2026\/08\/Santarem_France-076-768x576.jpg 768w, https:\/\/www.askja-on-tour.ch\/wp-content\/uploads\/2026\/08\/Santarem_France-076-1536x1152.jpg 1536w, https:\/\/www.askja-on-tour.ch\/wp-content\/uploads\/2026\/08\/Santarem_France-076.jpg 2048w\" sizes=\"auto, (max-width: 1024px) 100vw, 1024px\" \/> <img loading=\"lazy\" decoding=\"async\" class=\"alignnone size-medium wp-image-31604\" src=\"https:\/\/www.askja-on-tour.ch\/wp-content\/uploads\/2026\/08\/Santarem_France-077-1024x768.jpg\" alt=\"\" width=\"1024\" height=\"768\" srcset=\"https:\/\/www.askja-on-tour.ch\/wp-content\/uploads\/2026\/08\/Santarem_France-077-1024x768.jpg 1024w, https:\/\/www.askja-on-tour.ch\/wp-content\/uploads\/2026\/08\/Santarem_France-077-1600x1200.jpg 1600w, https:\/\/www.askja-on-tour.ch\/wp-content\/uploads\/2026\/08\/Santarem_France-077-768x576.jpg 768w, https:\/\/www.askja-on-tour.ch\/wp-content\/uploads\/2026\/08\/Santarem_France-077-1536x1152.jpg 1536w, https:\/\/www.askja-on-tour.ch\/wp-content\/uploads\/2026\/08\/Santarem_France-077.jpg 2048w\" sizes=\"auto, (max-width: 1024px) 100vw, 1024px\" \/><\/p>\n<figure id=\"attachment_31605\" aria-describedby=\"caption-attachment-31605\" style=\"width: 768px\" class=\"wp-caption alignnone\"><img loading=\"lazy\" decoding=\"async\" class=\"size-medium wp-image-31605\" src=\"https:\/\/www.askja-on-tour.ch\/wp-content\/uploads\/2026\/08\/Santarem_France-078-768x1024.jpg\" alt=\"\" width=\"768\" height=\"1024\" srcset=\"https:\/\/www.askja-on-tour.ch\/wp-content\/uploads\/2026\/08\/Santarem_France-078-768x1024.jpg 768w, https:\/\/www.askja-on-tour.ch\/wp-content\/uploads\/2026\/08\/Santarem_France-078-1200x1600.jpg 1200w, https:\/\/www.askja-on-tour.ch\/wp-content\/uploads\/2026\/08\/Santarem_France-078-1152x1536.jpg 1152w, https:\/\/www.askja-on-tour.ch\/wp-content\/uploads\/2026\/08\/Santarem_France-078.jpg 1536w\" sizes=\"auto, (max-width: 768px) 100vw, 768px\" \/><figcaption id=\"caption-attachment-31605\" class=\"wp-caption-text\">Und nach dem grossen Abladen haben wir Pole-Position und viel Platz<\/figcaption><\/figure>\n<p><img loading=\"lazy\" decoding=\"async\" class=\"alignnone size-medium wp-image-31606\" src=\"https:\/\/www.askja-on-tour.ch\/wp-content\/uploads\/2026\/08\/Santarem_France-079-1024x768.jpg\" alt=\"\" width=\"1024\" height=\"768\" srcset=\"https:\/\/www.askja-on-tour.ch\/wp-content\/uploads\/2026\/08\/Santarem_France-079-1024x768.jpg 1024w, https:\/\/www.askja-on-tour.ch\/wp-content\/uploads\/2026\/08\/Santarem_France-079-1600x1200.jpg 1600w, https:\/\/www.askja-on-tour.ch\/wp-content\/uploads\/2026\/08\/Santarem_France-079-768x576.jpg 768w, https:\/\/www.askja-on-tour.ch\/wp-content\/uploads\/2026\/08\/Santarem_France-079-1536x1152.jpg 1536w, https:\/\/www.askja-on-tour.ch\/wp-content\/uploads\/2026\/08\/Santarem_France-079.jpg 2048w\" sizes=\"auto, (max-width: 1024px) 100vw, 1024px\" \/> <img loading=\"lazy\" decoding=\"async\" class=\"alignnone size-medium wp-image-31607\" src=\"https:\/\/www.askja-on-tour.ch\/wp-content\/uploads\/2026\/08\/Santarem_France-080-1024x768.jpg\" alt=\"\" width=\"1024\" height=\"768\" srcset=\"https:\/\/www.askja-on-tour.ch\/wp-content\/uploads\/2026\/08\/Santarem_France-080-1024x768.jpg 1024w, https:\/\/www.askja-on-tour.ch\/wp-content\/uploads\/2026\/08\/Santarem_France-080-1600x1200.jpg 1600w, https:\/\/www.askja-on-tour.ch\/wp-content\/uploads\/2026\/08\/Santarem_France-080-768x576.jpg 768w, https:\/\/www.askja-on-tour.ch\/wp-content\/uploads\/2026\/08\/Santarem_France-080-1536x1152.jpg 1536w, https:\/\/www.askja-on-tour.ch\/wp-content\/uploads\/2026\/08\/Santarem_France-080.jpg 2048w\" sizes=\"auto, (max-width: 1024px) 100vw, 1024px\" \/><\/p>\n<figure id=\"attachment_31608\" aria-describedby=\"caption-attachment-31608\" style=\"width: 1024px\" class=\"wp-caption alignnone\"><img loading=\"lazy\" decoding=\"async\" class=\"size-medium wp-image-31608\" src=\"https:\/\/www.askja-on-tour.ch\/wp-content\/uploads\/2026\/08\/Santarem_France-081-1024x768.jpg\" alt=\"\" width=\"1024\" height=\"768\" srcset=\"https:\/\/www.askja-on-tour.ch\/wp-content\/uploads\/2026\/08\/Santarem_France-081-1024x768.jpg 1024w, https:\/\/www.askja-on-tour.ch\/wp-content\/uploads\/2026\/08\/Santarem_France-081-1600x1200.jpg 1600w, https:\/\/www.askja-on-tour.ch\/wp-content\/uploads\/2026\/08\/Santarem_France-081-768x576.jpg 768w, https:\/\/www.askja-on-tour.ch\/wp-content\/uploads\/2026\/08\/Santarem_France-081-1536x1152.jpg 1536w, https:\/\/www.askja-on-tour.ch\/wp-content\/uploads\/2026\/08\/Santarem_France-081.jpg 2048w\" sizes=\"auto, (max-width: 1024px) 100vw, 1024px\" \/><figcaption id=\"caption-attachment-31608\" class=\"wp-caption-text\">Sonnenuntergang &#8211; auch wenn es etwas wolking ist<\/figcaption><\/figure>\n<figure id=\"attachment_31609\" aria-describedby=\"caption-attachment-31609\" style=\"width: 1024px\" class=\"wp-caption alignnone\"><img loading=\"lazy\" decoding=\"async\" class=\"size-medium wp-image-31609\" src=\"https:\/\/www.askja-on-tour.ch\/wp-content\/uploads\/2026\/08\/Santarem_France-082-1024x768.jpg\" alt=\"\" width=\"1024\" height=\"768\" srcset=\"https:\/\/www.askja-on-tour.ch\/wp-content\/uploads\/2026\/08\/Santarem_France-082-1024x768.jpg 1024w, https:\/\/www.askja-on-tour.ch\/wp-content\/uploads\/2026\/08\/Santarem_France-082-1600x1200.jpg 1600w, https:\/\/www.askja-on-tour.ch\/wp-content\/uploads\/2026\/08\/Santarem_France-082-768x576.jpg 768w, https:\/\/www.askja-on-tour.ch\/wp-content\/uploads\/2026\/08\/Santarem_France-082-1536x1152.jpg 1536w, https:\/\/www.askja-on-tour.ch\/wp-content\/uploads\/2026\/08\/Santarem_France-082.jpg 2048w\" sizes=\"auto, (max-width: 1024px) 100vw, 1024px\" \/><figcaption id=\"caption-attachment-31609\" class=\"wp-caption-text\">Hafen in Macap\u00e0<\/figcaption><\/figure>\n<figure id=\"attachment_31610\" aria-describedby=\"caption-attachment-31610\" style=\"width: 1024px\" class=\"wp-caption alignnone\"><img loading=\"lazy\" decoding=\"async\" class=\"size-medium wp-image-31610\" src=\"https:\/\/www.askja-on-tour.ch\/wp-content\/uploads\/2026\/08\/Santarem_France-083-1024x768.jpg\" alt=\"\" width=\"1024\" height=\"768\" srcset=\"https:\/\/www.askja-on-tour.ch\/wp-content\/uploads\/2026\/08\/Santarem_France-083-1024x768.jpg 1024w, https:\/\/www.askja-on-tour.ch\/wp-content\/uploads\/2026\/08\/Santarem_France-083-1600x1200.jpg 1600w, https:\/\/www.askja-on-tour.ch\/wp-content\/uploads\/2026\/08\/Santarem_France-083-768x576.jpg 768w, https:\/\/www.askja-on-tour.ch\/wp-content\/uploads\/2026\/08\/Santarem_France-083-1536x1152.jpg 1536w, https:\/\/www.askja-on-tour.ch\/wp-content\/uploads\/2026\/08\/Santarem_France-083.jpg 2048w\" sizes=\"auto, (max-width: 1024px) 100vw, 1024px\" \/><figcaption id=\"caption-attachment-31610\" class=\"wp-caption-text\">Unsere F\u00e4hre, ehe sie wieder nach Santarem zur\u00fcckf\u00e4hrt<\/figcaption><\/figure>\n\n\n\n<p class=\"wp-block-paragraph\">Ein tolles Erlebnis auf dem Amazonas zu schippern. Der Amazonas ist gemessen an der Wassermenge der gr\u00f6sste Fluss der Welt, in Bezug auf die L\u00e4nge von fast 7\u2018000 km ist er hinter dem Nil der zweitl\u00e4ngste Fluss. An der breitesten Stelle ist der Amazonas bis zu 50 km breit. F\u00fcr uns sind die Dimensionen nicht fassbar.<\/p>\n\n\n\n<p class=\"wp-block-paragraph\">Macap\u00e1 liegt direkt am \u00c4quator und der M\u00fcndung des Amazonas. Nat\u00fcrlich ist auch da ein \u00c4quator-Monument zu finden \u2013 das dritte Mal, dass wir den \u00c4quator \u00fcberquert haben (vorher in Kenya und in Uganda). Hier standen wir am \u201eParque do Meio do Mundo\u201c (Park der Mitte der Welt), direkt bei ein paar Streetfood-St\u00e4nden, deren Angebot wir am Abend \u2013 nachdem der grosse Regenschutt vorbei war \u2013 genossen haben.<\/p>\n\n\n\n<figure id=\"attachment_31615\" aria-describedby=\"caption-attachment-31615\" style=\"width: 1024px\" class=\"wp-caption alignnone\"><img loading=\"lazy\" decoding=\"async\" class=\"size-medium wp-image-31615\" src=\"https:\/\/www.askja-on-tour.ch\/wp-content\/uploads\/2026\/08\/Santarem_France-088-1024x768.jpg\" alt=\"\" width=\"1024\" height=\"768\" srcset=\"https:\/\/www.askja-on-tour.ch\/wp-content\/uploads\/2026\/08\/Santarem_France-088-1024x768.jpg 1024w, https:\/\/www.askja-on-tour.ch\/wp-content\/uploads\/2026\/08\/Santarem_France-088-1600x1200.jpg 1600w, https:\/\/www.askja-on-tour.ch\/wp-content\/uploads\/2026\/08\/Santarem_France-088-768x576.jpg 768w, https:\/\/www.askja-on-tour.ch\/wp-content\/uploads\/2026\/08\/Santarem_France-088-1536x1152.jpg 1536w, https:\/\/www.askja-on-tour.ch\/wp-content\/uploads\/2026\/08\/Santarem_France-088.jpg 2048w\" sizes=\"auto, (max-width: 1024px) 100vw, 1024px\" \/><figcaption id=\"caption-attachment-31615\" class=\"wp-caption-text\">Am &#8222;Parque do Meio do Mundo&#8220;<\/figcaption><\/figure>\n<figure id=\"attachment_31616\" aria-describedby=\"caption-attachment-31616\" style=\"width: 1024px\" class=\"wp-caption alignnone\"><img loading=\"lazy\" decoding=\"async\" class=\"size-medium wp-image-31616\" src=\"https:\/\/www.askja-on-tour.ch\/wp-content\/uploads\/2026\/08\/Santarem_France-089-1024x768.jpg\" alt=\"\" width=\"1024\" height=\"768\" srcset=\"https:\/\/www.askja-on-tour.ch\/wp-content\/uploads\/2026\/08\/Santarem_France-089-1024x768.jpg 1024w, https:\/\/www.askja-on-tour.ch\/wp-content\/uploads\/2026\/08\/Santarem_France-089-1600x1200.jpg 1600w, https:\/\/www.askja-on-tour.ch\/wp-content\/uploads\/2026\/08\/Santarem_France-089-768x576.jpg 768w, https:\/\/www.askja-on-tour.ch\/wp-content\/uploads\/2026\/08\/Santarem_France-089-1536x1152.jpg 1536w, https:\/\/www.askja-on-tour.ch\/wp-content\/uploads\/2026\/08\/Santarem_France-089.jpg 2048w\" sizes=\"auto, (max-width: 1024px) 100vw, 1024px\" \/><figcaption id=\"caption-attachment-31616\" class=\"wp-caption-text\">Das Kulturzentrum<\/figcaption><\/figure>\n<figure id=\"attachment_31614\" aria-describedby=\"caption-attachment-31614\" style=\"width: 768px\" class=\"wp-caption alignnone\"><img loading=\"lazy\" decoding=\"async\" class=\"size-medium wp-image-31614\" src=\"https:\/\/www.askja-on-tour.ch\/wp-content\/uploads\/2026\/08\/Santarem_France-087-768x1024.jpg\" alt=\"\" width=\"768\" height=\"1024\" srcset=\"https:\/\/www.askja-on-tour.ch\/wp-content\/uploads\/2026\/08\/Santarem_France-087-768x1024.jpg 768w, https:\/\/www.askja-on-tour.ch\/wp-content\/uploads\/2026\/08\/Santarem_France-087-1200x1600.jpg 1200w, https:\/\/www.askja-on-tour.ch\/wp-content\/uploads\/2026\/08\/Santarem_France-087-1152x1536.jpg 1152w, https:\/\/www.askja-on-tour.ch\/wp-content\/uploads\/2026\/08\/Santarem_France-087.jpg 1536w\" sizes=\"auto, (max-width: 768px) 100vw, 768px\" \/><figcaption id=\"caption-attachment-31614\" class=\"wp-caption-text\">Das Wappen von Macap\u00e0<\/figcaption><\/figure>\n<figure id=\"attachment_31617\" aria-describedby=\"caption-attachment-31617\" style=\"width: 1024px\" class=\"wp-caption alignnone\"><img loading=\"lazy\" decoding=\"async\" class=\"size-medium wp-image-31617\" src=\"https:\/\/www.askja-on-tour.ch\/wp-content\/uploads\/2026\/08\/Santarem_France-090-1024x768.jpg\" alt=\"\" width=\"1024\" height=\"768\" srcset=\"https:\/\/www.askja-on-tour.ch\/wp-content\/uploads\/2026\/08\/Santarem_France-090-1024x768.jpg 1024w, https:\/\/www.askja-on-tour.ch\/wp-content\/uploads\/2026\/08\/Santarem_France-090-1600x1200.jpg 1600w, https:\/\/www.askja-on-tour.ch\/wp-content\/uploads\/2026\/08\/Santarem_France-090-768x576.jpg 768w, https:\/\/www.askja-on-tour.ch\/wp-content\/uploads\/2026\/08\/Santarem_France-090-1536x1152.jpg 1536w, https:\/\/www.askja-on-tour.ch\/wp-content\/uploads\/2026\/08\/Santarem_France-090.jpg 2048w\" sizes=\"auto, (max-width: 1024px) 100vw, 1024px\" \/><figcaption id=\"caption-attachment-31617\" class=\"wp-caption-text\">Parque do Meio do Mundo &#8211; ein Erlebnispark f\u00fcr Kinder mit sch\u00f6nen Figuren aus Beton, welche die Tierwelt des Amazonas zeigt<\/figcaption><\/figure>\n<p><img loading=\"lazy\" decoding=\"async\" class=\"alignnone size-medium wp-image-31618\" src=\"https:\/\/www.askja-on-tour.ch\/wp-content\/uploads\/2026\/08\/Santarem_France-091-1024x768.jpg\" alt=\"\" width=\"1024\" height=\"768\" srcset=\"https:\/\/www.askja-on-tour.ch\/wp-content\/uploads\/2026\/08\/Santarem_France-091-1024x768.jpg 1024w, https:\/\/www.askja-on-tour.ch\/wp-content\/uploads\/2026\/08\/Santarem_France-091-1600x1200.jpg 1600w, https:\/\/www.askja-on-tour.ch\/wp-content\/uploads\/2026\/08\/Santarem_France-091-768x576.jpg 768w, https:\/\/www.askja-on-tour.ch\/wp-content\/uploads\/2026\/08\/Santarem_France-091-1536x1152.jpg 1536w, https:\/\/www.askja-on-tour.ch\/wp-content\/uploads\/2026\/08\/Santarem_France-091.jpg 2048w\" sizes=\"auto, (max-width: 1024px) 100vw, 1024px\" \/> <img loading=\"lazy\" decoding=\"async\" class=\"alignnone size-medium wp-image-31619\" src=\"https:\/\/www.askja-on-tour.ch\/wp-content\/uploads\/2026\/08\/Santarem_France-092-1024x768.jpg\" alt=\"\" width=\"1024\" height=\"768\" srcset=\"https:\/\/www.askja-on-tour.ch\/wp-content\/uploads\/2026\/08\/Santarem_France-092-1024x768.jpg 1024w, https:\/\/www.askja-on-tour.ch\/wp-content\/uploads\/2026\/08\/Santarem_France-092-1600x1200.jpg 1600w, https:\/\/www.askja-on-tour.ch\/wp-content\/uploads\/2026\/08\/Santarem_France-092-768x576.jpg 768w, https:\/\/www.askja-on-tour.ch\/wp-content\/uploads\/2026\/08\/Santarem_France-092-1536x1152.jpg 1536w, https:\/\/www.askja-on-tour.ch\/wp-content\/uploads\/2026\/08\/Santarem_France-092.jpg 2048w\" sizes=\"auto, (max-width: 1024px) 100vw, 1024px\" \/> <img loading=\"lazy\" decoding=\"async\" class=\"alignnone size-medium wp-image-31620\" src=\"https:\/\/www.askja-on-tour.ch\/wp-content\/uploads\/2026\/08\/Santarem_France-093-1024x768.jpg\" alt=\"\" width=\"1024\" height=\"768\" srcset=\"https:\/\/www.askja-on-tour.ch\/wp-content\/uploads\/2026\/08\/Santarem_France-093-1024x768.jpg 1024w, https:\/\/www.askja-on-tour.ch\/wp-content\/uploads\/2026\/08\/Santarem_France-093-1600x1200.jpg 1600w, https:\/\/www.askja-on-tour.ch\/wp-content\/uploads\/2026\/08\/Santarem_France-093-768x576.jpg 768w, https:\/\/www.askja-on-tour.ch\/wp-content\/uploads\/2026\/08\/Santarem_France-093-1536x1152.jpg 1536w, https:\/\/www.askja-on-tour.ch\/wp-content\/uploads\/2026\/08\/Santarem_France-093.jpg 2048w\" sizes=\"auto, (max-width: 1024px) 100vw, 1024px\" \/> <img loading=\"lazy\" decoding=\"async\" class=\"alignnone size-medium wp-image-31621\" src=\"https:\/\/www.askja-on-tour.ch\/wp-content\/uploads\/2026\/08\/Santarem_France-094-1024x768.jpg\" alt=\"\" width=\"1024\" height=\"768\" srcset=\"https:\/\/www.askja-on-tour.ch\/wp-content\/uploads\/2026\/08\/Santarem_France-094-1024x768.jpg 1024w, https:\/\/www.askja-on-tour.ch\/wp-content\/uploads\/2026\/08\/Santarem_France-094-1600x1200.jpg 1600w, https:\/\/www.askja-on-tour.ch\/wp-content\/uploads\/2026\/08\/Santarem_France-094-768x576.jpg 768w, https:\/\/www.askja-on-tour.ch\/wp-content\/uploads\/2026\/08\/Santarem_France-094-1536x1152.jpg 1536w, https:\/\/www.askja-on-tour.ch\/wp-content\/uploads\/2026\/08\/Santarem_France-094.jpg 2048w\" sizes=\"auto, (max-width: 1024px) 100vw, 1024px\" \/> <img loading=\"lazy\" decoding=\"async\" class=\"alignnone size-medium wp-image-31622\" src=\"https:\/\/www.askja-on-tour.ch\/wp-content\/uploads\/2026\/08\/Santarem_France-095-1024x768.jpg\" alt=\"\" width=\"1024\" height=\"768\" srcset=\"https:\/\/www.askja-on-tour.ch\/wp-content\/uploads\/2026\/08\/Santarem_France-095-1024x768.jpg 1024w, https:\/\/www.askja-on-tour.ch\/wp-content\/uploads\/2026\/08\/Santarem_France-095-1600x1200.jpg 1600w, https:\/\/www.askja-on-tour.ch\/wp-content\/uploads\/2026\/08\/Santarem_France-095-768x576.jpg 768w, https:\/\/www.askja-on-tour.ch\/wp-content\/uploads\/2026\/08\/Santarem_France-095-1536x1152.jpg 1536w, https:\/\/www.askja-on-tour.ch\/wp-content\/uploads\/2026\/08\/Santarem_France-095.jpg 2048w\" sizes=\"auto, (max-width: 1024px) 100vw, 1024px\" \/><\/p>\n<figure id=\"attachment_31623\" aria-describedby=\"caption-attachment-31623\" style=\"width: 768px\" class=\"wp-caption alignnone\"><img loading=\"lazy\" decoding=\"async\" class=\"size-medium wp-image-31623\" src=\"https:\/\/www.askja-on-tour.ch\/wp-content\/uploads\/2026\/08\/Santarem_France-096-768x1024.jpg\" alt=\"\" width=\"768\" height=\"1024\" srcset=\"https:\/\/www.askja-on-tour.ch\/wp-content\/uploads\/2026\/08\/Santarem_France-096-768x1024.jpg 768w, https:\/\/www.askja-on-tour.ch\/wp-content\/uploads\/2026\/08\/Santarem_France-096-1200x1600.jpg 1200w, https:\/\/www.askja-on-tour.ch\/wp-content\/uploads\/2026\/08\/Santarem_France-096-1152x1536.jpg 1152w, https:\/\/www.askja-on-tour.ch\/wp-content\/uploads\/2026\/08\/Santarem_France-096.jpg 1536w\" sizes=\"auto, (max-width: 768px) 100vw, 768px\" \/><figcaption id=\"caption-attachment-31623\" class=\"wp-caption-text\">Eines von zwei \u00c4quator-Monumenten<\/figcaption><\/figure>\n<p><img loading=\"lazy\" decoding=\"async\" class=\"alignnone size-medium wp-image-31624\" src=\"https:\/\/www.askja-on-tour.ch\/wp-content\/uploads\/2026\/08\/Santarem_France-097-1024x768.jpg\" alt=\"\" width=\"1024\" height=\"768\" srcset=\"https:\/\/www.askja-on-tour.ch\/wp-content\/uploads\/2026\/08\/Santarem_France-097-1024x768.jpg 1024w, https:\/\/www.askja-on-tour.ch\/wp-content\/uploads\/2026\/08\/Santarem_France-097-1600x1200.jpg 1600w, https:\/\/www.askja-on-tour.ch\/wp-content\/uploads\/2026\/08\/Santarem_France-097-768x576.jpg 768w, https:\/\/www.askja-on-tour.ch\/wp-content\/uploads\/2026\/08\/Santarem_France-097-1536x1152.jpg 1536w, https:\/\/www.askja-on-tour.ch\/wp-content\/uploads\/2026\/08\/Santarem_France-097.jpg 2048w\" sizes=\"auto, (max-width: 1024px) 100vw, 1024px\" \/><\/p>\n<figure id=\"attachment_31625\" aria-describedby=\"caption-attachment-31625\" style=\"width: 1024px\" class=\"wp-caption alignnone\"><img loading=\"lazy\" decoding=\"async\" class=\"size-medium wp-image-31625\" src=\"https:\/\/www.askja-on-tour.ch\/wp-content\/uploads\/2026\/08\/Santarem_France-098-1024x768.jpg\" alt=\"\" width=\"1024\" height=\"768\" srcset=\"https:\/\/www.askja-on-tour.ch\/wp-content\/uploads\/2026\/08\/Santarem_France-098-1024x768.jpg 1024w, https:\/\/www.askja-on-tour.ch\/wp-content\/uploads\/2026\/08\/Santarem_France-098-1600x1200.jpg 1600w, https:\/\/www.askja-on-tour.ch\/wp-content\/uploads\/2026\/08\/Santarem_France-098-768x576.jpg 768w, https:\/\/www.askja-on-tour.ch\/wp-content\/uploads\/2026\/08\/Santarem_France-098-1536x1152.jpg 1536w, https:\/\/www.askja-on-tour.ch\/wp-content\/uploads\/2026\/08\/Santarem_France-098.jpg 2048w\" sizes=\"auto, (max-width: 1024px) 100vw, 1024px\" \/><figcaption id=\"caption-attachment-31625\" class=\"wp-caption-text\">Die Street-Food-St\u00e4nde<\/figcaption><\/figure>\n<figure id=\"attachment_31626\" aria-describedby=\"caption-attachment-31626\" style=\"width: 768px\" class=\"wp-caption alignnone\"><img loading=\"lazy\" decoding=\"async\" class=\"size-medium wp-image-31626\" src=\"https:\/\/www.askja-on-tour.ch\/wp-content\/uploads\/2026\/08\/Santarem_France-099-768x1024.jpg\" alt=\"\" width=\"768\" height=\"1024\" srcset=\"https:\/\/www.askja-on-tour.ch\/wp-content\/uploads\/2026\/08\/Santarem_France-099-768x1024.jpg 768w, https:\/\/www.askja-on-tour.ch\/wp-content\/uploads\/2026\/08\/Santarem_France-099-1200x1600.jpg 1200w, https:\/\/www.askja-on-tour.ch\/wp-content\/uploads\/2026\/08\/Santarem_France-099-1152x1536.jpg 1152w, https:\/\/www.askja-on-tour.ch\/wp-content\/uploads\/2026\/08\/Santarem_France-099.jpg 1536w\" sizes=\"auto, (max-width: 768px) 100vw, 768px\" \/><figcaption id=\"caption-attachment-31626\" class=\"wp-caption-text\">Das 2. \u00c4quator-Monument<\/figcaption><\/figure>\n<figure id=\"attachment_31627\" aria-describedby=\"caption-attachment-31627\" style=\"width: 768px\" class=\"wp-caption alignnone\"><img loading=\"lazy\" decoding=\"async\" class=\"size-medium wp-image-31627\" src=\"https:\/\/www.askja-on-tour.ch\/wp-content\/uploads\/2026\/08\/Santarem_France-100-768x1024.jpg\" alt=\"\" width=\"768\" height=\"1024\" srcset=\"https:\/\/www.askja-on-tour.ch\/wp-content\/uploads\/2026\/08\/Santarem_France-100-768x1024.jpg 768w, https:\/\/www.askja-on-tour.ch\/wp-content\/uploads\/2026\/08\/Santarem_France-100-1200x1600.jpg 1200w, https:\/\/www.askja-on-tour.ch\/wp-content\/uploads\/2026\/08\/Santarem_France-100-1152x1536.jpg 1152w, https:\/\/www.askja-on-tour.ch\/wp-content\/uploads\/2026\/08\/Santarem_France-100.jpg 1536w\" sizes=\"auto, (max-width: 768px) 100vw, 768px\" \/><figcaption id=\"caption-attachment-31627\" class=\"wp-caption-text\">Wir genossen eine Auswahl an Speisen, die typisch f\u00fcr den Norden von Brasilien sind<\/figcaption><\/figure>\n\n\n\n<p class=\"wp-block-paragraph\">Wir haben uns den Ort Macap\u00e0 angesehen und waren positiv \u00fcberrascht, wir dachten, es w\u00e4re ein unscheinbarer, nicht besonders sch\u00f6ner Hafenort.Als erstes haben wir uns das \u201eFortaleza de S\u00e3o Jos\u00e9 de Macap\u00e1 ist eine historische portugiesische Sternfestung\u201c mit markanten Ecken und Wacht\u00fcrmen besichtigt. Der Bau erfolgte von 1764 bis 1782 unter der Leitung eines italienischen Ingenieurs mit Arbeitskr\u00e4ften von Sklaven aus Afrika und Indigenen. Es war als strategische Milit\u00e4rbasis genutzt, um die M\u00fcndung des Amazonas zu sichern. Nach 1823 diente die Anlage immer wieder als Gef\u00e4ngnis, ganz besonders w\u00e4hrend der brasilianischen Milit\u00e4rdiktatur im 20. Jahrhundert. Seit 2005 gilt das Fort als \u201ehistorisches Erbe\u201c des Bundesstaates Amap\u00e0 und wird nun sehr aufw\u00e4ndig restauriert. Aufgrund der Hitze und hohen Luftfeuchtigkeit (40 Grad\/85 %) sind wir dann aber wieder zu unserem Wohnmobil zur\u00fcckgekehrt, das uns auch mit 43 Grad empfangen hat.<\/p>\n\n\n\n<figure id=\"attachment_31631\" aria-describedby=\"caption-attachment-31631\" style=\"width: 1024px\" class=\"wp-caption alignnone\"><img loading=\"lazy\" decoding=\"async\" class=\"size-medium wp-image-31631\" src=\"https:\/\/www.askja-on-tour.ch\/wp-content\/uploads\/2026\/08\/Santarem_France-104-1024x768.jpg\" alt=\"\" width=\"1024\" height=\"768\" srcset=\"https:\/\/www.askja-on-tour.ch\/wp-content\/uploads\/2026\/08\/Santarem_France-104-1024x768.jpg 1024w, https:\/\/www.askja-on-tour.ch\/wp-content\/uploads\/2026\/08\/Santarem_France-104-1600x1200.jpg 1600w, https:\/\/www.askja-on-tour.ch\/wp-content\/uploads\/2026\/08\/Santarem_France-104-768x576.jpg 768w, https:\/\/www.askja-on-tour.ch\/wp-content\/uploads\/2026\/08\/Santarem_France-104-1536x1152.jpg 1536w, https:\/\/www.askja-on-tour.ch\/wp-content\/uploads\/2026\/08\/Santarem_France-104.jpg 2048w\" sizes=\"auto, (max-width: 1024px) 100vw, 1024px\" \/><figcaption id=\"caption-attachment-31631\" class=\"wp-caption-text\">Fortaleza de S\u00e3o Jos\u00e9 de Macap\u00e1<\/figcaption><\/figure>\n<p><img loading=\"lazy\" decoding=\"async\" class=\"alignnone size-medium wp-image-31632\" src=\"https:\/\/www.askja-on-tour.ch\/wp-content\/uploads\/2026\/08\/Santarem_France-105-1024x768.jpg\" alt=\"\" width=\"1024\" height=\"768\" srcset=\"https:\/\/www.askja-on-tour.ch\/wp-content\/uploads\/2026\/08\/Santarem_France-105-1024x768.jpg 1024w, https:\/\/www.askja-on-tour.ch\/wp-content\/uploads\/2026\/08\/Santarem_France-105-1600x1200.jpg 1600w, https:\/\/www.askja-on-tour.ch\/wp-content\/uploads\/2026\/08\/Santarem_France-105-768x576.jpg 768w, https:\/\/www.askja-on-tour.ch\/wp-content\/uploads\/2026\/08\/Santarem_France-105-1536x1152.jpg 1536w, https:\/\/www.askja-on-tour.ch\/wp-content\/uploads\/2026\/08\/Santarem_France-105.jpg 2048w\" sizes=\"auto, (max-width: 1024px) 100vw, 1024px\" \/> <img loading=\"lazy\" decoding=\"async\" class=\"alignnone size-medium wp-image-31633\" src=\"https:\/\/www.askja-on-tour.ch\/wp-content\/uploads\/2026\/08\/Santarem_France-106-1024x768.jpg\" alt=\"\" width=\"1024\" height=\"768\" srcset=\"https:\/\/www.askja-on-tour.ch\/wp-content\/uploads\/2026\/08\/Santarem_France-106-1024x768.jpg 1024w, https:\/\/www.askja-on-tour.ch\/wp-content\/uploads\/2026\/08\/Santarem_France-106-1600x1200.jpg 1600w, https:\/\/www.askja-on-tour.ch\/wp-content\/uploads\/2026\/08\/Santarem_France-106-768x576.jpg 768w, https:\/\/www.askja-on-tour.ch\/wp-content\/uploads\/2026\/08\/Santarem_France-106-1536x1152.jpg 1536w, https:\/\/www.askja-on-tour.ch\/wp-content\/uploads\/2026\/08\/Santarem_France-106.jpg 2048w\" sizes=\"auto, (max-width: 1024px) 100vw, 1024px\" \/> <img loading=\"lazy\" decoding=\"async\" class=\"alignnone size-medium wp-image-31634\" src=\"https:\/\/www.askja-on-tour.ch\/wp-content\/uploads\/2026\/08\/Santarem_France-107-768x1024.jpg\" alt=\"\" width=\"768\" height=\"1024\" srcset=\"https:\/\/www.askja-on-tour.ch\/wp-content\/uploads\/2026\/08\/Santarem_France-107-768x1024.jpg 768w, https:\/\/www.askja-on-tour.ch\/wp-content\/uploads\/2026\/08\/Santarem_France-107-1200x1600.jpg 1200w, https:\/\/www.askja-on-tour.ch\/wp-content\/uploads\/2026\/08\/Santarem_France-107-1152x1536.jpg 1152w, https:\/\/www.askja-on-tour.ch\/wp-content\/uploads\/2026\/08\/Santarem_France-107.jpg 1536w\" sizes=\"auto, (max-width: 768px) 100vw, 768px\" \/> <img loading=\"lazy\" decoding=\"async\" class=\"alignnone size-medium wp-image-31635\" src=\"https:\/\/www.askja-on-tour.ch\/wp-content\/uploads\/2026\/08\/Santarem_France-108-1024x768.jpg\" alt=\"\" width=\"1024\" height=\"768\" srcset=\"https:\/\/www.askja-on-tour.ch\/wp-content\/uploads\/2026\/08\/Santarem_France-108-1024x768.jpg 1024w, https:\/\/www.askja-on-tour.ch\/wp-content\/uploads\/2026\/08\/Santarem_France-108-1600x1200.jpg 1600w, https:\/\/www.askja-on-tour.ch\/wp-content\/uploads\/2026\/08\/Santarem_France-108-768x576.jpg 768w, https:\/\/www.askja-on-tour.ch\/wp-content\/uploads\/2026\/08\/Santarem_France-108-1536x1152.jpg 1536w, https:\/\/www.askja-on-tour.ch\/wp-content\/uploads\/2026\/08\/Santarem_France-108.jpg 2048w\" sizes=\"auto, (max-width: 1024px) 100vw, 1024px\" \/><\/p>\n<figure id=\"attachment_31636\" aria-describedby=\"caption-attachment-31636\" style=\"width: 768px\" class=\"wp-caption alignnone\"><img loading=\"lazy\" decoding=\"async\" class=\"size-medium wp-image-31636\" src=\"https:\/\/www.askja-on-tour.ch\/wp-content\/uploads\/2026\/08\/Santarem_France-109-768x1024.jpg\" alt=\"\" width=\"768\" height=\"1024\" srcset=\"https:\/\/www.askja-on-tour.ch\/wp-content\/uploads\/2026\/08\/Santarem_France-109-768x1024.jpg 768w, https:\/\/www.askja-on-tour.ch\/wp-content\/uploads\/2026\/08\/Santarem_France-109-1200x1600.jpg 1200w, https:\/\/www.askja-on-tour.ch\/wp-content\/uploads\/2026\/08\/Santarem_France-109-1152x1536.jpg 1152w, https:\/\/www.askja-on-tour.ch\/wp-content\/uploads\/2026\/08\/Santarem_France-109.jpg 1536w\" sizes=\"auto, (max-width: 768px) 100vw, 768px\" \/><figcaption id=\"caption-attachment-31636\" class=\"wp-caption-text\">Das Restaurant<\/figcaption><\/figure>\n<p><img loading=\"lazy\" decoding=\"async\" class=\"alignnone size-medium wp-image-31637\" src=\"https:\/\/www.askja-on-tour.ch\/wp-content\/uploads\/2026\/08\/Santarem_France-110-1024x768.jpg\" alt=\"\" width=\"1024\" height=\"768\" srcset=\"https:\/\/www.askja-on-tour.ch\/wp-content\/uploads\/2026\/08\/Santarem_France-110-1024x768.jpg 1024w, https:\/\/www.askja-on-tour.ch\/wp-content\/uploads\/2026\/08\/Santarem_France-110-1600x1200.jpg 1600w, https:\/\/www.askja-on-tour.ch\/wp-content\/uploads\/2026\/08\/Santarem_France-110-768x576.jpg 768w, https:\/\/www.askja-on-tour.ch\/wp-content\/uploads\/2026\/08\/Santarem_France-110-1536x1152.jpg 1536w, https:\/\/www.askja-on-tour.ch\/wp-content\/uploads\/2026\/08\/Santarem_France-110.jpg 2048w\" sizes=\"auto, (max-width: 1024px) 100vw, 1024px\" \/> <img loading=\"lazy\" decoding=\"async\" class=\"alignnone size-medium wp-image-31638\" src=\"https:\/\/www.askja-on-tour.ch\/wp-content\/uploads\/2026\/08\/Santarem_France-111-1024x768.jpg\" alt=\"\" width=\"1024\" height=\"768\" srcset=\"https:\/\/www.askja-on-tour.ch\/wp-content\/uploads\/2026\/08\/Santarem_France-111-1024x768.jpg 1024w, https:\/\/www.askja-on-tour.ch\/wp-content\/uploads\/2026\/08\/Santarem_France-111-1600x1200.jpg 1600w, https:\/\/www.askja-on-tour.ch\/wp-content\/uploads\/2026\/08\/Santarem_France-111-768x576.jpg 768w, https:\/\/www.askja-on-tour.ch\/wp-content\/uploads\/2026\/08\/Santarem_France-111-1536x1152.jpg 1536w, https:\/\/www.askja-on-tour.ch\/wp-content\/uploads\/2026\/08\/Santarem_France-111.jpg 2048w\" sizes=\"auto, (max-width: 1024px) 100vw, 1024px\" \/> <img loading=\"lazy\" decoding=\"async\" class=\"alignnone size-medium wp-image-31639\" src=\"https:\/\/www.askja-on-tour.ch\/wp-content\/uploads\/2026\/08\/Santarem_France-112-1024x768.jpg\" alt=\"\" width=\"1024\" height=\"768\" srcset=\"https:\/\/www.askja-on-tour.ch\/wp-content\/uploads\/2026\/08\/Santarem_France-112-1024x768.jpg 1024w, https:\/\/www.askja-on-tour.ch\/wp-content\/uploads\/2026\/08\/Santarem_France-112-1600x1200.jpg 1600w, https:\/\/www.askja-on-tour.ch\/wp-content\/uploads\/2026\/08\/Santarem_France-112-768x576.jpg 768w, https:\/\/www.askja-on-tour.ch\/wp-content\/uploads\/2026\/08\/Santarem_France-112-1536x1152.jpg 1536w, https:\/\/www.askja-on-tour.ch\/wp-content\/uploads\/2026\/08\/Santarem_France-112.jpg 2048w\" sizes=\"auto, (max-width: 1024px) 100vw, 1024px\" \/> <img loading=\"lazy\" decoding=\"async\" class=\"alignnone size-medium wp-image-31640\" src=\"https:\/\/www.askja-on-tour.ch\/wp-content\/uploads\/2026\/08\/Santarem_France-113-1024x768.jpg\" alt=\"\" width=\"1024\" height=\"768\" srcset=\"https:\/\/www.askja-on-tour.ch\/wp-content\/uploads\/2026\/08\/Santarem_France-113-1024x768.jpg 1024w, https:\/\/www.askja-on-tour.ch\/wp-content\/uploads\/2026\/08\/Santarem_France-113-1600x1200.jpg 1600w, https:\/\/www.askja-on-tour.ch\/wp-content\/uploads\/2026\/08\/Santarem_France-113-768x576.jpg 768w, https:\/\/www.askja-on-tour.ch\/wp-content\/uploads\/2026\/08\/Santarem_France-113-1536x1152.jpg 1536w, https:\/\/www.askja-on-tour.ch\/wp-content\/uploads\/2026\/08\/Santarem_France-113.jpg 2048w\" sizes=\"auto, (max-width: 1024px) 100vw, 1024px\" \/> <img loading=\"lazy\" decoding=\"async\" class=\"alignnone size-medium wp-image-31641\" src=\"https:\/\/www.askja-on-tour.ch\/wp-content\/uploads\/2026\/08\/Santarem_France-114-1024x768.jpg\" alt=\"\" width=\"1024\" height=\"768\" srcset=\"https:\/\/www.askja-on-tour.ch\/wp-content\/uploads\/2026\/08\/Santarem_France-114-1024x768.jpg 1024w, https:\/\/www.askja-on-tour.ch\/wp-content\/uploads\/2026\/08\/Santarem_France-114-1600x1200.jpg 1600w, https:\/\/www.askja-on-tour.ch\/wp-content\/uploads\/2026\/08\/Santarem_France-114-768x576.jpg 768w, https:\/\/www.askja-on-tour.ch\/wp-content\/uploads\/2026\/08\/Santarem_France-114-1536x1152.jpg 1536w, https:\/\/www.askja-on-tour.ch\/wp-content\/uploads\/2026\/08\/Santarem_France-114.jpg 2048w\" sizes=\"auto, (max-width: 1024px) 100vw, 1024px\" \/> <img loading=\"lazy\" decoding=\"async\" class=\"alignnone size-medium wp-image-31642\" src=\"https:\/\/www.askja-on-tour.ch\/wp-content\/uploads\/2026\/08\/Santarem_France-115-1024x768.jpg\" alt=\"\" width=\"1024\" height=\"768\" srcset=\"https:\/\/www.askja-on-tour.ch\/wp-content\/uploads\/2026\/08\/Santarem_France-115-1024x768.jpg 1024w, https:\/\/www.askja-on-tour.ch\/wp-content\/uploads\/2026\/08\/Santarem_France-115-1600x1200.jpg 1600w, https:\/\/www.askja-on-tour.ch\/wp-content\/uploads\/2026\/08\/Santarem_France-115-768x576.jpg 768w, https:\/\/www.askja-on-tour.ch\/wp-content\/uploads\/2026\/08\/Santarem_France-115-1536x1152.jpg 1536w, https:\/\/www.askja-on-tour.ch\/wp-content\/uploads\/2026\/08\/Santarem_France-115.jpg 2048w\" sizes=\"auto, (max-width: 1024px) 100vw, 1024px\" \/> <img loading=\"lazy\" decoding=\"async\" class=\"alignnone size-medium wp-image-31643\" src=\"https:\/\/www.askja-on-tour.ch\/wp-content\/uploads\/2026\/08\/Santarem_France-116-768x1024.jpg\" alt=\"\" width=\"768\" height=\"1024\" srcset=\"https:\/\/www.askja-on-tour.ch\/wp-content\/uploads\/2026\/08\/Santarem_France-116-768x1024.jpg 768w, https:\/\/www.askja-on-tour.ch\/wp-content\/uploads\/2026\/08\/Santarem_France-116-1200x1600.jpg 1200w, https:\/\/www.askja-on-tour.ch\/wp-content\/uploads\/2026\/08\/Santarem_France-116-1152x1536.jpg 1152w, https:\/\/www.askja-on-tour.ch\/wp-content\/uploads\/2026\/08\/Santarem_France-116.jpg 1536w\" sizes=\"auto, (max-width: 768px) 100vw, 768px\" \/> <img loading=\"lazy\" decoding=\"async\" class=\"alignnone size-medium wp-image-31644\" src=\"https:\/\/www.askja-on-tour.ch\/wp-content\/uploads\/2026\/08\/Santarem_France-117-1024x768.jpg\" alt=\"\" width=\"1024\" height=\"768\" srcset=\"https:\/\/www.askja-on-tour.ch\/wp-content\/uploads\/2026\/08\/Santarem_France-117-1024x768.jpg 1024w, https:\/\/www.askja-on-tour.ch\/wp-content\/uploads\/2026\/08\/Santarem_France-117-1600x1200.jpg 1600w, https:\/\/www.askja-on-tour.ch\/wp-content\/uploads\/2026\/08\/Santarem_France-117-768x576.jpg 768w, https:\/\/www.askja-on-tour.ch\/wp-content\/uploads\/2026\/08\/Santarem_France-117-1536x1152.jpg 1536w, https:\/\/www.askja-on-tour.ch\/wp-content\/uploads\/2026\/08\/Santarem_France-117.jpg 2048w\" sizes=\"auto, (max-width: 1024px) 100vw, 1024px\" \/> <img loading=\"lazy\" decoding=\"async\" class=\"alignnone size-medium wp-image-31645\" src=\"https:\/\/www.askja-on-tour.ch\/wp-content\/uploads\/2026\/08\/Santarem_France-118-768x1024.jpg\" alt=\"\" width=\"768\" height=\"1024\" srcset=\"https:\/\/www.askja-on-tour.ch\/wp-content\/uploads\/2026\/08\/Santarem_France-118-768x1024.jpg 768w, https:\/\/www.askja-on-tour.ch\/wp-content\/uploads\/2026\/08\/Santarem_France-118-1200x1600.jpg 1200w, https:\/\/www.askja-on-tour.ch\/wp-content\/uploads\/2026\/08\/Santarem_France-118-1152x1536.jpg 1152w, https:\/\/www.askja-on-tour.ch\/wp-content\/uploads\/2026\/08\/Santarem_France-118.jpg 1536w\" sizes=\"auto, (max-width: 768px) 100vw, 768px\" \/> <img loading=\"lazy\" decoding=\"async\" class=\"alignnone size-medium wp-image-31646\" src=\"https:\/\/www.askja-on-tour.ch\/wp-content\/uploads\/2026\/08\/Santarem_France-119-768x1024.jpg\" alt=\"\" width=\"768\" height=\"1024\" srcset=\"https:\/\/www.askja-on-tour.ch\/wp-content\/uploads\/2026\/08\/Santarem_France-119-768x1024.jpg 768w, https:\/\/www.askja-on-tour.ch\/wp-content\/uploads\/2026\/08\/Santarem_France-119-1200x1600.jpg 1200w, https:\/\/www.askja-on-tour.ch\/wp-content\/uploads\/2026\/08\/Santarem_France-119-1152x1536.jpg 1152w, https:\/\/www.askja-on-tour.ch\/wp-content\/uploads\/2026\/08\/Santarem_France-119.jpg 1536w\" sizes=\"auto, (max-width: 768px) 100vw, 768px\" \/><\/p>\n<figure id=\"attachment_31647\" aria-describedby=\"caption-attachment-31647\" style=\"width: 1024px\" class=\"wp-caption alignnone\"><img loading=\"lazy\" decoding=\"async\" class=\"size-medium wp-image-31647\" src=\"https:\/\/www.askja-on-tour.ch\/wp-content\/uploads\/2026\/08\/Santarem_France-120-1024x768.jpg\" alt=\"\" width=\"1024\" height=\"768\" srcset=\"https:\/\/www.askja-on-tour.ch\/wp-content\/uploads\/2026\/08\/Santarem_France-120-1024x768.jpg 1024w, https:\/\/www.askja-on-tour.ch\/wp-content\/uploads\/2026\/08\/Santarem_France-120-1600x1200.jpg 1600w, https:\/\/www.askja-on-tour.ch\/wp-content\/uploads\/2026\/08\/Santarem_France-120-768x576.jpg 768w, https:\/\/www.askja-on-tour.ch\/wp-content\/uploads\/2026\/08\/Santarem_France-120-1536x1152.jpg 1536w, https:\/\/www.askja-on-tour.ch\/wp-content\/uploads\/2026\/08\/Santarem_France-120.jpg 2048w\" sizes=\"auto, (max-width: 1024px) 100vw, 1024px\" \/><figcaption id=\"caption-attachment-31647\" class=\"wp-caption-text\">Die ehemalige Kapelle &#8211; sehr geschmackvoll hergerichtet<\/figcaption><\/figure>\n<p><img loading=\"lazy\" decoding=\"async\" class=\"alignnone size-medium wp-image-31648\" src=\"https:\/\/www.askja-on-tour.ch\/wp-content\/uploads\/2026\/08\/Santarem_France-121-768x1024.jpg\" alt=\"\" width=\"768\" height=\"1024\" srcset=\"https:\/\/www.askja-on-tour.ch\/wp-content\/uploads\/2026\/08\/Santarem_France-121-768x1024.jpg 768w, https:\/\/www.askja-on-tour.ch\/wp-content\/uploads\/2026\/08\/Santarem_France-121-1200x1600.jpg 1200w, https:\/\/www.askja-on-tour.ch\/wp-content\/uploads\/2026\/08\/Santarem_France-121-1152x1536.jpg 1152w, https:\/\/www.askja-on-tour.ch\/wp-content\/uploads\/2026\/08\/Santarem_France-121.jpg 1536w\" sizes=\"auto, (max-width: 768px) 100vw, 768px\" \/> <img loading=\"lazy\" decoding=\"async\" class=\"alignnone size-medium wp-image-31649\" src=\"https:\/\/www.askja-on-tour.ch\/wp-content\/uploads\/2026\/08\/Santarem_France-122-1024x768.jpg\" alt=\"\" width=\"1024\" height=\"768\" srcset=\"https:\/\/www.askja-on-tour.ch\/wp-content\/uploads\/2026\/08\/Santarem_France-122-1024x768.jpg 1024w, https:\/\/www.askja-on-tour.ch\/wp-content\/uploads\/2026\/08\/Santarem_France-122-1600x1200.jpg 1600w, https:\/\/www.askja-on-tour.ch\/wp-content\/uploads\/2026\/08\/Santarem_France-122-768x576.jpg 768w, https:\/\/www.askja-on-tour.ch\/wp-content\/uploads\/2026\/08\/Santarem_France-122-1536x1152.jpg 1536w, https:\/\/www.askja-on-tour.ch\/wp-content\/uploads\/2026\/08\/Santarem_France-122.jpg 2048w\" sizes=\"auto, (max-width: 1024px) 100vw, 1024px\" \/><\/p>\n<figure id=\"attachment_31629\" aria-describedby=\"caption-attachment-31629\" style=\"width: 1024px\" class=\"wp-caption alignnone\"><img loading=\"lazy\" decoding=\"async\" class=\"size-medium wp-image-31629\" src=\"https:\/\/www.askja-on-tour.ch\/wp-content\/uploads\/2026\/08\/Santarem_France-102-1024x768.jpg\" alt=\"\" width=\"1024\" height=\"768\" srcset=\"https:\/\/www.askja-on-tour.ch\/wp-content\/uploads\/2026\/08\/Santarem_France-102-1024x768.jpg 1024w, https:\/\/www.askja-on-tour.ch\/wp-content\/uploads\/2026\/08\/Santarem_France-102-1600x1200.jpg 1600w, https:\/\/www.askja-on-tour.ch\/wp-content\/uploads\/2026\/08\/Santarem_France-102-768x576.jpg 768w, https:\/\/www.askja-on-tour.ch\/wp-content\/uploads\/2026\/08\/Santarem_France-102-1536x1152.jpg 1536w, https:\/\/www.askja-on-tour.ch\/wp-content\/uploads\/2026\/08\/Santarem_France-102.jpg 2048w\" sizes=\"auto, (max-width: 1024px) 100vw, 1024px\" \/><figcaption id=\"caption-attachment-31629\" class=\"wp-caption-text\">&#8230; und wieder Wandbilder<\/figcaption><\/figure>\n<figure id=\"attachment_31628\" aria-describedby=\"caption-attachment-31628\" style=\"width: 1024px\" class=\"wp-caption alignnone\"><img loading=\"lazy\" decoding=\"async\" class=\"size-medium wp-image-31628\" src=\"https:\/\/www.askja-on-tour.ch\/wp-content\/uploads\/2026\/08\/Santarem_France-101-1024x768.jpg\" alt=\"\" width=\"1024\" height=\"768\" srcset=\"https:\/\/www.askja-on-tour.ch\/wp-content\/uploads\/2026\/08\/Santarem_France-101-1024x768.jpg 1024w, https:\/\/www.askja-on-tour.ch\/wp-content\/uploads\/2026\/08\/Santarem_France-101-1600x1200.jpg 1600w, https:\/\/www.askja-on-tour.ch\/wp-content\/uploads\/2026\/08\/Santarem_France-101-768x576.jpg 768w, https:\/\/www.askja-on-tour.ch\/wp-content\/uploads\/2026\/08\/Santarem_France-101-1536x1152.jpg 1536w, https:\/\/www.askja-on-tour.ch\/wp-content\/uploads\/2026\/08\/Santarem_France-101.jpg 2048w\" sizes=\"auto, (max-width: 1024px) 100vw, 1024px\" \/><figcaption id=\"caption-attachment-31628\" class=\"wp-caption-text\">Auff\u00e4llig sind die speziellen Parkpl\u00e4tze f\u00fcr Autisten<\/figcaption><\/figure>\n<p><img loading=\"lazy\" decoding=\"async\" class=\"alignnone size-medium wp-image-31630\" src=\"https:\/\/www.askja-on-tour.ch\/wp-content\/uploads\/2026\/08\/Santarem_France-103-1024x768.jpg\" alt=\"\" width=\"1024\" height=\"768\" srcset=\"https:\/\/www.askja-on-tour.ch\/wp-content\/uploads\/2026\/08\/Santarem_France-103-1024x768.jpg 1024w, https:\/\/www.askja-on-tour.ch\/wp-content\/uploads\/2026\/08\/Santarem_France-103-1600x1200.jpg 1600w, https:\/\/www.askja-on-tour.ch\/wp-content\/uploads\/2026\/08\/Santarem_France-103-768x576.jpg 768w, https:\/\/www.askja-on-tour.ch\/wp-content\/uploads\/2026\/08\/Santarem_France-103-1536x1152.jpg 1536w, https:\/\/www.askja-on-tour.ch\/wp-content\/uploads\/2026\/08\/Santarem_France-103.jpg 2048w\" sizes=\"auto, (max-width: 1024px) 100vw, 1024px\" \/><\/p>\n\n\n\n<p class=\"wp-block-paragraph\">Macap\u00e0 ist \u00fcbrigens die Hochburg der Frucht A\u00e7a\u00ed, welche auf der Kohlpalme (A\u00e7a\u00ed palm) w\u00e4chst. A\u00e7a\u00ed ist eine kleine, dunkelviolette Steinfrucht. Die Frische Beeren verderben extrem schnell, daher wird sie als tiefgek\u00fchltes P\u00fcree, Eis, Pulver, Saft oder in Drinks verarbeitet. Die Beere schmeckt sehr intensiv, etwas nussig und leicht herb-schokoladig. Uns hat der Geschmack und die Konsistenz, wir hatten Glac\u00e9, nicht so gemundet.<\/p>\n\n\n\n<figure id=\"attachment_31650\" aria-describedby=\"caption-attachment-31650\" style=\"width: 768px\" class=\"wp-caption alignnone\"><img loading=\"lazy\" decoding=\"async\" class=\"size-medium wp-image-31650\" src=\"https:\/\/www.askja-on-tour.ch\/wp-content\/uploads\/2026\/08\/Santarem_France-123-768x1024.jpg\" alt=\"\" width=\"768\" height=\"1024\" srcset=\"https:\/\/www.askja-on-tour.ch\/wp-content\/uploads\/2026\/08\/Santarem_France-123-768x1024.jpg 768w, https:\/\/www.askja-on-tour.ch\/wp-content\/uploads\/2026\/08\/Santarem_France-123-1200x1600.jpg 1200w, https:\/\/www.askja-on-tour.ch\/wp-content\/uploads\/2026\/08\/Santarem_France-123-1152x1536.jpg 1152w, https:\/\/www.askja-on-tour.ch\/wp-content\/uploads\/2026\/08\/Santarem_France-123.jpg 1536w\" sizes=\"auto, (max-width: 768px) 100vw, 768px\" \/><figcaption id=\"caption-attachment-31650\" class=\"wp-caption-text\">Zu ehren der A\u00e7a\u00ed-Frucht und der Menschen, welche die Frucht von den Palmen ernten<\/figcaption><\/figure>\n<figure id=\"attachment_31652\" aria-describedby=\"caption-attachment-31652\" style=\"width: 1024px\" class=\"wp-caption alignnone\"><img loading=\"lazy\" decoding=\"async\" class=\"size-medium wp-image-31652\" src=\"https:\/\/www.askja-on-tour.ch\/wp-content\/uploads\/2026\/08\/Santarem_France-125-1024x768.jpg\" alt=\"\" width=\"1024\" height=\"768\" srcset=\"https:\/\/www.askja-on-tour.ch\/wp-content\/uploads\/2026\/08\/Santarem_France-125-1024x768.jpg 1024w, https:\/\/www.askja-on-tour.ch\/wp-content\/uploads\/2026\/08\/Santarem_France-125-1600x1200.jpg 1600w, https:\/\/www.askja-on-tour.ch\/wp-content\/uploads\/2026\/08\/Santarem_France-125-768x576.jpg 768w, https:\/\/www.askja-on-tour.ch\/wp-content\/uploads\/2026\/08\/Santarem_France-125-1536x1152.jpg 1536w, https:\/\/www.askja-on-tour.ch\/wp-content\/uploads\/2026\/08\/Santarem_France-125.jpg 2048w\" sizes=\"auto, (max-width: 1024px) 100vw, 1024px\" \/><figcaption id=\"caption-attachment-31652\" class=\"wp-caption-text\">Die A\u00e7a\u00ed-Palmen &#8230;<\/figcaption><\/figure>\n<figure id=\"attachment_31653\" aria-describedby=\"caption-attachment-31653\" style=\"width: 1024px\" class=\"wp-caption alignnone\"><img loading=\"lazy\" decoding=\"async\" class=\"size-medium wp-image-31653\" src=\"https:\/\/www.askja-on-tour.ch\/wp-content\/uploads\/2026\/08\/Santarem_France-126-1024x768.jpg\" alt=\"\" width=\"1024\" height=\"768\" srcset=\"https:\/\/www.askja-on-tour.ch\/wp-content\/uploads\/2026\/08\/Santarem_France-126-1024x768.jpg 1024w, https:\/\/www.askja-on-tour.ch\/wp-content\/uploads\/2026\/08\/Santarem_France-126-1600x1200.jpg 1600w, https:\/\/www.askja-on-tour.ch\/wp-content\/uploads\/2026\/08\/Santarem_France-126-768x576.jpg 768w, https:\/\/www.askja-on-tour.ch\/wp-content\/uploads\/2026\/08\/Santarem_France-126-1536x1152.jpg 1536w, https:\/\/www.askja-on-tour.ch\/wp-content\/uploads\/2026\/08\/Santarem_France-126.jpg 2048w\" sizes=\"auto, (max-width: 1024px) 100vw, 1024px\" \/><figcaption id=\"caption-attachment-31653\" class=\"wp-caption-text\">&#8230; mit der A\u00e7a\u00ed-Frucht<\/figcaption><\/figure>\n\n\n\n<p class=\"wp-block-paragraph\">Die folgenden zwei Tage verbrachten wir mit der Fahrt von Macap\u00e0 nach Franz\u00f6sisch-Guayana, 775 km auf der BR-156. Gut 500 km sind gut zu fahren, 140 km sind auf ziemlich m\u00fchsamer Erdpiste, die wir nie und nimmer bei Regen fahren m\u00f6chten. Die restlichen Kilometer sind zwar Teer, aber wieder mit Schlagl\u00f6chern, die es in sich haben und die Stossd\u00e4mpfer schreien lassen. Gegen 15.00 Uhr sind wir in der Grenzstadt Oyapock auf der Seite Franz\u00f6sisch-Guayana angekommen. Der Grenz\u00fcbergang verlief recht schmerzlos.<\/p>\n\n\n\n<figure id=\"attachment_31651\" aria-describedby=\"caption-attachment-31651\" style=\"width: 1024px\" class=\"wp-caption alignnone\"><img loading=\"lazy\" decoding=\"async\" class=\"size-medium wp-image-31651\" src=\"https:\/\/www.askja-on-tour.ch\/wp-content\/uploads\/2026\/08\/Santarem_France-124-1024x768.jpg\" alt=\"\" width=\"1024\" height=\"768\" srcset=\"https:\/\/www.askja-on-tour.ch\/wp-content\/uploads\/2026\/08\/Santarem_France-124-1024x768.jpg 1024w, https:\/\/www.askja-on-tour.ch\/wp-content\/uploads\/2026\/08\/Santarem_France-124-1600x1200.jpg 1600w, https:\/\/www.askja-on-tour.ch\/wp-content\/uploads\/2026\/08\/Santarem_France-124-768x576.jpg 768w, https:\/\/www.askja-on-tour.ch\/wp-content\/uploads\/2026\/08\/Santarem_France-124-1536x1152.jpg 1536w, https:\/\/www.askja-on-tour.ch\/wp-content\/uploads\/2026\/08\/Santarem_France-124.jpg 2048w\" sizes=\"auto, (max-width: 1024px) 100vw, 1024px\" \/><figcaption id=\"caption-attachment-31651\" class=\"wp-caption-text\">Auf dem Weg an die Grenze zu Franz\u00f6sisch Guayana<\/figcaption><\/figure>\n<figure id=\"attachment_31654\" aria-describedby=\"caption-attachment-31654\" style=\"width: 1024px\" class=\"wp-caption alignnone\"><img loading=\"lazy\" decoding=\"async\" class=\"size-medium wp-image-31654\" src=\"https:\/\/www.askja-on-tour.ch\/wp-content\/uploads\/2026\/08\/Santarem_France-127-1024x768.jpg\" alt=\"\" width=\"1024\" height=\"768\" srcset=\"https:\/\/www.askja-on-tour.ch\/wp-content\/uploads\/2026\/08\/Santarem_France-127-1024x768.jpg 1024w, https:\/\/www.askja-on-tour.ch\/wp-content\/uploads\/2026\/08\/Santarem_France-127-1600x1200.jpg 1600w, https:\/\/www.askja-on-tour.ch\/wp-content\/uploads\/2026\/08\/Santarem_France-127-768x576.jpg 768w, https:\/\/www.askja-on-tour.ch\/wp-content\/uploads\/2026\/08\/Santarem_France-127-1536x1152.jpg 1536w, https:\/\/www.askja-on-tour.ch\/wp-content\/uploads\/2026\/08\/Santarem_France-127.jpg 2048w\" sizes=\"auto, (max-width: 1024px) 100vw, 1024px\" \/><figcaption id=\"caption-attachment-31654\" class=\"wp-caption-text\">Amazonas-Regenwald<\/figcaption><\/figure>\n<figure id=\"attachment_31655\" aria-describedby=\"caption-attachment-31655\" style=\"width: 1024px\" class=\"wp-caption alignnone\"><img loading=\"lazy\" decoding=\"async\" class=\"size-medium wp-image-31655\" src=\"https:\/\/www.askja-on-tour.ch\/wp-content\/uploads\/2026\/08\/Santarem_France-128-1024x768.jpg\" alt=\"\" width=\"1024\" height=\"768\" srcset=\"https:\/\/www.askja-on-tour.ch\/wp-content\/uploads\/2026\/08\/Santarem_France-128-1024x768.jpg 1024w, https:\/\/www.askja-on-tour.ch\/wp-content\/uploads\/2026\/08\/Santarem_France-128-1600x1200.jpg 1600w, https:\/\/www.askja-on-tour.ch\/wp-content\/uploads\/2026\/08\/Santarem_France-128-768x576.jpg 768w, https:\/\/www.askja-on-tour.ch\/wp-content\/uploads\/2026\/08\/Santarem_France-128-1536x1152.jpg 1536w, https:\/\/www.askja-on-tour.ch\/wp-content\/uploads\/2026\/08\/Santarem_France-128.jpg 2048w\" sizes=\"auto, (max-width: 1024px) 100vw, 1024px\" \/><figcaption id=\"caption-attachment-31655\" class=\"wp-caption-text\">&#8230; leider sind auch Br\u00e4nde an der Tagesordnung (wir wissen nicht, ob mutwillig gelegt)<\/figcaption><\/figure>\n<figure id=\"attachment_31656\" aria-describedby=\"caption-attachment-31656\" style=\"width: 1024px\" class=\"wp-caption alignnone\"><img loading=\"lazy\" decoding=\"async\" class=\"size-medium wp-image-31656\" src=\"https:\/\/www.askja-on-tour.ch\/wp-content\/uploads\/2026\/08\/Santarem_France-129-1024x768.jpg\" alt=\"\" width=\"1024\" height=\"768\" srcset=\"https:\/\/www.askja-on-tour.ch\/wp-content\/uploads\/2026\/08\/Santarem_France-129-1024x768.jpg 1024w, https:\/\/www.askja-on-tour.ch\/wp-content\/uploads\/2026\/08\/Santarem_France-129-1600x1200.jpg 1600w, https:\/\/www.askja-on-tour.ch\/wp-content\/uploads\/2026\/08\/Santarem_France-129-768x576.jpg 768w, https:\/\/www.askja-on-tour.ch\/wp-content\/uploads\/2026\/08\/Santarem_France-129-1536x1152.jpg 1536w, https:\/\/www.askja-on-tour.ch\/wp-content\/uploads\/2026\/08\/Santarem_France-129.jpg 2048w\" sizes=\"auto, (max-width: 1024px) 100vw, 1024px\" \/><figcaption id=\"caption-attachment-31656\" class=\"wp-caption-text\">&#8230; duzende von Holzbr\u00fccken, die aber f\u00fcr 23 Tonnen ausgelegt sind, auch wenn sie nicht so aussehen<\/figcaption><\/figure>\n<figure id=\"attachment_31657\" aria-describedby=\"caption-attachment-31657\" style=\"width: 1024px\" class=\"wp-caption alignnone\"><img loading=\"lazy\" decoding=\"async\" class=\"size-medium wp-image-31657\" src=\"https:\/\/www.askja-on-tour.ch\/wp-content\/uploads\/2026\/08\/Santarem_France-130-1024x768.jpg\" alt=\"\" width=\"1024\" height=\"768\" srcset=\"https:\/\/www.askja-on-tour.ch\/wp-content\/uploads\/2026\/08\/Santarem_France-130-1024x768.jpg 1024w, https:\/\/www.askja-on-tour.ch\/wp-content\/uploads\/2026\/08\/Santarem_France-130-1600x1200.jpg 1600w, https:\/\/www.askja-on-tour.ch\/wp-content\/uploads\/2026\/08\/Santarem_France-130-768x576.jpg 768w, https:\/\/www.askja-on-tour.ch\/wp-content\/uploads\/2026\/08\/Santarem_France-130-1536x1152.jpg 1536w, https:\/\/www.askja-on-tour.ch\/wp-content\/uploads\/2026\/08\/Santarem_France-130.jpg 2048w\" sizes=\"auto, (max-width: 1024px) 100vw, 1024px\" \/><figcaption id=\"caption-attachment-31657\" class=\"wp-caption-text\">Es war furztrocken &#8211; deshalb der Staub<\/figcaption><\/figure>\n<figure id=\"attachment_31658\" aria-describedby=\"caption-attachment-31658\" style=\"width: 1024px\" class=\"wp-caption alignnone\"><img loading=\"lazy\" decoding=\"async\" class=\"size-medium wp-image-31658\" src=\"https:\/\/www.askja-on-tour.ch\/wp-content\/uploads\/2026\/08\/Santarem_France-131-1024x768.jpg\" alt=\"\" width=\"1024\" height=\"768\" srcset=\"https:\/\/www.askja-on-tour.ch\/wp-content\/uploads\/2026\/08\/Santarem_France-131-1024x768.jpg 1024w, https:\/\/www.askja-on-tour.ch\/wp-content\/uploads\/2026\/08\/Santarem_France-131-1600x1200.jpg 1600w, https:\/\/www.askja-on-tour.ch\/wp-content\/uploads\/2026\/08\/Santarem_France-131-768x576.jpg 768w, https:\/\/www.askja-on-tour.ch\/wp-content\/uploads\/2026\/08\/Santarem_France-131-1536x1152.jpg 1536w, https:\/\/www.askja-on-tour.ch\/wp-content\/uploads\/2026\/08\/Santarem_France-131.jpg 2048w\" sizes=\"auto, (max-width: 1024px) 100vw, 1024px\" \/><figcaption id=\"caption-attachment-31658\" class=\"wp-caption-text\">Nachtplatz irgendwo unterwegs an einem Restaurant, das von einer Familie betrieben wird<\/figcaption><\/figure>\n<figure id=\"attachment_31659\" aria-describedby=\"caption-attachment-31659\" style=\"width: 1024px\" class=\"wp-caption alignnone\"><img loading=\"lazy\" decoding=\"async\" class=\"size-medium wp-image-31659\" src=\"https:\/\/www.askja-on-tour.ch\/wp-content\/uploads\/2026\/08\/Santarem_France-132-1024x768.jpg\" alt=\"\" width=\"1024\" height=\"768\" srcset=\"https:\/\/www.askja-on-tour.ch\/wp-content\/uploads\/2026\/08\/Santarem_France-132-1024x768.jpg 1024w, https:\/\/www.askja-on-tour.ch\/wp-content\/uploads\/2026\/08\/Santarem_France-132-1600x1200.jpg 1600w, https:\/\/www.askja-on-tour.ch\/wp-content\/uploads\/2026\/08\/Santarem_France-132-768x576.jpg 768w, https:\/\/www.askja-on-tour.ch\/wp-content\/uploads\/2026\/08\/Santarem_France-132-1536x1152.jpg 1536w, https:\/\/www.askja-on-tour.ch\/wp-content\/uploads\/2026\/08\/Santarem_France-132.jpg 2048w\" sizes=\"auto, (max-width: 1024px) 100vw, 1024px\" \/><figcaption id=\"caption-attachment-31659\" class=\"wp-caption-text\">Wir haben da gegessen und konnten kostenlos und sicher stehen<\/figcaption><\/figure>\n<p><img loading=\"lazy\" decoding=\"async\" class=\"alignnone size-medium wp-image-31660\" src=\"https:\/\/www.askja-on-tour.ch\/wp-content\/uploads\/2026\/08\/Santarem_France-133-1024x768.jpg\" alt=\"\" width=\"1024\" height=\"768\" srcset=\"https:\/\/www.askja-on-tour.ch\/wp-content\/uploads\/2026\/08\/Santarem_France-133-1024x768.jpg 1024w, https:\/\/www.askja-on-tour.ch\/wp-content\/uploads\/2026\/08\/Santarem_France-133-1600x1200.jpg 1600w, https:\/\/www.askja-on-tour.ch\/wp-content\/uploads\/2026\/08\/Santarem_France-133-768x576.jpg 768w, https:\/\/www.askja-on-tour.ch\/wp-content\/uploads\/2026\/08\/Santarem_France-133-1536x1152.jpg 1536w, https:\/\/www.askja-on-tour.ch\/wp-content\/uploads\/2026\/08\/Santarem_France-133.jpg 2048w\" sizes=\"auto, (max-width: 1024px) 100vw, 1024px\" \/> <img loading=\"lazy\" decoding=\"async\" class=\"alignnone size-medium wp-image-31661\" src=\"https:\/\/www.askja-on-tour.ch\/wp-content\/uploads\/2026\/08\/Santarem_France-134-1024x768.jpg\" alt=\"\" width=\"1024\" height=\"768\" srcset=\"https:\/\/www.askja-on-tour.ch\/wp-content\/uploads\/2026\/08\/Santarem_France-134-1024x768.jpg 1024w, https:\/\/www.askja-on-tour.ch\/wp-content\/uploads\/2026\/08\/Santarem_France-134-1600x1200.jpg 1600w, https:\/\/www.askja-on-tour.ch\/wp-content\/uploads\/2026\/08\/Santarem_France-134-768x576.jpg 768w, https:\/\/www.askja-on-tour.ch\/wp-content\/uploads\/2026\/08\/Santarem_France-134-1536x1152.jpg 1536w, https:\/\/www.askja-on-tour.ch\/wp-content\/uploads\/2026\/08\/Santarem_France-134.jpg 2048w\" sizes=\"auto, (max-width: 1024px) 100vw, 1024px\" \/><\/p>\n<figure id=\"attachment_31662\" aria-describedby=\"caption-attachment-31662\" style=\"width: 1024px\" class=\"wp-caption alignnone\"><img loading=\"lazy\" decoding=\"async\" class=\"size-medium wp-image-31662\" src=\"https:\/\/www.askja-on-tour.ch\/wp-content\/uploads\/2026\/08\/Santarem_France-135-1024x768.jpg\" alt=\"\" width=\"1024\" height=\"768\" srcset=\"https:\/\/www.askja-on-tour.ch\/wp-content\/uploads\/2026\/08\/Santarem_France-135-1024x768.jpg 1024w, https:\/\/www.askja-on-tour.ch\/wp-content\/uploads\/2026\/08\/Santarem_France-135-1600x1200.jpg 1600w, https:\/\/www.askja-on-tour.ch\/wp-content\/uploads\/2026\/08\/Santarem_France-135-768x576.jpg 768w, https:\/\/www.askja-on-tour.ch\/wp-content\/uploads\/2026\/08\/Santarem_France-135-1536x1152.jpg 1536w, https:\/\/www.askja-on-tour.ch\/wp-content\/uploads\/2026\/08\/Santarem_France-135.jpg 2048w\" sizes=\"auto, (max-width: 1024px) 100vw, 1024px\" \/><figcaption id=\"caption-attachment-31662\" class=\"wp-caption-text\">Sch\u00f6ne Teiche<\/figcaption><\/figure>\n<figure id=\"attachment_31663\" aria-describedby=\"caption-attachment-31663\" style=\"width: 1024px\" class=\"wp-caption alignnone\"><img loading=\"lazy\" decoding=\"async\" class=\"size-medium wp-image-31663\" src=\"https:\/\/www.askja-on-tour.ch\/wp-content\/uploads\/2026\/08\/Santarem_France-136-1024x768.jpg\" alt=\"\" width=\"1024\" height=\"768\" srcset=\"https:\/\/www.askja-on-tour.ch\/wp-content\/uploads\/2026\/08\/Santarem_France-136-1024x768.jpg 1024w, https:\/\/www.askja-on-tour.ch\/wp-content\/uploads\/2026\/08\/Santarem_France-136-1600x1200.jpg 1600w, https:\/\/www.askja-on-tour.ch\/wp-content\/uploads\/2026\/08\/Santarem_France-136-768x576.jpg 768w, https:\/\/www.askja-on-tour.ch\/wp-content\/uploads\/2026\/08\/Santarem_France-136-1536x1152.jpg 1536w, https:\/\/www.askja-on-tour.ch\/wp-content\/uploads\/2026\/08\/Santarem_France-136.jpg 2048w\" sizes=\"auto, (max-width: 1024px) 100vw, 1024px\" \/><figcaption id=\"caption-attachment-31663\" class=\"wp-caption-text\">Motorradfahrer waren dem Staub noch mehr ausgesetzt<\/figcaption><\/figure>\n<figure id=\"attachment_31667\" aria-describedby=\"caption-attachment-31667\" style=\"width: 1024px\" class=\"wp-caption alignnone\"><img loading=\"lazy\" decoding=\"async\" class=\"size-medium wp-image-31667\" src=\"https:\/\/www.askja-on-tour.ch\/wp-content\/uploads\/2026\/08\/Santarem_France-138-1024x768.jpg\" alt=\"\" width=\"1024\" height=\"768\" srcset=\"https:\/\/www.askja-on-tour.ch\/wp-content\/uploads\/2026\/08\/Santarem_France-138-1024x768.jpg 1024w, https:\/\/www.askja-on-tour.ch\/wp-content\/uploads\/2026\/08\/Santarem_France-138-1600x1200.jpg 1600w, https:\/\/www.askja-on-tour.ch\/wp-content\/uploads\/2026\/08\/Santarem_France-138-768x576.jpg 768w, https:\/\/www.askja-on-tour.ch\/wp-content\/uploads\/2026\/08\/Santarem_France-138-1536x1152.jpg 1536w, https:\/\/www.askja-on-tour.ch\/wp-content\/uploads\/2026\/08\/Santarem_France-138.jpg 2048w\" sizes=\"auto, (max-width: 1024px) 100vw, 1024px\" \/><figcaption id=\"caption-attachment-31667\" class=\"wp-caption-text\">Amazonas-Puffing-Schlange, sie ist ungiftig, geh\u00f6rt in die Familie der Nattern und kann bis zu 3 m lang werden<\/figcaption><\/figure>\n<p><img loading=\"lazy\" decoding=\"async\" class=\"alignnone size-medium wp-image-31668\" src=\"https:\/\/www.askja-on-tour.ch\/wp-content\/uploads\/2026\/08\/Santarem_France-139-1024x768.jpg\" alt=\"\" width=\"1024\" height=\"768\" srcset=\"https:\/\/www.askja-on-tour.ch\/wp-content\/uploads\/2026\/08\/Santarem_France-139-1024x768.jpg 1024w, https:\/\/www.askja-on-tour.ch\/wp-content\/uploads\/2026\/08\/Santarem_France-139-1600x1200.jpg 1600w, https:\/\/www.askja-on-tour.ch\/wp-content\/uploads\/2026\/08\/Santarem_France-139-768x576.jpg 768w, https:\/\/www.askja-on-tour.ch\/wp-content\/uploads\/2026\/08\/Santarem_France-139-1536x1152.jpg 1536w, https:\/\/www.askja-on-tour.ch\/wp-content\/uploads\/2026\/08\/Santarem_France-139.jpg 2048w\" sizes=\"auto, (max-width: 1024px) 100vw, 1024px\" \/> <img loading=\"lazy\" decoding=\"async\" class=\"alignnone size-medium wp-image-31669\" src=\"https:\/\/www.askja-on-tour.ch\/wp-content\/uploads\/2026\/08\/Santarem_France-140-1024x768.jpg\" alt=\"\" width=\"1024\" height=\"768\" srcset=\"https:\/\/www.askja-on-tour.ch\/wp-content\/uploads\/2026\/08\/Santarem_France-140-1024x768.jpg 1024w, https:\/\/www.askja-on-tour.ch\/wp-content\/uploads\/2026\/08\/Santarem_France-140-1600x1200.jpg 1600w, https:\/\/www.askja-on-tour.ch\/wp-content\/uploads\/2026\/08\/Santarem_France-140-768x576.jpg 768w, https:\/\/www.askja-on-tour.ch\/wp-content\/uploads\/2026\/08\/Santarem_France-140-1536x1152.jpg 1536w, https:\/\/www.askja-on-tour.ch\/wp-content\/uploads\/2026\/08\/Santarem_France-140.jpg 2048w\" sizes=\"auto, (max-width: 1024px) 100vw, 1024px\" \/> <img loading=\"lazy\" decoding=\"async\" class=\"alignnone size-medium wp-image-31670\" src=\"https:\/\/www.askja-on-tour.ch\/wp-content\/uploads\/2026\/08\/Santarem_France-141-1024x768.jpg\" alt=\"\" width=\"1024\" height=\"768\" srcset=\"https:\/\/www.askja-on-tour.ch\/wp-content\/uploads\/2026\/08\/Santarem_France-141-1024x768.jpg 1024w, https:\/\/www.askja-on-tour.ch\/wp-content\/uploads\/2026\/08\/Santarem_France-141-1600x1200.jpg 1600w, https:\/\/www.askja-on-tour.ch\/wp-content\/uploads\/2026\/08\/Santarem_France-141-768x576.jpg 768w, https:\/\/www.askja-on-tour.ch\/wp-content\/uploads\/2026\/08\/Santarem_France-141-1536x1152.jpg 1536w, https:\/\/www.askja-on-tour.ch\/wp-content\/uploads\/2026\/08\/Santarem_France-141.jpg 2048w\" sizes=\"auto, (max-width: 1024px) 100vw, 1024px\" \/> <img loading=\"lazy\" decoding=\"async\" class=\"alignnone size-medium wp-image-31671\" src=\"https:\/\/www.askja-on-tour.ch\/wp-content\/uploads\/2026\/08\/Santarem_France-142-1024x768.jpg\" alt=\"\" width=\"1024\" height=\"768\" srcset=\"https:\/\/www.askja-on-tour.ch\/wp-content\/uploads\/2026\/08\/Santarem_France-142-1024x768.jpg 1024w, https:\/\/www.askja-on-tour.ch\/wp-content\/uploads\/2026\/08\/Santarem_France-142-1600x1200.jpg 1600w, https:\/\/www.askja-on-tour.ch\/wp-content\/uploads\/2026\/08\/Santarem_France-142-768x576.jpg 768w, https:\/\/www.askja-on-tour.ch\/wp-content\/uploads\/2026\/08\/Santarem_France-142-1536x1152.jpg 1536w, https:\/\/www.askja-on-tour.ch\/wp-content\/uploads\/2026\/08\/Santarem_France-142.jpg 2048w\" sizes=\"auto, (max-width: 1024px) 100vw, 1024px\" \/> <img loading=\"lazy\" decoding=\"async\" class=\"alignnone size-medium wp-image-31672\" src=\"https:\/\/www.askja-on-tour.ch\/wp-content\/uploads\/2026\/08\/Santarem_France-143-1024x768.jpg\" alt=\"\" width=\"1024\" height=\"768\" srcset=\"https:\/\/www.askja-on-tour.ch\/wp-content\/uploads\/2026\/08\/Santarem_France-143-1024x768.jpg 1024w, https:\/\/www.askja-on-tour.ch\/wp-content\/uploads\/2026\/08\/Santarem_France-143-1600x1200.jpg 1600w, https:\/\/www.askja-on-tour.ch\/wp-content\/uploads\/2026\/08\/Santarem_France-143-768x576.jpg 768w, https:\/\/www.askja-on-tour.ch\/wp-content\/uploads\/2026\/08\/Santarem_France-143-1536x1152.jpg 1536w, https:\/\/www.askja-on-tour.ch\/wp-content\/uploads\/2026\/08\/Santarem_France-143.jpg 2048w\" sizes=\"auto, (max-width: 1024px) 100vw, 1024px\" \/><\/p>\n<figure id=\"attachment_31673\" aria-describedby=\"caption-attachment-31673\" style=\"width: 1024px\" class=\"wp-caption alignnone\"><img loading=\"lazy\" decoding=\"async\" class=\"size-medium wp-image-31673\" src=\"https:\/\/www.askja-on-tour.ch\/wp-content\/uploads\/2026\/08\/Santarem_France-144-1024x768.jpg\" alt=\"\" width=\"1024\" height=\"768\" srcset=\"https:\/\/www.askja-on-tour.ch\/wp-content\/uploads\/2026\/08\/Santarem_France-144-1024x768.jpg 1024w, https:\/\/www.askja-on-tour.ch\/wp-content\/uploads\/2026\/08\/Santarem_France-144-1600x1200.jpg 1600w, https:\/\/www.askja-on-tour.ch\/wp-content\/uploads\/2026\/08\/Santarem_France-144-768x576.jpg 768w, https:\/\/www.askja-on-tour.ch\/wp-content\/uploads\/2026\/08\/Santarem_France-144-1536x1152.jpg 1536w, https:\/\/www.askja-on-tour.ch\/wp-content\/uploads\/2026\/08\/Santarem_France-144.jpg 2048w\" sizes=\"auto, (max-width: 1024px) 100vw, 1024px\" \/><figcaption id=\"caption-attachment-31673\" class=\"wp-caption-text\">In diesem Indigenen Dorf gab es mal eine Telefonzelle.<\/figcaption><\/figure>\n<figure id=\"attachment_31674\" aria-describedby=\"caption-attachment-31674\" style=\"width: 1024px\" class=\"wp-caption alignnone\"><img loading=\"lazy\" decoding=\"async\" class=\"size-medium wp-image-31674\" src=\"https:\/\/www.askja-on-tour.ch\/wp-content\/uploads\/2026\/08\/Santarem_France-145-1024x768.jpg\" alt=\"\" width=\"1024\" height=\"768\" srcset=\"https:\/\/www.askja-on-tour.ch\/wp-content\/uploads\/2026\/08\/Santarem_France-145-1024x768.jpg 1024w, https:\/\/www.askja-on-tour.ch\/wp-content\/uploads\/2026\/08\/Santarem_France-145-1600x1200.jpg 1600w, https:\/\/www.askja-on-tour.ch\/wp-content\/uploads\/2026\/08\/Santarem_France-145-768x576.jpg 768w, https:\/\/www.askja-on-tour.ch\/wp-content\/uploads\/2026\/08\/Santarem_France-145-1536x1152.jpg 1536w, https:\/\/www.askja-on-tour.ch\/wp-content\/uploads\/2026\/08\/Santarem_France-145.jpg 2048w\" sizes=\"auto, (max-width: 1024px) 100vw, 1024px\" \/><figcaption id=\"caption-attachment-31674\" class=\"wp-caption-text\">Der indigene Ort Ywawk\u00e1<\/figcaption><\/figure>\n\n\n\n<figure id=\"attachment_31675\" aria-describedby=\"caption-attachment-31675\" style=\"width: 1024px\" class=\"wp-caption alignnone\"><img loading=\"lazy\" decoding=\"async\" class=\"size-medium wp-image-31675\" src=\"https:\/\/www.askja-on-tour.ch\/wp-content\/uploads\/2026\/08\/Santarem_France-146-1024x768.jpg\" alt=\"\" width=\"1024\" height=\"768\" srcset=\"https:\/\/www.askja-on-tour.ch\/wp-content\/uploads\/2026\/08\/Santarem_France-146-1024x768.jpg 1024w, https:\/\/www.askja-on-tour.ch\/wp-content\/uploads\/2026\/08\/Santarem_France-146-1600x1200.jpg 1600w, https:\/\/www.askja-on-tour.ch\/wp-content\/uploads\/2026\/08\/Santarem_France-146-768x576.jpg 768w, https:\/\/www.askja-on-tour.ch\/wp-content\/uploads\/2026\/08\/Santarem_France-146-1536x1152.jpg 1536w, https:\/\/www.askja-on-tour.ch\/wp-content\/uploads\/2026\/08\/Santarem_France-146.jpg 2048w\" sizes=\"auto, (max-width: 1024px) 100vw, 1024px\" \/><figcaption id=\"caption-attachment-31675\" class=\"wp-caption-text\">Wir sind in Franz\u00f6sisch Guayana<\/figcaption><\/figure>\n<figure id=\"attachment_31676\" aria-describedby=\"caption-attachment-31676\" style=\"width: 768px\" class=\"wp-caption alignnone\"><img loading=\"lazy\" decoding=\"async\" class=\"size-medium wp-image-31676\" src=\"https:\/\/www.askja-on-tour.ch\/wp-content\/uploads\/2026\/08\/Santarem_France-147-768x1024.jpg\" alt=\"\" width=\"768\" height=\"1024\" srcset=\"https:\/\/www.askja-on-tour.ch\/wp-content\/uploads\/2026\/08\/Santarem_France-147-768x1024.jpg 768w, https:\/\/www.askja-on-tour.ch\/wp-content\/uploads\/2026\/08\/Santarem_France-147-1200x1600.jpg 1200w, https:\/\/www.askja-on-tour.ch\/wp-content\/uploads\/2026\/08\/Santarem_France-147-1152x1536.jpg 1152w, https:\/\/www.askja-on-tour.ch\/wp-content\/uploads\/2026\/08\/Santarem_France-147.jpg 1536w\" sizes=\"auto, (max-width: 768px) 100vw, 768px\" \/><figcaption id=\"caption-attachment-31676\" class=\"wp-caption-text\">Die Br\u00fccke in Oyapock<\/figcaption><\/figure>\n<figure id=\"attachment_31677\" aria-describedby=\"caption-attachment-31677\" style=\"width: 1024px\" class=\"wp-caption alignnone\"><img loading=\"lazy\" decoding=\"async\" class=\"size-medium wp-image-31677\" src=\"https:\/\/www.askja-on-tour.ch\/wp-content\/uploads\/2026\/08\/Santarem_France-148-1024x768.jpg\" alt=\"\" width=\"1024\" height=\"768\" srcset=\"https:\/\/www.askja-on-tour.ch\/wp-content\/uploads\/2026\/08\/Santarem_France-148-1024x768.jpg 1024w, https:\/\/www.askja-on-tour.ch\/wp-content\/uploads\/2026\/08\/Santarem_France-148-1600x1200.jpg 1600w, https:\/\/www.askja-on-tour.ch\/wp-content\/uploads\/2026\/08\/Santarem_France-148-768x576.jpg 768w, https:\/\/www.askja-on-tour.ch\/wp-content\/uploads\/2026\/08\/Santarem_France-148-1536x1152.jpg 1536w, https:\/\/www.askja-on-tour.ch\/wp-content\/uploads\/2026\/08\/Santarem_France-148.jpg 2048w\" sizes=\"auto, (max-width: 1024px) 100vw, 1024px\" \/><figcaption id=\"caption-attachment-31677\" class=\"wp-caption-text\">Der Grenzfluss<\/figcaption><\/figure>\n<figure id=\"attachment_31678\" aria-describedby=\"caption-attachment-31678\" style=\"width: 1024px\" class=\"wp-caption alignnone\"><img loading=\"lazy\" decoding=\"async\" class=\"size-medium wp-image-31678\" src=\"https:\/\/www.askja-on-tour.ch\/wp-content\/uploads\/2026\/08\/Santarem_France-149-1024x768.jpg\" alt=\"\" width=\"1024\" height=\"768\" srcset=\"https:\/\/www.askja-on-tour.ch\/wp-content\/uploads\/2026\/08\/Santarem_France-149-1024x768.jpg 1024w, https:\/\/www.askja-on-tour.ch\/wp-content\/uploads\/2026\/08\/Santarem_France-149-1600x1200.jpg 1600w, https:\/\/www.askja-on-tour.ch\/wp-content\/uploads\/2026\/08\/Santarem_France-149-768x576.jpg 768w, https:\/\/www.askja-on-tour.ch\/wp-content\/uploads\/2026\/08\/Santarem_France-149-1536x1152.jpg 1536w, https:\/\/www.askja-on-tour.ch\/wp-content\/uploads\/2026\/08\/Santarem_France-149.jpg 2048w\" sizes=\"auto, (max-width: 1024px) 100vw, 1024px\" \/><figcaption id=\"caption-attachment-31678\" class=\"wp-caption-text\">Wir sind wieder zur\u00fcck in der EU<\/figcaption><\/figure>\n\n\n\n<p class=\"wp-block-paragraph\">Und nun werden wir die n\u00e4chsten Tage Franz\u00f6sisch-Guayana erkunden und auch noch einen Start der Ariane62 als Tr\u00e4gerrakete f\u00fcr den MTG_I2 Wetter-Satelliten, der VA270-Mission, mitzuerleben.<\/p>\n\n\n","protected":false},"excerpt":{"rendered":"<p>Karte mit unserer aktuellen Route Unsere F\u00e4hre von Santar\u00e9m nach Macap\u00e1 legte am Dienstag, 18.08. ab \u2013 wir wurden f\u00fcr 09.00 Uhr an den Hafen von Santar\u00e9m bestellt, planm\u00e4ssiges Ablegen der F\u00e4hre war f\u00fcr 18.00 Uhr geplant. Wir entschieden uns,<\/p>\n","protected":false},"author":3,"featured_media":0,"comment_status":"open","ping_status":"closed","sticky":false,"template":"","format":"standard","meta":{"footnotes":""},"categories":[4,63,64,50,1],"tags":[],"class_list":["post-31526","post","type-post","status-publish","format-standard","hentry","category-reiseberichte","category-brasilien_2026","category-franz_guayana_2026","category-suedamerika_2024_2026","category-uncategorized"],"_links":{"self":[{"href":"https:\/\/www.askja-on-tour.ch\/index.php?rest_route=\/wp\/v2\/posts\/31526","targetHints":{"allow":["GET"]}}],"collection":[{"href":"https:\/\/www.askja-on-tour.ch\/index.php?rest_route=\/wp\/v2\/posts"}],"about":[{"href":"https:\/\/www.askja-on-tour.ch\/index.php?rest_route=\/wp\/v2\/types\/post"}],"author":[{"embeddable":true,"href":"https:\/\/www.askja-on-tour.ch\/index.php?rest_route=\/wp\/v2\/users\/3"}],"replies":[{"embeddable":true,"href":"https:\/\/www.askja-on-tour.ch\/index.php?rest_route=%2Fwp%2Fv2%2Fcomments&post=31526"}],"version-history":[{"count":17,"href":"https:\/\/www.askja-on-tour.ch\/index.php?rest_route=\/wp\/v2\/posts\/31526\/revisions"}],"predecessor-version":[{"id":31708,"href":"https:\/\/www.askja-on-tour.ch\/index.php?rest_route=\/wp\/v2\/posts\/31526\/revisions\/31708"}],"wp:attachment":[{"href":"https:\/\/www.askja-on-tour.ch\/index.php?rest_route=%2Fwp%2Fv2%2Fmedia&parent=31526"}],"wp:term":[{"taxonomy":"category","embeddable":true,"href":"https:\/\/www.askja-on-tour.ch\/index.php?rest_route=%2Fwp%2Fv2%2Fcategories&post=31526"},{"taxonomy":"post_tag","embeddable":true,"href":"https:\/\/www.askja-on-tour.ch\/index.php?rest_route=%2Fwp%2Fv2%2Ftags&post=31526"}],"curies":[{"name":"wp","href":"https:\/\/api.w.org\/{rel}","templated":true}]}}