{"id":31434,"date":"2026-08-16T22:57:12","date_gmt":"2026-08-16T22:57:12","guid":{"rendered":"https:\/\/www.askja-on-tour.ch\/?p=31434"},"modified":"2026-08-16T23:55:07","modified_gmt":"2026-08-16T23:55:07","slug":"08-08-16-08-2026-ein-hoellenritt-kilometermaessig-von-asuncion-paraguay-nach-santarem-brasilien-3600-km-zwischen-lkws","status":"publish","type":"post","link":"https:\/\/www.askja-on-tour.ch\/?p=31434","title":{"rendered":"08.08. \u2013 16.08.2026: Ein H\u00f6llenritt (kilometerm\u00e4ssig) von Asunci\u00f3n\/Paraguay nach Santar\u00e9m \/Brasilien \u2013 3\u2018600 km zwischen LKWs"},"content":{"rendered":"\n<p><a href=\"https:\/\/www.google.com\/maps\/d\/edit?mid=1-tuFCJlkTMeRn6u9xGauobBo1c42axk&amp;usp=sharing\" target=\"_blank\" rel=\"noopener\">Karte mit unserer aktuellen Route<\/a><\/p>\n<p>Wir kommen unserem Ziel, dem Amazonas, immer n\u00e4her. Eigentlich hatten wir in Salta nicht mehr daran geglaubt. Wir schafften fast immer 400 &#8211; 500 km pro Tag &#8211; aber 10 Stunden Fahren und mehr waren angesagt. Am 15.08. kamen wir in Santar\u00e9m an, wo wir nun auf einem sogenannten Balne\u00e1rio (Schwimmbad mit k\u00fcnstlichem Becken und Naturpools) mitten im Urwald stehen. Wenn alles klappt, werden wir am Dienstagabend eine Balsa (F\u00e4hrschiff) von Santar\u00e9m nach Macap\u00e1 nehmen und 48 Stunden +\/- an Deck verbringen.<\/p>\n<figure id=\"attachment_31504\" aria-describedby=\"caption-attachment-31504\" style=\"width: 1024px\" class=\"wp-caption alignnone\"><img loading=\"lazy\" decoding=\"async\" class=\"size-medium wp-image-31504\" src=\"https:\/\/www.askja-on-tour.ch\/wp-content\/uploads\/2026\/08\/Fahrt_Santarem-070-1024x768.jpg\" alt=\"\" width=\"1024\" height=\"768\" srcset=\"https:\/\/www.askja-on-tour.ch\/wp-content\/uploads\/2026\/08\/Fahrt_Santarem-070-1024x768.jpg 1024w, https:\/\/www.askja-on-tour.ch\/wp-content\/uploads\/2026\/08\/Fahrt_Santarem-070-1600x1200.jpg 1600w, https:\/\/www.askja-on-tour.ch\/wp-content\/uploads\/2026\/08\/Fahrt_Santarem-070-768x576.jpg 768w, https:\/\/www.askja-on-tour.ch\/wp-content\/uploads\/2026\/08\/Fahrt_Santarem-070-1536x1152.jpg 1536w, https:\/\/www.askja-on-tour.ch\/wp-content\/uploads\/2026\/08\/Fahrt_Santarem-070.jpg 2048w\" sizes=\"auto, (max-width: 1024px) 100vw, 1024px\" \/><figcaption id=\"caption-attachment-31504\" class=\"wp-caption-text\">Zwei entspannte Tage im Balneario in Santarem &#8230;<\/figcaption><\/figure>\n<p><img loading=\"lazy\" decoding=\"async\" class=\"alignnone size-medium wp-image-31506\" src=\"https:\/\/www.askja-on-tour.ch\/wp-content\/uploads\/2026\/08\/Fahrt_Santarem-071-1024x768.jpg\" alt=\"\" width=\"1024\" height=\"768\" srcset=\"https:\/\/www.askja-on-tour.ch\/wp-content\/uploads\/2026\/08\/Fahrt_Santarem-071-1024x768.jpg 1024w, https:\/\/www.askja-on-tour.ch\/wp-content\/uploads\/2026\/08\/Fahrt_Santarem-071-1600x1200.jpg 1600w, https:\/\/www.askja-on-tour.ch\/wp-content\/uploads\/2026\/08\/Fahrt_Santarem-071-768x576.jpg 768w, https:\/\/www.askja-on-tour.ch\/wp-content\/uploads\/2026\/08\/Fahrt_Santarem-071-1536x1152.jpg 1536w, https:\/\/www.askja-on-tour.ch\/wp-content\/uploads\/2026\/08\/Fahrt_Santarem-071.jpg 2048w\" sizes=\"auto, (max-width: 1024px) 100vw, 1024px\" \/><\/p>\n<figure id=\"attachment_31508\" aria-describedby=\"caption-attachment-31508\" style=\"width: 768px\" class=\"wp-caption alignnone\"><img loading=\"lazy\" decoding=\"async\" class=\"size-medium wp-image-31508\" src=\"https:\/\/www.askja-on-tour.ch\/wp-content\/uploads\/2026\/08\/Fahrt_Santarem-073-768x1024.jpg\" alt=\"\" width=\"768\" height=\"1024\" srcset=\"https:\/\/www.askja-on-tour.ch\/wp-content\/uploads\/2026\/08\/Fahrt_Santarem-073-768x1024.jpg 768w, https:\/\/www.askja-on-tour.ch\/wp-content\/uploads\/2026\/08\/Fahrt_Santarem-073-1200x1600.jpg 1200w, https:\/\/www.askja-on-tour.ch\/wp-content\/uploads\/2026\/08\/Fahrt_Santarem-073-1152x1536.jpg 1152w, https:\/\/www.askja-on-tour.ch\/wp-content\/uploads\/2026\/08\/Fahrt_Santarem-073.jpg 1536w\" sizes=\"auto, (max-width: 768px) 100vw, 768px\" \/><figcaption id=\"caption-attachment-31508\" class=\"wp-caption-text\">Diego, der Eigent\u00fcmer, der uns gratis bei ihm im Balneario parken lies, Strom und Wasser inkl. Taxifahrt in den Waschsalon &#8211; alles kostenlos. Kommunikation nur per \u00dcbersetzer, da wir kein portugiesisch k\u00f6nnen und die meisten Brasilianer nur portugiesisch<\/figcaption><\/figure>\n<figure id=\"attachment_31509\" aria-describedby=\"caption-attachment-31509\" style=\"width: 768px\" class=\"wp-caption alignnone\"><img loading=\"lazy\" decoding=\"async\" class=\"size-medium wp-image-31509\" src=\"https:\/\/www.askja-on-tour.ch\/wp-content\/uploads\/2026\/08\/Fahrt_Santarem-074-768x1024.jpg\" alt=\"\" width=\"768\" height=\"1024\" srcset=\"https:\/\/www.askja-on-tour.ch\/wp-content\/uploads\/2026\/08\/Fahrt_Santarem-074-768x1024.jpg 768w, https:\/\/www.askja-on-tour.ch\/wp-content\/uploads\/2026\/08\/Fahrt_Santarem-074-1200x1600.jpg 1200w, https:\/\/www.askja-on-tour.ch\/wp-content\/uploads\/2026\/08\/Fahrt_Santarem-074-1152x1536.jpg 1152w, https:\/\/www.askja-on-tour.ch\/wp-content\/uploads\/2026\/08\/Fahrt_Santarem-074.jpg 1536w\" sizes=\"auto, (max-width: 768px) 100vw, 768px\" \/><figcaption id=\"caption-attachment-31509\" class=\"wp-caption-text\">Heimeliges kleines Restaurant &#8211; das Essen war k\u00f6stlich<\/figcaption><\/figure>\n<figure id=\"attachment_31510\" aria-describedby=\"caption-attachment-31510\" style=\"width: 768px\" class=\"wp-caption alignnone\"><img loading=\"lazy\" decoding=\"async\" class=\"size-medium wp-image-31510\" src=\"https:\/\/www.askja-on-tour.ch\/wp-content\/uploads\/2026\/08\/Fahrt_Santarem-075-768x1024.jpg\" alt=\"\" width=\"768\" height=\"1024\" srcset=\"https:\/\/www.askja-on-tour.ch\/wp-content\/uploads\/2026\/08\/Fahrt_Santarem-075-768x1024.jpg 768w, https:\/\/www.askja-on-tour.ch\/wp-content\/uploads\/2026\/08\/Fahrt_Santarem-075-1200x1600.jpg 1200w, https:\/\/www.askja-on-tour.ch\/wp-content\/uploads\/2026\/08\/Fahrt_Santarem-075-1152x1536.jpg 1152w, https:\/\/www.askja-on-tour.ch\/wp-content\/uploads\/2026\/08\/Fahrt_Santarem-075.jpg 1536w\" sizes=\"auto, (max-width: 768px) 100vw, 768px\" \/><figcaption id=\"caption-attachment-31510\" class=\"wp-caption-text\">&#8230; und der Caipirinha ebenso<\/figcaption><\/figure>\n<figure id=\"attachment_31507\" aria-describedby=\"caption-attachment-31507\" style=\"width: 1024px\" class=\"wp-caption alignnone\"><img loading=\"lazy\" decoding=\"async\" class=\"size-medium wp-image-31507\" src=\"https:\/\/www.askja-on-tour.ch\/wp-content\/uploads\/2026\/08\/Fahrt_Santarem-072-1024x768.jpg\" alt=\"\" width=\"1024\" height=\"768\" srcset=\"https:\/\/www.askja-on-tour.ch\/wp-content\/uploads\/2026\/08\/Fahrt_Santarem-072-1024x768.jpg 1024w, https:\/\/www.askja-on-tour.ch\/wp-content\/uploads\/2026\/08\/Fahrt_Santarem-072-1600x1200.jpg 1600w, https:\/\/www.askja-on-tour.ch\/wp-content\/uploads\/2026\/08\/Fahrt_Santarem-072-768x576.jpg 768w, https:\/\/www.askja-on-tour.ch\/wp-content\/uploads\/2026\/08\/Fahrt_Santarem-072-1536x1152.jpg 1536w, https:\/\/www.askja-on-tour.ch\/wp-content\/uploads\/2026\/08\/Fahrt_Santarem-072.jpg 2048w\" sizes=\"auto, (max-width: 1024px) 100vw, 1024px\" \/><figcaption id=\"caption-attachment-31507\" class=\"wp-caption-text\">mit Besuch im Waschsalon<\/figcaption><\/figure>\n<p>Auf unserem H\u00f6llenritt sind wir an riesigen Feldern mit Mais, Soja, Baumwolle, Manjok, etc. vorbeigefahren. Danach \u00e4nderte sich die Landschaft. Urwald oder einzelne Urwaldriesen standen am Rand. Ja \u2013 der Urwald muss immer wieder weichen, aber die Menschen brauchen eine Lebensgrundlage \u2013 kleine und gr\u00f6ssere Geh\u00f6fe mit G\u00e4rten und Vieh wechseln sich mit dichtem Wald ab. Einige Fotos dokumentieren unsere Strecke resp. was wir entlang der Strasse gesehen haben. \u00dcbrigens sind wir fast immer nur auf der Fernstrasse BR-163 gefahren, die Strasse f\u00fchrte von der Grenze in Paraguay bis nach Santarem &#8211; eine 3600 km lange Fernstrasse.<\/p>\n<figure id=\"attachment_31443\" aria-describedby=\"caption-attachment-31443\" style=\"width: 1024px\" class=\"wp-caption alignnone\"><img loading=\"lazy\" decoding=\"async\" class=\"size-medium wp-image-31443\" src=\"https:\/\/www.askja-on-tour.ch\/wp-content\/uploads\/2026\/08\/Fahrt_Santarem-009-1024x768.jpg\" alt=\"\" width=\"1024\" height=\"768\" srcset=\"https:\/\/www.askja-on-tour.ch\/wp-content\/uploads\/2026\/08\/Fahrt_Santarem-009-1024x768.jpg 1024w, https:\/\/www.askja-on-tour.ch\/wp-content\/uploads\/2026\/08\/Fahrt_Santarem-009-1600x1200.jpg 1600w, https:\/\/www.askja-on-tour.ch\/wp-content\/uploads\/2026\/08\/Fahrt_Santarem-009-768x576.jpg 768w, https:\/\/www.askja-on-tour.ch\/wp-content\/uploads\/2026\/08\/Fahrt_Santarem-009-1536x1152.jpg 1536w, https:\/\/www.askja-on-tour.ch\/wp-content\/uploads\/2026\/08\/Fahrt_Santarem-009.jpg 2048w\" sizes=\"auto, (max-width: 1024px) 100vw, 1024px\" \/><figcaption id=\"caption-attachment-31443\" class=\"wp-caption-text\">Baumwollfelder soweit das Auge reicht &#8211; kilometerweise<\/figcaption><\/figure>\n<figure id=\"attachment_31444\" aria-describedby=\"caption-attachment-31444\" style=\"width: 1024px\" class=\"wp-caption alignnone\"><img loading=\"lazy\" decoding=\"async\" class=\"size-medium wp-image-31444\" src=\"https:\/\/www.askja-on-tour.ch\/wp-content\/uploads\/2026\/08\/Fahrt_Santarem-010-1024x768.jpg\" alt=\"\" width=\"1024\" height=\"768\" srcset=\"https:\/\/www.askja-on-tour.ch\/wp-content\/uploads\/2026\/08\/Fahrt_Santarem-010-1024x768.jpg 1024w, https:\/\/www.askja-on-tour.ch\/wp-content\/uploads\/2026\/08\/Fahrt_Santarem-010-1600x1200.jpg 1600w, https:\/\/www.askja-on-tour.ch\/wp-content\/uploads\/2026\/08\/Fahrt_Santarem-010-768x576.jpg 768w, https:\/\/www.askja-on-tour.ch\/wp-content\/uploads\/2026\/08\/Fahrt_Santarem-010-1536x1152.jpg 1536w, https:\/\/www.askja-on-tour.ch\/wp-content\/uploads\/2026\/08\/Fahrt_Santarem-010.jpg 2048w\" sizes=\"auto, (max-width: 1024px) 100vw, 1024px\" \/><figcaption id=\"caption-attachment-31444\" class=\"wp-caption-text\">Baumwolle ben\u00f6tigt beim Anbau sehr viel Wasser, die Ernte ist sehr ressourcenintensiv, das Entkernen ebenso und die Weiterverarbeitung nicht weniger.<\/figcaption><\/figure>\n<figure id=\"attachment_31451\" aria-describedby=\"caption-attachment-31451\" style=\"width: 1024px\" class=\"wp-caption alignnone\"><img loading=\"lazy\" decoding=\"async\" class=\"size-medium wp-image-31451\" src=\"https:\/\/www.askja-on-tour.ch\/wp-content\/uploads\/2026\/08\/Fahrt_Santarem-017-1024x768.jpg\" alt=\"\" width=\"1024\" height=\"768\" srcset=\"https:\/\/www.askja-on-tour.ch\/wp-content\/uploads\/2026\/08\/Fahrt_Santarem-017-1024x768.jpg 1024w, https:\/\/www.askja-on-tour.ch\/wp-content\/uploads\/2026\/08\/Fahrt_Santarem-017-1600x1200.jpg 1600w, https:\/\/www.askja-on-tour.ch\/wp-content\/uploads\/2026\/08\/Fahrt_Santarem-017-768x576.jpg 768w, https:\/\/www.askja-on-tour.ch\/wp-content\/uploads\/2026\/08\/Fahrt_Santarem-017-1536x1152.jpg 1536w, https:\/\/www.askja-on-tour.ch\/wp-content\/uploads\/2026\/08\/Fahrt_Santarem-017.jpg 2048w\" sizes=\"auto, (max-width: 1024px) 100vw, 1024px\" \/><figcaption id=\"caption-attachment-31451\" class=\"wp-caption-text\">Weitere Baumwollfelder<\/figcaption><\/figure>\n<figure id=\"attachment_31445\" aria-describedby=\"caption-attachment-31445\" style=\"width: 1024px\" class=\"wp-caption alignnone\"><img loading=\"lazy\" decoding=\"async\" class=\"size-medium wp-image-31445\" src=\"https:\/\/www.askja-on-tour.ch\/wp-content\/uploads\/2026\/08\/Fahrt_Santarem-011-1024x768.jpg\" alt=\"\" width=\"1024\" height=\"768\" srcset=\"https:\/\/www.askja-on-tour.ch\/wp-content\/uploads\/2026\/08\/Fahrt_Santarem-011-1024x768.jpg 1024w, https:\/\/www.askja-on-tour.ch\/wp-content\/uploads\/2026\/08\/Fahrt_Santarem-011-1600x1200.jpg 1600w, https:\/\/www.askja-on-tour.ch\/wp-content\/uploads\/2026\/08\/Fahrt_Santarem-011-768x576.jpg 768w, https:\/\/www.askja-on-tour.ch\/wp-content\/uploads\/2026\/08\/Fahrt_Santarem-011-1536x1152.jpg 1536w, https:\/\/www.askja-on-tour.ch\/wp-content\/uploads\/2026\/08\/Fahrt_Santarem-011.jpg 2048w\" sizes=\"auto, (max-width: 1024px) 100vw, 1024px\" \/><figcaption id=\"caption-attachment-31445\" class=\"wp-caption-text\">Mais-Silos &#8211; das typische Bild bei der Durchfahrt durch die Ortschaften an der BR-163<\/figcaption><\/figure>\n<figure id=\"attachment_31446\" aria-describedby=\"caption-attachment-31446\" style=\"width: 1024px\" class=\"wp-caption alignnone\"><img loading=\"lazy\" decoding=\"async\" class=\"size-medium wp-image-31446\" src=\"https:\/\/www.askja-on-tour.ch\/wp-content\/uploads\/2026\/08\/Fahrt_Santarem-012-1024x768.jpg\" alt=\"\" width=\"1024\" height=\"768\" srcset=\"https:\/\/www.askja-on-tour.ch\/wp-content\/uploads\/2026\/08\/Fahrt_Santarem-012-1024x768.jpg 1024w, https:\/\/www.askja-on-tour.ch\/wp-content\/uploads\/2026\/08\/Fahrt_Santarem-012-1600x1200.jpg 1600w, https:\/\/www.askja-on-tour.ch\/wp-content\/uploads\/2026\/08\/Fahrt_Santarem-012-768x576.jpg 768w, https:\/\/www.askja-on-tour.ch\/wp-content\/uploads\/2026\/08\/Fahrt_Santarem-012-1536x1152.jpg 1536w, https:\/\/www.askja-on-tour.ch\/wp-content\/uploads\/2026\/08\/Fahrt_Santarem-012.jpg 2048w\" sizes=\"auto, (max-width: 1024px) 100vw, 1024px\" \/><figcaption id=\"caption-attachment-31446\" class=\"wp-caption-text\">Die Chinesen sind auch schon da &#8230;\u00a0<\/figcaption><\/figure>\n<p><img loading=\"lazy\" decoding=\"async\" class=\"alignnone size-medium wp-image-31447\" src=\"https:\/\/www.askja-on-tour.ch\/wp-content\/uploads\/2026\/08\/Fahrt_Santarem-013-1024x768.jpg\" alt=\"\" width=\"1024\" height=\"768\" srcset=\"https:\/\/www.askja-on-tour.ch\/wp-content\/uploads\/2026\/08\/Fahrt_Santarem-013-1024x768.jpg 1024w, https:\/\/www.askja-on-tour.ch\/wp-content\/uploads\/2026\/08\/Fahrt_Santarem-013-1600x1200.jpg 1600w, https:\/\/www.askja-on-tour.ch\/wp-content\/uploads\/2026\/08\/Fahrt_Santarem-013-768x576.jpg 768w, https:\/\/www.askja-on-tour.ch\/wp-content\/uploads\/2026\/08\/Fahrt_Santarem-013-1536x1152.jpg 1536w, https:\/\/www.askja-on-tour.ch\/wp-content\/uploads\/2026\/08\/Fahrt_Santarem-013.jpg 2048w\" sizes=\"auto, (max-width: 1024px) 100vw, 1024px\" \/><\/p>\n<figure id=\"attachment_31448\" aria-describedby=\"caption-attachment-31448\" style=\"width: 1024px\" class=\"wp-caption alignnone\"><img loading=\"lazy\" decoding=\"async\" class=\"size-medium wp-image-31448\" src=\"https:\/\/www.askja-on-tour.ch\/wp-content\/uploads\/2026\/08\/Fahrt_Santarem-014-1024x768.jpg\" alt=\"\" width=\"1024\" height=\"768\" srcset=\"https:\/\/www.askja-on-tour.ch\/wp-content\/uploads\/2026\/08\/Fahrt_Santarem-014-1024x768.jpg 1024w, https:\/\/www.askja-on-tour.ch\/wp-content\/uploads\/2026\/08\/Fahrt_Santarem-014-1600x1200.jpg 1600w, https:\/\/www.askja-on-tour.ch\/wp-content\/uploads\/2026\/08\/Fahrt_Santarem-014-768x576.jpg 768w, https:\/\/www.askja-on-tour.ch\/wp-content\/uploads\/2026\/08\/Fahrt_Santarem-014-1536x1152.jpg 1536w, https:\/\/www.askja-on-tour.ch\/wp-content\/uploads\/2026\/08\/Fahrt_Santarem-014.jpg 2048w\" sizes=\"auto, (max-width: 1024px) 100vw, 1024px\" \/><figcaption id=\"caption-attachment-31448\" class=\"wp-caption-text\">Grosser Supermarkt<\/figcaption><\/figure>\n<figure id=\"attachment_31449\" aria-describedby=\"caption-attachment-31449\" style=\"width: 1024px\" class=\"wp-caption alignnone\"><img loading=\"lazy\" decoding=\"async\" class=\"size-medium wp-image-31449\" src=\"https:\/\/www.askja-on-tour.ch\/wp-content\/uploads\/2026\/08\/Fahrt_Santarem-015-1024x768.jpg\" alt=\"\" width=\"1024\" height=\"768\" srcset=\"https:\/\/www.askja-on-tour.ch\/wp-content\/uploads\/2026\/08\/Fahrt_Santarem-015-1024x768.jpg 1024w, https:\/\/www.askja-on-tour.ch\/wp-content\/uploads\/2026\/08\/Fahrt_Santarem-015-1600x1200.jpg 1600w, https:\/\/www.askja-on-tour.ch\/wp-content\/uploads\/2026\/08\/Fahrt_Santarem-015-768x576.jpg 768w, https:\/\/www.askja-on-tour.ch\/wp-content\/uploads\/2026\/08\/Fahrt_Santarem-015-1536x1152.jpg 1536w, https:\/\/www.askja-on-tour.ch\/wp-content\/uploads\/2026\/08\/Fahrt_Santarem-015.jpg 2048w\" sizes=\"auto, (max-width: 1024px) 100vw, 1024px\" \/><figcaption id=\"caption-attachment-31449\" class=\"wp-caption-text\">Soja-Fabrik<\/figcaption><\/figure>\n<figure id=\"attachment_31452\" aria-describedby=\"caption-attachment-31452\" style=\"width: 1024px\" class=\"wp-caption alignnone\"><img loading=\"lazy\" decoding=\"async\" class=\"size-medium wp-image-31452\" src=\"https:\/\/www.askja-on-tour.ch\/wp-content\/uploads\/2026\/08\/Fahrt_Santarem-018-1024x768.jpg\" alt=\"\" width=\"1024\" height=\"768\" srcset=\"https:\/\/www.askja-on-tour.ch\/wp-content\/uploads\/2026\/08\/Fahrt_Santarem-018-1024x768.jpg 1024w, https:\/\/www.askja-on-tour.ch\/wp-content\/uploads\/2026\/08\/Fahrt_Santarem-018-1600x1200.jpg 1600w, https:\/\/www.askja-on-tour.ch\/wp-content\/uploads\/2026\/08\/Fahrt_Santarem-018-768x576.jpg 768w, https:\/\/www.askja-on-tour.ch\/wp-content\/uploads\/2026\/08\/Fahrt_Santarem-018-1536x1152.jpg 1536w, https:\/\/www.askja-on-tour.ch\/wp-content\/uploads\/2026\/08\/Fahrt_Santarem-018.jpg 2048w\" sizes=\"auto, (max-width: 1024px) 100vw, 1024px\" \/><figcaption id=\"caption-attachment-31452\" class=\"wp-caption-text\">Amazonas, wir kommen<\/figcaption><\/figure>\n<figure id=\"attachment_31453\" aria-describedby=\"caption-attachment-31453\" style=\"width: 1024px\" class=\"wp-caption alignnone\"><img loading=\"lazy\" decoding=\"async\" class=\"size-medium wp-image-31453\" src=\"https:\/\/www.askja-on-tour.ch\/wp-content\/uploads\/2026\/08\/Fahrt_Santarem-019-1024x768.jpg\" alt=\"\" width=\"1024\" height=\"768\" srcset=\"https:\/\/www.askja-on-tour.ch\/wp-content\/uploads\/2026\/08\/Fahrt_Santarem-019-1024x768.jpg 1024w, https:\/\/www.askja-on-tour.ch\/wp-content\/uploads\/2026\/08\/Fahrt_Santarem-019-1600x1200.jpg 1600w, https:\/\/www.askja-on-tour.ch\/wp-content\/uploads\/2026\/08\/Fahrt_Santarem-019-768x576.jpg 768w, https:\/\/www.askja-on-tour.ch\/wp-content\/uploads\/2026\/08\/Fahrt_Santarem-019-1536x1152.jpg 1536w, https:\/\/www.askja-on-tour.ch\/wp-content\/uploads\/2026\/08\/Fahrt_Santarem-019.jpg 2048w\" sizes=\"auto, (max-width: 1024px) 100vw, 1024px\" \/><figcaption id=\"caption-attachment-31453\" class=\"wp-caption-text\">Eine kleine Kirche auf der Raststelle irgendwo im Nirgendwo<\/figcaption><\/figure>\n<figure id=\"attachment_31457\" aria-describedby=\"caption-attachment-31457\" style=\"width: 1024px\" class=\"wp-caption alignnone\"><img loading=\"lazy\" decoding=\"async\" class=\"size-medium wp-image-31457\" src=\"https:\/\/www.askja-on-tour.ch\/wp-content\/uploads\/2026\/08\/Fahrt_Santarem-023-1024x768.jpg\" alt=\"\" width=\"1024\" height=\"768\" srcset=\"https:\/\/www.askja-on-tour.ch\/wp-content\/uploads\/2026\/08\/Fahrt_Santarem-023-1024x768.jpg 1024w, https:\/\/www.askja-on-tour.ch\/wp-content\/uploads\/2026\/08\/Fahrt_Santarem-023-1600x1200.jpg 1600w, https:\/\/www.askja-on-tour.ch\/wp-content\/uploads\/2026\/08\/Fahrt_Santarem-023-768x576.jpg 768w, https:\/\/www.askja-on-tour.ch\/wp-content\/uploads\/2026\/08\/Fahrt_Santarem-023-1536x1152.jpg 1536w, https:\/\/www.askja-on-tour.ch\/wp-content\/uploads\/2026\/08\/Fahrt_Santarem-023.jpg 2048w\" sizes=\"auto, (max-width: 1024px) 100vw, 1024px\" \/><figcaption id=\"caption-attachment-31457\" class=\"wp-caption-text\">Kleine H\u00f6fe<\/figcaption><\/figure>\n<figure id=\"attachment_31458\" aria-describedby=\"caption-attachment-31458\" style=\"width: 1024px\" class=\"wp-caption alignnone\"><img loading=\"lazy\" decoding=\"async\" class=\"size-medium wp-image-31458\" src=\"https:\/\/www.askja-on-tour.ch\/wp-content\/uploads\/2026\/08\/Fahrt_Santarem-024-1024x768.jpg\" alt=\"\" width=\"1024\" height=\"768\" srcset=\"https:\/\/www.askja-on-tour.ch\/wp-content\/uploads\/2026\/08\/Fahrt_Santarem-024-1024x768.jpg 1024w, https:\/\/www.askja-on-tour.ch\/wp-content\/uploads\/2026\/08\/Fahrt_Santarem-024-1600x1200.jpg 1600w, https:\/\/www.askja-on-tour.ch\/wp-content\/uploads\/2026\/08\/Fahrt_Santarem-024-768x576.jpg 768w, https:\/\/www.askja-on-tour.ch\/wp-content\/uploads\/2026\/08\/Fahrt_Santarem-024-1536x1152.jpg 1536w, https:\/\/www.askja-on-tour.ch\/wp-content\/uploads\/2026\/08\/Fahrt_Santarem-024.jpg 2048w\" sizes=\"auto, (max-width: 1024px) 100vw, 1024px\" \/><figcaption id=\"caption-attachment-31458\" class=\"wp-caption-text\">&#8230; Urwald<\/figcaption><\/figure>\n<figure id=\"attachment_31459\" aria-describedby=\"caption-attachment-31459\" style=\"width: 1024px\" class=\"wp-caption alignnone\"><img loading=\"lazy\" decoding=\"async\" class=\"size-medium wp-image-31459\" src=\"https:\/\/www.askja-on-tour.ch\/wp-content\/uploads\/2026\/08\/Fahrt_Santarem-025-1024x768.jpg\" alt=\"\" width=\"1024\" height=\"768\" srcset=\"https:\/\/www.askja-on-tour.ch\/wp-content\/uploads\/2026\/08\/Fahrt_Santarem-025-1024x768.jpg 1024w, https:\/\/www.askja-on-tour.ch\/wp-content\/uploads\/2026\/08\/Fahrt_Santarem-025-1600x1200.jpg 1600w, https:\/\/www.askja-on-tour.ch\/wp-content\/uploads\/2026\/08\/Fahrt_Santarem-025-768x576.jpg 768w, https:\/\/www.askja-on-tour.ch\/wp-content\/uploads\/2026\/08\/Fahrt_Santarem-025-1536x1152.jpg 1536w, https:\/\/www.askja-on-tour.ch\/wp-content\/uploads\/2026\/08\/Fahrt_Santarem-025.jpg 2048w\" sizes=\"auto, (max-width: 1024px) 100vw, 1024px\" \/><figcaption id=\"caption-attachment-31459\" class=\"wp-caption-text\">Einzelne Urwaldriesen die stehen geblieben sind<\/figcaption><\/figure>\n<figure id=\"attachment_31460\" aria-describedby=\"caption-attachment-31460\" style=\"width: 1024px\" class=\"wp-caption alignnone\"><img loading=\"lazy\" decoding=\"async\" class=\"size-medium wp-image-31460\" src=\"https:\/\/www.askja-on-tour.ch\/wp-content\/uploads\/2026\/08\/Fahrt_Santarem-026-1024x768.jpg\" alt=\"\" width=\"1024\" height=\"768\" srcset=\"https:\/\/www.askja-on-tour.ch\/wp-content\/uploads\/2026\/08\/Fahrt_Santarem-026-1024x768.jpg 1024w, https:\/\/www.askja-on-tour.ch\/wp-content\/uploads\/2026\/08\/Fahrt_Santarem-026-1600x1200.jpg 1600w, https:\/\/www.askja-on-tour.ch\/wp-content\/uploads\/2026\/08\/Fahrt_Santarem-026-768x576.jpg 768w, https:\/\/www.askja-on-tour.ch\/wp-content\/uploads\/2026\/08\/Fahrt_Santarem-026-1536x1152.jpg 1536w, https:\/\/www.askja-on-tour.ch\/wp-content\/uploads\/2026\/08\/Fahrt_Santarem-026.jpg 2048w\" sizes=\"auto, (max-width: 1024px) 100vw, 1024px\" \/><figcaption id=\"caption-attachment-31460\" class=\"wp-caption-text\">&#8230; und immer wieder Tiere<\/figcaption><\/figure>\n<p><img loading=\"lazy\" decoding=\"async\" class=\"alignnone size-medium wp-image-31461\" src=\"https:\/\/www.askja-on-tour.ch\/wp-content\/uploads\/2026\/08\/Fahrt_Santarem-027-1024x768.jpg\" alt=\"\" width=\"1024\" height=\"768\" srcset=\"https:\/\/www.askja-on-tour.ch\/wp-content\/uploads\/2026\/08\/Fahrt_Santarem-027-1024x768.jpg 1024w, https:\/\/www.askja-on-tour.ch\/wp-content\/uploads\/2026\/08\/Fahrt_Santarem-027-1600x1200.jpg 1600w, https:\/\/www.askja-on-tour.ch\/wp-content\/uploads\/2026\/08\/Fahrt_Santarem-027-768x576.jpg 768w, https:\/\/www.askja-on-tour.ch\/wp-content\/uploads\/2026\/08\/Fahrt_Santarem-027-1536x1152.jpg 1536w, https:\/\/www.askja-on-tour.ch\/wp-content\/uploads\/2026\/08\/Fahrt_Santarem-027.jpg 2048w\" sizes=\"auto, (max-width: 1024px) 100vw, 1024px\" \/> <img loading=\"lazy\" decoding=\"async\" class=\"alignnone size-medium wp-image-31462\" src=\"https:\/\/www.askja-on-tour.ch\/wp-content\/uploads\/2026\/08\/Fahrt_Santarem-028-1024x768.jpg\" alt=\"\" width=\"1024\" height=\"768\" srcset=\"https:\/\/www.askja-on-tour.ch\/wp-content\/uploads\/2026\/08\/Fahrt_Santarem-028-1024x768.jpg 1024w, https:\/\/www.askja-on-tour.ch\/wp-content\/uploads\/2026\/08\/Fahrt_Santarem-028-1600x1200.jpg 1600w, https:\/\/www.askja-on-tour.ch\/wp-content\/uploads\/2026\/08\/Fahrt_Santarem-028-768x576.jpg 768w, https:\/\/www.askja-on-tour.ch\/wp-content\/uploads\/2026\/08\/Fahrt_Santarem-028-1536x1152.jpg 1536w, https:\/\/www.askja-on-tour.ch\/wp-content\/uploads\/2026\/08\/Fahrt_Santarem-028.jpg 2048w\" sizes=\"auto, (max-width: 1024px) 100vw, 1024px\" \/> <img loading=\"lazy\" decoding=\"async\" class=\"alignnone size-medium wp-image-31463\" src=\"https:\/\/www.askja-on-tour.ch\/wp-content\/uploads\/2026\/08\/Fahrt_Santarem-029-1024x768.jpg\" alt=\"\" width=\"1024\" height=\"768\" srcset=\"https:\/\/www.askja-on-tour.ch\/wp-content\/uploads\/2026\/08\/Fahrt_Santarem-029-1024x768.jpg 1024w, https:\/\/www.askja-on-tour.ch\/wp-content\/uploads\/2026\/08\/Fahrt_Santarem-029-1600x1200.jpg 1600w, https:\/\/www.askja-on-tour.ch\/wp-content\/uploads\/2026\/08\/Fahrt_Santarem-029-768x576.jpg 768w, https:\/\/www.askja-on-tour.ch\/wp-content\/uploads\/2026\/08\/Fahrt_Santarem-029-1536x1152.jpg 1536w, https:\/\/www.askja-on-tour.ch\/wp-content\/uploads\/2026\/08\/Fahrt_Santarem-029.jpg 2048w\" sizes=\"auto, (max-width: 1024px) 100vw, 1024px\" \/> <img loading=\"lazy\" decoding=\"async\" class=\"alignnone size-medium wp-image-31464\" src=\"https:\/\/www.askja-on-tour.ch\/wp-content\/uploads\/2026\/08\/Fahrt_Santarem-030-768x1024.jpg\" alt=\"\" width=\"768\" height=\"1024\" srcset=\"https:\/\/www.askja-on-tour.ch\/wp-content\/uploads\/2026\/08\/Fahrt_Santarem-030-768x1024.jpg 768w, https:\/\/www.askja-on-tour.ch\/wp-content\/uploads\/2026\/08\/Fahrt_Santarem-030-1200x1600.jpg 1200w, https:\/\/www.askja-on-tour.ch\/wp-content\/uploads\/2026\/08\/Fahrt_Santarem-030-1152x1536.jpg 1152w, https:\/\/www.askja-on-tour.ch\/wp-content\/uploads\/2026\/08\/Fahrt_Santarem-030.jpg 1536w\" sizes=\"auto, (max-width: 768px) 100vw, 768px\" \/><\/p>\n<figure id=\"attachment_31468\" aria-describedby=\"caption-attachment-31468\" style=\"width: 1024px\" class=\"wp-caption alignnone\"><img loading=\"lazy\" decoding=\"async\" class=\"size-medium wp-image-31468\" src=\"https:\/\/www.askja-on-tour.ch\/wp-content\/uploads\/2026\/08\/Fahrt_Santarem-034-1024x768.jpg\" alt=\"\" width=\"1024\" height=\"768\" srcset=\"https:\/\/www.askja-on-tour.ch\/wp-content\/uploads\/2026\/08\/Fahrt_Santarem-034-1024x768.jpg 1024w, https:\/\/www.askja-on-tour.ch\/wp-content\/uploads\/2026\/08\/Fahrt_Santarem-034-1600x1200.jpg 1600w, https:\/\/www.askja-on-tour.ch\/wp-content\/uploads\/2026\/08\/Fahrt_Santarem-034-768x576.jpg 768w, https:\/\/www.askja-on-tour.ch\/wp-content\/uploads\/2026\/08\/Fahrt_Santarem-034-1536x1152.jpg 1536w, https:\/\/www.askja-on-tour.ch\/wp-content\/uploads\/2026\/08\/Fahrt_Santarem-034.jpg 2048w\" sizes=\"auto, (max-width: 1024px) 100vw, 1024px\" \/><figcaption id=\"caption-attachment-31468\" class=\"wp-caption-text\">Nebelschwaden<\/figcaption><\/figure>\n<p><img loading=\"lazy\" decoding=\"async\" class=\"alignnone size-medium wp-image-31469\" src=\"https:\/\/www.askja-on-tour.ch\/wp-content\/uploads\/2026\/08\/Fahrt_Santarem-035-1024x768.jpg\" alt=\"\" width=\"1024\" height=\"768\" srcset=\"https:\/\/www.askja-on-tour.ch\/wp-content\/uploads\/2026\/08\/Fahrt_Santarem-035-1024x768.jpg 1024w, https:\/\/www.askja-on-tour.ch\/wp-content\/uploads\/2026\/08\/Fahrt_Santarem-035-1600x1200.jpg 1600w, https:\/\/www.askja-on-tour.ch\/wp-content\/uploads\/2026\/08\/Fahrt_Santarem-035-768x576.jpg 768w, https:\/\/www.askja-on-tour.ch\/wp-content\/uploads\/2026\/08\/Fahrt_Santarem-035-1536x1152.jpg 1536w, https:\/\/www.askja-on-tour.ch\/wp-content\/uploads\/2026\/08\/Fahrt_Santarem-035.jpg 2048w\" sizes=\"auto, (max-width: 1024px) 100vw, 1024px\" \/> <img loading=\"lazy\" decoding=\"async\" class=\"alignnone size-medium wp-image-31470\" src=\"https:\/\/www.askja-on-tour.ch\/wp-content\/uploads\/2026\/08\/Fahrt_Santarem-036-1024x768.jpg\" alt=\"\" width=\"1024\" height=\"768\" srcset=\"https:\/\/www.askja-on-tour.ch\/wp-content\/uploads\/2026\/08\/Fahrt_Santarem-036-1024x768.jpg 1024w, https:\/\/www.askja-on-tour.ch\/wp-content\/uploads\/2026\/08\/Fahrt_Santarem-036-1600x1200.jpg 1600w, https:\/\/www.askja-on-tour.ch\/wp-content\/uploads\/2026\/08\/Fahrt_Santarem-036-768x576.jpg 768w, https:\/\/www.askja-on-tour.ch\/wp-content\/uploads\/2026\/08\/Fahrt_Santarem-036-1536x1152.jpg 1536w, https:\/\/www.askja-on-tour.ch\/wp-content\/uploads\/2026\/08\/Fahrt_Santarem-036.jpg 2048w\" sizes=\"auto, (max-width: 1024px) 100vw, 1024px\" \/> <img loading=\"lazy\" decoding=\"async\" class=\"alignnone size-medium wp-image-31471\" src=\"https:\/\/www.askja-on-tour.ch\/wp-content\/uploads\/2026\/08\/Fahrt_Santarem-037-1024x768.jpg\" alt=\"\" width=\"1024\" height=\"768\" srcset=\"https:\/\/www.askja-on-tour.ch\/wp-content\/uploads\/2026\/08\/Fahrt_Santarem-037-1024x768.jpg 1024w, https:\/\/www.askja-on-tour.ch\/wp-content\/uploads\/2026\/08\/Fahrt_Santarem-037-1600x1200.jpg 1600w, https:\/\/www.askja-on-tour.ch\/wp-content\/uploads\/2026\/08\/Fahrt_Santarem-037-768x576.jpg 768w, https:\/\/www.askja-on-tour.ch\/wp-content\/uploads\/2026\/08\/Fahrt_Santarem-037-1536x1152.jpg 1536w, https:\/\/www.askja-on-tour.ch\/wp-content\/uploads\/2026\/08\/Fahrt_Santarem-037.jpg 2048w\" sizes=\"auto, (max-width: 1024px) 100vw, 1024px\" \/><\/p>\n<figure id=\"attachment_31475\" aria-describedby=\"caption-attachment-31475\" style=\"width: 1024px\" class=\"wp-caption alignnone\"><img loading=\"lazy\" decoding=\"async\" class=\"size-medium wp-image-31475\" src=\"https:\/\/www.askja-on-tour.ch\/wp-content\/uploads\/2026\/08\/Fahrt_Santarem-041-1024x768.jpg\" alt=\"\" width=\"1024\" height=\"768\" srcset=\"https:\/\/www.askja-on-tour.ch\/wp-content\/uploads\/2026\/08\/Fahrt_Santarem-041-1024x768.jpg 1024w, https:\/\/www.askja-on-tour.ch\/wp-content\/uploads\/2026\/08\/Fahrt_Santarem-041-1600x1200.jpg 1600w, https:\/\/www.askja-on-tour.ch\/wp-content\/uploads\/2026\/08\/Fahrt_Santarem-041-768x576.jpg 768w, https:\/\/www.askja-on-tour.ch\/wp-content\/uploads\/2026\/08\/Fahrt_Santarem-041-1536x1152.jpg 1536w, https:\/\/www.askja-on-tour.ch\/wp-content\/uploads\/2026\/08\/Fahrt_Santarem-041.jpg 2048w\" sizes=\"auto, (max-width: 1024px) 100vw, 1024px\" \/><figcaption id=\"caption-attachment-31475\" class=\"wp-caption-text\">Der Amazonas &#8230;<\/figcaption><\/figure>\n<figure id=\"attachment_31476\" aria-describedby=\"caption-attachment-31476\" style=\"width: 1024px\" class=\"wp-caption alignnone\"><img loading=\"lazy\" decoding=\"async\" class=\"size-medium wp-image-31476\" src=\"https:\/\/www.askja-on-tour.ch\/wp-content\/uploads\/2026\/08\/Fahrt_Santarem-042-1024x768.jpg\" alt=\"\" width=\"1024\" height=\"768\" srcset=\"https:\/\/www.askja-on-tour.ch\/wp-content\/uploads\/2026\/08\/Fahrt_Santarem-042-1024x768.jpg 1024w, https:\/\/www.askja-on-tour.ch\/wp-content\/uploads\/2026\/08\/Fahrt_Santarem-042-1600x1200.jpg 1600w, https:\/\/www.askja-on-tour.ch\/wp-content\/uploads\/2026\/08\/Fahrt_Santarem-042-768x576.jpg 768w, https:\/\/www.askja-on-tour.ch\/wp-content\/uploads\/2026\/08\/Fahrt_Santarem-042-1536x1152.jpg 1536w, https:\/\/www.askja-on-tour.ch\/wp-content\/uploads\/2026\/08\/Fahrt_Santarem-042.jpg 2048w\" sizes=\"auto, (max-width: 1024px) 100vw, 1024px\" \/><figcaption id=\"caption-attachment-31476\" class=\"wp-caption-text\">&#8230; mit H\u00e4user auf Stelzen<\/figcaption><\/figure>\n<p><img loading=\"lazy\" decoding=\"async\" class=\"alignnone size-medium wp-image-31477\" src=\"https:\/\/www.askja-on-tour.ch\/wp-content\/uploads\/2026\/08\/Fahrt_Santarem-043-1024x768.jpg\" alt=\"\" width=\"1024\" height=\"768\" srcset=\"https:\/\/www.askja-on-tour.ch\/wp-content\/uploads\/2026\/08\/Fahrt_Santarem-043-1024x768.jpg 1024w, https:\/\/www.askja-on-tour.ch\/wp-content\/uploads\/2026\/08\/Fahrt_Santarem-043-1600x1200.jpg 1600w, https:\/\/www.askja-on-tour.ch\/wp-content\/uploads\/2026\/08\/Fahrt_Santarem-043-768x576.jpg 768w, https:\/\/www.askja-on-tour.ch\/wp-content\/uploads\/2026\/08\/Fahrt_Santarem-043-1536x1152.jpg 1536w, https:\/\/www.askja-on-tour.ch\/wp-content\/uploads\/2026\/08\/Fahrt_Santarem-043.jpg 2048w\" sizes=\"auto, (max-width: 1024px) 100vw, 1024px\" \/><\/p>\n<figure id=\"attachment_31478\" aria-describedby=\"caption-attachment-31478\" style=\"width: 1024px\" class=\"wp-caption alignnone\"><img loading=\"lazy\" decoding=\"async\" class=\"size-medium wp-image-31478\" src=\"https:\/\/www.askja-on-tour.ch\/wp-content\/uploads\/2026\/08\/Fahrt_Santarem-044-1024x768.jpg\" alt=\"\" width=\"1024\" height=\"768\" srcset=\"https:\/\/www.askja-on-tour.ch\/wp-content\/uploads\/2026\/08\/Fahrt_Santarem-044-1024x768.jpg 1024w, https:\/\/www.askja-on-tour.ch\/wp-content\/uploads\/2026\/08\/Fahrt_Santarem-044-1600x1200.jpg 1600w, https:\/\/www.askja-on-tour.ch\/wp-content\/uploads\/2026\/08\/Fahrt_Santarem-044-768x576.jpg 768w, https:\/\/www.askja-on-tour.ch\/wp-content\/uploads\/2026\/08\/Fahrt_Santarem-044-1536x1152.jpg 1536w, https:\/\/www.askja-on-tour.ch\/wp-content\/uploads\/2026\/08\/Fahrt_Santarem-044.jpg 2048w\" sizes=\"auto, (max-width: 1024px) 100vw, 1024px\" \/><figcaption id=\"caption-attachment-31478\" class=\"wp-caption-text\">Ortsdurchfahrten<\/figcaption><\/figure>\n<figure id=\"attachment_31479\" aria-describedby=\"caption-attachment-31479\" style=\"width: 1024px\" class=\"wp-caption alignnone\"><img loading=\"lazy\" decoding=\"async\" class=\"size-medium wp-image-31479\" src=\"https:\/\/www.askja-on-tour.ch\/wp-content\/uploads\/2026\/08\/Fahrt_Santarem-045-1024x768.jpg\" alt=\"\" width=\"1024\" height=\"768\" srcset=\"https:\/\/www.askja-on-tour.ch\/wp-content\/uploads\/2026\/08\/Fahrt_Santarem-045-1024x768.jpg 1024w, https:\/\/www.askja-on-tour.ch\/wp-content\/uploads\/2026\/08\/Fahrt_Santarem-045-1600x1200.jpg 1600w, https:\/\/www.askja-on-tour.ch\/wp-content\/uploads\/2026\/08\/Fahrt_Santarem-045-768x576.jpg 768w, https:\/\/www.askja-on-tour.ch\/wp-content\/uploads\/2026\/08\/Fahrt_Santarem-045-1536x1152.jpg 1536w, https:\/\/www.askja-on-tour.ch\/wp-content\/uploads\/2026\/08\/Fahrt_Santarem-045.jpg 2048w\" sizes=\"auto, (max-width: 1024px) 100vw, 1024px\" \/><figcaption id=\"caption-attachment-31479\" class=\"wp-caption-text\">Jeder Ort hat seine Kirche(n)<\/figcaption><\/figure>\n<figure id=\"attachment_31486\" aria-describedby=\"caption-attachment-31486\" style=\"width: 1024px\" class=\"wp-caption alignnone\"><img loading=\"lazy\" decoding=\"async\" class=\"wp-image-31486 size-medium\" src=\"https:\/\/www.askja-on-tour.ch\/wp-content\/uploads\/2026\/08\/Fahrt_Santarem-052-1024x768.jpg\" alt=\"\" width=\"1024\" height=\"768\" srcset=\"https:\/\/www.askja-on-tour.ch\/wp-content\/uploads\/2026\/08\/Fahrt_Santarem-052-1024x768.jpg 1024w, https:\/\/www.askja-on-tour.ch\/wp-content\/uploads\/2026\/08\/Fahrt_Santarem-052-1600x1200.jpg 1600w, https:\/\/www.askja-on-tour.ch\/wp-content\/uploads\/2026\/08\/Fahrt_Santarem-052-768x576.jpg 768w, https:\/\/www.askja-on-tour.ch\/wp-content\/uploads\/2026\/08\/Fahrt_Santarem-052-1536x1152.jpg 1536w, https:\/\/www.askja-on-tour.ch\/wp-content\/uploads\/2026\/08\/Fahrt_Santarem-052.jpg 2048w\" sizes=\"auto, (max-width: 1024px) 100vw, 1024px\" \/><figcaption id=\"caption-attachment-31486\" class=\"wp-caption-text\">Mein Hotel &#8211; nehme ab sofort Buchungen entgegen<\/figcaption><\/figure>\n<p><img loading=\"lazy\" decoding=\"async\" class=\"alignnone size-medium wp-image-31480\" src=\"https:\/\/www.askja-on-tour.ch\/wp-content\/uploads\/2026\/08\/Fahrt_Santarem-046-1024x768.jpg\" alt=\"\" width=\"1024\" height=\"768\" srcset=\"https:\/\/www.askja-on-tour.ch\/wp-content\/uploads\/2026\/08\/Fahrt_Santarem-046-1024x768.jpg 1024w, https:\/\/www.askja-on-tour.ch\/wp-content\/uploads\/2026\/08\/Fahrt_Santarem-046-1600x1200.jpg 1600w, https:\/\/www.askja-on-tour.ch\/wp-content\/uploads\/2026\/08\/Fahrt_Santarem-046-768x576.jpg 768w, https:\/\/www.askja-on-tour.ch\/wp-content\/uploads\/2026\/08\/Fahrt_Santarem-046-1536x1152.jpg 1536w, https:\/\/www.askja-on-tour.ch\/wp-content\/uploads\/2026\/08\/Fahrt_Santarem-046.jpg 2048w\" sizes=\"auto, (max-width: 1024px) 100vw, 1024px\" \/> <img loading=\"lazy\" decoding=\"async\" class=\"alignnone size-medium wp-image-31481\" src=\"https:\/\/www.askja-on-tour.ch\/wp-content\/uploads\/2026\/08\/Fahrt_Santarem-047-1024x768.jpg\" alt=\"\" width=\"1024\" height=\"768\" srcset=\"https:\/\/www.askja-on-tour.ch\/wp-content\/uploads\/2026\/08\/Fahrt_Santarem-047-1024x768.jpg 1024w, https:\/\/www.askja-on-tour.ch\/wp-content\/uploads\/2026\/08\/Fahrt_Santarem-047-1600x1200.jpg 1600w, https:\/\/www.askja-on-tour.ch\/wp-content\/uploads\/2026\/08\/Fahrt_Santarem-047-768x576.jpg 768w, https:\/\/www.askja-on-tour.ch\/wp-content\/uploads\/2026\/08\/Fahrt_Santarem-047-1536x1152.jpg 1536w, https:\/\/www.askja-on-tour.ch\/wp-content\/uploads\/2026\/08\/Fahrt_Santarem-047.jpg 2048w\" sizes=\"auto, (max-width: 1024px) 100vw, 1024px\" \/> <img loading=\"lazy\" decoding=\"async\" class=\"alignnone size-medium wp-image-31485\" src=\"https:\/\/www.askja-on-tour.ch\/wp-content\/uploads\/2026\/08\/Fahrt_Santarem-051-1024x768.jpg\" alt=\"\" width=\"1024\" height=\"768\" srcset=\"https:\/\/www.askja-on-tour.ch\/wp-content\/uploads\/2026\/08\/Fahrt_Santarem-051-1024x768.jpg 1024w, https:\/\/www.askja-on-tour.ch\/wp-content\/uploads\/2026\/08\/Fahrt_Santarem-051-1600x1200.jpg 1600w, https:\/\/www.askja-on-tour.ch\/wp-content\/uploads\/2026\/08\/Fahrt_Santarem-051-768x576.jpg 768w, https:\/\/www.askja-on-tour.ch\/wp-content\/uploads\/2026\/08\/Fahrt_Santarem-051-1536x1152.jpg 1536w, https:\/\/www.askja-on-tour.ch\/wp-content\/uploads\/2026\/08\/Fahrt_Santarem-051.jpg 2048w\" sizes=\"auto, (max-width: 1024px) 100vw, 1024px\" \/> <img loading=\"lazy\" decoding=\"async\" class=\"alignnone size-medium wp-image-31492\" src=\"https:\/\/www.askja-on-tour.ch\/wp-content\/uploads\/2026\/08\/Fahrt_Santarem-058-1024x768.jpg\" alt=\"\" width=\"1024\" height=\"768\" srcset=\"https:\/\/www.askja-on-tour.ch\/wp-content\/uploads\/2026\/08\/Fahrt_Santarem-058-1024x768.jpg 1024w, https:\/\/www.askja-on-tour.ch\/wp-content\/uploads\/2026\/08\/Fahrt_Santarem-058-1600x1200.jpg 1600w, https:\/\/www.askja-on-tour.ch\/wp-content\/uploads\/2026\/08\/Fahrt_Santarem-058-768x576.jpg 768w, https:\/\/www.askja-on-tour.ch\/wp-content\/uploads\/2026\/08\/Fahrt_Santarem-058-1536x1152.jpg 1536w, https:\/\/www.askja-on-tour.ch\/wp-content\/uploads\/2026\/08\/Fahrt_Santarem-058.jpg 2048w\" sizes=\"auto, (max-width: 1024px) 100vw, 1024px\" \/> <img loading=\"lazy\" decoding=\"async\" class=\"alignnone size-medium wp-image-31493\" src=\"https:\/\/www.askja-on-tour.ch\/wp-content\/uploads\/2026\/08\/Fahrt_Santarem-059-1024x768.jpg\" alt=\"\" width=\"1024\" height=\"768\" srcset=\"https:\/\/www.askja-on-tour.ch\/wp-content\/uploads\/2026\/08\/Fahrt_Santarem-059-1024x768.jpg 1024w, https:\/\/www.askja-on-tour.ch\/wp-content\/uploads\/2026\/08\/Fahrt_Santarem-059-1600x1200.jpg 1600w, https:\/\/www.askja-on-tour.ch\/wp-content\/uploads\/2026\/08\/Fahrt_Santarem-059-768x576.jpg 768w, https:\/\/www.askja-on-tour.ch\/wp-content\/uploads\/2026\/08\/Fahrt_Santarem-059-1536x1152.jpg 1536w, https:\/\/www.askja-on-tour.ch\/wp-content\/uploads\/2026\/08\/Fahrt_Santarem-059.jpg 2048w\" sizes=\"auto, (max-width: 1024px) 100vw, 1024px\" \/><\/p>\n<figure id=\"attachment_31494\" aria-describedby=\"caption-attachment-31494\" style=\"width: 1024px\" class=\"wp-caption alignnone\"><img loading=\"lazy\" decoding=\"async\" class=\"size-medium wp-image-31494\" src=\"https:\/\/www.askja-on-tour.ch\/wp-content\/uploads\/2026\/08\/Fahrt_Santarem-060-1024x768.jpg\" alt=\"\" width=\"1024\" height=\"768\" srcset=\"https:\/\/www.askja-on-tour.ch\/wp-content\/uploads\/2026\/08\/Fahrt_Santarem-060-1024x768.jpg 1024w, https:\/\/www.askja-on-tour.ch\/wp-content\/uploads\/2026\/08\/Fahrt_Santarem-060-1600x1200.jpg 1600w, https:\/\/www.askja-on-tour.ch\/wp-content\/uploads\/2026\/08\/Fahrt_Santarem-060-768x576.jpg 768w, https:\/\/www.askja-on-tour.ch\/wp-content\/uploads\/2026\/08\/Fahrt_Santarem-060-1536x1152.jpg 1536w, https:\/\/www.askja-on-tour.ch\/wp-content\/uploads\/2026\/08\/Fahrt_Santarem-060.jpg 2048w\" sizes=\"auto, (max-width: 1024px) 100vw, 1024px\" \/><figcaption id=\"caption-attachment-31494\" class=\"wp-caption-text\">&#8230;. alte sch\u00f6ne Kirche<\/figcaption><\/figure>\n<p><img loading=\"lazy\" decoding=\"async\" class=\"alignnone size-medium wp-image-31496\" src=\"https:\/\/www.askja-on-tour.ch\/wp-content\/uploads\/2026\/08\/Fahrt_Santarem-062-768x1024.jpg\" alt=\"\" width=\"768\" height=\"1024\" srcset=\"https:\/\/www.askja-on-tour.ch\/wp-content\/uploads\/2026\/08\/Fahrt_Santarem-062-768x1024.jpg 768w, https:\/\/www.askja-on-tour.ch\/wp-content\/uploads\/2026\/08\/Fahrt_Santarem-062-1200x1600.jpg 1200w, https:\/\/www.askja-on-tour.ch\/wp-content\/uploads\/2026\/08\/Fahrt_Santarem-062-1152x1536.jpg 1152w, https:\/\/www.askja-on-tour.ch\/wp-content\/uploads\/2026\/08\/Fahrt_Santarem-062.jpg 1536w\" sizes=\"auto, (max-width: 768px) 100vw, 768px\" \/> <img loading=\"lazy\" decoding=\"async\" class=\"alignnone size-medium wp-image-31497\" src=\"https:\/\/www.askja-on-tour.ch\/wp-content\/uploads\/2026\/08\/Fahrt_Santarem-063-1024x768.jpg\" alt=\"\" width=\"1024\" height=\"768\" srcset=\"https:\/\/www.askja-on-tour.ch\/wp-content\/uploads\/2026\/08\/Fahrt_Santarem-063-1024x768.jpg 1024w, https:\/\/www.askja-on-tour.ch\/wp-content\/uploads\/2026\/08\/Fahrt_Santarem-063-1600x1200.jpg 1600w, https:\/\/www.askja-on-tour.ch\/wp-content\/uploads\/2026\/08\/Fahrt_Santarem-063-768x576.jpg 768w, https:\/\/www.askja-on-tour.ch\/wp-content\/uploads\/2026\/08\/Fahrt_Santarem-063-1536x1152.jpg 1536w, https:\/\/www.askja-on-tour.ch\/wp-content\/uploads\/2026\/08\/Fahrt_Santarem-063.jpg 2048w\" sizes=\"auto, (max-width: 1024px) 100vw, 1024px\" \/> <img loading=\"lazy\" decoding=\"async\" class=\"alignnone size-medium wp-image-31500\" src=\"https:\/\/www.askja-on-tour.ch\/wp-content\/uploads\/2026\/08\/Fahrt_Santarem-066-1024x768.jpg\" alt=\"\" width=\"1024\" height=\"768\" srcset=\"https:\/\/www.askja-on-tour.ch\/wp-content\/uploads\/2026\/08\/Fahrt_Santarem-066-1024x768.jpg 1024w, https:\/\/www.askja-on-tour.ch\/wp-content\/uploads\/2026\/08\/Fahrt_Santarem-066-1600x1200.jpg 1600w, https:\/\/www.askja-on-tour.ch\/wp-content\/uploads\/2026\/08\/Fahrt_Santarem-066-768x576.jpg 768w, https:\/\/www.askja-on-tour.ch\/wp-content\/uploads\/2026\/08\/Fahrt_Santarem-066-1536x1152.jpg 1536w, https:\/\/www.askja-on-tour.ch\/wp-content\/uploads\/2026\/08\/Fahrt_Santarem-066.jpg 2048w\" sizes=\"auto, (max-width: 1024px) 100vw, 1024px\" \/><\/p>\n<figure id=\"attachment_31450\" aria-describedby=\"caption-attachment-31450\" style=\"width: 1024px\" class=\"wp-caption alignnone\"><img loading=\"lazy\" decoding=\"async\" class=\"wp-image-31450 size-medium\" src=\"https:\/\/www.askja-on-tour.ch\/wp-content\/uploads\/2026\/08\/Fahrt_Santarem-016-1024x768.jpg\" alt=\"\" width=\"1024\" height=\"768\" srcset=\"https:\/\/www.askja-on-tour.ch\/wp-content\/uploads\/2026\/08\/Fahrt_Santarem-016-1024x768.jpg 1024w, https:\/\/www.askja-on-tour.ch\/wp-content\/uploads\/2026\/08\/Fahrt_Santarem-016-1600x1200.jpg 1600w, https:\/\/www.askja-on-tour.ch\/wp-content\/uploads\/2026\/08\/Fahrt_Santarem-016-768x576.jpg 768w, https:\/\/www.askja-on-tour.ch\/wp-content\/uploads\/2026\/08\/Fahrt_Santarem-016-1536x1152.jpg 1536w, https:\/\/www.askja-on-tour.ch\/wp-content\/uploads\/2026\/08\/Fahrt_Santarem-016.jpg 2048w\" sizes=\"auto, (max-width: 1024px) 100vw, 1024px\" \/><figcaption id=\"caption-attachment-31450\" class=\"wp-caption-text\">Und pl\u00f6tzlich waren es nicht mehr 3&#8217;600 km sondern &#8222;nur&#8220; noch 1&#8217;250 km bis Santar\u00e9m<\/figcaption><\/figure>\n<p>Auf der Strecke nach Santar\u00e9m gibt es keine gr\u00f6sseren Ortschaften mehr, so haben wir w\u00e4hrend f\u00fcnf N\u00e4chten an 24 h-Tankstellen \u00fcbernachtet, zusammen mit den grossen 26 und mehr Meter langen LKW.<\/p>\n<figure id=\"attachment_31437\" aria-describedby=\"caption-attachment-31437\" style=\"width: 1024px\" class=\"wp-caption alignnone\"><img loading=\"lazy\" decoding=\"async\" class=\"size-medium wp-image-31437\" src=\"https:\/\/www.askja-on-tour.ch\/wp-content\/uploads\/2026\/08\/Fahrt_Santarem-003-1024x768.jpg\" alt=\"\" width=\"1024\" height=\"768\" srcset=\"https:\/\/www.askja-on-tour.ch\/wp-content\/uploads\/2026\/08\/Fahrt_Santarem-003-1024x768.jpg 1024w, https:\/\/www.askja-on-tour.ch\/wp-content\/uploads\/2026\/08\/Fahrt_Santarem-003-1600x1200.jpg 1600w, https:\/\/www.askja-on-tour.ch\/wp-content\/uploads\/2026\/08\/Fahrt_Santarem-003-768x576.jpg 768w, https:\/\/www.askja-on-tour.ch\/wp-content\/uploads\/2026\/08\/Fahrt_Santarem-003-1536x1152.jpg 1536w, https:\/\/www.askja-on-tour.ch\/wp-content\/uploads\/2026\/08\/Fahrt_Santarem-003.jpg 2048w\" sizes=\"auto, (max-width: 1024px) 100vw, 1024px\" \/><figcaption id=\"caption-attachment-31437\" class=\"wp-caption-text\">Unsere erste Tankstelle auf dem Weg nach Santarem, nicht \u00fcberall waren die Tankstellen so sch\u00f6n aufger\u00e4umt und mit Betonbelag<\/figcaption><\/figure>\n<p><img loading=\"lazy\" decoding=\"async\" class=\"alignnone size-medium wp-image-31436\" src=\"https:\/\/www.askja-on-tour.ch\/wp-content\/uploads\/2026\/08\/Fahrt_Santarem-002-1024x768.jpg\" alt=\"\" width=\"1024\" height=\"768\" srcset=\"https:\/\/www.askja-on-tour.ch\/wp-content\/uploads\/2026\/08\/Fahrt_Santarem-002-1024x768.jpg 1024w, https:\/\/www.askja-on-tour.ch\/wp-content\/uploads\/2026\/08\/Fahrt_Santarem-002-1600x1200.jpg 1600w, https:\/\/www.askja-on-tour.ch\/wp-content\/uploads\/2026\/08\/Fahrt_Santarem-002-768x576.jpg 768w, https:\/\/www.askja-on-tour.ch\/wp-content\/uploads\/2026\/08\/Fahrt_Santarem-002-1536x1152.jpg 1536w, https:\/\/www.askja-on-tour.ch\/wp-content\/uploads\/2026\/08\/Fahrt_Santarem-002.jpg 2048w\" sizes=\"auto, (max-width: 1024px) 100vw, 1024px\" \/> <img loading=\"lazy\" decoding=\"async\" class=\"alignnone size-medium wp-image-31441\" src=\"https:\/\/www.askja-on-tour.ch\/wp-content\/uploads\/2026\/08\/Fahrt_Santarem-007-1024x768.jpg\" alt=\"\" width=\"1024\" height=\"768\" srcset=\"https:\/\/www.askja-on-tour.ch\/wp-content\/uploads\/2026\/08\/Fahrt_Santarem-007-1024x768.jpg 1024w, https:\/\/www.askja-on-tour.ch\/wp-content\/uploads\/2026\/08\/Fahrt_Santarem-007-1600x1200.jpg 1600w, https:\/\/www.askja-on-tour.ch\/wp-content\/uploads\/2026\/08\/Fahrt_Santarem-007-768x576.jpg 768w, https:\/\/www.askja-on-tour.ch\/wp-content\/uploads\/2026\/08\/Fahrt_Santarem-007-1536x1152.jpg 1536w, https:\/\/www.askja-on-tour.ch\/wp-content\/uploads\/2026\/08\/Fahrt_Santarem-007.jpg 2048w\" sizes=\"auto, (max-width: 1024px) 100vw, 1024px\" \/><\/p>\n<figure id=\"attachment_31440\" aria-describedby=\"caption-attachment-31440\" style=\"width: 1024px\" class=\"wp-caption alignnone\"><img loading=\"lazy\" decoding=\"async\" class=\"size-medium wp-image-31440\" src=\"https:\/\/www.askja-on-tour.ch\/wp-content\/uploads\/2026\/08\/Fahrt_Santarem-006-1024x768.jpg\" alt=\"\" width=\"1024\" height=\"768\" srcset=\"https:\/\/www.askja-on-tour.ch\/wp-content\/uploads\/2026\/08\/Fahrt_Santarem-006-1024x768.jpg 1024w, https:\/\/www.askja-on-tour.ch\/wp-content\/uploads\/2026\/08\/Fahrt_Santarem-006-1600x1200.jpg 1600w, https:\/\/www.askja-on-tour.ch\/wp-content\/uploads\/2026\/08\/Fahrt_Santarem-006-768x576.jpg 768w, https:\/\/www.askja-on-tour.ch\/wp-content\/uploads\/2026\/08\/Fahrt_Santarem-006-1536x1152.jpg 1536w, https:\/\/www.askja-on-tour.ch\/wp-content\/uploads\/2026\/08\/Fahrt_Santarem-006.jpg 2048w\" sizes=\"auto, (max-width: 1024px) 100vw, 1024px\" \/><figcaption id=\"caption-attachment-31440\" class=\"wp-caption-text\">&#8230; hier stehen auch die Trucker, sei es zum kurzen Abendessen oder f\u00fcr die Nacht<\/figcaption><\/figure>\n<figure id=\"attachment_31455\" aria-describedby=\"caption-attachment-31455\" style=\"width: 1024px\" class=\"wp-caption alignnone\"><img loading=\"lazy\" decoding=\"async\" class=\"size-medium wp-image-31455\" src=\"https:\/\/www.askja-on-tour.ch\/wp-content\/uploads\/2026\/08\/Fahrt_Santarem-021-1024x768.jpg\" alt=\"\" width=\"1024\" height=\"768\" srcset=\"https:\/\/www.askja-on-tour.ch\/wp-content\/uploads\/2026\/08\/Fahrt_Santarem-021-1024x768.jpg 1024w, https:\/\/www.askja-on-tour.ch\/wp-content\/uploads\/2026\/08\/Fahrt_Santarem-021-1600x1200.jpg 1600w, https:\/\/www.askja-on-tour.ch\/wp-content\/uploads\/2026\/08\/Fahrt_Santarem-021-768x576.jpg 768w, https:\/\/www.askja-on-tour.ch\/wp-content\/uploads\/2026\/08\/Fahrt_Santarem-021-1536x1152.jpg 1536w, https:\/\/www.askja-on-tour.ch\/wp-content\/uploads\/2026\/08\/Fahrt_Santarem-021.jpg 2048w\" sizes=\"auto, (max-width: 1024px) 100vw, 1024px\" \/><figcaption id=\"caption-attachment-31455\" class=\"wp-caption-text\">ein weiterer Nachtplatz &#8211; diesmal weniger<\/figcaption><\/figure>\n<figure id=\"attachment_31466\" aria-describedby=\"caption-attachment-31466\" style=\"width: 1024px\" class=\"wp-caption alignnone\"><img loading=\"lazy\" decoding=\"async\" class=\"size-medium wp-image-31466\" src=\"https:\/\/www.askja-on-tour.ch\/wp-content\/uploads\/2026\/08\/Fahrt_Santarem-032-1024x768.jpg\" alt=\"\" width=\"1024\" height=\"768\" srcset=\"https:\/\/www.askja-on-tour.ch\/wp-content\/uploads\/2026\/08\/Fahrt_Santarem-032-1024x768.jpg 1024w, https:\/\/www.askja-on-tour.ch\/wp-content\/uploads\/2026\/08\/Fahrt_Santarem-032-1600x1200.jpg 1600w, https:\/\/www.askja-on-tour.ch\/wp-content\/uploads\/2026\/08\/Fahrt_Santarem-032-768x576.jpg 768w, https:\/\/www.askja-on-tour.ch\/wp-content\/uploads\/2026\/08\/Fahrt_Santarem-032-1536x1152.jpg 1536w, https:\/\/www.askja-on-tour.ch\/wp-content\/uploads\/2026\/08\/Fahrt_Santarem-032.jpg 2048w\" sizes=\"auto, (max-width: 1024px) 100vw, 1024px\" \/><figcaption id=\"caption-attachment-31466\" class=\"wp-caption-text\">.. weniger idyllisch aber viel staubiger. Der rote feine Sand verfolgt uns die ganze Reise und dringt durch jede Ritze ins Auto<\/figcaption><\/figure>\n<p><img loading=\"lazy\" decoding=\"async\" class=\"alignnone size-medium wp-image-31467\" src=\"https:\/\/www.askja-on-tour.ch\/wp-content\/uploads\/2026\/08\/Fahrt_Santarem-033-1024x768.jpg\" alt=\"\" width=\"1024\" height=\"768\" srcset=\"https:\/\/www.askja-on-tour.ch\/wp-content\/uploads\/2026\/08\/Fahrt_Santarem-033-1024x768.jpg 1024w, https:\/\/www.askja-on-tour.ch\/wp-content\/uploads\/2026\/08\/Fahrt_Santarem-033-1600x1200.jpg 1600w, https:\/\/www.askja-on-tour.ch\/wp-content\/uploads\/2026\/08\/Fahrt_Santarem-033-768x576.jpg 768w, https:\/\/www.askja-on-tour.ch\/wp-content\/uploads\/2026\/08\/Fahrt_Santarem-033-1536x1152.jpg 1536w, https:\/\/www.askja-on-tour.ch\/wp-content\/uploads\/2026\/08\/Fahrt_Santarem-033.jpg 2048w\" sizes=\"auto, (max-width: 1024px) 100vw, 1024px\" \/><\/p>\n<figure id=\"attachment_31468-2\" aria-describedby=\"caption-attachment-31468-2\" style=\"width: 1024px\" class=\"wp-caption alignnone\"><img loading=\"lazy\" decoding=\"async\" class=\"size-medium wp-image-31468\" src=\"https:\/\/www.askja-on-tour.ch\/wp-content\/uploads\/2026\/08\/Fahrt_Santarem-034-1024x768.jpg\" alt=\"\" width=\"1024\" height=\"768\" srcset=\"https:\/\/www.askja-on-tour.ch\/wp-content\/uploads\/2026\/08\/Fahrt_Santarem-034-1024x768.jpg 1024w, https:\/\/www.askja-on-tour.ch\/wp-content\/uploads\/2026\/08\/Fahrt_Santarem-034-1600x1200.jpg 1600w, https:\/\/www.askja-on-tour.ch\/wp-content\/uploads\/2026\/08\/Fahrt_Santarem-034-768x576.jpg 768w, https:\/\/www.askja-on-tour.ch\/wp-content\/uploads\/2026\/08\/Fahrt_Santarem-034-1536x1152.jpg 1536w, https:\/\/www.askja-on-tour.ch\/wp-content\/uploads\/2026\/08\/Fahrt_Santarem-034.jpg 2048w\" sizes=\"auto, (max-width: 1024px) 100vw, 1024px\" \/><figcaption id=\"caption-attachment-31468-2\" class=\"wp-caption-text\">Nebelschwaden<\/figcaption><\/figure>\n<p>Lastwagen pr\u00e4gen das Bild auf der BR-163, der wir immer folgten. Die Strasse war in unterschiedlichem Zustand, teils Naturstrasse mit Steinigen Abschnitten oder Sand, teils Schlagl\u00f6cher, bis 50 cm tief und die ganze Strasse breit. Und immer in \u201eKonkurrenz\u201c um die beste Strecke an Betonschwellen (Lomos zur Reduktion der Geschwindigkeit), an Steigungen (wo die Trucks einfach zu wenig Pfupf hatten, um hochzukommen), an Abfahrten (da waren sie sehr schnell und \u00fcberholten uns wieder, weil wir nie wussten, wann der n\u00e4chste Strassenbelagsschaden kommt) und um die Schlagl\u00f6cher herum mit den Trucks.<\/p>\n<figure id=\"attachment_31456\" aria-describedby=\"caption-attachment-31456\" style=\"width: 1024px\" class=\"wp-caption alignnone\"><img loading=\"lazy\" decoding=\"async\" class=\"size-medium wp-image-31456\" src=\"https:\/\/www.askja-on-tour.ch\/wp-content\/uploads\/2026\/08\/Fahrt_Santarem-022-1024x768.jpg\" alt=\"\" width=\"1024\" height=\"768\" srcset=\"https:\/\/www.askja-on-tour.ch\/wp-content\/uploads\/2026\/08\/Fahrt_Santarem-022-1024x768.jpg 1024w, https:\/\/www.askja-on-tour.ch\/wp-content\/uploads\/2026\/08\/Fahrt_Santarem-022-1600x1200.jpg 1600w, https:\/\/www.askja-on-tour.ch\/wp-content\/uploads\/2026\/08\/Fahrt_Santarem-022-768x576.jpg 768w, https:\/\/www.askja-on-tour.ch\/wp-content\/uploads\/2026\/08\/Fahrt_Santarem-022-1536x1152.jpg 1536w, https:\/\/www.askja-on-tour.ch\/wp-content\/uploads\/2026\/08\/Fahrt_Santarem-022.jpg 2048w\" sizes=\"auto, (max-width: 1024px) 100vw, 1024px\" \/><figcaption id=\"caption-attachment-31456\" class=\"wp-caption-text\">Die BR-163 zieht sich<\/figcaption><\/figure>\n<figure id=\"attachment_31472\" aria-describedby=\"caption-attachment-31472\" style=\"width: 1024px\" class=\"wp-caption alignnone\"><img loading=\"lazy\" decoding=\"async\" class=\"size-medium wp-image-31472\" src=\"https:\/\/www.askja-on-tour.ch\/wp-content\/uploads\/2026\/08\/Fahrt_Santarem-038-1024x768.jpg\" alt=\"\" width=\"1024\" height=\"768\" srcset=\"https:\/\/www.askja-on-tour.ch\/wp-content\/uploads\/2026\/08\/Fahrt_Santarem-038-1024x768.jpg 1024w, https:\/\/www.askja-on-tour.ch\/wp-content\/uploads\/2026\/08\/Fahrt_Santarem-038-1600x1200.jpg 1600w, https:\/\/www.askja-on-tour.ch\/wp-content\/uploads\/2026\/08\/Fahrt_Santarem-038-768x576.jpg 768w, https:\/\/www.askja-on-tour.ch\/wp-content\/uploads\/2026\/08\/Fahrt_Santarem-038-1536x1152.jpg 1536w, https:\/\/www.askja-on-tour.ch\/wp-content\/uploads\/2026\/08\/Fahrt_Santarem-038.jpg 2048w\" sizes=\"auto, (max-width: 1024px) 100vw, 1024px\" \/><figcaption id=\"caption-attachment-31472\" class=\"wp-caption-text\">&#8230; einmal vor einem LKW und die verhassten Betonschwellen, die ein Abbremsen auf 0 km\/h verlangen<\/figcaption><\/figure>\n<figure id=\"attachment_31473\" aria-describedby=\"caption-attachment-31473\" style=\"width: 1024px\" class=\"wp-caption alignnone\"><img loading=\"lazy\" decoding=\"async\" class=\"size-medium wp-image-31473\" src=\"https:\/\/www.askja-on-tour.ch\/wp-content\/uploads\/2026\/08\/Fahrt_Santarem-039-1024x768.jpg\" alt=\"\" width=\"1024\" height=\"768\" srcset=\"https:\/\/www.askja-on-tour.ch\/wp-content\/uploads\/2026\/08\/Fahrt_Santarem-039-1024x768.jpg 1024w, https:\/\/www.askja-on-tour.ch\/wp-content\/uploads\/2026\/08\/Fahrt_Santarem-039-1600x1200.jpg 1600w, https:\/\/www.askja-on-tour.ch\/wp-content\/uploads\/2026\/08\/Fahrt_Santarem-039-768x576.jpg 768w, https:\/\/www.askja-on-tour.ch\/wp-content\/uploads\/2026\/08\/Fahrt_Santarem-039-1536x1152.jpg 1536w, https:\/\/www.askja-on-tour.ch\/wp-content\/uploads\/2026\/08\/Fahrt_Santarem-039.jpg 2048w\" sizes=\"auto, (max-width: 1024px) 100vw, 1024px\" \/><figcaption id=\"caption-attachment-31473\" class=\"wp-caption-text\">&#8230; wir f\u00fchren f\u00fcr ein Mal die Schlange nicht an<\/figcaption><\/figure>\n<figure id=\"attachment_31474\" aria-describedby=\"caption-attachment-31474\" style=\"width: 1024px\" class=\"wp-caption alignnone\"><img loading=\"lazy\" decoding=\"async\" class=\"size-medium wp-image-31474\" src=\"https:\/\/www.askja-on-tour.ch\/wp-content\/uploads\/2026\/08\/Fahrt_Santarem-040-1024x768.jpg\" alt=\"\" width=\"1024\" height=\"768\" srcset=\"https:\/\/www.askja-on-tour.ch\/wp-content\/uploads\/2026\/08\/Fahrt_Santarem-040-1024x768.jpg 1024w, https:\/\/www.askja-on-tour.ch\/wp-content\/uploads\/2026\/08\/Fahrt_Santarem-040-1600x1200.jpg 1600w, https:\/\/www.askja-on-tour.ch\/wp-content\/uploads\/2026\/08\/Fahrt_Santarem-040-768x576.jpg 768w, https:\/\/www.askja-on-tour.ch\/wp-content\/uploads\/2026\/08\/Fahrt_Santarem-040-1536x1152.jpg 1536w, https:\/\/www.askja-on-tour.ch\/wp-content\/uploads\/2026\/08\/Fahrt_Santarem-040.jpg 2048w\" sizes=\"auto, (max-width: 1024px) 100vw, 1024px\" \/><figcaption id=\"caption-attachment-31474\" class=\"wp-caption-text\">&#8230; hier leider nicht<\/figcaption><\/figure>\n<figure id=\"attachment_31483\" aria-describedby=\"caption-attachment-31483\" style=\"width: 1024px\" class=\"wp-caption alignnone\"><img loading=\"lazy\" decoding=\"async\" class=\"wp-image-31483 size-medium\" src=\"https:\/\/www.askja-on-tour.ch\/wp-content\/uploads\/2026\/08\/Fahrt_Santarem-049-1024x768.jpg\" alt=\"\" width=\"1024\" height=\"768\" srcset=\"https:\/\/www.askja-on-tour.ch\/wp-content\/uploads\/2026\/08\/Fahrt_Santarem-049-1024x768.jpg 1024w, https:\/\/www.askja-on-tour.ch\/wp-content\/uploads\/2026\/08\/Fahrt_Santarem-049-1600x1200.jpg 1600w, https:\/\/www.askja-on-tour.ch\/wp-content\/uploads\/2026\/08\/Fahrt_Santarem-049-768x576.jpg 768w, https:\/\/www.askja-on-tour.ch\/wp-content\/uploads\/2026\/08\/Fahrt_Santarem-049-1536x1152.jpg 1536w, https:\/\/www.askja-on-tour.ch\/wp-content\/uploads\/2026\/08\/Fahrt_Santarem-049.jpg 2048w\" sizes=\"auto, (max-width: 1024px) 100vw, 1024px\" \/><figcaption id=\"caption-attachment-31483\" class=\"wp-caption-text\">Elefantenrennen &#8211; oder die Lahmen gegen die ganz Lahmen (und wir dahinter)<\/figcaption><\/figure>\n<p><img loading=\"lazy\" decoding=\"async\" class=\"alignnone size-medium wp-image-31487\" src=\"https:\/\/www.askja-on-tour.ch\/wp-content\/uploads\/2026\/08\/Fahrt_Santarem-053-1024x768.jpg\" alt=\"\" width=\"1024\" height=\"768\" srcset=\"https:\/\/www.askja-on-tour.ch\/wp-content\/uploads\/2026\/08\/Fahrt_Santarem-053-1024x768.jpg 1024w, https:\/\/www.askja-on-tour.ch\/wp-content\/uploads\/2026\/08\/Fahrt_Santarem-053-1600x1200.jpg 1600w, https:\/\/www.askja-on-tour.ch\/wp-content\/uploads\/2026\/08\/Fahrt_Santarem-053-768x576.jpg 768w, https:\/\/www.askja-on-tour.ch\/wp-content\/uploads\/2026\/08\/Fahrt_Santarem-053-1536x1152.jpg 1536w, https:\/\/www.askja-on-tour.ch\/wp-content\/uploads\/2026\/08\/Fahrt_Santarem-053.jpg 2048w\" sizes=\"auto, (max-width: 1024px) 100vw, 1024px\" \/><\/p>\n<figure id=\"attachment_31488\" aria-describedby=\"caption-attachment-31488\" style=\"width: 1024px\" class=\"wp-caption alignnone\"><img loading=\"lazy\" decoding=\"async\" class=\"size-medium wp-image-31488\" src=\"https:\/\/www.askja-on-tour.ch\/wp-content\/uploads\/2026\/08\/Fahrt_Santarem-054-1024x768.jpg\" alt=\"\" width=\"1024\" height=\"768\" srcset=\"https:\/\/www.askja-on-tour.ch\/wp-content\/uploads\/2026\/08\/Fahrt_Santarem-054-1024x768.jpg 1024w, https:\/\/www.askja-on-tour.ch\/wp-content\/uploads\/2026\/08\/Fahrt_Santarem-054-1600x1200.jpg 1600w, https:\/\/www.askja-on-tour.ch\/wp-content\/uploads\/2026\/08\/Fahrt_Santarem-054-768x576.jpg 768w, https:\/\/www.askja-on-tour.ch\/wp-content\/uploads\/2026\/08\/Fahrt_Santarem-054-1536x1152.jpg 1536w, https:\/\/www.askja-on-tour.ch\/wp-content\/uploads\/2026\/08\/Fahrt_Santarem-054.jpg 2048w\" sizes=\"auto, (max-width: 1024px) 100vw, 1024px\" \/><figcaption id=\"caption-attachment-31488\" class=\"wp-caption-text\">Ein sehr uncooles St\u00fcck Piste &#8211; 40 km lang mit rotem Puderstaub, vielen Trucks, Schlagl\u00f6chern und Steinpisten<\/figcaption><\/figure>\n<p><img loading=\"lazy\" decoding=\"async\" class=\"alignnone size-medium wp-image-31489\" src=\"https:\/\/www.askja-on-tour.ch\/wp-content\/uploads\/2026\/08\/Fahrt_Santarem-055-1024x768.jpg\" alt=\"\" width=\"1024\" height=\"768\" srcset=\"https:\/\/www.askja-on-tour.ch\/wp-content\/uploads\/2026\/08\/Fahrt_Santarem-055-1024x768.jpg 1024w, https:\/\/www.askja-on-tour.ch\/wp-content\/uploads\/2026\/08\/Fahrt_Santarem-055-1600x1200.jpg 1600w, https:\/\/www.askja-on-tour.ch\/wp-content\/uploads\/2026\/08\/Fahrt_Santarem-055-768x576.jpg 768w, https:\/\/www.askja-on-tour.ch\/wp-content\/uploads\/2026\/08\/Fahrt_Santarem-055-1536x1152.jpg 1536w, https:\/\/www.askja-on-tour.ch\/wp-content\/uploads\/2026\/08\/Fahrt_Santarem-055.jpg 2048w\" sizes=\"auto, (max-width: 1024px) 100vw, 1024px\" \/> <img loading=\"lazy\" decoding=\"async\" class=\"alignnone size-medium wp-image-31490\" src=\"https:\/\/www.askja-on-tour.ch\/wp-content\/uploads\/2026\/08\/Fahrt_Santarem-056-1024x768.jpg\" alt=\"\" width=\"1024\" height=\"768\" srcset=\"https:\/\/www.askja-on-tour.ch\/wp-content\/uploads\/2026\/08\/Fahrt_Santarem-056-1024x768.jpg 1024w, https:\/\/www.askja-on-tour.ch\/wp-content\/uploads\/2026\/08\/Fahrt_Santarem-056-1600x1200.jpg 1600w, https:\/\/www.askja-on-tour.ch\/wp-content\/uploads\/2026\/08\/Fahrt_Santarem-056-768x576.jpg 768w, https:\/\/www.askja-on-tour.ch\/wp-content\/uploads\/2026\/08\/Fahrt_Santarem-056-1536x1152.jpg 1536w, https:\/\/www.askja-on-tour.ch\/wp-content\/uploads\/2026\/08\/Fahrt_Santarem-056.jpg 2048w\" sizes=\"auto, (max-width: 1024px) 100vw, 1024px\" \/> <img loading=\"lazy\" decoding=\"async\" class=\"alignnone size-medium wp-image-31491\" src=\"https:\/\/www.askja-on-tour.ch\/wp-content\/uploads\/2026\/08\/Fahrt_Santarem-057-1024x768.jpg\" alt=\"\" width=\"1024\" height=\"768\" srcset=\"https:\/\/www.askja-on-tour.ch\/wp-content\/uploads\/2026\/08\/Fahrt_Santarem-057-1024x768.jpg 1024w, https:\/\/www.askja-on-tour.ch\/wp-content\/uploads\/2026\/08\/Fahrt_Santarem-057-1600x1200.jpg 1600w, https:\/\/www.askja-on-tour.ch\/wp-content\/uploads\/2026\/08\/Fahrt_Santarem-057-768x576.jpg 768w, https:\/\/www.askja-on-tour.ch\/wp-content\/uploads\/2026\/08\/Fahrt_Santarem-057-1536x1152.jpg 1536w, https:\/\/www.askja-on-tour.ch\/wp-content\/uploads\/2026\/08\/Fahrt_Santarem-057.jpg 2048w\" sizes=\"auto, (max-width: 1024px) 100vw, 1024px\" \/><\/p>\n<figure id=\"attachment_31495\" aria-describedby=\"caption-attachment-31495\" style=\"width: 1024px\" class=\"wp-caption alignnone\"><img loading=\"lazy\" decoding=\"async\" class=\"size-medium wp-image-31495\" src=\"https:\/\/www.askja-on-tour.ch\/wp-content\/uploads\/2026\/08\/Fahrt_Santarem-061-1024x768.jpg\" alt=\"\" width=\"1024\" height=\"768\" srcset=\"https:\/\/www.askja-on-tour.ch\/wp-content\/uploads\/2026\/08\/Fahrt_Santarem-061-1024x768.jpg 1024w, https:\/\/www.askja-on-tour.ch\/wp-content\/uploads\/2026\/08\/Fahrt_Santarem-061-1600x1200.jpg 1600w, https:\/\/www.askja-on-tour.ch\/wp-content\/uploads\/2026\/08\/Fahrt_Santarem-061-768x576.jpg 768w, https:\/\/www.askja-on-tour.ch\/wp-content\/uploads\/2026\/08\/Fahrt_Santarem-061-1536x1152.jpg 1536w, https:\/\/www.askja-on-tour.ch\/wp-content\/uploads\/2026\/08\/Fahrt_Santarem-061.jpg 2048w\" sizes=\"auto, (max-width: 1024px) 100vw, 1024px\" \/><figcaption id=\"caption-attachment-31495\" class=\"wp-caption-text\">&#8230; die Br\u00fccke hat uns getragen \ud83d\ude42<\/figcaption><\/figure>\n<figure id=\"attachment_31498\" aria-describedby=\"caption-attachment-31498\" style=\"width: 768px\" class=\"wp-caption alignnone\"><img loading=\"lazy\" decoding=\"async\" class=\"size-medium wp-image-31498\" src=\"https:\/\/www.askja-on-tour.ch\/wp-content\/uploads\/2026\/08\/Fahrt_Santarem-064-768x1024.jpg\" alt=\"\" width=\"768\" height=\"1024\" srcset=\"https:\/\/www.askja-on-tour.ch\/wp-content\/uploads\/2026\/08\/Fahrt_Santarem-064-768x1024.jpg 768w, https:\/\/www.askja-on-tour.ch\/wp-content\/uploads\/2026\/08\/Fahrt_Santarem-064-1200x1600.jpg 1200w, https:\/\/www.askja-on-tour.ch\/wp-content\/uploads\/2026\/08\/Fahrt_Santarem-064-1152x1536.jpg 1152w, https:\/\/www.askja-on-tour.ch\/wp-content\/uploads\/2026\/08\/Fahrt_Santarem-064.jpg 1536w\" sizes=\"auto, (max-width: 768px) 100vw, 768px\" \/><figcaption id=\"caption-attachment-31498\" class=\"wp-caption-text\">&#8230; wie in Afrika sieht man erst, wie tief das Loch ist, wenn man das Tier erkennt, dessen Kopf aus dem Loch ragt<\/figcaption><\/figure>\n<p><img loading=\"lazy\" decoding=\"async\" class=\"alignnone size-medium wp-image-31499\" src=\"https:\/\/www.askja-on-tour.ch\/wp-content\/uploads\/2026\/08\/Fahrt_Santarem-065-1024x768.jpg\" alt=\"\" width=\"1024\" height=\"768\" srcset=\"https:\/\/www.askja-on-tour.ch\/wp-content\/uploads\/2026\/08\/Fahrt_Santarem-065-1024x768.jpg 1024w, https:\/\/www.askja-on-tour.ch\/wp-content\/uploads\/2026\/08\/Fahrt_Santarem-065-1600x1200.jpg 1600w, https:\/\/www.askja-on-tour.ch\/wp-content\/uploads\/2026\/08\/Fahrt_Santarem-065-768x576.jpg 768w, https:\/\/www.askja-on-tour.ch\/wp-content\/uploads\/2026\/08\/Fahrt_Santarem-065-1536x1152.jpg 1536w, https:\/\/www.askja-on-tour.ch\/wp-content\/uploads\/2026\/08\/Fahrt_Santarem-065.jpg 2048w\" sizes=\"auto, (max-width: 1024px) 100vw, 1024px\" \/> <img loading=\"lazy\" decoding=\"async\" class=\"alignnone size-medium wp-image-31501\" src=\"https:\/\/www.askja-on-tour.ch\/wp-content\/uploads\/2026\/08\/Fahrt_Santarem-067-1024x768.jpg\" alt=\"\" width=\"1024\" height=\"768\" srcset=\"https:\/\/www.askja-on-tour.ch\/wp-content\/uploads\/2026\/08\/Fahrt_Santarem-067-1024x768.jpg 1024w, https:\/\/www.askja-on-tour.ch\/wp-content\/uploads\/2026\/08\/Fahrt_Santarem-067-1600x1200.jpg 1600w, https:\/\/www.askja-on-tour.ch\/wp-content\/uploads\/2026\/08\/Fahrt_Santarem-067-768x576.jpg 768w, https:\/\/www.askja-on-tour.ch\/wp-content\/uploads\/2026\/08\/Fahrt_Santarem-067-1536x1152.jpg 1536w, https:\/\/www.askja-on-tour.ch\/wp-content\/uploads\/2026\/08\/Fahrt_Santarem-067.jpg 2048w\" sizes=\"auto, (max-width: 1024px) 100vw, 1024px\" \/> <img loading=\"lazy\" decoding=\"async\" class=\"alignnone size-medium wp-image-31502\" src=\"https:\/\/www.askja-on-tour.ch\/wp-content\/uploads\/2026\/08\/Fahrt_Santarem-068-1024x768.jpg\" alt=\"\" width=\"1024\" height=\"768\" srcset=\"https:\/\/www.askja-on-tour.ch\/wp-content\/uploads\/2026\/08\/Fahrt_Santarem-068-1024x768.jpg 1024w, https:\/\/www.askja-on-tour.ch\/wp-content\/uploads\/2026\/08\/Fahrt_Santarem-068-1600x1200.jpg 1600w, https:\/\/www.askja-on-tour.ch\/wp-content\/uploads\/2026\/08\/Fahrt_Santarem-068-768x576.jpg 768w, https:\/\/www.askja-on-tour.ch\/wp-content\/uploads\/2026\/08\/Fahrt_Santarem-068-1536x1152.jpg 1536w, https:\/\/www.askja-on-tour.ch\/wp-content\/uploads\/2026\/08\/Fahrt_Santarem-068.jpg 2048w\" sizes=\"auto, (max-width: 1024px) 100vw, 1024px\" \/><\/p>\n<p>Gestern sind wir noch kurz in die \u201eKaribik des Amazonas\u201c gefahren. Es ist das malerische Fischerdorf Alter do Ch\u00e3o. Wir glaubten, dort einen sch\u00f6nen Platz bei einer Pousada gefunden zu haben, was sich aber als totaler Flopp erwies, weshalb wir dann zur\u00fcck nach Santar\u00e9m zum Balne\u00e1rio gefahren sind. Vielleicht klappt es morgen, dass wir nochmals hinfahren, aber erst steht noch ein kurzer Besuch bei Mercedes in Santar\u00e9m an, da wir an zwei Stellen etwas \u00d6l verlieren, was aber auch aufgrund der grossen Hitze und schlechter Fahrbahn erkl\u00e4rbar sein k\u00f6nnte.<\/p>\n<figure id=\"attachment_31503\" aria-describedby=\"caption-attachment-31503\" style=\"width: 1024px\" class=\"wp-caption alignnone\"><img loading=\"lazy\" decoding=\"async\" class=\"size-medium wp-image-31503\" src=\"https:\/\/www.askja-on-tour.ch\/wp-content\/uploads\/2026\/08\/Fahrt_Santarem-069-1024x768.jpg\" alt=\"\" width=\"1024\" height=\"768\" srcset=\"https:\/\/www.askja-on-tour.ch\/wp-content\/uploads\/2026\/08\/Fahrt_Santarem-069-1024x768.jpg 1024w, https:\/\/www.askja-on-tour.ch\/wp-content\/uploads\/2026\/08\/Fahrt_Santarem-069-1600x1200.jpg 1600w, https:\/\/www.askja-on-tour.ch\/wp-content\/uploads\/2026\/08\/Fahrt_Santarem-069-768x576.jpg 768w, https:\/\/www.askja-on-tour.ch\/wp-content\/uploads\/2026\/08\/Fahrt_Santarem-069-1536x1152.jpg 1536w, https:\/\/www.askja-on-tour.ch\/wp-content\/uploads\/2026\/08\/Fahrt_Santarem-069.jpg 2048w\" sizes=\"auto, (max-width: 1024px) 100vw, 1024px\" \/><figcaption id=\"caption-attachment-31503\" class=\"wp-caption-text\">Die &#8222;Karibik des Amazonas\u201c, das malerische Fischerdorf Alter do Ch\u00e3o<\/figcaption><\/figure>\n<p>Und ab Dienstag reisen wir dann wieder entspannter und weniger schnell: F\u00e4hrschiff von Santar\u00e9m nach Macap\u00e1 und dann weiter in die Guyanas.<\/p>\n","protected":false},"excerpt":{"rendered":"<p>Karte mit unserer aktuellen Route Wir kommen unserem Ziel, dem Amazonas, immer n\u00e4her. Eigentlich hatten wir in Salta nicht mehr daran geglaubt. Wir schafften fast immer 400 &#8211; 500 km pro Tag &#8211; aber 10 Stunden Fahren und mehr waren<\/p>\n","protected":false},"author":3,"featured_media":0,"comment_status":"open","ping_status":"closed","sticky":false,"template":"","format":"standard","meta":{"footnotes":""},"categories":[63,62,50],"tags":[],"class_list":["post-31434","post","type-post","status-publish","format-standard","hentry","category-brasilien_2026","category-paraguay_2026","category-suedamerika_2024_2026"],"_links":{"self":[{"href":"https:\/\/www.askja-on-tour.ch\/index.php?rest_route=\/wp\/v2\/posts\/31434","targetHints":{"allow":["GET"]}}],"collection":[{"href":"https:\/\/www.askja-on-tour.ch\/index.php?rest_route=\/wp\/v2\/posts"}],"about":[{"href":"https:\/\/www.askja-on-tour.ch\/index.php?rest_route=\/wp\/v2\/types\/post"}],"author":[{"embeddable":true,"href":"https:\/\/www.askja-on-tour.ch\/index.php?rest_route=\/wp\/v2\/users\/3"}],"replies":[{"embeddable":true,"href":"https:\/\/www.askja-on-tour.ch\/index.php?rest_route=%2Fwp%2Fv2%2Fcomments&post=31434"}],"version-history":[{"count":7,"href":"https:\/\/www.askja-on-tour.ch\/index.php?rest_route=\/wp\/v2\/posts\/31434\/revisions"}],"predecessor-version":[{"id":31525,"href":"https:\/\/www.askja-on-tour.ch\/index.php?rest_route=\/wp\/v2\/posts\/31434\/revisions\/31525"}],"wp:attachment":[{"href":"https:\/\/www.askja-on-tour.ch\/index.php?rest_route=%2Fwp%2Fv2%2Fmedia&parent=31434"}],"wp:term":[{"taxonomy":"category","embeddable":true,"href":"https:\/\/www.askja-on-tour.ch\/index.php?rest_route=%2Fwp%2Fv2%2Fcategories&post=31434"},{"taxonomy":"post_tag","embeddable":true,"href":"https:\/\/www.askja-on-tour.ch\/index.php?rest_route=%2Fwp%2Fv2%2Ftags&post=31434"}],"curies":[{"name":"wp","href":"https:\/\/api.w.org\/{rel}","templated":true}]}}