{"id":31194,"date":"2026-07-26T23:29:08","date_gmt":"2026-07-26T23:29:08","guid":{"rendered":"https:\/\/www.askja-on-tour.ch\/?p=31194"},"modified":"2026-07-27T13:23:44","modified_gmt":"2026-07-27T13:23:44","slug":"04-07-12-07-2026-und-immer-wieder-salta-la-linda-der-salta-koller-stellt-sich-langsam-ein","status":"publish","type":"post","link":"https:\/\/www.askja-on-tour.ch\/?p=31194","title":{"rendered":"04.07. \u2013 30.07.2026: Und immer wieder Salta la Linda (der Salta-Koller stellt sich langsam ein)"},"content":{"rendered":"\n<p>Auch wenn Salta eine sehr sch\u00f6ne Stadt ist und auch Salta la Linda (die Sch\u00f6ne) genannt wird, wird es doch irgendwann etwas zu viel, weil unser WoMo so gar keine Anstalten macht, von Salta losfahren zu wollen.<\/p>\n<p>Nichtsdestotrotz haben wir Salta immer mal wieder besucht und neue Ecken entdeckt. Unser Ausgangspunkt war immer der zentrale Platz \u00abPlaza 9 de Julio\u00bb. Der im 16. Jahrhundert angelegte Platz ist nach dem argentinischen Unabh\u00e4ngigkeitstag benannt und gleicht mit seinen alten B\u00e4umen, Palmen, Orangen-B\u00e4umen und Springbrunnen einer schattigen gr\u00fcnen Oase. Um den Platz finden sich die Kathedrale von Salta (Catedral Bas\u00edlica de Salta), das Historische Rathaus (Cabildo de Salta), in dem heute das Museo Hist\u00f3rico del Norte untergebracht ist. Dann das MAAM (Museo de Arqueolog\u00eda de Alta Monta\u00f1a) mit den perfekt erhaltenen Inka-Kindermumien. Mitten auf dem Platz ist die Reiterstatue zu Ehren von General Juan Antonio \u00c1lvarez de Arenales, einem Helden des Unabh\u00e4ngigkeitskampfe.<\/p>\n<figure id=\"attachment_31119\" aria-describedby=\"caption-attachment-31119\" style=\"width: 768px\" class=\"wp-caption alignnone\"><img loading=\"lazy\" decoding=\"async\" class=\"size-medium wp-image-31119\" src=\"https:\/\/www.askja-on-tour.ch\/wp-content\/uploads\/2026\/07\/Salta_4-001-768x1024.jpg\" alt=\"\" width=\"768\" height=\"1024\" srcset=\"https:\/\/www.askja-on-tour.ch\/wp-content\/uploads\/2026\/07\/Salta_4-001-768x1024.jpg 768w, https:\/\/www.askja-on-tour.ch\/wp-content\/uploads\/2026\/07\/Salta_4-001-1200x1600.jpg 1200w, https:\/\/www.askja-on-tour.ch\/wp-content\/uploads\/2026\/07\/Salta_4-001-1152x1536.jpg 1152w, https:\/\/www.askja-on-tour.ch\/wp-content\/uploads\/2026\/07\/Salta_4-001.jpg 1536w\" sizes=\"auto, (max-width: 768px) 100vw, 768px\" \/><figcaption id=\"caption-attachment-31119\" class=\"wp-caption-text\">Am Platz der Unabh\u00e4ngigkeit 9. Juli<\/figcaption><\/figure>\n<figure id=\"attachment_31120\" aria-describedby=\"caption-attachment-31120\" style=\"width: 768px\" class=\"wp-caption alignnone\"><img loading=\"lazy\" decoding=\"async\" class=\"size-medium wp-image-31120\" src=\"https:\/\/www.askja-on-tour.ch\/wp-content\/uploads\/2026\/07\/Salta_4-002-768x1024.jpg\" alt=\"\" width=\"768\" height=\"1024\" srcset=\"https:\/\/www.askja-on-tour.ch\/wp-content\/uploads\/2026\/07\/Salta_4-002-768x1024.jpg 768w, https:\/\/www.askja-on-tour.ch\/wp-content\/uploads\/2026\/07\/Salta_4-002-1200x1600.jpg 1200w, https:\/\/www.askja-on-tour.ch\/wp-content\/uploads\/2026\/07\/Salta_4-002-1152x1536.jpg 1152w, https:\/\/www.askja-on-tour.ch\/wp-content\/uploads\/2026\/07\/Salta_4-002.jpg 1536w\" sizes=\"auto, (max-width: 768px) 100vw, 768px\" \/><figcaption id=\"caption-attachment-31120\" class=\"wp-caption-text\">Die Kathedrale von Salta<\/figcaption><\/figure>\n<figure id=\"attachment_31121\" aria-describedby=\"caption-attachment-31121\" style=\"width: 1024px\" class=\"wp-caption alignnone\"><img loading=\"lazy\" decoding=\"async\" class=\"size-medium wp-image-31121\" src=\"https:\/\/www.askja-on-tour.ch\/wp-content\/uploads\/2026\/07\/Salta_4-003-1024x768.jpg\" alt=\"\" width=\"1024\" height=\"768\" srcset=\"https:\/\/www.askja-on-tour.ch\/wp-content\/uploads\/2026\/07\/Salta_4-003-1024x768.jpg 1024w, https:\/\/www.askja-on-tour.ch\/wp-content\/uploads\/2026\/07\/Salta_4-003-1600x1200.jpg 1600w, https:\/\/www.askja-on-tour.ch\/wp-content\/uploads\/2026\/07\/Salta_4-003-768x576.jpg 768w, https:\/\/www.askja-on-tour.ch\/wp-content\/uploads\/2026\/07\/Salta_4-003-1536x1152.jpg 1536w, https:\/\/www.askja-on-tour.ch\/wp-content\/uploads\/2026\/07\/Salta_4-003.jpg 2048w\" sizes=\"auto, (max-width: 1024px) 100vw, 1024px\" \/><figcaption id=\"caption-attachment-31121\" class=\"wp-caption-text\">Sch\u00f6ne H\u00e4user im Kolonial-Stil<\/figcaption><\/figure>\n<figure id=\"attachment_31125\" aria-describedby=\"caption-attachment-31125\" style=\"width: 1024px\" class=\"wp-caption alignnone\"><img loading=\"lazy\" decoding=\"async\" class=\"size-medium wp-image-31125\" src=\"https:\/\/www.askja-on-tour.ch\/wp-content\/uploads\/2026\/07\/Salta_4-007-1024x768.jpg\" alt=\"\" width=\"1024\" height=\"768\" srcset=\"https:\/\/www.askja-on-tour.ch\/wp-content\/uploads\/2026\/07\/Salta_4-007-1024x768.jpg 1024w, https:\/\/www.askja-on-tour.ch\/wp-content\/uploads\/2026\/07\/Salta_4-007-1600x1200.jpg 1600w, https:\/\/www.askja-on-tour.ch\/wp-content\/uploads\/2026\/07\/Salta_4-007-768x576.jpg 768w, https:\/\/www.askja-on-tour.ch\/wp-content\/uploads\/2026\/07\/Salta_4-007-1536x1152.jpg 1536w, https:\/\/www.askja-on-tour.ch\/wp-content\/uploads\/2026\/07\/Salta_4-007.jpg 2048w\" sizes=\"auto, (max-width: 1024px) 100vw, 1024px\" \/><figcaption id=\"caption-attachment-31125\" class=\"wp-caption-text\">&#8230; und \u00fcberall B\u00e4ume mit Orangen<\/figcaption><\/figure>\n<figure id=\"attachment_31134\" aria-describedby=\"caption-attachment-31134\" style=\"width: 768px\" class=\"wp-caption alignnone\"><img loading=\"lazy\" decoding=\"async\" class=\"size-medium wp-image-31134\" src=\"https:\/\/www.askja-on-tour.ch\/wp-content\/uploads\/2026\/07\/Salta_4-016-768x1024.jpg\" alt=\"\" width=\"768\" height=\"1024\" srcset=\"https:\/\/www.askja-on-tour.ch\/wp-content\/uploads\/2026\/07\/Salta_4-016-768x1024.jpg 768w, https:\/\/www.askja-on-tour.ch\/wp-content\/uploads\/2026\/07\/Salta_4-016-1200x1600.jpg 1200w, https:\/\/www.askja-on-tour.ch\/wp-content\/uploads\/2026\/07\/Salta_4-016-1152x1536.jpg 1152w, https:\/\/www.askja-on-tour.ch\/wp-content\/uploads\/2026\/07\/Salta_4-016.jpg 1536w\" sizes=\"auto, (max-width: 768px) 100vw, 768px\" \/><figcaption id=\"caption-attachment-31134\" class=\"wp-caption-text\">Brunnen auf der Plaza 9 de Julio<\/figcaption><\/figure>\n<figure id=\"attachment_31197\" aria-describedby=\"caption-attachment-31197\" style=\"width: 768px\" class=\"wp-caption alignnone\"><img loading=\"lazy\" decoding=\"async\" class=\"size-medium wp-image-31197\" src=\"https:\/\/www.askja-on-tour.ch\/wp-content\/uploads\/2026\/07\/Salta_5-100-768x1024.jpg\" alt=\"\" width=\"768\" height=\"1024\" srcset=\"https:\/\/www.askja-on-tour.ch\/wp-content\/uploads\/2026\/07\/Salta_5-100-768x1024.jpg 768w, https:\/\/www.askja-on-tour.ch\/wp-content\/uploads\/2026\/07\/Salta_5-100-1200x1600.jpg 1200w, https:\/\/www.askja-on-tour.ch\/wp-content\/uploads\/2026\/07\/Salta_5-100-1152x1536.jpg 1152w, https:\/\/www.askja-on-tour.ch\/wp-content\/uploads\/2026\/07\/Salta_5-100.jpg 1536w\" sizes=\"auto, (max-width: 768px) 100vw, 768px\" \/><figcaption id=\"caption-attachment-31197\" class=\"wp-caption-text\">Reiterstatue zu Ehren von General Juan Antonio \u00c1lvarez de Arenales, einem Helden des Unabh\u00e4ngigkeitskampfes<\/figcaption><\/figure>\n<p>Das historische Rathaus von Salta, das Cabildo de Salta, ist das am besten erhaltene Kolonialgeb\u00e4ude am Hauptplatz Plaza 9 de Julio. Es beherbergt heute das Historische Museum des Nordens (Museo Hist\u00f3rico del Norte). Es zeigt typische weisse Arkadeng\u00e4nge und wurde 1937 zum Nationaldenkmal erkl\u00e4rt. Ab 1626 wurde das Rathaus als Sitz der spanischen Verwaltung genutzt. Die charakteristische Arkadengalerie wurde 1789 erbaut, der Turm folgte 1797.<\/p>\n<figure id=\"attachment_31124\" aria-describedby=\"caption-attachment-31124\" style=\"width: 1024px\" class=\"wp-caption alignnone\"><img loading=\"lazy\" decoding=\"async\" class=\"size-medium wp-image-31124\" src=\"https:\/\/www.askja-on-tour.ch\/wp-content\/uploads\/2026\/07\/Salta_4-006-1024x768.jpg\" alt=\"\" width=\"1024\" height=\"768\" srcset=\"https:\/\/www.askja-on-tour.ch\/wp-content\/uploads\/2026\/07\/Salta_4-006-1024x768.jpg 1024w, https:\/\/www.askja-on-tour.ch\/wp-content\/uploads\/2026\/07\/Salta_4-006-1600x1200.jpg 1600w, https:\/\/www.askja-on-tour.ch\/wp-content\/uploads\/2026\/07\/Salta_4-006-768x576.jpg 768w, https:\/\/www.askja-on-tour.ch\/wp-content\/uploads\/2026\/07\/Salta_4-006-1536x1152.jpg 1536w, https:\/\/www.askja-on-tour.ch\/wp-content\/uploads\/2026\/07\/Salta_4-006.jpg 2048w\" sizes=\"auto, (max-width: 1024px) 100vw, 1024px\" \/><figcaption id=\"caption-attachment-31124\" class=\"wp-caption-text\">Das historische Rathaus (dort, wo der Turm ist)<\/figcaption><\/figure>\n<figure id=\"attachment_31127\" aria-describedby=\"caption-attachment-31127\" style=\"width: 1024px\" class=\"wp-caption alignnone\"><img loading=\"lazy\" decoding=\"async\" class=\"size-medium wp-image-31127\" src=\"https:\/\/www.askja-on-tour.ch\/wp-content\/uploads\/2026\/07\/Salta_4-009-1024x768.jpg\" alt=\"\" width=\"1024\" height=\"768\" srcset=\"https:\/\/www.askja-on-tour.ch\/wp-content\/uploads\/2026\/07\/Salta_4-009-1024x768.jpg 1024w, https:\/\/www.askja-on-tour.ch\/wp-content\/uploads\/2026\/07\/Salta_4-009-1600x1200.jpg 1600w, https:\/\/www.askja-on-tour.ch\/wp-content\/uploads\/2026\/07\/Salta_4-009-768x576.jpg 768w, https:\/\/www.askja-on-tour.ch\/wp-content\/uploads\/2026\/07\/Salta_4-009-1536x1152.jpg 1536w, https:\/\/www.askja-on-tour.ch\/wp-content\/uploads\/2026\/07\/Salta_4-009.jpg 2048w\" sizes=\"auto, (max-width: 1024px) 100vw, 1024px\" \/><figcaption id=\"caption-attachment-31127\" class=\"wp-caption-text\">Im Historische Rathaus (Cabildo de Salta)<\/figcaption><\/figure>\n<figure id=\"attachment_31128\" aria-describedby=\"caption-attachment-31128\" style=\"width: 1024px\" class=\"wp-caption alignnone\"><img loading=\"lazy\" decoding=\"async\" class=\"size-medium wp-image-31128\" src=\"https:\/\/www.askja-on-tour.ch\/wp-content\/uploads\/2026\/07\/Salta_4-010-1024x768.jpg\" alt=\"\" width=\"1024\" height=\"768\" srcset=\"https:\/\/www.askja-on-tour.ch\/wp-content\/uploads\/2026\/07\/Salta_4-010-1024x768.jpg 1024w, https:\/\/www.askja-on-tour.ch\/wp-content\/uploads\/2026\/07\/Salta_4-010-1600x1200.jpg 1600w, https:\/\/www.askja-on-tour.ch\/wp-content\/uploads\/2026\/07\/Salta_4-010-768x576.jpg 768w, https:\/\/www.askja-on-tour.ch\/wp-content\/uploads\/2026\/07\/Salta_4-010-1536x1152.jpg 1536w, https:\/\/www.askja-on-tour.ch\/wp-content\/uploads\/2026\/07\/Salta_4-010.jpg 2048w\" sizes=\"auto, (max-width: 1024px) 100vw, 1024px\" \/><figcaption id=\"caption-attachment-31128\" class=\"wp-caption-text\">Alter Sitzungssaal<\/figcaption><\/figure>\n<figure id=\"attachment_31129\" aria-describedby=\"caption-attachment-31129\" style=\"width: 1024px\" class=\"wp-caption alignnone\"><img loading=\"lazy\" decoding=\"async\" class=\"size-medium wp-image-31129\" src=\"https:\/\/www.askja-on-tour.ch\/wp-content\/uploads\/2026\/07\/Salta_4-011-1024x768.jpg\" alt=\"\" width=\"1024\" height=\"768\" srcset=\"https:\/\/www.askja-on-tour.ch\/wp-content\/uploads\/2026\/07\/Salta_4-011-1024x768.jpg 1024w, https:\/\/www.askja-on-tour.ch\/wp-content\/uploads\/2026\/07\/Salta_4-011-1600x1200.jpg 1600w, https:\/\/www.askja-on-tour.ch\/wp-content\/uploads\/2026\/07\/Salta_4-011-768x576.jpg 768w, https:\/\/www.askja-on-tour.ch\/wp-content\/uploads\/2026\/07\/Salta_4-011-1536x1152.jpg 1536w, https:\/\/www.askja-on-tour.ch\/wp-content\/uploads\/2026\/07\/Salta_4-011.jpg 2048w\" sizes=\"auto, (max-width: 1024px) 100vw, 1024px\" \/><figcaption id=\"caption-attachment-31129\" class=\"wp-caption-text\">Hier wurde in historischer Zeit der Saft aus den Weintrauben &#8222;getreten&#8220;<\/figcaption><\/figure>\n<figure id=\"attachment_31130\" aria-describedby=\"caption-attachment-31130\" style=\"width: 768px\" class=\"wp-caption alignnone\"><img loading=\"lazy\" decoding=\"async\" class=\"size-medium wp-image-31130\" src=\"https:\/\/www.askja-on-tour.ch\/wp-content\/uploads\/2026\/07\/Salta_4-012-768x1024.jpg\" alt=\"\" width=\"768\" height=\"1024\" srcset=\"https:\/\/www.askja-on-tour.ch\/wp-content\/uploads\/2026\/07\/Salta_4-012-768x1024.jpg 768w, https:\/\/www.askja-on-tour.ch\/wp-content\/uploads\/2026\/07\/Salta_4-012-1200x1600.jpg 1200w, https:\/\/www.askja-on-tour.ch\/wp-content\/uploads\/2026\/07\/Salta_4-012-1152x1536.jpg 1152w, https:\/\/www.askja-on-tour.ch\/wp-content\/uploads\/2026\/07\/Salta_4-012.jpg 1536w\" sizes=\"auto, (max-width: 768px) 100vw, 768px\" \/><figcaption id=\"caption-attachment-31130\" class=\"wp-caption-text\">Bild eines Bischofs<\/figcaption><\/figure>\n<figure id=\"attachment_31131\" aria-describedby=\"caption-attachment-31131\" style=\"width: 1024px\" class=\"wp-caption alignnone\"><img loading=\"lazy\" decoding=\"async\" class=\"size-medium wp-image-31131\" src=\"https:\/\/www.askja-on-tour.ch\/wp-content\/uploads\/2026\/07\/Salta_4-013-1024x768.jpg\" alt=\"\" width=\"1024\" height=\"768\" srcset=\"https:\/\/www.askja-on-tour.ch\/wp-content\/uploads\/2026\/07\/Salta_4-013-1024x768.jpg 1024w, https:\/\/www.askja-on-tour.ch\/wp-content\/uploads\/2026\/07\/Salta_4-013-1600x1200.jpg 1600w, https:\/\/www.askja-on-tour.ch\/wp-content\/uploads\/2026\/07\/Salta_4-013-768x576.jpg 768w, https:\/\/www.askja-on-tour.ch\/wp-content\/uploads\/2026\/07\/Salta_4-013-1536x1152.jpg 1536w, https:\/\/www.askja-on-tour.ch\/wp-content\/uploads\/2026\/07\/Salta_4-013.jpg 2048w\" sizes=\"auto, (max-width: 1024px) 100vw, 1024px\" \/><figcaption id=\"caption-attachment-31131\" class=\"wp-caption-text\">Wundersch\u00f6ne Feuerranken im Innenhof<\/figcaption><\/figure>\n<p><img loading=\"lazy\" decoding=\"async\" class=\"alignnone size-medium wp-image-31132\" src=\"https:\/\/www.askja-on-tour.ch\/wp-content\/uploads\/2026\/07\/Salta_4-014-1024x768.jpg\" alt=\"\" width=\"1024\" height=\"768\" srcset=\"https:\/\/www.askja-on-tour.ch\/wp-content\/uploads\/2026\/07\/Salta_4-014-1024x768.jpg 1024w, https:\/\/www.askja-on-tour.ch\/wp-content\/uploads\/2026\/07\/Salta_4-014-1600x1200.jpg 1600w, https:\/\/www.askja-on-tour.ch\/wp-content\/uploads\/2026\/07\/Salta_4-014-768x576.jpg 768w, https:\/\/www.askja-on-tour.ch\/wp-content\/uploads\/2026\/07\/Salta_4-014-1536x1152.jpg 1536w, https:\/\/www.askja-on-tour.ch\/wp-content\/uploads\/2026\/07\/Salta_4-014.jpg 2048w\" sizes=\"auto, (max-width: 1024px) 100vw, 1024px\" \/> <img loading=\"lazy\" decoding=\"async\" class=\"alignnone size-medium wp-image-31133\" src=\"https:\/\/www.askja-on-tour.ch\/wp-content\/uploads\/2026\/07\/Salta_4-015-1024x768.jpg\" alt=\"\" width=\"1024\" height=\"768\" srcset=\"https:\/\/www.askja-on-tour.ch\/wp-content\/uploads\/2026\/07\/Salta_4-015-1024x768.jpg 1024w, https:\/\/www.askja-on-tour.ch\/wp-content\/uploads\/2026\/07\/Salta_4-015-1600x1200.jpg 1600w, https:\/\/www.askja-on-tour.ch\/wp-content\/uploads\/2026\/07\/Salta_4-015-768x576.jpg 768w, https:\/\/www.askja-on-tour.ch\/wp-content\/uploads\/2026\/07\/Salta_4-015-1536x1152.jpg 1536w, https:\/\/www.askja-on-tour.ch\/wp-content\/uploads\/2026\/07\/Salta_4-015.jpg 2048w\" sizes=\"auto, (max-width: 1024px) 100vw, 1024px\" \/><\/p>\n<p>Die Kathedrale von Salta (Catedral Santuario Nuestro Se\u00f1or y la Virgen del Milagro &#8211; unserem Herr und unserer Jungfrau vom Wunder) ist die Bischofskirche des Erzbistums Salta und Wallfahrtskirche. Der imposante Kirchenbau stammt aus der zweiten H\u00e4lfte des 19. Jahrhunderts; das reich verzierte Geb\u00e4ude steht seit 1941. Die j\u00e4hrliche Prozession am 15. September in Salta erinnert an die historischen Erdbeben (Terremoto de Salta) des Jahres 1692, bei denen das Aufstellen und Tragen der Christus- und Marienbilder die zerst\u00f6rerischen Beben wunderbar stoppte. Die Bilder von Salta, ein lebensgrosser Gekreuzigter aus dem 16. Jahrhundert und ein Bild der Unbefleckten Empf\u00e4ngnis aus dem 17. Jahrhundert, welche die Stadt am 13. September 1692 vor den schlimmsten Folgen des schweren Erdbebens bewahrt haben soll, werden in der Kathedrale ausgestellt und seither in der Bischofskirche verehrt.<\/p>\n<figure id=\"attachment_31136\" aria-describedby=\"caption-attachment-31136\" style=\"width: 768px\" class=\"wp-caption alignnone\"><img loading=\"lazy\" decoding=\"async\" class=\"size-medium wp-image-31136\" src=\"https:\/\/www.askja-on-tour.ch\/wp-content\/uploads\/2026\/07\/Salta_4-018-768x1024.jpg\" alt=\"\" width=\"768\" height=\"1024\" srcset=\"https:\/\/www.askja-on-tour.ch\/wp-content\/uploads\/2026\/07\/Salta_4-018-768x1024.jpg 768w, https:\/\/www.askja-on-tour.ch\/wp-content\/uploads\/2026\/07\/Salta_4-018-1200x1600.jpg 1200w, https:\/\/www.askja-on-tour.ch\/wp-content\/uploads\/2026\/07\/Salta_4-018-1152x1536.jpg 1152w, https:\/\/www.askja-on-tour.ch\/wp-content\/uploads\/2026\/07\/Salta_4-018.jpg 1536w\" sizes=\"auto, (max-width: 768px) 100vw, 768px\" \/><figcaption id=\"caption-attachment-31136\" class=\"wp-caption-text\">Die Kathedrale von Salta<\/figcaption><\/figure>\n<p><img loading=\"lazy\" decoding=\"async\" class=\"alignnone size-medium wp-image-31137\" src=\"https:\/\/www.askja-on-tour.ch\/wp-content\/uploads\/2026\/07\/Salta_4-019-768x1024.jpg\" alt=\"\" width=\"768\" height=\"1024\" srcset=\"https:\/\/www.askja-on-tour.ch\/wp-content\/uploads\/2026\/07\/Salta_4-019-768x1024.jpg 768w, https:\/\/www.askja-on-tour.ch\/wp-content\/uploads\/2026\/07\/Salta_4-019-1200x1600.jpg 1200w, https:\/\/www.askja-on-tour.ch\/wp-content\/uploads\/2026\/07\/Salta_4-019-1152x1536.jpg 1152w, https:\/\/www.askja-on-tour.ch\/wp-content\/uploads\/2026\/07\/Salta_4-019.jpg 1536w\" sizes=\"auto, (max-width: 768px) 100vw, 768px\" \/><\/p>\n<figure id=\"attachment_31138\" aria-describedby=\"caption-attachment-31138\" style=\"width: 768px\" class=\"wp-caption alignnone\"><img loading=\"lazy\" decoding=\"async\" class=\"size-medium wp-image-31138\" src=\"https:\/\/www.askja-on-tour.ch\/wp-content\/uploads\/2026\/07\/Salta_4-020-768x1024.jpg\" alt=\"\" width=\"768\" height=\"1024\" srcset=\"https:\/\/www.askja-on-tour.ch\/wp-content\/uploads\/2026\/07\/Salta_4-020-768x1024.jpg 768w, https:\/\/www.askja-on-tour.ch\/wp-content\/uploads\/2026\/07\/Salta_4-020-1200x1600.jpg 1200w, https:\/\/www.askja-on-tour.ch\/wp-content\/uploads\/2026\/07\/Salta_4-020-1152x1536.jpg 1152w, https:\/\/www.askja-on-tour.ch\/wp-content\/uploads\/2026\/07\/Salta_4-020.jpg 1536w\" sizes=\"auto, (max-width: 768px) 100vw, 768px\" \/><figcaption id=\"caption-attachment-31138\" class=\"wp-caption-text\">Grab von General Mart\u00edn Miguel de G\u00fcemes, K\u00e4mpfer im Unabh\u00e4ngigkeitskrieg<\/figcaption><\/figure>\n<p><img loading=\"lazy\" decoding=\"async\" class=\"alignnone size-medium wp-image-31139\" src=\"https:\/\/www.askja-on-tour.ch\/wp-content\/uploads\/2026\/07\/Salta_4-021-768x1024.jpg\" alt=\"\" width=\"768\" height=\"1024\" srcset=\"https:\/\/www.askja-on-tour.ch\/wp-content\/uploads\/2026\/07\/Salta_4-021-768x1024.jpg 768w, https:\/\/www.askja-on-tour.ch\/wp-content\/uploads\/2026\/07\/Salta_4-021-1200x1600.jpg 1200w, https:\/\/www.askja-on-tour.ch\/wp-content\/uploads\/2026\/07\/Salta_4-021-1152x1536.jpg 1152w, https:\/\/www.askja-on-tour.ch\/wp-content\/uploads\/2026\/07\/Salta_4-021.jpg 1536w\" sizes=\"auto, (max-width: 768px) 100vw, 768px\" \/> <img loading=\"lazy\" decoding=\"async\" class=\"alignnone size-medium wp-image-31140\" src=\"https:\/\/www.askja-on-tour.ch\/wp-content\/uploads\/2026\/07\/Salta_4-022-768x1024.jpg\" alt=\"\" width=\"768\" height=\"1024\" srcset=\"https:\/\/www.askja-on-tour.ch\/wp-content\/uploads\/2026\/07\/Salta_4-022-768x1024.jpg 768w, https:\/\/www.askja-on-tour.ch\/wp-content\/uploads\/2026\/07\/Salta_4-022-1200x1600.jpg 1200w, https:\/\/www.askja-on-tour.ch\/wp-content\/uploads\/2026\/07\/Salta_4-022-1152x1536.jpg 1152w, https:\/\/www.askja-on-tour.ch\/wp-content\/uploads\/2026\/07\/Salta_4-022.jpg 1536w\" sizes=\"auto, (max-width: 768px) 100vw, 768px\" \/><\/p>\n<p>Im MAAM (Museo de Arqueolog\u00eda de Alta Monta\u00f1a &#8211; Museum f\u00fcr Hochgebirgsarch\u00e4ologie) sind drei aussergew\u00f6hnlich gut erhaltenen Mumien von drei Inka-Kinderopfern. Die drei als &#8222;Kinder vom Llullaillaco&#8220; bekannten Mumien wurden im Jahr 1999 auf dem Gipfel des Vulkans Llullaillaco (auf 6\u2019739 Metern H\u00f6he) an der Grenze zwischen Argentinien und Chile entdeckt. Sie wurden wohl vor \u00fcber 500 Jahren im Rahmen eines rituellen Inka-Opfers (der sogenannten Capacocha-Zeremonie) den G\u00f6ttern dargebracht. Aufgrund der extremen K\u00e4lte, der Trockenheit und des geringen Sauerstoffgehalts auf dem Berg wurden die K\u00f6rper nat\u00fcrlich tiefgefroren und perfekt konserviert. Die Kinder stammen allesamt aus beg\u00fcterten Familien und mussten \u00fcber k\u00f6rperliche Fitness verf\u00fcgen, damit sie den langen Weg auf den Gipfel schafften. Untersuchungen (unter anderem von Gewebe- und Haaranalysen) ergaben, dass die Kinder im Jahr vor ihrem Tod eine besonders nahrhafte Di\u00e4t (unter anderem mit Fleisch und Mais) erhielten. In ihren letzten Lebensmonaten wurden sie zudem systematisch mit Kokabl\u00e4ttern und Alkohol (Chicha) ruhiggestellt, um sie auf den Opfertod vorzubereiten, den sie schliesslich friedlich schlafend in einer kleinen Steinkammer unter der Erde fanden. Bei den drei Kindern handelt es sich um \u00abLa Doncella (Die Jungfrau)\u00bb: Ein etwa 15-j\u00e4hriges M\u00e4dchen, das aufwendig geflochtenes Haar und eine kunstvolle Tunika tr\u00e4gt. \u00abEl Ni\u00f1o (Der Junge)\u00bb: Ein etwa 7-j\u00e4hriger Junge, der in sitzender Position mit angezogenen Knien gefunden wurde. El Ni\u00f1o war bei unserem Besuch ausgestellt (es herrscht Fotografierverbot, aber unsere Kamera l\u00f6ste trotzdem aus). \u00abLa Ni\u00f1a del Rayo (Das Blitzm\u00e4dchen)\u00bb: Ein etwa 6-j\u00e4hriges M\u00e4dchen, dessen K\u00f6rper und Kleidung nach dem Begr\u00e4bnis durch einen Blitzeinschlag teilweise verbrannt wurden. Aus ethischen und konservatorischen Gr\u00fcnden wird immer nur eine der drei Mumien gezeigt. Wenn man sieht, wie gut erhalten die Mumien sind, ist kaum vorstellbar, dass diese vor \u00fcber 500 Jahren gestorben sein sollen.<\/p>\n<figure id=\"attachment_31150\" aria-describedby=\"caption-attachment-31150\" style=\"width: 1024px\" class=\"wp-caption alignnone\"><img loading=\"lazy\" decoding=\"async\" class=\"size-medium wp-image-31150\" src=\"https:\/\/www.askja-on-tour.ch\/wp-content\/uploads\/2026\/07\/Salta_4-032-1024x768.jpg\" alt=\"\" width=\"1024\" height=\"768\" srcset=\"https:\/\/www.askja-on-tour.ch\/wp-content\/uploads\/2026\/07\/Salta_4-032-1024x768.jpg 1024w, https:\/\/www.askja-on-tour.ch\/wp-content\/uploads\/2026\/07\/Salta_4-032-1600x1200.jpg 1600w, https:\/\/www.askja-on-tour.ch\/wp-content\/uploads\/2026\/07\/Salta_4-032-768x576.jpg 768w, https:\/\/www.askja-on-tour.ch\/wp-content\/uploads\/2026\/07\/Salta_4-032-1536x1152.jpg 1536w, https:\/\/www.askja-on-tour.ch\/wp-content\/uploads\/2026\/07\/Salta_4-032.jpg 2048w\" sizes=\"auto, (max-width: 1024px) 100vw, 1024px\" \/><figcaption id=\"caption-attachment-31150\" class=\"wp-caption-text\">Tongef\u00e4ss aus der Inka-Kultur<\/figcaption><\/figure>\n<figure id=\"attachment_31151\" aria-describedby=\"caption-attachment-31151\" style=\"width: 1024px\" class=\"wp-caption alignnone\"><img loading=\"lazy\" decoding=\"async\" class=\"size-medium wp-image-31151\" src=\"https:\/\/www.askja-on-tour.ch\/wp-content\/uploads\/2026\/07\/Salta_4-033-1024x768.jpg\" alt=\"\" width=\"1024\" height=\"768\" srcset=\"https:\/\/www.askja-on-tour.ch\/wp-content\/uploads\/2026\/07\/Salta_4-033-1024x768.jpg 1024w, https:\/\/www.askja-on-tour.ch\/wp-content\/uploads\/2026\/07\/Salta_4-033-1600x1200.jpg 1600w, https:\/\/www.askja-on-tour.ch\/wp-content\/uploads\/2026\/07\/Salta_4-033-768x576.jpg 768w, https:\/\/www.askja-on-tour.ch\/wp-content\/uploads\/2026\/07\/Salta_4-033-1536x1152.jpg 1536w, https:\/\/www.askja-on-tour.ch\/wp-content\/uploads\/2026\/07\/Salta_4-033.jpg 2048w\" sizes=\"auto, (max-width: 1024px) 100vw, 1024px\" \/><figcaption id=\"caption-attachment-31151\" class=\"wp-caption-text\">Die Llullaillaco-Kinder: Die extrem kalten Bedingungen hielten drei Inka-Kinder \u00fcber 500 Jahre lang perfekt instand. Aus Konservierungsgr\u00fcnden wird immer nur ein Kind ausgestellt. La Doncella, El Ni\u00f1o oder La Ni\u00f1a del Rayo. Im Bild ist der Junge, El Ni\u00f1o<\/figcaption><\/figure>\n<p>Das Gel\u00e4nde auf dem die Kirche und das Kloster San Francisco (Bas\u00edlica Menor y Convento de San Francisco en Salta) steht, wurde den Franziskanern bereits im Jahr 1582 bei der Stadtgr\u00fcndung von Salta zugewiesen. Das heutige Kirchengeb\u00e4ude ist das dritte an dieser Stelle, da die Vorg\u00e4ngerbauten durch Erdbeben und Br\u00e4nde zerst\u00f6rt wurden. Der Grundstein f\u00fcr die heutige Basilika wurde 1759 gelegt. Ihre endg\u00fcltige, prachtvolle Gestalt erhielt sie allerdings erst nach umfangreichen italienisch gepr\u00e4gten Umbauten im 19. Jahrhundert. Das Kloster ist eng mit der argentinischen Unabh\u00e4ngigkeit verkn\u00fcpft. Nach der historischen Schlacht von Salta (1813) fand hier das Begr\u00e4bnis der gefallenen Soldaten in Anwesenheit des Generals Manuel Belgrano statt. Auch die Schweiz war am Bau beteiligt: der Glockenturm wurde 1877 vom Schweizer Architekten Francisco Righetti (Geboren in Breno TI, gestorben in Argentinien) fertiggestellt. Mit einer H\u00f6he von 54 Metern gilt er als der h\u00f6chste Campanile S\u00fcdamerikas.<\/p>\n<figure id=\"attachment_31141\" aria-describedby=\"caption-attachment-31141\" style=\"width: 768px\" class=\"wp-caption alignnone\"><img loading=\"lazy\" decoding=\"async\" class=\"size-medium wp-image-31141\" src=\"https:\/\/www.askja-on-tour.ch\/wp-content\/uploads\/2026\/07\/Salta_4-023-768x1024.jpg\" alt=\"\" width=\"768\" height=\"1024\" srcset=\"https:\/\/www.askja-on-tour.ch\/wp-content\/uploads\/2026\/07\/Salta_4-023-768x1024.jpg 768w, https:\/\/www.askja-on-tour.ch\/wp-content\/uploads\/2026\/07\/Salta_4-023-1200x1600.jpg 1200w, https:\/\/www.askja-on-tour.ch\/wp-content\/uploads\/2026\/07\/Salta_4-023-1152x1536.jpg 1152w, https:\/\/www.askja-on-tour.ch\/wp-content\/uploads\/2026\/07\/Salta_4-023.jpg 1536w\" sizes=\"auto, (max-width: 768px) 100vw, 768px\" \/><figcaption id=\"caption-attachment-31141\" class=\"wp-caption-text\">Kirche und Kloster San Francisco<\/figcaption><\/figure>\n<p><img loading=\"lazy\" decoding=\"async\" class=\"alignnone size-medium wp-image-31142\" src=\"https:\/\/www.askja-on-tour.ch\/wp-content\/uploads\/2026\/07\/Salta_4-024-768x1024.jpg\" alt=\"\" width=\"768\" height=\"1024\" srcset=\"https:\/\/www.askja-on-tour.ch\/wp-content\/uploads\/2026\/07\/Salta_4-024-768x1024.jpg 768w, https:\/\/www.askja-on-tour.ch\/wp-content\/uploads\/2026\/07\/Salta_4-024-1200x1600.jpg 1200w, https:\/\/www.askja-on-tour.ch\/wp-content\/uploads\/2026\/07\/Salta_4-024-1152x1536.jpg 1152w, https:\/\/www.askja-on-tour.ch\/wp-content\/uploads\/2026\/07\/Salta_4-024.jpg 1536w\" sizes=\"auto, (max-width: 768px) 100vw, 768px\" \/> <img loading=\"lazy\" decoding=\"async\" class=\"alignnone size-medium wp-image-31143\" src=\"https:\/\/www.askja-on-tour.ch\/wp-content\/uploads\/2026\/07\/Salta_4-025-1024x768.jpg\" alt=\"\" width=\"1024\" height=\"768\" srcset=\"https:\/\/www.askja-on-tour.ch\/wp-content\/uploads\/2026\/07\/Salta_4-025-1024x768.jpg 1024w, https:\/\/www.askja-on-tour.ch\/wp-content\/uploads\/2026\/07\/Salta_4-025-1600x1200.jpg 1600w, https:\/\/www.askja-on-tour.ch\/wp-content\/uploads\/2026\/07\/Salta_4-025-768x576.jpg 768w, https:\/\/www.askja-on-tour.ch\/wp-content\/uploads\/2026\/07\/Salta_4-025-1536x1152.jpg 1536w, https:\/\/www.askja-on-tour.ch\/wp-content\/uploads\/2026\/07\/Salta_4-025.jpg 2048w\" sizes=\"auto, (max-width: 1024px) 100vw, 1024px\" \/> <img loading=\"lazy\" decoding=\"async\" class=\"alignnone size-medium wp-image-31144\" src=\"https:\/\/www.askja-on-tour.ch\/wp-content\/uploads\/2026\/07\/Salta_4-026-768x1024.jpg\" alt=\"\" width=\"768\" height=\"1024\" srcset=\"https:\/\/www.askja-on-tour.ch\/wp-content\/uploads\/2026\/07\/Salta_4-026-768x1024.jpg 768w, https:\/\/www.askja-on-tour.ch\/wp-content\/uploads\/2026\/07\/Salta_4-026-1200x1600.jpg 1200w, https:\/\/www.askja-on-tour.ch\/wp-content\/uploads\/2026\/07\/Salta_4-026-1152x1536.jpg 1152w, https:\/\/www.askja-on-tour.ch\/wp-content\/uploads\/2026\/07\/Salta_4-026.jpg 1536w\" sizes=\"auto, (max-width: 768px) 100vw, 768px\" \/> <img loading=\"lazy\" decoding=\"async\" class=\"alignnone size-medium wp-image-31145\" src=\"https:\/\/www.askja-on-tour.ch\/wp-content\/uploads\/2026\/07\/Salta_4-027-768x1024.jpg\" alt=\"\" width=\"768\" height=\"1024\" srcset=\"https:\/\/www.askja-on-tour.ch\/wp-content\/uploads\/2026\/07\/Salta_4-027-768x1024.jpg 768w, https:\/\/www.askja-on-tour.ch\/wp-content\/uploads\/2026\/07\/Salta_4-027-1200x1600.jpg 1200w, https:\/\/www.askja-on-tour.ch\/wp-content\/uploads\/2026\/07\/Salta_4-027-1152x1536.jpg 1152w, https:\/\/www.askja-on-tour.ch\/wp-content\/uploads\/2026\/07\/Salta_4-027.jpg 1536w\" sizes=\"auto, (max-width: 768px) 100vw, 768px\" \/> <img loading=\"lazy\" decoding=\"async\" class=\"alignnone size-medium wp-image-31146\" src=\"https:\/\/www.askja-on-tour.ch\/wp-content\/uploads\/2026\/07\/Salta_4-028-1024x768.jpg\" alt=\"\" width=\"1024\" height=\"768\" srcset=\"https:\/\/www.askja-on-tour.ch\/wp-content\/uploads\/2026\/07\/Salta_4-028-1024x768.jpg 1024w, https:\/\/www.askja-on-tour.ch\/wp-content\/uploads\/2026\/07\/Salta_4-028-1600x1200.jpg 1600w, https:\/\/www.askja-on-tour.ch\/wp-content\/uploads\/2026\/07\/Salta_4-028-768x576.jpg 768w, https:\/\/www.askja-on-tour.ch\/wp-content\/uploads\/2026\/07\/Salta_4-028-1536x1152.jpg 1536w, https:\/\/www.askja-on-tour.ch\/wp-content\/uploads\/2026\/07\/Salta_4-028.jpg 2048w\" sizes=\"auto, (max-width: 1024px) 100vw, 1024px\" \/> <img loading=\"lazy\" decoding=\"async\" class=\"alignnone size-medium wp-image-31147\" src=\"https:\/\/www.askja-on-tour.ch\/wp-content\/uploads\/2026\/07\/Salta_4-029-768x1024.jpg\" alt=\"\" width=\"768\" height=\"1024\" srcset=\"https:\/\/www.askja-on-tour.ch\/wp-content\/uploads\/2026\/07\/Salta_4-029-768x1024.jpg 768w, https:\/\/www.askja-on-tour.ch\/wp-content\/uploads\/2026\/07\/Salta_4-029-1200x1600.jpg 1200w, https:\/\/www.askja-on-tour.ch\/wp-content\/uploads\/2026\/07\/Salta_4-029-1152x1536.jpg 1152w, https:\/\/www.askja-on-tour.ch\/wp-content\/uploads\/2026\/07\/Salta_4-029.jpg 1536w\" sizes=\"auto, (max-width: 768px) 100vw, 768px\" \/><\/p>\n<p>Die Kirche \u00abIglesia de la Vi\u00f1a (offizieller Name: Parroquia Nuestra Se\u00f1ora de la Candelaria de la Vi\u00f1a)\u00bb ist ein wundersch\u00f6ner, farbenpr\u00e4chtiger Bau. Sie ist besonders bekannt f\u00fcr ihren weithin sichtbaren, freistehenden Glockenturm und ihre zuckerb\u00e4ckerstil-artige hellblau-rosa Fassade. Leider war die Kirche aufgrund Renovationsarbeiten geschlossen.<\/p>\n<figure id=\"attachment_31154\" aria-describedby=\"caption-attachment-31154\" style=\"width: 768px\" class=\"wp-caption alignnone\"><img loading=\"lazy\" decoding=\"async\" class=\"size-medium wp-image-31154\" src=\"https:\/\/www.askja-on-tour.ch\/wp-content\/uploads\/2026\/07\/Salta_4-036-768x1024.jpg\" alt=\"\" width=\"768\" height=\"1024\" srcset=\"https:\/\/www.askja-on-tour.ch\/wp-content\/uploads\/2026\/07\/Salta_4-036-768x1024.jpg 768w, https:\/\/www.askja-on-tour.ch\/wp-content\/uploads\/2026\/07\/Salta_4-036-1200x1600.jpg 1200w, https:\/\/www.askja-on-tour.ch\/wp-content\/uploads\/2026\/07\/Salta_4-036-1152x1536.jpg 1152w, https:\/\/www.askja-on-tour.ch\/wp-content\/uploads\/2026\/07\/Salta_4-036.jpg 1536w\" sizes=\"auto, (max-width: 768px) 100vw, 768px\" \/><figcaption id=\"caption-attachment-31154\" class=\"wp-caption-text\">Iglesia Nuestra Senora de La Candelaria de La Vina &#8211; war leider geschlossen aufgrund Renovationsarbeiten<\/figcaption><\/figure>\n<p><img loading=\"lazy\" decoding=\"async\" class=\"alignnone size-medium wp-image-31155\" src=\"https:\/\/www.askja-on-tour.ch\/wp-content\/uploads\/2026\/07\/Salta_4-037-768x1024.jpg\" alt=\"\" width=\"768\" height=\"1024\" srcset=\"https:\/\/www.askja-on-tour.ch\/wp-content\/uploads\/2026\/07\/Salta_4-037-768x1024.jpg 768w, https:\/\/www.askja-on-tour.ch\/wp-content\/uploads\/2026\/07\/Salta_4-037-1200x1600.jpg 1200w, https:\/\/www.askja-on-tour.ch\/wp-content\/uploads\/2026\/07\/Salta_4-037-1152x1536.jpg 1152w, https:\/\/www.askja-on-tour.ch\/wp-content\/uploads\/2026\/07\/Salta_4-037.jpg 1536w\" sizes=\"auto, (max-width: 768px) 100vw, 768px\" \/><\/p>\n<p>\u00a0\u00abNuevo Carmelo de San Bernardo\u00bb (heute bekannt als Convento de San Bernardo) ist ein historisches Karmelitinnen Kloster. Es geh\u00f6rt zu den \u00e4ltesten und bedeutendsten Sakralbauten der Stadt. \u00a0Das Kloster wurde im sp\u00e4ten 16. Jahrhundert als Einsiedelei errichtet. Nach der Zerst\u00f6rung durch das Erdbeben 1692 und Wiederaufbau diente der Ort auch als Krankenhaus. Im Jahre 1846 wurde der Komplex in ein Kloster umgewandelt (Nuevo Carmelo de San Bernardo). Der Eingang der Kirche besitzt eine kunstvolle Holzt\u00fcr aus Johannisbrotbaumholz, die im Jahr 1762 von indigener Hand gefertigt wurde. Die Kirche und das Kloster sind f\u00fcr die \u00d6ffentlichkeit nicht zug\u00e4nglich.<\/p>\n<figure id=\"attachment_31165\" aria-describedby=\"caption-attachment-31165\" style=\"width: 768px\" class=\"wp-caption alignnone\"><img loading=\"lazy\" decoding=\"async\" class=\"size-medium wp-image-31165\" src=\"https:\/\/www.askja-on-tour.ch\/wp-content\/uploads\/2026\/07\/Salta_4-047-768x1024.jpg\" alt=\"\" width=\"768\" height=\"1024\" srcset=\"https:\/\/www.askja-on-tour.ch\/wp-content\/uploads\/2026\/07\/Salta_4-047-768x1024.jpg 768w, https:\/\/www.askja-on-tour.ch\/wp-content\/uploads\/2026\/07\/Salta_4-047-1200x1600.jpg 1200w, https:\/\/www.askja-on-tour.ch\/wp-content\/uploads\/2026\/07\/Salta_4-047-1152x1536.jpg 1152w, https:\/\/www.askja-on-tour.ch\/wp-content\/uploads\/2026\/07\/Salta_4-047.jpg 1536w\" sizes=\"auto, (max-width: 768px) 100vw, 768px\" \/><figcaption id=\"caption-attachment-31165\" class=\"wp-caption-text\">Nuevo Carmelo de San Bernardo ist ein historisches Karmeliterinnenkloster mit der kunstvollen Holzt\u00fcr aus Johannisbrotbaumholz<\/figcaption><\/figure>\n<p><img loading=\"lazy\" decoding=\"async\" class=\"alignnone size-medium wp-image-31164\" src=\"https:\/\/www.askja-on-tour.ch\/wp-content\/uploads\/2026\/07\/Salta_4-046-1024x768.jpg\" alt=\"\" width=\"1024\" height=\"768\" srcset=\"https:\/\/www.askja-on-tour.ch\/wp-content\/uploads\/2026\/07\/Salta_4-046-1024x768.jpg 1024w, https:\/\/www.askja-on-tour.ch\/wp-content\/uploads\/2026\/07\/Salta_4-046-1600x1200.jpg 1600w, https:\/\/www.askja-on-tour.ch\/wp-content\/uploads\/2026\/07\/Salta_4-046-768x576.jpg 768w, https:\/\/www.askja-on-tour.ch\/wp-content\/uploads\/2026\/07\/Salta_4-046-1536x1152.jpg 1536w, https:\/\/www.askja-on-tour.ch\/wp-content\/uploads\/2026\/07\/Salta_4-046.jpg 2048w\" sizes=\"auto, (max-width: 1024px) 100vw, 1024px\" \/><\/p>\n<p>Am Tag, als Argentinien gegen \u00c4gypten den Achtelfinal spielte haben wir das Santuario de la Inmaculada Madre del Divino Coraz\u00f3n Eucar\u00edstico de Jes\u00fas, auch als Virgen del Cerro (Jungfrau des Berges) bekannt, besucht. Es ist ein bekannter katholischer Wallfahrtsort auf einem H\u00fcgel. Der Ort geht auf angebliche Marienerscheinungen zur\u00fcck, die 1990 von der Seherin Mar\u00eda Livia Galliano gemeldet wurden. Als wir am Nachmittag den steinigen und steilen 2.5 km langen steilen Aufstieg in Angriff genommen haben, waren wir auf dem Weg und auch oben im Wallfahrtsort allein. Zu diesem Zeitpunkt war Argentinien 2 Tore im R\u00fcckstand und kurz vor dem Ausscheiden. Als wir oben angekommen waren und endlich auch wieder Handy-Empfang hatten, h\u00f6rten wir unten aus der Stadt lautes Hupkonzert und sahen, dass Argentinien in der Verl\u00e4ngerung drei Tore geschossen und 3:2 das Spiel gewonnen hatte. Auf dem R\u00fcckweg kamen und duzende von Argentiniern entgegen mit Argentinien-Fahnen, T-Shirts, H\u00fcten, etc. Es machte uns fast den Anschein, dass die Fans w\u00e4hrend des Spiels ein Gel\u00fcbde abgelegt hatten, dass sie den anstrengenden Weg zur Kirche machen, wenn Argentinien gewinnt. Wir wurden von vielen schon ziemlich ausser Puste gefragt, wie weit es denn noch zur Kirche sei. Ohne Fleiss \u2013 kein Preis!<\/p>\n<figure id=\"attachment_31175\" aria-describedby=\"caption-attachment-31175\" style=\"width: 1024px\" class=\"wp-caption alignnone\"><img loading=\"lazy\" decoding=\"async\" class=\"size-medium wp-image-31175\" src=\"https:\/\/www.askja-on-tour.ch\/wp-content\/uploads\/2026\/07\/Salta_4-057-1024x768.jpg\" alt=\"\" width=\"1024\" height=\"768\" srcset=\"https:\/\/www.askja-on-tour.ch\/wp-content\/uploads\/2026\/07\/Salta_4-057-1024x768.jpg 1024w, https:\/\/www.askja-on-tour.ch\/wp-content\/uploads\/2026\/07\/Salta_4-057-1600x1200.jpg 1600w, https:\/\/www.askja-on-tour.ch\/wp-content\/uploads\/2026\/07\/Salta_4-057-768x576.jpg 768w, https:\/\/www.askja-on-tour.ch\/wp-content\/uploads\/2026\/07\/Salta_4-057-1536x1152.jpg 1536w, https:\/\/www.askja-on-tour.ch\/wp-content\/uploads\/2026\/07\/Salta_4-057.jpg 2048w\" sizes=\"auto, (max-width: 1024px) 100vw, 1024px\" \/><figcaption id=\"caption-attachment-31175\" class=\"wp-caption-text\">Santuario de la Inmaculada Madre del Divino Coraz\u00f3n Eucar\u00edstico de Jes\u00fas (Wallfahrtsort der Unbefleckten Mutter des G\u00f6ttlichen Eucharistischen Herzens Jesu)<\/figcaption><\/figure>\n<p><img loading=\"lazy\" decoding=\"async\" class=\"alignnone size-medium wp-image-31176\" src=\"https:\/\/www.askja-on-tour.ch\/wp-content\/uploads\/2026\/07\/Salta_4-058-1024x768.jpg\" alt=\"\" width=\"1024\" height=\"768\" srcset=\"https:\/\/www.askja-on-tour.ch\/wp-content\/uploads\/2026\/07\/Salta_4-058-1024x768.jpg 1024w, https:\/\/www.askja-on-tour.ch\/wp-content\/uploads\/2026\/07\/Salta_4-058-1600x1200.jpg 1600w, https:\/\/www.askja-on-tour.ch\/wp-content\/uploads\/2026\/07\/Salta_4-058-768x576.jpg 768w, https:\/\/www.askja-on-tour.ch\/wp-content\/uploads\/2026\/07\/Salta_4-058-1536x1152.jpg 1536w, https:\/\/www.askja-on-tour.ch\/wp-content\/uploads\/2026\/07\/Salta_4-058.jpg 2048w\" sizes=\"auto, (max-width: 1024px) 100vw, 1024px\" \/> <img loading=\"lazy\" decoding=\"async\" class=\"alignnone size-medium wp-image-31177\" src=\"https:\/\/www.askja-on-tour.ch\/wp-content\/uploads\/2026\/07\/Salta_4-059-768x1024.jpg\" alt=\"\" width=\"768\" height=\"1024\" srcset=\"https:\/\/www.askja-on-tour.ch\/wp-content\/uploads\/2026\/07\/Salta_4-059-768x1024.jpg 768w, https:\/\/www.askja-on-tour.ch\/wp-content\/uploads\/2026\/07\/Salta_4-059-1200x1600.jpg 1200w, https:\/\/www.askja-on-tour.ch\/wp-content\/uploads\/2026\/07\/Salta_4-059-1152x1536.jpg 1152w, https:\/\/www.askja-on-tour.ch\/wp-content\/uploads\/2026\/07\/Salta_4-059.jpg 1536w\" sizes=\"auto, (max-width: 768px) 100vw, 768px\" \/> <img loading=\"lazy\" decoding=\"async\" class=\"alignnone size-medium wp-image-31178\" src=\"https:\/\/www.askja-on-tour.ch\/wp-content\/uploads\/2026\/07\/Salta_4-060-1024x768.jpg\" alt=\"\" width=\"1024\" height=\"768\" srcset=\"https:\/\/www.askja-on-tour.ch\/wp-content\/uploads\/2026\/07\/Salta_4-060-1024x768.jpg 1024w, https:\/\/www.askja-on-tour.ch\/wp-content\/uploads\/2026\/07\/Salta_4-060-1600x1200.jpg 1600w, https:\/\/www.askja-on-tour.ch\/wp-content\/uploads\/2026\/07\/Salta_4-060-768x576.jpg 768w, https:\/\/www.askja-on-tour.ch\/wp-content\/uploads\/2026\/07\/Salta_4-060-1536x1152.jpg 1536w, https:\/\/www.askja-on-tour.ch\/wp-content\/uploads\/2026\/07\/Salta_4-060.jpg 2048w\" sizes=\"auto, (max-width: 1024px) 100vw, 1024px\" \/> <img loading=\"lazy\" decoding=\"async\" class=\"alignnone size-medium wp-image-31179\" src=\"https:\/\/www.askja-on-tour.ch\/wp-content\/uploads\/2026\/07\/Salta_4-061-1024x768.jpg\" alt=\"\" width=\"1024\" height=\"768\" srcset=\"https:\/\/www.askja-on-tour.ch\/wp-content\/uploads\/2026\/07\/Salta_4-061-1024x768.jpg 1024w, https:\/\/www.askja-on-tour.ch\/wp-content\/uploads\/2026\/07\/Salta_4-061-1600x1200.jpg 1600w, https:\/\/www.askja-on-tour.ch\/wp-content\/uploads\/2026\/07\/Salta_4-061-768x576.jpg 768w, https:\/\/www.askja-on-tour.ch\/wp-content\/uploads\/2026\/07\/Salta_4-061-1536x1152.jpg 1536w, https:\/\/www.askja-on-tour.ch\/wp-content\/uploads\/2026\/07\/Salta_4-061.jpg 2048w\" sizes=\"auto, (max-width: 1024px) 100vw, 1024px\" \/><\/p>\n<figure id=\"attachment_31180\" aria-describedby=\"caption-attachment-31180\" style=\"width: 1024px\" class=\"wp-caption alignnone\"><img loading=\"lazy\" decoding=\"async\" class=\"size-medium wp-image-31180\" src=\"https:\/\/www.askja-on-tour.ch\/wp-content\/uploads\/2026\/07\/Salta_4-062-1024x768.jpg\" alt=\"\" width=\"1024\" height=\"768\" srcset=\"https:\/\/www.askja-on-tour.ch\/wp-content\/uploads\/2026\/07\/Salta_4-062-1024x768.jpg 1024w, https:\/\/www.askja-on-tour.ch\/wp-content\/uploads\/2026\/07\/Salta_4-062-1600x1200.jpg 1600w, https:\/\/www.askja-on-tour.ch\/wp-content\/uploads\/2026\/07\/Salta_4-062-768x576.jpg 768w, https:\/\/www.askja-on-tour.ch\/wp-content\/uploads\/2026\/07\/Salta_4-062-1536x1152.jpg 1536w, https:\/\/www.askja-on-tour.ch\/wp-content\/uploads\/2026\/07\/Salta_4-062.jpg 2048w\" sizes=\"auto, (max-width: 1024px) 100vw, 1024px\" \/><figcaption id=\"caption-attachment-31180\" class=\"wp-caption-text\">Rosenkr\u00e4nze aus Dankbarkeit f\u00fcr oder als Hoffnung auf ein Wunder<\/figcaption><\/figure>\n<p><img loading=\"lazy\" decoding=\"async\" class=\"alignnone size-medium wp-image-31181\" src=\"https:\/\/www.askja-on-tour.ch\/wp-content\/uploads\/2026\/07\/Salta_4-063-1024x768.jpg\" alt=\"\" width=\"1024\" height=\"768\" srcset=\"https:\/\/www.askja-on-tour.ch\/wp-content\/uploads\/2026\/07\/Salta_4-063-1024x768.jpg 1024w, https:\/\/www.askja-on-tour.ch\/wp-content\/uploads\/2026\/07\/Salta_4-063-1600x1200.jpg 1600w, https:\/\/www.askja-on-tour.ch\/wp-content\/uploads\/2026\/07\/Salta_4-063-768x576.jpg 768w, https:\/\/www.askja-on-tour.ch\/wp-content\/uploads\/2026\/07\/Salta_4-063-1536x1152.jpg 1536w, https:\/\/www.askja-on-tour.ch\/wp-content\/uploads\/2026\/07\/Salta_4-063.jpg 2048w\" sizes=\"auto, (max-width: 1024px) 100vw, 1024px\" \/><\/p>\n<figure id=\"attachment_31182\" aria-describedby=\"caption-attachment-31182\" style=\"width: 1024px\" class=\"wp-caption alignnone\"><img loading=\"lazy\" decoding=\"async\" class=\"size-medium wp-image-31182\" src=\"https:\/\/www.askja-on-tour.ch\/wp-content\/uploads\/2026\/07\/Salta_4-064-1024x768.jpg\" alt=\"\" width=\"1024\" height=\"768\" srcset=\"https:\/\/www.askja-on-tour.ch\/wp-content\/uploads\/2026\/07\/Salta_4-064-1024x768.jpg 1024w, https:\/\/www.askja-on-tour.ch\/wp-content\/uploads\/2026\/07\/Salta_4-064-1600x1200.jpg 1600w, https:\/\/www.askja-on-tour.ch\/wp-content\/uploads\/2026\/07\/Salta_4-064-768x576.jpg 768w, https:\/\/www.askja-on-tour.ch\/wp-content\/uploads\/2026\/07\/Salta_4-064-1536x1152.jpg 1536w, https:\/\/www.askja-on-tour.ch\/wp-content\/uploads\/2026\/07\/Salta_4-064.jpg 2048w\" sizes=\"auto, (max-width: 1024px) 100vw, 1024px\" \/><figcaption id=\"caption-attachment-31182\" class=\"wp-caption-text\">Moderne Beichtst\u00fchle im Santuario<\/figcaption><\/figure>\n<figure id=\"attachment_31183\" aria-describedby=\"caption-attachment-31183\" style=\"width: 1024px\" class=\"wp-caption alignnone\"><img loading=\"lazy\" decoding=\"async\" class=\"size-medium wp-image-31183\" src=\"https:\/\/www.askja-on-tour.ch\/wp-content\/uploads\/2026\/07\/Salta_4-065-1024x768.jpg\" alt=\"\" width=\"1024\" height=\"768\" srcset=\"https:\/\/www.askja-on-tour.ch\/wp-content\/uploads\/2026\/07\/Salta_4-065-1024x768.jpg 1024w, https:\/\/www.askja-on-tour.ch\/wp-content\/uploads\/2026\/07\/Salta_4-065-1600x1200.jpg 1600w, https:\/\/www.askja-on-tour.ch\/wp-content\/uploads\/2026\/07\/Salta_4-065-768x576.jpg 768w, https:\/\/www.askja-on-tour.ch\/wp-content\/uploads\/2026\/07\/Salta_4-065-1536x1152.jpg 1536w, https:\/\/www.askja-on-tour.ch\/wp-content\/uploads\/2026\/07\/Salta_4-065.jpg 2048w\" sizes=\"auto, (max-width: 1024px) 100vw, 1024px\" \/><figcaption id=\"caption-attachment-31183\" class=\"wp-caption-text\">Blick auf Salta vom Santuario aus<\/figcaption><\/figure>\n<p>\u00dcberhaupt hat die Fussball-WM Salta und Argentinien w\u00e4hrend fast 6 Wochen komplett dominiert. Leider hat es dann am Schluss nicht zum erneuten Weltmeister gereicht.<\/p>\n<figure id=\"attachment_31160\" aria-describedby=\"caption-attachment-31160\" style=\"width: 1024px\" class=\"wp-caption alignnone\"><img loading=\"lazy\" decoding=\"async\" class=\"size-medium wp-image-31160\" src=\"https:\/\/www.askja-on-tour.ch\/wp-content\/uploads\/2026\/07\/Salta_4-042-1024x768.jpg\" alt=\"\" width=\"1024\" height=\"768\" srcset=\"https:\/\/www.askja-on-tour.ch\/wp-content\/uploads\/2026\/07\/Salta_4-042-1024x768.jpg 1024w, https:\/\/www.askja-on-tour.ch\/wp-content\/uploads\/2026\/07\/Salta_4-042-1600x1200.jpg 1600w, https:\/\/www.askja-on-tour.ch\/wp-content\/uploads\/2026\/07\/Salta_4-042-768x576.jpg 768w, https:\/\/www.askja-on-tour.ch\/wp-content\/uploads\/2026\/07\/Salta_4-042-1536x1152.jpg 1536w, https:\/\/www.askja-on-tour.ch\/wp-content\/uploads\/2026\/07\/Salta_4-042.jpg 2048w\" sizes=\"auto, (max-width: 1024px) 100vw, 1024px\" \/><figcaption id=\"caption-attachment-31160\" class=\"wp-caption-text\">Unser hier glaubte man noch fest an den Sieg der Fussball-WM<\/figcaption><\/figure>\n<p><img loading=\"lazy\" decoding=\"async\" class=\"alignnone size-medium wp-image-31161\" src=\"https:\/\/www.askja-on-tour.ch\/wp-content\/uploads\/2026\/07\/Salta_4-043-768x1024.jpg\" alt=\"\" width=\"768\" height=\"1024\" srcset=\"https:\/\/www.askja-on-tour.ch\/wp-content\/uploads\/2026\/07\/Salta_4-043-768x1024.jpg 768w, https:\/\/www.askja-on-tour.ch\/wp-content\/uploads\/2026\/07\/Salta_4-043-1200x1600.jpg 1200w, https:\/\/www.askja-on-tour.ch\/wp-content\/uploads\/2026\/07\/Salta_4-043-1152x1536.jpg 1152w, https:\/\/www.askja-on-tour.ch\/wp-content\/uploads\/2026\/07\/Salta_4-043.jpg 1536w\" sizes=\"auto, (max-width: 768px) 100vw, 768px\" \/><\/p>\n<figure id=\"attachment_31162\" aria-describedby=\"caption-attachment-31162\" style=\"width: 768px\" class=\"wp-caption alignnone\"><img loading=\"lazy\" decoding=\"async\" class=\"size-medium wp-image-31162\" src=\"https:\/\/www.askja-on-tour.ch\/wp-content\/uploads\/2026\/07\/Salta_4-044-768x1024.jpg\" alt=\"\" width=\"768\" height=\"1024\" srcset=\"https:\/\/www.askja-on-tour.ch\/wp-content\/uploads\/2026\/07\/Salta_4-044-768x1024.jpg 768w, https:\/\/www.askja-on-tour.ch\/wp-content\/uploads\/2026\/07\/Salta_4-044-1200x1600.jpg 1200w, https:\/\/www.askja-on-tour.ch\/wp-content\/uploads\/2026\/07\/Salta_4-044-1152x1536.jpg 1152w, https:\/\/www.askja-on-tour.ch\/wp-content\/uploads\/2026\/07\/Salta_4-044.jpg 1536w\" sizes=\"auto, (max-width: 768px) 100vw, 768px\" \/><figcaption id=\"caption-attachment-31162\" class=\"wp-caption-text\">Messi immer und \u00fcberall, auch als Mate-Botschafter<\/figcaption><\/figure>\n<figure id=\"attachment_31184\" aria-describedby=\"caption-attachment-31184\" style=\"width: 1024px\" class=\"wp-caption alignnone\"><img loading=\"lazy\" decoding=\"async\" class=\"size-medium wp-image-31184\" src=\"https:\/\/www.askja-on-tour.ch\/wp-content\/uploads\/2026\/07\/Salta_5-001-1024x769.jpg\" alt=\"\" width=\"1024\" height=\"769\" srcset=\"https:\/\/www.askja-on-tour.ch\/wp-content\/uploads\/2026\/07\/Salta_5-001-1024x769.jpg 1024w, https:\/\/www.askja-on-tour.ch\/wp-content\/uploads\/2026\/07\/Salta_5-001-1600x1201.jpg 1600w, https:\/\/www.askja-on-tour.ch\/wp-content\/uploads\/2026\/07\/Salta_5-001-768x576.jpg 768w, https:\/\/www.askja-on-tour.ch\/wp-content\/uploads\/2026\/07\/Salta_5-001-1536x1153.jpg 1536w, https:\/\/www.askja-on-tour.ch\/wp-content\/uploads\/2026\/07\/Salta_5-001.jpg 2048w\" sizes=\"auto, (max-width: 1024px) 100vw, 1024px\" \/><figcaption id=\"caption-attachment-31184\" class=\"wp-caption-text\">Messi in allen Forman und Variationen.<\/figcaption><\/figure>\n<p><img loading=\"lazy\" decoding=\"async\" class=\"alignnone size-medium wp-image-31185\" src=\"https:\/\/www.askja-on-tour.ch\/wp-content\/uploads\/2026\/07\/Salta_5-002-769x1024.jpg\" alt=\"\" width=\"769\" height=\"1024\" srcset=\"https:\/\/www.askja-on-tour.ch\/wp-content\/uploads\/2026\/07\/Salta_5-002-769x1024.jpg 769w, https:\/\/www.askja-on-tour.ch\/wp-content\/uploads\/2026\/07\/Salta_5-002-1201x1600.jpg 1201w, https:\/\/www.askja-on-tour.ch\/wp-content\/uploads\/2026\/07\/Salta_5-002-768x1023.jpg 768w, https:\/\/www.askja-on-tour.ch\/wp-content\/uploads\/2026\/07\/Salta_5-002-1153x1536.jpg 1153w, https:\/\/www.askja-on-tour.ch\/wp-content\/uploads\/2026\/07\/Salta_5-002.jpg 1537w\" sizes=\"auto, (max-width: 769px) 100vw, 769px\" \/> <img loading=\"lazy\" decoding=\"async\" class=\"alignnone size-medium wp-image-31187\" src=\"https:\/\/www.askja-on-tour.ch\/wp-content\/uploads\/2026\/07\/Salta_5-004-769x1024.jpg\" alt=\"\" width=\"769\" height=\"1024\" srcset=\"https:\/\/www.askja-on-tour.ch\/wp-content\/uploads\/2026\/07\/Salta_5-004-769x1024.jpg 769w, https:\/\/www.askja-on-tour.ch\/wp-content\/uploads\/2026\/07\/Salta_5-004-1201x1600.jpg 1201w, https:\/\/www.askja-on-tour.ch\/wp-content\/uploads\/2026\/07\/Salta_5-004-768x1023.jpg 768w, https:\/\/www.askja-on-tour.ch\/wp-content\/uploads\/2026\/07\/Salta_5-004-1153x1536.jpg 1153w, https:\/\/www.askja-on-tour.ch\/wp-content\/uploads\/2026\/07\/Salta_5-004.jpg 1537w\" sizes=\"auto, (max-width: 769px) 100vw, 769px\" \/> <img loading=\"lazy\" decoding=\"async\" class=\"alignnone size-medium wp-image-31189\" src=\"https:\/\/www.askja-on-tour.ch\/wp-content\/uploads\/2026\/07\/Salta_5-006-1024x769.jpg\" alt=\"\" width=\"1024\" height=\"769\" srcset=\"https:\/\/www.askja-on-tour.ch\/wp-content\/uploads\/2026\/07\/Salta_5-006-1024x769.jpg 1024w, https:\/\/www.askja-on-tour.ch\/wp-content\/uploads\/2026\/07\/Salta_5-006-1600x1201.jpg 1600w, https:\/\/www.askja-on-tour.ch\/wp-content\/uploads\/2026\/07\/Salta_5-006-768x576.jpg 768w, https:\/\/www.askja-on-tour.ch\/wp-content\/uploads\/2026\/07\/Salta_5-006-1536x1153.jpg 1536w, https:\/\/www.askja-on-tour.ch\/wp-content\/uploads\/2026\/07\/Salta_5-006.jpg 2048w\" sizes=\"auto, (max-width: 1024px) 100vw, 1024px\" \/> <img loading=\"lazy\" decoding=\"async\" class=\"alignnone size-medium wp-image-31190\" src=\"https:\/\/www.askja-on-tour.ch\/wp-content\/uploads\/2026\/07\/Salta_5-007-769x1024.jpg\" alt=\"\" width=\"769\" height=\"1024\" srcset=\"https:\/\/www.askja-on-tour.ch\/wp-content\/uploads\/2026\/07\/Salta_5-007-769x1024.jpg 769w, https:\/\/www.askja-on-tour.ch\/wp-content\/uploads\/2026\/07\/Salta_5-007-1201x1600.jpg 1201w, https:\/\/www.askja-on-tour.ch\/wp-content\/uploads\/2026\/07\/Salta_5-007-768x1023.jpg 768w, https:\/\/www.askja-on-tour.ch\/wp-content\/uploads\/2026\/07\/Salta_5-007-1153x1536.jpg 1153w, https:\/\/www.askja-on-tour.ch\/wp-content\/uploads\/2026\/07\/Salta_5-007.jpg 1537w\" sizes=\"auto, (max-width: 769px) 100vw, 769px\" \/> <img loading=\"lazy\" decoding=\"async\" class=\"alignnone size-medium wp-image-31191\" src=\"https:\/\/www.askja-on-tour.ch\/wp-content\/uploads\/2026\/07\/Salta_5-008-1024x769.jpg\" alt=\"\" width=\"1024\" height=\"769\" srcset=\"https:\/\/www.askja-on-tour.ch\/wp-content\/uploads\/2026\/07\/Salta_5-008-1024x769.jpg 1024w, https:\/\/www.askja-on-tour.ch\/wp-content\/uploads\/2026\/07\/Salta_5-008-1600x1201.jpg 1600w, https:\/\/www.askja-on-tour.ch\/wp-content\/uploads\/2026\/07\/Salta_5-008-768x576.jpg 768w, https:\/\/www.askja-on-tour.ch\/wp-content\/uploads\/2026\/07\/Salta_5-008-1536x1153.jpg 1536w, https:\/\/www.askja-on-tour.ch\/wp-content\/uploads\/2026\/07\/Salta_5-008.jpg 2048w\" sizes=\"auto, (max-width: 1024px) 100vw, 1024px\" \/><\/p>\n<p>Und nat\u00fcrlich d\u00fcrfen auch ein paar Strasseneindr\u00fccke von in und um Salta nicht fehlen. Uns hat Salta als Stadt und die Umgebung von Salta sehr gut gefallen (nur gerade \u00fcber sechs Wochen m\u00fcssten es nun doch nicht sein).<\/p>\n<figure id=\"attachment_31121-2\" aria-describedby=\"caption-attachment-31121-2\" style=\"width: 1024px\" class=\"wp-caption alignnone\"><img loading=\"lazy\" decoding=\"async\" class=\"size-medium wp-image-31121\" src=\"https:\/\/www.askja-on-tour.ch\/wp-content\/uploads\/2026\/07\/Salta_4-003-1024x768.jpg\" alt=\"\" width=\"1024\" height=\"768\" srcset=\"https:\/\/www.askja-on-tour.ch\/wp-content\/uploads\/2026\/07\/Salta_4-003-1024x768.jpg 1024w, https:\/\/www.askja-on-tour.ch\/wp-content\/uploads\/2026\/07\/Salta_4-003-1600x1200.jpg 1600w, https:\/\/www.askja-on-tour.ch\/wp-content\/uploads\/2026\/07\/Salta_4-003-768x576.jpg 768w, https:\/\/www.askja-on-tour.ch\/wp-content\/uploads\/2026\/07\/Salta_4-003-1536x1152.jpg 1536w, https:\/\/www.askja-on-tour.ch\/wp-content\/uploads\/2026\/07\/Salta_4-003.jpg 2048w\" sizes=\"auto, (max-width: 1024px) 100vw, 1024px\" \/><figcaption id=\"caption-attachment-31121-2\" class=\"wp-caption-text\">Sch\u00f6ne H\u00e4user im Kolonial-Stil<\/figcaption><\/figure>\n<figure id=\"attachment_31123\" aria-describedby=\"caption-attachment-31123\" style=\"width: 1024px\" class=\"wp-caption alignnone\"><img loading=\"lazy\" decoding=\"async\" class=\"size-medium wp-image-31123\" src=\"https:\/\/www.askja-on-tour.ch\/wp-content\/uploads\/2026\/07\/Salta_4-005-1024x768.jpg\" alt=\"\" width=\"1024\" height=\"768\" srcset=\"https:\/\/www.askja-on-tour.ch\/wp-content\/uploads\/2026\/07\/Salta_4-005-1024x768.jpg 1024w, https:\/\/www.askja-on-tour.ch\/wp-content\/uploads\/2026\/07\/Salta_4-005-1600x1200.jpg 1600w, https:\/\/www.askja-on-tour.ch\/wp-content\/uploads\/2026\/07\/Salta_4-005-768x576.jpg 768w, https:\/\/www.askja-on-tour.ch\/wp-content\/uploads\/2026\/07\/Salta_4-005-1536x1152.jpg 1536w, https:\/\/www.askja-on-tour.ch\/wp-content\/uploads\/2026\/07\/Salta_4-005.jpg 2048w\" sizes=\"auto, (max-width: 1024px) 100vw, 1024px\" \/><figcaption id=\"caption-attachment-31123\" class=\"wp-caption-text\">Sch\u00f6ne kleine Gesch\u00e4fte<\/figcaption><\/figure>\n<figure id=\"attachment_31126\" aria-describedby=\"caption-attachment-31126\" style=\"width: 768px\" class=\"wp-caption alignnone\"><img loading=\"lazy\" decoding=\"async\" class=\"size-medium wp-image-31126\" src=\"https:\/\/www.askja-on-tour.ch\/wp-content\/uploads\/2026\/07\/Salta_4-008-768x1024.jpg\" alt=\"\" width=\"768\" height=\"1024\" srcset=\"https:\/\/www.askja-on-tour.ch\/wp-content\/uploads\/2026\/07\/Salta_4-008-768x1024.jpg 768w, https:\/\/www.askja-on-tour.ch\/wp-content\/uploads\/2026\/07\/Salta_4-008-1200x1600.jpg 1200w, https:\/\/www.askja-on-tour.ch\/wp-content\/uploads\/2026\/07\/Salta_4-008-1152x1536.jpg 1152w, https:\/\/www.askja-on-tour.ch\/wp-content\/uploads\/2026\/07\/Salta_4-008.jpg 1536w\" sizes=\"auto, (max-width: 768px) 100vw, 768px\" \/><figcaption id=\"caption-attachment-31126\" class=\"wp-caption-text\">Sch\u00f6ner Kolonialstil<\/figcaption><\/figure>\n<figure id=\"attachment_31135\" aria-describedby=\"caption-attachment-31135\" style=\"width: 768px\" class=\"wp-caption alignnone\"><img loading=\"lazy\" decoding=\"async\" class=\"size-medium wp-image-31135\" src=\"https:\/\/www.askja-on-tour.ch\/wp-content\/uploads\/2026\/07\/Salta_4-017-768x1024.jpg\" alt=\"\" width=\"768\" height=\"1024\" srcset=\"https:\/\/www.askja-on-tour.ch\/wp-content\/uploads\/2026\/07\/Salta_4-017-768x1024.jpg 768w, https:\/\/www.askja-on-tour.ch\/wp-content\/uploads\/2026\/07\/Salta_4-017-1200x1600.jpg 1200w, https:\/\/www.askja-on-tour.ch\/wp-content\/uploads\/2026\/07\/Salta_4-017-1152x1536.jpg 1152w, https:\/\/www.askja-on-tour.ch\/wp-content\/uploads\/2026\/07\/Salta_4-017.jpg 1536w\" sizes=\"auto, (max-width: 768px) 100vw, 768px\" \/><figcaption id=\"caption-attachment-31135\" class=\"wp-caption-text\">Spiel mit der Spiegelung<\/figcaption><\/figure>\n<figure id=\"attachment_31152\" aria-describedby=\"caption-attachment-31152\" style=\"width: 1024px\" class=\"wp-caption alignnone\"><img loading=\"lazy\" decoding=\"async\" class=\"size-medium wp-image-31152\" src=\"https:\/\/www.askja-on-tour.ch\/wp-content\/uploads\/2026\/07\/Salta_4-034-1024x768.jpg\" alt=\"\" width=\"1024\" height=\"768\" srcset=\"https:\/\/www.askja-on-tour.ch\/wp-content\/uploads\/2026\/07\/Salta_4-034-1024x768.jpg 1024w, https:\/\/www.askja-on-tour.ch\/wp-content\/uploads\/2026\/07\/Salta_4-034-1600x1200.jpg 1600w, https:\/\/www.askja-on-tour.ch\/wp-content\/uploads\/2026\/07\/Salta_4-034-768x576.jpg 768w, https:\/\/www.askja-on-tour.ch\/wp-content\/uploads\/2026\/07\/Salta_4-034-1536x1152.jpg 1536w, https:\/\/www.askja-on-tour.ch\/wp-content\/uploads\/2026\/07\/Salta_4-034.jpg 2048w\" sizes=\"auto, (max-width: 1024px) 100vw, 1024px\" \/><figcaption id=\"caption-attachment-31152\" class=\"wp-caption-text\">Auch die argentinischen Kinder wollen bespasst werden<\/figcaption><\/figure>\n<p><img loading=\"lazy\" decoding=\"async\" class=\"alignnone size-medium wp-image-31153\" src=\"https:\/\/www.askja-on-tour.ch\/wp-content\/uploads\/2026\/07\/Salta_4-035-1024x768.jpg\" alt=\"\" width=\"1024\" height=\"768\" srcset=\"https:\/\/www.askja-on-tour.ch\/wp-content\/uploads\/2026\/07\/Salta_4-035-1024x768.jpg 1024w, https:\/\/www.askja-on-tour.ch\/wp-content\/uploads\/2026\/07\/Salta_4-035-1600x1200.jpg 1600w, https:\/\/www.askja-on-tour.ch\/wp-content\/uploads\/2026\/07\/Salta_4-035-768x576.jpg 768w, https:\/\/www.askja-on-tour.ch\/wp-content\/uploads\/2026\/07\/Salta_4-035-1536x1152.jpg 1536w, https:\/\/www.askja-on-tour.ch\/wp-content\/uploads\/2026\/07\/Salta_4-035.jpg 2048w\" sizes=\"auto, (max-width: 1024px) 100vw, 1024px\" \/><\/p>\n<figure id=\"attachment_31157\" aria-describedby=\"caption-attachment-31157\" style=\"width: 1024px\" class=\"wp-caption alignnone\"><img loading=\"lazy\" decoding=\"async\" class=\"size-medium wp-image-31157\" src=\"https:\/\/www.askja-on-tour.ch\/wp-content\/uploads\/2026\/07\/Salta_4-039-1024x768.jpg\" alt=\"\" width=\"1024\" height=\"768\" srcset=\"https:\/\/www.askja-on-tour.ch\/wp-content\/uploads\/2026\/07\/Salta_4-039-1024x768.jpg 1024w, https:\/\/www.askja-on-tour.ch\/wp-content\/uploads\/2026\/07\/Salta_4-039-1600x1200.jpg 1600w, https:\/\/www.askja-on-tour.ch\/wp-content\/uploads\/2026\/07\/Salta_4-039-768x576.jpg 768w, https:\/\/www.askja-on-tour.ch\/wp-content\/uploads\/2026\/07\/Salta_4-039-1536x1152.jpg 1536w, https:\/\/www.askja-on-tour.ch\/wp-content\/uploads\/2026\/07\/Salta_4-039.jpg 2048w\" sizes=\"auto, (max-width: 1024px) 100vw, 1024px\" \/><figcaption id=\"caption-attachment-31157\" class=\"wp-caption-text\">Sch\u00f6nes Gesch\u00e4ft &#8211; hier haben wir unsere dicken Hoodies gekauft, weil es so rotze kalt war<\/figcaption><\/figure>\n<figure id=\"attachment_31158\" aria-describedby=\"caption-attachment-31158\" style=\"width: 768px\" class=\"wp-caption alignnone\"><img loading=\"lazy\" decoding=\"async\" class=\"size-medium wp-image-31158\" src=\"https:\/\/www.askja-on-tour.ch\/wp-content\/uploads\/2026\/07\/Salta_4-040-768x1024.jpg\" alt=\"\" width=\"768\" height=\"1024\" srcset=\"https:\/\/www.askja-on-tour.ch\/wp-content\/uploads\/2026\/07\/Salta_4-040-768x1024.jpg 768w, https:\/\/www.askja-on-tour.ch\/wp-content\/uploads\/2026\/07\/Salta_4-040-1200x1600.jpg 1200w, https:\/\/www.askja-on-tour.ch\/wp-content\/uploads\/2026\/07\/Salta_4-040-1152x1536.jpg 1152w, https:\/\/www.askja-on-tour.ch\/wp-content\/uploads\/2026\/07\/Salta_4-040.jpg 1536w\" sizes=\"auto, (max-width: 768px) 100vw, 768px\" \/><figcaption id=\"caption-attachment-31158\" class=\"wp-caption-text\">Eindr\u00fccke von Salta<\/figcaption><\/figure>\n<p><img loading=\"lazy\" decoding=\"async\" class=\"alignnone size-medium wp-image-31159\" src=\"https:\/\/www.askja-on-tour.ch\/wp-content\/uploads\/2026\/07\/Salta_4-041-768x1024.jpg\" alt=\"\" width=\"768\" height=\"1024\" srcset=\"https:\/\/www.askja-on-tour.ch\/wp-content\/uploads\/2026\/07\/Salta_4-041-768x1024.jpg 768w, https:\/\/www.askja-on-tour.ch\/wp-content\/uploads\/2026\/07\/Salta_4-041-1200x1600.jpg 1200w, https:\/\/www.askja-on-tour.ch\/wp-content\/uploads\/2026\/07\/Salta_4-041-1152x1536.jpg 1152w, https:\/\/www.askja-on-tour.ch\/wp-content\/uploads\/2026\/07\/Salta_4-041.jpg 1536w\" sizes=\"auto, (max-width: 768px) 100vw, 768px\" \/> <img loading=\"lazy\" decoding=\"async\" class=\"alignnone size-medium wp-image-31163\" src=\"https:\/\/www.askja-on-tour.ch\/wp-content\/uploads\/2026\/07\/Salta_4-045-1024x768.jpg\" alt=\"\" width=\"1024\" height=\"768\" srcset=\"https:\/\/www.askja-on-tour.ch\/wp-content\/uploads\/2026\/07\/Salta_4-045-1024x768.jpg 1024w, https:\/\/www.askja-on-tour.ch\/wp-content\/uploads\/2026\/07\/Salta_4-045-1600x1200.jpg 1600w, https:\/\/www.askja-on-tour.ch\/wp-content\/uploads\/2026\/07\/Salta_4-045-768x576.jpg 768w, https:\/\/www.askja-on-tour.ch\/wp-content\/uploads\/2026\/07\/Salta_4-045-1536x1152.jpg 1536w, https:\/\/www.askja-on-tour.ch\/wp-content\/uploads\/2026\/07\/Salta_4-045.jpg 2048w\" sizes=\"auto, (max-width: 1024px) 100vw, 1024px\" \/><\/p>\n<figure id=\"attachment_31166\" aria-describedby=\"caption-attachment-31166\" style=\"width: 768px\" class=\"wp-caption alignnone\"><img loading=\"lazy\" decoding=\"async\" class=\"size-medium wp-image-31166\" src=\"https:\/\/www.askja-on-tour.ch\/wp-content\/uploads\/2026\/07\/Salta_4-048-768x1024.jpg\" alt=\"\" width=\"768\" height=\"1024\" srcset=\"https:\/\/www.askja-on-tour.ch\/wp-content\/uploads\/2026\/07\/Salta_4-048-768x1024.jpg 768w, https:\/\/www.askja-on-tour.ch\/wp-content\/uploads\/2026\/07\/Salta_4-048-1200x1600.jpg 1200w, https:\/\/www.askja-on-tour.ch\/wp-content\/uploads\/2026\/07\/Salta_4-048-1152x1536.jpg 1152w, https:\/\/www.askja-on-tour.ch\/wp-content\/uploads\/2026\/07\/Salta_4-048.jpg 1536w\" sizes=\"auto, (max-width: 768px) 100vw, 768px\" \/><figcaption id=\"caption-attachment-31166\" class=\"wp-caption-text\">und \u00fcberall gluschtige Orangen-B\u00e4ume<\/figcaption><\/figure>\n<p><img loading=\"lazy\" decoding=\"async\" class=\"alignnone size-medium wp-image-31167\" src=\"https:\/\/www.askja-on-tour.ch\/wp-content\/uploads\/2026\/07\/Salta_4-049-1024x768.jpg\" alt=\"\" width=\"1024\" height=\"768\" srcset=\"https:\/\/www.askja-on-tour.ch\/wp-content\/uploads\/2026\/07\/Salta_4-049-1024x768.jpg 1024w, https:\/\/www.askja-on-tour.ch\/wp-content\/uploads\/2026\/07\/Salta_4-049-1600x1200.jpg 1600w, https:\/\/www.askja-on-tour.ch\/wp-content\/uploads\/2026\/07\/Salta_4-049-768x576.jpg 768w, https:\/\/www.askja-on-tour.ch\/wp-content\/uploads\/2026\/07\/Salta_4-049-1536x1152.jpg 1536w, https:\/\/www.askja-on-tour.ch\/wp-content\/uploads\/2026\/07\/Salta_4-049.jpg 2048w\" sizes=\"auto, (max-width: 1024px) 100vw, 1024px\" \/> <img loading=\"lazy\" decoding=\"async\" class=\"alignnone size-medium wp-image-31168\" src=\"https:\/\/www.askja-on-tour.ch\/wp-content\/uploads\/2026\/07\/Salta_4-050-1024x768.jpg\" alt=\"\" width=\"1024\" height=\"768\" srcset=\"https:\/\/www.askja-on-tour.ch\/wp-content\/uploads\/2026\/07\/Salta_4-050-1024x768.jpg 1024w, https:\/\/www.askja-on-tour.ch\/wp-content\/uploads\/2026\/07\/Salta_4-050-1600x1200.jpg 1600w, https:\/\/www.askja-on-tour.ch\/wp-content\/uploads\/2026\/07\/Salta_4-050-768x576.jpg 768w, https:\/\/www.askja-on-tour.ch\/wp-content\/uploads\/2026\/07\/Salta_4-050-1536x1152.jpg 1536w, https:\/\/www.askja-on-tour.ch\/wp-content\/uploads\/2026\/07\/Salta_4-050.jpg 2048w\" sizes=\"auto, (max-width: 1024px) 100vw, 1024px\" \/> <img loading=\"lazy\" decoding=\"async\" class=\"alignnone size-medium wp-image-31169\" src=\"https:\/\/www.askja-on-tour.ch\/wp-content\/uploads\/2026\/07\/Salta_4-051-1024x768.jpg\" alt=\"\" width=\"1024\" height=\"768\" srcset=\"https:\/\/www.askja-on-tour.ch\/wp-content\/uploads\/2026\/07\/Salta_4-051-1024x768.jpg 1024w, https:\/\/www.askja-on-tour.ch\/wp-content\/uploads\/2026\/07\/Salta_4-051-1600x1200.jpg 1600w, https:\/\/www.askja-on-tour.ch\/wp-content\/uploads\/2026\/07\/Salta_4-051-768x576.jpg 768w, https:\/\/www.askja-on-tour.ch\/wp-content\/uploads\/2026\/07\/Salta_4-051-1536x1152.jpg 1536w, https:\/\/www.askja-on-tour.ch\/wp-content\/uploads\/2026\/07\/Salta_4-051.jpg 2048w\" sizes=\"auto, (max-width: 1024px) 100vw, 1024px\" \/> <img loading=\"lazy\" decoding=\"async\" class=\"alignnone size-medium wp-image-31170\" src=\"https:\/\/www.askja-on-tour.ch\/wp-content\/uploads\/2026\/07\/Salta_4-052-1024x768.jpg\" alt=\"\" width=\"1024\" height=\"768\" srcset=\"https:\/\/www.askja-on-tour.ch\/wp-content\/uploads\/2026\/07\/Salta_4-052-1024x768.jpg 1024w, https:\/\/www.askja-on-tour.ch\/wp-content\/uploads\/2026\/07\/Salta_4-052-1600x1200.jpg 1600w, https:\/\/www.askja-on-tour.ch\/wp-content\/uploads\/2026\/07\/Salta_4-052-768x576.jpg 768w, https:\/\/www.askja-on-tour.ch\/wp-content\/uploads\/2026\/07\/Salta_4-052-1536x1152.jpg 1536w, https:\/\/www.askja-on-tour.ch\/wp-content\/uploads\/2026\/07\/Salta_4-052.jpg 2048w\" sizes=\"auto, (max-width: 1024px) 100vw, 1024px\" \/> <img loading=\"lazy\" decoding=\"async\" class=\"alignnone size-medium wp-image-31171\" src=\"https:\/\/www.askja-on-tour.ch\/wp-content\/uploads\/2026\/07\/Salta_4-053-1024x768.jpg\" alt=\"\" width=\"1024\" height=\"768\" srcset=\"https:\/\/www.askja-on-tour.ch\/wp-content\/uploads\/2026\/07\/Salta_4-053-1024x768.jpg 1024w, https:\/\/www.askja-on-tour.ch\/wp-content\/uploads\/2026\/07\/Salta_4-053-1600x1200.jpg 1600w, https:\/\/www.askja-on-tour.ch\/wp-content\/uploads\/2026\/07\/Salta_4-053-768x576.jpg 768w, https:\/\/www.askja-on-tour.ch\/wp-content\/uploads\/2026\/07\/Salta_4-053-1536x1152.jpg 1536w, https:\/\/www.askja-on-tour.ch\/wp-content\/uploads\/2026\/07\/Salta_4-053.jpg 2048w\" sizes=\"auto, (max-width: 1024px) 100vw, 1024px\" \/><\/p>\n<figure id=\"attachment_31172\" aria-describedby=\"caption-attachment-31172\" style=\"width: 1024px\" class=\"wp-caption alignnone\"><img loading=\"lazy\" decoding=\"async\" class=\"size-medium wp-image-31172\" src=\"https:\/\/www.askja-on-tour.ch\/wp-content\/uploads\/2026\/07\/Salta_4-054-1024x768.jpg\" alt=\"\" width=\"1024\" height=\"768\" srcset=\"https:\/\/www.askja-on-tour.ch\/wp-content\/uploads\/2026\/07\/Salta_4-054-1024x768.jpg 1024w, https:\/\/www.askja-on-tour.ch\/wp-content\/uploads\/2026\/07\/Salta_4-054-1600x1200.jpg 1600w, https:\/\/www.askja-on-tour.ch\/wp-content\/uploads\/2026\/07\/Salta_4-054-768x576.jpg 768w, https:\/\/www.askja-on-tour.ch\/wp-content\/uploads\/2026\/07\/Salta_4-054-1536x1152.jpg 1536w, https:\/\/www.askja-on-tour.ch\/wp-content\/uploads\/2026\/07\/Salta_4-054.jpg 2048w\" sizes=\"auto, (max-width: 1024px) 100vw, 1024px\" \/><figcaption id=\"caption-attachment-31172\" class=\"wp-caption-text\">Unser Ausflug rund um Salta<\/figcaption><\/figure>\n<p><img loading=\"lazy\" decoding=\"async\" class=\"alignnone size-medium wp-image-31173\" src=\"https:\/\/www.askja-on-tour.ch\/wp-content\/uploads\/2026\/07\/Salta_4-055-1024x768.jpg\" alt=\"\" width=\"1024\" height=\"768\" srcset=\"https:\/\/www.askja-on-tour.ch\/wp-content\/uploads\/2026\/07\/Salta_4-055-1024x768.jpg 1024w, https:\/\/www.askja-on-tour.ch\/wp-content\/uploads\/2026\/07\/Salta_4-055-1600x1200.jpg 1600w, https:\/\/www.askja-on-tour.ch\/wp-content\/uploads\/2026\/07\/Salta_4-055-768x576.jpg 768w, https:\/\/www.askja-on-tour.ch\/wp-content\/uploads\/2026\/07\/Salta_4-055-1536x1152.jpg 1536w, https:\/\/www.askja-on-tour.ch\/wp-content\/uploads\/2026\/07\/Salta_4-055.jpg 2048w\" sizes=\"auto, (max-width: 1024px) 100vw, 1024px\" \/> <img loading=\"lazy\" decoding=\"async\" class=\"alignnone size-medium wp-image-31174\" src=\"https:\/\/www.askja-on-tour.ch\/wp-content\/uploads\/2026\/07\/Salta_4-056-1024x768.jpg\" alt=\"\" width=\"1024\" height=\"768\" srcset=\"https:\/\/www.askja-on-tour.ch\/wp-content\/uploads\/2026\/07\/Salta_4-056-1024x768.jpg 1024w, https:\/\/www.askja-on-tour.ch\/wp-content\/uploads\/2026\/07\/Salta_4-056-1600x1200.jpg 1600w, https:\/\/www.askja-on-tour.ch\/wp-content\/uploads\/2026\/07\/Salta_4-056-768x576.jpg 768w, https:\/\/www.askja-on-tour.ch\/wp-content\/uploads\/2026\/07\/Salta_4-056-1536x1152.jpg 1536w, https:\/\/www.askja-on-tour.ch\/wp-content\/uploads\/2026\/07\/Salta_4-056.jpg 2048w\" sizes=\"auto, (max-width: 1024px) 100vw, 1024px\" \/> <img loading=\"lazy\" decoding=\"async\" class=\"alignnone size-medium wp-image-31188\" src=\"https:\/\/www.askja-on-tour.ch\/wp-content\/uploads\/2026\/07\/Salta_5-005-769x1024.jpg\" alt=\"\" width=\"769\" height=\"1024\" srcset=\"https:\/\/www.askja-on-tour.ch\/wp-content\/uploads\/2026\/07\/Salta_5-005-769x1024.jpg 769w, https:\/\/www.askja-on-tour.ch\/wp-content\/uploads\/2026\/07\/Salta_5-005-1201x1600.jpg 1201w, https:\/\/www.askja-on-tour.ch\/wp-content\/uploads\/2026\/07\/Salta_5-005-768x1023.jpg 768w, https:\/\/www.askja-on-tour.ch\/wp-content\/uploads\/2026\/07\/Salta_5-005-1153x1536.jpg 1153w, https:\/\/www.askja-on-tour.ch\/wp-content\/uploads\/2026\/07\/Salta_5-005.jpg 1537w\" sizes=\"auto, (max-width: 769px) 100vw, 769px\" \/> <img loading=\"lazy\" decoding=\"async\" class=\"alignnone size-medium wp-image-31186\" src=\"https:\/\/www.askja-on-tour.ch\/wp-content\/uploads\/2026\/07\/Salta_5-003-1024x769.jpg\" alt=\"\" width=\"1024\" height=\"769\" srcset=\"https:\/\/www.askja-on-tour.ch\/wp-content\/uploads\/2026\/07\/Salta_5-003-1024x769.jpg 1024w, https:\/\/www.askja-on-tour.ch\/wp-content\/uploads\/2026\/07\/Salta_5-003-1600x1201.jpg 1600w, https:\/\/www.askja-on-tour.ch\/wp-content\/uploads\/2026\/07\/Salta_5-003-768x576.jpg 768w, https:\/\/www.askja-on-tour.ch\/wp-content\/uploads\/2026\/07\/Salta_5-003-1536x1153.jpg 1536w, https:\/\/www.askja-on-tour.ch\/wp-content\/uploads\/2026\/07\/Salta_5-003.jpg 2048w\" sizes=\"auto, (max-width: 1024px) 100vw, 1024px\" \/><\/p>\n<p>Und wie schon der Film von Ben Stiller hiess &#8222;Flirting with Disaster \u2013 Ein Unheil kommt selten allein&#8220;, hat sich Claudia auch noch den zweiten unteren Backenzahn ausgebissen resp. entlang der alten F\u00fcllung abgebissen. Aber hier hatte ich Gl\u00fcck im Ungl\u00fcck. Ich hatte umgehend einen Termin bei einem Zahnarzt erhalten, der uns Frank Neumann empfohlen hat. Maximilian hatte den Zahn perfekt geflickt und mir eine Krone eingesetzt. Tadellose Arbeit. Nun ist sie wieder bissig wie vorher (hat Claudia selber geschrieben).<\/p>\n<p>\u00a0<\/p>\n","protected":false},"excerpt":{"rendered":"<p>Auch wenn Salta eine sehr sch\u00f6ne Stadt ist und auch Salta la Linda (die Sch\u00f6ne) genannt wird, wird es doch irgendwann etwas zu viel, weil unser WoMo so gar keine Anstalten macht, von Salta losfahren zu wollen. Nichtsdestotrotz haben wir<\/p>\n","protected":false},"author":3,"featured_media":0,"comment_status":"open","ping_status":"closed","sticky":false,"template":"","format":"standard","meta":{"footnotes":""},"categories":[61,4,50,1],"tags":[],"class_list":["post-31194","post","type-post","status-publish","format-standard","hentry","category-argentinien_2026","category-reiseberichte","category-suedamerika_2024_2026","category-uncategorized"],"_links":{"self":[{"href":"https:\/\/www.askja-on-tour.ch\/index.php?rest_route=\/wp\/v2\/posts\/31194","targetHints":{"allow":["GET"]}}],"collection":[{"href":"https:\/\/www.askja-on-tour.ch\/index.php?rest_route=\/wp\/v2\/posts"}],"about":[{"href":"https:\/\/www.askja-on-tour.ch\/index.php?rest_route=\/wp\/v2\/types\/post"}],"author":[{"embeddable":true,"href":"https:\/\/www.askja-on-tour.ch\/index.php?rest_route=\/wp\/v2\/users\/3"}],"replies":[{"embeddable":true,"href":"https:\/\/www.askja-on-tour.ch\/index.php?rest_route=%2Fwp%2Fv2%2Fcomments&post=31194"}],"version-history":[{"count":6,"href":"https:\/\/www.askja-on-tour.ch\/index.php?rest_route=\/wp\/v2\/posts\/31194\/revisions"}],"predecessor-version":[{"id":31359,"href":"https:\/\/www.askja-on-tour.ch\/index.php?rest_route=\/wp\/v2\/posts\/31194\/revisions\/31359"}],"wp:attachment":[{"href":"https:\/\/www.askja-on-tour.ch\/index.php?rest_route=%2Fwp%2Fv2%2Fmedia&parent=31194"}],"wp:term":[{"taxonomy":"category","embeddable":true,"href":"https:\/\/www.askja-on-tour.ch\/index.php?rest_route=%2Fwp%2Fv2%2Fcategories&post=31194"},{"taxonomy":"post_tag","embeddable":true,"href":"https:\/\/www.askja-on-tour.ch\/index.php?rest_route=%2Fwp%2Fv2%2Ftags&post=31194"}],"curies":[{"name":"wp","href":"https:\/\/api.w.org\/{rel}","templated":true}]}}