{"id":30636,"date":"2026-06-08T01:16:48","date_gmt":"2026-06-08T01:16:48","guid":{"rendered":"https:\/\/www.askja-on-tour.ch\/?p=30636"},"modified":"2026-06-08T01:21:30","modified_gmt":"2026-06-08T01:21:30","slug":"01-06-04-06-2026-die-puna-eine-spektakulaere-landschaft-auf-ueber-3000-meter-ue-m-teil-2","status":"publish","type":"post","link":"https:\/\/www.askja-on-tour.ch\/?p=30636","title":{"rendered":"01.06. &#8211; 04.06.2026: Die Puna \u2013 eine spektakul\u00e4re Landschaft auf \u00fcber 3\u2018000 Meter \u00fc.M.: Teil\u00a0 2"},"content":{"rendered":"\n<p><strong>Highlights: El Cono de Arita, weitere traumhafte Landschaften der Puna, el Tren a las Nuves, San Antonio de los Cobres<\/strong><\/p>\n<p><a href=\"https:\/\/www.google.com\/maps\/d\/edit?mid=1-tuFCJlkTMeRn6u9xGauobBo1c42axk&amp;usp=sharing\" target=\"_blank\" rel=\"noopener\">Karte mit unserer aktuellen Route<\/a><\/p>\n<p>Von Antofagasta de la Sierra sind wir weiter durch die wunderbare Puna gerollt, sind dabei immer wieder auf \u00fcber 4\u2018600 m hohe P\u00e4sse gekommen, verschiedenen Minen entlang gefahren, bis nach Antofalle, wo wir \u00fcbernachtet haben.<\/p>\n<figure id=\"attachment_30639\" aria-describedby=\"caption-attachment-30639\" style=\"width: 1024px\" class=\"wp-caption alignnone\"><img loading=\"lazy\" decoding=\"async\" class=\"size-medium wp-image-30639\" src=\"https:\/\/www.askja-on-tour.ch\/wp-content\/uploads\/2026\/06\/Antonio_de_Los_cobres-001-1024x768.jpg\" alt=\"\" width=\"1024\" height=\"768\" srcset=\"https:\/\/www.askja-on-tour.ch\/wp-content\/uploads\/2026\/06\/Antonio_de_Los_cobres-001-1024x768.jpg 1024w, https:\/\/www.askja-on-tour.ch\/wp-content\/uploads\/2026\/06\/Antonio_de_Los_cobres-001-1600x1200.jpg 1600w, https:\/\/www.askja-on-tour.ch\/wp-content\/uploads\/2026\/06\/Antonio_de_Los_cobres-001-768x576.jpg 768w, https:\/\/www.askja-on-tour.ch\/wp-content\/uploads\/2026\/06\/Antonio_de_Los_cobres-001-1536x1152.jpg 1536w, https:\/\/www.askja-on-tour.ch\/wp-content\/uploads\/2026\/06\/Antonio_de_Los_cobres-001.jpg 2048w\" sizes=\"auto, (max-width: 1024px) 100vw, 1024px\" \/><figcaption id=\"caption-attachment-30639\" class=\"wp-caption-text\">\u00dcberall gibt es kleine H\u00f6fe, oft mit Lamazucht. Lama werden nicht nur f\u00fcr Wolle gehalten, sondern deren Fleisch wird auch gegessen. Es ist sehr mager und schmeckt sehr gut.<\/figcaption><\/figure>\n<p><img loading=\"lazy\" decoding=\"async\" class=\"alignnone size-medium wp-image-30640\" src=\"https:\/\/www.askja-on-tour.ch\/wp-content\/uploads\/2026\/06\/Antonio_de_Los_cobres-002-1024x768.jpg\" alt=\"\" width=\"1024\" height=\"768\" srcset=\"https:\/\/www.askja-on-tour.ch\/wp-content\/uploads\/2026\/06\/Antonio_de_Los_cobres-002-1024x768.jpg 1024w, https:\/\/www.askja-on-tour.ch\/wp-content\/uploads\/2026\/06\/Antonio_de_Los_cobres-002-1600x1200.jpg 1600w, https:\/\/www.askja-on-tour.ch\/wp-content\/uploads\/2026\/06\/Antonio_de_Los_cobres-002-768x576.jpg 768w, https:\/\/www.askja-on-tour.ch\/wp-content\/uploads\/2026\/06\/Antonio_de_Los_cobres-002-1536x1152.jpg 1536w, https:\/\/www.askja-on-tour.ch\/wp-content\/uploads\/2026\/06\/Antonio_de_Los_cobres-002.jpg 2048w\" sizes=\"auto, (max-width: 1024px) 100vw, 1024px\" \/><\/p>\n<figure id=\"attachment_30641\" aria-describedby=\"caption-attachment-30641\" style=\"width: 1024px\" class=\"wp-caption alignnone\"><img loading=\"lazy\" decoding=\"async\" class=\"size-medium wp-image-30641\" src=\"https:\/\/www.askja-on-tour.ch\/wp-content\/uploads\/2026\/06\/Antonio_de_Los_cobres-003-1024x453.jpg\" alt=\"\" width=\"1024\" height=\"453\" srcset=\"https:\/\/www.askja-on-tour.ch\/wp-content\/uploads\/2026\/06\/Antonio_de_Los_cobres-003-1024x453.jpg 1024w, https:\/\/www.askja-on-tour.ch\/wp-content\/uploads\/2026\/06\/Antonio_de_Los_cobres-003-1600x707.jpg 1600w, https:\/\/www.askja-on-tour.ch\/wp-content\/uploads\/2026\/06\/Antonio_de_Los_cobres-003-768x339.jpg 768w, https:\/\/www.askja-on-tour.ch\/wp-content\/uploads\/2026\/06\/Antonio_de_Los_cobres-003-1536x679.jpg 1536w, https:\/\/www.askja-on-tour.ch\/wp-content\/uploads\/2026\/06\/Antonio_de_Los_cobres-003.jpg 2048w\" sizes=\"auto, (max-width: 1024px) 100vw, 1024px\" \/><figcaption id=\"caption-attachment-30641\" class=\"wp-caption-text\">Eine von ganz vielen Salars (Salzseen)<\/figcaption><\/figure>\n<p><img loading=\"lazy\" decoding=\"async\" class=\"alignnone size-medium wp-image-30642\" src=\"https:\/\/www.askja-on-tour.ch\/wp-content\/uploads\/2026\/06\/Antonio_de_Los_cobres-004-1024x768.jpg\" alt=\"\" width=\"1024\" height=\"768\" srcset=\"https:\/\/www.askja-on-tour.ch\/wp-content\/uploads\/2026\/06\/Antonio_de_Los_cobres-004-1024x768.jpg 1024w, https:\/\/www.askja-on-tour.ch\/wp-content\/uploads\/2026\/06\/Antonio_de_Los_cobres-004-1600x1200.jpg 1600w, https:\/\/www.askja-on-tour.ch\/wp-content\/uploads\/2026\/06\/Antonio_de_Los_cobres-004-768x576.jpg 768w, https:\/\/www.askja-on-tour.ch\/wp-content\/uploads\/2026\/06\/Antonio_de_Los_cobres-004-1536x1152.jpg 1536w, https:\/\/www.askja-on-tour.ch\/wp-content\/uploads\/2026\/06\/Antonio_de_Los_cobres-004.jpg 2048w\" sizes=\"auto, (max-width: 1024px) 100vw, 1024px\" \/><\/p>\n<figure id=\"attachment_30643\" aria-describedby=\"caption-attachment-30643\" style=\"width: 768px\" class=\"wp-caption alignnone\"><img loading=\"lazy\" decoding=\"async\" class=\"size-medium wp-image-30643\" src=\"https:\/\/www.askja-on-tour.ch\/wp-content\/uploads\/2026\/06\/Antonio_de_Los_cobres-006-768x1024.jpg\" alt=\"\" width=\"768\" height=\"1024\" srcset=\"https:\/\/www.askja-on-tour.ch\/wp-content\/uploads\/2026\/06\/Antonio_de_Los_cobres-006-768x1024.jpg 768w, https:\/\/www.askja-on-tour.ch\/wp-content\/uploads\/2026\/06\/Antonio_de_Los_cobres-006-1200x1600.jpg 1200w, https:\/\/www.askja-on-tour.ch\/wp-content\/uploads\/2026\/06\/Antonio_de_Los_cobres-006-1152x1536.jpg 1152w, https:\/\/www.askja-on-tour.ch\/wp-content\/uploads\/2026\/06\/Antonio_de_Los_cobres-006.jpg 1536w\" sizes=\"auto, (max-width: 768px) 100vw, 768px\" \/><figcaption id=\"caption-attachment-30643\" class=\"wp-caption-text\">Ein kleines Heiligtum auf dem Weg<\/figcaption><\/figure>\n<figure id=\"attachment_30644\" aria-describedby=\"caption-attachment-30644\" style=\"width: 1024px\" class=\"wp-caption alignnone\"><img loading=\"lazy\" decoding=\"async\" class=\"size-medium wp-image-30644\" src=\"https:\/\/www.askja-on-tour.ch\/wp-content\/uploads\/2026\/06\/Antonio_de_Los_cobres-008-1024x768.jpg\" alt=\"\" width=\"1024\" height=\"768\" srcset=\"https:\/\/www.askja-on-tour.ch\/wp-content\/uploads\/2026\/06\/Antonio_de_Los_cobres-008-1024x768.jpg 1024w, https:\/\/www.askja-on-tour.ch\/wp-content\/uploads\/2026\/06\/Antonio_de_Los_cobres-008-1600x1200.jpg 1600w, https:\/\/www.askja-on-tour.ch\/wp-content\/uploads\/2026\/06\/Antonio_de_Los_cobres-008-768x576.jpg 768w, https:\/\/www.askja-on-tour.ch\/wp-content\/uploads\/2026\/06\/Antonio_de_Los_cobres-008-1536x1152.jpg 1536w, https:\/\/www.askja-on-tour.ch\/wp-content\/uploads\/2026\/06\/Antonio_de_Los_cobres-008.jpg 2048w\" sizes=\"auto, (max-width: 1024px) 100vw, 1024px\" \/><figcaption id=\"caption-attachment-30644\" class=\"wp-caption-text\">In der Puna sind wir gut 500 km auf solchen Schotter- und Sandpisten mit oft \u00fcblem Wellblech gefahren.<\/figcaption><\/figure>\n<figure id=\"attachment_30645\" aria-describedby=\"caption-attachment-30645\" style=\"width: 768px\" class=\"wp-caption alignnone\"><img loading=\"lazy\" decoding=\"async\" class=\"size-medium wp-image-30645\" src=\"https:\/\/www.askja-on-tour.ch\/wp-content\/uploads\/2026\/06\/Antonio_de_Los_cobres-009-768x1024.jpg\" alt=\"\" width=\"768\" height=\"1024\" srcset=\"https:\/\/www.askja-on-tour.ch\/wp-content\/uploads\/2026\/06\/Antonio_de_Los_cobres-009-768x1024.jpg 768w, https:\/\/www.askja-on-tour.ch\/wp-content\/uploads\/2026\/06\/Antonio_de_Los_cobres-009-1200x1600.jpg 1200w, https:\/\/www.askja-on-tour.ch\/wp-content\/uploads\/2026\/06\/Antonio_de_Los_cobres-009-1152x1536.jpg 1152w, https:\/\/www.askja-on-tour.ch\/wp-content\/uploads\/2026\/06\/Antonio_de_Los_cobres-009.jpg 1536w\" sizes=\"auto, (max-width: 768px) 100vw, 768px\" \/><figcaption id=\"caption-attachment-30645\" class=\"wp-caption-text\">Die N\u00e4chste sind Eisekalt, wodurch auch das Wasser selbst in den B\u00e4chen gefriert<\/figcaption><\/figure>\n<p><img loading=\"lazy\" decoding=\"async\" class=\"alignnone size-medium wp-image-30646\" src=\"https:\/\/www.askja-on-tour.ch\/wp-content\/uploads\/2026\/06\/Antonio_de_Los_cobres-010-1024x768.jpg\" alt=\"\" width=\"1024\" height=\"768\" srcset=\"https:\/\/www.askja-on-tour.ch\/wp-content\/uploads\/2026\/06\/Antonio_de_Los_cobres-010-1024x768.jpg 1024w, https:\/\/www.askja-on-tour.ch\/wp-content\/uploads\/2026\/06\/Antonio_de_Los_cobres-010-1600x1200.jpg 1600w, https:\/\/www.askja-on-tour.ch\/wp-content\/uploads\/2026\/06\/Antonio_de_Los_cobres-010-768x576.jpg 768w, https:\/\/www.askja-on-tour.ch\/wp-content\/uploads\/2026\/06\/Antonio_de_Los_cobres-010-1536x1152.jpg 1536w, https:\/\/www.askja-on-tour.ch\/wp-content\/uploads\/2026\/06\/Antonio_de_Los_cobres-010.jpg 2048w\" sizes=\"auto, (max-width: 1024px) 100vw, 1024px\" \/><\/p>\n<figure id=\"attachment_30647\" aria-describedby=\"caption-attachment-30647\" style=\"width: 1024px\" class=\"wp-caption alignnone\"><img loading=\"lazy\" decoding=\"async\" class=\"size-medium wp-image-30647\" src=\"https:\/\/www.askja-on-tour.ch\/wp-content\/uploads\/2026\/06\/Antonio_de_Los_cobres-011-1024x768.jpg\" alt=\"\" width=\"1024\" height=\"768\" srcset=\"https:\/\/www.askja-on-tour.ch\/wp-content\/uploads\/2026\/06\/Antonio_de_Los_cobres-011-1024x768.jpg 1024w, https:\/\/www.askja-on-tour.ch\/wp-content\/uploads\/2026\/06\/Antonio_de_Los_cobres-011-1600x1200.jpg 1600w, https:\/\/www.askja-on-tour.ch\/wp-content\/uploads\/2026\/06\/Antonio_de_Los_cobres-011-768x576.jpg 768w, https:\/\/www.askja-on-tour.ch\/wp-content\/uploads\/2026\/06\/Antonio_de_Los_cobres-011-1536x1152.jpg 1536w, https:\/\/www.askja-on-tour.ch\/wp-content\/uploads\/2026\/06\/Antonio_de_Los_cobres-011.jpg 2048w\" sizes=\"auto, (max-width: 1024px) 100vw, 1024px\" \/><figcaption id=\"caption-attachment-30647\" class=\"wp-caption-text\">Die Tiere f\u00fchlen sich auf \u00fcber 3&#8217;000 m wohl<\/figcaption><\/figure>\n<p><img loading=\"lazy\" decoding=\"async\" class=\"alignnone size-medium wp-image-30648\" src=\"https:\/\/www.askja-on-tour.ch\/wp-content\/uploads\/2026\/06\/Antonio_de_Los_cobres-012-1024x768.jpg\" alt=\"\" width=\"1024\" height=\"768\" srcset=\"https:\/\/www.askja-on-tour.ch\/wp-content\/uploads\/2026\/06\/Antonio_de_Los_cobres-012-1024x768.jpg 1024w, https:\/\/www.askja-on-tour.ch\/wp-content\/uploads\/2026\/06\/Antonio_de_Los_cobres-012-1600x1200.jpg 1600w, https:\/\/www.askja-on-tour.ch\/wp-content\/uploads\/2026\/06\/Antonio_de_Los_cobres-012-768x576.jpg 768w, https:\/\/www.askja-on-tour.ch\/wp-content\/uploads\/2026\/06\/Antonio_de_Los_cobres-012-1536x1152.jpg 1536w, https:\/\/www.askja-on-tour.ch\/wp-content\/uploads\/2026\/06\/Antonio_de_Los_cobres-012.jpg 2048w\" sizes=\"auto, (max-width: 1024px) 100vw, 1024px\" \/> <img loading=\"lazy\" decoding=\"async\" class=\"alignnone size-medium wp-image-30649\" src=\"https:\/\/www.askja-on-tour.ch\/wp-content\/uploads\/2026\/06\/Antonio_de_Los_cobres-013-1024x768.jpg\" alt=\"\" width=\"1024\" height=\"768\" srcset=\"https:\/\/www.askja-on-tour.ch\/wp-content\/uploads\/2026\/06\/Antonio_de_Los_cobres-013-1024x768.jpg 1024w, https:\/\/www.askja-on-tour.ch\/wp-content\/uploads\/2026\/06\/Antonio_de_Los_cobres-013-1600x1200.jpg 1600w, https:\/\/www.askja-on-tour.ch\/wp-content\/uploads\/2026\/06\/Antonio_de_Los_cobres-013-768x576.jpg 768w, https:\/\/www.askja-on-tour.ch\/wp-content\/uploads\/2026\/06\/Antonio_de_Los_cobres-013-1536x1152.jpg 1536w, https:\/\/www.askja-on-tour.ch\/wp-content\/uploads\/2026\/06\/Antonio_de_Los_cobres-013.jpg 2048w\" sizes=\"auto, (max-width: 1024px) 100vw, 1024px\" \/> <img loading=\"lazy\" decoding=\"async\" class=\"alignnone size-medium wp-image-30650\" src=\"https:\/\/www.askja-on-tour.ch\/wp-content\/uploads\/2026\/06\/Antonio_de_Los_cobres-014-1024x768.jpg\" alt=\"\" width=\"1024\" height=\"768\" srcset=\"https:\/\/www.askja-on-tour.ch\/wp-content\/uploads\/2026\/06\/Antonio_de_Los_cobres-014-1024x768.jpg 1024w, https:\/\/www.askja-on-tour.ch\/wp-content\/uploads\/2026\/06\/Antonio_de_Los_cobres-014-1600x1200.jpg 1600w, https:\/\/www.askja-on-tour.ch\/wp-content\/uploads\/2026\/06\/Antonio_de_Los_cobres-014-768x576.jpg 768w, https:\/\/www.askja-on-tour.ch\/wp-content\/uploads\/2026\/06\/Antonio_de_Los_cobres-014-1536x1152.jpg 1536w, https:\/\/www.askja-on-tour.ch\/wp-content\/uploads\/2026\/06\/Antonio_de_Los_cobres-014.jpg 2048w\" sizes=\"auto, (max-width: 1024px) 100vw, 1024px\" \/> <img loading=\"lazy\" decoding=\"async\" class=\"alignnone size-medium wp-image-30651\" src=\"https:\/\/www.askja-on-tour.ch\/wp-content\/uploads\/2026\/06\/Antonio_de_Los_cobres-015-1024x768.jpg\" alt=\"\" width=\"1024\" height=\"768\" srcset=\"https:\/\/www.askja-on-tour.ch\/wp-content\/uploads\/2026\/06\/Antonio_de_Los_cobres-015-1024x768.jpg 1024w, https:\/\/www.askja-on-tour.ch\/wp-content\/uploads\/2026\/06\/Antonio_de_Los_cobres-015-1600x1200.jpg 1600w, https:\/\/www.askja-on-tour.ch\/wp-content\/uploads\/2026\/06\/Antonio_de_Los_cobres-015-768x576.jpg 768w, https:\/\/www.askja-on-tour.ch\/wp-content\/uploads\/2026\/06\/Antonio_de_Los_cobres-015-1536x1152.jpg 1536w, https:\/\/www.askja-on-tour.ch\/wp-content\/uploads\/2026\/06\/Antonio_de_Los_cobres-015.jpg 2048w\" sizes=\"auto, (max-width: 1024px) 100vw, 1024px\" \/> <img loading=\"lazy\" decoding=\"async\" class=\"alignnone size-medium wp-image-30652\" src=\"https:\/\/www.askja-on-tour.ch\/wp-content\/uploads\/2026\/06\/Antonio_de_Los_cobres-016-1024x768.jpg\" alt=\"\" width=\"1024\" height=\"768\" srcset=\"https:\/\/www.askja-on-tour.ch\/wp-content\/uploads\/2026\/06\/Antonio_de_Los_cobres-016-1024x768.jpg 1024w, https:\/\/www.askja-on-tour.ch\/wp-content\/uploads\/2026\/06\/Antonio_de_Los_cobres-016-1600x1200.jpg 1600w, https:\/\/www.askja-on-tour.ch\/wp-content\/uploads\/2026\/06\/Antonio_de_Los_cobres-016-768x576.jpg 768w, https:\/\/www.askja-on-tour.ch\/wp-content\/uploads\/2026\/06\/Antonio_de_Los_cobres-016-1536x1152.jpg 1536w, https:\/\/www.askja-on-tour.ch\/wp-content\/uploads\/2026\/06\/Antonio_de_Los_cobres-016.jpg 2048w\" sizes=\"auto, (max-width: 1024px) 100vw, 1024px\" \/><\/p>\n<figure id=\"attachment_30653\" aria-describedby=\"caption-attachment-30653\" style=\"width: 1024px\" class=\"wp-caption alignnone\"><img loading=\"lazy\" decoding=\"async\" class=\"size-medium wp-image-30653\" src=\"https:\/\/www.askja-on-tour.ch\/wp-content\/uploads\/2026\/06\/Antonio_de_Los_cobres-017-1024x768.jpg\" alt=\"\" width=\"1024\" height=\"768\" srcset=\"https:\/\/www.askja-on-tour.ch\/wp-content\/uploads\/2026\/06\/Antonio_de_Los_cobres-017-1024x768.jpg 1024w, https:\/\/www.askja-on-tour.ch\/wp-content\/uploads\/2026\/06\/Antonio_de_Los_cobres-017-1600x1200.jpg 1600w, https:\/\/www.askja-on-tour.ch\/wp-content\/uploads\/2026\/06\/Antonio_de_Los_cobres-017-768x576.jpg 768w, https:\/\/www.askja-on-tour.ch\/wp-content\/uploads\/2026\/06\/Antonio_de_Los_cobres-017-1536x1152.jpg 1536w, https:\/\/www.askja-on-tour.ch\/wp-content\/uploads\/2026\/06\/Antonio_de_Los_cobres-017.jpg 2048w\" sizes=\"auto, (max-width: 1024px) 100vw, 1024px\" \/><figcaption id=\"caption-attachment-30653\" class=\"wp-caption-text\">Auch diese See ist von der kalten Nacht gefroren<\/figcaption><\/figure>\n<p><img loading=\"lazy\" decoding=\"async\" class=\"alignnone size-medium wp-image-30654\" src=\"https:\/\/www.askja-on-tour.ch\/wp-content\/uploads\/2026\/06\/Antonio_de_Los_cobres-018-1024x768.jpg\" alt=\"\" width=\"1024\" height=\"768\" srcset=\"https:\/\/www.askja-on-tour.ch\/wp-content\/uploads\/2026\/06\/Antonio_de_Los_cobres-018-1024x768.jpg 1024w, https:\/\/www.askja-on-tour.ch\/wp-content\/uploads\/2026\/06\/Antonio_de_Los_cobres-018-1600x1200.jpg 1600w, https:\/\/www.askja-on-tour.ch\/wp-content\/uploads\/2026\/06\/Antonio_de_Los_cobres-018-768x576.jpg 768w, https:\/\/www.askja-on-tour.ch\/wp-content\/uploads\/2026\/06\/Antonio_de_Los_cobres-018-1536x1152.jpg 1536w, https:\/\/www.askja-on-tour.ch\/wp-content\/uploads\/2026\/06\/Antonio_de_Los_cobres-018.jpg 2048w\" sizes=\"auto, (max-width: 1024px) 100vw, 1024px\" \/> <img loading=\"lazy\" decoding=\"async\" class=\"alignnone size-medium wp-image-30655\" src=\"https:\/\/www.askja-on-tour.ch\/wp-content\/uploads\/2026\/06\/Antonio_de_Los_cobres-019-1024x768.jpg\" alt=\"\" width=\"1024\" height=\"768\" srcset=\"https:\/\/www.askja-on-tour.ch\/wp-content\/uploads\/2026\/06\/Antonio_de_Los_cobres-019-1024x768.jpg 1024w, https:\/\/www.askja-on-tour.ch\/wp-content\/uploads\/2026\/06\/Antonio_de_Los_cobres-019-1600x1200.jpg 1600w, https:\/\/www.askja-on-tour.ch\/wp-content\/uploads\/2026\/06\/Antonio_de_Los_cobres-019-768x576.jpg 768w, https:\/\/www.askja-on-tour.ch\/wp-content\/uploads\/2026\/06\/Antonio_de_Los_cobres-019-1536x1152.jpg 1536w, https:\/\/www.askja-on-tour.ch\/wp-content\/uploads\/2026\/06\/Antonio_de_Los_cobres-019.jpg 2048w\" sizes=\"auto, (max-width: 1024px) 100vw, 1024px\" \/><\/p>\n<figure id=\"attachment_30656\" aria-describedby=\"caption-attachment-30656\" style=\"width: 1024px\" class=\"wp-caption alignnone\"><img loading=\"lazy\" decoding=\"async\" class=\"size-medium wp-image-30656\" src=\"https:\/\/www.askja-on-tour.ch\/wp-content\/uploads\/2026\/06\/Antonio_de_Los_cobres-020-1024x768.jpg\" alt=\"\" width=\"1024\" height=\"768\" srcset=\"https:\/\/www.askja-on-tour.ch\/wp-content\/uploads\/2026\/06\/Antonio_de_Los_cobres-020-1024x768.jpg 1024w, https:\/\/www.askja-on-tour.ch\/wp-content\/uploads\/2026\/06\/Antonio_de_Los_cobres-020-1600x1200.jpg 1600w, https:\/\/www.askja-on-tour.ch\/wp-content\/uploads\/2026\/06\/Antonio_de_Los_cobres-020-768x576.jpg 768w, https:\/\/www.askja-on-tour.ch\/wp-content\/uploads\/2026\/06\/Antonio_de_Los_cobres-020-1536x1152.jpg 1536w, https:\/\/www.askja-on-tour.ch\/wp-content\/uploads\/2026\/06\/Antonio_de_Los_cobres-020.jpg 2048w\" sizes=\"auto, (max-width: 1024px) 100vw, 1024px\" \/><figcaption id=\"caption-attachment-30656\" class=\"wp-caption-text\">Askja auf der Passh\u00f6he<\/figcaption><\/figure>\n<figure id=\"attachment_30657\" aria-describedby=\"caption-attachment-30657\" style=\"width: 1024px\" class=\"wp-caption alignnone\"><img loading=\"lazy\" decoding=\"async\" class=\"size-medium wp-image-30657\" src=\"https:\/\/www.askja-on-tour.ch\/wp-content\/uploads\/2026\/06\/Antonio_de_Los_cobres-021-1024x768.jpg\" alt=\"\" width=\"1024\" height=\"768\" srcset=\"https:\/\/www.askja-on-tour.ch\/wp-content\/uploads\/2026\/06\/Antonio_de_Los_cobres-021-1024x768.jpg 1024w, https:\/\/www.askja-on-tour.ch\/wp-content\/uploads\/2026\/06\/Antonio_de_Los_cobres-021-1600x1200.jpg 1600w, https:\/\/www.askja-on-tour.ch\/wp-content\/uploads\/2026\/06\/Antonio_de_Los_cobres-021-768x576.jpg 768w, https:\/\/www.askja-on-tour.ch\/wp-content\/uploads\/2026\/06\/Antonio_de_Los_cobres-021-1536x1152.jpg 1536w, https:\/\/www.askja-on-tour.ch\/wp-content\/uploads\/2026\/06\/Antonio_de_Los_cobres-021.jpg 2048w\" sizes=\"auto, (max-width: 1024px) 100vw, 1024px\" \/><figcaption id=\"caption-attachment-30657\" class=\"wp-caption-text\">Und wieder ein Pass von 4&#8217;625 Metern<\/figcaption><\/figure>\n<p><img loading=\"lazy\" decoding=\"async\" class=\"alignnone size-medium wp-image-30659\" src=\"https:\/\/www.askja-on-tour.ch\/wp-content\/uploads\/2026\/06\/Antonio_de_Los_cobres-023-1024x768.jpg\" alt=\"\" width=\"1024\" height=\"768\" srcset=\"https:\/\/www.askja-on-tour.ch\/wp-content\/uploads\/2026\/06\/Antonio_de_Los_cobres-023-1024x768.jpg 1024w, https:\/\/www.askja-on-tour.ch\/wp-content\/uploads\/2026\/06\/Antonio_de_Los_cobres-023-1600x1200.jpg 1600w, https:\/\/www.askja-on-tour.ch\/wp-content\/uploads\/2026\/06\/Antonio_de_Los_cobres-023-768x576.jpg 768w, https:\/\/www.askja-on-tour.ch\/wp-content\/uploads\/2026\/06\/Antonio_de_Los_cobres-023-1536x1152.jpg 1536w, https:\/\/www.askja-on-tour.ch\/wp-content\/uploads\/2026\/06\/Antonio_de_Los_cobres-023.jpg 2048w\" sizes=\"auto, (max-width: 1024px) 100vw, 1024px\" \/> <img loading=\"lazy\" decoding=\"async\" class=\"alignnone size-medium wp-image-30660\" src=\"https:\/\/www.askja-on-tour.ch\/wp-content\/uploads\/2026\/06\/Antonio_de_Los_cobres-024-1024x768.jpg\" alt=\"\" width=\"1024\" height=\"768\" srcset=\"https:\/\/www.askja-on-tour.ch\/wp-content\/uploads\/2026\/06\/Antonio_de_Los_cobres-024-1024x768.jpg 1024w, https:\/\/www.askja-on-tour.ch\/wp-content\/uploads\/2026\/06\/Antonio_de_Los_cobres-024-1600x1200.jpg 1600w, https:\/\/www.askja-on-tour.ch\/wp-content\/uploads\/2026\/06\/Antonio_de_Los_cobres-024-768x576.jpg 768w, https:\/\/www.askja-on-tour.ch\/wp-content\/uploads\/2026\/06\/Antonio_de_Los_cobres-024-1536x1152.jpg 1536w, https:\/\/www.askja-on-tour.ch\/wp-content\/uploads\/2026\/06\/Antonio_de_Los_cobres-024.jpg 2048w\" sizes=\"auto, (max-width: 1024px) 100vw, 1024px\" \/> <img loading=\"lazy\" decoding=\"async\" class=\"alignnone size-medium wp-image-30661\" src=\"https:\/\/www.askja-on-tour.ch\/wp-content\/uploads\/2026\/06\/Antonio_de_Los_cobres-025-1024x768.jpg\" alt=\"\" width=\"1024\" height=\"768\" srcset=\"https:\/\/www.askja-on-tour.ch\/wp-content\/uploads\/2026\/06\/Antonio_de_Los_cobres-025-1024x768.jpg 1024w, https:\/\/www.askja-on-tour.ch\/wp-content\/uploads\/2026\/06\/Antonio_de_Los_cobres-025-1600x1200.jpg 1600w, https:\/\/www.askja-on-tour.ch\/wp-content\/uploads\/2026\/06\/Antonio_de_Los_cobres-025-768x576.jpg 768w, https:\/\/www.askja-on-tour.ch\/wp-content\/uploads\/2026\/06\/Antonio_de_Los_cobres-025-1536x1152.jpg 1536w, https:\/\/www.askja-on-tour.ch\/wp-content\/uploads\/2026\/06\/Antonio_de_Los_cobres-025.jpg 2048w\" sizes=\"auto, (max-width: 1024px) 100vw, 1024px\" \/> <img loading=\"lazy\" decoding=\"async\" class=\"alignnone size-medium wp-image-30663\" src=\"https:\/\/www.askja-on-tour.ch\/wp-content\/uploads\/2026\/06\/Antonio_de_Los_cobres-027-768x1024.jpg\" alt=\"\" width=\"768\" height=\"1024\" srcset=\"https:\/\/www.askja-on-tour.ch\/wp-content\/uploads\/2026\/06\/Antonio_de_Los_cobres-027-768x1024.jpg 768w, https:\/\/www.askja-on-tour.ch\/wp-content\/uploads\/2026\/06\/Antonio_de_Los_cobres-027-1200x1600.jpg 1200w, https:\/\/www.askja-on-tour.ch\/wp-content\/uploads\/2026\/06\/Antonio_de_Los_cobres-027-1152x1536.jpg 1152w, https:\/\/www.askja-on-tour.ch\/wp-content\/uploads\/2026\/06\/Antonio_de_Los_cobres-027.jpg 1536w\" sizes=\"auto, (max-width: 768px) 100vw, 768px\" \/><\/p>\n<figure id=\"attachment_30664\" aria-describedby=\"caption-attachment-30664\" style=\"width: 1024px\" class=\"wp-caption alignnone\"><img loading=\"lazy\" decoding=\"async\" class=\"size-medium wp-image-30664\" src=\"https:\/\/www.askja-on-tour.ch\/wp-content\/uploads\/2026\/06\/Antonio_de_Los_cobres-028-1024x768.jpg\" alt=\"\" width=\"1024\" height=\"768\" srcset=\"https:\/\/www.askja-on-tour.ch\/wp-content\/uploads\/2026\/06\/Antonio_de_Los_cobres-028-1024x768.jpg 1024w, https:\/\/www.askja-on-tour.ch\/wp-content\/uploads\/2026\/06\/Antonio_de_Los_cobres-028-1600x1200.jpg 1600w, https:\/\/www.askja-on-tour.ch\/wp-content\/uploads\/2026\/06\/Antonio_de_Los_cobres-028-768x576.jpg 768w, https:\/\/www.askja-on-tour.ch\/wp-content\/uploads\/2026\/06\/Antonio_de_Los_cobres-028-1536x1152.jpg 1536w, https:\/\/www.askja-on-tour.ch\/wp-content\/uploads\/2026\/06\/Antonio_de_Los_cobres-028.jpg 2048w\" sizes=\"auto, (max-width: 1024px) 100vw, 1024px\" \/><figcaption id=\"caption-attachment-30664\" class=\"wp-caption-text\">Und wieder ein Pass \u00fcber 4&#8217;000 m<\/figcaption><\/figure>\n<figure id=\"attachment_30665\" aria-describedby=\"caption-attachment-30665\" style=\"width: 1024px\" class=\"wp-caption alignnone\"><img loading=\"lazy\" decoding=\"async\" class=\"size-medium wp-image-30665\" src=\"https:\/\/www.askja-on-tour.ch\/wp-content\/uploads\/2026\/06\/Antonio_de_Los_cobres-029-1024x768.jpg\" alt=\"\" width=\"1024\" height=\"768\" srcset=\"https:\/\/www.askja-on-tour.ch\/wp-content\/uploads\/2026\/06\/Antonio_de_Los_cobres-029-1024x768.jpg 1024w, https:\/\/www.askja-on-tour.ch\/wp-content\/uploads\/2026\/06\/Antonio_de_Los_cobres-029-1600x1200.jpg 1600w, https:\/\/www.askja-on-tour.ch\/wp-content\/uploads\/2026\/06\/Antonio_de_Los_cobres-029-768x576.jpg 768w, https:\/\/www.askja-on-tour.ch\/wp-content\/uploads\/2026\/06\/Antonio_de_Los_cobres-029-1536x1152.jpg 1536w, https:\/\/www.askja-on-tour.ch\/wp-content\/uploads\/2026\/06\/Antonio_de_Los_cobres-029.jpg 2048w\" sizes=\"auto, (max-width: 1024px) 100vw, 1024px\" \/><figcaption id=\"caption-attachment-30665\" class=\"wp-caption-text\">Blick auf den Salar von Antofalla<\/figcaption><\/figure>\n<figure id=\"attachment_30666\" aria-describedby=\"caption-attachment-30666\" style=\"width: 1024px\" class=\"wp-caption alignnone\"><img loading=\"lazy\" decoding=\"async\" class=\"size-medium wp-image-30666\" src=\"https:\/\/www.askja-on-tour.ch\/wp-content\/uploads\/2026\/06\/Antonio_de_Los_cobres-030-1024x768.jpg\" alt=\"\" width=\"1024\" height=\"768\" srcset=\"https:\/\/www.askja-on-tour.ch\/wp-content\/uploads\/2026\/06\/Antonio_de_Los_cobres-030-1024x768.jpg 1024w, https:\/\/www.askja-on-tour.ch\/wp-content\/uploads\/2026\/06\/Antonio_de_Los_cobres-030-1600x1200.jpg 1600w, https:\/\/www.askja-on-tour.ch\/wp-content\/uploads\/2026\/06\/Antonio_de_Los_cobres-030-768x576.jpg 768w, https:\/\/www.askja-on-tour.ch\/wp-content\/uploads\/2026\/06\/Antonio_de_Los_cobres-030-1536x1152.jpg 1536w, https:\/\/www.askja-on-tour.ch\/wp-content\/uploads\/2026\/06\/Antonio_de_Los_cobres-030.jpg 2048w\" sizes=\"auto, (max-width: 1024px) 100vw, 1024px\" \/><figcaption id=\"caption-attachment-30666\" class=\"wp-caption-text\">Eine Unangenehme Piste durch ein Lava-Feld mit sehr groben Steinen<\/figcaption><\/figure>\n<figure id=\"attachment_30667\" aria-describedby=\"caption-attachment-30667\" style=\"width: 1024px\" class=\"wp-caption alignnone\"><img loading=\"lazy\" decoding=\"async\" class=\"size-medium wp-image-30667\" src=\"https:\/\/www.askja-on-tour.ch\/wp-content\/uploads\/2026\/06\/Antonio_de_Los_cobres-031-1024x768.jpg\" alt=\"\" width=\"1024\" height=\"768\" srcset=\"https:\/\/www.askja-on-tour.ch\/wp-content\/uploads\/2026\/06\/Antonio_de_Los_cobres-031-1024x768.jpg 1024w, https:\/\/www.askja-on-tour.ch\/wp-content\/uploads\/2026\/06\/Antonio_de_Los_cobres-031-1600x1200.jpg 1600w, https:\/\/www.askja-on-tour.ch\/wp-content\/uploads\/2026\/06\/Antonio_de_Los_cobres-031-768x576.jpg 768w, https:\/\/www.askja-on-tour.ch\/wp-content\/uploads\/2026\/06\/Antonio_de_Los_cobres-031-1536x1152.jpg 1536w, https:\/\/www.askja-on-tour.ch\/wp-content\/uploads\/2026\/06\/Antonio_de_Los_cobres-031.jpg 2048w\" sizes=\"auto, (max-width: 1024px) 100vw, 1024px\" \/><figcaption id=\"caption-attachment-30667\" class=\"wp-caption-text\">Die Strasse f\u00fchrt durch den Salar (Salzw\u00fcste)<\/figcaption><\/figure>\n<p><img loading=\"lazy\" decoding=\"async\" class=\"alignnone size-medium wp-image-30668\" src=\"https:\/\/www.askja-on-tour.ch\/wp-content\/uploads\/2026\/06\/Antonio_de_Los_cobres-032-1024x768.jpg\" alt=\"\" width=\"1024\" height=\"768\" srcset=\"https:\/\/www.askja-on-tour.ch\/wp-content\/uploads\/2026\/06\/Antonio_de_Los_cobres-032-1024x768.jpg 1024w, https:\/\/www.askja-on-tour.ch\/wp-content\/uploads\/2026\/06\/Antonio_de_Los_cobres-032-1600x1200.jpg 1600w, https:\/\/www.askja-on-tour.ch\/wp-content\/uploads\/2026\/06\/Antonio_de_Los_cobres-032-768x576.jpg 768w, https:\/\/www.askja-on-tour.ch\/wp-content\/uploads\/2026\/06\/Antonio_de_Los_cobres-032-1536x1152.jpg 1536w, https:\/\/www.askja-on-tour.ch\/wp-content\/uploads\/2026\/06\/Antonio_de_Los_cobres-032.jpg 2048w\" sizes=\"auto, (max-width: 1024px) 100vw, 1024px\" \/><\/p>\n<figure id=\"attachment_30669\" aria-describedby=\"caption-attachment-30669\" style=\"width: 1024px\" class=\"wp-caption alignnone\"><img loading=\"lazy\" decoding=\"async\" class=\"size-medium wp-image-30669\" src=\"https:\/\/www.askja-on-tour.ch\/wp-content\/uploads\/2026\/06\/Antonio_de_Los_cobres-033-1024x768.jpg\" alt=\"\" width=\"1024\" height=\"768\" srcset=\"https:\/\/www.askja-on-tour.ch\/wp-content\/uploads\/2026\/06\/Antonio_de_Los_cobres-033-1024x768.jpg 1024w, https:\/\/www.askja-on-tour.ch\/wp-content\/uploads\/2026\/06\/Antonio_de_Los_cobres-033-1600x1200.jpg 1600w, https:\/\/www.askja-on-tour.ch\/wp-content\/uploads\/2026\/06\/Antonio_de_Los_cobres-033-768x576.jpg 768w, https:\/\/www.askja-on-tour.ch\/wp-content\/uploads\/2026\/06\/Antonio_de_Los_cobres-033-1536x1152.jpg 1536w, https:\/\/www.askja-on-tour.ch\/wp-content\/uploads\/2026\/06\/Antonio_de_Los_cobres-033.jpg 2048w\" sizes=\"auto, (max-width: 1024px) 100vw, 1024px\" \/><figcaption id=\"caption-attachment-30669\" class=\"wp-caption-text\">Wasserl\u00f6cher (Ojos) im Salzsee<\/figcaption><\/figure>\n<p><img loading=\"lazy\" decoding=\"async\" class=\"alignnone size-medium wp-image-30670\" src=\"https:\/\/www.askja-on-tour.ch\/wp-content\/uploads\/2026\/06\/Antonio_de_Los_cobres-034-1024x245.jpg\" alt=\"\" width=\"1024\" height=\"245\" srcset=\"https:\/\/www.askja-on-tour.ch\/wp-content\/uploads\/2026\/06\/Antonio_de_Los_cobres-034-1024x245.jpg 1024w, https:\/\/www.askja-on-tour.ch\/wp-content\/uploads\/2026\/06\/Antonio_de_Los_cobres-034-1600x382.jpg 1600w, https:\/\/www.askja-on-tour.ch\/wp-content\/uploads\/2026\/06\/Antonio_de_Los_cobres-034-768x183.jpg 768w, https:\/\/www.askja-on-tour.ch\/wp-content\/uploads\/2026\/06\/Antonio_de_Los_cobres-034-1536x367.jpg 1536w, https:\/\/www.askja-on-tour.ch\/wp-content\/uploads\/2026\/06\/Antonio_de_Los_cobres-034.jpg 2048w\" sizes=\"auto, (max-width: 1024px) 100vw, 1024px\" \/> <img loading=\"lazy\" decoding=\"async\" class=\"alignnone size-medium wp-image-30671\" src=\"https:\/\/www.askja-on-tour.ch\/wp-content\/uploads\/2026\/06\/Antonio_de_Los_cobres-035-1024x768.jpg\" alt=\"\" width=\"1024\" height=\"768\" srcset=\"https:\/\/www.askja-on-tour.ch\/wp-content\/uploads\/2026\/06\/Antonio_de_Los_cobres-035-1024x768.jpg 1024w, https:\/\/www.askja-on-tour.ch\/wp-content\/uploads\/2026\/06\/Antonio_de_Los_cobres-035-1600x1200.jpg 1600w, https:\/\/www.askja-on-tour.ch\/wp-content\/uploads\/2026\/06\/Antonio_de_Los_cobres-035-768x576.jpg 768w, https:\/\/www.askja-on-tour.ch\/wp-content\/uploads\/2026\/06\/Antonio_de_Los_cobres-035-1536x1152.jpg 1536w, https:\/\/www.askja-on-tour.ch\/wp-content\/uploads\/2026\/06\/Antonio_de_Los_cobres-035.jpg 2048w\" sizes=\"auto, (max-width: 1024px) 100vw, 1024px\" \/><\/p>\n<figure id=\"attachment_30674\" aria-describedby=\"caption-attachment-30674\" style=\"width: 1024px\" class=\"wp-caption alignnone\"><img loading=\"lazy\" decoding=\"async\" class=\"size-medium wp-image-30674\" src=\"https:\/\/www.askja-on-tour.ch\/wp-content\/uploads\/2026\/06\/Antonio_de_Los_cobres-038-1024x768.jpg\" alt=\"\" width=\"1024\" height=\"768\" srcset=\"https:\/\/www.askja-on-tour.ch\/wp-content\/uploads\/2026\/06\/Antonio_de_Los_cobres-038-1024x768.jpg 1024w, https:\/\/www.askja-on-tour.ch\/wp-content\/uploads\/2026\/06\/Antonio_de_Los_cobres-038-1600x1200.jpg 1600w, https:\/\/www.askja-on-tour.ch\/wp-content\/uploads\/2026\/06\/Antonio_de_Los_cobres-038-768x576.jpg 768w, https:\/\/www.askja-on-tour.ch\/wp-content\/uploads\/2026\/06\/Antonio_de_Los_cobres-038-1536x1152.jpg 1536w, https:\/\/www.askja-on-tour.ch\/wp-content\/uploads\/2026\/06\/Antonio_de_Los_cobres-038.jpg 2048w\" sizes=\"auto, (max-width: 1024px) 100vw, 1024px\" \/><figcaption id=\"caption-attachment-30674\" class=\"wp-caption-text\">Sch\u00f6ne Salzkristalle<\/figcaption><\/figure>\n<p><img loading=\"lazy\" decoding=\"async\" class=\"alignnone size-medium wp-image-30675\" src=\"https:\/\/www.askja-on-tour.ch\/wp-content\/uploads\/2026\/06\/Antonio_de_Los_cobres-039-1024x768.jpg\" alt=\"\" width=\"1024\" height=\"768\" srcset=\"https:\/\/www.askja-on-tour.ch\/wp-content\/uploads\/2026\/06\/Antonio_de_Los_cobres-039-1024x768.jpg 1024w, https:\/\/www.askja-on-tour.ch\/wp-content\/uploads\/2026\/06\/Antonio_de_Los_cobres-039-1600x1200.jpg 1600w, https:\/\/www.askja-on-tour.ch\/wp-content\/uploads\/2026\/06\/Antonio_de_Los_cobres-039-768x576.jpg 768w, https:\/\/www.askja-on-tour.ch\/wp-content\/uploads\/2026\/06\/Antonio_de_Los_cobres-039-1536x1152.jpg 1536w, https:\/\/www.askja-on-tour.ch\/wp-content\/uploads\/2026\/06\/Antonio_de_Los_cobres-039.jpg 2048w\" sizes=\"auto, (max-width: 1024px) 100vw, 1024px\" \/><\/p>\n<figure id=\"attachment_30676\" aria-describedby=\"caption-attachment-30676\" style=\"width: 1024px\" class=\"wp-caption alignnone\"><img loading=\"lazy\" decoding=\"async\" class=\"size-medium wp-image-30676\" src=\"https:\/\/www.askja-on-tour.ch\/wp-content\/uploads\/2026\/06\/Antonio_de_Los_cobres-040-1024x768.jpg\" alt=\"\" width=\"1024\" height=\"768\" srcset=\"https:\/\/www.askja-on-tour.ch\/wp-content\/uploads\/2026\/06\/Antonio_de_Los_cobres-040-1024x768.jpg 1024w, https:\/\/www.askja-on-tour.ch\/wp-content\/uploads\/2026\/06\/Antonio_de_Los_cobres-040-1600x1200.jpg 1600w, https:\/\/www.askja-on-tour.ch\/wp-content\/uploads\/2026\/06\/Antonio_de_Los_cobres-040-768x576.jpg 768w, https:\/\/www.askja-on-tour.ch\/wp-content\/uploads\/2026\/06\/Antonio_de_Los_cobres-040-1536x1152.jpg 1536w, https:\/\/www.askja-on-tour.ch\/wp-content\/uploads\/2026\/06\/Antonio_de_Los_cobres-040.jpg 2048w\" sizes=\"auto, (max-width: 1024px) 100vw, 1024px\" \/><figcaption id=\"caption-attachment-30676\" class=\"wp-caption-text\">Ankunft in Antofalla<\/figcaption><\/figure>\n<figure id=\"attachment_30677\" aria-describedby=\"caption-attachment-30677\" style=\"width: 1024px\" class=\"wp-caption alignnone\"><img loading=\"lazy\" decoding=\"async\" class=\"size-medium wp-image-30677\" src=\"https:\/\/www.askja-on-tour.ch\/wp-content\/uploads\/2026\/06\/Antonio_de_Los_cobres-041-1024x768.jpg\" alt=\"\" width=\"1024\" height=\"768\" srcset=\"https:\/\/www.askja-on-tour.ch\/wp-content\/uploads\/2026\/06\/Antonio_de_Los_cobres-041-1024x768.jpg 1024w, https:\/\/www.askja-on-tour.ch\/wp-content\/uploads\/2026\/06\/Antonio_de_Los_cobres-041-1600x1200.jpg 1600w, https:\/\/www.askja-on-tour.ch\/wp-content\/uploads\/2026\/06\/Antonio_de_Los_cobres-041-768x576.jpg 768w, https:\/\/www.askja-on-tour.ch\/wp-content\/uploads\/2026\/06\/Antonio_de_Los_cobres-041-1536x1152.jpg 1536w, https:\/\/www.askja-on-tour.ch\/wp-content\/uploads\/2026\/06\/Antonio_de_Los_cobres-041.jpg 2048w\" sizes=\"auto, (max-width: 1024px) 100vw, 1024px\" \/><figcaption id=\"caption-attachment-30677\" class=\"wp-caption-text\">Unser Platz f\u00fcr die Nacht vor einem kleinen Restaurant. In diesen indigenen Orten darf man sich nicht einfach irgendwo hinstellen, man muss fragen, wo man stehen darf<\/figcaption><\/figure>\n<p><img loading=\"lazy\" decoding=\"async\" class=\"alignnone size-medium wp-image-30678\" src=\"https:\/\/www.askja-on-tour.ch\/wp-content\/uploads\/2026\/06\/Antonio_de_Los_cobres-042-1024x768.jpg\" alt=\"\" width=\"1024\" height=\"768\" srcset=\"https:\/\/www.askja-on-tour.ch\/wp-content\/uploads\/2026\/06\/Antonio_de_Los_cobres-042-1024x768.jpg 1024w, https:\/\/www.askja-on-tour.ch\/wp-content\/uploads\/2026\/06\/Antonio_de_Los_cobres-042-1600x1200.jpg 1600w, https:\/\/www.askja-on-tour.ch\/wp-content\/uploads\/2026\/06\/Antonio_de_Los_cobres-042-768x576.jpg 768w, https:\/\/www.askja-on-tour.ch\/wp-content\/uploads\/2026\/06\/Antonio_de_Los_cobres-042-1536x1152.jpg 1536w, https:\/\/www.askja-on-tour.ch\/wp-content\/uploads\/2026\/06\/Antonio_de_Los_cobres-042.jpg 2048w\" sizes=\"auto, (max-width: 1024px) 100vw, 1024px\" \/><\/p>\n<figure id=\"attachment_30679\" aria-describedby=\"caption-attachment-30679\" style=\"width: 1024px\" class=\"wp-caption alignnone\"><img loading=\"lazy\" decoding=\"async\" class=\"size-medium wp-image-30679\" src=\"https:\/\/www.askja-on-tour.ch\/wp-content\/uploads\/2026\/06\/Antonio_de_Los_cobres-043-1024x768.jpg\" alt=\"\" width=\"1024\" height=\"768\" srcset=\"https:\/\/www.askja-on-tour.ch\/wp-content\/uploads\/2026\/06\/Antonio_de_Los_cobres-043-1024x768.jpg 1024w, https:\/\/www.askja-on-tour.ch\/wp-content\/uploads\/2026\/06\/Antonio_de_Los_cobres-043-1600x1200.jpg 1600w, https:\/\/www.askja-on-tour.ch\/wp-content\/uploads\/2026\/06\/Antonio_de_Los_cobres-043-768x576.jpg 768w, https:\/\/www.askja-on-tour.ch\/wp-content\/uploads\/2026\/06\/Antonio_de_Los_cobres-043-1536x1152.jpg 1536w, https:\/\/www.askja-on-tour.ch\/wp-content\/uploads\/2026\/06\/Antonio_de_Los_cobres-043.jpg 2048w\" sizes=\"auto, (max-width: 1024px) 100vw, 1024px\" \/><figcaption id=\"caption-attachment-30679\" class=\"wp-caption-text\">Unser Spaziergang durch Antofalla<\/figcaption><\/figure>\n<p><img loading=\"lazy\" decoding=\"async\" class=\"alignnone size-medium wp-image-30680\" src=\"https:\/\/www.askja-on-tour.ch\/wp-content\/uploads\/2026\/06\/Antonio_de_Los_cobres-044-1024x768.jpg\" alt=\"\" width=\"1024\" height=\"768\" srcset=\"https:\/\/www.askja-on-tour.ch\/wp-content\/uploads\/2026\/06\/Antonio_de_Los_cobres-044-1024x768.jpg 1024w, https:\/\/www.askja-on-tour.ch\/wp-content\/uploads\/2026\/06\/Antonio_de_Los_cobres-044-1600x1200.jpg 1600w, https:\/\/www.askja-on-tour.ch\/wp-content\/uploads\/2026\/06\/Antonio_de_Los_cobres-044-768x576.jpg 768w, https:\/\/www.askja-on-tour.ch\/wp-content\/uploads\/2026\/06\/Antonio_de_Los_cobres-044-1536x1152.jpg 1536w, https:\/\/www.askja-on-tour.ch\/wp-content\/uploads\/2026\/06\/Antonio_de_Los_cobres-044.jpg 2048w\" sizes=\"auto, (max-width: 1024px) 100vw, 1024px\" \/><\/p>\n<figure id=\"attachment_30681\" aria-describedby=\"caption-attachment-30681\" style=\"width: 1024px\" class=\"wp-caption alignnone\"><img loading=\"lazy\" decoding=\"async\" class=\"size-medium wp-image-30681\" src=\"https:\/\/www.askja-on-tour.ch\/wp-content\/uploads\/2026\/06\/Antonio_de_Los_cobres-045-1024x768.jpg\" alt=\"\" width=\"1024\" height=\"768\" srcset=\"https:\/\/www.askja-on-tour.ch\/wp-content\/uploads\/2026\/06\/Antonio_de_Los_cobres-045-1024x768.jpg 1024w, https:\/\/www.askja-on-tour.ch\/wp-content\/uploads\/2026\/06\/Antonio_de_Los_cobres-045-1600x1200.jpg 1600w, https:\/\/www.askja-on-tour.ch\/wp-content\/uploads\/2026\/06\/Antonio_de_Los_cobres-045-768x576.jpg 768w, https:\/\/www.askja-on-tour.ch\/wp-content\/uploads\/2026\/06\/Antonio_de_Los_cobres-045-1536x1152.jpg 1536w, https:\/\/www.askja-on-tour.ch\/wp-content\/uploads\/2026\/06\/Antonio_de_Los_cobres-045.jpg 2048w\" sizes=\"auto, (max-width: 1024px) 100vw, 1024px\" \/><figcaption id=\"caption-attachment-30681\" class=\"wp-caption-text\">Die kleine Kapelle von Antofalla<\/figcaption><\/figure>\n<p><img loading=\"lazy\" decoding=\"async\" class=\"alignnone size-medium wp-image-30682\" src=\"https:\/\/www.askja-on-tour.ch\/wp-content\/uploads\/2026\/06\/Antonio_de_Los_cobres-046-1024x768.jpg\" alt=\"\" width=\"1024\" height=\"768\" srcset=\"https:\/\/www.askja-on-tour.ch\/wp-content\/uploads\/2026\/06\/Antonio_de_Los_cobres-046-1024x768.jpg 1024w, https:\/\/www.askja-on-tour.ch\/wp-content\/uploads\/2026\/06\/Antonio_de_Los_cobres-046-1600x1200.jpg 1600w, https:\/\/www.askja-on-tour.ch\/wp-content\/uploads\/2026\/06\/Antonio_de_Los_cobres-046-768x576.jpg 768w, https:\/\/www.askja-on-tour.ch\/wp-content\/uploads\/2026\/06\/Antonio_de_Los_cobres-046-1536x1152.jpg 1536w, https:\/\/www.askja-on-tour.ch\/wp-content\/uploads\/2026\/06\/Antonio_de_Los_cobres-046.jpg 2048w\" sizes=\"auto, (max-width: 1024px) 100vw, 1024px\" \/> <img loading=\"lazy\" decoding=\"async\" class=\"alignnone size-medium wp-image-30683\" src=\"https:\/\/www.askja-on-tour.ch\/wp-content\/uploads\/2026\/06\/Antonio_de_Los_cobres-047-1024x252.jpg\" alt=\"\" width=\"1024\" height=\"252\" srcset=\"https:\/\/www.askja-on-tour.ch\/wp-content\/uploads\/2026\/06\/Antonio_de_Los_cobres-047-1024x252.jpg 1024w, https:\/\/www.askja-on-tour.ch\/wp-content\/uploads\/2026\/06\/Antonio_de_Los_cobres-047-1600x393.jpg 1600w, https:\/\/www.askja-on-tour.ch\/wp-content\/uploads\/2026\/06\/Antonio_de_Los_cobres-047-768x189.jpg 768w, https:\/\/www.askja-on-tour.ch\/wp-content\/uploads\/2026\/06\/Antonio_de_Los_cobres-047-1536x377.jpg 1536w, https:\/\/www.askja-on-tour.ch\/wp-content\/uploads\/2026\/06\/Antonio_de_Los_cobres-047.jpg 2048w\" sizes=\"auto, (max-width: 1024px) 100vw, 1024px\" \/> <img loading=\"lazy\" decoding=\"async\" class=\"alignnone size-medium wp-image-30684\" src=\"https:\/\/www.askja-on-tour.ch\/wp-content\/uploads\/2026\/06\/Antonio_de_Los_cobres-048-1024x768.jpg\" alt=\"\" width=\"1024\" height=\"768\" srcset=\"https:\/\/www.askja-on-tour.ch\/wp-content\/uploads\/2026\/06\/Antonio_de_Los_cobres-048-1024x768.jpg 1024w, https:\/\/www.askja-on-tour.ch\/wp-content\/uploads\/2026\/06\/Antonio_de_Los_cobres-048-1600x1200.jpg 1600w, https:\/\/www.askja-on-tour.ch\/wp-content\/uploads\/2026\/06\/Antonio_de_Los_cobres-048-768x576.jpg 768w, https:\/\/www.askja-on-tour.ch\/wp-content\/uploads\/2026\/06\/Antonio_de_Los_cobres-048-1536x1152.jpg 1536w, https:\/\/www.askja-on-tour.ch\/wp-content\/uploads\/2026\/06\/Antonio_de_Los_cobres-048.jpg 2048w\" sizes=\"auto, (max-width: 1024px) 100vw, 1024px\" \/><\/p>\n<figure id=\"attachment_30688\" aria-describedby=\"caption-attachment-30688\" style=\"width: 1024px\" class=\"wp-caption alignnone\"><img loading=\"lazy\" decoding=\"async\" class=\"size-medium wp-image-30688\" src=\"https:\/\/www.askja-on-tour.ch\/wp-content\/uploads\/2026\/06\/Antonio_de_Los_cobres-052-1024x768.jpg\" alt=\"\" width=\"1024\" height=\"768\" srcset=\"https:\/\/www.askja-on-tour.ch\/wp-content\/uploads\/2026\/06\/Antonio_de_Los_cobres-052-1024x768.jpg 1024w, https:\/\/www.askja-on-tour.ch\/wp-content\/uploads\/2026\/06\/Antonio_de_Los_cobres-052-1600x1200.jpg 1600w, https:\/\/www.askja-on-tour.ch\/wp-content\/uploads\/2026\/06\/Antonio_de_Los_cobres-052-768x576.jpg 768w, https:\/\/www.askja-on-tour.ch\/wp-content\/uploads\/2026\/06\/Antonio_de_Los_cobres-052-1536x1152.jpg 1536w, https:\/\/www.askja-on-tour.ch\/wp-content\/uploads\/2026\/06\/Antonio_de_Los_cobres-052.jpg 2048w\" sizes=\"auto, (max-width: 1024px) 100vw, 1024px\" \/><figcaption id=\"caption-attachment-30688\" class=\"wp-caption-text\">Schafe im kargen Nichts<\/figcaption><\/figure>\n<p><img loading=\"lazy\" decoding=\"async\" class=\"alignnone size-medium wp-image-30689\" src=\"https:\/\/www.askja-on-tour.ch\/wp-content\/uploads\/2026\/06\/Antonio_de_Los_cobres-053-1024x768.jpg\" alt=\"\" width=\"1024\" height=\"768\" srcset=\"https:\/\/www.askja-on-tour.ch\/wp-content\/uploads\/2026\/06\/Antonio_de_Los_cobres-053-1024x768.jpg 1024w, https:\/\/www.askja-on-tour.ch\/wp-content\/uploads\/2026\/06\/Antonio_de_Los_cobres-053-1600x1200.jpg 1600w, https:\/\/www.askja-on-tour.ch\/wp-content\/uploads\/2026\/06\/Antonio_de_Los_cobres-053-768x576.jpg 768w, https:\/\/www.askja-on-tour.ch\/wp-content\/uploads\/2026\/06\/Antonio_de_Los_cobres-053-1536x1152.jpg 1536w, https:\/\/www.askja-on-tour.ch\/wp-content\/uploads\/2026\/06\/Antonio_de_Los_cobres-053.jpg 2048w\" sizes=\"auto, (max-width: 1024px) 100vw, 1024px\" \/> <img loading=\"lazy\" decoding=\"async\" class=\"alignnone size-medium wp-image-30690\" src=\"https:\/\/www.askja-on-tour.ch\/wp-content\/uploads\/2026\/06\/Antonio_de_Los_cobres-054-1024x768.jpg\" alt=\"\" width=\"1024\" height=\"768\" srcset=\"https:\/\/www.askja-on-tour.ch\/wp-content\/uploads\/2026\/06\/Antonio_de_Los_cobres-054-1024x768.jpg 1024w, https:\/\/www.askja-on-tour.ch\/wp-content\/uploads\/2026\/06\/Antonio_de_Los_cobres-054-1600x1200.jpg 1600w, https:\/\/www.askja-on-tour.ch\/wp-content\/uploads\/2026\/06\/Antonio_de_Los_cobres-054-768x576.jpg 768w, https:\/\/www.askja-on-tour.ch\/wp-content\/uploads\/2026\/06\/Antonio_de_Los_cobres-054-1536x1152.jpg 1536w, https:\/\/www.askja-on-tour.ch\/wp-content\/uploads\/2026\/06\/Antonio_de_Los_cobres-054.jpg 2048w\" sizes=\"auto, (max-width: 1024px) 100vw, 1024px\" \/><\/p>\n<figure id=\"attachment_30692\" aria-describedby=\"caption-attachment-30692\" style=\"width: 1024px\" class=\"wp-caption alignnone\"><img loading=\"lazy\" decoding=\"async\" class=\"size-medium wp-image-30692\" src=\"https:\/\/www.askja-on-tour.ch\/wp-content\/uploads\/2026\/06\/Antonio_de_Los_cobres-056-1024x768.jpg\" alt=\"\" width=\"1024\" height=\"768\" srcset=\"https:\/\/www.askja-on-tour.ch\/wp-content\/uploads\/2026\/06\/Antonio_de_Los_cobres-056-1024x768.jpg 1024w, https:\/\/www.askja-on-tour.ch\/wp-content\/uploads\/2026\/06\/Antonio_de_Los_cobres-056-1600x1200.jpg 1600w, https:\/\/www.askja-on-tour.ch\/wp-content\/uploads\/2026\/06\/Antonio_de_Los_cobres-056-768x576.jpg 768w, https:\/\/www.askja-on-tour.ch\/wp-content\/uploads\/2026\/06\/Antonio_de_Los_cobres-056-1536x1152.jpg 1536w, https:\/\/www.askja-on-tour.ch\/wp-content\/uploads\/2026\/06\/Antonio_de_Los_cobres-056.jpg 2048w\" sizes=\"auto, (max-width: 1024px) 100vw, 1024px\" \/><figcaption id=\"caption-attachment-30692\" class=\"wp-caption-text\">Dieser Teil der Landschaft wird Campo d&#8217;Oro genannt<\/figcaption><\/figure>\n<figure id=\"attachment_30693\" aria-describedby=\"caption-attachment-30693\" style=\"width: 1024px\" class=\"wp-caption alignnone\"><img loading=\"lazy\" decoding=\"async\" class=\"size-medium wp-image-30693\" src=\"https:\/\/www.askja-on-tour.ch\/wp-content\/uploads\/2026\/06\/Antonio_de_Los_cobres-057-1024x768.jpg\" alt=\"\" width=\"1024\" height=\"768\" srcset=\"https:\/\/www.askja-on-tour.ch\/wp-content\/uploads\/2026\/06\/Antonio_de_Los_cobres-057-1024x768.jpg 1024w, https:\/\/www.askja-on-tour.ch\/wp-content\/uploads\/2026\/06\/Antonio_de_Los_cobres-057-1600x1200.jpg 1600w, https:\/\/www.askja-on-tour.ch\/wp-content\/uploads\/2026\/06\/Antonio_de_Los_cobres-057-768x576.jpg 768w, https:\/\/www.askja-on-tour.ch\/wp-content\/uploads\/2026\/06\/Antonio_de_Los_cobres-057-1536x1152.jpg 1536w, https:\/\/www.askja-on-tour.ch\/wp-content\/uploads\/2026\/06\/Antonio_de_Los_cobres-057.jpg 2048w\" sizes=\"auto, (max-width: 1024px) 100vw, 1024px\" \/><figcaption id=\"caption-attachment-30693\" class=\"wp-caption-text\">Diese B\u00fcschel wirken in der Sonne goldgelb<\/figcaption><\/figure>\n<p><img loading=\"lazy\" decoding=\"async\" class=\"alignnone size-medium wp-image-30694\" src=\"https:\/\/www.askja-on-tour.ch\/wp-content\/uploads\/2026\/06\/Antonio_de_Los_cobres-058-1024x768.jpg\" alt=\"\" width=\"1024\" height=\"768\" srcset=\"https:\/\/www.askja-on-tour.ch\/wp-content\/uploads\/2026\/06\/Antonio_de_Los_cobres-058-1024x768.jpg 1024w, https:\/\/www.askja-on-tour.ch\/wp-content\/uploads\/2026\/06\/Antonio_de_Los_cobres-058-1600x1200.jpg 1600w, https:\/\/www.askja-on-tour.ch\/wp-content\/uploads\/2026\/06\/Antonio_de_Los_cobres-058-768x576.jpg 768w, https:\/\/www.askja-on-tour.ch\/wp-content\/uploads\/2026\/06\/Antonio_de_Los_cobres-058-1536x1152.jpg 1536w, https:\/\/www.askja-on-tour.ch\/wp-content\/uploads\/2026\/06\/Antonio_de_Los_cobres-058.jpg 2048w\" sizes=\"auto, (max-width: 1024px) 100vw, 1024px\" \/> <img loading=\"lazy\" decoding=\"async\" class=\"alignnone size-medium wp-image-30695\" src=\"https:\/\/www.askja-on-tour.ch\/wp-content\/uploads\/2026\/06\/Antonio_de_Los_cobres-059-1024x769.jpg\" alt=\"\" width=\"1024\" height=\"769\" srcset=\"https:\/\/www.askja-on-tour.ch\/wp-content\/uploads\/2026\/06\/Antonio_de_Los_cobres-059-1024x769.jpg 1024w, https:\/\/www.askja-on-tour.ch\/wp-content\/uploads\/2026\/06\/Antonio_de_Los_cobres-059-1600x1201.jpg 1600w, https:\/\/www.askja-on-tour.ch\/wp-content\/uploads\/2026\/06\/Antonio_de_Los_cobres-059-768x576.jpg 768w, https:\/\/www.askja-on-tour.ch\/wp-content\/uploads\/2026\/06\/Antonio_de_Los_cobres-059-1536x1153.jpg 1536w, https:\/\/www.askja-on-tour.ch\/wp-content\/uploads\/2026\/06\/Antonio_de_Los_cobres-059.jpg 2048w\" sizes=\"auto, (max-width: 1024px) 100vw, 1024px\" \/> <img loading=\"lazy\" decoding=\"async\" class=\"alignnone size-medium wp-image-30696\" src=\"https:\/\/www.askja-on-tour.ch\/wp-content\/uploads\/2026\/06\/Antonio_de_Los_cobres-060-1024x769.jpg\" alt=\"\" width=\"1024\" height=\"769\" srcset=\"https:\/\/www.askja-on-tour.ch\/wp-content\/uploads\/2026\/06\/Antonio_de_Los_cobres-060-1024x769.jpg 1024w, https:\/\/www.askja-on-tour.ch\/wp-content\/uploads\/2026\/06\/Antonio_de_Los_cobres-060-1600x1201.jpg 1600w, https:\/\/www.askja-on-tour.ch\/wp-content\/uploads\/2026\/06\/Antonio_de_Los_cobres-060-768x576.jpg 768w, https:\/\/www.askja-on-tour.ch\/wp-content\/uploads\/2026\/06\/Antonio_de_Los_cobres-060-1536x1153.jpg 1536w, https:\/\/www.askja-on-tour.ch\/wp-content\/uploads\/2026\/06\/Antonio_de_Los_cobres-060.jpg 2048w\" sizes=\"auto, (max-width: 1024px) 100vw, 1024px\" \/><\/p>\n<figure id=\"attachment_30697\" aria-describedby=\"caption-attachment-30697\" style=\"width: 1024px\" class=\"wp-caption alignnone\"><img loading=\"lazy\" decoding=\"async\" class=\"size-medium wp-image-30697\" src=\"https:\/\/www.askja-on-tour.ch\/wp-content\/uploads\/2026\/06\/Antonio_de_Los_cobres-061-1024x769.jpg\" alt=\"\" width=\"1024\" height=\"769\" srcset=\"https:\/\/www.askja-on-tour.ch\/wp-content\/uploads\/2026\/06\/Antonio_de_Los_cobres-061-1024x769.jpg 1024w, https:\/\/www.askja-on-tour.ch\/wp-content\/uploads\/2026\/06\/Antonio_de_Los_cobres-061-1600x1201.jpg 1600w, https:\/\/www.askja-on-tour.ch\/wp-content\/uploads\/2026\/06\/Antonio_de_Los_cobres-061-768x576.jpg 768w, https:\/\/www.askja-on-tour.ch\/wp-content\/uploads\/2026\/06\/Antonio_de_Los_cobres-061-1536x1153.jpg 1536w, https:\/\/www.askja-on-tour.ch\/wp-content\/uploads\/2026\/06\/Antonio_de_Los_cobres-061.jpg 2048w\" sizes=\"auto, (max-width: 1024px) 100vw, 1024px\" \/><figcaption id=\"caption-attachment-30697\" class=\"wp-caption-text\">\u00dcberbleibsel einer Mine<\/figcaption><\/figure>\n<p>Wir wollten uns am n\u00e4chsten Tag gen\u00fcgend Zeit nehmen k\u00f6nnen, um \u00fcber den 4\u2018635 m hohen Pass Portezuelo de Calalaste zum Cono de Arita zu gelangen, der mitten in der Salar de Arizaro liegt. Bei der Salar de Arizaro und dem Cono de Arita liegt die Goldmine Lindero, die in der N\u00e4he eine Flugpiste hat. Nebst Gold werden in Argentinien Salz, Lithium, Marmor, Eisen, Kupfer, Silber, Erd\u00f6l und Erdgas abgebaut.<\/p>\n<p>Der Salar de Arizaro ist die gr\u00f6sste Salzw\u00fcste Argentiniens und die sechstgr\u00f6sste der Welt. Die Salar de Arizaro erstreckt sich \u00fcber 1\u2018600 Quadratkilometer, somit ist er knapp gr\u00f6sser als der Kanton Aargau. Die Salzw\u00fcste ist auf der obersten Schicht nicht Weiss auf, sondern grau\/braun.<\/p>\n<p>Aus der Salar de Arizaro ragt der Cono de Arita gut 200 m empor. Es ist ein skurriler, absolut gleichf\u00f6rmiger Kegel, wohl vulkanischen Ursprungs. Der Durchmesser ist ca. 800 Meter und hat einen Umfang von 2,4 Kilometer. Fr\u00fcher konnte der Cono bestiegen werden, heute hat es aber schon ziemlich weit vorher eine Absperrung, um die Kraxeleien zu unterbinden. Der Name \u201ede Arita\u201c stammt aus der indigenen Aymara-Sprache und bedeutet \u201escharf\u201c oder \u201espitz\u201c. Entgegen fr\u00fcheren Theorien, es handle sich um eine von den Inkas geschaffene Pyramide, ist der Cono de Arita geologischen Ursprungs. Gem\u00e4ss Informationen aus dem Internet handelt sich um einen kleinen, unvollst\u00e4ndigen Vulkan (Mikrovulkan), dem die Kraft zur Eruption fehlte, weshalb er nie Lava spuckte. Die Struktur besteht aus Sedimentgestein und Salz, die durch Erosion in diese markante Form gebracht wurde. Direkt am Cono de Arita haben wir eine ruhige Nacht verbracht. Wir hatten gen\u00fcgend Zeit, zu fotografieren und die Drohne einzusetzen.<\/p>\n<figure id=\"attachment_30698\" aria-describedby=\"caption-attachment-30698\" style=\"width: 1024px\" class=\"wp-caption alignnone\"><img loading=\"lazy\" decoding=\"async\" class=\"size-medium wp-image-30698\" src=\"https:\/\/www.askja-on-tour.ch\/wp-content\/uploads\/2026\/06\/Antonio_de_Los_cobres-062-1024x768.jpg\" alt=\"\" width=\"1024\" height=\"768\" srcset=\"https:\/\/www.askja-on-tour.ch\/wp-content\/uploads\/2026\/06\/Antonio_de_Los_cobres-062-1024x768.jpg 1024w, https:\/\/www.askja-on-tour.ch\/wp-content\/uploads\/2026\/06\/Antonio_de_Los_cobres-062-1600x1200.jpg 1600w, https:\/\/www.askja-on-tour.ch\/wp-content\/uploads\/2026\/06\/Antonio_de_Los_cobres-062-768x576.jpg 768w, https:\/\/www.askja-on-tour.ch\/wp-content\/uploads\/2026\/06\/Antonio_de_Los_cobres-062-1536x1152.jpg 1536w, https:\/\/www.askja-on-tour.ch\/wp-content\/uploads\/2026\/06\/Antonio_de_Los_cobres-062.jpg 2048w\" sizes=\"auto, (max-width: 1024px) 100vw, 1024px\" \/><figcaption id=\"caption-attachment-30698\" class=\"wp-caption-text\">Und hier ist er &#8211; der Cono de Arita<\/figcaption><\/figure>\n<figure id=\"attachment_30699\" aria-describedby=\"caption-attachment-30699\" style=\"width: 1024px\" class=\"wp-caption alignnone\"><img loading=\"lazy\" decoding=\"async\" class=\"size-medium wp-image-30699\" src=\"https:\/\/www.askja-on-tour.ch\/wp-content\/uploads\/2026\/06\/Antonio_de_Los_cobres-063-1024x768.jpg\" alt=\"\" width=\"1024\" height=\"768\" srcset=\"https:\/\/www.askja-on-tour.ch\/wp-content\/uploads\/2026\/06\/Antonio_de_Los_cobres-063-1024x768.jpg 1024w, https:\/\/www.askja-on-tour.ch\/wp-content\/uploads\/2026\/06\/Antonio_de_Los_cobres-063-1600x1200.jpg 1600w, https:\/\/www.askja-on-tour.ch\/wp-content\/uploads\/2026\/06\/Antonio_de_Los_cobres-063-768x576.jpg 768w, https:\/\/www.askja-on-tour.ch\/wp-content\/uploads\/2026\/06\/Antonio_de_Los_cobres-063-1536x1152.jpg 1536w, https:\/\/www.askja-on-tour.ch\/wp-content\/uploads\/2026\/06\/Antonio_de_Los_cobres-063.jpg 2048w\" sizes=\"auto, (max-width: 1024px) 100vw, 1024px\" \/><figcaption id=\"caption-attachment-30699\" class=\"wp-caption-text\">Der Salar de Arizaro, aus welchem der Cono do Arita ragt, ist auf der Oberfl\u00e4che grau\/braun<\/figcaption><\/figure>\n<figure id=\"attachment_30700\" aria-describedby=\"caption-attachment-30700\" style=\"width: 1024px\" class=\"wp-caption alignnone\"><img loading=\"lazy\" decoding=\"async\" class=\"size-medium wp-image-30700\" src=\"https:\/\/www.askja-on-tour.ch\/wp-content\/uploads\/2026\/06\/Antonio_de_Los_cobres-064-1024x768.jpg\" alt=\"\" width=\"1024\" height=\"768\" srcset=\"https:\/\/www.askja-on-tour.ch\/wp-content\/uploads\/2026\/06\/Antonio_de_Los_cobres-064-1024x768.jpg 1024w, https:\/\/www.askja-on-tour.ch\/wp-content\/uploads\/2026\/06\/Antonio_de_Los_cobres-064-1600x1200.jpg 1600w, https:\/\/www.askja-on-tour.ch\/wp-content\/uploads\/2026\/06\/Antonio_de_Los_cobres-064-768x576.jpg 768w, https:\/\/www.askja-on-tour.ch\/wp-content\/uploads\/2026\/06\/Antonio_de_Los_cobres-064-1536x1152.jpg 1536w, https:\/\/www.askja-on-tour.ch\/wp-content\/uploads\/2026\/06\/Antonio_de_Los_cobres-064.jpg 2048w\" sizes=\"auto, (max-width: 1024px) 100vw, 1024px\" \/><figcaption id=\"caption-attachment-30700\" class=\"wp-caption-text\">Unser Platz f\u00fcr die Nacht &#8211; mit Blick auf den Cono<\/figcaption><\/figure>\n<figure id=\"attachment_30701\" aria-describedby=\"caption-attachment-30701\" style=\"width: 1024px\" class=\"wp-caption alignnone\"><img loading=\"lazy\" decoding=\"async\" class=\"size-medium wp-image-30701\" src=\"https:\/\/www.askja-on-tour.ch\/wp-content\/uploads\/2026\/06\/Antonio_de_Los_cobres-065-1024x769.jpg\" alt=\"\" width=\"1024\" height=\"769\" srcset=\"https:\/\/www.askja-on-tour.ch\/wp-content\/uploads\/2026\/06\/Antonio_de_Los_cobres-065-1024x769.jpg 1024w, https:\/\/www.askja-on-tour.ch\/wp-content\/uploads\/2026\/06\/Antonio_de_Los_cobres-065-1600x1201.jpg 1600w, https:\/\/www.askja-on-tour.ch\/wp-content\/uploads\/2026\/06\/Antonio_de_Los_cobres-065-768x576.jpg 768w, https:\/\/www.askja-on-tour.ch\/wp-content\/uploads\/2026\/06\/Antonio_de_Los_cobres-065-1536x1153.jpg 1536w, https:\/\/www.askja-on-tour.ch\/wp-content\/uploads\/2026\/06\/Antonio_de_Los_cobres-065.jpg 2048w\" sizes=\"auto, (max-width: 1024px) 100vw, 1024px\" \/><figcaption id=\"caption-attachment-30701\" class=\"wp-caption-text\">Aufnahme mit und ohne Drohne &#8211; am Abend und am Morgen<\/figcaption><\/figure>\n<figure id=\"attachment_30702\" aria-describedby=\"caption-attachment-30702\" style=\"width: 1024px\" class=\"wp-caption alignnone\"><img loading=\"lazy\" decoding=\"async\" class=\"size-medium wp-image-30702\" src=\"https:\/\/www.askja-on-tour.ch\/wp-content\/uploads\/2026\/06\/Antonio_de_Los_cobres-066-1024x576.jpg\" alt=\"\" width=\"1024\" height=\"576\" srcset=\"https:\/\/www.askja-on-tour.ch\/wp-content\/uploads\/2026\/06\/Antonio_de_Los_cobres-066-1024x576.jpg 1024w, https:\/\/www.askja-on-tour.ch\/wp-content\/uploads\/2026\/06\/Antonio_de_Los_cobres-066-1600x900.jpg 1600w, https:\/\/www.askja-on-tour.ch\/wp-content\/uploads\/2026\/06\/Antonio_de_Los_cobres-066-768x432.jpg 768w, https:\/\/www.askja-on-tour.ch\/wp-content\/uploads\/2026\/06\/Antonio_de_Los_cobres-066-1536x864.jpg 1536w, https:\/\/www.askja-on-tour.ch\/wp-content\/uploads\/2026\/06\/Antonio_de_Los_cobres-066.jpg 2048w\" sizes=\"auto, (max-width: 1024px) 100vw, 1024px\" \/><figcaption id=\"caption-attachment-30702\" class=\"wp-caption-text\">Abendsonne\u00a0<\/figcaption><\/figure>\n<p><img loading=\"lazy\" decoding=\"async\" class=\"alignnone size-medium wp-image-30703\" src=\"https:\/\/www.askja-on-tour.ch\/wp-content\/uploads\/2026\/06\/Antonio_de_Los_cobres-067-1024x768.jpg\" alt=\"\" width=\"1024\" height=\"768\" srcset=\"https:\/\/www.askja-on-tour.ch\/wp-content\/uploads\/2026\/06\/Antonio_de_Los_cobres-067-1024x768.jpg 1024w, https:\/\/www.askja-on-tour.ch\/wp-content\/uploads\/2026\/06\/Antonio_de_Los_cobres-067-1600x1200.jpg 1600w, https:\/\/www.askja-on-tour.ch\/wp-content\/uploads\/2026\/06\/Antonio_de_Los_cobres-067-768x576.jpg 768w, https:\/\/www.askja-on-tour.ch\/wp-content\/uploads\/2026\/06\/Antonio_de_Los_cobres-067-1536x1152.jpg 1536w, https:\/\/www.askja-on-tour.ch\/wp-content\/uploads\/2026\/06\/Antonio_de_Los_cobres-067.jpg 2048w\" sizes=\"auto, (max-width: 1024px) 100vw, 1024px\" \/> <img loading=\"lazy\" decoding=\"async\" class=\"alignnone size-medium wp-image-30704\" src=\"https:\/\/www.askja-on-tour.ch\/wp-content\/uploads\/2026\/06\/Antonio_de_Los_cobres-068-1024x305.jpg\" alt=\"\" width=\"1024\" height=\"305\" srcset=\"https:\/\/www.askja-on-tour.ch\/wp-content\/uploads\/2026\/06\/Antonio_de_Los_cobres-068-1024x305.jpg 1024w, https:\/\/www.askja-on-tour.ch\/wp-content\/uploads\/2026\/06\/Antonio_de_Los_cobres-068-1600x477.jpg 1600w, https:\/\/www.askja-on-tour.ch\/wp-content\/uploads\/2026\/06\/Antonio_de_Los_cobres-068-768x229.jpg 768w, https:\/\/www.askja-on-tour.ch\/wp-content\/uploads\/2026\/06\/Antonio_de_Los_cobres-068-1536x458.jpg 1536w, https:\/\/www.askja-on-tour.ch\/wp-content\/uploads\/2026\/06\/Antonio_de_Los_cobres-068.jpg 2048w\" sizes=\"auto, (max-width: 1024px) 100vw, 1024px\" \/><\/p>\n<figure id=\"attachment_30705\" aria-describedby=\"caption-attachment-30705\" style=\"width: 1024px\" class=\"wp-caption alignnone\"><img loading=\"lazy\" decoding=\"async\" class=\"size-medium wp-image-30705\" src=\"https:\/\/www.askja-on-tour.ch\/wp-content\/uploads\/2026\/06\/Antonio_de_Los_cobres-069-1024x768.jpg\" alt=\"\" width=\"1024\" height=\"768\" srcset=\"https:\/\/www.askja-on-tour.ch\/wp-content\/uploads\/2026\/06\/Antonio_de_Los_cobres-069-1024x768.jpg 1024w, https:\/\/www.askja-on-tour.ch\/wp-content\/uploads\/2026\/06\/Antonio_de_Los_cobres-069-1600x1200.jpg 1600w, https:\/\/www.askja-on-tour.ch\/wp-content\/uploads\/2026\/06\/Antonio_de_Los_cobres-069-768x576.jpg 768w, https:\/\/www.askja-on-tour.ch\/wp-content\/uploads\/2026\/06\/Antonio_de_Los_cobres-069-1536x1152.jpg 1536w, https:\/\/www.askja-on-tour.ch\/wp-content\/uploads\/2026\/06\/Antonio_de_Los_cobres-069.jpg 2048w\" sizes=\"auto, (max-width: 1024px) 100vw, 1024px\" \/><figcaption id=\"caption-attachment-30705\" class=\"wp-caption-text\">Der Drohnenpilot<\/figcaption><\/figure>\n<p><img loading=\"lazy\" decoding=\"async\" class=\"alignnone size-medium wp-image-30706\" src=\"https:\/\/www.askja-on-tour.ch\/wp-content\/uploads\/2026\/06\/Antonio_de_Los_cobres-070-1024x768.jpg\" alt=\"\" width=\"1024\" height=\"768\" srcset=\"https:\/\/www.askja-on-tour.ch\/wp-content\/uploads\/2026\/06\/Antonio_de_Los_cobres-070-1024x768.jpg 1024w, https:\/\/www.askja-on-tour.ch\/wp-content\/uploads\/2026\/06\/Antonio_de_Los_cobres-070-1600x1200.jpg 1600w, https:\/\/www.askja-on-tour.ch\/wp-content\/uploads\/2026\/06\/Antonio_de_Los_cobres-070-768x576.jpg 768w, https:\/\/www.askja-on-tour.ch\/wp-content\/uploads\/2026\/06\/Antonio_de_Los_cobres-070-1536x1152.jpg 1536w, https:\/\/www.askja-on-tour.ch\/wp-content\/uploads\/2026\/06\/Antonio_de_Los_cobres-070.jpg 2048w\" sizes=\"auto, (max-width: 1024px) 100vw, 1024px\" \/><\/p>\n<figure id=\"attachment_30707\" aria-describedby=\"caption-attachment-30707\" style=\"width: 1024px\" class=\"wp-caption alignnone\"><img loading=\"lazy\" decoding=\"async\" class=\"size-medium wp-image-30707\" src=\"https:\/\/www.askja-on-tour.ch\/wp-content\/uploads\/2026\/06\/Antonio_de_Los_cobres-071-1024x576.jpg\" alt=\"\" width=\"1024\" height=\"576\" srcset=\"https:\/\/www.askja-on-tour.ch\/wp-content\/uploads\/2026\/06\/Antonio_de_Los_cobres-071-1024x576.jpg 1024w, https:\/\/www.askja-on-tour.ch\/wp-content\/uploads\/2026\/06\/Antonio_de_Los_cobres-071-1600x900.jpg 1600w, https:\/\/www.askja-on-tour.ch\/wp-content\/uploads\/2026\/06\/Antonio_de_Los_cobres-071-768x432.jpg 768w, https:\/\/www.askja-on-tour.ch\/wp-content\/uploads\/2026\/06\/Antonio_de_Los_cobres-071-1536x864.jpg 1536w, https:\/\/www.askja-on-tour.ch\/wp-content\/uploads\/2026\/06\/Antonio_de_Los_cobres-071.jpg 2048w\" sizes=\"auto, (max-width: 1024px) 100vw, 1024px\" \/><figcaption id=\"caption-attachment-30707\" class=\"wp-caption-text\">Die langen Schatten &#8211; mit der Drohne aufgenommen<\/figcaption><\/figure>\n<figure id=\"attachment_30708\" aria-describedby=\"caption-attachment-30708\" style=\"width: 1024px\" class=\"wp-caption alignnone\"><img loading=\"lazy\" decoding=\"async\" class=\"size-medium wp-image-30708\" src=\"https:\/\/www.askja-on-tour.ch\/wp-content\/uploads\/2026\/06\/Antonio_de_Los_cobres-072-1024x768.jpg\" alt=\"\" width=\"1024\" height=\"768\" srcset=\"https:\/\/www.askja-on-tour.ch\/wp-content\/uploads\/2026\/06\/Antonio_de_Los_cobres-072-1024x768.jpg 1024w, https:\/\/www.askja-on-tour.ch\/wp-content\/uploads\/2026\/06\/Antonio_de_Los_cobres-072-1600x1200.jpg 1600w, https:\/\/www.askja-on-tour.ch\/wp-content\/uploads\/2026\/06\/Antonio_de_Los_cobres-072-768x576.jpg 768w, https:\/\/www.askja-on-tour.ch\/wp-content\/uploads\/2026\/06\/Antonio_de_Los_cobres-072-1536x1152.jpg 1536w, https:\/\/www.askja-on-tour.ch\/wp-content\/uploads\/2026\/06\/Antonio_de_Los_cobres-072.jpg 2048w\" sizes=\"auto, (max-width: 1024px) 100vw, 1024px\" \/><figcaption id=\"caption-attachment-30708\" class=\"wp-caption-text\">Und so sieht es aus, wenn die oberste Schicht des Salar de Arizaro abgetragen ist.<\/figcaption><\/figure>\n<figure id=\"attachment_30709\" aria-describedby=\"caption-attachment-30709\" style=\"width: 1024px\" class=\"wp-caption alignnone\"><img loading=\"lazy\" decoding=\"async\" class=\"size-medium wp-image-30709\" src=\"https:\/\/www.askja-on-tour.ch\/wp-content\/uploads\/2026\/06\/Antonio_de_Los_cobres-073-1024x768.jpg\" alt=\"\" width=\"1024\" height=\"768\" srcset=\"https:\/\/www.askja-on-tour.ch\/wp-content\/uploads\/2026\/06\/Antonio_de_Los_cobres-073-1024x768.jpg 1024w, https:\/\/www.askja-on-tour.ch\/wp-content\/uploads\/2026\/06\/Antonio_de_Los_cobres-073-1600x1200.jpg 1600w, https:\/\/www.askja-on-tour.ch\/wp-content\/uploads\/2026\/06\/Antonio_de_Los_cobres-073-768x576.jpg 768w, https:\/\/www.askja-on-tour.ch\/wp-content\/uploads\/2026\/06\/Antonio_de_Los_cobres-073-1536x1152.jpg 1536w, https:\/\/www.askja-on-tour.ch\/wp-content\/uploads\/2026\/06\/Antonio_de_Los_cobres-073.jpg 2048w\" sizes=\"auto, (max-width: 1024px) 100vw, 1024px\" \/><figcaption id=\"caption-attachment-30709\" class=\"wp-caption-text\">Landepiste f\u00fcr Flugzeuge der Goldmine Lindero. Am Morgen fand ein Repatriierungsflug statt<\/figcaption><\/figure>\n<p>Vom Cono sind wir via Tolar Grande gefahren, ein kleiner, ziemlich verschlafener Ort. Von diesen Orten gibt es noch viele. Sie hatten ihre Bl\u00fctenzeit, als die einmal gigantische Bahninfrastruktur noch in Betrieb war und die Ausbeute der Minen sowie Passagiere bef\u00f6rdert wurden.\u00a0<\/p>\n<p><img loading=\"lazy\" decoding=\"async\" class=\"alignnone size-medium wp-image-30710\" src=\"https:\/\/www.askja-on-tour.ch\/wp-content\/uploads\/2026\/06\/Antonio_de_Los_cobres-074-1024x459.jpg\" alt=\"\" width=\"1024\" height=\"459\" srcset=\"https:\/\/www.askja-on-tour.ch\/wp-content\/uploads\/2026\/06\/Antonio_de_Los_cobres-074-1024x459.jpg 1024w, https:\/\/www.askja-on-tour.ch\/wp-content\/uploads\/2026\/06\/Antonio_de_Los_cobres-074-1600x716.jpg 1600w, https:\/\/www.askja-on-tour.ch\/wp-content\/uploads\/2026\/06\/Antonio_de_Los_cobres-074-768x344.jpg 768w, https:\/\/www.askja-on-tour.ch\/wp-content\/uploads\/2026\/06\/Antonio_de_Los_cobres-074-1536x688.jpg 1536w, https:\/\/www.askja-on-tour.ch\/wp-content\/uploads\/2026\/06\/Antonio_de_Los_cobres-074.jpg 2048w\" sizes=\"auto, (max-width: 1024px) 100vw, 1024px\" \/> <img loading=\"lazy\" decoding=\"async\" class=\"alignnone size-medium wp-image-30711\" src=\"https:\/\/www.askja-on-tour.ch\/wp-content\/uploads\/2026\/06\/Antonio_de_Los_cobres-075-1024x768.jpg\" alt=\"\" width=\"1024\" height=\"768\" srcset=\"https:\/\/www.askja-on-tour.ch\/wp-content\/uploads\/2026\/06\/Antonio_de_Los_cobres-075-1024x768.jpg 1024w, https:\/\/www.askja-on-tour.ch\/wp-content\/uploads\/2026\/06\/Antonio_de_Los_cobres-075-1600x1200.jpg 1600w, https:\/\/www.askja-on-tour.ch\/wp-content\/uploads\/2026\/06\/Antonio_de_Los_cobres-075-768x576.jpg 768w, https:\/\/www.askja-on-tour.ch\/wp-content\/uploads\/2026\/06\/Antonio_de_Los_cobres-075-1536x1152.jpg 1536w, https:\/\/www.askja-on-tour.ch\/wp-content\/uploads\/2026\/06\/Antonio_de_Los_cobres-075.jpg 2048w\" sizes=\"auto, (max-width: 1024px) 100vw, 1024px\" \/><\/p>\n<figure id=\"attachment_30712\" aria-describedby=\"caption-attachment-30712\" style=\"width: 1024px\" class=\"wp-caption alignnone\"><img loading=\"lazy\" decoding=\"async\" class=\"size-medium wp-image-30712\" src=\"https:\/\/www.askja-on-tour.ch\/wp-content\/uploads\/2026\/06\/Antonio_de_Los_cobres-076-1024x768.jpg\" alt=\"\" width=\"1024\" height=\"768\" srcset=\"https:\/\/www.askja-on-tour.ch\/wp-content\/uploads\/2026\/06\/Antonio_de_Los_cobres-076-1024x768.jpg 1024w, https:\/\/www.askja-on-tour.ch\/wp-content\/uploads\/2026\/06\/Antonio_de_Los_cobres-076-1600x1200.jpg 1600w, https:\/\/www.askja-on-tour.ch\/wp-content\/uploads\/2026\/06\/Antonio_de_Los_cobres-076-768x576.jpg 768w, https:\/\/www.askja-on-tour.ch\/wp-content\/uploads\/2026\/06\/Antonio_de_Los_cobres-076-1536x1152.jpg 1536w, https:\/\/www.askja-on-tour.ch\/wp-content\/uploads\/2026\/06\/Antonio_de_Los_cobres-076.jpg 2048w\" sizes=\"auto, (max-width: 1024px) 100vw, 1024px\" \/><figcaption id=\"caption-attachment-30712\" class=\"wp-caption-text\">W\u00e4sche muss auch mal gewaschen werden<\/figcaption><\/figure>\n<p><img loading=\"lazy\" decoding=\"async\" class=\"alignnone size-medium wp-image-30713\" src=\"https:\/\/www.askja-on-tour.ch\/wp-content\/uploads\/2026\/06\/Antonio_de_Los_cobres-077-1024x768.jpg\" alt=\"\" width=\"1024\" height=\"768\" srcset=\"https:\/\/www.askja-on-tour.ch\/wp-content\/uploads\/2026\/06\/Antonio_de_Los_cobres-077-1024x768.jpg 1024w, https:\/\/www.askja-on-tour.ch\/wp-content\/uploads\/2026\/06\/Antonio_de_Los_cobres-077-1600x1200.jpg 1600w, https:\/\/www.askja-on-tour.ch\/wp-content\/uploads\/2026\/06\/Antonio_de_Los_cobres-077-768x576.jpg 768w, https:\/\/www.askja-on-tour.ch\/wp-content\/uploads\/2026\/06\/Antonio_de_Los_cobres-077-1536x1152.jpg 1536w, https:\/\/www.askja-on-tour.ch\/wp-content\/uploads\/2026\/06\/Antonio_de_Los_cobres-077.jpg 2048w\" sizes=\"auto, (max-width: 1024px) 100vw, 1024px\" \/> <img loading=\"lazy\" decoding=\"async\" class=\"alignnone size-medium wp-image-30714\" src=\"https:\/\/www.askja-on-tour.ch\/wp-content\/uploads\/2026\/06\/Antonio_de_Los_cobres-078-1024x768.jpg\" alt=\"\" width=\"1024\" height=\"768\" srcset=\"https:\/\/www.askja-on-tour.ch\/wp-content\/uploads\/2026\/06\/Antonio_de_Los_cobres-078-1024x768.jpg 1024w, https:\/\/www.askja-on-tour.ch\/wp-content\/uploads\/2026\/06\/Antonio_de_Los_cobres-078-1600x1200.jpg 1600w, https:\/\/www.askja-on-tour.ch\/wp-content\/uploads\/2026\/06\/Antonio_de_Los_cobres-078-768x576.jpg 768w, https:\/\/www.askja-on-tour.ch\/wp-content\/uploads\/2026\/06\/Antonio_de_Los_cobres-078-1536x1152.jpg 1536w, https:\/\/www.askja-on-tour.ch\/wp-content\/uploads\/2026\/06\/Antonio_de_Los_cobres-078.jpg 2048w\" sizes=\"auto, (max-width: 1024px) 100vw, 1024px\" \/><\/p>\n<p>Weiter ging es durch die Desierto del Diablo. Die W\u00fcste des Teufels ist bekannt f\u00fcr ihre tiefrote Erde und bizarre, riesige Erdpyramiden und Felsformationen (auch Los Colorados genannt). Laut lokalen Legenden soll hier der \u201eHuancar\u201c (der lokale Teufel) hausen.<\/p>\n<p><img loading=\"lazy\" decoding=\"async\" class=\"alignnone size-medium wp-image-30715\" src=\"https:\/\/www.askja-on-tour.ch\/wp-content\/uploads\/2026\/06\/Antonio_de_Los_cobres-079-1024x768.jpg\" alt=\"\" width=\"1024\" height=\"768\" srcset=\"https:\/\/www.askja-on-tour.ch\/wp-content\/uploads\/2026\/06\/Antonio_de_Los_cobres-079-1024x768.jpg 1024w, https:\/\/www.askja-on-tour.ch\/wp-content\/uploads\/2026\/06\/Antonio_de_Los_cobres-079-1600x1200.jpg 1600w, https:\/\/www.askja-on-tour.ch\/wp-content\/uploads\/2026\/06\/Antonio_de_Los_cobres-079-768x576.jpg 768w, https:\/\/www.askja-on-tour.ch\/wp-content\/uploads\/2026\/06\/Antonio_de_Los_cobres-079-1536x1152.jpg 1536w, https:\/\/www.askja-on-tour.ch\/wp-content\/uploads\/2026\/06\/Antonio_de_Los_cobres-079.jpg 2048w\" sizes=\"auto, (max-width: 1024px) 100vw, 1024px\" \/> <img loading=\"lazy\" decoding=\"async\" class=\"alignnone size-medium wp-image-30716\" src=\"https:\/\/www.askja-on-tour.ch\/wp-content\/uploads\/2026\/06\/Antonio_de_Los_cobres-080-1024x768.jpg\" alt=\"\" width=\"1024\" height=\"768\" srcset=\"https:\/\/www.askja-on-tour.ch\/wp-content\/uploads\/2026\/06\/Antonio_de_Los_cobres-080-1024x768.jpg 1024w, https:\/\/www.askja-on-tour.ch\/wp-content\/uploads\/2026\/06\/Antonio_de_Los_cobres-080-1600x1200.jpg 1600w, https:\/\/www.askja-on-tour.ch\/wp-content\/uploads\/2026\/06\/Antonio_de_Los_cobres-080-768x576.jpg 768w, https:\/\/www.askja-on-tour.ch\/wp-content\/uploads\/2026\/06\/Antonio_de_Los_cobres-080-1536x1152.jpg 1536w, https:\/\/www.askja-on-tour.ch\/wp-content\/uploads\/2026\/06\/Antonio_de_Los_cobres-080.jpg 2048w\" sizes=\"auto, (max-width: 1024px) 100vw, 1024px\" \/><\/p>\n<figure id=\"attachment_30717\" aria-describedby=\"caption-attachment-30717\" style=\"width: 1024px\" class=\"wp-caption alignnone\"><img loading=\"lazy\" decoding=\"async\" class=\"size-medium wp-image-30717\" src=\"https:\/\/www.askja-on-tour.ch\/wp-content\/uploads\/2026\/06\/Antonio_de_Los_cobres-081-1024x768.jpg\" alt=\"\" width=\"1024\" height=\"768\" srcset=\"https:\/\/www.askja-on-tour.ch\/wp-content\/uploads\/2026\/06\/Antonio_de_Los_cobres-081-1024x768.jpg 1024w, https:\/\/www.askja-on-tour.ch\/wp-content\/uploads\/2026\/06\/Antonio_de_Los_cobres-081-1600x1200.jpg 1600w, https:\/\/www.askja-on-tour.ch\/wp-content\/uploads\/2026\/06\/Antonio_de_Los_cobres-081-768x576.jpg 768w, https:\/\/www.askja-on-tour.ch\/wp-content\/uploads\/2026\/06\/Antonio_de_Los_cobres-081-1536x1152.jpg 1536w, https:\/\/www.askja-on-tour.ch\/wp-content\/uploads\/2026\/06\/Antonio_de_Los_cobres-081.jpg 2048w\" sizes=\"auto, (max-width: 1024px) 100vw, 1024px\" \/><figcaption id=\"caption-attachment-30717\" class=\"wp-caption-text\">Wunderbar rote Berge<\/figcaption><\/figure>\n<p><img loading=\"lazy\" decoding=\"async\" class=\"alignnone size-medium wp-image-30718\" src=\"https:\/\/www.askja-on-tour.ch\/wp-content\/uploads\/2026\/06\/Antonio_de_Los_cobres-082-1024x768.jpg\" alt=\"\" width=\"1024\" height=\"768\" srcset=\"https:\/\/www.askja-on-tour.ch\/wp-content\/uploads\/2026\/06\/Antonio_de_Los_cobres-082-1024x768.jpg 1024w, https:\/\/www.askja-on-tour.ch\/wp-content\/uploads\/2026\/06\/Antonio_de_Los_cobres-082-1600x1200.jpg 1600w, https:\/\/www.askja-on-tour.ch\/wp-content\/uploads\/2026\/06\/Antonio_de_Los_cobres-082-768x576.jpg 768w, https:\/\/www.askja-on-tour.ch\/wp-content\/uploads\/2026\/06\/Antonio_de_Los_cobres-082-1536x1152.jpg 1536w, https:\/\/www.askja-on-tour.ch\/wp-content\/uploads\/2026\/06\/Antonio_de_Los_cobres-082.jpg 2048w\" sizes=\"auto, (max-width: 1024px) 100vw, 1024px\" \/><\/p>\n<figure id=\"attachment_30719\" aria-describedby=\"caption-attachment-30719\" style=\"width: 1024px\" class=\"wp-caption alignnone\"><img loading=\"lazy\" decoding=\"async\" class=\"size-medium wp-image-30719\" src=\"https:\/\/www.askja-on-tour.ch\/wp-content\/uploads\/2026\/06\/Antonio_de_Los_cobres-083-1024x768.jpg\" alt=\"\" width=\"1024\" height=\"768\" srcset=\"https:\/\/www.askja-on-tour.ch\/wp-content\/uploads\/2026\/06\/Antonio_de_Los_cobres-083-1024x768.jpg 1024w, https:\/\/www.askja-on-tour.ch\/wp-content\/uploads\/2026\/06\/Antonio_de_Los_cobres-083-1600x1200.jpg 1600w, https:\/\/www.askja-on-tour.ch\/wp-content\/uploads\/2026\/06\/Antonio_de_Los_cobres-083-768x576.jpg 768w, https:\/\/www.askja-on-tour.ch\/wp-content\/uploads\/2026\/06\/Antonio_de_Los_cobres-083-1536x1152.jpg 1536w, https:\/\/www.askja-on-tour.ch\/wp-content\/uploads\/2026\/06\/Antonio_de_Los_cobres-083.jpg 2048w\" sizes=\"auto, (max-width: 1024px) 100vw, 1024px\" \/><figcaption id=\"caption-attachment-30719\" class=\"wp-caption-text\">Desierto del Diablo<\/figcaption><\/figure>\n<p><img loading=\"lazy\" decoding=\"async\" class=\"alignnone size-medium wp-image-30720\" src=\"https:\/\/www.askja-on-tour.ch\/wp-content\/uploads\/2026\/06\/Antonio_de_Los_cobres-084-1024x768.jpg\" alt=\"\" width=\"1024\" height=\"768\" srcset=\"https:\/\/www.askja-on-tour.ch\/wp-content\/uploads\/2026\/06\/Antonio_de_Los_cobres-084-1024x768.jpg 1024w, https:\/\/www.askja-on-tour.ch\/wp-content\/uploads\/2026\/06\/Antonio_de_Los_cobres-084-1600x1200.jpg 1600w, https:\/\/www.askja-on-tour.ch\/wp-content\/uploads\/2026\/06\/Antonio_de_Los_cobres-084-768x576.jpg 768w, https:\/\/www.askja-on-tour.ch\/wp-content\/uploads\/2026\/06\/Antonio_de_Los_cobres-084-1536x1152.jpg 1536w, https:\/\/www.askja-on-tour.ch\/wp-content\/uploads\/2026\/06\/Antonio_de_Los_cobres-084.jpg 2048w\" sizes=\"auto, (max-width: 1024px) 100vw, 1024px\" \/> <img loading=\"lazy\" decoding=\"async\" class=\"alignnone size-medium wp-image-30721\" src=\"https:\/\/www.askja-on-tour.ch\/wp-content\/uploads\/2026\/06\/Antonio_de_Los_cobres-085-1024x768.jpg\" alt=\"\" width=\"1024\" height=\"768\" srcset=\"https:\/\/www.askja-on-tour.ch\/wp-content\/uploads\/2026\/06\/Antonio_de_Los_cobres-085-1024x768.jpg 1024w, https:\/\/www.askja-on-tour.ch\/wp-content\/uploads\/2026\/06\/Antonio_de_Los_cobres-085-1600x1200.jpg 1600w, https:\/\/www.askja-on-tour.ch\/wp-content\/uploads\/2026\/06\/Antonio_de_Los_cobres-085-768x576.jpg 768w, https:\/\/www.askja-on-tour.ch\/wp-content\/uploads\/2026\/06\/Antonio_de_Los_cobres-085-1536x1152.jpg 1536w, https:\/\/www.askja-on-tour.ch\/wp-content\/uploads\/2026\/06\/Antonio_de_Los_cobres-085.jpg 2048w\" sizes=\"auto, (max-width: 1024px) 100vw, 1024px\" \/><\/p>\n<p>Unseren Nachtplatz haben wir in Salar de Positos gefunden, wo wir vor dem Restaurant, Planeta Puna \u00fcbernachten durften und auch z\u2019Nacht essen konnten, zusammen mit vielen Minen-Arbeitern und Lastwagen-Chauffeuren.<\/p>\n<p><img loading=\"lazy\" decoding=\"async\" class=\"alignnone size-medium wp-image-30722\" src=\"https:\/\/www.askja-on-tour.ch\/wp-content\/uploads\/2026\/06\/Antonio_de_Los_cobres-086-768x1024.jpg\" alt=\"\" width=\"768\" height=\"1024\" srcset=\"https:\/\/www.askja-on-tour.ch\/wp-content\/uploads\/2026\/06\/Antonio_de_Los_cobres-086-768x1024.jpg 768w, https:\/\/www.askja-on-tour.ch\/wp-content\/uploads\/2026\/06\/Antonio_de_Los_cobres-086-1200x1600.jpg 1200w, https:\/\/www.askja-on-tour.ch\/wp-content\/uploads\/2026\/06\/Antonio_de_Los_cobres-086-1152x1536.jpg 1152w, https:\/\/www.askja-on-tour.ch\/wp-content\/uploads\/2026\/06\/Antonio_de_Los_cobres-086.jpg 1536w\" sizes=\"auto, (max-width: 768px) 100vw, 768px\" \/><\/p>\n<figure id=\"attachment_30723\" aria-describedby=\"caption-attachment-30723\" style=\"width: 1024px\" class=\"wp-caption alignnone\"><img loading=\"lazy\" decoding=\"async\" class=\"size-medium wp-image-30723\" src=\"https:\/\/www.askja-on-tour.ch\/wp-content\/uploads\/2026\/06\/Antonio_de_Los_cobres-087-1024x768.jpg\" alt=\"\" width=\"1024\" height=\"768\" srcset=\"https:\/\/www.askja-on-tour.ch\/wp-content\/uploads\/2026\/06\/Antonio_de_Los_cobres-087-1024x768.jpg 1024w, https:\/\/www.askja-on-tour.ch\/wp-content\/uploads\/2026\/06\/Antonio_de_Los_cobres-087-1600x1200.jpg 1600w, https:\/\/www.askja-on-tour.ch\/wp-content\/uploads\/2026\/06\/Antonio_de_Los_cobres-087-768x576.jpg 768w, https:\/\/www.askja-on-tour.ch\/wp-content\/uploads\/2026\/06\/Antonio_de_Los_cobres-087-1536x1152.jpg 1536w, https:\/\/www.askja-on-tour.ch\/wp-content\/uploads\/2026\/06\/Antonio_de_Los_cobres-087.jpg 2048w\" sizes=\"auto, (max-width: 1024px) 100vw, 1024px\" \/><figcaption id=\"caption-attachment-30723\" class=\"wp-caption-text\">Hier durften wir an der Kantine Planeta Puna stehen<\/figcaption><\/figure>\n<p><img loading=\"lazy\" decoding=\"async\" class=\"alignnone size-medium wp-image-30724\" src=\"https:\/\/www.askja-on-tour.ch\/wp-content\/uploads\/2026\/06\/Antonio_de_Los_cobres-088-1024x768.jpg\" alt=\"\" width=\"1024\" height=\"768\" srcset=\"https:\/\/www.askja-on-tour.ch\/wp-content\/uploads\/2026\/06\/Antonio_de_Los_cobres-088-1024x768.jpg 1024w, https:\/\/www.askja-on-tour.ch\/wp-content\/uploads\/2026\/06\/Antonio_de_Los_cobres-088-1600x1200.jpg 1600w, https:\/\/www.askja-on-tour.ch\/wp-content\/uploads\/2026\/06\/Antonio_de_Los_cobres-088-768x576.jpg 768w, https:\/\/www.askja-on-tour.ch\/wp-content\/uploads\/2026\/06\/Antonio_de_Los_cobres-088-1536x1152.jpg 1536w, https:\/\/www.askja-on-tour.ch\/wp-content\/uploads\/2026\/06\/Antonio_de_Los_cobres-088.jpg 2048w\" sizes=\"auto, (max-width: 1024px) 100vw, 1024px\" \/> <img loading=\"lazy\" decoding=\"async\" class=\"alignnone size-medium wp-image-30725\" src=\"https:\/\/www.askja-on-tour.ch\/wp-content\/uploads\/2026\/06\/Antonio_de_Los_cobres-089-1024x768.jpg\" alt=\"\" width=\"1024\" height=\"768\" srcset=\"https:\/\/www.askja-on-tour.ch\/wp-content\/uploads\/2026\/06\/Antonio_de_Los_cobres-089-1024x768.jpg 1024w, https:\/\/www.askja-on-tour.ch\/wp-content\/uploads\/2026\/06\/Antonio_de_Los_cobres-089-1600x1200.jpg 1600w, https:\/\/www.askja-on-tour.ch\/wp-content\/uploads\/2026\/06\/Antonio_de_Los_cobres-089-768x576.jpg 768w, https:\/\/www.askja-on-tour.ch\/wp-content\/uploads\/2026\/06\/Antonio_de_Los_cobres-089-1536x1152.jpg 1536w, https:\/\/www.askja-on-tour.ch\/wp-content\/uploads\/2026\/06\/Antonio_de_Los_cobres-089.jpg 2048w\" sizes=\"auto, (max-width: 1024px) 100vw, 1024px\" \/> <img loading=\"lazy\" decoding=\"async\" class=\"alignnone size-medium wp-image-30726\" src=\"https:\/\/www.askja-on-tour.ch\/wp-content\/uploads\/2026\/06\/Antonio_de_Los_cobres-090-1024x768.jpg\" alt=\"\" width=\"1024\" height=\"768\" srcset=\"https:\/\/www.askja-on-tour.ch\/wp-content\/uploads\/2026\/06\/Antonio_de_Los_cobres-090-1024x768.jpg 1024w, https:\/\/www.askja-on-tour.ch\/wp-content\/uploads\/2026\/06\/Antonio_de_Los_cobres-090-1600x1200.jpg 1600w, https:\/\/www.askja-on-tour.ch\/wp-content\/uploads\/2026\/06\/Antonio_de_Los_cobres-090-768x576.jpg 768w, https:\/\/www.askja-on-tour.ch\/wp-content\/uploads\/2026\/06\/Antonio_de_Los_cobres-090-1536x1152.jpg 1536w, https:\/\/www.askja-on-tour.ch\/wp-content\/uploads\/2026\/06\/Antonio_de_Los_cobres-090.jpg 2048w\" sizes=\"auto, (max-width: 1024px) 100vw, 1024px\" \/><\/p>\n<p>Der n\u00e4chste Tag war wieder ein l\u00e4ngerer Fahrtag, der uns nach San Antonio de los Cobres f\u00fchrte, das auf gut 3\u2018770 m \u00fc.M. liegt.\u00a0<\/p>\n<p><img loading=\"lazy\" decoding=\"async\" class=\"alignnone size-medium wp-image-30727\" src=\"https:\/\/www.askja-on-tour.ch\/wp-content\/uploads\/2026\/06\/Antonio_de_Los_cobres-091-1024x768.jpg\" alt=\"\" width=\"1024\" height=\"768\" srcset=\"https:\/\/www.askja-on-tour.ch\/wp-content\/uploads\/2026\/06\/Antonio_de_Los_cobres-091-1024x768.jpg 1024w, https:\/\/www.askja-on-tour.ch\/wp-content\/uploads\/2026\/06\/Antonio_de_Los_cobres-091-1600x1200.jpg 1600w, https:\/\/www.askja-on-tour.ch\/wp-content\/uploads\/2026\/06\/Antonio_de_Los_cobres-091-768x576.jpg 768w, https:\/\/www.askja-on-tour.ch\/wp-content\/uploads\/2026\/06\/Antonio_de_Los_cobres-091-1536x1152.jpg 1536w, https:\/\/www.askja-on-tour.ch\/wp-content\/uploads\/2026\/06\/Antonio_de_Los_cobres-091.jpg 2048w\" sizes=\"auto, (max-width: 1024px) 100vw, 1024px\" \/><\/p>\n<figure id=\"attachment_30728\" aria-describedby=\"caption-attachment-30728\" style=\"width: 1024px\" class=\"wp-caption alignnone\"><img loading=\"lazy\" decoding=\"async\" class=\"size-medium wp-image-30728\" src=\"https:\/\/www.askja-on-tour.ch\/wp-content\/uploads\/2026\/06\/Antonio_de_Los_cobres-092-1024x768.jpg\" alt=\"\" width=\"1024\" height=\"768\" srcset=\"https:\/\/www.askja-on-tour.ch\/wp-content\/uploads\/2026\/06\/Antonio_de_Los_cobres-092-1024x768.jpg 1024w, https:\/\/www.askja-on-tour.ch\/wp-content\/uploads\/2026\/06\/Antonio_de_Los_cobres-092-1600x1200.jpg 1600w, https:\/\/www.askja-on-tour.ch\/wp-content\/uploads\/2026\/06\/Antonio_de_Los_cobres-092-768x576.jpg 768w, https:\/\/www.askja-on-tour.ch\/wp-content\/uploads\/2026\/06\/Antonio_de_Los_cobres-092-1536x1152.jpg 1536w, https:\/\/www.askja-on-tour.ch\/wp-content\/uploads\/2026\/06\/Antonio_de_Los_cobres-092.jpg 2048w\" sizes=\"auto, (max-width: 1024px) 100vw, 1024px\" \/><figcaption id=\"caption-attachment-30728\" class=\"wp-caption-text\">Salar de Pocitos<\/figcaption><\/figure>\n<p><img loading=\"lazy\" decoding=\"async\" class=\"alignnone size-medium wp-image-30729\" src=\"https:\/\/www.askja-on-tour.ch\/wp-content\/uploads\/2026\/06\/Antonio_de_Los_cobres-093-1024x768.jpg\" alt=\"\" width=\"1024\" height=\"768\" srcset=\"https:\/\/www.askja-on-tour.ch\/wp-content\/uploads\/2026\/06\/Antonio_de_Los_cobres-093-1024x768.jpg 1024w, https:\/\/www.askja-on-tour.ch\/wp-content\/uploads\/2026\/06\/Antonio_de_Los_cobres-093-1600x1200.jpg 1600w, https:\/\/www.askja-on-tour.ch\/wp-content\/uploads\/2026\/06\/Antonio_de_Los_cobres-093-768x576.jpg 768w, https:\/\/www.askja-on-tour.ch\/wp-content\/uploads\/2026\/06\/Antonio_de_Los_cobres-093-1536x1152.jpg 1536w, https:\/\/www.askja-on-tour.ch\/wp-content\/uploads\/2026\/06\/Antonio_de_Los_cobres-093.jpg 2048w\" sizes=\"auto, (max-width: 1024px) 100vw, 1024px\" \/> <img loading=\"lazy\" decoding=\"async\" class=\"alignnone size-medium wp-image-30730\" src=\"https:\/\/www.askja-on-tour.ch\/wp-content\/uploads\/2026\/06\/Antonio_de_Los_cobres-094-1024x768.jpg\" alt=\"\" width=\"1024\" height=\"768\" srcset=\"https:\/\/www.askja-on-tour.ch\/wp-content\/uploads\/2026\/06\/Antonio_de_Los_cobres-094-1024x768.jpg 1024w, https:\/\/www.askja-on-tour.ch\/wp-content\/uploads\/2026\/06\/Antonio_de_Los_cobres-094-1600x1200.jpg 1600w, https:\/\/www.askja-on-tour.ch\/wp-content\/uploads\/2026\/06\/Antonio_de_Los_cobres-094-768x576.jpg 768w, https:\/\/www.askja-on-tour.ch\/wp-content\/uploads\/2026\/06\/Antonio_de_Los_cobres-094-1536x1152.jpg 1536w, https:\/\/www.askja-on-tour.ch\/wp-content\/uploads\/2026\/06\/Antonio_de_Los_cobres-094.jpg 2048w\" sizes=\"auto, (max-width: 1024px) 100vw, 1024px\" \/><\/p>\n<figure id=\"attachment_30731\" aria-describedby=\"caption-attachment-30731\" style=\"width: 1024px\" class=\"wp-caption alignnone\"><img loading=\"lazy\" decoding=\"async\" class=\"size-medium wp-image-30731\" src=\"https:\/\/www.askja-on-tour.ch\/wp-content\/uploads\/2026\/06\/Antonio_de_Los_cobres-095-1024x768.jpg\" alt=\"\" width=\"1024\" height=\"768\" srcset=\"https:\/\/www.askja-on-tour.ch\/wp-content\/uploads\/2026\/06\/Antonio_de_Los_cobres-095-1024x768.jpg 1024w, https:\/\/www.askja-on-tour.ch\/wp-content\/uploads\/2026\/06\/Antonio_de_Los_cobres-095-1600x1200.jpg 1600w, https:\/\/www.askja-on-tour.ch\/wp-content\/uploads\/2026\/06\/Antonio_de_Los_cobres-095-768x576.jpg 768w, https:\/\/www.askja-on-tour.ch\/wp-content\/uploads\/2026\/06\/Antonio_de_Los_cobres-095-1536x1152.jpg 1536w, https:\/\/www.askja-on-tour.ch\/wp-content\/uploads\/2026\/06\/Antonio_de_Los_cobres-095.jpg 2048w\" sizes=\"auto, (max-width: 1024px) 100vw, 1024px\" \/><figcaption id=\"caption-attachment-30731\" class=\"wp-caption-text\">Immer kamen einem diese Fahrzeuge entgegen, die oben auf dem Dach das Wort &#8222;Convoi Unidades&#8220; und eine Zahl haben. Diese Zahl gibt an, wieviele Grosslastwagen oder Busse folgen.<\/figcaption><\/figure>\n<figure id=\"attachment_30732\" aria-describedby=\"caption-attachment-30732\" style=\"width: 1024px\" class=\"wp-caption alignnone\"><img loading=\"lazy\" decoding=\"async\" class=\"size-medium wp-image-30732\" src=\"https:\/\/www.askja-on-tour.ch\/wp-content\/uploads\/2026\/06\/Antonio_de_Los_cobres-096-1024x768.jpg\" alt=\"\" width=\"1024\" height=\"768\" srcset=\"https:\/\/www.askja-on-tour.ch\/wp-content\/uploads\/2026\/06\/Antonio_de_Los_cobres-096-1024x768.jpg 1024w, https:\/\/www.askja-on-tour.ch\/wp-content\/uploads\/2026\/06\/Antonio_de_Los_cobres-096-1600x1200.jpg 1600w, https:\/\/www.askja-on-tour.ch\/wp-content\/uploads\/2026\/06\/Antonio_de_Los_cobres-096-768x576.jpg 768w, https:\/\/www.askja-on-tour.ch\/wp-content\/uploads\/2026\/06\/Antonio_de_Los_cobres-096-1536x1152.jpg 1536w, https:\/\/www.askja-on-tour.ch\/wp-content\/uploads\/2026\/06\/Antonio_de_Los_cobres-096.jpg 2048w\" sizes=\"auto, (max-width: 1024px) 100vw, 1024px\" \/><figcaption id=\"caption-attachment-30732\" class=\"wp-caption-text\">Sch\u00f6ne Polster im Wasser umgeben von Salzkruste<\/figcaption><\/figure>\n<p><img loading=\"lazy\" decoding=\"async\" class=\"alignnone size-medium wp-image-30733\" src=\"https:\/\/www.askja-on-tour.ch\/wp-content\/uploads\/2026\/06\/Antonio_de_Los_cobres-097-1024x768.jpg\" alt=\"\" width=\"1024\" height=\"768\" srcset=\"https:\/\/www.askja-on-tour.ch\/wp-content\/uploads\/2026\/06\/Antonio_de_Los_cobres-097-1024x768.jpg 1024w, https:\/\/www.askja-on-tour.ch\/wp-content\/uploads\/2026\/06\/Antonio_de_Los_cobres-097-1600x1200.jpg 1600w, https:\/\/www.askja-on-tour.ch\/wp-content\/uploads\/2026\/06\/Antonio_de_Los_cobres-097-768x576.jpg 768w, https:\/\/www.askja-on-tour.ch\/wp-content\/uploads\/2026\/06\/Antonio_de_Los_cobres-097-1536x1152.jpg 1536w, https:\/\/www.askja-on-tour.ch\/wp-content\/uploads\/2026\/06\/Antonio_de_Los_cobres-097.jpg 2048w\" sizes=\"auto, (max-width: 1024px) 100vw, 1024px\" \/><\/p>\n<figure id=\"attachment_30734\" aria-describedby=\"caption-attachment-30734\" style=\"width: 1024px\" class=\"wp-caption alignnone\"><img loading=\"lazy\" decoding=\"async\" class=\"size-medium wp-image-30734\" src=\"https:\/\/www.askja-on-tour.ch\/wp-content\/uploads\/2026\/06\/Antonio_de_Los_cobres-098-1024x768.jpg\" alt=\"\" width=\"1024\" height=\"768\" srcset=\"https:\/\/www.askja-on-tour.ch\/wp-content\/uploads\/2026\/06\/Antonio_de_Los_cobres-098-1024x768.jpg 1024w, https:\/\/www.askja-on-tour.ch\/wp-content\/uploads\/2026\/06\/Antonio_de_Los_cobres-098-1600x1200.jpg 1600w, https:\/\/www.askja-on-tour.ch\/wp-content\/uploads\/2026\/06\/Antonio_de_Los_cobres-098-768x576.jpg 768w, https:\/\/www.askja-on-tour.ch\/wp-content\/uploads\/2026\/06\/Antonio_de_Los_cobres-098-1536x1152.jpg 1536w, https:\/\/www.askja-on-tour.ch\/wp-content\/uploads\/2026\/06\/Antonio_de_Los_cobres-098.jpg 2048w\" sizes=\"auto, (max-width: 1024px) 100vw, 1024px\" \/><figcaption id=\"caption-attachment-30734\" class=\"wp-caption-text\">Und wieder eine Passh\u00f6he<\/figcaption><\/figure>\n<figure id=\"attachment_30735\" aria-describedby=\"caption-attachment-30735\" style=\"width: 1024px\" class=\"wp-caption alignnone\"><img loading=\"lazy\" decoding=\"async\" class=\"size-medium wp-image-30735\" src=\"https:\/\/www.askja-on-tour.ch\/wp-content\/uploads\/2026\/06\/Antonio_de_Los_cobres-099-1024x768.jpg\" alt=\"\" width=\"1024\" height=\"768\" srcset=\"https:\/\/www.askja-on-tour.ch\/wp-content\/uploads\/2026\/06\/Antonio_de_Los_cobres-099-1024x768.jpg 1024w, https:\/\/www.askja-on-tour.ch\/wp-content\/uploads\/2026\/06\/Antonio_de_Los_cobres-099-1600x1200.jpg 1600w, https:\/\/www.askja-on-tour.ch\/wp-content\/uploads\/2026\/06\/Antonio_de_Los_cobres-099-768x576.jpg 768w, https:\/\/www.askja-on-tour.ch\/wp-content\/uploads\/2026\/06\/Antonio_de_Los_cobres-099-1536x1152.jpg 1536w, https:\/\/www.askja-on-tour.ch\/wp-content\/uploads\/2026\/06\/Antonio_de_Los_cobres-099.jpg 2048w\" sizes=\"auto, (max-width: 1024px) 100vw, 1024px\" \/><figcaption id=\"caption-attachment-30735\" class=\"wp-caption-text\">Die aufgegebene Eisenbahnlinie verl\u00e4uft parallel zur heutigen Strasse<\/figcaption><\/figure>\n<figure id=\"attachment_30736\" aria-describedby=\"caption-attachment-30736\" style=\"width: 1024px\" class=\"wp-caption alignnone\"><img loading=\"lazy\" decoding=\"async\" class=\"size-medium wp-image-30736\" src=\"https:\/\/www.askja-on-tour.ch\/wp-content\/uploads\/2026\/06\/Antonio_de_Los_cobres-100-1024x768.jpg\" alt=\"\" width=\"1024\" height=\"768\" srcset=\"https:\/\/www.askja-on-tour.ch\/wp-content\/uploads\/2026\/06\/Antonio_de_Los_cobres-100-1024x768.jpg 1024w, https:\/\/www.askja-on-tour.ch\/wp-content\/uploads\/2026\/06\/Antonio_de_Los_cobres-100-1600x1200.jpg 1600w, https:\/\/www.askja-on-tour.ch\/wp-content\/uploads\/2026\/06\/Antonio_de_Los_cobres-100-768x576.jpg 768w, https:\/\/www.askja-on-tour.ch\/wp-content\/uploads\/2026\/06\/Antonio_de_Los_cobres-100-1536x1152.jpg 1536w, https:\/\/www.askja-on-tour.ch\/wp-content\/uploads\/2026\/06\/Antonio_de_Los_cobres-100.jpg 2048w\" sizes=\"auto, (max-width: 1024px) 100vw, 1024px\" \/><figcaption id=\"caption-attachment-30736\" class=\"wp-caption-text\">Dieser wahl wohl etwas zu schnell auf dem Weg unterwegs<\/figcaption><\/figure>\n<p>Seinen Namen hat die Stadt von der nahen gelegenen Sierra de Cobre, deren Gestein viel Kupfer enth\u00e4lt. Wir durften beim Hotel de las Nubes \u00fcbernachten. Zum ersten Mal sp\u00fcrten wir beim Gang durch das Dorf auch die H\u00f6he, die sich mit Kurzatmigkeit bemerkbar machte. San Antonio de los Cobres war einst eine wohlhabende Bergbaustadt, wovon auch die Promenade am Fluss Rio San Antonio de los Cobres zeugt.<\/p>\n<p><img loading=\"lazy\" decoding=\"async\" class=\"alignnone size-medium wp-image-30737\" src=\"https:\/\/www.askja-on-tour.ch\/wp-content\/uploads\/2026\/06\/Antonio_de_Los_cobres-101-768x1024.jpg\" alt=\"\" width=\"768\" height=\"1024\" srcset=\"https:\/\/www.askja-on-tour.ch\/wp-content\/uploads\/2026\/06\/Antonio_de_Los_cobres-101-768x1024.jpg 768w, https:\/\/www.askja-on-tour.ch\/wp-content\/uploads\/2026\/06\/Antonio_de_Los_cobres-101-1200x1600.jpg 1200w, https:\/\/www.askja-on-tour.ch\/wp-content\/uploads\/2026\/06\/Antonio_de_Los_cobres-101-1152x1536.jpg 1152w, https:\/\/www.askja-on-tour.ch\/wp-content\/uploads\/2026\/06\/Antonio_de_Los_cobres-101.jpg 1536w\" sizes=\"auto, (max-width: 768px) 100vw, 768px\" \/><\/p>\n<figure id=\"attachment_30738\" aria-describedby=\"caption-attachment-30738\" style=\"width: 1024px\" class=\"wp-caption alignnone\"><img loading=\"lazy\" decoding=\"async\" class=\"size-medium wp-image-30738\" src=\"https:\/\/www.askja-on-tour.ch\/wp-content\/uploads\/2026\/06\/Antonio_de_Los_cobres-102-1024x768.jpg\" alt=\"\" width=\"1024\" height=\"768\" srcset=\"https:\/\/www.askja-on-tour.ch\/wp-content\/uploads\/2026\/06\/Antonio_de_Los_cobres-102-1024x768.jpg 1024w, https:\/\/www.askja-on-tour.ch\/wp-content\/uploads\/2026\/06\/Antonio_de_Los_cobres-102-1600x1200.jpg 1600w, https:\/\/www.askja-on-tour.ch\/wp-content\/uploads\/2026\/06\/Antonio_de_Los_cobres-102-768x576.jpg 768w, https:\/\/www.askja-on-tour.ch\/wp-content\/uploads\/2026\/06\/Antonio_de_Los_cobres-102-1536x1152.jpg 1536w, https:\/\/www.askja-on-tour.ch\/wp-content\/uploads\/2026\/06\/Antonio_de_Los_cobres-102.jpg 2048w\" sizes=\"auto, (max-width: 1024px) 100vw, 1024px\" \/><figcaption id=\"caption-attachment-30738\" class=\"wp-caption-text\">Der Tren a las Nubes am Bahnhof in San Antonio de los Cobres<\/figcaption><\/figure>\n<p><img loading=\"lazy\" decoding=\"async\" class=\"alignnone size-medium wp-image-30739\" src=\"https:\/\/www.askja-on-tour.ch\/wp-content\/uploads\/2026\/06\/Antonio_de_Los_cobres-103-1024x768.jpg\" alt=\"\" width=\"1024\" height=\"768\" srcset=\"https:\/\/www.askja-on-tour.ch\/wp-content\/uploads\/2026\/06\/Antonio_de_Los_cobres-103-1024x768.jpg 1024w, https:\/\/www.askja-on-tour.ch\/wp-content\/uploads\/2026\/06\/Antonio_de_Los_cobres-103-1600x1200.jpg 1600w, https:\/\/www.askja-on-tour.ch\/wp-content\/uploads\/2026\/06\/Antonio_de_Los_cobres-103-768x576.jpg 768w, https:\/\/www.askja-on-tour.ch\/wp-content\/uploads\/2026\/06\/Antonio_de_Los_cobres-103-1536x1152.jpg 1536w, https:\/\/www.askja-on-tour.ch\/wp-content\/uploads\/2026\/06\/Antonio_de_Los_cobres-103.jpg 2048w\" sizes=\"auto, (max-width: 1024px) 100vw, 1024px\" \/><\/p>\n<figure id=\"attachment_30740\" aria-describedby=\"caption-attachment-30740\" style=\"width: 1024px\" class=\"wp-caption alignnone\"><img loading=\"lazy\" decoding=\"async\" class=\"size-medium wp-image-30740\" src=\"https:\/\/www.askja-on-tour.ch\/wp-content\/uploads\/2026\/06\/Antonio_de_Los_cobres-104-1024x768.jpg\" alt=\"\" width=\"1024\" height=\"768\" srcset=\"https:\/\/www.askja-on-tour.ch\/wp-content\/uploads\/2026\/06\/Antonio_de_Los_cobres-104-1024x768.jpg 1024w, https:\/\/www.askja-on-tour.ch\/wp-content\/uploads\/2026\/06\/Antonio_de_Los_cobres-104-1600x1200.jpg 1600w, https:\/\/www.askja-on-tour.ch\/wp-content\/uploads\/2026\/06\/Antonio_de_Los_cobres-104-768x576.jpg 768w, https:\/\/www.askja-on-tour.ch\/wp-content\/uploads\/2026\/06\/Antonio_de_Los_cobres-104-1536x1152.jpg 1536w, https:\/\/www.askja-on-tour.ch\/wp-content\/uploads\/2026\/06\/Antonio_de_Los_cobres-104.jpg 2048w\" sizes=\"auto, (max-width: 1024px) 100vw, 1024px\" \/><figcaption id=\"caption-attachment-30740\" class=\"wp-caption-text\">Unterwegs in San Antonio de los Cobres<\/figcaption><\/figure>\n<p><img loading=\"lazy\" decoding=\"async\" class=\"alignnone size-medium wp-image-30741\" src=\"https:\/\/www.askja-on-tour.ch\/wp-content\/uploads\/2026\/06\/Antonio_de_Los_cobres-105-768x1024.jpg\" alt=\"\" width=\"768\" height=\"1024\" srcset=\"https:\/\/www.askja-on-tour.ch\/wp-content\/uploads\/2026\/06\/Antonio_de_Los_cobres-105-768x1024.jpg 768w, https:\/\/www.askja-on-tour.ch\/wp-content\/uploads\/2026\/06\/Antonio_de_Los_cobres-105-1200x1600.jpg 1200w, https:\/\/www.askja-on-tour.ch\/wp-content\/uploads\/2026\/06\/Antonio_de_Los_cobres-105-1152x1536.jpg 1152w, https:\/\/www.askja-on-tour.ch\/wp-content\/uploads\/2026\/06\/Antonio_de_Los_cobres-105.jpg 1536w\" sizes=\"auto, (max-width: 768px) 100vw, 768px\" \/> <img loading=\"lazy\" decoding=\"async\" class=\"alignnone size-medium wp-image-30742\" src=\"https:\/\/www.askja-on-tour.ch\/wp-content\/uploads\/2026\/06\/Antonio_de_Los_cobres-106-768x1024.jpg\" alt=\"\" width=\"768\" height=\"1024\" srcset=\"https:\/\/www.askja-on-tour.ch\/wp-content\/uploads\/2026\/06\/Antonio_de_Los_cobres-106-768x1024.jpg 768w, https:\/\/www.askja-on-tour.ch\/wp-content\/uploads\/2026\/06\/Antonio_de_Los_cobres-106-1200x1600.jpg 1200w, https:\/\/www.askja-on-tour.ch\/wp-content\/uploads\/2026\/06\/Antonio_de_Los_cobres-106-1152x1536.jpg 1152w, https:\/\/www.askja-on-tour.ch\/wp-content\/uploads\/2026\/06\/Antonio_de_Los_cobres-106.jpg 1536w\" sizes=\"auto, (max-width: 768px) 100vw, 768px\" \/> <img loading=\"lazy\" decoding=\"async\" class=\"alignnone size-medium wp-image-30743\" src=\"https:\/\/www.askja-on-tour.ch\/wp-content\/uploads\/2026\/06\/Antonio_de_Los_cobres-107-1024x768.jpg\" alt=\"\" width=\"1024\" height=\"768\" srcset=\"https:\/\/www.askja-on-tour.ch\/wp-content\/uploads\/2026\/06\/Antonio_de_Los_cobres-107-1024x768.jpg 1024w, https:\/\/www.askja-on-tour.ch\/wp-content\/uploads\/2026\/06\/Antonio_de_Los_cobres-107-1600x1200.jpg 1600w, https:\/\/www.askja-on-tour.ch\/wp-content\/uploads\/2026\/06\/Antonio_de_Los_cobres-107-768x576.jpg 768w, https:\/\/www.askja-on-tour.ch\/wp-content\/uploads\/2026\/06\/Antonio_de_Los_cobres-107-1536x1152.jpg 1536w, https:\/\/www.askja-on-tour.ch\/wp-content\/uploads\/2026\/06\/Antonio_de_Los_cobres-107.jpg 2048w\" sizes=\"auto, (max-width: 1024px) 100vw, 1024px\" \/> <img loading=\"lazy\" decoding=\"async\" class=\"alignnone size-medium wp-image-30744\" src=\"https:\/\/www.askja-on-tour.ch\/wp-content\/uploads\/2026\/06\/Antonio_de_Los_cobres-108-1024x768.jpg\" alt=\"\" width=\"1024\" height=\"768\" srcset=\"https:\/\/www.askja-on-tour.ch\/wp-content\/uploads\/2026\/06\/Antonio_de_Los_cobres-108-1024x768.jpg 1024w, https:\/\/www.askja-on-tour.ch\/wp-content\/uploads\/2026\/06\/Antonio_de_Los_cobres-108-1600x1200.jpg 1600w, https:\/\/www.askja-on-tour.ch\/wp-content\/uploads\/2026\/06\/Antonio_de_Los_cobres-108-768x576.jpg 768w, https:\/\/www.askja-on-tour.ch\/wp-content\/uploads\/2026\/06\/Antonio_de_Los_cobres-108-1536x1152.jpg 1536w, https:\/\/www.askja-on-tour.ch\/wp-content\/uploads\/2026\/06\/Antonio_de_Los_cobres-108.jpg 2048w\" sizes=\"auto, (max-width: 1024px) 100vw, 1024px\" \/> <img loading=\"lazy\" decoding=\"async\" class=\"alignnone size-medium wp-image-30745\" src=\"https:\/\/www.askja-on-tour.ch\/wp-content\/uploads\/2026\/06\/Antonio_de_Los_cobres-109-1024x768.jpg\" alt=\"\" width=\"1024\" height=\"768\" srcset=\"https:\/\/www.askja-on-tour.ch\/wp-content\/uploads\/2026\/06\/Antonio_de_Los_cobres-109-1024x768.jpg 1024w, https:\/\/www.askja-on-tour.ch\/wp-content\/uploads\/2026\/06\/Antonio_de_Los_cobres-109-1600x1200.jpg 1600w, https:\/\/www.askja-on-tour.ch\/wp-content\/uploads\/2026\/06\/Antonio_de_Los_cobres-109-768x576.jpg 768w, https:\/\/www.askja-on-tour.ch\/wp-content\/uploads\/2026\/06\/Antonio_de_Los_cobres-109-1536x1152.jpg 1536w, https:\/\/www.askja-on-tour.ch\/wp-content\/uploads\/2026\/06\/Antonio_de_Los_cobres-109.jpg 2048w\" sizes=\"auto, (max-width: 1024px) 100vw, 1024px\" \/> <img loading=\"lazy\" decoding=\"async\" class=\"alignnone size-medium wp-image-30746\" src=\"https:\/\/www.askja-on-tour.ch\/wp-content\/uploads\/2026\/06\/Antonio_de_Los_cobres-110-768x1024.jpg\" alt=\"\" width=\"768\" height=\"1024\" srcset=\"https:\/\/www.askja-on-tour.ch\/wp-content\/uploads\/2026\/06\/Antonio_de_Los_cobres-110-768x1024.jpg 768w, https:\/\/www.askja-on-tour.ch\/wp-content\/uploads\/2026\/06\/Antonio_de_Los_cobres-110-1200x1600.jpg 1200w, https:\/\/www.askja-on-tour.ch\/wp-content\/uploads\/2026\/06\/Antonio_de_Los_cobres-110-1152x1536.jpg 1152w, https:\/\/www.askja-on-tour.ch\/wp-content\/uploads\/2026\/06\/Antonio_de_Los_cobres-110.jpg 1536w\" sizes=\"auto, (max-width: 768px) 100vw, 768px\" \/> <img loading=\"lazy\" decoding=\"async\" class=\"alignnone size-medium wp-image-30747\" src=\"https:\/\/www.askja-on-tour.ch\/wp-content\/uploads\/2026\/06\/Antonio_de_Los_cobres-111-1024x768.jpg\" alt=\"\" width=\"1024\" height=\"768\" srcset=\"https:\/\/www.askja-on-tour.ch\/wp-content\/uploads\/2026\/06\/Antonio_de_Los_cobres-111-1024x768.jpg 1024w, https:\/\/www.askja-on-tour.ch\/wp-content\/uploads\/2026\/06\/Antonio_de_Los_cobres-111-1600x1200.jpg 1600w, https:\/\/www.askja-on-tour.ch\/wp-content\/uploads\/2026\/06\/Antonio_de_Los_cobres-111-768x576.jpg 768w, https:\/\/www.askja-on-tour.ch\/wp-content\/uploads\/2026\/06\/Antonio_de_Los_cobres-111-1536x1152.jpg 1536w, https:\/\/www.askja-on-tour.ch\/wp-content\/uploads\/2026\/06\/Antonio_de_Los_cobres-111.jpg 2048w\" sizes=\"auto, (max-width: 1024px) 100vw, 1024px\" \/> <img loading=\"lazy\" decoding=\"async\" class=\"alignnone size-medium wp-image-30748\" src=\"https:\/\/www.askja-on-tour.ch\/wp-content\/uploads\/2026\/06\/Antonio_de_Los_cobres-112-1024x768.jpg\" alt=\"\" width=\"1024\" height=\"768\" srcset=\"https:\/\/www.askja-on-tour.ch\/wp-content\/uploads\/2026\/06\/Antonio_de_Los_cobres-112-1024x768.jpg 1024w, https:\/\/www.askja-on-tour.ch\/wp-content\/uploads\/2026\/06\/Antonio_de_Los_cobres-112-1600x1200.jpg 1600w, https:\/\/www.askja-on-tour.ch\/wp-content\/uploads\/2026\/06\/Antonio_de_Los_cobres-112-768x576.jpg 768w, https:\/\/www.askja-on-tour.ch\/wp-content\/uploads\/2026\/06\/Antonio_de_Los_cobres-112-1536x1152.jpg 1536w, https:\/\/www.askja-on-tour.ch\/wp-content\/uploads\/2026\/06\/Antonio_de_Los_cobres-112.jpg 2048w\" sizes=\"auto, (max-width: 1024px) 100vw, 1024px\" \/><\/p>\n<figure id=\"attachment_30749\" aria-describedby=\"caption-attachment-30749\" style=\"width: 1024px\" class=\"wp-caption alignnone\"><img loading=\"lazy\" decoding=\"async\" class=\"size-medium wp-image-30749\" src=\"https:\/\/www.askja-on-tour.ch\/wp-content\/uploads\/2026\/06\/Antonio_de_Los_cobres-113-1024x768.jpg\" alt=\"\" width=\"1024\" height=\"768\" srcset=\"https:\/\/www.askja-on-tour.ch\/wp-content\/uploads\/2026\/06\/Antonio_de_Los_cobres-113-1024x768.jpg 1024w, https:\/\/www.askja-on-tour.ch\/wp-content\/uploads\/2026\/06\/Antonio_de_Los_cobres-113-1600x1200.jpg 1600w, https:\/\/www.askja-on-tour.ch\/wp-content\/uploads\/2026\/06\/Antonio_de_Los_cobres-113-768x576.jpg 768w, https:\/\/www.askja-on-tour.ch\/wp-content\/uploads\/2026\/06\/Antonio_de_Los_cobres-113-1536x1152.jpg 1536w, https:\/\/www.askja-on-tour.ch\/wp-content\/uploads\/2026\/06\/Antonio_de_Los_cobres-113.jpg 2048w\" sizes=\"auto, (max-width: 1024px) 100vw, 1024px\" \/><figcaption id=\"caption-attachment-30749\" class=\"wp-caption-text\">Das gesamte Universum und alles, was darin ist<\/figcaption><\/figure>\n<p><img loading=\"lazy\" decoding=\"async\" class=\"alignnone size-medium wp-image-30750\" src=\"https:\/\/www.askja-on-tour.ch\/wp-content\/uploads\/2026\/06\/Antonio_de_Los_cobres-114-1024x768.jpg\" alt=\"\" width=\"1024\" height=\"768\" srcset=\"https:\/\/www.askja-on-tour.ch\/wp-content\/uploads\/2026\/06\/Antonio_de_Los_cobres-114-1024x768.jpg 1024w, https:\/\/www.askja-on-tour.ch\/wp-content\/uploads\/2026\/06\/Antonio_de_Los_cobres-114-1600x1200.jpg 1600w, https:\/\/www.askja-on-tour.ch\/wp-content\/uploads\/2026\/06\/Antonio_de_Los_cobres-114-768x576.jpg 768w, https:\/\/www.askja-on-tour.ch\/wp-content\/uploads\/2026\/06\/Antonio_de_Los_cobres-114-1536x1152.jpg 1536w, https:\/\/www.askja-on-tour.ch\/wp-content\/uploads\/2026\/06\/Antonio_de_Los_cobres-114.jpg 2048w\" sizes=\"auto, (max-width: 1024px) 100vw, 1024px\" \/> <img loading=\"lazy\" decoding=\"async\" class=\"alignnone size-medium wp-image-30751\" src=\"https:\/\/www.askja-on-tour.ch\/wp-content\/uploads\/2026\/06\/Antonio_de_Los_cobres-115-1024x768.jpg\" alt=\"\" width=\"1024\" height=\"768\" srcset=\"https:\/\/www.askja-on-tour.ch\/wp-content\/uploads\/2026\/06\/Antonio_de_Los_cobres-115-1024x768.jpg 1024w, https:\/\/www.askja-on-tour.ch\/wp-content\/uploads\/2026\/06\/Antonio_de_Los_cobres-115-1600x1200.jpg 1600w, https:\/\/www.askja-on-tour.ch\/wp-content\/uploads\/2026\/06\/Antonio_de_Los_cobres-115-768x576.jpg 768w, https:\/\/www.askja-on-tour.ch\/wp-content\/uploads\/2026\/06\/Antonio_de_Los_cobres-115-1536x1152.jpg 1536w, https:\/\/www.askja-on-tour.ch\/wp-content\/uploads\/2026\/06\/Antonio_de_Los_cobres-115.jpg 2048w\" sizes=\"auto, (max-width: 1024px) 100vw, 1024px\" \/> <img loading=\"lazy\" decoding=\"async\" class=\"alignnone size-medium wp-image-30752\" src=\"https:\/\/www.askja-on-tour.ch\/wp-content\/uploads\/2026\/06\/Antonio_de_Los_cobres-116-1024x768.jpg\" alt=\"\" width=\"1024\" height=\"768\" srcset=\"https:\/\/www.askja-on-tour.ch\/wp-content\/uploads\/2026\/06\/Antonio_de_Los_cobres-116-1024x768.jpg 1024w, https:\/\/www.askja-on-tour.ch\/wp-content\/uploads\/2026\/06\/Antonio_de_Los_cobres-116-1600x1200.jpg 1600w, https:\/\/www.askja-on-tour.ch\/wp-content\/uploads\/2026\/06\/Antonio_de_Los_cobres-116-768x576.jpg 768w, https:\/\/www.askja-on-tour.ch\/wp-content\/uploads\/2026\/06\/Antonio_de_Los_cobres-116-1536x1152.jpg 1536w, https:\/\/www.askja-on-tour.ch\/wp-content\/uploads\/2026\/06\/Antonio_de_Los_cobres-116.jpg 2048w\" sizes=\"auto, (max-width: 1024px) 100vw, 1024px\" \/> <img loading=\"lazy\" decoding=\"async\" class=\"alignnone size-medium wp-image-30753\" src=\"https:\/\/www.askja-on-tour.ch\/wp-content\/uploads\/2026\/06\/Antonio_de_Los_cobres-117-1024x768.jpg\" alt=\"\" width=\"1024\" height=\"768\" srcset=\"https:\/\/www.askja-on-tour.ch\/wp-content\/uploads\/2026\/06\/Antonio_de_Los_cobres-117-1024x768.jpg 1024w, https:\/\/www.askja-on-tour.ch\/wp-content\/uploads\/2026\/06\/Antonio_de_Los_cobres-117-1600x1200.jpg 1600w, https:\/\/www.askja-on-tour.ch\/wp-content\/uploads\/2026\/06\/Antonio_de_Los_cobres-117-768x576.jpg 768w, https:\/\/www.askja-on-tour.ch\/wp-content\/uploads\/2026\/06\/Antonio_de_Los_cobres-117-1536x1152.jpg 1536w, https:\/\/www.askja-on-tour.ch\/wp-content\/uploads\/2026\/06\/Antonio_de_Los_cobres-117.jpg 2048w\" sizes=\"auto, (max-width: 1024px) 100vw, 1024px\" \/> <img loading=\"lazy\" decoding=\"async\" class=\"alignnone size-medium wp-image-30754\" src=\"https:\/\/www.askja-on-tour.ch\/wp-content\/uploads\/2026\/06\/Antonio_de_Los_cobres-118-768x1024.jpg\" alt=\"\" width=\"768\" height=\"1024\" srcset=\"https:\/\/www.askja-on-tour.ch\/wp-content\/uploads\/2026\/06\/Antonio_de_Los_cobres-118-768x1024.jpg 768w, https:\/\/www.askja-on-tour.ch\/wp-content\/uploads\/2026\/06\/Antonio_de_Los_cobres-118-1200x1600.jpg 1200w, https:\/\/www.askja-on-tour.ch\/wp-content\/uploads\/2026\/06\/Antonio_de_Los_cobres-118-1152x1536.jpg 1152w, https:\/\/www.askja-on-tour.ch\/wp-content\/uploads\/2026\/06\/Antonio_de_Los_cobres-118.jpg 1536w\" sizes=\"auto, (max-width: 768px) 100vw, 768px\" \/> <img loading=\"lazy\" decoding=\"async\" class=\"alignnone size-medium wp-image-30755\" src=\"https:\/\/www.askja-on-tour.ch\/wp-content\/uploads\/2026\/06\/Antonio_de_Los_cobres-119-1024x768.jpg\" alt=\"\" width=\"1024\" height=\"768\" srcset=\"https:\/\/www.askja-on-tour.ch\/wp-content\/uploads\/2026\/06\/Antonio_de_Los_cobres-119-1024x768.jpg 1024w, https:\/\/www.askja-on-tour.ch\/wp-content\/uploads\/2026\/06\/Antonio_de_Los_cobres-119-1600x1200.jpg 1600w, https:\/\/www.askja-on-tour.ch\/wp-content\/uploads\/2026\/06\/Antonio_de_Los_cobres-119-768x576.jpg 768w, https:\/\/www.askja-on-tour.ch\/wp-content\/uploads\/2026\/06\/Antonio_de_Los_cobres-119-1536x1152.jpg 1536w, https:\/\/www.askja-on-tour.ch\/wp-content\/uploads\/2026\/06\/Antonio_de_Los_cobres-119.jpg 2048w\" sizes=\"auto, (max-width: 1024px) 100vw, 1024px\" \/><\/p>\n<figure id=\"attachment_30756\" aria-describedby=\"caption-attachment-30756\" style=\"width: 1024px\" class=\"wp-caption alignnone\"><img loading=\"lazy\" decoding=\"async\" class=\"size-medium wp-image-30756\" src=\"https:\/\/www.askja-on-tour.ch\/wp-content\/uploads\/2026\/06\/Antonio_de_Los_cobres-120-1024x768.jpg\" alt=\"\" width=\"1024\" height=\"768\" srcset=\"https:\/\/www.askja-on-tour.ch\/wp-content\/uploads\/2026\/06\/Antonio_de_Los_cobres-120-1024x768.jpg 1024w, https:\/\/www.askja-on-tour.ch\/wp-content\/uploads\/2026\/06\/Antonio_de_Los_cobres-120-1600x1200.jpg 1600w, https:\/\/www.askja-on-tour.ch\/wp-content\/uploads\/2026\/06\/Antonio_de_Los_cobres-120-768x576.jpg 768w, https:\/\/www.askja-on-tour.ch\/wp-content\/uploads\/2026\/06\/Antonio_de_Los_cobres-120-1536x1152.jpg 1536w, https:\/\/www.askja-on-tour.ch\/wp-content\/uploads\/2026\/06\/Antonio_de_Los_cobres-120.jpg 2048w\" sizes=\"auto, (max-width: 1024px) 100vw, 1024px\" \/><figcaption id=\"caption-attachment-30756\" class=\"wp-caption-text\">Hier darf der Melchior noch entsprechend dargestellt werden<\/figcaption><\/figure>\n<p><img loading=\"lazy\" decoding=\"async\" class=\"alignnone size-medium wp-image-30757\" src=\"https:\/\/www.askja-on-tour.ch\/wp-content\/uploads\/2026\/06\/Antonio_de_Los_cobres-121-1024x768.jpg\" alt=\"\" width=\"1024\" height=\"768\" srcset=\"https:\/\/www.askja-on-tour.ch\/wp-content\/uploads\/2026\/06\/Antonio_de_Los_cobres-121-1024x768.jpg 1024w, https:\/\/www.askja-on-tour.ch\/wp-content\/uploads\/2026\/06\/Antonio_de_Los_cobres-121-1600x1200.jpg 1600w, https:\/\/www.askja-on-tour.ch\/wp-content\/uploads\/2026\/06\/Antonio_de_Los_cobres-121-768x576.jpg 768w, https:\/\/www.askja-on-tour.ch\/wp-content\/uploads\/2026\/06\/Antonio_de_Los_cobres-121-1536x1152.jpg 1536w, https:\/\/www.askja-on-tour.ch\/wp-content\/uploads\/2026\/06\/Antonio_de_Los_cobres-121.jpg 2048w\" sizes=\"auto, (max-width: 1024px) 100vw, 1024px\" \/> <img loading=\"lazy\" decoding=\"async\" class=\"alignnone size-medium wp-image-30758\" src=\"https:\/\/www.askja-on-tour.ch\/wp-content\/uploads\/2026\/06\/Antonio_de_Los_cobres-122-1024x768.jpg\" alt=\"\" width=\"1024\" height=\"768\" srcset=\"https:\/\/www.askja-on-tour.ch\/wp-content\/uploads\/2026\/06\/Antonio_de_Los_cobres-122-1024x768.jpg 1024w, https:\/\/www.askja-on-tour.ch\/wp-content\/uploads\/2026\/06\/Antonio_de_Los_cobres-122-1600x1200.jpg 1600w, https:\/\/www.askja-on-tour.ch\/wp-content\/uploads\/2026\/06\/Antonio_de_Los_cobres-122-768x576.jpg 768w, https:\/\/www.askja-on-tour.ch\/wp-content\/uploads\/2026\/06\/Antonio_de_Los_cobres-122-1536x1152.jpg 1536w, https:\/\/www.askja-on-tour.ch\/wp-content\/uploads\/2026\/06\/Antonio_de_Los_cobres-122.jpg 2048w\" sizes=\"auto, (max-width: 1024px) 100vw, 1024px\" \/> <img loading=\"lazy\" decoding=\"async\" class=\"alignnone size-medium wp-image-30759\" src=\"https:\/\/www.askja-on-tour.ch\/wp-content\/uploads\/2026\/06\/Antonio_de_Los_cobres-123-1024x768.jpg\" alt=\"\" width=\"1024\" height=\"768\" srcset=\"https:\/\/www.askja-on-tour.ch\/wp-content\/uploads\/2026\/06\/Antonio_de_Los_cobres-123-1024x768.jpg 1024w, https:\/\/www.askja-on-tour.ch\/wp-content\/uploads\/2026\/06\/Antonio_de_Los_cobres-123-1600x1200.jpg 1600w, https:\/\/www.askja-on-tour.ch\/wp-content\/uploads\/2026\/06\/Antonio_de_Los_cobres-123-768x576.jpg 768w, https:\/\/www.askja-on-tour.ch\/wp-content\/uploads\/2026\/06\/Antonio_de_Los_cobres-123-1536x1152.jpg 1536w, https:\/\/www.askja-on-tour.ch\/wp-content\/uploads\/2026\/06\/Antonio_de_Los_cobres-123.jpg 2048w\" sizes=\"auto, (max-width: 1024px) 100vw, 1024px\" \/> <img loading=\"lazy\" decoding=\"async\" class=\"alignnone size-medium wp-image-30760\" src=\"https:\/\/www.askja-on-tour.ch\/wp-content\/uploads\/2026\/06\/Antonio_de_Los_cobres-124-1024x768.jpg\" alt=\"\" width=\"1024\" height=\"768\" srcset=\"https:\/\/www.askja-on-tour.ch\/wp-content\/uploads\/2026\/06\/Antonio_de_Los_cobres-124-1024x768.jpg 1024w, https:\/\/www.askja-on-tour.ch\/wp-content\/uploads\/2026\/06\/Antonio_de_Los_cobres-124-1600x1200.jpg 1600w, https:\/\/www.askja-on-tour.ch\/wp-content\/uploads\/2026\/06\/Antonio_de_Los_cobres-124-768x576.jpg 768w, https:\/\/www.askja-on-tour.ch\/wp-content\/uploads\/2026\/06\/Antonio_de_Los_cobres-124-1536x1152.jpg 1536w, https:\/\/www.askja-on-tour.ch\/wp-content\/uploads\/2026\/06\/Antonio_de_Los_cobres-124.jpg 2048w\" sizes=\"auto, (max-width: 1024px) 100vw, 1024px\" \/><\/p>\n<p>Heute profitiert der Ort vor allem vom legend\u00e4ren Touristenzug \u201eTren a las Nubes\u201c (Zug zu den Wolken) und das spektakul\u00e4re Viadukt La Polvorilla. Der Zug f\u00e4hrt heute von San Antonio de los Cobres durch die Schlucht Quebrada del Toro auf das Viadukt La Polvorilla. Das Viadukt ist 224 m lang und 70 m hoch; eine imposante Stahlkonstruktion.<\/p>\n<p>Wir wollten erst mit unserem WoMo zum Viadukt \u00fcber die RN 40 fahren, welche angeblich die einzige Strasse ab San Antonio de los Cobres ist. Wir sind diese gefahren, waren aber sehr \u00fcber den schlechten Zustand erstaunt. Die Strasse wurde vor kurzem versch\u00fcttet und die Steine wurden nicht mehr wegger\u00e4umt. Wir kamen trotzdem ganz gut durch; doch rund 4 km vor dem Viadukt mussten wir umdrehen, da es f\u00fcr unsere Gr\u00f6sse unm\u00f6glich war, eine abgerutschte und nur behelfsm\u00e4ssig mit Steinen geflickte Stelle zu passieren. \u00dcberh\u00e4ngende Felsw\u00e4nde und eine nur d\u00fcrftig reparierte Abbruchkante waren uns viel zu heikel, denn wir mussten ja dieselbe Strecke auch wieder zur\u00fcckfahren. Leicht frustriert, kamen wir im Hotel a las Nubes an. Da wir das Viadukt unbedingt sehen wollten, haben wir uns am n\u00e4chsten Tag ein Taxi genommen, der mit uns zum Viadukt f\u00e4hrt. Donnerstag traf sich sehr gut, da der Zug nur an drei Tagen der Woche f\u00e4hrt, inkl. Donnerstags.<\/p>\n<figure id=\"attachment_30761\" aria-describedby=\"caption-attachment-30761\" style=\"width: 1024px\" class=\"wp-caption alignnone\"><img loading=\"lazy\" decoding=\"async\" class=\"size-medium wp-image-30761\" src=\"https:\/\/www.askja-on-tour.ch\/wp-content\/uploads\/2026\/06\/Antonio_de_Los_cobres-125-1024x768.jpg\" alt=\"\" width=\"1024\" height=\"768\" srcset=\"https:\/\/www.askja-on-tour.ch\/wp-content\/uploads\/2026\/06\/Antonio_de_Los_cobres-125-1024x768.jpg 1024w, https:\/\/www.askja-on-tour.ch\/wp-content\/uploads\/2026\/06\/Antonio_de_Los_cobres-125-1600x1200.jpg 1600w, https:\/\/www.askja-on-tour.ch\/wp-content\/uploads\/2026\/06\/Antonio_de_Los_cobres-125-768x576.jpg 768w, https:\/\/www.askja-on-tour.ch\/wp-content\/uploads\/2026\/06\/Antonio_de_Los_cobres-125-1536x1152.jpg 1536w, https:\/\/www.askja-on-tour.ch\/wp-content\/uploads\/2026\/06\/Antonio_de_Los_cobres-125.jpg 2048w\" sizes=\"auto, (max-width: 1024px) 100vw, 1024px\" \/><figcaption id=\"caption-attachment-30761\" class=\"wp-caption-text\">Hier ist sie &#8211; das Viadukt La Polvorilla<\/figcaption><\/figure>\n<p><img loading=\"lazy\" decoding=\"async\" class=\"alignnone size-medium wp-image-30762\" src=\"https:\/\/www.askja-on-tour.ch\/wp-content\/uploads\/2026\/06\/Antonio_de_Los_cobres-126-768x1024.jpg\" alt=\"\" width=\"768\" height=\"1024\" srcset=\"https:\/\/www.askja-on-tour.ch\/wp-content\/uploads\/2026\/06\/Antonio_de_Los_cobres-126-768x1024.jpg 768w, https:\/\/www.askja-on-tour.ch\/wp-content\/uploads\/2026\/06\/Antonio_de_Los_cobres-126-1200x1600.jpg 1200w, https:\/\/www.askja-on-tour.ch\/wp-content\/uploads\/2026\/06\/Antonio_de_Los_cobres-126-1152x1536.jpg 1152w, https:\/\/www.askja-on-tour.ch\/wp-content\/uploads\/2026\/06\/Antonio_de_Los_cobres-126.jpg 1536w\" sizes=\"auto, (max-width: 768px) 100vw, 768px\" \/> <img loading=\"lazy\" decoding=\"async\" class=\"alignnone size-medium wp-image-30763\" src=\"https:\/\/www.askja-on-tour.ch\/wp-content\/uploads\/2026\/06\/Antonio_de_Los_cobres-127-1024x768.jpg\" alt=\"\" width=\"1024\" height=\"768\" srcset=\"https:\/\/www.askja-on-tour.ch\/wp-content\/uploads\/2026\/06\/Antonio_de_Los_cobres-127-1024x768.jpg 1024w, https:\/\/www.askja-on-tour.ch\/wp-content\/uploads\/2026\/06\/Antonio_de_Los_cobres-127-1600x1200.jpg 1600w, https:\/\/www.askja-on-tour.ch\/wp-content\/uploads\/2026\/06\/Antonio_de_Los_cobres-127-768x576.jpg 768w, https:\/\/www.askja-on-tour.ch\/wp-content\/uploads\/2026\/06\/Antonio_de_Los_cobres-127-1536x1152.jpg 1536w, https:\/\/www.askja-on-tour.ch\/wp-content\/uploads\/2026\/06\/Antonio_de_Los_cobres-127.jpg 2048w\" sizes=\"auto, (max-width: 1024px) 100vw, 1024px\" \/> <img loading=\"lazy\" decoding=\"async\" class=\"alignnone size-medium wp-image-30764\" src=\"https:\/\/www.askja-on-tour.ch\/wp-content\/uploads\/2026\/06\/Antonio_de_Los_cobres-128-1024x576.jpg\" alt=\"\" width=\"1024\" height=\"576\" srcset=\"https:\/\/www.askja-on-tour.ch\/wp-content\/uploads\/2026\/06\/Antonio_de_Los_cobres-128-1024x576.jpg 1024w, https:\/\/www.askja-on-tour.ch\/wp-content\/uploads\/2026\/06\/Antonio_de_Los_cobres-128-1600x900.jpg 1600w, https:\/\/www.askja-on-tour.ch\/wp-content\/uploads\/2026\/06\/Antonio_de_Los_cobres-128-768x432.jpg 768w, https:\/\/www.askja-on-tour.ch\/wp-content\/uploads\/2026\/06\/Antonio_de_Los_cobres-128-1536x864.jpg 1536w, https:\/\/www.askja-on-tour.ch\/wp-content\/uploads\/2026\/06\/Antonio_de_Los_cobres-128.jpg 2048w\" sizes=\"auto, (max-width: 1024px) 100vw, 1024px\" \/><\/p>\n<figure id=\"attachment_30765\" aria-describedby=\"caption-attachment-30765\" style=\"width: 1024px\" class=\"wp-caption alignnone\"><img loading=\"lazy\" decoding=\"async\" class=\"size-medium wp-image-30765\" src=\"https:\/\/www.askja-on-tour.ch\/wp-content\/uploads\/2026\/06\/Antonio_de_Los_cobres-129-1024x768.jpg\" alt=\"\" width=\"1024\" height=\"768\" srcset=\"https:\/\/www.askja-on-tour.ch\/wp-content\/uploads\/2026\/06\/Antonio_de_Los_cobres-129-1024x768.jpg 1024w, https:\/\/www.askja-on-tour.ch\/wp-content\/uploads\/2026\/06\/Antonio_de_Los_cobres-129-1600x1200.jpg 1600w, https:\/\/www.askja-on-tour.ch\/wp-content\/uploads\/2026\/06\/Antonio_de_Los_cobres-129-768x576.jpg 768w, https:\/\/www.askja-on-tour.ch\/wp-content\/uploads\/2026\/06\/Antonio_de_Los_cobres-129-1536x1152.jpg 1536w, https:\/\/www.askja-on-tour.ch\/wp-content\/uploads\/2026\/06\/Antonio_de_Los_cobres-129.jpg 2048w\" sizes=\"auto, (max-width: 1024px) 100vw, 1024px\" \/><figcaption id=\"caption-attachment-30765\" class=\"wp-caption-text\">&#8230; und hier das Viadukt La Polvorilla mit dem Tren a las Nubes<\/figcaption><\/figure>\n<p><img loading=\"lazy\" decoding=\"async\" class=\"alignnone size-medium wp-image-30766\" src=\"https:\/\/www.askja-on-tour.ch\/wp-content\/uploads\/2026\/06\/Antonio_de_Los_cobres-130-1024x768.jpg\" alt=\"\" width=\"1024\" height=\"768\" srcset=\"https:\/\/www.askja-on-tour.ch\/wp-content\/uploads\/2026\/06\/Antonio_de_Los_cobres-130-1024x768.jpg 1024w, https:\/\/www.askja-on-tour.ch\/wp-content\/uploads\/2026\/06\/Antonio_de_Los_cobres-130-1600x1200.jpg 1600w, https:\/\/www.askja-on-tour.ch\/wp-content\/uploads\/2026\/06\/Antonio_de_Los_cobres-130-768x576.jpg 768w, https:\/\/www.askja-on-tour.ch\/wp-content\/uploads\/2026\/06\/Antonio_de_Los_cobres-130-1536x1152.jpg 1536w, https:\/\/www.askja-on-tour.ch\/wp-content\/uploads\/2026\/06\/Antonio_de_Los_cobres-130.jpg 2048w\" sizes=\"auto, (max-width: 1024px) 100vw, 1024px\" \/> <img loading=\"lazy\" decoding=\"async\" class=\"alignnone size-medium wp-image-30767\" src=\"https:\/\/www.askja-on-tour.ch\/wp-content\/uploads\/2026\/06\/Antonio_de_Los_cobres-131-1024x576.jpg\" alt=\"\" width=\"1024\" height=\"576\" srcset=\"https:\/\/www.askja-on-tour.ch\/wp-content\/uploads\/2026\/06\/Antonio_de_Los_cobres-131-1024x576.jpg 1024w, https:\/\/www.askja-on-tour.ch\/wp-content\/uploads\/2026\/06\/Antonio_de_Los_cobres-131-1600x900.jpg 1600w, https:\/\/www.askja-on-tour.ch\/wp-content\/uploads\/2026\/06\/Antonio_de_Los_cobres-131-768x432.jpg 768w, https:\/\/www.askja-on-tour.ch\/wp-content\/uploads\/2026\/06\/Antonio_de_Los_cobres-131-1536x864.jpg 1536w, https:\/\/www.askja-on-tour.ch\/wp-content\/uploads\/2026\/06\/Antonio_de_Los_cobres-131.jpg 2048w\" sizes=\"auto, (max-width: 1024px) 100vw, 1024px\" \/> <img loading=\"lazy\" decoding=\"async\" class=\"alignnone size-medium wp-image-30768\" src=\"https:\/\/www.askja-on-tour.ch\/wp-content\/uploads\/2026\/06\/Antonio_de_Los_cobres-132-768x1024.jpg\" alt=\"\" width=\"768\" height=\"1024\" srcset=\"https:\/\/www.askja-on-tour.ch\/wp-content\/uploads\/2026\/06\/Antonio_de_Los_cobres-132-768x1024.jpg 768w, https:\/\/www.askja-on-tour.ch\/wp-content\/uploads\/2026\/06\/Antonio_de_Los_cobres-132-1200x1600.jpg 1200w, https:\/\/www.askja-on-tour.ch\/wp-content\/uploads\/2026\/06\/Antonio_de_Los_cobres-132-1152x1536.jpg 1152w, https:\/\/www.askja-on-tour.ch\/wp-content\/uploads\/2026\/06\/Antonio_de_Los_cobres-132.jpg 1536w\" sizes=\"auto, (max-width: 768px) 100vw, 768px\" \/> <img loading=\"lazy\" decoding=\"async\" class=\"alignnone size-medium wp-image-30769\" src=\"https:\/\/www.askja-on-tour.ch\/wp-content\/uploads\/2026\/06\/Antonio_de_Los_cobres-133-1024x576.jpg\" alt=\"\" width=\"1024\" height=\"576\" srcset=\"https:\/\/www.askja-on-tour.ch\/wp-content\/uploads\/2026\/06\/Antonio_de_Los_cobres-133-1024x576.jpg 1024w, https:\/\/www.askja-on-tour.ch\/wp-content\/uploads\/2026\/06\/Antonio_de_Los_cobres-133-1600x900.jpg 1600w, https:\/\/www.askja-on-tour.ch\/wp-content\/uploads\/2026\/06\/Antonio_de_Los_cobres-133-768x432.jpg 768w, https:\/\/www.askja-on-tour.ch\/wp-content\/uploads\/2026\/06\/Antonio_de_Los_cobres-133-1536x864.jpg 1536w, https:\/\/www.askja-on-tour.ch\/wp-content\/uploads\/2026\/06\/Antonio_de_Los_cobres-133.jpg 2048w\" sizes=\"auto, (max-width: 1024px) 100vw, 1024px\" \/> <img loading=\"lazy\" decoding=\"async\" class=\"alignnone size-medium wp-image-30770\" src=\"https:\/\/www.askja-on-tour.ch\/wp-content\/uploads\/2026\/06\/Antonio_de_Los_cobres-134-1024x768.jpg\" alt=\"\" width=\"1024\" height=\"768\" srcset=\"https:\/\/www.askja-on-tour.ch\/wp-content\/uploads\/2026\/06\/Antonio_de_Los_cobres-134-1024x768.jpg 1024w, https:\/\/www.askja-on-tour.ch\/wp-content\/uploads\/2026\/06\/Antonio_de_Los_cobres-134-1600x1200.jpg 1600w, https:\/\/www.askja-on-tour.ch\/wp-content\/uploads\/2026\/06\/Antonio_de_Los_cobres-134-768x576.jpg 768w, https:\/\/www.askja-on-tour.ch\/wp-content\/uploads\/2026\/06\/Antonio_de_Los_cobres-134-1536x1152.jpg 1536w, https:\/\/www.askja-on-tour.ch\/wp-content\/uploads\/2026\/06\/Antonio_de_Los_cobres-134.jpg 2048w\" sizes=\"auto, (max-width: 1024px) 100vw, 1024px\" \/><\/p>\n<p>Und auf unserer Reise haben wir immer wieder neue Verkehrszeichen entdeckt, die nat\u00fcrlich auch auf das Foto mussten.<\/p>\n<figure id=\"attachment_30658\" aria-describedby=\"caption-attachment-30658\" style=\"width: 1024px\" class=\"wp-caption alignnone\"><img loading=\"lazy\" decoding=\"async\" class=\"size-medium wp-image-30658\" src=\"https:\/\/www.askja-on-tour.ch\/wp-content\/uploads\/2026\/06\/Antonio_de_Los_cobres-022-1024x768.jpg\" alt=\"\" width=\"1024\" height=\"768\" srcset=\"https:\/\/www.askja-on-tour.ch\/wp-content\/uploads\/2026\/06\/Antonio_de_Los_cobres-022-1024x768.jpg 1024w, https:\/\/www.askja-on-tour.ch\/wp-content\/uploads\/2026\/06\/Antonio_de_Los_cobres-022-1600x1200.jpg 1600w, https:\/\/www.askja-on-tour.ch\/wp-content\/uploads\/2026\/06\/Antonio_de_Los_cobres-022-768x576.jpg 768w, https:\/\/www.askja-on-tour.ch\/wp-content\/uploads\/2026\/06\/Antonio_de_Los_cobres-022-1536x1152.jpg 1536w, https:\/\/www.askja-on-tour.ch\/wp-content\/uploads\/2026\/06\/Antonio_de_Los_cobres-022.jpg 2048w\" sizes=\"auto, (max-width: 1024px) 100vw, 1024px\" \/><figcaption id=\"caption-attachment-30658\" class=\"wp-caption-text\">Vikunjas im Stress<\/figcaption><\/figure>\n<p><img loading=\"lazy\" decoding=\"async\" class=\"alignnone size-medium wp-image-30662\" src=\"https:\/\/www.askja-on-tour.ch\/wp-content\/uploads\/2026\/06\/Antonio_de_Los_cobres-026-1024x768.jpg\" alt=\"\" width=\"1024\" height=\"768\" srcset=\"https:\/\/www.askja-on-tour.ch\/wp-content\/uploads\/2026\/06\/Antonio_de_Los_cobres-026-1024x768.jpg 1024w, https:\/\/www.askja-on-tour.ch\/wp-content\/uploads\/2026\/06\/Antonio_de_Los_cobres-026-1600x1200.jpg 1600w, https:\/\/www.askja-on-tour.ch\/wp-content\/uploads\/2026\/06\/Antonio_de_Los_cobres-026-768x576.jpg 768w, https:\/\/www.askja-on-tour.ch\/wp-content\/uploads\/2026\/06\/Antonio_de_Los_cobres-026-1536x1152.jpg 1536w, https:\/\/www.askja-on-tour.ch\/wp-content\/uploads\/2026\/06\/Antonio_de_Los_cobres-026.jpg 2048w\" sizes=\"auto, (max-width: 1024px) 100vw, 1024px\" \/> <img loading=\"lazy\" decoding=\"async\" class=\"alignnone size-medium wp-image-30672\" src=\"https:\/\/www.askja-on-tour.ch\/wp-content\/uploads\/2026\/06\/Antonio_de_Los_cobres-036-768x1024.jpg\" alt=\"\" width=\"768\" height=\"1024\" srcset=\"https:\/\/www.askja-on-tour.ch\/wp-content\/uploads\/2026\/06\/Antonio_de_Los_cobres-036-768x1024.jpg 768w, https:\/\/www.askja-on-tour.ch\/wp-content\/uploads\/2026\/06\/Antonio_de_Los_cobres-036-1200x1600.jpg 1200w, https:\/\/www.askja-on-tour.ch\/wp-content\/uploads\/2026\/06\/Antonio_de_Los_cobres-036-1152x1536.jpg 1152w, https:\/\/www.askja-on-tour.ch\/wp-content\/uploads\/2026\/06\/Antonio_de_Los_cobres-036.jpg 1536w\" sizes=\"auto, (max-width: 768px) 100vw, 768px\" \/> <img loading=\"lazy\" decoding=\"async\" class=\"alignnone size-medium wp-image-30673\" src=\"https:\/\/www.askja-on-tour.ch\/wp-content\/uploads\/2026\/06\/Antonio_de_Los_cobres-037-1024x768.jpg\" alt=\"\" width=\"1024\" height=\"768\" srcset=\"https:\/\/www.askja-on-tour.ch\/wp-content\/uploads\/2026\/06\/Antonio_de_Los_cobres-037-1024x768.jpg 1024w, https:\/\/www.askja-on-tour.ch\/wp-content\/uploads\/2026\/06\/Antonio_de_Los_cobres-037-1600x1200.jpg 1600w, https:\/\/www.askja-on-tour.ch\/wp-content\/uploads\/2026\/06\/Antonio_de_Los_cobres-037-768x576.jpg 768w, https:\/\/www.askja-on-tour.ch\/wp-content\/uploads\/2026\/06\/Antonio_de_Los_cobres-037-1536x1152.jpg 1536w, https:\/\/www.askja-on-tour.ch\/wp-content\/uploads\/2026\/06\/Antonio_de_Los_cobres-037.jpg 2048w\" sizes=\"auto, (max-width: 1024px) 100vw, 1024px\" \/> <img loading=\"lazy\" decoding=\"async\" class=\"alignnone size-medium wp-image-30685\" src=\"https:\/\/www.askja-on-tour.ch\/wp-content\/uploads\/2026\/06\/Antonio_de_Los_cobres-049-1024x768.jpg\" alt=\"\" width=\"1024\" height=\"768\" srcset=\"https:\/\/www.askja-on-tour.ch\/wp-content\/uploads\/2026\/06\/Antonio_de_Los_cobres-049-1024x768.jpg 1024w, https:\/\/www.askja-on-tour.ch\/wp-content\/uploads\/2026\/06\/Antonio_de_Los_cobres-049-1600x1200.jpg 1600w, https:\/\/www.askja-on-tour.ch\/wp-content\/uploads\/2026\/06\/Antonio_de_Los_cobres-049-768x576.jpg 768w, https:\/\/www.askja-on-tour.ch\/wp-content\/uploads\/2026\/06\/Antonio_de_Los_cobres-049-1536x1152.jpg 1536w, https:\/\/www.askja-on-tour.ch\/wp-content\/uploads\/2026\/06\/Antonio_de_Los_cobres-049.jpg 2048w\" sizes=\"auto, (max-width: 1024px) 100vw, 1024px\" \/><\/p>\n<p>Danach sind wir nach Salta gefahren, wo wir einige Tage verbringen, inkl. Werkstatttermin, ehe wir nach Cafayate fahren. Hierzu gibt es aber ein weiterer Blog.<\/p>\n<p>\u00a0<\/p>\n","protected":false},"excerpt":{"rendered":"<p>Highlights: El Cono de Arita, weitere traumhafte Landschaften der Puna, el Tren a las Nuves, San Antonio de los Cobres Karte mit unserer aktuellen Route Von Antofagasta de la Sierra sind wir weiter durch die wunderbare Puna gerollt, sind dabei<\/p>\n","protected":false},"author":3,"featured_media":0,"comment_status":"open","ping_status":"closed","sticky":false,"template":"","format":"standard","meta":{"footnotes":""},"categories":[61,4,50],"tags":[],"class_list":["post-30636","post","type-post","status-publish","format-standard","hentry","category-argentinien_2026","category-reiseberichte","category-suedamerika_2024_2026"],"_links":{"self":[{"href":"https:\/\/www.askja-on-tour.ch\/index.php?rest_route=\/wp\/v2\/posts\/30636","targetHints":{"allow":["GET"]}}],"collection":[{"href":"https:\/\/www.askja-on-tour.ch\/index.php?rest_route=\/wp\/v2\/posts"}],"about":[{"href":"https:\/\/www.askja-on-tour.ch\/index.php?rest_route=\/wp\/v2\/types\/post"}],"author":[{"embeddable":true,"href":"https:\/\/www.askja-on-tour.ch\/index.php?rest_route=\/wp\/v2\/users\/3"}],"replies":[{"embeddable":true,"href":"https:\/\/www.askja-on-tour.ch\/index.php?rest_route=%2Fwp%2Fv2%2Fcomments&post=30636"}],"version-history":[{"count":9,"href":"https:\/\/www.askja-on-tour.ch\/index.php?rest_route=\/wp\/v2\/posts\/30636\/revisions"}],"predecessor-version":[{"id":30782,"href":"https:\/\/www.askja-on-tour.ch\/index.php?rest_route=\/wp\/v2\/posts\/30636\/revisions\/30782"}],"wp:attachment":[{"href":"https:\/\/www.askja-on-tour.ch\/index.php?rest_route=%2Fwp%2Fv2%2Fmedia&parent=30636"}],"wp:term":[{"taxonomy":"category","embeddable":true,"href":"https:\/\/www.askja-on-tour.ch\/index.php?rest_route=%2Fwp%2Fv2%2Fcategories&post=30636"},{"taxonomy":"post_tag","embeddable":true,"href":"https:\/\/www.askja-on-tour.ch\/index.php?rest_route=%2Fwp%2Fv2%2Ftags&post=30636"}],"curies":[{"name":"wp","href":"https:\/\/api.w.org\/{rel}","templated":true}]}}