{"id":3048,"date":"2018-11-29T18:44:59","date_gmt":"2018-11-29T18:44:59","guid":{"rendered":"https:\/\/www.askja-on-tour.ch\/?p=3048"},"modified":"2018-11-29T19:46:17","modified_gmt":"2018-11-29T19:46:17","slug":"mittwoch-28-11-2018-von-fes-auf-der-direttissima-nach-chefchaouen-und-was-dazwischen-war","status":"publish","type":"post","link":"https:\/\/www.askja-on-tour.ch\/?p=3048","title":{"rendered":"Mittwoch, 28.11.2018: Von F\u00e8s auf der Direttissima nach Chefchaou\u00e8n \u2013 und was dazwischen war"},"content":{"rendered":"<p>Heute wollten wir von F\u00e8s noch nach Moulay Idriss \u2013 aber daraus wurde nichts. Wir haben den Vormittag verplempert \u2013 aber es war angenehm und wichtig!<\/p>\n<p>Gestern kamen G\u00fcnther und Brigitte mit ihrem MAN \u00abSimba\u00bb auf den Platz &#8211; diese beiden waren gerade 14 Monate in Afrika und auf der R\u00fcckreise. Die beiden sind aus Norddeutschland. Kennen gelernt haben wir uns gestern schon und heute Morgen gab es noch mehr Themen und Adressenaustausch.<\/p>\n<p>Nach dem \u00abHaushalt\u00bb haben wir den Strom abgeh\u00e4ngt und uns soweit abfahrbereit gemacht, damit wir zum Wasserbunkern an den \u00abBrunnen\u00bb fahren konnten. Wir haben unsere Filteranlage fix ausgepackt und den \u00abWasserdieb\u00bb angeh\u00e4ngt, da es keinen richtiger Schraubanschluss gab. Da gingen wir noch davon aus, dass wir die Pumpe der Filteranlage nicht brauchen. Doch kaum war der Wasserdieb angeschlossen und Hahn ge\u00f6ffnet (ist meine Aufgabe), stand ich wie ein begossener Pudel in der Landschaft. Das bl\u00f6de Ding hat sich gel\u00f6st, weil der Hahn zu klein und zu glitschig war. Somit war nur die L\u00f6sung mit Kanister und Pumpe. Rasch aufgebaut \u2013 aber, die Filteranlage stockte, hustete und stoppte schliesslich. Erst machte sich bei uns mal Ratlosigkeit breit, bis Norbert einen Kohle-\/Keramik-Filter rausschraubte (wir haben zwei parallel geschaltet) und feststellen mussten, dass diese bereits nach 2&#8217;000 Liter Wasserbunkern total verdreckt, d.h. verschleimt waren. Vermutlich ist das Wasser doch nicht so gut, wie immer erz\u00e4hlt wird, und wir sind froh, dieses so nicht im Tank zu haben. Nach dem Filterwechsel lief alles einwandfrei und wir konnten einiges sp\u00e4ter als geplant losfahren.<\/p>\n<p>In F\u00e8s gibt es direkt beim Camping-Platz einen grossen Marjane, dem wir noch einen Besuch abgestattet haben. Wir wollen ja noch ein paar landestypische kleine Geschenke mitnehmen.<\/p>\n<p>Somit war es schon 13.00 Uhr, als wir F\u00e8s verlassen hatten und bis Chefchaou\u00e8n waren es gut 250 km. Auf der Route, N13 (also Nationalstrasse) kommt man im Durchschnitt mit 55 km\/h voran, wenn man das Fahrzeug einigermassen schonen will. Es hat Schlagl\u00f6cher, Schwellen, Senken, aufgerissene Strassenstellen und einiges mehr, die ein rasches Vorw\u00e4rtskommen verunm\u00f6glicht. Wir hofften, um 18.00 Uhr in Chefchaou\u00e8n zu sein \u2013 tats\u00e4chlich sind wir um 19.00 Uhr auf dem Campingplatz \u00abMunicipal\u00bb angekommen, der direkt oberhalb der Medina liegt.<\/p>\n<p>Die Fotoauswahl ist sehr mager \u2013 zwei Schnappsch\u00fcsse aus dem Auto.<\/p>\n<p><img loading=\"lazy\" decoding=\"async\" class=\"alignnone size-medium wp-image-3051\" src=\"https:\/\/www.askja-on-tour.ch\/wp-content\/uploads\/2018\/11\/Mittwoch-2811-001-1024x769.jpg\" alt=\"\" width=\"1024\" height=\"769\" srcset=\"https:\/\/www.askja-on-tour.ch\/wp-content\/uploads\/2018\/11\/Mittwoch-2811-001-1024x769.jpg 1024w, https:\/\/www.askja-on-tour.ch\/wp-content\/uploads\/2018\/11\/Mittwoch-2811-001-768x576.jpg 768w, https:\/\/www.askja-on-tour.ch\/wp-content\/uploads\/2018\/11\/Mittwoch-2811-001.jpg 1600w\" sizes=\"auto, (max-width: 1024px) 100vw, 1024px\" \/><\/p>\n<p><img loading=\"lazy\" decoding=\"async\" class=\"alignnone size-medium wp-image-3056\" src=\"https:\/\/www.askja-on-tour.ch\/wp-content\/uploads\/2018\/11\/Mittwoch-2811-006-1024x769.jpg\" alt=\"\" width=\"1024\" height=\"769\" srcset=\"https:\/\/www.askja-on-tour.ch\/wp-content\/uploads\/2018\/11\/Mittwoch-2811-006-1024x769.jpg 1024w, https:\/\/www.askja-on-tour.ch\/wp-content\/uploads\/2018\/11\/Mittwoch-2811-006-768x576.jpg 768w, https:\/\/www.askja-on-tour.ch\/wp-content\/uploads\/2018\/11\/Mittwoch-2811-006.jpg 1600w\" sizes=\"auto, (max-width: 1024px) 100vw, 1024px\" \/><\/p>\n<p>Auff\u00e4llig ist, dass zwischen M\u00e8knes und Chefchaou\u00e8n, am Fusse des Rif-Gebirges riesige Vorr\u00e4te an Stroh gelagert werden. Sollten wir in der Schweiz also mal wieder einen Engpass haben \u2013 hier wird geholfen.<\/p>\n<p><img loading=\"lazy\" decoding=\"async\" class=\"alignnone size-medium wp-image-3052\" src=\"https:\/\/www.askja-on-tour.ch\/wp-content\/uploads\/2018\/11\/Mittwoch-2811-002-1024x769.jpg\" alt=\"\" width=\"1024\" height=\"769\" srcset=\"https:\/\/www.askja-on-tour.ch\/wp-content\/uploads\/2018\/11\/Mittwoch-2811-002-1024x769.jpg 1024w, https:\/\/www.askja-on-tour.ch\/wp-content\/uploads\/2018\/11\/Mittwoch-2811-002-768x576.jpg 768w, https:\/\/www.askja-on-tour.ch\/wp-content\/uploads\/2018\/11\/Mittwoch-2811-002.jpg 1600w\" sizes=\"auto, (max-width: 1024px) 100vw, 1024px\" \/><\/p>\n<p><img loading=\"lazy\" decoding=\"async\" class=\"alignnone size-medium wp-image-3053\" src=\"https:\/\/www.askja-on-tour.ch\/wp-content\/uploads\/2018\/11\/Mittwoch-2811-003-1024x769.jpg\" alt=\"\" width=\"1024\" height=\"769\" srcset=\"https:\/\/www.askja-on-tour.ch\/wp-content\/uploads\/2018\/11\/Mittwoch-2811-003-1024x769.jpg 1024w, https:\/\/www.askja-on-tour.ch\/wp-content\/uploads\/2018\/11\/Mittwoch-2811-003-768x576.jpg 768w, https:\/\/www.askja-on-tour.ch\/wp-content\/uploads\/2018\/11\/Mittwoch-2811-003.jpg 1600w\" sizes=\"auto, (max-width: 1024px) 100vw, 1024px\" \/><\/p>\n<p><img loading=\"lazy\" decoding=\"async\" class=\"alignnone size-medium wp-image-3054\" src=\"https:\/\/www.askja-on-tour.ch\/wp-content\/uploads\/2018\/11\/Mittwoch-2811-004-1024x769.jpg\" alt=\"\" width=\"1024\" height=\"769\" srcset=\"https:\/\/www.askja-on-tour.ch\/wp-content\/uploads\/2018\/11\/Mittwoch-2811-004-1024x769.jpg 1024w, https:\/\/www.askja-on-tour.ch\/wp-content\/uploads\/2018\/11\/Mittwoch-2811-004-768x576.jpg 768w, https:\/\/www.askja-on-tour.ch\/wp-content\/uploads\/2018\/11\/Mittwoch-2811-004.jpg 1600w\" sizes=\"auto, (max-width: 1024px) 100vw, 1024px\" \/><\/p>\n<p><img loading=\"lazy\" decoding=\"async\" class=\"alignnone size-medium wp-image-3055\" src=\"https:\/\/www.askja-on-tour.ch\/wp-content\/uploads\/2018\/11\/Mittwoch-2811-005-1024x769.jpg\" alt=\"\" width=\"1024\" height=\"769\" srcset=\"https:\/\/www.askja-on-tour.ch\/wp-content\/uploads\/2018\/11\/Mittwoch-2811-005-1024x769.jpg 1024w, https:\/\/www.askja-on-tour.ch\/wp-content\/uploads\/2018\/11\/Mittwoch-2811-005-768x576.jpg 768w, https:\/\/www.askja-on-tour.ch\/wp-content\/uploads\/2018\/11\/Mittwoch-2811-005.jpg 1600w\" sizes=\"auto, (max-width: 1024px) 100vw, 1024px\" \/><\/p>\n<p>Ah ja \u2013 und unsere liebe Polizei: sie \u00fcbertrifft sich seit einigen Tagen selber mit Kontrollen. Ich hatte ja schon mal geschrieben, dass diese Polizeikontrolle mit 60 \u2013 40 \u2013 20 km\/h-Tafeln und dann Stop angezeigt wird. Wenn man zu schnell f\u00e4hrt, sieht man dieses uns besten bekannte Handzeichen \u00abna ja \u2013 diesmal lassen wir es durchgehen\u00bb. Wir halten uns inzwischen genau daran und warten darauf, dass der Polizist die Handbewegung macht \u00abdurchfahren\u00bb. Die l\u00e4sst oft sehr lange auf sich warten \u2013 manchmal stehen wir da und warten\u00a0bis er sich bequemt, einem durchzuwinken. Das Warten kann l\u00e4nger werden, wenn er grade einen Kumpel trifft, dann wird erst mal palavert. Ist schon etwas nervig \u2013 aber wir bleiben sch\u00f6n ruhig, um Ungemach aus dem Weg zu gehen<\/p>\n<p>Morgen werden wir uns Chefchaou\u00e8n \u2013 die blaue Stadt ansehen und hoffen, dass wir einen Maroc Telecom-Laden finden, um unsere SIM-Karte zu entsperren. Da der Code f\u00fcr das neue Datenpaket nicht richtig lesbar war, haben wir zu oft verschiedene Kombinationen probiert und dadurch die SIM-Karte gesperrt. J\u00e4 nu \u2013 neuer Tag, neues Gl\u00fcck.<\/p>\n","protected":false},"excerpt":{"rendered":"<p>Heute wollten wir von F\u00e8s noch nach Moulay Idriss \u2013 aber daraus wurde nichts. Wir haben den Vormittag verplempert \u2013 aber es war angenehm und wichtig! Gestern kamen G\u00fcnther und Brigitte mit ihrem MAN \u00abSimba\u00bb auf den Platz &#8211; diese<\/p>\n","protected":false},"author":3,"featured_media":0,"comment_status":"open","ping_status":"closed","sticky":false,"template":"","format":"standard","meta":{"footnotes":""},"categories":[4,7],"tags":[],"class_list":["post-3048","post","type-post","status-publish","format-standard","hentry","category-reiseberichte","category-marokko2018"],"_links":{"self":[{"href":"https:\/\/www.askja-on-tour.ch\/index.php?rest_route=\/wp\/v2\/posts\/3048","targetHints":{"allow":["GET"]}}],"collection":[{"href":"https:\/\/www.askja-on-tour.ch\/index.php?rest_route=\/wp\/v2\/posts"}],"about":[{"href":"https:\/\/www.askja-on-tour.ch\/index.php?rest_route=\/wp\/v2\/types\/post"}],"author":[{"embeddable":true,"href":"https:\/\/www.askja-on-tour.ch\/index.php?rest_route=\/wp\/v2\/users\/3"}],"replies":[{"embeddable":true,"href":"https:\/\/www.askja-on-tour.ch\/index.php?rest_route=%2Fwp%2Fv2%2Fcomments&post=3048"}],"version-history":[{"count":7,"href":"https:\/\/www.askja-on-tour.ch\/index.php?rest_route=\/wp\/v2\/posts\/3048\/revisions"}],"predecessor-version":[{"id":3152,"href":"https:\/\/www.askja-on-tour.ch\/index.php?rest_route=\/wp\/v2\/posts\/3048\/revisions\/3152"}],"wp:attachment":[{"href":"https:\/\/www.askja-on-tour.ch\/index.php?rest_route=%2Fwp%2Fv2%2Fmedia&parent=3048"}],"wp:term":[{"taxonomy":"category","embeddable":true,"href":"https:\/\/www.askja-on-tour.ch\/index.php?rest_route=%2Fwp%2Fv2%2Fcategories&post=3048"},{"taxonomy":"post_tag","embeddable":true,"href":"https:\/\/www.askja-on-tour.ch\/index.php?rest_route=%2Fwp%2Fv2%2Ftags&post=3048"}],"curies":[{"name":"wp","href":"https:\/\/api.w.org\/{rel}","templated":true}]}}