{"id":30391,"date":"2026-05-25T00:11:49","date_gmt":"2026-05-25T00:11:49","guid":{"rendered":"https:\/\/www.askja-on-tour.ch\/?p=30391"},"modified":"2026-05-25T00:11:51","modified_gmt":"2026-05-25T00:11:51","slug":"23-05-24-05-2026-cordoba-im-zweiten-anlauf-klappt-es-aber-am-sonntag-wegen-zu-geschlossen","status":"publish","type":"post","link":"https:\/\/www.askja-on-tour.ch\/?p=30391","title":{"rendered":"23.05. \u2013 24.05.2026: C\u00f3rdoba \u2013 im zweiten Anlauf klappt es, aber am Sonntag wegen zu geschlossen"},"content":{"rendered":"\n<p>Auf dem Weg von Miramar de Ansenuza nach C\u00f3rdoba planten wir noch einen Abstecher zur Estancia Jesuitas de Santa Catalina machen, die Teil des UNESCO-Weltkulturerbes. Sie bietet oder w\u00fcrde bieten &#8211; einen sch\u00f6nen Einblick in die Geschichte der Jesuiten und die Kolonialarchitektur. Leider war die Kirche f\u00fcr ein Konzert geschlossen. Teile der Estanzia, die nicht im Privatbesitz sind, waren ebenfalls geschlossen.<\/p>\n<figure id=\"attachment_30392\" aria-describedby=\"caption-attachment-30392\" style=\"width: 1024px\" class=\"wp-caption alignnone\"><img loading=\"lazy\" decoding=\"async\" class=\"size-medium wp-image-30392\" src=\"https:\/\/www.askja-on-tour.ch\/wp-content\/uploads\/2026\/05\/Cordoba-001-1024x769.jpg\" alt=\"\" width=\"1024\" height=\"769\" srcset=\"https:\/\/www.askja-on-tour.ch\/wp-content\/uploads\/2026\/05\/Cordoba-001-1024x769.jpg 1024w, https:\/\/www.askja-on-tour.ch\/wp-content\/uploads\/2026\/05\/Cordoba-001-1600x1201.jpg 1600w, https:\/\/www.askja-on-tour.ch\/wp-content\/uploads\/2026\/05\/Cordoba-001-768x576.jpg 768w, https:\/\/www.askja-on-tour.ch\/wp-content\/uploads\/2026\/05\/Cordoba-001-1536x1153.jpg 1536w, https:\/\/www.askja-on-tour.ch\/wp-content\/uploads\/2026\/05\/Cordoba-001.jpg 2048w\" sizes=\"auto, (max-width: 1024px) 100vw, 1024px\" \/><figcaption id=\"caption-attachment-30392\" class=\"wp-caption-text\">Estancia Jesuitas de Santa Catalina<\/figcaption><\/figure>\n<p>So sind wir nach einem kurzen Blick auf die Kirche wieder weitergefahren Richtung C\u00f3rdoba, wo wir gegen 17.00 Uhr eingetroffen sind.<\/p>\n<p>Wir haben wieder den Camping- und Freizeitgplatz Municipal San Martin angesteuert, da es nichts anderes gibt und uns irgendwo auf der Strasse hinstellen wollen wir nicht. Uns hat fast der Schlag getroffen als wir das Schild am W\u00e4rterh\u00e4uschen gesehen haben \u201eGESCHLOSSEN am 23. \u2013 25.5.2026. Zum Gl\u00fcck waren zwei Mitarbeiter da und erkl\u00e4rten uns, dass sie f\u00fcr Camper und jegliche Freizeitaktivit\u00e4ten geschlossen haben. Nach einiger Diskussion und Erkl\u00e4rung, dass wir keine Infrastruktur ben\u00f6tigen, haben sie den Vorgesetzten kontaktiert und wir durften reinfahren. Erkl\u00e4rung war dann, dass Ausl\u00e4nder campen d\u00fcrfen, Argentinier aber nicht. Der Grund sei das Hochrisiko-Final-Spiel am 24.5.: Club Atl\u00e9tico Belgrano Cordoba vs. Club Atl\u00e9tico River Plate, Buenos Aires (Belgrano Cordoba hat den Final 3 : 1 gewonnen). Sie dulden auf dem Platz weder feiernde noch randalierende Fans. Hauptsache wir d\u00fcrfen hier zwei N\u00e4chte stehen.<\/p>\n<figure id=\"attachment_30393\" aria-describedby=\"caption-attachment-30393\" style=\"width: 1024px\" class=\"wp-caption alignnone\"><img loading=\"lazy\" decoding=\"async\" class=\"size-medium wp-image-30393\" src=\"https:\/\/www.askja-on-tour.ch\/wp-content\/uploads\/2026\/05\/Cordoba-002-1024x768.jpg\" alt=\"\" width=\"1024\" height=\"768\" srcset=\"https:\/\/www.askja-on-tour.ch\/wp-content\/uploads\/2026\/05\/Cordoba-002-1024x768.jpg 1024w, https:\/\/www.askja-on-tour.ch\/wp-content\/uploads\/2026\/05\/Cordoba-002-1600x1200.jpg 1600w, https:\/\/www.askja-on-tour.ch\/wp-content\/uploads\/2026\/05\/Cordoba-002-768x576.jpg 768w, https:\/\/www.askja-on-tour.ch\/wp-content\/uploads\/2026\/05\/Cordoba-002-1536x1152.jpg 1536w, https:\/\/www.askja-on-tour.ch\/wp-content\/uploads\/2026\/05\/Cordoba-002.jpg 2048w\" sizes=\"auto, (max-width: 1024px) 100vw, 1024px\" \/><figcaption id=\"caption-attachment-30393\" class=\"wp-caption-text\">Camping- und Freizeitplatz Municipal San Martin<\/figcaption><\/figure>\n<figure id=\"attachment_30394\" aria-describedby=\"caption-attachment-30394\" style=\"width: 1024px\" class=\"wp-caption alignnone\"><img loading=\"lazy\" decoding=\"async\" class=\"size-medium wp-image-30394\" src=\"https:\/\/www.askja-on-tour.ch\/wp-content\/uploads\/2026\/05\/Cordoba-003-1024x768.jpg\" alt=\"\" width=\"1024\" height=\"768\" srcset=\"https:\/\/www.askja-on-tour.ch\/wp-content\/uploads\/2026\/05\/Cordoba-003-1024x768.jpg 1024w, https:\/\/www.askja-on-tour.ch\/wp-content\/uploads\/2026\/05\/Cordoba-003-1600x1200.jpg 1600w, https:\/\/www.askja-on-tour.ch\/wp-content\/uploads\/2026\/05\/Cordoba-003-768x576.jpg 768w, https:\/\/www.askja-on-tour.ch\/wp-content\/uploads\/2026\/05\/Cordoba-003-1536x1152.jpg 1536w, https:\/\/www.askja-on-tour.ch\/wp-content\/uploads\/2026\/05\/Cordoba-003.jpg 2048w\" sizes=\"auto, (max-width: 1024px) 100vw, 1024px\" \/><figcaption id=\"caption-attachment-30394\" class=\"wp-caption-text\">Camping- und Freizeitplatz Municipal San Martin<\/figcaption><\/figure>\n<p>Letztes Mal wollten wir mit unserem WoMo nach C\u00f3rdoba reinfahren, weil wir Bedenken hatten unser Wohnmobil auf dem Platz stehen zu lassen, wir fanden aber keinen Parkplatz in der Stadt, der gross genug war. Dieses Mal haben wir uns gesagt, dass es wohl sicher sei, das Auto auf dem Campingplatz stehen zu lassen, da eine sehr hohe Polizeipr\u00e4senz zu beobachten war. Somit stand dem Besuch von C\u00f3rdoba nichts im Wege, ausser dass es Sonntag ist und \u2013 f\u00fcr S\u00fcdamerika kaum zu glauben \u2013 fast alles geschlossen ist. Kirchen, Kathedrale, Museen, Gesch\u00e4fte.<\/p>\n<p>C\u00f3rdoba ist die zweitgr\u00f6sste Stadt Argentiniens und hat mit 1,5 Mio. Einwohner knapp weniger Einwohner als Buenos Aires. Es sind noch viele Geb\u00e4ude im Stil der spanischen Kolonialzeit erhalten. Besonders ist auch die im 17. Jh. errichtete Manzana Jesu\u00edtica (Block der Jesuiten), welcher aktiv genutzte Kl\u00f6ster und Kirchen umfasst und zum UNESCO-Weltkulturerbe geh\u00f6rt. Das Zentrum der Stadt bildet die Plaza San Mart\u00edn mit der neobarocken Kathedrale. Und \u2013 habe ich es schon erw\u00e4hnt, dass Sonntag ist &#8211; alles war geschlossen.<\/p>\n<figure id=\"attachment_30395\" aria-describedby=\"caption-attachment-30395\" style=\"width: 768px\" class=\"wp-caption alignnone\"><img loading=\"lazy\" decoding=\"async\" class=\"size-medium wp-image-30395\" src=\"https:\/\/www.askja-on-tour.ch\/wp-content\/uploads\/2026\/05\/Cordoba-004-768x1024.jpg\" alt=\"\" width=\"768\" height=\"1024\" srcset=\"https:\/\/www.askja-on-tour.ch\/wp-content\/uploads\/2026\/05\/Cordoba-004-768x1024.jpg 768w, https:\/\/www.askja-on-tour.ch\/wp-content\/uploads\/2026\/05\/Cordoba-004-1200x1600.jpg 1200w, https:\/\/www.askja-on-tour.ch\/wp-content\/uploads\/2026\/05\/Cordoba-004-1152x1536.jpg 1152w, https:\/\/www.askja-on-tour.ch\/wp-content\/uploads\/2026\/05\/Cordoba-004.jpg 1536w\" sizes=\"auto, (max-width: 768px) 100vw, 768px\" \/><figcaption id=\"caption-attachment-30395\" class=\"wp-caption-text\">Bankgeb\u00e4ude<\/figcaption><\/figure>\n<figure id=\"attachment_30396\" aria-describedby=\"caption-attachment-30396\" style=\"width: 768px\" class=\"wp-caption alignnone\"><img loading=\"lazy\" decoding=\"async\" class=\"size-medium wp-image-30396\" src=\"https:\/\/www.askja-on-tour.ch\/wp-content\/uploads\/2026\/05\/Cordoba-005-768x1024.jpg\" alt=\"\" width=\"768\" height=\"1024\" srcset=\"https:\/\/www.askja-on-tour.ch\/wp-content\/uploads\/2026\/05\/Cordoba-005-768x1024.jpg 768w, https:\/\/www.askja-on-tour.ch\/wp-content\/uploads\/2026\/05\/Cordoba-005-1200x1600.jpg 1200w, https:\/\/www.askja-on-tour.ch\/wp-content\/uploads\/2026\/05\/Cordoba-005-1152x1536.jpg 1152w, https:\/\/www.askja-on-tour.ch\/wp-content\/uploads\/2026\/05\/Cordoba-005.jpg 1536w\" sizes=\"auto, (max-width: 768px) 100vw, 768px\" \/><figcaption id=\"caption-attachment-30396\" class=\"wp-caption-text\">Figur auf dem Plaza San Mart\u00edn<\/figcaption><\/figure>\n<figure id=\"attachment_30397\" aria-describedby=\"caption-attachment-30397\" style=\"width: 1024px\" class=\"wp-caption alignnone\"><img loading=\"lazy\" decoding=\"async\" class=\"size-medium wp-image-30397\" src=\"https:\/\/www.askja-on-tour.ch\/wp-content\/uploads\/2026\/05\/Cordoba-006-1024x768.jpg\" alt=\"\" width=\"1024\" height=\"768\" srcset=\"https:\/\/www.askja-on-tour.ch\/wp-content\/uploads\/2026\/05\/Cordoba-006-1024x768.jpg 1024w, https:\/\/www.askja-on-tour.ch\/wp-content\/uploads\/2026\/05\/Cordoba-006-1600x1200.jpg 1600w, https:\/\/www.askja-on-tour.ch\/wp-content\/uploads\/2026\/05\/Cordoba-006-768x576.jpg 768w, https:\/\/www.askja-on-tour.ch\/wp-content\/uploads\/2026\/05\/Cordoba-006-1536x1152.jpg 1536w, https:\/\/www.askja-on-tour.ch\/wp-content\/uploads\/2026\/05\/Cordoba-006.jpg 2048w\" sizes=\"auto, (max-width: 1024px) 100vw, 1024px\" \/><figcaption id=\"caption-attachment-30397\" class=\"wp-caption-text\">Shopping-Center mit sch\u00f6ner Spiegelung der Umgebung<\/figcaption><\/figure>\n<figure id=\"attachment_30398\" aria-describedby=\"caption-attachment-30398\" style=\"width: 768px\" class=\"wp-caption alignnone\"><img loading=\"lazy\" decoding=\"async\" class=\"size-medium wp-image-30398\" src=\"https:\/\/www.askja-on-tour.ch\/wp-content\/uploads\/2026\/05\/Cordoba-007-768x1024.jpg\" alt=\"\" width=\"768\" height=\"1024\" srcset=\"https:\/\/www.askja-on-tour.ch\/wp-content\/uploads\/2026\/05\/Cordoba-007-768x1024.jpg 768w, https:\/\/www.askja-on-tour.ch\/wp-content\/uploads\/2026\/05\/Cordoba-007-1200x1600.jpg 1200w, https:\/\/www.askja-on-tour.ch\/wp-content\/uploads\/2026\/05\/Cordoba-007-1152x1536.jpg 1152w, https:\/\/www.askja-on-tour.ch\/wp-content\/uploads\/2026\/05\/Cordoba-007.jpg 1536w\" sizes=\"auto, (max-width: 768px) 100vw, 768px\" \/><figcaption id=\"caption-attachment-30398\" class=\"wp-caption-text\">Zweite Figur auf dem Plaza San Mart\u00edn<\/figcaption><\/figure>\n<figure id=\"attachment_30399\" aria-describedby=\"caption-attachment-30399\" style=\"width: 1024px\" class=\"wp-caption alignnone\"><img loading=\"lazy\" decoding=\"async\" class=\"size-medium wp-image-30399\" src=\"https:\/\/www.askja-on-tour.ch\/wp-content\/uploads\/2026\/05\/Cordoba-008-1024x768.jpg\" alt=\"\" width=\"1024\" height=\"768\" srcset=\"https:\/\/www.askja-on-tour.ch\/wp-content\/uploads\/2026\/05\/Cordoba-008-1024x768.jpg 1024w, https:\/\/www.askja-on-tour.ch\/wp-content\/uploads\/2026\/05\/Cordoba-008-1600x1200.jpg 1600w, https:\/\/www.askja-on-tour.ch\/wp-content\/uploads\/2026\/05\/Cordoba-008-768x576.jpg 768w, https:\/\/www.askja-on-tour.ch\/wp-content\/uploads\/2026\/05\/Cordoba-008-1536x1152.jpg 1536w, https:\/\/www.askja-on-tour.ch\/wp-content\/uploads\/2026\/05\/Cordoba-008.jpg 2048w\" sizes=\"auto, (max-width: 1024px) 100vw, 1024px\" \/><figcaption id=\"caption-attachment-30399\" class=\"wp-caption-text\">Reiterstatue des argentinischen Nationalhelden General Jos\u00e9 de San Mart\u00edn<\/figcaption><\/figure>\n<figure id=\"attachment_30400\" aria-describedby=\"caption-attachment-30400\" style=\"width: 1024px\" class=\"wp-caption alignnone\"><img loading=\"lazy\" decoding=\"async\" class=\"size-medium wp-image-30400\" src=\"https:\/\/www.askja-on-tour.ch\/wp-content\/uploads\/2026\/05\/Cordoba-009-1024x768.jpg\" alt=\"\" width=\"1024\" height=\"768\" srcset=\"https:\/\/www.askja-on-tour.ch\/wp-content\/uploads\/2026\/05\/Cordoba-009-1024x768.jpg 1024w, https:\/\/www.askja-on-tour.ch\/wp-content\/uploads\/2026\/05\/Cordoba-009-1600x1200.jpg 1600w, https:\/\/www.askja-on-tour.ch\/wp-content\/uploads\/2026\/05\/Cordoba-009-768x576.jpg 768w, https:\/\/www.askja-on-tour.ch\/wp-content\/uploads\/2026\/05\/Cordoba-009-1536x1152.jpg 1536w, https:\/\/www.askja-on-tour.ch\/wp-content\/uploads\/2026\/05\/Cordoba-009.jpg 2048w\" sizes=\"auto, (max-width: 1024px) 100vw, 1024px\" \/><figcaption id=\"caption-attachment-30400\" class=\"wp-caption-text\">An der Reiterstatue des argentinischen Nationalhelden General Jos\u00e9 de San Mart\u00edn<\/figcaption><\/figure>\n<p><img loading=\"lazy\" decoding=\"async\" class=\"alignnone size-medium wp-image-30401\" src=\"https:\/\/www.askja-on-tour.ch\/wp-content\/uploads\/2026\/05\/Cordoba-010-1024x768.jpg\" alt=\"\" width=\"1024\" height=\"768\" srcset=\"https:\/\/www.askja-on-tour.ch\/wp-content\/uploads\/2026\/05\/Cordoba-010-1024x768.jpg 1024w, https:\/\/www.askja-on-tour.ch\/wp-content\/uploads\/2026\/05\/Cordoba-010-1600x1200.jpg 1600w, https:\/\/www.askja-on-tour.ch\/wp-content\/uploads\/2026\/05\/Cordoba-010-768x576.jpg 768w, https:\/\/www.askja-on-tour.ch\/wp-content\/uploads\/2026\/05\/Cordoba-010-1536x1152.jpg 1536w, https:\/\/www.askja-on-tour.ch\/wp-content\/uploads\/2026\/05\/Cordoba-010.jpg 2048w\" sizes=\"auto, (max-width: 1024px) 100vw, 1024px\" \/><\/p>\n<figure id=\"attachment_30402\" aria-describedby=\"caption-attachment-30402\" style=\"width: 1024px\" class=\"wp-caption alignnone\"><img loading=\"lazy\" decoding=\"async\" class=\"size-medium wp-image-30402\" src=\"https:\/\/www.askja-on-tour.ch\/wp-content\/uploads\/2026\/05\/Cordoba-011-1024x768.jpg\" alt=\"\" width=\"1024\" height=\"768\" srcset=\"https:\/\/www.askja-on-tour.ch\/wp-content\/uploads\/2026\/05\/Cordoba-011-1024x768.jpg 1024w, https:\/\/www.askja-on-tour.ch\/wp-content\/uploads\/2026\/05\/Cordoba-011-1600x1200.jpg 1600w, https:\/\/www.askja-on-tour.ch\/wp-content\/uploads\/2026\/05\/Cordoba-011-768x576.jpg 768w, https:\/\/www.askja-on-tour.ch\/wp-content\/uploads\/2026\/05\/Cordoba-011-1536x1152.jpg 1536w, https:\/\/www.askja-on-tour.ch\/wp-content\/uploads\/2026\/05\/Cordoba-011.jpg 2048w\" sizes=\"auto, (max-width: 1024px) 100vw, 1024px\" \/><figcaption id=\"caption-attachment-30402\" class=\"wp-caption-text\">Kathedrale von C\u00f3rdoba<\/figcaption><\/figure>\n<figure id=\"attachment_30403\" aria-describedby=\"caption-attachment-30403\" style=\"width: 768px\" class=\"wp-caption alignnone\"><img loading=\"lazy\" decoding=\"async\" class=\"size-medium wp-image-30403\" src=\"https:\/\/www.askja-on-tour.ch\/wp-content\/uploads\/2026\/05\/Cordoba-012-768x1024.jpg\" alt=\"\" width=\"768\" height=\"1024\" srcset=\"https:\/\/www.askja-on-tour.ch\/wp-content\/uploads\/2026\/05\/Cordoba-012-768x1024.jpg 768w, https:\/\/www.askja-on-tour.ch\/wp-content\/uploads\/2026\/05\/Cordoba-012-1200x1600.jpg 1200w, https:\/\/www.askja-on-tour.ch\/wp-content\/uploads\/2026\/05\/Cordoba-012-1152x1536.jpg 1152w, https:\/\/www.askja-on-tour.ch\/wp-content\/uploads\/2026\/05\/Cordoba-012.jpg 1536w\" sizes=\"auto, (max-width: 768px) 100vw, 768px\" \/><figcaption id=\"caption-attachment-30403\" class=\"wp-caption-text\">Kathedrale von C\u00f3rdoba<\/figcaption><\/figure>\n<figure id=\"attachment_30404\" aria-describedby=\"caption-attachment-30404\" style=\"width: 768px\" class=\"wp-caption alignnone\"><img loading=\"lazy\" decoding=\"async\" class=\"size-medium wp-image-30404\" src=\"https:\/\/www.askja-on-tour.ch\/wp-content\/uploads\/2026\/05\/Cordoba-013-768x1024.jpg\" alt=\"\" width=\"768\" height=\"1024\" srcset=\"https:\/\/www.askja-on-tour.ch\/wp-content\/uploads\/2026\/05\/Cordoba-013-768x1024.jpg 768w, https:\/\/www.askja-on-tour.ch\/wp-content\/uploads\/2026\/05\/Cordoba-013-1200x1600.jpg 1200w, https:\/\/www.askja-on-tour.ch\/wp-content\/uploads\/2026\/05\/Cordoba-013-1152x1536.jpg 1152w, https:\/\/www.askja-on-tour.ch\/wp-content\/uploads\/2026\/05\/Cordoba-013.jpg 1536w\" sizes=\"auto, (max-width: 768px) 100vw, 768px\" \/><figcaption id=\"caption-attachment-30404\" class=\"wp-caption-text\">Der Cura Brochero (eigentlich Jos\u00e9 Gabriel del Rosario Brochero, 1840\u20131914) war ein argentinischer Priester aus der Provinz C\u00f3rdoba. Er ist landesweit als \u201eCura Gaucho\u201c (Gaucho-Priester) bekannt und wurde 2016 von Papst Franziskus als erster in Argentinien geborener Heiliger heiliggesprochen<\/figcaption><\/figure>\n<figure id=\"attachment_30405\" aria-describedby=\"caption-attachment-30405\" style=\"width: 768px\" class=\"wp-caption alignnone\"><img loading=\"lazy\" decoding=\"async\" class=\"size-medium wp-image-30405\" src=\"https:\/\/www.askja-on-tour.ch\/wp-content\/uploads\/2026\/05\/Cordoba-014-768x1024.jpg\" alt=\"\" width=\"768\" height=\"1024\" srcset=\"https:\/\/www.askja-on-tour.ch\/wp-content\/uploads\/2026\/05\/Cordoba-014-768x1024.jpg 768w, https:\/\/www.askja-on-tour.ch\/wp-content\/uploads\/2026\/05\/Cordoba-014-1200x1600.jpg 1200w, https:\/\/www.askja-on-tour.ch\/wp-content\/uploads\/2026\/05\/Cordoba-014-1152x1536.jpg 1152w, https:\/\/www.askja-on-tour.ch\/wp-content\/uploads\/2026\/05\/Cordoba-014.jpg 1536w\" sizes=\"auto, (max-width: 768px) 100vw, 768px\" \/><figcaption id=\"caption-attachment-30405\" class=\"wp-caption-text\">Gr\u00fcnder von C\u00f3rdoba Jer\u00f3nimo Luis de Cabrera<\/figcaption><\/figure>\n<figure id=\"attachment_30406\" aria-describedby=\"caption-attachment-30406\" style=\"width: 768px\" class=\"wp-caption alignnone\"><img loading=\"lazy\" decoding=\"async\" class=\"size-medium wp-image-30406\" src=\"https:\/\/www.askja-on-tour.ch\/wp-content\/uploads\/2026\/05\/Cordoba-015-768x1024.jpg\" alt=\"\" width=\"768\" height=\"1024\" srcset=\"https:\/\/www.askja-on-tour.ch\/wp-content\/uploads\/2026\/05\/Cordoba-015-768x1024.jpg 768w, https:\/\/www.askja-on-tour.ch\/wp-content\/uploads\/2026\/05\/Cordoba-015-1200x1600.jpg 1200w, https:\/\/www.askja-on-tour.ch\/wp-content\/uploads\/2026\/05\/Cordoba-015-1152x1536.jpg 1152w, https:\/\/www.askja-on-tour.ch\/wp-content\/uploads\/2026\/05\/Cordoba-015.jpg 1536w\" sizes=\"auto, (max-width: 768px) 100vw, 768px\" \/><figcaption id=\"caption-attachment-30406\" class=\"wp-caption-text\">Die Malvinas (Feuerland) darf man nicht vergessen &#8211; sie sind nicht verhandelbar (Sicht Argentinien)<\/figcaption><\/figure>\n<figure id=\"attachment_30407\" aria-describedby=\"caption-attachment-30407\" style=\"width: 1024px\" class=\"wp-caption alignnone\"><img loading=\"lazy\" decoding=\"async\" class=\"size-medium wp-image-30407\" src=\"https:\/\/www.askja-on-tour.ch\/wp-content\/uploads\/2026\/05\/Cordoba-016-1024x768.jpg\" alt=\"\" width=\"1024\" height=\"768\" srcset=\"https:\/\/www.askja-on-tour.ch\/wp-content\/uploads\/2026\/05\/Cordoba-016-1024x768.jpg 1024w, https:\/\/www.askja-on-tour.ch\/wp-content\/uploads\/2026\/05\/Cordoba-016-1600x1200.jpg 1600w, https:\/\/www.askja-on-tour.ch\/wp-content\/uploads\/2026\/05\/Cordoba-016-768x576.jpg 768w, https:\/\/www.askja-on-tour.ch\/wp-content\/uploads\/2026\/05\/Cordoba-016-1536x1152.jpg 1536w, https:\/\/www.askja-on-tour.ch\/wp-content\/uploads\/2026\/05\/Cordoba-016.jpg 2048w\" sizes=\"auto, (max-width: 1024px) 100vw, 1024px\" \/><figcaption id=\"caption-attachment-30407\" class=\"wp-caption-text\">Erstes Frauenkloster in C\u00f3rdoba<\/figcaption><\/figure>\n<figure id=\"attachment_30408\" aria-describedby=\"caption-attachment-30408\" style=\"width: 768px\" class=\"wp-caption alignnone\"><img loading=\"lazy\" decoding=\"async\" class=\"size-medium wp-image-30408\" src=\"https:\/\/www.askja-on-tour.ch\/wp-content\/uploads\/2026\/05\/Cordoba-017-768x1024.jpg\" alt=\"\" width=\"768\" height=\"1024\" srcset=\"https:\/\/www.askja-on-tour.ch\/wp-content\/uploads\/2026\/05\/Cordoba-017-768x1024.jpg 768w, https:\/\/www.askja-on-tour.ch\/wp-content\/uploads\/2026\/05\/Cordoba-017-1200x1600.jpg 1200w, https:\/\/www.askja-on-tour.ch\/wp-content\/uploads\/2026\/05\/Cordoba-017-1152x1536.jpg 1152w, https:\/\/www.askja-on-tour.ch\/wp-content\/uploads\/2026\/05\/Cordoba-017.jpg 1536w\" sizes=\"auto, (max-width: 768px) 100vw, 768px\" \/><figcaption id=\"caption-attachment-30408\" class=\"wp-caption-text\">In den Strassen von C\u00f3rdoba<\/figcaption><\/figure>\n<p><img loading=\"lazy\" decoding=\"async\" class=\"alignnone size-medium wp-image-30409\" src=\"https:\/\/www.askja-on-tour.ch\/wp-content\/uploads\/2026\/05\/Cordoba-018-1024x768.jpg\" alt=\"\" width=\"1024\" height=\"768\" srcset=\"https:\/\/www.askja-on-tour.ch\/wp-content\/uploads\/2026\/05\/Cordoba-018-1024x768.jpg 1024w, https:\/\/www.askja-on-tour.ch\/wp-content\/uploads\/2026\/05\/Cordoba-018-1600x1200.jpg 1600w, https:\/\/www.askja-on-tour.ch\/wp-content\/uploads\/2026\/05\/Cordoba-018-768x576.jpg 768w, https:\/\/www.askja-on-tour.ch\/wp-content\/uploads\/2026\/05\/Cordoba-018-1536x1152.jpg 1536w, https:\/\/www.askja-on-tour.ch\/wp-content\/uploads\/2026\/05\/Cordoba-018.jpg 2048w\" sizes=\"auto, (max-width: 1024px) 100vw, 1024px\" \/> <img loading=\"lazy\" decoding=\"async\" class=\"alignnone size-medium wp-image-30410\" src=\"https:\/\/www.askja-on-tour.ch\/wp-content\/uploads\/2026\/05\/Cordoba-019-1024x768.jpg\" alt=\"\" width=\"1024\" height=\"768\" srcset=\"https:\/\/www.askja-on-tour.ch\/wp-content\/uploads\/2026\/05\/Cordoba-019-1024x768.jpg 1024w, https:\/\/www.askja-on-tour.ch\/wp-content\/uploads\/2026\/05\/Cordoba-019-1600x1200.jpg 1600w, https:\/\/www.askja-on-tour.ch\/wp-content\/uploads\/2026\/05\/Cordoba-019-768x576.jpg 768w, https:\/\/www.askja-on-tour.ch\/wp-content\/uploads\/2026\/05\/Cordoba-019-1536x1152.jpg 1536w, https:\/\/www.askja-on-tour.ch\/wp-content\/uploads\/2026\/05\/Cordoba-019.jpg 2048w\" sizes=\"auto, (max-width: 1024px) 100vw, 1024px\" \/><\/p>\n<figure id=\"attachment_30411\" aria-describedby=\"caption-attachment-30411\" style=\"width: 768px\" class=\"wp-caption alignnone\"><img loading=\"lazy\" decoding=\"async\" class=\"size-medium wp-image-30411\" src=\"https:\/\/www.askja-on-tour.ch\/wp-content\/uploads\/2026\/05\/Cordoba-020-768x1024.jpg\" alt=\"\" width=\"768\" height=\"1024\" srcset=\"https:\/\/www.askja-on-tour.ch\/wp-content\/uploads\/2026\/05\/Cordoba-020-768x1024.jpg 768w, https:\/\/www.askja-on-tour.ch\/wp-content\/uploads\/2026\/05\/Cordoba-020-1200x1600.jpg 1200w, https:\/\/www.askja-on-tour.ch\/wp-content\/uploads\/2026\/05\/Cordoba-020-1152x1536.jpg 1152w, https:\/\/www.askja-on-tour.ch\/wp-content\/uploads\/2026\/05\/Cordoba-020.jpg 1536w\" sizes=\"auto, (max-width: 768px) 100vw, 768px\" \/><figcaption id=\"caption-attachment-30411\" class=\"wp-caption-text\">Jesuiten-Kirche<\/figcaption><\/figure>\n<figure id=\"attachment_30412\" aria-describedby=\"caption-attachment-30412\" style=\"width: 768px\" class=\"wp-caption alignnone\"><img loading=\"lazy\" decoding=\"async\" class=\"size-medium wp-image-30412\" src=\"https:\/\/www.askja-on-tour.ch\/wp-content\/uploads\/2026\/05\/Cordoba-021-768x1024.jpg\" alt=\"\" width=\"768\" height=\"1024\" srcset=\"https:\/\/www.askja-on-tour.ch\/wp-content\/uploads\/2026\/05\/Cordoba-021-768x1024.jpg 768w, https:\/\/www.askja-on-tour.ch\/wp-content\/uploads\/2026\/05\/Cordoba-021-1200x1600.jpg 1200w, https:\/\/www.askja-on-tour.ch\/wp-content\/uploads\/2026\/05\/Cordoba-021-1152x1536.jpg 1152w, https:\/\/www.askja-on-tour.ch\/wp-content\/uploads\/2026\/05\/Cordoba-021.jpg 1536w\" sizes=\"auto, (max-width: 768px) 100vw, 768px\" \/><figcaption id=\"caption-attachment-30412\" class=\"wp-caption-text\">Einer der Eing\u00e4nge zur Jesuitenkirche &#8211; JHS<\/figcaption><\/figure>\n<figure id=\"attachment_30418\" aria-describedby=\"caption-attachment-30418\" style=\"width: 768px\" class=\"wp-caption alignnone\"><img loading=\"lazy\" decoding=\"async\" class=\"wp-image-30418 size-medium\" src=\"https:\/\/www.askja-on-tour.ch\/wp-content\/uploads\/2026\/05\/Cordoba-027-768x1024.jpg\" alt=\"\" width=\"768\" height=\"1024\" srcset=\"https:\/\/www.askja-on-tour.ch\/wp-content\/uploads\/2026\/05\/Cordoba-027-768x1024.jpg 768w, https:\/\/www.askja-on-tour.ch\/wp-content\/uploads\/2026\/05\/Cordoba-027-1200x1600.jpg 1200w, https:\/\/www.askja-on-tour.ch\/wp-content\/uploads\/2026\/05\/Cordoba-027-1152x1536.jpg 1152w, https:\/\/www.askja-on-tour.ch\/wp-content\/uploads\/2026\/05\/Cordoba-027.jpg 1536w\" sizes=\"auto, (max-width: 768px) 100vw, 768px\" \/><figcaption id=\"caption-attachment-30418\" class=\"wp-caption-text\">Im Himmel gibt es kein Bier, deshalb trinken wir unseres hier!<\/figcaption><\/figure>\n<p><img loading=\"lazy\" decoding=\"async\" class=\"alignnone size-medium wp-image-30413\" src=\"https:\/\/www.askja-on-tour.ch\/wp-content\/uploads\/2026\/05\/Cordoba-022-768x1024.jpg\" alt=\"\" width=\"768\" height=\"1024\" srcset=\"https:\/\/www.askja-on-tour.ch\/wp-content\/uploads\/2026\/05\/Cordoba-022-768x1024.jpg 768w, https:\/\/www.askja-on-tour.ch\/wp-content\/uploads\/2026\/05\/Cordoba-022-1200x1600.jpg 1200w, https:\/\/www.askja-on-tour.ch\/wp-content\/uploads\/2026\/05\/Cordoba-022-1152x1536.jpg 1152w, https:\/\/www.askja-on-tour.ch\/wp-content\/uploads\/2026\/05\/Cordoba-022.jpg 1536w\" sizes=\"auto, (max-width: 768px) 100vw, 768px\" \/> <img loading=\"lazy\" decoding=\"async\" class=\"alignnone size-medium wp-image-30414\" src=\"https:\/\/www.askja-on-tour.ch\/wp-content\/uploads\/2026\/05\/Cordoba-023-768x1024.jpg\" alt=\"\" width=\"768\" height=\"1024\" srcset=\"https:\/\/www.askja-on-tour.ch\/wp-content\/uploads\/2026\/05\/Cordoba-023-768x1024.jpg 768w, https:\/\/www.askja-on-tour.ch\/wp-content\/uploads\/2026\/05\/Cordoba-023-1200x1600.jpg 1200w, https:\/\/www.askja-on-tour.ch\/wp-content\/uploads\/2026\/05\/Cordoba-023-1152x1536.jpg 1152w, https:\/\/www.askja-on-tour.ch\/wp-content\/uploads\/2026\/05\/Cordoba-023.jpg 1536w\" sizes=\"auto, (max-width: 768px) 100vw, 768px\" \/> <img loading=\"lazy\" decoding=\"async\" class=\"alignnone size-medium wp-image-30415\" src=\"https:\/\/www.askja-on-tour.ch\/wp-content\/uploads\/2026\/05\/Cordoba-024-768x1024.jpg\" alt=\"\" width=\"768\" height=\"1024\" srcset=\"https:\/\/www.askja-on-tour.ch\/wp-content\/uploads\/2026\/05\/Cordoba-024-768x1024.jpg 768w, https:\/\/www.askja-on-tour.ch\/wp-content\/uploads\/2026\/05\/Cordoba-024-1200x1600.jpg 1200w, https:\/\/www.askja-on-tour.ch\/wp-content\/uploads\/2026\/05\/Cordoba-024-1152x1536.jpg 1152w, https:\/\/www.askja-on-tour.ch\/wp-content\/uploads\/2026\/05\/Cordoba-024.jpg 1536w\" sizes=\"auto, (max-width: 768px) 100vw, 768px\" \/> <img loading=\"lazy\" decoding=\"async\" class=\"alignnone size-medium wp-image-30416\" src=\"https:\/\/www.askja-on-tour.ch\/wp-content\/uploads\/2026\/05\/Cordoba-025-1024x768.jpg\" alt=\"\" width=\"1024\" height=\"768\" srcset=\"https:\/\/www.askja-on-tour.ch\/wp-content\/uploads\/2026\/05\/Cordoba-025-1024x768.jpg 1024w, https:\/\/www.askja-on-tour.ch\/wp-content\/uploads\/2026\/05\/Cordoba-025-1600x1200.jpg 1600w, https:\/\/www.askja-on-tour.ch\/wp-content\/uploads\/2026\/05\/Cordoba-025-768x576.jpg 768w, https:\/\/www.askja-on-tour.ch\/wp-content\/uploads\/2026\/05\/Cordoba-025-1536x1152.jpg 1536w, https:\/\/www.askja-on-tour.ch\/wp-content\/uploads\/2026\/05\/Cordoba-025.jpg 2048w\" sizes=\"auto, (max-width: 1024px) 100vw, 1024px\" \/> <img loading=\"lazy\" decoding=\"async\" class=\"alignnone size-medium wp-image-30417\" src=\"https:\/\/www.askja-on-tour.ch\/wp-content\/uploads\/2026\/05\/Cordoba-026-768x1024.jpg\" alt=\"\" width=\"768\" height=\"1024\" srcset=\"https:\/\/www.askja-on-tour.ch\/wp-content\/uploads\/2026\/05\/Cordoba-026-768x1024.jpg 768w, https:\/\/www.askja-on-tour.ch\/wp-content\/uploads\/2026\/05\/Cordoba-026-1200x1600.jpg 1200w, https:\/\/www.askja-on-tour.ch\/wp-content\/uploads\/2026\/05\/Cordoba-026-1152x1536.jpg 1152w, https:\/\/www.askja-on-tour.ch\/wp-content\/uploads\/2026\/05\/Cordoba-026.jpg 1536w\" sizes=\"auto, (max-width: 768px) 100vw, 768px\" \/> <img loading=\"lazy\" decoding=\"async\" class=\"alignnone size-medium wp-image-30419\" src=\"https:\/\/www.askja-on-tour.ch\/wp-content\/uploads\/2026\/05\/Cordoba-028-768x1024.jpg\" alt=\"\" width=\"768\" height=\"1024\" srcset=\"https:\/\/www.askja-on-tour.ch\/wp-content\/uploads\/2026\/05\/Cordoba-028-768x1024.jpg 768w, https:\/\/www.askja-on-tour.ch\/wp-content\/uploads\/2026\/05\/Cordoba-028-1200x1600.jpg 1200w, https:\/\/www.askja-on-tour.ch\/wp-content\/uploads\/2026\/05\/Cordoba-028-1152x1536.jpg 1152w, https:\/\/www.askja-on-tour.ch\/wp-content\/uploads\/2026\/05\/Cordoba-028.jpg 1536w\" sizes=\"auto, (max-width: 768px) 100vw, 768px\" \/> <img loading=\"lazy\" decoding=\"async\" class=\"alignnone size-medium wp-image-30420\" src=\"https:\/\/www.askja-on-tour.ch\/wp-content\/uploads\/2026\/05\/Cordoba-029-768x1024.jpg\" alt=\"\" width=\"768\" height=\"1024\" srcset=\"https:\/\/www.askja-on-tour.ch\/wp-content\/uploads\/2026\/05\/Cordoba-029-768x1024.jpg 768w, https:\/\/www.askja-on-tour.ch\/wp-content\/uploads\/2026\/05\/Cordoba-029-1200x1600.jpg 1200w, https:\/\/www.askja-on-tour.ch\/wp-content\/uploads\/2026\/05\/Cordoba-029-1152x1536.jpg 1152w, https:\/\/www.askja-on-tour.ch\/wp-content\/uploads\/2026\/05\/Cordoba-029.jpg 1536w\" sizes=\"auto, (max-width: 768px) 100vw, 768px\" \/><\/p>\n<figure id=\"attachment_30421\" aria-describedby=\"caption-attachment-30421\" style=\"width: 1024px\" class=\"wp-caption alignnone\"><img loading=\"lazy\" decoding=\"async\" class=\"size-medium wp-image-30421\" src=\"https:\/\/www.askja-on-tour.ch\/wp-content\/uploads\/2026\/05\/Cordoba-030-1024x768.jpg\" alt=\"\" width=\"1024\" height=\"768\" srcset=\"https:\/\/www.askja-on-tour.ch\/wp-content\/uploads\/2026\/05\/Cordoba-030-1024x768.jpg 1024w, https:\/\/www.askja-on-tour.ch\/wp-content\/uploads\/2026\/05\/Cordoba-030-1600x1200.jpg 1600w, https:\/\/www.askja-on-tour.ch\/wp-content\/uploads\/2026\/05\/Cordoba-030-768x576.jpg 768w, https:\/\/www.askja-on-tour.ch\/wp-content\/uploads\/2026\/05\/Cordoba-030-1536x1152.jpg 1536w, https:\/\/www.askja-on-tour.ch\/wp-content\/uploads\/2026\/05\/Cordoba-030.jpg 2048w\" sizes=\"auto, (max-width: 1024px) 100vw, 1024px\" \/><figcaption id=\"caption-attachment-30421\" class=\"wp-caption-text\">Explanada de Buen Pastor (der Vorplatz des Paseo del Buen Pastor) ist ein belebter, zentraler Treffpunkt und Veranstaltungsort im Herzen des Viertels Nueva C\u00f3rdoba<\/figcaption><\/figure>\n<figure id=\"attachment_30422\" aria-describedby=\"caption-attachment-30422\" style=\"width: 768px\" class=\"wp-caption alignnone\"><img loading=\"lazy\" decoding=\"async\" class=\"size-medium wp-image-30422\" src=\"https:\/\/www.askja-on-tour.ch\/wp-content\/uploads\/2026\/05\/Cordoba-031-768x1024.jpg\" alt=\"\" width=\"768\" height=\"1024\" srcset=\"https:\/\/www.askja-on-tour.ch\/wp-content\/uploads\/2026\/05\/Cordoba-031-768x1024.jpg 768w, https:\/\/www.askja-on-tour.ch\/wp-content\/uploads\/2026\/05\/Cordoba-031-1200x1600.jpg 1200w, https:\/\/www.askja-on-tour.ch\/wp-content\/uploads\/2026\/05\/Cordoba-031-1152x1536.jpg 1152w, https:\/\/www.askja-on-tour.ch\/wp-content\/uploads\/2026\/05\/Cordoba-031.jpg 1536w\" sizes=\"auto, (max-width: 768px) 100vw, 768px\" \/><figcaption id=\"caption-attachment-30422\" class=\"wp-caption-text\">Skulpturen rund um Explanada de Buen Pastor<\/figcaption><\/figure>\n<p><img loading=\"lazy\" decoding=\"async\" class=\"alignnone size-medium wp-image-30423\" src=\"https:\/\/www.askja-on-tour.ch\/wp-content\/uploads\/2026\/05\/Cordoba-032-1024x768.jpg\" alt=\"\" width=\"1024\" height=\"768\" srcset=\"https:\/\/www.askja-on-tour.ch\/wp-content\/uploads\/2026\/05\/Cordoba-032-1024x768.jpg 1024w, https:\/\/www.askja-on-tour.ch\/wp-content\/uploads\/2026\/05\/Cordoba-032-1600x1200.jpg 1600w, https:\/\/www.askja-on-tour.ch\/wp-content\/uploads\/2026\/05\/Cordoba-032-768x576.jpg 768w, https:\/\/www.askja-on-tour.ch\/wp-content\/uploads\/2026\/05\/Cordoba-032-1536x1152.jpg 1536w, https:\/\/www.askja-on-tour.ch\/wp-content\/uploads\/2026\/05\/Cordoba-032.jpg 2048w\" sizes=\"auto, (max-width: 1024px) 100vw, 1024px\" \/> <img loading=\"lazy\" decoding=\"async\" class=\"alignnone size-medium wp-image-30424\" src=\"https:\/\/www.askja-on-tour.ch\/wp-content\/uploads\/2026\/05\/Cordoba-033-768x1024.jpg\" alt=\"\" width=\"768\" height=\"1024\" srcset=\"https:\/\/www.askja-on-tour.ch\/wp-content\/uploads\/2026\/05\/Cordoba-033-768x1024.jpg 768w, https:\/\/www.askja-on-tour.ch\/wp-content\/uploads\/2026\/05\/Cordoba-033-1200x1600.jpg 1200w, https:\/\/www.askja-on-tour.ch\/wp-content\/uploads\/2026\/05\/Cordoba-033-1152x1536.jpg 1152w, https:\/\/www.askja-on-tour.ch\/wp-content\/uploads\/2026\/05\/Cordoba-033.jpg 1536w\" sizes=\"auto, (max-width: 768px) 100vw, 768px\" \/> <img loading=\"lazy\" decoding=\"async\" class=\"alignnone size-medium wp-image-30425\" src=\"https:\/\/www.askja-on-tour.ch\/wp-content\/uploads\/2026\/05\/Cordoba-034-1024x768.jpg\" alt=\"\" width=\"1024\" height=\"768\" srcset=\"https:\/\/www.askja-on-tour.ch\/wp-content\/uploads\/2026\/05\/Cordoba-034-1024x768.jpg 1024w, https:\/\/www.askja-on-tour.ch\/wp-content\/uploads\/2026\/05\/Cordoba-034-1600x1200.jpg 1600w, https:\/\/www.askja-on-tour.ch\/wp-content\/uploads\/2026\/05\/Cordoba-034-768x576.jpg 768w, https:\/\/www.askja-on-tour.ch\/wp-content\/uploads\/2026\/05\/Cordoba-034-1536x1152.jpg 1536w, https:\/\/www.askja-on-tour.ch\/wp-content\/uploads\/2026\/05\/Cordoba-034.jpg 2048w\" sizes=\"auto, (max-width: 1024px) 100vw, 1024px\" \/> <img loading=\"lazy\" decoding=\"async\" class=\"alignnone size-medium wp-image-30426\" src=\"https:\/\/www.askja-on-tour.ch\/wp-content\/uploads\/2026\/05\/Cordoba-035-768x1024.jpg\" alt=\"\" width=\"768\" height=\"1024\" srcset=\"https:\/\/www.askja-on-tour.ch\/wp-content\/uploads\/2026\/05\/Cordoba-035-768x1024.jpg 768w, https:\/\/www.askja-on-tour.ch\/wp-content\/uploads\/2026\/05\/Cordoba-035-1200x1600.jpg 1200w, https:\/\/www.askja-on-tour.ch\/wp-content\/uploads\/2026\/05\/Cordoba-035-1152x1536.jpg 1152w, https:\/\/www.askja-on-tour.ch\/wp-content\/uploads\/2026\/05\/Cordoba-035.jpg 1536w\" sizes=\"auto, (max-width: 768px) 100vw, 768px\" \/> <img loading=\"lazy\" decoding=\"async\" class=\"alignnone size-medium wp-image-30427\" src=\"https:\/\/www.askja-on-tour.ch\/wp-content\/uploads\/2026\/05\/Cordoba-036-1024x768.jpg\" alt=\"\" width=\"1024\" height=\"768\" srcset=\"https:\/\/www.askja-on-tour.ch\/wp-content\/uploads\/2026\/05\/Cordoba-036-1024x768.jpg 1024w, https:\/\/www.askja-on-tour.ch\/wp-content\/uploads\/2026\/05\/Cordoba-036-1600x1200.jpg 1600w, https:\/\/www.askja-on-tour.ch\/wp-content\/uploads\/2026\/05\/Cordoba-036-768x576.jpg 768w, https:\/\/www.askja-on-tour.ch\/wp-content\/uploads\/2026\/05\/Cordoba-036-1536x1152.jpg 1536w, https:\/\/www.askja-on-tour.ch\/wp-content\/uploads\/2026\/05\/Cordoba-036.jpg 2048w\" sizes=\"auto, (max-width: 1024px) 100vw, 1024px\" \/> <img loading=\"lazy\" decoding=\"async\" class=\"alignnone size-medium wp-image-30428\" src=\"https:\/\/www.askja-on-tour.ch\/wp-content\/uploads\/2026\/05\/Cordoba-037-768x1024.jpg\" alt=\"\" width=\"768\" height=\"1024\" srcset=\"https:\/\/www.askja-on-tour.ch\/wp-content\/uploads\/2026\/05\/Cordoba-037-768x1024.jpg 768w, https:\/\/www.askja-on-tour.ch\/wp-content\/uploads\/2026\/05\/Cordoba-037-1200x1600.jpg 1200w, https:\/\/www.askja-on-tour.ch\/wp-content\/uploads\/2026\/05\/Cordoba-037-1152x1536.jpg 1152w, https:\/\/www.askja-on-tour.ch\/wp-content\/uploads\/2026\/05\/Cordoba-037.jpg 1536w\" sizes=\"auto, (max-width: 768px) 100vw, 768px\" \/><\/p>\n<figure id=\"attachment_30429\" aria-describedby=\"caption-attachment-30429\" style=\"width: 768px\" class=\"wp-caption alignnone\"><img loading=\"lazy\" decoding=\"async\" class=\"size-medium wp-image-30429\" src=\"https:\/\/www.askja-on-tour.ch\/wp-content\/uploads\/2026\/05\/Cordoba-038-768x1024.jpg\" alt=\"\" width=\"768\" height=\"1024\" srcset=\"https:\/\/www.askja-on-tour.ch\/wp-content\/uploads\/2026\/05\/Cordoba-038-768x1024.jpg 768w, https:\/\/www.askja-on-tour.ch\/wp-content\/uploads\/2026\/05\/Cordoba-038-1200x1600.jpg 1200w, https:\/\/www.askja-on-tour.ch\/wp-content\/uploads\/2026\/05\/Cordoba-038-1152x1536.jpg 1152w, https:\/\/www.askja-on-tour.ch\/wp-content\/uploads\/2026\/05\/Cordoba-038.jpg 1536w\" sizes=\"auto, (max-width: 768px) 100vw, 768px\" \/><figcaption id=\"caption-attachment-30429\" class=\"wp-caption-text\">Ausstellung in der entweihten Kirche bei der Explanada de Buen Pastor<\/figcaption><\/figure>\n<p><img loading=\"lazy\" decoding=\"async\" class=\"alignnone size-medium wp-image-30430\" src=\"https:\/\/www.askja-on-tour.ch\/wp-content\/uploads\/2026\/05\/Cordoba-039-1024x768.jpg\" alt=\"\" width=\"1024\" height=\"768\" srcset=\"https:\/\/www.askja-on-tour.ch\/wp-content\/uploads\/2026\/05\/Cordoba-039-1024x768.jpg 1024w, https:\/\/www.askja-on-tour.ch\/wp-content\/uploads\/2026\/05\/Cordoba-039-1600x1200.jpg 1600w, https:\/\/www.askja-on-tour.ch\/wp-content\/uploads\/2026\/05\/Cordoba-039-768x576.jpg 768w, https:\/\/www.askja-on-tour.ch\/wp-content\/uploads\/2026\/05\/Cordoba-039-1536x1152.jpg 1536w, https:\/\/www.askja-on-tour.ch\/wp-content\/uploads\/2026\/05\/Cordoba-039.jpg 2048w\" sizes=\"auto, (max-width: 1024px) 100vw, 1024px\" \/> <img loading=\"lazy\" decoding=\"async\" class=\"alignnone size-medium wp-image-30431\" src=\"https:\/\/www.askja-on-tour.ch\/wp-content\/uploads\/2026\/05\/Cordoba-040-768x1024.jpg\" alt=\"\" width=\"768\" height=\"1024\" srcset=\"https:\/\/www.askja-on-tour.ch\/wp-content\/uploads\/2026\/05\/Cordoba-040-768x1024.jpg 768w, https:\/\/www.askja-on-tour.ch\/wp-content\/uploads\/2026\/05\/Cordoba-040-1200x1600.jpg 1200w, https:\/\/www.askja-on-tour.ch\/wp-content\/uploads\/2026\/05\/Cordoba-040-1152x1536.jpg 1152w, https:\/\/www.askja-on-tour.ch\/wp-content\/uploads\/2026\/05\/Cordoba-040.jpg 1536w\" sizes=\"auto, (max-width: 768px) 100vw, 768px\" \/> <img loading=\"lazy\" decoding=\"async\" class=\"alignnone size-medium wp-image-30432\" src=\"https:\/\/www.askja-on-tour.ch\/wp-content\/uploads\/2026\/05\/Cordoba-041-768x1024.jpg\" alt=\"\" width=\"768\" height=\"1024\" srcset=\"https:\/\/www.askja-on-tour.ch\/wp-content\/uploads\/2026\/05\/Cordoba-041-768x1024.jpg 768w, https:\/\/www.askja-on-tour.ch\/wp-content\/uploads\/2026\/05\/Cordoba-041-1200x1600.jpg 1200w, https:\/\/www.askja-on-tour.ch\/wp-content\/uploads\/2026\/05\/Cordoba-041-1152x1536.jpg 1152w, https:\/\/www.askja-on-tour.ch\/wp-content\/uploads\/2026\/05\/Cordoba-041.jpg 1536w\" sizes=\"auto, (max-width: 768px) 100vw, 768px\" \/> <img loading=\"lazy\" decoding=\"async\" class=\"alignnone size-medium wp-image-30433\" src=\"https:\/\/www.askja-on-tour.ch\/wp-content\/uploads\/2026\/05\/Cordoba-042-768x1024.jpg\" alt=\"\" width=\"768\" height=\"1024\" srcset=\"https:\/\/www.askja-on-tour.ch\/wp-content\/uploads\/2026\/05\/Cordoba-042-768x1024.jpg 768w, https:\/\/www.askja-on-tour.ch\/wp-content\/uploads\/2026\/05\/Cordoba-042-1200x1600.jpg 1200w, https:\/\/www.askja-on-tour.ch\/wp-content\/uploads\/2026\/05\/Cordoba-042-1152x1536.jpg 1152w, https:\/\/www.askja-on-tour.ch\/wp-content\/uploads\/2026\/05\/Cordoba-042.jpg 1536w\" sizes=\"auto, (max-width: 768px) 100vw, 768px\" \/><\/p>\n<p>Was augenf\u00e4llig ist sind die vielen Randst\u00e4ndigen, die hier \u00fcberall rumsitzen und -liegen. Sie tun zwar keiner Fliege was zu Leide, es zeigt aber das enorme Gef\u00e4lle von Arm und Reich.<\/p>\n<p>Irgendwie ist der Funken bei uns f\u00fcr C\u00f3rdoba nicht gesprungen und trotzdem sind wir froh, dass wir es diesmal geschafft haben.<\/p>\n<p>Wirklich gut gefallen hat uns das Viertel G\u00fcemes, das bekannt ist f\u00fcr seine Kunstszene, seine Kunstgalerien und Handwerksmarkt. Hier sind auch viele Bars und Restaurants, die dem Viertel sicher ein besonderes Flair geben. F\u00fcr den Handwerksmarkt waren wir noch zu fr\u00fch, da er erst um 16.00 \u00f6ffnet und f\u00fcr die Bars und Restaurants waren wir am falschen Tag da. Aber \u2013 so viel ist klar, es ist bestimmt lohnend<\/p>\n<figure id=\"attachment_30434\" aria-describedby=\"caption-attachment-30434\" style=\"width: 1024px\" class=\"wp-caption alignnone\"><img loading=\"lazy\" decoding=\"async\" class=\"size-medium wp-image-30434\" src=\"https:\/\/www.askja-on-tour.ch\/wp-content\/uploads\/2026\/05\/Cordoba-043-1024x768.jpg\" alt=\"\" width=\"1024\" height=\"768\" srcset=\"https:\/\/www.askja-on-tour.ch\/wp-content\/uploads\/2026\/05\/Cordoba-043-1024x768.jpg 1024w, https:\/\/www.askja-on-tour.ch\/wp-content\/uploads\/2026\/05\/Cordoba-043-1600x1200.jpg 1600w, https:\/\/www.askja-on-tour.ch\/wp-content\/uploads\/2026\/05\/Cordoba-043-768x576.jpg 768w, https:\/\/www.askja-on-tour.ch\/wp-content\/uploads\/2026\/05\/Cordoba-043-1536x1152.jpg 1536w, https:\/\/www.askja-on-tour.ch\/wp-content\/uploads\/2026\/05\/Cordoba-043.jpg 2048w\" sizes=\"auto, (max-width: 1024px) 100vw, 1024px\" \/><figcaption id=\"caption-attachment-30434\" class=\"wp-caption-text\">Im Viertel G\u00fcemes<\/figcaption><\/figure>\n<p>\u00a0<\/p>\n\n\n\n\n\n<p><img loading=\"lazy\" decoding=\"async\" class=\"alignnone size-medium wp-image-30435\" src=\"https:\/\/www.askja-on-tour.ch\/wp-content\/uploads\/2026\/05\/Cordoba-044-768x1024.jpg\" alt=\"\" width=\"768\" height=\"1024\" srcset=\"https:\/\/www.askja-on-tour.ch\/wp-content\/uploads\/2026\/05\/Cordoba-044-768x1024.jpg 768w, https:\/\/www.askja-on-tour.ch\/wp-content\/uploads\/2026\/05\/Cordoba-044-1200x1600.jpg 1200w, https:\/\/www.askja-on-tour.ch\/wp-content\/uploads\/2026\/05\/Cordoba-044-1152x1536.jpg 1152w, https:\/\/www.askja-on-tour.ch\/wp-content\/uploads\/2026\/05\/Cordoba-044.jpg 1536w\" sizes=\"auto, (max-width: 768px) 100vw, 768px\" \/><\/p>\n<figure id=\"attachment_30439\" aria-describedby=\"caption-attachment-30439\" style=\"width: 768px\" class=\"wp-caption alignnone\"><img loading=\"lazy\" decoding=\"async\" class=\"size-medium wp-image-30439\" src=\"https:\/\/www.askja-on-tour.ch\/wp-content\/uploads\/2026\/05\/Cordoba-048-768x1024.jpg\" alt=\"\" width=\"768\" height=\"1024\" srcset=\"https:\/\/www.askja-on-tour.ch\/wp-content\/uploads\/2026\/05\/Cordoba-048-768x1024.jpg 768w, https:\/\/www.askja-on-tour.ch\/wp-content\/uploads\/2026\/05\/Cordoba-048-1200x1600.jpg 1200w, https:\/\/www.askja-on-tour.ch\/wp-content\/uploads\/2026\/05\/Cordoba-048-1152x1536.jpg 1152w, https:\/\/www.askja-on-tour.ch\/wp-content\/uploads\/2026\/05\/Cordoba-048.jpg 1536w\" sizes=\"auto, (max-width: 768px) 100vw, 768px\" \/><figcaption id=\"caption-attachment-30439\" class=\"wp-caption-text\">Wir m\u00f6chten auch leben<\/figcaption><\/figure>\n<p>\u00a0<img loading=\"lazy\" decoding=\"async\" class=\"alignnone size-medium wp-image-30437\" src=\"https:\/\/www.askja-on-tour.ch\/wp-content\/uploads\/2026\/05\/Cordoba-046-768x1024.jpg\" alt=\"\" width=\"768\" height=\"1024\" srcset=\"https:\/\/www.askja-on-tour.ch\/wp-content\/uploads\/2026\/05\/Cordoba-046-768x1024.jpg 768w, https:\/\/www.askja-on-tour.ch\/wp-content\/uploads\/2026\/05\/Cordoba-046-1200x1600.jpg 1200w, https:\/\/www.askja-on-tour.ch\/wp-content\/uploads\/2026\/05\/Cordoba-046-1152x1536.jpg 1152w, https:\/\/www.askja-on-tour.ch\/wp-content\/uploads\/2026\/05\/Cordoba-046.jpg 1536w\" sizes=\"auto, (max-width: 768px) 100vw, 768px\" \/> <img loading=\"lazy\" decoding=\"async\" class=\"alignnone size-medium wp-image-30438\" src=\"https:\/\/www.askja-on-tour.ch\/wp-content\/uploads\/2026\/05\/Cordoba-047-1024x768.jpg\" alt=\"\" width=\"1024\" height=\"768\" srcset=\"https:\/\/www.askja-on-tour.ch\/wp-content\/uploads\/2026\/05\/Cordoba-047-1024x768.jpg 1024w, https:\/\/www.askja-on-tour.ch\/wp-content\/uploads\/2026\/05\/Cordoba-047-1600x1200.jpg 1600w, https:\/\/www.askja-on-tour.ch\/wp-content\/uploads\/2026\/05\/Cordoba-047-768x576.jpg 768w, https:\/\/www.askja-on-tour.ch\/wp-content\/uploads\/2026\/05\/Cordoba-047-1536x1152.jpg 1536w, https:\/\/www.askja-on-tour.ch\/wp-content\/uploads\/2026\/05\/Cordoba-047.jpg 2048w\" sizes=\"auto, (max-width: 1024px) 100vw, 1024px\" \/> <img loading=\"lazy\" decoding=\"async\" class=\"alignnone size-medium wp-image-30440\" src=\"https:\/\/www.askja-on-tour.ch\/wp-content\/uploads\/2026\/05\/Cordoba-049-1024x768.jpg\" alt=\"\" width=\"1024\" height=\"768\" srcset=\"https:\/\/www.askja-on-tour.ch\/wp-content\/uploads\/2026\/05\/Cordoba-049-1024x768.jpg 1024w, https:\/\/www.askja-on-tour.ch\/wp-content\/uploads\/2026\/05\/Cordoba-049-1600x1200.jpg 1600w, https:\/\/www.askja-on-tour.ch\/wp-content\/uploads\/2026\/05\/Cordoba-049-768x576.jpg 768w, https:\/\/www.askja-on-tour.ch\/wp-content\/uploads\/2026\/05\/Cordoba-049-1536x1152.jpg 1536w, https:\/\/www.askja-on-tour.ch\/wp-content\/uploads\/2026\/05\/Cordoba-049.jpg 2048w\" sizes=\"auto, (max-width: 1024px) 100vw, 1024px\" \/> <img loading=\"lazy\" decoding=\"async\" class=\"alignnone size-medium wp-image-30441\" src=\"https:\/\/www.askja-on-tour.ch\/wp-content\/uploads\/2026\/05\/Cordoba-050-768x1024.jpg\" alt=\"\" width=\"768\" height=\"1024\" srcset=\"https:\/\/www.askja-on-tour.ch\/wp-content\/uploads\/2026\/05\/Cordoba-050-768x1024.jpg 768w, https:\/\/www.askja-on-tour.ch\/wp-content\/uploads\/2026\/05\/Cordoba-050-1200x1600.jpg 1200w, https:\/\/www.askja-on-tour.ch\/wp-content\/uploads\/2026\/05\/Cordoba-050-1152x1536.jpg 1152w, https:\/\/www.askja-on-tour.ch\/wp-content\/uploads\/2026\/05\/Cordoba-050.jpg 1536w\" sizes=\"auto, (max-width: 768px) 100vw, 768px\" \/> <img loading=\"lazy\" decoding=\"async\" class=\"alignnone size-medium wp-image-30442\" src=\"https:\/\/www.askja-on-tour.ch\/wp-content\/uploads\/2026\/05\/Cordoba-051-1024x768.jpg\" alt=\"\" width=\"1024\" height=\"768\" srcset=\"https:\/\/www.askja-on-tour.ch\/wp-content\/uploads\/2026\/05\/Cordoba-051-1024x768.jpg 1024w, https:\/\/www.askja-on-tour.ch\/wp-content\/uploads\/2026\/05\/Cordoba-051-1600x1200.jpg 1600w, https:\/\/www.askja-on-tour.ch\/wp-content\/uploads\/2026\/05\/Cordoba-051-768x576.jpg 768w, https:\/\/www.askja-on-tour.ch\/wp-content\/uploads\/2026\/05\/Cordoba-051-1536x1152.jpg 1536w, https:\/\/www.askja-on-tour.ch\/wp-content\/uploads\/2026\/05\/Cordoba-051.jpg 2048w\" sizes=\"auto, (max-width: 1024px) 100vw, 1024px\" \/> <img loading=\"lazy\" decoding=\"async\" class=\"alignnone size-medium wp-image-30443\" src=\"https:\/\/www.askja-on-tour.ch\/wp-content\/uploads\/2026\/05\/Cordoba-052-1024x768.jpg\" alt=\"\" width=\"1024\" height=\"768\" srcset=\"https:\/\/www.askja-on-tour.ch\/wp-content\/uploads\/2026\/05\/Cordoba-052-1024x768.jpg 1024w, https:\/\/www.askja-on-tour.ch\/wp-content\/uploads\/2026\/05\/Cordoba-052-1600x1200.jpg 1600w, https:\/\/www.askja-on-tour.ch\/wp-content\/uploads\/2026\/05\/Cordoba-052-768x576.jpg 768w, https:\/\/www.askja-on-tour.ch\/wp-content\/uploads\/2026\/05\/Cordoba-052-1536x1152.jpg 1536w, https:\/\/www.askja-on-tour.ch\/wp-content\/uploads\/2026\/05\/Cordoba-052.jpg 2048w\" sizes=\"auto, (max-width: 1024px) 100vw, 1024px\" \/> <img loading=\"lazy\" decoding=\"async\" class=\"alignnone size-medium wp-image-30444\" src=\"https:\/\/www.askja-on-tour.ch\/wp-content\/uploads\/2026\/05\/Cordoba-053-1024x768.jpg\" alt=\"\" width=\"1024\" height=\"768\" srcset=\"https:\/\/www.askja-on-tour.ch\/wp-content\/uploads\/2026\/05\/Cordoba-053-1024x768.jpg 1024w, https:\/\/www.askja-on-tour.ch\/wp-content\/uploads\/2026\/05\/Cordoba-053-1600x1200.jpg 1600w, https:\/\/www.askja-on-tour.ch\/wp-content\/uploads\/2026\/05\/Cordoba-053-768x576.jpg 768w, https:\/\/www.askja-on-tour.ch\/wp-content\/uploads\/2026\/05\/Cordoba-053-1536x1152.jpg 1536w, https:\/\/www.askja-on-tour.ch\/wp-content\/uploads\/2026\/05\/Cordoba-053.jpg 2048w\" sizes=\"auto, (max-width: 1024px) 100vw, 1024px\" \/> <img loading=\"lazy\" decoding=\"async\" class=\"alignnone size-medium wp-image-30445\" src=\"https:\/\/www.askja-on-tour.ch\/wp-content\/uploads\/2026\/05\/Cordoba-054-1024x768.jpg\" alt=\"\" width=\"1024\" height=\"768\" srcset=\"https:\/\/www.askja-on-tour.ch\/wp-content\/uploads\/2026\/05\/Cordoba-054-1024x768.jpg 1024w, https:\/\/www.askja-on-tour.ch\/wp-content\/uploads\/2026\/05\/Cordoba-054-1600x1200.jpg 1600w, https:\/\/www.askja-on-tour.ch\/wp-content\/uploads\/2026\/05\/Cordoba-054-768x576.jpg 768w, https:\/\/www.askja-on-tour.ch\/wp-content\/uploads\/2026\/05\/Cordoba-054-1536x1152.jpg 1536w, https:\/\/www.askja-on-tour.ch\/wp-content\/uploads\/2026\/05\/Cordoba-054.jpg 2048w\" sizes=\"auto, (max-width: 1024px) 100vw, 1024px\" \/> <img loading=\"lazy\" decoding=\"async\" class=\"alignnone size-medium wp-image-30446\" src=\"https:\/\/www.askja-on-tour.ch\/wp-content\/uploads\/2026\/05\/Cordoba-055-768x1024.jpg\" alt=\"\" width=\"768\" height=\"1024\" srcset=\"https:\/\/www.askja-on-tour.ch\/wp-content\/uploads\/2026\/05\/Cordoba-055-768x1024.jpg 768w, https:\/\/www.askja-on-tour.ch\/wp-content\/uploads\/2026\/05\/Cordoba-055-1200x1600.jpg 1200w, https:\/\/www.askja-on-tour.ch\/wp-content\/uploads\/2026\/05\/Cordoba-055-1152x1536.jpg 1152w, https:\/\/www.askja-on-tour.ch\/wp-content\/uploads\/2026\/05\/Cordoba-055.jpg 1536w\" sizes=\"auto, (max-width: 768px) 100vw, 768px\" \/><\/p>\n<figure id=\"attachment_30448\" aria-describedby=\"caption-attachment-30448\" style=\"width: 768px\" class=\"wp-caption alignnone\"><img loading=\"lazy\" decoding=\"async\" class=\"size-medium wp-image-30448\" src=\"https:\/\/www.askja-on-tour.ch\/wp-content\/uploads\/2026\/05\/Cordoba-057-768x1024.jpg\" alt=\"\" width=\"768\" height=\"1024\" srcset=\"https:\/\/www.askja-on-tour.ch\/wp-content\/uploads\/2026\/05\/Cordoba-057-768x1024.jpg 768w, https:\/\/www.askja-on-tour.ch\/wp-content\/uploads\/2026\/05\/Cordoba-057-1200x1600.jpg 1200w, https:\/\/www.askja-on-tour.ch\/wp-content\/uploads\/2026\/05\/Cordoba-057-1152x1536.jpg 1152w, https:\/\/www.askja-on-tour.ch\/wp-content\/uploads\/2026\/05\/Cordoba-057.jpg 1536w\" sizes=\"auto, (max-width: 768px) 100vw, 768px\" \/><figcaption id=\"caption-attachment-30448\" class=\"wp-caption-text\">Bar<\/figcaption><\/figure>\n<p>Und ab Morgen fahren wir immer weiter Richtung Hochland, Richtung Puna.<\/p>\n","protected":false},"excerpt":{"rendered":"<p>Auf dem Weg von Miramar de Ansenuza nach C\u00f3rdoba planten wir noch einen Abstecher zur Estancia Jesuitas de Santa Catalina machen, die Teil des UNESCO-Weltkulturerbes. Sie bietet oder w\u00fcrde bieten &#8211; einen sch\u00f6nen Einblick in die Geschichte der Jesuiten und<\/p>\n","protected":false},"author":3,"featured_media":0,"comment_status":"open","ping_status":"closed","sticky":false,"template":"","format":"standard","meta":{"footnotes":""},"categories":[61,50],"tags":[],"class_list":["post-30391","post","type-post","status-publish","format-standard","hentry","category-argentinien_2026","category-suedamerika_2024_2026"],"_links":{"self":[{"href":"https:\/\/www.askja-on-tour.ch\/index.php?rest_route=\/wp\/v2\/posts\/30391","targetHints":{"allow":["GET"]}}],"collection":[{"href":"https:\/\/www.askja-on-tour.ch\/index.php?rest_route=\/wp\/v2\/posts"}],"about":[{"href":"https:\/\/www.askja-on-tour.ch\/index.php?rest_route=\/wp\/v2\/types\/post"}],"author":[{"embeddable":true,"href":"https:\/\/www.askja-on-tour.ch\/index.php?rest_route=\/wp\/v2\/users\/3"}],"replies":[{"embeddable":true,"href":"https:\/\/www.askja-on-tour.ch\/index.php?rest_route=%2Fwp%2Fv2%2Fcomments&post=30391"}],"version-history":[{"count":4,"href":"https:\/\/www.askja-on-tour.ch\/index.php?rest_route=\/wp\/v2\/posts\/30391\/revisions"}],"predecessor-version":[{"id":30454,"href":"https:\/\/www.askja-on-tour.ch\/index.php?rest_route=\/wp\/v2\/posts\/30391\/revisions\/30454"}],"wp:attachment":[{"href":"https:\/\/www.askja-on-tour.ch\/index.php?rest_route=%2Fwp%2Fv2%2Fmedia&parent=30391"}],"wp:term":[{"taxonomy":"category","embeddable":true,"href":"https:\/\/www.askja-on-tour.ch\/index.php?rest_route=%2Fwp%2Fv2%2Fcategories&post=30391"},{"taxonomy":"post_tag","embeddable":true,"href":"https:\/\/www.askja-on-tour.ch\/index.php?rest_route=%2Fwp%2Fv2%2Ftags&post=30391"}],"curies":[{"name":"wp","href":"https:\/\/api.w.org\/{rel}","templated":true}]}}