{"id":30325,"date":"2026-05-22T23:49:39","date_gmt":"2026-05-22T23:49:39","guid":{"rendered":"https:\/\/www.askja-on-tour.ch\/?p=30325"},"modified":"2026-05-23T00:11:27","modified_gmt":"2026-05-23T00:11:27","slug":"20-05-22-05-2026-zurueck-in-argentinien-entspannter-tag-am-mar-chiquita","status":"publish","type":"post","link":"https:\/\/www.askja-on-tour.ch\/?p=30325","title":{"rendered":"20.05. \u2013 22.05.2026: Zur\u00fcck in Argentinien \u2013 entspannter Tag am Mar Chiquita"},"content":{"rendered":"\n<p>Am 20.05. sind wir \u00fcber die Grenze von Uruguay nach Argentinien gefahren. Der \u201eBorder-Run\u201c verlief sehr entspannt.<\/p>\n<figure id=\"attachment_30374\" aria-describedby=\"caption-attachment-30374\" style=\"width: 768px\" class=\"wp-caption alignnone\"><img loading=\"lazy\" decoding=\"async\" class=\"size-medium wp-image-30374\" src=\"https:\/\/www.askja-on-tour.ch\/wp-content\/uploads\/2026\/05\/Miramar-001-768x1024.jpg\" alt=\"\" width=\"768\" height=\"1024\" srcset=\"https:\/\/www.askja-on-tour.ch\/wp-content\/uploads\/2026\/05\/Miramar-001-768x1024.jpg 768w, https:\/\/www.askja-on-tour.ch\/wp-content\/uploads\/2026\/05\/Miramar-001-1200x1600.jpg 1200w, https:\/\/www.askja-on-tour.ch\/wp-content\/uploads\/2026\/05\/Miramar-001-1152x1536.jpg 1152w, https:\/\/www.askja-on-tour.ch\/wp-content\/uploads\/2026\/05\/Miramar-001.jpg 1536w\" sizes=\"auto, (max-width: 768px) 100vw, 768px\" \/><figcaption id=\"caption-attachment-30374\" class=\"wp-caption-text\">Argentinien hat uns wieder<\/figcaption><\/figure>\n<p>Als erstes besuchten wir den Palast von Justo Jos\u00e9 de Urquiza (bekannt als Palacio San Jos\u00e9); dieser befindet sich in der argentinischen Provinz Entre R\u00edos. Es war die private Residenz von General Justo Jos\u00e9 de Urquiza, in welcher er 20 Jahre lebte. Justo Jos\u00e9 de Urquiza (geboren 18. Oktober 1801, gestorben 11. April 1870). Er war Mitglied der argentinischen Oligarchie und vom 5. M\u00e4rz 1854 bis zum 5. M\u00e4rz 1860 der erste verfassungsm\u00e4ssige und dritte Pr\u00e4sident von Argentinien. Am 11. April 1870 wurde er in seinem Palast ermordet; es wird davon ausgegangen, dass der Auftrag f\u00fcr die Ermordung von seinem Schwiegersohn kam.<\/p>\n<figure id=\"attachment_30377\" aria-describedby=\"caption-attachment-30377\" style=\"width: 768px\" class=\"wp-caption alignnone\"><img loading=\"lazy\" decoding=\"async\" class=\"size-medium wp-image-30377\" src=\"https:\/\/www.askja-on-tour.ch\/wp-content\/uploads\/2026\/05\/Miramar-004-768x1024.jpg\" alt=\"\" width=\"768\" height=\"1024\" srcset=\"https:\/\/www.askja-on-tour.ch\/wp-content\/uploads\/2026\/05\/Miramar-004-768x1024.jpg 768w, https:\/\/www.askja-on-tour.ch\/wp-content\/uploads\/2026\/05\/Miramar-004-1200x1600.jpg 1200w, https:\/\/www.askja-on-tour.ch\/wp-content\/uploads\/2026\/05\/Miramar-004-1152x1536.jpg 1152w, https:\/\/www.askja-on-tour.ch\/wp-content\/uploads\/2026\/05\/Miramar-004.jpg 1536w\" sizes=\"auto, (max-width: 768px) 100vw, 768px\" \/><figcaption id=\"caption-attachment-30377\" class=\"wp-caption-text\">Erster Blick auf den Palast von Justo Jos\u00e9 de Urquiza (bekannt als Palacio San Jos\u00e9)<\/figcaption><\/figure>\n<figure id=\"attachment_30378\" aria-describedby=\"caption-attachment-30378\" style=\"width: 768px\" class=\"wp-caption alignnone\"><img loading=\"lazy\" decoding=\"async\" class=\"size-medium wp-image-30378\" src=\"https:\/\/www.askja-on-tour.ch\/wp-content\/uploads\/2026\/05\/Miramar-005-768x1024.jpg\" alt=\"\" width=\"768\" height=\"1024\" srcset=\"https:\/\/www.askja-on-tour.ch\/wp-content\/uploads\/2026\/05\/Miramar-005-768x1024.jpg 768w, https:\/\/www.askja-on-tour.ch\/wp-content\/uploads\/2026\/05\/Miramar-005-1200x1600.jpg 1200w, https:\/\/www.askja-on-tour.ch\/wp-content\/uploads\/2026\/05\/Miramar-005-1152x1536.jpg 1152w, https:\/\/www.askja-on-tour.ch\/wp-content\/uploads\/2026\/05\/Miramar-005.jpg 1536w\" sizes=\"auto, (max-width: 768px) 100vw, 768px\" \/><figcaption id=\"caption-attachment-30378\" class=\"wp-caption-text\">Die Palast-Kapelle, die auch von der Bev\u00f6lkerung der Umgebung benutzt werden durfte<\/figcaption><\/figure>\n<p><img loading=\"lazy\" decoding=\"async\" class=\"alignnone size-medium wp-image-30379\" src=\"https:\/\/www.askja-on-tour.ch\/wp-content\/uploads\/2026\/05\/Miramar-006-768x1024.jpg\" alt=\"\" width=\"768\" height=\"1024\" srcset=\"https:\/\/www.askja-on-tour.ch\/wp-content\/uploads\/2026\/05\/Miramar-006-768x1024.jpg 768w, https:\/\/www.askja-on-tour.ch\/wp-content\/uploads\/2026\/05\/Miramar-006-1200x1600.jpg 1200w, https:\/\/www.askja-on-tour.ch\/wp-content\/uploads\/2026\/05\/Miramar-006-1152x1536.jpg 1152w, https:\/\/www.askja-on-tour.ch\/wp-content\/uploads\/2026\/05\/Miramar-006.jpg 1536w\" sizes=\"auto, (max-width: 768px) 100vw, 768px\" \/><\/p>\n<figure id=\"attachment_30380\" aria-describedby=\"caption-attachment-30380\" style=\"width: 768px\" class=\"wp-caption alignnone\"><img loading=\"lazy\" decoding=\"async\" class=\"size-medium wp-image-30380\" src=\"https:\/\/www.askja-on-tour.ch\/wp-content\/uploads\/2026\/05\/Miramar-007-768x1024.jpg\" alt=\"\" width=\"768\" height=\"1024\" srcset=\"https:\/\/www.askja-on-tour.ch\/wp-content\/uploads\/2026\/05\/Miramar-007-768x1024.jpg 768w, https:\/\/www.askja-on-tour.ch\/wp-content\/uploads\/2026\/05\/Miramar-007-1200x1600.jpg 1200w, https:\/\/www.askja-on-tour.ch\/wp-content\/uploads\/2026\/05\/Miramar-007-1152x1536.jpg 1152w, https:\/\/www.askja-on-tour.ch\/wp-content\/uploads\/2026\/05\/Miramar-007.jpg 1536w\" sizes=\"auto, (max-width: 768px) 100vw, 768px\" \/><figcaption id=\"caption-attachment-30380\" class=\"wp-caption-text\">Der Taufbecken mit Marmor aus Carrera\/Italien<\/figcaption><\/figure>\n<figure id=\"attachment_30381\" aria-describedby=\"caption-attachment-30381\" style=\"width: 1024px\" class=\"wp-caption alignnone\"><img loading=\"lazy\" decoding=\"async\" class=\"size-medium wp-image-30381\" src=\"https:\/\/www.askja-on-tour.ch\/wp-content\/uploads\/2026\/05\/Miramar-008-1024x768.jpg\" alt=\"\" width=\"1024\" height=\"768\" srcset=\"https:\/\/www.askja-on-tour.ch\/wp-content\/uploads\/2026\/05\/Miramar-008-1024x768.jpg 1024w, https:\/\/www.askja-on-tour.ch\/wp-content\/uploads\/2026\/05\/Miramar-008-1600x1200.jpg 1600w, https:\/\/www.askja-on-tour.ch\/wp-content\/uploads\/2026\/05\/Miramar-008-768x576.jpg 768w, https:\/\/www.askja-on-tour.ch\/wp-content\/uploads\/2026\/05\/Miramar-008-1536x1152.jpg 1536w, https:\/\/www.askja-on-tour.ch\/wp-content\/uploads\/2026\/05\/Miramar-008.jpg 2048w\" sizes=\"auto, (max-width: 1024px) 100vw, 1024px\" \/><figcaption id=\"caption-attachment-30381\" class=\"wp-caption-text\">Sch\u00f6ne Darstellung des Symboles des heiligen Geistes \u00fcber dem Taufbecken<\/figcaption><\/figure>\n<p><img loading=\"lazy\" decoding=\"async\" class=\"alignnone size-medium wp-image-30333\" src=\"https:\/\/www.askja-on-tour.ch\/wp-content\/uploads\/2026\/05\/Miramar-017-1024x768.jpg\" alt=\"\" width=\"1024\" height=\"768\" srcset=\"https:\/\/www.askja-on-tour.ch\/wp-content\/uploads\/2026\/05\/Miramar-017-1024x768.jpg 1024w, https:\/\/www.askja-on-tour.ch\/wp-content\/uploads\/2026\/05\/Miramar-017-1600x1200.jpg 1600w, https:\/\/www.askja-on-tour.ch\/wp-content\/uploads\/2026\/05\/Miramar-017-768x576.jpg 768w, https:\/\/www.askja-on-tour.ch\/wp-content\/uploads\/2026\/05\/Miramar-017-1536x1152.jpg 1536w, https:\/\/www.askja-on-tour.ch\/wp-content\/uploads\/2026\/05\/Miramar-017.jpg 2048w\" sizes=\"auto, (max-width: 1024px) 100vw, 1024px\" \/> <img loading=\"lazy\" decoding=\"async\" class=\"alignnone size-medium wp-image-30336\" src=\"https:\/\/www.askja-on-tour.ch\/wp-content\/uploads\/2026\/05\/Miramar-020-1024x768.jpg\" alt=\"\" width=\"1024\" height=\"768\" srcset=\"https:\/\/www.askja-on-tour.ch\/wp-content\/uploads\/2026\/05\/Miramar-020-1024x768.jpg 1024w, https:\/\/www.askja-on-tour.ch\/wp-content\/uploads\/2026\/05\/Miramar-020-1600x1200.jpg 1600w, https:\/\/www.askja-on-tour.ch\/wp-content\/uploads\/2026\/05\/Miramar-020-768x576.jpg 768w, https:\/\/www.askja-on-tour.ch\/wp-content\/uploads\/2026\/05\/Miramar-020-1536x1152.jpg 1536w, https:\/\/www.askja-on-tour.ch\/wp-content\/uploads\/2026\/05\/Miramar-020.jpg 2048w\" sizes=\"auto, (max-width: 1024px) 100vw, 1024px\" \/><\/p>\n<figure id=\"attachment_30337\" aria-describedby=\"caption-attachment-30337\" style=\"width: 1024px\" class=\"wp-caption alignnone\"><img loading=\"lazy\" decoding=\"async\" class=\"size-medium wp-image-30337\" src=\"https:\/\/www.askja-on-tour.ch\/wp-content\/uploads\/2026\/05\/Miramar-021-1024x768.jpg\" alt=\"\" width=\"1024\" height=\"768\" srcset=\"https:\/\/www.askja-on-tour.ch\/wp-content\/uploads\/2026\/05\/Miramar-021-1024x768.jpg 1024w, https:\/\/www.askja-on-tour.ch\/wp-content\/uploads\/2026\/05\/Miramar-021-1600x1200.jpg 1600w, https:\/\/www.askja-on-tour.ch\/wp-content\/uploads\/2026\/05\/Miramar-021-768x576.jpg 768w, https:\/\/www.askja-on-tour.ch\/wp-content\/uploads\/2026\/05\/Miramar-021-1536x1152.jpg 1536w, https:\/\/www.askja-on-tour.ch\/wp-content\/uploads\/2026\/05\/Miramar-021.jpg 2048w\" sizes=\"auto, (max-width: 1024px) 100vw, 1024px\" \/><figcaption id=\"caption-attachment-30337\" class=\"wp-caption-text\">Blick auf den Palast<\/figcaption><\/figure>\n<figure id=\"attachment_30338\" aria-describedby=\"caption-attachment-30338\" style=\"width: 768px\" class=\"wp-caption alignnone\"><img loading=\"lazy\" decoding=\"async\" class=\"size-medium wp-image-30338\" src=\"https:\/\/www.askja-on-tour.ch\/wp-content\/uploads\/2026\/05\/Miramar-022-768x1024.jpg\" alt=\"\" width=\"768\" height=\"1024\" srcset=\"https:\/\/www.askja-on-tour.ch\/wp-content\/uploads\/2026\/05\/Miramar-022-768x1024.jpg 768w, https:\/\/www.askja-on-tour.ch\/wp-content\/uploads\/2026\/05\/Miramar-022-1200x1600.jpg 1200w, https:\/\/www.askja-on-tour.ch\/wp-content\/uploads\/2026\/05\/Miramar-022-1152x1536.jpg 1152w, https:\/\/www.askja-on-tour.ch\/wp-content\/uploads\/2026\/05\/Miramar-022.jpg 1536w\" sizes=\"auto, (max-width: 768px) 100vw, 768px\" \/><figcaption id=\"caption-attachment-30338\" class=\"wp-caption-text\">K\u00fcche<\/figcaption><\/figure>\n<p><img loading=\"lazy\" decoding=\"async\" class=\"alignnone size-medium wp-image-30339\" src=\"https:\/\/www.askja-on-tour.ch\/wp-content\/uploads\/2026\/05\/Miramar-023-1024x768.jpg\" alt=\"\" width=\"1024\" height=\"768\" srcset=\"https:\/\/www.askja-on-tour.ch\/wp-content\/uploads\/2026\/05\/Miramar-023-1024x768.jpg 1024w, https:\/\/www.askja-on-tour.ch\/wp-content\/uploads\/2026\/05\/Miramar-023-1600x1200.jpg 1600w, https:\/\/www.askja-on-tour.ch\/wp-content\/uploads\/2026\/05\/Miramar-023-768x576.jpg 768w, https:\/\/www.askja-on-tour.ch\/wp-content\/uploads\/2026\/05\/Miramar-023-1536x1152.jpg 1536w, https:\/\/www.askja-on-tour.ch\/wp-content\/uploads\/2026\/05\/Miramar-023.jpg 2048w\" sizes=\"auto, (max-width: 1024px) 100vw, 1024px\" \/><\/p>\n<figure id=\"attachment_30340\" aria-describedby=\"caption-attachment-30340\" style=\"width: 1024px\" class=\"wp-caption alignnone\"><img loading=\"lazy\" decoding=\"async\" class=\"size-medium wp-image-30340\" src=\"https:\/\/www.askja-on-tour.ch\/wp-content\/uploads\/2026\/05\/Miramar-024-1024x768.jpg\" alt=\"\" width=\"1024\" height=\"768\" srcset=\"https:\/\/www.askja-on-tour.ch\/wp-content\/uploads\/2026\/05\/Miramar-024-1024x768.jpg 1024w, https:\/\/www.askja-on-tour.ch\/wp-content\/uploads\/2026\/05\/Miramar-024-1600x1200.jpg 1600w, https:\/\/www.askja-on-tour.ch\/wp-content\/uploads\/2026\/05\/Miramar-024-768x576.jpg 768w, https:\/\/www.askja-on-tour.ch\/wp-content\/uploads\/2026\/05\/Miramar-024-1536x1152.jpg 1536w, https:\/\/www.askja-on-tour.ch\/wp-content\/uploads\/2026\/05\/Miramar-024.jpg 2048w\" sizes=\"auto, (max-width: 1024px) 100vw, 1024px\" \/><figcaption id=\"caption-attachment-30340\" class=\"wp-caption-text\">Hauptplatz im Palast<\/figcaption><\/figure>\n<figure id=\"attachment_30341\" aria-describedby=\"caption-attachment-30341\" style=\"width: 1024px\" class=\"wp-caption alignnone\"><img loading=\"lazy\" decoding=\"async\" class=\"size-medium wp-image-30341\" src=\"https:\/\/www.askja-on-tour.ch\/wp-content\/uploads\/2026\/05\/Miramar-025-1024x768.jpg\" alt=\"\" width=\"1024\" height=\"768\" srcset=\"https:\/\/www.askja-on-tour.ch\/wp-content\/uploads\/2026\/05\/Miramar-025-1024x768.jpg 1024w, https:\/\/www.askja-on-tour.ch\/wp-content\/uploads\/2026\/05\/Miramar-025-1600x1200.jpg 1600w, https:\/\/www.askja-on-tour.ch\/wp-content\/uploads\/2026\/05\/Miramar-025-768x576.jpg 768w, https:\/\/www.askja-on-tour.ch\/wp-content\/uploads\/2026\/05\/Miramar-025-1536x1152.jpg 1536w, https:\/\/www.askja-on-tour.ch\/wp-content\/uploads\/2026\/05\/Miramar-025.jpg 2048w\" sizes=\"auto, (max-width: 1024px) 100vw, 1024px\" \/><figcaption id=\"caption-attachment-30341\" class=\"wp-caption-text\">Das Schlafgemach vom General<\/figcaption><\/figure>\n<figure id=\"attachment_30342\" aria-describedby=\"caption-attachment-30342\" style=\"width: 768px\" class=\"wp-caption alignnone\"><img loading=\"lazy\" decoding=\"async\" class=\"size-medium wp-image-30342\" src=\"https:\/\/www.askja-on-tour.ch\/wp-content\/uploads\/2026\/05\/Miramar-026-768x1024.jpg\" alt=\"\" width=\"768\" height=\"1024\" srcset=\"https:\/\/www.askja-on-tour.ch\/wp-content\/uploads\/2026\/05\/Miramar-026-768x1024.jpg 768w, https:\/\/www.askja-on-tour.ch\/wp-content\/uploads\/2026\/05\/Miramar-026-1200x1600.jpg 1200w, https:\/\/www.askja-on-tour.ch\/wp-content\/uploads\/2026\/05\/Miramar-026-1152x1536.jpg 1152w, https:\/\/www.askja-on-tour.ch\/wp-content\/uploads\/2026\/05\/Miramar-026.jpg 1536w\" sizes=\"auto, (max-width: 768px) 100vw, 768px\" \/><figcaption id=\"caption-attachment-30342\" class=\"wp-caption-text\">Gedenktafel seiner Frau an den Tod ihres Gatten<\/figcaption><\/figure>\n<figure id=\"attachment_30343\" aria-describedby=\"caption-attachment-30343\" style=\"width: 1024px\" class=\"wp-caption alignnone\"><img loading=\"lazy\" decoding=\"async\" class=\"size-medium wp-image-30343\" src=\"https:\/\/www.askja-on-tour.ch\/wp-content\/uploads\/2026\/05\/Miramar-027-1024x768.jpg\" alt=\"\" width=\"1024\" height=\"768\" srcset=\"https:\/\/www.askja-on-tour.ch\/wp-content\/uploads\/2026\/05\/Miramar-027-1024x768.jpg 1024w, https:\/\/www.askja-on-tour.ch\/wp-content\/uploads\/2026\/05\/Miramar-027-1600x1200.jpg 1600w, https:\/\/www.askja-on-tour.ch\/wp-content\/uploads\/2026\/05\/Miramar-027-768x576.jpg 768w, https:\/\/www.askja-on-tour.ch\/wp-content\/uploads\/2026\/05\/Miramar-027-1536x1152.jpg 1536w, https:\/\/www.askja-on-tour.ch\/wp-content\/uploads\/2026\/05\/Miramar-027.jpg 2048w\" sizes=\"auto, (max-width: 1024px) 100vw, 1024px\" \/><figcaption id=\"caption-attachment-30343\" class=\"wp-caption-text\">Spielzimmer<\/figcaption><\/figure>\n<p>Das ganze Gel\u00e4nde ist sch\u00f6n angelegt, inkl. k\u00fcnstlichem Teich, der durch ein ausgekl\u00fcgeltes Bew\u00e4sserungssystem f\u00fcr den Garten und auch die Residenz immer auf dem selben Wasserstand gehalten wurde.<\/p>\n<p><img loading=\"lazy\" decoding=\"async\" class=\"alignnone size-medium wp-image-30376\" src=\"https:\/\/www.askja-on-tour.ch\/wp-content\/uploads\/2026\/05\/Miramar-003-1024x768.jpg\" alt=\"\" width=\"1024\" height=\"768\" srcset=\"https:\/\/www.askja-on-tour.ch\/wp-content\/uploads\/2026\/05\/Miramar-003-1024x768.jpg 1024w, https:\/\/www.askja-on-tour.ch\/wp-content\/uploads\/2026\/05\/Miramar-003-1600x1200.jpg 1600w, https:\/\/www.askja-on-tour.ch\/wp-content\/uploads\/2026\/05\/Miramar-003-768x576.jpg 768w, https:\/\/www.askja-on-tour.ch\/wp-content\/uploads\/2026\/05\/Miramar-003-1536x1152.jpg 1536w, https:\/\/www.askja-on-tour.ch\/wp-content\/uploads\/2026\/05\/Miramar-003.jpg 2048w\" sizes=\"auto, (max-width: 1024px) 100vw, 1024px\" \/> <img loading=\"lazy\" decoding=\"async\" class=\"alignnone size-medium wp-image-30375\" src=\"https:\/\/www.askja-on-tour.ch\/wp-content\/uploads\/2026\/05\/Miramar-002-768x1024.jpg\" alt=\"\" width=\"768\" height=\"1024\" srcset=\"https:\/\/www.askja-on-tour.ch\/wp-content\/uploads\/2026\/05\/Miramar-002-768x1024.jpg 768w, https:\/\/www.askja-on-tour.ch\/wp-content\/uploads\/2026\/05\/Miramar-002-1200x1600.jpg 1200w, https:\/\/www.askja-on-tour.ch\/wp-content\/uploads\/2026\/05\/Miramar-002-1152x1536.jpg 1152w, https:\/\/www.askja-on-tour.ch\/wp-content\/uploads\/2026\/05\/Miramar-002.jpg 1536w\" sizes=\"auto, (max-width: 768px) 100vw, 768px\" \/><\/p>\n<figure id=\"attachment_30326\" aria-describedby=\"caption-attachment-30326\" style=\"width: 768px\" class=\"wp-caption alignnone\"><img loading=\"lazy\" decoding=\"async\" class=\"size-medium wp-image-30326\" src=\"https:\/\/www.askja-on-tour.ch\/wp-content\/uploads\/2026\/05\/Miramar-010-768x1024.jpg\" alt=\"\" width=\"768\" height=\"1024\" srcset=\"https:\/\/www.askja-on-tour.ch\/wp-content\/uploads\/2026\/05\/Miramar-010-768x1024.jpg 768w, https:\/\/www.askja-on-tour.ch\/wp-content\/uploads\/2026\/05\/Miramar-010-1200x1600.jpg 1200w, https:\/\/www.askja-on-tour.ch\/wp-content\/uploads\/2026\/05\/Miramar-010-1152x1536.jpg 1152w, https:\/\/www.askja-on-tour.ch\/wp-content\/uploads\/2026\/05\/Miramar-010.jpg 1536w\" sizes=\"auto, (max-width: 768px) 100vw, 768px\" \/><figcaption id=\"caption-attachment-30326\" class=\"wp-caption-text\">B\u00fcste von General Justo Jos\u00e9 de Urquiza<\/figcaption><\/figure>\n<figure id=\"attachment_30327\" aria-describedby=\"caption-attachment-30327\" style=\"width: 768px\" class=\"wp-caption alignnone\"><img loading=\"lazy\" decoding=\"async\" class=\"size-medium wp-image-30327\" src=\"https:\/\/www.askja-on-tour.ch\/wp-content\/uploads\/2026\/05\/Miramar-011-768x1024.jpg\" alt=\"\" width=\"768\" height=\"1024\" srcset=\"https:\/\/www.askja-on-tour.ch\/wp-content\/uploads\/2026\/05\/Miramar-011-768x1024.jpg 768w, https:\/\/www.askja-on-tour.ch\/wp-content\/uploads\/2026\/05\/Miramar-011-1200x1600.jpg 1200w, https:\/\/www.askja-on-tour.ch\/wp-content\/uploads\/2026\/05\/Miramar-011-1152x1536.jpg 1152w, https:\/\/www.askja-on-tour.ch\/wp-content\/uploads\/2026\/05\/Miramar-011.jpg 1536w\" sizes=\"auto, (max-width: 768px) 100vw, 768px\" \/><figcaption id=\"caption-attachment-30327\" class=\"wp-caption-text\">Ziehbrunnen<\/figcaption><\/figure>\n<figure id=\"attachment_30328\" aria-describedby=\"caption-attachment-30328\" style=\"width: 768px\" class=\"wp-caption alignnone\"><img loading=\"lazy\" decoding=\"async\" class=\"size-medium wp-image-30328\" src=\"https:\/\/www.askja-on-tour.ch\/wp-content\/uploads\/2026\/05\/Miramar-012-768x1024.jpg\" alt=\"\" width=\"768\" height=\"1024\" srcset=\"https:\/\/www.askja-on-tour.ch\/wp-content\/uploads\/2026\/05\/Miramar-012-768x1024.jpg 768w, https:\/\/www.askja-on-tour.ch\/wp-content\/uploads\/2026\/05\/Miramar-012-1200x1600.jpg 1200w, https:\/\/www.askja-on-tour.ch\/wp-content\/uploads\/2026\/05\/Miramar-012-1152x1536.jpg 1152w, https:\/\/www.askja-on-tour.ch\/wp-content\/uploads\/2026\/05\/Miramar-012.jpg 1536w\" sizes=\"auto, (max-width: 768px) 100vw, 768px\" \/><figcaption id=\"caption-attachment-30328\" class=\"wp-caption-text\">Technische Pumpinstallation<\/figcaption><\/figure>\n<figure id=\"attachment_30329\" aria-describedby=\"caption-attachment-30329\" style=\"width: 768px\" class=\"wp-caption alignnone\"><img loading=\"lazy\" decoding=\"async\" class=\"size-medium wp-image-30329\" src=\"https:\/\/www.askja-on-tour.ch\/wp-content\/uploads\/2026\/05\/Miramar-013-768x1024.jpg\" alt=\"\" width=\"768\" height=\"1024\" srcset=\"https:\/\/www.askja-on-tour.ch\/wp-content\/uploads\/2026\/05\/Miramar-013-768x1024.jpg 768w, https:\/\/www.askja-on-tour.ch\/wp-content\/uploads\/2026\/05\/Miramar-013-1200x1600.jpg 1200w, https:\/\/www.askja-on-tour.ch\/wp-content\/uploads\/2026\/05\/Miramar-013-1152x1536.jpg 1152w, https:\/\/www.askja-on-tour.ch\/wp-content\/uploads\/2026\/05\/Miramar-013.jpg 1536w\" sizes=\"auto, (max-width: 768px) 100vw, 768px\" \/><figcaption id=\"caption-attachment-30329\" class=\"wp-caption-text\">Sch\u00f6n angelegte Parkanlage<\/figcaption><\/figure>\n<figure id=\"attachment_30330\" aria-describedby=\"caption-attachment-30330\" style=\"width: 1024px\" class=\"wp-caption alignnone\"><img loading=\"lazy\" decoding=\"async\" class=\"size-medium wp-image-30330\" src=\"https:\/\/www.askja-on-tour.ch\/wp-content\/uploads\/2026\/05\/Miramar-014-1024x768.jpg\" alt=\"\" width=\"1024\" height=\"768\" srcset=\"https:\/\/www.askja-on-tour.ch\/wp-content\/uploads\/2026\/05\/Miramar-014-1024x768.jpg 1024w, https:\/\/www.askja-on-tour.ch\/wp-content\/uploads\/2026\/05\/Miramar-014-1600x1200.jpg 1600w, https:\/\/www.askja-on-tour.ch\/wp-content\/uploads\/2026\/05\/Miramar-014-768x576.jpg 768w, https:\/\/www.askja-on-tour.ch\/wp-content\/uploads\/2026\/05\/Miramar-014-1536x1152.jpg 1536w, https:\/\/www.askja-on-tour.ch\/wp-content\/uploads\/2026\/05\/Miramar-014.jpg 2048w\" sizes=\"auto, (max-width: 1024px) 100vw, 1024px\" \/><figcaption id=\"caption-attachment-30330\" class=\"wp-caption-text\">K\u00fcnstlicher See<\/figcaption><\/figure>\n<figure id=\"attachment_30331\" aria-describedby=\"caption-attachment-30331\" style=\"width: 1024px\" class=\"wp-caption alignnone\"><img loading=\"lazy\" decoding=\"async\" class=\"size-medium wp-image-30331\" src=\"https:\/\/www.askja-on-tour.ch\/wp-content\/uploads\/2026\/05\/Miramar-015-1024x768.jpg\" alt=\"\" width=\"1024\" height=\"768\" srcset=\"https:\/\/www.askja-on-tour.ch\/wp-content\/uploads\/2026\/05\/Miramar-015-1024x768.jpg 1024w, https:\/\/www.askja-on-tour.ch\/wp-content\/uploads\/2026\/05\/Miramar-015-1600x1200.jpg 1600w, https:\/\/www.askja-on-tour.ch\/wp-content\/uploads\/2026\/05\/Miramar-015-768x576.jpg 768w, https:\/\/www.askja-on-tour.ch\/wp-content\/uploads\/2026\/05\/Miramar-015-1536x1152.jpg 1536w, https:\/\/www.askja-on-tour.ch\/wp-content\/uploads\/2026\/05\/Miramar-015.jpg 2048w\" sizes=\"auto, (max-width: 1024px) 100vw, 1024px\" \/><figcaption id=\"caption-attachment-30331\" class=\"wp-caption-text\">Ulmen im Herbstkleid<\/figcaption><\/figure>\n<figure id=\"attachment_30332\" aria-describedby=\"caption-attachment-30332\" style=\"width: 1024px\" class=\"wp-caption alignnone\"><img loading=\"lazy\" decoding=\"async\" class=\"size-medium wp-image-30332\" src=\"https:\/\/www.askja-on-tour.ch\/wp-content\/uploads\/2026\/05\/Miramar-016-1024x768.jpg\" alt=\"\" width=\"1024\" height=\"768\" srcset=\"https:\/\/www.askja-on-tour.ch\/wp-content\/uploads\/2026\/05\/Miramar-016-1024x768.jpg 1024w, https:\/\/www.askja-on-tour.ch\/wp-content\/uploads\/2026\/05\/Miramar-016-1600x1200.jpg 1600w, https:\/\/www.askja-on-tour.ch\/wp-content\/uploads\/2026\/05\/Miramar-016-768x576.jpg 768w, https:\/\/www.askja-on-tour.ch\/wp-content\/uploads\/2026\/05\/Miramar-016-1536x1152.jpg 1536w, https:\/\/www.askja-on-tour.ch\/wp-content\/uploads\/2026\/05\/Miramar-016.jpg 2048w\" sizes=\"auto, (max-width: 1024px) 100vw, 1024px\" \/><figcaption id=\"caption-attachment-30332\" class=\"wp-caption-text\">Durch Drehen am Hebel bewegen sich die Objekte im Glaskasten<\/figcaption><\/figure>\n<p><img loading=\"lazy\" decoding=\"async\" class=\"alignnone size-medium wp-image-30334\" src=\"https:\/\/www.askja-on-tour.ch\/wp-content\/uploads\/2026\/05\/Miramar-018-768x1024.jpg\" alt=\"\" width=\"768\" height=\"1024\" srcset=\"https:\/\/www.askja-on-tour.ch\/wp-content\/uploads\/2026\/05\/Miramar-018-768x1024.jpg 768w, https:\/\/www.askja-on-tour.ch\/wp-content\/uploads\/2026\/05\/Miramar-018-1200x1600.jpg 1200w, https:\/\/www.askja-on-tour.ch\/wp-content\/uploads\/2026\/05\/Miramar-018-1152x1536.jpg 1152w, https:\/\/www.askja-on-tour.ch\/wp-content\/uploads\/2026\/05\/Miramar-018.jpg 1536w\" sizes=\"auto, (max-width: 768px) 100vw, 768px\" \/><\/p>\n<figure id=\"attachment_30335\" aria-describedby=\"caption-attachment-30335\" style=\"width: 768px\" class=\"wp-caption alignnone\"><img loading=\"lazy\" decoding=\"async\" class=\"size-medium wp-image-30335\" src=\"https:\/\/www.askja-on-tour.ch\/wp-content\/uploads\/2026\/05\/Miramar-019-768x1024.jpg\" alt=\"\" width=\"768\" height=\"1024\" srcset=\"https:\/\/www.askja-on-tour.ch\/wp-content\/uploads\/2026\/05\/Miramar-019-768x1024.jpg 768w, https:\/\/www.askja-on-tour.ch\/wp-content\/uploads\/2026\/05\/Miramar-019-1200x1600.jpg 1200w, https:\/\/www.askja-on-tour.ch\/wp-content\/uploads\/2026\/05\/Miramar-019-1152x1536.jpg 1152w, https:\/\/www.askja-on-tour.ch\/wp-content\/uploads\/2026\/05\/Miramar-019.jpg 1536w\" sizes=\"auto, (max-width: 768px) 100vw, 768px\" \/><figcaption id=\"caption-attachment-30335\" class=\"wp-caption-text\">Auch die B\u00fcste von Julius C\u00e4sar darf nicht fehlen &#8211; vermutlich stellte sich General Justo Jos\u00e9 de Urquiza auf die selbe Ebene wie Julius C\u00e4sar<\/figcaption><\/figure>\n<p><img loading=\"lazy\" decoding=\"async\" class=\"alignnone size-medium wp-image-30344\" src=\"https:\/\/www.askja-on-tour.ch\/wp-content\/uploads\/2026\/05\/Miramar-028-1024x768.jpg\" alt=\"\" width=\"1024\" height=\"768\" srcset=\"https:\/\/www.askja-on-tour.ch\/wp-content\/uploads\/2026\/05\/Miramar-028-1024x768.jpg 1024w, https:\/\/www.askja-on-tour.ch\/wp-content\/uploads\/2026\/05\/Miramar-028-1600x1200.jpg 1600w, https:\/\/www.askja-on-tour.ch\/wp-content\/uploads\/2026\/05\/Miramar-028-768x576.jpg 768w, https:\/\/www.askja-on-tour.ch\/wp-content\/uploads\/2026\/05\/Miramar-028-1536x1152.jpg 1536w, https:\/\/www.askja-on-tour.ch\/wp-content\/uploads\/2026\/05\/Miramar-028.jpg 2048w\" sizes=\"auto, (max-width: 1024px) 100vw, 1024px\" \/> <img loading=\"lazy\" decoding=\"async\" class=\"alignnone size-medium wp-image-30345\" src=\"https:\/\/www.askja-on-tour.ch\/wp-content\/uploads\/2026\/05\/Miramar-029-768x1024.jpg\" alt=\"\" width=\"768\" height=\"1024\" srcset=\"https:\/\/www.askja-on-tour.ch\/wp-content\/uploads\/2026\/05\/Miramar-029-768x1024.jpg 768w, https:\/\/www.askja-on-tour.ch\/wp-content\/uploads\/2026\/05\/Miramar-029-1200x1600.jpg 1200w, https:\/\/www.askja-on-tour.ch\/wp-content\/uploads\/2026\/05\/Miramar-029-1152x1536.jpg 1152w, https:\/\/www.askja-on-tour.ch\/wp-content\/uploads\/2026\/05\/Miramar-029.jpg 1536w\" sizes=\"auto, (max-width: 768px) 100vw, 768px\" \/> <img loading=\"lazy\" decoding=\"async\" class=\"alignnone size-medium wp-image-30346\" src=\"https:\/\/www.askja-on-tour.ch\/wp-content\/uploads\/2026\/05\/Miramar-030-768x1024.jpg\" alt=\"\" width=\"768\" height=\"1024\" srcset=\"https:\/\/www.askja-on-tour.ch\/wp-content\/uploads\/2026\/05\/Miramar-030-768x1024.jpg 768w, https:\/\/www.askja-on-tour.ch\/wp-content\/uploads\/2026\/05\/Miramar-030-1200x1600.jpg 1200w, https:\/\/www.askja-on-tour.ch\/wp-content\/uploads\/2026\/05\/Miramar-030-1152x1536.jpg 1152w, https:\/\/www.askja-on-tour.ch\/wp-content\/uploads\/2026\/05\/Miramar-030.jpg 1536w\" sizes=\"auto, (max-width: 768px) 100vw, 768px\" \/><\/p>\n<figure id=\"attachment_30347\" aria-describedby=\"caption-attachment-30347\" style=\"width: 768px\" class=\"wp-caption alignnone\"><img loading=\"lazy\" decoding=\"async\" class=\"size-medium wp-image-30347\" src=\"https:\/\/www.askja-on-tour.ch\/wp-content\/uploads\/2026\/05\/Miramar-031-768x1024.jpg\" alt=\"\" width=\"768\" height=\"1024\" srcset=\"https:\/\/www.askja-on-tour.ch\/wp-content\/uploads\/2026\/05\/Miramar-031-768x1024.jpg 768w, https:\/\/www.askja-on-tour.ch\/wp-content\/uploads\/2026\/05\/Miramar-031-1200x1600.jpg 1200w, https:\/\/www.askja-on-tour.ch\/wp-content\/uploads\/2026\/05\/Miramar-031-1152x1536.jpg 1152w, https:\/\/www.askja-on-tour.ch\/wp-content\/uploads\/2026\/05\/Miramar-031.jpg 1536w\" sizes=\"auto, (max-width: 768px) 100vw, 768px\" \/><figcaption id=\"caption-attachment-30347\" class=\"wp-caption-text\">Und eine weitere B\u00fcste von General Justo Jos\u00e9 de Urquiza<\/figcaption><\/figure>\n<p>Danach fuhren wir weiter Richtung Mar Chiquita. Da die Strassen in Argentinien immer wieder schlechte und unberechenbare Abschnitte haben (Schlagl\u00f6cher und Spurrillen wechseln sich ab), kamen wir nicht ganz so weit wie erhofft. Aber 7&#215;24 h Tank-Stellen sind immer wieder eine sichere Adresse, um eine nicht ganz so ruhige, aber sichere Nacht zu verbringen. Am Folgetag ging es dann zum Mar Chiquita in den Ort Miramar de Ansenuza.<\/p>\n<p>Die Laguna Mar Chiquita (auch Mar de Ansenuza genannt) ist der gr\u00f6sste Salzsee Argentiniens und der f\u00fcnftgr\u00f6sste abflusslose See der Welt. Die beeindruckende Naturlandschaft ist ein international anerkanntes Schutzgebiet. Es sind w\u00e4ren hier wohl hunderte von unterschiedlichen Vogelarten zu sehen inkl. grosse Kolonien von Flamingos, wenn sie dann noch da w\u00e4ren und aufgrund der Jahreszeit nicht weitergezogen sind. \u00a0Je nach Wasserstand bedeckt der See eine Fl\u00e4che von bis zu 6\u2018000 Quadratkilometern.<\/p>\n<p>In der ersten H\u00e4lfte des 20. Jahrhunderts wurde Miramar de Ansenuza zu einem beliebten und gut besuchten Kurort, dem auch viele Europ\u00e4er einen Besuch abstatteten. In den 1950ern z\u00e4hlte der kleine Ort 109 Hotels, darunter das vom Deutsch-\u00d6sterreichischen Ehepaar Pahle erbaute und gef\u00fchrte 5-Sterne Gran Hotel Viena, das heute in Ruinen liegt. Einen Einbruch erlitt die florierende Tourismusindustrie durch eine \u00dcberschwemmung 1976. Starke Niederschl\u00e4ge liessen das Wasser der Lagune \u00fcber die Ufer treten, weite Teile des Ortes wurden geflutet.<\/p>\n<p>Sieben Jahre stand Miramar unter Wasser, die Menschen verloren ihre H\u00e4user und ihre Arbeit. 1984 begann der Pegel allm\u00e4hlich wieder zu sinken. Anfang der 1990er Jahre beschloss die Stadtverwaltung, die \u00fcberschwemmten Gebiete zu sprengen und eine neue Uferpromenade aufzubauen. Alles schien auf einem guten Weg zu sein, als der Pegel im Jahr 2003 erneut anstieg. Die \u00dcberschwemmung war nicht so stark wie in 1976, doch mussten die Menschen erneut evakuiert werden. Seither sch\u00fctzt ein Damm den Ort vor weiteren \u00dcberschwemmungen, die K\u00fcstenpromenade wurde weiter ausgebaut.<\/p>\n<p>Wir machten einen ausgiebigen Spaziergang am Meer entlang und durch den Ort Miramar de Ansenuzua, genossen das sch\u00f6ne Wetter und die Ferienstimmung im Ort, auch wenn hier die meisten Gesch\u00e4fte geschlossen sind, weil wir uns auf der S\u00fcdhalbkugel im Winter befinden.<\/p>\n<figure id=\"attachment_30351\" aria-describedby=\"caption-attachment-30351\" style=\"width: 1024px\" class=\"wp-caption alignnone\"><img loading=\"lazy\" decoding=\"async\" class=\"size-medium wp-image-30351\" src=\"https:\/\/www.askja-on-tour.ch\/wp-content\/uploads\/2026\/05\/Miramar-035-1024x768.jpg\" alt=\"\" width=\"1024\" height=\"768\" srcset=\"https:\/\/www.askja-on-tour.ch\/wp-content\/uploads\/2026\/05\/Miramar-035-1024x768.jpg 1024w, https:\/\/www.askja-on-tour.ch\/wp-content\/uploads\/2026\/05\/Miramar-035-1600x1200.jpg 1600w, https:\/\/www.askja-on-tour.ch\/wp-content\/uploads\/2026\/05\/Miramar-035-768x576.jpg 768w, https:\/\/www.askja-on-tour.ch\/wp-content\/uploads\/2026\/05\/Miramar-035-1536x1152.jpg 1536w, https:\/\/www.askja-on-tour.ch\/wp-content\/uploads\/2026\/05\/Miramar-035.jpg 2048w\" sizes=\"auto, (max-width: 1024px) 100vw, 1024px\" \/><figcaption id=\"caption-attachment-30351\" class=\"wp-caption-text\">Am Mar Chiquita<\/figcaption><\/figure>\n<figure id=\"attachment_30352\" aria-describedby=\"caption-attachment-30352\" style=\"width: 1024px\" class=\"wp-caption alignnone\"><img loading=\"lazy\" decoding=\"async\" class=\"size-medium wp-image-30352\" src=\"https:\/\/www.askja-on-tour.ch\/wp-content\/uploads\/2026\/05\/Miramar-036-1024x768.jpg\" alt=\"\" width=\"1024\" height=\"768\" srcset=\"https:\/\/www.askja-on-tour.ch\/wp-content\/uploads\/2026\/05\/Miramar-036-1024x768.jpg 1024w, https:\/\/www.askja-on-tour.ch\/wp-content\/uploads\/2026\/05\/Miramar-036-1600x1200.jpg 1600w, https:\/\/www.askja-on-tour.ch\/wp-content\/uploads\/2026\/05\/Miramar-036-768x576.jpg 768w, https:\/\/www.askja-on-tour.ch\/wp-content\/uploads\/2026\/05\/Miramar-036-1536x1152.jpg 1536w, https:\/\/www.askja-on-tour.ch\/wp-content\/uploads\/2026\/05\/Miramar-036.jpg 2048w\" sizes=\"auto, (max-width: 1024px) 100vw, 1024px\" \/><figcaption id=\"caption-attachment-30352\" class=\"wp-caption-text\">Welch eine Ehre &#8211; Claudia sitzt neben Jos\u00e9 Manuel de la Sota, er war zwischen 1999 und 2007 sowie zwischen 2011 und 2015 Gouverneur der Provinz C\u00f3rdoba<\/figcaption><\/figure>\n<figure id=\"attachment_30353\" aria-describedby=\"caption-attachment-30353\" style=\"width: 1024px\" class=\"wp-caption alignnone\"><img loading=\"lazy\" decoding=\"async\" class=\"size-medium wp-image-30353\" src=\"https:\/\/www.askja-on-tour.ch\/wp-content\/uploads\/2026\/05\/Miramar-037-1024x768.jpg\" alt=\"\" width=\"1024\" height=\"768\" srcset=\"https:\/\/www.askja-on-tour.ch\/wp-content\/uploads\/2026\/05\/Miramar-037-1024x768.jpg 1024w, https:\/\/www.askja-on-tour.ch\/wp-content\/uploads\/2026\/05\/Miramar-037-1600x1200.jpg 1600w, https:\/\/www.askja-on-tour.ch\/wp-content\/uploads\/2026\/05\/Miramar-037-768x576.jpg 768w, https:\/\/www.askja-on-tour.ch\/wp-content\/uploads\/2026\/05\/Miramar-037-1536x1152.jpg 1536w, https:\/\/www.askja-on-tour.ch\/wp-content\/uploads\/2026\/05\/Miramar-037.jpg 2048w\" sizes=\"auto, (max-width: 1024px) 100vw, 1024px\" \/><figcaption id=\"caption-attachment-30353\" class=\"wp-caption-text\">Die \u00dcberreste der Baumst\u00e4mme, die wohl vor einer der \u00dcberschwemmungen noch pr\u00e4chtige B\u00e4ume waren.<\/figcaption><\/figure>\n<p><img loading=\"lazy\" decoding=\"async\" class=\"alignnone size-medium wp-image-30354\" src=\"https:\/\/www.askja-on-tour.ch\/wp-content\/uploads\/2026\/05\/Miramar-038-1024x768.jpg\" alt=\"\" width=\"1024\" height=\"768\" srcset=\"https:\/\/www.askja-on-tour.ch\/wp-content\/uploads\/2026\/05\/Miramar-038-1024x768.jpg 1024w, https:\/\/www.askja-on-tour.ch\/wp-content\/uploads\/2026\/05\/Miramar-038-1600x1200.jpg 1600w, https:\/\/www.askja-on-tour.ch\/wp-content\/uploads\/2026\/05\/Miramar-038-768x576.jpg 768w, https:\/\/www.askja-on-tour.ch\/wp-content\/uploads\/2026\/05\/Miramar-038-1536x1152.jpg 1536w, https:\/\/www.askja-on-tour.ch\/wp-content\/uploads\/2026\/05\/Miramar-038.jpg 2048w\" sizes=\"auto, (max-width: 1024px) 100vw, 1024px\" \/><\/p>\n<figure id=\"attachment_30355\" aria-describedby=\"caption-attachment-30355\" style=\"width: 1024px\" class=\"wp-caption alignnone\"><img loading=\"lazy\" decoding=\"async\" class=\"size-medium wp-image-30355\" src=\"https:\/\/www.askja-on-tour.ch\/wp-content\/uploads\/2026\/05\/Miramar-039-1024x768.jpg\" alt=\"\" width=\"1024\" height=\"768\" srcset=\"https:\/\/www.askja-on-tour.ch\/wp-content\/uploads\/2026\/05\/Miramar-039-1024x768.jpg 1024w, https:\/\/www.askja-on-tour.ch\/wp-content\/uploads\/2026\/05\/Miramar-039-1600x1200.jpg 1600w, https:\/\/www.askja-on-tour.ch\/wp-content\/uploads\/2026\/05\/Miramar-039-768x576.jpg 768w, https:\/\/www.askja-on-tour.ch\/wp-content\/uploads\/2026\/05\/Miramar-039-1536x1152.jpg 1536w, https:\/\/www.askja-on-tour.ch\/wp-content\/uploads\/2026\/05\/Miramar-039.jpg 2048w\" sizes=\"auto, (max-width: 1024px) 100vw, 1024px\" \/><figcaption id=\"caption-attachment-30355\" class=\"wp-caption-text\">Eine Schaukel, die je nach Wasserstand nutzbar ist<\/figcaption><\/figure>\n<p><img loading=\"lazy\" decoding=\"async\" class=\"alignnone size-medium wp-image-30356\" src=\"https:\/\/www.askja-on-tour.ch\/wp-content\/uploads\/2026\/05\/Miramar-040-1024x248.jpg\" alt=\"\" width=\"1024\" height=\"248\" srcset=\"https:\/\/www.askja-on-tour.ch\/wp-content\/uploads\/2026\/05\/Miramar-040-1024x248.jpg 1024w, https:\/\/www.askja-on-tour.ch\/wp-content\/uploads\/2026\/05\/Miramar-040-1600x388.jpg 1600w, https:\/\/www.askja-on-tour.ch\/wp-content\/uploads\/2026\/05\/Miramar-040-768x186.jpg 768w, https:\/\/www.askja-on-tour.ch\/wp-content\/uploads\/2026\/05\/Miramar-040-1536x372.jpg 1536w, https:\/\/www.askja-on-tour.ch\/wp-content\/uploads\/2026\/05\/Miramar-040.jpg 2048w\" sizes=\"auto, (max-width: 1024px) 100vw, 1024px\" \/> <img loading=\"lazy\" decoding=\"async\" class=\"alignnone size-medium wp-image-30357\" src=\"https:\/\/www.askja-on-tour.ch\/wp-content\/uploads\/2026\/05\/Miramar-041-1024x768.jpg\" alt=\"\" width=\"1024\" height=\"768\" srcset=\"https:\/\/www.askja-on-tour.ch\/wp-content\/uploads\/2026\/05\/Miramar-041-1024x768.jpg 1024w, https:\/\/www.askja-on-tour.ch\/wp-content\/uploads\/2026\/05\/Miramar-041-1600x1200.jpg 1600w, https:\/\/www.askja-on-tour.ch\/wp-content\/uploads\/2026\/05\/Miramar-041-768x576.jpg 768w, https:\/\/www.askja-on-tour.ch\/wp-content\/uploads\/2026\/05\/Miramar-041-1536x1152.jpg 1536w, https:\/\/www.askja-on-tour.ch\/wp-content\/uploads\/2026\/05\/Miramar-041.jpg 2048w\" sizes=\"auto, (max-width: 1024px) 100vw, 1024px\" \/><\/p>\n<figure id=\"attachment_30358\" aria-describedby=\"caption-attachment-30358\" style=\"width: 1024px\" class=\"wp-caption alignnone\"><img loading=\"lazy\" decoding=\"async\" class=\"size-medium wp-image-30358\" src=\"https:\/\/www.askja-on-tour.ch\/wp-content\/uploads\/2026\/05\/Miramar-042-1024x768.jpg\" alt=\"\" width=\"1024\" height=\"768\" srcset=\"https:\/\/www.askja-on-tour.ch\/wp-content\/uploads\/2026\/05\/Miramar-042-1024x768.jpg 1024w, https:\/\/www.askja-on-tour.ch\/wp-content\/uploads\/2026\/05\/Miramar-042-1600x1200.jpg 1600w, https:\/\/www.askja-on-tour.ch\/wp-content\/uploads\/2026\/05\/Miramar-042-768x576.jpg 768w, https:\/\/www.askja-on-tour.ch\/wp-content\/uploads\/2026\/05\/Miramar-042-1536x1152.jpg 1536w, https:\/\/www.askja-on-tour.ch\/wp-content\/uploads\/2026\/05\/Miramar-042.jpg 2048w\" sizes=\"auto, (max-width: 1024px) 100vw, 1024px\" \/><figcaption id=\"caption-attachment-30358\" class=\"wp-caption-text\">Rotbl\u00fchende Str\u00e4ucher strotzen dem Salz<\/figcaption><\/figure>\n<p><img loading=\"lazy\" decoding=\"async\" class=\"alignnone size-medium wp-image-30359\" src=\"https:\/\/www.askja-on-tour.ch\/wp-content\/uploads\/2026\/05\/Miramar-043-1024x768.jpg\" alt=\"\" width=\"1024\" height=\"768\" srcset=\"https:\/\/www.askja-on-tour.ch\/wp-content\/uploads\/2026\/05\/Miramar-043-1024x768.jpg 1024w, https:\/\/www.askja-on-tour.ch\/wp-content\/uploads\/2026\/05\/Miramar-043-1600x1200.jpg 1600w, https:\/\/www.askja-on-tour.ch\/wp-content\/uploads\/2026\/05\/Miramar-043-768x576.jpg 768w, https:\/\/www.askja-on-tour.ch\/wp-content\/uploads\/2026\/05\/Miramar-043-1536x1152.jpg 1536w, https:\/\/www.askja-on-tour.ch\/wp-content\/uploads\/2026\/05\/Miramar-043.jpg 2048w\" sizes=\"auto, (max-width: 1024px) 100vw, 1024px\" \/><\/p>\n<figure id=\"attachment_30360\" aria-describedby=\"caption-attachment-30360\" style=\"width: 1024px\" class=\"wp-caption alignnone\"><img loading=\"lazy\" decoding=\"async\" class=\"size-medium wp-image-30360\" src=\"https:\/\/www.askja-on-tour.ch\/wp-content\/uploads\/2026\/05\/Miramar-044-1024x768.jpg\" alt=\"\" width=\"1024\" height=\"768\" srcset=\"https:\/\/www.askja-on-tour.ch\/wp-content\/uploads\/2026\/05\/Miramar-044-1024x768.jpg 1024w, https:\/\/www.askja-on-tour.ch\/wp-content\/uploads\/2026\/05\/Miramar-044-1600x1200.jpg 1600w, https:\/\/www.askja-on-tour.ch\/wp-content\/uploads\/2026\/05\/Miramar-044-768x576.jpg 768w, https:\/\/www.askja-on-tour.ch\/wp-content\/uploads\/2026\/05\/Miramar-044-1536x1152.jpg 1536w, https:\/\/www.askja-on-tour.ch\/wp-content\/uploads\/2026\/05\/Miramar-044.jpg 2048w\" sizes=\"auto, (max-width: 1024px) 100vw, 1024px\" \/><figcaption id=\"caption-attachment-30360\" class=\"wp-caption-text\">Ein Selfie muss her &#8211; die beiden Hunde begutachten die Aktion misstrauisch<\/figcaption><\/figure>\n<figure id=\"attachment_30361\" aria-describedby=\"caption-attachment-30361\" style=\"width: 1024px\" class=\"wp-caption alignnone\"><img loading=\"lazy\" decoding=\"async\" class=\"size-medium wp-image-30361\" src=\"https:\/\/www.askja-on-tour.ch\/wp-content\/uploads\/2026\/05\/Miramar-045-1024x768.jpg\" alt=\"\" width=\"1024\" height=\"768\" srcset=\"https:\/\/www.askja-on-tour.ch\/wp-content\/uploads\/2026\/05\/Miramar-045-1024x768.jpg 1024w, https:\/\/www.askja-on-tour.ch\/wp-content\/uploads\/2026\/05\/Miramar-045-1600x1200.jpg 1600w, https:\/\/www.askja-on-tour.ch\/wp-content\/uploads\/2026\/05\/Miramar-045-768x576.jpg 768w, https:\/\/www.askja-on-tour.ch\/wp-content\/uploads\/2026\/05\/Miramar-045-1536x1152.jpg 1536w, https:\/\/www.askja-on-tour.ch\/wp-content\/uploads\/2026\/05\/Miramar-045.jpg 2048w\" sizes=\"auto, (max-width: 1024px) 100vw, 1024px\" \/><figcaption id=\"caption-attachment-30361\" class=\"wp-caption-text\">Und wir haben es geschafft \ud83d\ude42<\/figcaption><\/figure>\n<p><img loading=\"lazy\" decoding=\"async\" class=\"alignnone size-medium wp-image-30362\" src=\"https:\/\/www.askja-on-tour.ch\/wp-content\/uploads\/2026\/05\/Miramar-046-1024x768.jpg\" alt=\"\" width=\"1024\" height=\"768\" srcset=\"https:\/\/www.askja-on-tour.ch\/wp-content\/uploads\/2026\/05\/Miramar-046-1024x768.jpg 1024w, https:\/\/www.askja-on-tour.ch\/wp-content\/uploads\/2026\/05\/Miramar-046-1600x1200.jpg 1600w, https:\/\/www.askja-on-tour.ch\/wp-content\/uploads\/2026\/05\/Miramar-046-768x576.jpg 768w, https:\/\/www.askja-on-tour.ch\/wp-content\/uploads\/2026\/05\/Miramar-046-1536x1152.jpg 1536w, https:\/\/www.askja-on-tour.ch\/wp-content\/uploads\/2026\/05\/Miramar-046.jpg 2048w\" sizes=\"auto, (max-width: 1024px) 100vw, 1024px\" \/><\/p>\n<figure id=\"attachment_30363\" aria-describedby=\"caption-attachment-30363\" style=\"width: 768px\" class=\"wp-caption alignnone\"><img loading=\"lazy\" decoding=\"async\" class=\"size-medium wp-image-30363\" src=\"https:\/\/www.askja-on-tour.ch\/wp-content\/uploads\/2026\/05\/Miramar-047-768x1024.jpg\" alt=\"\" width=\"768\" height=\"1024\" srcset=\"https:\/\/www.askja-on-tour.ch\/wp-content\/uploads\/2026\/05\/Miramar-047-768x1024.jpg 768w, https:\/\/www.askja-on-tour.ch\/wp-content\/uploads\/2026\/05\/Miramar-047-1200x1600.jpg 1200w, https:\/\/www.askja-on-tour.ch\/wp-content\/uploads\/2026\/05\/Miramar-047-1152x1536.jpg 1152w, https:\/\/www.askja-on-tour.ch\/wp-content\/uploads\/2026\/05\/Miramar-047.jpg 1536w\" sizes=\"auto, (max-width: 768px) 100vw, 768px\" \/><figcaption id=\"caption-attachment-30363\" class=\"wp-caption-text\">Interessante Bauten &#8211; auf engstem Platz<\/figcaption><\/figure>\n<figure id=\"attachment_30364\" aria-describedby=\"caption-attachment-30364\" style=\"width: 768px\" class=\"wp-caption alignnone\"><img loading=\"lazy\" decoding=\"async\" class=\"size-medium wp-image-30364\" src=\"https:\/\/www.askja-on-tour.ch\/wp-content\/uploads\/2026\/05\/Miramar-048-768x1024.jpg\" alt=\"\" width=\"768\" height=\"1024\" srcset=\"https:\/\/www.askja-on-tour.ch\/wp-content\/uploads\/2026\/05\/Miramar-048-768x1024.jpg 768w, https:\/\/www.askja-on-tour.ch\/wp-content\/uploads\/2026\/05\/Miramar-048-1200x1600.jpg 1200w, https:\/\/www.askja-on-tour.ch\/wp-content\/uploads\/2026\/05\/Miramar-048-1152x1536.jpg 1152w, https:\/\/www.askja-on-tour.ch\/wp-content\/uploads\/2026\/05\/Miramar-048.jpg 1536w\" sizes=\"auto, (max-width: 768px) 100vw, 768px\" \/><figcaption id=\"caption-attachment-30364\" class=\"wp-caption-text\">M\u00e4hnenw\u00f6lfe als Skulptur &#8211; diese soll es hier geben<\/figcaption><\/figure>\n<figure id=\"attachment_30372\" aria-describedby=\"caption-attachment-30372\" style=\"width: 1024px\" class=\"wp-caption alignnone\"><img loading=\"lazy\" decoding=\"async\" class=\"wp-image-30372 size-medium\" src=\"https:\/\/www.askja-on-tour.ch\/wp-content\/uploads\/2026\/05\/Miramar-056-1024x768.jpg\" alt=\"\" width=\"1024\" height=\"768\" srcset=\"https:\/\/www.askja-on-tour.ch\/wp-content\/uploads\/2026\/05\/Miramar-056-1024x768.jpg 1024w, https:\/\/www.askja-on-tour.ch\/wp-content\/uploads\/2026\/05\/Miramar-056-1600x1200.jpg 1600w, https:\/\/www.askja-on-tour.ch\/wp-content\/uploads\/2026\/05\/Miramar-056-768x576.jpg 768w, https:\/\/www.askja-on-tour.ch\/wp-content\/uploads\/2026\/05\/Miramar-056-1536x1152.jpg 1536w, https:\/\/www.askja-on-tour.ch\/wp-content\/uploads\/2026\/05\/Miramar-056.jpg 2048w\" sizes=\"auto, (max-width: 1024px) 100vw, 1024px\" \/><figcaption id=\"caption-attachment-30372\" class=\"wp-caption-text\">Das gegen\u00fcberliegende Ufer ist nicht sichtbar &#8211; so gross ist der Salzsee<\/figcaption><\/figure>\n<figure id=\"attachment_30373\" aria-describedby=\"caption-attachment-30373\" style=\"width: 768px\" class=\"wp-caption alignnone\"><img loading=\"lazy\" decoding=\"async\" class=\"size-medium wp-image-30373\" src=\"https:\/\/www.askja-on-tour.ch\/wp-content\/uploads\/2026\/05\/Miramar-057-768x1024.jpg\" alt=\"\" width=\"768\" height=\"1024\" srcset=\"https:\/\/www.askja-on-tour.ch\/wp-content\/uploads\/2026\/05\/Miramar-057-768x1024.jpg 768w, https:\/\/www.askja-on-tour.ch\/wp-content\/uploads\/2026\/05\/Miramar-057-1200x1600.jpg 1200w, https:\/\/www.askja-on-tour.ch\/wp-content\/uploads\/2026\/05\/Miramar-057-1152x1536.jpg 1152w, https:\/\/www.askja-on-tour.ch\/wp-content\/uploads\/2026\/05\/Miramar-057.jpg 1536w\" sizes=\"auto, (max-width: 768px) 100vw, 768px\" \/><figcaption id=\"caption-attachment-30373\" class=\"wp-caption-text\">Der Falmingo als Wahrzeichen von Miramar<\/figcaption><\/figure>\n<p>Noch etwas zum Gran Hotel Viena: Es ranken sich viele Ger\u00fcchte um dieses Hotel, dass es ein Nazi-Versteck gewesen sei und sich Adolf Hitler angeblich ebenfalls im Hotel Viena aufgehalten habe. Die Familie Pahlke wies ausdr\u00fccklich darauf hin, dass sie die nationalsozialistische Ideologie nicht unterst\u00fctzten. Doch \u2013 Ger\u00fcchte sind nicht tot zu kriegen. Der mond\u00e4ne, abgeschiedene Bau und die Tatsache, dass dort Deutsch gesprochen wurde und viele Mitarbeitende aus Deutschland stammten, n\u00e4hrten nach dem Zweiten Weltkrieg diese Spekulationen.<\/p>\n<figure id=\"attachment_30365\" aria-describedby=\"caption-attachment-30365\" style=\"width: 1024px\" class=\"wp-caption alignnone\"><img loading=\"lazy\" decoding=\"async\" class=\"size-medium wp-image-30365\" src=\"https:\/\/www.askja-on-tour.ch\/wp-content\/uploads\/2026\/05\/Miramar-049-1024x768.jpg\" alt=\"\" width=\"1024\" height=\"768\" srcset=\"https:\/\/www.askja-on-tour.ch\/wp-content\/uploads\/2026\/05\/Miramar-049-1024x768.jpg 1024w, https:\/\/www.askja-on-tour.ch\/wp-content\/uploads\/2026\/05\/Miramar-049-1600x1200.jpg 1600w, https:\/\/www.askja-on-tour.ch\/wp-content\/uploads\/2026\/05\/Miramar-049-768x576.jpg 768w, https:\/\/www.askja-on-tour.ch\/wp-content\/uploads\/2026\/05\/Miramar-049-1536x1152.jpg 1536w, https:\/\/www.askja-on-tour.ch\/wp-content\/uploads\/2026\/05\/Miramar-049.jpg 2048w\" sizes=\"auto, (max-width: 1024px) 100vw, 1024px\" \/><figcaption id=\"caption-attachment-30365\" class=\"wp-caption-text\">Beim Gran Hotel Viena<\/figcaption><\/figure>\n<figure id=\"attachment_30366\" aria-describedby=\"caption-attachment-30366\" style=\"width: 1024px\" class=\"wp-caption alignnone\"><img loading=\"lazy\" decoding=\"async\" class=\"size-medium wp-image-30366\" src=\"https:\/\/www.askja-on-tour.ch\/wp-content\/uploads\/2026\/05\/Miramar-050-1024x768.jpg\" alt=\"\" width=\"1024\" height=\"768\" srcset=\"https:\/\/www.askja-on-tour.ch\/wp-content\/uploads\/2026\/05\/Miramar-050-1024x768.jpg 1024w, https:\/\/www.askja-on-tour.ch\/wp-content\/uploads\/2026\/05\/Miramar-050-1600x1200.jpg 1600w, https:\/\/www.askja-on-tour.ch\/wp-content\/uploads\/2026\/05\/Miramar-050-768x576.jpg 768w, https:\/\/www.askja-on-tour.ch\/wp-content\/uploads\/2026\/05\/Miramar-050-1536x1152.jpg 1536w, https:\/\/www.askja-on-tour.ch\/wp-content\/uploads\/2026\/05\/Miramar-050.jpg 2048w\" sizes=\"auto, (max-width: 1024px) 100vw, 1024px\" \/><figcaption id=\"caption-attachment-30366\" class=\"wp-caption-text\">Die Ruinen vom Grand Hotel Viena<\/figcaption><\/figure>\n<p><img loading=\"lazy\" decoding=\"async\" class=\"alignnone size-medium wp-image-30367\" src=\"https:\/\/www.askja-on-tour.ch\/wp-content\/uploads\/2026\/05\/Miramar-051-1024x768.jpg\" alt=\"\" width=\"1024\" height=\"768\" srcset=\"https:\/\/www.askja-on-tour.ch\/wp-content\/uploads\/2026\/05\/Miramar-051-1024x768.jpg 1024w, https:\/\/www.askja-on-tour.ch\/wp-content\/uploads\/2026\/05\/Miramar-051-1600x1200.jpg 1600w, https:\/\/www.askja-on-tour.ch\/wp-content\/uploads\/2026\/05\/Miramar-051-768x576.jpg 768w, https:\/\/www.askja-on-tour.ch\/wp-content\/uploads\/2026\/05\/Miramar-051-1536x1152.jpg 1536w, https:\/\/www.askja-on-tour.ch\/wp-content\/uploads\/2026\/05\/Miramar-051.jpg 2048w\" sizes=\"auto, (max-width: 1024px) 100vw, 1024px\" \/> <img loading=\"lazy\" decoding=\"async\" class=\"alignnone size-medium wp-image-30368\" src=\"https:\/\/www.askja-on-tour.ch\/wp-content\/uploads\/2026\/05\/Miramar-052-1024x768.jpg\" alt=\"\" width=\"1024\" height=\"768\" srcset=\"https:\/\/www.askja-on-tour.ch\/wp-content\/uploads\/2026\/05\/Miramar-052-1024x768.jpg 1024w, https:\/\/www.askja-on-tour.ch\/wp-content\/uploads\/2026\/05\/Miramar-052-1600x1200.jpg 1600w, https:\/\/www.askja-on-tour.ch\/wp-content\/uploads\/2026\/05\/Miramar-052-768x576.jpg 768w, https:\/\/www.askja-on-tour.ch\/wp-content\/uploads\/2026\/05\/Miramar-052-1536x1152.jpg 1536w, https:\/\/www.askja-on-tour.ch\/wp-content\/uploads\/2026\/05\/Miramar-052.jpg 2048w\" sizes=\"auto, (max-width: 1024px) 100vw, 1024px\" \/> <img loading=\"lazy\" decoding=\"async\" class=\"alignnone size-medium wp-image-30369\" src=\"https:\/\/www.askja-on-tour.ch\/wp-content\/uploads\/2026\/05\/Miramar-053-768x1024.jpg\" alt=\"\" width=\"768\" height=\"1024\" srcset=\"https:\/\/www.askja-on-tour.ch\/wp-content\/uploads\/2026\/05\/Miramar-053-768x1024.jpg 768w, https:\/\/www.askja-on-tour.ch\/wp-content\/uploads\/2026\/05\/Miramar-053-1200x1600.jpg 1200w, https:\/\/www.askja-on-tour.ch\/wp-content\/uploads\/2026\/05\/Miramar-053-1152x1536.jpg 1152w, https:\/\/www.askja-on-tour.ch\/wp-content\/uploads\/2026\/05\/Miramar-053.jpg 1536w\" sizes=\"auto, (max-width: 768px) 100vw, 768px\" \/> <img loading=\"lazy\" decoding=\"async\" class=\"alignnone size-medium wp-image-30370\" src=\"https:\/\/www.askja-on-tour.ch\/wp-content\/uploads\/2026\/05\/Miramar-054-1024x768.jpg\" alt=\"\" width=\"1024\" height=\"768\" srcset=\"https:\/\/www.askja-on-tour.ch\/wp-content\/uploads\/2026\/05\/Miramar-054-1024x768.jpg 1024w, https:\/\/www.askja-on-tour.ch\/wp-content\/uploads\/2026\/05\/Miramar-054-1600x1200.jpg 1600w, https:\/\/www.askja-on-tour.ch\/wp-content\/uploads\/2026\/05\/Miramar-054-768x576.jpg 768w, https:\/\/www.askja-on-tour.ch\/wp-content\/uploads\/2026\/05\/Miramar-054-1536x1152.jpg 1536w, https:\/\/www.askja-on-tour.ch\/wp-content\/uploads\/2026\/05\/Miramar-054.jpg 2048w\" sizes=\"auto, (max-width: 1024px) 100vw, 1024px\" \/> <img loading=\"lazy\" decoding=\"async\" class=\"alignnone size-medium wp-image-30371\" src=\"https:\/\/www.askja-on-tour.ch\/wp-content\/uploads\/2026\/05\/Miramar-055-768x1024.jpg\" alt=\"\" width=\"768\" height=\"1024\" srcset=\"https:\/\/www.askja-on-tour.ch\/wp-content\/uploads\/2026\/05\/Miramar-055-768x1024.jpg 768w, https:\/\/www.askja-on-tour.ch\/wp-content\/uploads\/2026\/05\/Miramar-055-1200x1600.jpg 1200w, https:\/\/www.askja-on-tour.ch\/wp-content\/uploads\/2026\/05\/Miramar-055-1152x1536.jpg 1152w, https:\/\/www.askja-on-tour.ch\/wp-content\/uploads\/2026\/05\/Miramar-055.jpg 1536w\" sizes=\"auto, (max-width: 768px) 100vw, 768px\" \/><\/p>\n<p>Wir stehen auf dem Camping Sam. Wir sind gestern kurz vor Dunkelheit angekommen und wollten nichts mehr suchen. Auf diesem Platz findet allerdings ein Treffen des Clubs \u201eMujeres Rodanteras Argentinas\u201c (Argentinische Frauen auf R\u00e4dern, d.h. Wohnmobile, umgebaute Autos mit Schlafpl\u00e4tzen, etc). Erst wollte man uns abweisen, da man eben diese Wohnmobilistinnen, deren 100 an der Zahl, erwartet und alle Duschen und Toiletten nur f\u00fcr Frauen reserviert sind. Ein Mann wollte man da nicht in diesen Sanit\u00e4rr\u00e4umen haben. Da wir glaubhaft machen konnten, dass wir alles im Auto haben, durften wir \u2013 nach R\u00fccksprache mit dem Vereins-Vorstand \u2013 eine Nacht bleiben. Am Morgen kam die Pr\u00e4sidentin des Clubs und meinte, dass wir nat\u00fcrlich auch noch eine weitere Nacht bleiben d\u00fcrfen.<\/p>\n<figure id=\"attachment_30349\" aria-describedby=\"caption-attachment-30349\" style=\"width: 768px\" class=\"wp-caption alignnone\"><img loading=\"lazy\" decoding=\"async\" class=\"size-medium wp-image-30349\" src=\"https:\/\/www.askja-on-tour.ch\/wp-content\/uploads\/2026\/05\/Miramar-033-768x1024.jpg\" alt=\"\" width=\"768\" height=\"1024\" srcset=\"https:\/\/www.askja-on-tour.ch\/wp-content\/uploads\/2026\/05\/Miramar-033-768x1024.jpg 768w, https:\/\/www.askja-on-tour.ch\/wp-content\/uploads\/2026\/05\/Miramar-033-1200x1600.jpg 1200w, https:\/\/www.askja-on-tour.ch\/wp-content\/uploads\/2026\/05\/Miramar-033-1152x1536.jpg 1152w, https:\/\/www.askja-on-tour.ch\/wp-content\/uploads\/2026\/05\/Miramar-033.jpg 1536w\" sizes=\"auto, (max-width: 768px) 100vw, 768px\" \/><figcaption id=\"caption-attachment-30349\" class=\"wp-caption-text\">Von diesen Damen sind gut 100 auf dem Camping Sam<\/figcaption><\/figure>\n<figure id=\"attachment_30350\" aria-describedby=\"caption-attachment-30350\" style=\"width: 1024px\" class=\"wp-caption alignnone\"><img loading=\"lazy\" decoding=\"async\" class=\"size-medium wp-image-30350\" src=\"https:\/\/www.askja-on-tour.ch\/wp-content\/uploads\/2026\/05\/Miramar-034-1024x768.jpg\" alt=\"\" width=\"1024\" height=\"768\" srcset=\"https:\/\/www.askja-on-tour.ch\/wp-content\/uploads\/2026\/05\/Miramar-034-1024x768.jpg 1024w, https:\/\/www.askja-on-tour.ch\/wp-content\/uploads\/2026\/05\/Miramar-034-1600x1200.jpg 1600w, https:\/\/www.askja-on-tour.ch\/wp-content\/uploads\/2026\/05\/Miramar-034-768x576.jpg 768w, https:\/\/www.askja-on-tour.ch\/wp-content\/uploads\/2026\/05\/Miramar-034-1536x1152.jpg 1536w, https:\/\/www.askja-on-tour.ch\/wp-content\/uploads\/2026\/05\/Miramar-034.jpg 2048w\" sizes=\"auto, (max-width: 1024px) 100vw, 1024px\" \/><figcaption id=\"caption-attachment-30350\" class=\"wp-caption-text\">&#8230; wo wir geduldet werden (wenn sich Norbert benimmt)<\/figcaption><\/figure>\n","protected":false},"excerpt":{"rendered":"<p>Am 20.05. sind wir \u00fcber die Grenze von Uruguay nach Argentinien gefahren. Der \u201eBorder-Run\u201c verlief sehr entspannt. Als erstes besuchten wir den Palast von Justo Jos\u00e9 de Urquiza (bekannt als Palacio San Jos\u00e9); dieser befindet sich in der argentinischen Provinz<\/p>\n","protected":false},"author":3,"featured_media":0,"comment_status":"open","ping_status":"closed","sticky":false,"template":"","format":"standard","meta":{"footnotes":""},"categories":[61,50,1],"tags":[],"class_list":["post-30325","post","type-post","status-publish","format-standard","hentry","category-argentinien_2026","category-suedamerika_2024_2026","category-uncategorized"],"_links":{"self":[{"href":"https:\/\/www.askja-on-tour.ch\/index.php?rest_route=\/wp\/v2\/posts\/30325","targetHints":{"allow":["GET"]}}],"collection":[{"href":"https:\/\/www.askja-on-tour.ch\/index.php?rest_route=\/wp\/v2\/posts"}],"about":[{"href":"https:\/\/www.askja-on-tour.ch\/index.php?rest_route=\/wp\/v2\/types\/post"}],"author":[{"embeddable":true,"href":"https:\/\/www.askja-on-tour.ch\/index.php?rest_route=\/wp\/v2\/users\/3"}],"replies":[{"embeddable":true,"href":"https:\/\/www.askja-on-tour.ch\/index.php?rest_route=%2Fwp%2Fv2%2Fcomments&post=30325"}],"version-history":[{"count":3,"href":"https:\/\/www.askja-on-tour.ch\/index.php?rest_route=\/wp\/v2\/posts\/30325\/revisions"}],"predecessor-version":[{"id":30390,"href":"https:\/\/www.askja-on-tour.ch\/index.php?rest_route=\/wp\/v2\/posts\/30325\/revisions\/30390"}],"wp:attachment":[{"href":"https:\/\/www.askja-on-tour.ch\/index.php?rest_route=%2Fwp%2Fv2%2Fmedia&parent=30325"}],"wp:term":[{"taxonomy":"category","embeddable":true,"href":"https:\/\/www.askja-on-tour.ch\/index.php?rest_route=%2Fwp%2Fv2%2Fcategories&post=30325"},{"taxonomy":"post_tag","embeddable":true,"href":"https:\/\/www.askja-on-tour.ch\/index.php?rest_route=%2Fwp%2Fv2%2Ftags&post=30325"}],"curies":[{"name":"wp","href":"https:\/\/api.w.org\/{rel}","templated":true}]}}