{"id":30216,"date":"2026-05-19T17:13:05","date_gmt":"2026-05-19T17:13:05","guid":{"rendered":"https:\/\/www.askja-on-tour.ch\/?p=30216"},"modified":"2026-05-19T17:13:06","modified_gmt":"2026-05-19T17:13:06","slug":"02-05-17-05-2026-ankunft-nach-entspanntem-flug-in-montevideo-einrichten-von-askja-und-aerger-mit-dem-regen-resp-dem-wasser-start-suedamerika-teil-3-mit-ladehemmung","status":"publish","type":"post","link":"https:\/\/www.askja-on-tour.ch\/?p=30216","title":{"rendered":"02.05. \u2013 17.05.2026: Ankunft nach entspanntem Flug in Montevideo, Einrichten von Askja und \u00c4rger mit dem Regen (resp. dem Wasser) \u00a0\u2013 Start S\u00fcdamerika Teil 3 mit Ladehemmung"},"content":{"rendered":"\n<p>Nach unserem entspannten Flug via S\u00e3o Paulo sind wir gut in Montevideo angekommen. Wir hatten uns aufgrund unserer f\u00fcnf grossen Koffer (Ersatzteile, Bestellungen von Freunden hier in Uruguay, ein paar neue K\u00fcchenutensilien, etc.) schon auf eine gr\u00f6ssere Diskussion am Zoll eingestellt. Im Gegensatz zu Z\u00fcrich-Kloten muss hier jeder das gesamte Gep\u00e4ck nach der Gep\u00e4ckabholung nochmals durch einen Scanner lassen. Aber \u2013 wer h\u00e4tte es gedacht &#8211; es interessierte sich niemand f\u00fcr uns und den Inhalt unserer Koffer. Unser Fahrer Diego stand auch p\u00fcnktlich bereit und so trafen wir keine zwei Stunden nach der Landung schon bei UY Storage in Soca, N\u00e4he Montevideo, ein. Hier stand bereits Askja bereit, die auf dem riesigen Gel\u00e4nde gut gesichert in einer Halle die f\u00fcnf Monate verbrachte und ganz viel Zuneigung von den Gebr\u00fcdern Schneidereit bekamt: neue PV-Anlage, neuer K\u00fchlschrank, neue Reifen, etc.<\/p>\n<p>Am Sonntag hiess es auspacken, Wasser f\u00fcllen und einfach mal ankommen. Am Montag haben wir mit den Jungs von UY Storage\/TerraVentura besprochen, was gemacht wurde, dabei kam auch der Zustand der Bremskl\u00f6tze zur Diskussion. Wir haben uns entschieden, dass wir diese aufgrund der bevorstehenden Strecke ins Altiplano, Anden und in den Amazonas rundum ersetzen wollen. Diese neuen Bremskl\u00f6tze sollten am Donnerstag eintreffen. Am Dienstag mussten wir bei einem spezialisierten Unternehmen die Spur aufgrund des Reifenwechsels kontrollieren lassen.<\/p>\n<figure id=\"attachment_30217\" aria-describedby=\"caption-attachment-30217\" style=\"width: 1024px\" class=\"wp-caption alignnone\"><img loading=\"lazy\" decoding=\"async\" class=\"size-medium wp-image-30217\" src=\"https:\/\/www.askja-on-tour.ch\/wp-content\/uploads\/2026\/05\/Uruguay_Begin-001-1024x768.jpg\" alt=\"\" width=\"1024\" height=\"768\" srcset=\"https:\/\/www.askja-on-tour.ch\/wp-content\/uploads\/2026\/05\/Uruguay_Begin-001-1024x768.jpg 1024w, https:\/\/www.askja-on-tour.ch\/wp-content\/uploads\/2026\/05\/Uruguay_Begin-001-1600x1200.jpg 1600w, https:\/\/www.askja-on-tour.ch\/wp-content\/uploads\/2026\/05\/Uruguay_Begin-001-768x576.jpg 768w, https:\/\/www.askja-on-tour.ch\/wp-content\/uploads\/2026\/05\/Uruguay_Begin-001-1536x1152.jpg 1536w, https:\/\/www.askja-on-tour.ch\/wp-content\/uploads\/2026\/05\/Uruguay_Begin-001.jpg 2048w\" sizes=\"auto, (max-width: 1024px) 100vw, 1024px\" \/><figcaption id=\"caption-attachment-30217\" class=\"wp-caption-text\">Achsvermessung mit Spureinstellung nach Reifenwechsel<\/figcaption><\/figure>\n<p><img loading=\"lazy\" decoding=\"async\" class=\"alignnone size-medium wp-image-30218\" src=\"https:\/\/www.askja-on-tour.ch\/wp-content\/uploads\/2026\/05\/Uruguay_Begin-002-1024x768.jpg\" alt=\"\" width=\"1024\" height=\"768\" srcset=\"https:\/\/www.askja-on-tour.ch\/wp-content\/uploads\/2026\/05\/Uruguay_Begin-002-1024x768.jpg 1024w, https:\/\/www.askja-on-tour.ch\/wp-content\/uploads\/2026\/05\/Uruguay_Begin-002-1600x1200.jpg 1600w, https:\/\/www.askja-on-tour.ch\/wp-content\/uploads\/2026\/05\/Uruguay_Begin-002-768x576.jpg 768w, https:\/\/www.askja-on-tour.ch\/wp-content\/uploads\/2026\/05\/Uruguay_Begin-002-1536x1152.jpg 1536w, https:\/\/www.askja-on-tour.ch\/wp-content\/uploads\/2026\/05\/Uruguay_Begin-002.jpg 2048w\" sizes=\"auto, (max-width: 1024px) 100vw, 1024px\" \/> <img loading=\"lazy\" decoding=\"async\" class=\"alignnone size-medium wp-image-30219\" src=\"https:\/\/www.askja-on-tour.ch\/wp-content\/uploads\/2026\/05\/Uruguay_Begin-003-1024x768.jpg\" alt=\"\" width=\"1024\" height=\"768\" srcset=\"https:\/\/www.askja-on-tour.ch\/wp-content\/uploads\/2026\/05\/Uruguay_Begin-003-1024x768.jpg 1024w, https:\/\/www.askja-on-tour.ch\/wp-content\/uploads\/2026\/05\/Uruguay_Begin-003-1600x1200.jpg 1600w, https:\/\/www.askja-on-tour.ch\/wp-content\/uploads\/2026\/05\/Uruguay_Begin-003-768x576.jpg 768w, https:\/\/www.askja-on-tour.ch\/wp-content\/uploads\/2026\/05\/Uruguay_Begin-003-1536x1152.jpg 1536w, https:\/\/www.askja-on-tour.ch\/wp-content\/uploads\/2026\/05\/Uruguay_Begin-003.jpg 2048w\" sizes=\"auto, (max-width: 1024px) 100vw, 1024px\" \/><\/p>\n<p>Der Chef des Spurpr\u00fcf-Unternehmens war sehr gut und stellte fest, dass die Spur in Ordnung ist und verrechnete uns nur eine Inspektion.<\/p>\n<p>Danach fuhren wir zu unserem Lieblingsplatz Paraiso Suizo, zu Silvia. Wir wollten sie unbedingt noch sehen, ehe sie f\u00fcr ein paar Tage in die Schweiz fuhr. Wieder ein sch\u00f6nes Wiedersehen, so Heimkommen fernab von zu Hause. Hier trafen wir auch Maria und Berny wieder, die wir zuvor schon bei UY Storage getroffen haben. Zwei spannende, liebe Menschen, die schon enorm viel gereist sind und uns viele Tipps f\u00fcr unsere n\u00e4chste Etappe geben konnten.<\/p>\n<figure id=\"attachment_30220\" aria-describedby=\"caption-attachment-30220\" style=\"width: 1024px\" class=\"wp-caption alignnone\"><img loading=\"lazy\" decoding=\"async\" class=\"size-medium wp-image-30220\" src=\"https:\/\/www.askja-on-tour.ch\/wp-content\/uploads\/2026\/05\/Uruguay_Begin-004-1024x768.jpg\" alt=\"\" width=\"1024\" height=\"768\" srcset=\"https:\/\/www.askja-on-tour.ch\/wp-content\/uploads\/2026\/05\/Uruguay_Begin-004-1024x768.jpg 1024w, https:\/\/www.askja-on-tour.ch\/wp-content\/uploads\/2026\/05\/Uruguay_Begin-004-1600x1200.jpg 1600w, https:\/\/www.askja-on-tour.ch\/wp-content\/uploads\/2026\/05\/Uruguay_Begin-004-768x576.jpg 768w, https:\/\/www.askja-on-tour.ch\/wp-content\/uploads\/2026\/05\/Uruguay_Begin-004-1536x1152.jpg 1536w, https:\/\/www.askja-on-tour.ch\/wp-content\/uploads\/2026\/05\/Uruguay_Begin-004.jpg 2048w\" sizes=\"auto, (max-width: 1024px) 100vw, 1024px\" \/><figcaption id=\"caption-attachment-30220\" class=\"wp-caption-text\">Zu Hause in Uruguay \ud83d\ude42 &#8211; Paraiso Suizo<\/figcaption><\/figure>\n<p><img loading=\"lazy\" decoding=\"async\" class=\"alignnone size-medium wp-image-30221\" src=\"https:\/\/www.askja-on-tour.ch\/wp-content\/uploads\/2026\/05\/Uruguay_Begin-005-1024x768.jpg\" alt=\"\" width=\"1024\" height=\"768\" srcset=\"https:\/\/www.askja-on-tour.ch\/wp-content\/uploads\/2026\/05\/Uruguay_Begin-005-1024x768.jpg 1024w, https:\/\/www.askja-on-tour.ch\/wp-content\/uploads\/2026\/05\/Uruguay_Begin-005-1600x1200.jpg 1600w, https:\/\/www.askja-on-tour.ch\/wp-content\/uploads\/2026\/05\/Uruguay_Begin-005-768x576.jpg 768w, https:\/\/www.askja-on-tour.ch\/wp-content\/uploads\/2026\/05\/Uruguay_Begin-005-1536x1152.jpg 1536w, https:\/\/www.askja-on-tour.ch\/wp-content\/uploads\/2026\/05\/Uruguay_Begin-005.jpg 2048w\" sizes=\"auto, (max-width: 1024px) 100vw, 1024px\" \/><\/p>\n<figure id=\"attachment_30222\" aria-describedby=\"caption-attachment-30222\" style=\"width: 1024px\" class=\"wp-caption alignnone\"><img loading=\"lazy\" decoding=\"async\" class=\"size-medium wp-image-30222\" src=\"https:\/\/www.askja-on-tour.ch\/wp-content\/uploads\/2026\/05\/Uruguay_Begin-006-1024x768.jpg\" alt=\"\" width=\"1024\" height=\"768\" srcset=\"https:\/\/www.askja-on-tour.ch\/wp-content\/uploads\/2026\/05\/Uruguay_Begin-006-1024x768.jpg 1024w, https:\/\/www.askja-on-tour.ch\/wp-content\/uploads\/2026\/05\/Uruguay_Begin-006-1600x1200.jpg 1600w, https:\/\/www.askja-on-tour.ch\/wp-content\/uploads\/2026\/05\/Uruguay_Begin-006-768x576.jpg 768w, https:\/\/www.askja-on-tour.ch\/wp-content\/uploads\/2026\/05\/Uruguay_Begin-006-1536x1152.jpg 1536w, https:\/\/www.askja-on-tour.ch\/wp-content\/uploads\/2026\/05\/Uruguay_Begin-006.jpg 2048w\" sizes=\"auto, (max-width: 1024px) 100vw, 1024px\" \/><figcaption id=\"caption-attachment-30222\" class=\"wp-caption-text\">Sch\u00f6ner Strand, der aber immer mehr untersp\u00fclt wird<\/figcaption><\/figure>\n<p><img loading=\"lazy\" decoding=\"async\" class=\"alignnone size-medium wp-image-30223\" src=\"https:\/\/www.askja-on-tour.ch\/wp-content\/uploads\/2026\/05\/Uruguay_Begin-007-1024x768.jpg\" alt=\"\" width=\"1024\" height=\"768\" srcset=\"https:\/\/www.askja-on-tour.ch\/wp-content\/uploads\/2026\/05\/Uruguay_Begin-007-1024x768.jpg 1024w, https:\/\/www.askja-on-tour.ch\/wp-content\/uploads\/2026\/05\/Uruguay_Begin-007-1600x1200.jpg 1600w, https:\/\/www.askja-on-tour.ch\/wp-content\/uploads\/2026\/05\/Uruguay_Begin-007-768x576.jpg 768w, https:\/\/www.askja-on-tour.ch\/wp-content\/uploads\/2026\/05\/Uruguay_Begin-007-1536x1152.jpg 1536w, https:\/\/www.askja-on-tour.ch\/wp-content\/uploads\/2026\/05\/Uruguay_Begin-007.jpg 2048w\" sizes=\"auto, (max-width: 1024px) 100vw, 1024px\" \/> <img loading=\"lazy\" decoding=\"async\" class=\"alignnone size-medium wp-image-30224\" src=\"https:\/\/www.askja-on-tour.ch\/wp-content\/uploads\/2026\/05\/Uruguay_Begin-008-1024x768.jpg\" alt=\"\" width=\"1024\" height=\"768\" srcset=\"https:\/\/www.askja-on-tour.ch\/wp-content\/uploads\/2026\/05\/Uruguay_Begin-008-1024x768.jpg 1024w, https:\/\/www.askja-on-tour.ch\/wp-content\/uploads\/2026\/05\/Uruguay_Begin-008-1600x1200.jpg 1600w, https:\/\/www.askja-on-tour.ch\/wp-content\/uploads\/2026\/05\/Uruguay_Begin-008-768x576.jpg 768w, https:\/\/www.askja-on-tour.ch\/wp-content\/uploads\/2026\/05\/Uruguay_Begin-008-1536x1152.jpg 1536w, https:\/\/www.askja-on-tour.ch\/wp-content\/uploads\/2026\/05\/Uruguay_Begin-008.jpg 2048w\" sizes=\"auto, (max-width: 1024px) 100vw, 1024px\" \/> <img loading=\"lazy\" decoding=\"async\" class=\"alignnone size-medium wp-image-30225\" src=\"https:\/\/www.askja-on-tour.ch\/wp-content\/uploads\/2026\/05\/Uruguay_Begin-009-1024x768.jpg\" alt=\"\" width=\"1024\" height=\"768\" srcset=\"https:\/\/www.askja-on-tour.ch\/wp-content\/uploads\/2026\/05\/Uruguay_Begin-009-1024x768.jpg 1024w, https:\/\/www.askja-on-tour.ch\/wp-content\/uploads\/2026\/05\/Uruguay_Begin-009-1600x1200.jpg 1600w, https:\/\/www.askja-on-tour.ch\/wp-content\/uploads\/2026\/05\/Uruguay_Begin-009-768x576.jpg 768w, https:\/\/www.askja-on-tour.ch\/wp-content\/uploads\/2026\/05\/Uruguay_Begin-009-1536x1152.jpg 1536w, https:\/\/www.askja-on-tour.ch\/wp-content\/uploads\/2026\/05\/Uruguay_Begin-009.jpg 2048w\" sizes=\"auto, (max-width: 1024px) 100vw, 1024px\" \/><\/p>\n<p>Am Donnerstagabend ging es zur\u00fcck zu UY Storage, damit wir am Freitag rechtzeitig f\u00fcr das Auswechseln der neuen Bremskl\u00f6tze da sind. Von Mittwochabend bis Freitag hat es in Str\u00f6men geregnet \u2013 dies war zu viel f\u00fcr unsere Dachfenster und den Ventilator in der Toilette. Zum Gl\u00fcck waren wir bei TerraVentura, so dass wir dieses Problem gleich am Donnerstag melden konnten. Somit wurde das Programm f\u00fcr die drei Br\u00fcder, Timo, Felix und Michel, immer umfangreicher. Neben den Bremsen stand nun noch Abdichten der beiden grossen Dachluken sowie die Installation eines neuen Ventilators im Badezimmer an. Die Arbeiten wurden am Freitag nicht fertig und am Samstag fortgesetzt. Nur \u2013 der Regen hielt an \u2013 wir durften in der Werkstatt die Nacht verbringen. Die zweite Werkstatt\u00fcbernachtung f\u00fcr uns; die erste war in Nelspruit bei Mercedes und nun diese hier bei TerraVentura.<\/p>\n<figure id=\"attachment_30226\" aria-describedby=\"caption-attachment-30226\" style=\"width: 1024px\" class=\"wp-caption alignnone\"><img loading=\"lazy\" decoding=\"async\" class=\"size-medium wp-image-30226\" src=\"https:\/\/www.askja-on-tour.ch\/wp-content\/uploads\/2026\/05\/Uruguay_Begin-010-1024x768.jpg\" alt=\"\" width=\"1024\" height=\"768\" srcset=\"https:\/\/www.askja-on-tour.ch\/wp-content\/uploads\/2026\/05\/Uruguay_Begin-010-1024x768.jpg 1024w, https:\/\/www.askja-on-tour.ch\/wp-content\/uploads\/2026\/05\/Uruguay_Begin-010-1600x1200.jpg 1600w, https:\/\/www.askja-on-tour.ch\/wp-content\/uploads\/2026\/05\/Uruguay_Begin-010-768x576.jpg 768w, https:\/\/www.askja-on-tour.ch\/wp-content\/uploads\/2026\/05\/Uruguay_Begin-010-1536x1152.jpg 1536w, https:\/\/www.askja-on-tour.ch\/wp-content\/uploads\/2026\/05\/Uruguay_Begin-010.jpg 2048w\" sizes=\"auto, (max-width: 1024px) 100vw, 1024px\" \/><figcaption id=\"caption-attachment-30226\" class=\"wp-caption-text\">In den heiligen Werkhallen von UY Storage\/TerraVentura<\/figcaption><\/figure>\n<p><img loading=\"lazy\" decoding=\"async\" class=\"alignnone size-medium wp-image-30227\" src=\"https:\/\/www.askja-on-tour.ch\/wp-content\/uploads\/2026\/05\/Uruguay_Begin-011-1024x768.jpg\" alt=\"\" width=\"1024\" height=\"768\" srcset=\"https:\/\/www.askja-on-tour.ch\/wp-content\/uploads\/2026\/05\/Uruguay_Begin-011-1024x768.jpg 1024w, https:\/\/www.askja-on-tour.ch\/wp-content\/uploads\/2026\/05\/Uruguay_Begin-011-1600x1200.jpg 1600w, https:\/\/www.askja-on-tour.ch\/wp-content\/uploads\/2026\/05\/Uruguay_Begin-011-768x576.jpg 768w, https:\/\/www.askja-on-tour.ch\/wp-content\/uploads\/2026\/05\/Uruguay_Begin-011-1536x1152.jpg 1536w, https:\/\/www.askja-on-tour.ch\/wp-content\/uploads\/2026\/05\/Uruguay_Begin-011.jpg 2048w\" sizes=\"auto, (max-width: 1024px) 100vw, 1024px\" \/><\/p>\n<figure id=\"attachment_30229\" aria-describedby=\"caption-attachment-30229\" style=\"width: 1024px\" class=\"wp-caption alignnone\"><img loading=\"lazy\" decoding=\"async\" class=\"size-medium wp-image-30229\" src=\"https:\/\/www.askja-on-tour.ch\/wp-content\/uploads\/2026\/05\/Uruguay_Begin-013-1024x768.jpg\" alt=\"\" width=\"1024\" height=\"768\" srcset=\"https:\/\/www.askja-on-tour.ch\/wp-content\/uploads\/2026\/05\/Uruguay_Begin-013-1024x768.jpg 1024w, https:\/\/www.askja-on-tour.ch\/wp-content\/uploads\/2026\/05\/Uruguay_Begin-013-1600x1200.jpg 1600w, https:\/\/www.askja-on-tour.ch\/wp-content\/uploads\/2026\/05\/Uruguay_Begin-013-768x576.jpg 768w, https:\/\/www.askja-on-tour.ch\/wp-content\/uploads\/2026\/05\/Uruguay_Begin-013-1536x1152.jpg 1536w, https:\/\/www.askja-on-tour.ch\/wp-content\/uploads\/2026\/05\/Uruguay_Begin-013.jpg 2048w\" sizes=\"auto, (max-width: 1024px) 100vw, 1024px\" \/><figcaption id=\"caption-attachment-30229\" class=\"wp-caption-text\">Ein sch\u00f6ner Rundhauber wird ausgekernt und neu gebaut &#8211; der Rundhauber selbst wird heute noch in Brasilien neu hergestellt.<\/figcaption><\/figure>\n<p><img loading=\"lazy\" decoding=\"async\" class=\"alignnone size-medium wp-image-30230\" src=\"https:\/\/www.askja-on-tour.ch\/wp-content\/uploads\/2026\/05\/Uruguay_Begin-014-1024x768.jpg\" alt=\"\" width=\"1024\" height=\"768\" srcset=\"https:\/\/www.askja-on-tour.ch\/wp-content\/uploads\/2026\/05\/Uruguay_Begin-014-1024x768.jpg 1024w, https:\/\/www.askja-on-tour.ch\/wp-content\/uploads\/2026\/05\/Uruguay_Begin-014-1600x1200.jpg 1600w, https:\/\/www.askja-on-tour.ch\/wp-content\/uploads\/2026\/05\/Uruguay_Begin-014-768x576.jpg 768w, https:\/\/www.askja-on-tour.ch\/wp-content\/uploads\/2026\/05\/Uruguay_Begin-014-1536x1152.jpg 1536w, https:\/\/www.askja-on-tour.ch\/wp-content\/uploads\/2026\/05\/Uruguay_Begin-014.jpg 2048w\" sizes=\"auto, (max-width: 1024px) 100vw, 1024px\" \/><\/p>\n<p>Am Samstag wurden alle Arbeiten abgeschlossen. Leider hat sich gezeigt, dass immer noch irgendwo auf dem Dach eine undichte Stelle ist, wie sich beim erneuten Regen vom Samstag auf Sonntag gezeigt hat. J\u00e4 nu \u2013 also noch nichts mit endg\u00fcltig losfahren. Zum Gl\u00fcck haben wir keinen Zeitdruck. Wir werden am Mittwoch nochmals zu TerraVentura zur\u00fcckkehren. Am Sonntag war noch das grosse Tankreinigen angesagt.\u00a0<\/p>\n<figure id=\"attachment_30228\" aria-describedby=\"caption-attachment-30228\" style=\"width: 768px\" class=\"wp-caption alignnone\"><img loading=\"lazy\" decoding=\"async\" class=\"size-medium wp-image-30228\" src=\"https:\/\/www.askja-on-tour.ch\/wp-content\/uploads\/2026\/05\/Uruguay_Begin-012-768x1024.jpg\" alt=\"\" width=\"768\" height=\"1024\" srcset=\"https:\/\/www.askja-on-tour.ch\/wp-content\/uploads\/2026\/05\/Uruguay_Begin-012-768x1024.jpg 768w, https:\/\/www.askja-on-tour.ch\/wp-content\/uploads\/2026\/05\/Uruguay_Begin-012-1200x1600.jpg 1200w, https:\/\/www.askja-on-tour.ch\/wp-content\/uploads\/2026\/05\/Uruguay_Begin-012-1152x1536.jpg 1152w, https:\/\/www.askja-on-tour.ch\/wp-content\/uploads\/2026\/05\/Uruguay_Begin-012.jpg 1536w\" sizes=\"auto, (max-width: 768px) 100vw, 768px\" \/><figcaption id=\"caption-attachment-30228\" class=\"wp-caption-text\">Nun sollten die Dachluken dicht sein<\/figcaption><\/figure>\n<figure id=\"attachment_30231\" aria-describedby=\"caption-attachment-30231\" style=\"width: 1024px\" class=\"wp-caption alignnone\"><img loading=\"lazy\" decoding=\"async\" class=\"size-medium wp-image-30231\" src=\"https:\/\/www.askja-on-tour.ch\/wp-content\/uploads\/2026\/05\/Uruguay_Begin-015-1024x768.jpg\" alt=\"\" width=\"1024\" height=\"768\" srcset=\"https:\/\/www.askja-on-tour.ch\/wp-content\/uploads\/2026\/05\/Uruguay_Begin-015-1024x768.jpg 1024w, https:\/\/www.askja-on-tour.ch\/wp-content\/uploads\/2026\/05\/Uruguay_Begin-015-1600x1200.jpg 1600w, https:\/\/www.askja-on-tour.ch\/wp-content\/uploads\/2026\/05\/Uruguay_Begin-015-768x576.jpg 768w, https:\/\/www.askja-on-tour.ch\/wp-content\/uploads\/2026\/05\/Uruguay_Begin-015-1536x1152.jpg 1536w, https:\/\/www.askja-on-tour.ch\/wp-content\/uploads\/2026\/05\/Uruguay_Begin-015.jpg 2048w\" sizes=\"auto, (max-width: 1024px) 100vw, 1024px\" \/><figcaption id=\"caption-attachment-30231\" class=\"wp-caption-text\">So sieht es auf dem Platz bei UY Storage nach dem Regenschutt aus<\/figcaption><\/figure>\n<p><img loading=\"lazy\" decoding=\"async\" class=\"alignnone size-medium wp-image-30232\" src=\"https:\/\/www.askja-on-tour.ch\/wp-content\/uploads\/2026\/05\/Uruguay_Begin-016-1024x768.jpg\" alt=\"\" width=\"1024\" height=\"768\" srcset=\"https:\/\/www.askja-on-tour.ch\/wp-content\/uploads\/2026\/05\/Uruguay_Begin-016-1024x768.jpg 1024w, https:\/\/www.askja-on-tour.ch\/wp-content\/uploads\/2026\/05\/Uruguay_Begin-016-1600x1200.jpg 1600w, https:\/\/www.askja-on-tour.ch\/wp-content\/uploads\/2026\/05\/Uruguay_Begin-016-768x576.jpg 768w, https:\/\/www.askja-on-tour.ch\/wp-content\/uploads\/2026\/05\/Uruguay_Begin-016-1536x1152.jpg 1536w, https:\/\/www.askja-on-tour.ch\/wp-content\/uploads\/2026\/05\/Uruguay_Begin-016.jpg 2048w\" sizes=\"auto, (max-width: 1024px) 100vw, 1024px\" \/><\/p>\n<p>Um nun sind wir f\u00fcr zwei Tage in La Paloma, wo es uns die letzten beiden Male, wo wir hier waren, gut gefallen hat.<\/p>\n<figure id=\"attachment_30233\" aria-describedby=\"caption-attachment-30233\" style=\"width: 1024px\" class=\"wp-caption alignnone\"><img loading=\"lazy\" decoding=\"async\" class=\"size-medium wp-image-30233\" src=\"https:\/\/www.askja-on-tour.ch\/wp-content\/uploads\/2026\/05\/Uruguay_Begin-017-1024x768.jpg\" alt=\"\" width=\"1024\" height=\"768\" srcset=\"https:\/\/www.askja-on-tour.ch\/wp-content\/uploads\/2026\/05\/Uruguay_Begin-017-1024x768.jpg 1024w, https:\/\/www.askja-on-tour.ch\/wp-content\/uploads\/2026\/05\/Uruguay_Begin-017-1600x1200.jpg 1600w, https:\/\/www.askja-on-tour.ch\/wp-content\/uploads\/2026\/05\/Uruguay_Begin-017-768x576.jpg 768w, https:\/\/www.askja-on-tour.ch\/wp-content\/uploads\/2026\/05\/Uruguay_Begin-017-1536x1152.jpg 1536w, https:\/\/www.askja-on-tour.ch\/wp-content\/uploads\/2026\/05\/Uruguay_Begin-017.jpg 2048w\" sizes=\"auto, (max-width: 1024px) 100vw, 1024px\" \/><figcaption id=\"caption-attachment-30233\" class=\"wp-caption-text\">Auf dem Weg nach La Paloma<\/figcaption><\/figure>\n<p><img loading=\"lazy\" decoding=\"async\" class=\"alignnone size-medium wp-image-30234\" src=\"https:\/\/www.askja-on-tour.ch\/wp-content\/uploads\/2026\/05\/Uruguay_Begin-018-1024x768.jpg\" alt=\"\" width=\"1024\" height=\"768\" srcset=\"https:\/\/www.askja-on-tour.ch\/wp-content\/uploads\/2026\/05\/Uruguay_Begin-018-1024x768.jpg 1024w, https:\/\/www.askja-on-tour.ch\/wp-content\/uploads\/2026\/05\/Uruguay_Begin-018-768x576.jpg 768w, https:\/\/www.askja-on-tour.ch\/wp-content\/uploads\/2026\/05\/Uruguay_Begin-018.jpg 1536w\" sizes=\"auto, (max-width: 1024px) 100vw, 1024px\" \/> <img loading=\"lazy\" decoding=\"async\" class=\"alignnone size-medium wp-image-30235\" src=\"https:\/\/www.askja-on-tour.ch\/wp-content\/uploads\/2026\/05\/Uruguay_Begin-019-1024x768.jpg\" alt=\"\" width=\"1024\" height=\"768\" srcset=\"https:\/\/www.askja-on-tour.ch\/wp-content\/uploads\/2026\/05\/Uruguay_Begin-019-1024x768.jpg 1024w, https:\/\/www.askja-on-tour.ch\/wp-content\/uploads\/2026\/05\/Uruguay_Begin-019-1600x1200.jpg 1600w, https:\/\/www.askja-on-tour.ch\/wp-content\/uploads\/2026\/05\/Uruguay_Begin-019-768x576.jpg 768w, https:\/\/www.askja-on-tour.ch\/wp-content\/uploads\/2026\/05\/Uruguay_Begin-019-1536x1152.jpg 1536w, https:\/\/www.askja-on-tour.ch\/wp-content\/uploads\/2026\/05\/Uruguay_Begin-019.jpg 2048w\" sizes=\"auto, (max-width: 1024px) 100vw, 1024px\" \/><\/p>\n<figure id=\"attachment_30236\" aria-describedby=\"caption-attachment-30236\" style=\"width: 1024px\" class=\"wp-caption alignnone\"><img loading=\"lazy\" decoding=\"async\" class=\"size-medium wp-image-30236\" src=\"https:\/\/www.askja-on-tour.ch\/wp-content\/uploads\/2026\/05\/Uruguay_Begin-020-1024x768.jpg\" alt=\"\" width=\"1024\" height=\"768\" srcset=\"https:\/\/www.askja-on-tour.ch\/wp-content\/uploads\/2026\/05\/Uruguay_Begin-020-1024x768.jpg 1024w, https:\/\/www.askja-on-tour.ch\/wp-content\/uploads\/2026\/05\/Uruguay_Begin-020-1600x1200.jpg 1600w, https:\/\/www.askja-on-tour.ch\/wp-content\/uploads\/2026\/05\/Uruguay_Begin-020-768x576.jpg 768w, https:\/\/www.askja-on-tour.ch\/wp-content\/uploads\/2026\/05\/Uruguay_Begin-020-1536x1152.jpg 1536w, https:\/\/www.askja-on-tour.ch\/wp-content\/uploads\/2026\/05\/Uruguay_Begin-020.jpg 2048w\" sizes=\"auto, (max-width: 1024px) 100vw, 1024px\" \/><figcaption id=\"caption-attachment-30236\" class=\"wp-caption-text\">Am Hafen von La Paloma<\/figcaption><\/figure>\n<p><img loading=\"lazy\" decoding=\"async\" class=\"alignnone size-medium wp-image-30237\" src=\"https:\/\/www.askja-on-tour.ch\/wp-content\/uploads\/2026\/05\/Uruguay_Begin-021-1024x768.jpg\" alt=\"\" width=\"1024\" height=\"768\" srcset=\"https:\/\/www.askja-on-tour.ch\/wp-content\/uploads\/2026\/05\/Uruguay_Begin-021-1024x768.jpg 1024w, https:\/\/www.askja-on-tour.ch\/wp-content\/uploads\/2026\/05\/Uruguay_Begin-021-1600x1200.jpg 1600w, https:\/\/www.askja-on-tour.ch\/wp-content\/uploads\/2026\/05\/Uruguay_Begin-021-768x576.jpg 768w, https:\/\/www.askja-on-tour.ch\/wp-content\/uploads\/2026\/05\/Uruguay_Begin-021-1536x1152.jpg 1536w, https:\/\/www.askja-on-tour.ch\/wp-content\/uploads\/2026\/05\/Uruguay_Begin-021.jpg 2048w\" sizes=\"auto, (max-width: 1024px) 100vw, 1024px\" \/> <img loading=\"lazy\" decoding=\"async\" class=\"alignnone size-medium wp-image-30238\" src=\"https:\/\/www.askja-on-tour.ch\/wp-content\/uploads\/2026\/05\/Uruguay_Begin-022-1024x768.jpg\" alt=\"\" width=\"1024\" height=\"768\" srcset=\"https:\/\/www.askja-on-tour.ch\/wp-content\/uploads\/2026\/05\/Uruguay_Begin-022-1024x768.jpg 1024w, https:\/\/www.askja-on-tour.ch\/wp-content\/uploads\/2026\/05\/Uruguay_Begin-022-1600x1200.jpg 1600w, https:\/\/www.askja-on-tour.ch\/wp-content\/uploads\/2026\/05\/Uruguay_Begin-022-768x576.jpg 768w, https:\/\/www.askja-on-tour.ch\/wp-content\/uploads\/2026\/05\/Uruguay_Begin-022-1536x1152.jpg 1536w, https:\/\/www.askja-on-tour.ch\/wp-content\/uploads\/2026\/05\/Uruguay_Begin-022.jpg 2048w\" sizes=\"auto, (max-width: 1024px) 100vw, 1024px\" \/><\/p>\n<figure id=\"attachment_30243\" aria-describedby=\"caption-attachment-30243\" style=\"width: 1024px\" class=\"wp-caption alignnone\"><img loading=\"lazy\" decoding=\"async\" class=\"size-medium wp-image-30243\" src=\"https:\/\/www.askja-on-tour.ch\/wp-content\/uploads\/2026\/05\/Uruguay_Begin-027-1024x768.jpg\" alt=\"\" width=\"1024\" height=\"768\" srcset=\"https:\/\/www.askja-on-tour.ch\/wp-content\/uploads\/2026\/05\/Uruguay_Begin-027-1024x768.jpg 1024w, https:\/\/www.askja-on-tour.ch\/wp-content\/uploads\/2026\/05\/Uruguay_Begin-027-1600x1200.jpg 1600w, https:\/\/www.askja-on-tour.ch\/wp-content\/uploads\/2026\/05\/Uruguay_Begin-027-768x576.jpg 768w, https:\/\/www.askja-on-tour.ch\/wp-content\/uploads\/2026\/05\/Uruguay_Begin-027-1536x1152.jpg 1536w, https:\/\/www.askja-on-tour.ch\/wp-content\/uploads\/2026\/05\/Uruguay_Begin-027.jpg 2048w\" sizes=\"auto, (max-width: 1024px) 100vw, 1024px\" \/><figcaption id=\"caption-attachment-30243\" class=\"wp-caption-text\">Unser Blick vom Stellplatz auf La Paloma<\/figcaption><\/figure>\n<p>In La Paloma haben wir eine f\u00fcr uns unbekannte Sportart gesehen: Surfen mit einem aufblasbaren Segel (bekannt als Wingsurfen oder Windsup). Sieht etwas lustig aus, verlangt aber ziemlich viel K\u00f6rperbeherrschung und Kraft.<\/p>\n<figure id=\"attachment_30239\" aria-describedby=\"caption-attachment-30239\" style=\"width: 1024px\" class=\"wp-caption alignnone\"><img loading=\"lazy\" decoding=\"async\" class=\"size-medium wp-image-30239\" src=\"https:\/\/www.askja-on-tour.ch\/wp-content\/uploads\/2026\/05\/Uruguay_Begin-023-1024x768.jpg\" alt=\"\" width=\"1024\" height=\"768\" srcset=\"https:\/\/www.askja-on-tour.ch\/wp-content\/uploads\/2026\/05\/Uruguay_Begin-023-1024x768.jpg 1024w, https:\/\/www.askja-on-tour.ch\/wp-content\/uploads\/2026\/05\/Uruguay_Begin-023-1600x1200.jpg 1600w, https:\/\/www.askja-on-tour.ch\/wp-content\/uploads\/2026\/05\/Uruguay_Begin-023-768x576.jpg 768w, https:\/\/www.askja-on-tour.ch\/wp-content\/uploads\/2026\/05\/Uruguay_Begin-023-1536x1152.jpg 1536w, https:\/\/www.askja-on-tour.ch\/wp-content\/uploads\/2026\/05\/Uruguay_Begin-023.jpg 2048w\" sizes=\"auto, (max-width: 1024px) 100vw, 1024px\" \/><figcaption id=\"caption-attachment-30239\" class=\"wp-caption-text\">Wingsurfen oder Windsup &#8211; kannten wir bis anhin nicht<\/figcaption><\/figure>\n<p><img loading=\"lazy\" decoding=\"async\" class=\"alignnone size-medium wp-image-30240\" src=\"https:\/\/www.askja-on-tour.ch\/wp-content\/uploads\/2026\/05\/Uruguay_Begin-024-1024x768.jpg\" alt=\"\" width=\"1024\" height=\"768\" srcset=\"https:\/\/www.askja-on-tour.ch\/wp-content\/uploads\/2026\/05\/Uruguay_Begin-024-1024x768.jpg 1024w, https:\/\/www.askja-on-tour.ch\/wp-content\/uploads\/2026\/05\/Uruguay_Begin-024-1600x1200.jpg 1600w, https:\/\/www.askja-on-tour.ch\/wp-content\/uploads\/2026\/05\/Uruguay_Begin-024-768x576.jpg 768w, https:\/\/www.askja-on-tour.ch\/wp-content\/uploads\/2026\/05\/Uruguay_Begin-024-1536x1152.jpg 1536w, https:\/\/www.askja-on-tour.ch\/wp-content\/uploads\/2026\/05\/Uruguay_Begin-024.jpg 2048w\" sizes=\"auto, (max-width: 1024px) 100vw, 1024px\" \/> <img loading=\"lazy\" decoding=\"async\" class=\"alignnone size-medium wp-image-30241\" src=\"https:\/\/www.askja-on-tour.ch\/wp-content\/uploads\/2026\/05\/Uruguay_Begin-025-1024x768.jpg\" alt=\"\" width=\"1024\" height=\"768\" srcset=\"https:\/\/www.askja-on-tour.ch\/wp-content\/uploads\/2026\/05\/Uruguay_Begin-025-1024x768.jpg 1024w, https:\/\/www.askja-on-tour.ch\/wp-content\/uploads\/2026\/05\/Uruguay_Begin-025-1600x1200.jpg 1600w, https:\/\/www.askja-on-tour.ch\/wp-content\/uploads\/2026\/05\/Uruguay_Begin-025-768x576.jpg 768w, https:\/\/www.askja-on-tour.ch\/wp-content\/uploads\/2026\/05\/Uruguay_Begin-025-1536x1152.jpg 1536w, https:\/\/www.askja-on-tour.ch\/wp-content\/uploads\/2026\/05\/Uruguay_Begin-025.jpg 2048w\" sizes=\"auto, (max-width: 1024px) 100vw, 1024px\" \/> <img loading=\"lazy\" decoding=\"async\" class=\"alignnone size-medium wp-image-30242\" src=\"https:\/\/www.askja-on-tour.ch\/wp-content\/uploads\/2026\/05\/Uruguay_Begin-026-1024x768.jpg\" alt=\"\" width=\"1024\" height=\"768\" srcset=\"https:\/\/www.askja-on-tour.ch\/wp-content\/uploads\/2026\/05\/Uruguay_Begin-026-1024x768.jpg 1024w, https:\/\/www.askja-on-tour.ch\/wp-content\/uploads\/2026\/05\/Uruguay_Begin-026-1600x1200.jpg 1600w, https:\/\/www.askja-on-tour.ch\/wp-content\/uploads\/2026\/05\/Uruguay_Begin-026-768x576.jpg 768w, https:\/\/www.askja-on-tour.ch\/wp-content\/uploads\/2026\/05\/Uruguay_Begin-026-1536x1152.jpg 1536w, https:\/\/www.askja-on-tour.ch\/wp-content\/uploads\/2026\/05\/Uruguay_Begin-026.jpg 2048w\" sizes=\"auto, (max-width: 1024px) 100vw, 1024px\" \/><\/p>\n<p>Und jetzt hoffen wir, dass am Mittwoch alles abgeschlossen werden kann. Auch wenn wir erst etwas sp\u00e4ter losfahren k\u00f6nnen, hat sich die Zeit gelohnt: es wurde enorm viel gemacht, getestet, ausgebessert, abgedichtet \u2013 wir sind zuversichtlich und freuen uns auf Teil 3 unserer S\u00fcdamerika-Reise. Die weitere Reise \u2013 noch in Uruguay \u2013 f\u00fchrte uns nochmals zur\u00fcck ins Paraiso Suizo, wo wir den Strand genossen haben. Sicherheitshalber wollten wir noch unseren Generator \u2013 unsere absolute Notl\u00f6sung zum Stromproduzieren \u2013 austesten. Und \u2013 er lief nicht mehr an. Vermutlich hat uns das Problem getroffen, das hier viele haben. Das Benzin \u2013 hier Nafta genannt \u2013 in Uruguay hat einen hohen Bio-Anteil und zieht Wasser, wenn es l\u00e4ngere Zeit nicht genutzt wird. Wir sind aber selbst schuld, wir haben den Generator nicht auslaufen lassen. Tja \u2013 nun hiess es, einen Honda-H\u00e4ndler zu finden. Zuerst fuhren wir zur offiziellen Honda-Service-Stelle. Diese hatten aber sehr viel zu tun und sie meinten, vor Mittwoch\/Donnerstag n\u00e4chster Woche w\u00e4re da nichts m\u00f6glich. Das war uns zu lange. Auf dem Weg nach Colon\u00cda fand Norbert eine Adresse, Luzetti Motorhomes, die gem\u00e4ss iOverlander Wohnmobile bauen. Kurzes WhatsApp und Adrian und seine Frau Jos\u00e9 antworteten, dass sie zwar besch\u00e4ftigt seien, sie sich aber unseren Generator ansehen k\u00f6nnten. Also \u2013 nix wie hin \u2013 und voil\u00e0, zwei Stunden Ausblasen, Putzen, Probieren und unser Generator schnurrte wieder. Was f\u00fcr tolle Menschen. Da es schon sp\u00e4ter war, durften wir auf ihrem Gel\u00e4nde stehen und wurden am Folgetag, d.h. gestern, zu einem k\u00f6stlichen Asado eingeladen, das wir zusammen mit Adrian, Jos\u00e9 und einem amerikanischen Ehepaar, das ihr WoMo umbauen l\u00e4sst, genossen.<\/p>\n<figure id=\"attachment_30244\" aria-describedby=\"caption-attachment-30244\" style=\"width: 1024px\" class=\"wp-caption alignnone\"><img loading=\"lazy\" decoding=\"async\" class=\"size-medium wp-image-30244\" src=\"https:\/\/www.askja-on-tour.ch\/wp-content\/uploads\/2026\/05\/Uruguay_Begin-028-1024x768.jpg\" alt=\"\" width=\"1024\" height=\"768\" srcset=\"https:\/\/www.askja-on-tour.ch\/wp-content\/uploads\/2026\/05\/Uruguay_Begin-028-1024x768.jpg 1024w, https:\/\/www.askja-on-tour.ch\/wp-content\/uploads\/2026\/05\/Uruguay_Begin-028-1600x1200.jpg 1600w, https:\/\/www.askja-on-tour.ch\/wp-content\/uploads\/2026\/05\/Uruguay_Begin-028-768x576.jpg 768w, https:\/\/www.askja-on-tour.ch\/wp-content\/uploads\/2026\/05\/Uruguay_Begin-028-1536x1152.jpg 1536w, https:\/\/www.askja-on-tour.ch\/wp-content\/uploads\/2026\/05\/Uruguay_Begin-028.jpg 2048w\" sizes=\"auto, (max-width: 1024px) 100vw, 1024px\" \/><figcaption id=\"caption-attachment-30244\" class=\"wp-caption-text\">Adrian nimmt sich unseren Generator vor<\/figcaption><\/figure>\n<figure id=\"attachment_30245\" aria-describedby=\"caption-attachment-30245\" style=\"width: 768px\" class=\"wp-caption alignnone\"><img loading=\"lazy\" decoding=\"async\" class=\"size-medium wp-image-30245\" src=\"https:\/\/www.askja-on-tour.ch\/wp-content\/uploads\/2026\/05\/Uruguay_Begin-029-768x1024.jpg\" alt=\"\" width=\"768\" height=\"1024\" srcset=\"https:\/\/www.askja-on-tour.ch\/wp-content\/uploads\/2026\/05\/Uruguay_Begin-029-768x1024.jpg 768w, https:\/\/www.askja-on-tour.ch\/wp-content\/uploads\/2026\/05\/Uruguay_Begin-029-1200x1600.jpg 1200w, https:\/\/www.askja-on-tour.ch\/wp-content\/uploads\/2026\/05\/Uruguay_Begin-029-1152x1536.jpg 1152w, https:\/\/www.askja-on-tour.ch\/wp-content\/uploads\/2026\/05\/Uruguay_Begin-029.jpg 1536w\" sizes=\"auto, (max-width: 768px) 100vw, 768px\" \/><figcaption id=\"caption-attachment-30245\" class=\"wp-caption-text\">Geschafft &#8211; Adrian und Jos\u00e9 haben uns gerettet<\/figcaption><\/figure>\n<figure id=\"attachment_30246\" aria-describedby=\"caption-attachment-30246\" style=\"width: 1024px\" class=\"wp-caption alignnone\"><img loading=\"lazy\" decoding=\"async\" class=\"size-medium wp-image-30246\" src=\"https:\/\/www.askja-on-tour.ch\/wp-content\/uploads\/2026\/05\/Uruguay_Begin-030-1024x768.jpg\" alt=\"\" width=\"1024\" height=\"768\" srcset=\"https:\/\/www.askja-on-tour.ch\/wp-content\/uploads\/2026\/05\/Uruguay_Begin-030-1024x768.jpg 1024w, https:\/\/www.askja-on-tour.ch\/wp-content\/uploads\/2026\/05\/Uruguay_Begin-030-1600x1200.jpg 1600w, https:\/\/www.askja-on-tour.ch\/wp-content\/uploads\/2026\/05\/Uruguay_Begin-030-768x576.jpg 768w, https:\/\/www.askja-on-tour.ch\/wp-content\/uploads\/2026\/05\/Uruguay_Begin-030-1536x1152.jpg 1536w, https:\/\/www.askja-on-tour.ch\/wp-content\/uploads\/2026\/05\/Uruguay_Begin-030.jpg 2048w\" sizes=\"auto, (max-width: 1024px) 100vw, 1024px\" \/><figcaption id=\"caption-attachment-30246\" class=\"wp-caption-text\">Unser \u00dcbernachtungsplatz bei Luzetti (Adrian und Jos\u00e9)<\/figcaption><\/figure>\n<figure id=\"attachment_30247\" aria-describedby=\"caption-attachment-30247\" style=\"width: 768px\" class=\"wp-caption alignnone\"><img loading=\"lazy\" decoding=\"async\" class=\"size-medium wp-image-30247\" src=\"https:\/\/www.askja-on-tour.ch\/wp-content\/uploads\/2026\/05\/Uruguay_Begin-031-768x1024.jpg\" alt=\"\" width=\"768\" height=\"1024\" srcset=\"https:\/\/www.askja-on-tour.ch\/wp-content\/uploads\/2026\/05\/Uruguay_Begin-031-768x1024.jpg 768w, https:\/\/www.askja-on-tour.ch\/wp-content\/uploads\/2026\/05\/Uruguay_Begin-031-1200x1600.jpg 1200w, https:\/\/www.askja-on-tour.ch\/wp-content\/uploads\/2026\/05\/Uruguay_Begin-031-1152x1536.jpg 1152w, https:\/\/www.askja-on-tour.ch\/wp-content\/uploads\/2026\/05\/Uruguay_Begin-031.jpg 1536w\" sizes=\"auto, (max-width: 768px) 100vw, 768px\" \/><figcaption id=\"caption-attachment-30247\" class=\"wp-caption-text\">Adrian hatte Sorgen, dass es evtl. zu wenig Fleisch sei<\/figcaption><\/figure>\n<p><img loading=\"lazy\" decoding=\"async\" class=\"alignnone size-medium wp-image-30248\" src=\"https:\/\/www.askja-on-tour.ch\/wp-content\/uploads\/2026\/05\/Uruguay_Begin-032-576x1024.jpg\" alt=\"\" width=\"576\" height=\"1024\" srcset=\"https:\/\/www.askja-on-tour.ch\/wp-content\/uploads\/2026\/05\/Uruguay_Begin-032-576x1024.jpg 576w, https:\/\/www.askja-on-tour.ch\/wp-content\/uploads\/2026\/05\/Uruguay_Begin-032-900x1600.jpg 900w, https:\/\/www.askja-on-tour.ch\/wp-content\/uploads\/2026\/05\/Uruguay_Begin-032-768x1365.jpg 768w, https:\/\/www.askja-on-tour.ch\/wp-content\/uploads\/2026\/05\/Uruguay_Begin-032-864x1536.jpg 864w, https:\/\/www.askja-on-tour.ch\/wp-content\/uploads\/2026\/05\/Uruguay_Begin-032.jpg 1152w\" sizes=\"auto, (max-width: 576px) 100vw, 576px\" \/> <img loading=\"lazy\" decoding=\"async\" class=\"alignnone size-medium wp-image-30249\" src=\"https:\/\/www.askja-on-tour.ch\/wp-content\/uploads\/2026\/05\/Uruguay_Begin-033-1024x768.jpg\" alt=\"\" width=\"1024\" height=\"768\" srcset=\"https:\/\/www.askja-on-tour.ch\/wp-content\/uploads\/2026\/05\/Uruguay_Begin-033-1024x768.jpg 1024w, https:\/\/www.askja-on-tour.ch\/wp-content\/uploads\/2026\/05\/Uruguay_Begin-033-1600x1200.jpg 1600w, https:\/\/www.askja-on-tour.ch\/wp-content\/uploads\/2026\/05\/Uruguay_Begin-033-768x576.jpg 768w, https:\/\/www.askja-on-tour.ch\/wp-content\/uploads\/2026\/05\/Uruguay_Begin-033-1536x1152.jpg 1536w, https:\/\/www.askja-on-tour.ch\/wp-content\/uploads\/2026\/05\/Uruguay_Begin-033.jpg 2048w\" sizes=\"auto, (max-width: 1024px) 100vw, 1024px\" \/> <img loading=\"lazy\" decoding=\"async\" class=\"alignnone size-medium wp-image-30250\" src=\"https:\/\/www.askja-on-tour.ch\/wp-content\/uploads\/2026\/05\/Uruguay_Begin-034-768x1024.jpg\" alt=\"\" width=\"768\" height=\"1024\" srcset=\"https:\/\/www.askja-on-tour.ch\/wp-content\/uploads\/2026\/05\/Uruguay_Begin-034-768x1024.jpg 768w, https:\/\/www.askja-on-tour.ch\/wp-content\/uploads\/2026\/05\/Uruguay_Begin-034-1200x1600.jpg 1200w, https:\/\/www.askja-on-tour.ch\/wp-content\/uploads\/2026\/05\/Uruguay_Begin-034-1152x1536.jpg 1152w, https:\/\/www.askja-on-tour.ch\/wp-content\/uploads\/2026\/05\/Uruguay_Begin-034.jpg 1536w\" sizes=\"auto, (max-width: 768px) 100vw, 768px\" \/><\/p>\n<figure id=\"attachment_30251\" aria-describedby=\"caption-attachment-30251\" style=\"width: 1024px\" class=\"wp-caption alignnone\"><img loading=\"lazy\" decoding=\"async\" class=\"size-medium wp-image-30251\" src=\"https:\/\/www.askja-on-tour.ch\/wp-content\/uploads\/2026\/05\/Uruguay_Begin-035-1024x768.jpg\" alt=\"\" width=\"1024\" height=\"768\" srcset=\"https:\/\/www.askja-on-tour.ch\/wp-content\/uploads\/2026\/05\/Uruguay_Begin-035-1024x768.jpg 1024w, https:\/\/www.askja-on-tour.ch\/wp-content\/uploads\/2026\/05\/Uruguay_Begin-035-1600x1200.jpg 1600w, https:\/\/www.askja-on-tour.ch\/wp-content\/uploads\/2026\/05\/Uruguay_Begin-035-768x576.jpg 768w, https:\/\/www.askja-on-tour.ch\/wp-content\/uploads\/2026\/05\/Uruguay_Begin-035-1536x1152.jpg 1536w, https:\/\/www.askja-on-tour.ch\/wp-content\/uploads\/2026\/05\/Uruguay_Begin-035.jpg 2048w\" sizes=\"auto, (max-width: 1024px) 100vw, 1024px\" \/><figcaption id=\"caption-attachment-30251\" class=\"wp-caption-text\">Unsere Asado-Runde &#8211; wir haben noch nicht mal die H\u00e4lfte des Fleisches geschafft<\/figcaption><\/figure>\n<p><img loading=\"lazy\" decoding=\"async\" class=\"alignnone size-medium wp-image-30252\" src=\"https:\/\/www.askja-on-tour.ch\/wp-content\/uploads\/2026\/05\/Uruguay_Begin-036-1024x768.jpg\" alt=\"\" width=\"1024\" height=\"768\" srcset=\"https:\/\/www.askja-on-tour.ch\/wp-content\/uploads\/2026\/05\/Uruguay_Begin-036-1024x768.jpg 1024w, https:\/\/www.askja-on-tour.ch\/wp-content\/uploads\/2026\/05\/Uruguay_Begin-036-1600x1200.jpg 1600w, https:\/\/www.askja-on-tour.ch\/wp-content\/uploads\/2026\/05\/Uruguay_Begin-036-768x576.jpg 768w, https:\/\/www.askja-on-tour.ch\/wp-content\/uploads\/2026\/05\/Uruguay_Begin-036-1536x1152.jpg 1536w, https:\/\/www.askja-on-tour.ch\/wp-content\/uploads\/2026\/05\/Uruguay_Begin-036.jpg 2048w\" sizes=\"auto, (max-width: 1024px) 100vw, 1024px\" \/> <img loading=\"lazy\" decoding=\"async\" class=\"alignnone size-medium wp-image-30253\" src=\"https:\/\/www.askja-on-tour.ch\/wp-content\/uploads\/2026\/05\/Uruguay_Begin-037-1024x768.jpg\" alt=\"\" width=\"1024\" height=\"768\" srcset=\"https:\/\/www.askja-on-tour.ch\/wp-content\/uploads\/2026\/05\/Uruguay_Begin-037-1024x768.jpg 1024w, https:\/\/www.askja-on-tour.ch\/wp-content\/uploads\/2026\/05\/Uruguay_Begin-037-1600x1200.jpg 1600w, https:\/\/www.askja-on-tour.ch\/wp-content\/uploads\/2026\/05\/Uruguay_Begin-037-768x576.jpg 768w, https:\/\/www.askja-on-tour.ch\/wp-content\/uploads\/2026\/05\/Uruguay_Begin-037-1536x1152.jpg 1536w, https:\/\/www.askja-on-tour.ch\/wp-content\/uploads\/2026\/05\/Uruguay_Begin-037.jpg 2048w\" sizes=\"auto, (max-width: 1024px) 100vw, 1024px\" \/><\/p>\n<p>Danach fuhren wir zu Susanne und Ruedi in die Posada Casa Vieja, die in der Schweiz von der Auswanderer-Sendung \u201eAuf und davon\u201c bekannt sind. Auch hier ist der gemeinsame Ap\u00e9ro eine sehr sch\u00f6ne Sache. Und zu unserer grossen Freude haben wir G\u00fcnther und Brigitte mit ihrem MAN Simba wieder getroffen. Bereits zum vierten Mal kreuzen sich unsere Wege; zum ersten Mal in Marokko, dann in der Mongolei, in Island und nun in Uruguay.<\/p>\n<figure id=\"attachment_30254\" aria-describedby=\"caption-attachment-30254\" style=\"width: 768px\" class=\"wp-caption alignnone\"><img loading=\"lazy\" decoding=\"async\" class=\"size-medium wp-image-30254\" src=\"https:\/\/www.askja-on-tour.ch\/wp-content\/uploads\/2026\/05\/Uruguay_Begin-038-768x1024.jpg\" alt=\"\" width=\"768\" height=\"1024\" srcset=\"https:\/\/www.askja-on-tour.ch\/wp-content\/uploads\/2026\/05\/Uruguay_Begin-038-768x1024.jpg 768w, https:\/\/www.askja-on-tour.ch\/wp-content\/uploads\/2026\/05\/Uruguay_Begin-038-1200x1600.jpg 1200w, https:\/\/www.askja-on-tour.ch\/wp-content\/uploads\/2026\/05\/Uruguay_Begin-038-1152x1536.jpg 1152w, https:\/\/www.askja-on-tour.ch\/wp-content\/uploads\/2026\/05\/Uruguay_Begin-038.jpg 1536w\" sizes=\"auto, (max-width: 768px) 100vw, 768px\" \/><figcaption id=\"caption-attachment-30254\" class=\"wp-caption-text\">Sonntags-Fr\u00fchst\u00fcck in der Posada Casavieja<\/figcaption><\/figure>\n<figure id=\"attachment_30255\" aria-describedby=\"caption-attachment-30255\" style=\"width: 1024px\" class=\"wp-caption alignnone\"><img loading=\"lazy\" decoding=\"async\" class=\"size-medium wp-image-30255\" src=\"https:\/\/www.askja-on-tour.ch\/wp-content\/uploads\/2026\/05\/Uruguay_Begin-039-1024x768.jpg\" alt=\"\" width=\"1024\" height=\"768\" srcset=\"https:\/\/www.askja-on-tour.ch\/wp-content\/uploads\/2026\/05\/Uruguay_Begin-039-1024x768.jpg 1024w, https:\/\/www.askja-on-tour.ch\/wp-content\/uploads\/2026\/05\/Uruguay_Begin-039-1600x1200.jpg 1600w, https:\/\/www.askja-on-tour.ch\/wp-content\/uploads\/2026\/05\/Uruguay_Begin-039-768x576.jpg 768w, https:\/\/www.askja-on-tour.ch\/wp-content\/uploads\/2026\/05\/Uruguay_Begin-039-1536x1152.jpg 1536w, https:\/\/www.askja-on-tour.ch\/wp-content\/uploads\/2026\/05\/Uruguay_Begin-039.jpg 2048w\" sizes=\"auto, (max-width: 1024px) 100vw, 1024px\" \/><figcaption id=\"caption-attachment-30255\" class=\"wp-caption-text\">Die Posada<\/figcaption><\/figure>\n<p><img loading=\"lazy\" decoding=\"async\" class=\"alignnone size-medium wp-image-30256\" src=\"https:\/\/www.askja-on-tour.ch\/wp-content\/uploads\/2026\/05\/Uruguay_Begin-040-1024x768.jpg\" alt=\"\" width=\"1024\" height=\"768\" srcset=\"https:\/\/www.askja-on-tour.ch\/wp-content\/uploads\/2026\/05\/Uruguay_Begin-040-1024x768.jpg 1024w, https:\/\/www.askja-on-tour.ch\/wp-content\/uploads\/2026\/05\/Uruguay_Begin-040-1600x1200.jpg 1600w, https:\/\/www.askja-on-tour.ch\/wp-content\/uploads\/2026\/05\/Uruguay_Begin-040-768x576.jpg 768w, https:\/\/www.askja-on-tour.ch\/wp-content\/uploads\/2026\/05\/Uruguay_Begin-040-1536x1152.jpg 1536w, https:\/\/www.askja-on-tour.ch\/wp-content\/uploads\/2026\/05\/Uruguay_Begin-040.jpg 2048w\" sizes=\"auto, (max-width: 1024px) 100vw, 1024px\" \/><\/p>\n<p>Heute geht es zur Bodega Almac\u00e9n de la Capilla und somit starten wir nun unsere weitere Reise S\u00fcdamerika Teil 3: Ziel Altiplano\/Puna in Argentinien, Bolivien, wenn es die politische Lage zul\u00e4sst, sonst via Paraguay nach Brasilien, zum Amazonas, in den Norden Brasiliens um die drei Guyanas zu gelangen, ehe wir dann \u00fcber Brasilien nach Peru reisen. So mal der Plan.<\/p>\n<p>\u00a0<\/p>\n","protected":false},"excerpt":{"rendered":"<p>Nach unserem entspannten Flug via S\u00e3o Paulo sind wir gut in Montevideo angekommen. Wir hatten uns aufgrund unserer f\u00fcnf grossen Koffer (Ersatzteile, Bestellungen von Freunden hier in Uruguay, ein paar neue K\u00fcchenutensilien, etc.) schon auf eine gr\u00f6ssere Diskussion am Zoll<\/p>\n","protected":false},"author":3,"featured_media":0,"comment_status":"open","ping_status":"closed","sticky":false,"template":"","format":"standard","meta":{"footnotes":""},"categories":[4,60],"tags":[],"class_list":["post-30216","post","type-post","status-publish","format-standard","hentry","category-reiseberichte","category-uruguay_2026"],"_links":{"self":[{"href":"https:\/\/www.askja-on-tour.ch\/index.php?rest_route=\/wp\/v2\/posts\/30216","targetHints":{"allow":["GET"]}}],"collection":[{"href":"https:\/\/www.askja-on-tour.ch\/index.php?rest_route=\/wp\/v2\/posts"}],"about":[{"href":"https:\/\/www.askja-on-tour.ch\/index.php?rest_route=\/wp\/v2\/types\/post"}],"author":[{"embeddable":true,"href":"https:\/\/www.askja-on-tour.ch\/index.php?rest_route=\/wp\/v2\/users\/3"}],"replies":[{"embeddable":true,"href":"https:\/\/www.askja-on-tour.ch\/index.php?rest_route=%2Fwp%2Fv2%2Fcomments&post=30216"}],"version-history":[{"count":4,"href":"https:\/\/www.askja-on-tour.ch\/index.php?rest_route=\/wp\/v2\/posts\/30216\/revisions"}],"predecessor-version":[{"id":30316,"href":"https:\/\/www.askja-on-tour.ch\/index.php?rest_route=\/wp\/v2\/posts\/30216\/revisions\/30316"}],"wp:attachment":[{"href":"https:\/\/www.askja-on-tour.ch\/index.php?rest_route=%2Fwp%2Fv2%2Fmedia&parent=30216"}],"wp:term":[{"taxonomy":"category","embeddable":true,"href":"https:\/\/www.askja-on-tour.ch\/index.php?rest_route=%2Fwp%2Fv2%2Fcategories&post=30216"},{"taxonomy":"post_tag","embeddable":true,"href":"https:\/\/www.askja-on-tour.ch\/index.php?rest_route=%2Fwp%2Fv2%2Ftags&post=30216"}],"curies":[{"name":"wp","href":"https:\/\/api.w.org\/{rel}","templated":true}]}}