{"id":29945,"date":"2025-12-12T11:39:31","date_gmt":"2025-12-12T11:39:31","guid":{"rendered":"https:\/\/www.askja-on-tour.ch\/?p=29945"},"modified":"2025-12-12T12:10:43","modified_gmt":"2025-12-12T12:10:43","slug":"22-11-06-12-2025-pulsierendes-buenos-aires-gemuetliches-wohlen-weihnachtliches-bremgarten-forsetzung-folgt","status":"publish","type":"post","link":"https:\/\/www.askja-on-tour.ch\/?p=29945","title":{"rendered":"22.11. \u2013 06.12.2025: Pulsierendes Buenos Aires \u2013 gem\u00fctliches Wohlen, weihnachtliches Bremgarten. Forsetzung folgt!"},"content":{"rendered":"\n<p>Am 22.11. wurden wir von Marcelo p\u00fcnktlich um 07.00 Uhr im Paraiso Suizo abgeholt, damit wir um 09.00 Uhr am Buqebus-Terminal am Hafen in Montevideo waren. Das Check-In-Prozedere war kurz und schmerzlos. Nur weshalb wir zwei Stunden fr\u00fcher da sein mussten, war f\u00fcr uns nicht verst\u00e4ndlich. Egal \u2013 besser zu fr\u00fch als zu sp\u00e4t. Um 12.00 Uhr (anstatt 11.00 Uhr), legte dann die Personen- und Autof\u00e4hre ab Richtung Buenos Aires ab. Die angenehme \u00dcberfahrt dauerte rund 3 Stunden. Die Entgegennahme des Gep\u00e4cks gestaltete sich allerdings als ziemlich chatoisch, weil der Passagierfluss schlecht gef\u00fchrt wurde, so dass sich alle immer gegenseitig im Weg standen. Es war fast unm\u00f6glich an das aufgegebene Gep\u00e4ck auf dem F\u00f6rderband, geschweige denn anschliessend, mit dem Gep\u00e4ck durch den Scanner zu gelangen. Egal \u2013 es dauerte viel l\u00e4nger als erwartet, aber es blieb ruhig und alle f\u00fcgten sich dem, was noch kommen mag.<\/p>\n<figure id=\"attachment_29959\" aria-describedby=\"caption-attachment-29959\" style=\"width: 1024px\" class=\"wp-caption alignnone\"><img loading=\"lazy\" decoding=\"async\" class=\"size-medium wp-image-29959\" src=\"https:\/\/www.askja-on-tour.ch\/wp-content\/uploads\/2025\/12\/buque-francisco-1024x576.jpg\" alt=\"\" width=\"1024\" height=\"576\" srcset=\"https:\/\/www.askja-on-tour.ch\/wp-content\/uploads\/2025\/12\/buque-francisco-1024x576.jpg 1024w, https:\/\/www.askja-on-tour.ch\/wp-content\/uploads\/2025\/12\/buque-francisco-768x432.jpg 768w, https:\/\/www.askja-on-tour.ch\/wp-content\/uploads\/2025\/12\/buque-francisco-1536x864.jpg 1536w, https:\/\/www.askja-on-tour.ch\/wp-content\/uploads\/2025\/12\/buque-francisco.jpg 1600w\" sizes=\"auto, (max-width: 1024px) 100vw, 1024px\" \/><figcaption id=\"caption-attachment-29959\" class=\"wp-caption-text\">F\u00e4hre Francisco nach und von Buenos Aires<\/figcaption><\/figure>\n<figure id=\"attachment_29960\" aria-describedby=\"caption-attachment-29960\" style=\"width: 1024px\" class=\"wp-caption alignnone\"><img loading=\"lazy\" decoding=\"async\" class=\"size-medium wp-image-29960\" src=\"https:\/\/www.askja-on-tour.ch\/wp-content\/uploads\/2025\/12\/10._Estacion_de_Buquebus_3-1024x768.jpg\" alt=\"\" width=\"1024\" height=\"768\" srcset=\"https:\/\/www.askja-on-tour.ch\/wp-content\/uploads\/2025\/12\/10._Estacion_de_Buquebus_3-1024x768.jpg 1024w, https:\/\/www.askja-on-tour.ch\/wp-content\/uploads\/2025\/12\/10._Estacion_de_Buquebus_3-1600x1200.jpg 1600w, https:\/\/www.askja-on-tour.ch\/wp-content\/uploads\/2025\/12\/10._Estacion_de_Buquebus_3-768x576.jpg 768w, https:\/\/www.askja-on-tour.ch\/wp-content\/uploads\/2025\/12\/10._Estacion_de_Buquebus_3-1536x1152.jpg 1536w, https:\/\/www.askja-on-tour.ch\/wp-content\/uploads\/2025\/12\/10._Estacion_de_Buquebus_3-2048x1536.jpg 2048w\" sizes=\"auto, (max-width: 1024px) 100vw, 1024px\" \/><figcaption id=\"caption-attachment-29960\" class=\"wp-caption-text\">Abfertigungshalle von BuqeBus in Montevideo<\/figcaption><\/figure>\n<p>Wir wurden am Ausgang von einem Taxi-Fahrer erwartet und direkt ins \u201eHotel\u201c Casa Joseph gebracht. Es war mal ein Hotel und heute werden die grossen, ehemaligen Suiten als Studio an Reisende vermietet. Das Hotel liegt im Stadtteil (Barrio) Palermo-Soho. Es ist ein sehr belebter und v.a. sicherer Teil, der es uns erlaubt, abends noch auf die Strasse zu gehen und eines der vielen sch\u00f6nen Restaurants aufzusuchen.<\/p>\n<figure id=\"attachment_30065\" aria-describedby=\"caption-attachment-30065\" style=\"width: 1024px\" class=\"wp-caption alignnone\"><img loading=\"lazy\" decoding=\"async\" class=\"size-medium wp-image-30065\" src=\"https:\/\/www.askja-on-tour.ch\/wp-content\/uploads\/2025\/12\/Buenos_Aires-105-1024x768.jpg\" alt=\"\" width=\"1024\" height=\"768\" srcset=\"https:\/\/www.askja-on-tour.ch\/wp-content\/uploads\/2025\/12\/Buenos_Aires-105-1024x768.jpg 1024w, https:\/\/www.askja-on-tour.ch\/wp-content\/uploads\/2025\/12\/Buenos_Aires-105-1600x1200.jpg 1600w, https:\/\/www.askja-on-tour.ch\/wp-content\/uploads\/2025\/12\/Buenos_Aires-105-768x576.jpg 768w, https:\/\/www.askja-on-tour.ch\/wp-content\/uploads\/2025\/12\/Buenos_Aires-105-1536x1152.jpg 1536w, https:\/\/www.askja-on-tour.ch\/wp-content\/uploads\/2025\/12\/Buenos_Aires-105.jpg 2048w\" sizes=\"auto, (max-width: 1024px) 100vw, 1024px\" \/><figcaption id=\"caption-attachment-30065\" class=\"wp-caption-text\">Blick von unserem Hotel-Dach<\/figcaption><\/figure>\n<figure id=\"attachment_30066\" aria-describedby=\"caption-attachment-30066\" style=\"width: 1024px\" class=\"wp-caption alignnone\"><img loading=\"lazy\" decoding=\"async\" class=\"size-medium wp-image-30066\" src=\"https:\/\/www.askja-on-tour.ch\/wp-content\/uploads\/2025\/12\/Buenos_Aires-106-1024x768.jpg\" alt=\"\" width=\"1024\" height=\"768\" srcset=\"https:\/\/www.askja-on-tour.ch\/wp-content\/uploads\/2025\/12\/Buenos_Aires-106-1024x768.jpg 1024w, https:\/\/www.askja-on-tour.ch\/wp-content\/uploads\/2025\/12\/Buenos_Aires-106-1600x1200.jpg 1600w, https:\/\/www.askja-on-tour.ch\/wp-content\/uploads\/2025\/12\/Buenos_Aires-106-768x576.jpg 768w, https:\/\/www.askja-on-tour.ch\/wp-content\/uploads\/2025\/12\/Buenos_Aires-106-1536x1152.jpg 1536w, https:\/\/www.askja-on-tour.ch\/wp-content\/uploads\/2025\/12\/Buenos_Aires-106.jpg 2048w\" sizes=\"auto, (max-width: 1024px) 100vw, 1024px\" \/><figcaption id=\"caption-attachment-30066\" class=\"wp-caption-text\">Der Pool auf dem Hoteldach<\/figcaption><\/figure>\n<p>Buenos Aires (fr\u00fchere Schreibweise Buenos Ayres) ist die Hauptstadt Argentiniens. Ihre Gr\u00fcnder benannten die Stadt nach der Heiligen Santa Mar\u00eda del Buen Ayre (spanisch f\u00fcr Heilige Maria der Guten Luft). Daneben hat Buenos Aires noch weitere Beinamen, wie<\/p>\n<p>&#8222;Paris S\u00fcdamerikas&#8220; (aufgrund der europ\u00e4ischen Architektur und Kultur), &#8222;La Reina del Plata&#8220; (Die K\u00f6nigin des Silbers) und die umgangssprachliche Bezeichnung &#8222;Baires&#8220;. Der offizielle Name ist CABA (Ciudad Aut\u00f3noma de Buenos Aires). Buenos Aires hat im Zentrum selber gut 3.5 Mio. Einwohner, im Grossraum sind es \u00fcber 15 Mio. Buenos Aires ist in 48 Stadtteile, so genannte Barrios, gegliedert.<\/p>\n<p>Wir haben 6 Tage und 5 N\u00e4chte in der Hauptstadt verbracht, wobei der erste Tag unsere Anreise war und am sechsten Tag musste wir schon um 07.00 Uhr wieder an der F\u00e4hrstation sein. Die vier Tage, die uns f\u00fcr die Besichtigung blieben, haben wir sehr genossen. Wir hatten grosses Wettergl\u00fcck und wollten die Zeit draussen verbringen. Auf Museeumsbesuche haben wir verzichtet.<\/p>\n<p>Am ersten Abend haben wir uns die Umgebung unseres Hotels angesehen und blieben aber schon nach kurzer Strecke in einer einer einladenden Bar h\u00e4ngen. Die unkonventionelle Einrichtung und die Murals (Wandgem\u00e4lde) haben uns imponiert \u2013 und das Bier mundete ebenfalls k\u00f6stlich (schliesslich waren wir ja seit 07.00 Uhr unterwegs).<\/p>\n<figure id=\"attachment_29961\" aria-describedby=\"caption-attachment-29961\" style=\"width: 1024px\" class=\"wp-caption alignnone\"><img loading=\"lazy\" decoding=\"async\" class=\"size-medium wp-image-29961\" src=\"https:\/\/www.askja-on-tour.ch\/wp-content\/uploads\/2025\/12\/Buenos_Aires-001-1024x768.jpg\" alt=\"\" width=\"1024\" height=\"768\" srcset=\"https:\/\/www.askja-on-tour.ch\/wp-content\/uploads\/2025\/12\/Buenos_Aires-001-1024x768.jpg 1024w, https:\/\/www.askja-on-tour.ch\/wp-content\/uploads\/2025\/12\/Buenos_Aires-001-1600x1200.jpg 1600w, https:\/\/www.askja-on-tour.ch\/wp-content\/uploads\/2025\/12\/Buenos_Aires-001-768x576.jpg 768w, https:\/\/www.askja-on-tour.ch\/wp-content\/uploads\/2025\/12\/Buenos_Aires-001-1536x1152.jpg 1536w, https:\/\/www.askja-on-tour.ch\/wp-content\/uploads\/2025\/12\/Buenos_Aires-001.jpg 2048w\" sizes=\"auto, (max-width: 1024px) 100vw, 1024px\" \/><figcaption id=\"caption-attachment-29961\" class=\"wp-caption-text\">Sch\u00f6ne Heimelige Bar mit tollen Murals (Wandbildern)<\/figcaption><\/figure>\n<p><img loading=\"lazy\" decoding=\"async\" class=\"alignnone size-medium wp-image-29962\" src=\"https:\/\/www.askja-on-tour.ch\/wp-content\/uploads\/2025\/12\/Buenos_Aires-002-768x1024.jpg\" alt=\"\" width=\"768\" height=\"1024\" srcset=\"https:\/\/www.askja-on-tour.ch\/wp-content\/uploads\/2025\/12\/Buenos_Aires-002-768x1024.jpg 768w, https:\/\/www.askja-on-tour.ch\/wp-content\/uploads\/2025\/12\/Buenos_Aires-002-1200x1600.jpg 1200w, https:\/\/www.askja-on-tour.ch\/wp-content\/uploads\/2025\/12\/Buenos_Aires-002-1152x1536.jpg 1152w, https:\/\/www.askja-on-tour.ch\/wp-content\/uploads\/2025\/12\/Buenos_Aires-002.jpg 1536w\" sizes=\"auto, (max-width: 768px) 100vw, 768px\" \/> <img loading=\"lazy\" decoding=\"async\" class=\"alignnone size-medium wp-image-29963\" src=\"https:\/\/www.askja-on-tour.ch\/wp-content\/uploads\/2025\/12\/Buenos_Aires-003-768x1024.jpg\" alt=\"\" width=\"768\" height=\"1024\" srcset=\"https:\/\/www.askja-on-tour.ch\/wp-content\/uploads\/2025\/12\/Buenos_Aires-003-768x1024.jpg 768w, https:\/\/www.askja-on-tour.ch\/wp-content\/uploads\/2025\/12\/Buenos_Aires-003-1200x1600.jpg 1200w, https:\/\/www.askja-on-tour.ch\/wp-content\/uploads\/2025\/12\/Buenos_Aires-003-1152x1536.jpg 1152w, https:\/\/www.askja-on-tour.ch\/wp-content\/uploads\/2025\/12\/Buenos_Aires-003.jpg 1536w\" sizes=\"auto, (max-width: 768px) 100vw, 768px\" \/> <img loading=\"lazy\" decoding=\"async\" class=\"alignnone size-medium wp-image-29964\" src=\"https:\/\/www.askja-on-tour.ch\/wp-content\/uploads\/2025\/12\/Buenos_Aires-004-1024x768.jpg\" alt=\"\" width=\"1024\" height=\"768\" srcset=\"https:\/\/www.askja-on-tour.ch\/wp-content\/uploads\/2025\/12\/Buenos_Aires-004-1024x768.jpg 1024w, https:\/\/www.askja-on-tour.ch\/wp-content\/uploads\/2025\/12\/Buenos_Aires-004-1600x1200.jpg 1600w, https:\/\/www.askja-on-tour.ch\/wp-content\/uploads\/2025\/12\/Buenos_Aires-004-768x576.jpg 768w, https:\/\/www.askja-on-tour.ch\/wp-content\/uploads\/2025\/12\/Buenos_Aires-004-1536x1152.jpg 1536w, https:\/\/www.askja-on-tour.ch\/wp-content\/uploads\/2025\/12\/Buenos_Aires-004.jpg 2048w\" sizes=\"auto, (max-width: 1024px) 100vw, 1024px\" \/> <img loading=\"lazy\" decoding=\"async\" class=\"alignnone size-medium wp-image-29965\" src=\"https:\/\/www.askja-on-tour.ch\/wp-content\/uploads\/2025\/12\/Buenos_Aires-005-768x1024.jpg\" alt=\"\" width=\"768\" height=\"1024\" srcset=\"https:\/\/www.askja-on-tour.ch\/wp-content\/uploads\/2025\/12\/Buenos_Aires-005-768x1024.jpg 768w, https:\/\/www.askja-on-tour.ch\/wp-content\/uploads\/2025\/12\/Buenos_Aires-005-1200x1600.jpg 1200w, https:\/\/www.askja-on-tour.ch\/wp-content\/uploads\/2025\/12\/Buenos_Aires-005-1152x1536.jpg 1152w, https:\/\/www.askja-on-tour.ch\/wp-content\/uploads\/2025\/12\/Buenos_Aires-005.jpg 1536w\" sizes=\"auto, (max-width: 768px) 100vw, 768px\" \/> <img loading=\"lazy\" decoding=\"async\" class=\"alignnone size-medium wp-image-29966\" src=\"https:\/\/www.askja-on-tour.ch\/wp-content\/uploads\/2025\/12\/Buenos_Aires-006-1024x768.jpg\" alt=\"\" width=\"1024\" height=\"768\" srcset=\"https:\/\/www.askja-on-tour.ch\/wp-content\/uploads\/2025\/12\/Buenos_Aires-006-1024x768.jpg 1024w, https:\/\/www.askja-on-tour.ch\/wp-content\/uploads\/2025\/12\/Buenos_Aires-006-1600x1200.jpg 1600w, https:\/\/www.askja-on-tour.ch\/wp-content\/uploads\/2025\/12\/Buenos_Aires-006-768x576.jpg 768w, https:\/\/www.askja-on-tour.ch\/wp-content\/uploads\/2025\/12\/Buenos_Aires-006-1536x1152.jpg 1536w, https:\/\/www.askja-on-tour.ch\/wp-content\/uploads\/2025\/12\/Buenos_Aires-006.jpg 2048w\" sizes=\"auto, (max-width: 1024px) 100vw, 1024px\" \/><\/p>\n<p>Danach schlenderten wir weiter durch die Strassen bis zur Plaza Serrano, ehe wir uns ein Abendessen mit viel und v.a. gutem Fleisch und excellenten Wein g\u00f6nnten.<\/p>\n<figure id=\"attachment_29967\" aria-describedby=\"caption-attachment-29967\" style=\"width: 768px\" class=\"wp-caption alignnone\"><img loading=\"lazy\" decoding=\"async\" class=\"size-medium wp-image-29967\" src=\"https:\/\/www.askja-on-tour.ch\/wp-content\/uploads\/2025\/12\/Buenos_Aires-007-768x1024.jpg\" alt=\"\" width=\"768\" height=\"1024\" srcset=\"https:\/\/www.askja-on-tour.ch\/wp-content\/uploads\/2025\/12\/Buenos_Aires-007-768x1024.jpg 768w, https:\/\/www.askja-on-tour.ch\/wp-content\/uploads\/2025\/12\/Buenos_Aires-007-1200x1600.jpg 1200w, https:\/\/www.askja-on-tour.ch\/wp-content\/uploads\/2025\/12\/Buenos_Aires-007-1152x1536.jpg 1152w, https:\/\/www.askja-on-tour.ch\/wp-content\/uploads\/2025\/12\/Buenos_Aires-007.jpg 1536w\" sizes=\"auto, (max-width: 768px) 100vw, 768px\" \/><figcaption id=\"caption-attachment-29967\" class=\"wp-caption-text\">Auf dem Weg zur Plaza Serrano<\/figcaption><\/figure>\n<p><img loading=\"lazy\" decoding=\"async\" class=\"alignnone size-medium wp-image-29968\" src=\"https:\/\/www.askja-on-tour.ch\/wp-content\/uploads\/2025\/12\/Buenos_Aires-008-1024x768.jpg\" alt=\"\" width=\"1024\" height=\"768\" srcset=\"https:\/\/www.askja-on-tour.ch\/wp-content\/uploads\/2025\/12\/Buenos_Aires-008-1024x768.jpg 1024w, https:\/\/www.askja-on-tour.ch\/wp-content\/uploads\/2025\/12\/Buenos_Aires-008-1600x1200.jpg 1600w, https:\/\/www.askja-on-tour.ch\/wp-content\/uploads\/2025\/12\/Buenos_Aires-008-768x576.jpg 768w, https:\/\/www.askja-on-tour.ch\/wp-content\/uploads\/2025\/12\/Buenos_Aires-008-1536x1152.jpg 1536w, https:\/\/www.askja-on-tour.ch\/wp-content\/uploads\/2025\/12\/Buenos_Aires-008.jpg 2048w\" sizes=\"auto, (max-width: 1024px) 100vw, 1024px\" \/> <img loading=\"lazy\" decoding=\"async\" class=\"alignnone size-medium wp-image-29969\" src=\"https:\/\/www.askja-on-tour.ch\/wp-content\/uploads\/2025\/12\/Buenos_Aires-009-1024x768.jpg\" alt=\"\" width=\"1024\" height=\"768\" srcset=\"https:\/\/www.askja-on-tour.ch\/wp-content\/uploads\/2025\/12\/Buenos_Aires-009-1024x768.jpg 1024w, https:\/\/www.askja-on-tour.ch\/wp-content\/uploads\/2025\/12\/Buenos_Aires-009-1600x1200.jpg 1600w, https:\/\/www.askja-on-tour.ch\/wp-content\/uploads\/2025\/12\/Buenos_Aires-009-768x576.jpg 768w, https:\/\/www.askja-on-tour.ch\/wp-content\/uploads\/2025\/12\/Buenos_Aires-009-1536x1152.jpg 1536w, https:\/\/www.askja-on-tour.ch\/wp-content\/uploads\/2025\/12\/Buenos_Aires-009.jpg 2048w\" sizes=\"auto, (max-width: 1024px) 100vw, 1024px\" \/> <img loading=\"lazy\" decoding=\"async\" class=\"alignnone size-medium wp-image-29970\" src=\"https:\/\/www.askja-on-tour.ch\/wp-content\/uploads\/2025\/12\/Buenos_Aires-010-1024x768.jpg\" alt=\"\" width=\"1024\" height=\"768\" srcset=\"https:\/\/www.askja-on-tour.ch\/wp-content\/uploads\/2025\/12\/Buenos_Aires-010-1024x768.jpg 1024w, https:\/\/www.askja-on-tour.ch\/wp-content\/uploads\/2025\/12\/Buenos_Aires-010-1600x1200.jpg 1600w, https:\/\/www.askja-on-tour.ch\/wp-content\/uploads\/2025\/12\/Buenos_Aires-010-768x576.jpg 768w, https:\/\/www.askja-on-tour.ch\/wp-content\/uploads\/2025\/12\/Buenos_Aires-010-1536x1152.jpg 1536w, https:\/\/www.askja-on-tour.ch\/wp-content\/uploads\/2025\/12\/Buenos_Aires-010.jpg 2048w\" sizes=\"auto, (max-width: 1024px) 100vw, 1024px\" \/> <img loading=\"lazy\" decoding=\"async\" class=\"alignnone size-medium wp-image-29971\" src=\"https:\/\/www.askja-on-tour.ch\/wp-content\/uploads\/2025\/12\/Buenos_Aires-011-1024x768.jpg\" alt=\"\" width=\"1024\" height=\"768\" srcset=\"https:\/\/www.askja-on-tour.ch\/wp-content\/uploads\/2025\/12\/Buenos_Aires-011-1024x768.jpg 1024w, https:\/\/www.askja-on-tour.ch\/wp-content\/uploads\/2025\/12\/Buenos_Aires-011-1600x1200.jpg 1600w, https:\/\/www.askja-on-tour.ch\/wp-content\/uploads\/2025\/12\/Buenos_Aires-011-768x576.jpg 768w, https:\/\/www.askja-on-tour.ch\/wp-content\/uploads\/2025\/12\/Buenos_Aires-011-1536x1152.jpg 1536w, https:\/\/www.askja-on-tour.ch\/wp-content\/uploads\/2025\/12\/Buenos_Aires-011.jpg 2048w\" sizes=\"auto, (max-width: 1024px) 100vw, 1024px\" \/> <img loading=\"lazy\" decoding=\"async\" class=\"alignnone size-medium wp-image-29972\" src=\"https:\/\/www.askja-on-tour.ch\/wp-content\/uploads\/2025\/12\/Buenos_Aires-012-1024x768.jpg\" alt=\"\" width=\"1024\" height=\"768\" srcset=\"https:\/\/www.askja-on-tour.ch\/wp-content\/uploads\/2025\/12\/Buenos_Aires-012-1024x768.jpg 1024w, https:\/\/www.askja-on-tour.ch\/wp-content\/uploads\/2025\/12\/Buenos_Aires-012-1600x1200.jpg 1600w, https:\/\/www.askja-on-tour.ch\/wp-content\/uploads\/2025\/12\/Buenos_Aires-012-768x576.jpg 768w, https:\/\/www.askja-on-tour.ch\/wp-content\/uploads\/2025\/12\/Buenos_Aires-012-1536x1152.jpg 1536w, https:\/\/www.askja-on-tour.ch\/wp-content\/uploads\/2025\/12\/Buenos_Aires-012.jpg 2048w\" sizes=\"auto, (max-width: 1024px) 100vw, 1024px\" \/> <img loading=\"lazy\" decoding=\"async\" class=\"alignnone size-medium wp-image-29973\" src=\"https:\/\/www.askja-on-tour.ch\/wp-content\/uploads\/2025\/12\/Buenos_Aires-013-1024x768.jpg\" alt=\"\" width=\"1024\" height=\"768\" srcset=\"https:\/\/www.askja-on-tour.ch\/wp-content\/uploads\/2025\/12\/Buenos_Aires-013-1024x768.jpg 1024w, https:\/\/www.askja-on-tour.ch\/wp-content\/uploads\/2025\/12\/Buenos_Aires-013-1600x1200.jpg 1600w, https:\/\/www.askja-on-tour.ch\/wp-content\/uploads\/2025\/12\/Buenos_Aires-013-768x576.jpg 768w, https:\/\/www.askja-on-tour.ch\/wp-content\/uploads\/2025\/12\/Buenos_Aires-013-1536x1152.jpg 1536w, https:\/\/www.askja-on-tour.ch\/wp-content\/uploads\/2025\/12\/Buenos_Aires-013.jpg 2048w\" sizes=\"auto, (max-width: 1024px) 100vw, 1024px\" \/> <img loading=\"lazy\" decoding=\"async\" class=\"alignnone size-medium wp-image-29974\" src=\"https:\/\/www.askja-on-tour.ch\/wp-content\/uploads\/2025\/12\/Buenos_Aires-014-1024x768.jpg\" alt=\"\" width=\"1024\" height=\"768\" srcset=\"https:\/\/www.askja-on-tour.ch\/wp-content\/uploads\/2025\/12\/Buenos_Aires-014-1024x768.jpg 1024w, https:\/\/www.askja-on-tour.ch\/wp-content\/uploads\/2025\/12\/Buenos_Aires-014-1600x1200.jpg 1600w, https:\/\/www.askja-on-tour.ch\/wp-content\/uploads\/2025\/12\/Buenos_Aires-014-768x576.jpg 768w, https:\/\/www.askja-on-tour.ch\/wp-content\/uploads\/2025\/12\/Buenos_Aires-014-1536x1152.jpg 1536w, https:\/\/www.askja-on-tour.ch\/wp-content\/uploads\/2025\/12\/Buenos_Aires-014.jpg 2048w\" sizes=\"auto, (max-width: 1024px) 100vw, 1024px\" \/><\/p>\n<figure id=\"attachment_29975\" aria-describedby=\"caption-attachment-29975\" style=\"width: 1024px\" class=\"wp-caption alignnone\"><img loading=\"lazy\" decoding=\"async\" class=\"size-medium wp-image-29975\" src=\"https:\/\/www.askja-on-tour.ch\/wp-content\/uploads\/2025\/12\/Buenos_Aires-015-1024x768.jpg\" alt=\"\" width=\"1024\" height=\"768\" srcset=\"https:\/\/www.askja-on-tour.ch\/wp-content\/uploads\/2025\/12\/Buenos_Aires-015-1024x768.jpg 1024w, https:\/\/www.askja-on-tour.ch\/wp-content\/uploads\/2025\/12\/Buenos_Aires-015-1600x1200.jpg 1600w, https:\/\/www.askja-on-tour.ch\/wp-content\/uploads\/2025\/12\/Buenos_Aires-015-768x576.jpg 768w, https:\/\/www.askja-on-tour.ch\/wp-content\/uploads\/2025\/12\/Buenos_Aires-015-1536x1152.jpg 1536w, https:\/\/www.askja-on-tour.ch\/wp-content\/uploads\/2025\/12\/Buenos_Aires-015.jpg 2048w\" sizes=\"auto, (max-width: 1024px) 100vw, 1024px\" \/><figcaption id=\"caption-attachment-29975\" class=\"wp-caption-text\">Messi und Maradona sind allgegenw\u00e4rtig<\/figcaption><\/figure>\n<p><img loading=\"lazy\" decoding=\"async\" class=\"alignnone size-medium wp-image-29976\" src=\"https:\/\/www.askja-on-tour.ch\/wp-content\/uploads\/2025\/12\/Buenos_Aires-016-1024x768.jpg\" alt=\"\" width=\"1024\" height=\"768\" srcset=\"https:\/\/www.askja-on-tour.ch\/wp-content\/uploads\/2025\/12\/Buenos_Aires-016-1024x768.jpg 1024w, https:\/\/www.askja-on-tour.ch\/wp-content\/uploads\/2025\/12\/Buenos_Aires-016-1600x1200.jpg 1600w, https:\/\/www.askja-on-tour.ch\/wp-content\/uploads\/2025\/12\/Buenos_Aires-016-768x576.jpg 768w, https:\/\/www.askja-on-tour.ch\/wp-content\/uploads\/2025\/12\/Buenos_Aires-016-1536x1152.jpg 1536w, https:\/\/www.askja-on-tour.ch\/wp-content\/uploads\/2025\/12\/Buenos_Aires-016.jpg 2048w\" sizes=\"auto, (max-width: 1024px) 100vw, 1024px\" \/><\/p>\n<figure id=\"attachment_29977\" aria-describedby=\"caption-attachment-29977\" style=\"width: 1024px\" class=\"wp-caption alignnone\"><img loading=\"lazy\" decoding=\"async\" class=\"size-medium wp-image-29977\" src=\"https:\/\/www.askja-on-tour.ch\/wp-content\/uploads\/2025\/12\/Buenos_Aires-017-1024x576.jpg\" alt=\"\" width=\"1024\" height=\"576\" srcset=\"https:\/\/www.askja-on-tour.ch\/wp-content\/uploads\/2025\/12\/Buenos_Aires-017-1024x576.jpg 1024w, https:\/\/www.askja-on-tour.ch\/wp-content\/uploads\/2025\/12\/Buenos_Aires-017-1600x900.jpg 1600w, https:\/\/www.askja-on-tour.ch\/wp-content\/uploads\/2025\/12\/Buenos_Aires-017-768x432.jpg 768w, https:\/\/www.askja-on-tour.ch\/wp-content\/uploads\/2025\/12\/Buenos_Aires-017-1536x864.jpg 1536w, https:\/\/www.askja-on-tour.ch\/wp-content\/uploads\/2025\/12\/Buenos_Aires-017.jpg 2048w\" sizes=\"auto, (max-width: 1024px) 100vw, 1024px\" \/><figcaption id=\"caption-attachment-29977\" class=\"wp-caption-text\">Die Jungen \u00fcben f\u00fcr das Spiel am Samstag der La Boca Juniors gegen Tailleres (Cordoba) am Sonntag. Mit ihren Pauken und Tschinellen \u00fcben sie beeindruckende Choreos<\/figcaption><\/figure>\n<p><img loading=\"lazy\" decoding=\"async\" class=\"alignnone size-medium wp-image-29978\" src=\"https:\/\/www.askja-on-tour.ch\/wp-content\/uploads\/2025\/12\/Buenos_Aires-018-1024x768.jpg\" alt=\"\" width=\"1024\" height=\"768\" srcset=\"https:\/\/www.askja-on-tour.ch\/wp-content\/uploads\/2025\/12\/Buenos_Aires-018-1024x768.jpg 1024w, https:\/\/www.askja-on-tour.ch\/wp-content\/uploads\/2025\/12\/Buenos_Aires-018-1600x1200.jpg 1600w, https:\/\/www.askja-on-tour.ch\/wp-content\/uploads\/2025\/12\/Buenos_Aires-018-768x576.jpg 768w, https:\/\/www.askja-on-tour.ch\/wp-content\/uploads\/2025\/12\/Buenos_Aires-018-1536x1152.jpg 1536w, https:\/\/www.askja-on-tour.ch\/wp-content\/uploads\/2025\/12\/Buenos_Aires-018.jpg 2048w\" sizes=\"auto, (max-width: 1024px) 100vw, 1024px\" \/><\/p>\n<figure id=\"attachment_29979\" aria-describedby=\"caption-attachment-29979\" style=\"width: 1024px\" class=\"wp-caption alignnone\"><img loading=\"lazy\" decoding=\"async\" class=\"size-medium wp-image-29979\" src=\"https:\/\/www.askja-on-tour.ch\/wp-content\/uploads\/2025\/12\/Buenos_Aires-019-1024x768.jpg\" alt=\"\" width=\"1024\" height=\"768\" srcset=\"https:\/\/www.askja-on-tour.ch\/wp-content\/uploads\/2025\/12\/Buenos_Aires-019-1024x768.jpg 1024w, https:\/\/www.askja-on-tour.ch\/wp-content\/uploads\/2025\/12\/Buenos_Aires-019-1600x1200.jpg 1600w, https:\/\/www.askja-on-tour.ch\/wp-content\/uploads\/2025\/12\/Buenos_Aires-019-768x576.jpg 768w, https:\/\/www.askja-on-tour.ch\/wp-content\/uploads\/2025\/12\/Buenos_Aires-019-1536x1152.jpg 1536w, https:\/\/www.askja-on-tour.ch\/wp-content\/uploads\/2025\/12\/Buenos_Aires-019.jpg 2048w\" sizes=\"auto, (max-width: 1024px) 100vw, 1024px\" \/><figcaption id=\"caption-attachment-29979\" class=\"wp-caption-text\">Buenos Aires &#8211; die Stadt des Tango. Tango ist der Ausdruck von Leidenschaft und Schmerz!<\/figcaption><\/figure>\n<p>Der n\u00e4chste Tag verbrachten wir im Stadtteil SanTelmo und in La Boca.<\/p>\n<p>San Telmo San Telmo ist das \u00e4lteste Stadtviertel von Buenos Aires und bekannt f\u00fcr seine H\u00e4user im Kolonialstil. Die alte Markthalle \u201eLa Feria de San Telmo\u201c, die Antiquit\u00e4tenl\u00e4den, die Tangot\u00e4nzer am Sonntag und die ganze Lebensfreude haben es uns sehr angetan. Die Geschichte von San Telmo reicht zur\u00fcck bis ins 17. Jahrhundert. Damit z\u00e4hlt das Viertel zu den \u00e4ltesten der Stadt. Hafenarbeiter, Aristokraten, europ\u00e4ische Einwanderer und K\u00fcnstler haben das Viertel \u00fcber die Jahrhunderte gepr\u00e4gt.<\/p>\n<figure id=\"attachment_29980\" aria-describedby=\"caption-attachment-29980\" style=\"width: 750px\" class=\"wp-caption alignnone\"><img loading=\"lazy\" decoding=\"async\" class=\"size-large wp-image-29980\" src=\"https:\/\/www.askja-on-tour.ch\/wp-content\/uploads\/2025\/12\/Buenos_Aires-020-1600x1201.jpg\" alt=\"\" width=\"750\" height=\"563\" srcset=\"https:\/\/www.askja-on-tour.ch\/wp-content\/uploads\/2025\/12\/Buenos_Aires-020-1600x1201.jpg 1600w, https:\/\/www.askja-on-tour.ch\/wp-content\/uploads\/2025\/12\/Buenos_Aires-020-1024x769.jpg 1024w, https:\/\/www.askja-on-tour.ch\/wp-content\/uploads\/2025\/12\/Buenos_Aires-020-768x576.jpg 768w, https:\/\/www.askja-on-tour.ch\/wp-content\/uploads\/2025\/12\/Buenos_Aires-020-1536x1153.jpg 1536w, https:\/\/www.askja-on-tour.ch\/wp-content\/uploads\/2025\/12\/Buenos_Aires-020.jpg 2048w\" sizes=\"auto, (max-width: 750px) 100vw, 750px\" \/><figcaption id=\"caption-attachment-29980\" class=\"wp-caption-text\">Im Stadtteil San Telmo in der Markthalle<\/figcaption><\/figure>\n<figure id=\"attachment_29984\" aria-describedby=\"caption-attachment-29984\" style=\"width: 1024px\" class=\"wp-caption alignnone\"><img loading=\"lazy\" decoding=\"async\" class=\"size-medium wp-image-29984\" src=\"https:\/\/www.askja-on-tour.ch\/wp-content\/uploads\/2025\/12\/Buenos_Aires-024-1024x768.jpg\" alt=\"\" width=\"1024\" height=\"768\" srcset=\"https:\/\/www.askja-on-tour.ch\/wp-content\/uploads\/2025\/12\/Buenos_Aires-024-1024x768.jpg 1024w, https:\/\/www.askja-on-tour.ch\/wp-content\/uploads\/2025\/12\/Buenos_Aires-024-1600x1200.jpg 1600w, https:\/\/www.askja-on-tour.ch\/wp-content\/uploads\/2025\/12\/Buenos_Aires-024-768x576.jpg 768w, https:\/\/www.askja-on-tour.ch\/wp-content\/uploads\/2025\/12\/Buenos_Aires-024-1536x1152.jpg 1536w, https:\/\/www.askja-on-tour.ch\/wp-content\/uploads\/2025\/12\/Buenos_Aires-024.jpg 2048w\" sizes=\"auto, (max-width: 1024px) 100vw, 1024px\" \/><figcaption id=\"caption-attachment-29984\" class=\"wp-caption-text\">Schweizer Raclette gibt es auch<\/figcaption><\/figure>\n<p><img loading=\"lazy\" decoding=\"async\" class=\"alignnone size-medium wp-image-29983\" src=\"https:\/\/www.askja-on-tour.ch\/wp-content\/uploads\/2025\/12\/Buenos_Aires-023-1024x768.jpg\" alt=\"\" width=\"1024\" height=\"768\" srcset=\"https:\/\/www.askja-on-tour.ch\/wp-content\/uploads\/2025\/12\/Buenos_Aires-023-1024x768.jpg 1024w, https:\/\/www.askja-on-tour.ch\/wp-content\/uploads\/2025\/12\/Buenos_Aires-023-1600x1200.jpg 1600w, https:\/\/www.askja-on-tour.ch\/wp-content\/uploads\/2025\/12\/Buenos_Aires-023-768x576.jpg 768w, https:\/\/www.askja-on-tour.ch\/wp-content\/uploads\/2025\/12\/Buenos_Aires-023-1536x1152.jpg 1536w, https:\/\/www.askja-on-tour.ch\/wp-content\/uploads\/2025\/12\/Buenos_Aires-023.jpg 2048w\" sizes=\"auto, (max-width: 1024px) 100vw, 1024px\" \/> <img loading=\"lazy\" decoding=\"async\" class=\"alignnone size-medium wp-image-29982\" src=\"https:\/\/www.askja-on-tour.ch\/wp-content\/uploads\/2025\/12\/Buenos_Aires-022-1024x768.jpg\" alt=\"\" width=\"1024\" height=\"768\" srcset=\"https:\/\/www.askja-on-tour.ch\/wp-content\/uploads\/2025\/12\/Buenos_Aires-022-1024x768.jpg 1024w, https:\/\/www.askja-on-tour.ch\/wp-content\/uploads\/2025\/12\/Buenos_Aires-022-1600x1200.jpg 1600w, https:\/\/www.askja-on-tour.ch\/wp-content\/uploads\/2025\/12\/Buenos_Aires-022-768x576.jpg 768w, https:\/\/www.askja-on-tour.ch\/wp-content\/uploads\/2025\/12\/Buenos_Aires-022-1536x1152.jpg 1536w, https:\/\/www.askja-on-tour.ch\/wp-content\/uploads\/2025\/12\/Buenos_Aires-022.jpg 2048w\" sizes=\"auto, (max-width: 1024px) 100vw, 1024px\" \/><\/p>\n<figure id=\"attachment_29981\" aria-describedby=\"caption-attachment-29981\" style=\"width: 1024px\" class=\"wp-caption alignnone\"><img loading=\"lazy\" decoding=\"async\" class=\"size-medium wp-image-29981\" src=\"https:\/\/www.askja-on-tour.ch\/wp-content\/uploads\/2025\/12\/Buenos_Aires-021-1024x768.jpg\" alt=\"\" width=\"1024\" height=\"768\" srcset=\"https:\/\/www.askja-on-tour.ch\/wp-content\/uploads\/2025\/12\/Buenos_Aires-021-1024x768.jpg 1024w, https:\/\/www.askja-on-tour.ch\/wp-content\/uploads\/2025\/12\/Buenos_Aires-021-1600x1200.jpg 1600w, https:\/\/www.askja-on-tour.ch\/wp-content\/uploads\/2025\/12\/Buenos_Aires-021-768x576.jpg 768w, https:\/\/www.askja-on-tour.ch\/wp-content\/uploads\/2025\/12\/Buenos_Aires-021-1536x1152.jpg 1536w, https:\/\/www.askja-on-tour.ch\/wp-content\/uploads\/2025\/12\/Buenos_Aires-021.jpg 2048w\" sizes=\"auto, (max-width: 1024px) 100vw, 1024px\" \/><figcaption id=\"caption-attachment-29981\" class=\"wp-caption-text\">Die Feria de San Telmo &#8211; der grosse Markt in alten sch\u00f6nen Markthallen<\/figcaption><\/figure>\n<p><img loading=\"lazy\" decoding=\"async\" class=\"alignnone size-medium wp-image-29985\" src=\"https:\/\/www.askja-on-tour.ch\/wp-content\/uploads\/2025\/12\/Buenos_Aires-025-768x1024.jpg\" alt=\"\" width=\"768\" height=\"1024\" srcset=\"https:\/\/www.askja-on-tour.ch\/wp-content\/uploads\/2025\/12\/Buenos_Aires-025-768x1024.jpg 768w, https:\/\/www.askja-on-tour.ch\/wp-content\/uploads\/2025\/12\/Buenos_Aires-025-1200x1600.jpg 1200w, https:\/\/www.askja-on-tour.ch\/wp-content\/uploads\/2025\/12\/Buenos_Aires-025-1152x1536.jpg 1152w, https:\/\/www.askja-on-tour.ch\/wp-content\/uploads\/2025\/12\/Buenos_Aires-025.jpg 1536w\" sizes=\"auto, (max-width: 768px) 100vw, 768px\" \/> <img loading=\"lazy\" decoding=\"async\" class=\"alignnone size-medium wp-image-29986\" src=\"https:\/\/www.askja-on-tour.ch\/wp-content\/uploads\/2025\/12\/Buenos_Aires-026-768x1024.jpg\" alt=\"\" width=\"768\" height=\"1024\" srcset=\"https:\/\/www.askja-on-tour.ch\/wp-content\/uploads\/2025\/12\/Buenos_Aires-026-768x1024.jpg 768w, https:\/\/www.askja-on-tour.ch\/wp-content\/uploads\/2025\/12\/Buenos_Aires-026-1200x1600.jpg 1200w, https:\/\/www.askja-on-tour.ch\/wp-content\/uploads\/2025\/12\/Buenos_Aires-026-1152x1536.jpg 1152w, https:\/\/www.askja-on-tour.ch\/wp-content\/uploads\/2025\/12\/Buenos_Aires-026.jpg 1536w\" sizes=\"auto, (max-width: 768px) 100vw, 768px\" \/> <img loading=\"lazy\" decoding=\"async\" class=\"alignnone size-medium wp-image-29987\" src=\"https:\/\/www.askja-on-tour.ch\/wp-content\/uploads\/2025\/12\/Buenos_Aires-027-1024x768.jpg\" alt=\"\" width=\"1024\" height=\"768\" srcset=\"https:\/\/www.askja-on-tour.ch\/wp-content\/uploads\/2025\/12\/Buenos_Aires-027-1024x768.jpg 1024w, https:\/\/www.askja-on-tour.ch\/wp-content\/uploads\/2025\/12\/Buenos_Aires-027-1600x1200.jpg 1600w, https:\/\/www.askja-on-tour.ch\/wp-content\/uploads\/2025\/12\/Buenos_Aires-027-768x576.jpg 768w, https:\/\/www.askja-on-tour.ch\/wp-content\/uploads\/2025\/12\/Buenos_Aires-027-1536x1152.jpg 1536w, https:\/\/www.askja-on-tour.ch\/wp-content\/uploads\/2025\/12\/Buenos_Aires-027.jpg 2048w\" sizes=\"auto, (max-width: 1024px) 100vw, 1024px\" \/> <img loading=\"lazy\" decoding=\"async\" class=\"alignnone size-medium wp-image-29988\" src=\"https:\/\/www.askja-on-tour.ch\/wp-content\/uploads\/2025\/12\/Buenos_Aires-028-768x1024.jpg\" alt=\"\" width=\"768\" height=\"1024\" srcset=\"https:\/\/www.askja-on-tour.ch\/wp-content\/uploads\/2025\/12\/Buenos_Aires-028-768x1024.jpg 768w, https:\/\/www.askja-on-tour.ch\/wp-content\/uploads\/2025\/12\/Buenos_Aires-028-1200x1600.jpg 1200w, https:\/\/www.askja-on-tour.ch\/wp-content\/uploads\/2025\/12\/Buenos_Aires-028-1152x1536.jpg 1152w, https:\/\/www.askja-on-tour.ch\/wp-content\/uploads\/2025\/12\/Buenos_Aires-028.jpg 1536w\" sizes=\"auto, (max-width: 768px) 100vw, 768px\" \/> <img loading=\"lazy\" decoding=\"async\" class=\"alignnone size-medium wp-image-29989\" src=\"https:\/\/www.askja-on-tour.ch\/wp-content\/uploads\/2025\/12\/Buenos_Aires-029-768x1024.jpg\" alt=\"\" width=\"768\" height=\"1024\" srcset=\"https:\/\/www.askja-on-tour.ch\/wp-content\/uploads\/2025\/12\/Buenos_Aires-029-768x1024.jpg 768w, https:\/\/www.askja-on-tour.ch\/wp-content\/uploads\/2025\/12\/Buenos_Aires-029-1200x1600.jpg 1200w, https:\/\/www.askja-on-tour.ch\/wp-content\/uploads\/2025\/12\/Buenos_Aires-029-1152x1536.jpg 1152w, https:\/\/www.askja-on-tour.ch\/wp-content\/uploads\/2025\/12\/Buenos_Aires-029.jpg 1536w\" sizes=\"auto, (max-width: 768px) 100vw, 768px\" \/><\/p>\n<figure id=\"attachment_29996\" aria-describedby=\"caption-attachment-29996\" style=\"width: 1024px\" class=\"wp-caption alignnone\"><img loading=\"lazy\" decoding=\"async\" class=\"size-medium wp-image-29996\" src=\"https:\/\/www.askja-on-tour.ch\/wp-content\/uploads\/2025\/12\/Buenos_Aires-036-1024x768.jpg\" alt=\"\" width=\"1024\" height=\"768\" srcset=\"https:\/\/www.askja-on-tour.ch\/wp-content\/uploads\/2025\/12\/Buenos_Aires-036-1024x768.jpg 1024w, https:\/\/www.askja-on-tour.ch\/wp-content\/uploads\/2025\/12\/Buenos_Aires-036-1600x1200.jpg 1600w, https:\/\/www.askja-on-tour.ch\/wp-content\/uploads\/2025\/12\/Buenos_Aires-036-768x576.jpg 768w, https:\/\/www.askja-on-tour.ch\/wp-content\/uploads\/2025\/12\/Buenos_Aires-036-1536x1152.jpg 1536w, https:\/\/www.askja-on-tour.ch\/wp-content\/uploads\/2025\/12\/Buenos_Aires-036.jpg 2048w\" sizes=\"auto, (max-width: 1024px) 100vw, 1024px\" \/><figcaption id=\"caption-attachment-29996\" class=\"wp-caption-text\">Wir lieben Empanadas (gef\u00fcllte Teigtiaschen)<\/figcaption><\/figure>\n<p><img loading=\"lazy\" decoding=\"async\" class=\"alignnone size-medium wp-image-29995\" src=\"https:\/\/www.askja-on-tour.ch\/wp-content\/uploads\/2025\/12\/Buenos_Aires-035-1024x768.jpg\" alt=\"\" width=\"1024\" height=\"768\" srcset=\"https:\/\/www.askja-on-tour.ch\/wp-content\/uploads\/2025\/12\/Buenos_Aires-035-1024x768.jpg 1024w, https:\/\/www.askja-on-tour.ch\/wp-content\/uploads\/2025\/12\/Buenos_Aires-035-1600x1200.jpg 1600w, https:\/\/www.askja-on-tour.ch\/wp-content\/uploads\/2025\/12\/Buenos_Aires-035-768x576.jpg 768w, https:\/\/www.askja-on-tour.ch\/wp-content\/uploads\/2025\/12\/Buenos_Aires-035-1536x1152.jpg 1536w, https:\/\/www.askja-on-tour.ch\/wp-content\/uploads\/2025\/12\/Buenos_Aires-035.jpg 2048w\" sizes=\"auto, (max-width: 1024px) 100vw, 1024px\" \/> <img loading=\"lazy\" decoding=\"async\" class=\"alignnone size-medium wp-image-29994\" src=\"https:\/\/www.askja-on-tour.ch\/wp-content\/uploads\/2025\/12\/Buenos_Aires-034-1024x768.jpg\" alt=\"\" width=\"1024\" height=\"768\" srcset=\"https:\/\/www.askja-on-tour.ch\/wp-content\/uploads\/2025\/12\/Buenos_Aires-034-1024x768.jpg 1024w, https:\/\/www.askja-on-tour.ch\/wp-content\/uploads\/2025\/12\/Buenos_Aires-034-1600x1200.jpg 1600w, https:\/\/www.askja-on-tour.ch\/wp-content\/uploads\/2025\/12\/Buenos_Aires-034-768x576.jpg 768w, https:\/\/www.askja-on-tour.ch\/wp-content\/uploads\/2025\/12\/Buenos_Aires-034-1536x1152.jpg 1536w, https:\/\/www.askja-on-tour.ch\/wp-content\/uploads\/2025\/12\/Buenos_Aires-034.jpg 2048w\" sizes=\"auto, (max-width: 1024px) 100vw, 1024px\" \/> <img loading=\"lazy\" decoding=\"async\" class=\"alignnone size-medium wp-image-29993\" src=\"https:\/\/www.askja-on-tour.ch\/wp-content\/uploads\/2025\/12\/Buenos_Aires-033-768x1024.jpg\" alt=\"\" width=\"768\" height=\"1024\" srcset=\"https:\/\/www.askja-on-tour.ch\/wp-content\/uploads\/2025\/12\/Buenos_Aires-033-768x1024.jpg 768w, https:\/\/www.askja-on-tour.ch\/wp-content\/uploads\/2025\/12\/Buenos_Aires-033-1200x1600.jpg 1200w, https:\/\/www.askja-on-tour.ch\/wp-content\/uploads\/2025\/12\/Buenos_Aires-033-1152x1536.jpg 1152w, https:\/\/www.askja-on-tour.ch\/wp-content\/uploads\/2025\/12\/Buenos_Aires-033.jpg 1536w\" sizes=\"auto, (max-width: 768px) 100vw, 768px\" \/> <img loading=\"lazy\" decoding=\"async\" class=\"alignnone size-medium wp-image-29992\" src=\"https:\/\/www.askja-on-tour.ch\/wp-content\/uploads\/2025\/12\/Buenos_Aires-032-1024x768.jpg\" alt=\"\" width=\"1024\" height=\"768\" srcset=\"https:\/\/www.askja-on-tour.ch\/wp-content\/uploads\/2025\/12\/Buenos_Aires-032-1024x768.jpg 1024w, https:\/\/www.askja-on-tour.ch\/wp-content\/uploads\/2025\/12\/Buenos_Aires-032-1600x1200.jpg 1600w, https:\/\/www.askja-on-tour.ch\/wp-content\/uploads\/2025\/12\/Buenos_Aires-032-768x576.jpg 768w, https:\/\/www.askja-on-tour.ch\/wp-content\/uploads\/2025\/12\/Buenos_Aires-032-1536x1152.jpg 1536w, https:\/\/www.askja-on-tour.ch\/wp-content\/uploads\/2025\/12\/Buenos_Aires-032.jpg 2048w\" sizes=\"auto, (max-width: 1024px) 100vw, 1024px\" \/> <img loading=\"lazy\" decoding=\"async\" class=\"alignnone size-medium wp-image-29991\" src=\"https:\/\/www.askja-on-tour.ch\/wp-content\/uploads\/2025\/12\/Buenos_Aires-031-1024x768.jpg\" alt=\"\" width=\"1024\" height=\"768\" srcset=\"https:\/\/www.askja-on-tour.ch\/wp-content\/uploads\/2025\/12\/Buenos_Aires-031-1024x768.jpg 1024w, https:\/\/www.askja-on-tour.ch\/wp-content\/uploads\/2025\/12\/Buenos_Aires-031-1600x1200.jpg 1600w, https:\/\/www.askja-on-tour.ch\/wp-content\/uploads\/2025\/12\/Buenos_Aires-031-768x576.jpg 768w, https:\/\/www.askja-on-tour.ch\/wp-content\/uploads\/2025\/12\/Buenos_Aires-031-1536x1152.jpg 1536w, https:\/\/www.askja-on-tour.ch\/wp-content\/uploads\/2025\/12\/Buenos_Aires-031.jpg 2048w\" sizes=\"auto, (max-width: 1024px) 100vw, 1024px\" \/><\/p>\n<figure id=\"attachment_29990\" aria-describedby=\"caption-attachment-29990\" style=\"width: 769px\" class=\"wp-caption alignnone\"><img loading=\"lazy\" decoding=\"async\" class=\"size-medium wp-image-29990\" src=\"https:\/\/www.askja-on-tour.ch\/wp-content\/uploads\/2025\/12\/Buenos_Aires-030-769x1024.jpg\" alt=\"\" width=\"769\" height=\"1024\" srcset=\"https:\/\/www.askja-on-tour.ch\/wp-content\/uploads\/2025\/12\/Buenos_Aires-030-769x1024.jpg 769w, https:\/\/www.askja-on-tour.ch\/wp-content\/uploads\/2025\/12\/Buenos_Aires-030-1201x1600.jpg 1201w, https:\/\/www.askja-on-tour.ch\/wp-content\/uploads\/2025\/12\/Buenos_Aires-030-768x1023.jpg 768w, https:\/\/www.askja-on-tour.ch\/wp-content\/uploads\/2025\/12\/Buenos_Aires-030-1153x1536.jpg 1153w, https:\/\/www.askja-on-tour.ch\/wp-content\/uploads\/2025\/12\/Buenos_Aires-030.jpg 1537w\" sizes=\"auto, (max-width: 769px) 100vw, 769px\" \/><figcaption id=\"caption-attachment-29990\" class=\"wp-caption-text\">Und hier ist die ber\u00fchmte Comic-Figur Mafalda<\/figcaption><\/figure>\n<p><img loading=\"lazy\" decoding=\"async\" class=\"alignnone size-medium wp-image-29997\" src=\"https:\/\/www.askja-on-tour.ch\/wp-content\/uploads\/2025\/12\/Buenos_Aires-037-1024x768.jpg\" alt=\"\" width=\"1024\" height=\"768\" srcset=\"https:\/\/www.askja-on-tour.ch\/wp-content\/uploads\/2025\/12\/Buenos_Aires-037-1024x768.jpg 1024w, https:\/\/www.askja-on-tour.ch\/wp-content\/uploads\/2025\/12\/Buenos_Aires-037-1600x1200.jpg 1600w, https:\/\/www.askja-on-tour.ch\/wp-content\/uploads\/2025\/12\/Buenos_Aires-037-768x576.jpg 768w, https:\/\/www.askja-on-tour.ch\/wp-content\/uploads\/2025\/12\/Buenos_Aires-037-1536x1152.jpg 1536w, https:\/\/www.askja-on-tour.ch\/wp-content\/uploads\/2025\/12\/Buenos_Aires-037.jpg 2048w\" sizes=\"auto, (max-width: 1024px) 100vw, 1024px\" \/> <img loading=\"lazy\" decoding=\"async\" class=\"alignnone size-medium wp-image-29998\" src=\"https:\/\/www.askja-on-tour.ch\/wp-content\/uploads\/2025\/12\/Buenos_Aires-038-1024x768.jpg\" alt=\"\" width=\"1024\" height=\"768\" srcset=\"https:\/\/www.askja-on-tour.ch\/wp-content\/uploads\/2025\/12\/Buenos_Aires-038-1024x768.jpg 1024w, https:\/\/www.askja-on-tour.ch\/wp-content\/uploads\/2025\/12\/Buenos_Aires-038-1600x1200.jpg 1600w, https:\/\/www.askja-on-tour.ch\/wp-content\/uploads\/2025\/12\/Buenos_Aires-038-768x576.jpg 768w, https:\/\/www.askja-on-tour.ch\/wp-content\/uploads\/2025\/12\/Buenos_Aires-038-1536x1152.jpg 1536w, https:\/\/www.askja-on-tour.ch\/wp-content\/uploads\/2025\/12\/Buenos_Aires-038.jpg 2048w\" sizes=\"auto, (max-width: 1024px) 100vw, 1024px\" \/> <img loading=\"lazy\" decoding=\"async\" class=\"alignnone size-medium wp-image-29999\" src=\"https:\/\/www.askja-on-tour.ch\/wp-content\/uploads\/2025\/12\/Buenos_Aires-039-1024x768.jpg\" alt=\"\" width=\"1024\" height=\"768\" srcset=\"https:\/\/www.askja-on-tour.ch\/wp-content\/uploads\/2025\/12\/Buenos_Aires-039-1024x768.jpg 1024w, https:\/\/www.askja-on-tour.ch\/wp-content\/uploads\/2025\/12\/Buenos_Aires-039-1600x1200.jpg 1600w, https:\/\/www.askja-on-tour.ch\/wp-content\/uploads\/2025\/12\/Buenos_Aires-039-768x576.jpg 768w, https:\/\/www.askja-on-tour.ch\/wp-content\/uploads\/2025\/12\/Buenos_Aires-039-1536x1152.jpg 1536w, https:\/\/www.askja-on-tour.ch\/wp-content\/uploads\/2025\/12\/Buenos_Aires-039.jpg 2048w\" sizes=\"auto, (max-width: 1024px) 100vw, 1024px\" \/><\/p>\n<figure id=\"attachment_30000\" aria-describedby=\"caption-attachment-30000\" style=\"width: 1024px\" class=\"wp-caption alignnone\"><img loading=\"lazy\" decoding=\"async\" class=\"size-medium wp-image-30000\" src=\"https:\/\/www.askja-on-tour.ch\/wp-content\/uploads\/2025\/12\/Buenos_Aires-040-1024x768.jpg\" alt=\"\" width=\"1024\" height=\"768\" srcset=\"https:\/\/www.askja-on-tour.ch\/wp-content\/uploads\/2025\/12\/Buenos_Aires-040-1024x768.jpg 1024w, https:\/\/www.askja-on-tour.ch\/wp-content\/uploads\/2025\/12\/Buenos_Aires-040-1600x1200.jpg 1600w, https:\/\/www.askja-on-tour.ch\/wp-content\/uploads\/2025\/12\/Buenos_Aires-040-768x576.jpg 768w, https:\/\/www.askja-on-tour.ch\/wp-content\/uploads\/2025\/12\/Buenos_Aires-040-1536x1152.jpg 1536w, https:\/\/www.askja-on-tour.ch\/wp-content\/uploads\/2025\/12\/Buenos_Aires-040.jpg 2048w\" sizes=\"auto, (max-width: 1024px) 100vw, 1024px\" \/><figcaption id=\"caption-attachment-30000\" class=\"wp-caption-text\">Zeitvertreib mit dem Handy &#8211; chillig sitzt der Kleine im Stuhl<\/figcaption><\/figure>\n<p><img loading=\"lazy\" decoding=\"async\" class=\"alignnone size-medium wp-image-30001\" src=\"https:\/\/www.askja-on-tour.ch\/wp-content\/uploads\/2025\/12\/Buenos_Aires-041-1024x768.jpg\" alt=\"\" width=\"1024\" height=\"768\" srcset=\"https:\/\/www.askja-on-tour.ch\/wp-content\/uploads\/2025\/12\/Buenos_Aires-041-1024x768.jpg 1024w, https:\/\/www.askja-on-tour.ch\/wp-content\/uploads\/2025\/12\/Buenos_Aires-041-1600x1200.jpg 1600w, https:\/\/www.askja-on-tour.ch\/wp-content\/uploads\/2025\/12\/Buenos_Aires-041-768x576.jpg 768w, https:\/\/www.askja-on-tour.ch\/wp-content\/uploads\/2025\/12\/Buenos_Aires-041-1536x1152.jpg 1536w, https:\/\/www.askja-on-tour.ch\/wp-content\/uploads\/2025\/12\/Buenos_Aires-041.jpg 2048w\" sizes=\"auto, (max-width: 1024px) 100vw, 1024px\" \/><\/p>\n<p><img loading=\"lazy\" decoding=\"async\" class=\"alignnone size-medium wp-image-30002\" src=\"https:\/\/www.askja-on-tour.ch\/wp-content\/uploads\/2025\/12\/Buenos_Aires-042-1024x768.jpg\" alt=\"\" width=\"1024\" height=\"768\" srcset=\"https:\/\/www.askja-on-tour.ch\/wp-content\/uploads\/2025\/12\/Buenos_Aires-042-1024x768.jpg 1024w, https:\/\/www.askja-on-tour.ch\/wp-content\/uploads\/2025\/12\/Buenos_Aires-042-1600x1200.jpg 1600w, https:\/\/www.askja-on-tour.ch\/wp-content\/uploads\/2025\/12\/Buenos_Aires-042-768x576.jpg 768w, https:\/\/www.askja-on-tour.ch\/wp-content\/uploads\/2025\/12\/Buenos_Aires-042-1536x1152.jpg 1536w, https:\/\/www.askja-on-tour.ch\/wp-content\/uploads\/2025\/12\/Buenos_Aires-042.jpg 2048w\" sizes=\"auto, (max-width: 1024px) 100vw, 1024px\" \/><\/p>\n<figure id=\"attachment_30003\" aria-describedby=\"caption-attachment-30003\" style=\"width: 1024px\" class=\"wp-caption alignnone\"><img loading=\"lazy\" decoding=\"async\" class=\"size-medium wp-image-30003\" src=\"https:\/\/www.askja-on-tour.ch\/wp-content\/uploads\/2025\/12\/Buenos_Aires-043-1024x768.jpg\" alt=\"\" width=\"1024\" height=\"768\" srcset=\"https:\/\/www.askja-on-tour.ch\/wp-content\/uploads\/2025\/12\/Buenos_Aires-043-1024x768.jpg 1024w, https:\/\/www.askja-on-tour.ch\/wp-content\/uploads\/2025\/12\/Buenos_Aires-043-1600x1200.jpg 1600w, https:\/\/www.askja-on-tour.ch\/wp-content\/uploads\/2025\/12\/Buenos_Aires-043-768x576.jpg 768w, https:\/\/www.askja-on-tour.ch\/wp-content\/uploads\/2025\/12\/Buenos_Aires-043-1536x1152.jpg 1536w, https:\/\/www.askja-on-tour.ch\/wp-content\/uploads\/2025\/12\/Buenos_Aires-043.jpg 2048w\" sizes=\"auto, (max-width: 1024px) 100vw, 1024px\" \/><figcaption id=\"caption-attachment-30003\" class=\"wp-caption-text\">Auf dem Antiquit\u00e4tenmarkt in San Telmo<\/figcaption><\/figure>\n<p><img loading=\"lazy\" decoding=\"async\" class=\"alignnone size-medium wp-image-30004\" src=\"https:\/\/www.askja-on-tour.ch\/wp-content\/uploads\/2025\/12\/Buenos_Aires-044-768x1024.jpg\" alt=\"\" width=\"768\" height=\"1024\" srcset=\"https:\/\/www.askja-on-tour.ch\/wp-content\/uploads\/2025\/12\/Buenos_Aires-044-768x1024.jpg 768w, https:\/\/www.askja-on-tour.ch\/wp-content\/uploads\/2025\/12\/Buenos_Aires-044-1200x1600.jpg 1200w, https:\/\/www.askja-on-tour.ch\/wp-content\/uploads\/2025\/12\/Buenos_Aires-044-1152x1536.jpg 1152w, https:\/\/www.askja-on-tour.ch\/wp-content\/uploads\/2025\/12\/Buenos_Aires-044.jpg 1536w\" sizes=\"auto, (max-width: 768px) 100vw, 768px\" \/> <img loading=\"lazy\" decoding=\"async\" class=\"alignnone size-medium wp-image-30005\" src=\"https:\/\/www.askja-on-tour.ch\/wp-content\/uploads\/2025\/12\/Buenos_Aires-045-1024x768.jpg\" alt=\"\" width=\"1024\" height=\"768\" srcset=\"https:\/\/www.askja-on-tour.ch\/wp-content\/uploads\/2025\/12\/Buenos_Aires-045-1024x768.jpg 1024w, https:\/\/www.askja-on-tour.ch\/wp-content\/uploads\/2025\/12\/Buenos_Aires-045-1600x1200.jpg 1600w, https:\/\/www.askja-on-tour.ch\/wp-content\/uploads\/2025\/12\/Buenos_Aires-045-768x576.jpg 768w, https:\/\/www.askja-on-tour.ch\/wp-content\/uploads\/2025\/12\/Buenos_Aires-045-1536x1152.jpg 1536w, https:\/\/www.askja-on-tour.ch\/wp-content\/uploads\/2025\/12\/Buenos_Aires-045.jpg 2048w\" sizes=\"auto, (max-width: 1024px) 100vw, 1024px\" \/> <img loading=\"lazy\" decoding=\"async\" class=\"alignnone size-medium wp-image-30006\" src=\"https:\/\/www.askja-on-tour.ch\/wp-content\/uploads\/2025\/12\/Buenos_Aires-046-1024x768.jpg\" alt=\"\" width=\"1024\" height=\"768\" srcset=\"https:\/\/www.askja-on-tour.ch\/wp-content\/uploads\/2025\/12\/Buenos_Aires-046-1024x768.jpg 1024w, https:\/\/www.askja-on-tour.ch\/wp-content\/uploads\/2025\/12\/Buenos_Aires-046-1600x1200.jpg 1600w, https:\/\/www.askja-on-tour.ch\/wp-content\/uploads\/2025\/12\/Buenos_Aires-046-768x576.jpg 768w, https:\/\/www.askja-on-tour.ch\/wp-content\/uploads\/2025\/12\/Buenos_Aires-046-1536x1152.jpg 1536w, https:\/\/www.askja-on-tour.ch\/wp-content\/uploads\/2025\/12\/Buenos_Aires-046.jpg 2048w\" sizes=\"auto, (max-width: 1024px) 100vw, 1024px\" \/> <img loading=\"lazy\" decoding=\"async\" class=\"alignnone size-medium wp-image-30007\" src=\"https:\/\/www.askja-on-tour.ch\/wp-content\/uploads\/2025\/12\/Buenos_Aires-047-1024x768.jpg\" alt=\"\" width=\"1024\" height=\"768\" srcset=\"https:\/\/www.askja-on-tour.ch\/wp-content\/uploads\/2025\/12\/Buenos_Aires-047-1024x768.jpg 1024w, https:\/\/www.askja-on-tour.ch\/wp-content\/uploads\/2025\/12\/Buenos_Aires-047-1600x1200.jpg 1600w, https:\/\/www.askja-on-tour.ch\/wp-content\/uploads\/2025\/12\/Buenos_Aires-047-768x576.jpg 768w, https:\/\/www.askja-on-tour.ch\/wp-content\/uploads\/2025\/12\/Buenos_Aires-047-1536x1152.jpg 1536w, https:\/\/www.askja-on-tour.ch\/wp-content\/uploads\/2025\/12\/Buenos_Aires-047.jpg 2048w\" sizes=\"auto, (max-width: 1024px) 100vw, 1024px\" \/> <img loading=\"lazy\" decoding=\"async\" class=\"alignnone size-medium wp-image-30008\" src=\"https:\/\/www.askja-on-tour.ch\/wp-content\/uploads\/2025\/12\/Buenos_Aires-048-768x1024.jpg\" alt=\"\" width=\"768\" height=\"1024\" srcset=\"https:\/\/www.askja-on-tour.ch\/wp-content\/uploads\/2025\/12\/Buenos_Aires-048-768x1024.jpg 768w, https:\/\/www.askja-on-tour.ch\/wp-content\/uploads\/2025\/12\/Buenos_Aires-048-1200x1600.jpg 1200w, https:\/\/www.askja-on-tour.ch\/wp-content\/uploads\/2025\/12\/Buenos_Aires-048-1152x1536.jpg 1152w, https:\/\/www.askja-on-tour.ch\/wp-content\/uploads\/2025\/12\/Buenos_Aires-048.jpg 1536w\" sizes=\"auto, (max-width: 768px) 100vw, 768px\" \/> <img loading=\"lazy\" decoding=\"async\" class=\"alignnone size-medium wp-image-30009\" src=\"https:\/\/www.askja-on-tour.ch\/wp-content\/uploads\/2025\/12\/Buenos_Aires-049-768x1024.jpg\" alt=\"\" width=\"768\" height=\"1024\" srcset=\"https:\/\/www.askja-on-tour.ch\/wp-content\/uploads\/2025\/12\/Buenos_Aires-049-768x1024.jpg 768w, https:\/\/www.askja-on-tour.ch\/wp-content\/uploads\/2025\/12\/Buenos_Aires-049-1200x1600.jpg 1200w, https:\/\/www.askja-on-tour.ch\/wp-content\/uploads\/2025\/12\/Buenos_Aires-049-1152x1536.jpg 1152w, https:\/\/www.askja-on-tour.ch\/wp-content\/uploads\/2025\/12\/Buenos_Aires-049.jpg 1536w\" sizes=\"auto, (max-width: 768px) 100vw, 768px\" \/><\/p>\n<figure id=\"attachment_30010\" aria-describedby=\"caption-attachment-30010\" style=\"width: 1024px\" class=\"wp-caption alignnone\"><img loading=\"lazy\" decoding=\"async\" class=\"size-medium wp-image-30010\" src=\"https:\/\/www.askja-on-tour.ch\/wp-content\/uploads\/2025\/12\/Buenos_Aires-050-1024x768.jpg\" alt=\"\" width=\"1024\" height=\"768\" srcset=\"https:\/\/www.askja-on-tour.ch\/wp-content\/uploads\/2025\/12\/Buenos_Aires-050-1024x768.jpg 1024w, https:\/\/www.askja-on-tour.ch\/wp-content\/uploads\/2025\/12\/Buenos_Aires-050-1600x1200.jpg 1600w, https:\/\/www.askja-on-tour.ch\/wp-content\/uploads\/2025\/12\/Buenos_Aires-050-768x576.jpg 768w, https:\/\/www.askja-on-tour.ch\/wp-content\/uploads\/2025\/12\/Buenos_Aires-050-1536x1152.jpg 1536w, https:\/\/www.askja-on-tour.ch\/wp-content\/uploads\/2025\/12\/Buenos_Aires-050.jpg 2048w\" sizes=\"auto, (max-width: 1024px) 100vw, 1024px\" \/><figcaption id=\"caption-attachment-30010\" class=\"wp-caption-text\">Tangot\u00e4nzer am Sonntag in San Telmo<\/figcaption><\/figure>\n<p><img loading=\"lazy\" decoding=\"async\" class=\"alignnone size-medium wp-image-30011\" src=\"https:\/\/www.askja-on-tour.ch\/wp-content\/uploads\/2025\/12\/Buenos_Aires-051-1024x768.jpg\" alt=\"\" width=\"1024\" height=\"768\" srcset=\"https:\/\/www.askja-on-tour.ch\/wp-content\/uploads\/2025\/12\/Buenos_Aires-051-1024x768.jpg 1024w, https:\/\/www.askja-on-tour.ch\/wp-content\/uploads\/2025\/12\/Buenos_Aires-051-1600x1200.jpg 1600w, https:\/\/www.askja-on-tour.ch\/wp-content\/uploads\/2025\/12\/Buenos_Aires-051-768x576.jpg 768w, https:\/\/www.askja-on-tour.ch\/wp-content\/uploads\/2025\/12\/Buenos_Aires-051-1536x1152.jpg 1536w, https:\/\/www.askja-on-tour.ch\/wp-content\/uploads\/2025\/12\/Buenos_Aires-051.jpg 2048w\" sizes=\"auto, (max-width: 1024px) 100vw, 1024px\" \/> <img loading=\"lazy\" decoding=\"async\" class=\"alignnone size-medium wp-image-30012\" src=\"https:\/\/www.askja-on-tour.ch\/wp-content\/uploads\/2025\/12\/Buenos_Aires-052-1024x768.jpg\" alt=\"\" width=\"1024\" height=\"768\" srcset=\"https:\/\/www.askja-on-tour.ch\/wp-content\/uploads\/2025\/12\/Buenos_Aires-052-1024x768.jpg 1024w, https:\/\/www.askja-on-tour.ch\/wp-content\/uploads\/2025\/12\/Buenos_Aires-052-1600x1200.jpg 1600w, https:\/\/www.askja-on-tour.ch\/wp-content\/uploads\/2025\/12\/Buenos_Aires-052-768x576.jpg 768w, https:\/\/www.askja-on-tour.ch\/wp-content\/uploads\/2025\/12\/Buenos_Aires-052-1536x1152.jpg 1536w, https:\/\/www.askja-on-tour.ch\/wp-content\/uploads\/2025\/12\/Buenos_Aires-052.jpg 2048w\" sizes=\"auto, (max-width: 1024px) 100vw, 1024px\" \/> <img loading=\"lazy\" decoding=\"async\" class=\"alignnone size-medium wp-image-30013\" src=\"https:\/\/www.askja-on-tour.ch\/wp-content\/uploads\/2025\/12\/Buenos_Aires-053-768x1024.jpg\" alt=\"\" width=\"768\" height=\"1024\" srcset=\"https:\/\/www.askja-on-tour.ch\/wp-content\/uploads\/2025\/12\/Buenos_Aires-053-768x1024.jpg 768w, https:\/\/www.askja-on-tour.ch\/wp-content\/uploads\/2025\/12\/Buenos_Aires-053-1200x1600.jpg 1200w, https:\/\/www.askja-on-tour.ch\/wp-content\/uploads\/2025\/12\/Buenos_Aires-053-1152x1536.jpg 1152w, https:\/\/www.askja-on-tour.ch\/wp-content\/uploads\/2025\/12\/Buenos_Aires-053.jpg 1536w\" sizes=\"auto, (max-width: 768px) 100vw, 768px\" \/><\/p>\n<p>Anschliessend fuhren wir nach La Boca, der Inbegriff f\u00fcr Fussball, Tango und bunte Wellblechh\u00e4user. Das Barrio La Boca wurde gegen Ende des 19. Jahrhunderts durch die vielen europ\u00e4ischen und besonders italienischen Immigranten gegr\u00fcndet, die sich auf dem s\u00fcdamerikanischen Kontinent ein besseres Leben erhofften. Aufgrund der starken Armut lebten die Einwanderer in sogenannten \u201eConventillos\u201c, einfache Wellblechh\u00e4user, die mit Schiffslack farbenfroh bemalt wurden und bis heute das Stadtbild pr\u00e4gen. Eine Farbenpracht, die auch das Stadion eines der beliebtesten Fussballvereine in Argentinien nicht verschont hat. Das Estadio Alberto J. Amando, das durch seine pralinenschachtelartige Form auch unter dem Namen \u201eLa Bombonera\u201c bekannt, ist die Heimspielst\u00e4tte von Boca Juniors. Weltspieler wie Diego Maradona liefen in diesem Stadion mit den blaugelben Klubfarben auf und sind heute \u00fcberall, nebst Lionel Messi, an den W\u00e4nden der vielen H\u00e4user aufgemalt. Der Legende nach verdankt Boca Juniors sein Blau und Gelb einem schwedischen Frachtschiff, das im Moment der Farbauswahl den Hafen von La Boca erreichte. Am Sonntag fand ein Fussballspiel Boca Juniors gegen Talleres (C\u00f3rdoba), welches Boca Juniors 2:0 f\u00fcr sich entschied.<\/p>\n<figure id=\"attachment_30014\" aria-describedby=\"caption-attachment-30014\" style=\"width: 1024px\" class=\"wp-caption alignnone\"><img loading=\"lazy\" decoding=\"async\" class=\"size-medium wp-image-30014\" src=\"https:\/\/www.askja-on-tour.ch\/wp-content\/uploads\/2025\/12\/Buenos_Aires-054-1024x768.jpg\" alt=\"\" width=\"1024\" height=\"768\" srcset=\"https:\/\/www.askja-on-tour.ch\/wp-content\/uploads\/2025\/12\/Buenos_Aires-054-1024x768.jpg 1024w, https:\/\/www.askja-on-tour.ch\/wp-content\/uploads\/2025\/12\/Buenos_Aires-054-1600x1200.jpg 1600w, https:\/\/www.askja-on-tour.ch\/wp-content\/uploads\/2025\/12\/Buenos_Aires-054-768x576.jpg 768w, https:\/\/www.askja-on-tour.ch\/wp-content\/uploads\/2025\/12\/Buenos_Aires-054-1536x1152.jpg 1536w, https:\/\/www.askja-on-tour.ch\/wp-content\/uploads\/2025\/12\/Buenos_Aires-054.jpg 2048w\" sizes=\"auto, (max-width: 1024px) 100vw, 1024px\" \/><figcaption id=\"caption-attachment-30014\" class=\"wp-caption-text\">auf nach la Boca<\/figcaption><\/figure>\n<p><img loading=\"lazy\" decoding=\"async\" class=\"alignnone size-medium wp-image-30015\" src=\"https:\/\/www.askja-on-tour.ch\/wp-content\/uploads\/2025\/12\/Buenos_Aires-055-768x1024.jpg\" alt=\"\" width=\"768\" height=\"1024\" srcset=\"https:\/\/www.askja-on-tour.ch\/wp-content\/uploads\/2025\/12\/Buenos_Aires-055-768x1024.jpg 768w, https:\/\/www.askja-on-tour.ch\/wp-content\/uploads\/2025\/12\/Buenos_Aires-055-1200x1600.jpg 1200w, https:\/\/www.askja-on-tour.ch\/wp-content\/uploads\/2025\/12\/Buenos_Aires-055-1152x1536.jpg 1152w, https:\/\/www.askja-on-tour.ch\/wp-content\/uploads\/2025\/12\/Buenos_Aires-055.jpg 1536w\" sizes=\"auto, (max-width: 768px) 100vw, 768px\" \/> <img loading=\"lazy\" decoding=\"async\" class=\"alignnone size-medium wp-image-30016\" src=\"https:\/\/www.askja-on-tour.ch\/wp-content\/uploads\/2025\/12\/Buenos_Aires-056-768x1024.jpg\" alt=\"\" width=\"768\" height=\"1024\" srcset=\"https:\/\/www.askja-on-tour.ch\/wp-content\/uploads\/2025\/12\/Buenos_Aires-056-768x1024.jpg 768w, https:\/\/www.askja-on-tour.ch\/wp-content\/uploads\/2025\/12\/Buenos_Aires-056-1200x1600.jpg 1200w, https:\/\/www.askja-on-tour.ch\/wp-content\/uploads\/2025\/12\/Buenos_Aires-056-1152x1536.jpg 1152w, https:\/\/www.askja-on-tour.ch\/wp-content\/uploads\/2025\/12\/Buenos_Aires-056.jpg 1536w\" sizes=\"auto, (max-width: 768px) 100vw, 768px\" \/> <img loading=\"lazy\" decoding=\"async\" class=\"alignnone size-medium wp-image-30017\" src=\"https:\/\/www.askja-on-tour.ch\/wp-content\/uploads\/2025\/12\/Buenos_Aires-057-768x1024.jpg\" alt=\"\" width=\"768\" height=\"1024\" srcset=\"https:\/\/www.askja-on-tour.ch\/wp-content\/uploads\/2025\/12\/Buenos_Aires-057-768x1024.jpg 768w, https:\/\/www.askja-on-tour.ch\/wp-content\/uploads\/2025\/12\/Buenos_Aires-057-1200x1600.jpg 1200w, https:\/\/www.askja-on-tour.ch\/wp-content\/uploads\/2025\/12\/Buenos_Aires-057-1152x1536.jpg 1152w, https:\/\/www.askja-on-tour.ch\/wp-content\/uploads\/2025\/12\/Buenos_Aires-057.jpg 1536w\" sizes=\"auto, (max-width: 768px) 100vw, 768px\" \/> <img loading=\"lazy\" decoding=\"async\" class=\"alignnone size-medium wp-image-30018\" src=\"https:\/\/www.askja-on-tour.ch\/wp-content\/uploads\/2025\/12\/Buenos_Aires-058-768x1024.jpg\" alt=\"\" width=\"768\" height=\"1024\" srcset=\"https:\/\/www.askja-on-tour.ch\/wp-content\/uploads\/2025\/12\/Buenos_Aires-058-768x1024.jpg 768w, https:\/\/www.askja-on-tour.ch\/wp-content\/uploads\/2025\/12\/Buenos_Aires-058-1200x1600.jpg 1200w, https:\/\/www.askja-on-tour.ch\/wp-content\/uploads\/2025\/12\/Buenos_Aires-058-1152x1536.jpg 1152w, https:\/\/www.askja-on-tour.ch\/wp-content\/uploads\/2025\/12\/Buenos_Aires-058.jpg 1536w\" sizes=\"auto, (max-width: 768px) 100vw, 768px\" \/> <img loading=\"lazy\" decoding=\"async\" class=\"alignnone size-medium wp-image-30019\" src=\"https:\/\/www.askja-on-tour.ch\/wp-content\/uploads\/2025\/12\/Buenos_Aires-059-768x1024.jpg\" alt=\"\" width=\"768\" height=\"1024\" srcset=\"https:\/\/www.askja-on-tour.ch\/wp-content\/uploads\/2025\/12\/Buenos_Aires-059-768x1024.jpg 768w, https:\/\/www.askja-on-tour.ch\/wp-content\/uploads\/2025\/12\/Buenos_Aires-059-1200x1600.jpg 1200w, https:\/\/www.askja-on-tour.ch\/wp-content\/uploads\/2025\/12\/Buenos_Aires-059-1152x1536.jpg 1152w, https:\/\/www.askja-on-tour.ch\/wp-content\/uploads\/2025\/12\/Buenos_Aires-059.jpg 1536w\" sizes=\"auto, (max-width: 768px) 100vw, 768px\" \/><\/p>\n<figure id=\"attachment_30020\" aria-describedby=\"caption-attachment-30020\" style=\"width: 1024px\" class=\"wp-caption alignnone\"><img loading=\"lazy\" decoding=\"async\" class=\"size-medium wp-image-30020\" src=\"https:\/\/www.askja-on-tour.ch\/wp-content\/uploads\/2025\/12\/Buenos_Aires-060-1024x768.jpg\" alt=\"\" width=\"1024\" height=\"768\" srcset=\"https:\/\/www.askja-on-tour.ch\/wp-content\/uploads\/2025\/12\/Buenos_Aires-060-1024x768.jpg 1024w, https:\/\/www.askja-on-tour.ch\/wp-content\/uploads\/2025\/12\/Buenos_Aires-060-1600x1200.jpg 1600w, https:\/\/www.askja-on-tour.ch\/wp-content\/uploads\/2025\/12\/Buenos_Aires-060-768x576.jpg 768w, https:\/\/www.askja-on-tour.ch\/wp-content\/uploads\/2025\/12\/Buenos_Aires-060-1536x1152.jpg 1536w, https:\/\/www.askja-on-tour.ch\/wp-content\/uploads\/2025\/12\/Buenos_Aires-060.jpg 2048w\" sizes=\"auto, (max-width: 1024px) 100vw, 1024px\" \/><figcaption id=\"caption-attachment-30020\" class=\"wp-caption-text\">Die Fussballfans f\u00fcr das Spiel am Abend<\/figcaption><\/figure>\n<p><img loading=\"lazy\" decoding=\"async\" class=\"alignnone size-medium wp-image-30021\" src=\"https:\/\/www.askja-on-tour.ch\/wp-content\/uploads\/2025\/12\/Buenos_Aires-061-1024x768.jpg\" alt=\"\" width=\"1024\" height=\"768\" srcset=\"https:\/\/www.askja-on-tour.ch\/wp-content\/uploads\/2025\/12\/Buenos_Aires-061-1024x768.jpg 1024w, https:\/\/www.askja-on-tour.ch\/wp-content\/uploads\/2025\/12\/Buenos_Aires-061-1600x1200.jpg 1600w, https:\/\/www.askja-on-tour.ch\/wp-content\/uploads\/2025\/12\/Buenos_Aires-061-768x576.jpg 768w, https:\/\/www.askja-on-tour.ch\/wp-content\/uploads\/2025\/12\/Buenos_Aires-061-1536x1152.jpg 1536w, https:\/\/www.askja-on-tour.ch\/wp-content\/uploads\/2025\/12\/Buenos_Aires-061.jpg 2048w\" sizes=\"auto, (max-width: 1024px) 100vw, 1024px\" \/> <img loading=\"lazy\" decoding=\"async\" class=\"alignnone size-medium wp-image-30022\" src=\"https:\/\/www.askja-on-tour.ch\/wp-content\/uploads\/2025\/12\/Buenos_Aires-062-1024x768.jpg\" alt=\"\" width=\"1024\" height=\"768\" srcset=\"https:\/\/www.askja-on-tour.ch\/wp-content\/uploads\/2025\/12\/Buenos_Aires-062-1024x768.jpg 1024w, https:\/\/www.askja-on-tour.ch\/wp-content\/uploads\/2025\/12\/Buenos_Aires-062-1600x1200.jpg 1600w, https:\/\/www.askja-on-tour.ch\/wp-content\/uploads\/2025\/12\/Buenos_Aires-062-768x576.jpg 768w, https:\/\/www.askja-on-tour.ch\/wp-content\/uploads\/2025\/12\/Buenos_Aires-062-1536x1152.jpg 1536w, https:\/\/www.askja-on-tour.ch\/wp-content\/uploads\/2025\/12\/Buenos_Aires-062.jpg 2048w\" sizes=\"auto, (max-width: 1024px) 100vw, 1024px\" \/> <img loading=\"lazy\" decoding=\"async\" class=\"alignnone size-medium wp-image-30023\" src=\"https:\/\/www.askja-on-tour.ch\/wp-content\/uploads\/2025\/12\/Buenos_Aires-063-768x1024.jpg\" alt=\"\" width=\"768\" height=\"1024\" srcset=\"https:\/\/www.askja-on-tour.ch\/wp-content\/uploads\/2025\/12\/Buenos_Aires-063-768x1024.jpg 768w, https:\/\/www.askja-on-tour.ch\/wp-content\/uploads\/2025\/12\/Buenos_Aires-063-1200x1600.jpg 1200w, https:\/\/www.askja-on-tour.ch\/wp-content\/uploads\/2025\/12\/Buenos_Aires-063-1152x1536.jpg 1152w, https:\/\/www.askja-on-tour.ch\/wp-content\/uploads\/2025\/12\/Buenos_Aires-063.jpg 1536w\" sizes=\"auto, (max-width: 768px) 100vw, 768px\" \/><\/p>\n<figure id=\"attachment_30024\" aria-describedby=\"caption-attachment-30024\" style=\"width: 1024px\" class=\"wp-caption alignnone\"><img loading=\"lazy\" decoding=\"async\" class=\"size-medium wp-image-30024\" src=\"https:\/\/www.askja-on-tour.ch\/wp-content\/uploads\/2025\/12\/Buenos_Aires-064-1024x768.jpg\" alt=\"\" width=\"1024\" height=\"768\" srcset=\"https:\/\/www.askja-on-tour.ch\/wp-content\/uploads\/2025\/12\/Buenos_Aires-064-1024x768.jpg 1024w, https:\/\/www.askja-on-tour.ch\/wp-content\/uploads\/2025\/12\/Buenos_Aires-064-1600x1200.jpg 1600w, https:\/\/www.askja-on-tour.ch\/wp-content\/uploads\/2025\/12\/Buenos_Aires-064-768x576.jpg 768w, https:\/\/www.askja-on-tour.ch\/wp-content\/uploads\/2025\/12\/Buenos_Aires-064-1536x1152.jpg 1536w, https:\/\/www.askja-on-tour.ch\/wp-content\/uploads\/2025\/12\/Buenos_Aires-064.jpg 2048w\" sizes=\"auto, (max-width: 1024px) 100vw, 1024px\" \/><figcaption id=\"caption-attachment-30024\" class=\"wp-caption-text\">\u00dcberall riecht es nach k\u00f6stlichem Fleisch<\/figcaption><\/figure>\n<p><img loading=\"lazy\" decoding=\"async\" class=\"alignnone size-medium wp-image-30025\" src=\"https:\/\/www.askja-on-tour.ch\/wp-content\/uploads\/2025\/12\/Buenos_Aires-065-1024x768.jpg\" alt=\"\" width=\"1024\" height=\"768\" srcset=\"https:\/\/www.askja-on-tour.ch\/wp-content\/uploads\/2025\/12\/Buenos_Aires-065-1024x768.jpg 1024w, https:\/\/www.askja-on-tour.ch\/wp-content\/uploads\/2025\/12\/Buenos_Aires-065-1600x1200.jpg 1600w, https:\/\/www.askja-on-tour.ch\/wp-content\/uploads\/2025\/12\/Buenos_Aires-065-768x576.jpg 768w, https:\/\/www.askja-on-tour.ch\/wp-content\/uploads\/2025\/12\/Buenos_Aires-065-1536x1152.jpg 1536w, https:\/\/www.askja-on-tour.ch\/wp-content\/uploads\/2025\/12\/Buenos_Aires-065.jpg 2048w\" sizes=\"auto, (max-width: 1024px) 100vw, 1024px\" \/> <img loading=\"lazy\" decoding=\"async\" class=\"alignnone size-medium wp-image-30026\" src=\"https:\/\/www.askja-on-tour.ch\/wp-content\/uploads\/2025\/12\/Buenos_Aires-066-1024x768.jpg\" alt=\"\" width=\"1024\" height=\"768\" srcset=\"https:\/\/www.askja-on-tour.ch\/wp-content\/uploads\/2025\/12\/Buenos_Aires-066-1024x768.jpg 1024w, https:\/\/www.askja-on-tour.ch\/wp-content\/uploads\/2025\/12\/Buenos_Aires-066-1600x1200.jpg 1600w, https:\/\/www.askja-on-tour.ch\/wp-content\/uploads\/2025\/12\/Buenos_Aires-066-768x576.jpg 768w, https:\/\/www.askja-on-tour.ch\/wp-content\/uploads\/2025\/12\/Buenos_Aires-066-1536x1152.jpg 1536w, https:\/\/www.askja-on-tour.ch\/wp-content\/uploads\/2025\/12\/Buenos_Aires-066.jpg 2048w\" sizes=\"auto, (max-width: 1024px) 100vw, 1024px\" \/><\/p>\n<figure id=\"attachment_30027\" aria-describedby=\"caption-attachment-30027\" style=\"width: 768px\" class=\"wp-caption alignnone\"><img loading=\"lazy\" decoding=\"async\" class=\"size-medium wp-image-30027\" src=\"https:\/\/www.askja-on-tour.ch\/wp-content\/uploads\/2025\/12\/Buenos_Aires-067-768x1024.jpg\" alt=\"\" width=\"768\" height=\"1024\" srcset=\"https:\/\/www.askja-on-tour.ch\/wp-content\/uploads\/2025\/12\/Buenos_Aires-067-768x1024.jpg 768w, https:\/\/www.askja-on-tour.ch\/wp-content\/uploads\/2025\/12\/Buenos_Aires-067-1200x1600.jpg 1200w, https:\/\/www.askja-on-tour.ch\/wp-content\/uploads\/2025\/12\/Buenos_Aires-067-1152x1536.jpg 1152w, https:\/\/www.askja-on-tour.ch\/wp-content\/uploads\/2025\/12\/Buenos_Aires-067.jpg 1536w\" sizes=\"auto, (max-width: 768px) 100vw, 768px\" \/><figcaption id=\"caption-attachment-30027\" class=\"wp-caption-text\">Eine Combo Messi &#8211; danach hat man sicher keinen Hunger mehr<\/figcaption><\/figure>\n<p><img loading=\"lazy\" decoding=\"async\" class=\"alignnone size-medium wp-image-30028\" src=\"https:\/\/www.askja-on-tour.ch\/wp-content\/uploads\/2025\/12\/Buenos_Aires-068-768x1024.jpg\" alt=\"\" width=\"768\" height=\"1024\" srcset=\"https:\/\/www.askja-on-tour.ch\/wp-content\/uploads\/2025\/12\/Buenos_Aires-068-768x1024.jpg 768w, https:\/\/www.askja-on-tour.ch\/wp-content\/uploads\/2025\/12\/Buenos_Aires-068-1200x1600.jpg 1200w, https:\/\/www.askja-on-tour.ch\/wp-content\/uploads\/2025\/12\/Buenos_Aires-068-1152x1536.jpg 1152w, https:\/\/www.askja-on-tour.ch\/wp-content\/uploads\/2025\/12\/Buenos_Aires-068.jpg 1536w\" sizes=\"auto, (max-width: 768px) 100vw, 768px\" \/> <img loading=\"lazy\" decoding=\"async\" class=\"alignnone size-medium wp-image-30029\" src=\"https:\/\/www.askja-on-tour.ch\/wp-content\/uploads\/2025\/12\/Buenos_Aires-069-1024x768.jpg\" alt=\"\" width=\"1024\" height=\"768\" srcset=\"https:\/\/www.askja-on-tour.ch\/wp-content\/uploads\/2025\/12\/Buenos_Aires-069-1024x768.jpg 1024w, https:\/\/www.askja-on-tour.ch\/wp-content\/uploads\/2025\/12\/Buenos_Aires-069-1600x1200.jpg 1600w, https:\/\/www.askja-on-tour.ch\/wp-content\/uploads\/2025\/12\/Buenos_Aires-069-768x576.jpg 768w, https:\/\/www.askja-on-tour.ch\/wp-content\/uploads\/2025\/12\/Buenos_Aires-069-1536x1152.jpg 1536w, https:\/\/www.askja-on-tour.ch\/wp-content\/uploads\/2025\/12\/Buenos_Aires-069.jpg 2048w\" sizes=\"auto, (max-width: 1024px) 100vw, 1024px\" \/> <img loading=\"lazy\" decoding=\"async\" class=\"alignnone size-medium wp-image-30030\" src=\"https:\/\/www.askja-on-tour.ch\/wp-content\/uploads\/2025\/12\/Buenos_Aires-070-1024x768.jpg\" alt=\"\" width=\"1024\" height=\"768\" srcset=\"https:\/\/www.askja-on-tour.ch\/wp-content\/uploads\/2025\/12\/Buenos_Aires-070-1024x768.jpg 1024w, https:\/\/www.askja-on-tour.ch\/wp-content\/uploads\/2025\/12\/Buenos_Aires-070-1600x1200.jpg 1600w, https:\/\/www.askja-on-tour.ch\/wp-content\/uploads\/2025\/12\/Buenos_Aires-070-768x576.jpg 768w, https:\/\/www.askja-on-tour.ch\/wp-content\/uploads\/2025\/12\/Buenos_Aires-070-1536x1152.jpg 1536w, https:\/\/www.askja-on-tour.ch\/wp-content\/uploads\/2025\/12\/Buenos_Aires-070.jpg 2048w\" sizes=\"auto, (max-width: 1024px) 100vw, 1024px\" \/><\/p>\n<figure id=\"attachment_30031\" aria-describedby=\"caption-attachment-30031\" style=\"width: 1024px\" class=\"wp-caption alignnone\"><img loading=\"lazy\" decoding=\"async\" class=\"size-medium wp-image-30031\" src=\"https:\/\/www.askja-on-tour.ch\/wp-content\/uploads\/2025\/12\/Buenos_Aires-071-1024x768.jpg\" alt=\"\" width=\"1024\" height=\"768\" srcset=\"https:\/\/www.askja-on-tour.ch\/wp-content\/uploads\/2025\/12\/Buenos_Aires-071-1024x768.jpg 1024w, https:\/\/www.askja-on-tour.ch\/wp-content\/uploads\/2025\/12\/Buenos_Aires-071-1600x1200.jpg 1600w, https:\/\/www.askja-on-tour.ch\/wp-content\/uploads\/2025\/12\/Buenos_Aires-071-768x576.jpg 768w, https:\/\/www.askja-on-tour.ch\/wp-content\/uploads\/2025\/12\/Buenos_Aires-071-1536x1152.jpg 1536w, https:\/\/www.askja-on-tour.ch\/wp-content\/uploads\/2025\/12\/Buenos_Aires-071.jpg 2048w\" sizes=\"auto, (max-width: 1024px) 100vw, 1024px\" \/><figcaption id=\"caption-attachment-30031\" class=\"wp-caption-text\">Diego Maradona in seinen Lebensphasen<\/figcaption><\/figure>\n<figure id=\"attachment_30032\" aria-describedby=\"caption-attachment-30032\" style=\"width: 1024px\" class=\"wp-caption alignnone\"><img loading=\"lazy\" decoding=\"async\" class=\"size-medium wp-image-30032\" src=\"https:\/\/www.askja-on-tour.ch\/wp-content\/uploads\/2025\/12\/Buenos_Aires-072-1024x768.jpg\" alt=\"\" width=\"1024\" height=\"768\" srcset=\"https:\/\/www.askja-on-tour.ch\/wp-content\/uploads\/2025\/12\/Buenos_Aires-072-1024x768.jpg 1024w, https:\/\/www.askja-on-tour.ch\/wp-content\/uploads\/2025\/12\/Buenos_Aires-072-1600x1200.jpg 1600w, https:\/\/www.askja-on-tour.ch\/wp-content\/uploads\/2025\/12\/Buenos_Aires-072-768x576.jpg 768w, https:\/\/www.askja-on-tour.ch\/wp-content\/uploads\/2025\/12\/Buenos_Aires-072-1536x1152.jpg 1536w, https:\/\/www.askja-on-tour.ch\/wp-content\/uploads\/2025\/12\/Buenos_Aires-072.jpg 2048w\" sizes=\"auto, (max-width: 1024px) 100vw, 1024px\" \/><figcaption id=\"caption-attachment-30032\" class=\"wp-caption-text\">La Boca Juniors &#8211; der beliebte Fussballclub<\/figcaption><\/figure>\n<figure id=\"attachment_30033\" aria-describedby=\"caption-attachment-30033\" style=\"width: 768px\" class=\"wp-caption alignnone\"><img loading=\"lazy\" decoding=\"async\" class=\"size-medium wp-image-30033\" src=\"https:\/\/www.askja-on-tour.ch\/wp-content\/uploads\/2025\/12\/Buenos_Aires-073-768x1024.jpg\" alt=\"\" width=\"768\" height=\"1024\" srcset=\"https:\/\/www.askja-on-tour.ch\/wp-content\/uploads\/2025\/12\/Buenos_Aires-073-768x1024.jpg 768w, https:\/\/www.askja-on-tour.ch\/wp-content\/uploads\/2025\/12\/Buenos_Aires-073-1200x1600.jpg 1200w, https:\/\/www.askja-on-tour.ch\/wp-content\/uploads\/2025\/12\/Buenos_Aires-073-1152x1536.jpg 1152w, https:\/\/www.askja-on-tour.ch\/wp-content\/uploads\/2025\/12\/Buenos_Aires-073.jpg 1536w\" sizes=\"auto, (max-width: 768px) 100vw, 768px\" \/><figcaption id=\"caption-attachment-30033\" class=\"wp-caption-text\">Egal wo man hinschaut, die Fussballfans waren alle super aufgestellt und wollten von Norbert immer fotografiert werden.<\/figcaption><\/figure>\n<p>Die zwei bis drei kleinen touristischen Stra\u00dfen werden Caminito genannt und begeistern als eine Art Freiluftmuseum, in dem Einheimische ihre Kunstwerke pr\u00e4sentieren und teilweise Tango auf den Strassen tanzen oder mind. mit Touristen entsprechende Fotos schiessen.<\/p>\n<p><img loading=\"lazy\" decoding=\"async\" class=\"alignnone size-medium wp-image-30034\" src=\"https:\/\/www.askja-on-tour.ch\/wp-content\/uploads\/2025\/12\/Buenos_Aires-074-1024x768.jpg\" alt=\"\" width=\"1024\" height=\"768\" srcset=\"https:\/\/www.askja-on-tour.ch\/wp-content\/uploads\/2025\/12\/Buenos_Aires-074-1024x768.jpg 1024w, https:\/\/www.askja-on-tour.ch\/wp-content\/uploads\/2025\/12\/Buenos_Aires-074-1600x1200.jpg 1600w, https:\/\/www.askja-on-tour.ch\/wp-content\/uploads\/2025\/12\/Buenos_Aires-074-768x576.jpg 768w, https:\/\/www.askja-on-tour.ch\/wp-content\/uploads\/2025\/12\/Buenos_Aires-074-1536x1152.jpg 1536w, https:\/\/www.askja-on-tour.ch\/wp-content\/uploads\/2025\/12\/Buenos_Aires-074.jpg 2048w\" sizes=\"auto, (max-width: 1024px) 100vw, 1024px\" \/> <img loading=\"lazy\" decoding=\"async\" class=\"alignnone size-medium wp-image-30035\" src=\"https:\/\/www.askja-on-tour.ch\/wp-content\/uploads\/2025\/12\/Buenos_Aires-075-768x1024.jpg\" alt=\"\" width=\"768\" height=\"1024\" srcset=\"https:\/\/www.askja-on-tour.ch\/wp-content\/uploads\/2025\/12\/Buenos_Aires-075-768x1024.jpg 768w, https:\/\/www.askja-on-tour.ch\/wp-content\/uploads\/2025\/12\/Buenos_Aires-075-1200x1600.jpg 1200w, https:\/\/www.askja-on-tour.ch\/wp-content\/uploads\/2025\/12\/Buenos_Aires-075-1152x1536.jpg 1152w, https:\/\/www.askja-on-tour.ch\/wp-content\/uploads\/2025\/12\/Buenos_Aires-075.jpg 1536w\" sizes=\"auto, (max-width: 768px) 100vw, 768px\" \/><\/p>\n<figure id=\"attachment_30036\" aria-describedby=\"caption-attachment-30036\" style=\"width: 768px\" class=\"wp-caption alignnone\"><img loading=\"lazy\" decoding=\"async\" class=\"size-medium wp-image-30036\" src=\"https:\/\/www.askja-on-tour.ch\/wp-content\/uploads\/2025\/12\/Buenos_Aires-076-768x1024.jpg\" alt=\"\" width=\"768\" height=\"1024\" srcset=\"https:\/\/www.askja-on-tour.ch\/wp-content\/uploads\/2025\/12\/Buenos_Aires-076-768x1024.jpg 768w, https:\/\/www.askja-on-tour.ch\/wp-content\/uploads\/2025\/12\/Buenos_Aires-076-1200x1600.jpg 1200w, https:\/\/www.askja-on-tour.ch\/wp-content\/uploads\/2025\/12\/Buenos_Aires-076-1152x1536.jpg 1152w, https:\/\/www.askja-on-tour.ch\/wp-content\/uploads\/2025\/12\/Buenos_Aires-076.jpg 1536w\" sizes=\"auto, (max-width: 768px) 100vw, 768px\" \/><figcaption id=\"caption-attachment-30036\" class=\"wp-caption-text\">Und wer will (und viel Geduld zum Anstehen hat), kann sich mit Messi und dem Siegerpokal ablichten lassen<\/figcaption><\/figure>\n<figure id=\"attachment_30037\" aria-describedby=\"caption-attachment-30037\" style=\"width: 768px\" class=\"wp-caption alignnone\"><img loading=\"lazy\" decoding=\"async\" class=\"size-medium wp-image-30037\" src=\"https:\/\/www.askja-on-tour.ch\/wp-content\/uploads\/2025\/12\/Buenos_Aires-077-768x1024.jpg\" alt=\"\" width=\"768\" height=\"1024\" srcset=\"https:\/\/www.askja-on-tour.ch\/wp-content\/uploads\/2025\/12\/Buenos_Aires-077-768x1024.jpg 768w, https:\/\/www.askja-on-tour.ch\/wp-content\/uploads\/2025\/12\/Buenos_Aires-077-1200x1600.jpg 1200w, https:\/\/www.askja-on-tour.ch\/wp-content\/uploads\/2025\/12\/Buenos_Aires-077-1152x1536.jpg 1152w, https:\/\/www.askja-on-tour.ch\/wp-content\/uploads\/2025\/12\/Buenos_Aires-077.jpg 1536w\" sizes=\"auto, (max-width: 768px) 100vw, 768px\" \/><figcaption id=\"caption-attachment-30037\" class=\"wp-caption-text\">Elegante Tangot\u00e4nzerin verdient etwas Geld mit Touristen in Tango-Pose<\/figcaption><\/figure>\n<p><img loading=\"lazy\" decoding=\"async\" class=\"alignnone size-medium wp-image-30038\" src=\"https:\/\/www.askja-on-tour.ch\/wp-content\/uploads\/2025\/12\/Buenos_Aires-078-768x1024.jpg\" alt=\"\" width=\"768\" height=\"1024\" srcset=\"https:\/\/www.askja-on-tour.ch\/wp-content\/uploads\/2025\/12\/Buenos_Aires-078-768x1024.jpg 768w, https:\/\/www.askja-on-tour.ch\/wp-content\/uploads\/2025\/12\/Buenos_Aires-078-1200x1600.jpg 1200w, https:\/\/www.askja-on-tour.ch\/wp-content\/uploads\/2025\/12\/Buenos_Aires-078-1152x1536.jpg 1152w, https:\/\/www.askja-on-tour.ch\/wp-content\/uploads\/2025\/12\/Buenos_Aires-078.jpg 1536w\" sizes=\"auto, (max-width: 768px) 100vw, 768px\" \/> <img loading=\"lazy\" decoding=\"async\" class=\"alignnone size-medium wp-image-30039\" src=\"https:\/\/www.askja-on-tour.ch\/wp-content\/uploads\/2025\/12\/Buenos_Aires-079-768x1024.jpg\" alt=\"\" width=\"768\" height=\"1024\" srcset=\"https:\/\/www.askja-on-tour.ch\/wp-content\/uploads\/2025\/12\/Buenos_Aires-079-768x1024.jpg 768w, https:\/\/www.askja-on-tour.ch\/wp-content\/uploads\/2025\/12\/Buenos_Aires-079-1200x1600.jpg 1200w, https:\/\/www.askja-on-tour.ch\/wp-content\/uploads\/2025\/12\/Buenos_Aires-079-1152x1536.jpg 1152w, https:\/\/www.askja-on-tour.ch\/wp-content\/uploads\/2025\/12\/Buenos_Aires-079.jpg 1536w\" sizes=\"auto, (max-width: 768px) 100vw, 768px\" \/><\/p>\n<figure id=\"attachment_30040\" aria-describedby=\"caption-attachment-30040\" style=\"width: 1024px\" class=\"wp-caption alignnone\"><img loading=\"lazy\" decoding=\"async\" class=\"size-medium wp-image-30040\" src=\"https:\/\/www.askja-on-tour.ch\/wp-content\/uploads\/2025\/12\/Buenos_Aires-080-1024x768.jpg\" alt=\"\" width=\"1024\" height=\"768\" srcset=\"https:\/\/www.askja-on-tour.ch\/wp-content\/uploads\/2025\/12\/Buenos_Aires-080-1024x768.jpg 1024w, https:\/\/www.askja-on-tour.ch\/wp-content\/uploads\/2025\/12\/Buenos_Aires-080-1600x1200.jpg 1600w, https:\/\/www.askja-on-tour.ch\/wp-content\/uploads\/2025\/12\/Buenos_Aires-080-768x576.jpg 768w, https:\/\/www.askja-on-tour.ch\/wp-content\/uploads\/2025\/12\/Buenos_Aires-080-1536x1152.jpg 1536w, https:\/\/www.askja-on-tour.ch\/wp-content\/uploads\/2025\/12\/Buenos_Aires-080.jpg 2048w\" sizes=\"auto, (max-width: 1024px) 100vw, 1024px\" \/><figcaption id=\"caption-attachment-30040\" class=\"wp-caption-text\">Magnete mit unterschiedlichen Motiven.<\/figcaption><\/figure>\n<figure id=\"attachment_30041\" aria-describedby=\"caption-attachment-30041\" style=\"width: 1024px\" class=\"wp-caption alignnone\"><img loading=\"lazy\" decoding=\"async\" class=\"size-medium wp-image-30041\" src=\"https:\/\/www.askja-on-tour.ch\/wp-content\/uploads\/2025\/12\/Buenos_Aires-081-1024x768.jpg\" alt=\"\" width=\"1024\" height=\"768\" srcset=\"https:\/\/www.askja-on-tour.ch\/wp-content\/uploads\/2025\/12\/Buenos_Aires-081-1024x768.jpg 1024w, https:\/\/www.askja-on-tour.ch\/wp-content\/uploads\/2025\/12\/Buenos_Aires-081-1600x1200.jpg 1600w, https:\/\/www.askja-on-tour.ch\/wp-content\/uploads\/2025\/12\/Buenos_Aires-081-768x576.jpg 768w, https:\/\/www.askja-on-tour.ch\/wp-content\/uploads\/2025\/12\/Buenos_Aires-081-1536x1152.jpg 1536w, https:\/\/www.askja-on-tour.ch\/wp-content\/uploads\/2025\/12\/Buenos_Aires-081.jpg 2048w\" sizes=\"auto, (max-width: 1024px) 100vw, 1024px\" \/><figcaption id=\"caption-attachment-30041\" class=\"wp-caption-text\">Der Musiker ist lebendig &#8230;&#8230; \u00a0<\/figcaption><\/figure>\n<figure id=\"attachment_30042\" aria-describedby=\"caption-attachment-30042\" style=\"width: 768px\" class=\"wp-caption alignnone\"><img loading=\"lazy\" decoding=\"async\" class=\"size-medium wp-image-30042\" src=\"https:\/\/www.askja-on-tour.ch\/wp-content\/uploads\/2025\/12\/Buenos_Aires-082-768x1024.jpg\" alt=\"\" width=\"768\" height=\"1024\" srcset=\"https:\/\/www.askja-on-tour.ch\/wp-content\/uploads\/2025\/12\/Buenos_Aires-082-768x1024.jpg 768w, https:\/\/www.askja-on-tour.ch\/wp-content\/uploads\/2025\/12\/Buenos_Aires-082-1200x1600.jpg 1200w, https:\/\/www.askja-on-tour.ch\/wp-content\/uploads\/2025\/12\/Buenos_Aires-082-1152x1536.jpg 1152w, https:\/\/www.askja-on-tour.ch\/wp-content\/uploads\/2025\/12\/Buenos_Aires-082.jpg 1536w\" sizes=\"auto, (max-width: 768px) 100vw, 768px\" \/><figcaption id=\"caption-attachment-30042\" class=\"wp-caption-text\">Papst Franziskus<\/figcaption><\/figure>\n<figure id=\"attachment_30043\" aria-describedby=\"caption-attachment-30043\" style=\"width: 768px\" class=\"wp-caption alignnone\"><img loading=\"lazy\" decoding=\"async\" class=\"size-medium wp-image-30043\" src=\"https:\/\/www.askja-on-tour.ch\/wp-content\/uploads\/2025\/12\/Buenos_Aires-083-768x1024.jpg\" alt=\"\" width=\"768\" height=\"1024\" srcset=\"https:\/\/www.askja-on-tour.ch\/wp-content\/uploads\/2025\/12\/Buenos_Aires-083-768x1024.jpg 768w, https:\/\/www.askja-on-tour.ch\/wp-content\/uploads\/2025\/12\/Buenos_Aires-083-1200x1600.jpg 1200w, https:\/\/www.askja-on-tour.ch\/wp-content\/uploads\/2025\/12\/Buenos_Aires-083-1152x1536.jpg 1152w, https:\/\/www.askja-on-tour.ch\/wp-content\/uploads\/2025\/12\/Buenos_Aires-083.jpg 1536w\" sizes=\"auto, (max-width: 768px) 100vw, 768px\" \/><figcaption id=\"caption-attachment-30043\" class=\"wp-caption-text\">Maradona und<\/figcaption><\/figure>\n<figure id=\"attachment_30044\" aria-describedby=\"caption-attachment-30044\" style=\"width: 768px\" class=\"wp-caption alignnone\"><img loading=\"lazy\" decoding=\"async\" class=\"size-medium wp-image-30044\" src=\"https:\/\/www.askja-on-tour.ch\/wp-content\/uploads\/2025\/12\/Buenos_Aires-084-768x1024.jpg\" alt=\"\" width=\"768\" height=\"1024\" srcset=\"https:\/\/www.askja-on-tour.ch\/wp-content\/uploads\/2025\/12\/Buenos_Aires-084-768x1024.jpg 768w, https:\/\/www.askja-on-tour.ch\/wp-content\/uploads\/2025\/12\/Buenos_Aires-084-1200x1600.jpg 1200w, https:\/\/www.askja-on-tour.ch\/wp-content\/uploads\/2025\/12\/Buenos_Aires-084-1152x1536.jpg 1152w, https:\/\/www.askja-on-tour.ch\/wp-content\/uploads\/2025\/12\/Buenos_Aires-084.jpg 1536w\" sizes=\"auto, (max-width: 768px) 100vw, 768px\" \/><figcaption id=\"caption-attachment-30044\" class=\"wp-caption-text\">Messi &#8211; alle sind vertreten<\/figcaption><\/figure>\n<p><img loading=\"lazy\" decoding=\"async\" class=\"alignnone size-medium wp-image-30045\" src=\"https:\/\/www.askja-on-tour.ch\/wp-content\/uploads\/2025\/12\/Buenos_Aires-085-768x1024.jpg\" alt=\"\" width=\"768\" height=\"1024\" srcset=\"https:\/\/www.askja-on-tour.ch\/wp-content\/uploads\/2025\/12\/Buenos_Aires-085-768x1024.jpg 768w, https:\/\/www.askja-on-tour.ch\/wp-content\/uploads\/2025\/12\/Buenos_Aires-085-1200x1600.jpg 1200w, https:\/\/www.askja-on-tour.ch\/wp-content\/uploads\/2025\/12\/Buenos_Aires-085-1152x1536.jpg 1152w, https:\/\/www.askja-on-tour.ch\/wp-content\/uploads\/2025\/12\/Buenos_Aires-085.jpg 1536w\" sizes=\"auto, (max-width: 768px) 100vw, 768px\" \/> <img loading=\"lazy\" decoding=\"async\" class=\"alignnone size-medium wp-image-30048\" src=\"https:\/\/www.askja-on-tour.ch\/wp-content\/uploads\/2025\/12\/Buenos_Aires-088-1024x768.jpg\" alt=\"\" width=\"1024\" height=\"768\" srcset=\"https:\/\/www.askja-on-tour.ch\/wp-content\/uploads\/2025\/12\/Buenos_Aires-088-1024x768.jpg 1024w, https:\/\/www.askja-on-tour.ch\/wp-content\/uploads\/2025\/12\/Buenos_Aires-088-1600x1200.jpg 1600w, https:\/\/www.askja-on-tour.ch\/wp-content\/uploads\/2025\/12\/Buenos_Aires-088-768x576.jpg 768w, https:\/\/www.askja-on-tour.ch\/wp-content\/uploads\/2025\/12\/Buenos_Aires-088-1536x1152.jpg 1536w, https:\/\/www.askja-on-tour.ch\/wp-content\/uploads\/2025\/12\/Buenos_Aires-088.jpg 2048w\" sizes=\"auto, (max-width: 1024px) 100vw, 1024px\" \/> <img loading=\"lazy\" decoding=\"async\" class=\"alignnone size-medium wp-image-30049\" src=\"https:\/\/www.askja-on-tour.ch\/wp-content\/uploads\/2025\/12\/Buenos_Aires-089-1024x768.jpg\" alt=\"\" width=\"1024\" height=\"768\" srcset=\"https:\/\/www.askja-on-tour.ch\/wp-content\/uploads\/2025\/12\/Buenos_Aires-089-1024x768.jpg 1024w, https:\/\/www.askja-on-tour.ch\/wp-content\/uploads\/2025\/12\/Buenos_Aires-089-1600x1200.jpg 1600w, https:\/\/www.askja-on-tour.ch\/wp-content\/uploads\/2025\/12\/Buenos_Aires-089-768x576.jpg 768w, https:\/\/www.askja-on-tour.ch\/wp-content\/uploads\/2025\/12\/Buenos_Aires-089-1536x1152.jpg 1536w, https:\/\/www.askja-on-tour.ch\/wp-content\/uploads\/2025\/12\/Buenos_Aires-089.jpg 2048w\" sizes=\"auto, (max-width: 1024px) 100vw, 1024px\" \/><\/p>\n<figure id=\"attachment_30050\" aria-describedby=\"caption-attachment-30050\" style=\"width: 1024px\" class=\"wp-caption alignnone\"><img loading=\"lazy\" decoding=\"async\" class=\"size-medium wp-image-30050\" src=\"https:\/\/www.askja-on-tour.ch\/wp-content\/uploads\/2025\/12\/Buenos_Aires-090-1024x768.jpg\" alt=\"\" width=\"1024\" height=\"768\" srcset=\"https:\/\/www.askja-on-tour.ch\/wp-content\/uploads\/2025\/12\/Buenos_Aires-090-1024x768.jpg 1024w, https:\/\/www.askja-on-tour.ch\/wp-content\/uploads\/2025\/12\/Buenos_Aires-090-1600x1200.jpg 1600w, https:\/\/www.askja-on-tour.ch\/wp-content\/uploads\/2025\/12\/Buenos_Aires-090-768x576.jpg 768w, https:\/\/www.askja-on-tour.ch\/wp-content\/uploads\/2025\/12\/Buenos_Aires-090-1536x1152.jpg 1536w, https:\/\/www.askja-on-tour.ch\/wp-content\/uploads\/2025\/12\/Buenos_Aires-090.jpg 2048w\" sizes=\"auto, (max-width: 1024px) 100vw, 1024px\" \/><figcaption id=\"caption-attachment-30050\" class=\"wp-caption-text\">Hier trinken wir keinen Alkohol &#8211; nur Bier, Fernet, Wein, &#8230;<\/figcaption><\/figure>\n<p><img loading=\"lazy\" decoding=\"async\" class=\"alignnone size-medium wp-image-30051\" src=\"https:\/\/www.askja-on-tour.ch\/wp-content\/uploads\/2025\/12\/Buenos_Aires-091-1024x768.jpg\" alt=\"\" width=\"1024\" height=\"768\" srcset=\"https:\/\/www.askja-on-tour.ch\/wp-content\/uploads\/2025\/12\/Buenos_Aires-091-1024x768.jpg 1024w, https:\/\/www.askja-on-tour.ch\/wp-content\/uploads\/2025\/12\/Buenos_Aires-091-1600x1200.jpg 1600w, https:\/\/www.askja-on-tour.ch\/wp-content\/uploads\/2025\/12\/Buenos_Aires-091-768x576.jpg 768w, https:\/\/www.askja-on-tour.ch\/wp-content\/uploads\/2025\/12\/Buenos_Aires-091-1536x1152.jpg 1536w, https:\/\/www.askja-on-tour.ch\/wp-content\/uploads\/2025\/12\/Buenos_Aires-091.jpg 2048w\" sizes=\"auto, (max-width: 1024px) 100vw, 1024px\" \/> <img loading=\"lazy\" decoding=\"async\" class=\"alignnone size-medium wp-image-30052\" src=\"https:\/\/www.askja-on-tour.ch\/wp-content\/uploads\/2025\/12\/Buenos_Aires-092-1024x768.jpg\" alt=\"\" width=\"1024\" height=\"768\" srcset=\"https:\/\/www.askja-on-tour.ch\/wp-content\/uploads\/2025\/12\/Buenos_Aires-092-1024x768.jpg 1024w, https:\/\/www.askja-on-tour.ch\/wp-content\/uploads\/2025\/12\/Buenos_Aires-092-1600x1200.jpg 1600w, https:\/\/www.askja-on-tour.ch\/wp-content\/uploads\/2025\/12\/Buenos_Aires-092-768x576.jpg 768w, https:\/\/www.askja-on-tour.ch\/wp-content\/uploads\/2025\/12\/Buenos_Aires-092-1536x1152.jpg 1536w, https:\/\/www.askja-on-tour.ch\/wp-content\/uploads\/2025\/12\/Buenos_Aires-092.jpg 2048w\" sizes=\"auto, (max-width: 1024px) 100vw, 1024px\" \/><\/p>\n<figure id=\"attachment_30053\" aria-describedby=\"caption-attachment-30053\" style=\"width: 1024px\" class=\"wp-caption alignnone\"><img loading=\"lazy\" decoding=\"async\" class=\"size-medium wp-image-30053\" src=\"https:\/\/www.askja-on-tour.ch\/wp-content\/uploads\/2025\/12\/Buenos_Aires-093-1024x768.jpg\" alt=\"\" width=\"1024\" height=\"768\" srcset=\"https:\/\/www.askja-on-tour.ch\/wp-content\/uploads\/2025\/12\/Buenos_Aires-093-1024x768.jpg 1024w, https:\/\/www.askja-on-tour.ch\/wp-content\/uploads\/2025\/12\/Buenos_Aires-093-1600x1200.jpg 1600w, https:\/\/www.askja-on-tour.ch\/wp-content\/uploads\/2025\/12\/Buenos_Aires-093-768x576.jpg 768w, https:\/\/www.askja-on-tour.ch\/wp-content\/uploads\/2025\/12\/Buenos_Aires-093-1536x1152.jpg 1536w, https:\/\/www.askja-on-tour.ch\/wp-content\/uploads\/2025\/12\/Buenos_Aires-093.jpg 2048w\" sizes=\"auto, (max-width: 1024px) 100vw, 1024px\" \/><figcaption id=\"caption-attachment-30053\" class=\"wp-caption-text\">Selbst die Hunde werden als Boca-Fans verkleidet<\/figcaption><\/figure>\n<p><img loading=\"lazy\" decoding=\"async\" class=\"alignnone size-medium wp-image-30054\" src=\"https:\/\/www.askja-on-tour.ch\/wp-content\/uploads\/2025\/12\/Buenos_Aires-094-768x1024.jpg\" alt=\"\" width=\"768\" height=\"1024\" srcset=\"https:\/\/www.askja-on-tour.ch\/wp-content\/uploads\/2025\/12\/Buenos_Aires-094-768x1024.jpg 768w, https:\/\/www.askja-on-tour.ch\/wp-content\/uploads\/2025\/12\/Buenos_Aires-094-1200x1600.jpg 1200w, https:\/\/www.askja-on-tour.ch\/wp-content\/uploads\/2025\/12\/Buenos_Aires-094-1152x1536.jpg 1152w, https:\/\/www.askja-on-tour.ch\/wp-content\/uploads\/2025\/12\/Buenos_Aires-094.jpg 1536w\" sizes=\"auto, (max-width: 768px) 100vw, 768px\" \/><\/p>\n<figure id=\"attachment_30055\" aria-describedby=\"caption-attachment-30055\" style=\"width: 1024px\" class=\"wp-caption alignnone\"><img loading=\"lazy\" decoding=\"async\" class=\"size-medium wp-image-30055\" src=\"https:\/\/www.askja-on-tour.ch\/wp-content\/uploads\/2025\/12\/Buenos_Aires-095-1024x768.jpg\" alt=\"\" width=\"1024\" height=\"768\" srcset=\"https:\/\/www.askja-on-tour.ch\/wp-content\/uploads\/2025\/12\/Buenos_Aires-095-1024x768.jpg 1024w, https:\/\/www.askja-on-tour.ch\/wp-content\/uploads\/2025\/12\/Buenos_Aires-095-1600x1200.jpg 1600w, https:\/\/www.askja-on-tour.ch\/wp-content\/uploads\/2025\/12\/Buenos_Aires-095-768x576.jpg 768w, https:\/\/www.askja-on-tour.ch\/wp-content\/uploads\/2025\/12\/Buenos_Aires-095-1536x1152.jpg 1536w, https:\/\/www.askja-on-tour.ch\/wp-content\/uploads\/2025\/12\/Buenos_Aires-095.jpg 2048w\" sizes=\"auto, (max-width: 1024px) 100vw, 1024px\" \/><figcaption id=\"caption-attachment-30055\" class=\"wp-caption-text\">Grossartiges Gef\u00e4hrt<\/figcaption><\/figure>\n<figure id=\"attachment_30056\" aria-describedby=\"caption-attachment-30056\" style=\"width: 1024px\" class=\"wp-caption alignnone\"><img loading=\"lazy\" decoding=\"async\" class=\"size-medium wp-image-30056\" src=\"https:\/\/www.askja-on-tour.ch\/wp-content\/uploads\/2025\/12\/Buenos_Aires-096-1024x768.jpg\" alt=\"\" width=\"1024\" height=\"768\" srcset=\"https:\/\/www.askja-on-tour.ch\/wp-content\/uploads\/2025\/12\/Buenos_Aires-096-1024x768.jpg 1024w, https:\/\/www.askja-on-tour.ch\/wp-content\/uploads\/2025\/12\/Buenos_Aires-096-1600x1200.jpg 1600w, https:\/\/www.askja-on-tour.ch\/wp-content\/uploads\/2025\/12\/Buenos_Aires-096-768x576.jpg 768w, https:\/\/www.askja-on-tour.ch\/wp-content\/uploads\/2025\/12\/Buenos_Aires-096-1536x1152.jpg 1536w, https:\/\/www.askja-on-tour.ch\/wp-content\/uploads\/2025\/12\/Buenos_Aires-096.jpg 2048w\" sizes=\"auto, (max-width: 1024px) 100vw, 1024px\" \/><figcaption id=\"caption-attachment-30056\" class=\"wp-caption-text\">Die Fans am \u00dcben, bevor der Auftrag am Abend die eigene Mannschaft Boca Juniors anheizen soll.<\/figcaption><\/figure>\n<p><img loading=\"lazy\" decoding=\"async\" class=\"alignnone size-medium wp-image-30057\" src=\"https:\/\/www.askja-on-tour.ch\/wp-content\/uploads\/2025\/12\/Buenos_Aires-097-1024x768.jpg\" alt=\"\" width=\"1024\" height=\"768\" srcset=\"https:\/\/www.askja-on-tour.ch\/wp-content\/uploads\/2025\/12\/Buenos_Aires-097-1024x768.jpg 1024w, https:\/\/www.askja-on-tour.ch\/wp-content\/uploads\/2025\/12\/Buenos_Aires-097-1600x1200.jpg 1600w, https:\/\/www.askja-on-tour.ch\/wp-content\/uploads\/2025\/12\/Buenos_Aires-097-768x576.jpg 768w, https:\/\/www.askja-on-tour.ch\/wp-content\/uploads\/2025\/12\/Buenos_Aires-097-1536x1152.jpg 1536w, https:\/\/www.askja-on-tour.ch\/wp-content\/uploads\/2025\/12\/Buenos_Aires-097.jpg 2048w\" sizes=\"auto, (max-width: 1024px) 100vw, 1024px\" \/><\/p>\n<figure id=\"attachment_30058\" aria-describedby=\"caption-attachment-30058\" style=\"width: 1024px\" class=\"wp-caption alignnone\"><img loading=\"lazy\" decoding=\"async\" class=\"size-medium wp-image-30058\" src=\"https:\/\/www.askja-on-tour.ch\/wp-content\/uploads\/2025\/12\/Buenos_Aires-098-1024x768.jpg\" alt=\"\" width=\"1024\" height=\"768\" srcset=\"https:\/\/www.askja-on-tour.ch\/wp-content\/uploads\/2025\/12\/Buenos_Aires-098-1024x768.jpg 1024w, https:\/\/www.askja-on-tour.ch\/wp-content\/uploads\/2025\/12\/Buenos_Aires-098-1600x1200.jpg 1600w, https:\/\/www.askja-on-tour.ch\/wp-content\/uploads\/2025\/12\/Buenos_Aires-098-768x576.jpg 768w, https:\/\/www.askja-on-tour.ch\/wp-content\/uploads\/2025\/12\/Buenos_Aires-098-1536x1152.jpg 1536w, https:\/\/www.askja-on-tour.ch\/wp-content\/uploads\/2025\/12\/Buenos_Aires-098.jpg 2048w\" sizes=\"auto, (max-width: 1024px) 100vw, 1024px\" \/><figcaption id=\"caption-attachment-30058\" class=\"wp-caption-text\">Die Fans sind super gut drauf!<\/figcaption><\/figure>\n<figure id=\"attachment_30059\" aria-describedby=\"caption-attachment-30059\" style=\"width: 1024px\" class=\"wp-caption alignnone\"><img loading=\"lazy\" decoding=\"async\" class=\"size-medium wp-image-30059\" src=\"https:\/\/www.askja-on-tour.ch\/wp-content\/uploads\/2025\/12\/Buenos_Aires-099-1024x768.jpg\" alt=\"\" width=\"1024\" height=\"768\" srcset=\"https:\/\/www.askja-on-tour.ch\/wp-content\/uploads\/2025\/12\/Buenos_Aires-099-1024x768.jpg 1024w, https:\/\/www.askja-on-tour.ch\/wp-content\/uploads\/2025\/12\/Buenos_Aires-099-1600x1200.jpg 1600w, https:\/\/www.askja-on-tour.ch\/wp-content\/uploads\/2025\/12\/Buenos_Aires-099-768x576.jpg 768w, https:\/\/www.askja-on-tour.ch\/wp-content\/uploads\/2025\/12\/Buenos_Aires-099-1536x1152.jpg 1536w, https:\/\/www.askja-on-tour.ch\/wp-content\/uploads\/2025\/12\/Buenos_Aires-099.jpg 2048w\" sizes=\"auto, (max-width: 1024px) 100vw, 1024px\" \/><figcaption id=\"caption-attachment-30059\" class=\"wp-caption-text\">Wundersch\u00f6ner Jacaranda-Baum<\/figcaption><\/figure>\n<figure id=\"attachment_30060\" aria-describedby=\"caption-attachment-30060\" style=\"width: 1024px\" class=\"wp-caption alignnone\"><img loading=\"lazy\" decoding=\"async\" class=\"size-medium wp-image-30060\" src=\"https:\/\/www.askja-on-tour.ch\/wp-content\/uploads\/2025\/12\/Buenos_Aires-100-1024x768.jpg\" alt=\"\" width=\"1024\" height=\"768\" srcset=\"https:\/\/www.askja-on-tour.ch\/wp-content\/uploads\/2025\/12\/Buenos_Aires-100-1024x768.jpg 1024w, https:\/\/www.askja-on-tour.ch\/wp-content\/uploads\/2025\/12\/Buenos_Aires-100-1600x1200.jpg 1600w, https:\/\/www.askja-on-tour.ch\/wp-content\/uploads\/2025\/12\/Buenos_Aires-100-768x576.jpg 768w, https:\/\/www.askja-on-tour.ch\/wp-content\/uploads\/2025\/12\/Buenos_Aires-100-1536x1152.jpg 1536w, https:\/\/www.askja-on-tour.ch\/wp-content\/uploads\/2025\/12\/Buenos_Aires-100.jpg 2048w\" sizes=\"auto, (max-width: 1024px) 100vw, 1024px\" \/><figcaption id=\"caption-attachment-30060\" class=\"wp-caption-text\">Alte Hafenkr\u00e4ne und ein beeindruckendes Wandgem\u00e4lde wo die Technik &#8222;Silberblick&#8220; angewendet wurde. Der Effekt dieser Technik ist, dass dem Betrachter das Gef\u00fchl vermittelt wird, die dargestellte Person w\u00fcrde ihn direkt anblicken und bei Bewegung sogar mit dem Blick folgen. Eines der ersten Werke, bei denen diese Technik angewendet wurde, ist ist die Mona Lisa von Leonardo da Vinci.<\/figcaption><\/figure>\n<p><img loading=\"lazy\" decoding=\"async\" class=\"alignnone size-medium wp-image-30061\" src=\"https:\/\/www.askja-on-tour.ch\/wp-content\/uploads\/2025\/12\/Buenos_Aires-101-1024x768.jpg\" alt=\"\" width=\"1024\" height=\"768\" srcset=\"https:\/\/www.askja-on-tour.ch\/wp-content\/uploads\/2025\/12\/Buenos_Aires-101-1024x768.jpg 1024w, https:\/\/www.askja-on-tour.ch\/wp-content\/uploads\/2025\/12\/Buenos_Aires-101-1600x1200.jpg 1600w, https:\/\/www.askja-on-tour.ch\/wp-content\/uploads\/2025\/12\/Buenos_Aires-101-768x576.jpg 768w, https:\/\/www.askja-on-tour.ch\/wp-content\/uploads\/2025\/12\/Buenos_Aires-101-1536x1152.jpg 1536w, https:\/\/www.askja-on-tour.ch\/wp-content\/uploads\/2025\/12\/Buenos_Aires-101.jpg 2048w\" sizes=\"auto, (max-width: 1024px) 100vw, 1024px\" \/> <img loading=\"lazy\" decoding=\"async\" class=\"alignnone size-medium wp-image-30062\" src=\"https:\/\/www.askja-on-tour.ch\/wp-content\/uploads\/2025\/12\/Buenos_Aires-102-1024x768.jpg\" alt=\"\" width=\"1024\" height=\"768\" srcset=\"https:\/\/www.askja-on-tour.ch\/wp-content\/uploads\/2025\/12\/Buenos_Aires-102-1024x768.jpg 1024w, https:\/\/www.askja-on-tour.ch\/wp-content\/uploads\/2025\/12\/Buenos_Aires-102-1600x1200.jpg 1600w, https:\/\/www.askja-on-tour.ch\/wp-content\/uploads\/2025\/12\/Buenos_Aires-102-768x576.jpg 768w, https:\/\/www.askja-on-tour.ch\/wp-content\/uploads\/2025\/12\/Buenos_Aires-102-1536x1152.jpg 1536w, https:\/\/www.askja-on-tour.ch\/wp-content\/uploads\/2025\/12\/Buenos_Aires-102.jpg 2048w\" sizes=\"auto, (max-width: 1024px) 100vw, 1024px\" \/><\/p>\n<figure id=\"attachment_30063\" aria-describedby=\"caption-attachment-30063\" style=\"width: 1024px\" class=\"wp-caption alignnone\"><img loading=\"lazy\" decoding=\"async\" class=\"size-medium wp-image-30063\" src=\"https:\/\/www.askja-on-tour.ch\/wp-content\/uploads\/2025\/12\/Buenos_Aires-103-1024x768.jpg\" alt=\"\" width=\"1024\" height=\"768\" srcset=\"https:\/\/www.askja-on-tour.ch\/wp-content\/uploads\/2025\/12\/Buenos_Aires-103-1024x768.jpg 1024w, https:\/\/www.askja-on-tour.ch\/wp-content\/uploads\/2025\/12\/Buenos_Aires-103-1600x1200.jpg 1600w, https:\/\/www.askja-on-tour.ch\/wp-content\/uploads\/2025\/12\/Buenos_Aires-103-768x576.jpg 768w, https:\/\/www.askja-on-tour.ch\/wp-content\/uploads\/2025\/12\/Buenos_Aires-103-1536x1152.jpg 1536w, https:\/\/www.askja-on-tour.ch\/wp-content\/uploads\/2025\/12\/Buenos_Aires-103.jpg 2048w\" sizes=\"auto, (max-width: 1024px) 100vw, 1024px\" \/><figcaption id=\"caption-attachment-30063\" class=\"wp-caption-text\">Br\u00fccke Nicol\u00e1s Avellaneda (im Hintergrund) und Puente Transbordador (graube Br\u00fccke im Vordergrund)<br \/>Die Konstruktion ist eine der wenigen Schwebef\u00e4hren, die es weltweit gibt. Eine an der Br\u00fcckenkonstruktion h\u00e4ngende Plattform, auf der die Fahrzeuge und Passanten standen, wurde \u00fcber den Fluss hin und her gezogen.<\/figcaption><\/figure>\n<p><img loading=\"lazy\" decoding=\"async\" class=\"alignnone size-medium wp-image-30064\" src=\"https:\/\/www.askja-on-tour.ch\/wp-content\/uploads\/2025\/12\/Buenos_Aires-104-768x1024.jpg\" alt=\"\" width=\"768\" height=\"1024\" srcset=\"https:\/\/www.askja-on-tour.ch\/wp-content\/uploads\/2025\/12\/Buenos_Aires-104-768x1024.jpg 768w, https:\/\/www.askja-on-tour.ch\/wp-content\/uploads\/2025\/12\/Buenos_Aires-104-1200x1600.jpg 1200w, https:\/\/www.askja-on-tour.ch\/wp-content\/uploads\/2025\/12\/Buenos_Aires-104-1152x1536.jpg 1152w, https:\/\/www.askja-on-tour.ch\/wp-content\/uploads\/2025\/12\/Buenos_Aires-104.jpg 1536w\" sizes=\"auto, (max-width: 768px) 100vw, 768px\" \/><\/p>\n<p>In La Boca begegnet uns die Comic Figur Mafalda fast auf Schritt und Tritt als Kleidungsst\u00fcck, Skulptur, etc. Der Erschaffer von Mafalda ist Quino (Joaqu\u00edn Salvador Lavado Tej\u00f3n). Mafalda lebt in Buenos Aires, ist gerade mal sechs Jahre alt und hat volumin\u00f6se schwarze Haare, die sie mit einer grossen Schleife b\u00e4ndigt. Meist tr\u00e4gt sie ein gekn\u00f6pftes Kleid sowie Riemchenschuhe mit weissen S\u00f6ckchen. Sie hinterfragt mit scharfem Witz gesellschaftliche und politische Probleme, Themen wie Krieg, Ungleichheit und Autorit\u00e4t und hat eine starke Abneigung gegen Suppe, aber eine Vorliebe f\u00fcr die Beatles.<\/p>\n<figure id=\"attachment_30046\" aria-describedby=\"caption-attachment-30046\" style=\"width: 768px\" class=\"wp-caption alignnone\"><img loading=\"lazy\" decoding=\"async\" class=\"size-medium wp-image-30046\" src=\"https:\/\/www.askja-on-tour.ch\/wp-content\/uploads\/2025\/12\/Buenos_Aires-086-768x1024.jpg\" alt=\"\" width=\"768\" height=\"1024\" srcset=\"https:\/\/www.askja-on-tour.ch\/wp-content\/uploads\/2025\/12\/Buenos_Aires-086-768x1024.jpg 768w, https:\/\/www.askja-on-tour.ch\/wp-content\/uploads\/2025\/12\/Buenos_Aires-086-1200x1600.jpg 1200w, https:\/\/www.askja-on-tour.ch\/wp-content\/uploads\/2025\/12\/Buenos_Aires-086-1152x1536.jpg 1152w, https:\/\/www.askja-on-tour.ch\/wp-content\/uploads\/2025\/12\/Buenos_Aires-086.jpg 1536w\" sizes=\"auto, (max-width: 768px) 100vw, 768px\" \/><figcaption id=\"caption-attachment-30046\" class=\"wp-caption-text\">&#8230; und wieder Mafalda<\/figcaption><\/figure>\n<figure id=\"attachment_30047\" aria-describedby=\"caption-attachment-30047\" style=\"width: 1024px\" class=\"wp-caption alignnone\"><img loading=\"lazy\" decoding=\"async\" class=\"size-medium wp-image-30047\" src=\"https:\/\/www.askja-on-tour.ch\/wp-content\/uploads\/2025\/12\/Buenos_Aires-087-1024x768.jpg\" alt=\"\" width=\"1024\" height=\"768\" srcset=\"https:\/\/www.askja-on-tour.ch\/wp-content\/uploads\/2025\/12\/Buenos_Aires-087-1024x768.jpg 1024w, https:\/\/www.askja-on-tour.ch\/wp-content\/uploads\/2025\/12\/Buenos_Aires-087-1600x1200.jpg 1600w, https:\/\/www.askja-on-tour.ch\/wp-content\/uploads\/2025\/12\/Buenos_Aires-087-768x576.jpg 768w, https:\/\/www.askja-on-tour.ch\/wp-content\/uploads\/2025\/12\/Buenos_Aires-087-1536x1152.jpg 1536w, https:\/\/www.askja-on-tour.ch\/wp-content\/uploads\/2025\/12\/Buenos_Aires-087.jpg 2048w\" sizes=\"auto, (max-width: 1024px) 100vw, 1024px\" \/><figcaption id=\"caption-attachment-30047\" class=\"wp-caption-text\">Mafalda in Action<\/figcaption><\/figure>\n<p>Am Montag sind wir zeitig zum Friedhof La Recoleta (Cementerio de la Recoleta) gefahren; er liegt im gleichnamigen Stadtteil Recoleta, einem der teuersten Wohn- und Gesch\u00e4ftsviertel der Hauptstadt. La Recoleta wurde Ruhest\u00e4tte zahlreicher wohlhabender und prominenter Einwohner. Hier wurden argentinische Pr\u00e4sidenten bestattet, Profisportler, Wissenschaftler und Schauspieler; zu den bekanntesten z\u00e4hlt die zweite Ehefrau von Juan Per\u00f3n, Eva Per\u00f3n (hierzu sp\u00e4ter noch mehr). Auf dem Friedhof befinden sich zahlreiche aufwendig gestaltete Marmormausoleen, die mit Statuen in den unterschiedlichsten Architekturstilen wie Art Deco, Jugendstil, Barock und Neugotik verziert sind. Die meisten Materialien, die zwischen 1880 und 1930 f\u00fcr den Bau der Gr\u00e4ber verwendet wurden, wurden aus Paris und Mailand importiert.<\/p>\n<figure id=\"attachment_30068\" aria-describedby=\"caption-attachment-30068\" style=\"width: 1024px\" class=\"wp-caption alignnone\"><img loading=\"lazy\" decoding=\"async\" class=\"size-medium wp-image-30068\" src=\"https:\/\/www.askja-on-tour.ch\/wp-content\/uploads\/2025\/12\/Buenos_Aires-108-1024x768.jpg\" alt=\"\" width=\"1024\" height=\"768\" srcset=\"https:\/\/www.askja-on-tour.ch\/wp-content\/uploads\/2025\/12\/Buenos_Aires-108-1024x768.jpg 1024w, https:\/\/www.askja-on-tour.ch\/wp-content\/uploads\/2025\/12\/Buenos_Aires-108-1600x1200.jpg 1600w, https:\/\/www.askja-on-tour.ch\/wp-content\/uploads\/2025\/12\/Buenos_Aires-108-768x576.jpg 768w, https:\/\/www.askja-on-tour.ch\/wp-content\/uploads\/2025\/12\/Buenos_Aires-108-1536x1152.jpg 1536w, https:\/\/www.askja-on-tour.ch\/wp-content\/uploads\/2025\/12\/Buenos_Aires-108.jpg 2048w\" sizes=\"auto, (max-width: 1024px) 100vw, 1024px\" \/><figcaption id=\"caption-attachment-30068\" class=\"wp-caption-text\">Friedhof La Recoleta (Cementerio de la Recoleta)<\/figcaption><\/figure>\n<p><img loading=\"lazy\" decoding=\"async\" class=\"alignnone size-medium wp-image-30069\" src=\"https:\/\/www.askja-on-tour.ch\/wp-content\/uploads\/2025\/12\/Buenos_Aires-109-768x1024.jpg\" alt=\"\" width=\"768\" height=\"1024\" srcset=\"https:\/\/www.askja-on-tour.ch\/wp-content\/uploads\/2025\/12\/Buenos_Aires-109-768x1024.jpg 768w, https:\/\/www.askja-on-tour.ch\/wp-content\/uploads\/2025\/12\/Buenos_Aires-109-1200x1600.jpg 1200w, https:\/\/www.askja-on-tour.ch\/wp-content\/uploads\/2025\/12\/Buenos_Aires-109-1152x1536.jpg 1152w, https:\/\/www.askja-on-tour.ch\/wp-content\/uploads\/2025\/12\/Buenos_Aires-109.jpg 1536w\" sizes=\"auto, (max-width: 768px) 100vw, 768px\" \/> <img loading=\"lazy\" decoding=\"async\" class=\"alignnone size-medium wp-image-30070\" src=\"https:\/\/www.askja-on-tour.ch\/wp-content\/uploads\/2025\/12\/Buenos_Aires-110-768x1024.jpg\" alt=\"\" width=\"768\" height=\"1024\" srcset=\"https:\/\/www.askja-on-tour.ch\/wp-content\/uploads\/2025\/12\/Buenos_Aires-110-768x1024.jpg 768w, https:\/\/www.askja-on-tour.ch\/wp-content\/uploads\/2025\/12\/Buenos_Aires-110-1200x1600.jpg 1200w, https:\/\/www.askja-on-tour.ch\/wp-content\/uploads\/2025\/12\/Buenos_Aires-110-1152x1536.jpg 1152w, https:\/\/www.askja-on-tour.ch\/wp-content\/uploads\/2025\/12\/Buenos_Aires-110.jpg 1536w\" sizes=\"auto, (max-width: 768px) 100vw, 768px\" \/> <img loading=\"lazy\" decoding=\"async\" class=\"alignnone size-medium wp-image-30071\" src=\"https:\/\/www.askja-on-tour.ch\/wp-content\/uploads\/2025\/12\/Buenos_Aires-111-768x1024.jpg\" alt=\"\" width=\"768\" height=\"1024\" srcset=\"https:\/\/www.askja-on-tour.ch\/wp-content\/uploads\/2025\/12\/Buenos_Aires-111-768x1024.jpg 768w, https:\/\/www.askja-on-tour.ch\/wp-content\/uploads\/2025\/12\/Buenos_Aires-111-1200x1600.jpg 1200w, https:\/\/www.askja-on-tour.ch\/wp-content\/uploads\/2025\/12\/Buenos_Aires-111-1152x1536.jpg 1152w, https:\/\/www.askja-on-tour.ch\/wp-content\/uploads\/2025\/12\/Buenos_Aires-111.jpg 1536w\" sizes=\"auto, (max-width: 768px) 100vw, 768px\" \/> <img loading=\"lazy\" decoding=\"async\" class=\"alignnone size-medium wp-image-30072\" src=\"https:\/\/www.askja-on-tour.ch\/wp-content\/uploads\/2025\/12\/Buenos_Aires-113-768x1024.jpg\" alt=\"\" width=\"768\" height=\"1024\" srcset=\"https:\/\/www.askja-on-tour.ch\/wp-content\/uploads\/2025\/12\/Buenos_Aires-113-768x1024.jpg 768w, https:\/\/www.askja-on-tour.ch\/wp-content\/uploads\/2025\/12\/Buenos_Aires-113-1200x1600.jpg 1200w, https:\/\/www.askja-on-tour.ch\/wp-content\/uploads\/2025\/12\/Buenos_Aires-113-1152x1536.jpg 1152w, https:\/\/www.askja-on-tour.ch\/wp-content\/uploads\/2025\/12\/Buenos_Aires-113.jpg 1536w\" sizes=\"auto, (max-width: 768px) 100vw, 768px\" \/> <img loading=\"lazy\" decoding=\"async\" class=\"alignnone size-medium wp-image-30073\" src=\"https:\/\/www.askja-on-tour.ch\/wp-content\/uploads\/2025\/12\/Buenos_Aires-114-768x1024.jpg\" alt=\"\" width=\"768\" height=\"1024\" srcset=\"https:\/\/www.askja-on-tour.ch\/wp-content\/uploads\/2025\/12\/Buenos_Aires-114-768x1024.jpg 768w, https:\/\/www.askja-on-tour.ch\/wp-content\/uploads\/2025\/12\/Buenos_Aires-114-1200x1600.jpg 1200w, https:\/\/www.askja-on-tour.ch\/wp-content\/uploads\/2025\/12\/Buenos_Aires-114-1152x1536.jpg 1152w, https:\/\/www.askja-on-tour.ch\/wp-content\/uploads\/2025\/12\/Buenos_Aires-114.jpg 1536w\" sizes=\"auto, (max-width: 768px) 100vw, 768px\" \/><\/p>\n<figure id=\"attachment_30084\" aria-describedby=\"caption-attachment-30084\" style=\"width: 768px\" class=\"wp-caption alignnone\"><img loading=\"lazy\" decoding=\"async\" class=\"size-medium wp-image-30084\" src=\"https:\/\/www.askja-on-tour.ch\/wp-content\/uploads\/2025\/12\/Buenos_Aires-125-768x1024.jpg\" alt=\"\" width=\"768\" height=\"1024\" srcset=\"https:\/\/www.askja-on-tour.ch\/wp-content\/uploads\/2025\/12\/Buenos_Aires-125-768x1024.jpg 768w, https:\/\/www.askja-on-tour.ch\/wp-content\/uploads\/2025\/12\/Buenos_Aires-125-1200x1600.jpg 1200w, https:\/\/www.askja-on-tour.ch\/wp-content\/uploads\/2025\/12\/Buenos_Aires-125-1152x1536.jpg 1152w, https:\/\/www.askja-on-tour.ch\/wp-content\/uploads\/2025\/12\/Buenos_Aires-125.jpg 1536w\" sizes=\"auto, (max-width: 768px) 100vw, 768px\" \/><figcaption id=\"caption-attachment-30084\" class=\"wp-caption-text\">Am Ende des Ganges gibt es eine Kneipe &#8211; das Bier-Haus 7030 &#8211; aber das ist ausserhalb des Friedhofs \ud83d\ude09<\/figcaption><\/figure>\n<p><img loading=\"lazy\" decoding=\"async\" class=\"alignnone size-medium wp-image-30074\" src=\"https:\/\/www.askja-on-tour.ch\/wp-content\/uploads\/2025\/12\/Buenos_Aires-115-768x1024.jpg\" alt=\"\" width=\"768\" height=\"1024\" srcset=\"https:\/\/www.askja-on-tour.ch\/wp-content\/uploads\/2025\/12\/Buenos_Aires-115-768x1024.jpg 768w, https:\/\/www.askja-on-tour.ch\/wp-content\/uploads\/2025\/12\/Buenos_Aires-115-1200x1600.jpg 1200w, https:\/\/www.askja-on-tour.ch\/wp-content\/uploads\/2025\/12\/Buenos_Aires-115-1152x1536.jpg 1152w, https:\/\/www.askja-on-tour.ch\/wp-content\/uploads\/2025\/12\/Buenos_Aires-115.jpg 1536w\" sizes=\"auto, (max-width: 768px) 100vw, 768px\" \/> <img loading=\"lazy\" decoding=\"async\" class=\"alignnone size-medium wp-image-30075\" src=\"https:\/\/www.askja-on-tour.ch\/wp-content\/uploads\/2025\/12\/Buenos_Aires-116-1024x768.jpg\" alt=\"\" width=\"1024\" height=\"768\" srcset=\"https:\/\/www.askja-on-tour.ch\/wp-content\/uploads\/2025\/12\/Buenos_Aires-116-1024x768.jpg 1024w, https:\/\/www.askja-on-tour.ch\/wp-content\/uploads\/2025\/12\/Buenos_Aires-116-1600x1200.jpg 1600w, https:\/\/www.askja-on-tour.ch\/wp-content\/uploads\/2025\/12\/Buenos_Aires-116-768x576.jpg 768w, https:\/\/www.askja-on-tour.ch\/wp-content\/uploads\/2025\/12\/Buenos_Aires-116-1536x1152.jpg 1536w, https:\/\/www.askja-on-tour.ch\/wp-content\/uploads\/2025\/12\/Buenos_Aires-116.jpg 2048w\" sizes=\"auto, (max-width: 1024px) 100vw, 1024px\" \/> <img loading=\"lazy\" decoding=\"async\" class=\"alignnone size-medium wp-image-30076\" src=\"https:\/\/www.askja-on-tour.ch\/wp-content\/uploads\/2025\/12\/Buenos_Aires-117-1024x768.jpg\" alt=\"\" width=\"1024\" height=\"768\" srcset=\"https:\/\/www.askja-on-tour.ch\/wp-content\/uploads\/2025\/12\/Buenos_Aires-117-1024x768.jpg 1024w, https:\/\/www.askja-on-tour.ch\/wp-content\/uploads\/2025\/12\/Buenos_Aires-117-1600x1200.jpg 1600w, https:\/\/www.askja-on-tour.ch\/wp-content\/uploads\/2025\/12\/Buenos_Aires-117-768x576.jpg 768w, https:\/\/www.askja-on-tour.ch\/wp-content\/uploads\/2025\/12\/Buenos_Aires-117-1536x1152.jpg 1536w, https:\/\/www.askja-on-tour.ch\/wp-content\/uploads\/2025\/12\/Buenos_Aires-117.jpg 2048w\" sizes=\"auto, (max-width: 1024px) 100vw, 1024px\" \/> <img loading=\"lazy\" decoding=\"async\" class=\"alignnone size-medium wp-image-30077\" src=\"https:\/\/www.askja-on-tour.ch\/wp-content\/uploads\/2025\/12\/Buenos_Aires-118-768x1024.jpg\" alt=\"\" width=\"768\" height=\"1024\" srcset=\"https:\/\/www.askja-on-tour.ch\/wp-content\/uploads\/2025\/12\/Buenos_Aires-118-768x1024.jpg 768w, https:\/\/www.askja-on-tour.ch\/wp-content\/uploads\/2025\/12\/Buenos_Aires-118-1200x1600.jpg 1200w, https:\/\/www.askja-on-tour.ch\/wp-content\/uploads\/2025\/12\/Buenos_Aires-118-1152x1536.jpg 1152w, https:\/\/www.askja-on-tour.ch\/wp-content\/uploads\/2025\/12\/Buenos_Aires-118.jpg 1536w\" sizes=\"auto, (max-width: 768px) 100vw, 768px\" \/> <img loading=\"lazy\" decoding=\"async\" class=\"alignnone size-medium wp-image-30078\" src=\"https:\/\/www.askja-on-tour.ch\/wp-content\/uploads\/2025\/12\/Buenos_Aires-119-768x1024.jpg\" alt=\"\" width=\"768\" height=\"1024\" srcset=\"https:\/\/www.askja-on-tour.ch\/wp-content\/uploads\/2025\/12\/Buenos_Aires-119-768x1024.jpg 768w, https:\/\/www.askja-on-tour.ch\/wp-content\/uploads\/2025\/12\/Buenos_Aires-119-1200x1600.jpg 1200w, https:\/\/www.askja-on-tour.ch\/wp-content\/uploads\/2025\/12\/Buenos_Aires-119-1152x1536.jpg 1152w, https:\/\/www.askja-on-tour.ch\/wp-content\/uploads\/2025\/12\/Buenos_Aires-119.jpg 1536w\" sizes=\"auto, (max-width: 768px) 100vw, 768px\" \/> <img loading=\"lazy\" decoding=\"async\" class=\"alignnone size-medium wp-image-30079\" src=\"https:\/\/www.askja-on-tour.ch\/wp-content\/uploads\/2025\/12\/Buenos_Aires-120-768x1024.jpg\" alt=\"\" width=\"768\" height=\"1024\" srcset=\"https:\/\/www.askja-on-tour.ch\/wp-content\/uploads\/2025\/12\/Buenos_Aires-120-768x1024.jpg 768w, https:\/\/www.askja-on-tour.ch\/wp-content\/uploads\/2025\/12\/Buenos_Aires-120-1200x1600.jpg 1200w, https:\/\/www.askja-on-tour.ch\/wp-content\/uploads\/2025\/12\/Buenos_Aires-120-1152x1536.jpg 1152w, https:\/\/www.askja-on-tour.ch\/wp-content\/uploads\/2025\/12\/Buenos_Aires-120.jpg 1536w\" sizes=\"auto, (max-width: 768px) 100vw, 768px\" \/> <img loading=\"lazy\" decoding=\"async\" class=\"alignnone size-medium wp-image-30080\" src=\"https:\/\/www.askja-on-tour.ch\/wp-content\/uploads\/2025\/12\/Buenos_Aires-121-1024x768.jpg\" alt=\"\" width=\"1024\" height=\"768\" srcset=\"https:\/\/www.askja-on-tour.ch\/wp-content\/uploads\/2025\/12\/Buenos_Aires-121-1024x768.jpg 1024w, https:\/\/www.askja-on-tour.ch\/wp-content\/uploads\/2025\/12\/Buenos_Aires-121-1600x1200.jpg 1600w, https:\/\/www.askja-on-tour.ch\/wp-content\/uploads\/2025\/12\/Buenos_Aires-121-768x576.jpg 768w, https:\/\/www.askja-on-tour.ch\/wp-content\/uploads\/2025\/12\/Buenos_Aires-121-1536x1152.jpg 1536w, https:\/\/www.askja-on-tour.ch\/wp-content\/uploads\/2025\/12\/Buenos_Aires-121.jpg 2048w\" sizes=\"auto, (max-width: 1024px) 100vw, 1024px\" \/> <img loading=\"lazy\" decoding=\"async\" class=\"alignnone size-medium wp-image-30081\" src=\"https:\/\/www.askja-on-tour.ch\/wp-content\/uploads\/2025\/12\/Buenos_Aires-122-768x1024.jpg\" alt=\"\" width=\"768\" height=\"1024\" srcset=\"https:\/\/www.askja-on-tour.ch\/wp-content\/uploads\/2025\/12\/Buenos_Aires-122-768x1024.jpg 768w, https:\/\/www.askja-on-tour.ch\/wp-content\/uploads\/2025\/12\/Buenos_Aires-122-1200x1600.jpg 1200w, https:\/\/www.askja-on-tour.ch\/wp-content\/uploads\/2025\/12\/Buenos_Aires-122-1152x1536.jpg 1152w, https:\/\/www.askja-on-tour.ch\/wp-content\/uploads\/2025\/12\/Buenos_Aires-122.jpg 1536w\" sizes=\"auto, (max-width: 768px) 100vw, 768px\" \/> <img loading=\"lazy\" decoding=\"async\" class=\"alignnone size-medium wp-image-30082\" src=\"https:\/\/www.askja-on-tour.ch\/wp-content\/uploads\/2025\/12\/Buenos_Aires-123-768x1024.jpg\" alt=\"\" width=\"768\" height=\"1024\" srcset=\"https:\/\/www.askja-on-tour.ch\/wp-content\/uploads\/2025\/12\/Buenos_Aires-123-768x1024.jpg 768w, https:\/\/www.askja-on-tour.ch\/wp-content\/uploads\/2025\/12\/Buenos_Aires-123-1200x1600.jpg 1200w, https:\/\/www.askja-on-tour.ch\/wp-content\/uploads\/2025\/12\/Buenos_Aires-123-1152x1536.jpg 1152w, https:\/\/www.askja-on-tour.ch\/wp-content\/uploads\/2025\/12\/Buenos_Aires-123.jpg 1536w\" sizes=\"auto, (max-width: 768px) 100vw, 768px\" \/> <img loading=\"lazy\" decoding=\"async\" class=\"alignnone size-medium wp-image-30083\" src=\"https:\/\/www.askja-on-tour.ch\/wp-content\/uploads\/2025\/12\/Buenos_Aires-124-768x1024.jpg\" alt=\"\" width=\"768\" height=\"1024\" srcset=\"https:\/\/www.askja-on-tour.ch\/wp-content\/uploads\/2025\/12\/Buenos_Aires-124-768x1024.jpg 768w, https:\/\/www.askja-on-tour.ch\/wp-content\/uploads\/2025\/12\/Buenos_Aires-124-1200x1600.jpg 1200w, https:\/\/www.askja-on-tour.ch\/wp-content\/uploads\/2025\/12\/Buenos_Aires-124-1152x1536.jpg 1152w, https:\/\/www.askja-on-tour.ch\/wp-content\/uploads\/2025\/12\/Buenos_Aires-124.jpg 1536w\" sizes=\"auto, (max-width: 768px) 100vw, 768px\" \/> <img loading=\"lazy\" decoding=\"async\" class=\"alignnone size-medium wp-image-30085\" src=\"https:\/\/www.askja-on-tour.ch\/wp-content\/uploads\/2025\/12\/Buenos_Aires-126-768x1024.jpg\" alt=\"\" width=\"768\" height=\"1024\" srcset=\"https:\/\/www.askja-on-tour.ch\/wp-content\/uploads\/2025\/12\/Buenos_Aires-126-768x1024.jpg 768w, https:\/\/www.askja-on-tour.ch\/wp-content\/uploads\/2025\/12\/Buenos_Aires-126-1200x1600.jpg 1200w, https:\/\/www.askja-on-tour.ch\/wp-content\/uploads\/2025\/12\/Buenos_Aires-126-1152x1536.jpg 1152w, https:\/\/www.askja-on-tour.ch\/wp-content\/uploads\/2025\/12\/Buenos_Aires-126.jpg 1536w\" sizes=\"auto, (max-width: 768px) 100vw, 768px\" \/><\/p>\n<figure id=\"attachment_30086\" aria-describedby=\"caption-attachment-30086\" style=\"width: 768px\" class=\"wp-caption alignnone\"><img loading=\"lazy\" decoding=\"async\" class=\"size-medium wp-image-30086\" src=\"https:\/\/www.askja-on-tour.ch\/wp-content\/uploads\/2025\/12\/Buenos_Aires-127-768x1024.jpg\" alt=\"\" width=\"768\" height=\"1024\" srcset=\"https:\/\/www.askja-on-tour.ch\/wp-content\/uploads\/2025\/12\/Buenos_Aires-127-768x1024.jpg 768w, https:\/\/www.askja-on-tour.ch\/wp-content\/uploads\/2025\/12\/Buenos_Aires-127-1200x1600.jpg 1200w, https:\/\/www.askja-on-tour.ch\/wp-content\/uploads\/2025\/12\/Buenos_Aires-127-1152x1536.jpg 1152w, https:\/\/www.askja-on-tour.ch\/wp-content\/uploads\/2025\/12\/Buenos_Aires-127.jpg 1536w\" sizes=\"auto, (max-width: 768px) 100vw, 768px\" \/><figcaption id=\"caption-attachment-30086\" class=\"wp-caption-text\">Am Grab von Eva &#8222;Evita&#8220; Per\u00f3n, zweite Ehefrau von Juan Per\u00f3n<\/figcaption><\/figure>\n<p><img loading=\"lazy\" decoding=\"async\" class=\"alignnone size-medium wp-image-30087\" src=\"https:\/\/www.askja-on-tour.ch\/wp-content\/uploads\/2025\/12\/Buenos_Aires-128-1024x768.jpg\" alt=\"\" width=\"1024\" height=\"768\" srcset=\"https:\/\/www.askja-on-tour.ch\/wp-content\/uploads\/2025\/12\/Buenos_Aires-128-1024x768.jpg 1024w, https:\/\/www.askja-on-tour.ch\/wp-content\/uploads\/2025\/12\/Buenos_Aires-128-1600x1200.jpg 1600w, https:\/\/www.askja-on-tour.ch\/wp-content\/uploads\/2025\/12\/Buenos_Aires-128-768x576.jpg 768w, https:\/\/www.askja-on-tour.ch\/wp-content\/uploads\/2025\/12\/Buenos_Aires-128-1536x1152.jpg 1536w, https:\/\/www.askja-on-tour.ch\/wp-content\/uploads\/2025\/12\/Buenos_Aires-128.jpg 2048w\" sizes=\"auto, (max-width: 1024px) 100vw, 1024px\" \/> <img loading=\"lazy\" decoding=\"async\" class=\"alignnone size-medium wp-image-30088\" src=\"https:\/\/www.askja-on-tour.ch\/wp-content\/uploads\/2025\/12\/Buenos_Aires-129-1024x768.jpg\" alt=\"\" width=\"1024\" height=\"768\" srcset=\"https:\/\/www.askja-on-tour.ch\/wp-content\/uploads\/2025\/12\/Buenos_Aires-129-1024x768.jpg 1024w, https:\/\/www.askja-on-tour.ch\/wp-content\/uploads\/2025\/12\/Buenos_Aires-129-1600x1200.jpg 1600w, https:\/\/www.askja-on-tour.ch\/wp-content\/uploads\/2025\/12\/Buenos_Aires-129-768x576.jpg 768w, https:\/\/www.askja-on-tour.ch\/wp-content\/uploads\/2025\/12\/Buenos_Aires-129-1536x1152.jpg 1536w, https:\/\/www.askja-on-tour.ch\/wp-content\/uploads\/2025\/12\/Buenos_Aires-129.jpg 2048w\" sizes=\"auto, (max-width: 1024px) 100vw, 1024px\" \/><\/p>\n<p>Danach haben wir mit einem Hop-on\/Hop-Off-Bus (man kann jederzeit in den Bus steigen um weiterzufahren, oder den Bus verlassen, um etwas n\u00e4her anzusehen) eine Stadtbesichtigung gemacht, um noch mehr \u00fcber das zu erfahren, was wir schon gesehen resp. um zu sehen, was wir noch nicht besucht hatten.<\/p>\n<figure id=\"attachment_30186\" aria-describedby=\"caption-attachment-30186\" style=\"width: 698px\" class=\"wp-caption alignnone\"><img loading=\"lazy\" decoding=\"async\" class=\"size-medium wp-image-30186\" src=\"https:\/\/www.askja-on-tour.ch\/wp-content\/uploads\/2025\/12\/HOp-698x1024.jpg\" alt=\"\" width=\"698\" height=\"1024\" srcset=\"https:\/\/www.askja-on-tour.ch\/wp-content\/uploads\/2025\/12\/HOp-698x1024.jpg 698w, https:\/\/www.askja-on-tour.ch\/wp-content\/uploads\/2025\/12\/HOp-768x1127.jpg 768w, https:\/\/www.askja-on-tour.ch\/wp-content\/uploads\/2025\/12\/HOp-1046x1536.jpg 1046w, https:\/\/www.askja-on-tour.ch\/wp-content\/uploads\/2025\/12\/HOp.jpg 1090w\" sizes=\"auto, (max-width: 698px) 100vw, 698px\" \/><figcaption id=\"caption-attachment-30186\" class=\"wp-caption-text\">Hop-on\/Hop-Off-Bus<\/figcaption><\/figure>\n<p>Am Abend sind wir an den Puerto Madero gefahren. Es ist der ehemalige Hafen, der nach dem 2. Weltkrieg, als der Handel komplett eingebrochen ist, ganz zerfallen war. Ab 1990 wurde das Hafengebiet modernisiert. Alte Lagerh\u00e4user wurden in Lofts, B\u00fcros, private Hochschulen, Hotels und Restaurants umgewandelt. Alle Strassen in Puerto Madero sind nach Frauen benannt. Die neuste Verbindung zwischen Puerto Madero und der Innenstadt ist die Puente de la Mujer (Frauenbr\u00fccke) von 2001, eine seltene Schr\u00e4gseil-Drehbr\u00fccke, die von Santiago Calatrava entworfen wurde. Wir waren begeistert vom Puerto Madero.<\/p>\n<figure id=\"attachment_30094\" aria-describedby=\"caption-attachment-30094\" style=\"width: 1024px\" class=\"wp-caption alignnone\"><img loading=\"lazy\" decoding=\"async\" class=\"size-medium wp-image-30094\" src=\"https:\/\/www.askja-on-tour.ch\/wp-content\/uploads\/2025\/12\/Buenos_Aires-135-1024x768.jpg\" alt=\"\" width=\"1024\" height=\"768\" srcset=\"https:\/\/www.askja-on-tour.ch\/wp-content\/uploads\/2025\/12\/Buenos_Aires-135-1024x768.jpg 1024w, https:\/\/www.askja-on-tour.ch\/wp-content\/uploads\/2025\/12\/Buenos_Aires-135-1600x1200.jpg 1600w, https:\/\/www.askja-on-tour.ch\/wp-content\/uploads\/2025\/12\/Buenos_Aires-135-768x576.jpg 768w, https:\/\/www.askja-on-tour.ch\/wp-content\/uploads\/2025\/12\/Buenos_Aires-135-1536x1152.jpg 1536w, https:\/\/www.askja-on-tour.ch\/wp-content\/uploads\/2025\/12\/Buenos_Aires-135.jpg 2048w\" sizes=\"auto, (max-width: 1024px) 100vw, 1024px\" \/><figcaption id=\"caption-attachment-30094\" class=\"wp-caption-text\">Am Puerto Madero<\/figcaption><\/figure>\n<p><img loading=\"lazy\" decoding=\"async\" class=\"alignnone size-medium wp-image-30095\" src=\"https:\/\/www.askja-on-tour.ch\/wp-content\/uploads\/2025\/12\/Buenos_Aires-136-768x1024.jpg\" alt=\"\" width=\"768\" height=\"1024\" srcset=\"https:\/\/www.askja-on-tour.ch\/wp-content\/uploads\/2025\/12\/Buenos_Aires-136-768x1024.jpg 768w, https:\/\/www.askja-on-tour.ch\/wp-content\/uploads\/2025\/12\/Buenos_Aires-136-1200x1600.jpg 1200w, https:\/\/www.askja-on-tour.ch\/wp-content\/uploads\/2025\/12\/Buenos_Aires-136-1152x1536.jpg 1152w, https:\/\/www.askja-on-tour.ch\/wp-content\/uploads\/2025\/12\/Buenos_Aires-136.jpg 1536w\" sizes=\"auto, (max-width: 768px) 100vw, 768px\" \/> <img loading=\"lazy\" decoding=\"async\" class=\"alignnone size-medium wp-image-30096\" src=\"https:\/\/www.askja-on-tour.ch\/wp-content\/uploads\/2025\/12\/Buenos_Aires-137-1024x768.jpg\" alt=\"\" width=\"1024\" height=\"768\" srcset=\"https:\/\/www.askja-on-tour.ch\/wp-content\/uploads\/2025\/12\/Buenos_Aires-137-1024x768.jpg 1024w, https:\/\/www.askja-on-tour.ch\/wp-content\/uploads\/2025\/12\/Buenos_Aires-137-1600x1200.jpg 1600w, https:\/\/www.askja-on-tour.ch\/wp-content\/uploads\/2025\/12\/Buenos_Aires-137-768x576.jpg 768w, https:\/\/www.askja-on-tour.ch\/wp-content\/uploads\/2025\/12\/Buenos_Aires-137-1536x1152.jpg 1536w, https:\/\/www.askja-on-tour.ch\/wp-content\/uploads\/2025\/12\/Buenos_Aires-137.jpg 2048w\" sizes=\"auto, (max-width: 1024px) 100vw, 1024px\" \/> <img loading=\"lazy\" decoding=\"async\" class=\"alignnone size-medium wp-image-30097\" src=\"https:\/\/www.askja-on-tour.ch\/wp-content\/uploads\/2025\/12\/Buenos_Aires-138-768x1024.jpg\" alt=\"\" width=\"768\" height=\"1024\" srcset=\"https:\/\/www.askja-on-tour.ch\/wp-content\/uploads\/2025\/12\/Buenos_Aires-138-768x1024.jpg 768w, https:\/\/www.askja-on-tour.ch\/wp-content\/uploads\/2025\/12\/Buenos_Aires-138-1200x1600.jpg 1200w, https:\/\/www.askja-on-tour.ch\/wp-content\/uploads\/2025\/12\/Buenos_Aires-138-1152x1536.jpg 1152w, https:\/\/www.askja-on-tour.ch\/wp-content\/uploads\/2025\/12\/Buenos_Aires-138.jpg 1536w\" sizes=\"auto, (max-width: 768px) 100vw, 768px\" \/><\/p>\n<figure id=\"attachment_30098\" aria-describedby=\"caption-attachment-30098\" style=\"width: 1024px\" class=\"wp-caption alignnone\"><img loading=\"lazy\" decoding=\"async\" class=\"size-medium wp-image-30098\" src=\"https:\/\/www.askja-on-tour.ch\/wp-content\/uploads\/2025\/12\/Buenos_Aires-139-1024x768.jpg\" alt=\"\" width=\"1024\" height=\"768\" srcset=\"https:\/\/www.askja-on-tour.ch\/wp-content\/uploads\/2025\/12\/Buenos_Aires-139-1024x768.jpg 1024w, https:\/\/www.askja-on-tour.ch\/wp-content\/uploads\/2025\/12\/Buenos_Aires-139-1600x1200.jpg 1600w, https:\/\/www.askja-on-tour.ch\/wp-content\/uploads\/2025\/12\/Buenos_Aires-139-768x576.jpg 768w, https:\/\/www.askja-on-tour.ch\/wp-content\/uploads\/2025\/12\/Buenos_Aires-139-1536x1152.jpg 1536w, https:\/\/www.askja-on-tour.ch\/wp-content\/uploads\/2025\/12\/Buenos_Aires-139.jpg 2048w\" sizes=\"auto, (max-width: 1024px) 100vw, 1024px\" \/><figcaption id=\"caption-attachment-30098\" class=\"wp-caption-text\">Beeindruckende Skyline mit der filigranen Puente de la Mujer.<\/figcaption><\/figure>\n<p>Am Dienstag sind wir erst zum Argentinischen Nationalkongress gefahren, den wir uns nur von aussen angesehen haben. Dieser Kongresspalast wurde nach einer zehnj\u00e4hrigen Bauphase im Jahr 1906 er\u00f6ffnet. Der im griechisch-r\u00f6mischen Stil erbaute Sitz des Nationalkongresses weist \u00c4hnlichkeiten zu anderen bekannten Geb\u00e4uden weltweit auf. So l\u00e4sst sich von der Vortreppe aus die \u00c4hnlichkeit zum Kapitol in Washington erkennen. Die Bronzefiguren an den vier Ecken des Geb\u00e4udes symbolisieren Sieg und Frieden. Der Plaza del Congreso mit seinen Jacaranda-B\u00e4umen, die im November sch\u00f6n lila\/blau bl\u00fchen, l\u00e4dt zum Verweilen und Flanieren ein und ist auch Nachtplatz f\u00fcr die recht vielen obdachlosen Menschen in der Stadt, da hier auch Wassersprenger laufen, wo sie die die morgendliche Toilette machen und ihre W\u00e4sche waschen k\u00f6nnen.<\/p>\n<figure id=\"attachment_30099\" aria-describedby=\"caption-attachment-30099\" style=\"width: 1024px\" class=\"wp-caption alignnone\"><img loading=\"lazy\" decoding=\"async\" class=\"size-medium wp-image-30099\" src=\"https:\/\/www.askja-on-tour.ch\/wp-content\/uploads\/2025\/12\/Buenos_Aires-140-1024x768.jpg\" alt=\"\" width=\"1024\" height=\"768\" srcset=\"https:\/\/www.askja-on-tour.ch\/wp-content\/uploads\/2025\/12\/Buenos_Aires-140-1024x768.jpg 1024w, https:\/\/www.askja-on-tour.ch\/wp-content\/uploads\/2025\/12\/Buenos_Aires-140-1600x1200.jpg 1600w, https:\/\/www.askja-on-tour.ch\/wp-content\/uploads\/2025\/12\/Buenos_Aires-140-768x576.jpg 768w, https:\/\/www.askja-on-tour.ch\/wp-content\/uploads\/2025\/12\/Buenos_Aires-140-1536x1152.jpg 1536w, https:\/\/www.askja-on-tour.ch\/wp-content\/uploads\/2025\/12\/Buenos_Aires-140.jpg 2048w\" sizes=\"auto, (max-width: 1024px) 100vw, 1024px\" \/><figcaption id=\"caption-attachment-30099\" class=\"wp-caption-text\">Der Nationalkongress oder Kongresspalast.<\/figcaption><\/figure>\n<figure id=\"attachment_30100\" aria-describedby=\"caption-attachment-30100\" style=\"width: 768px\" class=\"wp-caption alignnone\"><img loading=\"lazy\" decoding=\"async\" class=\"size-medium wp-image-30100\" src=\"https:\/\/www.askja-on-tour.ch\/wp-content\/uploads\/2025\/12\/Buenos_Aires-141-768x1024.jpg\" alt=\"\" width=\"768\" height=\"1024\" srcset=\"https:\/\/www.askja-on-tour.ch\/wp-content\/uploads\/2025\/12\/Buenos_Aires-141-768x1024.jpg 768w, https:\/\/www.askja-on-tour.ch\/wp-content\/uploads\/2025\/12\/Buenos_Aires-141-1200x1600.jpg 1200w, https:\/\/www.askja-on-tour.ch\/wp-content\/uploads\/2025\/12\/Buenos_Aires-141-1152x1536.jpg 1152w, https:\/\/www.askja-on-tour.ch\/wp-content\/uploads\/2025\/12\/Buenos_Aires-141.jpg 1536w\" sizes=\"auto, (max-width: 768px) 100vw, 768px\" \/><figcaption id=\"caption-attachment-30100\" class=\"wp-caption-text\">Das Wappen Argentiniens, es symbolisiert die Einigkeit und Freiheit der Nation mit sich sch\u00fcttelnden H\u00e4nden f\u00fcr die Provinzen, der phrygischen M\u00fctze auf einer Lanze (Freiheit und Macht) und der aufgehenden Sonne (Mai-Revolution). Es wird von Lorbeerzweigen umrahmt, die den Sieg darstellen. Die weiteren Wappen stellen die 23 Provinzen Argentiniens dar.<\/figcaption><\/figure>\n<p><img loading=\"lazy\" decoding=\"async\" class=\"alignnone size-medium wp-image-30101\" src=\"https:\/\/www.askja-on-tour.ch\/wp-content\/uploads\/2025\/12\/Buenos_Aires-142-1024x768.jpg\" alt=\"\" width=\"1024\" height=\"768\" srcset=\"https:\/\/www.askja-on-tour.ch\/wp-content\/uploads\/2025\/12\/Buenos_Aires-142-1024x768.jpg 1024w, https:\/\/www.askja-on-tour.ch\/wp-content\/uploads\/2025\/12\/Buenos_Aires-142-1600x1200.jpg 1600w, https:\/\/www.askja-on-tour.ch\/wp-content\/uploads\/2025\/12\/Buenos_Aires-142-768x576.jpg 768w, https:\/\/www.askja-on-tour.ch\/wp-content\/uploads\/2025\/12\/Buenos_Aires-142-1536x1152.jpg 1536w, https:\/\/www.askja-on-tour.ch\/wp-content\/uploads\/2025\/12\/Buenos_Aires-142.jpg 2048w\" sizes=\"auto, (max-width: 1024px) 100vw, 1024px\" \/> <img loading=\"lazy\" decoding=\"async\" class=\"alignnone size-medium wp-image-30102\" src=\"https:\/\/www.askja-on-tour.ch\/wp-content\/uploads\/2025\/12\/Buenos_Aires-143-768x1024.jpg\" alt=\"\" width=\"768\" height=\"1024\" srcset=\"https:\/\/www.askja-on-tour.ch\/wp-content\/uploads\/2025\/12\/Buenos_Aires-143-768x1024.jpg 768w, https:\/\/www.askja-on-tour.ch\/wp-content\/uploads\/2025\/12\/Buenos_Aires-143-1200x1600.jpg 1200w, https:\/\/www.askja-on-tour.ch\/wp-content\/uploads\/2025\/12\/Buenos_Aires-143-1152x1536.jpg 1152w, https:\/\/www.askja-on-tour.ch\/wp-content\/uploads\/2025\/12\/Buenos_Aires-143.jpg 1536w\" sizes=\"auto, (max-width: 768px) 100vw, 768px\" \/> <img loading=\"lazy\" decoding=\"async\" class=\"alignnone size-medium wp-image-30103\" src=\"https:\/\/www.askja-on-tour.ch\/wp-content\/uploads\/2025\/12\/Buenos_Aires-144-768x1024.jpg\" alt=\"\" width=\"768\" height=\"1024\" srcset=\"https:\/\/www.askja-on-tour.ch\/wp-content\/uploads\/2025\/12\/Buenos_Aires-144-768x1024.jpg 768w, https:\/\/www.askja-on-tour.ch\/wp-content\/uploads\/2025\/12\/Buenos_Aires-144-1200x1600.jpg 1200w, https:\/\/www.askja-on-tour.ch\/wp-content\/uploads\/2025\/12\/Buenos_Aires-144-1152x1536.jpg 1152w, https:\/\/www.askja-on-tour.ch\/wp-content\/uploads\/2025\/12\/Buenos_Aires-144.jpg 1536w\" sizes=\"auto, (max-width: 768px) 100vw, 768px\" \/> <img loading=\"lazy\" decoding=\"async\" class=\"alignnone size-medium wp-image-30104\" src=\"https:\/\/www.askja-on-tour.ch\/wp-content\/uploads\/2025\/12\/Buenos_Aires-145-768x1024.jpg\" alt=\"\" width=\"768\" height=\"1024\" srcset=\"https:\/\/www.askja-on-tour.ch\/wp-content\/uploads\/2025\/12\/Buenos_Aires-145-768x1024.jpg 768w, https:\/\/www.askja-on-tour.ch\/wp-content\/uploads\/2025\/12\/Buenos_Aires-145-1200x1600.jpg 1200w, https:\/\/www.askja-on-tour.ch\/wp-content\/uploads\/2025\/12\/Buenos_Aires-145-1152x1536.jpg 1152w, https:\/\/www.askja-on-tour.ch\/wp-content\/uploads\/2025\/12\/Buenos_Aires-145.jpg 1536w\" sizes=\"auto, (max-width: 768px) 100vw, 768px\" \/> <img loading=\"lazy\" decoding=\"async\" class=\"alignnone size-medium wp-image-30105\" src=\"https:\/\/www.askja-on-tour.ch\/wp-content\/uploads\/2025\/12\/Buenos_Aires-146-1024x768.jpg\" alt=\"\" width=\"1024\" height=\"768\" srcset=\"https:\/\/www.askja-on-tour.ch\/wp-content\/uploads\/2025\/12\/Buenos_Aires-146-1024x768.jpg 1024w, https:\/\/www.askja-on-tour.ch\/wp-content\/uploads\/2025\/12\/Buenos_Aires-146-1600x1200.jpg 1600w, https:\/\/www.askja-on-tour.ch\/wp-content\/uploads\/2025\/12\/Buenos_Aires-146-768x576.jpg 768w, https:\/\/www.askja-on-tour.ch\/wp-content\/uploads\/2025\/12\/Buenos_Aires-146-1536x1152.jpg 1536w, https:\/\/www.askja-on-tour.ch\/wp-content\/uploads\/2025\/12\/Buenos_Aires-146.jpg 2048w\" sizes=\"auto, (max-width: 1024px) 100vw, 1024px\" \/><\/p>\n<figure id=\"attachment_30106\" aria-describedby=\"caption-attachment-30106\" style=\"width: 1024px\" class=\"wp-caption alignnone\"><img loading=\"lazy\" decoding=\"async\" class=\"size-medium wp-image-30106\" src=\"https:\/\/www.askja-on-tour.ch\/wp-content\/uploads\/2025\/12\/Buenos_Aires-147-1024x768.jpg\" alt=\"\" width=\"1024\" height=\"768\" srcset=\"https:\/\/www.askja-on-tour.ch\/wp-content\/uploads\/2025\/12\/Buenos_Aires-147-1024x768.jpg 1024w, https:\/\/www.askja-on-tour.ch\/wp-content\/uploads\/2025\/12\/Buenos_Aires-147-1600x1200.jpg 1600w, https:\/\/www.askja-on-tour.ch\/wp-content\/uploads\/2025\/12\/Buenos_Aires-147-768x576.jpg 768w, https:\/\/www.askja-on-tour.ch\/wp-content\/uploads\/2025\/12\/Buenos_Aires-147-1536x1152.jpg 1536w, https:\/\/www.askja-on-tour.ch\/wp-content\/uploads\/2025\/12\/Buenos_Aires-147.jpg 2048w\" sizes=\"auto, (max-width: 1024px) 100vw, 1024px\" \/><figcaption id=\"caption-attachment-30106\" class=\"wp-caption-text\">Park Plaza del Congreso vor dem Nationalkongress<\/figcaption><\/figure>\n<figure id=\"attachment_30184\" aria-describedby=\"caption-attachment-30184\" style=\"width: 1024px\" class=\"wp-caption alignnone\"><img loading=\"lazy\" decoding=\"async\" class=\"size-medium wp-image-30184\" src=\"https:\/\/www.askja-on-tour.ch\/wp-content\/uploads\/2025\/12\/Buenos_Aires-148-1024x768.jpg\" alt=\"\" width=\"1024\" height=\"768\" srcset=\"https:\/\/www.askja-on-tour.ch\/wp-content\/uploads\/2025\/12\/Buenos_Aires-148-1024x768.jpg 1024w, https:\/\/www.askja-on-tour.ch\/wp-content\/uploads\/2025\/12\/Buenos_Aires-148-1600x1200.jpg 1600w, https:\/\/www.askja-on-tour.ch\/wp-content\/uploads\/2025\/12\/Buenos_Aires-148-768x576.jpg 768w, https:\/\/www.askja-on-tour.ch\/wp-content\/uploads\/2025\/12\/Buenos_Aires-148-1536x1152.jpg 1536w, https:\/\/www.askja-on-tour.ch\/wp-content\/uploads\/2025\/12\/Buenos_Aires-148.jpg 2048w\" sizes=\"auto, (max-width: 1024px) 100vw, 1024px\" \/><figcaption id=\"caption-attachment-30184\" class=\"wp-caption-text\">Diese beiden Damen haben im Park Plaza del Congreso ihre Hunde (alle konnten gut laufen) spazieren gefahren und immer wieder auf den Gr\u00fcnfl\u00e4chen aus dem Wagen genommen und auf die Wiese gesetzt.<\/figcaption><\/figure>\n<figure id=\"attachment_30107\" aria-describedby=\"caption-attachment-30107\" style=\"width: 768px\" class=\"wp-caption alignnone\"><img loading=\"lazy\" decoding=\"async\" class=\"size-medium wp-image-30107\" src=\"https:\/\/www.askja-on-tour.ch\/wp-content\/uploads\/2025\/12\/Buenos_Aires-149-768x1024.jpg\" alt=\"\" width=\"768\" height=\"1024\" srcset=\"https:\/\/www.askja-on-tour.ch\/wp-content\/uploads\/2025\/12\/Buenos_Aires-149-768x1024.jpg 768w, https:\/\/www.askja-on-tour.ch\/wp-content\/uploads\/2025\/12\/Buenos_Aires-149-1200x1600.jpg 1200w, https:\/\/www.askja-on-tour.ch\/wp-content\/uploads\/2025\/12\/Buenos_Aires-149-1152x1536.jpg 1152w, https:\/\/www.askja-on-tour.ch\/wp-content\/uploads\/2025\/12\/Buenos_Aires-149.jpg 1536w\" sizes=\"auto, (max-width: 768px) 100vw, 768px\" \/><figcaption id=\"caption-attachment-30107\" class=\"wp-caption-text\">Die Plastik &#8222;Der Denker&#8220; des Bildhauers Auguste Rodin, das Original steht in Paris.<\/figcaption><\/figure>\n<p><img loading=\"lazy\" decoding=\"async\" class=\"alignnone size-medium wp-image-30108\" src=\"https:\/\/www.askja-on-tour.ch\/wp-content\/uploads\/2025\/12\/Buenos_Aires-150-1024x768.jpg\" alt=\"\" width=\"1024\" height=\"768\" srcset=\"https:\/\/www.askja-on-tour.ch\/wp-content\/uploads\/2025\/12\/Buenos_Aires-150-1024x768.jpg 1024w, https:\/\/www.askja-on-tour.ch\/wp-content\/uploads\/2025\/12\/Buenos_Aires-150-1600x1200.jpg 1600w, https:\/\/www.askja-on-tour.ch\/wp-content\/uploads\/2025\/12\/Buenos_Aires-150-768x576.jpg 768w, https:\/\/www.askja-on-tour.ch\/wp-content\/uploads\/2025\/12\/Buenos_Aires-150-1536x1152.jpg 1536w, https:\/\/www.askja-on-tour.ch\/wp-content\/uploads\/2025\/12\/Buenos_Aires-150.jpg 2048w\" sizes=\"auto, (max-width: 1024px) 100vw, 1024px\" \/><\/p>\n<figure id=\"attachment_30109\" aria-describedby=\"caption-attachment-30109\" style=\"width: 768px\" class=\"wp-caption alignnone\"><img loading=\"lazy\" decoding=\"async\" class=\"size-medium wp-image-30109\" src=\"https:\/\/www.askja-on-tour.ch\/wp-content\/uploads\/2025\/12\/Buenos_Aires-151-768x1024.jpg\" alt=\"\" width=\"768\" height=\"1024\" srcset=\"https:\/\/www.askja-on-tour.ch\/wp-content\/uploads\/2025\/12\/Buenos_Aires-151-768x1024.jpg 768w, https:\/\/www.askja-on-tour.ch\/wp-content\/uploads\/2025\/12\/Buenos_Aires-151-1200x1600.jpg 1200w, https:\/\/www.askja-on-tour.ch\/wp-content\/uploads\/2025\/12\/Buenos_Aires-151-1152x1536.jpg 1152w, https:\/\/www.askja-on-tour.ch\/wp-content\/uploads\/2025\/12\/Buenos_Aires-151.jpg 1536w\" sizes=\"auto, (max-width: 768px) 100vw, 768px\" \/><figcaption id=\"caption-attachment-30109\" class=\"wp-caption-text\">Einer von vielen alten Liften in den sch\u00f6nen Artdeco-H\u00e4usern<\/figcaption><\/figure>\n<figure id=\"attachment_30110\" aria-describedby=\"caption-attachment-30110\" style=\"width: 1024px\" class=\"wp-caption alignnone\"><img loading=\"lazy\" decoding=\"async\" class=\"size-medium wp-image-30110\" src=\"https:\/\/www.askja-on-tour.ch\/wp-content\/uploads\/2025\/12\/Buenos_Aires-152-1024x768.jpg\" alt=\"\" width=\"1024\" height=\"768\" srcset=\"https:\/\/www.askja-on-tour.ch\/wp-content\/uploads\/2025\/12\/Buenos_Aires-152-1024x768.jpg 1024w, https:\/\/www.askja-on-tour.ch\/wp-content\/uploads\/2025\/12\/Buenos_Aires-152-1600x1200.jpg 1600w, https:\/\/www.askja-on-tour.ch\/wp-content\/uploads\/2025\/12\/Buenos_Aires-152-768x576.jpg 768w, https:\/\/www.askja-on-tour.ch\/wp-content\/uploads\/2025\/12\/Buenos_Aires-152-1536x1152.jpg 1536w, https:\/\/www.askja-on-tour.ch\/wp-content\/uploads\/2025\/12\/Buenos_Aires-152.jpg 2048w\" sizes=\"auto, (max-width: 1024px) 100vw, 1024px\" \/><figcaption id=\"caption-attachment-30110\" class=\"wp-caption-text\">Verkauf von Tickets f\u00fcr die Vielzahl von Tango-Shows<\/figcaption><\/figure>\n<figure id=\"attachment_30111\" aria-describedby=\"caption-attachment-30111\" style=\"width: 1024px\" class=\"wp-caption alignnone\"><img loading=\"lazy\" decoding=\"async\" class=\"size-medium wp-image-30111\" src=\"https:\/\/www.askja-on-tour.ch\/wp-content\/uploads\/2025\/12\/Buenos_Aires-153-1024x768.jpg\" alt=\"\" width=\"1024\" height=\"768\" srcset=\"https:\/\/www.askja-on-tour.ch\/wp-content\/uploads\/2025\/12\/Buenos_Aires-153-1024x768.jpg 1024w, https:\/\/www.askja-on-tour.ch\/wp-content\/uploads\/2025\/12\/Buenos_Aires-153-1600x1200.jpg 1600w, https:\/\/www.askja-on-tour.ch\/wp-content\/uploads\/2025\/12\/Buenos_Aires-153-768x576.jpg 768w, https:\/\/www.askja-on-tour.ch\/wp-content\/uploads\/2025\/12\/Buenos_Aires-153-1536x1152.jpg 1536w, https:\/\/www.askja-on-tour.ch\/wp-content\/uploads\/2025\/12\/Buenos_Aires-153.jpg 2048w\" sizes=\"auto, (max-width: 1024px) 100vw, 1024px\" \/><figcaption id=\"caption-attachment-30111\" class=\"wp-caption-text\">Don Quichote<\/figcaption><\/figure>\n<p>Nachher ging es zum Obelisken, der sich am Ende der Avenida 9 de Julio auf der Plaza de la R\u00e9publica befindet. Der Obelisk ist gut 67 Meter hoch und gilt als das Wahrzeichen von Buenos Aires. Inschriften auf allen vier Seiten zeugen von den wichtigsten Ereignisse der Stadt Buenos Aires: erste Stadtgr\u00fcndung (1536) und zweite Gr\u00fcndung durch Juan de Garay (1580), Hissen der argentinischen Flagge (1812), Ernennung zur Hauptstadt (1880), 400-j\u00e4hriges Stadtjubil\u00e4um (1936).<\/p>\n<figure id=\"attachment_30115\" aria-describedby=\"caption-attachment-30115\" style=\"width: 768px\" class=\"wp-caption alignnone\"><img loading=\"lazy\" decoding=\"async\" class=\"size-medium wp-image-30115\" src=\"https:\/\/www.askja-on-tour.ch\/wp-content\/uploads\/2025\/12\/Buenos_Aires-157-768x1024.jpg\" alt=\"\" width=\"768\" height=\"1024\" srcset=\"https:\/\/www.askja-on-tour.ch\/wp-content\/uploads\/2025\/12\/Buenos_Aires-157-768x1024.jpg 768w, https:\/\/www.askja-on-tour.ch\/wp-content\/uploads\/2025\/12\/Buenos_Aires-157-1200x1600.jpg 1200w, https:\/\/www.askja-on-tour.ch\/wp-content\/uploads\/2025\/12\/Buenos_Aires-157-1152x1536.jpg 1152w, https:\/\/www.askja-on-tour.ch\/wp-content\/uploads\/2025\/12\/Buenos_Aires-157.jpg 1536w\" sizes=\"auto, (max-width: 768px) 100vw, 768px\" \/><figcaption id=\"caption-attachment-30115\" class=\"wp-caption-text\">Der Obelisk befindet sich am Ende der Avenida 9 de Julio auf der Plaza de la R\u00e9publica.<\/figcaption><\/figure>\n<p><img loading=\"lazy\" decoding=\"async\" class=\"alignnone size-medium wp-image-30114\" src=\"https:\/\/www.askja-on-tour.ch\/wp-content\/uploads\/2025\/12\/Buenos_Aires-156-768x1024.jpg\" alt=\"\" width=\"768\" height=\"1024\" srcset=\"https:\/\/www.askja-on-tour.ch\/wp-content\/uploads\/2025\/12\/Buenos_Aires-156-768x1024.jpg 768w, https:\/\/www.askja-on-tour.ch\/wp-content\/uploads\/2025\/12\/Buenos_Aires-156-1200x1600.jpg 1200w, https:\/\/www.askja-on-tour.ch\/wp-content\/uploads\/2025\/12\/Buenos_Aires-156-1152x1536.jpg 1152w, https:\/\/www.askja-on-tour.ch\/wp-content\/uploads\/2025\/12\/Buenos_Aires-156.jpg 1536w\" sizes=\"auto, (max-width: 768px) 100vw, 768px\" \/> <img loading=\"lazy\" decoding=\"async\" class=\"alignnone size-medium wp-image-30113\" src=\"https:\/\/www.askja-on-tour.ch\/wp-content\/uploads\/2025\/12\/Buenos_Aires-155-1024x768.jpg\" alt=\"\" width=\"1024\" height=\"768\" srcset=\"https:\/\/www.askja-on-tour.ch\/wp-content\/uploads\/2025\/12\/Buenos_Aires-155-1024x768.jpg 1024w, https:\/\/www.askja-on-tour.ch\/wp-content\/uploads\/2025\/12\/Buenos_Aires-155-1600x1200.jpg 1600w, https:\/\/www.askja-on-tour.ch\/wp-content\/uploads\/2025\/12\/Buenos_Aires-155-768x576.jpg 768w, https:\/\/www.askja-on-tour.ch\/wp-content\/uploads\/2025\/12\/Buenos_Aires-155-1536x1152.jpg 1536w, https:\/\/www.askja-on-tour.ch\/wp-content\/uploads\/2025\/12\/Buenos_Aires-155.jpg 2048w\" sizes=\"auto, (max-width: 1024px) 100vw, 1024px\" \/><\/p>\n<figure id=\"attachment_30112\" aria-describedby=\"caption-attachment-30112\" style=\"width: 1024px\" class=\"wp-caption alignnone\"><img loading=\"lazy\" decoding=\"async\" class=\"size-medium wp-image-30112\" src=\"https:\/\/www.askja-on-tour.ch\/wp-content\/uploads\/2025\/12\/Buenos_Aires-154-1024x768.jpg\" alt=\"\" width=\"1024\" height=\"768\" srcset=\"https:\/\/www.askja-on-tour.ch\/wp-content\/uploads\/2025\/12\/Buenos_Aires-154-1024x768.jpg 1024w, https:\/\/www.askja-on-tour.ch\/wp-content\/uploads\/2025\/12\/Buenos_Aires-154-1600x1200.jpg 1600w, https:\/\/www.askja-on-tour.ch\/wp-content\/uploads\/2025\/12\/Buenos_Aires-154-768x576.jpg 768w, https:\/\/www.askja-on-tour.ch\/wp-content\/uploads\/2025\/12\/Buenos_Aires-154-1536x1152.jpg 1536w, https:\/\/www.askja-on-tour.ch\/wp-content\/uploads\/2025\/12\/Buenos_Aires-154.jpg 2048w\" sizes=\"auto, (max-width: 1024px) 100vw, 1024px\" \/><figcaption id=\"caption-attachment-30112\" class=\"wp-caption-text\">Avenida 9 de Julio &#8211; eine der vielen grossen Strassen (total 8-spurig)<\/figcaption><\/figure>\n<figure id=\"attachment_30135\" aria-describedby=\"caption-attachment-30135\" style=\"width: 768px\" class=\"wp-caption alignnone\"><img loading=\"lazy\" decoding=\"async\" class=\"size-medium wp-image-30135\" src=\"https:\/\/www.askja-on-tour.ch\/wp-content\/uploads\/2025\/12\/Buenos_Aires-177-768x1024.jpg\" alt=\"\" width=\"768\" height=\"1024\" srcset=\"https:\/\/www.askja-on-tour.ch\/wp-content\/uploads\/2025\/12\/Buenos_Aires-177-768x1024.jpg 768w, https:\/\/www.askja-on-tour.ch\/wp-content\/uploads\/2025\/12\/Buenos_Aires-177-1200x1600.jpg 1200w, https:\/\/www.askja-on-tour.ch\/wp-content\/uploads\/2025\/12\/Buenos_Aires-177-1152x1536.jpg 1152w, https:\/\/www.askja-on-tour.ch\/wp-content\/uploads\/2025\/12\/Buenos_Aires-177.jpg 1536w\" sizes=\"auto, (max-width: 768px) 100vw, 768px\" \/><figcaption id=\"caption-attachment-30135\" class=\"wp-caption-text\">Mural von Evita Per\u00f3n an der Fassade des Ministeriums f\u00fcr \u00f6ffentliche Arbeiten an der Avenida 9 Julio<\/figcaption><\/figure>\n<p>In der Confiteria La Ideal, eines der ber\u00fchmten Kaffees, haben wir uns einen k\u00f6stlichen Capucino genehmigt, ehe wir zum Teatro Col\u00f3n gelaufen sind, wo wir eine F\u00fchrung gebucht hatten.<\/p>\n<figure id=\"attachment_30116\" aria-describedby=\"caption-attachment-30116\" style=\"width: 1024px\" class=\"wp-caption alignnone\"><img loading=\"lazy\" decoding=\"async\" class=\"size-medium wp-image-30116\" src=\"https:\/\/www.askja-on-tour.ch\/wp-content\/uploads\/2025\/12\/Buenos_Aires-158-1024x768.jpg\" alt=\"\" width=\"1024\" height=\"768\" srcset=\"https:\/\/www.askja-on-tour.ch\/wp-content\/uploads\/2025\/12\/Buenos_Aires-158-1024x768.jpg 1024w, https:\/\/www.askja-on-tour.ch\/wp-content\/uploads\/2025\/12\/Buenos_Aires-158-1600x1200.jpg 1600w, https:\/\/www.askja-on-tour.ch\/wp-content\/uploads\/2025\/12\/Buenos_Aires-158-768x576.jpg 768w, https:\/\/www.askja-on-tour.ch\/wp-content\/uploads\/2025\/12\/Buenos_Aires-158-1536x1152.jpg 1536w, https:\/\/www.askja-on-tour.ch\/wp-content\/uploads\/2025\/12\/Buenos_Aires-158.jpg 2048w\" sizes=\"auto, (max-width: 1024px) 100vw, 1024px\" \/><figcaption id=\"caption-attachment-30116\" class=\"wp-caption-text\">Confiteria La Ideal<\/figcaption><\/figure>\n<p><img loading=\"lazy\" decoding=\"async\" class=\"alignnone size-medium wp-image-30117\" src=\"https:\/\/www.askja-on-tour.ch\/wp-content\/uploads\/2025\/12\/Buenos_Aires-159-1024x768.jpg\" alt=\"\" width=\"1024\" height=\"768\" srcset=\"https:\/\/www.askja-on-tour.ch\/wp-content\/uploads\/2025\/12\/Buenos_Aires-159-1024x768.jpg 1024w, https:\/\/www.askja-on-tour.ch\/wp-content\/uploads\/2025\/12\/Buenos_Aires-159-1600x1200.jpg 1600w, https:\/\/www.askja-on-tour.ch\/wp-content\/uploads\/2025\/12\/Buenos_Aires-159-768x576.jpg 768w, https:\/\/www.askja-on-tour.ch\/wp-content\/uploads\/2025\/12\/Buenos_Aires-159-1536x1152.jpg 1536w, https:\/\/www.askja-on-tour.ch\/wp-content\/uploads\/2025\/12\/Buenos_Aires-159.jpg 2048w\" sizes=\"auto, (max-width: 1024px) 100vw, 1024px\" \/><\/p>\n<p>Das Teatro Col\u00f3n ist ber\u00fchmt f\u00fcr seine ph\u00e4nomenale Akustik und seine einmalige Architektur; es gilt zusammen mit der Mail\u00e4nder Scala, der Pariser Op\u00e9ra Garnier und dem Royal Opera House in London als eines der besten Opernh\u00e4user der Welt. Das Orchester und die Stimmen der S\u00e4nger m\u00fcssen dank der brillianten Akustik nicht verst\u00e4rkt werden. Das heutige Teatro Col\u00f3n wurde von 1889 bis 1908 gebaut und am 25. Mai 1908 mit der Oper Aida er\u00f6ffnet. Das Theater hat 2500 Sitz- und 1000 Stehpl\u00e4tze.<\/p>\n<figure id=\"attachment_30118\" aria-describedby=\"caption-attachment-30118\" style=\"width: 1024px\" class=\"wp-caption alignnone\"><img loading=\"lazy\" decoding=\"async\" class=\"size-medium wp-image-30118\" src=\"https:\/\/www.askja-on-tour.ch\/wp-content\/uploads\/2025\/12\/Buenos_Aires-160-1024x768.jpg\" alt=\"\" width=\"1024\" height=\"768\" srcset=\"https:\/\/www.askja-on-tour.ch\/wp-content\/uploads\/2025\/12\/Buenos_Aires-160-1024x768.jpg 1024w, https:\/\/www.askja-on-tour.ch\/wp-content\/uploads\/2025\/12\/Buenos_Aires-160-1600x1200.jpg 1600w, https:\/\/www.askja-on-tour.ch\/wp-content\/uploads\/2025\/12\/Buenos_Aires-160-768x576.jpg 768w, https:\/\/www.askja-on-tour.ch\/wp-content\/uploads\/2025\/12\/Buenos_Aires-160-1536x1152.jpg 1536w, https:\/\/www.askja-on-tour.ch\/wp-content\/uploads\/2025\/12\/Buenos_Aires-160.jpg 2048w\" sizes=\"auto, (max-width: 1024px) 100vw, 1024px\" \/><figcaption id=\"caption-attachment-30118\" class=\"wp-caption-text\">Teatro Col\u00f3n<\/figcaption><\/figure>\n<figure id=\"attachment_30119\" aria-describedby=\"caption-attachment-30119\" style=\"width: 1024px\" class=\"wp-caption alignnone\"><img loading=\"lazy\" decoding=\"async\" class=\"size-medium wp-image-30119\" src=\"https:\/\/www.askja-on-tour.ch\/wp-content\/uploads\/2025\/12\/Buenos_Aires-161-1024x768.jpg\" alt=\"\" width=\"1024\" height=\"768\" srcset=\"https:\/\/www.askja-on-tour.ch\/wp-content\/uploads\/2025\/12\/Buenos_Aires-161-1024x768.jpg 1024w, https:\/\/www.askja-on-tour.ch\/wp-content\/uploads\/2025\/12\/Buenos_Aires-161-1600x1200.jpg 1600w, https:\/\/www.askja-on-tour.ch\/wp-content\/uploads\/2025\/12\/Buenos_Aires-161-768x576.jpg 768w, https:\/\/www.askja-on-tour.ch\/wp-content\/uploads\/2025\/12\/Buenos_Aires-161-1536x1152.jpg 1536w, https:\/\/www.askja-on-tour.ch\/wp-content\/uploads\/2025\/12\/Buenos_Aires-161.jpg 2048w\" sizes=\"auto, (max-width: 1024px) 100vw, 1024px\" \/><figcaption id=\"caption-attachment-30119\" class=\"wp-caption-text\">Auch die Aussenfassade des Teatro Col\u00f3n ist sehr beeindruckend<\/figcaption><\/figure>\n<p><img loading=\"lazy\" decoding=\"async\" class=\"alignnone size-medium wp-image-30120\" src=\"https:\/\/www.askja-on-tour.ch\/wp-content\/uploads\/2025\/12\/Buenos_Aires-162-768x1024.jpg\" alt=\"\" width=\"768\" height=\"1024\" srcset=\"https:\/\/www.askja-on-tour.ch\/wp-content\/uploads\/2025\/12\/Buenos_Aires-162-768x1024.jpg 768w, https:\/\/www.askja-on-tour.ch\/wp-content\/uploads\/2025\/12\/Buenos_Aires-162-1200x1600.jpg 1200w, https:\/\/www.askja-on-tour.ch\/wp-content\/uploads\/2025\/12\/Buenos_Aires-162-1152x1536.jpg 1152w, https:\/\/www.askja-on-tour.ch\/wp-content\/uploads\/2025\/12\/Buenos_Aires-162.jpg 1536w\" sizes=\"auto, (max-width: 768px) 100vw, 768px\" \/> <img loading=\"lazy\" decoding=\"async\" class=\"alignnone size-medium wp-image-30121\" src=\"https:\/\/www.askja-on-tour.ch\/wp-content\/uploads\/2025\/12\/Buenos_Aires-163-768x1024.jpg\" alt=\"\" width=\"768\" height=\"1024\" srcset=\"https:\/\/www.askja-on-tour.ch\/wp-content\/uploads\/2025\/12\/Buenos_Aires-163-768x1024.jpg 768w, https:\/\/www.askja-on-tour.ch\/wp-content\/uploads\/2025\/12\/Buenos_Aires-163-1200x1600.jpg 1200w, https:\/\/www.askja-on-tour.ch\/wp-content\/uploads\/2025\/12\/Buenos_Aires-163-1152x1536.jpg 1152w, https:\/\/www.askja-on-tour.ch\/wp-content\/uploads\/2025\/12\/Buenos_Aires-163.jpg 1536w\" sizes=\"auto, (max-width: 768px) 100vw, 768px\" \/> <img loading=\"lazy\" decoding=\"async\" class=\"alignnone size-medium wp-image-30122\" src=\"https:\/\/www.askja-on-tour.ch\/wp-content\/uploads\/2025\/12\/Buenos_Aires-164-768x1024.jpg\" alt=\"\" width=\"768\" height=\"1024\" srcset=\"https:\/\/www.askja-on-tour.ch\/wp-content\/uploads\/2025\/12\/Buenos_Aires-164-768x1024.jpg 768w, https:\/\/www.askja-on-tour.ch\/wp-content\/uploads\/2025\/12\/Buenos_Aires-164-1200x1600.jpg 1200w, https:\/\/www.askja-on-tour.ch\/wp-content\/uploads\/2025\/12\/Buenos_Aires-164-1152x1536.jpg 1152w, https:\/\/www.askja-on-tour.ch\/wp-content\/uploads\/2025\/12\/Buenos_Aires-164.jpg 1536w\" sizes=\"auto, (max-width: 768px) 100vw, 768px\" \/> <img loading=\"lazy\" decoding=\"async\" class=\"alignnone size-medium wp-image-30123\" src=\"https:\/\/www.askja-on-tour.ch\/wp-content\/uploads\/2025\/12\/Buenos_Aires-165-768x1024.jpg\" alt=\"\" width=\"768\" height=\"1024\" srcset=\"https:\/\/www.askja-on-tour.ch\/wp-content\/uploads\/2025\/12\/Buenos_Aires-165-768x1024.jpg 768w, https:\/\/www.askja-on-tour.ch\/wp-content\/uploads\/2025\/12\/Buenos_Aires-165-1200x1600.jpg 1200w, https:\/\/www.askja-on-tour.ch\/wp-content\/uploads\/2025\/12\/Buenos_Aires-165-1152x1536.jpg 1152w, https:\/\/www.askja-on-tour.ch\/wp-content\/uploads\/2025\/12\/Buenos_Aires-165.jpg 1536w\" sizes=\"auto, (max-width: 768px) 100vw, 768px\" \/> <img loading=\"lazy\" decoding=\"async\" class=\"alignnone size-medium wp-image-30124\" src=\"https:\/\/www.askja-on-tour.ch\/wp-content\/uploads\/2025\/12\/Buenos_Aires-166-1024x768.jpg\" alt=\"\" width=\"1024\" height=\"768\" srcset=\"https:\/\/www.askja-on-tour.ch\/wp-content\/uploads\/2025\/12\/Buenos_Aires-166-1024x768.jpg 1024w, https:\/\/www.askja-on-tour.ch\/wp-content\/uploads\/2025\/12\/Buenos_Aires-166-1600x1200.jpg 1600w, https:\/\/www.askja-on-tour.ch\/wp-content\/uploads\/2025\/12\/Buenos_Aires-166-768x576.jpg 768w, https:\/\/www.askja-on-tour.ch\/wp-content\/uploads\/2025\/12\/Buenos_Aires-166-1536x1152.jpg 1536w, https:\/\/www.askja-on-tour.ch\/wp-content\/uploads\/2025\/12\/Buenos_Aires-166.jpg 2048w\" sizes=\"auto, (max-width: 1024px) 100vw, 1024px\" \/> <img loading=\"lazy\" decoding=\"async\" class=\"alignnone size-medium wp-image-30125\" src=\"https:\/\/www.askja-on-tour.ch\/wp-content\/uploads\/2025\/12\/Buenos_Aires-167-768x1024.jpg\" alt=\"\" width=\"768\" height=\"1024\" srcset=\"https:\/\/www.askja-on-tour.ch\/wp-content\/uploads\/2025\/12\/Buenos_Aires-167-768x1024.jpg 768w, https:\/\/www.askja-on-tour.ch\/wp-content\/uploads\/2025\/12\/Buenos_Aires-167-1200x1600.jpg 1200w, https:\/\/www.askja-on-tour.ch\/wp-content\/uploads\/2025\/12\/Buenos_Aires-167-1152x1536.jpg 1152w, https:\/\/www.askja-on-tour.ch\/wp-content\/uploads\/2025\/12\/Buenos_Aires-167.jpg 1536w\" sizes=\"auto, (max-width: 768px) 100vw, 768px\" \/> <img loading=\"lazy\" decoding=\"async\" class=\"alignnone size-medium wp-image-30126\" src=\"https:\/\/www.askja-on-tour.ch\/wp-content\/uploads\/2025\/12\/Buenos_Aires-168-768x1024.jpg\" alt=\"\" width=\"768\" height=\"1024\" srcset=\"https:\/\/www.askja-on-tour.ch\/wp-content\/uploads\/2025\/12\/Buenos_Aires-168-768x1024.jpg 768w, https:\/\/www.askja-on-tour.ch\/wp-content\/uploads\/2025\/12\/Buenos_Aires-168-1200x1600.jpg 1200w, https:\/\/www.askja-on-tour.ch\/wp-content\/uploads\/2025\/12\/Buenos_Aires-168-1152x1536.jpg 1152w, https:\/\/www.askja-on-tour.ch\/wp-content\/uploads\/2025\/12\/Buenos_Aires-168.jpg 1536w\" sizes=\"auto, (max-width: 768px) 100vw, 768px\" \/> <img loading=\"lazy\" decoding=\"async\" class=\"alignnone size-medium wp-image-30127\" src=\"https:\/\/www.askja-on-tour.ch\/wp-content\/uploads\/2025\/12\/Buenos_Aires-169-768x1024.jpg\" alt=\"\" width=\"768\" height=\"1024\" srcset=\"https:\/\/www.askja-on-tour.ch\/wp-content\/uploads\/2025\/12\/Buenos_Aires-169-768x1024.jpg 768w, https:\/\/www.askja-on-tour.ch\/wp-content\/uploads\/2025\/12\/Buenos_Aires-169-1200x1600.jpg 1200w, https:\/\/www.askja-on-tour.ch\/wp-content\/uploads\/2025\/12\/Buenos_Aires-169-1152x1536.jpg 1152w, https:\/\/www.askja-on-tour.ch\/wp-content\/uploads\/2025\/12\/Buenos_Aires-169.jpg 1536w\" sizes=\"auto, (max-width: 768px) 100vw, 768px\" \/> <img loading=\"lazy\" decoding=\"async\" class=\"alignnone size-medium wp-image-30128\" src=\"https:\/\/www.askja-on-tour.ch\/wp-content\/uploads\/2025\/12\/Buenos_Aires-170-1024x768.jpg\" alt=\"\" width=\"1024\" height=\"768\" srcset=\"https:\/\/www.askja-on-tour.ch\/wp-content\/uploads\/2025\/12\/Buenos_Aires-170-1024x768.jpg 1024w, https:\/\/www.askja-on-tour.ch\/wp-content\/uploads\/2025\/12\/Buenos_Aires-170-1600x1200.jpg 1600w, https:\/\/www.askja-on-tour.ch\/wp-content\/uploads\/2025\/12\/Buenos_Aires-170-768x576.jpg 768w, https:\/\/www.askja-on-tour.ch\/wp-content\/uploads\/2025\/12\/Buenos_Aires-170-1536x1152.jpg 1536w, https:\/\/www.askja-on-tour.ch\/wp-content\/uploads\/2025\/12\/Buenos_Aires-170.jpg 2048w\" sizes=\"auto, (max-width: 1024px) 100vw, 1024px\" \/> <img loading=\"lazy\" decoding=\"async\" class=\"alignnone size-medium wp-image-30129\" src=\"https:\/\/www.askja-on-tour.ch\/wp-content\/uploads\/2025\/12\/Buenos_Aires-171-768x1024.jpg\" alt=\"\" width=\"768\" height=\"1024\" srcset=\"https:\/\/www.askja-on-tour.ch\/wp-content\/uploads\/2025\/12\/Buenos_Aires-171-768x1024.jpg 768w, https:\/\/www.askja-on-tour.ch\/wp-content\/uploads\/2025\/12\/Buenos_Aires-171-1200x1600.jpg 1200w, https:\/\/www.askja-on-tour.ch\/wp-content\/uploads\/2025\/12\/Buenos_Aires-171-1152x1536.jpg 1152w, https:\/\/www.askja-on-tour.ch\/wp-content\/uploads\/2025\/12\/Buenos_Aires-171.jpg 1536w\" sizes=\"auto, (max-width: 768px) 100vw, 768px\" \/> <img loading=\"lazy\" decoding=\"async\" class=\"alignnone size-medium wp-image-30130\" src=\"https:\/\/www.askja-on-tour.ch\/wp-content\/uploads\/2025\/12\/Buenos_Aires-172-768x1024.jpg\" alt=\"\" width=\"768\" height=\"1024\" srcset=\"https:\/\/www.askja-on-tour.ch\/wp-content\/uploads\/2025\/12\/Buenos_Aires-172-768x1024.jpg 768w, https:\/\/www.askja-on-tour.ch\/wp-content\/uploads\/2025\/12\/Buenos_Aires-172-1200x1600.jpg 1200w, https:\/\/www.askja-on-tour.ch\/wp-content\/uploads\/2025\/12\/Buenos_Aires-172-1152x1536.jpg 1152w, https:\/\/www.askja-on-tour.ch\/wp-content\/uploads\/2025\/12\/Buenos_Aires-172.jpg 1536w\" sizes=\"auto, (max-width: 768px) 100vw, 768px\" \/> <img loading=\"lazy\" decoding=\"async\" class=\"alignnone size-medium wp-image-30131\" src=\"https:\/\/www.askja-on-tour.ch\/wp-content\/uploads\/2025\/12\/Buenos_Aires-173-1024x449.jpg\" alt=\"\" width=\"1024\" height=\"449\" srcset=\"https:\/\/www.askja-on-tour.ch\/wp-content\/uploads\/2025\/12\/Buenos_Aires-173-1024x449.jpg 1024w, https:\/\/www.askja-on-tour.ch\/wp-content\/uploads\/2025\/12\/Buenos_Aires-173-1600x702.jpg 1600w, https:\/\/www.askja-on-tour.ch\/wp-content\/uploads\/2025\/12\/Buenos_Aires-173-768x337.jpg 768w, https:\/\/www.askja-on-tour.ch\/wp-content\/uploads\/2025\/12\/Buenos_Aires-173-1536x674.jpg 1536w, https:\/\/www.askja-on-tour.ch\/wp-content\/uploads\/2025\/12\/Buenos_Aires-173.jpg 2048w\" sizes=\"auto, (max-width: 1024px) 100vw, 1024px\" \/> <img loading=\"lazy\" decoding=\"async\" class=\"alignnone size-medium wp-image-30132\" src=\"https:\/\/www.askja-on-tour.ch\/wp-content\/uploads\/2025\/12\/Buenos_Aires-174-768x1024.jpg\" alt=\"\" width=\"768\" height=\"1024\" srcset=\"https:\/\/www.askja-on-tour.ch\/wp-content\/uploads\/2025\/12\/Buenos_Aires-174-768x1024.jpg 768w, https:\/\/www.askja-on-tour.ch\/wp-content\/uploads\/2025\/12\/Buenos_Aires-174-1200x1600.jpg 1200w, https:\/\/www.askja-on-tour.ch\/wp-content\/uploads\/2025\/12\/Buenos_Aires-174-1152x1536.jpg 1152w, https:\/\/www.askja-on-tour.ch\/wp-content\/uploads\/2025\/12\/Buenos_Aires-174.jpg 1536w\" sizes=\"auto, (max-width: 768px) 100vw, 768px\" \/> <img loading=\"lazy\" decoding=\"async\" class=\"alignnone size-medium wp-image-30133\" src=\"https:\/\/www.askja-on-tour.ch\/wp-content\/uploads\/2025\/12\/Buenos_Aires-175-1024x768.jpg\" alt=\"\" width=\"1024\" height=\"768\" srcset=\"https:\/\/www.askja-on-tour.ch\/wp-content\/uploads\/2025\/12\/Buenos_Aires-175-1024x768.jpg 1024w, https:\/\/www.askja-on-tour.ch\/wp-content\/uploads\/2025\/12\/Buenos_Aires-175-1600x1200.jpg 1600w, https:\/\/www.askja-on-tour.ch\/wp-content\/uploads\/2025\/12\/Buenos_Aires-175-768x576.jpg 768w, https:\/\/www.askja-on-tour.ch\/wp-content\/uploads\/2025\/12\/Buenos_Aires-175-1536x1152.jpg 1536w, https:\/\/www.askja-on-tour.ch\/wp-content\/uploads\/2025\/12\/Buenos_Aires-175.jpg 2048w\" sizes=\"auto, (max-width: 1024px) 100vw, 1024px\" \/> <img loading=\"lazy\" decoding=\"async\" class=\"alignnone size-medium wp-image-30134\" src=\"https:\/\/www.askja-on-tour.ch\/wp-content\/uploads\/2025\/12\/Buenos_Aires-176-1024x768.jpg\" alt=\"\" width=\"1024\" height=\"768\" srcset=\"https:\/\/www.askja-on-tour.ch\/wp-content\/uploads\/2025\/12\/Buenos_Aires-176-1024x768.jpg 1024w, https:\/\/www.askja-on-tour.ch\/wp-content\/uploads\/2025\/12\/Buenos_Aires-176-1600x1200.jpg 1600w, https:\/\/www.askja-on-tour.ch\/wp-content\/uploads\/2025\/12\/Buenos_Aires-176-768x576.jpg 768w, https:\/\/www.askja-on-tour.ch\/wp-content\/uploads\/2025\/12\/Buenos_Aires-176-1536x1152.jpg 1536w, https:\/\/www.askja-on-tour.ch\/wp-content\/uploads\/2025\/12\/Buenos_Aires-176.jpg 2048w\" sizes=\"auto, (max-width: 1024px) 100vw, 1024px\" \/><\/p>\n<p>Der Pr\u00e4sidentenpalast \u201eCasa Rosada\u201c aus dem 19. Jahrhundert am Plaza de Mayo war unser n\u00e4chstes Ziel. Es ist der Regierungssitz der Pr\u00e4sidenten Argentiniens.<\/p>\n<figure id=\"attachment_30145\" aria-describedby=\"caption-attachment-30145\" style=\"width: 1024px\" class=\"wp-caption alignnone\"><img loading=\"lazy\" decoding=\"async\" class=\"size-medium wp-image-30145\" src=\"https:\/\/www.askja-on-tour.ch\/wp-content\/uploads\/2025\/12\/Buenos_Aires-187-1024x768.jpg\" alt=\"\" width=\"1024\" height=\"768\" srcset=\"https:\/\/www.askja-on-tour.ch\/wp-content\/uploads\/2025\/12\/Buenos_Aires-187-1024x768.jpg 1024w, https:\/\/www.askja-on-tour.ch\/wp-content\/uploads\/2025\/12\/Buenos_Aires-187-1600x1200.jpg 1600w, https:\/\/www.askja-on-tour.ch\/wp-content\/uploads\/2025\/12\/Buenos_Aires-187-768x576.jpg 768w, https:\/\/www.askja-on-tour.ch\/wp-content\/uploads\/2025\/12\/Buenos_Aires-187-1536x1152.jpg 1536w, https:\/\/www.askja-on-tour.ch\/wp-content\/uploads\/2025\/12\/Buenos_Aires-187.jpg 2048w\" sizes=\"auto, (max-width: 1024px) 100vw, 1024px\" \/><figcaption id=\"caption-attachment-30145\" class=\"wp-caption-text\">Pr\u00e4sidentenpalast \u201eCasa Rosada\u201c aus dem 19. Jahrhundert am Plaza de Mayo<\/figcaption><\/figure>\n<p><img loading=\"lazy\" decoding=\"async\" class=\"alignnone size-medium wp-image-30146\" src=\"https:\/\/www.askja-on-tour.ch\/wp-content\/uploads\/2025\/12\/Buenos_Aires-188-1024x768.jpg\" alt=\"\" width=\"1024\" height=\"768\" srcset=\"https:\/\/www.askja-on-tour.ch\/wp-content\/uploads\/2025\/12\/Buenos_Aires-188-1024x768.jpg 1024w, https:\/\/www.askja-on-tour.ch\/wp-content\/uploads\/2025\/12\/Buenos_Aires-188-1600x1200.jpg 1600w, https:\/\/www.askja-on-tour.ch\/wp-content\/uploads\/2025\/12\/Buenos_Aires-188-768x576.jpg 768w, https:\/\/www.askja-on-tour.ch\/wp-content\/uploads\/2025\/12\/Buenos_Aires-188-1536x1152.jpg 1536w, https:\/\/www.askja-on-tour.ch\/wp-content\/uploads\/2025\/12\/Buenos_Aires-188.jpg 2048w\" sizes=\"auto, (max-width: 1024px) 100vw, 1024px\" \/><\/p>\n<figure id=\"attachment_30147\" aria-describedby=\"caption-attachment-30147\" style=\"width: 768px\" class=\"wp-caption alignnone\"><img loading=\"lazy\" decoding=\"async\" class=\"size-medium wp-image-30147\" src=\"https:\/\/www.askja-on-tour.ch\/wp-content\/uploads\/2025\/12\/Buenos_Aires-189-768x1024.jpg\" alt=\"\" width=\"768\" height=\"1024\" srcset=\"https:\/\/www.askja-on-tour.ch\/wp-content\/uploads\/2025\/12\/Buenos_Aires-189-768x1024.jpg 768w, https:\/\/www.askja-on-tour.ch\/wp-content\/uploads\/2025\/12\/Buenos_Aires-189-1200x1600.jpg 1200w, https:\/\/www.askja-on-tour.ch\/wp-content\/uploads\/2025\/12\/Buenos_Aires-189-1152x1536.jpg 1152w, https:\/\/www.askja-on-tour.ch\/wp-content\/uploads\/2025\/12\/Buenos_Aires-189.jpg 1536w\" sizes=\"auto, (max-width: 768px) 100vw, 768px\" \/><figcaption id=\"caption-attachment-30147\" class=\"wp-caption-text\">Das Wappen Argentiniens, es symbolisiert die Einigkeit und Freiheit der Nation mit sich sch\u00fcttelnden H\u00e4nden f\u00fcr die Provinzen, der phrygischen M\u00fctze auf einer Lanze (Freiheit und Macht) und der aufgehenden Sonne (Mai-Revolution). Es wird von Lorbeerzweigen umrahmt, die den Sieg darstellen<\/figcaption><\/figure>\n<figure id=\"attachment_30148\" aria-describedby=\"caption-attachment-30148\" style=\"width: 1024px\" class=\"wp-caption alignnone\"><img loading=\"lazy\" decoding=\"async\" class=\"size-medium wp-image-30148\" src=\"https:\/\/www.askja-on-tour.ch\/wp-content\/uploads\/2025\/12\/Buenos_Aires-190-1024x768.jpg\" alt=\"\" width=\"1024\" height=\"768\" srcset=\"https:\/\/www.askja-on-tour.ch\/wp-content\/uploads\/2025\/12\/Buenos_Aires-190-1024x768.jpg 1024w, https:\/\/www.askja-on-tour.ch\/wp-content\/uploads\/2025\/12\/Buenos_Aires-190-1600x1200.jpg 1600w, https:\/\/www.askja-on-tour.ch\/wp-content\/uploads\/2025\/12\/Buenos_Aires-190-768x576.jpg 768w, https:\/\/www.askja-on-tour.ch\/wp-content\/uploads\/2025\/12\/Buenos_Aires-190-1536x1152.jpg 1536w, https:\/\/www.askja-on-tour.ch\/wp-content\/uploads\/2025\/12\/Buenos_Aires-190.jpg 2048w\" sizes=\"auto, (max-width: 1024px) 100vw, 1024px\" \/><figcaption id=\"caption-attachment-30148\" class=\"wp-caption-text\">Die Steine unter der Statue des General Belgrano auf der Plaza de Mayo sollen an die Covid-Opfer in Argentinien erinnern und wurden von deren Angeh\u00f6rigen dahingelegt.<\/figcaption><\/figure>\n<p>Vom Balkon der Casa Rosada (Pr\u00e4sidentenpalast) richtete unter anderem Evita Per\u00f3n ihre leidenschaftlichen Reden ans Volk.Mar\u00eda Eva Duarte de Per\u00f3n war Schauspielerin, Radiomoderatorin und seit 1945 die zweite Frau des Argentinischen Pr\u00e4sidenten Juan Per\u00f3n. Die Primera Dama (First Lady) war sozial sehr engagiert. Eva Per\u00f3n war 1952 unbestreitbar die zweitm\u00e4chtigste Person in Argentinien, sie war die weltbekannte First Lady und von die Arbeiterbev\u00f6lkerung verg\u00f6tterte \u201eEvita\u201c. Dabei hatte sie in Per\u00f3ns Regierung nicht einmal ein offizielles Amt inne. Das Musical von Andrew Lloyd Webber \u201eEvita\u201c erz\u00e4hlt die Geschichte der argentinischen Pr\u00e4sidentengattin Eva Per\u00f3n (1919 \u2013 1952), ihre leidenschaftlichen Reden an das einfache Volk spiegeln sich im Lied \u201eDon\u2019t Cry for me Argentina\u201c wider.<\/p>\n<p>Ebenfalls auf dem Plaza de Mayo findet sich am Boden ein eher unscheinbarer weisser Kreis mit weiss gemalten Kopft\u00fcchern, das Symobl der Frauen, die Kinder durch die Milit\u00e4rjunta verloren haben.<\/p>\n<figure id=\"attachment_30187\" aria-describedby=\"caption-attachment-30187\" style=\"width: 1024px\" class=\"wp-caption alignnone\"><img loading=\"lazy\" decoding=\"async\" class=\"size-full wp-image-30187\" src=\"https:\/\/www.askja-on-tour.ch\/wp-content\/uploads\/2025\/12\/c9010-madres-de-plaza-de-mayo-buenos-aires-argentina-4.jpg\" alt=\"\" width=\"1024\" height=\"768\" srcset=\"https:\/\/www.askja-on-tour.ch\/wp-content\/uploads\/2025\/12\/c9010-madres-de-plaza-de-mayo-buenos-aires-argentina-4.jpg 1024w, https:\/\/www.askja-on-tour.ch\/wp-content\/uploads\/2025\/12\/c9010-madres-de-plaza-de-mayo-buenos-aires-argentina-4-768x576.jpg 768w\" sizes=\"auto, (max-width: 1024px) 100vw, 1024px\" \/><figcaption id=\"caption-attachment-30187\" class=\"wp-caption-text\">Das weisse Kopftuch als Symbol der Madres de Plaza de Mayo<\/figcaption><\/figure>\n<p>Die Madres de Plaza de Mayo (M\u00fctter des Platzes der Mairevolution) ist eine Organisation argentinischer Frauen, deren Kinder unter der Milit\u00e4rdiktatur von 1976 bis 1983 unter zun\u00e4chst ungekl\u00e4rten Umst\u00e4nden \u201everschwanden\u201c (Desaparecidos). Seit dem 30.04.1977 demonstrieren die Mades de Plaza de Mayo gegen das spurlose Verschwinden von Ihren T\u00f6chtern und S\u00f6hnen. Sp\u00e4ter kamen auch die Abuelas de Plaza de Mayo (Grossm\u00fcter des Platzes der Mairevolution), die f\u00fcr ihre Enkelkinder k\u00e4mpften. Die Gefangenen wurden von der Milt\u00e4rjunta gefoltert, unter Drogen gesetzt, erschossen oder \u00fcber dem Rio Plata aus einem Flugzeug abgeworfen. Den Frauen, die schwanger waren, wurde nach der Entbindung im Gef\u00e4ngnis das Kind weggenommen und regimetreuen Familien \u00fcbergeben (deshalb die Abuelas de la Plaza de Mayo). Die M\u00fctter wurden get\u00f6tet. Die Madres und die Abuelas de Plaza de Mayo marschierten jeden Donnerstag im Kreis auf dem Platz, weil Kundgebungen w\u00e4hren der Milit\u00e4rdiktatur im Stehen verboten waren. Es wird davon ausgegangen, dass rund 30\u2018000 Personen in der Zeit der Milt\u00e4rjunta verschwunden sind. Noch heute treffen sich die Frauen am selben Ort um gegen das Vergessen ihrer Kinder und Engkelkinder zu k\u00e4mpfen.<\/p>\n<figure id=\"attachment_30091\" aria-describedby=\"caption-attachment-30091\" style=\"width: 1024px\" class=\"wp-caption alignnone\"><img loading=\"lazy\" decoding=\"async\" class=\"size-medium wp-image-30091\" src=\"https:\/\/www.askja-on-tour.ch\/wp-content\/uploads\/2025\/12\/Buenos_Aires-132-1024x768.jpg\" alt=\"\" width=\"1024\" height=\"768\" srcset=\"https:\/\/www.askja-on-tour.ch\/wp-content\/uploads\/2025\/12\/Buenos_Aires-132-1024x768.jpg 1024w, https:\/\/www.askja-on-tour.ch\/wp-content\/uploads\/2025\/12\/Buenos_Aires-132-1600x1200.jpg 1600w, https:\/\/www.askja-on-tour.ch\/wp-content\/uploads\/2025\/12\/Buenos_Aires-132-768x576.jpg 768w, https:\/\/www.askja-on-tour.ch\/wp-content\/uploads\/2025\/12\/Buenos_Aires-132-1536x1152.jpg 1536w, https:\/\/www.askja-on-tour.ch\/wp-content\/uploads\/2025\/12\/Buenos_Aires-132.jpg 2048w\" sizes=\"auto, (max-width: 1024px) 100vw, 1024px\" \/><figcaption id=\"caption-attachment-30091\" class=\"wp-caption-text\">Die Madres de Plaza de Mayo (Frauen mit weissen Kopft\u00fcchern) ist eine Organisation argentinischer Frauen, deren Kinder unter der Milit\u00e4rdiktatur von 1976 bis 1983 unter zun\u00e4chst ungekl\u00e4rten Umst\u00e4nden \u201everschwanden\u201c (Desaparecidos).<\/figcaption><\/figure>\n<p>In La Boca, der Stadtteil in welchem besonders viele Menschen entf\u00fchrt wurden, hat der K\u00fcnstler Lucas Quinto eine ganze Serie an \u201eMurals\u201c zum Moto \u201eNi olvida, ni perdon\u201c (Kein Vergessen, kein Vergeben) anl\u00e4sslich des internationale Tages der Frauenrechte 2022 gemalt.<\/p>\n<figure id=\"attachment_30188\" aria-describedby=\"caption-attachment-30188\" style=\"width: 1024px\" class=\"wp-caption alignnone\"><img loading=\"lazy\" decoding=\"async\" class=\"size-full wp-image-30188\" src=\"https:\/\/www.askja-on-tour.ch\/wp-content\/uploads\/2025\/12\/Buenos-Aires-la-Boca-Lucas-Quinton-3.jpg\" alt=\"\" width=\"1024\" height=\"768\" srcset=\"https:\/\/www.askja-on-tour.ch\/wp-content\/uploads\/2025\/12\/Buenos-Aires-la-Boca-Lucas-Quinton-3.jpg 1024w, https:\/\/www.askja-on-tour.ch\/wp-content\/uploads\/2025\/12\/Buenos-Aires-la-Boca-Lucas-Quinton-3-768x576.jpg 768w\" sizes=\"auto, (max-width: 1024px) 100vw, 1024px\" \/><figcaption id=\"caption-attachment-30188\" class=\"wp-caption-text\">Der K\u00fcnstler Lucas Quinto eine ganze Serie an \u201eMurals\u201c zum Moto \u201eNi olvida, ni perdon\u201c (Kein Vergessen, kein Vergeben) anl\u00e4sslich des internationale Tages der Frauenrechte 2022. gemalt.<\/figcaption><\/figure>\n<figure id=\"attachment_30189\" aria-describedby=\"caption-attachment-30189\" style=\"width: 1024px\" class=\"wp-caption alignnone\"><img loading=\"lazy\" decoding=\"async\" class=\"size-full wp-image-30189\" src=\"https:\/\/www.askja-on-tour.ch\/wp-content\/uploads\/2025\/12\/Buenos-Aires-la-Boca-Lucas-Quinton-2.jpg\" alt=\"\" width=\"1024\" height=\"768\" srcset=\"https:\/\/www.askja-on-tour.ch\/wp-content\/uploads\/2025\/12\/Buenos-Aires-la-Boca-Lucas-Quinton-2.jpg 1024w, https:\/\/www.askja-on-tour.ch\/wp-content\/uploads\/2025\/12\/Buenos-Aires-la-Boca-Lucas-Quinton-2-768x576.jpg 768w\" sizes=\"auto, (max-width: 1024px) 100vw, 1024px\" \/><figcaption id=\"caption-attachment-30189\" class=\"wp-caption-text\">K\u00fcnstler Lucas Quinto<\/figcaption><\/figure>\n<figure id=\"attachment_30190\" aria-describedby=\"caption-attachment-30190\" style=\"width: 1024px\" class=\"wp-caption alignnone\"><img loading=\"lazy\" decoding=\"async\" class=\"size-full wp-image-30190\" src=\"https:\/\/www.askja-on-tour.ch\/wp-content\/uploads\/2025\/12\/Buenos-Aires-la-Boca-Lucas-Quinton-6.jpg\" alt=\"\" width=\"1024\" height=\"768\" srcset=\"https:\/\/www.askja-on-tour.ch\/wp-content\/uploads\/2025\/12\/Buenos-Aires-la-Boca-Lucas-Quinton-6.jpg 1024w, https:\/\/www.askja-on-tour.ch\/wp-content\/uploads\/2025\/12\/Buenos-Aires-la-Boca-Lucas-Quinton-6-768x576.jpg 768w\" sizes=\"auto, (max-width: 1024px) 100vw, 1024px\" \/><figcaption id=\"caption-attachment-30190\" class=\"wp-caption-text\">K\u00fcnstler Lucas Quinto<\/figcaption><\/figure>\n<p>Die Catedral Metropolitana, der hl. Dreifaltigkeit geweiht, steht in unmittelbarer N\u00e4he des Pr\u00e4sidentenpalastes. Die Kathedrale hatte ihren ersten Vorg\u00e4ngerbau im 16. Jahrhundert und wurde seitdem mehrmals neu errichtet. Das derzeitige Kirchengeb\u00e4ude ist eine Mischung verschiedener Architekturstile. Das Kirchenschiff und die Kuppel stammen aus dem 18. und die Fassade aus dem 19. Jahrhundert. Der Innenraum beinhaltet wertvolle Statuen und ein Altarretabel (Altarraufsatz) aus dem 18. Jahrhundert sowie eine reiche Dekoration im Neorenaissance- und Neobarock-Stil.<\/p>\n<figure id=\"attachment_30136\" aria-describedby=\"caption-attachment-30136\" style=\"width: 1024px\" class=\"wp-caption alignnone\"><img loading=\"lazy\" decoding=\"async\" class=\"size-medium wp-image-30136\" src=\"https:\/\/www.askja-on-tour.ch\/wp-content\/uploads\/2025\/12\/Buenos_Aires-178-1024x768.jpg\" alt=\"\" width=\"1024\" height=\"768\" srcset=\"https:\/\/www.askja-on-tour.ch\/wp-content\/uploads\/2025\/12\/Buenos_Aires-178-1024x768.jpg 1024w, https:\/\/www.askja-on-tour.ch\/wp-content\/uploads\/2025\/12\/Buenos_Aires-178-1600x1200.jpg 1600w, https:\/\/www.askja-on-tour.ch\/wp-content\/uploads\/2025\/12\/Buenos_Aires-178-768x576.jpg 768w, https:\/\/www.askja-on-tour.ch\/wp-content\/uploads\/2025\/12\/Buenos_Aires-178-1536x1152.jpg 1536w, https:\/\/www.askja-on-tour.ch\/wp-content\/uploads\/2025\/12\/Buenos_Aires-178.jpg 2048w\" sizes=\"auto, (max-width: 1024px) 100vw, 1024px\" \/><figcaption id=\"caption-attachment-30136\" class=\"wp-caption-text\">Catedral Metropolitana<\/figcaption><\/figure>\n<figure id=\"attachment_30137\" aria-describedby=\"caption-attachment-30137\" style=\"width: 1024px\" class=\"wp-caption alignnone\"><img loading=\"lazy\" decoding=\"async\" class=\"size-medium wp-image-30137\" src=\"https:\/\/www.askja-on-tour.ch\/wp-content\/uploads\/2025\/12\/Buenos_Aires-179-1024x768.jpg\" alt=\"\" width=\"1024\" height=\"768\" srcset=\"https:\/\/www.askja-on-tour.ch\/wp-content\/uploads\/2025\/12\/Buenos_Aires-179-1024x768.jpg 1024w, https:\/\/www.askja-on-tour.ch\/wp-content\/uploads\/2025\/12\/Buenos_Aires-179-1600x1200.jpg 1600w, https:\/\/www.askja-on-tour.ch\/wp-content\/uploads\/2025\/12\/Buenos_Aires-179-768x576.jpg 768w, https:\/\/www.askja-on-tour.ch\/wp-content\/uploads\/2025\/12\/Buenos_Aires-179-1536x1152.jpg 1536w, https:\/\/www.askja-on-tour.ch\/wp-content\/uploads\/2025\/12\/Buenos_Aires-179.jpg 2048w\" sizes=\"auto, (max-width: 1024px) 100vw, 1024px\" \/><figcaption id=\"caption-attachment-30137\" class=\"wp-caption-text\">In der Catedral Metropolitana<\/figcaption><\/figure>\n<p><img loading=\"lazy\" decoding=\"async\" class=\"alignnone size-medium wp-image-30138\" src=\"https:\/\/www.askja-on-tour.ch\/wp-content\/uploads\/2025\/12\/Buenos_Aires-180-768x1024.jpg\" alt=\"\" width=\"768\" height=\"1024\" srcset=\"https:\/\/www.askja-on-tour.ch\/wp-content\/uploads\/2025\/12\/Buenos_Aires-180-768x1024.jpg 768w, https:\/\/www.askja-on-tour.ch\/wp-content\/uploads\/2025\/12\/Buenos_Aires-180-1200x1600.jpg 1200w, https:\/\/www.askja-on-tour.ch\/wp-content\/uploads\/2025\/12\/Buenos_Aires-180-1152x1536.jpg 1152w, https:\/\/www.askja-on-tour.ch\/wp-content\/uploads\/2025\/12\/Buenos_Aires-180.jpg 1536w\" sizes=\"auto, (max-width: 768px) 100vw, 768px\" \/> <img loading=\"lazy\" decoding=\"async\" class=\"alignnone size-medium wp-image-30139\" src=\"https:\/\/www.askja-on-tour.ch\/wp-content\/uploads\/2025\/12\/Buenos_Aires-181-768x1024.jpg\" alt=\"\" width=\"768\" height=\"1024\" srcset=\"https:\/\/www.askja-on-tour.ch\/wp-content\/uploads\/2025\/12\/Buenos_Aires-181-768x1024.jpg 768w, https:\/\/www.askja-on-tour.ch\/wp-content\/uploads\/2025\/12\/Buenos_Aires-181-1200x1600.jpg 1200w, https:\/\/www.askja-on-tour.ch\/wp-content\/uploads\/2025\/12\/Buenos_Aires-181-1152x1536.jpg 1152w, https:\/\/www.askja-on-tour.ch\/wp-content\/uploads\/2025\/12\/Buenos_Aires-181.jpg 1536w\" sizes=\"auto, (max-width: 768px) 100vw, 768px\" \/> <img loading=\"lazy\" decoding=\"async\" class=\"alignnone size-medium wp-image-30140\" src=\"https:\/\/www.askja-on-tour.ch\/wp-content\/uploads\/2025\/12\/Buenos_Aires-182-1024x768.jpg\" alt=\"\" width=\"1024\" height=\"768\" srcset=\"https:\/\/www.askja-on-tour.ch\/wp-content\/uploads\/2025\/12\/Buenos_Aires-182-1024x768.jpg 1024w, https:\/\/www.askja-on-tour.ch\/wp-content\/uploads\/2025\/12\/Buenos_Aires-182-1600x1200.jpg 1600w, https:\/\/www.askja-on-tour.ch\/wp-content\/uploads\/2025\/12\/Buenos_Aires-182-768x576.jpg 768w, https:\/\/www.askja-on-tour.ch\/wp-content\/uploads\/2025\/12\/Buenos_Aires-182-1536x1152.jpg 1536w, https:\/\/www.askja-on-tour.ch\/wp-content\/uploads\/2025\/12\/Buenos_Aires-182.jpg 2048w\" sizes=\"auto, (max-width: 1024px) 100vw, 1024px\" \/> <img loading=\"lazy\" decoding=\"async\" class=\"alignnone size-medium wp-image-30141\" src=\"https:\/\/www.askja-on-tour.ch\/wp-content\/uploads\/2025\/12\/Buenos_Aires-183-1024x768.jpg\" alt=\"\" width=\"1024\" height=\"768\" srcset=\"https:\/\/www.askja-on-tour.ch\/wp-content\/uploads\/2025\/12\/Buenos_Aires-183-1024x768.jpg 1024w, https:\/\/www.askja-on-tour.ch\/wp-content\/uploads\/2025\/12\/Buenos_Aires-183-1600x1200.jpg 1600w, https:\/\/www.askja-on-tour.ch\/wp-content\/uploads\/2025\/12\/Buenos_Aires-183-768x576.jpg 768w, https:\/\/www.askja-on-tour.ch\/wp-content\/uploads\/2025\/12\/Buenos_Aires-183-1536x1152.jpg 1536w, https:\/\/www.askja-on-tour.ch\/wp-content\/uploads\/2025\/12\/Buenos_Aires-183.jpg 2048w\" sizes=\"auto, (max-width: 1024px) 100vw, 1024px\" \/><\/p>\n<figure id=\"attachment_30142\" aria-describedby=\"caption-attachment-30142\" style=\"width: 768px\" class=\"wp-caption alignnone\"><img loading=\"lazy\" decoding=\"async\" class=\"size-medium wp-image-30142\" src=\"https:\/\/www.askja-on-tour.ch\/wp-content\/uploads\/2025\/12\/Buenos_Aires-184-768x1024.jpg\" alt=\"\" width=\"768\" height=\"1024\" srcset=\"https:\/\/www.askja-on-tour.ch\/wp-content\/uploads\/2025\/12\/Buenos_Aires-184-768x1024.jpg 768w, https:\/\/www.askja-on-tour.ch\/wp-content\/uploads\/2025\/12\/Buenos_Aires-184-1200x1600.jpg 1200w, https:\/\/www.askja-on-tour.ch\/wp-content\/uploads\/2025\/12\/Buenos_Aires-184-1152x1536.jpg 1152w, https:\/\/www.askja-on-tour.ch\/wp-content\/uploads\/2025\/12\/Buenos_Aires-184.jpg 1536w\" sizes=\"auto, (max-width: 768px) 100vw, 768px\" \/><figcaption id=\"caption-attachment-30142\" class=\"wp-caption-text\">Auch der einfache Kirchenbesucher erh\u00e4lt eine Statue<\/figcaption><\/figure>\n<p>Die Kathedrale war Sitz des Erzbischofs Jorge Mario Bergoglio, der am 13. M\u00e4rz 2013 zum 266. Bischof von Rom und damit zum Papst Franziskus ernannt wurde.<\/p>\n<figure id=\"attachment_30143\" aria-describedby=\"caption-attachment-30143\" style=\"width: 768px\" class=\"wp-caption alignnone\"><img loading=\"lazy\" decoding=\"async\" class=\"size-medium wp-image-30143\" src=\"https:\/\/www.askja-on-tour.ch\/wp-content\/uploads\/2025\/12\/Buenos_Aires-185-768x1024.jpg\" alt=\"\" width=\"768\" height=\"1024\" srcset=\"https:\/\/www.askja-on-tour.ch\/wp-content\/uploads\/2025\/12\/Buenos_Aires-185-768x1024.jpg 768w, https:\/\/www.askja-on-tour.ch\/wp-content\/uploads\/2025\/12\/Buenos_Aires-185-1200x1600.jpg 1200w, https:\/\/www.askja-on-tour.ch\/wp-content\/uploads\/2025\/12\/Buenos_Aires-185-1152x1536.jpg 1152w, https:\/\/www.askja-on-tour.ch\/wp-content\/uploads\/2025\/12\/Buenos_Aires-185.jpg 1536w\" sizes=\"auto, (max-width: 768px) 100vw, 768px\" \/><figcaption id=\"caption-attachment-30143\" class=\"wp-caption-text\">Eines von vielen sch\u00f6nen ArtDeco-Geb\u00e4ude, direkt an der Plaza de Mayo<\/figcaption><\/figure>\n<p><img loading=\"lazy\" decoding=\"async\" class=\"alignnone size-medium wp-image-30144\" src=\"https:\/\/www.askja-on-tour.ch\/wp-content\/uploads\/2025\/12\/Buenos_Aires-186-1024x768.jpg\" alt=\"\" width=\"1024\" height=\"768\" srcset=\"https:\/\/www.askja-on-tour.ch\/wp-content\/uploads\/2025\/12\/Buenos_Aires-186-1024x768.jpg 1024w, https:\/\/www.askja-on-tour.ch\/wp-content\/uploads\/2025\/12\/Buenos_Aires-186-1600x1200.jpg 1600w, https:\/\/www.askja-on-tour.ch\/wp-content\/uploads\/2025\/12\/Buenos_Aires-186-768x576.jpg 768w, https:\/\/www.askja-on-tour.ch\/wp-content\/uploads\/2025\/12\/Buenos_Aires-186-1536x1152.jpg 1536w, https:\/\/www.askja-on-tour.ch\/wp-content\/uploads\/2025\/12\/Buenos_Aires-186.jpg 2048w\" sizes=\"auto, (max-width: 1024px) 100vw, 1024px\" \/><\/p>\n<p>Am Abend haben wir uns VIP-Ticket f\u00fcr das Abendessen und Tango-Show im \u201eCaf\u00e9 de los Angelitos\u201c geleistet. Wir wurden von einem Chauffeur im Hotel abgeholt und ins Caf\u00e9 gef\u00fchrt, wo wir hervorragend gegessen und auf besten Pl\u00e4tzen eine traumhaft sch\u00f6ne Tango-Vorf\u00fchrung genossen haben. \u00a0Der Tango Argentino unterscheidet sich stark vom Tango, wie er bei uns getanzt wird.<\/p>\n<figure id=\"attachment_30149\" aria-describedby=\"caption-attachment-30149\" style=\"width: 1024px\" class=\"wp-caption alignnone\"><img loading=\"lazy\" decoding=\"async\" class=\"size-medium wp-image-30149\" src=\"https:\/\/www.askja-on-tour.ch\/wp-content\/uploads\/2025\/12\/Buenos_Aires-191-1024x768.jpg\" alt=\"\" width=\"1024\" height=\"768\" srcset=\"https:\/\/www.askja-on-tour.ch\/wp-content\/uploads\/2025\/12\/Buenos_Aires-191-1024x768.jpg 1024w, https:\/\/www.askja-on-tour.ch\/wp-content\/uploads\/2025\/12\/Buenos_Aires-191-1600x1200.jpg 1600w, https:\/\/www.askja-on-tour.ch\/wp-content\/uploads\/2025\/12\/Buenos_Aires-191-768x576.jpg 768w, https:\/\/www.askja-on-tour.ch\/wp-content\/uploads\/2025\/12\/Buenos_Aires-191-1536x1152.jpg 1536w, https:\/\/www.askja-on-tour.ch\/wp-content\/uploads\/2025\/12\/Buenos_Aires-191.jpg 2048w\" sizes=\"auto, (max-width: 1024px) 100vw, 1024px\" \/><figcaption id=\"caption-attachment-30149\" class=\"wp-caption-text\">Tango-Show im \u201eCaf\u00e9 de los Angelitos\u201c<\/figcaption><\/figure>\n<p><img loading=\"lazy\" decoding=\"async\" class=\"alignnone size-medium wp-image-30150\" src=\"https:\/\/www.askja-on-tour.ch\/wp-content\/uploads\/2025\/12\/Buenos_Aires-192-1024x768.jpg\" alt=\"\" width=\"1024\" height=\"768\" srcset=\"https:\/\/www.askja-on-tour.ch\/wp-content\/uploads\/2025\/12\/Buenos_Aires-192-1024x768.jpg 1024w, https:\/\/www.askja-on-tour.ch\/wp-content\/uploads\/2025\/12\/Buenos_Aires-192-1600x1200.jpg 1600w, https:\/\/www.askja-on-tour.ch\/wp-content\/uploads\/2025\/12\/Buenos_Aires-192-768x576.jpg 768w, https:\/\/www.askja-on-tour.ch\/wp-content\/uploads\/2025\/12\/Buenos_Aires-192-1536x1152.jpg 1536w, https:\/\/www.askja-on-tour.ch\/wp-content\/uploads\/2025\/12\/Buenos_Aires-192.jpg 2048w\" sizes=\"auto, (max-width: 1024px) 100vw, 1024px\" \/> <img loading=\"lazy\" decoding=\"async\" class=\"alignnone size-medium wp-image-30151\" src=\"https:\/\/www.askja-on-tour.ch\/wp-content\/uploads\/2025\/12\/Buenos_Aires-193-1024x768.jpg\" alt=\"\" width=\"1024\" height=\"768\" srcset=\"https:\/\/www.askja-on-tour.ch\/wp-content\/uploads\/2025\/12\/Buenos_Aires-193-1024x768.jpg 1024w, https:\/\/www.askja-on-tour.ch\/wp-content\/uploads\/2025\/12\/Buenos_Aires-193-1600x1200.jpg 1600w, https:\/\/www.askja-on-tour.ch\/wp-content\/uploads\/2025\/12\/Buenos_Aires-193-768x576.jpg 768w, https:\/\/www.askja-on-tour.ch\/wp-content\/uploads\/2025\/12\/Buenos_Aires-193-1536x1152.jpg 1536w, https:\/\/www.askja-on-tour.ch\/wp-content\/uploads\/2025\/12\/Buenos_Aires-193.jpg 2048w\" sizes=\"auto, (max-width: 1024px) 100vw, 1024px\" \/><\/p>\n<figure id=\"attachment_30152\" aria-describedby=\"caption-attachment-30152\" style=\"width: 1024px\" class=\"wp-caption alignnone\"><img loading=\"lazy\" decoding=\"async\" class=\"size-medium wp-image-30152\" src=\"https:\/\/www.askja-on-tour.ch\/wp-content\/uploads\/2025\/12\/Buenos_Aires-194-1024x768.jpg\" alt=\"\" width=\"1024\" height=\"768\" srcset=\"https:\/\/www.askja-on-tour.ch\/wp-content\/uploads\/2025\/12\/Buenos_Aires-194-1024x768.jpg 1024w, https:\/\/www.askja-on-tour.ch\/wp-content\/uploads\/2025\/12\/Buenos_Aires-194-1600x1200.jpg 1600w, https:\/\/www.askja-on-tour.ch\/wp-content\/uploads\/2025\/12\/Buenos_Aires-194-768x576.jpg 768w, https:\/\/www.askja-on-tour.ch\/wp-content\/uploads\/2025\/12\/Buenos_Aires-194-1536x1152.jpg 1536w, https:\/\/www.askja-on-tour.ch\/wp-content\/uploads\/2025\/12\/Buenos_Aires-194.jpg 2048w\" sizes=\"auto, (max-width: 1024px) 100vw, 1024px\" \/><figcaption id=\"caption-attachment-30152\" class=\"wp-caption-text\">Wir geniessen einen tollen Blick auf die B\u00fchne und das Orchester oberhalb der B\u00fchne<\/figcaption><\/figure>\n<figure id=\"attachment_30153\" aria-describedby=\"caption-attachment-30153\" style=\"width: 1024px\" class=\"wp-caption alignnone\"><img loading=\"lazy\" decoding=\"async\" class=\"size-medium wp-image-30153\" src=\"https:\/\/www.askja-on-tour.ch\/wp-content\/uploads\/2025\/12\/Buenos_Aires-195-1024x768.jpg\" alt=\"\" width=\"1024\" height=\"768\" srcset=\"https:\/\/www.askja-on-tour.ch\/wp-content\/uploads\/2025\/12\/Buenos_Aires-195-1024x768.jpg 1024w, https:\/\/www.askja-on-tour.ch\/wp-content\/uploads\/2025\/12\/Buenos_Aires-195-1600x1200.jpg 1600w, https:\/\/www.askja-on-tour.ch\/wp-content\/uploads\/2025\/12\/Buenos_Aires-195-768x576.jpg 768w, https:\/\/www.askja-on-tour.ch\/wp-content\/uploads\/2025\/12\/Buenos_Aires-195-1536x1152.jpg 1536w, https:\/\/www.askja-on-tour.ch\/wp-content\/uploads\/2025\/12\/Buenos_Aires-195.jpg 2048w\" sizes=\"auto, (max-width: 1024px) 100vw, 1024px\" \/><figcaption id=\"caption-attachment-30153\" class=\"wp-caption-text\">So schnell f\u00fcllt sich der Saal, wenn Reisegruppen einfallen.<\/figcaption><\/figure>\n<figure id=\"attachment_30154\" aria-describedby=\"caption-attachment-30154\" style=\"width: 1024px\" class=\"wp-caption alignnone\"><img loading=\"lazy\" decoding=\"async\" class=\"size-medium wp-image-30154\" src=\"https:\/\/www.askja-on-tour.ch\/wp-content\/uploads\/2025\/12\/Buenos_Aires-196-1024x768.jpg\" alt=\"\" width=\"1024\" height=\"768\" srcset=\"https:\/\/www.askja-on-tour.ch\/wp-content\/uploads\/2025\/12\/Buenos_Aires-196-1024x768.jpg 1024w, https:\/\/www.askja-on-tour.ch\/wp-content\/uploads\/2025\/12\/Buenos_Aires-196-1600x1200.jpg 1600w, https:\/\/www.askja-on-tour.ch\/wp-content\/uploads\/2025\/12\/Buenos_Aires-196-768x576.jpg 768w, https:\/\/www.askja-on-tour.ch\/wp-content\/uploads\/2025\/12\/Buenos_Aires-196-1536x1152.jpg 1536w, https:\/\/www.askja-on-tour.ch\/wp-content\/uploads\/2025\/12\/Buenos_Aires-196.jpg 2048w\" sizes=\"auto, (max-width: 1024px) 100vw, 1024px\" \/><figcaption id=\"caption-attachment-30154\" class=\"wp-caption-text\">Von hier aus l\u00e4sst es sich geniessen, Essen, Wein und Show waren wunderbar<\/figcaption><\/figure>\n<p><img loading=\"lazy\" decoding=\"async\" class=\"alignnone size-medium wp-image-30155\" src=\"https:\/\/www.askja-on-tour.ch\/wp-content\/uploads\/2025\/12\/Buenos_Aires-197-1024x768.jpg\" alt=\"\" width=\"1024\" height=\"768\" srcset=\"https:\/\/www.askja-on-tour.ch\/wp-content\/uploads\/2025\/12\/Buenos_Aires-197-1024x768.jpg 1024w, https:\/\/www.askja-on-tour.ch\/wp-content\/uploads\/2025\/12\/Buenos_Aires-197-1600x1200.jpg 1600w, https:\/\/www.askja-on-tour.ch\/wp-content\/uploads\/2025\/12\/Buenos_Aires-197-768x576.jpg 768w, https:\/\/www.askja-on-tour.ch\/wp-content\/uploads\/2025\/12\/Buenos_Aires-197-1536x1152.jpg 1536w, https:\/\/www.askja-on-tour.ch\/wp-content\/uploads\/2025\/12\/Buenos_Aires-197.jpg 2048w\" sizes=\"auto, (max-width: 1024px) 100vw, 1024px\" \/> <img loading=\"lazy\" decoding=\"async\" class=\"alignnone size-medium wp-image-30156\" src=\"https:\/\/www.askja-on-tour.ch\/wp-content\/uploads\/2025\/12\/Buenos_Aires-198-1024x768.jpg\" alt=\"\" width=\"1024\" height=\"768\" srcset=\"https:\/\/www.askja-on-tour.ch\/wp-content\/uploads\/2025\/12\/Buenos_Aires-198-1024x768.jpg 1024w, https:\/\/www.askja-on-tour.ch\/wp-content\/uploads\/2025\/12\/Buenos_Aires-198-1600x1200.jpg 1600w, https:\/\/www.askja-on-tour.ch\/wp-content\/uploads\/2025\/12\/Buenos_Aires-198-768x576.jpg 768w, https:\/\/www.askja-on-tour.ch\/wp-content\/uploads\/2025\/12\/Buenos_Aires-198-1536x1152.jpg 1536w, https:\/\/www.askja-on-tour.ch\/wp-content\/uploads\/2025\/12\/Buenos_Aires-198.jpg 2048w\" sizes=\"auto, (max-width: 1024px) 100vw, 1024px\" \/> <img loading=\"lazy\" decoding=\"async\" class=\"alignnone size-medium wp-image-30157\" src=\"https:\/\/www.askja-on-tour.ch\/wp-content\/uploads\/2025\/12\/Buenos_Aires-199-1024x768.jpg\" alt=\"\" width=\"1024\" height=\"768\" srcset=\"https:\/\/www.askja-on-tour.ch\/wp-content\/uploads\/2025\/12\/Buenos_Aires-199-1024x768.jpg 1024w, https:\/\/www.askja-on-tour.ch\/wp-content\/uploads\/2025\/12\/Buenos_Aires-199-1600x1200.jpg 1600w, https:\/\/www.askja-on-tour.ch\/wp-content\/uploads\/2025\/12\/Buenos_Aires-199-768x576.jpg 768w, https:\/\/www.askja-on-tour.ch\/wp-content\/uploads\/2025\/12\/Buenos_Aires-199-1536x1152.jpg 1536w, https:\/\/www.askja-on-tour.ch\/wp-content\/uploads\/2025\/12\/Buenos_Aires-199.jpg 2048w\" sizes=\"auto, (max-width: 1024px) 100vw, 1024px\" \/> <img loading=\"lazy\" decoding=\"async\" class=\"alignnone size-medium wp-image-30158\" src=\"https:\/\/www.askja-on-tour.ch\/wp-content\/uploads\/2025\/12\/Buenos_Aires-200-1024x768.jpg\" alt=\"\" width=\"1024\" height=\"768\" srcset=\"https:\/\/www.askja-on-tour.ch\/wp-content\/uploads\/2025\/12\/Buenos_Aires-200-1024x768.jpg 1024w, https:\/\/www.askja-on-tour.ch\/wp-content\/uploads\/2025\/12\/Buenos_Aires-200-1600x1200.jpg 1600w, https:\/\/www.askja-on-tour.ch\/wp-content\/uploads\/2025\/12\/Buenos_Aires-200-768x576.jpg 768w, https:\/\/www.askja-on-tour.ch\/wp-content\/uploads\/2025\/12\/Buenos_Aires-200-1536x1152.jpg 1536w, https:\/\/www.askja-on-tour.ch\/wp-content\/uploads\/2025\/12\/Buenos_Aires-200.jpg 2048w\" sizes=\"auto, (max-width: 1024px) 100vw, 1024px\" \/> <img loading=\"lazy\" decoding=\"async\" class=\"alignnone size-medium wp-image-30159\" src=\"https:\/\/www.askja-on-tour.ch\/wp-content\/uploads\/2025\/12\/Buenos_Aires-201-1024x768.jpg\" alt=\"\" width=\"1024\" height=\"768\" srcset=\"https:\/\/www.askja-on-tour.ch\/wp-content\/uploads\/2025\/12\/Buenos_Aires-201-1024x768.jpg 1024w, https:\/\/www.askja-on-tour.ch\/wp-content\/uploads\/2025\/12\/Buenos_Aires-201-1600x1200.jpg 1600w, https:\/\/www.askja-on-tour.ch\/wp-content\/uploads\/2025\/12\/Buenos_Aires-201-768x576.jpg 768w, https:\/\/www.askja-on-tour.ch\/wp-content\/uploads\/2025\/12\/Buenos_Aires-201-1536x1152.jpg 1536w, https:\/\/www.askja-on-tour.ch\/wp-content\/uploads\/2025\/12\/Buenos_Aires-201.jpg 2048w\" sizes=\"auto, (max-width: 1024px) 100vw, 1024px\" \/> <img loading=\"lazy\" decoding=\"async\" class=\"alignnone size-medium wp-image-30160\" src=\"https:\/\/www.askja-on-tour.ch\/wp-content\/uploads\/2025\/12\/Buenos_Aires-202-1024x768.jpg\" alt=\"\" width=\"1024\" height=\"768\" srcset=\"https:\/\/www.askja-on-tour.ch\/wp-content\/uploads\/2025\/12\/Buenos_Aires-202-1024x768.jpg 1024w, https:\/\/www.askja-on-tour.ch\/wp-content\/uploads\/2025\/12\/Buenos_Aires-202-1600x1200.jpg 1600w, https:\/\/www.askja-on-tour.ch\/wp-content\/uploads\/2025\/12\/Buenos_Aires-202-768x576.jpg 768w, https:\/\/www.askja-on-tour.ch\/wp-content\/uploads\/2025\/12\/Buenos_Aires-202-1536x1152.jpg 1536w, https:\/\/www.askja-on-tour.ch\/wp-content\/uploads\/2025\/12\/Buenos_Aires-202.jpg 2048w\" sizes=\"auto, (max-width: 1024px) 100vw, 1024px\" \/> <img loading=\"lazy\" decoding=\"async\" class=\"alignnone size-medium wp-image-30161\" src=\"https:\/\/www.askja-on-tour.ch\/wp-content\/uploads\/2025\/12\/Buenos_Aires-203-1024x768.jpg\" alt=\"\" width=\"1024\" height=\"768\" srcset=\"https:\/\/www.askja-on-tour.ch\/wp-content\/uploads\/2025\/12\/Buenos_Aires-203-1024x768.jpg 1024w, https:\/\/www.askja-on-tour.ch\/wp-content\/uploads\/2025\/12\/Buenos_Aires-203-1600x1200.jpg 1600w, https:\/\/www.askja-on-tour.ch\/wp-content\/uploads\/2025\/12\/Buenos_Aires-203-768x576.jpg 768w, https:\/\/www.askja-on-tour.ch\/wp-content\/uploads\/2025\/12\/Buenos_Aires-203-1536x1152.jpg 1536w, https:\/\/www.askja-on-tour.ch\/wp-content\/uploads\/2025\/12\/Buenos_Aires-203.jpg 2048w\" sizes=\"auto, (max-width: 1024px) 100vw, 1024px\" \/> <img loading=\"lazy\" decoding=\"async\" class=\"alignnone size-medium wp-image-30162\" src=\"https:\/\/www.askja-on-tour.ch\/wp-content\/uploads\/2025\/12\/Buenos_Aires-204-1024x768.jpg\" alt=\"\" width=\"1024\" height=\"768\" srcset=\"https:\/\/www.askja-on-tour.ch\/wp-content\/uploads\/2025\/12\/Buenos_Aires-204-1024x768.jpg 1024w, https:\/\/www.askja-on-tour.ch\/wp-content\/uploads\/2025\/12\/Buenos_Aires-204-1600x1200.jpg 1600w, https:\/\/www.askja-on-tour.ch\/wp-content\/uploads\/2025\/12\/Buenos_Aires-204-768x576.jpg 768w, https:\/\/www.askja-on-tour.ch\/wp-content\/uploads\/2025\/12\/Buenos_Aires-204-1536x1152.jpg 1536w, https:\/\/www.askja-on-tour.ch\/wp-content\/uploads\/2025\/12\/Buenos_Aires-204.jpg 2048w\" sizes=\"auto, (max-width: 1024px) 100vw, 1024px\" \/> <img loading=\"lazy\" decoding=\"async\" class=\"alignnone size-medium wp-image-30163\" src=\"https:\/\/www.askja-on-tour.ch\/wp-content\/uploads\/2025\/12\/Buenos_Aires-205-1024x768.jpg\" alt=\"\" width=\"1024\" height=\"768\" srcset=\"https:\/\/www.askja-on-tour.ch\/wp-content\/uploads\/2025\/12\/Buenos_Aires-205-1024x768.jpg 1024w, https:\/\/www.askja-on-tour.ch\/wp-content\/uploads\/2025\/12\/Buenos_Aires-205-1600x1200.jpg 1600w, https:\/\/www.askja-on-tour.ch\/wp-content\/uploads\/2025\/12\/Buenos_Aires-205-768x576.jpg 768w, https:\/\/www.askja-on-tour.ch\/wp-content\/uploads\/2025\/12\/Buenos_Aires-205-1536x1152.jpg 1536w, https:\/\/www.askja-on-tour.ch\/wp-content\/uploads\/2025\/12\/Buenos_Aires-205.jpg 2048w\" sizes=\"auto, (max-width: 1024px) 100vw, 1024px\" \/><\/p>\n<p>Der Tango Argentino ist ein leidenschaftlicher, improvisierter Paartanz aus Buenos Aires, der sich durch enge Umarmung, K\u00f6rperf\u00fchrung und die Interpretation der Musik auszeichnet, im Gegensatz zum standardisierten europ\u00e4ischen Turniertanz. Er entstand im 20. Jahrhundert in den Arbeitervierteln der Stadt und ist mehr als nur ein Tanz \u2013 er ist Ausdruck von Kultur, Melancholie und Emotionen, bei dem der F\u00fchrende die Partnerin durch subtile Signale leitet, um eine einzigartige, gemeinsame Geschichte zu erz\u00e4hlen. Der Tango wurde anf\u00e4nglich vor allem von M\u00e4nnern getanzt. Dies ist v.a. der Tatsache geschultet, dass in den Hafenst\u00e4dten des Rio Plata \u00fcber 6 Millionen Einwanderer, haupts\u00e4chlich M\u00e4nner, ihr Gl\u00fcck nach einem besseren Leben suchten.<\/p>\n<p>Den n\u00e4chsten Tag verbrachten wir mit Flanieren durch die Strassen von Buenos Aires. Begonnen haben wir den Tag auf dem Aussichtspunkt der Galer\u00eda G\u00fcemes. Die Galerie wurde 1915 erbaut und war der erste Wolkenkratzer der Stadt. Das 16-st\u00f6ckige Geb\u00e4ude ist heute ein durchschnittliches Einkaufszentrum in einem pr\u00e4chtigen Jugendstilgeb\u00e4ude. Es wird gesagt, dass der Schriftsteller des kleinen Prinzen, Antoine de Saint-Exupery, einst in einer Wohnung im Obergeschoss dieses Geb\u00e4udes lebte. Mit einem antiken Aufzug gelangt man in den 16. Stock, von wo eine Wendeltreppe noch zwei Etagen h\u00f6her zum Aussichtspunkt f\u00fchrt, der einen grandiosen Blick auf den Stadtteil Retiro und den Rio Plata bietet.<\/p>\n<figure id=\"attachment_30165\" aria-describedby=\"caption-attachment-30165\" style=\"width: 768px\" class=\"wp-caption alignnone\"><img loading=\"lazy\" decoding=\"async\" class=\"size-medium wp-image-30165\" src=\"https:\/\/www.askja-on-tour.ch\/wp-content\/uploads\/2025\/12\/Buenos_Aires-207-768x1024.jpg\" alt=\"\" width=\"768\" height=\"1024\" srcset=\"https:\/\/www.askja-on-tour.ch\/wp-content\/uploads\/2025\/12\/Buenos_Aires-207-768x1024.jpg 768w, https:\/\/www.askja-on-tour.ch\/wp-content\/uploads\/2025\/12\/Buenos_Aires-207-1200x1600.jpg 1200w, https:\/\/www.askja-on-tour.ch\/wp-content\/uploads\/2025\/12\/Buenos_Aires-207-1152x1536.jpg 1152w, https:\/\/www.askja-on-tour.ch\/wp-content\/uploads\/2025\/12\/Buenos_Aires-207.jpg 1536w\" sizes=\"auto, (max-width: 768px) 100vw, 768px\" \/><figcaption id=\"caption-attachment-30165\" class=\"wp-caption-text\">Galer\u00eda G\u00fcemes<\/figcaption><\/figure>\n<p><img loading=\"lazy\" decoding=\"async\" class=\"alignnone size-medium wp-image-30166\" src=\"https:\/\/www.askja-on-tour.ch\/wp-content\/uploads\/2025\/12\/Buenos_Aires-208-768x1024.jpg\" alt=\"\" width=\"768\" height=\"1024\" srcset=\"https:\/\/www.askja-on-tour.ch\/wp-content\/uploads\/2025\/12\/Buenos_Aires-208-768x1024.jpg 768w, https:\/\/www.askja-on-tour.ch\/wp-content\/uploads\/2025\/12\/Buenos_Aires-208-1200x1600.jpg 1200w, https:\/\/www.askja-on-tour.ch\/wp-content\/uploads\/2025\/12\/Buenos_Aires-208-1152x1536.jpg 1152w, https:\/\/www.askja-on-tour.ch\/wp-content\/uploads\/2025\/12\/Buenos_Aires-208.jpg 1536w\" sizes=\"auto, (max-width: 768px) 100vw, 768px\" \/><\/p>\n<figure id=\"attachment_30167\" aria-describedby=\"caption-attachment-30167\" style=\"width: 768px\" class=\"wp-caption alignnone\"><img loading=\"lazy\" decoding=\"async\" class=\"size-medium wp-image-30167\" src=\"https:\/\/www.askja-on-tour.ch\/wp-content\/uploads\/2025\/12\/Buenos_Aires-209-768x1024.jpg\" alt=\"\" width=\"768\" height=\"1024\" srcset=\"https:\/\/www.askja-on-tour.ch\/wp-content\/uploads\/2025\/12\/Buenos_Aires-209-768x1024.jpg 768w, https:\/\/www.askja-on-tour.ch\/wp-content\/uploads\/2025\/12\/Buenos_Aires-209-1200x1600.jpg 1200w, https:\/\/www.askja-on-tour.ch\/wp-content\/uploads\/2025\/12\/Buenos_Aires-209-1152x1536.jpg 1152w, https:\/\/www.askja-on-tour.ch\/wp-content\/uploads\/2025\/12\/Buenos_Aires-209.jpg 1536w\" sizes=\"auto, (max-width: 768px) 100vw, 768px\" \/><figcaption id=\"caption-attachment-30167\" class=\"wp-caption-text\">Dieser antike Aufzug brachte uns in den 16. Stock.<\/figcaption><\/figure>\n<figure id=\"attachment_30168\" aria-describedby=\"caption-attachment-30168\" style=\"width: 1024px\" class=\"wp-caption alignnone\"><img loading=\"lazy\" decoding=\"async\" class=\"size-medium wp-image-30168\" src=\"https:\/\/www.askja-on-tour.ch\/wp-content\/uploads\/2025\/12\/Buenos_Aires-210-1024x768.jpg\" alt=\"\" width=\"1024\" height=\"768\" srcset=\"https:\/\/www.askja-on-tour.ch\/wp-content\/uploads\/2025\/12\/Buenos_Aires-210-1024x768.jpg 1024w, https:\/\/www.askja-on-tour.ch\/wp-content\/uploads\/2025\/12\/Buenos_Aires-210-1600x1200.jpg 1600w, https:\/\/www.askja-on-tour.ch\/wp-content\/uploads\/2025\/12\/Buenos_Aires-210-768x576.jpg 768w, https:\/\/www.askja-on-tour.ch\/wp-content\/uploads\/2025\/12\/Buenos_Aires-210-1536x1152.jpg 1536w, https:\/\/www.askja-on-tour.ch\/wp-content\/uploads\/2025\/12\/Buenos_Aires-210.jpg 2048w\" sizes=\"auto, (max-width: 1024px) 100vw, 1024px\" \/><figcaption id=\"caption-attachment-30168\" class=\"wp-caption-text\">Einmaliger Blick auf den Stadtteil Retiro und den Rio Plata<\/figcaption><\/figure>\n<p><img loading=\"lazy\" decoding=\"async\" class=\"alignnone size-medium wp-image-30169\" src=\"https:\/\/www.askja-on-tour.ch\/wp-content\/uploads\/2025\/12\/Buenos_Aires-211-768x1024.jpg\" alt=\"\" width=\"768\" height=\"1024\" srcset=\"https:\/\/www.askja-on-tour.ch\/wp-content\/uploads\/2025\/12\/Buenos_Aires-211-768x1024.jpg 768w, https:\/\/www.askja-on-tour.ch\/wp-content\/uploads\/2025\/12\/Buenos_Aires-211-1200x1600.jpg 1200w, https:\/\/www.askja-on-tour.ch\/wp-content\/uploads\/2025\/12\/Buenos_Aires-211-1152x1536.jpg 1152w, https:\/\/www.askja-on-tour.ch\/wp-content\/uploads\/2025\/12\/Buenos_Aires-211.jpg 1536w\" sizes=\"auto, (max-width: 768px) 100vw, 768px\" \/> <img loading=\"lazy\" decoding=\"async\" class=\"alignnone size-medium wp-image-30170\" src=\"https:\/\/www.askja-on-tour.ch\/wp-content\/uploads\/2025\/12\/Buenos_Aires-212-1024x768.jpg\" alt=\"\" width=\"1024\" height=\"768\" srcset=\"https:\/\/www.askja-on-tour.ch\/wp-content\/uploads\/2025\/12\/Buenos_Aires-212-1024x768.jpg 1024w, https:\/\/www.askja-on-tour.ch\/wp-content\/uploads\/2025\/12\/Buenos_Aires-212-1600x1200.jpg 1600w, https:\/\/www.askja-on-tour.ch\/wp-content\/uploads\/2025\/12\/Buenos_Aires-212-768x576.jpg 768w, https:\/\/www.askja-on-tour.ch\/wp-content\/uploads\/2025\/12\/Buenos_Aires-212-1536x1152.jpg 1536w, https:\/\/www.askja-on-tour.ch\/wp-content\/uploads\/2025\/12\/Buenos_Aires-212.jpg 2048w\" sizes=\"auto, (max-width: 1024px) 100vw, 1024px\" \/> <img loading=\"lazy\" decoding=\"async\" class=\"alignnone size-medium wp-image-30171\" src=\"https:\/\/www.askja-on-tour.ch\/wp-content\/uploads\/2025\/12\/Buenos_Aires-213-768x1024.jpg\" alt=\"\" width=\"768\" height=\"1024\" srcset=\"https:\/\/www.askja-on-tour.ch\/wp-content\/uploads\/2025\/12\/Buenos_Aires-213-768x1024.jpg 768w, https:\/\/www.askja-on-tour.ch\/wp-content\/uploads\/2025\/12\/Buenos_Aires-213-1200x1600.jpg 1200w, https:\/\/www.askja-on-tour.ch\/wp-content\/uploads\/2025\/12\/Buenos_Aires-213-1152x1536.jpg 1152w, https:\/\/www.askja-on-tour.ch\/wp-content\/uploads\/2025\/12\/Buenos_Aires-213.jpg 1536w\" sizes=\"auto, (max-width: 768px) 100vw, 768px\" \/> <img loading=\"lazy\" decoding=\"async\" class=\"alignnone size-medium wp-image-30172\" src=\"https:\/\/www.askja-on-tour.ch\/wp-content\/uploads\/2025\/12\/Buenos_Aires-214-768x1024.jpg\" alt=\"\" width=\"768\" height=\"1024\" srcset=\"https:\/\/www.askja-on-tour.ch\/wp-content\/uploads\/2025\/12\/Buenos_Aires-214-768x1024.jpg 768w, https:\/\/www.askja-on-tour.ch\/wp-content\/uploads\/2025\/12\/Buenos_Aires-214-1200x1600.jpg 1200w, https:\/\/www.askja-on-tour.ch\/wp-content\/uploads\/2025\/12\/Buenos_Aires-214-1152x1536.jpg 1152w, https:\/\/www.askja-on-tour.ch\/wp-content\/uploads\/2025\/12\/Buenos_Aires-214.jpg 1536w\" sizes=\"auto, (max-width: 768px) 100vw, 768px\" \/><\/p>\n<p><img loading=\"lazy\" decoding=\"async\" class=\"alignnone size-medium wp-image-30164\" src=\"https:\/\/www.askja-on-tour.ch\/wp-content\/uploads\/2025\/12\/Buenos_Aires-206-768x1024.jpg\" alt=\"\" width=\"768\" height=\"1024\" srcset=\"https:\/\/www.askja-on-tour.ch\/wp-content\/uploads\/2025\/12\/Buenos_Aires-206-768x1024.jpg 768w, https:\/\/www.askja-on-tour.ch\/wp-content\/uploads\/2025\/12\/Buenos_Aires-206-1200x1600.jpg 1200w, https:\/\/www.askja-on-tour.ch\/wp-content\/uploads\/2025\/12\/Buenos_Aires-206-1152x1536.jpg 1152w, https:\/\/www.askja-on-tour.ch\/wp-content\/uploads\/2025\/12\/Buenos_Aires-206.jpg 1536w\" sizes=\"auto, (max-width: 768px) 100vw, 768px\" \/> <img loading=\"lazy\" decoding=\"async\" class=\"alignnone size-medium wp-image-30178\" src=\"https:\/\/www.askja-on-tour.ch\/wp-content\/uploads\/2025\/12\/Buenos_Aires-220-1024x768.jpg\" alt=\"\" width=\"1024\" height=\"768\" srcset=\"https:\/\/www.askja-on-tour.ch\/wp-content\/uploads\/2025\/12\/Buenos_Aires-220-1024x768.jpg 1024w, https:\/\/www.askja-on-tour.ch\/wp-content\/uploads\/2025\/12\/Buenos_Aires-220-1600x1200.jpg 1600w, https:\/\/www.askja-on-tour.ch\/wp-content\/uploads\/2025\/12\/Buenos_Aires-220-768x576.jpg 768w, https:\/\/www.askja-on-tour.ch\/wp-content\/uploads\/2025\/12\/Buenos_Aires-220-1536x1152.jpg 1536w, https:\/\/www.askja-on-tour.ch\/wp-content\/uploads\/2025\/12\/Buenos_Aires-220.jpg 2048w\" sizes=\"auto, (max-width: 1024px) 100vw, 1024px\" \/><\/p>\n<figure id=\"attachment_30179\" aria-describedby=\"caption-attachment-30179\" style=\"width: 1024px\" class=\"wp-caption alignnone\"><img loading=\"lazy\" decoding=\"async\" class=\"size-medium wp-image-30179\" src=\"https:\/\/www.askja-on-tour.ch\/wp-content\/uploads\/2025\/12\/Buenos_Aires-221-1024x768.jpg\" alt=\"\" width=\"1024\" height=\"768\" srcset=\"https:\/\/www.askja-on-tour.ch\/wp-content\/uploads\/2025\/12\/Buenos_Aires-221-1024x768.jpg 1024w, https:\/\/www.askja-on-tour.ch\/wp-content\/uploads\/2025\/12\/Buenos_Aires-221-1600x1200.jpg 1600w, https:\/\/www.askja-on-tour.ch\/wp-content\/uploads\/2025\/12\/Buenos_Aires-221-768x576.jpg 768w, https:\/\/www.askja-on-tour.ch\/wp-content\/uploads\/2025\/12\/Buenos_Aires-221-1536x1152.jpg 1536w, https:\/\/www.askja-on-tour.ch\/wp-content\/uploads\/2025\/12\/Buenos_Aires-221.jpg 2048w\" sizes=\"auto, (max-width: 1024px) 100vw, 1024px\" \/><figcaption id=\"caption-attachment-30179\" class=\"wp-caption-text\">Und nat\u00fcrlich darf auch hier das Denkmal f\u00fcr die Gefallenen im Malvinas (Falklands)-Krieg nicht fehlen<\/figcaption><\/figure>\n<figure id=\"attachment_30089\" aria-describedby=\"caption-attachment-30089\" style=\"width: 768px\" class=\"wp-caption alignnone\"><img loading=\"lazy\" decoding=\"async\" class=\"size-medium wp-image-30089\" src=\"https:\/\/www.askja-on-tour.ch\/wp-content\/uploads\/2025\/12\/Buenos_Aires-130-768x1024.jpg\" alt=\"\" width=\"768\" height=\"1024\" srcset=\"https:\/\/www.askja-on-tour.ch\/wp-content\/uploads\/2025\/12\/Buenos_Aires-130-768x1024.jpg 768w, https:\/\/www.askja-on-tour.ch\/wp-content\/uploads\/2025\/12\/Buenos_Aires-130-1200x1600.jpg 1200w, https:\/\/www.askja-on-tour.ch\/wp-content\/uploads\/2025\/12\/Buenos_Aires-130-1152x1536.jpg 1152w, https:\/\/www.askja-on-tour.ch\/wp-content\/uploads\/2025\/12\/Buenos_Aires-130.jpg 1536w\" sizes=\"auto, (max-width: 768px) 100vw, 768px\" \/><figcaption id=\"caption-attachment-30089\" class=\"wp-caption-text\">Interessante Skulpur<\/figcaption><\/figure>\n<p><img loading=\"lazy\" decoding=\"async\" class=\"alignnone size-medium wp-image-30090\" src=\"https:\/\/www.askja-on-tour.ch\/wp-content\/uploads\/2025\/12\/Buenos_Aires-131-1024x768.jpg\" alt=\"\" width=\"1024\" height=\"768\" srcset=\"https:\/\/www.askja-on-tour.ch\/wp-content\/uploads\/2025\/12\/Buenos_Aires-131-1024x768.jpg 1024w, https:\/\/www.askja-on-tour.ch\/wp-content\/uploads\/2025\/12\/Buenos_Aires-131-1600x1200.jpg 1600w, https:\/\/www.askja-on-tour.ch\/wp-content\/uploads\/2025\/12\/Buenos_Aires-131-768x576.jpg 768w, https:\/\/www.askja-on-tour.ch\/wp-content\/uploads\/2025\/12\/Buenos_Aires-131-1536x1152.jpg 1536w, https:\/\/www.askja-on-tour.ch\/wp-content\/uploads\/2025\/12\/Buenos_Aires-131.jpg 2048w\" sizes=\"auto, (max-width: 1024px) 100vw, 1024px\" \/><\/p>\n<figure id=\"attachment_30092\" aria-describedby=\"caption-attachment-30092\" style=\"width: 768px\" class=\"wp-caption alignnone\"><img loading=\"lazy\" decoding=\"async\" class=\"size-medium wp-image-30092\" src=\"https:\/\/www.askja-on-tour.ch\/wp-content\/uploads\/2025\/12\/Buenos_Aires-133-768x1024.jpg\" alt=\"\" width=\"768\" height=\"1024\" srcset=\"https:\/\/www.askja-on-tour.ch\/wp-content\/uploads\/2025\/12\/Buenos_Aires-133-768x1024.jpg 768w, https:\/\/www.askja-on-tour.ch\/wp-content\/uploads\/2025\/12\/Buenos_Aires-133-1200x1600.jpg 1200w, https:\/\/www.askja-on-tour.ch\/wp-content\/uploads\/2025\/12\/Buenos_Aires-133-1152x1536.jpg 1152w, https:\/\/www.askja-on-tour.ch\/wp-content\/uploads\/2025\/12\/Buenos_Aires-133.jpg 1536w\" sizes=\"auto, (max-width: 768px) 100vw, 768px\" \/><figcaption id=\"caption-attachment-30092\" class=\"wp-caption-text\">Mural von Lionel Messi<\/figcaption><\/figure>\n<figure id=\"attachment_30093\" aria-describedby=\"caption-attachment-30093\" style=\"width: 1024px\" class=\"wp-caption alignnone\"><img loading=\"lazy\" decoding=\"async\" class=\"size-medium wp-image-30093\" src=\"https:\/\/www.askja-on-tour.ch\/wp-content\/uploads\/2025\/12\/Buenos_Aires-134-1024x768.jpg\" alt=\"\" width=\"1024\" height=\"768\" srcset=\"https:\/\/www.askja-on-tour.ch\/wp-content\/uploads\/2025\/12\/Buenos_Aires-134-1024x768.jpg 1024w, https:\/\/www.askja-on-tour.ch\/wp-content\/uploads\/2025\/12\/Buenos_Aires-134-1600x1200.jpg 1600w, https:\/\/www.askja-on-tour.ch\/wp-content\/uploads\/2025\/12\/Buenos_Aires-134-768x576.jpg 768w, https:\/\/www.askja-on-tour.ch\/wp-content\/uploads\/2025\/12\/Buenos_Aires-134-1536x1152.jpg 1536w, https:\/\/www.askja-on-tour.ch\/wp-content\/uploads\/2025\/12\/Buenos_Aires-134.jpg 2048w\" sizes=\"auto, (max-width: 1024px) 100vw, 1024px\" \/><figcaption id=\"caption-attachment-30093\" class=\"wp-caption-text\">Sch\u00f6ne Bruchbude, die aber noch bewohnt ist.<\/figcaption><\/figure>\n<figure id=\"attachment_30177\" aria-describedby=\"caption-attachment-30177\" style=\"width: 1024px\" class=\"wp-caption alignnone\"><img loading=\"lazy\" decoding=\"async\" class=\"size-medium wp-image-30177\" src=\"https:\/\/www.askja-on-tour.ch\/wp-content\/uploads\/2025\/12\/Buenos_Aires-219-1024x768.jpg\" alt=\"\" width=\"1024\" height=\"768\" srcset=\"https:\/\/www.askja-on-tour.ch\/wp-content\/uploads\/2025\/12\/Buenos_Aires-219-1024x768.jpg 1024w, https:\/\/www.askja-on-tour.ch\/wp-content\/uploads\/2025\/12\/Buenos_Aires-219-1600x1200.jpg 1600w, https:\/\/www.askja-on-tour.ch\/wp-content\/uploads\/2025\/12\/Buenos_Aires-219-768x576.jpg 768w, https:\/\/www.askja-on-tour.ch\/wp-content\/uploads\/2025\/12\/Buenos_Aires-219-1536x1152.jpg 1536w, https:\/\/www.askja-on-tour.ch\/wp-content\/uploads\/2025\/12\/Buenos_Aires-219.jpg 2048w\" sizes=\"auto, (max-width: 1024px) 100vw, 1024px\" \/><figcaption id=\"caption-attachment-30177\" class=\"wp-caption-text\">Mafalda mit Ihren Freunden<\/figcaption><\/figure>\n<p>Anschliessend sind wir auf der Calle (Strasse) Defensa nochmals nach San Telmo gelaufen. An der Defensa liegt auch das Convento Santo Domingo, die Rosenkranzbasilika. Vor der Dominikanerkirche aus dem 18. Jahrhundert an der Avenida Belgrano befindet sich das Mausoleum des Generals Manuel Belgrano. Bei einer Schlacht 1807 wurde das Kloster Santo Domingo durch viele Kanonenkugeln stark besch\u00e4digt. Holzkl\u00f6tze erinnern in der Fassade an die entfernten Kanonenkugeln.<\/p>\n<figure id=\"attachment_30173\" aria-describedby=\"caption-attachment-30173\" style=\"width: 768px\" class=\"wp-caption alignnone\"><img loading=\"lazy\" decoding=\"async\" class=\"size-medium wp-image-30173\" src=\"https:\/\/www.askja-on-tour.ch\/wp-content\/uploads\/2025\/12\/Buenos_Aires-215-768x1024.jpg\" alt=\"\" width=\"768\" height=\"1024\" srcset=\"https:\/\/www.askja-on-tour.ch\/wp-content\/uploads\/2025\/12\/Buenos_Aires-215-768x1024.jpg 768w, https:\/\/www.askja-on-tour.ch\/wp-content\/uploads\/2025\/12\/Buenos_Aires-215-1200x1600.jpg 1200w, https:\/\/www.askja-on-tour.ch\/wp-content\/uploads\/2025\/12\/Buenos_Aires-215-1152x1536.jpg 1152w, https:\/\/www.askja-on-tour.ch\/wp-content\/uploads\/2025\/12\/Buenos_Aires-215.jpg 1536w\" sizes=\"auto, (max-width: 768px) 100vw, 768px\" \/><figcaption id=\"caption-attachment-30173\" class=\"wp-caption-text\">Mausoleum des Generals Manuel Belgrano vor dem Convento Santo Domingo<\/figcaption><\/figure>\n<figure id=\"attachment_30174\" aria-describedby=\"caption-attachment-30174\" style=\"width: 768px\" class=\"wp-caption alignnone\"><img loading=\"lazy\" decoding=\"async\" class=\"size-medium wp-image-30174\" src=\"https:\/\/www.askja-on-tour.ch\/wp-content\/uploads\/2025\/12\/Buenos_Aires-216-768x1024.jpg\" alt=\"\" width=\"768\" height=\"1024\" srcset=\"https:\/\/www.askja-on-tour.ch\/wp-content\/uploads\/2025\/12\/Buenos_Aires-216-768x1024.jpg 768w, https:\/\/www.askja-on-tour.ch\/wp-content\/uploads\/2025\/12\/Buenos_Aires-216-1200x1600.jpg 1200w, https:\/\/www.askja-on-tour.ch\/wp-content\/uploads\/2025\/12\/Buenos_Aires-216-1152x1536.jpg 1152w, https:\/\/www.askja-on-tour.ch\/wp-content\/uploads\/2025\/12\/Buenos_Aires-216.jpg 1536w\" sizes=\"auto, (max-width: 768px) 100vw, 768px\" \/><figcaption id=\"caption-attachment-30174\" class=\"wp-caption-text\">Hier sind noch die Einschussl\u00f6cher der Kanonenkugeln zu sehen<\/figcaption><\/figure>\n<figure id=\"attachment_30175\" aria-describedby=\"caption-attachment-30175\" style=\"width: 1024px\" class=\"wp-caption alignnone\"><img loading=\"lazy\" decoding=\"async\" class=\"size-medium wp-image-30175\" src=\"https:\/\/www.askja-on-tour.ch\/wp-content\/uploads\/2025\/12\/Buenos_Aires-217-1024x768.jpg\" alt=\"\" width=\"1024\" height=\"768\" srcset=\"https:\/\/www.askja-on-tour.ch\/wp-content\/uploads\/2025\/12\/Buenos_Aires-217-1024x768.jpg 1024w, https:\/\/www.askja-on-tour.ch\/wp-content\/uploads\/2025\/12\/Buenos_Aires-217-1600x1200.jpg 1600w, https:\/\/www.askja-on-tour.ch\/wp-content\/uploads\/2025\/12\/Buenos_Aires-217-768x576.jpg 768w, https:\/\/www.askja-on-tour.ch\/wp-content\/uploads\/2025\/12\/Buenos_Aires-217-1536x1152.jpg 1536w, https:\/\/www.askja-on-tour.ch\/wp-content\/uploads\/2025\/12\/Buenos_Aires-217.jpg 2048w\" sizes=\"auto, (max-width: 1024px) 100vw, 1024px\" \/><figcaption id=\"caption-attachment-30175\" class=\"wp-caption-text\">Sch\u00f6n gestaltete Dominikanerkirche<\/figcaption><\/figure>\n<p><img loading=\"lazy\" decoding=\"async\" class=\"alignnone size-medium wp-image-30176\" src=\"https:\/\/www.askja-on-tour.ch\/wp-content\/uploads\/2025\/12\/Buenos_Aires-218-768x1024.jpg\" alt=\"\" width=\"768\" height=\"1024\" srcset=\"https:\/\/www.askja-on-tour.ch\/wp-content\/uploads\/2025\/12\/Buenos_Aires-218-768x1024.jpg 768w, https:\/\/www.askja-on-tour.ch\/wp-content\/uploads\/2025\/12\/Buenos_Aires-218-1200x1600.jpg 1200w, https:\/\/www.askja-on-tour.ch\/wp-content\/uploads\/2025\/12\/Buenos_Aires-218-1152x1536.jpg 1152w, https:\/\/www.askja-on-tour.ch\/wp-content\/uploads\/2025\/12\/Buenos_Aires-218.jpg 1536w\" sizes=\"auto, (max-width: 768px) 100vw, 768px\" \/><\/p>\n<p>Nat\u00fcrlich durfte der Besuch in der wohl ber\u00fchmtesten Buchhandlung in Buenos Aires nicht fehlen. El Ateneo Grand Splendid ist in einem ehemaligen prachtvollen Theater untergebracht. Die urspr\u00fcngliche Architektur, inklusive B\u00fchne, Logen und Fresken, wurden beibehalten hat. Auf der ehemaligen B\u00fchne befindet sich heute ein Kaffee.<\/p>\n<figure id=\"attachment_30180\" aria-describedby=\"caption-attachment-30180\" style=\"width: 768px\" class=\"wp-caption alignnone\"><img loading=\"lazy\" decoding=\"async\" class=\"size-medium wp-image-30180\" src=\"https:\/\/www.askja-on-tour.ch\/wp-content\/uploads\/2025\/12\/Buenos_Aires-222-768x1024.jpg\" alt=\"\" width=\"768\" height=\"1024\" srcset=\"https:\/\/www.askja-on-tour.ch\/wp-content\/uploads\/2025\/12\/Buenos_Aires-222-768x1024.jpg 768w, https:\/\/www.askja-on-tour.ch\/wp-content\/uploads\/2025\/12\/Buenos_Aires-222-1200x1600.jpg 1200w, https:\/\/www.askja-on-tour.ch\/wp-content\/uploads\/2025\/12\/Buenos_Aires-222-1152x1536.jpg 1152w, https:\/\/www.askja-on-tour.ch\/wp-content\/uploads\/2025\/12\/Buenos_Aires-222.jpg 1536w\" sizes=\"auto, (max-width: 768px) 100vw, 768px\" \/><figcaption id=\"caption-attachment-30180\" class=\"wp-caption-text\">El Ateneo Grand Splendid &#8211; die wohl ber\u00fchmteste Buchhandlung in Buenos Aires<\/figcaption><\/figure>\n<p><img loading=\"lazy\" decoding=\"async\" class=\"alignnone size-medium wp-image-30181\" src=\"https:\/\/www.askja-on-tour.ch\/wp-content\/uploads\/2025\/12\/Buenos_Aires-223-1024x768.jpg\" alt=\"\" width=\"1024\" height=\"768\" srcset=\"https:\/\/www.askja-on-tour.ch\/wp-content\/uploads\/2025\/12\/Buenos_Aires-223-1024x768.jpg 1024w, https:\/\/www.askja-on-tour.ch\/wp-content\/uploads\/2025\/12\/Buenos_Aires-223-1600x1200.jpg 1600w, https:\/\/www.askja-on-tour.ch\/wp-content\/uploads\/2025\/12\/Buenos_Aires-223-768x576.jpg 768w, https:\/\/www.askja-on-tour.ch\/wp-content\/uploads\/2025\/12\/Buenos_Aires-223-1536x1152.jpg 1536w, https:\/\/www.askja-on-tour.ch\/wp-content\/uploads\/2025\/12\/Buenos_Aires-223.jpg 2048w\" sizes=\"auto, (max-width: 1024px) 100vw, 1024px\" \/> <img loading=\"lazy\" decoding=\"async\" class=\"alignnone size-medium wp-image-30182\" src=\"https:\/\/www.askja-on-tour.ch\/wp-content\/uploads\/2025\/12\/Buenos_Aires-224-1024x398.jpg\" alt=\"\" width=\"1024\" height=\"398\" srcset=\"https:\/\/www.askja-on-tour.ch\/wp-content\/uploads\/2025\/12\/Buenos_Aires-224-1024x398.jpg 1024w, https:\/\/www.askja-on-tour.ch\/wp-content\/uploads\/2025\/12\/Buenos_Aires-224-1600x622.jpg 1600w, https:\/\/www.askja-on-tour.ch\/wp-content\/uploads\/2025\/12\/Buenos_Aires-224-768x299.jpg 768w, https:\/\/www.askja-on-tour.ch\/wp-content\/uploads\/2025\/12\/Buenos_Aires-224-1536x597.jpg 1536w, https:\/\/www.askja-on-tour.ch\/wp-content\/uploads\/2025\/12\/Buenos_Aires-224.jpg 2048w\" sizes=\"auto, (max-width: 1024px) 100vw, 1024px\" \/> <img loading=\"lazy\" decoding=\"async\" class=\"alignnone size-medium wp-image-30183\" src=\"https:\/\/www.askja-on-tour.ch\/wp-content\/uploads\/2025\/12\/Buenos_Aires-225-1024x768.jpg\" alt=\"\" width=\"1024\" height=\"768\" srcset=\"https:\/\/www.askja-on-tour.ch\/wp-content\/uploads\/2025\/12\/Buenos_Aires-225-1024x768.jpg 1024w, https:\/\/www.askja-on-tour.ch\/wp-content\/uploads\/2025\/12\/Buenos_Aires-225-1600x1200.jpg 1600w, https:\/\/www.askja-on-tour.ch\/wp-content\/uploads\/2025\/12\/Buenos_Aires-225-768x576.jpg 768w, https:\/\/www.askja-on-tour.ch\/wp-content\/uploads\/2025\/12\/Buenos_Aires-225-1536x1152.jpg 1536w, https:\/\/www.askja-on-tour.ch\/wp-content\/uploads\/2025\/12\/Buenos_Aires-225.jpg 2048w\" sizes=\"auto, (max-width: 1024px) 100vw, 1024px\" \/><\/p>\n<p>Am Donnerstag wurden wir dann bereits um 05.30 Uhr vom Taxi abgeholt und zur F\u00e4hrstation gefahren. Um die Mittagszeit kamen wir wieder gut im Paraiso Suizo an, wo wir Askja f\u00fcr die Lagerung bei UY Storage fertig gemacht haben. Nun steht unser WoMo bei UY Storage und wird wieder fit f\u00fcr die n\u00e4chste Reiseetappe gemacht.<\/p>\n<p>Inzwischen sind wir in Wohlen, wurden bei unserer R\u00fcckkehr mit Geschenken von unseren Nachbarn, einer sch\u00f6ne Amaryllis und einem feinen Abendessen, was k\u00f6nntes es anderes sein als unser Wunschessen \u00c4lplermagronen, von Mams verw\u00f6hnt.<\/p>\n<figure id=\"attachment_29957\" aria-describedby=\"caption-attachment-29957\" style=\"width: 369px\" class=\"wp-caption alignnone\"><img loading=\"lazy\" decoding=\"async\" class=\"size-full wp-image-29957\" src=\"https:\/\/www.askja-on-tour.ch\/wp-content\/uploads\/2025\/12\/Praesentation1.jpg\" alt=\"\" width=\"369\" height=\"364\" \/><figcaption id=\"caption-attachment-29957\" class=\"wp-caption-text\">Mit so einer sch\u00f6nen Begr\u00fcssung und k\u00f6stlichen Lauchquiches von Marianne und Benno &#8230;<\/figcaption><\/figure>\n<figure id=\"attachment_29958\" aria-describedby=\"caption-attachment-29958\" style=\"width: 1024px\" class=\"wp-caption alignnone\"><img loading=\"lazy\" decoding=\"async\" class=\"size-medium wp-image-29958\" src=\"https:\/\/www.askja-on-tour.ch\/wp-content\/uploads\/2025\/12\/IMG_3202-1024x768.jpeg\" alt=\"\" width=\"1024\" height=\"768\" srcset=\"https:\/\/www.askja-on-tour.ch\/wp-content\/uploads\/2025\/12\/IMG_3202-1024x768.jpeg 1024w, https:\/\/www.askja-on-tour.ch\/wp-content\/uploads\/2025\/12\/IMG_3202-1600x1200.jpeg 1600w, https:\/\/www.askja-on-tour.ch\/wp-content\/uploads\/2025\/12\/IMG_3202-768x576.jpeg 768w, https:\/\/www.askja-on-tour.ch\/wp-content\/uploads\/2025\/12\/IMG_3202-1536x1152.jpeg 1536w, https:\/\/www.askja-on-tour.ch\/wp-content\/uploads\/2025\/12\/IMG_3202-2048x1536.jpeg 2048w\" sizes=\"auto, (max-width: 1024px) 100vw, 1024px\" \/><figcaption id=\"caption-attachment-29958\" class=\"wp-caption-text\">&#8230; und Geschenken von Heidi und Rolf, Adi und Conny und nat\u00fcrlich Mams kommen wir sehr gerne wieder nach Hause.<\/figcaption><\/figure>\n<p>Seit langer Zeit haben wir mal wieder den Weihnachtsmarkt in Bremgarten besucht, um uns weihnachtlich einzustimmen, nachdem wir vom Sommer gekommen sind.<\/p>\n<figure id=\"attachment_29946\" aria-describedby=\"caption-attachment-29946\" style=\"width: 1024px\" class=\"wp-caption alignnone\"><img loading=\"lazy\" decoding=\"async\" class=\"size-medium wp-image-29946\" src=\"https:\/\/www.askja-on-tour.ch\/wp-content\/uploads\/2025\/12\/Weihnachtsmarkt_Dez_25-001-1024x768.jpg\" alt=\"\" width=\"1024\" height=\"768\" srcset=\"https:\/\/www.askja-on-tour.ch\/wp-content\/uploads\/2025\/12\/Weihnachtsmarkt_Dez_25-001-1024x768.jpg 1024w, https:\/\/www.askja-on-tour.ch\/wp-content\/uploads\/2025\/12\/Weihnachtsmarkt_Dez_25-001-1600x1200.jpg 1600w, https:\/\/www.askja-on-tour.ch\/wp-content\/uploads\/2025\/12\/Weihnachtsmarkt_Dez_25-001-768x576.jpg 768w, https:\/\/www.askja-on-tour.ch\/wp-content\/uploads\/2025\/12\/Weihnachtsmarkt_Dez_25-001-1536x1152.jpg 1536w, https:\/\/www.askja-on-tour.ch\/wp-content\/uploads\/2025\/12\/Weihnachtsmarkt_Dez_25-001.jpg 2048w\" sizes=\"auto, (max-width: 1024px) 100vw, 1024px\" \/><figcaption id=\"caption-attachment-29946\" class=\"wp-caption-text\">Unser Besuch mit Mams am Weihnachtsmarkt und der erste Gl\u00fchwein im 2025.<\/figcaption><\/figure>\n<p><img loading=\"lazy\" decoding=\"async\" class=\"alignnone size-medium wp-image-29947\" src=\"https:\/\/www.askja-on-tour.ch\/wp-content\/uploads\/2025\/12\/Weihnachtsmarkt_Dez_25-002-1024x768.jpg\" alt=\"\" width=\"1024\" height=\"768\" srcset=\"https:\/\/www.askja-on-tour.ch\/wp-content\/uploads\/2025\/12\/Weihnachtsmarkt_Dez_25-002-1024x768.jpg 1024w, https:\/\/www.askja-on-tour.ch\/wp-content\/uploads\/2025\/12\/Weihnachtsmarkt_Dez_25-002-1600x1200.jpg 1600w, https:\/\/www.askja-on-tour.ch\/wp-content\/uploads\/2025\/12\/Weihnachtsmarkt_Dez_25-002-768x576.jpg 768w, https:\/\/www.askja-on-tour.ch\/wp-content\/uploads\/2025\/12\/Weihnachtsmarkt_Dez_25-002-1536x1152.jpg 1536w, https:\/\/www.askja-on-tour.ch\/wp-content\/uploads\/2025\/12\/Weihnachtsmarkt_Dez_25-002.jpg 2048w\" sizes=\"auto, (max-width: 1024px) 100vw, 1024px\" \/> <img loading=\"lazy\" decoding=\"async\" class=\"alignnone size-medium wp-image-29948\" src=\"https:\/\/www.askja-on-tour.ch\/wp-content\/uploads\/2025\/12\/Weihnachtsmarkt_Dez_25-003-1024x768.jpg\" alt=\"\" width=\"1024\" height=\"768\" srcset=\"https:\/\/www.askja-on-tour.ch\/wp-content\/uploads\/2025\/12\/Weihnachtsmarkt_Dez_25-003-1024x768.jpg 1024w, https:\/\/www.askja-on-tour.ch\/wp-content\/uploads\/2025\/12\/Weihnachtsmarkt_Dez_25-003-1600x1200.jpg 1600w, https:\/\/www.askja-on-tour.ch\/wp-content\/uploads\/2025\/12\/Weihnachtsmarkt_Dez_25-003-768x576.jpg 768w, https:\/\/www.askja-on-tour.ch\/wp-content\/uploads\/2025\/12\/Weihnachtsmarkt_Dez_25-003-1536x1152.jpg 1536w, https:\/\/www.askja-on-tour.ch\/wp-content\/uploads\/2025\/12\/Weihnachtsmarkt_Dez_25-003.jpg 2048w\" sizes=\"auto, (max-width: 1024px) 100vw, 1024px\" \/> <img loading=\"lazy\" decoding=\"async\" class=\"alignnone size-medium wp-image-29949\" src=\"https:\/\/www.askja-on-tour.ch\/wp-content\/uploads\/2025\/12\/Weihnachtsmarkt_Dez_25-004-1024x768.jpg\" alt=\"\" width=\"1024\" height=\"768\" srcset=\"https:\/\/www.askja-on-tour.ch\/wp-content\/uploads\/2025\/12\/Weihnachtsmarkt_Dez_25-004-1024x768.jpg 1024w, https:\/\/www.askja-on-tour.ch\/wp-content\/uploads\/2025\/12\/Weihnachtsmarkt_Dez_25-004-1600x1200.jpg 1600w, https:\/\/www.askja-on-tour.ch\/wp-content\/uploads\/2025\/12\/Weihnachtsmarkt_Dez_25-004-768x576.jpg 768w, https:\/\/www.askja-on-tour.ch\/wp-content\/uploads\/2025\/12\/Weihnachtsmarkt_Dez_25-004-1536x1152.jpg 1536w, https:\/\/www.askja-on-tour.ch\/wp-content\/uploads\/2025\/12\/Weihnachtsmarkt_Dez_25-004.jpg 2048w\" sizes=\"auto, (max-width: 1024px) 100vw, 1024px\" \/><\/p>\n<figure id=\"attachment_29950\" aria-describedby=\"caption-attachment-29950\" style=\"width: 1024px\" class=\"wp-caption alignnone\"><img loading=\"lazy\" decoding=\"async\" class=\"size-medium wp-image-29950\" src=\"https:\/\/www.askja-on-tour.ch\/wp-content\/uploads\/2025\/12\/Weihnachtsmarkt_Dez_25-005-1024x768.jpg\" alt=\"\" width=\"1024\" height=\"768\" srcset=\"https:\/\/www.askja-on-tour.ch\/wp-content\/uploads\/2025\/12\/Weihnachtsmarkt_Dez_25-005-1024x768.jpg 1024w, https:\/\/www.askja-on-tour.ch\/wp-content\/uploads\/2025\/12\/Weihnachtsmarkt_Dez_25-005-1600x1200.jpg 1600w, https:\/\/www.askja-on-tour.ch\/wp-content\/uploads\/2025\/12\/Weihnachtsmarkt_Dez_25-005-768x576.jpg 768w, https:\/\/www.askja-on-tour.ch\/wp-content\/uploads\/2025\/12\/Weihnachtsmarkt_Dez_25-005-1536x1152.jpg 1536w, https:\/\/www.askja-on-tour.ch\/wp-content\/uploads\/2025\/12\/Weihnachtsmarkt_Dez_25-005.jpg 2048w\" sizes=\"auto, (max-width: 1024px) 100vw, 1024px\" \/><figcaption id=\"caption-attachment-29950\" class=\"wp-caption-text\">Es gibt alles was das Herz begehrt &#8230;<\/figcaption><\/figure>\n<p><img loading=\"lazy\" decoding=\"async\" class=\"alignnone size-medium wp-image-29951\" src=\"https:\/\/www.askja-on-tour.ch\/wp-content\/uploads\/2025\/12\/Weihnachtsmarkt_Dez_25-006-1024x768.jpg\" alt=\"\" width=\"1024\" height=\"768\" srcset=\"https:\/\/www.askja-on-tour.ch\/wp-content\/uploads\/2025\/12\/Weihnachtsmarkt_Dez_25-006-1024x768.jpg 1024w, https:\/\/www.askja-on-tour.ch\/wp-content\/uploads\/2025\/12\/Weihnachtsmarkt_Dez_25-006-1600x1200.jpg 1600w, https:\/\/www.askja-on-tour.ch\/wp-content\/uploads\/2025\/12\/Weihnachtsmarkt_Dez_25-006-768x576.jpg 768w, https:\/\/www.askja-on-tour.ch\/wp-content\/uploads\/2025\/12\/Weihnachtsmarkt_Dez_25-006-1536x1152.jpg 1536w, https:\/\/www.askja-on-tour.ch\/wp-content\/uploads\/2025\/12\/Weihnachtsmarkt_Dez_25-006.jpg 2048w\" sizes=\"auto, (max-width: 1024px) 100vw, 1024px\" \/> <img loading=\"lazy\" decoding=\"async\" class=\"alignnone size-medium wp-image-29952\" src=\"https:\/\/www.askja-on-tour.ch\/wp-content\/uploads\/2025\/12\/Weihnachtsmarkt_Dez_25-007-768x1024.jpg\" alt=\"\" width=\"768\" height=\"1024\" srcset=\"https:\/\/www.askja-on-tour.ch\/wp-content\/uploads\/2025\/12\/Weihnachtsmarkt_Dez_25-007-768x1024.jpg 768w, https:\/\/www.askja-on-tour.ch\/wp-content\/uploads\/2025\/12\/Weihnachtsmarkt_Dez_25-007-1200x1600.jpg 1200w, https:\/\/www.askja-on-tour.ch\/wp-content\/uploads\/2025\/12\/Weihnachtsmarkt_Dez_25-007-1152x1536.jpg 1152w, https:\/\/www.askja-on-tour.ch\/wp-content\/uploads\/2025\/12\/Weihnachtsmarkt_Dez_25-007.jpg 1536w\" sizes=\"auto, (max-width: 768px) 100vw, 768px\" \/> <img loading=\"lazy\" decoding=\"async\" class=\"alignnone size-medium wp-image-29953\" src=\"https:\/\/www.askja-on-tour.ch\/wp-content\/uploads\/2025\/12\/Weihnachtsmarkt_Dez_25-008-1024x768.jpg\" alt=\"\" width=\"1024\" height=\"768\" srcset=\"https:\/\/www.askja-on-tour.ch\/wp-content\/uploads\/2025\/12\/Weihnachtsmarkt_Dez_25-008-1024x768.jpg 1024w, https:\/\/www.askja-on-tour.ch\/wp-content\/uploads\/2025\/12\/Weihnachtsmarkt_Dez_25-008-1600x1200.jpg 1600w, https:\/\/www.askja-on-tour.ch\/wp-content\/uploads\/2025\/12\/Weihnachtsmarkt_Dez_25-008-768x576.jpg 768w, https:\/\/www.askja-on-tour.ch\/wp-content\/uploads\/2025\/12\/Weihnachtsmarkt_Dez_25-008-1536x1152.jpg 1536w, https:\/\/www.askja-on-tour.ch\/wp-content\/uploads\/2025\/12\/Weihnachtsmarkt_Dez_25-008.jpg 2048w\" sizes=\"auto, (max-width: 1024px) 100vw, 1024px\" \/> <img loading=\"lazy\" decoding=\"async\" class=\"alignnone size-medium wp-image-29954\" src=\"https:\/\/www.askja-on-tour.ch\/wp-content\/uploads\/2025\/12\/Weihnachtsmarkt_Dez_25-009-1024x768.jpg\" alt=\"\" width=\"1024\" height=\"768\" srcset=\"https:\/\/www.askja-on-tour.ch\/wp-content\/uploads\/2025\/12\/Weihnachtsmarkt_Dez_25-009-1024x768.jpg 1024w, https:\/\/www.askja-on-tour.ch\/wp-content\/uploads\/2025\/12\/Weihnachtsmarkt_Dez_25-009-1600x1200.jpg 1600w, https:\/\/www.askja-on-tour.ch\/wp-content\/uploads\/2025\/12\/Weihnachtsmarkt_Dez_25-009-768x576.jpg 768w, https:\/\/www.askja-on-tour.ch\/wp-content\/uploads\/2025\/12\/Weihnachtsmarkt_Dez_25-009-1536x1152.jpg 1536w, https:\/\/www.askja-on-tour.ch\/wp-content\/uploads\/2025\/12\/Weihnachtsmarkt_Dez_25-009.jpg 2048w\" sizes=\"auto, (max-width: 1024px) 100vw, 1024px\" \/> <img loading=\"lazy\" decoding=\"async\" class=\"alignnone size-medium wp-image-29955\" src=\"https:\/\/www.askja-on-tour.ch\/wp-content\/uploads\/2025\/12\/Weihnachtsmarkt_Dez_25-010-1024x768.jpg\" alt=\"\" width=\"1024\" height=\"768\" srcset=\"https:\/\/www.askja-on-tour.ch\/wp-content\/uploads\/2025\/12\/Weihnachtsmarkt_Dez_25-010-1024x768.jpg 1024w, https:\/\/www.askja-on-tour.ch\/wp-content\/uploads\/2025\/12\/Weihnachtsmarkt_Dez_25-010-1600x1200.jpg 1600w, https:\/\/www.askja-on-tour.ch\/wp-content\/uploads\/2025\/12\/Weihnachtsmarkt_Dez_25-010-768x576.jpg 768w, https:\/\/www.askja-on-tour.ch\/wp-content\/uploads\/2025\/12\/Weihnachtsmarkt_Dez_25-010-1536x1152.jpg 1536w, https:\/\/www.askja-on-tour.ch\/wp-content\/uploads\/2025\/12\/Weihnachtsmarkt_Dez_25-010.jpg 2048w\" sizes=\"auto, (max-width: 1024px) 100vw, 1024px\" \/> <img loading=\"lazy\" decoding=\"async\" class=\"alignnone size-medium wp-image-29956\" src=\"https:\/\/www.askja-on-tour.ch\/wp-content\/uploads\/2025\/12\/Weihnachtsmarkt_Dez_25-011-768x1024.jpg\" alt=\"\" width=\"768\" height=\"1024\" srcset=\"https:\/\/www.askja-on-tour.ch\/wp-content\/uploads\/2025\/12\/Weihnachtsmarkt_Dez_25-011-768x1024.jpg 768w, https:\/\/www.askja-on-tour.ch\/wp-content\/uploads\/2025\/12\/Weihnachtsmarkt_Dez_25-011-1200x1600.jpg 1200w, https:\/\/www.askja-on-tour.ch\/wp-content\/uploads\/2025\/12\/Weihnachtsmarkt_Dez_25-011-1152x1536.jpg 1152w, https:\/\/www.askja-on-tour.ch\/wp-content\/uploads\/2025\/12\/Weihnachtsmarkt_Dez_25-011.jpg 1536w\" sizes=\"auto, (max-width: 768px) 100vw, 768px\" \/><\/p>\n<p>Nun geniessen wir einige Wochen mit Familie und Freunden, ehe wir dann den dritten Teil unserer S\u00fcdamerika-Reise starten. Bis dahin \u2013 hasta luego, h\u00e4nd Eu Sorg!<\/p>\n","protected":false},"excerpt":{"rendered":"<p>Am 22.11. wurden wir von Marcelo p\u00fcnktlich um 07.00 Uhr im Paraiso Suizo abgeholt, damit wir um 09.00 Uhr am Buqebus-Terminal am Hafen in Montevideo waren. Das Check-In-Prozedere war kurz und schmerzlos. Nur weshalb wir zwei Stunden fr\u00fcher da sein<\/p>\n","protected":false},"author":3,"featured_media":0,"comment_status":"open","ping_status":"closed","sticky":false,"template":"","format":"standard","meta":{"footnotes":""},"categories":[4,50,53],"tags":[],"class_list":["post-29945","post","type-post","status-publish","format-standard","hentry","category-reiseberichte","category-suedamerika_2024_2026","category-uruguay_2025"],"_links":{"self":[{"href":"https:\/\/www.askja-on-tour.ch\/index.php?rest_route=\/wp\/v2\/posts\/29945","targetHints":{"allow":["GET"]}}],"collection":[{"href":"https:\/\/www.askja-on-tour.ch\/index.php?rest_route=\/wp\/v2\/posts"}],"about":[{"href":"https:\/\/www.askja-on-tour.ch\/index.php?rest_route=\/wp\/v2\/types\/post"}],"author":[{"embeddable":true,"href":"https:\/\/www.askja-on-tour.ch\/index.php?rest_route=\/wp\/v2\/users\/3"}],"replies":[{"embeddable":true,"href":"https:\/\/www.askja-on-tour.ch\/index.php?rest_route=%2Fwp%2Fv2%2Fcomments&post=29945"}],"version-history":[{"count":11,"href":"https:\/\/www.askja-on-tour.ch\/index.php?rest_route=\/wp\/v2\/posts\/29945\/revisions"}],"predecessor-version":[{"id":30207,"href":"https:\/\/www.askja-on-tour.ch\/index.php?rest_route=\/wp\/v2\/posts\/29945\/revisions\/30207"}],"wp:attachment":[{"href":"https:\/\/www.askja-on-tour.ch\/index.php?rest_route=%2Fwp%2Fv2%2Fmedia&parent=29945"}],"wp:term":[{"taxonomy":"category","embeddable":true,"href":"https:\/\/www.askja-on-tour.ch\/index.php?rest_route=%2Fwp%2Fv2%2Fcategories&post=29945"},{"taxonomy":"post_tag","embeddable":true,"href":"https:\/\/www.askja-on-tour.ch\/index.php?rest_route=%2Fwp%2Fv2%2Ftags&post=29945"}],"curies":[{"name":"wp","href":"https:\/\/api.w.org\/{rel}","templated":true}]}}