{"id":29737,"date":"2025-11-09T01:14:33","date_gmt":"2025-11-09T01:14:33","guid":{"rendered":"https:\/\/www.askja-on-tour.ch\/?p=29737"},"modified":"2025-11-09T01:48:54","modified_gmt":"2025-11-09T01:48:54","slug":"02-11-2025-09-11-2025-gemaechlich-geht-es-zurueck-durch-die-mate-strasse-wein-strasse-zum-weihnachtsmarkt-in-nova-petropolis","status":"publish","type":"post","link":"https:\/\/www.askja-on-tour.ch\/?p=29737","title":{"rendered":"02.11.2025 \u2013 09.11.2025: Gem\u00e4chlich geht es zur\u00fcck durch die Mate-Strasse, Wein-Strasse zum Weihnachtsmarkt in Nova Petr\u00f3polis"},"content":{"rendered":"\n<p><a href=\"https:\/\/www.google.com\/maps\/d\/edit?mid=1XrGOkiaabyAXfNTfQ7uZuAuE7ziEEnQ&amp;usp=sharing\" target=\"_blank\" rel=\"noopener\">Am Weihnachtsmarkt in Nova Petr\u00f3polisLink zur Karte mit unserer aktuellen Route<\/a><\/p>\n<p>Wir bewegen uns gem\u00e4chlich zur\u00fcck in Richtung Montevideo, wo wir das WoMo f\u00fcr unsere R\u00fcckreise zu Weihnachten einstellen. Nach den Iguaz\u00fa-Wasserf\u00e4llen (nachtr\u00e4glich noch ein paar Bilder des Platzes in Tierra Roja) wollten wir noch an die Saltos de Mocona (Mocona-Wasserf\u00e4lle). Deshalb hatten wir uns den Platz Bella Vista in El Soberbio ausgesucht, der wunderbar am Rio Uruguay gelegen ist. Vor Ort erfuhren wir dann allerdings, dass die Mocona-Wasserf\u00e4lle aktuell weder per Boot noch via Schotterpiste erreichbar sind. Die eine Auskunft war, dass der Wasserstand zu hoch, die andere war, dass eine Br\u00fccke zerst\u00f6rt sei. Nicht so schlimm \u2013 die Fahrt nach El Soberbio war sehr sch\u00f6n in Bezug auf H\u00e4user und die landwirtschaftliche Nutzung.<\/p>\n<figure id=\"attachment_29738\" aria-describedby=\"caption-attachment-29738\" style=\"width: 1024px\" class=\"wp-caption alignnone\"><img loading=\"lazy\" decoding=\"async\" class=\"size-medium wp-image-29738\" src=\"https:\/\/www.askja-on-tour.ch\/wp-content\/uploads\/2025\/11\/Sued_Brasilien-001-1024x769.jpg\" alt=\"\" width=\"1024\" height=\"769\" srcset=\"https:\/\/www.askja-on-tour.ch\/wp-content\/uploads\/2025\/11\/Sued_Brasilien-001-1024x769.jpg 1024w, https:\/\/www.askja-on-tour.ch\/wp-content\/uploads\/2025\/11\/Sued_Brasilien-001-1600x1201.jpg 1600w, https:\/\/www.askja-on-tour.ch\/wp-content\/uploads\/2025\/11\/Sued_Brasilien-001-768x576.jpg 768w, https:\/\/www.askja-on-tour.ch\/wp-content\/uploads\/2025\/11\/Sued_Brasilien-001-1536x1153.jpg 1536w, https:\/\/www.askja-on-tour.ch\/wp-content\/uploads\/2025\/11\/Sued_Brasilien-001.jpg 2048w\" sizes=\"auto, (max-width: 1024px) 100vw, 1024px\" \/><figcaption id=\"caption-attachment-29738\" class=\"wp-caption-text\">Unser Platz Tierra Roja in Puerto Iguaz\u00fa<\/figcaption><\/figure>\n<figure id=\"attachment_29739\" aria-describedby=\"caption-attachment-29739\" style=\"width: 1024px\" class=\"wp-caption alignnone\"><img loading=\"lazy\" decoding=\"async\" class=\"size-medium wp-image-29739\" src=\"https:\/\/www.askja-on-tour.ch\/wp-content\/uploads\/2025\/11\/Sued_Brasilien-002-1024x769.jpg\" alt=\"\" width=\"1024\" height=\"769\" srcset=\"https:\/\/www.askja-on-tour.ch\/wp-content\/uploads\/2025\/11\/Sued_Brasilien-002-1024x769.jpg 1024w, https:\/\/www.askja-on-tour.ch\/wp-content\/uploads\/2025\/11\/Sued_Brasilien-002-1600x1201.jpg 1600w, https:\/\/www.askja-on-tour.ch\/wp-content\/uploads\/2025\/11\/Sued_Brasilien-002-768x576.jpg 768w, https:\/\/www.askja-on-tour.ch\/wp-content\/uploads\/2025\/11\/Sued_Brasilien-002-1536x1153.jpg 1536w, https:\/\/www.askja-on-tour.ch\/wp-content\/uploads\/2025\/11\/Sued_Brasilien-002.jpg 2048w\" sizes=\"auto, (max-width: 1024px) 100vw, 1024px\" \/><figcaption id=\"caption-attachment-29739\" class=\"wp-caption-text\">Unser Platz Tierra Roja in Puerto Iguaz\u00fa &#8211; ein Freizeitpark<\/figcaption><\/figure>\n<p><img loading=\"lazy\" decoding=\"async\" class=\"alignnone size-medium wp-image-29740\" src=\"https:\/\/www.askja-on-tour.ch\/wp-content\/uploads\/2025\/11\/Sued_Brasilien-003-1024x769.jpg\" alt=\"\" width=\"1024\" height=\"769\" srcset=\"https:\/\/www.askja-on-tour.ch\/wp-content\/uploads\/2025\/11\/Sued_Brasilien-003-1024x769.jpg 1024w, https:\/\/www.askja-on-tour.ch\/wp-content\/uploads\/2025\/11\/Sued_Brasilien-003-1600x1201.jpg 1600w, https:\/\/www.askja-on-tour.ch\/wp-content\/uploads\/2025\/11\/Sued_Brasilien-003-768x576.jpg 768w, https:\/\/www.askja-on-tour.ch\/wp-content\/uploads\/2025\/11\/Sued_Brasilien-003-1536x1153.jpg 1536w, https:\/\/www.askja-on-tour.ch\/wp-content\/uploads\/2025\/11\/Sued_Brasilien-003.jpg 2048w\" sizes=\"auto, (max-width: 1024px) 100vw, 1024px\" \/> <img loading=\"lazy\" decoding=\"async\" class=\"alignnone size-medium wp-image-29741\" src=\"https:\/\/www.askja-on-tour.ch\/wp-content\/uploads\/2025\/11\/Sued_Brasilien-004-1024x769.jpg\" alt=\"\" width=\"1024\" height=\"769\" srcset=\"https:\/\/www.askja-on-tour.ch\/wp-content\/uploads\/2025\/11\/Sued_Brasilien-004-1024x769.jpg 1024w, https:\/\/www.askja-on-tour.ch\/wp-content\/uploads\/2025\/11\/Sued_Brasilien-004-1600x1201.jpg 1600w, https:\/\/www.askja-on-tour.ch\/wp-content\/uploads\/2025\/11\/Sued_Brasilien-004-768x576.jpg 768w, https:\/\/www.askja-on-tour.ch\/wp-content\/uploads\/2025\/11\/Sued_Brasilien-004-1536x1153.jpg 1536w, https:\/\/www.askja-on-tour.ch\/wp-content\/uploads\/2025\/11\/Sued_Brasilien-004.jpg 2048w\" sizes=\"auto, (max-width: 1024px) 100vw, 1024px\" \/> <img loading=\"lazy\" decoding=\"async\" class=\"alignnone size-medium wp-image-29742\" src=\"https:\/\/www.askja-on-tour.ch\/wp-content\/uploads\/2025\/11\/Sued_Brasilien-005-1024x769.jpg\" alt=\"\" width=\"1024\" height=\"769\" srcset=\"https:\/\/www.askja-on-tour.ch\/wp-content\/uploads\/2025\/11\/Sued_Brasilien-005-1024x769.jpg 1024w, https:\/\/www.askja-on-tour.ch\/wp-content\/uploads\/2025\/11\/Sued_Brasilien-005-1600x1201.jpg 1600w, https:\/\/www.askja-on-tour.ch\/wp-content\/uploads\/2025\/11\/Sued_Brasilien-005-768x576.jpg 768w, https:\/\/www.askja-on-tour.ch\/wp-content\/uploads\/2025\/11\/Sued_Brasilien-005-1536x1153.jpg 1536w, https:\/\/www.askja-on-tour.ch\/wp-content\/uploads\/2025\/11\/Sued_Brasilien-005.jpg 2048w\" sizes=\"auto, (max-width: 1024px) 100vw, 1024px\" \/> <img loading=\"lazy\" decoding=\"async\" class=\"alignnone size-medium wp-image-29743\" src=\"https:\/\/www.askja-on-tour.ch\/wp-content\/uploads\/2025\/11\/Sued_Brasilien-006-1024x769.jpg\" alt=\"\" width=\"1024\" height=\"769\" srcset=\"https:\/\/www.askja-on-tour.ch\/wp-content\/uploads\/2025\/11\/Sued_Brasilien-006-1024x769.jpg 1024w, https:\/\/www.askja-on-tour.ch\/wp-content\/uploads\/2025\/11\/Sued_Brasilien-006-1600x1201.jpg 1600w, https:\/\/www.askja-on-tour.ch\/wp-content\/uploads\/2025\/11\/Sued_Brasilien-006-768x576.jpg 768w, https:\/\/www.askja-on-tour.ch\/wp-content\/uploads\/2025\/11\/Sued_Brasilien-006-1536x1153.jpg 1536w, https:\/\/www.askja-on-tour.ch\/wp-content\/uploads\/2025\/11\/Sued_Brasilien-006.jpg 2048w\" sizes=\"auto, (max-width: 1024px) 100vw, 1024px\" \/><\/p>\n<figure id=\"attachment_29744\" aria-describedby=\"caption-attachment-29744\" style=\"width: 1024px\" class=\"wp-caption alignnone\"><img loading=\"lazy\" decoding=\"async\" class=\"size-medium wp-image-29744\" src=\"https:\/\/www.askja-on-tour.ch\/wp-content\/uploads\/2025\/11\/Sued_Brasilien-007-1024x768.jpg\" alt=\"\" width=\"1024\" height=\"768\" srcset=\"https:\/\/www.askja-on-tour.ch\/wp-content\/uploads\/2025\/11\/Sued_Brasilien-007-1024x768.jpg 1024w, https:\/\/www.askja-on-tour.ch\/wp-content\/uploads\/2025\/11\/Sued_Brasilien-007-1600x1200.jpg 1600w, https:\/\/www.askja-on-tour.ch\/wp-content\/uploads\/2025\/11\/Sued_Brasilien-007-768x576.jpg 768w, https:\/\/www.askja-on-tour.ch\/wp-content\/uploads\/2025\/11\/Sued_Brasilien-007-1536x1152.jpg 1536w, https:\/\/www.askja-on-tour.ch\/wp-content\/uploads\/2025\/11\/Sued_Brasilien-007.jpg 2048w\" sizes=\"auto, (max-width: 1024px) 100vw, 1024px\" \/><figcaption id=\"caption-attachment-29744\" class=\"wp-caption-text\">Vorsicht Nasenb\u00e4ren<\/figcaption><\/figure>\n<figure id=\"attachment_29745\" aria-describedby=\"caption-attachment-29745\" style=\"width: 1024px\" class=\"wp-caption alignnone\"><img loading=\"lazy\" decoding=\"async\" class=\"size-medium wp-image-29745\" src=\"https:\/\/www.askja-on-tour.ch\/wp-content\/uploads\/2025\/11\/Sued_Brasilien-008-1024x768.jpg\" alt=\"\" width=\"1024\" height=\"768\" srcset=\"https:\/\/www.askja-on-tour.ch\/wp-content\/uploads\/2025\/11\/Sued_Brasilien-008-1024x768.jpg 1024w, https:\/\/www.askja-on-tour.ch\/wp-content\/uploads\/2025\/11\/Sued_Brasilien-008-1600x1200.jpg 1600w, https:\/\/www.askja-on-tour.ch\/wp-content\/uploads\/2025\/11\/Sued_Brasilien-008-768x576.jpg 768w, https:\/\/www.askja-on-tour.ch\/wp-content\/uploads\/2025\/11\/Sued_Brasilien-008-1536x1152.jpg 1536w, https:\/\/www.askja-on-tour.ch\/wp-content\/uploads\/2025\/11\/Sued_Brasilien-008.jpg 2048w\" sizes=\"auto, (max-width: 1024px) 100vw, 1024px\" \/><figcaption id=\"caption-attachment-29745\" class=\"wp-caption-text\">Unterwegs<\/figcaption><\/figure>\n<figure id=\"attachment_29746\" aria-describedby=\"caption-attachment-29746\" style=\"width: 1024px\" class=\"wp-caption alignnone\"><img loading=\"lazy\" decoding=\"async\" class=\"size-medium wp-image-29746\" src=\"https:\/\/www.askja-on-tour.ch\/wp-content\/uploads\/2025\/11\/Sued_Brasilien-009-1024x768.jpg\" alt=\"\" width=\"1024\" height=\"768\" srcset=\"https:\/\/www.askja-on-tour.ch\/wp-content\/uploads\/2025\/11\/Sued_Brasilien-009-1024x768.jpg 1024w, https:\/\/www.askja-on-tour.ch\/wp-content\/uploads\/2025\/11\/Sued_Brasilien-009-1600x1200.jpg 1600w, https:\/\/www.askja-on-tour.ch\/wp-content\/uploads\/2025\/11\/Sued_Brasilien-009-768x576.jpg 768w, https:\/\/www.askja-on-tour.ch\/wp-content\/uploads\/2025\/11\/Sued_Brasilien-009-1536x1152.jpg 1536w, https:\/\/www.askja-on-tour.ch\/wp-content\/uploads\/2025\/11\/Sued_Brasilien-009.jpg 2048w\" sizes=\"auto, (max-width: 1024px) 100vw, 1024px\" \/><figcaption id=\"caption-attachment-29746\" class=\"wp-caption-text\">Anbau von YerbaMate (Vordergrund) und im Hintergrund Schwarztee<\/figcaption><\/figure>\n<figure id=\"attachment_29747\" aria-describedby=\"caption-attachment-29747\" style=\"width: 1024px\" class=\"wp-caption alignnone\"><img loading=\"lazy\" decoding=\"async\" class=\"size-medium wp-image-29747\" src=\"https:\/\/www.askja-on-tour.ch\/wp-content\/uploads\/2025\/11\/Sued_Brasilien-010-1024x768.jpg\" alt=\"\" width=\"1024\" height=\"768\" srcset=\"https:\/\/www.askja-on-tour.ch\/wp-content\/uploads\/2025\/11\/Sued_Brasilien-010-1024x768.jpg 1024w, https:\/\/www.askja-on-tour.ch\/wp-content\/uploads\/2025\/11\/Sued_Brasilien-010-1600x1200.jpg 1600w, https:\/\/www.askja-on-tour.ch\/wp-content\/uploads\/2025\/11\/Sued_Brasilien-010-768x576.jpg 768w, https:\/\/www.askja-on-tour.ch\/wp-content\/uploads\/2025\/11\/Sued_Brasilien-010-1536x1152.jpg 1536w, https:\/\/www.askja-on-tour.ch\/wp-content\/uploads\/2025\/11\/Sued_Brasilien-010.jpg 2048w\" sizes=\"auto, (max-width: 1024px) 100vw, 1024px\" \/><figcaption id=\"caption-attachment-29747\" class=\"wp-caption-text\">Platz Bella Vista in El Soberbio<\/figcaption><\/figure>\n<figure id=\"attachment_29748\" aria-describedby=\"caption-attachment-29748\" style=\"width: 769px\" class=\"wp-caption alignnone\"><img loading=\"lazy\" decoding=\"async\" class=\"size-medium wp-image-29748\" src=\"https:\/\/www.askja-on-tour.ch\/wp-content\/uploads\/2025\/11\/Sued_Brasilien-011-769x1024.jpg\" alt=\"\" width=\"769\" height=\"1024\" srcset=\"https:\/\/www.askja-on-tour.ch\/wp-content\/uploads\/2025\/11\/Sued_Brasilien-011-769x1024.jpg 769w, https:\/\/www.askja-on-tour.ch\/wp-content\/uploads\/2025\/11\/Sued_Brasilien-011-1201x1600.jpg 1201w, https:\/\/www.askja-on-tour.ch\/wp-content\/uploads\/2025\/11\/Sued_Brasilien-011-768x1023.jpg 768w, https:\/\/www.askja-on-tour.ch\/wp-content\/uploads\/2025\/11\/Sued_Brasilien-011-1153x1536.jpg 1153w, https:\/\/www.askja-on-tour.ch\/wp-content\/uploads\/2025\/11\/Sued_Brasilien-011.jpg 1537w\" sizes=\"auto, (max-width: 769px) 100vw, 769px\" \/><figcaption id=\"caption-attachment-29748\" class=\"wp-caption-text\">Auch heute sind diese Gespanne noch unterwegs<\/figcaption><\/figure>\n<p>F\u00fcr den n\u00e4chsten Tag stand wieder ein Grenz\u00fcbertritt auf dem Programm. Von Alba Posse (AR) nach Porto Maua (BR) sind wir wiederum mit einer kleinen F\u00e4hre gefahren. Alba Posse ist ein Einkaufsparadies f\u00fcr die Brasilianer, v.a. f\u00fcr argentinischen Wein. Die kleinen Grenz\u00fcberg\u00e4nge sind immer sehr entspannt, wenn wir dieses Mal den Zoll zum Einf\u00fchren von Askja ziemlich suchen mussten, da die Immigration (Abstempeln unserer P\u00e4sse) ganz wo anders ist, als der Zoll, welcher irgendwo mitten in Porto Maua liegt.<\/p>\n<figure id=\"attachment_29847\" aria-describedby=\"caption-attachment-29847\" style=\"width: 1024px\" class=\"wp-caption alignnone\"><img loading=\"lazy\" decoding=\"async\" class=\"size-medium wp-image-29847\" src=\"https:\/\/www.askja-on-tour.ch\/wp-content\/uploads\/2025\/11\/Sued_Brasilien-1000-1024x768.jpg\" alt=\"\" width=\"1024\" height=\"768\" srcset=\"https:\/\/www.askja-on-tour.ch\/wp-content\/uploads\/2025\/11\/Sued_Brasilien-1000-1024x768.jpg 1024w, https:\/\/www.askja-on-tour.ch\/wp-content\/uploads\/2025\/11\/Sued_Brasilien-1000-1600x1200.jpg 1600w, https:\/\/www.askja-on-tour.ch\/wp-content\/uploads\/2025\/11\/Sued_Brasilien-1000-768x576.jpg 768w, https:\/\/www.askja-on-tour.ch\/wp-content\/uploads\/2025\/11\/Sued_Brasilien-1000-1536x1152.jpg 1536w, https:\/\/www.askja-on-tour.ch\/wp-content\/uploads\/2025\/11\/Sued_Brasilien-1000.jpg 2048w\" sizes=\"auto, (max-width: 1024px) 100vw, 1024px\" \/><figcaption id=\"caption-attachment-29847\" class=\"wp-caption-text\">Alba Posse (AR) &#8211; das Einkaufsparadies der Brasilianer f\u00fcr Wein<\/figcaption><\/figure>\n<p><img loading=\"lazy\" decoding=\"async\" class=\"alignnone size-medium wp-image-29848\" src=\"https:\/\/www.askja-on-tour.ch\/wp-content\/uploads\/2025\/11\/Sued_Brasilien-1001-1024x768.jpg\" alt=\"\" width=\"1024\" height=\"768\" srcset=\"https:\/\/www.askja-on-tour.ch\/wp-content\/uploads\/2025\/11\/Sued_Brasilien-1001-1024x768.jpg 1024w, https:\/\/www.askja-on-tour.ch\/wp-content\/uploads\/2025\/11\/Sued_Brasilien-1001-1600x1200.jpg 1600w, https:\/\/www.askja-on-tour.ch\/wp-content\/uploads\/2025\/11\/Sued_Brasilien-1001-768x576.jpg 768w, https:\/\/www.askja-on-tour.ch\/wp-content\/uploads\/2025\/11\/Sued_Brasilien-1001-1536x1152.jpg 1536w, https:\/\/www.askja-on-tour.ch\/wp-content\/uploads\/2025\/11\/Sued_Brasilien-1001.jpg 2048w\" sizes=\"auto, (max-width: 1024px) 100vw, 1024px\" \/><\/p>\n<figure id=\"attachment_29849\" aria-describedby=\"caption-attachment-29849\" style=\"width: 1024px\" class=\"wp-caption alignnone\"><img loading=\"lazy\" decoding=\"async\" class=\"size-medium wp-image-29849\" src=\"https:\/\/www.askja-on-tour.ch\/wp-content\/uploads\/2025\/11\/Sued_Brasilien-1002-1024x768.jpg\" alt=\"\" width=\"1024\" height=\"768\" srcset=\"https:\/\/www.askja-on-tour.ch\/wp-content\/uploads\/2025\/11\/Sued_Brasilien-1002-1024x768.jpg 1024w, https:\/\/www.askja-on-tour.ch\/wp-content\/uploads\/2025\/11\/Sued_Brasilien-1002-1600x1200.jpg 1600w, https:\/\/www.askja-on-tour.ch\/wp-content\/uploads\/2025\/11\/Sued_Brasilien-1002-768x576.jpg 768w, https:\/\/www.askja-on-tour.ch\/wp-content\/uploads\/2025\/11\/Sued_Brasilien-1002-1536x1152.jpg 1536w, https:\/\/www.askja-on-tour.ch\/wp-content\/uploads\/2025\/11\/Sued_Brasilien-1002.jpg 2048w\" sizes=\"auto, (max-width: 1024px) 100vw, 1024px\" \/><figcaption id=\"caption-attachment-29849\" class=\"wp-caption-text\">Auf dem Weg auf die F\u00e4hre<\/figcaption><\/figure>\n<figure id=\"attachment_29749\" aria-describedby=\"caption-attachment-29749\" style=\"width: 1024px\" class=\"wp-caption alignnone\"><img loading=\"lazy\" decoding=\"async\" class=\"size-medium wp-image-29749\" src=\"https:\/\/www.askja-on-tour.ch\/wp-content\/uploads\/2025\/11\/Sued_Brasilien-012-1024x768.jpg\" alt=\"\" width=\"1024\" height=\"768\" srcset=\"https:\/\/www.askja-on-tour.ch\/wp-content\/uploads\/2025\/11\/Sued_Brasilien-012-1024x768.jpg 1024w, https:\/\/www.askja-on-tour.ch\/wp-content\/uploads\/2025\/11\/Sued_Brasilien-012-1600x1200.jpg 1600w, https:\/\/www.askja-on-tour.ch\/wp-content\/uploads\/2025\/11\/Sued_Brasilien-012-768x576.jpg 768w, https:\/\/www.askja-on-tour.ch\/wp-content\/uploads\/2025\/11\/Sued_Brasilien-012-1536x1152.jpg 1536w, https:\/\/www.askja-on-tour.ch\/wp-content\/uploads\/2025\/11\/Sued_Brasilien-012.jpg 2048w\" sizes=\"auto, (max-width: 1024px) 100vw, 1024px\" \/><figcaption id=\"caption-attachment-29749\" class=\"wp-caption-text\">Auf der F\u00e4hre \u00fcber den Rio Uruguay<\/figcaption><\/figure>\n<p><img loading=\"lazy\" decoding=\"async\" class=\"alignnone size-medium wp-image-29750\" src=\"https:\/\/www.askja-on-tour.ch\/wp-content\/uploads\/2025\/11\/Sued_Brasilien-013-1024x768.jpg\" alt=\"\" width=\"1024\" height=\"768\" srcset=\"https:\/\/www.askja-on-tour.ch\/wp-content\/uploads\/2025\/11\/Sued_Brasilien-013-1024x768.jpg 1024w, https:\/\/www.askja-on-tour.ch\/wp-content\/uploads\/2025\/11\/Sued_Brasilien-013-1600x1200.jpg 1600w, https:\/\/www.askja-on-tour.ch\/wp-content\/uploads\/2025\/11\/Sued_Brasilien-013-768x576.jpg 768w, https:\/\/www.askja-on-tour.ch\/wp-content\/uploads\/2025\/11\/Sued_Brasilien-013-1536x1152.jpg 1536w, https:\/\/www.askja-on-tour.ch\/wp-content\/uploads\/2025\/11\/Sued_Brasilien-013.jpg 2048w\" sizes=\"auto, (max-width: 1024px) 100vw, 1024px\" \/> <img loading=\"lazy\" decoding=\"async\" class=\"alignnone size-medium wp-image-29751\" src=\"https:\/\/www.askja-on-tour.ch\/wp-content\/uploads\/2025\/11\/Sued_Brasilien-014-1024x768.jpg\" alt=\"\" width=\"1024\" height=\"768\" srcset=\"https:\/\/www.askja-on-tour.ch\/wp-content\/uploads\/2025\/11\/Sued_Brasilien-014-1024x768.jpg 1024w, https:\/\/www.askja-on-tour.ch\/wp-content\/uploads\/2025\/11\/Sued_Brasilien-014-1600x1200.jpg 1600w, https:\/\/www.askja-on-tour.ch\/wp-content\/uploads\/2025\/11\/Sued_Brasilien-014-768x576.jpg 768w, https:\/\/www.askja-on-tour.ch\/wp-content\/uploads\/2025\/11\/Sued_Brasilien-014-1536x1152.jpg 1536w, https:\/\/www.askja-on-tour.ch\/wp-content\/uploads\/2025\/11\/Sued_Brasilien-014.jpg 2048w\" sizes=\"auto, (max-width: 1024px) 100vw, 1024px\" \/><\/p>\n<figure id=\"attachment_29752\" aria-describedby=\"caption-attachment-29752\" style=\"width: 1024px\" class=\"wp-caption alignnone\"><img loading=\"lazy\" decoding=\"async\" class=\"size-medium wp-image-29752\" src=\"https:\/\/www.askja-on-tour.ch\/wp-content\/uploads\/2025\/11\/Sued_Brasilien-015-1024x768.jpg\" alt=\"\" width=\"1024\" height=\"768\" srcset=\"https:\/\/www.askja-on-tour.ch\/wp-content\/uploads\/2025\/11\/Sued_Brasilien-015-1024x768.jpg 1024w, https:\/\/www.askja-on-tour.ch\/wp-content\/uploads\/2025\/11\/Sued_Brasilien-015-1600x1200.jpg 1600w, https:\/\/www.askja-on-tour.ch\/wp-content\/uploads\/2025\/11\/Sued_Brasilien-015-768x576.jpg 768w, https:\/\/www.askja-on-tour.ch\/wp-content\/uploads\/2025\/11\/Sued_Brasilien-015-1536x1152.jpg 1536w, https:\/\/www.askja-on-tour.ch\/wp-content\/uploads\/2025\/11\/Sued_Brasilien-015.jpg 2048w\" sizes=\"auto, (max-width: 1024px) 100vw, 1024px\" \/><figcaption id=\"caption-attachment-29752\" class=\"wp-caption-text\">Perfektes Laden und Entladen<\/figcaption><\/figure>\n<p>Danach wollten wir uns noch zwei Missionen in Brasilien \u2013 die letzten auf dieser S\u00fcdamerika-Etappe \u2013 ansehen und zwar <em>S\u00e3o Miguel das Miss\u00f5es<\/em>, wo wir auch auf dem Parkplatz \u00fcbernachten durften. Hier gab es am Abend wiederum eine Licht- und Sound-Show, wobei es weniger eine Show war, als dass die Missionsgeschichte erz\u00e4hlt wurde und dabei die Ruinen und der Wald um die Ruinen themengerecht angestrahlt wurden. War beeindruckend gemacht. Am Morgen haben wir uns die Mission noch bei Tageslicht angesehen. Danach fuhren wir noch ein paar Kilometer nach Miss\u00e3o de S\u00e3o Jo\u00e3o Batista; von dieser Mission ist aber nur noch wenig zu sehen ist.<\/p>\n<figure id=\"attachment_29753\" aria-describedby=\"caption-attachment-29753\" style=\"width: 1024px\" class=\"wp-caption alignnone\"><img loading=\"lazy\" decoding=\"async\" class=\"size-medium wp-image-29753\" src=\"https:\/\/www.askja-on-tour.ch\/wp-content\/uploads\/2025\/11\/Sued_Brasilien-016-1024x769.jpg\" alt=\"\" width=\"1024\" height=\"769\" srcset=\"https:\/\/www.askja-on-tour.ch\/wp-content\/uploads\/2025\/11\/Sued_Brasilien-016-1024x769.jpg 1024w, https:\/\/www.askja-on-tour.ch\/wp-content\/uploads\/2025\/11\/Sued_Brasilien-016-1600x1201.jpg 1600w, https:\/\/www.askja-on-tour.ch\/wp-content\/uploads\/2025\/11\/Sued_Brasilien-016-768x576.jpg 768w, https:\/\/www.askja-on-tour.ch\/wp-content\/uploads\/2025\/11\/Sued_Brasilien-016-1536x1153.jpg 1536w, https:\/\/www.askja-on-tour.ch\/wp-content\/uploads\/2025\/11\/Sued_Brasilien-016.jpg 2048w\" sizes=\"auto, (max-width: 1024px) 100vw, 1024px\" \/><figcaption id=\"caption-attachment-29753\" class=\"wp-caption-text\">S\u00e3o Miguel das Miss\u00f5es in der Nacht &#8211; die Geschichte der Missionen wird erz\u00e4hlt<\/figcaption><\/figure>\n<p><img loading=\"lazy\" decoding=\"async\" class=\"alignnone size-medium wp-image-29754\" src=\"https:\/\/www.askja-on-tour.ch\/wp-content\/uploads\/2025\/11\/Sued_Brasilien-017-1024x769.jpg\" alt=\"\" width=\"1024\" height=\"769\" srcset=\"https:\/\/www.askja-on-tour.ch\/wp-content\/uploads\/2025\/11\/Sued_Brasilien-017-1024x769.jpg 1024w, https:\/\/www.askja-on-tour.ch\/wp-content\/uploads\/2025\/11\/Sued_Brasilien-017-1600x1201.jpg 1600w, https:\/\/www.askja-on-tour.ch\/wp-content\/uploads\/2025\/11\/Sued_Brasilien-017-768x576.jpg 768w, https:\/\/www.askja-on-tour.ch\/wp-content\/uploads\/2025\/11\/Sued_Brasilien-017-1536x1153.jpg 1536w, https:\/\/www.askja-on-tour.ch\/wp-content\/uploads\/2025\/11\/Sued_Brasilien-017.jpg 2048w\" sizes=\"auto, (max-width: 1024px) 100vw, 1024px\" \/> <img loading=\"lazy\" decoding=\"async\" class=\"alignnone size-medium wp-image-29755\" src=\"https:\/\/www.askja-on-tour.ch\/wp-content\/uploads\/2025\/11\/Sued_Brasilien-018-1024x769.jpg\" alt=\"\" width=\"1024\" height=\"769\" srcset=\"https:\/\/www.askja-on-tour.ch\/wp-content\/uploads\/2025\/11\/Sued_Brasilien-018-1024x769.jpg 1024w, https:\/\/www.askja-on-tour.ch\/wp-content\/uploads\/2025\/11\/Sued_Brasilien-018-1600x1201.jpg 1600w, https:\/\/www.askja-on-tour.ch\/wp-content\/uploads\/2025\/11\/Sued_Brasilien-018-768x576.jpg 768w, https:\/\/www.askja-on-tour.ch\/wp-content\/uploads\/2025\/11\/Sued_Brasilien-018-1536x1153.jpg 1536w, https:\/\/www.askja-on-tour.ch\/wp-content\/uploads\/2025\/11\/Sued_Brasilien-018.jpg 2048w\" sizes=\"auto, (max-width: 1024px) 100vw, 1024px\" \/><\/p>\n<figure id=\"attachment_29756\" aria-describedby=\"caption-attachment-29756\" style=\"width: 1024px\" class=\"wp-caption alignnone\"><img loading=\"lazy\" decoding=\"async\" class=\"size-medium wp-image-29756\" src=\"https:\/\/www.askja-on-tour.ch\/wp-content\/uploads\/2025\/11\/Sued_Brasilien-019-1024x769.jpg\" alt=\"\" width=\"1024\" height=\"769\" srcset=\"https:\/\/www.askja-on-tour.ch\/wp-content\/uploads\/2025\/11\/Sued_Brasilien-019-1024x769.jpg 1024w, https:\/\/www.askja-on-tour.ch\/wp-content\/uploads\/2025\/11\/Sued_Brasilien-019-1600x1201.jpg 1600w, https:\/\/www.askja-on-tour.ch\/wp-content\/uploads\/2025\/11\/Sued_Brasilien-019-768x576.jpg 768w, https:\/\/www.askja-on-tour.ch\/wp-content\/uploads\/2025\/11\/Sued_Brasilien-019-1536x1153.jpg 1536w, https:\/\/www.askja-on-tour.ch\/wp-content\/uploads\/2025\/11\/Sued_Brasilien-019.jpg 2048w\" sizes=\"auto, (max-width: 1024px) 100vw, 1024px\" \/><figcaption id=\"caption-attachment-29756\" class=\"wp-caption-text\">Unser \u00dcbernachtungsplatz in S\u00e3o Miguel das Miss\u00f5es<\/figcaption><\/figure>\n<figure id=\"attachment_29758\" aria-describedby=\"caption-attachment-29758\" style=\"width: 1024px\" class=\"wp-caption alignnone\"><img loading=\"lazy\" decoding=\"async\" class=\"size-medium wp-image-29758\" src=\"https:\/\/www.askja-on-tour.ch\/wp-content\/uploads\/2025\/11\/Sued_Brasilien-021-1024x769.jpg\" alt=\"\" width=\"1024\" height=\"769\" srcset=\"https:\/\/www.askja-on-tour.ch\/wp-content\/uploads\/2025\/11\/Sued_Brasilien-021-1024x769.jpg 1024w, https:\/\/www.askja-on-tour.ch\/wp-content\/uploads\/2025\/11\/Sued_Brasilien-021-1600x1201.jpg 1600w, https:\/\/www.askja-on-tour.ch\/wp-content\/uploads\/2025\/11\/Sued_Brasilien-021-768x576.jpg 768w, https:\/\/www.askja-on-tour.ch\/wp-content\/uploads\/2025\/11\/Sued_Brasilien-021-1536x1153.jpg 1536w, https:\/\/www.askja-on-tour.ch\/wp-content\/uploads\/2025\/11\/Sued_Brasilien-021.jpg 2048w\" sizes=\"auto, (max-width: 1024px) 100vw, 1024px\" \/><figcaption id=\"caption-attachment-29758\" class=\"wp-caption-text\">Rechts das Zeichen der Jesuiten, links das Monogramm f\u00fcr Maria<\/figcaption><\/figure>\n<figure id=\"attachment_29759\" aria-describedby=\"caption-attachment-29759\" style=\"width: 769px\" class=\"wp-caption alignnone\"><img loading=\"lazy\" decoding=\"async\" class=\"size-medium wp-image-29759\" src=\"https:\/\/www.askja-on-tour.ch\/wp-content\/uploads\/2025\/11\/Sued_Brasilien-022-769x1024.jpg\" alt=\"\" width=\"769\" height=\"1024\" srcset=\"https:\/\/www.askja-on-tour.ch\/wp-content\/uploads\/2025\/11\/Sued_Brasilien-022-769x1024.jpg 769w, https:\/\/www.askja-on-tour.ch\/wp-content\/uploads\/2025\/11\/Sued_Brasilien-022-1201x1600.jpg 1201w, https:\/\/www.askja-on-tour.ch\/wp-content\/uploads\/2025\/11\/Sued_Brasilien-022-768x1023.jpg 768w, https:\/\/www.askja-on-tour.ch\/wp-content\/uploads\/2025\/11\/Sued_Brasilien-022-1153x1536.jpg 1153w, https:\/\/www.askja-on-tour.ch\/wp-content\/uploads\/2025\/11\/Sued_Brasilien-022.jpg 1537w\" sizes=\"auto, (max-width: 769px) 100vw, 769px\" \/><figcaption id=\"caption-attachment-29759\" class=\"wp-caption-text\">Holzschnitzereien im Museum, erstellt durch Guaran\u00ed-K\u00fcnstler<\/figcaption><\/figure>\n<p><img loading=\"lazy\" decoding=\"async\" class=\"alignnone size-medium wp-image-29760\" src=\"https:\/\/www.askja-on-tour.ch\/wp-content\/uploads\/2025\/11\/Sued_Brasilien-023-769x1024.jpg\" alt=\"\" width=\"769\" height=\"1024\" srcset=\"https:\/\/www.askja-on-tour.ch\/wp-content\/uploads\/2025\/11\/Sued_Brasilien-023-769x1024.jpg 769w, https:\/\/www.askja-on-tour.ch\/wp-content\/uploads\/2025\/11\/Sued_Brasilien-023-1201x1600.jpg 1201w, https:\/\/www.askja-on-tour.ch\/wp-content\/uploads\/2025\/11\/Sued_Brasilien-023-768x1023.jpg 768w, https:\/\/www.askja-on-tour.ch\/wp-content\/uploads\/2025\/11\/Sued_Brasilien-023-1153x1536.jpg 1153w, https:\/\/www.askja-on-tour.ch\/wp-content\/uploads\/2025\/11\/Sued_Brasilien-023.jpg 1537w\" sizes=\"auto, (max-width: 769px) 100vw, 769px\" \/> <img loading=\"lazy\" decoding=\"async\" class=\"alignnone size-medium wp-image-29761\" src=\"https:\/\/www.askja-on-tour.ch\/wp-content\/uploads\/2025\/11\/Sued_Brasilien-024-769x1024.jpg\" alt=\"\" width=\"769\" height=\"1024\" srcset=\"https:\/\/www.askja-on-tour.ch\/wp-content\/uploads\/2025\/11\/Sued_Brasilien-024-769x1024.jpg 769w, https:\/\/www.askja-on-tour.ch\/wp-content\/uploads\/2025\/11\/Sued_Brasilien-024-1201x1600.jpg 1201w, https:\/\/www.askja-on-tour.ch\/wp-content\/uploads\/2025\/11\/Sued_Brasilien-024-768x1023.jpg 768w, https:\/\/www.askja-on-tour.ch\/wp-content\/uploads\/2025\/11\/Sued_Brasilien-024-1153x1536.jpg 1153w, https:\/\/www.askja-on-tour.ch\/wp-content\/uploads\/2025\/11\/Sued_Brasilien-024.jpg 1537w\" sizes=\"auto, (max-width: 769px) 100vw, 769px\" \/> <img loading=\"lazy\" decoding=\"async\" class=\"alignnone size-medium wp-image-29762\" src=\"https:\/\/www.askja-on-tour.ch\/wp-content\/uploads\/2025\/11\/Sued_Brasilien-025-769x1024.jpg\" alt=\"\" width=\"769\" height=\"1024\" srcset=\"https:\/\/www.askja-on-tour.ch\/wp-content\/uploads\/2025\/11\/Sued_Brasilien-025-769x1024.jpg 769w, https:\/\/www.askja-on-tour.ch\/wp-content\/uploads\/2025\/11\/Sued_Brasilien-025-1201x1600.jpg 1201w, https:\/\/www.askja-on-tour.ch\/wp-content\/uploads\/2025\/11\/Sued_Brasilien-025-768x1023.jpg 768w, https:\/\/www.askja-on-tour.ch\/wp-content\/uploads\/2025\/11\/Sued_Brasilien-025-1153x1536.jpg 1153w, https:\/\/www.askja-on-tour.ch\/wp-content\/uploads\/2025\/11\/Sued_Brasilien-025.jpg 1537w\" sizes=\"auto, (max-width: 769px) 100vw, 769px\" \/><\/p>\n<figure id=\"attachment_29763\" aria-describedby=\"caption-attachment-29763\" style=\"width: 769px\" class=\"wp-caption alignnone\"><img loading=\"lazy\" decoding=\"async\" class=\"size-medium wp-image-29763\" src=\"https:\/\/www.askja-on-tour.ch\/wp-content\/uploads\/2025\/11\/Sued_Brasilien-026-769x1024.jpg\" alt=\"\" width=\"769\" height=\"1024\" srcset=\"https:\/\/www.askja-on-tour.ch\/wp-content\/uploads\/2025\/11\/Sued_Brasilien-026-769x1024.jpg 769w, https:\/\/www.askja-on-tour.ch\/wp-content\/uploads\/2025\/11\/Sued_Brasilien-026-1201x1600.jpg 1201w, https:\/\/www.askja-on-tour.ch\/wp-content\/uploads\/2025\/11\/Sued_Brasilien-026-768x1023.jpg 768w, https:\/\/www.askja-on-tour.ch\/wp-content\/uploads\/2025\/11\/Sued_Brasilien-026-1153x1536.jpg 1153w, https:\/\/www.askja-on-tour.ch\/wp-content\/uploads\/2025\/11\/Sued_Brasilien-026.jpg 1537w\" sizes=\"auto, (max-width: 769px) 100vw, 769px\" \/><figcaption id=\"caption-attachment-29763\" class=\"wp-caption-text\">Jesuiten-Kreuz in den Missionen<\/figcaption><\/figure>\n<figure id=\"attachment_29764\" aria-describedby=\"caption-attachment-29764\" style=\"width: 1024px\" class=\"wp-caption alignnone\"><img loading=\"lazy\" decoding=\"async\" class=\"size-medium wp-image-29764\" src=\"https:\/\/www.askja-on-tour.ch\/wp-content\/uploads\/2025\/11\/Sued_Brasilien-027-1024x769.jpg\" alt=\"\" width=\"1024\" height=\"769\" srcset=\"https:\/\/www.askja-on-tour.ch\/wp-content\/uploads\/2025\/11\/Sued_Brasilien-027-1024x769.jpg 1024w, https:\/\/www.askja-on-tour.ch\/wp-content\/uploads\/2025\/11\/Sued_Brasilien-027-1600x1201.jpg 1600w, https:\/\/www.askja-on-tour.ch\/wp-content\/uploads\/2025\/11\/Sued_Brasilien-027-768x576.jpg 768w, https:\/\/www.askja-on-tour.ch\/wp-content\/uploads\/2025\/11\/Sued_Brasilien-027-1536x1153.jpg 1536w, https:\/\/www.askja-on-tour.ch\/wp-content\/uploads\/2025\/11\/Sued_Brasilien-027.jpg 2048w\" sizes=\"auto, (max-width: 1024px) 100vw, 1024px\" \/><figcaption id=\"caption-attachment-29764\" class=\"wp-caption-text\">Die \u00dcberreste der Kirche von S\u00e3o Miguel das Miss\u00f5es<\/figcaption><\/figure>\n<figure id=\"attachment_29765\" aria-describedby=\"caption-attachment-29765\" style=\"width: 1024px\" class=\"wp-caption alignnone\"><img loading=\"lazy\" decoding=\"async\" class=\"size-medium wp-image-29765\" src=\"https:\/\/www.askja-on-tour.ch\/wp-content\/uploads\/2025\/11\/Sued_Brasilien-028-1024x769.jpg\" alt=\"\" width=\"1024\" height=\"769\" srcset=\"https:\/\/www.askja-on-tour.ch\/wp-content\/uploads\/2025\/11\/Sued_Brasilien-028-1024x769.jpg 1024w, https:\/\/www.askja-on-tour.ch\/wp-content\/uploads\/2025\/11\/Sued_Brasilien-028-1600x1201.jpg 1600w, https:\/\/www.askja-on-tour.ch\/wp-content\/uploads\/2025\/11\/Sued_Brasilien-028-768x576.jpg 768w, https:\/\/www.askja-on-tour.ch\/wp-content\/uploads\/2025\/11\/Sued_Brasilien-028-1536x1153.jpg 1536w, https:\/\/www.askja-on-tour.ch\/wp-content\/uploads\/2025\/11\/Sued_Brasilien-028.jpg 2048w\" sizes=\"auto, (max-width: 1024px) 100vw, 1024px\" \/><figcaption id=\"caption-attachment-29765\" class=\"wp-caption-text\">Burrowing Owl (Kaninchenkauz), welche wir immer wieder an ihren Erdh\u00f6hlen sehen<\/figcaption><\/figure>\n<p><img loading=\"lazy\" decoding=\"async\" class=\"alignnone size-medium wp-image-29766\" src=\"https:\/\/www.askja-on-tour.ch\/wp-content\/uploads\/2025\/11\/Sued_Brasilien-029-1024x769.jpg\" alt=\"\" width=\"1024\" height=\"769\" srcset=\"https:\/\/www.askja-on-tour.ch\/wp-content\/uploads\/2025\/11\/Sued_Brasilien-029-1024x769.jpg 1024w, https:\/\/www.askja-on-tour.ch\/wp-content\/uploads\/2025\/11\/Sued_Brasilien-029-1600x1201.jpg 1600w, https:\/\/www.askja-on-tour.ch\/wp-content\/uploads\/2025\/11\/Sued_Brasilien-029-768x576.jpg 768w, https:\/\/www.askja-on-tour.ch\/wp-content\/uploads\/2025\/11\/Sued_Brasilien-029-1536x1153.jpg 1536w, https:\/\/www.askja-on-tour.ch\/wp-content\/uploads\/2025\/11\/Sued_Brasilien-029.jpg 2048w\" sizes=\"auto, (max-width: 1024px) 100vw, 1024px\" \/> <img loading=\"lazy\" decoding=\"async\" class=\"alignnone size-medium wp-image-29767\" src=\"https:\/\/www.askja-on-tour.ch\/wp-content\/uploads\/2025\/11\/Sued_Brasilien-030-1024x769.jpg\" alt=\"\" width=\"1024\" height=\"769\" srcset=\"https:\/\/www.askja-on-tour.ch\/wp-content\/uploads\/2025\/11\/Sued_Brasilien-030-1024x769.jpg 1024w, https:\/\/www.askja-on-tour.ch\/wp-content\/uploads\/2025\/11\/Sued_Brasilien-030-1600x1201.jpg 1600w, https:\/\/www.askja-on-tour.ch\/wp-content\/uploads\/2025\/11\/Sued_Brasilien-030-768x576.jpg 768w, https:\/\/www.askja-on-tour.ch\/wp-content\/uploads\/2025\/11\/Sued_Brasilien-030-1536x1153.jpg 1536w, https:\/\/www.askja-on-tour.ch\/wp-content\/uploads\/2025\/11\/Sued_Brasilien-030.jpg 2048w\" sizes=\"auto, (max-width: 1024px) 100vw, 1024px\" \/> <img loading=\"lazy\" decoding=\"async\" class=\"alignnone size-medium wp-image-29768\" src=\"https:\/\/www.askja-on-tour.ch\/wp-content\/uploads\/2025\/11\/Sued_Brasilien-031-1024x769.jpg\" alt=\"\" width=\"1024\" height=\"769\" srcset=\"https:\/\/www.askja-on-tour.ch\/wp-content\/uploads\/2025\/11\/Sued_Brasilien-031-1024x769.jpg 1024w, https:\/\/www.askja-on-tour.ch\/wp-content\/uploads\/2025\/11\/Sued_Brasilien-031-1600x1201.jpg 1600w, https:\/\/www.askja-on-tour.ch\/wp-content\/uploads\/2025\/11\/Sued_Brasilien-031-768x576.jpg 768w, https:\/\/www.askja-on-tour.ch\/wp-content\/uploads\/2025\/11\/Sued_Brasilien-031-1536x1153.jpg 1536w, https:\/\/www.askja-on-tour.ch\/wp-content\/uploads\/2025\/11\/Sued_Brasilien-031.jpg 2048w\" sizes=\"auto, (max-width: 1024px) 100vw, 1024px\" \/> <img loading=\"lazy\" decoding=\"async\" class=\"alignnone size-medium wp-image-29769\" src=\"https:\/\/www.askja-on-tour.ch\/wp-content\/uploads\/2025\/11\/Sued_Brasilien-032-769x1024.jpg\" alt=\"\" width=\"769\" height=\"1024\" srcset=\"https:\/\/www.askja-on-tour.ch\/wp-content\/uploads\/2025\/11\/Sued_Brasilien-032-769x1024.jpg 769w, https:\/\/www.askja-on-tour.ch\/wp-content\/uploads\/2025\/11\/Sued_Brasilien-032-1201x1600.jpg 1201w, https:\/\/www.askja-on-tour.ch\/wp-content\/uploads\/2025\/11\/Sued_Brasilien-032-768x1023.jpg 768w, https:\/\/www.askja-on-tour.ch\/wp-content\/uploads\/2025\/11\/Sued_Brasilien-032-1153x1536.jpg 1153w, https:\/\/www.askja-on-tour.ch\/wp-content\/uploads\/2025\/11\/Sued_Brasilien-032.jpg 1537w\" sizes=\"auto, (max-width: 769px) 100vw, 769px\" \/> <img loading=\"lazy\" decoding=\"async\" class=\"alignnone size-medium wp-image-29770\" src=\"https:\/\/www.askja-on-tour.ch\/wp-content\/uploads\/2025\/11\/Sued_Brasilien-033-1024x769.jpg\" alt=\"\" width=\"1024\" height=\"769\" srcset=\"https:\/\/www.askja-on-tour.ch\/wp-content\/uploads\/2025\/11\/Sued_Brasilien-033-1024x769.jpg 1024w, https:\/\/www.askja-on-tour.ch\/wp-content\/uploads\/2025\/11\/Sued_Brasilien-033-1600x1201.jpg 1600w, https:\/\/www.askja-on-tour.ch\/wp-content\/uploads\/2025\/11\/Sued_Brasilien-033-768x576.jpg 768w, https:\/\/www.askja-on-tour.ch\/wp-content\/uploads\/2025\/11\/Sued_Brasilien-033-1536x1153.jpg 1536w, https:\/\/www.askja-on-tour.ch\/wp-content\/uploads\/2025\/11\/Sued_Brasilien-033.jpg 2048w\" sizes=\"auto, (max-width: 1024px) 100vw, 1024px\" \/><\/p>\n<figure id=\"attachment_29771\" aria-describedby=\"caption-attachment-29771\" style=\"width: 769px\" class=\"wp-caption alignnone\"><img loading=\"lazy\" decoding=\"async\" class=\"size-medium wp-image-29771\" src=\"https:\/\/www.askja-on-tour.ch\/wp-content\/uploads\/2025\/11\/Sued_Brasilien-034-769x1024.jpg\" alt=\"\" width=\"769\" height=\"1024\" srcset=\"https:\/\/www.askja-on-tour.ch\/wp-content\/uploads\/2025\/11\/Sued_Brasilien-034-769x1024.jpg 769w, https:\/\/www.askja-on-tour.ch\/wp-content\/uploads\/2025\/11\/Sued_Brasilien-034-1201x1600.jpg 1201w, https:\/\/www.askja-on-tour.ch\/wp-content\/uploads\/2025\/11\/Sued_Brasilien-034-768x1023.jpg 768w, https:\/\/www.askja-on-tour.ch\/wp-content\/uploads\/2025\/11\/Sued_Brasilien-034-1153x1536.jpg 1153w, https:\/\/www.askja-on-tour.ch\/wp-content\/uploads\/2025\/11\/Sued_Brasilien-034.jpg 1537w\" sizes=\"auto, (max-width: 769px) 100vw, 769px\" \/><figcaption id=\"caption-attachment-29771\" class=\"wp-caption-text\">Philodendren-Pflanze<\/figcaption><\/figure>\n<p><img loading=\"lazy\" decoding=\"async\" class=\"alignnone size-medium wp-image-29772\" src=\"https:\/\/www.askja-on-tour.ch\/wp-content\/uploads\/2025\/11\/Sued_Brasilien-035-769x1024.jpg\" alt=\"\" width=\"769\" height=\"1024\" srcset=\"https:\/\/www.askja-on-tour.ch\/wp-content\/uploads\/2025\/11\/Sued_Brasilien-035-769x1024.jpg 769w, https:\/\/www.askja-on-tour.ch\/wp-content\/uploads\/2025\/11\/Sued_Brasilien-035-1201x1600.jpg 1201w, https:\/\/www.askja-on-tour.ch\/wp-content\/uploads\/2025\/11\/Sued_Brasilien-035-768x1023.jpg 768w, https:\/\/www.askja-on-tour.ch\/wp-content\/uploads\/2025\/11\/Sued_Brasilien-035-1153x1536.jpg 1153w, https:\/\/www.askja-on-tour.ch\/wp-content\/uploads\/2025\/11\/Sued_Brasilien-035.jpg 1537w\" sizes=\"auto, (max-width: 769px) 100vw, 769px\" \/><\/p>\n<figure id=\"attachment_29773\" aria-describedby=\"caption-attachment-29773\" style=\"width: 1024px\" class=\"wp-caption alignnone\"><img loading=\"lazy\" decoding=\"async\" class=\"size-medium wp-image-29773\" src=\"https:\/\/www.askja-on-tour.ch\/wp-content\/uploads\/2025\/11\/Sued_Brasilien-036-1024x769.jpg\" alt=\"\" width=\"1024\" height=\"769\" srcset=\"https:\/\/www.askja-on-tour.ch\/wp-content\/uploads\/2025\/11\/Sued_Brasilien-036-1024x769.jpg 1024w, https:\/\/www.askja-on-tour.ch\/wp-content\/uploads\/2025\/11\/Sued_Brasilien-036-1600x1201.jpg 1600w, https:\/\/www.askja-on-tour.ch\/wp-content\/uploads\/2025\/11\/Sued_Brasilien-036-768x576.jpg 768w, https:\/\/www.askja-on-tour.ch\/wp-content\/uploads\/2025\/11\/Sued_Brasilien-036-1536x1153.jpg 1536w, https:\/\/www.askja-on-tour.ch\/wp-content\/uploads\/2025\/11\/Sued_Brasilien-036.jpg 2048w\" sizes=\"auto, (max-width: 1024px) 100vw, 1024px\" \/><figcaption id=\"caption-attachment-29773\" class=\"wp-caption-text\">Die B\u00e4ume wachsen \u00fcber die Reste von Behausungen<\/figcaption><\/figure>\n<p><img loading=\"lazy\" decoding=\"async\" class=\"alignnone size-medium wp-image-29774\" src=\"https:\/\/www.askja-on-tour.ch\/wp-content\/uploads\/2025\/11\/Sued_Brasilien-037-1024x769.jpg\" alt=\"\" width=\"1024\" height=\"769\" srcset=\"https:\/\/www.askja-on-tour.ch\/wp-content\/uploads\/2025\/11\/Sued_Brasilien-037-1024x769.jpg 1024w, https:\/\/www.askja-on-tour.ch\/wp-content\/uploads\/2025\/11\/Sued_Brasilien-037-1600x1201.jpg 1600w, https:\/\/www.askja-on-tour.ch\/wp-content\/uploads\/2025\/11\/Sued_Brasilien-037-768x576.jpg 768w, https:\/\/www.askja-on-tour.ch\/wp-content\/uploads\/2025\/11\/Sued_Brasilien-037-1536x1153.jpg 1536w, https:\/\/www.askja-on-tour.ch\/wp-content\/uploads\/2025\/11\/Sued_Brasilien-037.jpg 2048w\" sizes=\"auto, (max-width: 1024px) 100vw, 1024px\" \/><\/p>\n<figure id=\"attachment_29775\" aria-describedby=\"caption-attachment-29775\" style=\"width: 1024px\" class=\"wp-caption alignnone\"><img loading=\"lazy\" decoding=\"async\" class=\"size-medium wp-image-29775\" src=\"https:\/\/www.askja-on-tour.ch\/wp-content\/uploads\/2025\/11\/Sued_Brasilien-038-1024x769.jpg\" alt=\"\" width=\"1024\" height=\"769\" srcset=\"https:\/\/www.askja-on-tour.ch\/wp-content\/uploads\/2025\/11\/Sued_Brasilien-038-1024x769.jpg 1024w, https:\/\/www.askja-on-tour.ch\/wp-content\/uploads\/2025\/11\/Sued_Brasilien-038-1600x1201.jpg 1600w, https:\/\/www.askja-on-tour.ch\/wp-content\/uploads\/2025\/11\/Sued_Brasilien-038-768x576.jpg 768w, https:\/\/www.askja-on-tour.ch\/wp-content\/uploads\/2025\/11\/Sued_Brasilien-038-1536x1153.jpg 1536w, https:\/\/www.askja-on-tour.ch\/wp-content\/uploads\/2025\/11\/Sued_Brasilien-038.jpg 2048w\" sizes=\"auto, (max-width: 1024px) 100vw, 1024px\" \/><figcaption id=\"caption-attachment-29775\" class=\"wp-caption-text\">Dieser Baum hat f\u00f6rmlich einen Stein verschlungen<\/figcaption><\/figure>\n<figure id=\"attachment_29776\" aria-describedby=\"caption-attachment-29776\" style=\"width: 1024px\" class=\"wp-caption alignnone\"><img loading=\"lazy\" decoding=\"async\" class=\"size-medium wp-image-29776\" src=\"https:\/\/www.askja-on-tour.ch\/wp-content\/uploads\/2025\/11\/Sued_Brasilien-039-1024x768.jpg\" alt=\"\" width=\"1024\" height=\"768\" srcset=\"https:\/\/www.askja-on-tour.ch\/wp-content\/uploads\/2025\/11\/Sued_Brasilien-039-1024x768.jpg 1024w, https:\/\/www.askja-on-tour.ch\/wp-content\/uploads\/2025\/11\/Sued_Brasilien-039-1600x1200.jpg 1600w, https:\/\/www.askja-on-tour.ch\/wp-content\/uploads\/2025\/11\/Sued_Brasilien-039-768x576.jpg 768w, https:\/\/www.askja-on-tour.ch\/wp-content\/uploads\/2025\/11\/Sued_Brasilien-039-1536x1152.jpg 1536w, https:\/\/www.askja-on-tour.ch\/wp-content\/uploads\/2025\/11\/Sued_Brasilien-039.jpg 2048w\" sizes=\"auto, (max-width: 1024px) 100vw, 1024px\" \/><figcaption id=\"caption-attachment-29776\" class=\"wp-caption-text\">Eingangstor zu S\u00e3o Miguel das Miss\u00f5es<\/figcaption><\/figure>\n<p><img loading=\"lazy\" decoding=\"async\" class=\"alignnone size-medium wp-image-29777\" src=\"https:\/\/www.askja-on-tour.ch\/wp-content\/uploads\/2025\/11\/Sued_Brasilien-040-768x1024.jpg\" alt=\"\" width=\"768\" height=\"1024\" srcset=\"https:\/\/www.askja-on-tour.ch\/wp-content\/uploads\/2025\/11\/Sued_Brasilien-040-768x1024.jpg 768w, https:\/\/www.askja-on-tour.ch\/wp-content\/uploads\/2025\/11\/Sued_Brasilien-040-1200x1600.jpg 1200w, https:\/\/www.askja-on-tour.ch\/wp-content\/uploads\/2025\/11\/Sued_Brasilien-040-1152x1536.jpg 1152w, https:\/\/www.askja-on-tour.ch\/wp-content\/uploads\/2025\/11\/Sued_Brasilien-040.jpg 1536w\" sizes=\"auto, (max-width: 768px) 100vw, 768px\" \/> <img loading=\"lazy\" decoding=\"async\" class=\"alignnone size-medium wp-image-29778\" src=\"https:\/\/www.askja-on-tour.ch\/wp-content\/uploads\/2025\/11\/Sued_Brasilien-041-768x1024.jpg\" alt=\"\" width=\"768\" height=\"1024\" srcset=\"https:\/\/www.askja-on-tour.ch\/wp-content\/uploads\/2025\/11\/Sued_Brasilien-041-768x1024.jpg 768w, https:\/\/www.askja-on-tour.ch\/wp-content\/uploads\/2025\/11\/Sued_Brasilien-041-1200x1600.jpg 1200w, https:\/\/www.askja-on-tour.ch\/wp-content\/uploads\/2025\/11\/Sued_Brasilien-041-1152x1536.jpg 1152w, https:\/\/www.askja-on-tour.ch\/wp-content\/uploads\/2025\/11\/Sued_Brasilien-041.jpg 1536w\" sizes=\"auto, (max-width: 768px) 100vw, 768px\" \/> <img loading=\"lazy\" decoding=\"async\" class=\"alignnone size-medium wp-image-29779\" src=\"https:\/\/www.askja-on-tour.ch\/wp-content\/uploads\/2025\/11\/Sued_Brasilien-042-1024x768.jpg\" alt=\"\" width=\"1024\" height=\"768\" srcset=\"https:\/\/www.askja-on-tour.ch\/wp-content\/uploads\/2025\/11\/Sued_Brasilien-042-1024x768.jpg 1024w, https:\/\/www.askja-on-tour.ch\/wp-content\/uploads\/2025\/11\/Sued_Brasilien-042-1600x1200.jpg 1600w, https:\/\/www.askja-on-tour.ch\/wp-content\/uploads\/2025\/11\/Sued_Brasilien-042-768x576.jpg 768w, https:\/\/www.askja-on-tour.ch\/wp-content\/uploads\/2025\/11\/Sued_Brasilien-042-1536x1152.jpg 1536w, https:\/\/www.askja-on-tour.ch\/wp-content\/uploads\/2025\/11\/Sued_Brasilien-042.jpg 2048w\" sizes=\"auto, (max-width: 1024px) 100vw, 1024px\" \/><\/p>\n<figure id=\"attachment_29780\" aria-describedby=\"caption-attachment-29780\" style=\"width: 1024px\" class=\"wp-caption alignnone\"><img loading=\"lazy\" decoding=\"async\" class=\"size-medium wp-image-29780\" src=\"https:\/\/www.askja-on-tour.ch\/wp-content\/uploads\/2025\/11\/Sued_Brasilien-043-1024x769.jpg\" alt=\"\" width=\"1024\" height=\"769\" srcset=\"https:\/\/www.askja-on-tour.ch\/wp-content\/uploads\/2025\/11\/Sued_Brasilien-043-1024x769.jpg 1024w, https:\/\/www.askja-on-tour.ch\/wp-content\/uploads\/2025\/11\/Sued_Brasilien-043-1600x1201.jpg 1600w, https:\/\/www.askja-on-tour.ch\/wp-content\/uploads\/2025\/11\/Sued_Brasilien-043-768x576.jpg 768w, https:\/\/www.askja-on-tour.ch\/wp-content\/uploads\/2025\/11\/Sued_Brasilien-043-1536x1153.jpg 1536w, https:\/\/www.askja-on-tour.ch\/wp-content\/uploads\/2025\/11\/Sued_Brasilien-043.jpg 2048w\" sizes=\"auto, (max-width: 1024px) 100vw, 1024px\" \/><figcaption id=\"caption-attachment-29780\" class=\"wp-caption-text\">Campo Flicker (Feldspecht)<\/figcaption><\/figure>\n<figure id=\"attachment_29781\" aria-describedby=\"caption-attachment-29781\" style=\"width: 1024px\" class=\"wp-caption alignnone\"><img loading=\"lazy\" decoding=\"async\" class=\"size-medium wp-image-29781\" src=\"https:\/\/www.askja-on-tour.ch\/wp-content\/uploads\/2025\/11\/Sued_Brasilien-044-1024x768.jpg\" alt=\"\" width=\"1024\" height=\"768\" srcset=\"https:\/\/www.askja-on-tour.ch\/wp-content\/uploads\/2025\/11\/Sued_Brasilien-044-1024x768.jpg 1024w, https:\/\/www.askja-on-tour.ch\/wp-content\/uploads\/2025\/11\/Sued_Brasilien-044-1600x1200.jpg 1600w, https:\/\/www.askja-on-tour.ch\/wp-content\/uploads\/2025\/11\/Sued_Brasilien-044-768x576.jpg 768w, https:\/\/www.askja-on-tour.ch\/wp-content\/uploads\/2025\/11\/Sued_Brasilien-044-1536x1152.jpg 1536w, https:\/\/www.askja-on-tour.ch\/wp-content\/uploads\/2025\/11\/Sued_Brasilien-044.jpg 2048w\" sizes=\"auto, (max-width: 1024px) 100vw, 1024px\" \/><figcaption id=\"caption-attachment-29781\" class=\"wp-caption-text\">Miss\u00e3o de S\u00e3o Jo\u00e3o Batista<\/figcaption><\/figure>\n<figure id=\"attachment_29782\" aria-describedby=\"caption-attachment-29782\" style=\"width: 1024px\" class=\"wp-caption alignnone\"><img loading=\"lazy\" decoding=\"async\" class=\"size-medium wp-image-29782\" src=\"https:\/\/www.askja-on-tour.ch\/wp-content\/uploads\/2025\/11\/Sued_Brasilien-045-1024x768.jpg\" alt=\"\" width=\"1024\" height=\"768\" srcset=\"https:\/\/www.askja-on-tour.ch\/wp-content\/uploads\/2025\/11\/Sued_Brasilien-045-1024x768.jpg 1024w, https:\/\/www.askja-on-tour.ch\/wp-content\/uploads\/2025\/11\/Sued_Brasilien-045-1600x1200.jpg 1600w, https:\/\/www.askja-on-tour.ch\/wp-content\/uploads\/2025\/11\/Sued_Brasilien-045-768x576.jpg 768w, https:\/\/www.askja-on-tour.ch\/wp-content\/uploads\/2025\/11\/Sued_Brasilien-045-1536x1152.jpg 1536w, https:\/\/www.askja-on-tour.ch\/wp-content\/uploads\/2025\/11\/Sued_Brasilien-045.jpg 2048w\" sizes=\"auto, (max-width: 1024px) 100vw, 1024px\" \/><figcaption id=\"caption-attachment-29782\" class=\"wp-caption-text\">Monument f\u00fcr den Jesuiten Padra Antonie Sepp von Rechegg<\/figcaption><\/figure>\n<figure id=\"attachment_29783\" aria-describedby=\"caption-attachment-29783\" style=\"width: 1024px\" class=\"wp-caption alignnone\"><img loading=\"lazy\" decoding=\"async\" class=\"size-medium wp-image-29783\" src=\"https:\/\/www.askja-on-tour.ch\/wp-content\/uploads\/2025\/11\/Sued_Brasilien-046-1024x768.jpg\" alt=\"\" width=\"1024\" height=\"768\" srcset=\"https:\/\/www.askja-on-tour.ch\/wp-content\/uploads\/2025\/11\/Sued_Brasilien-046-1024x768.jpg 1024w, https:\/\/www.askja-on-tour.ch\/wp-content\/uploads\/2025\/11\/Sued_Brasilien-046-1600x1200.jpg 1600w, https:\/\/www.askja-on-tour.ch\/wp-content\/uploads\/2025\/11\/Sued_Brasilien-046-768x576.jpg 768w, https:\/\/www.askja-on-tour.ch\/wp-content\/uploads\/2025\/11\/Sued_Brasilien-046-1536x1152.jpg 1536w, https:\/\/www.askja-on-tour.ch\/wp-content\/uploads\/2025\/11\/Sued_Brasilien-046.jpg 2048w\" sizes=\"auto, (max-width: 1024px) 100vw, 1024px\" \/><figcaption id=\"caption-attachment-29783\" class=\"wp-caption-text\">Blick auf den Friedhof<\/figcaption><\/figure>\n<figure id=\"attachment_29784\" aria-describedby=\"caption-attachment-29784\" style=\"width: 1024px\" class=\"wp-caption alignnone\"><img loading=\"lazy\" decoding=\"async\" class=\"size-medium wp-image-29784\" src=\"https:\/\/www.askja-on-tour.ch\/wp-content\/uploads\/2025\/11\/Sued_Brasilien-047-1024x768.jpg\" alt=\"\" width=\"1024\" height=\"768\" srcset=\"https:\/\/www.askja-on-tour.ch\/wp-content\/uploads\/2025\/11\/Sued_Brasilien-047-1024x768.jpg 1024w, https:\/\/www.askja-on-tour.ch\/wp-content\/uploads\/2025\/11\/Sued_Brasilien-047-1600x1200.jpg 1600w, https:\/\/www.askja-on-tour.ch\/wp-content\/uploads\/2025\/11\/Sued_Brasilien-047-768x576.jpg 768w, https:\/\/www.askja-on-tour.ch\/wp-content\/uploads\/2025\/11\/Sued_Brasilien-047-1536x1152.jpg 1536w, https:\/\/www.askja-on-tour.ch\/wp-content\/uploads\/2025\/11\/Sued_Brasilien-047.jpg 2048w\" sizes=\"auto, (max-width: 1024px) 100vw, 1024px\" \/><figcaption id=\"caption-attachment-29784\" class=\"wp-caption-text\">&#8230; der als heiliger Ort durch das Dorf weitergenutzt wurde<\/figcaption><\/figure>\n<p><img loading=\"lazy\" decoding=\"async\" class=\"alignnone size-medium wp-image-29785\" src=\"https:\/\/www.askja-on-tour.ch\/wp-content\/uploads\/2025\/11\/Sued_Brasilien-048-1024x768.jpg\" alt=\"\" width=\"1024\" height=\"768\" srcset=\"https:\/\/www.askja-on-tour.ch\/wp-content\/uploads\/2025\/11\/Sued_Brasilien-048-1024x768.jpg 1024w, https:\/\/www.askja-on-tour.ch\/wp-content\/uploads\/2025\/11\/Sued_Brasilien-048-1600x1200.jpg 1600w, https:\/\/www.askja-on-tour.ch\/wp-content\/uploads\/2025\/11\/Sued_Brasilien-048-768x576.jpg 768w, https:\/\/www.askja-on-tour.ch\/wp-content\/uploads\/2025\/11\/Sued_Brasilien-048-1536x1152.jpg 1536w, https:\/\/www.askja-on-tour.ch\/wp-content\/uploads\/2025\/11\/Sued_Brasilien-048.jpg 2048w\" sizes=\"auto, (max-width: 1024px) 100vw, 1024px\" \/> <img loading=\"lazy\" decoding=\"async\" class=\"alignnone size-medium wp-image-29786\" src=\"https:\/\/www.askja-on-tour.ch\/wp-content\/uploads\/2025\/11\/Sued_Brasilien-049-1024x768.jpg\" alt=\"\" width=\"1024\" height=\"768\" srcset=\"https:\/\/www.askja-on-tour.ch\/wp-content\/uploads\/2025\/11\/Sued_Brasilien-049-1024x768.jpg 1024w, https:\/\/www.askja-on-tour.ch\/wp-content\/uploads\/2025\/11\/Sued_Brasilien-049-1600x1200.jpg 1600w, https:\/\/www.askja-on-tour.ch\/wp-content\/uploads\/2025\/11\/Sued_Brasilien-049-768x576.jpg 768w, https:\/\/www.askja-on-tour.ch\/wp-content\/uploads\/2025\/11\/Sued_Brasilien-049-1536x1152.jpg 1536w, https:\/\/www.askja-on-tour.ch\/wp-content\/uploads\/2025\/11\/Sued_Brasilien-049.jpg 2048w\" sizes=\"auto, (max-width: 1024px) 100vw, 1024px\" \/><\/p>\n<p>Die Nacht verbrachten wir etwas weiter s\u00fcdlich, direkt am Rio Uruguay.<\/p>\n<figure id=\"attachment_29787\" aria-describedby=\"caption-attachment-29787\" style=\"width: 1024px\" class=\"wp-caption alignnone\"><img loading=\"lazy\" decoding=\"async\" class=\"size-medium wp-image-29787\" src=\"https:\/\/www.askja-on-tour.ch\/wp-content\/uploads\/2025\/11\/Sued_Brasilien-050-1024x768.jpg\" alt=\"\" width=\"1024\" height=\"768\" srcset=\"https:\/\/www.askja-on-tour.ch\/wp-content\/uploads\/2025\/11\/Sued_Brasilien-050-1024x768.jpg 1024w, https:\/\/www.askja-on-tour.ch\/wp-content\/uploads\/2025\/11\/Sued_Brasilien-050-1600x1200.jpg 1600w, https:\/\/www.askja-on-tour.ch\/wp-content\/uploads\/2025\/11\/Sued_Brasilien-050-768x576.jpg 768w, https:\/\/www.askja-on-tour.ch\/wp-content\/uploads\/2025\/11\/Sued_Brasilien-050-1536x1152.jpg 1536w, https:\/\/www.askja-on-tour.ch\/wp-content\/uploads\/2025\/11\/Sued_Brasilien-050.jpg 2048w\" sizes=\"auto, (max-width: 1024px) 100vw, 1024px\" \/><figcaption id=\"caption-attachment-29787\" class=\"wp-caption-text\">Am Rio Uruguay<\/figcaption><\/figure>\n<p><img loading=\"lazy\" decoding=\"async\" class=\"alignnone size-medium wp-image-29788\" src=\"https:\/\/www.askja-on-tour.ch\/wp-content\/uploads\/2025\/11\/Sued_Brasilien-051-1024x768.jpg\" alt=\"\" width=\"1024\" height=\"768\" srcset=\"https:\/\/www.askja-on-tour.ch\/wp-content\/uploads\/2025\/11\/Sued_Brasilien-051-1024x768.jpg 1024w, https:\/\/www.askja-on-tour.ch\/wp-content\/uploads\/2025\/11\/Sued_Brasilien-051-1600x1200.jpg 1600w, https:\/\/www.askja-on-tour.ch\/wp-content\/uploads\/2025\/11\/Sued_Brasilien-051-768x576.jpg 768w, https:\/\/www.askja-on-tour.ch\/wp-content\/uploads\/2025\/11\/Sued_Brasilien-051-1536x1152.jpg 1536w, https:\/\/www.askja-on-tour.ch\/wp-content\/uploads\/2025\/11\/Sued_Brasilien-051.jpg 2048w\" sizes=\"auto, (max-width: 1024px) 100vw, 1024px\" \/><\/p>\n<p>Wir wollten nochmals ins Weingebiet von Brasilien fahren, diesmal bei Prachtswetter (letztes Mal hatte es Bindf\u00e4den geregnet). Wir w\u00e4hlten die RS-332, ab Santa Teresa die RS-444. Landschaftlich sehr sch\u00f6ne Strassen, die RS-332 ist auch bekannt als die Rota da Erva-Mate, welche durch viele kleinere Ortschaften f\u00fchrt, wo Mate angepflanzt und veredelt wird. Inzwischen haben wir auch noch erfahren, weshalb der Mate in Brasilien (ErvaMate oder Chimarr\u00e3o genannt) viel heller ist und in der Kallebasse (Matte-Gef\u00e4ss) aussieht, als der Mate in Paraguay, Argentinien oder Uruguay (YerbaMate genannt): \u00a0Sorten aus Argentinien, Paraguay oder Uruguay werden gr\u00f6ber, mit mehr Bl\u00e4ttern und St\u00e4ngeln verarbeitet. Sie werden auch viel l\u00e4nger gelagert, ehe sie verkauft werden, so dass keine Restfreuchte mehr im YerbaMate verbleibt. Die brasilianischen Sorten sind feiner und pulvriger und werden nicht gelagert, deshalb sind sie auch noch viel feuchter und deshalb farblich frisch gr\u00fcn, mit \u00fcber 70 % Restfreuchte.<\/p>\n<figure id=\"attachment_29789\" aria-describedby=\"caption-attachment-29789\" style=\"width: 1024px\" class=\"wp-caption alignnone\"><img loading=\"lazy\" decoding=\"async\" class=\"size-medium wp-image-29789\" src=\"https:\/\/www.askja-on-tour.ch\/wp-content\/uploads\/2025\/11\/Sued_Brasilien-052-1024x768.jpg\" alt=\"\" width=\"1024\" height=\"768\" srcset=\"https:\/\/www.askja-on-tour.ch\/wp-content\/uploads\/2025\/11\/Sued_Brasilien-052-1024x768.jpg 1024w, https:\/\/www.askja-on-tour.ch\/wp-content\/uploads\/2025\/11\/Sued_Brasilien-052-1600x1200.jpg 1600w, https:\/\/www.askja-on-tour.ch\/wp-content\/uploads\/2025\/11\/Sued_Brasilien-052-768x576.jpg 768w, https:\/\/www.askja-on-tour.ch\/wp-content\/uploads\/2025\/11\/Sued_Brasilien-052-1536x1152.jpg 1536w, https:\/\/www.askja-on-tour.ch\/wp-content\/uploads\/2025\/11\/Sued_Brasilien-052.jpg 2048w\" sizes=\"auto, (max-width: 1024px) 100vw, 1024px\" \/><figcaption id=\"caption-attachment-29789\" class=\"wp-caption-text\">.. unterwegs angetroffen<\/figcaption><\/figure>\n<figure id=\"attachment_29790\" aria-describedby=\"caption-attachment-29790\" style=\"width: 1024px\" class=\"wp-caption alignnone\"><img loading=\"lazy\" decoding=\"async\" class=\"size-medium wp-image-29790\" src=\"https:\/\/www.askja-on-tour.ch\/wp-content\/uploads\/2025\/11\/Sued_Brasilien-053-1024x768.jpg\" alt=\"\" width=\"1024\" height=\"768\" srcset=\"https:\/\/www.askja-on-tour.ch\/wp-content\/uploads\/2025\/11\/Sued_Brasilien-053-1024x768.jpg 1024w, https:\/\/www.askja-on-tour.ch\/wp-content\/uploads\/2025\/11\/Sued_Brasilien-053-1600x1200.jpg 1600w, https:\/\/www.askja-on-tour.ch\/wp-content\/uploads\/2025\/11\/Sued_Brasilien-053-768x576.jpg 768w, https:\/\/www.askja-on-tour.ch\/wp-content\/uploads\/2025\/11\/Sued_Brasilien-053-1536x1152.jpg 1536w, https:\/\/www.askja-on-tour.ch\/wp-content\/uploads\/2025\/11\/Sued_Brasilien-053.jpg 2048w\" sizes=\"auto, (max-width: 1024px) 100vw, 1024px\" \/><figcaption id=\"caption-attachment-29790\" class=\"wp-caption-text\">Araukarien und Palmen inmitten von Mate-Bepflanzungen<\/figcaption><\/figure>\n<p><img loading=\"lazy\" decoding=\"async\" class=\"alignnone size-medium wp-image-29791\" src=\"https:\/\/www.askja-on-tour.ch\/wp-content\/uploads\/2025\/11\/Sued_Brasilien-054-1024x768.jpg\" alt=\"\" width=\"1024\" height=\"768\" srcset=\"https:\/\/www.askja-on-tour.ch\/wp-content\/uploads\/2025\/11\/Sued_Brasilien-054-1024x768.jpg 1024w, https:\/\/www.askja-on-tour.ch\/wp-content\/uploads\/2025\/11\/Sued_Brasilien-054-1600x1200.jpg 1600w, https:\/\/www.askja-on-tour.ch\/wp-content\/uploads\/2025\/11\/Sued_Brasilien-054-768x576.jpg 768w, https:\/\/www.askja-on-tour.ch\/wp-content\/uploads\/2025\/11\/Sued_Brasilien-054-1536x1152.jpg 1536w, https:\/\/www.askja-on-tour.ch\/wp-content\/uploads\/2025\/11\/Sued_Brasilien-054.jpg 2048w\" sizes=\"auto, (max-width: 1024px) 100vw, 1024px\" \/> <img loading=\"lazy\" decoding=\"async\" class=\"alignnone size-medium wp-image-29792\" src=\"https:\/\/www.askja-on-tour.ch\/wp-content\/uploads\/2025\/11\/Sued_Brasilien-055-1024x768.jpg\" alt=\"\" width=\"1024\" height=\"768\" srcset=\"https:\/\/www.askja-on-tour.ch\/wp-content\/uploads\/2025\/11\/Sued_Brasilien-055-1024x768.jpg 1024w, https:\/\/www.askja-on-tour.ch\/wp-content\/uploads\/2025\/11\/Sued_Brasilien-055-1600x1200.jpg 1600w, https:\/\/www.askja-on-tour.ch\/wp-content\/uploads\/2025\/11\/Sued_Brasilien-055-768x576.jpg 768w, https:\/\/www.askja-on-tour.ch\/wp-content\/uploads\/2025\/11\/Sued_Brasilien-055-1536x1152.jpg 1536w, https:\/\/www.askja-on-tour.ch\/wp-content\/uploads\/2025\/11\/Sued_Brasilien-055.jpg 2048w\" sizes=\"auto, (max-width: 1024px) 100vw, 1024px\" \/> <img loading=\"lazy\" decoding=\"async\" class=\"alignnone size-medium wp-image-29793\" src=\"https:\/\/www.askja-on-tour.ch\/wp-content\/uploads\/2025\/11\/Sued_Brasilien-056-1024x768.jpg\" alt=\"\" width=\"1024\" height=\"768\" srcset=\"https:\/\/www.askja-on-tour.ch\/wp-content\/uploads\/2025\/11\/Sued_Brasilien-056-1024x768.jpg 1024w, https:\/\/www.askja-on-tour.ch\/wp-content\/uploads\/2025\/11\/Sued_Brasilien-056-1600x1200.jpg 1600w, https:\/\/www.askja-on-tour.ch\/wp-content\/uploads\/2025\/11\/Sued_Brasilien-056-768x576.jpg 768w, https:\/\/www.askja-on-tour.ch\/wp-content\/uploads\/2025\/11\/Sued_Brasilien-056-1536x1152.jpg 1536w, https:\/\/www.askja-on-tour.ch\/wp-content\/uploads\/2025\/11\/Sued_Brasilien-056.jpg 2048w\" sizes=\"auto, (max-width: 1024px) 100vw, 1024px\" \/><\/p>\n<figure id=\"attachment_29794\" aria-describedby=\"caption-attachment-29794\" style=\"width: 1024px\" class=\"wp-caption alignnone\"><img loading=\"lazy\" decoding=\"async\" class=\"size-medium wp-image-29794\" src=\"https:\/\/www.askja-on-tour.ch\/wp-content\/uploads\/2025\/11\/Sued_Brasilien-057-1024x768.jpg\" alt=\"\" width=\"1024\" height=\"768\" srcset=\"https:\/\/www.askja-on-tour.ch\/wp-content\/uploads\/2025\/11\/Sued_Brasilien-057-1024x768.jpg 1024w, https:\/\/www.askja-on-tour.ch\/wp-content\/uploads\/2025\/11\/Sued_Brasilien-057-1600x1200.jpg 1600w, https:\/\/www.askja-on-tour.ch\/wp-content\/uploads\/2025\/11\/Sued_Brasilien-057-768x576.jpg 768w, https:\/\/www.askja-on-tour.ch\/wp-content\/uploads\/2025\/11\/Sued_Brasilien-057-1536x1152.jpg 1536w, https:\/\/www.askja-on-tour.ch\/wp-content\/uploads\/2025\/11\/Sued_Brasilien-057.jpg 2048w\" sizes=\"auto, (max-width: 1024px) 100vw, 1024px\" \/><figcaption id=\"caption-attachment-29794\" class=\"wp-caption-text\">Mate-Pflanze<\/figcaption><\/figure>\n<figure id=\"attachment_29795\" aria-describedby=\"caption-attachment-29795\" style=\"width: 1024px\" class=\"wp-caption alignnone\"><img loading=\"lazy\" decoding=\"async\" class=\"size-medium wp-image-29795\" src=\"https:\/\/www.askja-on-tour.ch\/wp-content\/uploads\/2025\/11\/Sued_Brasilien-058-1024x768.jpg\" alt=\"\" width=\"1024\" height=\"768\" srcset=\"https:\/\/www.askja-on-tour.ch\/wp-content\/uploads\/2025\/11\/Sued_Brasilien-058-1024x768.jpg 1024w, https:\/\/www.askja-on-tour.ch\/wp-content\/uploads\/2025\/11\/Sued_Brasilien-058-1600x1200.jpg 1600w, https:\/\/www.askja-on-tour.ch\/wp-content\/uploads\/2025\/11\/Sued_Brasilien-058-768x576.jpg 768w, https:\/\/www.askja-on-tour.ch\/wp-content\/uploads\/2025\/11\/Sued_Brasilien-058-1536x1152.jpg 1536w, https:\/\/www.askja-on-tour.ch\/wp-content\/uploads\/2025\/11\/Sued_Brasilien-058.jpg 2048w\" sizes=\"auto, (max-width: 1024px) 100vw, 1024px\" \/><figcaption id=\"caption-attachment-29795\" class=\"wp-caption-text\">Riesige Felder &#8211; hier mit Maisanpflanzung<\/figcaption><\/figure>\n<figure id=\"attachment_29796\" aria-describedby=\"caption-attachment-29796\" style=\"width: 1024px\" class=\"wp-caption alignnone\"><img loading=\"lazy\" decoding=\"async\" class=\"size-medium wp-image-29796\" src=\"https:\/\/www.askja-on-tour.ch\/wp-content\/uploads\/2025\/11\/Sued_Brasilien-059-1024x768.jpg\" alt=\"\" width=\"1024\" height=\"768\" srcset=\"https:\/\/www.askja-on-tour.ch\/wp-content\/uploads\/2025\/11\/Sued_Brasilien-059-1024x768.jpg 1024w, https:\/\/www.askja-on-tour.ch\/wp-content\/uploads\/2025\/11\/Sued_Brasilien-059-1600x1200.jpg 1600w, https:\/\/www.askja-on-tour.ch\/wp-content\/uploads\/2025\/11\/Sued_Brasilien-059-768x576.jpg 768w, https:\/\/www.askja-on-tour.ch\/wp-content\/uploads\/2025\/11\/Sued_Brasilien-059-1536x1152.jpg 1536w, https:\/\/www.askja-on-tour.ch\/wp-content\/uploads\/2025\/11\/Sued_Brasilien-059.jpg 2048w\" sizes=\"auto, (max-width: 1024px) 100vw, 1024px\" \/><figcaption id=\"caption-attachment-29796\" class=\"wp-caption-text\">Mate-Gef\u00e4ss (Kalabasse) und Wasserkocher<\/figcaption><\/figure>\n<figure id=\"attachment_29797\" aria-describedby=\"caption-attachment-29797\" style=\"width: 768px\" class=\"wp-caption alignnone\"><img loading=\"lazy\" decoding=\"async\" class=\"size-medium wp-image-29797\" src=\"https:\/\/www.askja-on-tour.ch\/wp-content\/uploads\/2025\/11\/Sued_Brasilien-060-768x1024.jpg\" alt=\"\" width=\"768\" height=\"1024\" srcset=\"https:\/\/www.askja-on-tour.ch\/wp-content\/uploads\/2025\/11\/Sued_Brasilien-060-768x1024.jpg 768w, https:\/\/www.askja-on-tour.ch\/wp-content\/uploads\/2025\/11\/Sued_Brasilien-060-1200x1600.jpg 1200w, https:\/\/www.askja-on-tour.ch\/wp-content\/uploads\/2025\/11\/Sued_Brasilien-060-1152x1536.jpg 1152w, https:\/\/www.askja-on-tour.ch\/wp-content\/uploads\/2025\/11\/Sued_Brasilien-060.jpg 1536w\" sizes=\"auto, (max-width: 768px) 100vw, 768px\" \/><figcaption id=\"caption-attachment-29797\" class=\"wp-caption-text\">Unterwegs<\/figcaption><\/figure>\n<figure id=\"attachment_29798\" aria-describedby=\"caption-attachment-29798\" style=\"width: 1024px\" class=\"wp-caption alignnone\"><img loading=\"lazy\" decoding=\"async\" class=\"size-medium wp-image-29798\" src=\"https:\/\/www.askja-on-tour.ch\/wp-content\/uploads\/2025\/11\/Sued_Brasilien-061-1024x768.jpg\" alt=\"\" width=\"1024\" height=\"768\" srcset=\"https:\/\/www.askja-on-tour.ch\/wp-content\/uploads\/2025\/11\/Sued_Brasilien-061-1024x768.jpg 1024w, https:\/\/www.askja-on-tour.ch\/wp-content\/uploads\/2025\/11\/Sued_Brasilien-061-1600x1200.jpg 1600w, https:\/\/www.askja-on-tour.ch\/wp-content\/uploads\/2025\/11\/Sued_Brasilien-061-768x576.jpg 768w, https:\/\/www.askja-on-tour.ch\/wp-content\/uploads\/2025\/11\/Sued_Brasilien-061-1536x1152.jpg 1536w, https:\/\/www.askja-on-tour.ch\/wp-content\/uploads\/2025\/11\/Sued_Brasilien-061.jpg 2048w\" sizes=\"auto, (max-width: 1024px) 100vw, 1024px\" \/><figcaption id=\"caption-attachment-29798\" class=\"wp-caption-text\">sch\u00f6nes Eisenbahn-Viadukt<\/figcaption><\/figure>\n<figure id=\"attachment_29799\" aria-describedby=\"caption-attachment-29799\" style=\"width: 1024px\" class=\"wp-caption alignnone\"><img loading=\"lazy\" decoding=\"async\" class=\"size-medium wp-image-29799\" src=\"https:\/\/www.askja-on-tour.ch\/wp-content\/uploads\/2025\/11\/Sued_Brasilien-062-1024x768.jpg\" alt=\"\" width=\"1024\" height=\"768\" srcset=\"https:\/\/www.askja-on-tour.ch\/wp-content\/uploads\/2025\/11\/Sued_Brasilien-062-1024x768.jpg 1024w, https:\/\/www.askja-on-tour.ch\/wp-content\/uploads\/2025\/11\/Sued_Brasilien-062-1600x1200.jpg 1600w, https:\/\/www.askja-on-tour.ch\/wp-content\/uploads\/2025\/11\/Sued_Brasilien-062-768x576.jpg 768w, https:\/\/www.askja-on-tour.ch\/wp-content\/uploads\/2025\/11\/Sued_Brasilien-062-1536x1152.jpg 1536w, https:\/\/www.askja-on-tour.ch\/wp-content\/uploads\/2025\/11\/Sued_Brasilien-062.jpg 2048w\" sizes=\"auto, (max-width: 1024px) 100vw, 1024px\" \/><figcaption id=\"caption-attachment-29799\" class=\"wp-caption-text\">&#8230;. unterwegs<\/figcaption><\/figure>\n<p><img loading=\"lazy\" decoding=\"async\" class=\"alignnone size-medium wp-image-29800\" src=\"https:\/\/www.askja-on-tour.ch\/wp-content\/uploads\/2025\/11\/Sued_Brasilien-063-1024x768.jpg\" alt=\"\" width=\"1024\" height=\"768\" srcset=\"https:\/\/www.askja-on-tour.ch\/wp-content\/uploads\/2025\/11\/Sued_Brasilien-063-1024x768.jpg 1024w, https:\/\/www.askja-on-tour.ch\/wp-content\/uploads\/2025\/11\/Sued_Brasilien-063-1600x1200.jpg 1600w, https:\/\/www.askja-on-tour.ch\/wp-content\/uploads\/2025\/11\/Sued_Brasilien-063-768x576.jpg 768w, https:\/\/www.askja-on-tour.ch\/wp-content\/uploads\/2025\/11\/Sued_Brasilien-063-1536x1152.jpg 1536w, https:\/\/www.askja-on-tour.ch\/wp-content\/uploads\/2025\/11\/Sued_Brasilien-063.jpg 2048w\" sizes=\"auto, (max-width: 1024px) 100vw, 1024px\" \/> <img loading=\"lazy\" decoding=\"async\" class=\"alignnone size-medium wp-image-29801\" src=\"https:\/\/www.askja-on-tour.ch\/wp-content\/uploads\/2025\/11\/Sued_Brasilien-064-1024x768.jpg\" alt=\"\" width=\"1024\" height=\"768\" srcset=\"https:\/\/www.askja-on-tour.ch\/wp-content\/uploads\/2025\/11\/Sued_Brasilien-064-1024x768.jpg 1024w, https:\/\/www.askja-on-tour.ch\/wp-content\/uploads\/2025\/11\/Sued_Brasilien-064-1600x1200.jpg 1600w, https:\/\/www.askja-on-tour.ch\/wp-content\/uploads\/2025\/11\/Sued_Brasilien-064-768x576.jpg 768w, https:\/\/www.askja-on-tour.ch\/wp-content\/uploads\/2025\/11\/Sued_Brasilien-064-1536x1152.jpg 1536w, https:\/\/www.askja-on-tour.ch\/wp-content\/uploads\/2025\/11\/Sued_Brasilien-064.jpg 2048w\" sizes=\"auto, (max-width: 1024px) 100vw, 1024px\" \/><\/p>\n<p>Die RS-444 ist die Rota das Vinhedos, welche ins Vale dos Vinhedos (Tal der Weine) f\u00fchrt. Die Einwanderer aus Italien pr\u00e4gen die gesamte Gegend, die H\u00e4user sind so, wie wir sie aus Italien kennen. Der Weinanbau und die Weinkultur kamen mit diesen Immigranten aus Italien. Wir wollten nochmals Wein probieren, doch die Auswahl an Orten, wo wir auch die Nacht verbringen konnten, war sehr d\u00fcnn ges\u00e4ht (und dies muss sein, denn in Brasilien ist 0.0 Promille). Wir hatten zwei Weing\u00fcter im Visier, aber letztendlich sind wir wieder bei Casa Valduga gelandet, weil wir dort einen gen\u00fcgend grossen Platz zum \u00dcbernachten hatten. Wir hatten zwei Weinproben und am Folgetag eine ausgiebige F\u00fchrung mit nochmals einer Weinprobe. Deshalb sind wir zwei N\u00e4chte geblieben sind. Was uns erst bei diesem Besuch so richtig klar wurde, ist die Tatsache, dass Valduga v.a. f\u00fcr ihre Schaumweine nach der traditionellen Champagner-Methode bekannt sind. Valduga hat den gr\u00f6ssten Schaumwein-Keller in den Amerikas.<\/p>\n<p><img loading=\"lazy\" decoding=\"async\" class=\"alignnone size-medium wp-image-29803\" src=\"https:\/\/www.askja-on-tour.ch\/wp-content\/uploads\/2025\/11\/Sued_Brasilien-066-1024x768.jpg\" alt=\"\" width=\"1024\" height=\"768\" srcset=\"https:\/\/www.askja-on-tour.ch\/wp-content\/uploads\/2025\/11\/Sued_Brasilien-066-1024x768.jpg 1024w, https:\/\/www.askja-on-tour.ch\/wp-content\/uploads\/2025\/11\/Sued_Brasilien-066-1600x1200.jpg 1600w, https:\/\/www.askja-on-tour.ch\/wp-content\/uploads\/2025\/11\/Sued_Brasilien-066-768x576.jpg 768w, https:\/\/www.askja-on-tour.ch\/wp-content\/uploads\/2025\/11\/Sued_Brasilien-066-1536x1152.jpg 1536w, https:\/\/www.askja-on-tour.ch\/wp-content\/uploads\/2025\/11\/Sued_Brasilien-066.jpg 2048w\" sizes=\"auto, (max-width: 1024px) 100vw, 1024px\" \/><\/p>\n<figure id=\"attachment_29802\" aria-describedby=\"caption-attachment-29802\" style=\"width: 1024px\" class=\"wp-caption alignnone\"><img loading=\"lazy\" decoding=\"async\" class=\"size-medium wp-image-29802\" src=\"https:\/\/www.askja-on-tour.ch\/wp-content\/uploads\/2025\/11\/Sued_Brasilien-065-1024x768.jpg\" alt=\"\" width=\"1024\" height=\"768\" srcset=\"https:\/\/www.askja-on-tour.ch\/wp-content\/uploads\/2025\/11\/Sued_Brasilien-065-1024x768.jpg 1024w, https:\/\/www.askja-on-tour.ch\/wp-content\/uploads\/2025\/11\/Sued_Brasilien-065-1600x1200.jpg 1600w, https:\/\/www.askja-on-tour.ch\/wp-content\/uploads\/2025\/11\/Sued_Brasilien-065-768x576.jpg 768w, https:\/\/www.askja-on-tour.ch\/wp-content\/uploads\/2025\/11\/Sued_Brasilien-065-1536x1152.jpg 1536w, https:\/\/www.askja-on-tour.ch\/wp-content\/uploads\/2025\/11\/Sued_Brasilien-065.jpg 2048w\" sizes=\"auto, (max-width: 1024px) 100vw, 1024px\" \/><figcaption id=\"caption-attachment-29802\" class=\"wp-caption-text\">Italienischer Baustil<\/figcaption><\/figure>\n<p><img loading=\"lazy\" decoding=\"async\" class=\"alignnone size-medium wp-image-29804\" src=\"https:\/\/www.askja-on-tour.ch\/wp-content\/uploads\/2025\/11\/Sued_Brasilien-067-1024x768.jpg\" alt=\"\" width=\"1024\" height=\"768\" srcset=\"https:\/\/www.askja-on-tour.ch\/wp-content\/uploads\/2025\/11\/Sued_Brasilien-067-1024x768.jpg 1024w, https:\/\/www.askja-on-tour.ch\/wp-content\/uploads\/2025\/11\/Sued_Brasilien-067-1600x1200.jpg 1600w, https:\/\/www.askja-on-tour.ch\/wp-content\/uploads\/2025\/11\/Sued_Brasilien-067-768x576.jpg 768w, https:\/\/www.askja-on-tour.ch\/wp-content\/uploads\/2025\/11\/Sued_Brasilien-067-1536x1152.jpg 1536w, https:\/\/www.askja-on-tour.ch\/wp-content\/uploads\/2025\/11\/Sued_Brasilien-067.jpg 2048w\" sizes=\"auto, (max-width: 1024px) 100vw, 1024px\" \/><\/p>\n<figure id=\"attachment_29805\" aria-describedby=\"caption-attachment-29805\" style=\"width: 1024px\" class=\"wp-caption alignnone\"><img loading=\"lazy\" decoding=\"async\" class=\"size-medium wp-image-29805\" src=\"https:\/\/www.askja-on-tour.ch\/wp-content\/uploads\/2025\/11\/Sued_Brasilien-068-1024x768.jpg\" alt=\"\" width=\"1024\" height=\"768\" srcset=\"https:\/\/www.askja-on-tour.ch\/wp-content\/uploads\/2025\/11\/Sued_Brasilien-068-1024x768.jpg 1024w, https:\/\/www.askja-on-tour.ch\/wp-content\/uploads\/2025\/11\/Sued_Brasilien-068-1600x1200.jpg 1600w, https:\/\/www.askja-on-tour.ch\/wp-content\/uploads\/2025\/11\/Sued_Brasilien-068-768x576.jpg 768w, https:\/\/www.askja-on-tour.ch\/wp-content\/uploads\/2025\/11\/Sued_Brasilien-068-1536x1152.jpg 1536w, https:\/\/www.askja-on-tour.ch\/wp-content\/uploads\/2025\/11\/Sued_Brasilien-068.jpg 2048w\" sizes=\"auto, (max-width: 1024px) 100vw, 1024px\" \/><figcaption id=\"caption-attachment-29805\" class=\"wp-caption-text\">Reben nach unterschiedlicher Erziehungsmethode<\/figcaption><\/figure>\n<p><img loading=\"lazy\" decoding=\"async\" class=\"alignnone size-medium wp-image-29806\" src=\"https:\/\/www.askja-on-tour.ch\/wp-content\/uploads\/2025\/11\/Sued_Brasilien-069-1024x768.jpg\" alt=\"\" width=\"1024\" height=\"768\" srcset=\"https:\/\/www.askja-on-tour.ch\/wp-content\/uploads\/2025\/11\/Sued_Brasilien-069-1024x768.jpg 1024w, https:\/\/www.askja-on-tour.ch\/wp-content\/uploads\/2025\/11\/Sued_Brasilien-069-1600x1200.jpg 1600w, https:\/\/www.askja-on-tour.ch\/wp-content\/uploads\/2025\/11\/Sued_Brasilien-069-768x576.jpg 768w, https:\/\/www.askja-on-tour.ch\/wp-content\/uploads\/2025\/11\/Sued_Brasilien-069-1536x1152.jpg 1536w, https:\/\/www.askja-on-tour.ch\/wp-content\/uploads\/2025\/11\/Sued_Brasilien-069.jpg 2048w\" sizes=\"auto, (max-width: 1024px) 100vw, 1024px\" \/><\/p>\n<figure id=\"attachment_29807\" aria-describedby=\"caption-attachment-29807\" style=\"width: 1024px\" class=\"wp-caption alignnone\"><img loading=\"lazy\" decoding=\"async\" class=\"size-medium wp-image-29807\" src=\"https:\/\/www.askja-on-tour.ch\/wp-content\/uploads\/2025\/11\/Sued_Brasilien-070-1024x768.jpg\" alt=\"\" width=\"1024\" height=\"768\" srcset=\"https:\/\/www.askja-on-tour.ch\/wp-content\/uploads\/2025\/11\/Sued_Brasilien-070-1024x768.jpg 1024w, https:\/\/www.askja-on-tour.ch\/wp-content\/uploads\/2025\/11\/Sued_Brasilien-070-1600x1200.jpg 1600w, https:\/\/www.askja-on-tour.ch\/wp-content\/uploads\/2025\/11\/Sued_Brasilien-070-768x576.jpg 768w, https:\/\/www.askja-on-tour.ch\/wp-content\/uploads\/2025\/11\/Sued_Brasilien-070-1536x1152.jpg 1536w, https:\/\/www.askja-on-tour.ch\/wp-content\/uploads\/2025\/11\/Sued_Brasilien-070.jpg 2048w\" sizes=\"auto, (max-width: 1024px) 100vw, 1024px\" \/><figcaption id=\"caption-attachment-29807\" class=\"wp-caption-text\">Grosse Platane vor den Reben<\/figcaption><\/figure>\n<p><img loading=\"lazy\" decoding=\"async\" class=\"alignnone size-medium wp-image-29808\" src=\"https:\/\/www.askja-on-tour.ch\/wp-content\/uploads\/2025\/11\/Sued_Brasilien-071-1024x768.jpg\" alt=\"\" width=\"1024\" height=\"768\" srcset=\"https:\/\/www.askja-on-tour.ch\/wp-content\/uploads\/2025\/11\/Sued_Brasilien-071-1024x768.jpg 1024w, https:\/\/www.askja-on-tour.ch\/wp-content\/uploads\/2025\/11\/Sued_Brasilien-071-1600x1200.jpg 1600w, https:\/\/www.askja-on-tour.ch\/wp-content\/uploads\/2025\/11\/Sued_Brasilien-071-768x576.jpg 768w, https:\/\/www.askja-on-tour.ch\/wp-content\/uploads\/2025\/11\/Sued_Brasilien-071-1536x1152.jpg 1536w, https:\/\/www.askja-on-tour.ch\/wp-content\/uploads\/2025\/11\/Sued_Brasilien-071.jpg 2048w\" sizes=\"auto, (max-width: 1024px) 100vw, 1024px\" \/> <img loading=\"lazy\" decoding=\"async\" class=\"alignnone size-medium wp-image-29809\" src=\"https:\/\/www.askja-on-tour.ch\/wp-content\/uploads\/2025\/11\/Sued_Brasilien-072-1024x768.jpg\" alt=\"\" width=\"1024\" height=\"768\" srcset=\"https:\/\/www.askja-on-tour.ch\/wp-content\/uploads\/2025\/11\/Sued_Brasilien-072-1024x768.jpg 1024w, https:\/\/www.askja-on-tour.ch\/wp-content\/uploads\/2025\/11\/Sued_Brasilien-072-1600x1200.jpg 1600w, https:\/\/www.askja-on-tour.ch\/wp-content\/uploads\/2025\/11\/Sued_Brasilien-072-768x576.jpg 768w, https:\/\/www.askja-on-tour.ch\/wp-content\/uploads\/2025\/11\/Sued_Brasilien-072-1536x1152.jpg 1536w, https:\/\/www.askja-on-tour.ch\/wp-content\/uploads\/2025\/11\/Sued_Brasilien-072.jpg 2048w\" sizes=\"auto, (max-width: 1024px) 100vw, 1024px\" \/><\/p>\n<figure id=\"attachment_29810\" aria-describedby=\"caption-attachment-29810\" style=\"width: 1024px\" class=\"wp-caption alignnone\"><img loading=\"lazy\" decoding=\"async\" class=\"size-medium wp-image-29810\" src=\"https:\/\/www.askja-on-tour.ch\/wp-content\/uploads\/2025\/11\/Sued_Brasilien-073-1024x768.jpg\" alt=\"\" width=\"1024\" height=\"768\" srcset=\"https:\/\/www.askja-on-tour.ch\/wp-content\/uploads\/2025\/11\/Sued_Brasilien-073-1024x768.jpg 1024w, https:\/\/www.askja-on-tour.ch\/wp-content\/uploads\/2025\/11\/Sued_Brasilien-073-1600x1200.jpg 1600w, https:\/\/www.askja-on-tour.ch\/wp-content\/uploads\/2025\/11\/Sued_Brasilien-073-768x576.jpg 768w, https:\/\/www.askja-on-tour.ch\/wp-content\/uploads\/2025\/11\/Sued_Brasilien-073-1536x1152.jpg 1536w, https:\/\/www.askja-on-tour.ch\/wp-content\/uploads\/2025\/11\/Sued_Brasilien-073.jpg 2048w\" sizes=\"auto, (max-width: 1024px) 100vw, 1024px\" \/><figcaption id=\"caption-attachment-29810\" class=\"wp-caption-text\">Typische Friedh\u00f6fe, wie in Italien<\/figcaption><\/figure>\n<p><img loading=\"lazy\" decoding=\"async\" class=\"alignnone size-medium wp-image-29811\" src=\"https:\/\/www.askja-on-tour.ch\/wp-content\/uploads\/2025\/11\/Sued_Brasilien-074-1024x768.jpg\" alt=\"\" width=\"1024\" height=\"768\" srcset=\"https:\/\/www.askja-on-tour.ch\/wp-content\/uploads\/2025\/11\/Sued_Brasilien-074-1024x768.jpg 1024w, https:\/\/www.askja-on-tour.ch\/wp-content\/uploads\/2025\/11\/Sued_Brasilien-074-1600x1200.jpg 1600w, https:\/\/www.askja-on-tour.ch\/wp-content\/uploads\/2025\/11\/Sued_Brasilien-074-768x576.jpg 768w, https:\/\/www.askja-on-tour.ch\/wp-content\/uploads\/2025\/11\/Sued_Brasilien-074-1536x1152.jpg 1536w, https:\/\/www.askja-on-tour.ch\/wp-content\/uploads\/2025\/11\/Sued_Brasilien-074.jpg 2048w\" sizes=\"auto, (max-width: 1024px) 100vw, 1024px\" \/> <img loading=\"lazy\" decoding=\"async\" class=\"alignnone size-medium wp-image-29812\" src=\"https:\/\/www.askja-on-tour.ch\/wp-content\/uploads\/2025\/11\/Sued_Brasilien-075-1024x351.jpg\" alt=\"\" width=\"1024\" height=\"351\" srcset=\"https:\/\/www.askja-on-tour.ch\/wp-content\/uploads\/2025\/11\/Sued_Brasilien-075-1024x351.jpg 1024w, https:\/\/www.askja-on-tour.ch\/wp-content\/uploads\/2025\/11\/Sued_Brasilien-075-1600x548.jpg 1600w, https:\/\/www.askja-on-tour.ch\/wp-content\/uploads\/2025\/11\/Sued_Brasilien-075-768x263.jpg 768w, https:\/\/www.askja-on-tour.ch\/wp-content\/uploads\/2025\/11\/Sued_Brasilien-075-1536x526.jpg 1536w, https:\/\/www.askja-on-tour.ch\/wp-content\/uploads\/2025\/11\/Sued_Brasilien-075.jpg 2048w\" sizes=\"auto, (max-width: 1024px) 100vw, 1024px\" \/> <img loading=\"lazy\" decoding=\"async\" class=\"alignnone size-medium wp-image-29813\" src=\"https:\/\/www.askja-on-tour.ch\/wp-content\/uploads\/2025\/11\/Sued_Brasilien-076-1024x768.jpg\" alt=\"\" width=\"1024\" height=\"768\" srcset=\"https:\/\/www.askja-on-tour.ch\/wp-content\/uploads\/2025\/11\/Sued_Brasilien-076-1024x768.jpg 1024w, https:\/\/www.askja-on-tour.ch\/wp-content\/uploads\/2025\/11\/Sued_Brasilien-076-1600x1200.jpg 1600w, https:\/\/www.askja-on-tour.ch\/wp-content\/uploads\/2025\/11\/Sued_Brasilien-076-768x576.jpg 768w, https:\/\/www.askja-on-tour.ch\/wp-content\/uploads\/2025\/11\/Sued_Brasilien-076-1536x1152.jpg 1536w, https:\/\/www.askja-on-tour.ch\/wp-content\/uploads\/2025\/11\/Sued_Brasilien-076.jpg 2048w\" sizes=\"auto, (max-width: 1024px) 100vw, 1024px\" \/> <img loading=\"lazy\" decoding=\"async\" class=\"alignnone size-medium wp-image-29814\" src=\"https:\/\/www.askja-on-tour.ch\/wp-content\/uploads\/2025\/11\/Sued_Brasilien-077-1024x768.jpg\" alt=\"\" width=\"1024\" height=\"768\" srcset=\"https:\/\/www.askja-on-tour.ch\/wp-content\/uploads\/2025\/11\/Sued_Brasilien-077-1024x768.jpg 1024w, https:\/\/www.askja-on-tour.ch\/wp-content\/uploads\/2025\/11\/Sued_Brasilien-077-1600x1200.jpg 1600w, https:\/\/www.askja-on-tour.ch\/wp-content\/uploads\/2025\/11\/Sued_Brasilien-077-768x576.jpg 768w, https:\/\/www.askja-on-tour.ch\/wp-content\/uploads\/2025\/11\/Sued_Brasilien-077-1536x1152.jpg 1536w, https:\/\/www.askja-on-tour.ch\/wp-content\/uploads\/2025\/11\/Sued_Brasilien-077.jpg 2048w\" sizes=\"auto, (max-width: 1024px) 100vw, 1024px\" \/><\/p>\n<figure id=\"attachment_29815\" aria-describedby=\"caption-attachment-29815\" style=\"width: 1024px\" class=\"wp-caption alignnone\"><img loading=\"lazy\" decoding=\"async\" class=\"size-medium wp-image-29815\" src=\"https:\/\/www.askja-on-tour.ch\/wp-content\/uploads\/2025\/11\/Sued_Brasilien-078-1024x768.jpg\" alt=\"\" width=\"1024\" height=\"768\" srcset=\"https:\/\/www.askja-on-tour.ch\/wp-content\/uploads\/2025\/11\/Sued_Brasilien-078-1024x768.jpg 1024w, https:\/\/www.askja-on-tour.ch\/wp-content\/uploads\/2025\/11\/Sued_Brasilien-078-1600x1200.jpg 1600w, https:\/\/www.askja-on-tour.ch\/wp-content\/uploads\/2025\/11\/Sued_Brasilien-078-768x576.jpg 768w, https:\/\/www.askja-on-tour.ch\/wp-content\/uploads\/2025\/11\/Sued_Brasilien-078-1536x1152.jpg 1536w, https:\/\/www.askja-on-tour.ch\/wp-content\/uploads\/2025\/11\/Sued_Brasilien-078.jpg 2048w\" sizes=\"auto, (max-width: 1024px) 100vw, 1024px\" \/><figcaption id=\"caption-attachment-29815\" class=\"wp-caption-text\">Unser Platz bei Valduga<\/figcaption><\/figure>\n<figure id=\"attachment_29816\" aria-describedby=\"caption-attachment-29816\" style=\"width: 1024px\" class=\"wp-caption alignnone\"><img loading=\"lazy\" decoding=\"async\" class=\"size-medium wp-image-29816\" src=\"https:\/\/www.askja-on-tour.ch\/wp-content\/uploads\/2025\/11\/Sued_Brasilien-079-1024x768.jpg\" alt=\"\" width=\"1024\" height=\"768\" srcset=\"https:\/\/www.askja-on-tour.ch\/wp-content\/uploads\/2025\/11\/Sued_Brasilien-079-1024x768.jpg 1024w, https:\/\/www.askja-on-tour.ch\/wp-content\/uploads\/2025\/11\/Sued_Brasilien-079-1600x1200.jpg 1600w, https:\/\/www.askja-on-tour.ch\/wp-content\/uploads\/2025\/11\/Sued_Brasilien-079-768x576.jpg 768w, https:\/\/www.askja-on-tour.ch\/wp-content\/uploads\/2025\/11\/Sued_Brasilien-079-1536x1152.jpg 1536w, https:\/\/www.askja-on-tour.ch\/wp-content\/uploads\/2025\/11\/Sued_Brasilien-079.jpg 2048w\" sizes=\"auto, (max-width: 1024px) 100vw, 1024px\" \/><figcaption id=\"caption-attachment-29816\" class=\"wp-caption-text\">Weinkeller<\/figcaption><\/figure>\n<figure id=\"attachment_29817\" aria-describedby=\"caption-attachment-29817\" style=\"width: 768px\" class=\"wp-caption alignnone\"><img loading=\"lazy\" decoding=\"async\" class=\"size-medium wp-image-29817\" src=\"https:\/\/www.askja-on-tour.ch\/wp-content\/uploads\/2025\/11\/Sued_Brasilien-080-768x1024.jpg\" alt=\"\" width=\"768\" height=\"1024\" srcset=\"https:\/\/www.askja-on-tour.ch\/wp-content\/uploads\/2025\/11\/Sued_Brasilien-080-768x1024.jpg 768w, https:\/\/www.askja-on-tour.ch\/wp-content\/uploads\/2025\/11\/Sued_Brasilien-080-1200x1600.jpg 1200w, https:\/\/www.askja-on-tour.ch\/wp-content\/uploads\/2025\/11\/Sued_Brasilien-080-1152x1536.jpg 1152w, https:\/\/www.askja-on-tour.ch\/wp-content\/uploads\/2025\/11\/Sued_Brasilien-080.jpg 1536w\" sizes=\"auto, (max-width: 768px) 100vw, 768px\" \/><figcaption id=\"caption-attachment-29817\" class=\"wp-caption-text\">Luiz Valduga, der Vater der heutigen drei Besitzer-Br\u00fcder<\/figcaption><\/figure>\n<figure id=\"attachment_29818\" aria-describedby=\"caption-attachment-29818\" style=\"width: 1024px\" class=\"wp-caption alignnone\"><img loading=\"lazy\" decoding=\"async\" class=\"size-medium wp-image-29818\" src=\"https:\/\/www.askja-on-tour.ch\/wp-content\/uploads\/2025\/11\/Sued_Brasilien-081-1024x768.jpg\" alt=\"\" width=\"1024\" height=\"768\" srcset=\"https:\/\/www.askja-on-tour.ch\/wp-content\/uploads\/2025\/11\/Sued_Brasilien-081-1024x768.jpg 1024w, https:\/\/www.askja-on-tour.ch\/wp-content\/uploads\/2025\/11\/Sued_Brasilien-081-1600x1200.jpg 1600w, https:\/\/www.askja-on-tour.ch\/wp-content\/uploads\/2025\/11\/Sued_Brasilien-081-768x576.jpg 768w, https:\/\/www.askja-on-tour.ch\/wp-content\/uploads\/2025\/11\/Sued_Brasilien-081-1536x1152.jpg 1536w, https:\/\/www.askja-on-tour.ch\/wp-content\/uploads\/2025\/11\/Sued_Brasilien-081.jpg 2048w\" sizes=\"auto, (max-width: 1024px) 100vw, 1024px\" \/><figcaption id=\"caption-attachment-29818\" class=\"wp-caption-text\">Wein am Reifen<\/figcaption><\/figure>\n<p><img loading=\"lazy\" decoding=\"async\" class=\"alignnone size-medium wp-image-29819\" src=\"https:\/\/www.askja-on-tour.ch\/wp-content\/uploads\/2025\/11\/Sued_Brasilien-082-768x1024.jpg\" alt=\"\" width=\"768\" height=\"1024\" srcset=\"https:\/\/www.askja-on-tour.ch\/wp-content\/uploads\/2025\/11\/Sued_Brasilien-082-768x1024.jpg 768w, https:\/\/www.askja-on-tour.ch\/wp-content\/uploads\/2025\/11\/Sued_Brasilien-082-1200x1600.jpg 1200w, https:\/\/www.askja-on-tour.ch\/wp-content\/uploads\/2025\/11\/Sued_Brasilien-082-1152x1536.jpg 1152w, https:\/\/www.askja-on-tour.ch\/wp-content\/uploads\/2025\/11\/Sued_Brasilien-082.jpg 1536w\" sizes=\"auto, (max-width: 768px) 100vw, 768px\" \/> <img loading=\"lazy\" decoding=\"async\" class=\"alignnone size-medium wp-image-29820\" src=\"https:\/\/www.askja-on-tour.ch\/wp-content\/uploads\/2025\/11\/Sued_Brasilien-083-1024x768.jpg\" alt=\"\" width=\"1024\" height=\"768\" srcset=\"https:\/\/www.askja-on-tour.ch\/wp-content\/uploads\/2025\/11\/Sued_Brasilien-083-1024x768.jpg 1024w, https:\/\/www.askja-on-tour.ch\/wp-content\/uploads\/2025\/11\/Sued_Brasilien-083-1600x1200.jpg 1600w, https:\/\/www.askja-on-tour.ch\/wp-content\/uploads\/2025\/11\/Sued_Brasilien-083-768x576.jpg 768w, https:\/\/www.askja-on-tour.ch\/wp-content\/uploads\/2025\/11\/Sued_Brasilien-083-1536x1152.jpg 1536w, https:\/\/www.askja-on-tour.ch\/wp-content\/uploads\/2025\/11\/Sued_Brasilien-083.jpg 2048w\" sizes=\"auto, (max-width: 1024px) 100vw, 1024px\" \/><\/p>\n<figure id=\"attachment_29821\" aria-describedby=\"caption-attachment-29821\" style=\"width: 1024px\" class=\"wp-caption alignnone\"><img loading=\"lazy\" decoding=\"async\" class=\"size-medium wp-image-29821\" src=\"https:\/\/www.askja-on-tour.ch\/wp-content\/uploads\/2025\/11\/Sued_Brasilien-084-1024x768.jpg\" alt=\"\" width=\"1024\" height=\"768\" srcset=\"https:\/\/www.askja-on-tour.ch\/wp-content\/uploads\/2025\/11\/Sued_Brasilien-084-1024x768.jpg 1024w, https:\/\/www.askja-on-tour.ch\/wp-content\/uploads\/2025\/11\/Sued_Brasilien-084-1600x1200.jpg 1600w, https:\/\/www.askja-on-tour.ch\/wp-content\/uploads\/2025\/11\/Sued_Brasilien-084-768x576.jpg 768w, https:\/\/www.askja-on-tour.ch\/wp-content\/uploads\/2025\/11\/Sued_Brasilien-084-1536x1152.jpg 1536w, https:\/\/www.askja-on-tour.ch\/wp-content\/uploads\/2025\/11\/Sued_Brasilien-084.jpg 2048w\" sizes=\"auto, (max-width: 1024px) 100vw, 1024px\" \/><figcaption id=\"caption-attachment-29821\" class=\"wp-caption-text\">Letze Arbeiten, hier f\u00fcr den Wein Storia mit Anbringen des roten Bandes und Verpacken in Seidenpapier<\/figcaption><\/figure>\n<p><img loading=\"lazy\" decoding=\"async\" class=\"alignnone size-medium wp-image-29822\" src=\"https:\/\/www.askja-on-tour.ch\/wp-content\/uploads\/2025\/11\/Sued_Brasilien-085-1024x768.jpg\" alt=\"\" width=\"1024\" height=\"768\" srcset=\"https:\/\/www.askja-on-tour.ch\/wp-content\/uploads\/2025\/11\/Sued_Brasilien-085-1024x768.jpg 1024w, https:\/\/www.askja-on-tour.ch\/wp-content\/uploads\/2025\/11\/Sued_Brasilien-085-1600x1200.jpg 1600w, https:\/\/www.askja-on-tour.ch\/wp-content\/uploads\/2025\/11\/Sued_Brasilien-085-768x576.jpg 768w, https:\/\/www.askja-on-tour.ch\/wp-content\/uploads\/2025\/11\/Sued_Brasilien-085-1536x1152.jpg 1536w, https:\/\/www.askja-on-tour.ch\/wp-content\/uploads\/2025\/11\/Sued_Brasilien-085.jpg 2048w\" sizes=\"auto, (max-width: 1024px) 100vw, 1024px\" \/> <img loading=\"lazy\" decoding=\"async\" class=\"alignnone size-medium wp-image-29823\" src=\"https:\/\/www.askja-on-tour.ch\/wp-content\/uploads\/2025\/11\/Sued_Brasilien-086-768x1024.jpg\" alt=\"\" width=\"768\" height=\"1024\" srcset=\"https:\/\/www.askja-on-tour.ch\/wp-content\/uploads\/2025\/11\/Sued_Brasilien-086-768x1024.jpg 768w, https:\/\/www.askja-on-tour.ch\/wp-content\/uploads\/2025\/11\/Sued_Brasilien-086-1200x1600.jpg 1200w, https:\/\/www.askja-on-tour.ch\/wp-content\/uploads\/2025\/11\/Sued_Brasilien-086-1152x1536.jpg 1152w, https:\/\/www.askja-on-tour.ch\/wp-content\/uploads\/2025\/11\/Sued_Brasilien-086.jpg 1536w\" sizes=\"auto, (max-width: 768px) 100vw, 768px\" \/><\/p>\n<figure id=\"attachment_29824\" aria-describedby=\"caption-attachment-29824\" style=\"width: 1024px\" class=\"wp-caption alignnone\"><img loading=\"lazy\" decoding=\"async\" class=\"size-medium wp-image-29824\" src=\"https:\/\/www.askja-on-tour.ch\/wp-content\/uploads\/2025\/11\/Sued_Brasilien-087-1024x768.jpg\" alt=\"\" width=\"1024\" height=\"768\" srcset=\"https:\/\/www.askja-on-tour.ch\/wp-content\/uploads\/2025\/11\/Sued_Brasilien-087-1024x768.jpg 1024w, https:\/\/www.askja-on-tour.ch\/wp-content\/uploads\/2025\/11\/Sued_Brasilien-087-1600x1200.jpg 1600w, https:\/\/www.askja-on-tour.ch\/wp-content\/uploads\/2025\/11\/Sued_Brasilien-087-768x576.jpg 768w, https:\/\/www.askja-on-tour.ch\/wp-content\/uploads\/2025\/11\/Sued_Brasilien-087-1536x1152.jpg 1536w, https:\/\/www.askja-on-tour.ch\/wp-content\/uploads\/2025\/11\/Sued_Brasilien-087.jpg 2048w\" sizes=\"auto, (max-width: 1024px) 100vw, 1024px\" \/><figcaption id=\"caption-attachment-29824\" class=\"wp-caption-text\">Gr\u00f6sster Schaumweinkeller der Amerikas<\/figcaption><\/figure>\n<figure id=\"attachment_29825\" aria-describedby=\"caption-attachment-29825\" style=\"width: 768px\" class=\"wp-caption alignnone\"><img loading=\"lazy\" decoding=\"async\" class=\"size-medium wp-image-29825\" src=\"https:\/\/www.askja-on-tour.ch\/wp-content\/uploads\/2025\/11\/Sued_Brasilien-088-768x1024.jpg\" alt=\"\" width=\"768\" height=\"1024\" srcset=\"https:\/\/www.askja-on-tour.ch\/wp-content\/uploads\/2025\/11\/Sued_Brasilien-088-768x1024.jpg 768w, https:\/\/www.askja-on-tour.ch\/wp-content\/uploads\/2025\/11\/Sued_Brasilien-088-1200x1600.jpg 1200w, https:\/\/www.askja-on-tour.ch\/wp-content\/uploads\/2025\/11\/Sued_Brasilien-088-1152x1536.jpg 1152w, https:\/\/www.askja-on-tour.ch\/wp-content\/uploads\/2025\/11\/Sued_Brasilien-088.jpg 1536w\" sizes=\"auto, (max-width: 768px) 100vw, 768px\" \/><figcaption id=\"caption-attachment-29825\" class=\"wp-caption-text\">Maria Valduga &#8211; ohne sie g\u00e4be es die Schaumwein bei Valduga nicht<\/figcaption><\/figure>\n<p><img loading=\"lazy\" decoding=\"async\" class=\"alignnone size-medium wp-image-29826\" src=\"https:\/\/www.askja-on-tour.ch\/wp-content\/uploads\/2025\/11\/Sued_Brasilien-089-1024x768.jpg\" alt=\"\" width=\"1024\" height=\"768\" srcset=\"https:\/\/www.askja-on-tour.ch\/wp-content\/uploads\/2025\/11\/Sued_Brasilien-089-1024x768.jpg 1024w, https:\/\/www.askja-on-tour.ch\/wp-content\/uploads\/2025\/11\/Sued_Brasilien-089-1600x1200.jpg 1600w, https:\/\/www.askja-on-tour.ch\/wp-content\/uploads\/2025\/11\/Sued_Brasilien-089-768x576.jpg 768w, https:\/\/www.askja-on-tour.ch\/wp-content\/uploads\/2025\/11\/Sued_Brasilien-089-1536x1152.jpg 1536w, https:\/\/www.askja-on-tour.ch\/wp-content\/uploads\/2025\/11\/Sued_Brasilien-089.jpg 2048w\" sizes=\"auto, (max-width: 1024px) 100vw, 1024px\" \/> <img loading=\"lazy\" decoding=\"async\" class=\"alignnone size-medium wp-image-29827\" src=\"https:\/\/www.askja-on-tour.ch\/wp-content\/uploads\/2025\/11\/Sued_Brasilien-090-768x1024.jpg\" alt=\"\" width=\"768\" height=\"1024\" srcset=\"https:\/\/www.askja-on-tour.ch\/wp-content\/uploads\/2025\/11\/Sued_Brasilien-090-768x1024.jpg 768w, https:\/\/www.askja-on-tour.ch\/wp-content\/uploads\/2025\/11\/Sued_Brasilien-090-1200x1600.jpg 1200w, https:\/\/www.askja-on-tour.ch\/wp-content\/uploads\/2025\/11\/Sued_Brasilien-090-1152x1536.jpg 1152w, https:\/\/www.askja-on-tour.ch\/wp-content\/uploads\/2025\/11\/Sued_Brasilien-090.jpg 1536w\" sizes=\"auto, (max-width: 768px) 100vw, 768px\" \/><\/p>\n<figure id=\"attachment_29828\" aria-describedby=\"caption-attachment-29828\" style=\"width: 768px\" class=\"wp-caption alignnone\"><img loading=\"lazy\" decoding=\"async\" class=\"size-medium wp-image-29828\" src=\"https:\/\/www.askja-on-tour.ch\/wp-content\/uploads\/2025\/11\/Sued_Brasilien-091-768x1024.jpg\" alt=\"\" width=\"768\" height=\"1024\" srcset=\"https:\/\/www.askja-on-tour.ch\/wp-content\/uploads\/2025\/11\/Sued_Brasilien-091-768x1024.jpg 768w, https:\/\/www.askja-on-tour.ch\/wp-content\/uploads\/2025\/11\/Sued_Brasilien-091-1200x1600.jpg 1200w, https:\/\/www.askja-on-tour.ch\/wp-content\/uploads\/2025\/11\/Sued_Brasilien-091-1152x1536.jpg 1152w, https:\/\/www.askja-on-tour.ch\/wp-content\/uploads\/2025\/11\/Sued_Brasilien-091.jpg 1536w\" sizes=\"auto, (max-width: 768px) 100vw, 768px\" \/><figcaption id=\"caption-attachment-29828\" class=\"wp-caption-text\">Betoneier &#8211; genutzt f\u00fcr Versuche zur Lagerung von Weisswein<\/figcaption><\/figure>\n<p><img loading=\"lazy\" decoding=\"async\" class=\"alignnone size-medium wp-image-29829\" src=\"https:\/\/www.askja-on-tour.ch\/wp-content\/uploads\/2025\/11\/Sued_Brasilien-092-1024x768.jpg\" alt=\"\" width=\"1024\" height=\"768\" srcset=\"https:\/\/www.askja-on-tour.ch\/wp-content\/uploads\/2025\/11\/Sued_Brasilien-092-1024x768.jpg 1024w, https:\/\/www.askja-on-tour.ch\/wp-content\/uploads\/2025\/11\/Sued_Brasilien-092-1600x1200.jpg 1600w, https:\/\/www.askja-on-tour.ch\/wp-content\/uploads\/2025\/11\/Sued_Brasilien-092-768x576.jpg 768w, https:\/\/www.askja-on-tour.ch\/wp-content\/uploads\/2025\/11\/Sued_Brasilien-092-1536x1152.jpg 1536w, https:\/\/www.askja-on-tour.ch\/wp-content\/uploads\/2025\/11\/Sued_Brasilien-092.jpg 2048w\" sizes=\"auto, (max-width: 1024px) 100vw, 1024px\" \/><\/p>\n<figure id=\"attachment_29830\" aria-describedby=\"caption-attachment-29830\" style=\"width: 1024px\" class=\"wp-caption alignnone\"><img loading=\"lazy\" decoding=\"async\" class=\"size-medium wp-image-29830\" src=\"https:\/\/www.askja-on-tour.ch\/wp-content\/uploads\/2025\/11\/Sued_Brasilien-093-1024x768.jpg\" alt=\"\" width=\"1024\" height=\"768\" srcset=\"https:\/\/www.askja-on-tour.ch\/wp-content\/uploads\/2025\/11\/Sued_Brasilien-093-1024x768.jpg 1024w, https:\/\/www.askja-on-tour.ch\/wp-content\/uploads\/2025\/11\/Sued_Brasilien-093-1600x1200.jpg 1600w, https:\/\/www.askja-on-tour.ch\/wp-content\/uploads\/2025\/11\/Sued_Brasilien-093-768x576.jpg 768w, https:\/\/www.askja-on-tour.ch\/wp-content\/uploads\/2025\/11\/Sued_Brasilien-093-1536x1152.jpg 1536w, https:\/\/www.askja-on-tour.ch\/wp-content\/uploads\/2025\/11\/Sued_Brasilien-093.jpg 2048w\" sizes=\"auto, (max-width: 1024px) 100vw, 1024px\" \/><figcaption id=\"caption-attachment-29830\" class=\"wp-caption-text\">Ruhe &#8211; schlafender Wein<\/figcaption><\/figure>\n<figure id=\"attachment_29831\" aria-describedby=\"caption-attachment-29831\" style=\"width: 1024px\" class=\"wp-caption alignnone\"><img loading=\"lazy\" decoding=\"async\" class=\"size-medium wp-image-29831\" src=\"https:\/\/www.askja-on-tour.ch\/wp-content\/uploads\/2025\/11\/Sued_Brasilien-094-1024x768.jpg\" alt=\"\" width=\"1024\" height=\"768\" srcset=\"https:\/\/www.askja-on-tour.ch\/wp-content\/uploads\/2025\/11\/Sued_Brasilien-094-1024x768.jpg 1024w, https:\/\/www.askja-on-tour.ch\/wp-content\/uploads\/2025\/11\/Sued_Brasilien-094-1600x1200.jpg 1600w, https:\/\/www.askja-on-tour.ch\/wp-content\/uploads\/2025\/11\/Sued_Brasilien-094-768x576.jpg 768w, https:\/\/www.askja-on-tour.ch\/wp-content\/uploads\/2025\/11\/Sued_Brasilien-094-1536x1152.jpg 1536w, https:\/\/www.askja-on-tour.ch\/wp-content\/uploads\/2025\/11\/Sued_Brasilien-094.jpg 2048w\" sizes=\"auto, (max-width: 1024px) 100vw, 1024px\" \/><figcaption id=\"caption-attachment-29831\" class=\"wp-caption-text\">Jeder Wein muss f\u00fcr einige Monate in diesem Lager bleiben, wo spirituelle Musik gespielt wird<\/figcaption><\/figure>\n<figure id=\"attachment_29850\" aria-describedby=\"caption-attachment-29850\" style=\"width: 768px\" class=\"wp-caption alignnone\"><img loading=\"lazy\" decoding=\"async\" class=\"size-medium wp-image-29850\" src=\"https:\/\/www.askja-on-tour.ch\/wp-content\/uploads\/2025\/11\/Sued_Brasilien-1003-768x1024.jpg\" alt=\"\" width=\"768\" height=\"1024\" srcset=\"https:\/\/www.askja-on-tour.ch\/wp-content\/uploads\/2025\/11\/Sued_Brasilien-1003-768x1024.jpg 768w, https:\/\/www.askja-on-tour.ch\/wp-content\/uploads\/2025\/11\/Sued_Brasilien-1003-1200x1600.jpg 1200w, https:\/\/www.askja-on-tour.ch\/wp-content\/uploads\/2025\/11\/Sued_Brasilien-1003-1152x1536.jpg 1152w, https:\/\/www.askja-on-tour.ch\/wp-content\/uploads\/2025\/11\/Sued_Brasilien-1003.jpg 1536w\" sizes=\"auto, (max-width: 768px) 100vw, 768px\" \/><figcaption id=\"caption-attachment-29850\" class=\"wp-caption-text\">K\u00f6stlicher Rotwein-Blend Raizes zu Deutsch &#8222;Wurzeln&#8220;<\/figcaption><\/figure>\n<figure id=\"attachment_29851\" aria-describedby=\"caption-attachment-29851\" style=\"width: 768px\" class=\"wp-caption alignnone\"><img loading=\"lazy\" decoding=\"async\" class=\"size-medium wp-image-29851\" src=\"https:\/\/www.askja-on-tour.ch\/wp-content\/uploads\/2025\/11\/Sued_Brasilien-1004-768x1024.jpg\" alt=\"\" width=\"768\" height=\"1024\" srcset=\"https:\/\/www.askja-on-tour.ch\/wp-content\/uploads\/2025\/11\/Sued_Brasilien-1004-768x1024.jpg 768w, https:\/\/www.askja-on-tour.ch\/wp-content\/uploads\/2025\/11\/Sued_Brasilien-1004-1200x1600.jpg 1200w, https:\/\/www.askja-on-tour.ch\/wp-content\/uploads\/2025\/11\/Sued_Brasilien-1004-1152x1536.jpg 1152w, https:\/\/www.askja-on-tour.ch\/wp-content\/uploads\/2025\/11\/Sued_Brasilien-1004.jpg 1536w\" sizes=\"auto, (max-width: 768px) 100vw, 768px\" \/><figcaption id=\"caption-attachment-29851\" class=\"wp-caption-text\">Der Hochdotierte Schaumwein nach Champagner-Methode von Valduga<\/figcaption><\/figure>\n<figure id=\"attachment_29852\" aria-describedby=\"caption-attachment-29852\" style=\"width: 768px\" class=\"wp-caption alignnone\"><img loading=\"lazy\" decoding=\"async\" class=\"size-medium wp-image-29852\" src=\"https:\/\/www.askja-on-tour.ch\/wp-content\/uploads\/2025\/11\/Sued_Brasilien-1005-768x1024.jpg\" alt=\"\" width=\"768\" height=\"1024\" srcset=\"https:\/\/www.askja-on-tour.ch\/wp-content\/uploads\/2025\/11\/Sued_Brasilien-1005-768x1024.jpg 768w, https:\/\/www.askja-on-tour.ch\/wp-content\/uploads\/2025\/11\/Sued_Brasilien-1005-1200x1600.jpg 1200w, https:\/\/www.askja-on-tour.ch\/wp-content\/uploads\/2025\/11\/Sued_Brasilien-1005-1152x1536.jpg 1152w, https:\/\/www.askja-on-tour.ch\/wp-content\/uploads\/2025\/11\/Sued_Brasilien-1005.jpg 1536w\" sizes=\"auto, (max-width: 768px) 100vw, 768px\" \/><figcaption id=\"caption-attachment-29852\" class=\"wp-caption-text\">Rotwein mit der Traubensorte Tanat<\/figcaption><\/figure>\n<figure id=\"attachment_29832\" aria-describedby=\"caption-attachment-29832\" style=\"width: 1024px\" class=\"wp-caption alignnone\"><img loading=\"lazy\" decoding=\"async\" class=\"size-medium wp-image-29832\" src=\"https:\/\/www.askja-on-tour.ch\/wp-content\/uploads\/2025\/11\/Sued_Brasilien-095-1024x768.jpg\" alt=\"\" width=\"1024\" height=\"768\" srcset=\"https:\/\/www.askja-on-tour.ch\/wp-content\/uploads\/2025\/11\/Sued_Brasilien-095-1024x768.jpg 1024w, https:\/\/www.askja-on-tour.ch\/wp-content\/uploads\/2025\/11\/Sued_Brasilien-095-1600x1200.jpg 1600w, https:\/\/www.askja-on-tour.ch\/wp-content\/uploads\/2025\/11\/Sued_Brasilien-095-768x576.jpg 768w, https:\/\/www.askja-on-tour.ch\/wp-content\/uploads\/2025\/11\/Sued_Brasilien-095-1536x1152.jpg 1536w, https:\/\/www.askja-on-tour.ch\/wp-content\/uploads\/2025\/11\/Sued_Brasilien-095.jpg 2048w\" sizes=\"auto, (max-width: 1024px) 100vw, 1024px\" \/><figcaption id=\"caption-attachment-29832\" class=\"wp-caption-text\">Durch das Gel\u00e4nde von Casa Valduga<\/figcaption><\/figure>\n<p><img loading=\"lazy\" decoding=\"async\" class=\"alignnone size-medium wp-image-29833\" src=\"https:\/\/www.askja-on-tour.ch\/wp-content\/uploads\/2025\/11\/Sued_Brasilien-096-1024x768.jpg\" alt=\"\" width=\"1024\" height=\"768\" srcset=\"https:\/\/www.askja-on-tour.ch\/wp-content\/uploads\/2025\/11\/Sued_Brasilien-096-1024x768.jpg 1024w, https:\/\/www.askja-on-tour.ch\/wp-content\/uploads\/2025\/11\/Sued_Brasilien-096-1600x1200.jpg 1600w, https:\/\/www.askja-on-tour.ch\/wp-content\/uploads\/2025\/11\/Sued_Brasilien-096-768x576.jpg 768w, https:\/\/www.askja-on-tour.ch\/wp-content\/uploads\/2025\/11\/Sued_Brasilien-096-1536x1152.jpg 1536w, https:\/\/www.askja-on-tour.ch\/wp-content\/uploads\/2025\/11\/Sued_Brasilien-096.jpg 2048w\" sizes=\"auto, (max-width: 1024px) 100vw, 1024px\" \/> <img loading=\"lazy\" decoding=\"async\" class=\"alignnone size-medium wp-image-29834\" src=\"https:\/\/www.askja-on-tour.ch\/wp-content\/uploads\/2025\/11\/Sued_Brasilien-097-1024x768.jpg\" alt=\"\" width=\"1024\" height=\"768\" srcset=\"https:\/\/www.askja-on-tour.ch\/wp-content\/uploads\/2025\/11\/Sued_Brasilien-097-1024x768.jpg 1024w, https:\/\/www.askja-on-tour.ch\/wp-content\/uploads\/2025\/11\/Sued_Brasilien-097-1600x1200.jpg 1600w, https:\/\/www.askja-on-tour.ch\/wp-content\/uploads\/2025\/11\/Sued_Brasilien-097-768x576.jpg 768w, https:\/\/www.askja-on-tour.ch\/wp-content\/uploads\/2025\/11\/Sued_Brasilien-097-1536x1152.jpg 1536w, https:\/\/www.askja-on-tour.ch\/wp-content\/uploads\/2025\/11\/Sued_Brasilien-097.jpg 2048w\" sizes=\"auto, (max-width: 1024px) 100vw, 1024px\" \/> <img loading=\"lazy\" decoding=\"async\" class=\"alignnone size-medium wp-image-29835\" src=\"https:\/\/www.askja-on-tour.ch\/wp-content\/uploads\/2025\/11\/Sued_Brasilien-098-1024x768.jpg\" alt=\"\" width=\"1024\" height=\"768\" srcset=\"https:\/\/www.askja-on-tour.ch\/wp-content\/uploads\/2025\/11\/Sued_Brasilien-098-1024x768.jpg 1024w, https:\/\/www.askja-on-tour.ch\/wp-content\/uploads\/2025\/11\/Sued_Brasilien-098-1600x1200.jpg 1600w, https:\/\/www.askja-on-tour.ch\/wp-content\/uploads\/2025\/11\/Sued_Brasilien-098-768x576.jpg 768w, https:\/\/www.askja-on-tour.ch\/wp-content\/uploads\/2025\/11\/Sued_Brasilien-098-1536x1152.jpg 1536w, https:\/\/www.askja-on-tour.ch\/wp-content\/uploads\/2025\/11\/Sued_Brasilien-098.jpg 2048w\" sizes=\"auto, (max-width: 1024px) 100vw, 1024px\" \/> <img loading=\"lazy\" decoding=\"async\" class=\"alignnone size-medium wp-image-29836\" src=\"https:\/\/www.askja-on-tour.ch\/wp-content\/uploads\/2025\/11\/Sued_Brasilien-099-1024x768.jpg\" alt=\"\" width=\"1024\" height=\"768\" srcset=\"https:\/\/www.askja-on-tour.ch\/wp-content\/uploads\/2025\/11\/Sued_Brasilien-099-1024x768.jpg 1024w, https:\/\/www.askja-on-tour.ch\/wp-content\/uploads\/2025\/11\/Sued_Brasilien-099-1600x1200.jpg 1600w, https:\/\/www.askja-on-tour.ch\/wp-content\/uploads\/2025\/11\/Sued_Brasilien-099-768x576.jpg 768w, https:\/\/www.askja-on-tour.ch\/wp-content\/uploads\/2025\/11\/Sued_Brasilien-099-1536x1152.jpg 1536w, https:\/\/www.askja-on-tour.ch\/wp-content\/uploads\/2025\/11\/Sued_Brasilien-099.jpg 2048w\" sizes=\"auto, (max-width: 1024px) 100vw, 1024px\" \/><\/p>\n<p>Die letzten beiden Tage sind wir in Nova Petr\u00f3polis, wo wir den Dauerregen (40 l pro m2 am Freitag und 10 l pro m2 am Samstag) aussitzen mit verschiedenen Erledigungen und dem heutigen Besuch des Weihnachtsmarktes. Wir waren vor 3 Monaten schon mal hier, da fand das Volklore-Fest statt und heute eben der Weihnachtsmarkt, der bis zum 4. Januar dauert. Und beide Anl\u00e4sse erinnern an die deutsche Vergangenheit \u2013 wobei Nova Petr\u00f3polis schon viel fr\u00fcher mit dem Weihnachtsmarkt startet, als es in Deutschland oder der Schweiz der Fall ist.<\/p>\n<p><img loading=\"lazy\" decoding=\"async\" class=\"alignnone size-medium wp-image-29853\" src=\"https:\/\/www.askja-on-tour.ch\/wp-content\/uploads\/2025\/11\/Sued_Brasilien-1006-1024x768.jpg\" alt=\"\" width=\"1024\" height=\"768\" srcset=\"https:\/\/www.askja-on-tour.ch\/wp-content\/uploads\/2025\/11\/Sued_Brasilien-1006-1024x768.jpg 1024w, https:\/\/www.askja-on-tour.ch\/wp-content\/uploads\/2025\/11\/Sued_Brasilien-1006-1600x1200.jpg 1600w, https:\/\/www.askja-on-tour.ch\/wp-content\/uploads\/2025\/11\/Sued_Brasilien-1006-768x576.jpg 768w, https:\/\/www.askja-on-tour.ch\/wp-content\/uploads\/2025\/11\/Sued_Brasilien-1006-1536x1152.jpg 1536w, https:\/\/www.askja-on-tour.ch\/wp-content\/uploads\/2025\/11\/Sued_Brasilien-1006.jpg 2048w\" sizes=\"auto, (max-width: 1024px) 100vw, 1024px\" \/><\/p>\n<figure id=\"attachment_29837\" aria-describedby=\"caption-attachment-29837\" style=\"width: 1024px\" class=\"wp-caption alignnone\"><img loading=\"lazy\" decoding=\"async\" class=\"size-medium wp-image-29837\" src=\"https:\/\/www.askja-on-tour.ch\/wp-content\/uploads\/2025\/11\/Sued_Brasilien-100-1024x769.jpg\" alt=\"\" width=\"1024\" height=\"769\" srcset=\"https:\/\/www.askja-on-tour.ch\/wp-content\/uploads\/2025\/11\/Sued_Brasilien-100-1024x769.jpg 1024w, https:\/\/www.askja-on-tour.ch\/wp-content\/uploads\/2025\/11\/Sued_Brasilien-100-1600x1201.jpg 1600w, https:\/\/www.askja-on-tour.ch\/wp-content\/uploads\/2025\/11\/Sued_Brasilien-100-768x576.jpg 768w, https:\/\/www.askja-on-tour.ch\/wp-content\/uploads\/2025\/11\/Sued_Brasilien-100-1536x1153.jpg 1536w, https:\/\/www.askja-on-tour.ch\/wp-content\/uploads\/2025\/11\/Sued_Brasilien-100.jpg 2048w\" sizes=\"auto, (max-width: 1024px) 100vw, 1024px\" \/><figcaption id=\"caption-attachment-29837\" class=\"wp-caption-text\">Am Weihnachtsmarkt in Nova Petr\u00f3polis<\/figcaption><\/figure>\n<p><img loading=\"lazy\" decoding=\"async\" class=\"alignnone size-medium wp-image-29838\" src=\"https:\/\/www.askja-on-tour.ch\/wp-content\/uploads\/2025\/11\/Sued_Brasilien-101-769x1024.jpg\" alt=\"\" width=\"769\" height=\"1024\" srcset=\"https:\/\/www.askja-on-tour.ch\/wp-content\/uploads\/2025\/11\/Sued_Brasilien-101-769x1024.jpg 769w, https:\/\/www.askja-on-tour.ch\/wp-content\/uploads\/2025\/11\/Sued_Brasilien-101-1201x1600.jpg 1201w, https:\/\/www.askja-on-tour.ch\/wp-content\/uploads\/2025\/11\/Sued_Brasilien-101-768x1023.jpg 768w, https:\/\/www.askja-on-tour.ch\/wp-content\/uploads\/2025\/11\/Sued_Brasilien-101-1153x1536.jpg 1153w, https:\/\/www.askja-on-tour.ch\/wp-content\/uploads\/2025\/11\/Sued_Brasilien-101.jpg 1537w\" sizes=\"auto, (max-width: 769px) 100vw, 769px\" \/> <img loading=\"lazy\" decoding=\"async\" class=\"alignnone size-medium wp-image-29839\" src=\"https:\/\/www.askja-on-tour.ch\/wp-content\/uploads\/2025\/11\/Sued_Brasilien-102-1024x769.jpg\" alt=\"\" width=\"1024\" height=\"769\" srcset=\"https:\/\/www.askja-on-tour.ch\/wp-content\/uploads\/2025\/11\/Sued_Brasilien-102-1024x769.jpg 1024w, https:\/\/www.askja-on-tour.ch\/wp-content\/uploads\/2025\/11\/Sued_Brasilien-102-1600x1201.jpg 1600w, https:\/\/www.askja-on-tour.ch\/wp-content\/uploads\/2025\/11\/Sued_Brasilien-102-768x576.jpg 768w, https:\/\/www.askja-on-tour.ch\/wp-content\/uploads\/2025\/11\/Sued_Brasilien-102-1536x1153.jpg 1536w, https:\/\/www.askja-on-tour.ch\/wp-content\/uploads\/2025\/11\/Sued_Brasilien-102.jpg 2048w\" sizes=\"auto, (max-width: 1024px) 100vw, 1024px\" \/> <img loading=\"lazy\" decoding=\"async\" class=\"alignnone size-medium wp-image-29840\" src=\"https:\/\/www.askja-on-tour.ch\/wp-content\/uploads\/2025\/11\/Sued_Brasilien-103-1024x769.jpg\" alt=\"\" width=\"1024\" height=\"769\" srcset=\"https:\/\/www.askja-on-tour.ch\/wp-content\/uploads\/2025\/11\/Sued_Brasilien-103-1024x769.jpg 1024w, https:\/\/www.askja-on-tour.ch\/wp-content\/uploads\/2025\/11\/Sued_Brasilien-103-1600x1201.jpg 1600w, https:\/\/www.askja-on-tour.ch\/wp-content\/uploads\/2025\/11\/Sued_Brasilien-103-768x576.jpg 768w, https:\/\/www.askja-on-tour.ch\/wp-content\/uploads\/2025\/11\/Sued_Brasilien-103-1536x1153.jpg 1536w, https:\/\/www.askja-on-tour.ch\/wp-content\/uploads\/2025\/11\/Sued_Brasilien-103.jpg 2048w\" sizes=\"auto, (max-width: 1024px) 100vw, 1024px\" \/> <img loading=\"lazy\" decoding=\"async\" class=\"alignnone size-medium wp-image-29841\" src=\"https:\/\/www.askja-on-tour.ch\/wp-content\/uploads\/2025\/11\/Sued_Brasilien-104-1024x769.jpg\" alt=\"\" width=\"1024\" height=\"769\" srcset=\"https:\/\/www.askja-on-tour.ch\/wp-content\/uploads\/2025\/11\/Sued_Brasilien-104-1024x769.jpg 1024w, https:\/\/www.askja-on-tour.ch\/wp-content\/uploads\/2025\/11\/Sued_Brasilien-104-1600x1201.jpg 1600w, https:\/\/www.askja-on-tour.ch\/wp-content\/uploads\/2025\/11\/Sued_Brasilien-104-768x576.jpg 768w, https:\/\/www.askja-on-tour.ch\/wp-content\/uploads\/2025\/11\/Sued_Brasilien-104-1536x1153.jpg 1536w, https:\/\/www.askja-on-tour.ch\/wp-content\/uploads\/2025\/11\/Sued_Brasilien-104.jpg 2048w\" sizes=\"auto, (max-width: 1024px) 100vw, 1024px\" \/><\/p>\n<figure id=\"attachment_29842\" aria-describedby=\"caption-attachment-29842\" style=\"width: 1024px\" class=\"wp-caption alignnone\"><img loading=\"lazy\" decoding=\"async\" class=\"size-medium wp-image-29842\" src=\"https:\/\/www.askja-on-tour.ch\/wp-content\/uploads\/2025\/11\/Sued_Brasilien-105-1024x769.jpg\" alt=\"\" width=\"1024\" height=\"769\" srcset=\"https:\/\/www.askja-on-tour.ch\/wp-content\/uploads\/2025\/11\/Sued_Brasilien-105-1024x769.jpg 1024w, https:\/\/www.askja-on-tour.ch\/wp-content\/uploads\/2025\/11\/Sued_Brasilien-105-1600x1201.jpg 1600w, https:\/\/www.askja-on-tour.ch\/wp-content\/uploads\/2025\/11\/Sued_Brasilien-105-768x576.jpg 768w, https:\/\/www.askja-on-tour.ch\/wp-content\/uploads\/2025\/11\/Sued_Brasilien-105-1536x1153.jpg 1536w, https:\/\/www.askja-on-tour.ch\/wp-content\/uploads\/2025\/11\/Sued_Brasilien-105.jpg 2048w\" sizes=\"auto, (max-width: 1024px) 100vw, 1024px\" \/><figcaption id=\"caption-attachment-29842\" class=\"wp-caption-text\">Dieser Herr hat uns mit Weihnachtsliedern auf die Weihnachtszeit eingestimmt<\/figcaption><\/figure>\n<figure id=\"attachment_29843\" aria-describedby=\"caption-attachment-29843\" style=\"width: 1024px\" class=\"wp-caption alignnone\"><img loading=\"lazy\" decoding=\"async\" class=\"size-medium wp-image-29843\" src=\"https:\/\/www.askja-on-tour.ch\/wp-content\/uploads\/2025\/11\/Sued_Brasilien-106-1024x769.jpg\" alt=\"\" width=\"1024\" height=\"769\" srcset=\"https:\/\/www.askja-on-tour.ch\/wp-content\/uploads\/2025\/11\/Sued_Brasilien-106-1024x769.jpg 1024w, https:\/\/www.askja-on-tour.ch\/wp-content\/uploads\/2025\/11\/Sued_Brasilien-106-1600x1201.jpg 1600w, https:\/\/www.askja-on-tour.ch\/wp-content\/uploads\/2025\/11\/Sued_Brasilien-106-768x576.jpg 768w, https:\/\/www.askja-on-tour.ch\/wp-content\/uploads\/2025\/11\/Sued_Brasilien-106-1536x1153.jpg 1536w, https:\/\/www.askja-on-tour.ch\/wp-content\/uploads\/2025\/11\/Sued_Brasilien-106.jpg 2048w\" sizes=\"auto, (max-width: 1024px) 100vw, 1024px\" \/><figcaption id=\"caption-attachment-29843\" class=\"wp-caption-text\">Deutsche K\u00f6stlichkeiten<\/figcaption><\/figure>\n<p><img loading=\"lazy\" decoding=\"async\" class=\"alignnone size-medium wp-image-29844\" src=\"https:\/\/www.askja-on-tour.ch\/wp-content\/uploads\/2025\/11\/Sued_Brasilien-107-1024x769.jpg\" alt=\"\" width=\"1024\" height=\"769\" srcset=\"https:\/\/www.askja-on-tour.ch\/wp-content\/uploads\/2025\/11\/Sued_Brasilien-107-1024x769.jpg 1024w, https:\/\/www.askja-on-tour.ch\/wp-content\/uploads\/2025\/11\/Sued_Brasilien-107-1600x1201.jpg 1600w, https:\/\/www.askja-on-tour.ch\/wp-content\/uploads\/2025\/11\/Sued_Brasilien-107-768x576.jpg 768w, https:\/\/www.askja-on-tour.ch\/wp-content\/uploads\/2025\/11\/Sued_Brasilien-107-1536x1153.jpg 1536w, https:\/\/www.askja-on-tour.ch\/wp-content\/uploads\/2025\/11\/Sued_Brasilien-107.jpg 2048w\" sizes=\"auto, (max-width: 1024px) 100vw, 1024px\" \/> <img loading=\"lazy\" decoding=\"async\" class=\"alignnone size-medium wp-image-29845\" src=\"https:\/\/www.askja-on-tour.ch\/wp-content\/uploads\/2025\/11\/Sued_Brasilien-108-1024x769.jpg\" alt=\"\" width=\"1024\" height=\"769\" srcset=\"https:\/\/www.askja-on-tour.ch\/wp-content\/uploads\/2025\/11\/Sued_Brasilien-108-1024x769.jpg 1024w, https:\/\/www.askja-on-tour.ch\/wp-content\/uploads\/2025\/11\/Sued_Brasilien-108-1600x1201.jpg 1600w, https:\/\/www.askja-on-tour.ch\/wp-content\/uploads\/2025\/11\/Sued_Brasilien-108-768x576.jpg 768w, https:\/\/www.askja-on-tour.ch\/wp-content\/uploads\/2025\/11\/Sued_Brasilien-108-1536x1153.jpg 1536w, https:\/\/www.askja-on-tour.ch\/wp-content\/uploads\/2025\/11\/Sued_Brasilien-108.jpg 2048w\" sizes=\"auto, (max-width: 1024px) 100vw, 1024px\" \/> <img loading=\"lazy\" decoding=\"async\" class=\"alignnone size-medium wp-image-29846\" src=\"https:\/\/www.askja-on-tour.ch\/wp-content\/uploads\/2025\/11\/Sued_Brasilien-109-769x1024.jpg\" alt=\"\" width=\"769\" height=\"1024\" srcset=\"https:\/\/www.askja-on-tour.ch\/wp-content\/uploads\/2025\/11\/Sued_Brasilien-109-769x1024.jpg 769w, https:\/\/www.askja-on-tour.ch\/wp-content\/uploads\/2025\/11\/Sued_Brasilien-109-1201x1600.jpg 1201w, https:\/\/www.askja-on-tour.ch\/wp-content\/uploads\/2025\/11\/Sued_Brasilien-109-768x1023.jpg 768w, https:\/\/www.askja-on-tour.ch\/wp-content\/uploads\/2025\/11\/Sued_Brasilien-109-1153x1536.jpg 1153w, https:\/\/www.askja-on-tour.ch\/wp-content\/uploads\/2025\/11\/Sued_Brasilien-109.jpg 1537w\" sizes=\"auto, (max-width: 769px) 100vw, 769px\" \/><\/p>\n<p>Morgen geht es weiter in Richtung Uruguay.<\/p>\n","protected":false},"excerpt":{"rendered":"<p>Am Weihnachtsmarkt in Nova Petr\u00f3polisLink zur Karte mit unserer aktuellen Route Wir bewegen uns gem\u00e4chlich zur\u00fcck in Richtung Montevideo, wo wir das WoMo f\u00fcr unsere R\u00fcckreise zu Weihnachten einstellen. Nach den Iguaz\u00fa-Wasserf\u00e4llen (nachtr\u00e4glich noch ein paar Bilder des Platzes in<\/p>\n","protected":false},"author":3,"featured_media":0,"comment_status":"open","ping_status":"closed","sticky":false,"template":"","format":"standard","meta":{"footnotes":""},"categories":[54,58,50],"tags":[],"class_list":["post-29737","post","type-post","status-publish","format-standard","hentry","category-argentinien_2025","category-brasilien-2025","category-suedamerika_2024_2026"],"_links":{"self":[{"href":"https:\/\/www.askja-on-tour.ch\/index.php?rest_route=\/wp\/v2\/posts\/29737","targetHints":{"allow":["GET"]}}],"collection":[{"href":"https:\/\/www.askja-on-tour.ch\/index.php?rest_route=\/wp\/v2\/posts"}],"about":[{"href":"https:\/\/www.askja-on-tour.ch\/index.php?rest_route=\/wp\/v2\/types\/post"}],"author":[{"embeddable":true,"href":"https:\/\/www.askja-on-tour.ch\/index.php?rest_route=\/wp\/v2\/users\/3"}],"replies":[{"embeddable":true,"href":"https:\/\/www.askja-on-tour.ch\/index.php?rest_route=%2Fwp%2Fv2%2Fcomments&post=29737"}],"version-history":[{"count":7,"href":"https:\/\/www.askja-on-tour.ch\/index.php?rest_route=\/wp\/v2\/posts\/29737\/revisions"}],"predecessor-version":[{"id":29864,"href":"https:\/\/www.askja-on-tour.ch\/index.php?rest_route=\/wp\/v2\/posts\/29737\/revisions\/29864"}],"wp:attachment":[{"href":"https:\/\/www.askja-on-tour.ch\/index.php?rest_route=%2Fwp%2Fv2%2Fmedia&parent=29737"}],"wp:term":[{"taxonomy":"category","embeddable":true,"href":"https:\/\/www.askja-on-tour.ch\/index.php?rest_route=%2Fwp%2Fv2%2Fcategories&post=29737"},{"taxonomy":"post_tag","embeddable":true,"href":"https:\/\/www.askja-on-tour.ch\/index.php?rest_route=%2Fwp%2Fv2%2Ftags&post=29737"}],"curies":[{"name":"wp","href":"https:\/\/api.w.org\/{rel}","templated":true}]}}