{"id":29336,"date":"2025-10-19T18:22:43","date_gmt":"2025-10-19T18:22:43","guid":{"rendered":"https:\/\/www.askja-on-tour.ch\/?p=29336"},"modified":"2025-10-19T18:31:50","modified_gmt":"2025-10-19T18:31:50","slug":"17-10-19-10-2025-asuncion-ein-wahrer-kontrast-zu-filadelfia","status":"publish","type":"post","link":"https:\/\/www.askja-on-tour.ch\/?p=29336","title":{"rendered":"17.10. \u2013 19.10.2025: Asunci\u00f3n \u2013 ein wahrer Kontrast zu Filadelfia"},"content":{"rendered":"\n<p><a href=\"https:\/\/www.google.com\/maps\/d\/edit?mid=1XrGOkiaabyAXfNTfQ7uZuAuE7ziEEnQ&amp;usp=sharing\" target=\"_blank\" rel=\"noopener\">Karte mit unserer aktuellen Route<\/a><\/p>\n<p>Nach dem Gran Chaco sind wir nach Asunci\u00f3n, der Hautstadt von Paraguay, gerollt. Da die Transchaco-Strasse in einem sehr guten Zustand ist, konnten wir die 470 km trotz sp\u00e4ter Abfahrt in Filadelfia noch am gleichen Tag fahren und sind abends gut im Hotel Westfalenhof angekommen, wo wir auf dem Parkplatz sicher stehen k\u00f6nnen.<\/p>\n<figure id=\"attachment_29339\" aria-describedby=\"caption-attachment-29339\" style=\"width: 1024px\" class=\"wp-caption alignnone\"><img loading=\"lazy\" decoding=\"async\" class=\"size-medium wp-image-29339\" src=\"https:\/\/www.askja-on-tour.ch\/wp-content\/uploads\/2025\/10\/Asuncion-082-1024x768.jpg\" alt=\"\" width=\"1024\" height=\"768\" srcset=\"https:\/\/www.askja-on-tour.ch\/wp-content\/uploads\/2025\/10\/Asuncion-082-1024x768.jpg 1024w, https:\/\/www.askja-on-tour.ch\/wp-content\/uploads\/2025\/10\/Asuncion-082-1600x1200.jpg 1600w, https:\/\/www.askja-on-tour.ch\/wp-content\/uploads\/2025\/10\/Asuncion-082-768x576.jpg 768w, https:\/\/www.askja-on-tour.ch\/wp-content\/uploads\/2025\/10\/Asuncion-082-1536x1152.jpg 1536w, https:\/\/www.askja-on-tour.ch\/wp-content\/uploads\/2025\/10\/Asuncion-082.jpg 2048w\" sizes=\"auto, (max-width: 1024px) 100vw, 1024px\" \/><figcaption id=\"caption-attachment-29339\" class=\"wp-caption-text\">Unser Stellplatz beim Hotel Westfalenhof<\/figcaption><\/figure>\n<figure id=\"attachment_29418\" aria-describedby=\"caption-attachment-29418\" style=\"width: 1024px\" class=\"wp-caption alignnone\"><img loading=\"lazy\" decoding=\"async\" class=\"size-medium wp-image-29418\" src=\"https:\/\/www.askja-on-tour.ch\/wp-content\/uploads\/2025\/10\/Asuncion-081-1024x768.jpg\" alt=\"\" width=\"1024\" height=\"768\" srcset=\"https:\/\/www.askja-on-tour.ch\/wp-content\/uploads\/2025\/10\/Asuncion-081-1024x768.jpg 1024w, https:\/\/www.askja-on-tour.ch\/wp-content\/uploads\/2025\/10\/Asuncion-081-1600x1200.jpg 1600w, https:\/\/www.askja-on-tour.ch\/wp-content\/uploads\/2025\/10\/Asuncion-081-768x576.jpg 768w, https:\/\/www.askja-on-tour.ch\/wp-content\/uploads\/2025\/10\/Asuncion-081-1536x1152.jpg 1536w, https:\/\/www.askja-on-tour.ch\/wp-content\/uploads\/2025\/10\/Asuncion-081.jpg 2048w\" sizes=\"auto, (max-width: 1024px) 100vw, 1024px\" \/><figcaption id=\"caption-attachment-29418\" class=\"wp-caption-text\">Hotel Westfalenhof<\/figcaption><\/figure>\n<p>Asunci\u00f3n steht f\u00fcr Mari\u00e4 Himmelfahrt. Der volle Name lautet La Muy Noble y Leal Ciudad de Nuestra Se\u00f1ora Santa Maria de la Asunci\u00f3n oder in Deutsch \u201eDie edle und treue Stadt Nuestra Se\u00f1ora Santa Maria de la Asunci\u00f3n\u201c. Es ist die gr\u00f6sste Stadt von Paraguay mit rund 500\u2018000 Einwohnern, inkl. Ballungsraum sind es deren 1\u2018900\u2018000 Einwohner. Sie wird auch als die &#8222;Mutter aller St\u00e4dte&#8220; bezeichnet, da sie eine der \u00e4ltesten durchgehend bewohnten St\u00e4dte S\u00fcdamerikas ist. Und was wir nicht wussten, die drittegef\u00e4hrlichste Stadt in S\u00fcdamerika, hinter Buenos Aires und Santiago de Chile. Die sehr hohe Pr\u00e4senz von Polizei und Milit\u00e4r gab uns aber das Gef\u00fchl der Sicherheit. Das Wetter war heute leicht regnerisch, d.h. es hat immer mal wieder genieselt, was aber f\u00fcr eine Stadtbesichtigung ideal war.<\/p>\n<p>Begonnen haben wir unseren Stadtrundgang am Pante\u00f3n de los H\u00e9roes und Oratorio de la Virgen de la Asunci\u00f3n (Heldengrabmal) an der Calle Independencia. Das Pant\u00e9on wurde 1863 zu Ehren der Schutzpatronin Virgen de la Asunci\u00f3n, die den Rang \u201eMarschall des Heeres\u201c hat, erbaut. Am Tag unsererer Besichtigung fand gleichzeitig eine Veranstaltung zur Ehrung der Senioren statt, wo v.a. die Damen fr\u00f6hliche T\u00e4nze aufgef\u00fchrt hatten.<\/p>\n<figure id=\"attachment_29349\" aria-describedby=\"caption-attachment-29349\" style=\"width: 768px\" class=\"wp-caption alignnone\"><img loading=\"lazy\" decoding=\"async\" class=\"size-medium wp-image-29349\" src=\"https:\/\/www.askja-on-tour.ch\/wp-content\/uploads\/2025\/10\/Asuncion-011-768x1024.jpg\" alt=\"\" width=\"768\" height=\"1024\" srcset=\"https:\/\/www.askja-on-tour.ch\/wp-content\/uploads\/2025\/10\/Asuncion-011-768x1024.jpg 768w, https:\/\/www.askja-on-tour.ch\/wp-content\/uploads\/2025\/10\/Asuncion-011-1200x1600.jpg 1200w, https:\/\/www.askja-on-tour.ch\/wp-content\/uploads\/2025\/10\/Asuncion-011-1152x1536.jpg 1152w, https:\/\/www.askja-on-tour.ch\/wp-content\/uploads\/2025\/10\/Asuncion-011.jpg 1536w\" sizes=\"auto, (max-width: 768px) 100vw, 768px\" \/><figcaption id=\"caption-attachment-29349\" class=\"wp-caption-text\">Die Virgen (Jungrau) de la Asunci\u00f3n<\/figcaption><\/figure>\n<figure id=\"attachment_29350\" aria-describedby=\"caption-attachment-29350\" style=\"width: 1024px\" class=\"wp-caption alignnone\"><img loading=\"lazy\" decoding=\"async\" class=\"wp-image-29350 size-medium\" src=\"https:\/\/www.askja-on-tour.ch\/wp-content\/uploads\/2025\/10\/Asuncion-012-1024x768.jpg\" alt=\"\" width=\"1024\" height=\"768\" srcset=\"https:\/\/www.askja-on-tour.ch\/wp-content\/uploads\/2025\/10\/Asuncion-012-1024x768.jpg 1024w, https:\/\/www.askja-on-tour.ch\/wp-content\/uploads\/2025\/10\/Asuncion-012-1600x1200.jpg 1600w, https:\/\/www.askja-on-tour.ch\/wp-content\/uploads\/2025\/10\/Asuncion-012-768x576.jpg 768w, https:\/\/www.askja-on-tour.ch\/wp-content\/uploads\/2025\/10\/Asuncion-012-1536x1152.jpg 1536w, https:\/\/www.askja-on-tour.ch\/wp-content\/uploads\/2025\/10\/Asuncion-012.jpg 2048w\" sizes=\"auto, (max-width: 1024px) 100vw, 1024px\" \/><figcaption id=\"caption-attachment-29350\" class=\"wp-caption-text\">Pante\u00f3n de los H\u00e9roes und Oratorio de la Virgen de la Asunci\u00f3n<\/figcaption><\/figure>\n<figure id=\"attachment_29343\" aria-describedby=\"caption-attachment-29343\" style=\"width: 768px\" class=\"wp-caption alignnone\"><img loading=\"lazy\" decoding=\"async\" class=\"size-medium wp-image-29343\" src=\"https:\/\/www.askja-on-tour.ch\/wp-content\/uploads\/2025\/10\/Asuncion-005-768x1024.jpg\" alt=\"\" width=\"768\" height=\"1024\" srcset=\"https:\/\/www.askja-on-tour.ch\/wp-content\/uploads\/2025\/10\/Asuncion-005-768x1024.jpg 768w, https:\/\/www.askja-on-tour.ch\/wp-content\/uploads\/2025\/10\/Asuncion-005-1200x1600.jpg 1200w, https:\/\/www.askja-on-tour.ch\/wp-content\/uploads\/2025\/10\/Asuncion-005-1152x1536.jpg 1152w, https:\/\/www.askja-on-tour.ch\/wp-content\/uploads\/2025\/10\/Asuncion-005.jpg 1536w\" sizes=\"auto, (max-width: 768px) 100vw, 768px\" \/><figcaption id=\"caption-attachment-29343\" class=\"wp-caption-text\">Die Wache am Pante\u00f3n de los H\u00e9roes und Oratorio de la Virgen de la Asunci\u00f3n<\/figcaption><\/figure>\n<p><img loading=\"lazy\" decoding=\"async\" class=\"alignnone size-medium wp-image-29344\" src=\"https:\/\/www.askja-on-tour.ch\/wp-content\/uploads\/2025\/10\/Asuncion-006-768x1024.jpg\" alt=\"\" width=\"768\" height=\"1024\" srcset=\"https:\/\/www.askja-on-tour.ch\/wp-content\/uploads\/2025\/10\/Asuncion-006-768x1024.jpg 768w, https:\/\/www.askja-on-tour.ch\/wp-content\/uploads\/2025\/10\/Asuncion-006-1200x1600.jpg 1200w, https:\/\/www.askja-on-tour.ch\/wp-content\/uploads\/2025\/10\/Asuncion-006-1152x1536.jpg 1152w, https:\/\/www.askja-on-tour.ch\/wp-content\/uploads\/2025\/10\/Asuncion-006.jpg 1536w\" sizes=\"auto, (max-width: 768px) 100vw, 768px\" \/> <img loading=\"lazy\" decoding=\"async\" class=\"alignnone size-medium wp-image-29345\" src=\"https:\/\/www.askja-on-tour.ch\/wp-content\/uploads\/2025\/10\/Asuncion-007-1024x768.jpg\" alt=\"\" width=\"1024\" height=\"768\" srcset=\"https:\/\/www.askja-on-tour.ch\/wp-content\/uploads\/2025\/10\/Asuncion-007-1024x768.jpg 1024w, https:\/\/www.askja-on-tour.ch\/wp-content\/uploads\/2025\/10\/Asuncion-007-1600x1200.jpg 1600w, https:\/\/www.askja-on-tour.ch\/wp-content\/uploads\/2025\/10\/Asuncion-007-768x576.jpg 768w, https:\/\/www.askja-on-tour.ch\/wp-content\/uploads\/2025\/10\/Asuncion-007-1536x1152.jpg 1536w, https:\/\/www.askja-on-tour.ch\/wp-content\/uploads\/2025\/10\/Asuncion-007.jpg 2048w\" sizes=\"auto, (max-width: 1024px) 100vw, 1024px\" \/> <img loading=\"lazy\" decoding=\"async\" class=\"alignnone size-medium wp-image-29346\" src=\"https:\/\/www.askja-on-tour.ch\/wp-content\/uploads\/2025\/10\/Asuncion-008-1024x768.jpg\" alt=\"\" width=\"1024\" height=\"768\" srcset=\"https:\/\/www.askja-on-tour.ch\/wp-content\/uploads\/2025\/10\/Asuncion-008-1024x768.jpg 1024w, https:\/\/www.askja-on-tour.ch\/wp-content\/uploads\/2025\/10\/Asuncion-008-1600x1200.jpg 1600w, https:\/\/www.askja-on-tour.ch\/wp-content\/uploads\/2025\/10\/Asuncion-008-768x576.jpg 768w, https:\/\/www.askja-on-tour.ch\/wp-content\/uploads\/2025\/10\/Asuncion-008-1536x1152.jpg 1536w, https:\/\/www.askja-on-tour.ch\/wp-content\/uploads\/2025\/10\/Asuncion-008.jpg 2048w\" sizes=\"auto, (max-width: 1024px) 100vw, 1024px\" \/><\/p>\n<figure id=\"attachment_29347\" aria-describedby=\"caption-attachment-29347\" style=\"width: 768px\" class=\"wp-caption alignnone\"><img loading=\"lazy\" decoding=\"async\" class=\"size-medium wp-image-29347\" src=\"https:\/\/www.askja-on-tour.ch\/wp-content\/uploads\/2025\/10\/Asuncion-009-768x1024.jpg\" alt=\"\" width=\"768\" height=\"1024\" srcset=\"https:\/\/www.askja-on-tour.ch\/wp-content\/uploads\/2025\/10\/Asuncion-009-768x1024.jpg 768w, https:\/\/www.askja-on-tour.ch\/wp-content\/uploads\/2025\/10\/Asuncion-009-1200x1600.jpg 1200w, https:\/\/www.askja-on-tour.ch\/wp-content\/uploads\/2025\/10\/Asuncion-009-1152x1536.jpg 1152w, https:\/\/www.askja-on-tour.ch\/wp-content\/uploads\/2025\/10\/Asuncion-009.jpg 1536w\" sizes=\"auto, (max-width: 768px) 100vw, 768px\" \/><figcaption id=\"caption-attachment-29347\" class=\"wp-caption-text\">Gedenktafeln f\u00fcr verschiedene Helden.<\/figcaption><\/figure>\n<p><img loading=\"lazy\" decoding=\"async\" class=\"alignnone size-medium wp-image-29348\" src=\"https:\/\/www.askja-on-tour.ch\/wp-content\/uploads\/2025\/10\/Asuncion-010-768x1024.jpg\" alt=\"\" width=\"768\" height=\"1024\" srcset=\"https:\/\/www.askja-on-tour.ch\/wp-content\/uploads\/2025\/10\/Asuncion-010-768x1024.jpg 768w, https:\/\/www.askja-on-tour.ch\/wp-content\/uploads\/2025\/10\/Asuncion-010-1200x1600.jpg 1200w, https:\/\/www.askja-on-tour.ch\/wp-content\/uploads\/2025\/10\/Asuncion-010-1152x1536.jpg 1152w, https:\/\/www.askja-on-tour.ch\/wp-content\/uploads\/2025\/10\/Asuncion-010.jpg 1536w\" sizes=\"auto, (max-width: 768px) 100vw, 768px\" \/> <img loading=\"lazy\" decoding=\"async\" class=\"alignnone size-medium wp-image-29342\" src=\"https:\/\/www.askja-on-tour.ch\/wp-content\/uploads\/2025\/10\/Asuncion-004-1024x768.jpg\" alt=\"\" width=\"1024\" height=\"768\" srcset=\"https:\/\/www.askja-on-tour.ch\/wp-content\/uploads\/2025\/10\/Asuncion-004-1024x768.jpg 1024w, https:\/\/www.askja-on-tour.ch\/wp-content\/uploads\/2025\/10\/Asuncion-004-1600x1200.jpg 1600w, https:\/\/www.askja-on-tour.ch\/wp-content\/uploads\/2025\/10\/Asuncion-004-768x576.jpg 768w, https:\/\/www.askja-on-tour.ch\/wp-content\/uploads\/2025\/10\/Asuncion-004-1536x1152.jpg 1536w, https:\/\/www.askja-on-tour.ch\/wp-content\/uploads\/2025\/10\/Asuncion-004.jpg 2048w\" sizes=\"auto, (max-width: 1024px) 100vw, 1024px\" \/><\/p>\n<figure id=\"attachment_29341\" aria-describedby=\"caption-attachment-29341\" style=\"width: 1024px\" class=\"wp-caption alignnone\"><img loading=\"lazy\" decoding=\"async\" class=\"size-medium wp-image-29341\" src=\"https:\/\/www.askja-on-tour.ch\/wp-content\/uploads\/2025\/10\/Asuncion-003-1024x768.jpg\" alt=\"\" width=\"1024\" height=\"768\" srcset=\"https:\/\/www.askja-on-tour.ch\/wp-content\/uploads\/2025\/10\/Asuncion-003-1024x768.jpg 1024w, https:\/\/www.askja-on-tour.ch\/wp-content\/uploads\/2025\/10\/Asuncion-003-1600x1200.jpg 1600w, https:\/\/www.askja-on-tour.ch\/wp-content\/uploads\/2025\/10\/Asuncion-003-768x576.jpg 768w, https:\/\/www.askja-on-tour.ch\/wp-content\/uploads\/2025\/10\/Asuncion-003-1536x1152.jpg 1536w, https:\/\/www.askja-on-tour.ch\/wp-content\/uploads\/2025\/10\/Asuncion-003.jpg 2048w\" sizes=\"auto, (max-width: 1024px) 100vw, 1024px\" \/><figcaption id=\"caption-attachment-29341\" class=\"wp-caption-text\">Senioren in ihren sch\u00f6nen Kleidern<\/figcaption><\/figure>\n<figure id=\"attachment_29340\" aria-describedby=\"caption-attachment-29340\" style=\"width: 1024px\" class=\"wp-caption alignnone\"><img loading=\"lazy\" decoding=\"async\" class=\"size-medium wp-image-29340\" src=\"https:\/\/www.askja-on-tour.ch\/wp-content\/uploads\/2025\/10\/Asuncion-002-1024x768.jpg\" alt=\"\" width=\"1024\" height=\"768\" srcset=\"https:\/\/www.askja-on-tour.ch\/wp-content\/uploads\/2025\/10\/Asuncion-002-1024x768.jpg 1024w, https:\/\/www.askja-on-tour.ch\/wp-content\/uploads\/2025\/10\/Asuncion-002-1600x1200.jpg 1600w, https:\/\/www.askja-on-tour.ch\/wp-content\/uploads\/2025\/10\/Asuncion-002-768x576.jpg 768w, https:\/\/www.askja-on-tour.ch\/wp-content\/uploads\/2025\/10\/Asuncion-002-1536x1152.jpg 1536w, https:\/\/www.askja-on-tour.ch\/wp-content\/uploads\/2025\/10\/Asuncion-002.jpg 2048w\" sizes=\"auto, (max-width: 1024px) 100vw, 1024px\" \/><figcaption id=\"caption-attachment-29340\" class=\"wp-caption-text\">Flaggen von Paraguay. Die Fahne hat zwei Seiten: Auf der Vorderseite befindet sich das Staatswappen mit einem Stern, umgeben von Oliven- und Palmenzweigen. Auf der R\u00fcckseite zeigt die Flagge das Siegel der Finanzverwaltung, bestehend aus einem L\u00f6wen mit einer M\u00fctze und dem Motto &#8222;Paz y justicia&#8220; (Frieden und Gerechtigkeit)<\/figcaption><\/figure>\n<figure id=\"attachment_29338\" aria-describedby=\"caption-attachment-29338\" style=\"width: 1024px\" class=\"wp-caption alignnone\"><img loading=\"lazy\" decoding=\"async\" class=\"size-medium wp-image-29338\" src=\"https:\/\/www.askja-on-tour.ch\/wp-content\/uploads\/2025\/10\/Asuncion-001-1024x768.jpg\" alt=\"\" width=\"1024\" height=\"768\" srcset=\"https:\/\/www.askja-on-tour.ch\/wp-content\/uploads\/2025\/10\/Asuncion-001-1024x768.jpg 1024w, https:\/\/www.askja-on-tour.ch\/wp-content\/uploads\/2025\/10\/Asuncion-001-1600x1200.jpg 1600w, https:\/\/www.askja-on-tour.ch\/wp-content\/uploads\/2025\/10\/Asuncion-001-768x576.jpg 768w, https:\/\/www.askja-on-tour.ch\/wp-content\/uploads\/2025\/10\/Asuncion-001-1536x1152.jpg 1536w, https:\/\/www.askja-on-tour.ch\/wp-content\/uploads\/2025\/10\/Asuncion-001.jpg 2048w\" sizes=\"auto, (max-width: 1024px) 100vw, 1024px\" \/><figcaption id=\"caption-attachment-29338\" class=\"wp-caption-text\">Schuhputzer haben in der Zeit der der heutigen Turnschuhe nicht mehr so viel zu tun<\/figcaption><\/figure>\n<p>N\u00e4chster Besichtigungspunkt war die Estaci\u00f3n Central del Ferrocarril, der ehemalige Hauptbahnhof, der 1861 eingeweiht wurde und bis zur end\u00fcltigen Einstellung des Zugbetriebes im 2009 in Betrieb war. Auf dem Weg haben wir wieder einige Eindr\u00fccke mitgenommen.<\/p>\n<figure id=\"attachment_29351\" aria-describedby=\"caption-attachment-29351\" style=\"width: 1024px\" class=\"wp-caption alignnone\"><img loading=\"lazy\" decoding=\"async\" class=\"size-medium wp-image-29351\" src=\"https:\/\/www.askja-on-tour.ch\/wp-content\/uploads\/2025\/10\/Asuncion-013-1024x768.jpg\" alt=\"\" width=\"1024\" height=\"768\" srcset=\"https:\/\/www.askja-on-tour.ch\/wp-content\/uploads\/2025\/10\/Asuncion-013-1024x768.jpg 1024w, https:\/\/www.askja-on-tour.ch\/wp-content\/uploads\/2025\/10\/Asuncion-013-1600x1200.jpg 1600w, https:\/\/www.askja-on-tour.ch\/wp-content\/uploads\/2025\/10\/Asuncion-013-768x576.jpg 768w, https:\/\/www.askja-on-tour.ch\/wp-content\/uploads\/2025\/10\/Asuncion-013-1536x1152.jpg 1536w, https:\/\/www.askja-on-tour.ch\/wp-content\/uploads\/2025\/10\/Asuncion-013.jpg 2048w\" sizes=\"auto, (max-width: 1024px) 100vw, 1024px\" \/><figcaption id=\"caption-attachment-29351\" class=\"wp-caption-text\">Strassenh\u00e4ndlerin<\/figcaption><\/figure>\n<figure id=\"attachment_29352\" aria-describedby=\"caption-attachment-29352\" style=\"width: 768px\" class=\"wp-caption alignnone\"><img loading=\"lazy\" decoding=\"async\" class=\"size-medium wp-image-29352\" src=\"https:\/\/www.askja-on-tour.ch\/wp-content\/uploads\/2025\/10\/Asuncion-014-768x1024.jpg\" alt=\"\" width=\"768\" height=\"1024\" srcset=\"https:\/\/www.askja-on-tour.ch\/wp-content\/uploads\/2025\/10\/Asuncion-014-768x1024.jpg 768w, https:\/\/www.askja-on-tour.ch\/wp-content\/uploads\/2025\/10\/Asuncion-014-1200x1600.jpg 1200w, https:\/\/www.askja-on-tour.ch\/wp-content\/uploads\/2025\/10\/Asuncion-014-1152x1536.jpg 1152w, https:\/\/www.askja-on-tour.ch\/wp-content\/uploads\/2025\/10\/Asuncion-014.jpg 1536w\" sizes=\"auto, (max-width: 768px) 100vw, 768px\" \/><figcaption id=\"caption-attachment-29352\" class=\"wp-caption-text\">Durch die Strassen von Asunci\u00f3n<\/figcaption><\/figure>\n<p><img loading=\"lazy\" decoding=\"async\" class=\"alignnone size-medium wp-image-29353\" src=\"https:\/\/www.askja-on-tour.ch\/wp-content\/uploads\/2025\/10\/Asuncion-015-1024x768.jpg\" alt=\"\" width=\"1024\" height=\"768\" srcset=\"https:\/\/www.askja-on-tour.ch\/wp-content\/uploads\/2025\/10\/Asuncion-015-1024x768.jpg 1024w, https:\/\/www.askja-on-tour.ch\/wp-content\/uploads\/2025\/10\/Asuncion-015-1600x1200.jpg 1600w, https:\/\/www.askja-on-tour.ch\/wp-content\/uploads\/2025\/10\/Asuncion-015-768x576.jpg 768w, https:\/\/www.askja-on-tour.ch\/wp-content\/uploads\/2025\/10\/Asuncion-015-1536x1152.jpg 1536w, https:\/\/www.askja-on-tour.ch\/wp-content\/uploads\/2025\/10\/Asuncion-015.jpg 2048w\" sizes=\"auto, (max-width: 1024px) 100vw, 1024px\" \/><\/p>\n<figure id=\"attachment_29354\" aria-describedby=\"caption-attachment-29354\" style=\"width: 768px\" class=\"wp-caption alignnone\"><img loading=\"lazy\" decoding=\"async\" class=\"size-medium wp-image-29354\" src=\"https:\/\/www.askja-on-tour.ch\/wp-content\/uploads\/2025\/10\/Asuncion-016-768x1024.jpg\" alt=\"\" width=\"768\" height=\"1024\" srcset=\"https:\/\/www.askja-on-tour.ch\/wp-content\/uploads\/2025\/10\/Asuncion-016-768x1024.jpg 768w, https:\/\/www.askja-on-tour.ch\/wp-content\/uploads\/2025\/10\/Asuncion-016-1200x1600.jpg 1200w, https:\/\/www.askja-on-tour.ch\/wp-content\/uploads\/2025\/10\/Asuncion-016-1152x1536.jpg 1152w, https:\/\/www.askja-on-tour.ch\/wp-content\/uploads\/2025\/10\/Asuncion-016.jpg 1536w\" sizes=\"auto, (max-width: 768px) 100vw, 768px\" \/><figcaption id=\"caption-attachment-29354\" class=\"wp-caption-text\">Eines von verschiedenen Kulturh\u00e4usern &#8230;<\/figcaption><\/figure>\n<figure id=\"attachment_29355\" aria-describedby=\"caption-attachment-29355\" style=\"width: 1024px\" class=\"wp-caption alignnone\"><img loading=\"lazy\" decoding=\"async\" class=\"size-medium wp-image-29355\" src=\"https:\/\/www.askja-on-tour.ch\/wp-content\/uploads\/2025\/10\/Asuncion-017-1024x768.jpg\" alt=\"\" width=\"1024\" height=\"768\" srcset=\"https:\/\/www.askja-on-tour.ch\/wp-content\/uploads\/2025\/10\/Asuncion-017-1024x768.jpg 1024w, https:\/\/www.askja-on-tour.ch\/wp-content\/uploads\/2025\/10\/Asuncion-017-1600x1200.jpg 1600w, https:\/\/www.askja-on-tour.ch\/wp-content\/uploads\/2025\/10\/Asuncion-017-768x576.jpg 768w, https:\/\/www.askja-on-tour.ch\/wp-content\/uploads\/2025\/10\/Asuncion-017-1536x1152.jpg 1536w, https:\/\/www.askja-on-tour.ch\/wp-content\/uploads\/2025\/10\/Asuncion-017.jpg 2048w\" sizes=\"auto, (max-width: 1024px) 100vw, 1024px\" \/><figcaption id=\"caption-attachment-29355\" class=\"wp-caption-text\">&#8230; mit sch\u00f6nen Kacheln<\/figcaption><\/figure>\n<figure id=\"attachment_29356\" aria-describedby=\"caption-attachment-29356\" style=\"width: 768px\" class=\"wp-caption alignnone\"><img loading=\"lazy\" decoding=\"async\" class=\"size-medium wp-image-29356\" src=\"https:\/\/www.askja-on-tour.ch\/wp-content\/uploads\/2025\/10\/Asuncion-018-768x1024.jpg\" alt=\"\" width=\"768\" height=\"1024\" srcset=\"https:\/\/www.askja-on-tour.ch\/wp-content\/uploads\/2025\/10\/Asuncion-018-768x1024.jpg 768w, https:\/\/www.askja-on-tour.ch\/wp-content\/uploads\/2025\/10\/Asuncion-018-1200x1600.jpg 1200w, https:\/\/www.askja-on-tour.ch\/wp-content\/uploads\/2025\/10\/Asuncion-018-1152x1536.jpg 1152w, https:\/\/www.askja-on-tour.ch\/wp-content\/uploads\/2025\/10\/Asuncion-018.jpg 1536w\" sizes=\"auto, (max-width: 768px) 100vw, 768px\" \/><figcaption id=\"caption-attachment-29356\" class=\"wp-caption-text\">und immer wieder beeindruckende Wandmalereien<\/figcaption><\/figure>\n<figure id=\"attachment_29357\" aria-describedby=\"caption-attachment-29357\" style=\"width: 768px\" class=\"wp-caption alignnone\"><img loading=\"lazy\" decoding=\"async\" class=\"size-medium wp-image-29357\" src=\"https:\/\/www.askja-on-tour.ch\/wp-content\/uploads\/2025\/10\/Asuncion-019-768x1024.jpg\" alt=\"\" width=\"768\" height=\"1024\" srcset=\"https:\/\/www.askja-on-tour.ch\/wp-content\/uploads\/2025\/10\/Asuncion-019-768x1024.jpg 768w, https:\/\/www.askja-on-tour.ch\/wp-content\/uploads\/2025\/10\/Asuncion-019-1200x1600.jpg 1200w, https:\/\/www.askja-on-tour.ch\/wp-content\/uploads\/2025\/10\/Asuncion-019-1152x1536.jpg 1152w, https:\/\/www.askja-on-tour.ch\/wp-content\/uploads\/2025\/10\/Asuncion-019.jpg 1536w\" sizes=\"auto, (max-width: 768px) 100vw, 768px\" \/><figcaption id=\"caption-attachment-29357\" class=\"wp-caption-text\">Plaza Uruguaya<\/figcaption><\/figure>\n<figure id=\"attachment_29358\" aria-describedby=\"caption-attachment-29358\" style=\"width: 768px\" class=\"wp-caption alignnone\"><img loading=\"lazy\" decoding=\"async\" class=\"size-medium wp-image-29358\" src=\"https:\/\/www.askja-on-tour.ch\/wp-content\/uploads\/2025\/10\/Asuncion-020-768x1024.jpg\" alt=\"\" width=\"768\" height=\"1024\" srcset=\"https:\/\/www.askja-on-tour.ch\/wp-content\/uploads\/2025\/10\/Asuncion-020-768x1024.jpg 768w, https:\/\/www.askja-on-tour.ch\/wp-content\/uploads\/2025\/10\/Asuncion-020-1200x1600.jpg 1200w, https:\/\/www.askja-on-tour.ch\/wp-content\/uploads\/2025\/10\/Asuncion-020-1152x1536.jpg 1152w, https:\/\/www.askja-on-tour.ch\/wp-content\/uploads\/2025\/10\/Asuncion-020.jpg 1536w\" sizes=\"auto, (max-width: 768px) 100vw, 768px\" \/><figcaption id=\"caption-attachment-29358\" class=\"wp-caption-text\">Plaza Uruguaya<\/figcaption><\/figure>\n<figure id=\"attachment_29359\" aria-describedby=\"caption-attachment-29359\" style=\"width: 768px\" class=\"wp-caption alignnone\"><img loading=\"lazy\" decoding=\"async\" class=\"size-medium wp-image-29359\" src=\"https:\/\/www.askja-on-tour.ch\/wp-content\/uploads\/2025\/10\/Asuncion-022-768x1024.jpg\" alt=\"\" width=\"768\" height=\"1024\" srcset=\"https:\/\/www.askja-on-tour.ch\/wp-content\/uploads\/2025\/10\/Asuncion-022-768x1024.jpg 768w, https:\/\/www.askja-on-tour.ch\/wp-content\/uploads\/2025\/10\/Asuncion-022-1200x1600.jpg 1200w, https:\/\/www.askja-on-tour.ch\/wp-content\/uploads\/2025\/10\/Asuncion-022-1152x1536.jpg 1152w, https:\/\/www.askja-on-tour.ch\/wp-content\/uploads\/2025\/10\/Asuncion-022.jpg 1536w\" sizes=\"auto, (max-width: 768px) 100vw, 768px\" \/><figcaption id=\"caption-attachment-29359\" class=\"wp-caption-text\">Plaza Uruguaya<\/figcaption><\/figure>\n<figure id=\"attachment_29360\" aria-describedby=\"caption-attachment-29360\" style=\"width: 1024px\" class=\"wp-caption alignnone\"><img loading=\"lazy\" decoding=\"async\" class=\"size-medium wp-image-29360\" src=\"https:\/\/www.askja-on-tour.ch\/wp-content\/uploads\/2025\/10\/Asuncion-023-1024x768.jpg\" alt=\"\" width=\"1024\" height=\"768\" srcset=\"https:\/\/www.askja-on-tour.ch\/wp-content\/uploads\/2025\/10\/Asuncion-023-1024x768.jpg 1024w, https:\/\/www.askja-on-tour.ch\/wp-content\/uploads\/2025\/10\/Asuncion-023-1600x1200.jpg 1600w, https:\/\/www.askja-on-tour.ch\/wp-content\/uploads\/2025\/10\/Asuncion-023-768x576.jpg 768w, https:\/\/www.askja-on-tour.ch\/wp-content\/uploads\/2025\/10\/Asuncion-023-1536x1152.jpg 1536w, https:\/\/www.askja-on-tour.ch\/wp-content\/uploads\/2025\/10\/Asuncion-023.jpg 2048w\" sizes=\"auto, (max-width: 1024px) 100vw, 1024px\" \/><figcaption id=\"caption-attachment-29360\" class=\"wp-caption-text\">Estaci\u00f3n Central del Ferrocarril<\/figcaption><\/figure>\n<figure id=\"attachment_29361\" aria-describedby=\"caption-attachment-29361\" style=\"width: 768px\" class=\"wp-caption alignnone\"><img loading=\"lazy\" decoding=\"async\" class=\"size-medium wp-image-29361\" src=\"https:\/\/www.askja-on-tour.ch\/wp-content\/uploads\/2025\/10\/Asuncion-024-768x1024.jpg\" alt=\"\" width=\"768\" height=\"1024\" srcset=\"https:\/\/www.askja-on-tour.ch\/wp-content\/uploads\/2025\/10\/Asuncion-024-768x1024.jpg 768w, https:\/\/www.askja-on-tour.ch\/wp-content\/uploads\/2025\/10\/Asuncion-024-1200x1600.jpg 1200w, https:\/\/www.askja-on-tour.ch\/wp-content\/uploads\/2025\/10\/Asuncion-024-1152x1536.jpg 1152w, https:\/\/www.askja-on-tour.ch\/wp-content\/uploads\/2025\/10\/Asuncion-024.jpg 1536w\" sizes=\"auto, (max-width: 768px) 100vw, 768px\" \/><figcaption id=\"caption-attachment-29361\" class=\"wp-caption-text\">Estaci\u00f3n Central del Ferrocarril<\/figcaption><\/figure>\n<figure id=\"attachment_29362\" aria-describedby=\"caption-attachment-29362\" style=\"width: 768px\" class=\"wp-caption alignnone\"><img loading=\"lazy\" decoding=\"async\" class=\"size-medium wp-image-29362\" src=\"https:\/\/www.askja-on-tour.ch\/wp-content\/uploads\/2025\/10\/Asuncion-025-768x1024.jpg\" alt=\"\" width=\"768\" height=\"1024\" srcset=\"https:\/\/www.askja-on-tour.ch\/wp-content\/uploads\/2025\/10\/Asuncion-025-768x1024.jpg 768w, https:\/\/www.askja-on-tour.ch\/wp-content\/uploads\/2025\/10\/Asuncion-025-1200x1600.jpg 1200w, https:\/\/www.askja-on-tour.ch\/wp-content\/uploads\/2025\/10\/Asuncion-025-1152x1536.jpg 1152w, https:\/\/www.askja-on-tour.ch\/wp-content\/uploads\/2025\/10\/Asuncion-025.jpg 1536w\" sizes=\"auto, (max-width: 768px) 100vw, 768px\" \/><figcaption id=\"caption-attachment-29362\" class=\"wp-caption-text\">Estaci\u00f3n Central del Ferrocarril<\/figcaption><\/figure>\n<figure id=\"attachment_29363\" aria-describedby=\"caption-attachment-29363\" style=\"width: 1024px\" class=\"wp-caption alignnone\"><img loading=\"lazy\" decoding=\"async\" class=\"size-medium wp-image-29363\" src=\"https:\/\/www.askja-on-tour.ch\/wp-content\/uploads\/2025\/10\/Asuncion-026-1024x768.jpg\" alt=\"\" width=\"1024\" height=\"768\" srcset=\"https:\/\/www.askja-on-tour.ch\/wp-content\/uploads\/2025\/10\/Asuncion-026-1024x768.jpg 1024w, https:\/\/www.askja-on-tour.ch\/wp-content\/uploads\/2025\/10\/Asuncion-026-1600x1200.jpg 1600w, https:\/\/www.askja-on-tour.ch\/wp-content\/uploads\/2025\/10\/Asuncion-026-768x576.jpg 768w, https:\/\/www.askja-on-tour.ch\/wp-content\/uploads\/2025\/10\/Asuncion-026-1536x1152.jpg 1536w, https:\/\/www.askja-on-tour.ch\/wp-content\/uploads\/2025\/10\/Asuncion-026.jpg 2048w\" sizes=\"auto, (max-width: 1024px) 100vw, 1024px\" \/><figcaption id=\"caption-attachment-29363\" class=\"wp-caption-text\">Ist auch das Symbol auf der Vorderseite der Flagge von Paraguay<\/figcaption><\/figure>\n<figure id=\"attachment_29364\" aria-describedby=\"caption-attachment-29364\" style=\"width: 768px\" class=\"wp-caption alignnone\"><img loading=\"lazy\" decoding=\"async\" class=\"size-medium wp-image-29364\" src=\"https:\/\/www.askja-on-tour.ch\/wp-content\/uploads\/2025\/10\/Asuncion-027-768x1024.jpg\" alt=\"\" width=\"768\" height=\"1024\" srcset=\"https:\/\/www.askja-on-tour.ch\/wp-content\/uploads\/2025\/10\/Asuncion-027-768x1024.jpg 768w, https:\/\/www.askja-on-tour.ch\/wp-content\/uploads\/2025\/10\/Asuncion-027-1200x1600.jpg 1200w, https:\/\/www.askja-on-tour.ch\/wp-content\/uploads\/2025\/10\/Asuncion-027-1152x1536.jpg 1152w, https:\/\/www.askja-on-tour.ch\/wp-content\/uploads\/2025\/10\/Asuncion-027.jpg 1536w\" sizes=\"auto, (max-width: 768px) 100vw, 768px\" \/><figcaption id=\"caption-attachment-29364\" class=\"wp-caption-text\">Immer sch\u00f6n l\u00e4cheln &#8211; Norbert und sein l\u00e4dierter Finger<\/figcaption><\/figure>\n<figure id=\"attachment_29365\" aria-describedby=\"caption-attachment-29365\" style=\"width: 1024px\" class=\"wp-caption alignnone\"><img loading=\"lazy\" decoding=\"async\" class=\"size-medium wp-image-29365\" src=\"https:\/\/www.askja-on-tour.ch\/wp-content\/uploads\/2025\/10\/Asuncion-028-1024x768.jpg\" alt=\"\" width=\"1024\" height=\"768\" srcset=\"https:\/\/www.askja-on-tour.ch\/wp-content\/uploads\/2025\/10\/Asuncion-028-1024x768.jpg 1024w, https:\/\/www.askja-on-tour.ch\/wp-content\/uploads\/2025\/10\/Asuncion-028-1600x1200.jpg 1600w, https:\/\/www.askja-on-tour.ch\/wp-content\/uploads\/2025\/10\/Asuncion-028-768x576.jpg 768w, https:\/\/www.askja-on-tour.ch\/wp-content\/uploads\/2025\/10\/Asuncion-028-1536x1152.jpg 1536w, https:\/\/www.askja-on-tour.ch\/wp-content\/uploads\/2025\/10\/Asuncion-028.jpg 2048w\" sizes=\"auto, (max-width: 1024px) 100vw, 1024px\" \/><figcaption id=\"caption-attachment-29365\" class=\"wp-caption-text\">Rundgang durch das Museum<\/figcaption><\/figure>\n<p><img loading=\"lazy\" decoding=\"async\" class=\"alignnone size-medium wp-image-29366\" src=\"https:\/\/www.askja-on-tour.ch\/wp-content\/uploads\/2025\/10\/Asuncion-029-768x1024.jpg\" alt=\"\" width=\"768\" height=\"1024\" srcset=\"https:\/\/www.askja-on-tour.ch\/wp-content\/uploads\/2025\/10\/Asuncion-029-768x1024.jpg 768w, https:\/\/www.askja-on-tour.ch\/wp-content\/uploads\/2025\/10\/Asuncion-029-1200x1600.jpg 1200w, https:\/\/www.askja-on-tour.ch\/wp-content\/uploads\/2025\/10\/Asuncion-029-1152x1536.jpg 1152w, https:\/\/www.askja-on-tour.ch\/wp-content\/uploads\/2025\/10\/Asuncion-029.jpg 1536w\" sizes=\"auto, (max-width: 768px) 100vw, 768px\" \/> <img loading=\"lazy\" decoding=\"async\" class=\"alignnone size-medium wp-image-29367\" src=\"https:\/\/www.askja-on-tour.ch\/wp-content\/uploads\/2025\/10\/Asuncion-030-1024x768.jpg\" alt=\"\" width=\"1024\" height=\"768\" srcset=\"https:\/\/www.askja-on-tour.ch\/wp-content\/uploads\/2025\/10\/Asuncion-030-1024x768.jpg 1024w, https:\/\/www.askja-on-tour.ch\/wp-content\/uploads\/2025\/10\/Asuncion-030-1600x1200.jpg 1600w, https:\/\/www.askja-on-tour.ch\/wp-content\/uploads\/2025\/10\/Asuncion-030-768x576.jpg 768w, https:\/\/www.askja-on-tour.ch\/wp-content\/uploads\/2025\/10\/Asuncion-030-1536x1152.jpg 1536w, https:\/\/www.askja-on-tour.ch\/wp-content\/uploads\/2025\/10\/Asuncion-030.jpg 2048w\" sizes=\"auto, (max-width: 1024px) 100vw, 1024px\" \/> <img loading=\"lazy\" decoding=\"async\" class=\"alignnone size-medium wp-image-29368\" src=\"https:\/\/www.askja-on-tour.ch\/wp-content\/uploads\/2025\/10\/Asuncion-031-768x1024.jpg\" alt=\"\" width=\"768\" height=\"1024\" srcset=\"https:\/\/www.askja-on-tour.ch\/wp-content\/uploads\/2025\/10\/Asuncion-031-768x1024.jpg 768w, https:\/\/www.askja-on-tour.ch\/wp-content\/uploads\/2025\/10\/Asuncion-031-1200x1600.jpg 1200w, https:\/\/www.askja-on-tour.ch\/wp-content\/uploads\/2025\/10\/Asuncion-031-1152x1536.jpg 1152w, https:\/\/www.askja-on-tour.ch\/wp-content\/uploads\/2025\/10\/Asuncion-031.jpg 1536w\" sizes=\"auto, (max-width: 768px) 100vw, 768px\" \/> <img loading=\"lazy\" decoding=\"async\" class=\"alignnone size-medium wp-image-29369\" src=\"https:\/\/www.askja-on-tour.ch\/wp-content\/uploads\/2025\/10\/Asuncion-032-768x1024.jpg\" alt=\"\" width=\"768\" height=\"1024\" srcset=\"https:\/\/www.askja-on-tour.ch\/wp-content\/uploads\/2025\/10\/Asuncion-032-768x1024.jpg 768w, https:\/\/www.askja-on-tour.ch\/wp-content\/uploads\/2025\/10\/Asuncion-032-1200x1600.jpg 1200w, https:\/\/www.askja-on-tour.ch\/wp-content\/uploads\/2025\/10\/Asuncion-032-1152x1536.jpg 1152w, https:\/\/www.askja-on-tour.ch\/wp-content\/uploads\/2025\/10\/Asuncion-032.jpg 1536w\" sizes=\"auto, (max-width: 768px) 100vw, 768px\" \/> <img loading=\"lazy\" decoding=\"async\" class=\"alignnone size-medium wp-image-29370\" src=\"https:\/\/www.askja-on-tour.ch\/wp-content\/uploads\/2025\/10\/Asuncion-033-1024x768.jpg\" alt=\"\" width=\"1024\" height=\"768\" srcset=\"https:\/\/www.askja-on-tour.ch\/wp-content\/uploads\/2025\/10\/Asuncion-033-1024x768.jpg 1024w, https:\/\/www.askja-on-tour.ch\/wp-content\/uploads\/2025\/10\/Asuncion-033-1600x1200.jpg 1600w, https:\/\/www.askja-on-tour.ch\/wp-content\/uploads\/2025\/10\/Asuncion-033-768x576.jpg 768w, https:\/\/www.askja-on-tour.ch\/wp-content\/uploads\/2025\/10\/Asuncion-033-1536x1152.jpg 1536w, https:\/\/www.askja-on-tour.ch\/wp-content\/uploads\/2025\/10\/Asuncion-033.jpg 2048w\" sizes=\"auto, (max-width: 1024px) 100vw, 1024px\" \/><\/p>\n<figure id=\"attachment_29371\" aria-describedby=\"caption-attachment-29371\" style=\"width: 1024px\" class=\"wp-caption alignnone\"><img loading=\"lazy\" decoding=\"async\" class=\"size-medium wp-image-29371\" src=\"https:\/\/www.askja-on-tour.ch\/wp-content\/uploads\/2025\/10\/Asuncion-034-1024x768.jpg\" alt=\"\" width=\"1024\" height=\"768\" srcset=\"https:\/\/www.askja-on-tour.ch\/wp-content\/uploads\/2025\/10\/Asuncion-034-1024x768.jpg 1024w, https:\/\/www.askja-on-tour.ch\/wp-content\/uploads\/2025\/10\/Asuncion-034-1600x1200.jpg 1600w, https:\/\/www.askja-on-tour.ch\/wp-content\/uploads\/2025\/10\/Asuncion-034-768x576.jpg 768w, https:\/\/www.askja-on-tour.ch\/wp-content\/uploads\/2025\/10\/Asuncion-034-1536x1152.jpg 1536w, https:\/\/www.askja-on-tour.ch\/wp-content\/uploads\/2025\/10\/Asuncion-034.jpg 2048w\" sizes=\"auto, (max-width: 1024px) 100vw, 1024px\" \/><figcaption id=\"caption-attachment-29371\" class=\"wp-caption-text\">Die SAPUCAI, \u00e4lteste Lokomotive Paraguays<\/figcaption><\/figure>\n<p><img loading=\"lazy\" decoding=\"async\" class=\"alignnone size-medium wp-image-29372\" src=\"https:\/\/www.askja-on-tour.ch\/wp-content\/uploads\/2025\/10\/Asuncion-035-1024x768.jpg\" alt=\"\" width=\"1024\" height=\"768\" srcset=\"https:\/\/www.askja-on-tour.ch\/wp-content\/uploads\/2025\/10\/Asuncion-035-1024x768.jpg 1024w, https:\/\/www.askja-on-tour.ch\/wp-content\/uploads\/2025\/10\/Asuncion-035-1600x1200.jpg 1600w, https:\/\/www.askja-on-tour.ch\/wp-content\/uploads\/2025\/10\/Asuncion-035-768x576.jpg 768w, https:\/\/www.askja-on-tour.ch\/wp-content\/uploads\/2025\/10\/Asuncion-035-1536x1152.jpg 1536w, https:\/\/www.askja-on-tour.ch\/wp-content\/uploads\/2025\/10\/Asuncion-035.jpg 2048w\" sizes=\"auto, (max-width: 1024px) 100vw, 1024px\" \/> <img loading=\"lazy\" decoding=\"async\" class=\"alignnone size-medium wp-image-29373\" src=\"https:\/\/www.askja-on-tour.ch\/wp-content\/uploads\/2025\/10\/Asuncion-036-1024x768.jpg\" alt=\"\" width=\"1024\" height=\"768\" srcset=\"https:\/\/www.askja-on-tour.ch\/wp-content\/uploads\/2025\/10\/Asuncion-036-1024x768.jpg 1024w, https:\/\/www.askja-on-tour.ch\/wp-content\/uploads\/2025\/10\/Asuncion-036-1600x1200.jpg 1600w, https:\/\/www.askja-on-tour.ch\/wp-content\/uploads\/2025\/10\/Asuncion-036-768x576.jpg 768w, https:\/\/www.askja-on-tour.ch\/wp-content\/uploads\/2025\/10\/Asuncion-036-1536x1152.jpg 1536w, https:\/\/www.askja-on-tour.ch\/wp-content\/uploads\/2025\/10\/Asuncion-036.jpg 2048w\" sizes=\"auto, (max-width: 1024px) 100vw, 1024px\" \/><\/p>\n<p>Danach sind wir zur Catedral Metropolitana gelaufen. Die Grundsteinlegung war im 17. Jahrhundert. Der schlichte Aufbau wurde im 19. Jahrhundert erg\u00e4nzt. Leider war die Kathedrale geschlossen, so dass wir den Altar nicht sehen konnten, der sowohl Zeuge der Franziskaner als auch der Jesuiten war, die das Land zu verschiedenen Zeiten christianisierten. Sehr verwundert hat uns die Favela, die unmittelbar neben der Kathedrale und der katholischen Universit\u00e4t ist.<\/p>\n<figure id=\"attachment_29374\" aria-describedby=\"caption-attachment-29374\" style=\"width: 1024px\" class=\"wp-caption alignnone\"><img loading=\"lazy\" decoding=\"async\" class=\"size-medium wp-image-29374\" src=\"https:\/\/www.askja-on-tour.ch\/wp-content\/uploads\/2025\/10\/Asuncion-037-1024x768.jpg\" alt=\"\" width=\"1024\" height=\"768\" srcset=\"https:\/\/www.askja-on-tour.ch\/wp-content\/uploads\/2025\/10\/Asuncion-037-1024x768.jpg 1024w, https:\/\/www.askja-on-tour.ch\/wp-content\/uploads\/2025\/10\/Asuncion-037-1600x1200.jpg 1600w, https:\/\/www.askja-on-tour.ch\/wp-content\/uploads\/2025\/10\/Asuncion-037-768x576.jpg 768w, https:\/\/www.askja-on-tour.ch\/wp-content\/uploads\/2025\/10\/Asuncion-037-1536x1152.jpg 1536w, https:\/\/www.askja-on-tour.ch\/wp-content\/uploads\/2025\/10\/Asuncion-037.jpg 2048w\" sizes=\"auto, (max-width: 1024px) 100vw, 1024px\" \/><figcaption id=\"caption-attachment-29374\" class=\"wp-caption-text\">Catedral Metropolitana<\/figcaption><\/figure>\n<figure id=\"attachment_29375\" aria-describedby=\"caption-attachment-29375\" style=\"width: 768px\" class=\"wp-caption alignnone\"><img loading=\"lazy\" decoding=\"async\" class=\"size-medium wp-image-29375\" src=\"https:\/\/www.askja-on-tour.ch\/wp-content\/uploads\/2025\/10\/Asuncion-038-768x1024.jpg\" alt=\"\" width=\"768\" height=\"1024\" srcset=\"https:\/\/www.askja-on-tour.ch\/wp-content\/uploads\/2025\/10\/Asuncion-038-768x1024.jpg 768w, https:\/\/www.askja-on-tour.ch\/wp-content\/uploads\/2025\/10\/Asuncion-038-1200x1600.jpg 1200w, https:\/\/www.askja-on-tour.ch\/wp-content\/uploads\/2025\/10\/Asuncion-038-1152x1536.jpg 1152w, https:\/\/www.askja-on-tour.ch\/wp-content\/uploads\/2025\/10\/Asuncion-038.jpg 1536w\" sizes=\"auto, (max-width: 768px) 100vw, 768px\" \/><figcaption id=\"caption-attachment-29375\" class=\"wp-caption-text\">Zwischen der katholischen Uni und der Catedral Metropolitana<\/figcaption><\/figure>\n<figure id=\"attachment_29376\" aria-describedby=\"caption-attachment-29376\" style=\"width: 768px\" class=\"wp-caption alignnone\"><img loading=\"lazy\" decoding=\"async\" class=\"size-medium wp-image-29376\" src=\"https:\/\/www.askja-on-tour.ch\/wp-content\/uploads\/2025\/10\/Asuncion-039-768x1024.jpg\" alt=\"\" width=\"768\" height=\"1024\" srcset=\"https:\/\/www.askja-on-tour.ch\/wp-content\/uploads\/2025\/10\/Asuncion-039-768x1024.jpg 768w, https:\/\/www.askja-on-tour.ch\/wp-content\/uploads\/2025\/10\/Asuncion-039-1200x1600.jpg 1200w, https:\/\/www.askja-on-tour.ch\/wp-content\/uploads\/2025\/10\/Asuncion-039-1152x1536.jpg 1152w, https:\/\/www.askja-on-tour.ch\/wp-content\/uploads\/2025\/10\/Asuncion-039.jpg 1536w\" sizes=\"auto, (max-width: 768px) 100vw, 768px\" \/><figcaption id=\"caption-attachment-29376\" class=\"wp-caption-text\">Bild an der Catedral Metropolitana<\/figcaption><\/figure>\n<figure id=\"attachment_29377\" aria-describedby=\"caption-attachment-29377\" style=\"width: 1024px\" class=\"wp-caption alignnone\"><img loading=\"lazy\" decoding=\"async\" class=\"size-medium wp-image-29377\" src=\"https:\/\/www.askja-on-tour.ch\/wp-content\/uploads\/2025\/10\/Asuncion-040-1024x768.jpg\" alt=\"\" width=\"1024\" height=\"768\" srcset=\"https:\/\/www.askja-on-tour.ch\/wp-content\/uploads\/2025\/10\/Asuncion-040-1024x768.jpg 1024w, https:\/\/www.askja-on-tour.ch\/wp-content\/uploads\/2025\/10\/Asuncion-040-1600x1200.jpg 1600w, https:\/\/www.askja-on-tour.ch\/wp-content\/uploads\/2025\/10\/Asuncion-040-768x576.jpg 768w, https:\/\/www.askja-on-tour.ch\/wp-content\/uploads\/2025\/10\/Asuncion-040-1536x1152.jpg 1536w, https:\/\/www.askja-on-tour.ch\/wp-content\/uploads\/2025\/10\/Asuncion-040.jpg 2048w\" sizes=\"auto, (max-width: 1024px) 100vw, 1024px\" \/><figcaption id=\"caption-attachment-29377\" class=\"wp-caption-text\">Katholische Uni<\/figcaption><\/figure>\n<p><img loading=\"lazy\" decoding=\"async\" class=\"alignnone size-medium wp-image-29378\" src=\"https:\/\/www.askja-on-tour.ch\/wp-content\/uploads\/2025\/10\/Asuncion-041-1024x768.jpg\" alt=\"\" width=\"1024\" height=\"768\" srcset=\"https:\/\/www.askja-on-tour.ch\/wp-content\/uploads\/2025\/10\/Asuncion-041-1024x768.jpg 1024w, https:\/\/www.askja-on-tour.ch\/wp-content\/uploads\/2025\/10\/Asuncion-041-1600x1200.jpg 1600w, https:\/\/www.askja-on-tour.ch\/wp-content\/uploads\/2025\/10\/Asuncion-041-768x576.jpg 768w, https:\/\/www.askja-on-tour.ch\/wp-content\/uploads\/2025\/10\/Asuncion-041-1536x1152.jpg 1536w, https:\/\/www.askja-on-tour.ch\/wp-content\/uploads\/2025\/10\/Asuncion-041.jpg 2048w\" sizes=\"auto, (max-width: 1024px) 100vw, 1024px\" \/><\/p>\n<figure id=\"attachment_29379\" aria-describedby=\"caption-attachment-29379\" style=\"width: 1024px\" class=\"wp-caption alignnone\"><img loading=\"lazy\" decoding=\"async\" class=\"size-medium wp-image-29379\" src=\"https:\/\/www.askja-on-tour.ch\/wp-content\/uploads\/2025\/10\/Asuncion-042-1024x768.jpg\" alt=\"\" width=\"1024\" height=\"768\" srcset=\"https:\/\/www.askja-on-tour.ch\/wp-content\/uploads\/2025\/10\/Asuncion-042-1024x768.jpg 1024w, https:\/\/www.askja-on-tour.ch\/wp-content\/uploads\/2025\/10\/Asuncion-042-1600x1200.jpg 1600w, https:\/\/www.askja-on-tour.ch\/wp-content\/uploads\/2025\/10\/Asuncion-042-768x576.jpg 768w, https:\/\/www.askja-on-tour.ch\/wp-content\/uploads\/2025\/10\/Asuncion-042-1536x1152.jpg 1536w, https:\/\/www.askja-on-tour.ch\/wp-content\/uploads\/2025\/10\/Asuncion-042.jpg 2048w\" sizes=\"auto, (max-width: 1024px) 100vw, 1024px\" \/><figcaption id=\"caption-attachment-29379\" class=\"wp-caption-text\">&#8230; Favelas neben der Uni<\/figcaption><\/figure>\n<figure id=\"attachment_29380\" aria-describedby=\"caption-attachment-29380\" style=\"width: 1024px\" class=\"wp-caption alignnone\"><img loading=\"lazy\" decoding=\"async\" class=\"size-medium wp-image-29380\" src=\"https:\/\/www.askja-on-tour.ch\/wp-content\/uploads\/2025\/10\/Asuncion-043-1024x768.jpg\" alt=\"\" width=\"1024\" height=\"768\" srcset=\"https:\/\/www.askja-on-tour.ch\/wp-content\/uploads\/2025\/10\/Asuncion-043-1024x768.jpg 1024w, https:\/\/www.askja-on-tour.ch\/wp-content\/uploads\/2025\/10\/Asuncion-043-1600x1200.jpg 1600w, https:\/\/www.askja-on-tour.ch\/wp-content\/uploads\/2025\/10\/Asuncion-043-768x576.jpg 768w, https:\/\/www.askja-on-tour.ch\/wp-content\/uploads\/2025\/10\/Asuncion-043-1536x1152.jpg 1536w, https:\/\/www.askja-on-tour.ch\/wp-content\/uploads\/2025\/10\/Asuncion-043.jpg 2048w\" sizes=\"auto, (max-width: 1024px) 100vw, 1024px\" \/><figcaption id=\"caption-attachment-29380\" class=\"wp-caption-text\">weitere sch\u00f6ne Strassenmalerei<\/figcaption><\/figure>\n<p>Am Ausgang der Plaza Independencia (je nachdem auch als Plaza de Armas, Plaza Juan de Salazar und Plaza del Congreso bekannt) befindet sich El Cabildo, das heutige Kulturzentrum der Republik Paraguay. Auf diesem Platz und auf den Strassen vor dem Kongress lieferten sich im M\u00e4rz 1999 Anh\u00e4nger des Pr\u00e4sidenten Ra\u00fal Cubas, seine Gegner und die Polizei regelrecht Strassenschlachten. Um die \u201eSicherheit zu regulieren\u201c (sehr sarkastische Formulierung), setzte der Pr\u00e4sident auch Milit\u00e4r gegen die Demonstranten ein. Panzer patrouillierten durch die Strassen, von D\u00e4chern schossen Scharfsch\u00fctzen auf Regierungsgegner; es kam je nach Sch\u00e4tzung \u00fcber 10 Personen ums Leben.<\/p>\n<figure id=\"attachment_29381\" aria-describedby=\"caption-attachment-29381\" style=\"width: 768px\" class=\"wp-caption alignnone\"><img loading=\"lazy\" decoding=\"async\" class=\"size-medium wp-image-29381\" src=\"https:\/\/www.askja-on-tour.ch\/wp-content\/uploads\/2025\/10\/Asuncion-044-768x1024.jpg\" alt=\"\" width=\"768\" height=\"1024\" srcset=\"https:\/\/www.askja-on-tour.ch\/wp-content\/uploads\/2025\/10\/Asuncion-044-768x1024.jpg 768w, https:\/\/www.askja-on-tour.ch\/wp-content\/uploads\/2025\/10\/Asuncion-044-1200x1600.jpg 1200w, https:\/\/www.askja-on-tour.ch\/wp-content\/uploads\/2025\/10\/Asuncion-044-1152x1536.jpg 1152w, https:\/\/www.askja-on-tour.ch\/wp-content\/uploads\/2025\/10\/Asuncion-044.jpg 1536w\" sizes=\"auto, (max-width: 768px) 100vw, 768px\" \/><figcaption id=\"caption-attachment-29381\" class=\"wp-caption-text\">S\u00e4ule auf dem Plaza Independenzia<\/figcaption><\/figure>\n<p><img loading=\"lazy\" decoding=\"async\" class=\"alignnone size-medium wp-image-29382\" src=\"https:\/\/www.askja-on-tour.ch\/wp-content\/uploads\/2025\/10\/Asuncion-045-768x1024.jpg\" alt=\"\" width=\"768\" height=\"1024\" srcset=\"https:\/\/www.askja-on-tour.ch\/wp-content\/uploads\/2025\/10\/Asuncion-045-768x1024.jpg 768w, https:\/\/www.askja-on-tour.ch\/wp-content\/uploads\/2025\/10\/Asuncion-045-1200x1600.jpg 1200w, https:\/\/www.askja-on-tour.ch\/wp-content\/uploads\/2025\/10\/Asuncion-045-1152x1536.jpg 1152w, https:\/\/www.askja-on-tour.ch\/wp-content\/uploads\/2025\/10\/Asuncion-045.jpg 1536w\" sizes=\"auto, (max-width: 768px) 100vw, 768px\" \/><\/p>\n<figure id=\"attachment_29383\" aria-describedby=\"caption-attachment-29383\" style=\"width: 768px\" class=\"wp-caption alignnone\"><img loading=\"lazy\" decoding=\"async\" class=\"size-medium wp-image-29383\" src=\"https:\/\/www.askja-on-tour.ch\/wp-content\/uploads\/2025\/10\/Asuncion-046-768x1024.jpg\" alt=\"\" width=\"768\" height=\"1024\" srcset=\"https:\/\/www.askja-on-tour.ch\/wp-content\/uploads\/2025\/10\/Asuncion-046-768x1024.jpg 768w, https:\/\/www.askja-on-tour.ch\/wp-content\/uploads\/2025\/10\/Asuncion-046-1200x1600.jpg 1200w, https:\/\/www.askja-on-tour.ch\/wp-content\/uploads\/2025\/10\/Asuncion-046-1152x1536.jpg 1152w, https:\/\/www.askja-on-tour.ch\/wp-content\/uploads\/2025\/10\/Asuncion-046.jpg 1536w\" sizes=\"auto, (max-width: 768px) 100vw, 768px\" \/><figcaption id=\"caption-attachment-29383\" class=\"wp-caption-text\">Plaza Independenzia<\/figcaption><\/figure>\n<figure id=\"attachment_29384\" aria-describedby=\"caption-attachment-29384\" style=\"width: 1024px\" class=\"wp-caption alignnone\"><img loading=\"lazy\" decoding=\"async\" class=\"size-medium wp-image-29384\" src=\"https:\/\/www.askja-on-tour.ch\/wp-content\/uploads\/2025\/10\/Asuncion-047-1024x768.jpg\" alt=\"\" width=\"1024\" height=\"768\" srcset=\"https:\/\/www.askja-on-tour.ch\/wp-content\/uploads\/2025\/10\/Asuncion-047-1024x768.jpg 1024w, https:\/\/www.askja-on-tour.ch\/wp-content\/uploads\/2025\/10\/Asuncion-047-1600x1200.jpg 1600w, https:\/\/www.askja-on-tour.ch\/wp-content\/uploads\/2025\/10\/Asuncion-047-768x576.jpg 768w, https:\/\/www.askja-on-tour.ch\/wp-content\/uploads\/2025\/10\/Asuncion-047-1536x1152.jpg 1536w, https:\/\/www.askja-on-tour.ch\/wp-content\/uploads\/2025\/10\/Asuncion-047.jpg 2048w\" sizes=\"auto, (max-width: 1024px) 100vw, 1024px\" \/><figcaption id=\"caption-attachment-29384\" class=\"wp-caption-text\">Kulturzentrum der Republik Paraguay<\/figcaption><\/figure>\n<p><img loading=\"lazy\" decoding=\"async\" class=\"alignnone size-medium wp-image-29385\" src=\"https:\/\/www.askja-on-tour.ch\/wp-content\/uploads\/2025\/10\/Asuncion-048-768x1024.jpg\" alt=\"\" width=\"768\" height=\"1024\" srcset=\"https:\/\/www.askja-on-tour.ch\/wp-content\/uploads\/2025\/10\/Asuncion-048-768x1024.jpg 768w, https:\/\/www.askja-on-tour.ch\/wp-content\/uploads\/2025\/10\/Asuncion-048-1200x1600.jpg 1200w, https:\/\/www.askja-on-tour.ch\/wp-content\/uploads\/2025\/10\/Asuncion-048-1152x1536.jpg 1152w, https:\/\/www.askja-on-tour.ch\/wp-content\/uploads\/2025\/10\/Asuncion-048.jpg 1536w\" sizes=\"auto, (max-width: 768px) 100vw, 768px\" \/><\/p>\n<figure id=\"attachment_29386\" aria-describedby=\"caption-attachment-29386\" style=\"width: 1024px\" class=\"wp-caption alignnone\"><img loading=\"lazy\" decoding=\"async\" class=\"size-medium wp-image-29386\" src=\"https:\/\/www.askja-on-tour.ch\/wp-content\/uploads\/2025\/10\/Asuncion-049-1024x768.jpg\" alt=\"\" width=\"1024\" height=\"768\" srcset=\"https:\/\/www.askja-on-tour.ch\/wp-content\/uploads\/2025\/10\/Asuncion-049-1024x768.jpg 1024w, https:\/\/www.askja-on-tour.ch\/wp-content\/uploads\/2025\/10\/Asuncion-049-1600x1200.jpg 1600w, https:\/\/www.askja-on-tour.ch\/wp-content\/uploads\/2025\/10\/Asuncion-049-768x576.jpg 768w, https:\/\/www.askja-on-tour.ch\/wp-content\/uploads\/2025\/10\/Asuncion-049-1536x1152.jpg 1536w, https:\/\/www.askja-on-tour.ch\/wp-content\/uploads\/2025\/10\/Asuncion-049.jpg 2048w\" sizes=\"auto, (max-width: 1024px) 100vw, 1024px\" \/><figcaption id=\"caption-attachment-29386\" class=\"wp-caption-text\">Skulptur in Erinnerung an den M\u00e4rz 1999 und die Opfer<\/figcaption><\/figure>\n<figure id=\"attachment_29387\" aria-describedby=\"caption-attachment-29387\" style=\"width: 768px\" class=\"wp-caption alignnone\"><img loading=\"lazy\" decoding=\"async\" class=\"size-medium wp-image-29387\" src=\"https:\/\/www.askja-on-tour.ch\/wp-content\/uploads\/2025\/10\/Asuncion-050-768x1024.jpg\" alt=\"\" width=\"768\" height=\"1024\" srcset=\"https:\/\/www.askja-on-tour.ch\/wp-content\/uploads\/2025\/10\/Asuncion-050-768x1024.jpg 768w, https:\/\/www.askja-on-tour.ch\/wp-content\/uploads\/2025\/10\/Asuncion-050-1200x1600.jpg 1200w, https:\/\/www.askja-on-tour.ch\/wp-content\/uploads\/2025\/10\/Asuncion-050-1152x1536.jpg 1152w, https:\/\/www.askja-on-tour.ch\/wp-content\/uploads\/2025\/10\/Asuncion-050.jpg 1536w\" sizes=\"auto, (max-width: 768px) 100vw, 768px\" \/><figcaption id=\"caption-attachment-29387\" class=\"wp-caption-text\">Skulptur in Erinnerung an den M\u00e4rz 1999 und die Opfer<\/figcaption><\/figure>\n<figure id=\"attachment_29389\" aria-describedby=\"caption-attachment-29389\" style=\"width: 768px\" class=\"wp-caption alignnone\"><img loading=\"lazy\" decoding=\"async\" class=\"size-medium wp-image-29389\" src=\"https:\/\/www.askja-on-tour.ch\/wp-content\/uploads\/2025\/10\/Asuncion-052-768x1024.jpg\" alt=\"\" width=\"768\" height=\"1024\" srcset=\"https:\/\/www.askja-on-tour.ch\/wp-content\/uploads\/2025\/10\/Asuncion-052-768x1024.jpg 768w, https:\/\/www.askja-on-tour.ch\/wp-content\/uploads\/2025\/10\/Asuncion-052-1200x1600.jpg 1200w, https:\/\/www.askja-on-tour.ch\/wp-content\/uploads\/2025\/10\/Asuncion-052-1152x1536.jpg 1152w, https:\/\/www.askja-on-tour.ch\/wp-content\/uploads\/2025\/10\/Asuncion-052.jpg 1536w\" sizes=\"auto, (max-width: 768px) 100vw, 768px\" \/><figcaption id=\"caption-attachment-29389\" class=\"wp-caption-text\">Nationalkongress<\/figcaption><\/figure>\n<figure id=\"attachment_29388\" aria-describedby=\"caption-attachment-29388\" style=\"width: 1024px\" class=\"wp-caption alignnone\"><img loading=\"lazy\" decoding=\"async\" class=\"size-medium wp-image-29388\" src=\"https:\/\/www.askja-on-tour.ch\/wp-content\/uploads\/2025\/10\/Asuncion-051-1024x768.jpg\" alt=\"\" width=\"1024\" height=\"768\" srcset=\"https:\/\/www.askja-on-tour.ch\/wp-content\/uploads\/2025\/10\/Asuncion-051-1024x768.jpg 1024w, https:\/\/www.askja-on-tour.ch\/wp-content\/uploads\/2025\/10\/Asuncion-051-1600x1200.jpg 1600w, https:\/\/www.askja-on-tour.ch\/wp-content\/uploads\/2025\/10\/Asuncion-051-768x576.jpg 768w, https:\/\/www.askja-on-tour.ch\/wp-content\/uploads\/2025\/10\/Asuncion-051-1536x1152.jpg 1536w, https:\/\/www.askja-on-tour.ch\/wp-content\/uploads\/2025\/10\/Asuncion-051.jpg 2048w\" sizes=\"auto, (max-width: 1024px) 100vw, 1024px\" \/><figcaption id=\"caption-attachment-29388\" class=\"wp-caption-text\">Nationalkongress<\/figcaption><\/figure>\n<p>Nicht weit entfernt liegt der Palacio de L\u00f3pez, der Sitz des Pr\u00e4sidenten. Der heutige Regierungspalast wurde von Francisco Solano L\u00f3pez als Wohnsitz errichtet, daher auch sein Name. Palacio de L\u00f3pez war ein ehemaliger Pr\u00e4sident von Paraguay. Der aktuelle Pr\u00e4sident Santiago Pe\u00f1a Palacios (Jahrgang 1979) ist seit August 2023 im Amt.<\/p>\n<figure id=\"attachment_29390\" aria-describedby=\"caption-attachment-29390\" style=\"width: 1024px\" class=\"wp-caption alignnone\"><img loading=\"lazy\" decoding=\"async\" class=\"size-medium wp-image-29390\" src=\"https:\/\/www.askja-on-tour.ch\/wp-content\/uploads\/2025\/10\/Asuncion-053-1024x768.jpg\" alt=\"\" width=\"1024\" height=\"768\" srcset=\"https:\/\/www.askja-on-tour.ch\/wp-content\/uploads\/2025\/10\/Asuncion-053-1024x768.jpg 1024w, https:\/\/www.askja-on-tour.ch\/wp-content\/uploads\/2025\/10\/Asuncion-053-1600x1200.jpg 1600w, https:\/\/www.askja-on-tour.ch\/wp-content\/uploads\/2025\/10\/Asuncion-053-768x576.jpg 768w, https:\/\/www.askja-on-tour.ch\/wp-content\/uploads\/2025\/10\/Asuncion-053-1536x1152.jpg 1536w, https:\/\/www.askja-on-tour.ch\/wp-content\/uploads\/2025\/10\/Asuncion-053.jpg 2048w\" sizes=\"auto, (max-width: 1024px) 100vw, 1024px\" \/><figcaption id=\"caption-attachment-29390\" class=\"wp-caption-text\">Eckgeb\u00e4ude mit sch\u00f6ner Strassenmalerei<\/figcaption><\/figure>\n<p><img loading=\"lazy\" decoding=\"async\" class=\"alignnone size-medium wp-image-29391\" src=\"https:\/\/www.askja-on-tour.ch\/wp-content\/uploads\/2025\/10\/Asuncion-054-1024x768.jpg\" alt=\"\" width=\"1024\" height=\"768\" srcset=\"https:\/\/www.askja-on-tour.ch\/wp-content\/uploads\/2025\/10\/Asuncion-054-1024x768.jpg 1024w, https:\/\/www.askja-on-tour.ch\/wp-content\/uploads\/2025\/10\/Asuncion-054-1600x1200.jpg 1600w, https:\/\/www.askja-on-tour.ch\/wp-content\/uploads\/2025\/10\/Asuncion-054-768x576.jpg 768w, https:\/\/www.askja-on-tour.ch\/wp-content\/uploads\/2025\/10\/Asuncion-054-1536x1152.jpg 1536w, https:\/\/www.askja-on-tour.ch\/wp-content\/uploads\/2025\/10\/Asuncion-054.jpg 2048w\" sizes=\"auto, (max-width: 1024px) 100vw, 1024px\" \/> <img loading=\"lazy\" decoding=\"async\" class=\"alignnone size-medium wp-image-29392\" src=\"https:\/\/www.askja-on-tour.ch\/wp-content\/uploads\/2025\/10\/Asuncion-055-768x1024.jpg\" alt=\"\" width=\"768\" height=\"1024\" srcset=\"https:\/\/www.askja-on-tour.ch\/wp-content\/uploads\/2025\/10\/Asuncion-055-768x1024.jpg 768w, https:\/\/www.askja-on-tour.ch\/wp-content\/uploads\/2025\/10\/Asuncion-055-1200x1600.jpg 1200w, https:\/\/www.askja-on-tour.ch\/wp-content\/uploads\/2025\/10\/Asuncion-055-1152x1536.jpg 1152w, https:\/\/www.askja-on-tour.ch\/wp-content\/uploads\/2025\/10\/Asuncion-055.jpg 1536w\" sizes=\"auto, (max-width: 768px) 100vw, 768px\" \/> <img loading=\"lazy\" decoding=\"async\" class=\"alignnone size-medium wp-image-29393\" src=\"https:\/\/www.askja-on-tour.ch\/wp-content\/uploads\/2025\/10\/Asuncion-056-768x1024.jpg\" alt=\"\" width=\"768\" height=\"1024\" srcset=\"https:\/\/www.askja-on-tour.ch\/wp-content\/uploads\/2025\/10\/Asuncion-056-768x1024.jpg 768w, https:\/\/www.askja-on-tour.ch\/wp-content\/uploads\/2025\/10\/Asuncion-056-1200x1600.jpg 1200w, https:\/\/www.askja-on-tour.ch\/wp-content\/uploads\/2025\/10\/Asuncion-056-1152x1536.jpg 1152w, https:\/\/www.askja-on-tour.ch\/wp-content\/uploads\/2025\/10\/Asuncion-056.jpg 1536w\" sizes=\"auto, (max-width: 768px) 100vw, 768px\" \/> <img loading=\"lazy\" decoding=\"async\" class=\"alignnone size-medium wp-image-29394\" src=\"https:\/\/www.askja-on-tour.ch\/wp-content\/uploads\/2025\/10\/Asuncion-057-1024x768.jpg\" alt=\"\" width=\"1024\" height=\"768\" srcset=\"https:\/\/www.askja-on-tour.ch\/wp-content\/uploads\/2025\/10\/Asuncion-057-1024x768.jpg 1024w, https:\/\/www.askja-on-tour.ch\/wp-content\/uploads\/2025\/10\/Asuncion-057-1600x1200.jpg 1600w, https:\/\/www.askja-on-tour.ch\/wp-content\/uploads\/2025\/10\/Asuncion-057-768x576.jpg 768w, https:\/\/www.askja-on-tour.ch\/wp-content\/uploads\/2025\/10\/Asuncion-057-1536x1152.jpg 1536w, https:\/\/www.askja-on-tour.ch\/wp-content\/uploads\/2025\/10\/Asuncion-057.jpg 2048w\" sizes=\"auto, (max-width: 1024px) 100vw, 1024px\" \/><\/p>\n<figure id=\"attachment_29395\" aria-describedby=\"caption-attachment-29395\" style=\"width: 1024px\" class=\"wp-caption alignnone\"><img loading=\"lazy\" decoding=\"async\" class=\"size-medium wp-image-29395\" src=\"https:\/\/www.askja-on-tour.ch\/wp-content\/uploads\/2025\/10\/Asuncion-058-1024x768.jpg\" alt=\"\" width=\"1024\" height=\"768\" srcset=\"https:\/\/www.askja-on-tour.ch\/wp-content\/uploads\/2025\/10\/Asuncion-058-1024x768.jpg 1024w, https:\/\/www.askja-on-tour.ch\/wp-content\/uploads\/2025\/10\/Asuncion-058-1600x1200.jpg 1600w, https:\/\/www.askja-on-tour.ch\/wp-content\/uploads\/2025\/10\/Asuncion-058-768x576.jpg 768w, https:\/\/www.askja-on-tour.ch\/wp-content\/uploads\/2025\/10\/Asuncion-058-1536x1152.jpg 1536w, https:\/\/www.askja-on-tour.ch\/wp-content\/uploads\/2025\/10\/Asuncion-058.jpg 2048w\" sizes=\"auto, (max-width: 1024px) 100vw, 1024px\" \/><figcaption id=\"caption-attachment-29395\" class=\"wp-caption-text\">Verkaufsladen im eigenen Wohnzimmer<\/figcaption><\/figure>\n<figure id=\"attachment_29396\" aria-describedby=\"caption-attachment-29396\" style=\"width: 1024px\" class=\"wp-caption alignnone\"><img loading=\"lazy\" decoding=\"async\" class=\"size-medium wp-image-29396\" src=\"https:\/\/www.askja-on-tour.ch\/wp-content\/uploads\/2025\/10\/Asuncion-059-1024x768.jpg\" alt=\"\" width=\"1024\" height=\"768\" srcset=\"https:\/\/www.askja-on-tour.ch\/wp-content\/uploads\/2025\/10\/Asuncion-059-1024x768.jpg 1024w, https:\/\/www.askja-on-tour.ch\/wp-content\/uploads\/2025\/10\/Asuncion-059-1600x1200.jpg 1600w, https:\/\/www.askja-on-tour.ch\/wp-content\/uploads\/2025\/10\/Asuncion-059-768x576.jpg 768w, https:\/\/www.askja-on-tour.ch\/wp-content\/uploads\/2025\/10\/Asuncion-059-1536x1152.jpg 1536w, https:\/\/www.askja-on-tour.ch\/wp-content\/uploads\/2025\/10\/Asuncion-059.jpg 2048w\" sizes=\"auto, (max-width: 1024px) 100vw, 1024px\" \/><figcaption id=\"caption-attachment-29396\" class=\"wp-caption-text\">Palacio de L\u00f3pez, der Sitz des Pr\u00e4sidenten<\/figcaption><\/figure>\n<p><img loading=\"lazy\" decoding=\"async\" class=\"alignnone size-medium wp-image-29397\" src=\"https:\/\/www.askja-on-tour.ch\/wp-content\/uploads\/2025\/10\/Asuncion-060-1024x768.jpg\" alt=\"\" width=\"1024\" height=\"768\" srcset=\"https:\/\/www.askja-on-tour.ch\/wp-content\/uploads\/2025\/10\/Asuncion-060-1024x768.jpg 1024w, https:\/\/www.askja-on-tour.ch\/wp-content\/uploads\/2025\/10\/Asuncion-060-1600x1200.jpg 1600w, https:\/\/www.askja-on-tour.ch\/wp-content\/uploads\/2025\/10\/Asuncion-060-768x576.jpg 768w, https:\/\/www.askja-on-tour.ch\/wp-content\/uploads\/2025\/10\/Asuncion-060-1536x1152.jpg 1536w, https:\/\/www.askja-on-tour.ch\/wp-content\/uploads\/2025\/10\/Asuncion-060.jpg 2048w\" sizes=\"auto, (max-width: 1024px) 100vw, 1024px\" \/><\/p>\n<figure id=\"attachment_29398\" aria-describedby=\"caption-attachment-29398\" style=\"width: 1024px\" class=\"wp-caption alignnone\"><img loading=\"lazy\" decoding=\"async\" class=\"size-medium wp-image-29398\" src=\"https:\/\/www.askja-on-tour.ch\/wp-content\/uploads\/2025\/10\/Asuncion-061-1024x768.jpg\" alt=\"\" width=\"1024\" height=\"768\" srcset=\"https:\/\/www.askja-on-tour.ch\/wp-content\/uploads\/2025\/10\/Asuncion-061-1024x768.jpg 1024w, https:\/\/www.askja-on-tour.ch\/wp-content\/uploads\/2025\/10\/Asuncion-061-1600x1200.jpg 1600w, https:\/\/www.askja-on-tour.ch\/wp-content\/uploads\/2025\/10\/Asuncion-061-768x576.jpg 768w, https:\/\/www.askja-on-tour.ch\/wp-content\/uploads\/2025\/10\/Asuncion-061-1536x1152.jpg 1536w, https:\/\/www.askja-on-tour.ch\/wp-content\/uploads\/2025\/10\/Asuncion-061.jpg 2048w\" sizes=\"auto, (max-width: 1024px) 100vw, 1024px\" \/><figcaption id=\"caption-attachment-29398\" class=\"wp-caption-text\">Symbol auf der Vorderseite der Flagge von Paraguay<\/figcaption><\/figure>\n<figure id=\"attachment_29400\" aria-describedby=\"caption-attachment-29400\" style=\"width: 1024px\" class=\"wp-caption alignnone\"><img loading=\"lazy\" decoding=\"async\" class=\"size-medium wp-image-29400\" src=\"https:\/\/www.askja-on-tour.ch\/wp-content\/uploads\/2025\/10\/Asuncion-063-1024x768.jpg\" alt=\"\" width=\"1024\" height=\"768\" srcset=\"https:\/\/www.askja-on-tour.ch\/wp-content\/uploads\/2025\/10\/Asuncion-063-1024x768.jpg 1024w, https:\/\/www.askja-on-tour.ch\/wp-content\/uploads\/2025\/10\/Asuncion-063-1600x1200.jpg 1600w, https:\/\/www.askja-on-tour.ch\/wp-content\/uploads\/2025\/10\/Asuncion-063-768x576.jpg 768w, https:\/\/www.askja-on-tour.ch\/wp-content\/uploads\/2025\/10\/Asuncion-063-1536x1152.jpg 1536w, https:\/\/www.askja-on-tour.ch\/wp-content\/uploads\/2025\/10\/Asuncion-063.jpg 2048w\" sizes=\"auto, (max-width: 1024px) 100vw, 1024px\" \/><figcaption id=\"caption-attachment-29400\" class=\"wp-caption-text\">geh\u00f6rt leider zum Strassenbild &#8211; direkt gegen\u00fcber vom Pr\u00e4sidentenpalast<\/figcaption><\/figure>\n<p>Die heutige Uferpromenade, die Costanera, wurde teilweise aufgewertet, die alten Hafenkr\u00e4ne wurde restauriert und die Umgebung sicherer gemacht. Das alte Hafengeb\u00e4ude, wo auch die Immigranten ankamen, wurde restauriert und wird heute f\u00fcr Veranstaltungen genutzt.<\/p>\n<figure id=\"attachment_29401\" aria-describedby=\"caption-attachment-29401\" style=\"width: 1024px\" class=\"wp-caption alignnone\"><img loading=\"lazy\" decoding=\"async\" class=\"size-medium wp-image-29401\" src=\"https:\/\/www.askja-on-tour.ch\/wp-content\/uploads\/2025\/10\/Asuncion-064-1024x768.jpg\" alt=\"\" width=\"1024\" height=\"768\" srcset=\"https:\/\/www.askja-on-tour.ch\/wp-content\/uploads\/2025\/10\/Asuncion-064-1024x768.jpg 1024w, https:\/\/www.askja-on-tour.ch\/wp-content\/uploads\/2025\/10\/Asuncion-064-1600x1200.jpg 1600w, https:\/\/www.askja-on-tour.ch\/wp-content\/uploads\/2025\/10\/Asuncion-064-768x576.jpg 768w, https:\/\/www.askja-on-tour.ch\/wp-content\/uploads\/2025\/10\/Asuncion-064-1536x1152.jpg 1536w, https:\/\/www.askja-on-tour.ch\/wp-content\/uploads\/2025\/10\/Asuncion-064.jpg 2048w\" sizes=\"auto, (max-width: 1024px) 100vw, 1024px\" \/><figcaption id=\"caption-attachment-29401\" class=\"wp-caption-text\">Blick auf die Costanera (Hafenpromenade)<\/figcaption><\/figure>\n<figure id=\"attachment_29403\" aria-describedby=\"caption-attachment-29403\" style=\"width: 768px\" class=\"wp-caption alignnone\"><img loading=\"lazy\" decoding=\"async\" class=\"size-medium wp-image-29403\" src=\"https:\/\/www.askja-on-tour.ch\/wp-content\/uploads\/2025\/10\/Asuncion-066-768x1024.jpg\" alt=\"\" width=\"768\" height=\"1024\" srcset=\"https:\/\/www.askja-on-tour.ch\/wp-content\/uploads\/2025\/10\/Asuncion-066-768x1024.jpg 768w, https:\/\/www.askja-on-tour.ch\/wp-content\/uploads\/2025\/10\/Asuncion-066-1200x1600.jpg 1200w, https:\/\/www.askja-on-tour.ch\/wp-content\/uploads\/2025\/10\/Asuncion-066-1152x1536.jpg 1152w, https:\/\/www.askja-on-tour.ch\/wp-content\/uploads\/2025\/10\/Asuncion-066.jpg 1536w\" sizes=\"auto, (max-width: 768px) 100vw, 768px\" \/><figcaption id=\"caption-attachment-29403\" class=\"wp-caption-text\">Skulptur f\u00fcr die Immigranten aus Italien<\/figcaption><\/figure>\n<figure id=\"attachment_29404\" aria-describedby=\"caption-attachment-29404\" style=\"width: 1024px\" class=\"wp-caption alignnone\"><img loading=\"lazy\" decoding=\"async\" class=\"size-medium wp-image-29404\" src=\"https:\/\/www.askja-on-tour.ch\/wp-content\/uploads\/2025\/10\/Asuncion-067-1024x768.jpg\" alt=\"\" width=\"1024\" height=\"768\" srcset=\"https:\/\/www.askja-on-tour.ch\/wp-content\/uploads\/2025\/10\/Asuncion-067-1024x768.jpg 1024w, https:\/\/www.askja-on-tour.ch\/wp-content\/uploads\/2025\/10\/Asuncion-067-1600x1200.jpg 1600w, https:\/\/www.askja-on-tour.ch\/wp-content\/uploads\/2025\/10\/Asuncion-067-768x576.jpg 768w, https:\/\/www.askja-on-tour.ch\/wp-content\/uploads\/2025\/10\/Asuncion-067-1536x1152.jpg 1536w, https:\/\/www.askja-on-tour.ch\/wp-content\/uploads\/2025\/10\/Asuncion-067.jpg 2048w\" sizes=\"auto, (max-width: 1024px) 100vw, 1024px\" \/><figcaption id=\"caption-attachment-29404\" class=\"wp-caption-text\">Alte Hafenkr\u00e4ne<\/figcaption><\/figure>\n<figure id=\"attachment_29405\" aria-describedby=\"caption-attachment-29405\" style=\"width: 1024px\" class=\"wp-caption alignnone\"><img loading=\"lazy\" decoding=\"async\" class=\"size-medium wp-image-29405\" src=\"https:\/\/www.askja-on-tour.ch\/wp-content\/uploads\/2025\/10\/Asuncion-068-1024x768.jpg\" alt=\"\" width=\"1024\" height=\"768\" srcset=\"https:\/\/www.askja-on-tour.ch\/wp-content\/uploads\/2025\/10\/Asuncion-068-1024x768.jpg 1024w, https:\/\/www.askja-on-tour.ch\/wp-content\/uploads\/2025\/10\/Asuncion-068-1600x1200.jpg 1600w, https:\/\/www.askja-on-tour.ch\/wp-content\/uploads\/2025\/10\/Asuncion-068-768x576.jpg 768w, https:\/\/www.askja-on-tour.ch\/wp-content\/uploads\/2025\/10\/Asuncion-068-1536x1152.jpg 1536w, https:\/\/www.askja-on-tour.ch\/wp-content\/uploads\/2025\/10\/Asuncion-068.jpg 2048w\" sizes=\"auto, (max-width: 1024px) 100vw, 1024px\" \/><figcaption id=\"caption-attachment-29405\" class=\"wp-caption-text\">Schiff f\u00fcr einen Ausflug auf dem Rio Paraguay<\/figcaption><\/figure>\n<figure id=\"attachment_29406\" aria-describedby=\"caption-attachment-29406\" style=\"width: 1024px\" class=\"wp-caption alignnone\"><img loading=\"lazy\" decoding=\"async\" class=\"size-medium wp-image-29406\" src=\"https:\/\/www.askja-on-tour.ch\/wp-content\/uploads\/2025\/10\/Asuncion-069-1024x768.jpg\" alt=\"\" width=\"1024\" height=\"768\" srcset=\"https:\/\/www.askja-on-tour.ch\/wp-content\/uploads\/2025\/10\/Asuncion-069-1024x768.jpg 1024w, https:\/\/www.askja-on-tour.ch\/wp-content\/uploads\/2025\/10\/Asuncion-069-1600x1200.jpg 1600w, https:\/\/www.askja-on-tour.ch\/wp-content\/uploads\/2025\/10\/Asuncion-069-768x576.jpg 768w, https:\/\/www.askja-on-tour.ch\/wp-content\/uploads\/2025\/10\/Asuncion-069-1536x1152.jpg 1536w, https:\/\/www.askja-on-tour.ch\/wp-content\/uploads\/2025\/10\/Asuncion-069.jpg 2048w\" sizes=\"auto, (max-width: 1024px) 100vw, 1024px\" \/><figcaption id=\"caption-attachment-29406\" class=\"wp-caption-text\">Hafengl\u00e4nde<\/figcaption><\/figure>\n<p><img loading=\"lazy\" decoding=\"async\" class=\"alignnone size-medium wp-image-29407\" src=\"https:\/\/www.askja-on-tour.ch\/wp-content\/uploads\/2025\/10\/Asuncion-070-1024x768.jpg\" alt=\"\" width=\"1024\" height=\"768\" srcset=\"https:\/\/www.askja-on-tour.ch\/wp-content\/uploads\/2025\/10\/Asuncion-070-1024x768.jpg 1024w, https:\/\/www.askja-on-tour.ch\/wp-content\/uploads\/2025\/10\/Asuncion-070-1600x1200.jpg 1600w, https:\/\/www.askja-on-tour.ch\/wp-content\/uploads\/2025\/10\/Asuncion-070-768x576.jpg 768w, https:\/\/www.askja-on-tour.ch\/wp-content\/uploads\/2025\/10\/Asuncion-070-1536x1152.jpg 1536w, https:\/\/www.askja-on-tour.ch\/wp-content\/uploads\/2025\/10\/Asuncion-070.jpg 2048w\" sizes=\"auto, (max-width: 1024px) 100vw, 1024px\" \/><\/p>\n<figure id=\"attachment_29408\" aria-describedby=\"caption-attachment-29408\" style=\"width: 1024px\" class=\"wp-caption alignnone\"><img loading=\"lazy\" decoding=\"async\" class=\"size-medium wp-image-29408\" src=\"https:\/\/www.askja-on-tour.ch\/wp-content\/uploads\/2025\/10\/Asuncion-071-1024x768.jpg\" alt=\"\" width=\"1024\" height=\"768\" srcset=\"https:\/\/www.askja-on-tour.ch\/wp-content\/uploads\/2025\/10\/Asuncion-071-1024x768.jpg 1024w, https:\/\/www.askja-on-tour.ch\/wp-content\/uploads\/2025\/10\/Asuncion-071-1600x1200.jpg 1600w, https:\/\/www.askja-on-tour.ch\/wp-content\/uploads\/2025\/10\/Asuncion-071-768x576.jpg 768w, https:\/\/www.askja-on-tour.ch\/wp-content\/uploads\/2025\/10\/Asuncion-071-1536x1152.jpg 1536w, https:\/\/www.askja-on-tour.ch\/wp-content\/uploads\/2025\/10\/Asuncion-071.jpg 2048w\" sizes=\"auto, (max-width: 1024px) 100vw, 1024px\" \/><figcaption id=\"caption-attachment-29408\" class=\"wp-caption-text\">Altes Hafenbgeb\u00e4ude<\/figcaption><\/figure>\n<p><img loading=\"lazy\" decoding=\"async\" class=\"alignnone size-medium wp-image-29409\" src=\"https:\/\/www.askja-on-tour.ch\/wp-content\/uploads\/2025\/10\/Asuncion-072-768x1024.jpg\" alt=\"\" width=\"768\" height=\"1024\" srcset=\"https:\/\/www.askja-on-tour.ch\/wp-content\/uploads\/2025\/10\/Asuncion-072-768x1024.jpg 768w, https:\/\/www.askja-on-tour.ch\/wp-content\/uploads\/2025\/10\/Asuncion-072-1200x1600.jpg 1200w, https:\/\/www.askja-on-tour.ch\/wp-content\/uploads\/2025\/10\/Asuncion-072-1152x1536.jpg 1152w, https:\/\/www.askja-on-tour.ch\/wp-content\/uploads\/2025\/10\/Asuncion-072.jpg 1536w\" sizes=\"auto, (max-width: 768px) 100vw, 768px\" \/> <img loading=\"lazy\" decoding=\"async\" class=\"alignnone size-medium wp-image-29410\" src=\"https:\/\/www.askja-on-tour.ch\/wp-content\/uploads\/2025\/10\/Asuncion-073-1024x768.jpg\" alt=\"\" width=\"1024\" height=\"768\" srcset=\"https:\/\/www.askja-on-tour.ch\/wp-content\/uploads\/2025\/10\/Asuncion-073-1024x768.jpg 1024w, https:\/\/www.askja-on-tour.ch\/wp-content\/uploads\/2025\/10\/Asuncion-073-1600x1200.jpg 1600w, https:\/\/www.askja-on-tour.ch\/wp-content\/uploads\/2025\/10\/Asuncion-073-768x576.jpg 768w, https:\/\/www.askja-on-tour.ch\/wp-content\/uploads\/2025\/10\/Asuncion-073-1536x1152.jpg 1536w, https:\/\/www.askja-on-tour.ch\/wp-content\/uploads\/2025\/10\/Asuncion-073.jpg 2048w\" sizes=\"auto, (max-width: 1024px) 100vw, 1024px\" \/> <img loading=\"lazy\" decoding=\"async\" class=\"alignnone size-medium wp-image-29411\" src=\"https:\/\/www.askja-on-tour.ch\/wp-content\/uploads\/2025\/10\/Asuncion-074-1024x768.jpg\" alt=\"\" width=\"1024\" height=\"768\" srcset=\"https:\/\/www.askja-on-tour.ch\/wp-content\/uploads\/2025\/10\/Asuncion-074-1024x768.jpg 1024w, https:\/\/www.askja-on-tour.ch\/wp-content\/uploads\/2025\/10\/Asuncion-074-1600x1200.jpg 1600w, https:\/\/www.askja-on-tour.ch\/wp-content\/uploads\/2025\/10\/Asuncion-074-768x576.jpg 768w, https:\/\/www.askja-on-tour.ch\/wp-content\/uploads\/2025\/10\/Asuncion-074-1536x1152.jpg 1536w, https:\/\/www.askja-on-tour.ch\/wp-content\/uploads\/2025\/10\/Asuncion-074.jpg 2048w\" sizes=\"auto, (max-width: 1024px) 100vw, 1024px\" \/><\/p>\n<figure id=\"attachment_29412\" aria-describedby=\"caption-attachment-29412\" style=\"width: 1024px\" class=\"wp-caption alignnone\"><img loading=\"lazy\" decoding=\"async\" class=\"size-medium wp-image-29412\" src=\"https:\/\/www.askja-on-tour.ch\/wp-content\/uploads\/2025\/10\/Asuncion-075-1024x768.jpg\" alt=\"\" width=\"1024\" height=\"768\" srcset=\"https:\/\/www.askja-on-tour.ch\/wp-content\/uploads\/2025\/10\/Asuncion-075-1024x768.jpg 1024w, https:\/\/www.askja-on-tour.ch\/wp-content\/uploads\/2025\/10\/Asuncion-075-1600x1200.jpg 1600w, https:\/\/www.askja-on-tour.ch\/wp-content\/uploads\/2025\/10\/Asuncion-075-768x576.jpg 768w, https:\/\/www.askja-on-tour.ch\/wp-content\/uploads\/2025\/10\/Asuncion-075-1536x1152.jpg 1536w, https:\/\/www.askja-on-tour.ch\/wp-content\/uploads\/2025\/10\/Asuncion-075.jpg 2048w\" sizes=\"auto, (max-width: 1024px) 100vw, 1024px\" \/><figcaption id=\"caption-attachment-29412\" class=\"wp-caption-text\">Schriftzug vor dem Pr\u00e4sidentenpalast<\/figcaption><\/figure>\n<p>Wir haben nicht alle sehenswerten Punkte besichtigt, da uns oft einige Gegenden zu gef\u00e4hrlich waren, d.h. sie waren am Samstagnachmittag menschenleer und die Polizei zog auch ab, nachdem die Gesch\u00e4fte geschlossen hatten.<\/p>\n<p>Die letzte Besichtigung war das &#8222;Contramonumento&#8220;. Es ist eine eindr\u00fcckliche Skulptur des K\u00fcnstlers Carlos Colombino aus dem Jahr 1995, die sich in der Plaza de los Desaparecidos befindet. Es ist eine symbolische Arbeit, die den Widerstand gegen die Diktatur von Alfredo Stroessner darstellt, indem sie aus Fragmenten der zerst\u00f6rten Statue Stroessners gefertigt wurde. Die Skulptur repr\u00e4sentiert die Beerdigung der Tyrannei und die Befreiung des Landes durch die Zerst\u00f6rung der Symbole der Unterdr\u00fcckung.<\/p>\n<figure id=\"attachment_29399\" aria-describedby=\"caption-attachment-29399\" style=\"width: 1024px\" class=\"wp-caption alignnone\"><img loading=\"lazy\" decoding=\"async\" class=\"size-medium wp-image-29399\" src=\"https:\/\/www.askja-on-tour.ch\/wp-content\/uploads\/2025\/10\/Asuncion-062-1024x768.jpg\" alt=\"\" width=\"1024\" height=\"768\" srcset=\"https:\/\/www.askja-on-tour.ch\/wp-content\/uploads\/2025\/10\/Asuncion-062-1024x768.jpg 1024w, https:\/\/www.askja-on-tour.ch\/wp-content\/uploads\/2025\/10\/Asuncion-062-1600x1200.jpg 1600w, https:\/\/www.askja-on-tour.ch\/wp-content\/uploads\/2025\/10\/Asuncion-062-768x576.jpg 768w, https:\/\/www.askja-on-tour.ch\/wp-content\/uploads\/2025\/10\/Asuncion-062-1536x1152.jpg 1536w, https:\/\/www.askja-on-tour.ch\/wp-content\/uploads\/2025\/10\/Asuncion-062.jpg 2048w\" sizes=\"auto, (max-width: 1024px) 100vw, 1024px\" \/><figcaption id=\"caption-attachment-29399\" class=\"wp-caption-text\">&#8222;Contramonumento&#8220; im Zeichen des<br \/>Widerstands gegen die Diktatur von Alfredo Stroessner<\/figcaption><\/figure>\n<p>Bevor wir wieder zur\u00fcck zum Hotel gefahren sind, genossen wir noch einen Kaffee im Manzana de la Riviera (weiteres Kulturgeb\u00e4ude) bei bester Aussicht auf den Pr\u00e4sidenten-Palast.<\/p>\n<figure id=\"attachment_29413\" aria-describedby=\"caption-attachment-29413\" style=\"width: 768px\" class=\"wp-caption alignnone\"><img loading=\"lazy\" decoding=\"async\" class=\"size-medium wp-image-29413\" src=\"https:\/\/www.askja-on-tour.ch\/wp-content\/uploads\/2025\/10\/Asuncion-076-768x1024.jpg\" alt=\"\" width=\"768\" height=\"1024\" srcset=\"https:\/\/www.askja-on-tour.ch\/wp-content\/uploads\/2025\/10\/Asuncion-076-768x1024.jpg 768w, https:\/\/www.askja-on-tour.ch\/wp-content\/uploads\/2025\/10\/Asuncion-076-1200x1600.jpg 1200w, https:\/\/www.askja-on-tour.ch\/wp-content\/uploads\/2025\/10\/Asuncion-076-1152x1536.jpg 1152w, https:\/\/www.askja-on-tour.ch\/wp-content\/uploads\/2025\/10\/Asuncion-076.jpg 1536w\" sizes=\"auto, (max-width: 768px) 100vw, 768px\" \/><figcaption id=\"caption-attachment-29413\" class=\"wp-caption-text\">Im Garten von Manzana de la Riviera<\/figcaption><\/figure>\n<figure id=\"attachment_29414\" aria-describedby=\"caption-attachment-29414\" style=\"width: 1024px\" class=\"wp-caption alignnone\"><img loading=\"lazy\" decoding=\"async\" class=\"size-medium wp-image-29414\" src=\"https:\/\/www.askja-on-tour.ch\/wp-content\/uploads\/2025\/10\/Asuncion-077-1024x768.jpg\" alt=\"\" width=\"1024\" height=\"768\" srcset=\"https:\/\/www.askja-on-tour.ch\/wp-content\/uploads\/2025\/10\/Asuncion-077-1024x768.jpg 1024w, https:\/\/www.askja-on-tour.ch\/wp-content\/uploads\/2025\/10\/Asuncion-077-1600x1200.jpg 1600w, https:\/\/www.askja-on-tour.ch\/wp-content\/uploads\/2025\/10\/Asuncion-077-768x576.jpg 768w, https:\/\/www.askja-on-tour.ch\/wp-content\/uploads\/2025\/10\/Asuncion-077-1536x1152.jpg 1536w, https:\/\/www.askja-on-tour.ch\/wp-content\/uploads\/2025\/10\/Asuncion-077.jpg 2048w\" sizes=\"auto, (max-width: 1024px) 100vw, 1024px\" \/><figcaption id=\"caption-attachment-29414\" class=\"wp-caption-text\">Im Garten von Manzana de la Riviera<\/figcaption><\/figure>\n<figure id=\"attachment_29415\" aria-describedby=\"caption-attachment-29415\" style=\"width: 1024px\" class=\"wp-caption alignnone\"><img loading=\"lazy\" decoding=\"async\" class=\"size-medium wp-image-29415\" src=\"https:\/\/www.askja-on-tour.ch\/wp-content\/uploads\/2025\/10\/Asuncion-078-1024x768.jpg\" alt=\"\" width=\"1024\" height=\"768\" srcset=\"https:\/\/www.askja-on-tour.ch\/wp-content\/uploads\/2025\/10\/Asuncion-078-1024x768.jpg 1024w, https:\/\/www.askja-on-tour.ch\/wp-content\/uploads\/2025\/10\/Asuncion-078-1600x1200.jpg 1600w, https:\/\/www.askja-on-tour.ch\/wp-content\/uploads\/2025\/10\/Asuncion-078-768x576.jpg 768w, https:\/\/www.askja-on-tour.ch\/wp-content\/uploads\/2025\/10\/Asuncion-078-1536x1152.jpg 1536w, https:\/\/www.askja-on-tour.ch\/wp-content\/uploads\/2025\/10\/Asuncion-078.jpg 2048w\" sizes=\"auto, (max-width: 1024px) 100vw, 1024px\" \/><figcaption id=\"caption-attachment-29415\" class=\"wp-caption-text\">Blick vom Kaffee auf das Pr\u00e4sidentenpalast<\/figcaption><\/figure>\n<p><img loading=\"lazy\" decoding=\"async\" class=\"alignnone size-medium wp-image-29416\" src=\"https:\/\/www.askja-on-tour.ch\/wp-content\/uploads\/2025\/10\/Asuncion-079-1024x768.jpg\" alt=\"\" width=\"1024\" height=\"768\" srcset=\"https:\/\/www.askja-on-tour.ch\/wp-content\/uploads\/2025\/10\/Asuncion-079-1024x768.jpg 1024w, https:\/\/www.askja-on-tour.ch\/wp-content\/uploads\/2025\/10\/Asuncion-079-1600x1200.jpg 1600w, https:\/\/www.askja-on-tour.ch\/wp-content\/uploads\/2025\/10\/Asuncion-079-768x576.jpg 768w, https:\/\/www.askja-on-tour.ch\/wp-content\/uploads\/2025\/10\/Asuncion-079-1536x1152.jpg 1536w, https:\/\/www.askja-on-tour.ch\/wp-content\/uploads\/2025\/10\/Asuncion-079.jpg 2048w\" sizes=\"auto, (max-width: 1024px) 100vw, 1024px\" \/><\/p>\n<figure id=\"attachment_29417\" aria-describedby=\"caption-attachment-29417\" style=\"width: 1024px\" class=\"wp-caption alignnone\"><img loading=\"lazy\" decoding=\"async\" class=\"size-medium wp-image-29417\" src=\"https:\/\/www.askja-on-tour.ch\/wp-content\/uploads\/2025\/10\/Asuncion-080-1024x768.jpg\" alt=\"\" width=\"1024\" height=\"768\" srcset=\"https:\/\/www.askja-on-tour.ch\/wp-content\/uploads\/2025\/10\/Asuncion-080-1024x768.jpg 1024w, https:\/\/www.askja-on-tour.ch\/wp-content\/uploads\/2025\/10\/Asuncion-080-1600x1200.jpg 1600w, https:\/\/www.askja-on-tour.ch\/wp-content\/uploads\/2025\/10\/Asuncion-080-768x576.jpg 768w, https:\/\/www.askja-on-tour.ch\/wp-content\/uploads\/2025\/10\/Asuncion-080-1536x1152.jpg 1536w, https:\/\/www.askja-on-tour.ch\/wp-content\/uploads\/2025\/10\/Asuncion-080.jpg 2048w\" sizes=\"auto, (max-width: 1024px) 100vw, 1024px\" \/><figcaption id=\"caption-attachment-29417\" class=\"wp-caption-text\">Cappuccino mit Aussicht<\/figcaption><\/figure>\n<p>Und heute sind wir nur gut 9 km aus der Stadt heraus nach Luque gefahren, wo wir uns in den Garten der Quinta Tiffany stellen d\u00fcrfen.<\/p>\n","protected":false},"excerpt":{"rendered":"<p>Karte mit unserer aktuellen Route Nach dem Gran Chaco sind wir nach Asunci\u00f3n, der Hautstadt von Paraguay, gerollt. Da die Transchaco-Strasse in einem sehr guten Zustand ist, konnten wir die 470 km trotz sp\u00e4ter Abfahrt in Filadelfia noch am gleichen<\/p>\n","protected":false},"author":3,"featured_media":0,"comment_status":"open","ping_status":"closed","sticky":false,"template":"","format":"standard","meta":{"footnotes":""},"categories":[59,50],"tags":[],"class_list":["post-29336","post","type-post","status-publish","format-standard","hentry","category-paraguay_2025","category-suedamerika_2024_2026"],"_links":{"self":[{"href":"https:\/\/www.askja-on-tour.ch\/index.php?rest_route=\/wp\/v2\/posts\/29336","targetHints":{"allow":["GET"]}}],"collection":[{"href":"https:\/\/www.askja-on-tour.ch\/index.php?rest_route=\/wp\/v2\/posts"}],"about":[{"href":"https:\/\/www.askja-on-tour.ch\/index.php?rest_route=\/wp\/v2\/types\/post"}],"author":[{"embeddable":true,"href":"https:\/\/www.askja-on-tour.ch\/index.php?rest_route=\/wp\/v2\/users\/3"}],"replies":[{"embeddable":true,"href":"https:\/\/www.askja-on-tour.ch\/index.php?rest_route=%2Fwp%2Fv2%2Fcomments&post=29336"}],"version-history":[{"count":6,"href":"https:\/\/www.askja-on-tour.ch\/index.php?rest_route=\/wp\/v2\/posts\/29336\/revisions"}],"predecessor-version":[{"id":29427,"href":"https:\/\/www.askja-on-tour.ch\/index.php?rest_route=\/wp\/v2\/posts\/29336\/revisions\/29427"}],"wp:attachment":[{"href":"https:\/\/www.askja-on-tour.ch\/index.php?rest_route=%2Fwp%2Fv2%2Fmedia&parent=29336"}],"wp:term":[{"taxonomy":"category","embeddable":true,"href":"https:\/\/www.askja-on-tour.ch\/index.php?rest_route=%2Fwp%2Fv2%2Fcategories&post=29336"},{"taxonomy":"post_tag","embeddable":true,"href":"https:\/\/www.askja-on-tour.ch\/index.php?rest_route=%2Fwp%2Fv2%2Ftags&post=29336"}],"curies":[{"name":"wp","href":"https:\/\/api.w.org\/{rel}","templated":true}]}}