{"id":28487,"date":"2025-09-15T23:40:36","date_gmt":"2025-09-15T23:40:36","guid":{"rendered":"https:\/\/www.askja-on-tour.ch\/?p=28487"},"modified":"2025-09-16T00:09:55","modified_gmt":"2025-09-16T00:09:55","slug":"08-09-13-09-2025-brasilia-die-hauptstadt-die-auf-dem-reissbrett-entstand","status":"publish","type":"post","link":"https:\/\/www.askja-on-tour.ch\/?p=28487","title":{"rendered":"08.09. \u2013 13.09.2025: Bras\u00edlia \u2013 die Hauptstadt, die auf dem Reissbrett entstand"},"content":{"rendered":"\n<p><a href=\"https:\/\/www.google.com\/maps\/d\/edit?mid=1XrGOkiaabyAXfNTfQ7uZuAuE7ziEEnQ&amp;usp=sharing\" target=\"_blank\" rel=\"noopener\">Karte mit unserer aktuellen Route<\/a><\/p>\n<p>Nach dem Nationalpark Chapada Diamantina sind wir in verdaubaren Tagesetappen und Stellpl\u00e4tzen an Hotels und Grosstankstellen nach Bras\u00edlia gefahren.<\/p>\n<figure id=\"attachment_28491\" aria-describedby=\"caption-attachment-28491\" style=\"width: 1024px\" class=\"wp-caption alignnone\"><img loading=\"lazy\" decoding=\"async\" class=\"size-medium wp-image-28491\" src=\"https:\/\/www.askja-on-tour.ch\/wp-content\/uploads\/2025\/09\/Brasilia-001-1-1024x768.jpg\" alt=\"\" width=\"1024\" height=\"768\" srcset=\"https:\/\/www.askja-on-tour.ch\/wp-content\/uploads\/2025\/09\/Brasilia-001-1-1024x768.jpg 1024w, https:\/\/www.askja-on-tour.ch\/wp-content\/uploads\/2025\/09\/Brasilia-001-1-1600x1200.jpg 1600w, https:\/\/www.askja-on-tour.ch\/wp-content\/uploads\/2025\/09\/Brasilia-001-1-768x576.jpg 768w, https:\/\/www.askja-on-tour.ch\/wp-content\/uploads\/2025\/09\/Brasilia-001-1-1536x1152.jpg 1536w, https:\/\/www.askja-on-tour.ch\/wp-content\/uploads\/2025\/09\/Brasilia-001-1.jpg 2048w\" sizes=\"auto, (max-width: 1024px) 100vw, 1024px\" \/><figcaption id=\"caption-attachment-28491\" class=\"wp-caption-text\">Auf einem Hotelparkplatz darf man manchmal auch stehen<\/figcaption><\/figure>\n<figure id=\"attachment_28492\" aria-describedby=\"caption-attachment-28492\" style=\"width: 1024px\" class=\"wp-caption alignnone\"><img loading=\"lazy\" decoding=\"async\" class=\"size-medium wp-image-28492\" src=\"https:\/\/www.askja-on-tour.ch\/wp-content\/uploads\/2025\/09\/Brasilia-002-1-1024x768.jpg\" alt=\"\" width=\"1024\" height=\"768\" srcset=\"https:\/\/www.askja-on-tour.ch\/wp-content\/uploads\/2025\/09\/Brasilia-002-1-1024x768.jpg 1024w, https:\/\/www.askja-on-tour.ch\/wp-content\/uploads\/2025\/09\/Brasilia-002-1-1600x1200.jpg 1600w, https:\/\/www.askja-on-tour.ch\/wp-content\/uploads\/2025\/09\/Brasilia-002-1-768x576.jpg 768w, https:\/\/www.askja-on-tour.ch\/wp-content\/uploads\/2025\/09\/Brasilia-002-1-1536x1152.jpg 1536w, https:\/\/www.askja-on-tour.ch\/wp-content\/uploads\/2025\/09\/Brasilia-002-1.jpg 2048w\" sizes=\"auto, (max-width: 1024px) 100vw, 1024px\" \/><figcaption id=\"caption-attachment-28492\" class=\"wp-caption-text\">&#8230; oder auf einer grossen Tankstelle,<\/figcaption><\/figure>\n<figure id=\"attachment_28493\" aria-describedby=\"caption-attachment-28493\" style=\"width: 1024px\" class=\"wp-caption alignnone\"><img loading=\"lazy\" decoding=\"async\" class=\"size-medium wp-image-28493\" src=\"https:\/\/www.askja-on-tour.ch\/wp-content\/uploads\/2025\/09\/Brasilia-004-1024x768.jpg\" alt=\"\" width=\"1024\" height=\"768\" srcset=\"https:\/\/www.askja-on-tour.ch\/wp-content\/uploads\/2025\/09\/Brasilia-004-1024x768.jpg 1024w, https:\/\/www.askja-on-tour.ch\/wp-content\/uploads\/2025\/09\/Brasilia-004-1600x1200.jpg 1600w, https:\/\/www.askja-on-tour.ch\/wp-content\/uploads\/2025\/09\/Brasilia-004-768x576.jpg 768w, https:\/\/www.askja-on-tour.ch\/wp-content\/uploads\/2025\/09\/Brasilia-004-1536x1152.jpg 1536w, https:\/\/www.askja-on-tour.ch\/wp-content\/uploads\/2025\/09\/Brasilia-004.jpg 2048w\" sizes=\"auto, (max-width: 1024px) 100vw, 1024px\" \/><figcaption id=\"caption-attachment-28493\" class=\"wp-caption-text\">neben 30 m langen LKWs (wobei wir immer versuchen, uns irgendwo hinzustellen, wo die grossen Trucks nicht man\u00f6vrieren)<\/figcaption><\/figure>\n<figure id=\"attachment_28613\" aria-describedby=\"caption-attachment-28613\" style=\"width: 1024px\" class=\"wp-caption alignnone\"><img loading=\"lazy\" decoding=\"async\" class=\"size-medium wp-image-28613\" src=\"https:\/\/www.askja-on-tour.ch\/wp-content\/uploads\/2025\/09\/Brasilia-003-1024x768.jpg\" alt=\"\" width=\"1024\" height=\"768\" srcset=\"https:\/\/www.askja-on-tour.ch\/wp-content\/uploads\/2025\/09\/Brasilia-003-1024x768.jpg 1024w, https:\/\/www.askja-on-tour.ch\/wp-content\/uploads\/2025\/09\/Brasilia-003-1600x1200.jpg 1600w, https:\/\/www.askja-on-tour.ch\/wp-content\/uploads\/2025\/09\/Brasilia-003-768x576.jpg 768w, https:\/\/www.askja-on-tour.ch\/wp-content\/uploads\/2025\/09\/Brasilia-003-1536x1152.jpg 1536w, https:\/\/www.askja-on-tour.ch\/wp-content\/uploads\/2025\/09\/Brasilia-003.jpg 2048w\" sizes=\"auto, (max-width: 1024px) 100vw, 1024px\" \/><figcaption id=\"caption-attachment-28613\" class=\"wp-caption-text\">Noch ein 30m langer Truck<\/figcaption><\/figure>\n<p>Unser erster Campingplatz in Bras\u00edlia haben wir ganz anders erwartet. Wir wussten, dass er gut 40 km ausserhalb von Bras\u00edlia liegt, aber auf einem sch\u00f6nen Gel\u00e4nde. Das Gel\u00e4nde war OK, aber es fehlte eine Waschmaschine, die wir so dringend brauchten. So beschlossen wir, am Tag nach Ankunft in einen Waschsalon zu fahren und zu waschen. Da wir wie gesagt 40 km ausserhalb lagen, kostete uns die Waschaktion gut 4 Stunden. Wir beschlossen, f\u00fcr die Besichtigung von Bras\u00edlia n\u00e4her in die Stadt zu fahren und fanden einen Platz beim Centro de tradi\u00e7\u00f5es ga\u00fachas.<\/p>\n<figure id=\"attachment_28494\" aria-describedby=\"caption-attachment-28494\" style=\"width: 1024px\" class=\"wp-caption alignnone\"><img loading=\"lazy\" decoding=\"async\" class=\"size-medium wp-image-28494\" src=\"https:\/\/www.askja-on-tour.ch\/wp-content\/uploads\/2025\/09\/Brasilia-005-1024x768.jpg\" alt=\"\" width=\"1024\" height=\"768\" srcset=\"https:\/\/www.askja-on-tour.ch\/wp-content\/uploads\/2025\/09\/Brasilia-005-1024x768.jpg 1024w, https:\/\/www.askja-on-tour.ch\/wp-content\/uploads\/2025\/09\/Brasilia-005-1600x1200.jpg 1600w, https:\/\/www.askja-on-tour.ch\/wp-content\/uploads\/2025\/09\/Brasilia-005-768x576.jpg 768w, https:\/\/www.askja-on-tour.ch\/wp-content\/uploads\/2025\/09\/Brasilia-005-1536x1152.jpg 1536w, https:\/\/www.askja-on-tour.ch\/wp-content\/uploads\/2025\/09\/Brasilia-005.jpg 2048w\" sizes=\"auto, (max-width: 1024px) 100vw, 1024px\" \/><figcaption id=\"caption-attachment-28494\" class=\"wp-caption-text\">Parkplatz in der N\u00e4he vom Carrefour-Laden in Brasilia &#8211; wir mussten mal wieder einkaufen<\/figcaption><\/figure>\n<figure id=\"attachment_28495\" aria-describedby=\"caption-attachment-28495\" style=\"width: 1024px\" class=\"wp-caption alignnone\"><img loading=\"lazy\" decoding=\"async\" class=\"size-medium wp-image-28495\" src=\"https:\/\/www.askja-on-tour.ch\/wp-content\/uploads\/2025\/09\/Brasilia-006-1024x768.jpg\" alt=\"\" width=\"1024\" height=\"768\" srcset=\"https:\/\/www.askja-on-tour.ch\/wp-content\/uploads\/2025\/09\/Brasilia-006-1024x768.jpg 1024w, https:\/\/www.askja-on-tour.ch\/wp-content\/uploads\/2025\/09\/Brasilia-006-1600x1200.jpg 1600w, https:\/\/www.askja-on-tour.ch\/wp-content\/uploads\/2025\/09\/Brasilia-006-768x576.jpg 768w, https:\/\/www.askja-on-tour.ch\/wp-content\/uploads\/2025\/09\/Brasilia-006-1536x1152.jpg 1536w, https:\/\/www.askja-on-tour.ch\/wp-content\/uploads\/2025\/09\/Brasilia-006.jpg 2048w\" sizes=\"auto, (max-width: 1024px) 100vw, 1024px\" \/><figcaption id=\"caption-attachment-28495\" class=\"wp-caption-text\">Grosse Wohnblocks zieren das Strassenbild in den Aussenbezirken von Brasilia<\/figcaption><\/figure>\n<figure id=\"attachment_28596\" aria-describedby=\"caption-attachment-28596\" style=\"width: 1024px\" class=\"wp-caption alignnone\"><img loading=\"lazy\" decoding=\"async\" class=\"size-medium wp-image-28596\" src=\"https:\/\/www.askja-on-tour.ch\/wp-content\/uploads\/2025\/09\/Brasilia-107-1024x768.jpg\" alt=\"\" width=\"1024\" height=\"768\" srcset=\"https:\/\/www.askja-on-tour.ch\/wp-content\/uploads\/2025\/09\/Brasilia-107-1024x768.jpg 1024w, https:\/\/www.askja-on-tour.ch\/wp-content\/uploads\/2025\/09\/Brasilia-107-1600x1200.jpg 1600w, https:\/\/www.askja-on-tour.ch\/wp-content\/uploads\/2025\/09\/Brasilia-107-768x576.jpg 768w, https:\/\/www.askja-on-tour.ch\/wp-content\/uploads\/2025\/09\/Brasilia-107-1536x1152.jpg 1536w, https:\/\/www.askja-on-tour.ch\/wp-content\/uploads\/2025\/09\/Brasilia-107.jpg 2048w\" sizes=\"auto, (max-width: 1024px) 100vw, 1024px\" \/><figcaption id=\"caption-attachment-28596\" class=\"wp-caption-text\">Unser Platz am Centro de tradi\u00e7\u00f5es ga\u00fachas<\/figcaption><\/figure>\n<p><img loading=\"lazy\" decoding=\"async\" class=\"alignnone size-medium wp-image-28597\" src=\"https:\/\/www.askja-on-tour.ch\/wp-content\/uploads\/2025\/09\/Brasilia-108-1024x768.jpg\" alt=\"\" width=\"1024\" height=\"768\" srcset=\"https:\/\/www.askja-on-tour.ch\/wp-content\/uploads\/2025\/09\/Brasilia-108-1024x768.jpg 1024w, https:\/\/www.askja-on-tour.ch\/wp-content\/uploads\/2025\/09\/Brasilia-108-1600x1200.jpg 1600w, https:\/\/www.askja-on-tour.ch\/wp-content\/uploads\/2025\/09\/Brasilia-108-768x576.jpg 768w, https:\/\/www.askja-on-tour.ch\/wp-content\/uploads\/2025\/09\/Brasilia-108-1536x1152.jpg 1536w, https:\/\/www.askja-on-tour.ch\/wp-content\/uploads\/2025\/09\/Brasilia-108.jpg 2048w\" sizes=\"auto, (max-width: 1024px) 100vw, 1024px\" \/> <img loading=\"lazy\" decoding=\"async\" class=\"alignnone size-medium wp-image-28598\" src=\"https:\/\/www.askja-on-tour.ch\/wp-content\/uploads\/2025\/09\/Brasilia-109-1024x768.jpg\" alt=\"\" width=\"1024\" height=\"768\" srcset=\"https:\/\/www.askja-on-tour.ch\/wp-content\/uploads\/2025\/09\/Brasilia-109-1024x768.jpg 1024w, https:\/\/www.askja-on-tour.ch\/wp-content\/uploads\/2025\/09\/Brasilia-109-1600x1200.jpg 1600w, https:\/\/www.askja-on-tour.ch\/wp-content\/uploads\/2025\/09\/Brasilia-109-768x576.jpg 768w, https:\/\/www.askja-on-tour.ch\/wp-content\/uploads\/2025\/09\/Brasilia-109-1536x1152.jpg 1536w, https:\/\/www.askja-on-tour.ch\/wp-content\/uploads\/2025\/09\/Brasilia-109.jpg 2048w\" sizes=\"auto, (max-width: 1024px) 100vw, 1024px\" \/><\/p>\n<p>Von hier aus liess sich die Retortenstadt Bras\u00edlia bestens erkunden.<\/p>\n<p>Weshalb ist Bras\u00edlia eine Hauptstadt, die auf dem Reissbrett entstanden ist? Im Internet habe ich verschiedene Informationen gefunden: Bras\u00edlia ist die heutige Hauptstadt, nach Sao Paulo und Rio. Bras\u00edlia wurde 1956 vom damaligen Pr\u00e4sidenten Juscelino Kubitschek (JK) in Zusammenarbeit mit dem Architekten Oscar Niemeyer und dem Stadtplaner L\u00facio Costa auf dem Reissbrett geplant und in nur drei Jahren erbaut. Der Grund f\u00fcr eine komplett neue Hauptstadt war der Wunsch nach einer neutralen f\u00f6deralen Hauptstadt. Durch die Lage nahe dem geografischen Zentrum des Brasilianischen Staatsgebiets sollte zudem die Entwicklung der Infrastruktur des Binnenlandes gef\u00f6rdert werden. Bereits 1893 grenzte man ein 14\u2018400 Quadratkilometer grosses Gebiet f\u00fcr die k\u00fcnftige Hauptstadt ab. Bras\u00edlia wurde am 21. April 1960 halbfertig vom damaligen brasilianischen Pr\u00e4sidenten Juscelino Kubitschek (1956\u20131961) offiziell eingeweiht. Der Bau der Hauptstadt war f\u00fcr Kubitschek ein zentraler Bestandteil seines Plans zur Modernisierung Brasiliens, der als &#8222;f\u00fcnfzig Jahre Wohlstand in f\u00fcnf Jahren&#8220; bekannt wurde.<\/p>\n<p>Aus der Luft hat der Plano Piloto (Regierungsbezirk) die Form eines Flugzeugs. Der Rumpf bildet die Achse, entlang der sich die Regierungsgeb\u00e4ude befinden. Ihr gegen\u00fcber liegen zwei Fl\u00fcgel mit siebzehn nummerierten \u00a0Wohngebieten, die in \u201eQuadras\u201c gruppiert sind. Die Form l\u00e4sst sich vom Fernsehturm erahnen. Die ganze Stadt ist in Sektoren aufgeteilt, z.b. der Milit\u00e4r-Sektor, der Gesundheitssektor, der Hotelsektor, etc.<\/p>\n<p>Bras\u00edlia ist 1\u2018000 km von der K\u00fcste entfernt, befindet sich auf gut 1\u2018200 m\u00fcM und z\u00e4hlt rund 2.5 Mio. Einwohner.<\/p>\n<p>\u00dcbrigens kann man behaupten, dass die Schweiz am Design von Bras\u00edlia auch etwas beteiligt war. Oscar Niemeyer war ein Sch\u00fcler von Le Corbusier, dem schweizerich-franz\u00f6sischen Architekten. \u00a0Le Corbusiers Architektur zeichnet sich durch klare Linien, geometrische Formen, Funktionalit\u00e4t und die Verwendung von Beton aus, was seine Philosophie widerspiegelt, die auf Zweckm\u00e4ssigkeit und Einfachheit statt auf Spielerei basiert. Oscar Niemeyer teilte diese Leidenschaft f\u00fcr klare Linien und Beton, ging aber in seiner Verwendung oft einen spielerischeren und geschwungenen Weg, aber auch unter Verwendung von Beton. Ein Satz den Nieymeier pr\u00e4gte, haben wir bereits in Curitiba gesehen: \u201eWenn die Gerade er k\u00fcrzeste Weg zwischen zwei Punkten ist, ist es die Kurve, die den Beton ins Unendliche treibt\u201c.<\/p>\n<p>Als wir in Bras\u00edlia ankamen und unser WoMo auf dem Platz beim Centro de tradi\u00e7\u00f5es ga\u00fachas gut abgestellt haben, liessen wir uns am sp\u00e4teren Nachmittag mit UBER (ist f\u00fcr uns das sicherste Transportmittel) zum <strong>Santuario Dom Bosco<\/strong> bringen lassen. Die Kirche, die eher versteckt liegt, wollten wir uns auf jeden Fall ansehen. Wir haben sogar noch eine kleine private F\u00fchrung eines Salisianer-Sch\u00fclers erhalten. Die Kirche hat insgesamt 80 gotische B\u00f6gen; sie sind ca. 16 m hoch und tragen das Kirchenschiff. Im Innenraum bestechen Glasbausteine in 12 verschiedenen Farbt\u00f6nen von blau bis rosa. Sie sollen den klaren Sternenhimmel symbolisieren. Von der Decke h\u00e4ngt ein \u00fcber 3 m hoher Kristalll\u00fcster aus rund 7\u2018400 Einzelteilen aus Murano-Glas.<\/p>\n<figure id=\"attachment_28502\" aria-describedby=\"caption-attachment-28502\" style=\"width: 1024px\" class=\"wp-caption alignnone\"><img loading=\"lazy\" decoding=\"async\" class=\"size-medium wp-image-28502\" src=\"https:\/\/www.askja-on-tour.ch\/wp-content\/uploads\/2025\/09\/Brasilia-013-1024x768.jpg\" alt=\"\" width=\"1024\" height=\"768\" srcset=\"https:\/\/www.askja-on-tour.ch\/wp-content\/uploads\/2025\/09\/Brasilia-013-1024x768.jpg 1024w, https:\/\/www.askja-on-tour.ch\/wp-content\/uploads\/2025\/09\/Brasilia-013-1600x1200.jpg 1600w, https:\/\/www.askja-on-tour.ch\/wp-content\/uploads\/2025\/09\/Brasilia-013-768x576.jpg 768w, https:\/\/www.askja-on-tour.ch\/wp-content\/uploads\/2025\/09\/Brasilia-013-1536x1152.jpg 1536w, https:\/\/www.askja-on-tour.ch\/wp-content\/uploads\/2025\/09\/Brasilia-013.jpg 2048w\" sizes=\"auto, (max-width: 1024px) 100vw, 1024px\" \/><figcaption id=\"caption-attachment-28502\" class=\"wp-caption-text\">Santuario Dom Bosco<\/figcaption><\/figure>\n<figure id=\"attachment_28496\" aria-describedby=\"caption-attachment-28496\" style=\"width: 1024px\" class=\"wp-caption alignnone\"><img loading=\"lazy\" decoding=\"async\" class=\"size-medium wp-image-28496\" src=\"https:\/\/www.askja-on-tour.ch\/wp-content\/uploads\/2025\/09\/Brasilia-007-1024x768.jpg\" alt=\"\" width=\"1024\" height=\"768\" srcset=\"https:\/\/www.askja-on-tour.ch\/wp-content\/uploads\/2025\/09\/Brasilia-007-1024x768.jpg 1024w, https:\/\/www.askja-on-tour.ch\/wp-content\/uploads\/2025\/09\/Brasilia-007-1600x1200.jpg 1600w, https:\/\/www.askja-on-tour.ch\/wp-content\/uploads\/2025\/09\/Brasilia-007-768x576.jpg 768w, https:\/\/www.askja-on-tour.ch\/wp-content\/uploads\/2025\/09\/Brasilia-007-1536x1152.jpg 1536w, https:\/\/www.askja-on-tour.ch\/wp-content\/uploads\/2025\/09\/Brasilia-007.jpg 2048w\" sizes=\"auto, (max-width: 1024px) 100vw, 1024px\" \/><figcaption id=\"caption-attachment-28496\" class=\"wp-caption-text\">Der Innenraum mit den Glasbausteinen, welche einen Sternenhimmel symbolisieren sollen<\/figcaption><\/figure>\n<p><img loading=\"lazy\" decoding=\"async\" class=\"alignnone size-medium wp-image-28497\" src=\"https:\/\/www.askja-on-tour.ch\/wp-content\/uploads\/2025\/09\/Brasilia-008-1024x768.jpg\" alt=\"\" width=\"1024\" height=\"768\" srcset=\"https:\/\/www.askja-on-tour.ch\/wp-content\/uploads\/2025\/09\/Brasilia-008-1024x768.jpg 1024w, https:\/\/www.askja-on-tour.ch\/wp-content\/uploads\/2025\/09\/Brasilia-008-1600x1200.jpg 1600w, https:\/\/www.askja-on-tour.ch\/wp-content\/uploads\/2025\/09\/Brasilia-008-768x576.jpg 768w, https:\/\/www.askja-on-tour.ch\/wp-content\/uploads\/2025\/09\/Brasilia-008-1536x1152.jpg 1536w, https:\/\/www.askja-on-tour.ch\/wp-content\/uploads\/2025\/09\/Brasilia-008.jpg 2048w\" sizes=\"auto, (max-width: 1024px) 100vw, 1024px\" \/><\/p>\n<figure id=\"attachment_28498\" aria-describedby=\"caption-attachment-28498\" style=\"width: 768px\" class=\"wp-caption alignnone\"><img loading=\"lazy\" decoding=\"async\" class=\"size-medium wp-image-28498\" src=\"https:\/\/www.askja-on-tour.ch\/wp-content\/uploads\/2025\/09\/Brasilia-009-768x1024.jpg\" alt=\"\" width=\"768\" height=\"1024\" srcset=\"https:\/\/www.askja-on-tour.ch\/wp-content\/uploads\/2025\/09\/Brasilia-009-768x1024.jpg 768w, https:\/\/www.askja-on-tour.ch\/wp-content\/uploads\/2025\/09\/Brasilia-009-1200x1600.jpg 1200w, https:\/\/www.askja-on-tour.ch\/wp-content\/uploads\/2025\/09\/Brasilia-009-1152x1536.jpg 1152w, https:\/\/www.askja-on-tour.ch\/wp-content\/uploads\/2025\/09\/Brasilia-009.jpg 1536w\" sizes=\"auto, (max-width: 768px) 100vw, 768px\" \/><figcaption id=\"caption-attachment-28498\" class=\"wp-caption-text\">Dom Bosco<\/figcaption><\/figure>\n<p><img loading=\"lazy\" decoding=\"async\" class=\"alignnone size-medium wp-image-28499\" src=\"https:\/\/www.askja-on-tour.ch\/wp-content\/uploads\/2025\/09\/Brasilia-010-1024x768.jpg\" alt=\"\" width=\"1024\" height=\"768\" srcset=\"https:\/\/www.askja-on-tour.ch\/wp-content\/uploads\/2025\/09\/Brasilia-010-1024x768.jpg 1024w, https:\/\/www.askja-on-tour.ch\/wp-content\/uploads\/2025\/09\/Brasilia-010-1600x1200.jpg 1600w, https:\/\/www.askja-on-tour.ch\/wp-content\/uploads\/2025\/09\/Brasilia-010-768x576.jpg 768w, https:\/\/www.askja-on-tour.ch\/wp-content\/uploads\/2025\/09\/Brasilia-010-1536x1152.jpg 1536w, https:\/\/www.askja-on-tour.ch\/wp-content\/uploads\/2025\/09\/Brasilia-010.jpg 2048w\" sizes=\"auto, (max-width: 1024px) 100vw, 1024px\" \/><\/p>\n<figure id=\"attachment_28500\" aria-describedby=\"caption-attachment-28500\" style=\"width: 1024px\" class=\"wp-caption alignnone\"><img loading=\"lazy\" decoding=\"async\" class=\"size-medium wp-image-28500\" src=\"https:\/\/www.askja-on-tour.ch\/wp-content\/uploads\/2025\/09\/Brasilia-011-1024x768.jpg\" alt=\"\" width=\"1024\" height=\"768\" srcset=\"https:\/\/www.askja-on-tour.ch\/wp-content\/uploads\/2025\/09\/Brasilia-011-1024x768.jpg 1024w, https:\/\/www.askja-on-tour.ch\/wp-content\/uploads\/2025\/09\/Brasilia-011-1600x1200.jpg 1600w, https:\/\/www.askja-on-tour.ch\/wp-content\/uploads\/2025\/09\/Brasilia-011-768x576.jpg 768w, https:\/\/www.askja-on-tour.ch\/wp-content\/uploads\/2025\/09\/Brasilia-011-1536x1152.jpg 1536w, https:\/\/www.askja-on-tour.ch\/wp-content\/uploads\/2025\/09\/Brasilia-011.jpg 2048w\" sizes=\"auto, (max-width: 1024px) 100vw, 1024px\" \/><figcaption id=\"caption-attachment-28500\" class=\"wp-caption-text\">Bronzet\u00fcren mit Szenen aus dem Leben Don Boscos<\/figcaption><\/figure>\n<p><img loading=\"lazy\" decoding=\"async\" class=\"alignnone size-medium wp-image-28501\" src=\"https:\/\/www.askja-on-tour.ch\/wp-content\/uploads\/2025\/09\/Brasilia-012-1024x768.jpg\" alt=\"\" width=\"1024\" height=\"768\" srcset=\"https:\/\/www.askja-on-tour.ch\/wp-content\/uploads\/2025\/09\/Brasilia-012-1024x768.jpg 1024w, https:\/\/www.askja-on-tour.ch\/wp-content\/uploads\/2025\/09\/Brasilia-012-1600x1200.jpg 1600w, https:\/\/www.askja-on-tour.ch\/wp-content\/uploads\/2025\/09\/Brasilia-012-768x576.jpg 768w, https:\/\/www.askja-on-tour.ch\/wp-content\/uploads\/2025\/09\/Brasilia-012-1536x1152.jpg 1536w, https:\/\/www.askja-on-tour.ch\/wp-content\/uploads\/2025\/09\/Brasilia-012.jpg 2048w\" sizes=\"auto, (max-width: 1024px) 100vw, 1024px\" \/> <img loading=\"lazy\" decoding=\"async\" class=\"alignnone size-medium wp-image-28503\" src=\"https:\/\/www.askja-on-tour.ch\/wp-content\/uploads\/2025\/09\/Brasilia-014-1024x768.jpg\" alt=\"\" width=\"1024\" height=\"768\" srcset=\"https:\/\/www.askja-on-tour.ch\/wp-content\/uploads\/2025\/09\/Brasilia-014-1024x768.jpg 1024w, https:\/\/www.askja-on-tour.ch\/wp-content\/uploads\/2025\/09\/Brasilia-014-1600x1200.jpg 1600w, https:\/\/www.askja-on-tour.ch\/wp-content\/uploads\/2025\/09\/Brasilia-014-768x576.jpg 768w, https:\/\/www.askja-on-tour.ch\/wp-content\/uploads\/2025\/09\/Brasilia-014-1536x1152.jpg 1536w, https:\/\/www.askja-on-tour.ch\/wp-content\/uploads\/2025\/09\/Brasilia-014.jpg 2048w\" sizes=\"auto, (max-width: 1024px) 100vw, 1024px\" \/><\/p>\n<p>Danach sind wir durch ein Einkaufsszentrum (hach \u2013 wie kann eine Klimaanlage sch\u00f6n sein bei 38 Grad im Freien) zum Fernsehturm <strong>\u201eTorre de Televisao\u201c<\/strong> gelaufen. Mit dem Aufzug kann man kostenlos auf die 75m auf die Plattform fahren, von wo wir einen grossartigen Blick auf die Stadt und v.a. auf den Plano Piloto (Regierungsbezirk) hatten.<\/p>\n<figure id=\"attachment_28504\" aria-describedby=\"caption-attachment-28504\" style=\"width: 1024px\" class=\"wp-caption alignnone\"><img loading=\"lazy\" decoding=\"async\" class=\"size-medium wp-image-28504\" src=\"https:\/\/www.askja-on-tour.ch\/wp-content\/uploads\/2025\/09\/Brasilia-015-1024x768.jpg\" alt=\"\" width=\"1024\" height=\"768\" srcset=\"https:\/\/www.askja-on-tour.ch\/wp-content\/uploads\/2025\/09\/Brasilia-015-1024x768.jpg 1024w, https:\/\/www.askja-on-tour.ch\/wp-content\/uploads\/2025\/09\/Brasilia-015-1600x1200.jpg 1600w, https:\/\/www.askja-on-tour.ch\/wp-content\/uploads\/2025\/09\/Brasilia-015-768x576.jpg 768w, https:\/\/www.askja-on-tour.ch\/wp-content\/uploads\/2025\/09\/Brasilia-015-1536x1152.jpg 1536w, https:\/\/www.askja-on-tour.ch\/wp-content\/uploads\/2025\/09\/Brasilia-015.jpg 2048w\" sizes=\"auto, (max-width: 1024px) 100vw, 1024px\" \/><figcaption id=\"caption-attachment-28504\" class=\"wp-caption-text\">Im Einkaufsszentrum l\u00e4uft gerade ein Basketball-Tournier 6&#215;6<\/figcaption><\/figure>\n<figure id=\"attachment_28505\" aria-describedby=\"caption-attachment-28505\" style=\"width: 768px\" class=\"wp-caption alignnone\"><img loading=\"lazy\" decoding=\"async\" class=\"size-medium wp-image-28505\" src=\"https:\/\/www.askja-on-tour.ch\/wp-content\/uploads\/2025\/09\/Brasilia-016-768x1024.jpg\" alt=\"\" width=\"768\" height=\"1024\" srcset=\"https:\/\/www.askja-on-tour.ch\/wp-content\/uploads\/2025\/09\/Brasilia-016-768x1024.jpg 768w, https:\/\/www.askja-on-tour.ch\/wp-content\/uploads\/2025\/09\/Brasilia-016-1200x1600.jpg 1200w, https:\/\/www.askja-on-tour.ch\/wp-content\/uploads\/2025\/09\/Brasilia-016-1152x1536.jpg 1152w, https:\/\/www.askja-on-tour.ch\/wp-content\/uploads\/2025\/09\/Brasilia-016.jpg 1536w\" sizes=\"auto, (max-width: 768px) 100vw, 768px\" \/><figcaption id=\"caption-attachment-28505\" class=\"wp-caption-text\">Und alle Geb\u00e4ude im gleichen Stil<\/figcaption><\/figure>\n<figure id=\"attachment_28506\" aria-describedby=\"caption-attachment-28506\" style=\"width: 1024px\" class=\"wp-caption alignnone\"><img loading=\"lazy\" decoding=\"async\" class=\"size-medium wp-image-28506\" src=\"https:\/\/www.askja-on-tour.ch\/wp-content\/uploads\/2025\/09\/Brasilia-017-1024x768.jpg\" alt=\"\" width=\"1024\" height=\"768\" srcset=\"https:\/\/www.askja-on-tour.ch\/wp-content\/uploads\/2025\/09\/Brasilia-017-1024x768.jpg 1024w, https:\/\/www.askja-on-tour.ch\/wp-content\/uploads\/2025\/09\/Brasilia-017-1600x1200.jpg 1600w, https:\/\/www.askja-on-tour.ch\/wp-content\/uploads\/2025\/09\/Brasilia-017-768x576.jpg 768w, https:\/\/www.askja-on-tour.ch\/wp-content\/uploads\/2025\/09\/Brasilia-017-1536x1152.jpg 1536w, https:\/\/www.askja-on-tour.ch\/wp-content\/uploads\/2025\/09\/Brasilia-017.jpg 2048w\" sizes=\"auto, (max-width: 1024px) 100vw, 1024px\" \/><figcaption id=\"caption-attachment-28506\" class=\"wp-caption-text\">Rund um den und auf dem Fernsehturm<\/figcaption><\/figure>\n<p><img loading=\"lazy\" decoding=\"async\" class=\"alignnone size-medium wp-image-28507\" src=\"https:\/\/www.askja-on-tour.ch\/wp-content\/uploads\/2025\/09\/Brasilia-018-1024x768.jpg\" alt=\"\" width=\"1024\" height=\"768\" srcset=\"https:\/\/www.askja-on-tour.ch\/wp-content\/uploads\/2025\/09\/Brasilia-018-1024x768.jpg 1024w, https:\/\/www.askja-on-tour.ch\/wp-content\/uploads\/2025\/09\/Brasilia-018-1600x1200.jpg 1600w, https:\/\/www.askja-on-tour.ch\/wp-content\/uploads\/2025\/09\/Brasilia-018-768x576.jpg 768w, https:\/\/www.askja-on-tour.ch\/wp-content\/uploads\/2025\/09\/Brasilia-018-1536x1152.jpg 1536w, https:\/\/www.askja-on-tour.ch\/wp-content\/uploads\/2025\/09\/Brasilia-018.jpg 2048w\" sizes=\"auto, (max-width: 1024px) 100vw, 1024px\" \/><\/p>\n<figure id=\"attachment_28508\" aria-describedby=\"caption-attachment-28508\" style=\"width: 1024px\" class=\"wp-caption alignnone\"><img loading=\"lazy\" decoding=\"async\" class=\"size-medium wp-image-28508\" src=\"https:\/\/www.askja-on-tour.ch\/wp-content\/uploads\/2025\/09\/Brasilia-019-1024x768.jpg\" alt=\"\" width=\"1024\" height=\"768\" srcset=\"https:\/\/www.askja-on-tour.ch\/wp-content\/uploads\/2025\/09\/Brasilia-019-1024x768.jpg 1024w, https:\/\/www.askja-on-tour.ch\/wp-content\/uploads\/2025\/09\/Brasilia-019-1600x1200.jpg 1600w, https:\/\/www.askja-on-tour.ch\/wp-content\/uploads\/2025\/09\/Brasilia-019-768x576.jpg 768w, https:\/\/www.askja-on-tour.ch\/wp-content\/uploads\/2025\/09\/Brasilia-019-1536x1152.jpg 1536w, https:\/\/www.askja-on-tour.ch\/wp-content\/uploads\/2025\/09\/Brasilia-019.jpg 2048w\" sizes=\"auto, (max-width: 1024px) 100vw, 1024px\" \/><figcaption id=\"caption-attachment-28508\" class=\"wp-caption-text\">Mit Fantasie l\u00e4sst sich die Flugzeugform erkennen. Ganz hinten das Cockpit und daneben die verschiedenen Ministerien<\/figcaption><\/figure>\n<p><img loading=\"lazy\" decoding=\"async\" class=\"alignnone size-medium wp-image-28509\" src=\"https:\/\/www.askja-on-tour.ch\/wp-content\/uploads\/2025\/09\/Brasilia-020-1024x768.jpg\" alt=\"\" width=\"1024\" height=\"768\" srcset=\"https:\/\/www.askja-on-tour.ch\/wp-content\/uploads\/2025\/09\/Brasilia-020-1024x768.jpg 1024w, https:\/\/www.askja-on-tour.ch\/wp-content\/uploads\/2025\/09\/Brasilia-020-1600x1200.jpg 1600w, https:\/\/www.askja-on-tour.ch\/wp-content\/uploads\/2025\/09\/Brasilia-020-768x576.jpg 768w, https:\/\/www.askja-on-tour.ch\/wp-content\/uploads\/2025\/09\/Brasilia-020-1536x1152.jpg 1536w, https:\/\/www.askja-on-tour.ch\/wp-content\/uploads\/2025\/09\/Brasilia-020.jpg 2048w\" sizes=\"auto, (max-width: 1024px) 100vw, 1024px\" \/> <img loading=\"lazy\" decoding=\"async\" class=\"alignnone size-medium wp-image-28510\" src=\"https:\/\/www.askja-on-tour.ch\/wp-content\/uploads\/2025\/09\/Brasilia-021-1024x768.jpg\" alt=\"\" width=\"1024\" height=\"768\" srcset=\"https:\/\/www.askja-on-tour.ch\/wp-content\/uploads\/2025\/09\/Brasilia-021-1024x768.jpg 1024w, https:\/\/www.askja-on-tour.ch\/wp-content\/uploads\/2025\/09\/Brasilia-021-1600x1200.jpg 1600w, https:\/\/www.askja-on-tour.ch\/wp-content\/uploads\/2025\/09\/Brasilia-021-768x576.jpg 768w, https:\/\/www.askja-on-tour.ch\/wp-content\/uploads\/2025\/09\/Brasilia-021-1536x1152.jpg 1536w, https:\/\/www.askja-on-tour.ch\/wp-content\/uploads\/2025\/09\/Brasilia-021.jpg 2048w\" sizes=\"auto, (max-width: 1024px) 100vw, 1024px\" \/> <img loading=\"lazy\" decoding=\"async\" class=\"alignnone size-medium wp-image-28511\" src=\"https:\/\/www.askja-on-tour.ch\/wp-content\/uploads\/2025\/09\/Brasilia-022-1024x768.jpg\" alt=\"\" width=\"1024\" height=\"768\" srcset=\"https:\/\/www.askja-on-tour.ch\/wp-content\/uploads\/2025\/09\/Brasilia-022-1024x768.jpg 1024w, https:\/\/www.askja-on-tour.ch\/wp-content\/uploads\/2025\/09\/Brasilia-022-1600x1200.jpg 1600w, https:\/\/www.askja-on-tour.ch\/wp-content\/uploads\/2025\/09\/Brasilia-022-768x576.jpg 768w, https:\/\/www.askja-on-tour.ch\/wp-content\/uploads\/2025\/09\/Brasilia-022-1536x1152.jpg 1536w, https:\/\/www.askja-on-tour.ch\/wp-content\/uploads\/2025\/09\/Brasilia-022.jpg 2048w\" sizes=\"auto, (max-width: 1024px) 100vw, 1024px\" \/><\/p>\n<figure id=\"attachment_28512\" aria-describedby=\"caption-attachment-28512\" style=\"width: 1024px\" class=\"wp-caption alignnone\"><img loading=\"lazy\" decoding=\"async\" class=\"size-medium wp-image-28512\" src=\"https:\/\/www.askja-on-tour.ch\/wp-content\/uploads\/2025\/09\/Brasilia-023-1024x768.jpg\" alt=\"\" width=\"1024\" height=\"768\" srcset=\"https:\/\/www.askja-on-tour.ch\/wp-content\/uploads\/2025\/09\/Brasilia-023-1024x768.jpg 1024w, https:\/\/www.askja-on-tour.ch\/wp-content\/uploads\/2025\/09\/Brasilia-023-1600x1200.jpg 1600w, https:\/\/www.askja-on-tour.ch\/wp-content\/uploads\/2025\/09\/Brasilia-023-768x576.jpg 768w, https:\/\/www.askja-on-tour.ch\/wp-content\/uploads\/2025\/09\/Brasilia-023-1536x1152.jpg 1536w, https:\/\/www.askja-on-tour.ch\/wp-content\/uploads\/2025\/09\/Brasilia-023.jpg 2048w\" sizes=\"auto, (max-width: 1024px) 100vw, 1024px\" \/><figcaption id=\"caption-attachment-28512\" class=\"wp-caption-text\">Das Est\u00e1dio Nacional de Bras\u00edlia Man\u00e9 Garrincha ist das Fu\u00dfballstadion. Es wurde f\u00fcr die Fu\u00dfball-Weltmeisterschaft 2014 erbaut. Es handelt sich mit Gesamtkosten in H\u00f6he von \u00fcber 450 Millionen Euro um die teuerste Spielst\u00e4tte der WM 2014.<\/figcaption><\/figure>\n<figure id=\"attachment_28513\" aria-describedby=\"caption-attachment-28513\" style=\"width: 1024px\" class=\"wp-caption alignnone\"><img loading=\"lazy\" decoding=\"async\" class=\"size-medium wp-image-28513\" src=\"https:\/\/www.askja-on-tour.ch\/wp-content\/uploads\/2025\/09\/Brasilia-024-1024x768.jpg\" alt=\"\" width=\"1024\" height=\"768\" srcset=\"https:\/\/www.askja-on-tour.ch\/wp-content\/uploads\/2025\/09\/Brasilia-024-1024x768.jpg 1024w, https:\/\/www.askja-on-tour.ch\/wp-content\/uploads\/2025\/09\/Brasilia-024-1600x1200.jpg 1600w, https:\/\/www.askja-on-tour.ch\/wp-content\/uploads\/2025\/09\/Brasilia-024-768x576.jpg 768w, https:\/\/www.askja-on-tour.ch\/wp-content\/uploads\/2025\/09\/Brasilia-024-1536x1152.jpg 1536w, https:\/\/www.askja-on-tour.ch\/wp-content\/uploads\/2025\/09\/Brasilia-024.jpg 2048w\" sizes=\"auto, (max-width: 1024px) 100vw, 1024px\" \/><figcaption id=\"caption-attachment-28513\" class=\"wp-caption-text\">Blick auf den Nationalkongress<\/figcaption><\/figure>\n<p><img loading=\"lazy\" decoding=\"async\" class=\"alignnone size-medium wp-image-28514\" src=\"https:\/\/www.askja-on-tour.ch\/wp-content\/uploads\/2025\/09\/Brasilia-025-1024x768.jpg\" alt=\"\" width=\"1024\" height=\"768\" srcset=\"https:\/\/www.askja-on-tour.ch\/wp-content\/uploads\/2025\/09\/Brasilia-025-1024x768.jpg 1024w, https:\/\/www.askja-on-tour.ch\/wp-content\/uploads\/2025\/09\/Brasilia-025-1600x1200.jpg 1600w, https:\/\/www.askja-on-tour.ch\/wp-content\/uploads\/2025\/09\/Brasilia-025-768x576.jpg 768w, https:\/\/www.askja-on-tour.ch\/wp-content\/uploads\/2025\/09\/Brasilia-025-1536x1152.jpg 1536w, https:\/\/www.askja-on-tour.ch\/wp-content\/uploads\/2025\/09\/Brasilia-025.jpg 2048w\" sizes=\"auto, (max-width: 1024px) 100vw, 1024px\" \/> <img loading=\"lazy\" decoding=\"async\" class=\"alignnone size-medium wp-image-28515\" src=\"https:\/\/www.askja-on-tour.ch\/wp-content\/uploads\/2025\/09\/Brasilia-026-1024x768.jpg\" alt=\"\" width=\"1024\" height=\"768\" srcset=\"https:\/\/www.askja-on-tour.ch\/wp-content\/uploads\/2025\/09\/Brasilia-026-1024x768.jpg 1024w, https:\/\/www.askja-on-tour.ch\/wp-content\/uploads\/2025\/09\/Brasilia-026-1600x1200.jpg 1600w, https:\/\/www.askja-on-tour.ch\/wp-content\/uploads\/2025\/09\/Brasilia-026-768x576.jpg 768w, https:\/\/www.askja-on-tour.ch\/wp-content\/uploads\/2025\/09\/Brasilia-026-1536x1152.jpg 1536w, https:\/\/www.askja-on-tour.ch\/wp-content\/uploads\/2025\/09\/Brasilia-026.jpg 2048w\" sizes=\"auto, (max-width: 1024px) 100vw, 1024px\" \/> <img loading=\"lazy\" decoding=\"async\" class=\"alignnone size-medium wp-image-28516\" src=\"https:\/\/www.askja-on-tour.ch\/wp-content\/uploads\/2025\/09\/Brasilia-027-1024x768.jpg\" alt=\"\" width=\"1024\" height=\"768\" srcset=\"https:\/\/www.askja-on-tour.ch\/wp-content\/uploads\/2025\/09\/Brasilia-027-1024x768.jpg 1024w, https:\/\/www.askja-on-tour.ch\/wp-content\/uploads\/2025\/09\/Brasilia-027-1600x1200.jpg 1600w, https:\/\/www.askja-on-tour.ch\/wp-content\/uploads\/2025\/09\/Brasilia-027-768x576.jpg 768w, https:\/\/www.askja-on-tour.ch\/wp-content\/uploads\/2025\/09\/Brasilia-027-1536x1152.jpg 1536w, https:\/\/www.askja-on-tour.ch\/wp-content\/uploads\/2025\/09\/Brasilia-027.jpg 2048w\" sizes=\"auto, (max-width: 1024px) 100vw, 1024px\" \/> <img loading=\"lazy\" decoding=\"async\" class=\"alignnone size-medium wp-image-28517\" src=\"https:\/\/www.askja-on-tour.ch\/wp-content\/uploads\/2025\/09\/Brasilia-028-1024x768.jpg\" alt=\"\" width=\"1024\" height=\"768\" srcset=\"https:\/\/www.askja-on-tour.ch\/wp-content\/uploads\/2025\/09\/Brasilia-028-1024x768.jpg 1024w, https:\/\/www.askja-on-tour.ch\/wp-content\/uploads\/2025\/09\/Brasilia-028-1600x1200.jpg 1600w, https:\/\/www.askja-on-tour.ch\/wp-content\/uploads\/2025\/09\/Brasilia-028-768x576.jpg 768w, https:\/\/www.askja-on-tour.ch\/wp-content\/uploads\/2025\/09\/Brasilia-028-1536x1152.jpg 1536w, https:\/\/www.askja-on-tour.ch\/wp-content\/uploads\/2025\/09\/Brasilia-028.jpg 2048w\" sizes=\"auto, (max-width: 1024px) 100vw, 1024px\" \/> <img loading=\"lazy\" decoding=\"async\" class=\"alignnone size-medium wp-image-28518\" src=\"https:\/\/www.askja-on-tour.ch\/wp-content\/uploads\/2025\/09\/Brasilia-029-1024x768.jpg\" alt=\"\" width=\"1024\" height=\"768\" srcset=\"https:\/\/www.askja-on-tour.ch\/wp-content\/uploads\/2025\/09\/Brasilia-029-1024x768.jpg 1024w, https:\/\/www.askja-on-tour.ch\/wp-content\/uploads\/2025\/09\/Brasilia-029-1600x1200.jpg 1600w, https:\/\/www.askja-on-tour.ch\/wp-content\/uploads\/2025\/09\/Brasilia-029-768x576.jpg 768w, https:\/\/www.askja-on-tour.ch\/wp-content\/uploads\/2025\/09\/Brasilia-029-1536x1152.jpg 1536w, https:\/\/www.askja-on-tour.ch\/wp-content\/uploads\/2025\/09\/Brasilia-029.jpg 2048w\" sizes=\"auto, (max-width: 1024px) 100vw, 1024px\" \/> <img loading=\"lazy\" decoding=\"async\" class=\"alignnone size-medium wp-image-28519\" src=\"https:\/\/www.askja-on-tour.ch\/wp-content\/uploads\/2025\/09\/Brasilia-030-1024x768.jpg\" alt=\"\" width=\"1024\" height=\"768\" srcset=\"https:\/\/www.askja-on-tour.ch\/wp-content\/uploads\/2025\/09\/Brasilia-030-1024x768.jpg 1024w, https:\/\/www.askja-on-tour.ch\/wp-content\/uploads\/2025\/09\/Brasilia-030-1600x1200.jpg 1600w, https:\/\/www.askja-on-tour.ch\/wp-content\/uploads\/2025\/09\/Brasilia-030-768x576.jpg 768w, https:\/\/www.askja-on-tour.ch\/wp-content\/uploads\/2025\/09\/Brasilia-030-1536x1152.jpg 1536w, https:\/\/www.askja-on-tour.ch\/wp-content\/uploads\/2025\/09\/Brasilia-030.jpg 2048w\" sizes=\"auto, (max-width: 1024px) 100vw, 1024px\" \/><\/p>\n<figure id=\"attachment_28520\" aria-describedby=\"caption-attachment-28520\" style=\"width: 1024px\" class=\"wp-caption alignnone\"><img loading=\"lazy\" decoding=\"async\" class=\"size-medium wp-image-28520\" src=\"https:\/\/www.askja-on-tour.ch\/wp-content\/uploads\/2025\/09\/Brasilia-031-1024x768.jpg\" alt=\"\" width=\"1024\" height=\"768\" srcset=\"https:\/\/www.askja-on-tour.ch\/wp-content\/uploads\/2025\/09\/Brasilia-031-1024x768.jpg 1024w, https:\/\/www.askja-on-tour.ch\/wp-content\/uploads\/2025\/09\/Brasilia-031-1600x1200.jpg 1600w, https:\/\/www.askja-on-tour.ch\/wp-content\/uploads\/2025\/09\/Brasilia-031-768x576.jpg 768w, https:\/\/www.askja-on-tour.ch\/wp-content\/uploads\/2025\/09\/Brasilia-031-1536x1152.jpg 1536w, https:\/\/www.askja-on-tour.ch\/wp-content\/uploads\/2025\/09\/Brasilia-031.jpg 2048w\" sizes=\"auto, (max-width: 1024px) 100vw, 1024px\" \/><figcaption id=\"caption-attachment-28520\" class=\"wp-caption-text\">Der Fernsehturm in sch\u00f6ner Abendstimmung<\/figcaption><\/figure>\n<p>Danach haben wir uns etwas treiben lassen und haben dann unseren R\u00fcckweg angetreten \u2013 allerdings sind wir wieder ein St\u00fcck mit UBER gefahren, da es einfach zu weit f\u00fcr einen Abendspaziergang \u00a0gewesen w\u00e4re.<\/p>\n<p><img loading=\"lazy\" decoding=\"async\" class=\"alignnone size-medium wp-image-28521\" src=\"https:\/\/www.askja-on-tour.ch\/wp-content\/uploads\/2025\/09\/Brasilia-032-1024x768.jpg\" alt=\"\" width=\"1024\" height=\"768\" srcset=\"https:\/\/www.askja-on-tour.ch\/wp-content\/uploads\/2025\/09\/Brasilia-032-1024x768.jpg 1024w, https:\/\/www.askja-on-tour.ch\/wp-content\/uploads\/2025\/09\/Brasilia-032-1600x1200.jpg 1600w, https:\/\/www.askja-on-tour.ch\/wp-content\/uploads\/2025\/09\/Brasilia-032-768x576.jpg 768w, https:\/\/www.askja-on-tour.ch\/wp-content\/uploads\/2025\/09\/Brasilia-032-1536x1152.jpg 1536w, https:\/\/www.askja-on-tour.ch\/wp-content\/uploads\/2025\/09\/Brasilia-032.jpg 2048w\" sizes=\"auto, (max-width: 1024px) 100vw, 1024px\" \/> <img loading=\"lazy\" decoding=\"async\" class=\"alignnone size-medium wp-image-28522\" src=\"https:\/\/www.askja-on-tour.ch\/wp-content\/uploads\/2025\/09\/Brasilia-033-1024x768.jpg\" alt=\"\" width=\"1024\" height=\"768\" srcset=\"https:\/\/www.askja-on-tour.ch\/wp-content\/uploads\/2025\/09\/Brasilia-033-1024x768.jpg 1024w, https:\/\/www.askja-on-tour.ch\/wp-content\/uploads\/2025\/09\/Brasilia-033-1600x1200.jpg 1600w, https:\/\/www.askja-on-tour.ch\/wp-content\/uploads\/2025\/09\/Brasilia-033-768x576.jpg 768w, https:\/\/www.askja-on-tour.ch\/wp-content\/uploads\/2025\/09\/Brasilia-033-1536x1152.jpg 1536w, https:\/\/www.askja-on-tour.ch\/wp-content\/uploads\/2025\/09\/Brasilia-033.jpg 2048w\" sizes=\"auto, (max-width: 1024px) 100vw, 1024px\" \/> <img loading=\"lazy\" decoding=\"async\" class=\"alignnone size-medium wp-image-28523\" src=\"https:\/\/www.askja-on-tour.ch\/wp-content\/uploads\/2025\/09\/Brasilia-034-1024x768.jpg\" alt=\"\" width=\"1024\" height=\"768\" srcset=\"https:\/\/www.askja-on-tour.ch\/wp-content\/uploads\/2025\/09\/Brasilia-034-1024x768.jpg 1024w, https:\/\/www.askja-on-tour.ch\/wp-content\/uploads\/2025\/09\/Brasilia-034-1600x1200.jpg 1600w, https:\/\/www.askja-on-tour.ch\/wp-content\/uploads\/2025\/09\/Brasilia-034-768x576.jpg 768w, https:\/\/www.askja-on-tour.ch\/wp-content\/uploads\/2025\/09\/Brasilia-034-1536x1152.jpg 1536w, https:\/\/www.askja-on-tour.ch\/wp-content\/uploads\/2025\/09\/Brasilia-034.jpg 2048w\" sizes=\"auto, (max-width: 1024px) 100vw, 1024px\" \/><\/p>\n<p>Am n\u00e4chsten Tag haben wir uns zum <strong>Memorial\/Mausoleum JK <\/strong>fahren lassen. Das Memorial JK ist eine Gedenkst\u00e4tte, die an den Pr\u00e4sidenten und Gr\u00fcnder der Hauptstadt Bras\u00edlias, Juscelino Kubitschek, erinnern soll. Sie wurde 1981 eingeweiht und von Oscar Niemeyer entworfen. Der Eingang ist unterirdisch, unter dem k\u00fcnstlichen See, welcher auch zur nat\u00fcrlichen Klimatisierung genutzt wird.<\/p>\n<figure id=\"attachment_28524\" aria-describedby=\"caption-attachment-28524\" style=\"width: 1024px\" class=\"wp-caption alignnone\"><img loading=\"lazy\" decoding=\"async\" class=\"size-medium wp-image-28524\" src=\"https:\/\/www.askja-on-tour.ch\/wp-content\/uploads\/2025\/09\/Brasilia-035-1024x768.jpg\" alt=\"\" width=\"1024\" height=\"768\" srcset=\"https:\/\/www.askja-on-tour.ch\/wp-content\/uploads\/2025\/09\/Brasilia-035-1024x768.jpg 1024w, https:\/\/www.askja-on-tour.ch\/wp-content\/uploads\/2025\/09\/Brasilia-035-1600x1200.jpg 1600w, https:\/\/www.askja-on-tour.ch\/wp-content\/uploads\/2025\/09\/Brasilia-035-768x576.jpg 768w, https:\/\/www.askja-on-tour.ch\/wp-content\/uploads\/2025\/09\/Brasilia-035-1536x1152.jpg 1536w, https:\/\/www.askja-on-tour.ch\/wp-content\/uploads\/2025\/09\/Brasilia-035.jpg 2048w\" sizes=\"auto, (max-width: 1024px) 100vw, 1024px\" \/><figcaption id=\"caption-attachment-28524\" class=\"wp-caption-text\">Memorial\/Mausoleum JK (Juscelino Kubitschek)<\/figcaption><\/figure>\n<p><img loading=\"lazy\" decoding=\"async\" class=\"alignnone size-medium wp-image-28525\" src=\"https:\/\/www.askja-on-tour.ch\/wp-content\/uploads\/2025\/09\/Brasilia-036-1024x768.jpg\" alt=\"\" width=\"1024\" height=\"768\" srcset=\"https:\/\/www.askja-on-tour.ch\/wp-content\/uploads\/2025\/09\/Brasilia-036-1024x768.jpg 1024w, https:\/\/www.askja-on-tour.ch\/wp-content\/uploads\/2025\/09\/Brasilia-036-1600x1200.jpg 1600w, https:\/\/www.askja-on-tour.ch\/wp-content\/uploads\/2025\/09\/Brasilia-036-768x576.jpg 768w, https:\/\/www.askja-on-tour.ch\/wp-content\/uploads\/2025\/09\/Brasilia-036-1536x1152.jpg 1536w, https:\/\/www.askja-on-tour.ch\/wp-content\/uploads\/2025\/09\/Brasilia-036.jpg 2048w\" sizes=\"auto, (max-width: 1024px) 100vw, 1024px\" \/> <img loading=\"lazy\" decoding=\"async\" class=\"alignnone size-medium wp-image-28526\" src=\"https:\/\/www.askja-on-tour.ch\/wp-content\/uploads\/2025\/09\/Brasilia-037-1024x768.jpg\" alt=\"\" width=\"1024\" height=\"768\" srcset=\"https:\/\/www.askja-on-tour.ch\/wp-content\/uploads\/2025\/09\/Brasilia-037-1024x768.jpg 1024w, https:\/\/www.askja-on-tour.ch\/wp-content\/uploads\/2025\/09\/Brasilia-037-1600x1200.jpg 1600w, https:\/\/www.askja-on-tour.ch\/wp-content\/uploads\/2025\/09\/Brasilia-037-768x576.jpg 768w, https:\/\/www.askja-on-tour.ch\/wp-content\/uploads\/2025\/09\/Brasilia-037-1536x1152.jpg 1536w, https:\/\/www.askja-on-tour.ch\/wp-content\/uploads\/2025\/09\/Brasilia-037.jpg 2048w\" sizes=\"auto, (max-width: 1024px) 100vw, 1024px\" \/> <img loading=\"lazy\" decoding=\"async\" class=\"alignnone size-medium wp-image-28527\" src=\"https:\/\/www.askja-on-tour.ch\/wp-content\/uploads\/2025\/09\/Brasilia-038-1024x768.jpg\" alt=\"\" width=\"1024\" height=\"768\" srcset=\"https:\/\/www.askja-on-tour.ch\/wp-content\/uploads\/2025\/09\/Brasilia-038-1024x768.jpg 1024w, https:\/\/www.askja-on-tour.ch\/wp-content\/uploads\/2025\/09\/Brasilia-038-1600x1200.jpg 1600w, https:\/\/www.askja-on-tour.ch\/wp-content\/uploads\/2025\/09\/Brasilia-038-768x576.jpg 768w, https:\/\/www.askja-on-tour.ch\/wp-content\/uploads\/2025\/09\/Brasilia-038-1536x1152.jpg 1536w, https:\/\/www.askja-on-tour.ch\/wp-content\/uploads\/2025\/09\/Brasilia-038.jpg 2048w\" sizes=\"auto, (max-width: 1024px) 100vw, 1024px\" \/> <img loading=\"lazy\" decoding=\"async\" class=\"alignnone size-medium wp-image-28528\" src=\"https:\/\/www.askja-on-tour.ch\/wp-content\/uploads\/2025\/09\/Brasilia-039-1024x768.jpg\" alt=\"\" width=\"1024\" height=\"768\" srcset=\"https:\/\/www.askja-on-tour.ch\/wp-content\/uploads\/2025\/09\/Brasilia-039-1024x768.jpg 1024w, https:\/\/www.askja-on-tour.ch\/wp-content\/uploads\/2025\/09\/Brasilia-039-1600x1200.jpg 1600w, https:\/\/www.askja-on-tour.ch\/wp-content\/uploads\/2025\/09\/Brasilia-039-768x576.jpg 768w, https:\/\/www.askja-on-tour.ch\/wp-content\/uploads\/2025\/09\/Brasilia-039-1536x1152.jpg 1536w, https:\/\/www.askja-on-tour.ch\/wp-content\/uploads\/2025\/09\/Brasilia-039.jpg 2048w\" sizes=\"auto, (max-width: 1024px) 100vw, 1024px\" \/> <img loading=\"lazy\" decoding=\"async\" class=\"alignnone size-medium wp-image-28529\" src=\"https:\/\/www.askja-on-tour.ch\/wp-content\/uploads\/2025\/09\/Brasilia-040-1024x768.jpg\" alt=\"\" width=\"1024\" height=\"768\" srcset=\"https:\/\/www.askja-on-tour.ch\/wp-content\/uploads\/2025\/09\/Brasilia-040-1024x768.jpg 1024w, https:\/\/www.askja-on-tour.ch\/wp-content\/uploads\/2025\/09\/Brasilia-040-1600x1200.jpg 1600w, https:\/\/www.askja-on-tour.ch\/wp-content\/uploads\/2025\/09\/Brasilia-040-768x576.jpg 768w, https:\/\/www.askja-on-tour.ch\/wp-content\/uploads\/2025\/09\/Brasilia-040-1536x1152.jpg 1536w, https:\/\/www.askja-on-tour.ch\/wp-content\/uploads\/2025\/09\/Brasilia-040.jpg 2048w\" sizes=\"auto, (max-width: 1024px) 100vw, 1024px\" \/> <img loading=\"lazy\" decoding=\"async\" class=\"alignnone size-medium wp-image-28530\" src=\"https:\/\/www.askja-on-tour.ch\/wp-content\/uploads\/2025\/09\/Brasilia-041-1024x768.jpg\" alt=\"\" width=\"1024\" height=\"768\" srcset=\"https:\/\/www.askja-on-tour.ch\/wp-content\/uploads\/2025\/09\/Brasilia-041-1024x768.jpg 1024w, https:\/\/www.askja-on-tour.ch\/wp-content\/uploads\/2025\/09\/Brasilia-041-1600x1200.jpg 1600w, https:\/\/www.askja-on-tour.ch\/wp-content\/uploads\/2025\/09\/Brasilia-041-768x576.jpg 768w, https:\/\/www.askja-on-tour.ch\/wp-content\/uploads\/2025\/09\/Brasilia-041-1536x1152.jpg 1536w, https:\/\/www.askja-on-tour.ch\/wp-content\/uploads\/2025\/09\/Brasilia-041.jpg 2048w\" sizes=\"auto, (max-width: 1024px) 100vw, 1024px\" \/> <img loading=\"lazy\" decoding=\"async\" class=\"alignnone size-medium wp-image-28531\" src=\"https:\/\/www.askja-on-tour.ch\/wp-content\/uploads\/2025\/09\/Brasilia-042-1024x768.jpg\" alt=\"\" width=\"1024\" height=\"768\" srcset=\"https:\/\/www.askja-on-tour.ch\/wp-content\/uploads\/2025\/09\/Brasilia-042-1024x768.jpg 1024w, https:\/\/www.askja-on-tour.ch\/wp-content\/uploads\/2025\/09\/Brasilia-042-1600x1200.jpg 1600w, https:\/\/www.askja-on-tour.ch\/wp-content\/uploads\/2025\/09\/Brasilia-042-768x576.jpg 768w, https:\/\/www.askja-on-tour.ch\/wp-content\/uploads\/2025\/09\/Brasilia-042-1536x1152.jpg 1536w, https:\/\/www.askja-on-tour.ch\/wp-content\/uploads\/2025\/09\/Brasilia-042.jpg 2048w\" sizes=\"auto, (max-width: 1024px) 100vw, 1024px\" \/><\/p>\n<figure id=\"attachment_28532\" aria-describedby=\"caption-attachment-28532\" style=\"width: 1024px\" class=\"wp-caption alignnone\"><img loading=\"lazy\" decoding=\"async\" class=\"size-medium wp-image-28532\" src=\"https:\/\/www.askja-on-tour.ch\/wp-content\/uploads\/2025\/09\/Brasilia-043-1024x768.jpg\" alt=\"\" width=\"1024\" height=\"768\" srcset=\"https:\/\/www.askja-on-tour.ch\/wp-content\/uploads\/2025\/09\/Brasilia-043-1024x768.jpg 1024w, https:\/\/www.askja-on-tour.ch\/wp-content\/uploads\/2025\/09\/Brasilia-043-1600x1200.jpg 1600w, https:\/\/www.askja-on-tour.ch\/wp-content\/uploads\/2025\/09\/Brasilia-043-768x576.jpg 768w, https:\/\/www.askja-on-tour.ch\/wp-content\/uploads\/2025\/09\/Brasilia-043-1536x1152.jpg 1536w, https:\/\/www.askja-on-tour.ch\/wp-content\/uploads\/2025\/09\/Brasilia-043.jpg 2048w\" sizes=\"auto, (max-width: 1024px) 100vw, 1024px\" \/><figcaption id=\"caption-attachment-28532\" class=\"wp-caption-text\">Statue von Juscelino Kubitschek, ehemaliger Pr\u00e4sident und Gr\u00fcnder von Brasilia<\/figcaption><\/figure>\n<figure id=\"attachment_28533\" aria-describedby=\"caption-attachment-28533\" style=\"width: 1024px\" class=\"wp-caption alignnone\"><img loading=\"lazy\" decoding=\"async\" class=\"size-medium wp-image-28533\" src=\"https:\/\/www.askja-on-tour.ch\/wp-content\/uploads\/2025\/09\/Brasilia-044-1024x768.jpg\" alt=\"\" width=\"1024\" height=\"768\" srcset=\"https:\/\/www.askja-on-tour.ch\/wp-content\/uploads\/2025\/09\/Brasilia-044-1024x768.jpg 1024w, https:\/\/www.askja-on-tour.ch\/wp-content\/uploads\/2025\/09\/Brasilia-044-1600x1200.jpg 1600w, https:\/\/www.askja-on-tour.ch\/wp-content\/uploads\/2025\/09\/Brasilia-044-768x576.jpg 768w, https:\/\/www.askja-on-tour.ch\/wp-content\/uploads\/2025\/09\/Brasilia-044-1536x1152.jpg 1536w, https:\/\/www.askja-on-tour.ch\/wp-content\/uploads\/2025\/09\/Brasilia-044.jpg 2048w\" sizes=\"auto, (max-width: 1024px) 100vw, 1024px\" \/><figcaption id=\"caption-attachment-28533\" class=\"wp-caption-text\">Das Ehepaar Kubitschek<\/figcaption><\/figure>\n<p>Gleich gegen\u00fcber befindet sich das <strong>Museum der Indigenen V\u00f6lker Brasiliens<\/strong>. Auch dieses wurde \u2013 wie kann es anders sein \u2013 von Oscar Niemeyer entworfen. Es zeigt verschiedene Gebrauchsgegenst\u00e4nde und Fotos der Indigenen in Brasilien. Beeindruckt hat uns ein runder Platz, auf welchem B\u00e4nke im Kreis angeordnet wurden. Dar\u00fcber schweb eine Art Baldachin. Sitzt man auf den B\u00e4nken, kann man sich mit dem Gegen\u00fcber problemlos unterhalten. Stellt man sich in die Mitte, entwickelt sich ein starkes Echo.<\/p>\n<figure id=\"attachment_28534\" aria-describedby=\"caption-attachment-28534\" style=\"width: 1024px\" class=\"wp-caption alignnone\"><img loading=\"lazy\" decoding=\"async\" class=\"size-medium wp-image-28534\" src=\"https:\/\/www.askja-on-tour.ch\/wp-content\/uploads\/2025\/09\/Brasilia-045-1024x768.jpg\" alt=\"\" width=\"1024\" height=\"768\" srcset=\"https:\/\/www.askja-on-tour.ch\/wp-content\/uploads\/2025\/09\/Brasilia-045-1024x768.jpg 1024w, https:\/\/www.askja-on-tour.ch\/wp-content\/uploads\/2025\/09\/Brasilia-045-1600x1200.jpg 1600w, https:\/\/www.askja-on-tour.ch\/wp-content\/uploads\/2025\/09\/Brasilia-045-768x576.jpg 768w, https:\/\/www.askja-on-tour.ch\/wp-content\/uploads\/2025\/09\/Brasilia-045-1536x1152.jpg 1536w, https:\/\/www.askja-on-tour.ch\/wp-content\/uploads\/2025\/09\/Brasilia-045.jpg 2048w\" sizes=\"auto, (max-width: 1024px) 100vw, 1024px\" \/><figcaption id=\"caption-attachment-28534\" class=\"wp-caption-text\">Das Museum der Indigenen V\u00f6lker Brasiliens<\/figcaption><\/figure>\n<p><img loading=\"lazy\" decoding=\"async\" class=\"alignnone size-medium wp-image-28535\" src=\"https:\/\/www.askja-on-tour.ch\/wp-content\/uploads\/2025\/09\/Brasilia-046-1024x768.jpg\" alt=\"\" width=\"1024\" height=\"768\" srcset=\"https:\/\/www.askja-on-tour.ch\/wp-content\/uploads\/2025\/09\/Brasilia-046-1024x768.jpg 1024w, https:\/\/www.askja-on-tour.ch\/wp-content\/uploads\/2025\/09\/Brasilia-046-1600x1200.jpg 1600w, https:\/\/www.askja-on-tour.ch\/wp-content\/uploads\/2025\/09\/Brasilia-046-768x576.jpg 768w, https:\/\/www.askja-on-tour.ch\/wp-content\/uploads\/2025\/09\/Brasilia-046-1536x1152.jpg 1536w, https:\/\/www.askja-on-tour.ch\/wp-content\/uploads\/2025\/09\/Brasilia-046.jpg 2048w\" sizes=\"auto, (max-width: 1024px) 100vw, 1024px\" \/> <img loading=\"lazy\" decoding=\"async\" class=\"alignnone size-medium wp-image-28536\" src=\"https:\/\/www.askja-on-tour.ch\/wp-content\/uploads\/2025\/09\/Brasilia-047-1024x768.jpg\" alt=\"\" width=\"1024\" height=\"768\" srcset=\"https:\/\/www.askja-on-tour.ch\/wp-content\/uploads\/2025\/09\/Brasilia-047-1024x768.jpg 1024w, https:\/\/www.askja-on-tour.ch\/wp-content\/uploads\/2025\/09\/Brasilia-047-1600x1200.jpg 1600w, https:\/\/www.askja-on-tour.ch\/wp-content\/uploads\/2025\/09\/Brasilia-047-768x576.jpg 768w, https:\/\/www.askja-on-tour.ch\/wp-content\/uploads\/2025\/09\/Brasilia-047-1536x1152.jpg 1536w, https:\/\/www.askja-on-tour.ch\/wp-content\/uploads\/2025\/09\/Brasilia-047.jpg 2048w\" sizes=\"auto, (max-width: 1024px) 100vw, 1024px\" \/> <img loading=\"lazy\" decoding=\"async\" class=\"alignnone size-medium wp-image-28537\" src=\"https:\/\/www.askja-on-tour.ch\/wp-content\/uploads\/2025\/09\/Brasilia-048-768x1024.jpg\" alt=\"\" width=\"768\" height=\"1024\" srcset=\"https:\/\/www.askja-on-tour.ch\/wp-content\/uploads\/2025\/09\/Brasilia-048-768x1024.jpg 768w, https:\/\/www.askja-on-tour.ch\/wp-content\/uploads\/2025\/09\/Brasilia-048-1200x1600.jpg 1200w, https:\/\/www.askja-on-tour.ch\/wp-content\/uploads\/2025\/09\/Brasilia-048-1152x1536.jpg 1152w, https:\/\/www.askja-on-tour.ch\/wp-content\/uploads\/2025\/09\/Brasilia-048.jpg 1536w\" sizes=\"auto, (max-width: 768px) 100vw, 768px\" \/><\/p>\n<figure id=\"attachment_28538\" aria-describedby=\"caption-attachment-28538\" style=\"width: 1024px\" class=\"wp-caption alignnone\"><img loading=\"lazy\" decoding=\"async\" class=\"size-medium wp-image-28538\" src=\"https:\/\/www.askja-on-tour.ch\/wp-content\/uploads\/2025\/09\/Brasilia-049-1024x768.jpg\" alt=\"\" width=\"1024\" height=\"768\" srcset=\"https:\/\/www.askja-on-tour.ch\/wp-content\/uploads\/2025\/09\/Brasilia-049-1024x768.jpg 1024w, https:\/\/www.askja-on-tour.ch\/wp-content\/uploads\/2025\/09\/Brasilia-049-1600x1200.jpg 1600w, https:\/\/www.askja-on-tour.ch\/wp-content\/uploads\/2025\/09\/Brasilia-049-768x576.jpg 768w, https:\/\/www.askja-on-tour.ch\/wp-content\/uploads\/2025\/09\/Brasilia-049-1536x1152.jpg 1536w, https:\/\/www.askja-on-tour.ch\/wp-content\/uploads\/2025\/09\/Brasilia-049.jpg 2048w\" sizes=\"auto, (max-width: 1024px) 100vw, 1024px\" \/><figcaption id=\"caption-attachment-28538\" class=\"wp-caption-text\">Platz, der in der Mitte ein starkes Echo hat<\/figcaption><\/figure>\n<p><img loading=\"lazy\" decoding=\"async\" class=\"alignnone size-medium wp-image-28539\" src=\"https:\/\/www.askja-on-tour.ch\/wp-content\/uploads\/2025\/09\/Brasilia-050-1024x768.jpg\" alt=\"\" width=\"1024\" height=\"768\" srcset=\"https:\/\/www.askja-on-tour.ch\/wp-content\/uploads\/2025\/09\/Brasilia-050-1024x768.jpg 1024w, https:\/\/www.askja-on-tour.ch\/wp-content\/uploads\/2025\/09\/Brasilia-050-1600x1200.jpg 1600w, https:\/\/www.askja-on-tour.ch\/wp-content\/uploads\/2025\/09\/Brasilia-050-768x576.jpg 768w, https:\/\/www.askja-on-tour.ch\/wp-content\/uploads\/2025\/09\/Brasilia-050-1536x1152.jpg 1536w, https:\/\/www.askja-on-tour.ch\/wp-content\/uploads\/2025\/09\/Brasilia-050.jpg 2048w\" sizes=\"auto, (max-width: 1024px) 100vw, 1024px\" \/><\/p>\n<p>Danach sind wir noch durch den Buriti-Park marschiert, ehe wir uns dann zur Kathedrale von Bras\u00edlia fahren liessen.<\/p>\n<figure id=\"attachment_28540\" aria-describedby=\"caption-attachment-28540\" style=\"width: 1024px\" class=\"wp-caption alignnone\"><img loading=\"lazy\" decoding=\"async\" class=\"size-medium wp-image-28540\" src=\"https:\/\/www.askja-on-tour.ch\/wp-content\/uploads\/2025\/09\/Brasilia-051-1024x768.jpg\" alt=\"\" width=\"1024\" height=\"768\" srcset=\"https:\/\/www.askja-on-tour.ch\/wp-content\/uploads\/2025\/09\/Brasilia-051-1024x768.jpg 1024w, https:\/\/www.askja-on-tour.ch\/wp-content\/uploads\/2025\/09\/Brasilia-051-1600x1200.jpg 1600w, https:\/\/www.askja-on-tour.ch\/wp-content\/uploads\/2025\/09\/Brasilia-051-768x576.jpg 768w, https:\/\/www.askja-on-tour.ch\/wp-content\/uploads\/2025\/09\/Brasilia-051-1536x1152.jpg 1536w, https:\/\/www.askja-on-tour.ch\/wp-content\/uploads\/2025\/09\/Brasilia-051.jpg 2048w\" sizes=\"auto, (max-width: 1024px) 100vw, 1024px\" \/><figcaption id=\"caption-attachment-28540\" class=\"wp-caption-text\">Im Buriti Park<\/figcaption><\/figure>\n<p><img loading=\"lazy\" decoding=\"async\" class=\"alignnone size-medium wp-image-28541\" src=\"https:\/\/www.askja-on-tour.ch\/wp-content\/uploads\/2025\/09\/Brasilia-052-1024x768.jpg\" alt=\"\" width=\"1024\" height=\"768\" srcset=\"https:\/\/www.askja-on-tour.ch\/wp-content\/uploads\/2025\/09\/Brasilia-052-1024x768.jpg 1024w, https:\/\/www.askja-on-tour.ch\/wp-content\/uploads\/2025\/09\/Brasilia-052-1600x1200.jpg 1600w, https:\/\/www.askja-on-tour.ch\/wp-content\/uploads\/2025\/09\/Brasilia-052-768x576.jpg 768w, https:\/\/www.askja-on-tour.ch\/wp-content\/uploads\/2025\/09\/Brasilia-052-1536x1152.jpg 1536w, https:\/\/www.askja-on-tour.ch\/wp-content\/uploads\/2025\/09\/Brasilia-052.jpg 2048w\" sizes=\"auto, (max-width: 1024px) 100vw, 1024px\" \/><\/p>\n<p><strong>Kathedrale von Bras\u00edlia<\/strong> besteht, anders als viele traditionelle Gottesh\u00e4user, haupts\u00e4chlich aus Glas und Beton. Nat\u00fcrlich wurde auch diese Kathedrale von Oscar Niemeyer gebaut. Der runde Bau mit einem Durchmesser von 70 Metern ist sehr schlicht gehalten, dadurch wirken die drei grosse Engel, die \u00fcber den K\u00f6pfen der Gl\u00e4ubigen schweben, ganz besonders. \u00a0Auch hier verl\u00e4ut der Eingang unterirdisch.<\/p>\n<figure id=\"attachment_28542\" aria-describedby=\"caption-attachment-28542\" style=\"width: 1024px\" class=\"wp-caption alignnone\"><img loading=\"lazy\" decoding=\"async\" class=\"size-medium wp-image-28542\" src=\"https:\/\/www.askja-on-tour.ch\/wp-content\/uploads\/2025\/09\/Brasilia-053-1024x768.jpg\" alt=\"\" width=\"1024\" height=\"768\" srcset=\"https:\/\/www.askja-on-tour.ch\/wp-content\/uploads\/2025\/09\/Brasilia-053-1024x768.jpg 1024w, https:\/\/www.askja-on-tour.ch\/wp-content\/uploads\/2025\/09\/Brasilia-053-1600x1200.jpg 1600w, https:\/\/www.askja-on-tour.ch\/wp-content\/uploads\/2025\/09\/Brasilia-053-768x576.jpg 768w, https:\/\/www.askja-on-tour.ch\/wp-content\/uploads\/2025\/09\/Brasilia-053-1536x1152.jpg 1536w, https:\/\/www.askja-on-tour.ch\/wp-content\/uploads\/2025\/09\/Brasilia-053.jpg 2048w\" sizes=\"auto, (max-width: 1024px) 100vw, 1024px\" \/><figcaption id=\"caption-attachment-28542\" class=\"wp-caption-text\">Glockenturm und Kathedrale von Brasilia<\/figcaption><\/figure>\n<figure id=\"attachment_28543\" aria-describedby=\"caption-attachment-28543\" style=\"width: 1024px\" class=\"wp-caption alignnone\"><img loading=\"lazy\" decoding=\"async\" class=\"size-medium wp-image-28543\" src=\"https:\/\/www.askja-on-tour.ch\/wp-content\/uploads\/2025\/09\/Brasilia-054-1024x768.jpg\" alt=\"\" width=\"1024\" height=\"768\" srcset=\"https:\/\/www.askja-on-tour.ch\/wp-content\/uploads\/2025\/09\/Brasilia-054-1024x768.jpg 1024w, https:\/\/www.askja-on-tour.ch\/wp-content\/uploads\/2025\/09\/Brasilia-054-1600x1200.jpg 1600w, https:\/\/www.askja-on-tour.ch\/wp-content\/uploads\/2025\/09\/Brasilia-054-768x576.jpg 768w, https:\/\/www.askja-on-tour.ch\/wp-content\/uploads\/2025\/09\/Brasilia-054-1536x1152.jpg 1536w, https:\/\/www.askja-on-tour.ch\/wp-content\/uploads\/2025\/09\/Brasilia-054.jpg 2048w\" sizes=\"auto, (max-width: 1024px) 100vw, 1024px\" \/><figcaption id=\"caption-attachment-28543\" class=\"wp-caption-text\">&#8230; die heiligen vier Evangelisten<\/figcaption><\/figure>\n<figure id=\"attachment_28544\" aria-describedby=\"caption-attachment-28544\" style=\"width: 1024px\" class=\"wp-caption alignnone\"><img loading=\"lazy\" decoding=\"async\" class=\"size-medium wp-image-28544\" src=\"https:\/\/www.askja-on-tour.ch\/wp-content\/uploads\/2025\/09\/Brasilia-055-1024x768.jpg\" alt=\"\" width=\"1024\" height=\"768\" srcset=\"https:\/\/www.askja-on-tour.ch\/wp-content\/uploads\/2025\/09\/Brasilia-055-1024x768.jpg 1024w, https:\/\/www.askja-on-tour.ch\/wp-content\/uploads\/2025\/09\/Brasilia-055-1600x1200.jpg 1600w, https:\/\/www.askja-on-tour.ch\/wp-content\/uploads\/2025\/09\/Brasilia-055-768x576.jpg 768w, https:\/\/www.askja-on-tour.ch\/wp-content\/uploads\/2025\/09\/Brasilia-055-1536x1152.jpg 1536w, https:\/\/www.askja-on-tour.ch\/wp-content\/uploads\/2025\/09\/Brasilia-055.jpg 2048w\" sizes=\"auto, (max-width: 1024px) 100vw, 1024px\" \/><figcaption id=\"caption-attachment-28544\" class=\"wp-caption-text\">In der Kathedrale von Brasilia<\/figcaption><\/figure>\n<figure id=\"attachment_28548\" aria-describedby=\"caption-attachment-28548\" style=\"width: 1024px\" class=\"wp-caption alignnone\"><img loading=\"lazy\" decoding=\"async\" class=\"wp-image-28548 size-medium\" src=\"https:\/\/www.askja-on-tour.ch\/wp-content\/uploads\/2025\/09\/Brasilia-059-1024x768.jpg\" alt=\"\" width=\"1024\" height=\"768\" srcset=\"https:\/\/www.askja-on-tour.ch\/wp-content\/uploads\/2025\/09\/Brasilia-059-1024x768.jpg 1024w, https:\/\/www.askja-on-tour.ch\/wp-content\/uploads\/2025\/09\/Brasilia-059-1600x1200.jpg 1600w, https:\/\/www.askja-on-tour.ch\/wp-content\/uploads\/2025\/09\/Brasilia-059-768x576.jpg 768w, https:\/\/www.askja-on-tour.ch\/wp-content\/uploads\/2025\/09\/Brasilia-059-1536x1152.jpg 1536w, https:\/\/www.askja-on-tour.ch\/wp-content\/uploads\/2025\/09\/Brasilia-059.jpg 2048w\" sizes=\"auto, (max-width: 1024px) 100vw, 1024px\" \/><figcaption id=\"caption-attachment-28548\" class=\"wp-caption-text\">Die Madonna wird mit viel Herzblut geschm\u00fcckt<\/figcaption><\/figure>\n<figure id=\"attachment_28549\" aria-describedby=\"caption-attachment-28549\" style=\"width: 1024px\" class=\"wp-caption alignnone\"><img loading=\"lazy\" decoding=\"async\" class=\"wp-image-28549 size-medium\" src=\"https:\/\/www.askja-on-tour.ch\/wp-content\/uploads\/2025\/09\/Brasilia-060-1024x768.jpg\" alt=\"\" width=\"1024\" height=\"768\" srcset=\"https:\/\/www.askja-on-tour.ch\/wp-content\/uploads\/2025\/09\/Brasilia-060-1024x768.jpg 1024w, https:\/\/www.askja-on-tour.ch\/wp-content\/uploads\/2025\/09\/Brasilia-060-1600x1200.jpg 1600w, https:\/\/www.askja-on-tour.ch\/wp-content\/uploads\/2025\/09\/Brasilia-060-768x576.jpg 768w, https:\/\/www.askja-on-tour.ch\/wp-content\/uploads\/2025\/09\/Brasilia-060-1536x1152.jpg 1536w, https:\/\/www.askja-on-tour.ch\/wp-content\/uploads\/2025\/09\/Brasilia-060.jpg 2048w\" sizes=\"auto, (max-width: 1024px) 100vw, 1024px\" \/><figcaption id=\"caption-attachment-28549\" class=\"wp-caption-text\">Piet\u00e0-Replika (Nachbildung der ber\u00fchmten Skulptur von Michelangelo, die die Jungfrau Maria zeigt, wie sie den toten Leichnam Jesu Christi auf ihrem Schoss betrauert)<\/figcaption><\/figure>\n<p><img loading=\"lazy\" decoding=\"async\" class=\"alignnone size-medium wp-image-28545\" src=\"https:\/\/www.askja-on-tour.ch\/wp-content\/uploads\/2025\/09\/Brasilia-056-768x1024.jpg\" alt=\"\" width=\"768\" height=\"1024\" srcset=\"https:\/\/www.askja-on-tour.ch\/wp-content\/uploads\/2025\/09\/Brasilia-056-768x1024.jpg 768w, https:\/\/www.askja-on-tour.ch\/wp-content\/uploads\/2025\/09\/Brasilia-056-1200x1600.jpg 1200w, https:\/\/www.askja-on-tour.ch\/wp-content\/uploads\/2025\/09\/Brasilia-056-1152x1536.jpg 1152w, https:\/\/www.askja-on-tour.ch\/wp-content\/uploads\/2025\/09\/Brasilia-056.jpg 1536w\" sizes=\"auto, (max-width: 768px) 100vw, 768px\" \/> <img loading=\"lazy\" decoding=\"async\" class=\"alignnone size-medium wp-image-28546\" src=\"https:\/\/www.askja-on-tour.ch\/wp-content\/uploads\/2025\/09\/Brasilia-057-1024x768.jpg\" alt=\"\" width=\"1024\" height=\"768\" srcset=\"https:\/\/www.askja-on-tour.ch\/wp-content\/uploads\/2025\/09\/Brasilia-057-1024x768.jpg 1024w, https:\/\/www.askja-on-tour.ch\/wp-content\/uploads\/2025\/09\/Brasilia-057-1600x1200.jpg 1600w, https:\/\/www.askja-on-tour.ch\/wp-content\/uploads\/2025\/09\/Brasilia-057-768x576.jpg 768w, https:\/\/www.askja-on-tour.ch\/wp-content\/uploads\/2025\/09\/Brasilia-057-1536x1152.jpg 1536w, https:\/\/www.askja-on-tour.ch\/wp-content\/uploads\/2025\/09\/Brasilia-057.jpg 2048w\" sizes=\"auto, (max-width: 1024px) 100vw, 1024px\" \/> <img loading=\"lazy\" decoding=\"async\" class=\"alignnone size-medium wp-image-28547\" src=\"https:\/\/www.askja-on-tour.ch\/wp-content\/uploads\/2025\/09\/Brasilia-058-1024x768.jpg\" alt=\"\" width=\"1024\" height=\"768\" srcset=\"https:\/\/www.askja-on-tour.ch\/wp-content\/uploads\/2025\/09\/Brasilia-058-1024x768.jpg 1024w, https:\/\/www.askja-on-tour.ch\/wp-content\/uploads\/2025\/09\/Brasilia-058-1600x1200.jpg 1600w, https:\/\/www.askja-on-tour.ch\/wp-content\/uploads\/2025\/09\/Brasilia-058-768x576.jpg 768w, https:\/\/www.askja-on-tour.ch\/wp-content\/uploads\/2025\/09\/Brasilia-058-1536x1152.jpg 1536w, https:\/\/www.askja-on-tour.ch\/wp-content\/uploads\/2025\/09\/Brasilia-058.jpg 2048w\" sizes=\"auto, (max-width: 1024px) 100vw, 1024px\" \/> <img loading=\"lazy\" decoding=\"async\" class=\"alignnone size-medium wp-image-28550\" src=\"https:\/\/www.askja-on-tour.ch\/wp-content\/uploads\/2025\/09\/Brasilia-061-768x1024.jpg\" alt=\"\" width=\"768\" height=\"1024\" srcset=\"https:\/\/www.askja-on-tour.ch\/wp-content\/uploads\/2025\/09\/Brasilia-061-768x1024.jpg 768w, https:\/\/www.askja-on-tour.ch\/wp-content\/uploads\/2025\/09\/Brasilia-061-1200x1600.jpg 1200w, https:\/\/www.askja-on-tour.ch\/wp-content\/uploads\/2025\/09\/Brasilia-061-1152x1536.jpg 1152w, https:\/\/www.askja-on-tour.ch\/wp-content\/uploads\/2025\/09\/Brasilia-061.jpg 1536w\" sizes=\"auto, (max-width: 768px) 100vw, 768px\" \/> <img loading=\"lazy\" decoding=\"async\" class=\"alignnone size-medium wp-image-28551\" src=\"https:\/\/www.askja-on-tour.ch\/wp-content\/uploads\/2025\/09\/Brasilia-062-1024x768.jpg\" alt=\"\" width=\"1024\" height=\"768\" srcset=\"https:\/\/www.askja-on-tour.ch\/wp-content\/uploads\/2025\/09\/Brasilia-062-1024x768.jpg 1024w, https:\/\/www.askja-on-tour.ch\/wp-content\/uploads\/2025\/09\/Brasilia-062-1600x1200.jpg 1600w, https:\/\/www.askja-on-tour.ch\/wp-content\/uploads\/2025\/09\/Brasilia-062-768x576.jpg 768w, https:\/\/www.askja-on-tour.ch\/wp-content\/uploads\/2025\/09\/Brasilia-062-1536x1152.jpg 1536w, https:\/\/www.askja-on-tour.ch\/wp-content\/uploads\/2025\/09\/Brasilia-062.jpg 2048w\" sizes=\"auto, (max-width: 1024px) 100vw, 1024px\" \/> <img loading=\"lazy\" decoding=\"async\" class=\"alignnone size-medium wp-image-28552\" src=\"https:\/\/www.askja-on-tour.ch\/wp-content\/uploads\/2025\/09\/Brasilia-063-1024x768.jpg\" alt=\"\" width=\"1024\" height=\"768\" srcset=\"https:\/\/www.askja-on-tour.ch\/wp-content\/uploads\/2025\/09\/Brasilia-063-1024x768.jpg 1024w, https:\/\/www.askja-on-tour.ch\/wp-content\/uploads\/2025\/09\/Brasilia-063-1600x1200.jpg 1600w, https:\/\/www.askja-on-tour.ch\/wp-content\/uploads\/2025\/09\/Brasilia-063-768x576.jpg 768w, https:\/\/www.askja-on-tour.ch\/wp-content\/uploads\/2025\/09\/Brasilia-063-1536x1152.jpg 1536w, https:\/\/www.askja-on-tour.ch\/wp-content\/uploads\/2025\/09\/Brasilia-063.jpg 2048w\" sizes=\"auto, (max-width: 1024px) 100vw, 1024px\" \/><\/p>\n<figure id=\"attachment_28554\" aria-describedby=\"caption-attachment-28554\" style=\"width: 768px\" class=\"wp-caption alignnone\"><img loading=\"lazy\" decoding=\"async\" class=\"size-medium wp-image-28554\" src=\"https:\/\/www.askja-on-tour.ch\/wp-content\/uploads\/2025\/09\/Brasilia-065-768x1024.jpg\" alt=\"\" width=\"768\" height=\"1024\" srcset=\"https:\/\/www.askja-on-tour.ch\/wp-content\/uploads\/2025\/09\/Brasilia-065-768x1024.jpg 768w, https:\/\/www.askja-on-tour.ch\/wp-content\/uploads\/2025\/09\/Brasilia-065-1200x1600.jpg 1200w, https:\/\/www.askja-on-tour.ch\/wp-content\/uploads\/2025\/09\/Brasilia-065-1152x1536.jpg 1152w, https:\/\/www.askja-on-tour.ch\/wp-content\/uploads\/2025\/09\/Brasilia-065.jpg 1536w\" sizes=\"auto, (max-width: 768px) 100vw, 768px\" \/><figcaption id=\"caption-attachment-28554\" class=\"wp-caption-text\">Schwarze Madonna mit Mantel, geziert vom Wappen von Brasilien<\/figcaption><\/figure>\n<p><img loading=\"lazy\" decoding=\"async\" class=\"alignnone size-medium wp-image-28555\" src=\"https:\/\/www.askja-on-tour.ch\/wp-content\/uploads\/2025\/09\/Brasilia-066-1024x768.jpg\" alt=\"\" width=\"1024\" height=\"768\" srcset=\"https:\/\/www.askja-on-tour.ch\/wp-content\/uploads\/2025\/09\/Brasilia-066-1024x768.jpg 1024w, https:\/\/www.askja-on-tour.ch\/wp-content\/uploads\/2025\/09\/Brasilia-066-1600x1200.jpg 1600w, https:\/\/www.askja-on-tour.ch\/wp-content\/uploads\/2025\/09\/Brasilia-066-768x576.jpg 768w, https:\/\/www.askja-on-tour.ch\/wp-content\/uploads\/2025\/09\/Brasilia-066-1536x1152.jpg 1536w, https:\/\/www.askja-on-tour.ch\/wp-content\/uploads\/2025\/09\/Brasilia-066.jpg 2048w\" sizes=\"auto, (max-width: 1024px) 100vw, 1024px\" \/> <img loading=\"lazy\" decoding=\"async\" class=\"alignnone size-medium wp-image-28556\" src=\"https:\/\/www.askja-on-tour.ch\/wp-content\/uploads\/2025\/09\/Brasilia-067-1024x768.jpg\" alt=\"\" width=\"1024\" height=\"768\" srcset=\"https:\/\/www.askja-on-tour.ch\/wp-content\/uploads\/2025\/09\/Brasilia-067-1024x768.jpg 1024w, https:\/\/www.askja-on-tour.ch\/wp-content\/uploads\/2025\/09\/Brasilia-067-1600x1200.jpg 1600w, https:\/\/www.askja-on-tour.ch\/wp-content\/uploads\/2025\/09\/Brasilia-067-768x576.jpg 768w, https:\/\/www.askja-on-tour.ch\/wp-content\/uploads\/2025\/09\/Brasilia-067-1536x1152.jpg 1536w, https:\/\/www.askja-on-tour.ch\/wp-content\/uploads\/2025\/09\/Brasilia-067.jpg 2048w\" sizes=\"auto, (max-width: 1024px) 100vw, 1024px\" \/> <img loading=\"lazy\" decoding=\"async\" class=\"alignnone size-medium wp-image-28557\" src=\"https:\/\/www.askja-on-tour.ch\/wp-content\/uploads\/2025\/09\/Brasilia-068-1024x768.jpg\" alt=\"\" width=\"1024\" height=\"768\" srcset=\"https:\/\/www.askja-on-tour.ch\/wp-content\/uploads\/2025\/09\/Brasilia-068-1024x768.jpg 1024w, https:\/\/www.askja-on-tour.ch\/wp-content\/uploads\/2025\/09\/Brasilia-068-1600x1200.jpg 1600w, https:\/\/www.askja-on-tour.ch\/wp-content\/uploads\/2025\/09\/Brasilia-068-768x576.jpg 768w, https:\/\/www.askja-on-tour.ch\/wp-content\/uploads\/2025\/09\/Brasilia-068-1536x1152.jpg 1536w, https:\/\/www.askja-on-tour.ch\/wp-content\/uploads\/2025\/09\/Brasilia-068.jpg 2048w\" sizes=\"auto, (max-width: 1024px) 100vw, 1024px\" \/><\/p>\n<p>Durch einen l\u00e4ngeren Quergang kommt man in die Taufkapelle. Diese ist v.a. von aussen interessant, da neben der Kirche eine runde Kuppel steht, deren Zweck erstmal unklar ist, bis man von der Kirche in diese Taufkapelle gelangt.<\/p>\n<figure id=\"attachment_28553\" aria-describedby=\"caption-attachment-28553\" style=\"width: 1024px\" class=\"wp-caption alignnone\"><img loading=\"lazy\" decoding=\"async\" class=\"size-medium wp-image-28553\" src=\"https:\/\/www.askja-on-tour.ch\/wp-content\/uploads\/2025\/09\/Brasilia-064-1024x768.jpg\" alt=\"\" width=\"1024\" height=\"768\" srcset=\"https:\/\/www.askja-on-tour.ch\/wp-content\/uploads\/2025\/09\/Brasilia-064-1024x768.jpg 1024w, https:\/\/www.askja-on-tour.ch\/wp-content\/uploads\/2025\/09\/Brasilia-064-1600x1200.jpg 1600w, https:\/\/www.askja-on-tour.ch\/wp-content\/uploads\/2025\/09\/Brasilia-064-768x576.jpg 768w, https:\/\/www.askja-on-tour.ch\/wp-content\/uploads\/2025\/09\/Brasilia-064-1536x1152.jpg 1536w, https:\/\/www.askja-on-tour.ch\/wp-content\/uploads\/2025\/09\/Brasilia-064.jpg 2048w\" sizes=\"auto, (max-width: 1024px) 100vw, 1024px\" \/><figcaption id=\"caption-attachment-28553\" class=\"wp-caption-text\">Die Taufkapelle<\/figcaption><\/figure>\n<p>Gleich neben der Kathedrale befindet sich das <strong>Museu Nacional da Republica<\/strong>. Es ist wohl das j\u00fcngste Werk von Niemeyer und schneeweiss. Durch die gleissende Sonne leuchtet das Nationalmuseum so hell, dass es auch schwer zu fotografieren ist. Der Bau erinnert etwas an ein Ufo. Der Eingang f\u00fchrt \u00fcber eine breite Rampe. Im Innern des Museums f\u00e4llt der viele nicht genutzt Platz auf, was wohl ein Teil der ganzen Installation sein soll. Wie wir da waren, war dem Element Eisen eine Sonderausstellung gewidmet.<\/p>\n<figure id=\"attachment_28558\" aria-describedby=\"caption-attachment-28558\" style=\"width: 1024px\" class=\"wp-caption alignnone\"><img loading=\"lazy\" decoding=\"async\" class=\"size-medium wp-image-28558\" src=\"https:\/\/www.askja-on-tour.ch\/wp-content\/uploads\/2025\/09\/Brasilia-069-1024x768.jpg\" alt=\"\" width=\"1024\" height=\"768\" srcset=\"https:\/\/www.askja-on-tour.ch\/wp-content\/uploads\/2025\/09\/Brasilia-069-1024x768.jpg 1024w, https:\/\/www.askja-on-tour.ch\/wp-content\/uploads\/2025\/09\/Brasilia-069-1600x1200.jpg 1600w, https:\/\/www.askja-on-tour.ch\/wp-content\/uploads\/2025\/09\/Brasilia-069-768x576.jpg 768w, https:\/\/www.askja-on-tour.ch\/wp-content\/uploads\/2025\/09\/Brasilia-069-1536x1152.jpg 1536w, https:\/\/www.askja-on-tour.ch\/wp-content\/uploads\/2025\/09\/Brasilia-069.jpg 2048w\" sizes=\"auto, (max-width: 1024px) 100vw, 1024px\" \/><figcaption id=\"caption-attachment-28558\" class=\"wp-caption-text\">Das Nationalmuseum<\/figcaption><\/figure>\n<p><img loading=\"lazy\" decoding=\"async\" class=\"alignnone size-medium wp-image-28559\" src=\"https:\/\/www.askja-on-tour.ch\/wp-content\/uploads\/2025\/09\/Brasilia-070-1024x768.jpg\" alt=\"\" width=\"1024\" height=\"768\" srcset=\"https:\/\/www.askja-on-tour.ch\/wp-content\/uploads\/2025\/09\/Brasilia-070-1024x768.jpg 1024w, https:\/\/www.askja-on-tour.ch\/wp-content\/uploads\/2025\/09\/Brasilia-070-1600x1200.jpg 1600w, https:\/\/www.askja-on-tour.ch\/wp-content\/uploads\/2025\/09\/Brasilia-070-768x576.jpg 768w, https:\/\/www.askja-on-tour.ch\/wp-content\/uploads\/2025\/09\/Brasilia-070-1536x1152.jpg 1536w, https:\/\/www.askja-on-tour.ch\/wp-content\/uploads\/2025\/09\/Brasilia-070.jpg 2048w\" sizes=\"auto, (max-width: 1024px) 100vw, 1024px\" \/> <img loading=\"lazy\" decoding=\"async\" class=\"alignnone size-medium wp-image-28560\" src=\"https:\/\/www.askja-on-tour.ch\/wp-content\/uploads\/2025\/09\/Brasilia-071-1024x768.jpg\" alt=\"\" width=\"1024\" height=\"768\" srcset=\"https:\/\/www.askja-on-tour.ch\/wp-content\/uploads\/2025\/09\/Brasilia-071-1024x768.jpg 1024w, https:\/\/www.askja-on-tour.ch\/wp-content\/uploads\/2025\/09\/Brasilia-071-1600x1200.jpg 1600w, https:\/\/www.askja-on-tour.ch\/wp-content\/uploads\/2025\/09\/Brasilia-071-768x576.jpg 768w, https:\/\/www.askja-on-tour.ch\/wp-content\/uploads\/2025\/09\/Brasilia-071-1536x1152.jpg 1536w, https:\/\/www.askja-on-tour.ch\/wp-content\/uploads\/2025\/09\/Brasilia-071.jpg 2048w\" sizes=\"auto, (max-width: 1024px) 100vw, 1024px\" \/> <img loading=\"lazy\" decoding=\"async\" class=\"alignnone size-medium wp-image-28561\" src=\"https:\/\/www.askja-on-tour.ch\/wp-content\/uploads\/2025\/09\/Brasilia-072-1024x768.jpg\" alt=\"\" width=\"1024\" height=\"768\" srcset=\"https:\/\/www.askja-on-tour.ch\/wp-content\/uploads\/2025\/09\/Brasilia-072-1024x768.jpg 1024w, https:\/\/www.askja-on-tour.ch\/wp-content\/uploads\/2025\/09\/Brasilia-072-1600x1200.jpg 1600w, https:\/\/www.askja-on-tour.ch\/wp-content\/uploads\/2025\/09\/Brasilia-072-768x576.jpg 768w, https:\/\/www.askja-on-tour.ch\/wp-content\/uploads\/2025\/09\/Brasilia-072-1536x1152.jpg 1536w, https:\/\/www.askja-on-tour.ch\/wp-content\/uploads\/2025\/09\/Brasilia-072.jpg 2048w\" sizes=\"auto, (max-width: 1024px) 100vw, 1024px\" \/><\/p>\n<figure id=\"attachment_28562\" aria-describedby=\"caption-attachment-28562\" style=\"width: 1024px\" class=\"wp-caption alignnone\"><img loading=\"lazy\" decoding=\"async\" class=\"size-medium wp-image-28562\" src=\"https:\/\/www.askja-on-tour.ch\/wp-content\/uploads\/2025\/09\/Brasilia-073-1024x768.jpg\" alt=\"\" width=\"1024\" height=\"768\" srcset=\"https:\/\/www.askja-on-tour.ch\/wp-content\/uploads\/2025\/09\/Brasilia-073-1024x768.jpg 1024w, https:\/\/www.askja-on-tour.ch\/wp-content\/uploads\/2025\/09\/Brasilia-073-1600x1200.jpg 1600w, https:\/\/www.askja-on-tour.ch\/wp-content\/uploads\/2025\/09\/Brasilia-073-768x576.jpg 768w, https:\/\/www.askja-on-tour.ch\/wp-content\/uploads\/2025\/09\/Brasilia-073-1536x1152.jpg 1536w, https:\/\/www.askja-on-tour.ch\/wp-content\/uploads\/2025\/09\/Brasilia-073.jpg 2048w\" sizes=\"auto, (max-width: 1024px) 100vw, 1024px\" \/><figcaption id=\"caption-attachment-28562\" class=\"wp-caption-text\">Sonderausstellung Eisen<\/figcaption><\/figure>\n<p><img loading=\"lazy\" decoding=\"async\" class=\"alignnone size-medium wp-image-28563\" src=\"https:\/\/www.askja-on-tour.ch\/wp-content\/uploads\/2025\/09\/Brasilia-074-768x1024.jpg\" alt=\"\" width=\"768\" height=\"1024\" srcset=\"https:\/\/www.askja-on-tour.ch\/wp-content\/uploads\/2025\/09\/Brasilia-074-768x1024.jpg 768w, https:\/\/www.askja-on-tour.ch\/wp-content\/uploads\/2025\/09\/Brasilia-074-1200x1600.jpg 1200w, https:\/\/www.askja-on-tour.ch\/wp-content\/uploads\/2025\/09\/Brasilia-074-1152x1536.jpg 1152w, https:\/\/www.askja-on-tour.ch\/wp-content\/uploads\/2025\/09\/Brasilia-074.jpg 1536w\" sizes=\"auto, (max-width: 768px) 100vw, 768px\" \/> <img loading=\"lazy\" decoding=\"async\" class=\"alignnone size-medium wp-image-28564\" src=\"https:\/\/www.askja-on-tour.ch\/wp-content\/uploads\/2025\/09\/Brasilia-075-1024x768.jpg\" alt=\"\" width=\"1024\" height=\"768\" srcset=\"https:\/\/www.askja-on-tour.ch\/wp-content\/uploads\/2025\/09\/Brasilia-075-1024x768.jpg 1024w, https:\/\/www.askja-on-tour.ch\/wp-content\/uploads\/2025\/09\/Brasilia-075-1600x1200.jpg 1600w, https:\/\/www.askja-on-tour.ch\/wp-content\/uploads\/2025\/09\/Brasilia-075-768x576.jpg 768w, https:\/\/www.askja-on-tour.ch\/wp-content\/uploads\/2025\/09\/Brasilia-075-1536x1152.jpg 1536w, https:\/\/www.askja-on-tour.ch\/wp-content\/uploads\/2025\/09\/Brasilia-075.jpg 2048w\" sizes=\"auto, (max-width: 1024px) 100vw, 1024px\" \/> <img loading=\"lazy\" decoding=\"async\" class=\"alignnone size-medium wp-image-28565\" src=\"https:\/\/www.askja-on-tour.ch\/wp-content\/uploads\/2025\/09\/Brasilia-076-1024x768.jpg\" alt=\"\" width=\"1024\" height=\"768\" srcset=\"https:\/\/www.askja-on-tour.ch\/wp-content\/uploads\/2025\/09\/Brasilia-076-1024x768.jpg 1024w, https:\/\/www.askja-on-tour.ch\/wp-content\/uploads\/2025\/09\/Brasilia-076-1600x1200.jpg 1600w, https:\/\/www.askja-on-tour.ch\/wp-content\/uploads\/2025\/09\/Brasilia-076-768x576.jpg 768w, https:\/\/www.askja-on-tour.ch\/wp-content\/uploads\/2025\/09\/Brasilia-076-1536x1152.jpg 1536w, https:\/\/www.askja-on-tour.ch\/wp-content\/uploads\/2025\/09\/Brasilia-076.jpg 2048w\" sizes=\"auto, (max-width: 1024px) 100vw, 1024px\" \/> <img loading=\"lazy\" decoding=\"async\" class=\"alignnone size-medium wp-image-28567\" src=\"https:\/\/www.askja-on-tour.ch\/wp-content\/uploads\/2025\/09\/Brasilia-078-1024x768.jpg\" alt=\"\" width=\"1024\" height=\"768\" srcset=\"https:\/\/www.askja-on-tour.ch\/wp-content\/uploads\/2025\/09\/Brasilia-078-1024x768.jpg 1024w, https:\/\/www.askja-on-tour.ch\/wp-content\/uploads\/2025\/09\/Brasilia-078-1600x1200.jpg 1600w, https:\/\/www.askja-on-tour.ch\/wp-content\/uploads\/2025\/09\/Brasilia-078-768x576.jpg 768w, https:\/\/www.askja-on-tour.ch\/wp-content\/uploads\/2025\/09\/Brasilia-078-1536x1152.jpg 1536w, https:\/\/www.askja-on-tour.ch\/wp-content\/uploads\/2025\/09\/Brasilia-078.jpg 2048w\" sizes=\"auto, (max-width: 1024px) 100vw, 1024px\" \/> <img loading=\"lazy\" decoding=\"async\" class=\"alignnone size-medium wp-image-28568\" src=\"https:\/\/www.askja-on-tour.ch\/wp-content\/uploads\/2025\/09\/Brasilia-079-1024x768.jpg\" alt=\"\" width=\"1024\" height=\"768\" srcset=\"https:\/\/www.askja-on-tour.ch\/wp-content\/uploads\/2025\/09\/Brasilia-079-1024x768.jpg 1024w, https:\/\/www.askja-on-tour.ch\/wp-content\/uploads\/2025\/09\/Brasilia-079-1600x1200.jpg 1600w, https:\/\/www.askja-on-tour.ch\/wp-content\/uploads\/2025\/09\/Brasilia-079-768x576.jpg 768w, https:\/\/www.askja-on-tour.ch\/wp-content\/uploads\/2025\/09\/Brasilia-079-1536x1152.jpg 1536w, https:\/\/www.askja-on-tour.ch\/wp-content\/uploads\/2025\/09\/Brasilia-079.jpg 2048w\" sizes=\"auto, (max-width: 1024px) 100vw, 1024px\" \/> <img loading=\"lazy\" decoding=\"async\" class=\"alignnone size-medium wp-image-28569\" src=\"https:\/\/www.askja-on-tour.ch\/wp-content\/uploads\/2025\/09\/Brasilia-080-1024x768.jpg\" alt=\"\" width=\"1024\" height=\"768\" srcset=\"https:\/\/www.askja-on-tour.ch\/wp-content\/uploads\/2025\/09\/Brasilia-080-1024x768.jpg 1024w, https:\/\/www.askja-on-tour.ch\/wp-content\/uploads\/2025\/09\/Brasilia-080-1600x1200.jpg 1600w, https:\/\/www.askja-on-tour.ch\/wp-content\/uploads\/2025\/09\/Brasilia-080-768x576.jpg 768w, https:\/\/www.askja-on-tour.ch\/wp-content\/uploads\/2025\/09\/Brasilia-080-1536x1152.jpg 1536w, https:\/\/www.askja-on-tour.ch\/wp-content\/uploads\/2025\/09\/Brasilia-080.jpg 2048w\" sizes=\"auto, (max-width: 1024px) 100vw, 1024px\" \/><\/p>\n<figure id=\"attachment_28566\" aria-describedby=\"caption-attachment-28566\" style=\"width: 1024px\" class=\"wp-caption alignnone\"><img loading=\"lazy\" decoding=\"async\" class=\"size-medium wp-image-28566\" src=\"https:\/\/www.askja-on-tour.ch\/wp-content\/uploads\/2025\/09\/Brasilia-077-1024x768.jpg\" alt=\"\" width=\"1024\" height=\"768\" srcset=\"https:\/\/www.askja-on-tour.ch\/wp-content\/uploads\/2025\/09\/Brasilia-077-1024x768.jpg 1024w, https:\/\/www.askja-on-tour.ch\/wp-content\/uploads\/2025\/09\/Brasilia-077-1600x1200.jpg 1600w, https:\/\/www.askja-on-tour.ch\/wp-content\/uploads\/2025\/09\/Brasilia-077-768x576.jpg 768w, https:\/\/www.askja-on-tour.ch\/wp-content\/uploads\/2025\/09\/Brasilia-077-1536x1152.jpg 1536w, https:\/\/www.askja-on-tour.ch\/wp-content\/uploads\/2025\/09\/Brasilia-077.jpg 2048w\" sizes=\"auto, (max-width: 1024px) 100vw, 1024px\" \/><figcaption id=\"caption-attachment-28566\" class=\"wp-caption-text\">Nationalbibliothek<\/figcaption><\/figure>\n<figure id=\"attachment_28570\" aria-describedby=\"caption-attachment-28570\" style=\"width: 1024px\" class=\"wp-caption alignnone\"><img loading=\"lazy\" decoding=\"async\" class=\"size-medium wp-image-28570\" src=\"https:\/\/www.askja-on-tour.ch\/wp-content\/uploads\/2025\/09\/Brasilia-081-1024x768.jpg\" alt=\"\" width=\"1024\" height=\"768\" srcset=\"https:\/\/www.askja-on-tour.ch\/wp-content\/uploads\/2025\/09\/Brasilia-081-1024x768.jpg 1024w, https:\/\/www.askja-on-tour.ch\/wp-content\/uploads\/2025\/09\/Brasilia-081-1600x1200.jpg 1600w, https:\/\/www.askja-on-tour.ch\/wp-content\/uploads\/2025\/09\/Brasilia-081-768x576.jpg 768w, https:\/\/www.askja-on-tour.ch\/wp-content\/uploads\/2025\/09\/Brasilia-081-1536x1152.jpg 1536w, https:\/\/www.askja-on-tour.ch\/wp-content\/uploads\/2025\/09\/Brasilia-081.jpg 2048w\" sizes=\"auto, (max-width: 1024px) 100vw, 1024px\" \/><figcaption id=\"caption-attachment-28570\" class=\"wp-caption-text\">&#8230; die verschiedenen Sektoren<\/figcaption><\/figure>\n<p>Der Abschluss unserer Besichtigung der Stadt Brasilia war der <strong>Pra\u00e7a dos Tr\u00eas Poderes (Platz der drei M\u00e4chte)<\/strong>, welches das Cockpit der Flugzeugform von Brasilia darstellt. Der Platz gliedert sich in einen unteren Teil mit Bassins und Gr\u00fcnanlagen und einen oberen Querriegel, der betongepflasterten Esplanada. Er\u00f6ffnet wird das Ensemble durch den Baukomplex des Nationalkongresses, der ausdrucksvoll \u00fcber dem Wasserspiegel zu schweben scheint. Das Monument vereint symbolisch die beiden Kammern des Kongresses, so die Kuppel des Senats und die Schale des Abgeordnetenhauses. \u00dcberragt werden die Bauk\u00f6rper von den etwa 100 m hohen Zwillingst\u00fcrmen der Abgeordentenb\u00fcros. Der <strong>Pal\u00e1cio de Planalto<\/strong> f\u00fcr die Exekutive sowie das <strong>Supremo Tribunal Federal<\/strong> f\u00fcr die Judikative flankieren die dahinterliegende Esplanada; beide zeigen sich als filigrane Stahl-Glask\u00f6rper unter ausladenden Flachd\u00e4chern, die von segelf\u00f6rmigen Betonst\u00fctzen getragen werden (Auszug Wikipedia).<\/p>\n<figure id=\"attachment_28571\" aria-describedby=\"caption-attachment-28571\" style=\"width: 768px\" class=\"wp-caption alignnone\"><img loading=\"lazy\" decoding=\"async\" class=\"size-medium wp-image-28571\" src=\"https:\/\/www.askja-on-tour.ch\/wp-content\/uploads\/2025\/09\/Brasilia-082-768x1024.jpg\" alt=\"\" width=\"768\" height=\"1024\" srcset=\"https:\/\/www.askja-on-tour.ch\/wp-content\/uploads\/2025\/09\/Brasilia-082-768x1024.jpg 768w, https:\/\/www.askja-on-tour.ch\/wp-content\/uploads\/2025\/09\/Brasilia-082-1200x1600.jpg 1200w, https:\/\/www.askja-on-tour.ch\/wp-content\/uploads\/2025\/09\/Brasilia-082-1152x1536.jpg 1152w, https:\/\/www.askja-on-tour.ch\/wp-content\/uploads\/2025\/09\/Brasilia-082.jpg 1536w\" sizes=\"auto, (max-width: 768px) 100vw, 768px\" \/><figcaption id=\"caption-attachment-28571\" class=\"wp-caption-text\">Eines der 17 Regierungsbauten<\/figcaption><\/figure>\n<p><img loading=\"lazy\" decoding=\"async\" class=\"alignnone size-medium wp-image-28572\" src=\"https:\/\/www.askja-on-tour.ch\/wp-content\/uploads\/2025\/09\/Brasilia-083-1024x768.jpg\" alt=\"\" width=\"1024\" height=\"768\" srcset=\"https:\/\/www.askja-on-tour.ch\/wp-content\/uploads\/2025\/09\/Brasilia-083-1024x768.jpg 1024w, https:\/\/www.askja-on-tour.ch\/wp-content\/uploads\/2025\/09\/Brasilia-083-1600x1200.jpg 1600w, https:\/\/www.askja-on-tour.ch\/wp-content\/uploads\/2025\/09\/Brasilia-083-768x576.jpg 768w, https:\/\/www.askja-on-tour.ch\/wp-content\/uploads\/2025\/09\/Brasilia-083-1536x1152.jpg 1536w, https:\/\/www.askja-on-tour.ch\/wp-content\/uploads\/2025\/09\/Brasilia-083.jpg 2048w\" sizes=\"auto, (max-width: 1024px) 100vw, 1024px\" \/> <img loading=\"lazy\" decoding=\"async\" class=\"alignnone size-medium wp-image-28573\" src=\"https:\/\/www.askja-on-tour.ch\/wp-content\/uploads\/2025\/09\/Brasilia-084-768x1024.jpg\" alt=\"\" width=\"768\" height=\"1024\" srcset=\"https:\/\/www.askja-on-tour.ch\/wp-content\/uploads\/2025\/09\/Brasilia-084-768x1024.jpg 768w, https:\/\/www.askja-on-tour.ch\/wp-content\/uploads\/2025\/09\/Brasilia-084-1200x1600.jpg 1200w, https:\/\/www.askja-on-tour.ch\/wp-content\/uploads\/2025\/09\/Brasilia-084-1152x1536.jpg 1152w, https:\/\/www.askja-on-tour.ch\/wp-content\/uploads\/2025\/09\/Brasilia-084.jpg 1536w\" sizes=\"auto, (max-width: 768px) 100vw, 768px\" \/> <img loading=\"lazy\" decoding=\"async\" class=\"alignnone size-medium wp-image-28574\" src=\"https:\/\/www.askja-on-tour.ch\/wp-content\/uploads\/2025\/09\/Brasilia-085-1024x768.jpg\" alt=\"\" width=\"1024\" height=\"768\" srcset=\"https:\/\/www.askja-on-tour.ch\/wp-content\/uploads\/2025\/09\/Brasilia-085-1024x768.jpg 1024w, https:\/\/www.askja-on-tour.ch\/wp-content\/uploads\/2025\/09\/Brasilia-085-1600x1200.jpg 1600w, https:\/\/www.askja-on-tour.ch\/wp-content\/uploads\/2025\/09\/Brasilia-085-768x576.jpg 768w, https:\/\/www.askja-on-tour.ch\/wp-content\/uploads\/2025\/09\/Brasilia-085-1536x1152.jpg 1536w, https:\/\/www.askja-on-tour.ch\/wp-content\/uploads\/2025\/09\/Brasilia-085.jpg 2048w\" sizes=\"auto, (max-width: 1024px) 100vw, 1024px\" \/><\/p>\n<figure id=\"attachment_28575\" aria-describedby=\"caption-attachment-28575\" style=\"width: 1024px\" class=\"wp-caption alignnone\"><img loading=\"lazy\" decoding=\"async\" class=\"size-medium wp-image-28575\" src=\"https:\/\/www.askja-on-tour.ch\/wp-content\/uploads\/2025\/09\/Brasilia-086-1024x768.jpg\" alt=\"\" width=\"1024\" height=\"768\" srcset=\"https:\/\/www.askja-on-tour.ch\/wp-content\/uploads\/2025\/09\/Brasilia-086-1024x768.jpg 1024w, https:\/\/www.askja-on-tour.ch\/wp-content\/uploads\/2025\/09\/Brasilia-086-1600x1200.jpg 1600w, https:\/\/www.askja-on-tour.ch\/wp-content\/uploads\/2025\/09\/Brasilia-086-768x576.jpg 768w, https:\/\/www.askja-on-tour.ch\/wp-content\/uploads\/2025\/09\/Brasilia-086-1536x1152.jpg 1536w, https:\/\/www.askja-on-tour.ch\/wp-content\/uploads\/2025\/09\/Brasilia-086.jpg 2048w\" sizes=\"auto, (max-width: 1024px) 100vw, 1024px\" \/><figcaption id=\"caption-attachment-28575\" class=\"wp-caption-text\">Pal\u00e1cio Itamaraty (Aussenministerium)<\/figcaption><\/figure>\n<p><img loading=\"lazy\" decoding=\"async\" class=\"alignnone size-medium wp-image-28576\" src=\"https:\/\/www.askja-on-tour.ch\/wp-content\/uploads\/2025\/09\/Brasilia-087-1024x768.jpg\" alt=\"\" width=\"1024\" height=\"768\" srcset=\"https:\/\/www.askja-on-tour.ch\/wp-content\/uploads\/2025\/09\/Brasilia-087-1024x768.jpg 1024w, https:\/\/www.askja-on-tour.ch\/wp-content\/uploads\/2025\/09\/Brasilia-087-1600x1200.jpg 1600w, https:\/\/www.askja-on-tour.ch\/wp-content\/uploads\/2025\/09\/Brasilia-087-768x576.jpg 768w, https:\/\/www.askja-on-tour.ch\/wp-content\/uploads\/2025\/09\/Brasilia-087-1536x1152.jpg 1536w, https:\/\/www.askja-on-tour.ch\/wp-content\/uploads\/2025\/09\/Brasilia-087.jpg 2048w\" sizes=\"auto, (max-width: 1024px) 100vw, 1024px\" \/> <img loading=\"lazy\" decoding=\"async\" class=\"alignnone size-medium wp-image-28577\" src=\"https:\/\/www.askja-on-tour.ch\/wp-content\/uploads\/2025\/09\/Brasilia-088-768x1024.jpg\" alt=\"\" width=\"768\" height=\"1024\" srcset=\"https:\/\/www.askja-on-tour.ch\/wp-content\/uploads\/2025\/09\/Brasilia-088-768x1024.jpg 768w, https:\/\/www.askja-on-tour.ch\/wp-content\/uploads\/2025\/09\/Brasilia-088-1200x1600.jpg 1200w, https:\/\/www.askja-on-tour.ch\/wp-content\/uploads\/2025\/09\/Brasilia-088-1152x1536.jpg 1152w, https:\/\/www.askja-on-tour.ch\/wp-content\/uploads\/2025\/09\/Brasilia-088.jpg 1536w\" sizes=\"auto, (max-width: 768px) 100vw, 768px\" \/> <img loading=\"lazy\" decoding=\"async\" class=\"alignnone size-medium wp-image-28578\" src=\"https:\/\/www.askja-on-tour.ch\/wp-content\/uploads\/2025\/09\/Brasilia-089-1024x768.jpg\" alt=\"\" width=\"1024\" height=\"768\" srcset=\"https:\/\/www.askja-on-tour.ch\/wp-content\/uploads\/2025\/09\/Brasilia-089-1024x768.jpg 1024w, https:\/\/www.askja-on-tour.ch\/wp-content\/uploads\/2025\/09\/Brasilia-089-1600x1200.jpg 1600w, https:\/\/www.askja-on-tour.ch\/wp-content\/uploads\/2025\/09\/Brasilia-089-768x576.jpg 768w, https:\/\/www.askja-on-tour.ch\/wp-content\/uploads\/2025\/09\/Brasilia-089-1536x1152.jpg 1536w, https:\/\/www.askja-on-tour.ch\/wp-content\/uploads\/2025\/09\/Brasilia-089.jpg 2048w\" sizes=\"auto, (max-width: 1024px) 100vw, 1024px\" \/> <img loading=\"lazy\" decoding=\"async\" class=\"alignnone size-medium wp-image-28579\" src=\"https:\/\/www.askja-on-tour.ch\/wp-content\/uploads\/2025\/09\/Brasilia-090-768x1024.jpg\" alt=\"\" width=\"768\" height=\"1024\" srcset=\"https:\/\/www.askja-on-tour.ch\/wp-content\/uploads\/2025\/09\/Brasilia-090-768x1024.jpg 768w, https:\/\/www.askja-on-tour.ch\/wp-content\/uploads\/2025\/09\/Brasilia-090-1200x1600.jpg 1200w, https:\/\/www.askja-on-tour.ch\/wp-content\/uploads\/2025\/09\/Brasilia-090-1152x1536.jpg 1152w, https:\/\/www.askja-on-tour.ch\/wp-content\/uploads\/2025\/09\/Brasilia-090.jpg 1536w\" sizes=\"auto, (max-width: 768px) 100vw, 768px\" \/><\/p>\n<figure id=\"attachment_28612\" aria-describedby=\"caption-attachment-28612\" style=\"width: 1024px\" class=\"wp-caption alignnone\"><img loading=\"lazy\" decoding=\"async\" class=\"size-medium wp-image-28612\" src=\"https:\/\/www.askja-on-tour.ch\/wp-content\/uploads\/2025\/09\/praca-dos-tres-poderes-1024x585.jpg\" alt=\"\" width=\"1024\" height=\"585\" srcset=\"https:\/\/www.askja-on-tour.ch\/wp-content\/uploads\/2025\/09\/praca-dos-tres-poderes-1024x585.jpg 1024w, https:\/\/www.askja-on-tour.ch\/wp-content\/uploads\/2025\/09\/praca-dos-tres-poderes-768x439.jpg 768w, https:\/\/www.askja-on-tour.ch\/wp-content\/uploads\/2025\/09\/praca-dos-tres-poderes.jpg 1400w\" sizes=\"auto, (max-width: 1024px) 100vw, 1024px\" \/><figcaption id=\"caption-attachment-28612\" class=\"wp-caption-text\">Skulptur auf dem Platz der drei M\u00e4chte<\/figcaption><\/figure>\n<figure id=\"attachment_28580\" aria-describedby=\"caption-attachment-28580\" style=\"width: 1024px\" class=\"wp-caption alignnone\"><img loading=\"lazy\" decoding=\"async\" class=\"size-medium wp-image-28580\" src=\"https:\/\/www.askja-on-tour.ch\/wp-content\/uploads\/2025\/09\/Brasilia-091-1024x768.jpg\" alt=\"\" width=\"1024\" height=\"768\" srcset=\"https:\/\/www.askja-on-tour.ch\/wp-content\/uploads\/2025\/09\/Brasilia-091-1024x768.jpg 1024w, https:\/\/www.askja-on-tour.ch\/wp-content\/uploads\/2025\/09\/Brasilia-091-1600x1200.jpg 1600w, https:\/\/www.askja-on-tour.ch\/wp-content\/uploads\/2025\/09\/Brasilia-091-768x576.jpg 768w, https:\/\/www.askja-on-tour.ch\/wp-content\/uploads\/2025\/09\/Brasilia-091-1536x1152.jpg 1536w, https:\/\/www.askja-on-tour.ch\/wp-content\/uploads\/2025\/09\/Brasilia-091.jpg 2048w\" sizes=\"auto, (max-width: 1024px) 100vw, 1024px\" \/><figcaption id=\"caption-attachment-28580\" class=\"wp-caption-text\">Nationalkongress<\/figcaption><\/figure>\n<p><img loading=\"lazy\" decoding=\"async\" class=\"alignnone size-medium wp-image-28581\" src=\"https:\/\/www.askja-on-tour.ch\/wp-content\/uploads\/2025\/09\/Brasilia-092-1024x768.jpg\" alt=\"\" width=\"1024\" height=\"768\" srcset=\"https:\/\/www.askja-on-tour.ch\/wp-content\/uploads\/2025\/09\/Brasilia-092-1024x768.jpg 1024w, https:\/\/www.askja-on-tour.ch\/wp-content\/uploads\/2025\/09\/Brasilia-092-1600x1200.jpg 1600w, https:\/\/www.askja-on-tour.ch\/wp-content\/uploads\/2025\/09\/Brasilia-092-768x576.jpg 768w, https:\/\/www.askja-on-tour.ch\/wp-content\/uploads\/2025\/09\/Brasilia-092-1536x1152.jpg 1536w, https:\/\/www.askja-on-tour.ch\/wp-content\/uploads\/2025\/09\/Brasilia-092.jpg 2048w\" sizes=\"auto, (max-width: 1024px) 100vw, 1024px\" \/><\/p>\n<figure id=\"attachment_28582\" aria-describedby=\"caption-attachment-28582\" style=\"width: 1024px\" class=\"wp-caption alignnone\"><img loading=\"lazy\" decoding=\"async\" class=\"size-medium wp-image-28582\" src=\"https:\/\/www.askja-on-tour.ch\/wp-content\/uploads\/2025\/09\/Brasilia-093-1024x768.jpg\" alt=\"\" width=\"1024\" height=\"768\" srcset=\"https:\/\/www.askja-on-tour.ch\/wp-content\/uploads\/2025\/09\/Brasilia-093-1024x768.jpg 1024w, https:\/\/www.askja-on-tour.ch\/wp-content\/uploads\/2025\/09\/Brasilia-093-1600x1200.jpg 1600w, https:\/\/www.askja-on-tour.ch\/wp-content\/uploads\/2025\/09\/Brasilia-093-768x576.jpg 768w, https:\/\/www.askja-on-tour.ch\/wp-content\/uploads\/2025\/09\/Brasilia-093-1536x1152.jpg 1536w, https:\/\/www.askja-on-tour.ch\/wp-content\/uploads\/2025\/09\/Brasilia-093.jpg 2048w\" sizes=\"auto, (max-width: 1024px) 100vw, 1024px\" \/><figcaption id=\"caption-attachment-28582\" class=\"wp-caption-text\">Im Museum des Nationalkonresses<\/figcaption><\/figure>\n<p><img loading=\"lazy\" decoding=\"async\" class=\"alignnone size-medium wp-image-28583\" src=\"https:\/\/www.askja-on-tour.ch\/wp-content\/uploads\/2025\/09\/Brasilia-094-1024x768.jpg\" alt=\"\" width=\"1024\" height=\"768\" srcset=\"https:\/\/www.askja-on-tour.ch\/wp-content\/uploads\/2025\/09\/Brasilia-094-1024x768.jpg 1024w, https:\/\/www.askja-on-tour.ch\/wp-content\/uploads\/2025\/09\/Brasilia-094-1600x1200.jpg 1600w, https:\/\/www.askja-on-tour.ch\/wp-content\/uploads\/2025\/09\/Brasilia-094-768x576.jpg 768w, https:\/\/www.askja-on-tour.ch\/wp-content\/uploads\/2025\/09\/Brasilia-094-1536x1152.jpg 1536w, https:\/\/www.askja-on-tour.ch\/wp-content\/uploads\/2025\/09\/Brasilia-094.jpg 2048w\" sizes=\"auto, (max-width: 1024px) 100vw, 1024px\" \/> <img loading=\"lazy\" decoding=\"async\" class=\"alignnone size-medium wp-image-28584\" src=\"https:\/\/www.askja-on-tour.ch\/wp-content\/uploads\/2025\/09\/Brasilia-095-768x1024.jpg\" alt=\"\" width=\"768\" height=\"1024\" srcset=\"https:\/\/www.askja-on-tour.ch\/wp-content\/uploads\/2025\/09\/Brasilia-095-768x1024.jpg 768w, https:\/\/www.askja-on-tour.ch\/wp-content\/uploads\/2025\/09\/Brasilia-095-1200x1600.jpg 1200w, https:\/\/www.askja-on-tour.ch\/wp-content\/uploads\/2025\/09\/Brasilia-095-1152x1536.jpg 1152w, https:\/\/www.askja-on-tour.ch\/wp-content\/uploads\/2025\/09\/Brasilia-095.jpg 1536w\" sizes=\"auto, (max-width: 768px) 100vw, 768px\" \/><\/p>\n<figure id=\"attachment_28587\" aria-describedby=\"caption-attachment-28587\" style=\"width: 1024px\" class=\"wp-caption alignnone\"><img loading=\"lazy\" decoding=\"async\" class=\"wp-image-28587 size-medium\" src=\"https:\/\/www.askja-on-tour.ch\/wp-content\/uploads\/2025\/09\/Brasilia-098-1024x768.jpg\" alt=\"\" width=\"1024\" height=\"768\" srcset=\"https:\/\/www.askja-on-tour.ch\/wp-content\/uploads\/2025\/09\/Brasilia-098-1024x768.jpg 1024w, https:\/\/www.askja-on-tour.ch\/wp-content\/uploads\/2025\/09\/Brasilia-098-1600x1200.jpg 1600w, https:\/\/www.askja-on-tour.ch\/wp-content\/uploads\/2025\/09\/Brasilia-098-768x576.jpg 768w, https:\/\/www.askja-on-tour.ch\/wp-content\/uploads\/2025\/09\/Brasilia-098-1536x1152.jpg 1536w, https:\/\/www.askja-on-tour.ch\/wp-content\/uploads\/2025\/09\/Brasilia-098.jpg 2048w\" sizes=\"auto, (max-width: 1024px) 100vw, 1024px\" \/><figcaption id=\"caption-attachment-28587\" class=\"wp-caption-text\">Pal\u00e1cio do Planalto (Regierungs-Palast des Staatspr\u00e4sidenten), seit 2023 Luiz In\u00e1cio Lula da Silva<\/figcaption><\/figure>\n<p><img loading=\"lazy\" decoding=\"async\" class=\"alignnone size-medium wp-image-28588\" src=\"https:\/\/www.askja-on-tour.ch\/wp-content\/uploads\/2025\/09\/Brasilia-099-1024x768.jpg\" alt=\"\" width=\"1024\" height=\"768\" srcset=\"https:\/\/www.askja-on-tour.ch\/wp-content\/uploads\/2025\/09\/Brasilia-099-1024x768.jpg 1024w, https:\/\/www.askja-on-tour.ch\/wp-content\/uploads\/2025\/09\/Brasilia-099-1600x1200.jpg 1600w, https:\/\/www.askja-on-tour.ch\/wp-content\/uploads\/2025\/09\/Brasilia-099-768x576.jpg 768w, https:\/\/www.askja-on-tour.ch\/wp-content\/uploads\/2025\/09\/Brasilia-099-1536x1152.jpg 1536w, https:\/\/www.askja-on-tour.ch\/wp-content\/uploads\/2025\/09\/Brasilia-099.jpg 2048w\" sizes=\"auto, (max-width: 1024px) 100vw, 1024px\" \/><\/p>\n<p><img loading=\"lazy\" decoding=\"async\" class=\"alignnone size-medium wp-image-28590\" src=\"https:\/\/www.askja-on-tour.ch\/wp-content\/uploads\/2025\/09\/Brasilia-101-1024x768.jpg\" alt=\"\" width=\"1024\" height=\"768\" srcset=\"https:\/\/www.askja-on-tour.ch\/wp-content\/uploads\/2025\/09\/Brasilia-101-1024x768.jpg 1024w, https:\/\/www.askja-on-tour.ch\/wp-content\/uploads\/2025\/09\/Brasilia-101-1600x1200.jpg 1600w, https:\/\/www.askja-on-tour.ch\/wp-content\/uploads\/2025\/09\/Brasilia-101-768x576.jpg 768w, https:\/\/www.askja-on-tour.ch\/wp-content\/uploads\/2025\/09\/Brasilia-101-1536x1152.jpg 1536w, https:\/\/www.askja-on-tour.ch\/wp-content\/uploads\/2025\/09\/Brasilia-101.jpg 2048w\" sizes=\"auto, (max-width: 1024px) 100vw, 1024px\" \/><\/p>\n<figure id=\"attachment_28589\" aria-describedby=\"caption-attachment-28589\" style=\"width: 768px\" class=\"wp-caption alignnone\"><img loading=\"lazy\" decoding=\"async\" class=\"size-medium wp-image-28589\" src=\"https:\/\/www.askja-on-tour.ch\/wp-content\/uploads\/2025\/09\/Brasilia-100-768x1024.jpg\" alt=\"\" width=\"768\" height=\"1024\" srcset=\"https:\/\/www.askja-on-tour.ch\/wp-content\/uploads\/2025\/09\/Brasilia-100-768x1024.jpg 768w, https:\/\/www.askja-on-tour.ch\/wp-content\/uploads\/2025\/09\/Brasilia-100-1200x1600.jpg 1200w, https:\/\/www.askja-on-tour.ch\/wp-content\/uploads\/2025\/09\/Brasilia-100-1152x1536.jpg 1152w, https:\/\/www.askja-on-tour.ch\/wp-content\/uploads\/2025\/09\/Brasilia-100.jpg 1536w\" sizes=\"auto, (max-width: 768px) 100vw, 768px\" \/><figcaption id=\"caption-attachment-28589\" class=\"wp-caption-text\">Es ist heiss und der Helm ist verrutscht ob der Hitze<\/figcaption><\/figure>\n<figure id=\"attachment_28593\" aria-describedby=\"caption-attachment-28593\" style=\"width: 1024px\" class=\"wp-caption alignnone\"><img loading=\"lazy\" decoding=\"async\" class=\"wp-image-28593 size-medium\" src=\"https:\/\/www.askja-on-tour.ch\/wp-content\/uploads\/2025\/09\/Brasilia-104-1024x768.jpg\" alt=\"\" width=\"1024\" height=\"768\" srcset=\"https:\/\/www.askja-on-tour.ch\/wp-content\/uploads\/2025\/09\/Brasilia-104-1024x768.jpg 1024w, https:\/\/www.askja-on-tour.ch\/wp-content\/uploads\/2025\/09\/Brasilia-104-1600x1200.jpg 1600w, https:\/\/www.askja-on-tour.ch\/wp-content\/uploads\/2025\/09\/Brasilia-104-768x576.jpg 768w, https:\/\/www.askja-on-tour.ch\/wp-content\/uploads\/2025\/09\/Brasilia-104-1536x1152.jpg 1536w, https:\/\/www.askja-on-tour.ch\/wp-content\/uploads\/2025\/09\/Brasilia-104.jpg 2048w\" sizes=\"auto, (max-width: 1024px) 100vw, 1024px\" \/><figcaption id=\"caption-attachment-28593\" class=\"wp-caption-text\">Supremo Tribunal Federal (oberstes Gericht)<\/figcaption><\/figure>\n<p><img loading=\"lazy\" decoding=\"async\" class=\"alignnone size-medium wp-image-28592\" src=\"https:\/\/www.askja-on-tour.ch\/wp-content\/uploads\/2025\/09\/Brasilia-103-1024x768.jpg\" alt=\"\" width=\"1024\" height=\"768\" srcset=\"https:\/\/www.askja-on-tour.ch\/wp-content\/uploads\/2025\/09\/Brasilia-103-1024x768.jpg 1024w, https:\/\/www.askja-on-tour.ch\/wp-content\/uploads\/2025\/09\/Brasilia-103-1600x1200.jpg 1600w, https:\/\/www.askja-on-tour.ch\/wp-content\/uploads\/2025\/09\/Brasilia-103-768x576.jpg 768w, https:\/\/www.askja-on-tour.ch\/wp-content\/uploads\/2025\/09\/Brasilia-103-1536x1152.jpg 1536w, https:\/\/www.askja-on-tour.ch\/wp-content\/uploads\/2025\/09\/Brasilia-103.jpg 2048w\" sizes=\"auto, (max-width: 1024px) 100vw, 1024px\" \/><\/p>\n<p>Den Tag haben wir am <strong>Lago Paranoa<\/strong> ausklingen lassen. Es ist ein k\u00fcnstlicher See, \u00fcber den sich die <strong>JK (Juscelino-Kubitschek)-Br\u00fccke<\/strong> spannt. Die drei riesigen Stahlb\u00f6gen sind von weit her sichtbar. Die Br\u00fccke wurde aber ausnahmsweise nicht von Niemeyer entworfen, sondern vom Architekten Alexandre Chan.<\/p>\n<figure id=\"attachment_28594\" aria-describedby=\"caption-attachment-28594\" style=\"width: 1024px\" class=\"wp-caption alignnone\"><img loading=\"lazy\" decoding=\"async\" class=\"size-medium wp-image-28594\" src=\"https:\/\/www.askja-on-tour.ch\/wp-content\/uploads\/2025\/09\/Brasilia-105-1024x768.jpg\" alt=\"\" width=\"1024\" height=\"768\" srcset=\"https:\/\/www.askja-on-tour.ch\/wp-content\/uploads\/2025\/09\/Brasilia-105-1024x768.jpg 1024w, https:\/\/www.askja-on-tour.ch\/wp-content\/uploads\/2025\/09\/Brasilia-105-1600x1200.jpg 1600w, https:\/\/www.askja-on-tour.ch\/wp-content\/uploads\/2025\/09\/Brasilia-105-768x576.jpg 768w, https:\/\/www.askja-on-tour.ch\/wp-content\/uploads\/2025\/09\/Brasilia-105-1536x1152.jpg 1536w, https:\/\/www.askja-on-tour.ch\/wp-content\/uploads\/2025\/09\/Brasilia-105.jpg 2048w\" sizes=\"auto, (max-width: 1024px) 100vw, 1024px\" \/><figcaption id=\"caption-attachment-28594\" class=\"wp-caption-text\">Am Paranoa-See mit der JK-Br\u00fccke<\/figcaption><\/figure>\n<p><img loading=\"lazy\" decoding=\"async\" class=\"alignnone size-medium wp-image-28595\" src=\"https:\/\/www.askja-on-tour.ch\/wp-content\/uploads\/2025\/09\/Brasilia-106-1024x768.jpg\" alt=\"\" width=\"1024\" height=\"768\" srcset=\"https:\/\/www.askja-on-tour.ch\/wp-content\/uploads\/2025\/09\/Brasilia-106-1024x768.jpg 1024w, https:\/\/www.askja-on-tour.ch\/wp-content\/uploads\/2025\/09\/Brasilia-106-1600x1200.jpg 1600w, https:\/\/www.askja-on-tour.ch\/wp-content\/uploads\/2025\/09\/Brasilia-106-768x576.jpg 768w, https:\/\/www.askja-on-tour.ch\/wp-content\/uploads\/2025\/09\/Brasilia-106-1536x1152.jpg 1536w, https:\/\/www.askja-on-tour.ch\/wp-content\/uploads\/2025\/09\/Brasilia-106.jpg 2048w\" sizes=\"auto, (max-width: 1024px) 100vw, 1024px\" \/><\/p>\n<p>Unser Platz war am Centro de tradi\u00e7\u00f5es ga\u00fachas. Zuf\u00e4lligerweise haben wir an der T\u00fcre gesehen, dass am 13.9. der Start der Semana Farroupilha. Die ist die Festwoche, in der die Gauchos und ihre Kultur geehrt wird. Wir durften am Fahnenaufzug und am anschliessenden Essen teilnehmen.<\/p>\n<figure id=\"attachment_28599\" aria-describedby=\"caption-attachment-28599\" style=\"width: 1024px\" class=\"wp-caption alignnone\"><img loading=\"lazy\" decoding=\"async\" class=\"size-medium wp-image-28599\" src=\"https:\/\/www.askja-on-tour.ch\/wp-content\/uploads\/2025\/09\/Brasilia-110-1024x768.jpg\" alt=\"\" width=\"1024\" height=\"768\" srcset=\"https:\/\/www.askja-on-tour.ch\/wp-content\/uploads\/2025\/09\/Brasilia-110-1024x768.jpg 1024w, https:\/\/www.askja-on-tour.ch\/wp-content\/uploads\/2025\/09\/Brasilia-110-1600x1200.jpg 1600w, https:\/\/www.askja-on-tour.ch\/wp-content\/uploads\/2025\/09\/Brasilia-110-768x576.jpg 768w, https:\/\/www.askja-on-tour.ch\/wp-content\/uploads\/2025\/09\/Brasilia-110-1536x1152.jpg 1536w, https:\/\/www.askja-on-tour.ch\/wp-content\/uploads\/2025\/09\/Brasilia-110.jpg 2048w\" sizes=\"auto, (max-width: 1024px) 100vw, 1024px\" \/><figcaption id=\"caption-attachment-28599\" class=\"wp-caption-text\">Zum Start der Semana Farroupilha werden die Flaggen gehiesst<\/figcaption><\/figure>\n<p><img loading=\"lazy\" decoding=\"async\" class=\"alignnone size-medium wp-image-28600\" src=\"https:\/\/www.askja-on-tour.ch\/wp-content\/uploads\/2025\/09\/Brasilia-111-1024x768.jpg\" alt=\"\" width=\"1024\" height=\"768\" srcset=\"https:\/\/www.askja-on-tour.ch\/wp-content\/uploads\/2025\/09\/Brasilia-111-1024x768.jpg 1024w, https:\/\/www.askja-on-tour.ch\/wp-content\/uploads\/2025\/09\/Brasilia-111-1600x1200.jpg 1600w, https:\/\/www.askja-on-tour.ch\/wp-content\/uploads\/2025\/09\/Brasilia-111-768x576.jpg 768w, https:\/\/www.askja-on-tour.ch\/wp-content\/uploads\/2025\/09\/Brasilia-111-1536x1152.jpg 1536w, https:\/\/www.askja-on-tour.ch\/wp-content\/uploads\/2025\/09\/Brasilia-111.jpg 2048w\" sizes=\"auto, (max-width: 1024px) 100vw, 1024px\" \/><\/p>\n<figure id=\"attachment_28601\" aria-describedby=\"caption-attachment-28601\" style=\"width: 1024px\" class=\"wp-caption alignnone\"><img loading=\"lazy\" decoding=\"async\" class=\"size-medium wp-image-28601\" src=\"https:\/\/www.askja-on-tour.ch\/wp-content\/uploads\/2025\/09\/Brasilia-112-1024x768.jpg\" alt=\"\" width=\"1024\" height=\"768\" srcset=\"https:\/\/www.askja-on-tour.ch\/wp-content\/uploads\/2025\/09\/Brasilia-112-1024x768.jpg 1024w, https:\/\/www.askja-on-tour.ch\/wp-content\/uploads\/2025\/09\/Brasilia-112-1600x1200.jpg 1600w, https:\/\/www.askja-on-tour.ch\/wp-content\/uploads\/2025\/09\/Brasilia-112-768x576.jpg 768w, https:\/\/www.askja-on-tour.ch\/wp-content\/uploads\/2025\/09\/Brasilia-112-1536x1152.jpg 1536w, https:\/\/www.askja-on-tour.ch\/wp-content\/uploads\/2025\/09\/Brasilia-112.jpg 2048w\" sizes=\"auto, (max-width: 1024px) 100vw, 1024px\" \/><figcaption id=\"caption-attachment-28601\" class=\"wp-caption-text\">&#8230; und die Flamme der Gauchos entfacht<\/figcaption><\/figure>\n<p><img loading=\"lazy\" decoding=\"async\" class=\"alignnone size-medium wp-image-28602\" src=\"https:\/\/www.askja-on-tour.ch\/wp-content\/uploads\/2025\/09\/Brasilia-113-1024x768.jpg\" alt=\"\" width=\"1024\" height=\"768\" srcset=\"https:\/\/www.askja-on-tour.ch\/wp-content\/uploads\/2025\/09\/Brasilia-113-1024x768.jpg 1024w, https:\/\/www.askja-on-tour.ch\/wp-content\/uploads\/2025\/09\/Brasilia-113-1600x1200.jpg 1600w, https:\/\/www.askja-on-tour.ch\/wp-content\/uploads\/2025\/09\/Brasilia-113-768x576.jpg 768w, https:\/\/www.askja-on-tour.ch\/wp-content\/uploads\/2025\/09\/Brasilia-113-1536x1152.jpg 1536w, https:\/\/www.askja-on-tour.ch\/wp-content\/uploads\/2025\/09\/Brasilia-113.jpg 2048w\" sizes=\"auto, (max-width: 1024px) 100vw, 1024px\" \/> <img loading=\"lazy\" decoding=\"async\" class=\"alignnone size-medium wp-image-28603\" src=\"https:\/\/www.askja-on-tour.ch\/wp-content\/uploads\/2025\/09\/Brasilia-114-1024x576.jpg\" alt=\"\" width=\"1024\" height=\"576\" srcset=\"https:\/\/www.askja-on-tour.ch\/wp-content\/uploads\/2025\/09\/Brasilia-114-1024x576.jpg 1024w, https:\/\/www.askja-on-tour.ch\/wp-content\/uploads\/2025\/09\/Brasilia-114-1600x900.jpg 1600w, https:\/\/www.askja-on-tour.ch\/wp-content\/uploads\/2025\/09\/Brasilia-114-768x432.jpg 768w, https:\/\/www.askja-on-tour.ch\/wp-content\/uploads\/2025\/09\/Brasilia-114-1536x864.jpg 1536w, https:\/\/www.askja-on-tour.ch\/wp-content\/uploads\/2025\/09\/Brasilia-114.jpg 2048w\" sizes=\"auto, (max-width: 1024px) 100vw, 1024px\" \/> <img loading=\"lazy\" decoding=\"async\" class=\"alignnone size-medium wp-image-28604\" src=\"https:\/\/www.askja-on-tour.ch\/wp-content\/uploads\/2025\/09\/Brasilia-115-1024x768.jpg\" alt=\"\" width=\"1024\" height=\"768\" srcset=\"https:\/\/www.askja-on-tour.ch\/wp-content\/uploads\/2025\/09\/Brasilia-115-1024x768.jpg 1024w, https:\/\/www.askja-on-tour.ch\/wp-content\/uploads\/2025\/09\/Brasilia-115-1600x1200.jpg 1600w, https:\/\/www.askja-on-tour.ch\/wp-content\/uploads\/2025\/09\/Brasilia-115-768x576.jpg 768w, https:\/\/www.askja-on-tour.ch\/wp-content\/uploads\/2025\/09\/Brasilia-115-1536x1152.jpg 1536w, https:\/\/www.askja-on-tour.ch\/wp-content\/uploads\/2025\/09\/Brasilia-115.jpg 2048w\" sizes=\"auto, (max-width: 1024px) 100vw, 1024px\" \/> <img loading=\"lazy\" decoding=\"async\" class=\"alignnone size-medium wp-image-28605\" src=\"https:\/\/www.askja-on-tour.ch\/wp-content\/uploads\/2025\/09\/Brasilia-116-1024x768.jpg\" alt=\"\" width=\"1024\" height=\"768\" srcset=\"https:\/\/www.askja-on-tour.ch\/wp-content\/uploads\/2025\/09\/Brasilia-116-1024x768.jpg 1024w, https:\/\/www.askja-on-tour.ch\/wp-content\/uploads\/2025\/09\/Brasilia-116-1600x1200.jpg 1600w, https:\/\/www.askja-on-tour.ch\/wp-content\/uploads\/2025\/09\/Brasilia-116-768x576.jpg 768w, https:\/\/www.askja-on-tour.ch\/wp-content\/uploads\/2025\/09\/Brasilia-116-1536x1152.jpg 1536w, https:\/\/www.askja-on-tour.ch\/wp-content\/uploads\/2025\/09\/Brasilia-116.jpg 2048w\" sizes=\"auto, (max-width: 1024px) 100vw, 1024px\" \/> <img loading=\"lazy\" decoding=\"async\" class=\"alignnone size-medium wp-image-28606\" src=\"https:\/\/www.askja-on-tour.ch\/wp-content\/uploads\/2025\/09\/Brasilia-117-1024x768.jpg\" alt=\"\" width=\"1024\" height=\"768\" srcset=\"https:\/\/www.askja-on-tour.ch\/wp-content\/uploads\/2025\/09\/Brasilia-117-1024x768.jpg 1024w, https:\/\/www.askja-on-tour.ch\/wp-content\/uploads\/2025\/09\/Brasilia-117-1600x1200.jpg 1600w, https:\/\/www.askja-on-tour.ch\/wp-content\/uploads\/2025\/09\/Brasilia-117-768x576.jpg 768w, https:\/\/www.askja-on-tour.ch\/wp-content\/uploads\/2025\/09\/Brasilia-117-1536x1152.jpg 1536w, https:\/\/www.askja-on-tour.ch\/wp-content\/uploads\/2025\/09\/Brasilia-117.jpg 2048w\" sizes=\"auto, (max-width: 1024px) 100vw, 1024px\" \/> <img loading=\"lazy\" decoding=\"async\" class=\"alignnone size-medium wp-image-28607\" src=\"https:\/\/www.askja-on-tour.ch\/wp-content\/uploads\/2025\/09\/Brasilia-118-1024x768.jpg\" alt=\"\" width=\"1024\" height=\"768\" srcset=\"https:\/\/www.askja-on-tour.ch\/wp-content\/uploads\/2025\/09\/Brasilia-118-1024x768.jpg 1024w, https:\/\/www.askja-on-tour.ch\/wp-content\/uploads\/2025\/09\/Brasilia-118-1600x1200.jpg 1600w, https:\/\/www.askja-on-tour.ch\/wp-content\/uploads\/2025\/09\/Brasilia-118-768x576.jpg 768w, https:\/\/www.askja-on-tour.ch\/wp-content\/uploads\/2025\/09\/Brasilia-118-1536x1152.jpg 1536w, https:\/\/www.askja-on-tour.ch\/wp-content\/uploads\/2025\/09\/Brasilia-118.jpg 2048w\" sizes=\"auto, (max-width: 1024px) 100vw, 1024px\" \/><\/p>\n<figure id=\"attachment_28608\" aria-describedby=\"caption-attachment-28608\" style=\"width: 1024px\" class=\"wp-caption alignnone\"><img loading=\"lazy\" decoding=\"async\" class=\"size-medium wp-image-28608\" src=\"https:\/\/www.askja-on-tour.ch\/wp-content\/uploads\/2025\/09\/Brasilia-119-1024x768.jpg\" alt=\"\" width=\"1024\" height=\"768\" srcset=\"https:\/\/www.askja-on-tour.ch\/wp-content\/uploads\/2025\/09\/Brasilia-119-1024x768.jpg 1024w, https:\/\/www.askja-on-tour.ch\/wp-content\/uploads\/2025\/09\/Brasilia-119-1600x1200.jpg 1600w, https:\/\/www.askja-on-tour.ch\/wp-content\/uploads\/2025\/09\/Brasilia-119-768x576.jpg 768w, https:\/\/www.askja-on-tour.ch\/wp-content\/uploads\/2025\/09\/Brasilia-119-1536x1152.jpg 1536w, https:\/\/www.askja-on-tour.ch\/wp-content\/uploads\/2025\/09\/Brasilia-119.jpg 2048w\" sizes=\"auto, (max-width: 1024px) 100vw, 1024px\" \/><figcaption id=\"caption-attachment-28608\" class=\"wp-caption-text\">&#8230; kleines Fest mit Gesang<\/figcaption><\/figure>\n<figure id=\"attachment_28609\" aria-describedby=\"caption-attachment-28609\" style=\"width: 1024px\" class=\"wp-caption alignnone\"><img loading=\"lazy\" decoding=\"async\" class=\"size-medium wp-image-28609\" src=\"https:\/\/www.askja-on-tour.ch\/wp-content\/uploads\/2025\/09\/Brasilia-120-1024x768.jpg\" alt=\"\" width=\"1024\" height=\"768\" srcset=\"https:\/\/www.askja-on-tour.ch\/wp-content\/uploads\/2025\/09\/Brasilia-120-1024x768.jpg 1024w, https:\/\/www.askja-on-tour.ch\/wp-content\/uploads\/2025\/09\/Brasilia-120-1600x1200.jpg 1600w, https:\/\/www.askja-on-tour.ch\/wp-content\/uploads\/2025\/09\/Brasilia-120-768x576.jpg 768w, https:\/\/www.askja-on-tour.ch\/wp-content\/uploads\/2025\/09\/Brasilia-120-1536x1152.jpg 1536w, https:\/\/www.askja-on-tour.ch\/wp-content\/uploads\/2025\/09\/Brasilia-120.jpg 2048w\" sizes=\"auto, (max-width: 1024px) 100vw, 1024px\" \/><figcaption id=\"caption-attachment-28609\" class=\"wp-caption-text\">Eva mit dem traditionellen Kleid f\u00fcr die Farroupilha<\/figcaption><\/figure>\n<figure id=\"attachment_28610\" aria-describedby=\"caption-attachment-28610\" style=\"width: 1024px\" class=\"wp-caption alignnone\"><img loading=\"lazy\" decoding=\"async\" class=\"size-medium wp-image-28610\" src=\"https:\/\/www.askja-on-tour.ch\/wp-content\/uploads\/2025\/09\/Brasilia-121-1024x768.jpg\" alt=\"\" width=\"1024\" height=\"768\" srcset=\"https:\/\/www.askja-on-tour.ch\/wp-content\/uploads\/2025\/09\/Brasilia-121-1024x768.jpg 1024w, https:\/\/www.askja-on-tour.ch\/wp-content\/uploads\/2025\/09\/Brasilia-121-1600x1200.jpg 1600w, https:\/\/www.askja-on-tour.ch\/wp-content\/uploads\/2025\/09\/Brasilia-121-768x576.jpg 768w, https:\/\/www.askja-on-tour.ch\/wp-content\/uploads\/2025\/09\/Brasilia-121-1536x1152.jpg 1536w, https:\/\/www.askja-on-tour.ch\/wp-content\/uploads\/2025\/09\/Brasilia-121.jpg 2048w\" sizes=\"auto, (max-width: 1024px) 100vw, 1024px\" \/><figcaption id=\"caption-attachment-28610\" class=\"wp-caption-text\">Eva und Petry, der ehemalige Pr\u00e4sident des Gaucho-Clubs<\/figcaption><\/figure>\n<figure id=\"attachment_28611\" aria-describedby=\"caption-attachment-28611\" style=\"width: 1024px\" class=\"wp-caption alignnone\"><img loading=\"lazy\" decoding=\"async\" class=\"wp-image-28611 size-medium\" src=\"https:\/\/www.askja-on-tour.ch\/wp-content\/uploads\/2025\/09\/Brasilia-122-1024x768.jpg\" alt=\"\" width=\"1024\" height=\"768\" srcset=\"https:\/\/www.askja-on-tour.ch\/wp-content\/uploads\/2025\/09\/Brasilia-122-1024x768.jpg 1024w, https:\/\/www.askja-on-tour.ch\/wp-content\/uploads\/2025\/09\/Brasilia-122-1600x1200.jpg 1600w, https:\/\/www.askja-on-tour.ch\/wp-content\/uploads\/2025\/09\/Brasilia-122-768x576.jpg 768w, https:\/\/www.askja-on-tour.ch\/wp-content\/uploads\/2025\/09\/Brasilia-122-1536x1152.jpg 1536w, https:\/\/www.askja-on-tour.ch\/wp-content\/uploads\/2025\/09\/Brasilia-122.jpg 2048w\" sizes=\"auto, (max-width: 1024px) 100vw, 1024px\" \/><figcaption id=\"caption-attachment-28611\" class=\"wp-caption-text\">Der ganze Vorstand des Gaucho-Clubs &#8211; in der Mitte der heutige Pr\u00e4sident und rechts die Ausl\u00e4nder<\/figcaption><\/figure>\n<p>Und nun ist das n\u00e4chste Ziel in Teiletappen den Emas Nationalpark, der aber gut 600 km von Brasilia entfernt liegt.<\/p>\n\n\n","protected":false},"excerpt":{"rendered":"<p>Karte mit unserer aktuellen Route Nach dem Nationalpark Chapada Diamantina sind wir in verdaubaren Tagesetappen und Stellpl\u00e4tzen an Hotels und Grosstankstellen nach Bras\u00edlia gefahren. Unser erster Campingplatz in Bras\u00edlia haben wir ganz anders erwartet. Wir wussten, dass er gut 40<\/p>\n","protected":false},"author":3,"featured_media":0,"comment_status":"open","ping_status":"closed","sticky":false,"template":"","format":"standard","meta":{"footnotes":""},"categories":[58,50],"tags":[],"class_list":["post-28487","post","type-post","status-publish","format-standard","hentry","category-brasilien-2025","category-suedamerika_2024_2026"],"_links":{"self":[{"href":"https:\/\/www.askja-on-tour.ch\/index.php?rest_route=\/wp\/v2\/posts\/28487","targetHints":{"allow":["GET"]}}],"collection":[{"href":"https:\/\/www.askja-on-tour.ch\/index.php?rest_route=\/wp\/v2\/posts"}],"about":[{"href":"https:\/\/www.askja-on-tour.ch\/index.php?rest_route=\/wp\/v2\/types\/post"}],"author":[{"embeddable":true,"href":"https:\/\/www.askja-on-tour.ch\/index.php?rest_route=\/wp\/v2\/users\/3"}],"replies":[{"embeddable":true,"href":"https:\/\/www.askja-on-tour.ch\/index.php?rest_route=%2Fwp%2Fv2%2Fcomments&post=28487"}],"version-history":[{"count":8,"href":"https:\/\/www.askja-on-tour.ch\/index.php?rest_route=\/wp\/v2\/posts\/28487\/revisions"}],"predecessor-version":[{"id":28624,"href":"https:\/\/www.askja-on-tour.ch\/index.php?rest_route=\/wp\/v2\/posts\/28487\/revisions\/28624"}],"wp:attachment":[{"href":"https:\/\/www.askja-on-tour.ch\/index.php?rest_route=%2Fwp%2Fv2%2Fmedia&parent=28487"}],"wp:term":[{"taxonomy":"category","embeddable":true,"href":"https:\/\/www.askja-on-tour.ch\/index.php?rest_route=%2Fwp%2Fv2%2Fcategories&post=28487"},{"taxonomy":"post_tag","embeddable":true,"href":"https:\/\/www.askja-on-tour.ch\/index.php?rest_route=%2Fwp%2Fv2%2Ftags&post=28487"}],"curies":[{"name":"wp","href":"https:\/\/api.w.org\/{rel}","templated":true}]}}