{"id":28219,"date":"2025-09-07T18:15:07","date_gmt":"2025-09-07T18:15:07","guid":{"rendered":"https:\/\/www.askja-on-tour.ch\/?p=28219"},"modified":"2025-09-07T18:32:07","modified_gmt":"2025-09-07T18:32:07","slug":"02-09-04-09-2025-salvador-do-bahia-eine-stadt-voller-lebensfreude","status":"publish","type":"post","link":"https:\/\/www.askja-on-tour.ch\/?p=28219","title":{"rendered":"02.09. \u2013 04.09.2025: Salvador do Bahia \u2013 eine Stadt voller Lebensfreude"},"content":{"rendered":"\n\n\n<p><a href=\"https:\/\/www.google.com\/maps\/d\/edit?mid=1XrGOkiaabyAXfNTfQ7uZuAuE7ziEEnQ&amp;usp=sharing\" target=\"_blank\" rel=\"noopener\">Karte mit unserer aktuellen Route<\/a><\/p>\n<p>Der historische Name lautet S\u00e3o Salvador da Bahia de Todos os Santos (Heiliger Erl\u00f6ser an der Allerheiligenbucht). Der Name geht auf den Tag der Ankunft der ersten Seefahrer zur\u00fcck, den 1. November 1501. Salvador da Bahia wurde 1549 gegr\u00fcndet und war die erste Hauptstadt des kolonialen Brasiliens, ein wichtiges Zentrum f\u00fcr den Zuckerhandel und den afrikanischen Sklavenhandel. Nach dem Verlust des Hauptstadtstatus 1763 konzentrierte sich die Stadt auf ihre Rolle als kulturelles und wirtschaftliches Zentrum im Nordosten Brasiliens. Die gut erhaltene historische Altstadt, das Pelourinho, ist heute ein UNESCO-Weltkulturerbe und ein Zeugnis der reichen afro-brasilianischen Kultur, die aus dieser turbulenten Vergangenheit hervorging<\/p>\n<p>Salvador da Bahia ist bekannt f\u00fcr die farbenfrohe Kolonialarchitektur, lebendige Musikszene und beeindruckende Str\u00e4nde.<\/p>\n<p>Eine steile Klippe unterteilt die Stadt in zwei H\u00e4lften: der Cidade Alta (Oberstadt) sowie der Cidade Baixa (Unterstadt).<\/p>\n<p>Auch wenn Salvador als eine der gef\u00e4hrlichsten St\u00e4dte Brasiliens gilt, wollten wir uns diese nicht entgehen lassen. Im Itapua Caravanpark, ca. 30 km ausserhalb des historischen Zentrums, haben wir einen gut bewachten Platz gefunden.<\/p>\n<figure id=\"attachment_28220\" aria-describedby=\"caption-attachment-28220\" style=\"width: 1024px\" class=\"wp-caption alignnone\"><img loading=\"lazy\" decoding=\"async\" class=\"size-medium wp-image-28220\" src=\"https:\/\/www.askja-on-tour.ch\/wp-content\/uploads\/2025\/09\/Salavador-001-1024x768.jpg\" alt=\"\" width=\"1024\" height=\"768\" srcset=\"https:\/\/www.askja-on-tour.ch\/wp-content\/uploads\/2025\/09\/Salavador-001-1024x768.jpg 1024w, https:\/\/www.askja-on-tour.ch\/wp-content\/uploads\/2025\/09\/Salavador-001-1600x1200.jpg 1600w, https:\/\/www.askja-on-tour.ch\/wp-content\/uploads\/2025\/09\/Salavador-001-768x576.jpg 768w, https:\/\/www.askja-on-tour.ch\/wp-content\/uploads\/2025\/09\/Salavador-001-1536x1152.jpg 1536w, https:\/\/www.askja-on-tour.ch\/wp-content\/uploads\/2025\/09\/Salavador-001.jpg 2048w\" sizes=\"auto, (max-width: 1024px) 100vw, 1024px\" \/><figcaption id=\"caption-attachment-28220\" class=\"wp-caption-text\">Das grosse Eisentor mit einem Weissb\u00fcschelaffen -Gem\u00e4lde zum Campingplatz und der morgentliche Besuch (Pferd durchsucht M\u00fcll). Die Weissb\u00fcschelaffen waren \u00fcberall in den B\u00e4umen versteckt und wer etwas Essbares auf dem Tisch lies, das klein genug zum Greifen f\u00fcr sie war, wurde stipitzt. Der Affe ist ca. 20 cm gross.<\/figcaption><\/figure>\n<figure id=\"attachment_28221\" aria-describedby=\"caption-attachment-28221\" style=\"width: 1024px\" class=\"wp-caption alignnone\"><img loading=\"lazy\" decoding=\"async\" class=\"size-medium wp-image-28221\" src=\"https:\/\/www.askja-on-tour.ch\/wp-content\/uploads\/2025\/09\/Salavador-002-1024x768.jpg\" alt=\"\" width=\"1024\" height=\"768\" srcset=\"https:\/\/www.askja-on-tour.ch\/wp-content\/uploads\/2025\/09\/Salavador-002-1024x768.jpg 1024w, https:\/\/www.askja-on-tour.ch\/wp-content\/uploads\/2025\/09\/Salavador-002-1600x1200.jpg 1600w, https:\/\/www.askja-on-tour.ch\/wp-content\/uploads\/2025\/09\/Salavador-002-768x576.jpg 768w, https:\/\/www.askja-on-tour.ch\/wp-content\/uploads\/2025\/09\/Salavador-002-1536x1152.jpg 1536w, https:\/\/www.askja-on-tour.ch\/wp-content\/uploads\/2025\/09\/Salavador-002.jpg 2048w\" sizes=\"auto, (max-width: 1024px) 100vw, 1024px\" \/><figcaption id=\"caption-attachment-28221\" class=\"wp-caption-text\">Strand von Itapua (Strandteil von Salvador do Bahia)<\/figcaption><\/figure>\n<figure id=\"attachment_28356\" aria-describedby=\"caption-attachment-28356\" style=\"width: 768px\" class=\"wp-caption alignnone\"><img loading=\"lazy\" decoding=\"async\" class=\"size-medium wp-image-28356\" src=\"https:\/\/www.askja-on-tour.ch\/wp-content\/uploads\/2025\/09\/Salavador_Zusatz-001-768x1024.jpg\" alt=\"\" width=\"768\" height=\"1024\" srcset=\"https:\/\/www.askja-on-tour.ch\/wp-content\/uploads\/2025\/09\/Salavador_Zusatz-001-768x1024.jpg 768w, https:\/\/www.askja-on-tour.ch\/wp-content\/uploads\/2025\/09\/Salavador_Zusatz-001-1200x1600.jpg 1200w, https:\/\/www.askja-on-tour.ch\/wp-content\/uploads\/2025\/09\/Salavador_Zusatz-001-1152x1536.jpg 1152w, https:\/\/www.askja-on-tour.ch\/wp-content\/uploads\/2025\/09\/Salavador_Zusatz-001.jpg 1536w\" sizes=\"auto, (max-width: 768px) 100vw, 768px\" \/><figcaption id=\"caption-attachment-28356\" class=\"wp-caption-text\">Leuchtturm von Itapua &#8211; statt Sonnenuntergang hatten wir Sturm<\/figcaption><\/figure>\n<figure id=\"attachment_28357\" aria-describedby=\"caption-attachment-28357\" style=\"width: 768px\" class=\"wp-caption alignnone\"><img loading=\"lazy\" decoding=\"async\" class=\"size-medium wp-image-28357\" src=\"https:\/\/www.askja-on-tour.ch\/wp-content\/uploads\/2025\/09\/Salavador_Zusatz-002-768x1024.jpg\" alt=\"\" width=\"768\" height=\"1024\" srcset=\"https:\/\/www.askja-on-tour.ch\/wp-content\/uploads\/2025\/09\/Salavador_Zusatz-002-768x1024.jpg 768w, https:\/\/www.askja-on-tour.ch\/wp-content\/uploads\/2025\/09\/Salavador_Zusatz-002-1200x1600.jpg 1200w, https:\/\/www.askja-on-tour.ch\/wp-content\/uploads\/2025\/09\/Salavador_Zusatz-002-1152x1536.jpg 1152w, https:\/\/www.askja-on-tour.ch\/wp-content\/uploads\/2025\/09\/Salavador_Zusatz-002.jpg 1536w\" sizes=\"auto, (max-width: 768px) 100vw, 768px\" \/><figcaption id=\"caption-attachment-28357\" class=\"wp-caption-text\">Weissb\u00fcschelaffe auf dem Capingplatz in Itapua<\/figcaption><\/figure>\n<p>Am ersten Tag hat uns Frank, ein Touristenf\u00fchrer, seine Stadt gezeigt. Er hat uns am Campingplatz abgeholt und wir sind nach einigen Informationen losgefahren. Wir sind entlang luxuri\u00f6sen Geb\u00e4uden gefahren, gefolgt von Favelas, gleich daneben ein normales Wohnhaus resp. die Neustadt. Alles eng beieinander. In brasilianischen St\u00e4dten sind Wohnh\u00e4user und -blocks meistens mit Elektroz\u00e4unen gesichert, aber in Salvador sehen wir auch sehr viele H\u00e4user und Wohnblocks, die mit Nato-Stacheldraht gesch\u00fctzt sind. Frank hat uns auch zu Punkten gef\u00fchrt, die wir alleine nicht besucht h\u00e4tten, da wir die Sicherheitslage nicht kennen. Am Folgetag sind wir dann alleine nochmals in die historische Altstadt Pelourinho gefahren. In diesem Blog sind die Fotos beider Tage.<\/p>\n<p>Im Glauben der Einwohner Salvadors mischen sich das Christentum und \u201eschwarze G\u00f6tter\u201c (Candombl\u00e9-Religion). Einen der wichtigsten ist die Kapelle von Yemania. Yemanja ist in den afro-brasilianischen Religion Candombl\u00e9 die G\u00f6ttin des Meeres und der Mutterschaft. Sie ist ein wichtiger Wassergeist. Ihr Fest, das am 2. Februar in Salvador de Bahia gefeiert wird, ist ein bedeutendes Ereignis, bei dem Tausende Menschen ihr in Weiss gekleidet Blumen und Opfergaben (wie Parfum) an den Strand bringen.<\/p>\n<figure id=\"attachment_28225\" aria-describedby=\"caption-attachment-28225\" style=\"width: 1024px\" class=\"wp-caption alignnone\"><img loading=\"lazy\" decoding=\"async\" class=\"size-medium wp-image-28225\" src=\"https:\/\/www.askja-on-tour.ch\/wp-content\/uploads\/2025\/09\/Salavador-006-1024x768.jpg\" alt=\"\" width=\"1024\" height=\"768\" srcset=\"https:\/\/www.askja-on-tour.ch\/wp-content\/uploads\/2025\/09\/Salavador-006-1024x768.jpg 1024w, https:\/\/www.askja-on-tour.ch\/wp-content\/uploads\/2025\/09\/Salavador-006-1600x1200.jpg 1600w, https:\/\/www.askja-on-tour.ch\/wp-content\/uploads\/2025\/09\/Salavador-006-768x576.jpg 768w, https:\/\/www.askja-on-tour.ch\/wp-content\/uploads\/2025\/09\/Salavador-006-1536x1152.jpg 1536w, https:\/\/www.askja-on-tour.ch\/wp-content\/uploads\/2025\/09\/Salavador-006.jpg 2048w\" sizes=\"auto, (max-width: 1024px) 100vw, 1024px\" \/><figcaption id=\"caption-attachment-28225\" class=\"wp-caption-text\">Die Kapelle vom Wassergeist Kapelle von Yemania<\/figcaption><\/figure>\n<figure id=\"attachment_28224\" aria-describedby=\"caption-attachment-28224\" style=\"width: 768px\" class=\"wp-caption alignnone\"><img loading=\"lazy\" decoding=\"async\" class=\"size-medium wp-image-28224\" src=\"https:\/\/www.askja-on-tour.ch\/wp-content\/uploads\/2025\/09\/Salavador-005-768x1024.jpg\" alt=\"\" width=\"768\" height=\"1024\" srcset=\"https:\/\/www.askja-on-tour.ch\/wp-content\/uploads\/2025\/09\/Salavador-005-768x1024.jpg 768w, https:\/\/www.askja-on-tour.ch\/wp-content\/uploads\/2025\/09\/Salavador-005-1200x1600.jpg 1200w, https:\/\/www.askja-on-tour.ch\/wp-content\/uploads\/2025\/09\/Salavador-005-1152x1536.jpg 1152w, https:\/\/www.askja-on-tour.ch\/wp-content\/uploads\/2025\/09\/Salavador-005.jpg 1536w\" sizes=\"auto, (max-width: 768px) 100vw, 768px\" \/><figcaption id=\"caption-attachment-28224\" class=\"wp-caption-text\">Der Wassergeist Kapelle von Yemania<\/figcaption><\/figure>\n<figure id=\"attachment_28222\" aria-describedby=\"caption-attachment-28222\" style=\"width: 1024px\" class=\"wp-caption alignnone\"><img loading=\"lazy\" decoding=\"async\" class=\"size-medium wp-image-28222\" src=\"https:\/\/www.askja-on-tour.ch\/wp-content\/uploads\/2025\/09\/Salavador-003-1024x768.jpg\" alt=\"\" width=\"1024\" height=\"768\" srcset=\"https:\/\/www.askja-on-tour.ch\/wp-content\/uploads\/2025\/09\/Salavador-003-1024x768.jpg 1024w, https:\/\/www.askja-on-tour.ch\/wp-content\/uploads\/2025\/09\/Salavador-003-1600x1200.jpg 1600w, https:\/\/www.askja-on-tour.ch\/wp-content\/uploads\/2025\/09\/Salavador-003-768x576.jpg 768w, https:\/\/www.askja-on-tour.ch\/wp-content\/uploads\/2025\/09\/Salavador-003-1536x1152.jpg 1536w, https:\/\/www.askja-on-tour.ch\/wp-content\/uploads\/2025\/09\/Salavador-003.jpg 2048w\" sizes=\"auto, (max-width: 1024px) 100vw, 1024px\" \/><figcaption id=\"caption-attachment-28222\" class=\"wp-caption-text\">Fotos am Strand rund um die Kapelle von Kapelle von Yemania<\/figcaption><\/figure>\n<p><img loading=\"lazy\" decoding=\"async\" class=\"alignnone size-medium wp-image-28223\" src=\"https:\/\/www.askja-on-tour.ch\/wp-content\/uploads\/2025\/09\/Salavador-004-1024x768.jpg\" alt=\"\" width=\"1024\" height=\"768\" srcset=\"https:\/\/www.askja-on-tour.ch\/wp-content\/uploads\/2025\/09\/Salavador-004-1024x768.jpg 1024w, https:\/\/www.askja-on-tour.ch\/wp-content\/uploads\/2025\/09\/Salavador-004-1600x1200.jpg 1600w, https:\/\/www.askja-on-tour.ch\/wp-content\/uploads\/2025\/09\/Salavador-004-768x576.jpg 768w, https:\/\/www.askja-on-tour.ch\/wp-content\/uploads\/2025\/09\/Salavador-004-1536x1152.jpg 1536w, https:\/\/www.askja-on-tour.ch\/wp-content\/uploads\/2025\/09\/Salavador-004.jpg 2048w\" sizes=\"auto, (max-width: 1024px) 100vw, 1024px\" \/><\/p>\n<p>Danach ging es weiter zum Leuchtturm mit zwei Forts aus portugiesischer Zeit und einem sch\u00f6nen Sandstrand, der um 11 Uhr doch schon recht gut besucht war.<\/p>\n<figure id=\"attachment_28234\" aria-describedby=\"caption-attachment-28234\" style=\"width: 768px\" class=\"wp-caption alignnone\"><img loading=\"lazy\" decoding=\"async\" class=\"size-medium wp-image-28234\" src=\"https:\/\/www.askja-on-tour.ch\/wp-content\/uploads\/2025\/09\/Salavador-015-768x1024.jpg\" alt=\"\" width=\"768\" height=\"1024\" srcset=\"https:\/\/www.askja-on-tour.ch\/wp-content\/uploads\/2025\/09\/Salavador-015-768x1024.jpg 768w, https:\/\/www.askja-on-tour.ch\/wp-content\/uploads\/2025\/09\/Salavador-015-1200x1600.jpg 1200w, https:\/\/www.askja-on-tour.ch\/wp-content\/uploads\/2025\/09\/Salavador-015-1152x1536.jpg 1152w, https:\/\/www.askja-on-tour.ch\/wp-content\/uploads\/2025\/09\/Salavador-015.jpg 1536w\" sizes=\"auto, (max-width: 768px) 100vw, 768px\" \/><figcaption id=\"caption-attachment-28234\" class=\"wp-caption-text\">Am Strand von Barra<\/figcaption><\/figure>\n<p><img loading=\"lazy\" decoding=\"async\" class=\"alignnone size-medium wp-image-28235\" src=\"https:\/\/www.askja-on-tour.ch\/wp-content\/uploads\/2025\/09\/Salavador-016-1024x768.jpg\" alt=\"\" width=\"1024\" height=\"768\" srcset=\"https:\/\/www.askja-on-tour.ch\/wp-content\/uploads\/2025\/09\/Salavador-016-1024x768.jpg 1024w, https:\/\/www.askja-on-tour.ch\/wp-content\/uploads\/2025\/09\/Salavador-016-1600x1200.jpg 1600w, https:\/\/www.askja-on-tour.ch\/wp-content\/uploads\/2025\/09\/Salavador-016-768x576.jpg 768w, https:\/\/www.askja-on-tour.ch\/wp-content\/uploads\/2025\/09\/Salavador-016-1536x1152.jpg 1536w, https:\/\/www.askja-on-tour.ch\/wp-content\/uploads\/2025\/09\/Salavador-016.jpg 2048w\" sizes=\"auto, (max-width: 1024px) 100vw, 1024px\" \/><\/p>\n<figure id=\"attachment_28236\" aria-describedby=\"caption-attachment-28236\" style=\"width: 768px\" class=\"wp-caption alignnone\"><img loading=\"lazy\" decoding=\"async\" class=\"size-medium wp-image-28236\" src=\"https:\/\/www.askja-on-tour.ch\/wp-content\/uploads\/2025\/09\/Salavador-017-768x1024.jpg\" alt=\"\" width=\"768\" height=\"1024\" srcset=\"https:\/\/www.askja-on-tour.ch\/wp-content\/uploads\/2025\/09\/Salavador-017-768x1024.jpg 768w, https:\/\/www.askja-on-tour.ch\/wp-content\/uploads\/2025\/09\/Salavador-017-1200x1600.jpg 1200w, https:\/\/www.askja-on-tour.ch\/wp-content\/uploads\/2025\/09\/Salavador-017-1152x1536.jpg 1152w, https:\/\/www.askja-on-tour.ch\/wp-content\/uploads\/2025\/09\/Salavador-017.jpg 1536w\" sizes=\"auto, (max-width: 768px) 100vw, 768px\" \/><figcaption id=\"caption-attachment-28236\" class=\"wp-caption-text\">Diese Dame verkauft mit Hilfe des Megafons &#8211; viele kaufen vermutlich etwas bei ihr, um sie mit ihrer verst\u00e4rkten schrillen Stimme loszuwerden<\/figcaption><\/figure>\n<figure id=\"attachment_28237\" aria-describedby=\"caption-attachment-28237\" style=\"width: 1024px\" class=\"wp-caption alignnone\"><img loading=\"lazy\" decoding=\"async\" class=\"size-medium wp-image-28237\" src=\"https:\/\/www.askja-on-tour.ch\/wp-content\/uploads\/2025\/09\/Salavador-018-1024x768.jpg\" alt=\"\" width=\"1024\" height=\"768\" srcset=\"https:\/\/www.askja-on-tour.ch\/wp-content\/uploads\/2025\/09\/Salavador-018-1024x768.jpg 1024w, https:\/\/www.askja-on-tour.ch\/wp-content\/uploads\/2025\/09\/Salavador-018-1600x1200.jpg 1600w, https:\/\/www.askja-on-tour.ch\/wp-content\/uploads\/2025\/09\/Salavador-018-768x576.jpg 768w, https:\/\/www.askja-on-tour.ch\/wp-content\/uploads\/2025\/09\/Salavador-018-1536x1152.jpg 1536w, https:\/\/www.askja-on-tour.ch\/wp-content\/uploads\/2025\/09\/Salavador-018.jpg 2048w\" sizes=\"auto, (max-width: 1024px) 100vw, 1024px\" \/><figcaption id=\"caption-attachment-28237\" class=\"wp-caption-text\">&#8230; und wer noch keinen Hut hat, hat hier ganz viele zur Auswahl<\/figcaption><\/figure>\n<figure id=\"attachment_28238\" aria-describedby=\"caption-attachment-28238\" style=\"width: 1024px\" class=\"wp-caption alignnone\"><img loading=\"lazy\" decoding=\"async\" class=\"size-medium wp-image-28238\" src=\"https:\/\/www.askja-on-tour.ch\/wp-content\/uploads\/2025\/09\/Salavador-019-1024x768.jpg\" alt=\"\" width=\"1024\" height=\"768\" srcset=\"https:\/\/www.askja-on-tour.ch\/wp-content\/uploads\/2025\/09\/Salavador-019-1024x768.jpg 1024w, https:\/\/www.askja-on-tour.ch\/wp-content\/uploads\/2025\/09\/Salavador-019-1600x1200.jpg 1600w, https:\/\/www.askja-on-tour.ch\/wp-content\/uploads\/2025\/09\/Salavador-019-768x576.jpg 768w, https:\/\/www.askja-on-tour.ch\/wp-content\/uploads\/2025\/09\/Salavador-019-1536x1152.jpg 1536w, https:\/\/www.askja-on-tour.ch\/wp-content\/uploads\/2025\/09\/Salavador-019.jpg 2048w\" sizes=\"auto, (max-width: 1024px) 100vw, 1024px\" \/><figcaption id=\"caption-attachment-28238\" class=\"wp-caption-text\">Box-Training<\/figcaption><\/figure>\n<p><img loading=\"lazy\" decoding=\"async\" class=\"alignnone size-medium wp-image-28239\" src=\"https:\/\/www.askja-on-tour.ch\/wp-content\/uploads\/2025\/09\/Salavador-020-1024x768.jpg\" alt=\"\" width=\"1024\" height=\"768\" srcset=\"https:\/\/www.askja-on-tour.ch\/wp-content\/uploads\/2025\/09\/Salavador-020-1024x768.jpg 1024w, https:\/\/www.askja-on-tour.ch\/wp-content\/uploads\/2025\/09\/Salavador-020-1600x1200.jpg 1600w, https:\/\/www.askja-on-tour.ch\/wp-content\/uploads\/2025\/09\/Salavador-020-768x576.jpg 768w, https:\/\/www.askja-on-tour.ch\/wp-content\/uploads\/2025\/09\/Salavador-020-1536x1152.jpg 1536w, https:\/\/www.askja-on-tour.ch\/wp-content\/uploads\/2025\/09\/Salavador-020.jpg 2048w\" sizes=\"auto, (max-width: 1024px) 100vw, 1024px\" \/> <img loading=\"lazy\" decoding=\"async\" class=\"alignnone size-medium wp-image-28240\" src=\"https:\/\/www.askja-on-tour.ch\/wp-content\/uploads\/2025\/09\/Salavador-021-1024x768.jpg\" alt=\"\" width=\"1024\" height=\"768\" srcset=\"https:\/\/www.askja-on-tour.ch\/wp-content\/uploads\/2025\/09\/Salavador-021-1024x768.jpg 1024w, https:\/\/www.askja-on-tour.ch\/wp-content\/uploads\/2025\/09\/Salavador-021-1600x1200.jpg 1600w, https:\/\/www.askja-on-tour.ch\/wp-content\/uploads\/2025\/09\/Salavador-021-768x576.jpg 768w, https:\/\/www.askja-on-tour.ch\/wp-content\/uploads\/2025\/09\/Salavador-021-1536x1152.jpg 1536w, https:\/\/www.askja-on-tour.ch\/wp-content\/uploads\/2025\/09\/Salavador-021.jpg 2048w\" sizes=\"auto, (max-width: 1024px) 100vw, 1024px\" \/> <img loading=\"lazy\" decoding=\"async\" class=\"alignnone size-medium wp-image-28241\" src=\"https:\/\/www.askja-on-tour.ch\/wp-content\/uploads\/2025\/09\/Salavador-022-1024x768.jpg\" alt=\"\" width=\"1024\" height=\"768\" srcset=\"https:\/\/www.askja-on-tour.ch\/wp-content\/uploads\/2025\/09\/Salavador-022-1024x768.jpg 1024w, https:\/\/www.askja-on-tour.ch\/wp-content\/uploads\/2025\/09\/Salavador-022-1600x1200.jpg 1600w, https:\/\/www.askja-on-tour.ch\/wp-content\/uploads\/2025\/09\/Salavador-022-768x576.jpg 768w, https:\/\/www.askja-on-tour.ch\/wp-content\/uploads\/2025\/09\/Salavador-022-1536x1152.jpg 1536w, https:\/\/www.askja-on-tour.ch\/wp-content\/uploads\/2025\/09\/Salavador-022.jpg 2048w\" sizes=\"auto, (max-width: 1024px) 100vw, 1024px\" \/><\/p>\n<figure id=\"attachment_28229\" aria-describedby=\"caption-attachment-28229\" style=\"width: 768px\" class=\"wp-caption alignnone\"><img loading=\"lazy\" decoding=\"async\" class=\"size-medium wp-image-28229\" src=\"https:\/\/www.askja-on-tour.ch\/wp-content\/uploads\/2025\/09\/Salavador-010-768x1024.jpg\" alt=\"\" width=\"768\" height=\"1024\" srcset=\"https:\/\/www.askja-on-tour.ch\/wp-content\/uploads\/2025\/09\/Salavador-010-768x1024.jpg 768w, https:\/\/www.askja-on-tour.ch\/wp-content\/uploads\/2025\/09\/Salavador-010-1200x1600.jpg 1200w, https:\/\/www.askja-on-tour.ch\/wp-content\/uploads\/2025\/09\/Salavador-010-1152x1536.jpg 1152w, https:\/\/www.askja-on-tour.ch\/wp-content\/uploads\/2025\/09\/Salavador-010.jpg 1536w\" sizes=\"auto, (max-width: 768px) 100vw, 768px\" \/><figcaption id=\"caption-attachment-28229\" class=\"wp-caption-text\">Im Staddteil Barra<\/figcaption><\/figure>\n<p><img loading=\"lazy\" decoding=\"async\" class=\"alignnone size-medium wp-image-28230\" src=\"https:\/\/www.askja-on-tour.ch\/wp-content\/uploads\/2025\/09\/Salavador-011-1024x768.jpg\" alt=\"\" width=\"1024\" height=\"768\" srcset=\"https:\/\/www.askja-on-tour.ch\/wp-content\/uploads\/2025\/09\/Salavador-011-1024x768.jpg 1024w, https:\/\/www.askja-on-tour.ch\/wp-content\/uploads\/2025\/09\/Salavador-011-1600x1200.jpg 1600w, https:\/\/www.askja-on-tour.ch\/wp-content\/uploads\/2025\/09\/Salavador-011-768x576.jpg 768w, https:\/\/www.askja-on-tour.ch\/wp-content\/uploads\/2025\/09\/Salavador-011-1536x1152.jpg 1536w, https:\/\/www.askja-on-tour.ch\/wp-content\/uploads\/2025\/09\/Salavador-011.jpg 2048w\" sizes=\"auto, (max-width: 1024px) 100vw, 1024px\" \/> <img loading=\"lazy\" decoding=\"async\" class=\"alignnone size-medium wp-image-28231\" src=\"https:\/\/www.askja-on-tour.ch\/wp-content\/uploads\/2025\/09\/Salavador-012-768x1024.jpg\" alt=\"\" width=\"768\" height=\"1024\" srcset=\"https:\/\/www.askja-on-tour.ch\/wp-content\/uploads\/2025\/09\/Salavador-012-768x1024.jpg 768w, https:\/\/www.askja-on-tour.ch\/wp-content\/uploads\/2025\/09\/Salavador-012-1200x1600.jpg 1200w, https:\/\/www.askja-on-tour.ch\/wp-content\/uploads\/2025\/09\/Salavador-012-1152x1536.jpg 1152w, https:\/\/www.askja-on-tour.ch\/wp-content\/uploads\/2025\/09\/Salavador-012.jpg 1536w\" sizes=\"auto, (max-width: 768px) 100vw, 768px\" \/><\/p>\n<figure id=\"attachment_28232\" aria-describedby=\"caption-attachment-28232\" style=\"width: 1024px\" class=\"wp-caption alignnone\"><img loading=\"lazy\" decoding=\"async\" class=\"size-medium wp-image-28232\" src=\"https:\/\/www.askja-on-tour.ch\/wp-content\/uploads\/2025\/09\/Salavador-013-1024x768.jpg\" alt=\"\" width=\"1024\" height=\"768\" srcset=\"https:\/\/www.askja-on-tour.ch\/wp-content\/uploads\/2025\/09\/Salavador-013-1024x768.jpg 1024w, https:\/\/www.askja-on-tour.ch\/wp-content\/uploads\/2025\/09\/Salavador-013-1600x1200.jpg 1600w, https:\/\/www.askja-on-tour.ch\/wp-content\/uploads\/2025\/09\/Salavador-013-768x576.jpg 768w, https:\/\/www.askja-on-tour.ch\/wp-content\/uploads\/2025\/09\/Salavador-013-1536x1152.jpg 1536w, https:\/\/www.askja-on-tour.ch\/wp-content\/uploads\/2025\/09\/Salavador-013.jpg 2048w\" sizes=\"auto, (max-width: 1024px) 100vw, 1024px\" \/><figcaption id=\"caption-attachment-28232\" class=\"wp-caption-text\">Acai ist aktuell der absolute Rennern. Die A\u00e7a\u00ed-Beere ist die Freucht der Kohlpalme und wird f\u00fcr Eis, Fruchtsaft, etc. verwendet<\/figcaption><\/figure>\n<figure id=\"attachment_28233\" aria-describedby=\"caption-attachment-28233\" style=\"width: 1024px\" class=\"wp-caption alignnone\"><img loading=\"lazy\" decoding=\"async\" class=\"size-medium wp-image-28233\" src=\"https:\/\/www.askja-on-tour.ch\/wp-content\/uploads\/2025\/09\/Salavador-014-1024x768.jpg\" alt=\"\" width=\"1024\" height=\"768\" srcset=\"https:\/\/www.askja-on-tour.ch\/wp-content\/uploads\/2025\/09\/Salavador-014-1024x768.jpg 1024w, https:\/\/www.askja-on-tour.ch\/wp-content\/uploads\/2025\/09\/Salavador-014-1600x1200.jpg 1600w, https:\/\/www.askja-on-tour.ch\/wp-content\/uploads\/2025\/09\/Salavador-014-768x576.jpg 768w, https:\/\/www.askja-on-tour.ch\/wp-content\/uploads\/2025\/09\/Salavador-014-1536x1152.jpg 1536w, https:\/\/www.askja-on-tour.ch\/wp-content\/uploads\/2025\/09\/Salavador-014.jpg 2048w\" sizes=\"auto, (max-width: 1024px) 100vw, 1024px\" \/><figcaption id=\"caption-attachment-28233\" class=\"wp-caption-text\">Skulptur aus Recycling-Material<\/figcaption><\/figure>\n<p><img loading=\"lazy\" decoding=\"async\" class=\"alignnone size-medium wp-image-28242\" src=\"https:\/\/www.askja-on-tour.ch\/wp-content\/uploads\/2025\/09\/Salavador-023-1024x768.jpg\" alt=\"\" width=\"1024\" height=\"768\" srcset=\"https:\/\/www.askja-on-tour.ch\/wp-content\/uploads\/2025\/09\/Salavador-023-1024x768.jpg 1024w, https:\/\/www.askja-on-tour.ch\/wp-content\/uploads\/2025\/09\/Salavador-023-1600x1200.jpg 1600w, https:\/\/www.askja-on-tour.ch\/wp-content\/uploads\/2025\/09\/Salavador-023-768x576.jpg 768w, https:\/\/www.askja-on-tour.ch\/wp-content\/uploads\/2025\/09\/Salavador-023-1536x1152.jpg 1536w, https:\/\/www.askja-on-tour.ch\/wp-content\/uploads\/2025\/09\/Salavador-023.jpg 2048w\" sizes=\"auto, (max-width: 1024px) 100vw, 1024px\" \/> <img loading=\"lazy\" decoding=\"async\" class=\"alignnone size-medium wp-image-28243\" src=\"https:\/\/www.askja-on-tour.ch\/wp-content\/uploads\/2025\/09\/Salavador-024-1024x768.jpg\" alt=\"\" width=\"1024\" height=\"768\" srcset=\"https:\/\/www.askja-on-tour.ch\/wp-content\/uploads\/2025\/09\/Salavador-024-1024x768.jpg 1024w, https:\/\/www.askja-on-tour.ch\/wp-content\/uploads\/2025\/09\/Salavador-024-1600x1200.jpg 1600w, https:\/\/www.askja-on-tour.ch\/wp-content\/uploads\/2025\/09\/Salavador-024-768x576.jpg 768w, https:\/\/www.askja-on-tour.ch\/wp-content\/uploads\/2025\/09\/Salavador-024-1536x1152.jpg 1536w, https:\/\/www.askja-on-tour.ch\/wp-content\/uploads\/2025\/09\/Salavador-024.jpg 2048w\" sizes=\"auto, (max-width: 1024px) 100vw, 1024px\" \/> <img loading=\"lazy\" decoding=\"async\" class=\"alignnone size-medium wp-image-28244\" src=\"https:\/\/www.askja-on-tour.ch\/wp-content\/uploads\/2025\/09\/Salavador-025-768x1024.jpg\" alt=\"\" width=\"768\" height=\"1024\" srcset=\"https:\/\/www.askja-on-tour.ch\/wp-content\/uploads\/2025\/09\/Salavador-025-768x1024.jpg 768w, https:\/\/www.askja-on-tour.ch\/wp-content\/uploads\/2025\/09\/Salavador-025-1200x1600.jpg 1200w, https:\/\/www.askja-on-tour.ch\/wp-content\/uploads\/2025\/09\/Salavador-025-1152x1536.jpg 1152w, https:\/\/www.askja-on-tour.ch\/wp-content\/uploads\/2025\/09\/Salavador-025.jpg 1536w\" sizes=\"auto, (max-width: 768px) 100vw, 768px\" \/><\/p>\n<figure id=\"attachment_28245\" aria-describedby=\"caption-attachment-28245\" style=\"width: 1024px\" class=\"wp-caption alignnone\"><img loading=\"lazy\" decoding=\"async\" class=\"size-medium wp-image-28245\" src=\"https:\/\/www.askja-on-tour.ch\/wp-content\/uploads\/2025\/09\/Salavador-026-1024x768.jpg\" alt=\"\" width=\"1024\" height=\"768\" srcset=\"https:\/\/www.askja-on-tour.ch\/wp-content\/uploads\/2025\/09\/Salavador-026-1024x768.jpg 1024w, https:\/\/www.askja-on-tour.ch\/wp-content\/uploads\/2025\/09\/Salavador-026-1600x1200.jpg 1600w, https:\/\/www.askja-on-tour.ch\/wp-content\/uploads\/2025\/09\/Salavador-026-768x576.jpg 768w, https:\/\/www.askja-on-tour.ch\/wp-content\/uploads\/2025\/09\/Salavador-026-1536x1152.jpg 1536w, https:\/\/www.askja-on-tour.ch\/wp-content\/uploads\/2025\/09\/Salavador-026.jpg 2048w\" sizes=\"auto, (max-width: 1024px) 100vw, 1024px\" \/><figcaption id=\"caption-attachment-28245\" class=\"wp-caption-text\">Der Leuchtturm von Barre<\/figcaption><\/figure>\n<p>\u00a0<\/p>\n<p>Anschliessend fuhren wir Richtung Altstadt Pelourinho in der Cidade Alta. Zuvor wollten wir uns aber noch die Kirche Nossa Senhora da Conceicao da Praia ansehen. Errichtet wurde die erste Kirche 1549. Die dritte und letzte Kirche wurde auf dem selben Platz zwischen 1739 und 1870. Speziell ist, dass die Kirche in Portugal vorgefertigt wurde, die nummerierten Einzelteile wurden mit Schiffen \u00fcber den Atlantik transportiert und schliesslich in Brasilien zusammengesetzt. Die Kirche wurde 1549 erbaut. Der gr\u00f6sste Teil der Kirche ist im Barockstil. Besonders eindr\u00fccklich sind die Deckengem\u00e4lde und die Balkone. \u00dcbrigens: Salavdor gilt als Stadt der Kirchen \u2013 es sind derer 76. Aber wir haben nicht alle besucht.<\/p>\n<figure id=\"attachment_28246\" aria-describedby=\"caption-attachment-28246\" style=\"width: 768px\" class=\"wp-caption alignnone\"><img loading=\"lazy\" decoding=\"async\" class=\"size-medium wp-image-28246\" src=\"https:\/\/www.askja-on-tour.ch\/wp-content\/uploads\/2025\/09\/Salavador-027-768x1024.jpg\" alt=\"\" width=\"768\" height=\"1024\" srcset=\"https:\/\/www.askja-on-tour.ch\/wp-content\/uploads\/2025\/09\/Salavador-027-768x1024.jpg 768w, https:\/\/www.askja-on-tour.ch\/wp-content\/uploads\/2025\/09\/Salavador-027-1200x1600.jpg 1200w, https:\/\/www.askja-on-tour.ch\/wp-content\/uploads\/2025\/09\/Salavador-027-1152x1536.jpg 1152w, https:\/\/www.askja-on-tour.ch\/wp-content\/uploads\/2025\/09\/Salavador-027.jpg 1536w\" sizes=\"auto, (max-width: 768px) 100vw, 768px\" \/><figcaption id=\"caption-attachment-28246\" class=\"wp-caption-text\">Kirche Nossa Senhora da Conceicao da Praia mit dem Aufzug Elevador Lacerda im Hintergrund<\/figcaption><\/figure>\n<figure id=\"attachment_28247\" aria-describedby=\"caption-attachment-28247\" style=\"width: 768px\" class=\"wp-caption alignnone\"><img loading=\"lazy\" decoding=\"async\" class=\"size-medium wp-image-28247\" src=\"https:\/\/www.askja-on-tour.ch\/wp-content\/uploads\/2025\/09\/Salavador-028-768x1024.jpg\" alt=\"\" width=\"768\" height=\"1024\" srcset=\"https:\/\/www.askja-on-tour.ch\/wp-content\/uploads\/2025\/09\/Salavador-028-768x1024.jpg 768w, https:\/\/www.askja-on-tour.ch\/wp-content\/uploads\/2025\/09\/Salavador-028-1200x1600.jpg 1200w, https:\/\/www.askja-on-tour.ch\/wp-content\/uploads\/2025\/09\/Salavador-028-1152x1536.jpg 1152w, https:\/\/www.askja-on-tour.ch\/wp-content\/uploads\/2025\/09\/Salavador-028.jpg 1536w\" sizes=\"auto, (max-width: 768px) 100vw, 768px\" \/><figcaption id=\"caption-attachment-28247\" class=\"wp-caption-text\">Cidade Alta (Oberstadt) sowie der Cidade Baixa (Unterstadt)<\/figcaption><\/figure>\n<figure id=\"attachment_28248\" aria-describedby=\"caption-attachment-28248\" style=\"width: 1024px\" class=\"wp-caption alignnone\"><img loading=\"lazy\" decoding=\"async\" class=\"size-medium wp-image-28248\" src=\"https:\/\/www.askja-on-tour.ch\/wp-content\/uploads\/2025\/09\/Salavador-029-1024x768.jpg\" alt=\"\" width=\"1024\" height=\"768\" srcset=\"https:\/\/www.askja-on-tour.ch\/wp-content\/uploads\/2025\/09\/Salavador-029-1024x768.jpg 1024w, https:\/\/www.askja-on-tour.ch\/wp-content\/uploads\/2025\/09\/Salavador-029-1600x1200.jpg 1600w, https:\/\/www.askja-on-tour.ch\/wp-content\/uploads\/2025\/09\/Salavador-029-768x576.jpg 768w, https:\/\/www.askja-on-tour.ch\/wp-content\/uploads\/2025\/09\/Salavador-029-1536x1152.jpg 1536w, https:\/\/www.askja-on-tour.ch\/wp-content\/uploads\/2025\/09\/Salavador-029.jpg 2048w\" sizes=\"auto, (max-width: 1024px) 100vw, 1024px\" \/><figcaption id=\"caption-attachment-28248\" class=\"wp-caption-text\">Eine von vielen Cacha\u00e7a-Bars. Hier werden dem Zuckerrohrschnaps verschiedene Aromen begemischt. Uns schmeckt der Cacha\u00e7a allerdings im Cocktail Caipirinha am besten<\/figcaption><\/figure>\n<p>Danach ging es in die Altstadt Pelourinho. Mit dem Aufzug \u201eElevador Lacerda\u201c sind die 72 m in die Altstadt bequem und schnell zu \u00fcberwinden. Vom Aufzug her gibt es einen tollen Blick auf den Marinest\u00fctzpunkt. Gleich daneben ist das Monument der Stadt Salvador, welches umgangssprachlich als \u201eBunda\u201c bezeichnet wird. Die Skulptur erinnert wohl an den knackigen Po der Brasilianerinnen.<\/p>\n<figure id=\"attachment_28249\" aria-describedby=\"caption-attachment-28249\" style=\"width: 768px\" class=\"wp-caption alignnone\"><img loading=\"lazy\" decoding=\"async\" class=\"size-medium wp-image-28249\" src=\"https:\/\/www.askja-on-tour.ch\/wp-content\/uploads\/2025\/09\/Salavador-030-768x1024.jpg\" alt=\"\" width=\"768\" height=\"1024\" srcset=\"https:\/\/www.askja-on-tour.ch\/wp-content\/uploads\/2025\/09\/Salavador-030-768x1024.jpg 768w, https:\/\/www.askja-on-tour.ch\/wp-content\/uploads\/2025\/09\/Salavador-030-1200x1600.jpg 1200w, https:\/\/www.askja-on-tour.ch\/wp-content\/uploads\/2025\/09\/Salavador-030-1152x1536.jpg 1152w, https:\/\/www.askja-on-tour.ch\/wp-content\/uploads\/2025\/09\/Salavador-030.jpg 1536w\" sizes=\"auto, (max-width: 768px) 100vw, 768px\" \/><figcaption id=\"caption-attachment-28249\" class=\"wp-caption-text\">Der Aufzug Elevador Lacerda<\/figcaption><\/figure>\n<figure id=\"attachment_28250\" aria-describedby=\"caption-attachment-28250\" style=\"width: 1024px\" class=\"wp-caption alignnone\"><img loading=\"lazy\" decoding=\"async\" class=\"size-medium wp-image-28250\" src=\"https:\/\/www.askja-on-tour.ch\/wp-content\/uploads\/2025\/09\/Salavador-031-1024x768.jpg\" alt=\"\" width=\"1024\" height=\"768\" srcset=\"https:\/\/www.askja-on-tour.ch\/wp-content\/uploads\/2025\/09\/Salavador-031-1024x768.jpg 1024w, https:\/\/www.askja-on-tour.ch\/wp-content\/uploads\/2025\/09\/Salavador-031-1600x1200.jpg 1600w, https:\/\/www.askja-on-tour.ch\/wp-content\/uploads\/2025\/09\/Salavador-031-768x576.jpg 768w, https:\/\/www.askja-on-tour.ch\/wp-content\/uploads\/2025\/09\/Salavador-031-1536x1152.jpg 1536w, https:\/\/www.askja-on-tour.ch\/wp-content\/uploads\/2025\/09\/Salavador-031.jpg 2048w\" sizes=\"auto, (max-width: 1024px) 100vw, 1024px\" \/><figcaption id=\"caption-attachment-28250\" class=\"wp-caption-text\">Blick auf die Unterstadt<\/figcaption><\/figure>\n<p><img loading=\"lazy\" decoding=\"async\" class=\"alignnone size-medium wp-image-28251\" src=\"https:\/\/www.askja-on-tour.ch\/wp-content\/uploads\/2025\/09\/Salavador-032-768x1024.jpg\" alt=\"\" width=\"768\" height=\"1024\" srcset=\"https:\/\/www.askja-on-tour.ch\/wp-content\/uploads\/2025\/09\/Salavador-032-768x1024.jpg 768w, https:\/\/www.askja-on-tour.ch\/wp-content\/uploads\/2025\/09\/Salavador-032-1200x1600.jpg 1200w, https:\/\/www.askja-on-tour.ch\/wp-content\/uploads\/2025\/09\/Salavador-032-1152x1536.jpg 1152w, https:\/\/www.askja-on-tour.ch\/wp-content\/uploads\/2025\/09\/Salavador-032.jpg 1536w\" sizes=\"auto, (max-width: 768px) 100vw, 768px\" \/><\/p>\n<p>Die Stadt ist so unwahrscheinlich eindr\u00fccklich \u2013 zwei Tage reichen fast nicht f\u00fcr eine Besichtigung.<\/p>\n<figure id=\"attachment_28252\" aria-describedby=\"caption-attachment-28252\" style=\"width: 1024px\" class=\"wp-caption alignnone\"><img loading=\"lazy\" decoding=\"async\" class=\"size-medium wp-image-28252\" src=\"https:\/\/www.askja-on-tour.ch\/wp-content\/uploads\/2025\/09\/Salavador-033-1024x768.jpg\" alt=\"\" width=\"1024\" height=\"768\" srcset=\"https:\/\/www.askja-on-tour.ch\/wp-content\/uploads\/2025\/09\/Salavador-033-1024x768.jpg 1024w, https:\/\/www.askja-on-tour.ch\/wp-content\/uploads\/2025\/09\/Salavador-033-1600x1200.jpg 1600w, https:\/\/www.askja-on-tour.ch\/wp-content\/uploads\/2025\/09\/Salavador-033-768x576.jpg 768w, https:\/\/www.askja-on-tour.ch\/wp-content\/uploads\/2025\/09\/Salavador-033-1536x1152.jpg 1536w, https:\/\/www.askja-on-tour.ch\/wp-content\/uploads\/2025\/09\/Salavador-033.jpg 2048w\" sizes=\"auto, (max-width: 1024px) 100vw, 1024px\" \/><figcaption id=\"caption-attachment-28252\" class=\"wp-caption-text\">Auf dem Platz Pra\u00e7a Tom\u00e9 de Sousa<\/figcaption><\/figure>\n<p><img loading=\"lazy\" decoding=\"async\" class=\"alignnone size-medium wp-image-28253\" src=\"https:\/\/www.askja-on-tour.ch\/wp-content\/uploads\/2025\/09\/Salavador-034-1024x768.jpg\" alt=\"\" width=\"1024\" height=\"768\" srcset=\"https:\/\/www.askja-on-tour.ch\/wp-content\/uploads\/2025\/09\/Salavador-034-1024x768.jpg 1024w, https:\/\/www.askja-on-tour.ch\/wp-content\/uploads\/2025\/09\/Salavador-034-1600x1200.jpg 1600w, https:\/\/www.askja-on-tour.ch\/wp-content\/uploads\/2025\/09\/Salavador-034-768x576.jpg 768w, https:\/\/www.askja-on-tour.ch\/wp-content\/uploads\/2025\/09\/Salavador-034-1536x1152.jpg 1536w, https:\/\/www.askja-on-tour.ch\/wp-content\/uploads\/2025\/09\/Salavador-034.jpg 2048w\" sizes=\"auto, (max-width: 1024px) 100vw, 1024px\" \/> <img loading=\"lazy\" decoding=\"async\" class=\"alignnone size-medium wp-image-28254\" src=\"https:\/\/www.askja-on-tour.ch\/wp-content\/uploads\/2025\/09\/Salavador-035-1024x768.jpg\" alt=\"\" width=\"1024\" height=\"768\" srcset=\"https:\/\/www.askja-on-tour.ch\/wp-content\/uploads\/2025\/09\/Salavador-035-1024x768.jpg 1024w, https:\/\/www.askja-on-tour.ch\/wp-content\/uploads\/2025\/09\/Salavador-035-1600x1200.jpg 1600w, https:\/\/www.askja-on-tour.ch\/wp-content\/uploads\/2025\/09\/Salavador-035-768x576.jpg 768w, https:\/\/www.askja-on-tour.ch\/wp-content\/uploads\/2025\/09\/Salavador-035-1536x1152.jpg 1536w, https:\/\/www.askja-on-tour.ch\/wp-content\/uploads\/2025\/09\/Salavador-035.jpg 2048w\" sizes=\"auto, (max-width: 1024px) 100vw, 1024px\" \/><\/p>\n<figure id=\"attachment_28255\" aria-describedby=\"caption-attachment-28255\" style=\"width: 1024px\" class=\"wp-caption alignnone\"><img loading=\"lazy\" decoding=\"async\" class=\"size-medium wp-image-28255\" src=\"https:\/\/www.askja-on-tour.ch\/wp-content\/uploads\/2025\/09\/Salavador-036-1024x768.jpg\" alt=\"\" width=\"1024\" height=\"768\" srcset=\"https:\/\/www.askja-on-tour.ch\/wp-content\/uploads\/2025\/09\/Salavador-036-1024x768.jpg 1024w, https:\/\/www.askja-on-tour.ch\/wp-content\/uploads\/2025\/09\/Salavador-036-1600x1200.jpg 1600w, https:\/\/www.askja-on-tour.ch\/wp-content\/uploads\/2025\/09\/Salavador-036-768x576.jpg 768w, https:\/\/www.askja-on-tour.ch\/wp-content\/uploads\/2025\/09\/Salavador-036-1536x1152.jpg 1536w, https:\/\/www.askja-on-tour.ch\/wp-content\/uploads\/2025\/09\/Salavador-036.jpg 2048w\" sizes=\"auto, (max-width: 1024px) 100vw, 1024px\" \/><figcaption id=\"caption-attachment-28255\" class=\"wp-caption-text\">Elegante Sitze zum Verweilen mit Sonnenspender<\/figcaption><\/figure>\n<figure id=\"attachment_28256\" aria-describedby=\"caption-attachment-28256\" style=\"width: 768px\" class=\"wp-caption alignnone\"><img loading=\"lazy\" decoding=\"async\" class=\"size-medium wp-image-28256\" src=\"https:\/\/www.askja-on-tour.ch\/wp-content\/uploads\/2025\/09\/Salavador-037-768x1024.jpg\" alt=\"\" width=\"768\" height=\"1024\" srcset=\"https:\/\/www.askja-on-tour.ch\/wp-content\/uploads\/2025\/09\/Salavador-037-768x1024.jpg 768w, https:\/\/www.askja-on-tour.ch\/wp-content\/uploads\/2025\/09\/Salavador-037-1200x1600.jpg 1200w, https:\/\/www.askja-on-tour.ch\/wp-content\/uploads\/2025\/09\/Salavador-037-1152x1536.jpg 1152w, https:\/\/www.askja-on-tour.ch\/wp-content\/uploads\/2025\/09\/Salavador-037.jpg 1536w\" sizes=\"auto, (max-width: 768px) 100vw, 768px\" \/><figcaption id=\"caption-attachment-28256\" class=\"wp-caption-text\">Der erste Gouverneur Brasiliens Tom\u00e9 de Sousa, der von 1549 bis 1553 als erster Generalgouverneur der portugiesischen Kolonie Brasilien im Amt war. Er wurde mit der Etablierung eines zentralisierten Generalgouvernements beauftragt und gr\u00fcndete die Stadt Salvador in Bahia als erste Hauptstadt Brasiliens<\/figcaption><\/figure>\n<p><img loading=\"lazy\" decoding=\"async\" class=\"alignnone size-medium wp-image-28257\" src=\"https:\/\/www.askja-on-tour.ch\/wp-content\/uploads\/2025\/09\/Salavador-038-1024x768.jpg\" alt=\"\" width=\"1024\" height=\"768\" srcset=\"https:\/\/www.askja-on-tour.ch\/wp-content\/uploads\/2025\/09\/Salavador-038-1024x768.jpg 1024w, https:\/\/www.askja-on-tour.ch\/wp-content\/uploads\/2025\/09\/Salavador-038-1600x1200.jpg 1600w, https:\/\/www.askja-on-tour.ch\/wp-content\/uploads\/2025\/09\/Salavador-038-768x576.jpg 768w, https:\/\/www.askja-on-tour.ch\/wp-content\/uploads\/2025\/09\/Salavador-038-1536x1152.jpg 1536w, https:\/\/www.askja-on-tour.ch\/wp-content\/uploads\/2025\/09\/Salavador-038.jpg 2048w\" sizes=\"auto, (max-width: 1024px) 100vw, 1024px\" \/><\/p>\n<figure id=\"attachment_28258\" aria-describedby=\"caption-attachment-28258\" style=\"width: 768px\" class=\"wp-caption alignnone\"><img loading=\"lazy\" decoding=\"async\" class=\"size-medium wp-image-28258\" src=\"https:\/\/www.askja-on-tour.ch\/wp-content\/uploads\/2025\/09\/Salavador-039-768x1024.jpg\" alt=\"\" width=\"768\" height=\"1024\" srcset=\"https:\/\/www.askja-on-tour.ch\/wp-content\/uploads\/2025\/09\/Salavador-039-768x1024.jpg 768w, https:\/\/www.askja-on-tour.ch\/wp-content\/uploads\/2025\/09\/Salavador-039-1200x1600.jpg 1200w, https:\/\/www.askja-on-tour.ch\/wp-content\/uploads\/2025\/09\/Salavador-039-1152x1536.jpg 1152w, https:\/\/www.askja-on-tour.ch\/wp-content\/uploads\/2025\/09\/Salavador-039.jpg 1536w\" sizes=\"auto, (max-width: 768px) 100vw, 768px\" \/><figcaption id=\"caption-attachment-28258\" class=\"wp-caption-text\">Statue des ersten Bischofs Dom Pedro Fernandes Sardinha.<br \/>Er wurde 1552 zum Bischof von Salvador ernannt, starb aber schon 1556 einen grausamen Tod. Nach seiner Amtseinf\u00fchrung legte er sich schnell mit den Jesuiten an, u. a., weil er die Praxis missbilligte, indianische Musikinstrumente von christlich erzogenen Kindern benutzen zu lassen und native Melodien in christlichen Kulten einzusetzen. Aber gerade hier sahen die Jesuiten die M\u00f6glichkeit, Einheimische f\u00fcr den christlichen Glauben zu gewinnen. Sein Streit mit den Jesuiten endete mit seinem Tod am 16. Juli 1556. Er erlitt vor der K\u00fcste Alagoas Schiffbruch und wurde von den \u201eIndios Caet\u00e9s\u201c aufgegessen.<\/figcaption><\/figure>\n<figure id=\"attachment_28259\" aria-describedby=\"caption-attachment-28259\" style=\"width: 768px\" class=\"wp-caption alignnone\"><img loading=\"lazy\" decoding=\"async\" class=\"size-medium wp-image-28259\" src=\"https:\/\/www.askja-on-tour.ch\/wp-content\/uploads\/2025\/09\/Salavador-040-768x1024.jpg\" alt=\"\" width=\"768\" height=\"1024\" srcset=\"https:\/\/www.askja-on-tour.ch\/wp-content\/uploads\/2025\/09\/Salavador-040-768x1024.jpg 768w, https:\/\/www.askja-on-tour.ch\/wp-content\/uploads\/2025\/09\/Salavador-040-1200x1600.jpg 1200w, https:\/\/www.askja-on-tour.ch\/wp-content\/uploads\/2025\/09\/Salavador-040-1152x1536.jpg 1152w, https:\/\/www.askja-on-tour.ch\/wp-content\/uploads\/2025\/09\/Salavador-040.jpg 1536w\" sizes=\"auto, (max-width: 768px) 100vw, 768px\" \/><figcaption id=\"caption-attachment-28259\" class=\"wp-caption-text\">An der zentralen Pra\u00e7a da S\u00e9 befindet sich die Statue des Zumbi (=St\u00e4rke des Geistes) dos Palmares (1655-1695), Symbol des ersten Sklavenaufstandes im Salvador des 17. Jh. Die Kolonialgeschichte ist in der Stadt durchaus pr\u00e4sent. Die 2,2 m hohe Bronze-Statue wurde 2008 errichtet.<\/figcaption><\/figure>\n<figure id=\"attachment_28261\" aria-describedby=\"caption-attachment-28261\" style=\"width: 768px\" class=\"wp-caption alignnone\"><img loading=\"lazy\" decoding=\"async\" class=\"size-medium wp-image-28261\" src=\"https:\/\/www.askja-on-tour.ch\/wp-content\/uploads\/2025\/09\/Salavador-042-768x1024.jpg\" alt=\"\" width=\"768\" height=\"1024\" srcset=\"https:\/\/www.askja-on-tour.ch\/wp-content\/uploads\/2025\/09\/Salavador-042-768x1024.jpg 768w, https:\/\/www.askja-on-tour.ch\/wp-content\/uploads\/2025\/09\/Salavador-042-1200x1600.jpg 1200w, https:\/\/www.askja-on-tour.ch\/wp-content\/uploads\/2025\/09\/Salavador-042-1152x1536.jpg 1152w, https:\/\/www.askja-on-tour.ch\/wp-content\/uploads\/2025\/09\/Salavador-042.jpg 1536w\" sizes=\"auto, (max-width: 768px) 100vw, 768px\" \/><figcaption id=\"caption-attachment-28261\" class=\"wp-caption-text\">Die beiden sogenannten Schr\u00e4gaufzug (Plano Inclinado Gon\u00e7alves) verbinden Ober- und Unterstadt<\/figcaption><\/figure>\n<p><img loading=\"lazy\" decoding=\"async\" class=\"alignnone size-medium wp-image-28262\" src=\"https:\/\/www.askja-on-tour.ch\/wp-content\/uploads\/2025\/09\/Salavador-043-1024x768.jpg\" alt=\"\" width=\"1024\" height=\"768\" srcset=\"https:\/\/www.askja-on-tour.ch\/wp-content\/uploads\/2025\/09\/Salavador-043-1024x768.jpg 1024w, https:\/\/www.askja-on-tour.ch\/wp-content\/uploads\/2025\/09\/Salavador-043-1600x1200.jpg 1600w, https:\/\/www.askja-on-tour.ch\/wp-content\/uploads\/2025\/09\/Salavador-043-768x576.jpg 768w, https:\/\/www.askja-on-tour.ch\/wp-content\/uploads\/2025\/09\/Salavador-043-1536x1152.jpg 1536w, https:\/\/www.askja-on-tour.ch\/wp-content\/uploads\/2025\/09\/Salavador-043.jpg 2048w\" sizes=\"auto, (max-width: 1024px) 100vw, 1024px\" \/><\/p>\n<figure id=\"attachment_28260\" aria-describedby=\"caption-attachment-28260\" style=\"width: 1024px\" class=\"wp-caption alignnone\"><img loading=\"lazy\" decoding=\"async\" class=\"size-medium wp-image-28260\" src=\"https:\/\/www.askja-on-tour.ch\/wp-content\/uploads\/2025\/09\/Salavador-041-1024x768.jpg\" alt=\"\" width=\"1024\" height=\"768\" srcset=\"https:\/\/www.askja-on-tour.ch\/wp-content\/uploads\/2025\/09\/Salavador-041-1024x768.jpg 1024w, https:\/\/www.askja-on-tour.ch\/wp-content\/uploads\/2025\/09\/Salavador-041-1600x1200.jpg 1600w, https:\/\/www.askja-on-tour.ch\/wp-content\/uploads\/2025\/09\/Salavador-041-768x576.jpg 768w, https:\/\/www.askja-on-tour.ch\/wp-content\/uploads\/2025\/09\/Salavador-041-1536x1152.jpg 1536w, https:\/\/www.askja-on-tour.ch\/wp-content\/uploads\/2025\/09\/Salavador-041.jpg 2048w\" sizes=\"auto, (max-width: 1024px) 100vw, 1024px\" \/><figcaption id=\"caption-attachment-28260\" class=\"wp-caption-text\">Drei \u00fcbergrosse \u201eFoli\u00f5es\u201c (Jecken, Narren) vor dem Karneval-Museum<\/figcaption><\/figure>\n<figure id=\"attachment_28263\" aria-describedby=\"caption-attachment-28263\" style=\"width: 768px\" class=\"wp-caption alignnone\"><img loading=\"lazy\" decoding=\"async\" class=\"size-medium wp-image-28263\" src=\"https:\/\/www.askja-on-tour.ch\/wp-content\/uploads\/2025\/09\/Salavador-044-768x1024.jpg\" alt=\"\" width=\"768\" height=\"1024\" srcset=\"https:\/\/www.askja-on-tour.ch\/wp-content\/uploads\/2025\/09\/Salavador-044-768x1024.jpg 768w, https:\/\/www.askja-on-tour.ch\/wp-content\/uploads\/2025\/09\/Salavador-044-1200x1600.jpg 1200w, https:\/\/www.askja-on-tour.ch\/wp-content\/uploads\/2025\/09\/Salavador-044-1152x1536.jpg 1152w, https:\/\/www.askja-on-tour.ch\/wp-content\/uploads\/2025\/09\/Salavador-044.jpg 1536w\" sizes=\"auto, (max-width: 768px) 100vw, 768px\" \/><figcaption id=\"caption-attachment-28263\" class=\"wp-caption-text\">Ehemalige Uni der Medizin, heute ein Museum<\/figcaption><\/figure>\n<p>Wir haben uns als erstes das Museum in der ehemaligen Bischofs-Residenz angesehen, das uns von der Einrichtung aber auch von der Aussicht auf die Stadt beeindruckt hat.<\/p>\n<figure id=\"attachment_28276\" aria-describedby=\"caption-attachment-28276\" style=\"width: 1024px\" class=\"wp-caption alignnone\"><img loading=\"lazy\" decoding=\"async\" class=\"size-medium wp-image-28276\" src=\"https:\/\/www.askja-on-tour.ch\/wp-content\/uploads\/2025\/09\/Salavador-057-1024x768.jpg\" alt=\"\" width=\"1024\" height=\"768\" srcset=\"https:\/\/www.askja-on-tour.ch\/wp-content\/uploads\/2025\/09\/Salavador-057-1024x768.jpg 1024w, https:\/\/www.askja-on-tour.ch\/wp-content\/uploads\/2025\/09\/Salavador-057-1600x1200.jpg 1600w, https:\/\/www.askja-on-tour.ch\/wp-content\/uploads\/2025\/09\/Salavador-057-768x576.jpg 768w, https:\/\/www.askja-on-tour.ch\/wp-content\/uploads\/2025\/09\/Salavador-057-1536x1152.jpg 1536w, https:\/\/www.askja-on-tour.ch\/wp-content\/uploads\/2025\/09\/Salavador-057.jpg 2048w\" sizes=\"auto, (max-width: 1024px) 100vw, 1024px\" \/><figcaption id=\"caption-attachment-28276\" class=\"wp-caption-text\">Museum im ehemaligen Palacio Episcopal (Palast des Erzbischofs)<\/figcaption><\/figure>\n<p><img loading=\"lazy\" decoding=\"async\" class=\"alignnone size-medium wp-image-28277\" src=\"https:\/\/www.askja-on-tour.ch\/wp-content\/uploads\/2025\/09\/Salavador-058-768x1024.jpg\" alt=\"\" width=\"768\" height=\"1024\" srcset=\"https:\/\/www.askja-on-tour.ch\/wp-content\/uploads\/2025\/09\/Salavador-058-768x1024.jpg 768w, https:\/\/www.askja-on-tour.ch\/wp-content\/uploads\/2025\/09\/Salavador-058-1200x1600.jpg 1200w, https:\/\/www.askja-on-tour.ch\/wp-content\/uploads\/2025\/09\/Salavador-058-1152x1536.jpg 1152w, https:\/\/www.askja-on-tour.ch\/wp-content\/uploads\/2025\/09\/Salavador-058.jpg 1536w\" sizes=\"auto, (max-width: 768px) 100vw, 768px\" \/> <img loading=\"lazy\" decoding=\"async\" class=\"alignnone size-medium wp-image-28278\" src=\"https:\/\/www.askja-on-tour.ch\/wp-content\/uploads\/2025\/09\/Salavador-059-1024x768.jpg\" alt=\"\" width=\"1024\" height=\"768\" srcset=\"https:\/\/www.askja-on-tour.ch\/wp-content\/uploads\/2025\/09\/Salavador-059-1024x768.jpg 1024w, https:\/\/www.askja-on-tour.ch\/wp-content\/uploads\/2025\/09\/Salavador-059-1600x1200.jpg 1600w, https:\/\/www.askja-on-tour.ch\/wp-content\/uploads\/2025\/09\/Salavador-059-768x576.jpg 768w, https:\/\/www.askja-on-tour.ch\/wp-content\/uploads\/2025\/09\/Salavador-059-1536x1152.jpg 1536w, https:\/\/www.askja-on-tour.ch\/wp-content\/uploads\/2025\/09\/Salavador-059.jpg 2048w\" sizes=\"auto, (max-width: 1024px) 100vw, 1024px\" \/> <img loading=\"lazy\" decoding=\"async\" class=\"alignnone size-medium wp-image-28279\" src=\"https:\/\/www.askja-on-tour.ch\/wp-content\/uploads\/2025\/09\/Salavador-060-768x1024.jpg\" alt=\"\" width=\"768\" height=\"1024\" srcset=\"https:\/\/www.askja-on-tour.ch\/wp-content\/uploads\/2025\/09\/Salavador-060-768x1024.jpg 768w, https:\/\/www.askja-on-tour.ch\/wp-content\/uploads\/2025\/09\/Salavador-060-1200x1600.jpg 1200w, https:\/\/www.askja-on-tour.ch\/wp-content\/uploads\/2025\/09\/Salavador-060-1152x1536.jpg 1152w, https:\/\/www.askja-on-tour.ch\/wp-content\/uploads\/2025\/09\/Salavador-060.jpg 1536w\" sizes=\"auto, (max-width: 768px) 100vw, 768px\" \/> <img loading=\"lazy\" decoding=\"async\" class=\"alignnone size-medium wp-image-28280\" src=\"https:\/\/www.askja-on-tour.ch\/wp-content\/uploads\/2025\/09\/Salavador-061-1024x768.jpg\" alt=\"\" width=\"1024\" height=\"768\" srcset=\"https:\/\/www.askja-on-tour.ch\/wp-content\/uploads\/2025\/09\/Salavador-061-1024x768.jpg 1024w, https:\/\/www.askja-on-tour.ch\/wp-content\/uploads\/2025\/09\/Salavador-061-1600x1200.jpg 1600w, https:\/\/www.askja-on-tour.ch\/wp-content\/uploads\/2025\/09\/Salavador-061-768x576.jpg 768w, https:\/\/www.askja-on-tour.ch\/wp-content\/uploads\/2025\/09\/Salavador-061-1536x1152.jpg 1536w, https:\/\/www.askja-on-tour.ch\/wp-content\/uploads\/2025\/09\/Salavador-061.jpg 2048w\" sizes=\"auto, (max-width: 1024px) 100vw, 1024px\" \/> <img loading=\"lazy\" decoding=\"async\" class=\"alignnone size-medium wp-image-28281\" src=\"https:\/\/www.askja-on-tour.ch\/wp-content\/uploads\/2025\/09\/Salavador-062-1024x768.jpg\" alt=\"\" width=\"1024\" height=\"768\" srcset=\"https:\/\/www.askja-on-tour.ch\/wp-content\/uploads\/2025\/09\/Salavador-062-1024x768.jpg 1024w, https:\/\/www.askja-on-tour.ch\/wp-content\/uploads\/2025\/09\/Salavador-062-1600x1200.jpg 1600w, https:\/\/www.askja-on-tour.ch\/wp-content\/uploads\/2025\/09\/Salavador-062-768x576.jpg 768w, https:\/\/www.askja-on-tour.ch\/wp-content\/uploads\/2025\/09\/Salavador-062-1536x1152.jpg 1536w, https:\/\/www.askja-on-tour.ch\/wp-content\/uploads\/2025\/09\/Salavador-062.jpg 2048w\" sizes=\"auto, (max-width: 1024px) 100vw, 1024px\" \/> <img loading=\"lazy\" decoding=\"async\" class=\"alignnone size-medium wp-image-28282\" src=\"https:\/\/www.askja-on-tour.ch\/wp-content\/uploads\/2025\/09\/Salavador-063-1024x768.jpg\" alt=\"\" width=\"1024\" height=\"768\" srcset=\"https:\/\/www.askja-on-tour.ch\/wp-content\/uploads\/2025\/09\/Salavador-063-1024x768.jpg 1024w, https:\/\/www.askja-on-tour.ch\/wp-content\/uploads\/2025\/09\/Salavador-063-1600x1200.jpg 1600w, https:\/\/www.askja-on-tour.ch\/wp-content\/uploads\/2025\/09\/Salavador-063-768x576.jpg 768w, https:\/\/www.askja-on-tour.ch\/wp-content\/uploads\/2025\/09\/Salavador-063-1536x1152.jpg 1536w, https:\/\/www.askja-on-tour.ch\/wp-content\/uploads\/2025\/09\/Salavador-063.jpg 2048w\" sizes=\"auto, (max-width: 1024px) 100vw, 1024px\" \/><\/p>\n<figure id=\"attachment_28283\" aria-describedby=\"caption-attachment-28283\" style=\"width: 1024px\" class=\"wp-caption alignnone\"><img loading=\"lazy\" decoding=\"async\" class=\"size-medium wp-image-28283\" src=\"https:\/\/www.askja-on-tour.ch\/wp-content\/uploads\/2025\/09\/Salavador-064-1024x768.jpg\" alt=\"\" width=\"1024\" height=\"768\" srcset=\"https:\/\/www.askja-on-tour.ch\/wp-content\/uploads\/2025\/09\/Salavador-064-1024x768.jpg 1024w, https:\/\/www.askja-on-tour.ch\/wp-content\/uploads\/2025\/09\/Salavador-064-1600x1200.jpg 1600w, https:\/\/www.askja-on-tour.ch\/wp-content\/uploads\/2025\/09\/Salavador-064-768x576.jpg 768w, https:\/\/www.askja-on-tour.ch\/wp-content\/uploads\/2025\/09\/Salavador-064-1536x1152.jpg 1536w, https:\/\/www.askja-on-tour.ch\/wp-content\/uploads\/2025\/09\/Salavador-064.jpg 2048w\" sizes=\"auto, (max-width: 1024px) 100vw, 1024px\" \/><figcaption id=\"caption-attachment-28283\" class=\"wp-caption-text\">Blick aus dem zweiten Stock der ehemaligen Bischofs-Residenz<\/figcaption><\/figure>\n<p><img loading=\"lazy\" decoding=\"async\" class=\"alignnone size-medium wp-image-28284\" src=\"https:\/\/www.askja-on-tour.ch\/wp-content\/uploads\/2025\/09\/Salavador-065-768x1024.jpg\" alt=\"\" width=\"768\" height=\"1024\" srcset=\"https:\/\/www.askja-on-tour.ch\/wp-content\/uploads\/2025\/09\/Salavador-065-768x1024.jpg 768w, https:\/\/www.askja-on-tour.ch\/wp-content\/uploads\/2025\/09\/Salavador-065-1200x1600.jpg 1200w, https:\/\/www.askja-on-tour.ch\/wp-content\/uploads\/2025\/09\/Salavador-065-1152x1536.jpg 1152w, https:\/\/www.askja-on-tour.ch\/wp-content\/uploads\/2025\/09\/Salavador-065.jpg 1536w\" sizes=\"auto, (max-width: 768px) 100vw, 768px\" \/> <img loading=\"lazy\" decoding=\"async\" class=\"alignnone size-medium wp-image-28285\" src=\"https:\/\/www.askja-on-tour.ch\/wp-content\/uploads\/2025\/09\/Salavador-066-768x1024.jpg\" alt=\"\" width=\"768\" height=\"1024\" srcset=\"https:\/\/www.askja-on-tour.ch\/wp-content\/uploads\/2025\/09\/Salavador-066-768x1024.jpg 768w, https:\/\/www.askja-on-tour.ch\/wp-content\/uploads\/2025\/09\/Salavador-066-1200x1600.jpg 1200w, https:\/\/www.askja-on-tour.ch\/wp-content\/uploads\/2025\/09\/Salavador-066-1152x1536.jpg 1152w, https:\/\/www.askja-on-tour.ch\/wp-content\/uploads\/2025\/09\/Salavador-066.jpg 1536w\" sizes=\"auto, (max-width: 768px) 100vw, 768px\" \/><\/p>\n<figure id=\"attachment_28286\" aria-describedby=\"caption-attachment-28286\" style=\"width: 1024px\" class=\"wp-caption alignnone\"><img loading=\"lazy\" decoding=\"async\" class=\"size-medium wp-image-28286\" src=\"https:\/\/www.askja-on-tour.ch\/wp-content\/uploads\/2025\/09\/Salavador-067-1024x768.jpg\" alt=\"\" width=\"1024\" height=\"768\" srcset=\"https:\/\/www.askja-on-tour.ch\/wp-content\/uploads\/2025\/09\/Salavador-067-1024x768.jpg 1024w, https:\/\/www.askja-on-tour.ch\/wp-content\/uploads\/2025\/09\/Salavador-067-1600x1200.jpg 1600w, https:\/\/www.askja-on-tour.ch\/wp-content\/uploads\/2025\/09\/Salavador-067-768x576.jpg 768w, https:\/\/www.askja-on-tour.ch\/wp-content\/uploads\/2025\/09\/Salavador-067-1536x1152.jpg 1536w, https:\/\/www.askja-on-tour.ch\/wp-content\/uploads\/2025\/09\/Salavador-067.jpg 2048w\" sizes=\"auto, (max-width: 1024px) 100vw, 1024px\" \/><figcaption id=\"caption-attachment-28286\" class=\"wp-caption-text\">&#8230; mit Blick auf den Marinest\u00fctzpunkt und das Monument der Stadt Salvador, umgangssprachlich Bunda genannt<\/figcaption><\/figure>\n<figure id=\"attachment_28287\" aria-describedby=\"caption-attachment-28287\" style=\"width: 1024px\" class=\"wp-caption alignnone\"><img loading=\"lazy\" decoding=\"async\" class=\"size-medium wp-image-28287\" src=\"https:\/\/www.askja-on-tour.ch\/wp-content\/uploads\/2025\/09\/Salavador-068-1024x768.jpg\" alt=\"\" width=\"1024\" height=\"768\" srcset=\"https:\/\/www.askja-on-tour.ch\/wp-content\/uploads\/2025\/09\/Salavador-068-1024x768.jpg 1024w, https:\/\/www.askja-on-tour.ch\/wp-content\/uploads\/2025\/09\/Salavador-068-1600x1200.jpg 1600w, https:\/\/www.askja-on-tour.ch\/wp-content\/uploads\/2025\/09\/Salavador-068-768x576.jpg 768w, https:\/\/www.askja-on-tour.ch\/wp-content\/uploads\/2025\/09\/Salavador-068-1536x1152.jpg 1536w, https:\/\/www.askja-on-tour.ch\/wp-content\/uploads\/2025\/09\/Salavador-068.jpg 2048w\" sizes=\"auto, (max-width: 1024px) 100vw, 1024px\" \/><figcaption id=\"caption-attachment-28287\" class=\"wp-caption-text\">Blick auf den Mercado Modelo (gelbes Geb\u00e4ude), in dem rund 240 Handwerksl\u00e4den (Souvenirs, die sich immer wiederholen) und zwei Restaurants untergebracht sind<\/figcaption><\/figure>\n<p>Danach sind wir weiter zur Kathedrale geschlendert \u2013 auf dem Weg gibt es immer wieder unz\u00e4hlige Fotomotive.<\/p>\n<figure id=\"attachment_28264\" aria-describedby=\"caption-attachment-28264\" style=\"width: 768px\" class=\"wp-caption alignnone\"><img loading=\"lazy\" decoding=\"async\" class=\"size-medium wp-image-28264\" src=\"https:\/\/www.askja-on-tour.ch\/wp-content\/uploads\/2025\/09\/Salavador-045-768x1024.jpg\" alt=\"\" width=\"768\" height=\"1024\" srcset=\"https:\/\/www.askja-on-tour.ch\/wp-content\/uploads\/2025\/09\/Salavador-045-768x1024.jpg 768w, https:\/\/www.askja-on-tour.ch\/wp-content\/uploads\/2025\/09\/Salavador-045-1200x1600.jpg 1200w, https:\/\/www.askja-on-tour.ch\/wp-content\/uploads\/2025\/09\/Salavador-045-1152x1536.jpg 1152w, https:\/\/www.askja-on-tour.ch\/wp-content\/uploads\/2025\/09\/Salavador-045.jpg 1536w\" sizes=\"auto, (max-width: 768px) 100vw, 768px\" \/><figcaption id=\"caption-attachment-28264\" class=\"wp-caption-text\">Acaraj\u00e9 (aus Bohnenmousse). Die frittierten Fleisch- und Gem\u00fcseb\u00e4llchen werden mit verschiedenen Zutaten gef\u00fcllt.<\/figcaption><\/figure>\n<figure id=\"attachment_28265\" aria-describedby=\"caption-attachment-28265\" style=\"width: 768px\" class=\"wp-caption alignnone\"><img loading=\"lazy\" decoding=\"async\" class=\"size-medium wp-image-28265\" src=\"https:\/\/www.askja-on-tour.ch\/wp-content\/uploads\/2025\/09\/Salavador-046-768x1024.jpg\" alt=\"\" width=\"768\" height=\"1024\" srcset=\"https:\/\/www.askja-on-tour.ch\/wp-content\/uploads\/2025\/09\/Salavador-046-768x1024.jpg 768w, https:\/\/www.askja-on-tour.ch\/wp-content\/uploads\/2025\/09\/Salavador-046-1200x1600.jpg 1200w, https:\/\/www.askja-on-tour.ch\/wp-content\/uploads\/2025\/09\/Salavador-046-1152x1536.jpg 1152w, https:\/\/www.askja-on-tour.ch\/wp-content\/uploads\/2025\/09\/Salavador-046.jpg 1536w\" sizes=\"auto, (max-width: 768px) 100vw, 768px\" \/><figcaption id=\"caption-attachment-28265\" class=\"wp-caption-text\">Einmalige Eindr\u00fccke der bunten H\u00e4user im Kolonialstil<\/figcaption><\/figure>\n<figure id=\"attachment_28266\" aria-describedby=\"caption-attachment-28266\" style=\"width: 768px\" class=\"wp-caption alignnone\"><img loading=\"lazy\" decoding=\"async\" class=\"size-medium wp-image-28266\" src=\"https:\/\/www.askja-on-tour.ch\/wp-content\/uploads\/2025\/09\/Salavador-047-768x1024.jpg\" alt=\"\" width=\"768\" height=\"1024\" srcset=\"https:\/\/www.askja-on-tour.ch\/wp-content\/uploads\/2025\/09\/Salavador-047-768x1024.jpg 768w, https:\/\/www.askja-on-tour.ch\/wp-content\/uploads\/2025\/09\/Salavador-047-1200x1600.jpg 1200w, https:\/\/www.askja-on-tour.ch\/wp-content\/uploads\/2025\/09\/Salavador-047-1152x1536.jpg 1152w, https:\/\/www.askja-on-tour.ch\/wp-content\/uploads\/2025\/09\/Salavador-047.jpg 1536w\" sizes=\"auto, (max-width: 768px) 100vw, 768px\" \/><figcaption id=\"caption-attachment-28266\" class=\"wp-caption-text\">Cacau-Frucht<\/figcaption><\/figure>\n<p><img loading=\"lazy\" decoding=\"async\" class=\"alignnone size-medium wp-image-28267\" src=\"https:\/\/www.askja-on-tour.ch\/wp-content\/uploads\/2025\/09\/Salavador-048-1024x768.jpg\" alt=\"\" width=\"1024\" height=\"768\" srcset=\"https:\/\/www.askja-on-tour.ch\/wp-content\/uploads\/2025\/09\/Salavador-048-1024x768.jpg 1024w, https:\/\/www.askja-on-tour.ch\/wp-content\/uploads\/2025\/09\/Salavador-048-1600x1200.jpg 1600w, https:\/\/www.askja-on-tour.ch\/wp-content\/uploads\/2025\/09\/Salavador-048-768x576.jpg 768w, https:\/\/www.askja-on-tour.ch\/wp-content\/uploads\/2025\/09\/Salavador-048-1536x1152.jpg 1536w, https:\/\/www.askja-on-tour.ch\/wp-content\/uploads\/2025\/09\/Salavador-048.jpg 2048w\" sizes=\"auto, (max-width: 1024px) 100vw, 1024px\" \/><\/p>\n<figure id=\"attachment_28268\" aria-describedby=\"caption-attachment-28268\" style=\"width: 1024px\" class=\"wp-caption alignnone\"><img loading=\"lazy\" decoding=\"async\" class=\"size-medium wp-image-28268\" src=\"https:\/\/www.askja-on-tour.ch\/wp-content\/uploads\/2025\/09\/Salavador-049-1024x768.jpg\" alt=\"\" width=\"1024\" height=\"768\" srcset=\"https:\/\/www.askja-on-tour.ch\/wp-content\/uploads\/2025\/09\/Salavador-049-1024x768.jpg 1024w, https:\/\/www.askja-on-tour.ch\/wp-content\/uploads\/2025\/09\/Salavador-049-1600x1200.jpg 1600w, https:\/\/www.askja-on-tour.ch\/wp-content\/uploads\/2025\/09\/Salavador-049-768x576.jpg 768w, https:\/\/www.askja-on-tour.ch\/wp-content\/uploads\/2025\/09\/Salavador-049-1536x1152.jpg 1536w, https:\/\/www.askja-on-tour.ch\/wp-content\/uploads\/2025\/09\/Salavador-049.jpg 2048w\" sizes=\"auto, (max-width: 1024px) 100vw, 1024px\" \/><figcaption id=\"caption-attachment-28268\" class=\"wp-caption-text\">Der Sklaven-Schmuck, Penca De Balangandan. Viele Sklaven erhielten von ihren Besitzern ein Armband und mit jedem Jahr der Sklavenschaft bekamen sie einen Anh\u00e4nger. Nach 25 Jahren konnten sie dieses Penca De Balangandan gegen ihre Freiheit eintauschen.<\/figcaption><\/figure>\n<figure id=\"attachment_28269\" aria-describedby=\"caption-attachment-28269\" style=\"width: 1024px\" class=\"wp-caption alignnone\"><img loading=\"lazy\" decoding=\"async\" class=\"size-medium wp-image-28269\" src=\"https:\/\/www.askja-on-tour.ch\/wp-content\/uploads\/2025\/09\/Salavador-050-1024x768.jpg\" alt=\"\" width=\"1024\" height=\"768\" srcset=\"https:\/\/www.askja-on-tour.ch\/wp-content\/uploads\/2025\/09\/Salavador-050-1024x768.jpg 1024w, https:\/\/www.askja-on-tour.ch\/wp-content\/uploads\/2025\/09\/Salavador-050-1600x1200.jpg 1600w, https:\/\/www.askja-on-tour.ch\/wp-content\/uploads\/2025\/09\/Salavador-050-768x576.jpg 768w, https:\/\/www.askja-on-tour.ch\/wp-content\/uploads\/2025\/09\/Salavador-050-1536x1152.jpg 1536w, https:\/\/www.askja-on-tour.ch\/wp-content\/uploads\/2025\/09\/Salavador-050.jpg 2048w\" sizes=\"auto, (max-width: 1024px) 100vw, 1024px\" \/><figcaption id=\"caption-attachment-28269\" class=\"wp-caption-text\">Die afro-brasiliansiche Kultur ist allgegenw\u00e4rt: in Bildern, in Wandgem\u00e4lden, etc.<\/figcaption><\/figure>\n<figure id=\"attachment_28270\" aria-describedby=\"caption-attachment-28270\" style=\"width: 1024px\" class=\"wp-caption alignnone\"><img loading=\"lazy\" decoding=\"async\" class=\"size-medium wp-image-28270\" src=\"https:\/\/www.askja-on-tour.ch\/wp-content\/uploads\/2025\/09\/Salavador-051-1024x768.jpg\" alt=\"\" width=\"1024\" height=\"768\" srcset=\"https:\/\/www.askja-on-tour.ch\/wp-content\/uploads\/2025\/09\/Salavador-051-1024x768.jpg 1024w, https:\/\/www.askja-on-tour.ch\/wp-content\/uploads\/2025\/09\/Salavador-051-1600x1200.jpg 1600w, https:\/\/www.askja-on-tour.ch\/wp-content\/uploads\/2025\/09\/Salavador-051-768x576.jpg 768w, https:\/\/www.askja-on-tour.ch\/wp-content\/uploads\/2025\/09\/Salavador-051-1536x1152.jpg 1536w, https:\/\/www.askja-on-tour.ch\/wp-content\/uploads\/2025\/09\/Salavador-051.jpg 2048w\" sizes=\"auto, (max-width: 1024px) 100vw, 1024px\" \/><figcaption id=\"caption-attachment-28270\" class=\"wp-caption-text\">Eine Sambaschule<\/figcaption><\/figure>\n<p><img loading=\"lazy\" decoding=\"async\" class=\"alignnone size-medium wp-image-28271\" src=\"https:\/\/www.askja-on-tour.ch\/wp-content\/uploads\/2025\/09\/Salavador-052-1024x768.jpg\" alt=\"\" width=\"1024\" height=\"768\" srcset=\"https:\/\/www.askja-on-tour.ch\/wp-content\/uploads\/2025\/09\/Salavador-052-1024x768.jpg 1024w, https:\/\/www.askja-on-tour.ch\/wp-content\/uploads\/2025\/09\/Salavador-052-1600x1200.jpg 1600w, https:\/\/www.askja-on-tour.ch\/wp-content\/uploads\/2025\/09\/Salavador-052-768x576.jpg 768w, https:\/\/www.askja-on-tour.ch\/wp-content\/uploads\/2025\/09\/Salavador-052-1536x1152.jpg 1536w, https:\/\/www.askja-on-tour.ch\/wp-content\/uploads\/2025\/09\/Salavador-052.jpg 2048w\" sizes=\"auto, (max-width: 1024px) 100vw, 1024px\" \/><\/p>\n<figure id=\"attachment_28272\" aria-describedby=\"caption-attachment-28272\" style=\"width: 768px\" class=\"wp-caption alignnone\"><img loading=\"lazy\" decoding=\"async\" class=\"size-medium wp-image-28272\" src=\"https:\/\/www.askja-on-tour.ch\/wp-content\/uploads\/2025\/09\/Salavador-053-768x1024.jpg\" alt=\"\" width=\"768\" height=\"1024\" srcset=\"https:\/\/www.askja-on-tour.ch\/wp-content\/uploads\/2025\/09\/Salavador-053-768x1024.jpg 768w, https:\/\/www.askja-on-tour.ch\/wp-content\/uploads\/2025\/09\/Salavador-053-1200x1600.jpg 1200w, https:\/\/www.askja-on-tour.ch\/wp-content\/uploads\/2025\/09\/Salavador-053-1152x1536.jpg 1152w, https:\/\/www.askja-on-tour.ch\/wp-content\/uploads\/2025\/09\/Salavador-053.jpg 1536w\" sizes=\"auto, (max-width: 768px) 100vw, 768px\" \/><figcaption id=\"caption-attachment-28272\" class=\"wp-caption-text\">Eine Baiana vor einem Souvenir-Laden.<br \/>Die Baianas stehen f\u00fcr die Stadt, die traditionelle Kleidung und die Geschm\u00e4cker von Bahia. Man trifft sie an \u00f6ffentlichen Orten an, zum Beispiel auf grossen Pl\u00e4tzen, Stra\u00dfen und M\u00e4rkten. Bei kulturellen und religi\u00f6sen Veranstaltungen repr\u00e4sentieren sie Bahia und ihre afrikanischen Wurzeln.<\/figcaption><\/figure>\n<p><img loading=\"lazy\" decoding=\"async\" class=\"alignnone size-medium wp-image-28275\" src=\"https:\/\/www.askja-on-tour.ch\/wp-content\/uploads\/2025\/09\/Salavador-056-1024x768.jpg\" alt=\"\" width=\"1024\" height=\"768\" srcset=\"https:\/\/www.askja-on-tour.ch\/wp-content\/uploads\/2025\/09\/Salavador-056-1024x768.jpg 1024w, https:\/\/www.askja-on-tour.ch\/wp-content\/uploads\/2025\/09\/Salavador-056-1600x1200.jpg 1600w, https:\/\/www.askja-on-tour.ch\/wp-content\/uploads\/2025\/09\/Salavador-056-768x576.jpg 768w, https:\/\/www.askja-on-tour.ch\/wp-content\/uploads\/2025\/09\/Salavador-056-1536x1152.jpg 1536w, https:\/\/www.askja-on-tour.ch\/wp-content\/uploads\/2025\/09\/Salavador-056.jpg 2048w\" sizes=\"auto, (max-width: 1024px) 100vw, 1024px\" \/><\/p>\n<figure id=\"attachment_28288\" aria-describedby=\"caption-attachment-28288\" style=\"width: 1024px\" class=\"wp-caption alignnone\"><img loading=\"lazy\" decoding=\"async\" class=\"size-medium wp-image-28288\" src=\"https:\/\/www.askja-on-tour.ch\/wp-content\/uploads\/2025\/09\/Salavador-069-1024x768.jpg\" alt=\"\" width=\"1024\" height=\"768\" srcset=\"https:\/\/www.askja-on-tour.ch\/wp-content\/uploads\/2025\/09\/Salavador-069-1024x768.jpg 1024w, https:\/\/www.askja-on-tour.ch\/wp-content\/uploads\/2025\/09\/Salavador-069-1600x1200.jpg 1600w, https:\/\/www.askja-on-tour.ch\/wp-content\/uploads\/2025\/09\/Salavador-069-768x576.jpg 768w, https:\/\/www.askja-on-tour.ch\/wp-content\/uploads\/2025\/09\/Salavador-069-1536x1152.jpg 1536w, https:\/\/www.askja-on-tour.ch\/wp-content\/uploads\/2025\/09\/Salavador-069.jpg 2048w\" sizes=\"auto, (max-width: 1024px) 100vw, 1024px\" \/><figcaption id=\"caption-attachment-28288\" class=\"wp-caption-text\">Bunte Verkaufsst\u00e4nde, die Essen und Getr\u00e4nke anbieten<\/figcaption><\/figure>\n<figure id=\"attachment_28289\" aria-describedby=\"caption-attachment-28289\" style=\"width: 1024px\" class=\"wp-caption alignnone\"><img loading=\"lazy\" decoding=\"async\" class=\"size-medium wp-image-28289\" src=\"https:\/\/www.askja-on-tour.ch\/wp-content\/uploads\/2025\/09\/Salavador-070-1024x768.jpg\" alt=\"\" width=\"1024\" height=\"768\" srcset=\"https:\/\/www.askja-on-tour.ch\/wp-content\/uploads\/2025\/09\/Salavador-070-1024x768.jpg 1024w, https:\/\/www.askja-on-tour.ch\/wp-content\/uploads\/2025\/09\/Salavador-070-1600x1200.jpg 1600w, https:\/\/www.askja-on-tour.ch\/wp-content\/uploads\/2025\/09\/Salavador-070-768x576.jpg 768w, https:\/\/www.askja-on-tour.ch\/wp-content\/uploads\/2025\/09\/Salavador-070-1536x1152.jpg 1536w, https:\/\/www.askja-on-tour.ch\/wp-content\/uploads\/2025\/09\/Salavador-070.jpg 2048w\" sizes=\"auto, (max-width: 1024px) 100vw, 1024px\" \/><figcaption id=\"caption-attachment-28289\" class=\"wp-caption-text\">Der Platz Terreiro de Jesus mit Capoeira-T\u00e4nzern im Hintergrund. Capoeira ist ein Kampftanz mit Musikbegleitung, h\u00e4ufig mit Trommeln.<\/figcaption><\/figure>\n<p><img loading=\"lazy\" decoding=\"async\" class=\"alignnone size-medium wp-image-28290\" src=\"https:\/\/www.askja-on-tour.ch\/wp-content\/uploads\/2025\/09\/Salavador-071-768x1024.jpg\" alt=\"\" width=\"768\" height=\"1024\" srcset=\"https:\/\/www.askja-on-tour.ch\/wp-content\/uploads\/2025\/09\/Salavador-071-768x1024.jpg 768w, https:\/\/www.askja-on-tour.ch\/wp-content\/uploads\/2025\/09\/Salavador-071-1200x1600.jpg 1200w, https:\/\/www.askja-on-tour.ch\/wp-content\/uploads\/2025\/09\/Salavador-071-1152x1536.jpg 1152w, https:\/\/www.askja-on-tour.ch\/wp-content\/uploads\/2025\/09\/Salavador-071.jpg 1536w\" sizes=\"auto, (max-width: 768px) 100vw, 768px\" \/><\/p>\n<p>Die Basilika-Kathedrale von Salvador gilt als eine der bedeutendsten Kirchen in Bahia. Das Bauwerk im Barockstil aus dem 17. Jahrhundert war das vierte Gotteshaus, das die Jesuiten zwischen 1652 und 1672 in der Hauptstadt Bahias errichteten.<\/p>\n<figure id=\"attachment_28291\" aria-describedby=\"caption-attachment-28291\" style=\"width: 768px\" class=\"wp-caption alignnone\"><img loading=\"lazy\" decoding=\"async\" class=\"size-medium wp-image-28291\" src=\"https:\/\/www.askja-on-tour.ch\/wp-content\/uploads\/2025\/09\/Salavador-072-768x1024.jpg\" alt=\"\" width=\"768\" height=\"1024\" srcset=\"https:\/\/www.askja-on-tour.ch\/wp-content\/uploads\/2025\/09\/Salavador-072-768x1024.jpg 768w, https:\/\/www.askja-on-tour.ch\/wp-content\/uploads\/2025\/09\/Salavador-072-1200x1600.jpg 1200w, https:\/\/www.askja-on-tour.ch\/wp-content\/uploads\/2025\/09\/Salavador-072-1152x1536.jpg 1152w, https:\/\/www.askja-on-tour.ch\/wp-content\/uploads\/2025\/09\/Salavador-072.jpg 1536w\" sizes=\"auto, (max-width: 768px) 100vw, 768px\" \/><figcaption id=\"caption-attachment-28291\" class=\"wp-caption-text\">Die Kathedrale von Salvador<\/figcaption><\/figure>\n<p><img loading=\"lazy\" decoding=\"async\" class=\"alignnone size-medium wp-image-28292\" src=\"https:\/\/www.askja-on-tour.ch\/wp-content\/uploads\/2025\/09\/Salavador-073-768x1024.jpg\" alt=\"\" width=\"768\" height=\"1024\" srcset=\"https:\/\/www.askja-on-tour.ch\/wp-content\/uploads\/2025\/09\/Salavador-073-768x1024.jpg 768w, https:\/\/www.askja-on-tour.ch\/wp-content\/uploads\/2025\/09\/Salavador-073-1200x1600.jpg 1200w, https:\/\/www.askja-on-tour.ch\/wp-content\/uploads\/2025\/09\/Salavador-073-1152x1536.jpg 1152w, https:\/\/www.askja-on-tour.ch\/wp-content\/uploads\/2025\/09\/Salavador-073.jpg 1536w\" sizes=\"auto, (max-width: 768px) 100vw, 768px\" \/><\/p>\n<figure id=\"attachment_28293\" aria-describedby=\"caption-attachment-28293\" style=\"width: 1024px\" class=\"wp-caption alignnone\"><img loading=\"lazy\" decoding=\"async\" class=\"size-medium wp-image-28293\" src=\"https:\/\/www.askja-on-tour.ch\/wp-content\/uploads\/2025\/09\/Salavador-074-1024x768.jpg\" alt=\"\" width=\"1024\" height=\"768\" srcset=\"https:\/\/www.askja-on-tour.ch\/wp-content\/uploads\/2025\/09\/Salavador-074-1024x768.jpg 1024w, https:\/\/www.askja-on-tour.ch\/wp-content\/uploads\/2025\/09\/Salavador-074-1600x1200.jpg 1600w, https:\/\/www.askja-on-tour.ch\/wp-content\/uploads\/2025\/09\/Salavador-074-768x576.jpg 768w, https:\/\/www.askja-on-tour.ch\/wp-content\/uploads\/2025\/09\/Salavador-074-1536x1152.jpg 1536w, https:\/\/www.askja-on-tour.ch\/wp-content\/uploads\/2025\/09\/Salavador-074.jpg 2048w\" sizes=\"auto, (max-width: 1024px) 100vw, 1024px\" \/><figcaption id=\"caption-attachment-28293\" class=\"wp-caption-text\">Zwei T\u00fcren: die Hauptt\u00fcre (blaue T\u00fcre) kann so offen gelassen werden und die zweite T\u00fcre wird geschlossen, damit die Kerzen nicht durch den Windzug erlischen<\/figcaption><\/figure>\n<figure id=\"attachment_28294\" aria-describedby=\"caption-attachment-28294\" style=\"width: 768px\" class=\"wp-caption alignnone\"><img loading=\"lazy\" decoding=\"async\" class=\"size-medium wp-image-28294\" src=\"https:\/\/www.askja-on-tour.ch\/wp-content\/uploads\/2025\/09\/Salavador-075-768x1024.jpg\" alt=\"\" width=\"768\" height=\"1024\" srcset=\"https:\/\/www.askja-on-tour.ch\/wp-content\/uploads\/2025\/09\/Salavador-075-768x1024.jpg 768w, https:\/\/www.askja-on-tour.ch\/wp-content\/uploads\/2025\/09\/Salavador-075-1200x1600.jpg 1200w, https:\/\/www.askja-on-tour.ch\/wp-content\/uploads\/2025\/09\/Salavador-075-1152x1536.jpg 1152w, https:\/\/www.askja-on-tour.ch\/wp-content\/uploads\/2025\/09\/Salavador-075.jpg 1536w\" sizes=\"auto, (max-width: 768px) 100vw, 768px\" \/><figcaption id=\"caption-attachment-28294\" class=\"wp-caption-text\">Reliquien-B\u00fcsten von Heiligen und M\u00e4rtyrerinnen<\/figcaption><\/figure>\n<figure id=\"attachment_28295\" aria-describedby=\"caption-attachment-28295\" style=\"width: 1024px\" class=\"wp-caption alignnone\"><img loading=\"lazy\" decoding=\"async\" class=\"size-medium wp-image-28295\" src=\"https:\/\/www.askja-on-tour.ch\/wp-content\/uploads\/2025\/09\/Salavador-076-1024x768.jpg\" alt=\"\" width=\"1024\" height=\"768\" srcset=\"https:\/\/www.askja-on-tour.ch\/wp-content\/uploads\/2025\/09\/Salavador-076-1024x768.jpg 1024w, https:\/\/www.askja-on-tour.ch\/wp-content\/uploads\/2025\/09\/Salavador-076-1600x1200.jpg 1600w, https:\/\/www.askja-on-tour.ch\/wp-content\/uploads\/2025\/09\/Salavador-076-768x576.jpg 768w, https:\/\/www.askja-on-tour.ch\/wp-content\/uploads\/2025\/09\/Salavador-076-1536x1152.jpg 1536w, https:\/\/www.askja-on-tour.ch\/wp-content\/uploads\/2025\/09\/Salavador-076.jpg 2048w\" sizes=\"auto, (max-width: 1024px) 100vw, 1024px\" \/><figcaption id=\"caption-attachment-28295\" class=\"wp-caption-text\">Wundersch\u00f6ne Deckenmalerrei, reich mit Gold verzirrt. Inmitten der Schriftzug IHS. IHS hat verschiedene Bedeutungen: abgeleitet von den ersten drei griechischen Buchstaben seines Namens (\u0399\u0397\u03a3\u039f\u03a5\u03a3). Als Abk\u00fcrzung f\u00fcr lateinische Phrasen wie &#8222;Iesus Hominum Salvator&#8220; (Jesus, der Retter der Menschen) oder bei den Jesuiten als &#8222;Iesum Habemus Socium&#8220; (Wir haben Jesus als Gef\u00e4hrten). Im Falle der Kathedrale ist es auf die Jesuiten zur\u00fcckzuf\u00fchren<\/figcaption><\/figure>\n<p><img loading=\"lazy\" decoding=\"async\" class=\"alignnone size-medium wp-image-28296\" src=\"https:\/\/www.askja-on-tour.ch\/wp-content\/uploads\/2025\/09\/Salavador-077-768x1024.jpg\" alt=\"\" width=\"768\" height=\"1024\" srcset=\"https:\/\/www.askja-on-tour.ch\/wp-content\/uploads\/2025\/09\/Salavador-077-768x1024.jpg 768w, https:\/\/www.askja-on-tour.ch\/wp-content\/uploads\/2025\/09\/Salavador-077-1200x1600.jpg 1200w, https:\/\/www.askja-on-tour.ch\/wp-content\/uploads\/2025\/09\/Salavador-077-1152x1536.jpg 1152w, https:\/\/www.askja-on-tour.ch\/wp-content\/uploads\/2025\/09\/Salavador-077.jpg 1536w\" sizes=\"auto, (max-width: 768px) 100vw, 768px\" \/> <img loading=\"lazy\" decoding=\"async\" class=\"alignnone size-medium wp-image-28297\" src=\"https:\/\/www.askja-on-tour.ch\/wp-content\/uploads\/2025\/09\/Salavador-078-768x1024.jpg\" alt=\"\" width=\"768\" height=\"1024\" srcset=\"https:\/\/www.askja-on-tour.ch\/wp-content\/uploads\/2025\/09\/Salavador-078-768x1024.jpg 768w, https:\/\/www.askja-on-tour.ch\/wp-content\/uploads\/2025\/09\/Salavador-078-1200x1600.jpg 1200w, https:\/\/www.askja-on-tour.ch\/wp-content\/uploads\/2025\/09\/Salavador-078-1152x1536.jpg 1152w, https:\/\/www.askja-on-tour.ch\/wp-content\/uploads\/2025\/09\/Salavador-078.jpg 1536w\" sizes=\"auto, (max-width: 768px) 100vw, 768px\" \/> <img loading=\"lazy\" decoding=\"async\" class=\"alignnone size-medium wp-image-28298\" src=\"https:\/\/www.askja-on-tour.ch\/wp-content\/uploads\/2025\/09\/Salavador-079-768x1024.jpg\" alt=\"\" width=\"768\" height=\"1024\" srcset=\"https:\/\/www.askja-on-tour.ch\/wp-content\/uploads\/2025\/09\/Salavador-079-768x1024.jpg 768w, https:\/\/www.askja-on-tour.ch\/wp-content\/uploads\/2025\/09\/Salavador-079-1200x1600.jpg 1200w, https:\/\/www.askja-on-tour.ch\/wp-content\/uploads\/2025\/09\/Salavador-079-1152x1536.jpg 1152w, https:\/\/www.askja-on-tour.ch\/wp-content\/uploads\/2025\/09\/Salavador-079.jpg 1536w\" sizes=\"auto, (max-width: 768px) 100vw, 768px\" \/> <img loading=\"lazy\" decoding=\"async\" class=\"alignnone size-medium wp-image-28299\" src=\"https:\/\/www.askja-on-tour.ch\/wp-content\/uploads\/2025\/09\/Salavador-080-768x1024.jpg\" alt=\"\" width=\"768\" height=\"1024\" srcset=\"https:\/\/www.askja-on-tour.ch\/wp-content\/uploads\/2025\/09\/Salavador-080-768x1024.jpg 768w, https:\/\/www.askja-on-tour.ch\/wp-content\/uploads\/2025\/09\/Salavador-080-1200x1600.jpg 1200w, https:\/\/www.askja-on-tour.ch\/wp-content\/uploads\/2025\/09\/Salavador-080-1152x1536.jpg 1152w, https:\/\/www.askja-on-tour.ch\/wp-content\/uploads\/2025\/09\/Salavador-080.jpg 1536w\" sizes=\"auto, (max-width: 768px) 100vw, 768px\" \/> <img loading=\"lazy\" decoding=\"async\" class=\"alignnone size-medium wp-image-28300\" src=\"https:\/\/www.askja-on-tour.ch\/wp-content\/uploads\/2025\/09\/Salavador-081-768x1024.jpg\" alt=\"\" width=\"768\" height=\"1024\" srcset=\"https:\/\/www.askja-on-tour.ch\/wp-content\/uploads\/2025\/09\/Salavador-081-768x1024.jpg 768w, https:\/\/www.askja-on-tour.ch\/wp-content\/uploads\/2025\/09\/Salavador-081-1200x1600.jpg 1200w, https:\/\/www.askja-on-tour.ch\/wp-content\/uploads\/2025\/09\/Salavador-081-1152x1536.jpg 1152w, https:\/\/www.askja-on-tour.ch\/wp-content\/uploads\/2025\/09\/Salavador-081.jpg 1536w\" sizes=\"auto, (max-width: 768px) 100vw, 768px\" \/> <img loading=\"lazy\" decoding=\"async\" class=\"alignnone size-medium wp-image-28301\" src=\"https:\/\/www.askja-on-tour.ch\/wp-content\/uploads\/2025\/09\/Salavador-082-1024x768.jpg\" alt=\"\" width=\"1024\" height=\"768\" srcset=\"https:\/\/www.askja-on-tour.ch\/wp-content\/uploads\/2025\/09\/Salavador-082-1024x768.jpg 1024w, https:\/\/www.askja-on-tour.ch\/wp-content\/uploads\/2025\/09\/Salavador-082-1600x1200.jpg 1600w, https:\/\/www.askja-on-tour.ch\/wp-content\/uploads\/2025\/09\/Salavador-082-768x576.jpg 768w, https:\/\/www.askja-on-tour.ch\/wp-content\/uploads\/2025\/09\/Salavador-082-1536x1152.jpg 1536w, https:\/\/www.askja-on-tour.ch\/wp-content\/uploads\/2025\/09\/Salavador-082.jpg 2048w\" sizes=\"auto, (max-width: 1024px) 100vw, 1024px\" \/> <img loading=\"lazy\" decoding=\"async\" class=\"alignnone size-medium wp-image-28302\" src=\"https:\/\/www.askja-on-tour.ch\/wp-content\/uploads\/2025\/09\/Salavador-083-1024x768.jpg\" alt=\"\" width=\"1024\" height=\"768\" srcset=\"https:\/\/www.askja-on-tour.ch\/wp-content\/uploads\/2025\/09\/Salavador-083-1024x768.jpg 1024w, https:\/\/www.askja-on-tour.ch\/wp-content\/uploads\/2025\/09\/Salavador-083-1600x1200.jpg 1600w, https:\/\/www.askja-on-tour.ch\/wp-content\/uploads\/2025\/09\/Salavador-083-768x576.jpg 768w, https:\/\/www.askja-on-tour.ch\/wp-content\/uploads\/2025\/09\/Salavador-083-1536x1152.jpg 1536w, https:\/\/www.askja-on-tour.ch\/wp-content\/uploads\/2025\/09\/Salavador-083.jpg 2048w\" sizes=\"auto, (max-width: 1024px) 100vw, 1024px\" \/> <img loading=\"lazy\" decoding=\"async\" class=\"alignnone size-medium wp-image-28303\" src=\"https:\/\/www.askja-on-tour.ch\/wp-content\/uploads\/2025\/09\/Salavador-084-768x1024.jpg\" alt=\"\" width=\"768\" height=\"1024\" srcset=\"https:\/\/www.askja-on-tour.ch\/wp-content\/uploads\/2025\/09\/Salavador-084-768x1024.jpg 768w, https:\/\/www.askja-on-tour.ch\/wp-content\/uploads\/2025\/09\/Salavador-084-1200x1600.jpg 1200w, https:\/\/www.askja-on-tour.ch\/wp-content\/uploads\/2025\/09\/Salavador-084-1152x1536.jpg 1152w, https:\/\/www.askja-on-tour.ch\/wp-content\/uploads\/2025\/09\/Salavador-084.jpg 1536w\" sizes=\"auto, (max-width: 768px) 100vw, 768px\" \/> <img loading=\"lazy\" decoding=\"async\" class=\"alignnone size-medium wp-image-28304\" src=\"https:\/\/www.askja-on-tour.ch\/wp-content\/uploads\/2025\/09\/Salavador-085-1024x768.jpg\" alt=\"\" width=\"1024\" height=\"768\" srcset=\"https:\/\/www.askja-on-tour.ch\/wp-content\/uploads\/2025\/09\/Salavador-085-1024x768.jpg 1024w, https:\/\/www.askja-on-tour.ch\/wp-content\/uploads\/2025\/09\/Salavador-085-1600x1200.jpg 1600w, https:\/\/www.askja-on-tour.ch\/wp-content\/uploads\/2025\/09\/Salavador-085-768x576.jpg 768w, https:\/\/www.askja-on-tour.ch\/wp-content\/uploads\/2025\/09\/Salavador-085-1536x1152.jpg 1536w, https:\/\/www.askja-on-tour.ch\/wp-content\/uploads\/2025\/09\/Salavador-085.jpg 2048w\" sizes=\"auto, (max-width: 1024px) 100vw, 1024px\" \/> <img loading=\"lazy\" decoding=\"async\" class=\"alignnone size-medium wp-image-28305\" src=\"https:\/\/www.askja-on-tour.ch\/wp-content\/uploads\/2025\/09\/Salavador-086-1024x768.jpg\" alt=\"\" width=\"1024\" height=\"768\" srcset=\"https:\/\/www.askja-on-tour.ch\/wp-content\/uploads\/2025\/09\/Salavador-086-1024x768.jpg 1024w, https:\/\/www.askja-on-tour.ch\/wp-content\/uploads\/2025\/09\/Salavador-086-1600x1200.jpg 1600w, https:\/\/www.askja-on-tour.ch\/wp-content\/uploads\/2025\/09\/Salavador-086-768x576.jpg 768w, https:\/\/www.askja-on-tour.ch\/wp-content\/uploads\/2025\/09\/Salavador-086-1536x1152.jpg 1536w, https:\/\/www.askja-on-tour.ch\/wp-content\/uploads\/2025\/09\/Salavador-086.jpg 2048w\" sizes=\"auto, (max-width: 1024px) 100vw, 1024px\" \/><\/p>\n<p>Weiter gehen wir \u00fcber den Platz Largo Cruzeiro de Sao Francisco und gelangen zu der blattvergoldeten Igreja de Sao Francisco aus dem Jahr 1789 sowie dem angrenzenden Kloster und dem sehenswerten Kreuzgang. Diese h\u00e4tten wir sehr gerne besucht. Sie gilt als die reichste Kirche. Leider kann diese im Moment nicht mehr besucht werden, da am 5. Februar 2025 Teile des Dachs einst\u00fcrzten und eine Touristin t\u00f6tete. Besonders sch\u00f6n ist auch die Igreja da Terceira Ordem de Sao Francisco mit ihren reich verzierten Fassaden im brasilianischen Barock.<\/p>\n<figure id=\"attachment_28273\" aria-describedby=\"caption-attachment-28273\" style=\"width: 1024px\" class=\"wp-caption alignnone\"><img loading=\"lazy\" decoding=\"async\" class=\"size-medium wp-image-28273\" src=\"https:\/\/www.askja-on-tour.ch\/wp-content\/uploads\/2025\/09\/Salavador-054-1024x768.jpg\" alt=\"\" width=\"1024\" height=\"768\" srcset=\"https:\/\/www.askja-on-tour.ch\/wp-content\/uploads\/2025\/09\/Salavador-054-1024x768.jpg 1024w, https:\/\/www.askja-on-tour.ch\/wp-content\/uploads\/2025\/09\/Salavador-054-1600x1200.jpg 1600w, https:\/\/www.askja-on-tour.ch\/wp-content\/uploads\/2025\/09\/Salavador-054-768x576.jpg 768w, https:\/\/www.askja-on-tour.ch\/wp-content\/uploads\/2025\/09\/Salavador-054-1536x1152.jpg 1536w, https:\/\/www.askja-on-tour.ch\/wp-content\/uploads\/2025\/09\/Salavador-054.jpg 2048w\" sizes=\"auto, (max-width: 1024px) 100vw, 1024px\" \/><figcaption id=\"caption-attachment-28273\" class=\"wp-caption-text\">Kirche Igreja da Ordem Terceira de S\u00e3o Francisco, sie liegt direkt neben der Kirche Igreja de S\u00e3o Francisco de Assis<\/figcaption><\/figure>\n<p><img loading=\"lazy\" decoding=\"async\" class=\"alignnone size-medium wp-image-28274\" src=\"https:\/\/www.askja-on-tour.ch\/wp-content\/uploads\/2025\/09\/Salavador-055-1024x768.jpg\" alt=\"\" width=\"1024\" height=\"768\" srcset=\"https:\/\/www.askja-on-tour.ch\/wp-content\/uploads\/2025\/09\/Salavador-055-1024x768.jpg 1024w, https:\/\/www.askja-on-tour.ch\/wp-content\/uploads\/2025\/09\/Salavador-055-1600x1200.jpg 1600w, https:\/\/www.askja-on-tour.ch\/wp-content\/uploads\/2025\/09\/Salavador-055-768x576.jpg 768w, https:\/\/www.askja-on-tour.ch\/wp-content\/uploads\/2025\/09\/Salavador-055-1536x1152.jpg 1536w, https:\/\/www.askja-on-tour.ch\/wp-content\/uploads\/2025\/09\/Salavador-055.jpg 2048w\" sizes=\"auto, (max-width: 1024px) 100vw, 1024px\" \/><\/p>\n<p>Und immer wieder begeistert uns der afrikanische Einfluss und die bunten H\u00e4user im Kolonialstil.<\/p>\n<p><img loading=\"lazy\" decoding=\"async\" class=\"alignnone size-medium wp-image-28307\" src=\"https:\/\/www.askja-on-tour.ch\/wp-content\/uploads\/2025\/09\/Salavador-088-1024x768.jpg\" alt=\"\" width=\"1024\" height=\"768\" srcset=\"https:\/\/www.askja-on-tour.ch\/wp-content\/uploads\/2025\/09\/Salavador-088-1024x768.jpg 1024w, https:\/\/www.askja-on-tour.ch\/wp-content\/uploads\/2025\/09\/Salavador-088-1600x1200.jpg 1600w, https:\/\/www.askja-on-tour.ch\/wp-content\/uploads\/2025\/09\/Salavador-088-768x576.jpg 768w, https:\/\/www.askja-on-tour.ch\/wp-content\/uploads\/2025\/09\/Salavador-088-1536x1152.jpg 1536w, https:\/\/www.askja-on-tour.ch\/wp-content\/uploads\/2025\/09\/Salavador-088.jpg 2048w\" sizes=\"auto, (max-width: 1024px) 100vw, 1024px\" \/><\/p>\n<figure id=\"attachment_28308\" aria-describedby=\"caption-attachment-28308\" style=\"width: 1024px\" class=\"wp-caption alignnone\"><img loading=\"lazy\" decoding=\"async\" class=\"size-medium wp-image-28308\" src=\"https:\/\/www.askja-on-tour.ch\/wp-content\/uploads\/2025\/09\/Salavador-089-1024x768.jpg\" alt=\"\" width=\"1024\" height=\"768\" srcset=\"https:\/\/www.askja-on-tour.ch\/wp-content\/uploads\/2025\/09\/Salavador-089-1024x768.jpg 1024w, https:\/\/www.askja-on-tour.ch\/wp-content\/uploads\/2025\/09\/Salavador-089-1600x1200.jpg 1600w, https:\/\/www.askja-on-tour.ch\/wp-content\/uploads\/2025\/09\/Salavador-089-768x576.jpg 768w, https:\/\/www.askja-on-tour.ch\/wp-content\/uploads\/2025\/09\/Salavador-089-1536x1152.jpg 1536w, https:\/\/www.askja-on-tour.ch\/wp-content\/uploads\/2025\/09\/Salavador-089.jpg 2048w\" sizes=\"auto, (max-width: 1024px) 100vw, 1024px\" \/><figcaption id=\"caption-attachment-28308\" class=\"wp-caption-text\">Im Laden mit afro-brasilianischen Musikinstrumenten<\/figcaption><\/figure>\n<p><img loading=\"lazy\" decoding=\"async\" class=\"alignnone size-medium wp-image-28309\" src=\"https:\/\/www.askja-on-tour.ch\/wp-content\/uploads\/2025\/09\/Salavador-090-1024x768.jpg\" alt=\"\" width=\"1024\" height=\"768\" srcset=\"https:\/\/www.askja-on-tour.ch\/wp-content\/uploads\/2025\/09\/Salavador-090-1024x768.jpg 1024w, https:\/\/www.askja-on-tour.ch\/wp-content\/uploads\/2025\/09\/Salavador-090-1600x1200.jpg 1600w, https:\/\/www.askja-on-tour.ch\/wp-content\/uploads\/2025\/09\/Salavador-090-768x576.jpg 768w, https:\/\/www.askja-on-tour.ch\/wp-content\/uploads\/2025\/09\/Salavador-090-1536x1152.jpg 1536w, https:\/\/www.askja-on-tour.ch\/wp-content\/uploads\/2025\/09\/Salavador-090.jpg 2048w\" sizes=\"auto, (max-width: 1024px) 100vw, 1024px\" \/> <img loading=\"lazy\" decoding=\"async\" class=\"alignnone size-medium wp-image-28310\" src=\"https:\/\/www.askja-on-tour.ch\/wp-content\/uploads\/2025\/09\/Salavador-091-1024x768.jpg\" alt=\"\" width=\"1024\" height=\"768\" srcset=\"https:\/\/www.askja-on-tour.ch\/wp-content\/uploads\/2025\/09\/Salavador-091-1024x768.jpg 1024w, https:\/\/www.askja-on-tour.ch\/wp-content\/uploads\/2025\/09\/Salavador-091-1600x1200.jpg 1600w, https:\/\/www.askja-on-tour.ch\/wp-content\/uploads\/2025\/09\/Salavador-091-768x576.jpg 768w, https:\/\/www.askja-on-tour.ch\/wp-content\/uploads\/2025\/09\/Salavador-091-1536x1152.jpg 1536w, https:\/\/www.askja-on-tour.ch\/wp-content\/uploads\/2025\/09\/Salavador-091.jpg 2048w\" sizes=\"auto, (max-width: 1024px) 100vw, 1024px\" \/> <img loading=\"lazy\" decoding=\"async\" class=\"alignnone size-medium wp-image-28311\" src=\"https:\/\/www.askja-on-tour.ch\/wp-content\/uploads\/2025\/09\/Salavador-092-1024x768.jpg\" alt=\"\" width=\"1024\" height=\"768\" srcset=\"https:\/\/www.askja-on-tour.ch\/wp-content\/uploads\/2025\/09\/Salavador-092-1024x768.jpg 1024w, https:\/\/www.askja-on-tour.ch\/wp-content\/uploads\/2025\/09\/Salavador-092-1600x1200.jpg 1600w, https:\/\/www.askja-on-tour.ch\/wp-content\/uploads\/2025\/09\/Salavador-092-768x576.jpg 768w, https:\/\/www.askja-on-tour.ch\/wp-content\/uploads\/2025\/09\/Salavador-092-1536x1152.jpg 1536w, https:\/\/www.askja-on-tour.ch\/wp-content\/uploads\/2025\/09\/Salavador-092.jpg 2048w\" sizes=\"auto, (max-width: 1024px) 100vw, 1024px\" \/> <img loading=\"lazy\" decoding=\"async\" class=\"alignnone size-medium wp-image-28312\" src=\"https:\/\/www.askja-on-tour.ch\/wp-content\/uploads\/2025\/09\/Salavador-093-1024x768.jpg\" alt=\"\" width=\"1024\" height=\"768\" srcset=\"https:\/\/www.askja-on-tour.ch\/wp-content\/uploads\/2025\/09\/Salavador-093-1024x768.jpg 1024w, https:\/\/www.askja-on-tour.ch\/wp-content\/uploads\/2025\/09\/Salavador-093-1600x1200.jpg 1600w, https:\/\/www.askja-on-tour.ch\/wp-content\/uploads\/2025\/09\/Salavador-093-768x576.jpg 768w, https:\/\/www.askja-on-tour.ch\/wp-content\/uploads\/2025\/09\/Salavador-093-1536x1152.jpg 1536w, https:\/\/www.askja-on-tour.ch\/wp-content\/uploads\/2025\/09\/Salavador-093.jpg 2048w\" sizes=\"auto, (max-width: 1024px) 100vw, 1024px\" \/><\/p>\n<p>Eine weitere Kirche, die wir besuchten \u2013 ich sagte ja schon, Salvador hat 76 Kirchen \u2013 war die Sklaven-Kirche &#8222;Igreja de Nossa Senhora do Ros\u00e1rio dos Pretos&#8220; ist die Kirche Unserer Lieben Frau vom Rosenkranz der Schwarzen in Salvador da Bahia, Brasilien. <span data-huuid=\"15879274243078557012\">Sie wurde zwischen 1870 \u2013 1890 erbaut und war eine zentrale Kirche f\u00fcr die afro-brasilianische Bev\u00f6lkerung w\u00e4hrend der Kolonialzeit und wird heute f\u00fcr Messen genutzt, die traditionelle afrikanische Musik und Instrumente einbeziehen.<\/span><\/p>\n<figure id=\"attachment_28306\" aria-describedby=\"caption-attachment-28306\" style=\"width: 768px\" class=\"wp-caption alignnone\"><img loading=\"lazy\" decoding=\"async\" class=\"size-medium wp-image-28306\" src=\"https:\/\/www.askja-on-tour.ch\/wp-content\/uploads\/2025\/09\/Salavador-087-768x1024.jpg\" alt=\"\" width=\"768\" height=\"1024\" srcset=\"https:\/\/www.askja-on-tour.ch\/wp-content\/uploads\/2025\/09\/Salavador-087-768x1024.jpg 768w, https:\/\/www.askja-on-tour.ch\/wp-content\/uploads\/2025\/09\/Salavador-087-1200x1600.jpg 1200w, https:\/\/www.askja-on-tour.ch\/wp-content\/uploads\/2025\/09\/Salavador-087-1152x1536.jpg 1152w, https:\/\/www.askja-on-tour.ch\/wp-content\/uploads\/2025\/09\/Salavador-087.jpg 1536w\" sizes=\"auto, (max-width: 768px) 100vw, 768px\" \/><figcaption id=\"caption-attachment-28306\" class=\"wp-caption-text\">Blick auf die Kirche der Sklaven (Igreja de Nossa Senhora do Ros\u00e1rio dos Pretos, Kirche Unserer Lieben Frau vom Rosenkranz der Schwarzen)<\/figcaption><\/figure>\n<figure id=\"attachment_28313\" aria-describedby=\"caption-attachment-28313\" style=\"width: 768px\" class=\"wp-caption alignnone\"><img loading=\"lazy\" decoding=\"async\" class=\"size-medium wp-image-28313\" src=\"https:\/\/www.askja-on-tour.ch\/wp-content\/uploads\/2025\/09\/Salavador-094-768x1024.jpg\" alt=\"\" width=\"768\" height=\"1024\" srcset=\"https:\/\/www.askja-on-tour.ch\/wp-content\/uploads\/2025\/09\/Salavador-094-768x1024.jpg 768w, https:\/\/www.askja-on-tour.ch\/wp-content\/uploads\/2025\/09\/Salavador-094-1200x1600.jpg 1200w, https:\/\/www.askja-on-tour.ch\/wp-content\/uploads\/2025\/09\/Salavador-094-1152x1536.jpg 1152w, https:\/\/www.askja-on-tour.ch\/wp-content\/uploads\/2025\/09\/Salavador-094.jpg 1536w\" sizes=\"auto, (max-width: 768px) 100vw, 768px\" \/><figcaption id=\"caption-attachment-28313\" class=\"wp-caption-text\">In der Kirche Igreja de Nossa Senhora do Ros\u00e1rio dos Pretos (Kirche Unserer Lieben Frau vom Rosenkranz der Schwarzen)<\/figcaption><\/figure>\n<p><img loading=\"lazy\" decoding=\"async\" class=\"alignnone size-medium wp-image-28314\" src=\"https:\/\/www.askja-on-tour.ch\/wp-content\/uploads\/2025\/09\/Salavador-095-768x1024.jpg\" alt=\"\" width=\"768\" height=\"1024\" srcset=\"https:\/\/www.askja-on-tour.ch\/wp-content\/uploads\/2025\/09\/Salavador-095-768x1024.jpg 768w, https:\/\/www.askja-on-tour.ch\/wp-content\/uploads\/2025\/09\/Salavador-095-1200x1600.jpg 1200w, https:\/\/www.askja-on-tour.ch\/wp-content\/uploads\/2025\/09\/Salavador-095-1152x1536.jpg 1152w, https:\/\/www.askja-on-tour.ch\/wp-content\/uploads\/2025\/09\/Salavador-095.jpg 1536w\" sizes=\"auto, (max-width: 768px) 100vw, 768px\" \/> <img loading=\"lazy\" decoding=\"async\" class=\"alignnone size-medium wp-image-28315\" src=\"https:\/\/www.askja-on-tour.ch\/wp-content\/uploads\/2025\/09\/Salavador-096-768x1024.jpg\" alt=\"\" width=\"768\" height=\"1024\" srcset=\"https:\/\/www.askja-on-tour.ch\/wp-content\/uploads\/2025\/09\/Salavador-096-768x1024.jpg 768w, https:\/\/www.askja-on-tour.ch\/wp-content\/uploads\/2025\/09\/Salavador-096-1200x1600.jpg 1200w, https:\/\/www.askja-on-tour.ch\/wp-content\/uploads\/2025\/09\/Salavador-096-1152x1536.jpg 1152w, https:\/\/www.askja-on-tour.ch\/wp-content\/uploads\/2025\/09\/Salavador-096.jpg 1536w\" sizes=\"auto, (max-width: 768px) 100vw, 768px\" \/> <img loading=\"lazy\" decoding=\"async\" class=\"alignnone size-medium wp-image-28316\" src=\"https:\/\/www.askja-on-tour.ch\/wp-content\/uploads\/2025\/09\/Salavador-097-768x1024.jpg\" alt=\"\" width=\"768\" height=\"1024\" srcset=\"https:\/\/www.askja-on-tour.ch\/wp-content\/uploads\/2025\/09\/Salavador-097-768x1024.jpg 768w, https:\/\/www.askja-on-tour.ch\/wp-content\/uploads\/2025\/09\/Salavador-097-1200x1600.jpg 1200w, https:\/\/www.askja-on-tour.ch\/wp-content\/uploads\/2025\/09\/Salavador-097-1152x1536.jpg 1152w, https:\/\/www.askja-on-tour.ch\/wp-content\/uploads\/2025\/09\/Salavador-097.jpg 1536w\" sizes=\"auto, (max-width: 768px) 100vw, 768px\" \/><\/p>\n<figure id=\"attachment_28317\" aria-describedby=\"caption-attachment-28317\" style=\"width: 768px\" class=\"wp-caption alignnone\"><img loading=\"lazy\" decoding=\"async\" class=\"size-medium wp-image-28317\" src=\"https:\/\/www.askja-on-tour.ch\/wp-content\/uploads\/2025\/09\/Salavador-098-768x1024.jpg\" alt=\"\" width=\"768\" height=\"1024\" srcset=\"https:\/\/www.askja-on-tour.ch\/wp-content\/uploads\/2025\/09\/Salavador-098-768x1024.jpg 768w, https:\/\/www.askja-on-tour.ch\/wp-content\/uploads\/2025\/09\/Salavador-098-1200x1600.jpg 1200w, https:\/\/www.askja-on-tour.ch\/wp-content\/uploads\/2025\/09\/Salavador-098-1152x1536.jpg 1152w, https:\/\/www.askja-on-tour.ch\/wp-content\/uploads\/2025\/09\/Salavador-098.jpg 1536w\" sizes=\"auto, (max-width: 768px) 100vw, 768px\" \/><figcaption id=\"caption-attachment-28317\" class=\"wp-caption-text\">Die stationen des Kreuzweges mit afro-brasilianischen Anlitzen<\/figcaption><\/figure>\n<p><img loading=\"lazy\" decoding=\"async\" class=\"alignnone size-medium wp-image-28318\" src=\"https:\/\/www.askja-on-tour.ch\/wp-content\/uploads\/2025\/09\/Salavador-099-768x1024.jpg\" alt=\"\" width=\"768\" height=\"1024\" srcset=\"https:\/\/www.askja-on-tour.ch\/wp-content\/uploads\/2025\/09\/Salavador-099-768x1024.jpg 768w, https:\/\/www.askja-on-tour.ch\/wp-content\/uploads\/2025\/09\/Salavador-099-1200x1600.jpg 1200w, https:\/\/www.askja-on-tour.ch\/wp-content\/uploads\/2025\/09\/Salavador-099-1152x1536.jpg 1152w, https:\/\/www.askja-on-tour.ch\/wp-content\/uploads\/2025\/09\/Salavador-099.jpg 1536w\" sizes=\"auto, (max-width: 768px) 100vw, 768px\" \/><\/p>\n<figure id=\"attachment_28319\" aria-describedby=\"caption-attachment-28319\" style=\"width: 768px\" class=\"wp-caption alignnone\"><img loading=\"lazy\" decoding=\"async\" class=\"size-medium wp-image-28319\" src=\"https:\/\/www.askja-on-tour.ch\/wp-content\/uploads\/2025\/09\/Salavador-100-768x1024.jpg\" alt=\"\" width=\"768\" height=\"1024\" srcset=\"https:\/\/www.askja-on-tour.ch\/wp-content\/uploads\/2025\/09\/Salavador-100-768x1024.jpg 768w, https:\/\/www.askja-on-tour.ch\/wp-content\/uploads\/2025\/09\/Salavador-100-1200x1600.jpg 1200w, https:\/\/www.askja-on-tour.ch\/wp-content\/uploads\/2025\/09\/Salavador-100-1152x1536.jpg 1152w, https:\/\/www.askja-on-tour.ch\/wp-content\/uploads\/2025\/09\/Salavador-100.jpg 1536w\" sizes=\"auto, (max-width: 768px) 100vw, 768px\" \/><figcaption id=\"caption-attachment-28319\" class=\"wp-caption-text\">Auch das Jesuskind ist schwarz<\/figcaption><\/figure>\n<figure id=\"attachment_28320\" aria-describedby=\"caption-attachment-28320\" style=\"width: 768px\" class=\"wp-caption alignnone\"><img loading=\"lazy\" decoding=\"async\" class=\"size-medium wp-image-28320\" src=\"https:\/\/www.askja-on-tour.ch\/wp-content\/uploads\/2025\/09\/Salavador-101-768x1024.jpg\" alt=\"\" width=\"768\" height=\"1024\" srcset=\"https:\/\/www.askja-on-tour.ch\/wp-content\/uploads\/2025\/09\/Salavador-101-768x1024.jpg 768w, https:\/\/www.askja-on-tour.ch\/wp-content\/uploads\/2025\/09\/Salavador-101-1200x1600.jpg 1200w, https:\/\/www.askja-on-tour.ch\/wp-content\/uploads\/2025\/09\/Salavador-101-1152x1536.jpg 1152w, https:\/\/www.askja-on-tour.ch\/wp-content\/uploads\/2025\/09\/Salavador-101.jpg 1536w\" sizes=\"auto, (max-width: 768px) 100vw, 768px\" \/><figcaption id=\"caption-attachment-28320\" class=\"wp-caption-text\">Trommeln statt einer Orgel<\/figcaption><\/figure>\n<p>Unser Spaziergang f\u00fchrte uns noch weiter durch die kleinen Gassen, ehe wir dann mit Frank zur Kirche Igreja de Nosso Senhor do Bonfim (Unser Herr vom guten Tod) gefahren.<\/p>\n<figure id=\"attachment_28321\" aria-describedby=\"caption-attachment-28321\" style=\"width: 768px\" class=\"wp-caption alignnone\"><img loading=\"lazy\" decoding=\"async\" class=\"size-medium wp-image-28321\" src=\"https:\/\/www.askja-on-tour.ch\/wp-content\/uploads\/2025\/09\/Salavador-102-768x1024.jpg\" alt=\"\" width=\"768\" height=\"1024\" srcset=\"https:\/\/www.askja-on-tour.ch\/wp-content\/uploads\/2025\/09\/Salavador-102-768x1024.jpg 768w, https:\/\/www.askja-on-tour.ch\/wp-content\/uploads\/2025\/09\/Salavador-102-1200x1600.jpg 1200w, https:\/\/www.askja-on-tour.ch\/wp-content\/uploads\/2025\/09\/Salavador-102-1152x1536.jpg 1152w, https:\/\/www.askja-on-tour.ch\/wp-content\/uploads\/2025\/09\/Salavador-102.jpg 1536w\" sizes=\"auto, (max-width: 768px) 100vw, 768px\" \/><figcaption id=\"caption-attachment-28321\" class=\"wp-caption-text\">Und weiter geht es durch die Altstadt von Salvador<\/figcaption><\/figure>\n<p><img loading=\"lazy\" decoding=\"async\" class=\"alignnone size-medium wp-image-28322\" src=\"https:\/\/www.askja-on-tour.ch\/wp-content\/uploads\/2025\/09\/Salavador-103-1024x315.jpg\" alt=\"\" width=\"1024\" height=\"315\" srcset=\"https:\/\/www.askja-on-tour.ch\/wp-content\/uploads\/2025\/09\/Salavador-103-1024x315.jpg 1024w, https:\/\/www.askja-on-tour.ch\/wp-content\/uploads\/2025\/09\/Salavador-103-1600x492.jpg 1600w, https:\/\/www.askja-on-tour.ch\/wp-content\/uploads\/2025\/09\/Salavador-103-768x236.jpg 768w, https:\/\/www.askja-on-tour.ch\/wp-content\/uploads\/2025\/09\/Salavador-103-1536x473.jpg 1536w, https:\/\/www.askja-on-tour.ch\/wp-content\/uploads\/2025\/09\/Salavador-103.jpg 2048w\" sizes=\"auto, (max-width: 1024px) 100vw, 1024px\" \/> <img loading=\"lazy\" decoding=\"async\" class=\"alignnone size-medium wp-image-28323\" src=\"https:\/\/www.askja-on-tour.ch\/wp-content\/uploads\/2025\/09\/Salavador-104-1024x768.jpg\" alt=\"\" width=\"1024\" height=\"768\" srcset=\"https:\/\/www.askja-on-tour.ch\/wp-content\/uploads\/2025\/09\/Salavador-104-1024x768.jpg 1024w, https:\/\/www.askja-on-tour.ch\/wp-content\/uploads\/2025\/09\/Salavador-104-1600x1200.jpg 1600w, https:\/\/www.askja-on-tour.ch\/wp-content\/uploads\/2025\/09\/Salavador-104-768x576.jpg 768w, https:\/\/www.askja-on-tour.ch\/wp-content\/uploads\/2025\/09\/Salavador-104-1536x1152.jpg 1536w, https:\/\/www.askja-on-tour.ch\/wp-content\/uploads\/2025\/09\/Salavador-104.jpg 2048w\" sizes=\"auto, (max-width: 1024px) 100vw, 1024px\" \/> <img loading=\"lazy\" decoding=\"async\" class=\"alignnone size-medium wp-image-28324\" src=\"https:\/\/www.askja-on-tour.ch\/wp-content\/uploads\/2025\/09\/Salavador-105-1024x768.jpg\" alt=\"\" width=\"1024\" height=\"768\" srcset=\"https:\/\/www.askja-on-tour.ch\/wp-content\/uploads\/2025\/09\/Salavador-105-1024x768.jpg 1024w, https:\/\/www.askja-on-tour.ch\/wp-content\/uploads\/2025\/09\/Salavador-105-1600x1200.jpg 1600w, https:\/\/www.askja-on-tour.ch\/wp-content\/uploads\/2025\/09\/Salavador-105-768x576.jpg 768w, https:\/\/www.askja-on-tour.ch\/wp-content\/uploads\/2025\/09\/Salavador-105-1536x1152.jpg 1536w, https:\/\/www.askja-on-tour.ch\/wp-content\/uploads\/2025\/09\/Salavador-105.jpg 2048w\" sizes=\"auto, (max-width: 1024px) 100vw, 1024px\" \/> <img loading=\"lazy\" decoding=\"async\" class=\"alignnone size-medium wp-image-28325\" src=\"https:\/\/www.askja-on-tour.ch\/wp-content\/uploads\/2025\/09\/Salavador-106-1024x768.jpg\" alt=\"\" width=\"1024\" height=\"768\" srcset=\"https:\/\/www.askja-on-tour.ch\/wp-content\/uploads\/2025\/09\/Salavador-106-1024x768.jpg 1024w, https:\/\/www.askja-on-tour.ch\/wp-content\/uploads\/2025\/09\/Salavador-106-1600x1200.jpg 1600w, https:\/\/www.askja-on-tour.ch\/wp-content\/uploads\/2025\/09\/Salavador-106-768x576.jpg 768w, https:\/\/www.askja-on-tour.ch\/wp-content\/uploads\/2025\/09\/Salavador-106-1536x1152.jpg 1536w, https:\/\/www.askja-on-tour.ch\/wp-content\/uploads\/2025\/09\/Salavador-106.jpg 2048w\" sizes=\"auto, (max-width: 1024px) 100vw, 1024px\" \/> <img loading=\"lazy\" decoding=\"async\" class=\"alignnone size-medium wp-image-28326\" src=\"https:\/\/www.askja-on-tour.ch\/wp-content\/uploads\/2025\/09\/Salavador-107-1024x768.jpg\" alt=\"\" width=\"1024\" height=\"768\" srcset=\"https:\/\/www.askja-on-tour.ch\/wp-content\/uploads\/2025\/09\/Salavador-107-1024x768.jpg 1024w, https:\/\/www.askja-on-tour.ch\/wp-content\/uploads\/2025\/09\/Salavador-107-1600x1200.jpg 1600w, https:\/\/www.askja-on-tour.ch\/wp-content\/uploads\/2025\/09\/Salavador-107-768x576.jpg 768w, https:\/\/www.askja-on-tour.ch\/wp-content\/uploads\/2025\/09\/Salavador-107-1536x1152.jpg 1536w, https:\/\/www.askja-on-tour.ch\/wp-content\/uploads\/2025\/09\/Salavador-107.jpg 2048w\" sizes=\"auto, (max-width: 1024px) 100vw, 1024px\" \/> <img loading=\"lazy\" decoding=\"async\" class=\"alignnone size-medium wp-image-28327\" src=\"https:\/\/www.askja-on-tour.ch\/wp-content\/uploads\/2025\/09\/Salavador-108-1024x768.jpg\" alt=\"\" width=\"1024\" height=\"768\" srcset=\"https:\/\/www.askja-on-tour.ch\/wp-content\/uploads\/2025\/09\/Salavador-108-1024x768.jpg 1024w, https:\/\/www.askja-on-tour.ch\/wp-content\/uploads\/2025\/09\/Salavador-108-1600x1200.jpg 1600w, https:\/\/www.askja-on-tour.ch\/wp-content\/uploads\/2025\/09\/Salavador-108-768x576.jpg 768w, https:\/\/www.askja-on-tour.ch\/wp-content\/uploads\/2025\/09\/Salavador-108-1536x1152.jpg 1536w, https:\/\/www.askja-on-tour.ch\/wp-content\/uploads\/2025\/09\/Salavador-108.jpg 2048w\" sizes=\"auto, (max-width: 1024px) 100vw, 1024px\" \/> <img loading=\"lazy\" decoding=\"async\" class=\"alignnone size-medium wp-image-28328\" src=\"https:\/\/www.askja-on-tour.ch\/wp-content\/uploads\/2025\/09\/Salavador-109-1024x768.jpg\" alt=\"\" width=\"1024\" height=\"768\" srcset=\"https:\/\/www.askja-on-tour.ch\/wp-content\/uploads\/2025\/09\/Salavador-109-1024x768.jpg 1024w, https:\/\/www.askja-on-tour.ch\/wp-content\/uploads\/2025\/09\/Salavador-109-1600x1200.jpg 1600w, https:\/\/www.askja-on-tour.ch\/wp-content\/uploads\/2025\/09\/Salavador-109-768x576.jpg 768w, https:\/\/www.askja-on-tour.ch\/wp-content\/uploads\/2025\/09\/Salavador-109-1536x1152.jpg 1536w, https:\/\/www.askja-on-tour.ch\/wp-content\/uploads\/2025\/09\/Salavador-109.jpg 2048w\" sizes=\"auto, (max-width: 1024px) 100vw, 1024px\" \/> <img loading=\"lazy\" decoding=\"async\" class=\"alignnone size-medium wp-image-28329\" src=\"https:\/\/www.askja-on-tour.ch\/wp-content\/uploads\/2025\/09\/Salavador-110-768x1024.jpg\" alt=\"\" width=\"768\" height=\"1024\" srcset=\"https:\/\/www.askja-on-tour.ch\/wp-content\/uploads\/2025\/09\/Salavador-110-768x1024.jpg 768w, https:\/\/www.askja-on-tour.ch\/wp-content\/uploads\/2025\/09\/Salavador-110-1200x1600.jpg 1200w, https:\/\/www.askja-on-tour.ch\/wp-content\/uploads\/2025\/09\/Salavador-110-1152x1536.jpg 1152w, https:\/\/www.askja-on-tour.ch\/wp-content\/uploads\/2025\/09\/Salavador-110.jpg 1536w\" sizes=\"auto, (max-width: 768px) 100vw, 768px\" \/> <img loading=\"lazy\" decoding=\"async\" class=\"alignnone size-medium wp-image-28330\" src=\"https:\/\/www.askja-on-tour.ch\/wp-content\/uploads\/2025\/09\/Salavador-111-768x1024.jpg\" alt=\"\" width=\"768\" height=\"1024\" srcset=\"https:\/\/www.askja-on-tour.ch\/wp-content\/uploads\/2025\/09\/Salavador-111-768x1024.jpg 768w, https:\/\/www.askja-on-tour.ch\/wp-content\/uploads\/2025\/09\/Salavador-111-1200x1600.jpg 1200w, https:\/\/www.askja-on-tour.ch\/wp-content\/uploads\/2025\/09\/Salavador-111-1152x1536.jpg 1152w, https:\/\/www.askja-on-tour.ch\/wp-content\/uploads\/2025\/09\/Salavador-111.jpg 1536w\" sizes=\"auto, (max-width: 768px) 100vw, 768px\" \/> <img loading=\"lazy\" decoding=\"async\" class=\"alignnone size-medium wp-image-28331\" src=\"https:\/\/www.askja-on-tour.ch\/wp-content\/uploads\/2025\/09\/Salavador-112-1024x768.jpg\" alt=\"\" width=\"1024\" height=\"768\" srcset=\"https:\/\/www.askja-on-tour.ch\/wp-content\/uploads\/2025\/09\/Salavador-112-1024x768.jpg 1024w, https:\/\/www.askja-on-tour.ch\/wp-content\/uploads\/2025\/09\/Salavador-112-1600x1200.jpg 1600w, https:\/\/www.askja-on-tour.ch\/wp-content\/uploads\/2025\/09\/Salavador-112-768x576.jpg 768w, https:\/\/www.askja-on-tour.ch\/wp-content\/uploads\/2025\/09\/Salavador-112-1536x1152.jpg 1536w, https:\/\/www.askja-on-tour.ch\/wp-content\/uploads\/2025\/09\/Salavador-112.jpg 2048w\" sizes=\"auto, (max-width: 1024px) 100vw, 1024px\" \/> <img loading=\"lazy\" decoding=\"async\" class=\"alignnone size-medium wp-image-28332\" src=\"https:\/\/www.askja-on-tour.ch\/wp-content\/uploads\/2025\/09\/Salavador-113-768x1024.jpg\" alt=\"\" width=\"768\" height=\"1024\" srcset=\"https:\/\/www.askja-on-tour.ch\/wp-content\/uploads\/2025\/09\/Salavador-113-768x1024.jpg 768w, https:\/\/www.askja-on-tour.ch\/wp-content\/uploads\/2025\/09\/Salavador-113-1200x1600.jpg 1200w, https:\/\/www.askja-on-tour.ch\/wp-content\/uploads\/2025\/09\/Salavador-113-1152x1536.jpg 1152w, https:\/\/www.askja-on-tour.ch\/wp-content\/uploads\/2025\/09\/Salavador-113.jpg 1536w\" sizes=\"auto, (max-width: 768px) 100vw, 768px\" \/> <img loading=\"lazy\" decoding=\"async\" class=\"alignnone size-medium wp-image-28333\" src=\"https:\/\/www.askja-on-tour.ch\/wp-content\/uploads\/2025\/09\/Salavador-114-768x1024.jpg\" alt=\"\" width=\"768\" height=\"1024\" srcset=\"https:\/\/www.askja-on-tour.ch\/wp-content\/uploads\/2025\/09\/Salavador-114-768x1024.jpg 768w, https:\/\/www.askja-on-tour.ch\/wp-content\/uploads\/2025\/09\/Salavador-114-1200x1600.jpg 1200w, https:\/\/www.askja-on-tour.ch\/wp-content\/uploads\/2025\/09\/Salavador-114-1152x1536.jpg 1152w, https:\/\/www.askja-on-tour.ch\/wp-content\/uploads\/2025\/09\/Salavador-114.jpg 1536w\" sizes=\"auto, (max-width: 768px) 100vw, 768px\" \/> <img loading=\"lazy\" decoding=\"async\" class=\"alignnone size-medium wp-image-28334\" src=\"https:\/\/www.askja-on-tour.ch\/wp-content\/uploads\/2025\/09\/Salavador-115-1024x768.jpg\" alt=\"\" width=\"1024\" height=\"768\" srcset=\"https:\/\/www.askja-on-tour.ch\/wp-content\/uploads\/2025\/09\/Salavador-115-1024x768.jpg 1024w, https:\/\/www.askja-on-tour.ch\/wp-content\/uploads\/2025\/09\/Salavador-115-1600x1200.jpg 1600w, https:\/\/www.askja-on-tour.ch\/wp-content\/uploads\/2025\/09\/Salavador-115-768x576.jpg 768w, https:\/\/www.askja-on-tour.ch\/wp-content\/uploads\/2025\/09\/Salavador-115-1536x1152.jpg 1536w, https:\/\/www.askja-on-tour.ch\/wp-content\/uploads\/2025\/09\/Salavador-115.jpg 2048w\" sizes=\"auto, (max-width: 1024px) 100vw, 1024px\" \/> <img loading=\"lazy\" decoding=\"async\" class=\"alignnone size-medium wp-image-28335\" src=\"https:\/\/www.askja-on-tour.ch\/wp-content\/uploads\/2025\/09\/Salavador-116-768x1024.jpg\" alt=\"\" width=\"768\" height=\"1024\" srcset=\"https:\/\/www.askja-on-tour.ch\/wp-content\/uploads\/2025\/09\/Salavador-116-768x1024.jpg 768w, https:\/\/www.askja-on-tour.ch\/wp-content\/uploads\/2025\/09\/Salavador-116-1200x1600.jpg 1200w, https:\/\/www.askja-on-tour.ch\/wp-content\/uploads\/2025\/09\/Salavador-116-1152x1536.jpg 1152w, https:\/\/www.askja-on-tour.ch\/wp-content\/uploads\/2025\/09\/Salavador-116.jpg 1536w\" sizes=\"auto, (max-width: 768px) 100vw, 768px\" \/> <img loading=\"lazy\" decoding=\"async\" class=\"alignnone size-medium wp-image-28336\" src=\"https:\/\/www.askja-on-tour.ch\/wp-content\/uploads\/2025\/09\/Salavador-117-1024x768.jpg\" alt=\"\" width=\"1024\" height=\"768\" srcset=\"https:\/\/www.askja-on-tour.ch\/wp-content\/uploads\/2025\/09\/Salavador-117-1024x768.jpg 1024w, https:\/\/www.askja-on-tour.ch\/wp-content\/uploads\/2025\/09\/Salavador-117-1600x1200.jpg 1600w, https:\/\/www.askja-on-tour.ch\/wp-content\/uploads\/2025\/09\/Salavador-117-768x576.jpg 768w, https:\/\/www.askja-on-tour.ch\/wp-content\/uploads\/2025\/09\/Salavador-117-1536x1152.jpg 1536w, https:\/\/www.askja-on-tour.ch\/wp-content\/uploads\/2025\/09\/Salavador-117.jpg 2048w\" sizes=\"auto, (max-width: 1024px) 100vw, 1024px\" \/><\/p>\n<p>Die Kirche ist f\u00fcr die Brasilianer von besonderer Bedeutung. Sie verdankt ihre Entstehung und ihren Namen dem Gel\u00fcbde eines Seefahrers, der versprach eine Kirche zu stiften, falls seine Reise durch die st\u00fcrmische See ein gutes Ende nehmen w\u00fcrde. Nun findet hier j\u00e4hrlich im Januar das ber\u00fchmte Fest der Seefahrer statt, an dem der hochverehrte Senhor do Bonfim gefeiert wird. Heute ist die Kirche die bedeutendste Wallfahrtskirche von Salvador und Gotteshaus f\u00fcr Katholiken ebenso wie f\u00fcr Anh\u00e4nger der Candombl\u00e9-Religion (Religion mit Wurzeln und ihre Wiege in Westafrika).<\/p>\n<figure id=\"attachment_28337\" aria-describedby=\"caption-attachment-28337\" style=\"width: 768px\" class=\"wp-caption alignnone\"><img loading=\"lazy\" decoding=\"async\" class=\"size-medium wp-image-28337\" src=\"https:\/\/www.askja-on-tour.ch\/wp-content\/uploads\/2025\/09\/Salavador-118-768x1024.jpg\" alt=\"\" width=\"768\" height=\"1024\" srcset=\"https:\/\/www.askja-on-tour.ch\/wp-content\/uploads\/2025\/09\/Salavador-118-768x1024.jpg 768w, https:\/\/www.askja-on-tour.ch\/wp-content\/uploads\/2025\/09\/Salavador-118-1200x1600.jpg 1200w, https:\/\/www.askja-on-tour.ch\/wp-content\/uploads\/2025\/09\/Salavador-118-1152x1536.jpg 1152w, https:\/\/www.askja-on-tour.ch\/wp-content\/uploads\/2025\/09\/Salavador-118.jpg 1536w\" sizes=\"auto, (max-width: 768px) 100vw, 768px\" \/><figcaption id=\"caption-attachment-28337\" class=\"wp-caption-text\">Die Basilika Nosso Senhor do Bonfim (deutsch Unser Herr vom guten Tod)<\/figcaption><\/figure>\n<figure id=\"attachment_28338\" aria-describedby=\"caption-attachment-28338\" style=\"width: 1024px\" class=\"wp-caption alignnone\"><img loading=\"lazy\" decoding=\"async\" class=\"size-medium wp-image-28338\" src=\"https:\/\/www.askja-on-tour.ch\/wp-content\/uploads\/2025\/09\/Salavador-119-1024x768.jpg\" alt=\"\" width=\"1024\" height=\"768\" srcset=\"https:\/\/www.askja-on-tour.ch\/wp-content\/uploads\/2025\/09\/Salavador-119-1024x768.jpg 1024w, https:\/\/www.askja-on-tour.ch\/wp-content\/uploads\/2025\/09\/Salavador-119-1600x1200.jpg 1600w, https:\/\/www.askja-on-tour.ch\/wp-content\/uploads\/2025\/09\/Salavador-119-768x576.jpg 768w, https:\/\/www.askja-on-tour.ch\/wp-content\/uploads\/2025\/09\/Salavador-119-1536x1152.jpg 1536w, https:\/\/www.askja-on-tour.ch\/wp-content\/uploads\/2025\/09\/Salavador-119.jpg 2048w\" sizes=\"auto, (max-width: 1024px) 100vw, 1024px\" \/><figcaption id=\"caption-attachment-28338\" class=\"wp-caption-text\">Weihwasser direkt ab Hahn<\/figcaption><\/figure>\n<p><img loading=\"lazy\" decoding=\"async\" class=\"alignnone size-medium wp-image-28339\" src=\"https:\/\/www.askja-on-tour.ch\/wp-content\/uploads\/2025\/09\/Salavador-120-1024x768.jpg\" alt=\"\" width=\"1024\" height=\"768\" srcset=\"https:\/\/www.askja-on-tour.ch\/wp-content\/uploads\/2025\/09\/Salavador-120-1024x768.jpg 1024w, https:\/\/www.askja-on-tour.ch\/wp-content\/uploads\/2025\/09\/Salavador-120-1600x1200.jpg 1600w, https:\/\/www.askja-on-tour.ch\/wp-content\/uploads\/2025\/09\/Salavador-120-768x576.jpg 768w, https:\/\/www.askja-on-tour.ch\/wp-content\/uploads\/2025\/09\/Salavador-120-1536x1152.jpg 1536w, https:\/\/www.askja-on-tour.ch\/wp-content\/uploads\/2025\/09\/Salavador-120.jpg 2048w\" sizes=\"auto, (max-width: 1024px) 100vw, 1024px\" \/><\/p>\n<figure id=\"attachment_28340\" aria-describedby=\"caption-attachment-28340\" style=\"width: 1024px\" class=\"wp-caption alignnone\"><img loading=\"lazy\" decoding=\"async\" class=\"size-medium wp-image-28340\" src=\"https:\/\/www.askja-on-tour.ch\/wp-content\/uploads\/2025\/09\/Salavador-121-1024x768.jpg\" alt=\"\" width=\"1024\" height=\"768\" srcset=\"https:\/\/www.askja-on-tour.ch\/wp-content\/uploads\/2025\/09\/Salavador-121-1024x768.jpg 1024w, https:\/\/www.askja-on-tour.ch\/wp-content\/uploads\/2025\/09\/Salavador-121-1600x1200.jpg 1600w, https:\/\/www.askja-on-tour.ch\/wp-content\/uploads\/2025\/09\/Salavador-121-768x576.jpg 768w, https:\/\/www.askja-on-tour.ch\/wp-content\/uploads\/2025\/09\/Salavador-121-1536x1152.jpg 1536w, https:\/\/www.askja-on-tour.ch\/wp-content\/uploads\/2025\/09\/Salavador-121.jpg 2048w\" sizes=\"auto, (max-width: 1024px) 100vw, 1024px\" \/><figcaption id=\"caption-attachment-28340\" class=\"wp-caption-text\">Wunschb\u00e4nder, die \u00fcberall angebracht werden<\/figcaption><\/figure>\n<figure id=\"attachment_28341\" aria-describedby=\"caption-attachment-28341\" style=\"width: 1024px\" class=\"wp-caption alignnone\"><img loading=\"lazy\" decoding=\"async\" class=\"size-medium wp-image-28341\" src=\"https:\/\/www.askja-on-tour.ch\/wp-content\/uploads\/2025\/09\/Salavador-122-1024x768.jpg\" alt=\"\" width=\"1024\" height=\"768\" srcset=\"https:\/\/www.askja-on-tour.ch\/wp-content\/uploads\/2025\/09\/Salavador-122-1024x768.jpg 1024w, https:\/\/www.askja-on-tour.ch\/wp-content\/uploads\/2025\/09\/Salavador-122-1600x1200.jpg 1600w, https:\/\/www.askja-on-tour.ch\/wp-content\/uploads\/2025\/09\/Salavador-122-768x576.jpg 768w, https:\/\/www.askja-on-tour.ch\/wp-content\/uploads\/2025\/09\/Salavador-122-1536x1152.jpg 1536w, https:\/\/www.askja-on-tour.ch\/wp-content\/uploads\/2025\/09\/Salavador-122.jpg 2048w\" sizes=\"auto, (max-width: 1024px) 100vw, 1024px\" \/><figcaption id=\"caption-attachment-28341\" class=\"wp-caption-text\">Das andere Fotoshooting &#8211; mit einem Brautkleid, um den Babybauch zu zeigen<\/figcaption><\/figure>\n<figure id=\"attachment_28342\" aria-describedby=\"caption-attachment-28342\" style=\"width: 1024px\" class=\"wp-caption alignnone\"><img loading=\"lazy\" decoding=\"async\" class=\"size-medium wp-image-28342\" src=\"https:\/\/www.askja-on-tour.ch\/wp-content\/uploads\/2025\/09\/Salavador-123-1024x768.jpg\" alt=\"\" width=\"1024\" height=\"768\" srcset=\"https:\/\/www.askja-on-tour.ch\/wp-content\/uploads\/2025\/09\/Salavador-123-1024x768.jpg 1024w, https:\/\/www.askja-on-tour.ch\/wp-content\/uploads\/2025\/09\/Salavador-123-1600x1200.jpg 1600w, https:\/\/www.askja-on-tour.ch\/wp-content\/uploads\/2025\/09\/Salavador-123-768x576.jpg 768w, https:\/\/www.askja-on-tour.ch\/wp-content\/uploads\/2025\/09\/Salavador-123-1536x1152.jpg 1536w, https:\/\/www.askja-on-tour.ch\/wp-content\/uploads\/2025\/09\/Salavador-123.jpg 2048w\" sizes=\"auto, (max-width: 1024px) 100vw, 1024px\" \/><figcaption id=\"caption-attachment-28342\" class=\"wp-caption-text\">Festung Nossa Senhora de Monte Serrat<\/figcaption><\/figure>\n<p><img loading=\"lazy\" decoding=\"async\" class=\"alignnone size-medium wp-image-28343\" src=\"https:\/\/www.askja-on-tour.ch\/wp-content\/uploads\/2025\/09\/Salavador-124-1024x768.jpg\" alt=\"\" width=\"1024\" height=\"768\" srcset=\"https:\/\/www.askja-on-tour.ch\/wp-content\/uploads\/2025\/09\/Salavador-124-1024x768.jpg 1024w, https:\/\/www.askja-on-tour.ch\/wp-content\/uploads\/2025\/09\/Salavador-124-1600x1200.jpg 1600w, https:\/\/www.askja-on-tour.ch\/wp-content\/uploads\/2025\/09\/Salavador-124-768x576.jpg 768w, https:\/\/www.askja-on-tour.ch\/wp-content\/uploads\/2025\/09\/Salavador-124-1536x1152.jpg 1536w, https:\/\/www.askja-on-tour.ch\/wp-content\/uploads\/2025\/09\/Salavador-124.jpg 2048w\" sizes=\"auto, (max-width: 1024px) 100vw, 1024px\" \/><\/p>\n<p>Der Abschluss des Tages mit unserem Touristenf\u00fchrer Frank war im Markt Feira de S\u00e3o Joaquim, wo wir uns noch mit frischen Orangen eingedeckt haben.<\/p>\n<figure id=\"attachment_28344\" aria-describedby=\"caption-attachment-28344\" style=\"width: 1024px\" class=\"wp-caption alignnone\"><img loading=\"lazy\" decoding=\"async\" class=\"size-medium wp-image-28344\" src=\"https:\/\/www.askja-on-tour.ch\/wp-content\/uploads\/2025\/09\/Salavador-125-1024x768.jpg\" alt=\"\" width=\"1024\" height=\"768\" srcset=\"https:\/\/www.askja-on-tour.ch\/wp-content\/uploads\/2025\/09\/Salavador-125-1024x768.jpg 1024w, https:\/\/www.askja-on-tour.ch\/wp-content\/uploads\/2025\/09\/Salavador-125-1600x1200.jpg 1600w, https:\/\/www.askja-on-tour.ch\/wp-content\/uploads\/2025\/09\/Salavador-125-768x576.jpg 768w, https:\/\/www.askja-on-tour.ch\/wp-content\/uploads\/2025\/09\/Salavador-125-1536x1152.jpg 1536w, https:\/\/www.askja-on-tour.ch\/wp-content\/uploads\/2025\/09\/Salavador-125.jpg 2048w\" sizes=\"auto, (max-width: 1024px) 100vw, 1024px\" \/><figcaption id=\"caption-attachment-28344\" class=\"wp-caption-text\">Markt Feira de S\u00e3o Joaquim<\/figcaption><\/figure>\n<p><img loading=\"lazy\" decoding=\"async\" class=\"alignnone size-medium wp-image-28345\" src=\"https:\/\/www.askja-on-tour.ch\/wp-content\/uploads\/2025\/09\/Salavador-126-1024x768.jpg\" alt=\"\" width=\"1024\" height=\"768\" srcset=\"https:\/\/www.askja-on-tour.ch\/wp-content\/uploads\/2025\/09\/Salavador-126-1024x768.jpg 1024w, https:\/\/www.askja-on-tour.ch\/wp-content\/uploads\/2025\/09\/Salavador-126-1600x1200.jpg 1600w, https:\/\/www.askja-on-tour.ch\/wp-content\/uploads\/2025\/09\/Salavador-126-768x576.jpg 768w, https:\/\/www.askja-on-tour.ch\/wp-content\/uploads\/2025\/09\/Salavador-126-1536x1152.jpg 1536w, https:\/\/www.askja-on-tour.ch\/wp-content\/uploads\/2025\/09\/Salavador-126.jpg 2048w\" sizes=\"auto, (max-width: 1024px) 100vw, 1024px\" \/> <img loading=\"lazy\" decoding=\"async\" class=\"alignnone size-medium wp-image-28346\" src=\"https:\/\/www.askja-on-tour.ch\/wp-content\/uploads\/2025\/09\/Salavador-127-1024x768.jpg\" alt=\"\" width=\"1024\" height=\"768\" srcset=\"https:\/\/www.askja-on-tour.ch\/wp-content\/uploads\/2025\/09\/Salavador-127-1024x768.jpg 1024w, https:\/\/www.askja-on-tour.ch\/wp-content\/uploads\/2025\/09\/Salavador-127-1600x1200.jpg 1600w, https:\/\/www.askja-on-tour.ch\/wp-content\/uploads\/2025\/09\/Salavador-127-768x576.jpg 768w, https:\/\/www.askja-on-tour.ch\/wp-content\/uploads\/2025\/09\/Salavador-127-1536x1152.jpg 1536w, https:\/\/www.askja-on-tour.ch\/wp-content\/uploads\/2025\/09\/Salavador-127.jpg 2048w\" sizes=\"auto, (max-width: 1024px) 100vw, 1024px\" \/> <img loading=\"lazy\" decoding=\"async\" class=\"alignnone size-medium wp-image-28347\" src=\"https:\/\/www.askja-on-tour.ch\/wp-content\/uploads\/2025\/09\/Salavador-128-768x1024.jpg\" alt=\"\" width=\"768\" height=\"1024\" srcset=\"https:\/\/www.askja-on-tour.ch\/wp-content\/uploads\/2025\/09\/Salavador-128-768x1024.jpg 768w, https:\/\/www.askja-on-tour.ch\/wp-content\/uploads\/2025\/09\/Salavador-128-1200x1600.jpg 1200w, https:\/\/www.askja-on-tour.ch\/wp-content\/uploads\/2025\/09\/Salavador-128-1152x1536.jpg 1152w, https:\/\/www.askja-on-tour.ch\/wp-content\/uploads\/2025\/09\/Salavador-128.jpg 1536w\" sizes=\"auto, (max-width: 768px) 100vw, 768px\" \/> <img loading=\"lazy\" decoding=\"async\" class=\"alignnone size-medium wp-image-28348\" src=\"https:\/\/www.askja-on-tour.ch\/wp-content\/uploads\/2025\/09\/Salavador-129-1024x768.jpg\" alt=\"\" width=\"1024\" height=\"768\" srcset=\"https:\/\/www.askja-on-tour.ch\/wp-content\/uploads\/2025\/09\/Salavador-129-1024x768.jpg 1024w, https:\/\/www.askja-on-tour.ch\/wp-content\/uploads\/2025\/09\/Salavador-129-1600x1200.jpg 1600w, https:\/\/www.askja-on-tour.ch\/wp-content\/uploads\/2025\/09\/Salavador-129-768x576.jpg 768w, https:\/\/www.askja-on-tour.ch\/wp-content\/uploads\/2025\/09\/Salavador-129-1536x1152.jpg 1536w, https:\/\/www.askja-on-tour.ch\/wp-content\/uploads\/2025\/09\/Salavador-129.jpg 2048w\" sizes=\"auto, (max-width: 1024px) 100vw, 1024px\" \/> <img loading=\"lazy\" decoding=\"async\" class=\"alignnone size-medium wp-image-28349\" src=\"https:\/\/www.askja-on-tour.ch\/wp-content\/uploads\/2025\/09\/Salavador-130-1024x768.jpg\" alt=\"\" width=\"1024\" height=\"768\" srcset=\"https:\/\/www.askja-on-tour.ch\/wp-content\/uploads\/2025\/09\/Salavador-130-1024x768.jpg 1024w, https:\/\/www.askja-on-tour.ch\/wp-content\/uploads\/2025\/09\/Salavador-130-1600x1200.jpg 1600w, https:\/\/www.askja-on-tour.ch\/wp-content\/uploads\/2025\/09\/Salavador-130-768x576.jpg 768w, https:\/\/www.askja-on-tour.ch\/wp-content\/uploads\/2025\/09\/Salavador-130-1536x1152.jpg 1536w, https:\/\/www.askja-on-tour.ch\/wp-content\/uploads\/2025\/09\/Salavador-130.jpg 2048w\" sizes=\"auto, (max-width: 1024px) 100vw, 1024px\" \/> <img loading=\"lazy\" decoding=\"async\" class=\"alignnone size-medium wp-image-28350\" src=\"https:\/\/www.askja-on-tour.ch\/wp-content\/uploads\/2025\/09\/Salavador-131-768x1024.jpg\" alt=\"\" width=\"768\" height=\"1024\" srcset=\"https:\/\/www.askja-on-tour.ch\/wp-content\/uploads\/2025\/09\/Salavador-131-768x1024.jpg 768w, https:\/\/www.askja-on-tour.ch\/wp-content\/uploads\/2025\/09\/Salavador-131-1200x1600.jpg 1200w, https:\/\/www.askja-on-tour.ch\/wp-content\/uploads\/2025\/09\/Salavador-131-1152x1536.jpg 1152w, https:\/\/www.askja-on-tour.ch\/wp-content\/uploads\/2025\/09\/Salavador-131.jpg 1536w\" sizes=\"auto, (max-width: 768px) 100vw, 768px\" \/> <img loading=\"lazy\" decoding=\"async\" class=\"alignnone size-medium wp-image-28351\" src=\"https:\/\/www.askja-on-tour.ch\/wp-content\/uploads\/2025\/09\/Salavador-132-1024x768.jpg\" alt=\"\" width=\"1024\" height=\"768\" srcset=\"https:\/\/www.askja-on-tour.ch\/wp-content\/uploads\/2025\/09\/Salavador-132-1024x768.jpg 1024w, https:\/\/www.askja-on-tour.ch\/wp-content\/uploads\/2025\/09\/Salavador-132-1600x1200.jpg 1600w, https:\/\/www.askja-on-tour.ch\/wp-content\/uploads\/2025\/09\/Salavador-132-768x576.jpg 768w, https:\/\/www.askja-on-tour.ch\/wp-content\/uploads\/2025\/09\/Salavador-132-1536x1152.jpg 1536w, https:\/\/www.askja-on-tour.ch\/wp-content\/uploads\/2025\/09\/Salavador-132.jpg 2048w\" sizes=\"auto, (max-width: 1024px) 100vw, 1024px\" \/> <img loading=\"lazy\" decoding=\"async\" class=\"alignnone size-medium wp-image-28352\" src=\"https:\/\/www.askja-on-tour.ch\/wp-content\/uploads\/2025\/09\/Salavador-133-1024x768.jpg\" alt=\"\" width=\"1024\" height=\"768\" srcset=\"https:\/\/www.askja-on-tour.ch\/wp-content\/uploads\/2025\/09\/Salavador-133-1024x768.jpg 1024w, https:\/\/www.askja-on-tour.ch\/wp-content\/uploads\/2025\/09\/Salavador-133-1600x1200.jpg 1600w, https:\/\/www.askja-on-tour.ch\/wp-content\/uploads\/2025\/09\/Salavador-133-768x576.jpg 768w, https:\/\/www.askja-on-tour.ch\/wp-content\/uploads\/2025\/09\/Salavador-133-1536x1152.jpg 1536w, https:\/\/www.askja-on-tour.ch\/wp-content\/uploads\/2025\/09\/Salavador-133.jpg 2048w\" sizes=\"auto, (max-width: 1024px) 100vw, 1024px\" \/> <img loading=\"lazy\" decoding=\"async\" class=\"alignnone size-medium wp-image-28353\" src=\"https:\/\/www.askja-on-tour.ch\/wp-content\/uploads\/2025\/09\/Salavador-134-1024x768.jpg\" alt=\"\" width=\"1024\" height=\"768\" srcset=\"https:\/\/www.askja-on-tour.ch\/wp-content\/uploads\/2025\/09\/Salavador-134-1024x768.jpg 1024w, https:\/\/www.askja-on-tour.ch\/wp-content\/uploads\/2025\/09\/Salavador-134-1600x1200.jpg 1600w, https:\/\/www.askja-on-tour.ch\/wp-content\/uploads\/2025\/09\/Salavador-134-768x576.jpg 768w, https:\/\/www.askja-on-tour.ch\/wp-content\/uploads\/2025\/09\/Salavador-134-1536x1152.jpg 1536w, https:\/\/www.askja-on-tour.ch\/wp-content\/uploads\/2025\/09\/Salavador-134.jpg 2048w\" sizes=\"auto, (max-width: 1024px) 100vw, 1024px\" \/><\/p>\n<p>Salvador ist zusammenfassend eine einmalig sch\u00f6ne Stadt mit der allgegenw\u00e4rtigen afro-brasilianischen Kultur. Wir waren froh, dass wir uns vom Ruf als gef\u00e4hrlichste Stadt Brasiliens nicht haben abschrecken lassen.<\/p>\n<p>\u00a0<\/p>\n","protected":false},"excerpt":{"rendered":"<p>Karte mit unserer aktuellen Route Der historische Name lautet S\u00e3o Salvador da Bahia de Todos os Santos (Heiliger Erl\u00f6ser an der Allerheiligenbucht). Der Name geht auf den Tag der Ankunft der ersten Seefahrer zur\u00fcck, den 1. November 1501. Salvador da<\/p>\n","protected":false},"author":3,"featured_media":0,"comment_status":"open","ping_status":"closed","sticky":false,"template":"","format":"standard","meta":{"footnotes":""},"categories":[58,50],"tags":[],"class_list":["post-28219","post","type-post","status-publish","format-standard","hentry","category-brasilien-2025","category-suedamerika_2024_2026"],"_links":{"self":[{"href":"https:\/\/www.askja-on-tour.ch\/index.php?rest_route=\/wp\/v2\/posts\/28219","targetHints":{"allow":["GET"]}}],"collection":[{"href":"https:\/\/www.askja-on-tour.ch\/index.php?rest_route=\/wp\/v2\/posts"}],"about":[{"href":"https:\/\/www.askja-on-tour.ch\/index.php?rest_route=\/wp\/v2\/types\/post"}],"author":[{"embeddable":true,"href":"https:\/\/www.askja-on-tour.ch\/index.php?rest_route=\/wp\/v2\/users\/3"}],"replies":[{"embeddable":true,"href":"https:\/\/www.askja-on-tour.ch\/index.php?rest_route=%2Fwp%2Fv2%2Fcomments&post=28219"}],"version-history":[{"count":11,"href":"https:\/\/www.askja-on-tour.ch\/index.php?rest_route=\/wp\/v2\/posts\/28219\/revisions"}],"predecessor-version":[{"id":28372,"href":"https:\/\/www.askja-on-tour.ch\/index.php?rest_route=\/wp\/v2\/posts\/28219\/revisions\/28372"}],"wp:attachment":[{"href":"https:\/\/www.askja-on-tour.ch\/index.php?rest_route=%2Fwp%2Fv2%2Fmedia&parent=28219"}],"wp:term":[{"taxonomy":"category","embeddable":true,"href":"https:\/\/www.askja-on-tour.ch\/index.php?rest_route=%2Fwp%2Fv2%2Fcategories&post=28219"},{"taxonomy":"post_tag","embeddable":true,"href":"https:\/\/www.askja-on-tour.ch\/index.php?rest_route=%2Fwp%2Fv2%2Ftags&post=28219"}],"curies":[{"name":"wp","href":"https:\/\/api.w.org\/{rel}","templated":true}]}}