{"id":282,"date":"2018-10-12T20:29:39","date_gmt":"2018-10-12T20:29:39","guid":{"rendered":"https:\/\/www.askja-on-tour.ch\/?p=282"},"modified":"2018-10-18T21:05:27","modified_gmt":"2018-10-18T21:05:27","slug":"die-faehre-nach-tanger-ville","status":"publish","type":"post","link":"https:\/\/www.askja-on-tour.ch\/?p=282","title":{"rendered":"Freitag, 12.10.2018: Die F\u00e4hre nach Tanger Ville"},"content":{"rendered":"<p>Das Ziel von heute war die \u00dcberfahrt mit der Schnellf\u00e4hre von Tarifa nach Tanger Ville. Wir hatten ein &#8222;offenes Ticket&#8220;, was uns erlaubte, jeden Tag mit der Schnellf\u00e4hre zu fahren. Geplant haben wir f\u00fcr heute mit der 13.00 Uhr F\u00e4hre r\u00fcberzusetzen.<\/p>\n<p>Im F\u00e4hrhafen von Tarifa angekommen war das Gewusel von Leuten un\u00fcbersehbar. Wir waren recht weit vorne in der Schlange in der Hoffnung, dass wir auch rasch auf die F\u00e4hre kommen.<\/p>\n<p><img loading=\"lazy\" decoding=\"async\" class=\"alignnone size-medium wp-image-284\" src=\"https:\/\/www.askja-on-tour.ch\/wp-content\/uploads\/2018\/10\/Freitag_1210-001-1024x768.jpg\" alt=\"\" width=\"1024\" height=\"768\" srcset=\"https:\/\/www.askja-on-tour.ch\/wp-content\/uploads\/2018\/10\/Freitag_1210-001-1024x768.jpg 1024w, https:\/\/www.askja-on-tour.ch\/wp-content\/uploads\/2018\/10\/Freitag_1210-001-768x576.jpg 768w, https:\/\/www.askja-on-tour.ch\/wp-content\/uploads\/2018\/10\/Freitag_1210-001.jpg 1600w\" sizes=\"auto, (max-width: 1024px) 100vw, 1024px\" \/><\/p>\n<p>Irgendwann ist uns aufgefallen, dass viele Leute Richtung F\u00e4hrterminal steuerten. Also ging ich auch mal dahin um zu sehen, was da los ist. Schnell war klar: wir mussten anstehen um das wirkliche F\u00e4hrticket zu erhalten. Erst hiess es, die F\u00e4hre sei total ausgebucht &#8211; war sie aber nur f\u00fcr &#8222;Fussg\u00e4nger&#8220; &#8211; nicht f\u00fcr Autos. Also erhielten wir rasch ein Ticket. Nur ausgestellt f\u00fcr den 11.10. anstelle 12.10. Ich bemerkte dies und die Dame am Schalter wollte erst klar machen, dass das so korrekt sei. Irgendwann gab sie zu, dass ihr System das neue Datum noch nicht &#8222;programmiert&#8220; h\u00e4tte. Aber dann ging es doch &#8211; mind. f\u00fcr das Ticket f\u00fcr das WoMo &#8211; Norbert und ich hatten immer noch 11.10. Aber das w\u00e4re OK &#8211; so meinte sie.<\/p>\n<p>Zur\u00fcck im Auto konnten wir dann um 12.10 Uhr weiterfahren zum Eingang F\u00e4hrterminal und nach den Kontrollen waren wir um 13.00 Uhr fast so weit, dass wir h\u00e4tten einfahren k\u00f6nnen, unser Fahrzeug nicht so hoch gewesen.<\/p>\n<p><img loading=\"lazy\" decoding=\"async\" class=\"alignnone size-medium wp-image-285\" src=\"https:\/\/www.askja-on-tour.ch\/wp-content\/uploads\/2018\/10\/Freitag_1210-002-1024x768.jpg\" alt=\"\" width=\"1024\" height=\"768\" srcset=\"https:\/\/www.askja-on-tour.ch\/wp-content\/uploads\/2018\/10\/Freitag_1210-002-1024x768.jpg 1024w, https:\/\/www.askja-on-tour.ch\/wp-content\/uploads\/2018\/10\/Freitag_1210-002-768x576.jpg 768w, https:\/\/www.askja-on-tour.ch\/wp-content\/uploads\/2018\/10\/Freitag_1210-002.jpg 1600w\" sizes=\"auto, (max-width: 1024px) 100vw, 1024px\" \/><\/p>\n<p><img loading=\"lazy\" decoding=\"async\" class=\"alignnone size-medium wp-image-286\" src=\"https:\/\/www.askja-on-tour.ch\/wp-content\/uploads\/2018\/10\/Freitag_1210-003-1024x768.jpg\" alt=\"\" width=\"1024\" height=\"768\" srcset=\"https:\/\/www.askja-on-tour.ch\/wp-content\/uploads\/2018\/10\/Freitag_1210-003-1024x768.jpg 1024w, https:\/\/www.askja-on-tour.ch\/wp-content\/uploads\/2018\/10\/Freitag_1210-003-768x576.jpg 768w, https:\/\/www.askja-on-tour.ch\/wp-content\/uploads\/2018\/10\/Freitag_1210-003.jpg 1600w\" sizes=\"auto, (max-width: 1024px) 100vw, 1024px\" \/><\/p>\n<p>Wir mussten warten und wurden dann als letztes Fahrzeug reingenommen. Norbert musste r\u00fcckw\u00e4rts die Rampe hochfahren, was er aber prima meisterte.<\/p>\n<p><img loading=\"lazy\" decoding=\"async\" class=\"alignnone size-medium wp-image-287\" src=\"https:\/\/www.askja-on-tour.ch\/wp-content\/uploads\/2018\/10\/Freitag_1210-004-768x1024.jpg\" alt=\"\" width=\"768\" height=\"1024\" srcset=\"https:\/\/www.askja-on-tour.ch\/wp-content\/uploads\/2018\/10\/Freitag_1210-004-768x1024.jpg 768w, https:\/\/www.askja-on-tour.ch\/wp-content\/uploads\/2018\/10\/Freitag_1210-004.jpg 1200w\" sizes=\"auto, (max-width: 768px) 100vw, 768px\" \/><\/p>\n<p>Oben im Passagierbereich angekommen, war eine meterlange Schlange zu sehen, die alle f\u00fcr die Passkontrolle nach Marokko angestanden sind. Es waren zwei Polizisten, welche die P\u00e4sse kontrolliert haben &#8211; diese sahen sich \u00fcber 300 Passagieren gegen\u00fcber. In 35 Minuten war dies nicht zu bew\u00e4ltigen. Da wir mit Askja zu vorderst waren und ohne unser Abfahren niemand rauskam, begannen wir uns zu erkundigen, was wir machen sollten. Wir wurden einfach in die Passagierlounge auf dem Oberdeck geschickt mit der Information, dass in Tanger weitere Polisten zusteigen w\u00fcrden und diese dann direkt zu uns hoch k\u00e4men. Dies war auch der Fall. Trotzdem waren wir nat\u00fcrlich sehr sp\u00e4t unten &#8211; aber die Fussg\u00e4nger-Passagieren wurden sowieso den Autofahrern vorgezogen, was irgendwann hinter uns dazu f\u00fchre, dass sich die Autofahrer mit einem Hupkonzert bemerkbar machten &#8211; sehr zum \u00c4rger des F\u00e4hrpersonals.<\/p>\n<p>Endlich konnten wir rausfahren &#8211; aber am Ausgang wurden wir erneut gebeten, zu warten. Ich musste erst mal meinen Pass in Marokko registrieren &#8211; hatte ja noch keinen Stempel aus diesem Lande. Die Papiere von Askja wurden auch kontrolliert &#8211; aber alles OK. Die Polizisten waren sehr sehr nett. Ganz zum Schluss kamen vier Polizisten und baten darum, sich das WoMo ansehen zu k\u00f6nnen und ob sie die Schuhe ausziehen m\u00fcssten. War klar &#8211; dass ich das nicht verlangt habe (aber gerne verlangt h\u00e4tte ;-). Auf jeden Fall kamen wir problemlos durch die Kontrolle und konnten den Hafen verlassen.<\/p>\n<p><img loading=\"lazy\" decoding=\"async\" class=\"alignnone size-medium wp-image-290\" src=\"https:\/\/www.askja-on-tour.ch\/wp-content\/uploads\/2018\/10\/Freitag_1210-007-768x1024.jpg\" alt=\"\" width=\"768\" height=\"1024\" srcset=\"https:\/\/www.askja-on-tour.ch\/wp-content\/uploads\/2018\/10\/Freitag_1210-007-768x1024.jpg 768w, https:\/\/www.askja-on-tour.ch\/wp-content\/uploads\/2018\/10\/Freitag_1210-007.jpg 1200w\" sizes=\"auto, (max-width: 768px) 100vw, 768px\" \/><\/p>\n<p>Wir sind dann sofort in die Tanger Mall gefahren und haben eine Marokko Telecom Internet-Karte besorgt und noch kleine Eink\u00e4ufe gemacht. Die Gew\u00fcrzecke hatte mich total begeistert &#8211; konnte mich aber noch zur\u00fcckhalten.<\/p>\n<p><img loading=\"lazy\" decoding=\"async\" class=\"alignnone size-medium wp-image-288\" src=\"https:\/\/www.askja-on-tour.ch\/wp-content\/uploads\/2018\/10\/Freitag_1210-005-768x1024.jpg\" alt=\"\" width=\"768\" height=\"1024\" srcset=\"https:\/\/www.askja-on-tour.ch\/wp-content\/uploads\/2018\/10\/Freitag_1210-005-768x1024.jpg 768w, https:\/\/www.askja-on-tour.ch\/wp-content\/uploads\/2018\/10\/Freitag_1210-005.jpg 1200w\" sizes=\"auto, (max-width: 768px) 100vw, 768px\" \/><\/p>\n<p><img loading=\"lazy\" decoding=\"async\" class=\"alignnone size-medium wp-image-289\" src=\"https:\/\/www.askja-on-tour.ch\/wp-content\/uploads\/2018\/10\/Freitag_1210-006-768x1024.jpg\" alt=\"\" width=\"768\" height=\"1024\" srcset=\"https:\/\/www.askja-on-tour.ch\/wp-content\/uploads\/2018\/10\/Freitag_1210-006-768x1024.jpg 768w, https:\/\/www.askja-on-tour.ch\/wp-content\/uploads\/2018\/10\/Freitag_1210-006.jpg 1200w\" sizes=\"auto, (max-width: 768px) 100vw, 768px\" \/><\/p>\n<p>Anschliessend fuhren wir zum Camping Platz Miramonte, wo wir es uns gem\u00fctlicht gemacht und den morgigen Tag geplant haben.<\/p>\n<p>&nbsp;<\/p>\n","protected":false},"excerpt":{"rendered":"<p>Das Ziel von heute war die \u00dcberfahrt mit der Schnellf\u00e4hre von Tarifa nach Tanger Ville. Wir hatten ein &#8222;offenes Ticket&#8220;, was uns erlaubte, jeden Tag mit der Schnellf\u00e4hre zu fahren. Geplant haben wir f\u00fcr heute mit der 13.00 Uhr F\u00e4hre<\/p>\n","protected":false},"author":3,"featured_media":0,"comment_status":"open","ping_status":"closed","sticky":false,"template":"","format":"standard","meta":{"footnotes":""},"categories":[4,7],"tags":[],"class_list":["post-282","post","type-post","status-publish","format-standard","hentry","category-reiseberichte","category-marokko2018"],"_links":{"self":[{"href":"https:\/\/www.askja-on-tour.ch\/index.php?rest_route=\/wp\/v2\/posts\/282","targetHints":{"allow":["GET"]}}],"collection":[{"href":"https:\/\/www.askja-on-tour.ch\/index.php?rest_route=\/wp\/v2\/posts"}],"about":[{"href":"https:\/\/www.askja-on-tour.ch\/index.php?rest_route=\/wp\/v2\/types\/post"}],"author":[{"embeddable":true,"href":"https:\/\/www.askja-on-tour.ch\/index.php?rest_route=\/wp\/v2\/users\/3"}],"replies":[{"embeddable":true,"href":"https:\/\/www.askja-on-tour.ch\/index.php?rest_route=%2Fwp%2Fv2%2Fcomments&post=282"}],"version-history":[{"count":6,"href":"https:\/\/www.askja-on-tour.ch\/index.php?rest_route=\/wp\/v2\/posts\/282\/revisions"}],"predecessor-version":[{"id":592,"href":"https:\/\/www.askja-on-tour.ch\/index.php?rest_route=\/wp\/v2\/posts\/282\/revisions\/592"}],"wp:attachment":[{"href":"https:\/\/www.askja-on-tour.ch\/index.php?rest_route=%2Fwp%2Fv2%2Fmedia&parent=282"}],"wp:term":[{"taxonomy":"category","embeddable":true,"href":"https:\/\/www.askja-on-tour.ch\/index.php?rest_route=%2Fwp%2Fv2%2Fcategories&post=282"},{"taxonomy":"post_tag","embeddable":true,"href":"https:\/\/www.askja-on-tour.ch\/index.php?rest_route=%2Fwp%2Fv2%2Ftags&post=282"}],"curies":[{"name":"wp","href":"https:\/\/api.w.org\/{rel}","templated":true}]}}