{"id":27219,"date":"2025-07-29T00:28:43","date_gmt":"2025-07-29T00:28:43","guid":{"rendered":"https:\/\/www.askja-on-tour.ch\/?p=27219"},"modified":"2025-07-29T00:28:44","modified_gmt":"2025-07-29T00:28:44","slug":"22-07-28-7-2025-zurueck-in-uruguay-zurueck-in-la-paloma","status":"publish","type":"post","link":"https:\/\/www.askja-on-tour.ch\/?p=27219","title":{"rendered":"22.07. &#8211; 28.7.2025: Zur\u00fcck in Uruguay &#8211; zur\u00fcck in La Paloma"},"content":{"rendered":"\n<p>Nach einer sch\u00f6nen Zeit in der Schweiz sind wir am 21.07. wieder nach Montevideo gereist und am 22.07. gut angekommen. Am Flughafen wurden wir von Diego abgeholt und zu UY Storage gefahren, wo unsere Askja auf uns wartete und zwischenzeitlich so einige Erneuerungen erfahren hatte. Es war fast alles wie erhofft erledigt \u2013 das \u201efast\u201c bezieht sich auf Punkte, die erst fertiggestellt werden konnten, als wir da waren. Wir haben eine komplett neue Elektrik erhalten mit Umstellung von Gel-Batterien auf Lithium. Eine enorme Arbeit, welche die drei Jungs, Timo, Felix und Michel, top erledigt hatten. Wir waren sehr \u00fcberrascht, dass sie den Kabelsalat \u2013 oder viel mehr Kabelchaos entwirren und neu verkabeln konnten. Eine neue Sonnenstore, die letzte ist ja dem Sturm in Feuerland zum Opfer gefallen. Eine neue Aussenbeleuchtung, \u00d6lwechsel und weitere kleinere und gr\u00f6ssere Arbeiten.<\/p>\n<figure id=\"attachment_27223\" aria-describedby=\"caption-attachment-27223\" style=\"width: 768px\" class=\"wp-caption alignnone\"><img loading=\"lazy\" decoding=\"async\" class=\"size-medium wp-image-27223\" src=\"https:\/\/www.askja-on-tour.ch\/wp-content\/uploads\/2025\/07\/La_Paloma-001-768x1024.jpg\" alt=\"\" width=\"768\" height=\"1024\" srcset=\"https:\/\/www.askja-on-tour.ch\/wp-content\/uploads\/2025\/07\/La_Paloma-001-768x1024.jpg 768w, https:\/\/www.askja-on-tour.ch\/wp-content\/uploads\/2025\/07\/La_Paloma-001-1200x1600.jpg 1200w, https:\/\/www.askja-on-tour.ch\/wp-content\/uploads\/2025\/07\/La_Paloma-001-1152x1536.jpg 1152w, https:\/\/www.askja-on-tour.ch\/wp-content\/uploads\/2025\/07\/La_Paloma-001.jpg 1536w\" sizes=\"auto, (max-width: 768px) 100vw, 768px\" \/><figcaption id=\"caption-attachment-27223\" class=\"wp-caption-text\">Der Kabelsalat ist perfekt &#8211; vor dem Umbau<\/figcaption><\/figure>\n<p>Zum Testen sind wir f\u00fcr eine Nacht ins Paraiso Suizo gefahren und danach nochmals zu UY Storage, wo noch ein, zwei Kleinigkeiten angepasst werden mussten. In UY Storage haben wir nochmals Martina und Christoph mit Sizu getroffen, wo wir zwei sch\u00f6ne Abende mit k\u00f6stlichem Essen (Danke Euch beiden!), hervorragenden Getr\u00e4nken und unterhaltsamen Gespr\u00e4chen genossen haben.<\/p>\n<figure id=\"attachment_27224\" aria-describedby=\"caption-attachment-27224\" style=\"width: 1024px\" class=\"wp-caption alignnone\"><img loading=\"lazy\" decoding=\"async\" class=\"size-medium wp-image-27224\" src=\"https:\/\/www.askja-on-tour.ch\/wp-content\/uploads\/2025\/07\/La_Paloma-002-1024x768.jpg\" alt=\"\" width=\"1024\" height=\"768\" srcset=\"https:\/\/www.askja-on-tour.ch\/wp-content\/uploads\/2025\/07\/La_Paloma-002-1024x768.jpg 1024w, https:\/\/www.askja-on-tour.ch\/wp-content\/uploads\/2025\/07\/La_Paloma-002-1600x1200.jpg 1600w, https:\/\/www.askja-on-tour.ch\/wp-content\/uploads\/2025\/07\/La_Paloma-002-768x576.jpg 768w, https:\/\/www.askja-on-tour.ch\/wp-content\/uploads\/2025\/07\/La_Paloma-002-1536x1152.jpg 1536w, https:\/\/www.askja-on-tour.ch\/wp-content\/uploads\/2025\/07\/La_Paloma-002.jpg 2048w\" sizes=\"auto, (max-width: 1024px) 100vw, 1024px\" \/><figcaption id=\"caption-attachment-27224\" class=\"wp-caption-text\">Sizu und Askja<\/figcaption><\/figure>\n<p>Am Samstag ging es dann ein weiteres Mal ins Paraiso Suizo, wo wir die Zeit mit Waschen und Vorbereiten der weiteren Reise verbracht haben.<\/p>\n<figure id=\"attachment_27222\" aria-describedby=\"caption-attachment-27222\" style=\"width: 768px\" class=\"wp-caption alignnone\"><img loading=\"lazy\" decoding=\"async\" class=\"size-medium wp-image-27222\" src=\"https:\/\/www.askja-on-tour.ch\/wp-content\/uploads\/2025\/07\/IMG_2604-768x1024.jpg\" alt=\"\" width=\"768\" height=\"1024\" srcset=\"https:\/\/www.askja-on-tour.ch\/wp-content\/uploads\/2025\/07\/IMG_2604-768x1024.jpg 768w, https:\/\/www.askja-on-tour.ch\/wp-content\/uploads\/2025\/07\/IMG_2604-1200x1600.jpg 1200w, https:\/\/www.askja-on-tour.ch\/wp-content\/uploads\/2025\/07\/IMG_2604-1152x1536.jpg 1152w, https:\/\/www.askja-on-tour.ch\/wp-content\/uploads\/2025\/07\/IMG_2604-1536x2048.jpg 1536w, https:\/\/www.askja-on-tour.ch\/wp-content\/uploads\/2025\/07\/IMG_2604-scaled.jpg 1920w\" sizes=\"auto, (max-width: 768px) 100vw, 768px\" \/><figcaption id=\"caption-attachment-27222\" class=\"wp-caption-text\">Einfahrt in das grosse Gebiet von Paraiso Suizo<\/figcaption><\/figure>\n<figure id=\"attachment_27225\" aria-describedby=\"caption-attachment-27225\" style=\"width: 1024px\" class=\"wp-caption alignnone\"><img loading=\"lazy\" decoding=\"async\" class=\"size-medium wp-image-27225\" src=\"https:\/\/www.askja-on-tour.ch\/wp-content\/uploads\/2025\/07\/La_Paloma-003-1024x768.jpg\" alt=\"\" width=\"1024\" height=\"768\" srcset=\"https:\/\/www.askja-on-tour.ch\/wp-content\/uploads\/2025\/07\/La_Paloma-003-1024x768.jpg 1024w, https:\/\/www.askja-on-tour.ch\/wp-content\/uploads\/2025\/07\/La_Paloma-003-1600x1200.jpg 1600w, https:\/\/www.askja-on-tour.ch\/wp-content\/uploads\/2025\/07\/La_Paloma-003-768x576.jpg 768w, https:\/\/www.askja-on-tour.ch\/wp-content\/uploads\/2025\/07\/La_Paloma-003-1536x1152.jpg 1536w, https:\/\/www.askja-on-tour.ch\/wp-content\/uploads\/2025\/07\/La_Paloma-003.jpg 2048w\" sizes=\"auto, (max-width: 1024px) 100vw, 1024px\" \/><figcaption id=\"caption-attachment-27225\" class=\"wp-caption-text\">Unser Stellplatz im Paraiso Suizo<\/figcaption><\/figure>\n<figure id=\"attachment_27226\" aria-describedby=\"caption-attachment-27226\" style=\"width: 1024px\" class=\"wp-caption alignnone\"><img loading=\"lazy\" decoding=\"async\" class=\"size-medium wp-image-27226\" src=\"https:\/\/www.askja-on-tour.ch\/wp-content\/uploads\/2025\/07\/La_Paloma-004-1024x768.jpg\" alt=\"\" width=\"1024\" height=\"768\" srcset=\"https:\/\/www.askja-on-tour.ch\/wp-content\/uploads\/2025\/07\/La_Paloma-004-1024x768.jpg 1024w, https:\/\/www.askja-on-tour.ch\/wp-content\/uploads\/2025\/07\/La_Paloma-004-1600x1200.jpg 1600w, https:\/\/www.askja-on-tour.ch\/wp-content\/uploads\/2025\/07\/La_Paloma-004-768x576.jpg 768w, https:\/\/www.askja-on-tour.ch\/wp-content\/uploads\/2025\/07\/La_Paloma-004-1536x1152.jpg 1536w, https:\/\/www.askja-on-tour.ch\/wp-content\/uploads\/2025\/07\/La_Paloma-004.jpg 2048w\" sizes=\"auto, (max-width: 1024px) 100vw, 1024px\" \/><figcaption id=\"caption-attachment-27226\" class=\"wp-caption-text\">Am Strand beim Paraiso Suizo<\/figcaption><\/figure>\n<p>Und heute ging es los: wir sind an die Laguna von La Paloma gefahren, um diese in Sonnenschein zu sehen, nachdem es letztes Mal geregnet hatte. Der zweite Grund war, dass wir im Mai an einem sch\u00f6nen Platz am Hafen, direkt am Atlantik, standen, aber diesen aufgrund unseres Stromproblems nicht geniessen konnten. Dies ist heute anders. Wir konnten unser WoMo getrost abstellen und sicher sein, dass wir nicht ohne Strom dastehen, weder nach unserem sch\u00f6nen Spaziergang durch La Paloma, noch irgendwann in der Nacht.<\/p>\n<p><img loading=\"lazy\" decoding=\"async\" class=\"alignnone size-medium wp-image-27227\" src=\"https:\/\/www.askja-on-tour.ch\/wp-content\/uploads\/2025\/07\/La_Paloma-005-1024x768.jpg\" alt=\"\" width=\"1024\" height=\"768\" srcset=\"https:\/\/www.askja-on-tour.ch\/wp-content\/uploads\/2025\/07\/La_Paloma-005-1024x768.jpg 1024w, https:\/\/www.askja-on-tour.ch\/wp-content\/uploads\/2025\/07\/La_Paloma-005-1600x1200.jpg 1600w, https:\/\/www.askja-on-tour.ch\/wp-content\/uploads\/2025\/07\/La_Paloma-005-768x576.jpg 768w, https:\/\/www.askja-on-tour.ch\/wp-content\/uploads\/2025\/07\/La_Paloma-005-1536x1152.jpg 1536w, https:\/\/www.askja-on-tour.ch\/wp-content\/uploads\/2025\/07\/La_Paloma-005.jpg 2048w\" sizes=\"auto, (max-width: 1024px) 100vw, 1024px\" \/> <img loading=\"lazy\" decoding=\"async\" class=\"alignnone size-medium wp-image-27228\" src=\"https:\/\/www.askja-on-tour.ch\/wp-content\/uploads\/2025\/07\/La_Paloma-006-1024x768.jpg\" alt=\"\" width=\"1024\" height=\"768\" srcset=\"https:\/\/www.askja-on-tour.ch\/wp-content\/uploads\/2025\/07\/La_Paloma-006-1024x768.jpg 1024w, https:\/\/www.askja-on-tour.ch\/wp-content\/uploads\/2025\/07\/La_Paloma-006-1600x1200.jpg 1600w, https:\/\/www.askja-on-tour.ch\/wp-content\/uploads\/2025\/07\/La_Paloma-006-768x576.jpg 768w, https:\/\/www.askja-on-tour.ch\/wp-content\/uploads\/2025\/07\/La_Paloma-006-1536x1152.jpg 1536w, https:\/\/www.askja-on-tour.ch\/wp-content\/uploads\/2025\/07\/La_Paloma-006.jpg 2048w\" sizes=\"auto, (max-width: 1024px) 100vw, 1024px\" \/> <img loading=\"lazy\" decoding=\"async\" class=\"alignnone size-medium wp-image-27229\" src=\"https:\/\/www.askja-on-tour.ch\/wp-content\/uploads\/2025\/07\/La_Paloma-007-1024x768.jpg\" alt=\"\" width=\"1024\" height=\"768\" srcset=\"https:\/\/www.askja-on-tour.ch\/wp-content\/uploads\/2025\/07\/La_Paloma-007-1024x768.jpg 1024w, https:\/\/www.askja-on-tour.ch\/wp-content\/uploads\/2025\/07\/La_Paloma-007-1600x1200.jpg 1600w, https:\/\/www.askja-on-tour.ch\/wp-content\/uploads\/2025\/07\/La_Paloma-007-768x576.jpg 768w, https:\/\/www.askja-on-tour.ch\/wp-content\/uploads\/2025\/07\/La_Paloma-007-1536x1152.jpg 1536w, https:\/\/www.askja-on-tour.ch\/wp-content\/uploads\/2025\/07\/La_Paloma-007.jpg 2048w\" sizes=\"auto, (max-width: 1024px) 100vw, 1024px\" \/><\/p>\n<figure id=\"attachment_27230\" aria-describedby=\"caption-attachment-27230\" style=\"width: 1024px\" class=\"wp-caption alignnone\"><img loading=\"lazy\" decoding=\"async\" class=\"size-medium wp-image-27230\" src=\"https:\/\/www.askja-on-tour.ch\/wp-content\/uploads\/2025\/07\/La_Paloma-008-1024x769.jpg\" alt=\"\" width=\"1024\" height=\"769\" srcset=\"https:\/\/www.askja-on-tour.ch\/wp-content\/uploads\/2025\/07\/La_Paloma-008-1024x769.jpg 1024w, https:\/\/www.askja-on-tour.ch\/wp-content\/uploads\/2025\/07\/La_Paloma-008-1600x1201.jpg 1600w, https:\/\/www.askja-on-tour.ch\/wp-content\/uploads\/2025\/07\/La_Paloma-008-768x576.jpg 768w, https:\/\/www.askja-on-tour.ch\/wp-content\/uploads\/2025\/07\/La_Paloma-008-1536x1153.jpg 1536w, https:\/\/www.askja-on-tour.ch\/wp-content\/uploads\/2025\/07\/La_Paloma-008.jpg 2048w\" sizes=\"auto, (max-width: 1024px) 100vw, 1024px\" \/><figcaption id=\"caption-attachment-27230\" class=\"wp-caption-text\">Selbst auf dem kargen Sandboden finden sich sch\u00f6ne Pflanzen<\/figcaption><\/figure>\n<p><img loading=\"lazy\" decoding=\"async\" class=\"alignnone size-medium wp-image-27231\" src=\"https:\/\/www.askja-on-tour.ch\/wp-content\/uploads\/2025\/07\/La_Paloma-009-1024x768.jpg\" alt=\"\" width=\"1024\" height=\"768\" srcset=\"https:\/\/www.askja-on-tour.ch\/wp-content\/uploads\/2025\/07\/La_Paloma-009-1024x768.jpg 1024w, https:\/\/www.askja-on-tour.ch\/wp-content\/uploads\/2025\/07\/La_Paloma-009-1600x1200.jpg 1600w, https:\/\/www.askja-on-tour.ch\/wp-content\/uploads\/2025\/07\/La_Paloma-009-768x576.jpg 768w, https:\/\/www.askja-on-tour.ch\/wp-content\/uploads\/2025\/07\/La_Paloma-009-1536x1152.jpg 1536w, https:\/\/www.askja-on-tour.ch\/wp-content\/uploads\/2025\/07\/La_Paloma-009.jpg 2048w\" sizes=\"auto, (max-width: 1024px) 100vw, 1024px\" \/><\/p>\n<figure id=\"attachment_27232\" aria-describedby=\"caption-attachment-27232\" style=\"width: 1024px\" class=\"wp-caption alignnone\"><img loading=\"lazy\" decoding=\"async\" class=\"size-medium wp-image-27232\" src=\"https:\/\/www.askja-on-tour.ch\/wp-content\/uploads\/2025\/07\/La_Paloma-010-1024x769.jpg\" alt=\"\" width=\"1024\" height=\"769\" srcset=\"https:\/\/www.askja-on-tour.ch\/wp-content\/uploads\/2025\/07\/La_Paloma-010-1024x769.jpg 1024w, https:\/\/www.askja-on-tour.ch\/wp-content\/uploads\/2025\/07\/La_Paloma-010-1600x1201.jpg 1600w, https:\/\/www.askja-on-tour.ch\/wp-content\/uploads\/2025\/07\/La_Paloma-010-768x576.jpg 768w, https:\/\/www.askja-on-tour.ch\/wp-content\/uploads\/2025\/07\/La_Paloma-010-1536x1153.jpg 1536w, https:\/\/www.askja-on-tour.ch\/wp-content\/uploads\/2025\/07\/La_Paloma-010.jpg 2048w\" sizes=\"auto, (max-width: 1024px) 100vw, 1024px\" \/><figcaption id=\"caption-attachment-27232\" class=\"wp-caption-text\">Die gewaltige Wucht des Atlantiks am Eingang zur Lagune von La Paloma<\/figcaption><\/figure>\n<p><img loading=\"lazy\" decoding=\"async\" class=\"alignnone size-medium wp-image-27233\" src=\"https:\/\/www.askja-on-tour.ch\/wp-content\/uploads\/2025\/07\/La_Paloma-011-1024x768.jpg\" alt=\"\" width=\"1024\" height=\"768\" srcset=\"https:\/\/www.askja-on-tour.ch\/wp-content\/uploads\/2025\/07\/La_Paloma-011-1024x768.jpg 1024w, https:\/\/www.askja-on-tour.ch\/wp-content\/uploads\/2025\/07\/La_Paloma-011-1600x1200.jpg 1600w, https:\/\/www.askja-on-tour.ch\/wp-content\/uploads\/2025\/07\/La_Paloma-011-768x576.jpg 768w, https:\/\/www.askja-on-tour.ch\/wp-content\/uploads\/2025\/07\/La_Paloma-011-1536x1152.jpg 1536w, https:\/\/www.askja-on-tour.ch\/wp-content\/uploads\/2025\/07\/La_Paloma-011.jpg 2048w\" sizes=\"auto, (max-width: 1024px) 100vw, 1024px\" \/> <img loading=\"lazy\" decoding=\"async\" class=\"alignnone size-medium wp-image-27234\" src=\"https:\/\/www.askja-on-tour.ch\/wp-content\/uploads\/2025\/07\/La_Paloma-012-1024x768.jpg\" alt=\"\" width=\"1024\" height=\"768\" srcset=\"https:\/\/www.askja-on-tour.ch\/wp-content\/uploads\/2025\/07\/La_Paloma-012-1024x768.jpg 1024w, https:\/\/www.askja-on-tour.ch\/wp-content\/uploads\/2025\/07\/La_Paloma-012-1600x1200.jpg 1600w, https:\/\/www.askja-on-tour.ch\/wp-content\/uploads\/2025\/07\/La_Paloma-012-768x576.jpg 768w, https:\/\/www.askja-on-tour.ch\/wp-content\/uploads\/2025\/07\/La_Paloma-012-1536x1152.jpg 1536w, https:\/\/www.askja-on-tour.ch\/wp-content\/uploads\/2025\/07\/La_Paloma-012.jpg 2048w\" sizes=\"auto, (max-width: 1024px) 100vw, 1024px\" \/> <img loading=\"lazy\" decoding=\"async\" class=\"alignnone size-medium wp-image-27235\" src=\"https:\/\/www.askja-on-tour.ch\/wp-content\/uploads\/2025\/07\/La_Paloma-013-1024x316.jpg\" alt=\"\" width=\"1024\" height=\"316\" srcset=\"https:\/\/www.askja-on-tour.ch\/wp-content\/uploads\/2025\/07\/La_Paloma-013-1024x316.jpg 1024w, https:\/\/www.askja-on-tour.ch\/wp-content\/uploads\/2025\/07\/La_Paloma-013-1600x493.jpg 1600w, https:\/\/www.askja-on-tour.ch\/wp-content\/uploads\/2025\/07\/La_Paloma-013-768x237.jpg 768w, https:\/\/www.askja-on-tour.ch\/wp-content\/uploads\/2025\/07\/La_Paloma-013-1536x473.jpg 1536w, https:\/\/www.askja-on-tour.ch\/wp-content\/uploads\/2025\/07\/La_Paloma-013.jpg 2048w\" sizes=\"auto, (max-width: 1024px) 100vw, 1024px\" \/><\/p>\n<figure id=\"attachment_27236\" aria-describedby=\"caption-attachment-27236\" style=\"width: 1024px\" class=\"wp-caption alignnone\"><img loading=\"lazy\" decoding=\"async\" class=\"size-medium wp-image-27236\" src=\"https:\/\/www.askja-on-tour.ch\/wp-content\/uploads\/2025\/07\/La_Paloma-014-1024x768.jpg\" alt=\"\" width=\"1024\" height=\"768\" srcset=\"https:\/\/www.askja-on-tour.ch\/wp-content\/uploads\/2025\/07\/La_Paloma-014-1024x768.jpg 1024w, https:\/\/www.askja-on-tour.ch\/wp-content\/uploads\/2025\/07\/La_Paloma-014-1600x1200.jpg 1600w, https:\/\/www.askja-on-tour.ch\/wp-content\/uploads\/2025\/07\/La_Paloma-014-768x576.jpg 768w, https:\/\/www.askja-on-tour.ch\/wp-content\/uploads\/2025\/07\/La_Paloma-014-1536x1152.jpg 1536w, https:\/\/www.askja-on-tour.ch\/wp-content\/uploads\/2025\/07\/La_Paloma-014.jpg 2048w\" sizes=\"auto, (max-width: 1024px) 100vw, 1024px\" \/><figcaption id=\"caption-attachment-27236\" class=\"wp-caption-text\">Einziges Restaurant auf dem Weg zur Lagune<\/figcaption><\/figure>\n<p><img loading=\"lazy\" decoding=\"async\" class=\"alignnone size-medium wp-image-27237\" src=\"https:\/\/www.askja-on-tour.ch\/wp-content\/uploads\/2025\/07\/La_Paloma-015-1024x768.jpg\" alt=\"\" width=\"1024\" height=\"768\" srcset=\"https:\/\/www.askja-on-tour.ch\/wp-content\/uploads\/2025\/07\/La_Paloma-015-1024x768.jpg 1024w, https:\/\/www.askja-on-tour.ch\/wp-content\/uploads\/2025\/07\/La_Paloma-015-1600x1200.jpg 1600w, https:\/\/www.askja-on-tour.ch\/wp-content\/uploads\/2025\/07\/La_Paloma-015-768x576.jpg 768w, https:\/\/www.askja-on-tour.ch\/wp-content\/uploads\/2025\/07\/La_Paloma-015-1536x1152.jpg 1536w, https:\/\/www.askja-on-tour.ch\/wp-content\/uploads\/2025\/07\/La_Paloma-015.jpg 2048w\" sizes=\"auto, (max-width: 1024px) 100vw, 1024px\" \/><\/p>\n<figure id=\"attachment_27240\" aria-describedby=\"caption-attachment-27240\" style=\"width: 1024px\" class=\"wp-caption alignnone\"><img loading=\"lazy\" decoding=\"async\" class=\"size-medium wp-image-27240\" src=\"https:\/\/www.askja-on-tour.ch\/wp-content\/uploads\/2025\/07\/La_Paloma-018-1024x768.jpg\" alt=\"\" width=\"1024\" height=\"768\" srcset=\"https:\/\/www.askja-on-tour.ch\/wp-content\/uploads\/2025\/07\/La_Paloma-018-1024x768.jpg 1024w, https:\/\/www.askja-on-tour.ch\/wp-content\/uploads\/2025\/07\/La_Paloma-018-1600x1200.jpg 1600w, https:\/\/www.askja-on-tour.ch\/wp-content\/uploads\/2025\/07\/La_Paloma-018-768x576.jpg 768w, https:\/\/www.askja-on-tour.ch\/wp-content\/uploads\/2025\/07\/La_Paloma-018-1536x1152.jpg 1536w, https:\/\/www.askja-on-tour.ch\/wp-content\/uploads\/2025\/07\/La_Paloma-018.jpg 2048w\" sizes=\"auto, (max-width: 1024px) 100vw, 1024px\" \/><figcaption id=\"caption-attachment-27240\" class=\"wp-caption-text\">Sch\u00f6ne Wandmalereien<\/figcaption><\/figure>\n<p><img loading=\"lazy\" decoding=\"async\" class=\"alignnone size-medium wp-image-27241\" src=\"https:\/\/www.askja-on-tour.ch\/wp-content\/uploads\/2025\/07\/La_Paloma-019-1024x768.jpg\" alt=\"\" width=\"1024\" height=\"768\" srcset=\"https:\/\/www.askja-on-tour.ch\/wp-content\/uploads\/2025\/07\/La_Paloma-019-1024x768.jpg 1024w, https:\/\/www.askja-on-tour.ch\/wp-content\/uploads\/2025\/07\/La_Paloma-019-1600x1200.jpg 1600w, https:\/\/www.askja-on-tour.ch\/wp-content\/uploads\/2025\/07\/La_Paloma-019-768x576.jpg 768w, https:\/\/www.askja-on-tour.ch\/wp-content\/uploads\/2025\/07\/La_Paloma-019-1536x1152.jpg 1536w, https:\/\/www.askja-on-tour.ch\/wp-content\/uploads\/2025\/07\/La_Paloma-019.jpg 2048w\" sizes=\"auto, (max-width: 1024px) 100vw, 1024px\" \/> <img loading=\"lazy\" decoding=\"async\" class=\"alignnone size-medium wp-image-27242\" src=\"https:\/\/www.askja-on-tour.ch\/wp-content\/uploads\/2025\/07\/La_Paloma-020-1024x768.jpg\" alt=\"\" width=\"1024\" height=\"768\" srcset=\"https:\/\/www.askja-on-tour.ch\/wp-content\/uploads\/2025\/07\/La_Paloma-020-1024x768.jpg 1024w, https:\/\/www.askja-on-tour.ch\/wp-content\/uploads\/2025\/07\/La_Paloma-020-1600x1200.jpg 1600w, https:\/\/www.askja-on-tour.ch\/wp-content\/uploads\/2025\/07\/La_Paloma-020-768x576.jpg 768w, https:\/\/www.askja-on-tour.ch\/wp-content\/uploads\/2025\/07\/La_Paloma-020-1536x1152.jpg 1536w, https:\/\/www.askja-on-tour.ch\/wp-content\/uploads\/2025\/07\/La_Paloma-020.jpg 2048w\" sizes=\"auto, (max-width: 1024px) 100vw, 1024px\" \/><\/p>\n<figure id=\"attachment_27238\" aria-describedby=\"caption-attachment-27238\" style=\"width: 1024px\" class=\"wp-caption alignnone\"><img loading=\"lazy\" decoding=\"async\" class=\"size-medium wp-image-27238\" src=\"https:\/\/www.askja-on-tour.ch\/wp-content\/uploads\/2025\/07\/La_Paloma-016-1024x768.jpg\" alt=\"\" width=\"1024\" height=\"768\" srcset=\"https:\/\/www.askja-on-tour.ch\/wp-content\/uploads\/2025\/07\/La_Paloma-016-1024x768.jpg 1024w, https:\/\/www.askja-on-tour.ch\/wp-content\/uploads\/2025\/07\/La_Paloma-016-1600x1200.jpg 1600w, https:\/\/www.askja-on-tour.ch\/wp-content\/uploads\/2025\/07\/La_Paloma-016-768x576.jpg 768w, https:\/\/www.askja-on-tour.ch\/wp-content\/uploads\/2025\/07\/La_Paloma-016-1536x1152.jpg 1536w, https:\/\/www.askja-on-tour.ch\/wp-content\/uploads\/2025\/07\/La_Paloma-016.jpg 2048w\" sizes=\"auto, (max-width: 1024px) 100vw, 1024px\" \/><figcaption id=\"caption-attachment-27238\" class=\"wp-caption-text\">Fischerdorf in der Lagune von La Paloma<\/figcaption><\/figure>\n<p><img loading=\"lazy\" decoding=\"async\" class=\"alignnone size-medium wp-image-27239\" src=\"https:\/\/www.askja-on-tour.ch\/wp-content\/uploads\/2025\/07\/La_Paloma-017-1024x768.jpg\" alt=\"\" width=\"1024\" height=\"768\" srcset=\"https:\/\/www.askja-on-tour.ch\/wp-content\/uploads\/2025\/07\/La_Paloma-017-1024x768.jpg 1024w, https:\/\/www.askja-on-tour.ch\/wp-content\/uploads\/2025\/07\/La_Paloma-017-1600x1200.jpg 1600w, https:\/\/www.askja-on-tour.ch\/wp-content\/uploads\/2025\/07\/La_Paloma-017-768x576.jpg 768w, https:\/\/www.askja-on-tour.ch\/wp-content\/uploads\/2025\/07\/La_Paloma-017-1536x1152.jpg 1536w, https:\/\/www.askja-on-tour.ch\/wp-content\/uploads\/2025\/07\/La_Paloma-017.jpg 2048w\" sizes=\"auto, (max-width: 1024px) 100vw, 1024px\" \/><\/p>\n<p>La Paloma ist eine kleine Stadt mit rund 4\u2018000 Einwohner, die v.a. vom Tourismus ab November lebt. Aktuell ist La Paloma eher ausgestorben, aber nicht weniger charmant. Der Leuchtturm \u201eCabo Santa Mar\u00eda\u201c ist heute noch in Betrieb und von \u00fcberall zu sehen.<\/p>\n<figure id=\"attachment_27243\" aria-describedby=\"caption-attachment-27243\" style=\"width: 1024px\" class=\"wp-caption alignnone\"><img loading=\"lazy\" decoding=\"async\" class=\"size-medium wp-image-27243\" src=\"https:\/\/www.askja-on-tour.ch\/wp-content\/uploads\/2025\/07\/La_Paloma-021-1024x768.jpg\" alt=\"\" width=\"1024\" height=\"768\" srcset=\"https:\/\/www.askja-on-tour.ch\/wp-content\/uploads\/2025\/07\/La_Paloma-021-1024x768.jpg 1024w, https:\/\/www.askja-on-tour.ch\/wp-content\/uploads\/2025\/07\/La_Paloma-021-1600x1200.jpg 1600w, https:\/\/www.askja-on-tour.ch\/wp-content\/uploads\/2025\/07\/La_Paloma-021-768x576.jpg 768w, https:\/\/www.askja-on-tour.ch\/wp-content\/uploads\/2025\/07\/La_Paloma-021-1536x1152.jpg 1536w, https:\/\/www.askja-on-tour.ch\/wp-content\/uploads\/2025\/07\/La_Paloma-021.jpg 2048w\" sizes=\"auto, (max-width: 1024px) 100vw, 1024px\" \/><figcaption id=\"caption-attachment-27243\" class=\"wp-caption-text\">Auf dem Weg zu La Paloma<\/figcaption><\/figure>\n<figure id=\"attachment_27244\" aria-describedby=\"caption-attachment-27244\" style=\"width: 1024px\" class=\"wp-caption alignnone\"><img loading=\"lazy\" decoding=\"async\" class=\"size-medium wp-image-27244\" src=\"https:\/\/www.askja-on-tour.ch\/wp-content\/uploads\/2025\/07\/La_Paloma-022-1024x768.jpg\" alt=\"\" width=\"1024\" height=\"768\" srcset=\"https:\/\/www.askja-on-tour.ch\/wp-content\/uploads\/2025\/07\/La_Paloma-022-1024x768.jpg 1024w, https:\/\/www.askja-on-tour.ch\/wp-content\/uploads\/2025\/07\/La_Paloma-022-1600x1200.jpg 1600w, https:\/\/www.askja-on-tour.ch\/wp-content\/uploads\/2025\/07\/La_Paloma-022-768x576.jpg 768w, https:\/\/www.askja-on-tour.ch\/wp-content\/uploads\/2025\/07\/La_Paloma-022-1536x1152.jpg 1536w, https:\/\/www.askja-on-tour.ch\/wp-content\/uploads\/2025\/07\/La_Paloma-022.jpg 2048w\" sizes=\"auto, (max-width: 1024px) 100vw, 1024px\" \/><figcaption id=\"caption-attachment-27244\" class=\"wp-caption-text\">Der Leuchtturm \u201eCabo Santa Mar\u00eda\u201c ist von \u00fcberall sichtbar<\/figcaption><\/figure>\n<figure id=\"attachment_27245\" aria-describedby=\"caption-attachment-27245\" style=\"width: 1024px\" class=\"wp-caption alignnone\"><img loading=\"lazy\" decoding=\"async\" class=\"size-medium wp-image-27245\" src=\"https:\/\/www.askja-on-tour.ch\/wp-content\/uploads\/2025\/07\/La_Paloma-023-1024x768.jpg\" alt=\"\" width=\"1024\" height=\"768\" srcset=\"https:\/\/www.askja-on-tour.ch\/wp-content\/uploads\/2025\/07\/La_Paloma-023-1024x768.jpg 1024w, https:\/\/www.askja-on-tour.ch\/wp-content\/uploads\/2025\/07\/La_Paloma-023-1600x1200.jpg 1600w, https:\/\/www.askja-on-tour.ch\/wp-content\/uploads\/2025\/07\/La_Paloma-023-768x576.jpg 768w, https:\/\/www.askja-on-tour.ch\/wp-content\/uploads\/2025\/07\/La_Paloma-023-1536x1152.jpg 1536w, https:\/\/www.askja-on-tour.ch\/wp-content\/uploads\/2025\/07\/La_Paloma-023.jpg 2048w\" sizes=\"auto, (max-width: 1024px) 100vw, 1024px\" \/><figcaption id=\"caption-attachment-27245\" class=\"wp-caption-text\">Sch\u00f6ne Wandmalereien in La Paloma<\/figcaption><\/figure>\n<p><img loading=\"lazy\" decoding=\"async\" class=\"alignnone size-medium wp-image-27246\" src=\"https:\/\/www.askja-on-tour.ch\/wp-content\/uploads\/2025\/07\/La_Paloma-024-1024x768.jpg\" alt=\"\" width=\"1024\" height=\"768\" srcset=\"https:\/\/www.askja-on-tour.ch\/wp-content\/uploads\/2025\/07\/La_Paloma-024-1024x768.jpg 1024w, https:\/\/www.askja-on-tour.ch\/wp-content\/uploads\/2025\/07\/La_Paloma-024-1600x1200.jpg 1600w, https:\/\/www.askja-on-tour.ch\/wp-content\/uploads\/2025\/07\/La_Paloma-024-768x576.jpg 768w, https:\/\/www.askja-on-tour.ch\/wp-content\/uploads\/2025\/07\/La_Paloma-024-1536x1152.jpg 1536w, https:\/\/www.askja-on-tour.ch\/wp-content\/uploads\/2025\/07\/La_Paloma-024.jpg 2048w\" sizes=\"auto, (max-width: 1024px) 100vw, 1024px\" \/> <img loading=\"lazy\" decoding=\"async\" class=\"alignnone size-medium wp-image-27247\" src=\"https:\/\/www.askja-on-tour.ch\/wp-content\/uploads\/2025\/07\/La_Paloma-025-1024x768.jpg\" alt=\"\" width=\"1024\" height=\"768\" srcset=\"https:\/\/www.askja-on-tour.ch\/wp-content\/uploads\/2025\/07\/La_Paloma-025-1024x768.jpg 1024w, https:\/\/www.askja-on-tour.ch\/wp-content\/uploads\/2025\/07\/La_Paloma-025-1600x1200.jpg 1600w, https:\/\/www.askja-on-tour.ch\/wp-content\/uploads\/2025\/07\/La_Paloma-025-768x576.jpg 768w, https:\/\/www.askja-on-tour.ch\/wp-content\/uploads\/2025\/07\/La_Paloma-025-1536x1152.jpg 1536w, https:\/\/www.askja-on-tour.ch\/wp-content\/uploads\/2025\/07\/La_Paloma-025.jpg 2048w\" sizes=\"auto, (max-width: 1024px) 100vw, 1024px\" \/> <img loading=\"lazy\" decoding=\"async\" class=\"alignnone size-medium wp-image-27248\" src=\"https:\/\/www.askja-on-tour.ch\/wp-content\/uploads\/2025\/07\/La_Paloma-026-1024x768.jpg\" alt=\"\" width=\"1024\" height=\"768\" srcset=\"https:\/\/www.askja-on-tour.ch\/wp-content\/uploads\/2025\/07\/La_Paloma-026-1024x768.jpg 1024w, https:\/\/www.askja-on-tour.ch\/wp-content\/uploads\/2025\/07\/La_Paloma-026-1600x1200.jpg 1600w, https:\/\/www.askja-on-tour.ch\/wp-content\/uploads\/2025\/07\/La_Paloma-026-768x576.jpg 768w, https:\/\/www.askja-on-tour.ch\/wp-content\/uploads\/2025\/07\/La_Paloma-026-1536x1152.jpg 1536w, https:\/\/www.askja-on-tour.ch\/wp-content\/uploads\/2025\/07\/La_Paloma-026.jpg 2048w\" sizes=\"auto, (max-width: 1024px) 100vw, 1024px\" \/> <img loading=\"lazy\" decoding=\"async\" class=\"alignnone size-medium wp-image-27249\" src=\"https:\/\/www.askja-on-tour.ch\/wp-content\/uploads\/2025\/07\/La_Paloma-027-1024x768.jpg\" alt=\"\" width=\"1024\" height=\"768\" srcset=\"https:\/\/www.askja-on-tour.ch\/wp-content\/uploads\/2025\/07\/La_Paloma-027-1024x768.jpg 1024w, https:\/\/www.askja-on-tour.ch\/wp-content\/uploads\/2025\/07\/La_Paloma-027-1600x1200.jpg 1600w, https:\/\/www.askja-on-tour.ch\/wp-content\/uploads\/2025\/07\/La_Paloma-027-768x576.jpg 768w, https:\/\/www.askja-on-tour.ch\/wp-content\/uploads\/2025\/07\/La_Paloma-027-1536x1152.jpg 1536w, https:\/\/www.askja-on-tour.ch\/wp-content\/uploads\/2025\/07\/La_Paloma-027.jpg 2048w\" sizes=\"auto, (max-width: 1024px) 100vw, 1024px\" \/> <img loading=\"lazy\" decoding=\"async\" class=\"alignnone size-medium wp-image-27250\" src=\"https:\/\/www.askja-on-tour.ch\/wp-content\/uploads\/2025\/07\/La_Paloma-028-1024x768.jpg\" alt=\"\" width=\"1024\" height=\"768\" srcset=\"https:\/\/www.askja-on-tour.ch\/wp-content\/uploads\/2025\/07\/La_Paloma-028-1024x768.jpg 1024w, https:\/\/www.askja-on-tour.ch\/wp-content\/uploads\/2025\/07\/La_Paloma-028-1600x1200.jpg 1600w, https:\/\/www.askja-on-tour.ch\/wp-content\/uploads\/2025\/07\/La_Paloma-028-768x576.jpg 768w, https:\/\/www.askja-on-tour.ch\/wp-content\/uploads\/2025\/07\/La_Paloma-028-1536x1152.jpg 1536w, https:\/\/www.askja-on-tour.ch\/wp-content\/uploads\/2025\/07\/La_Paloma-028.jpg 2048w\" sizes=\"auto, (max-width: 1024px) 100vw, 1024px\" \/> <img loading=\"lazy\" decoding=\"async\" class=\"alignnone size-medium wp-image-27251\" src=\"https:\/\/www.askja-on-tour.ch\/wp-content\/uploads\/2025\/07\/La_Paloma-029-1024x768.jpg\" alt=\"\" width=\"1024\" height=\"768\" srcset=\"https:\/\/www.askja-on-tour.ch\/wp-content\/uploads\/2025\/07\/La_Paloma-029-1024x768.jpg 1024w, https:\/\/www.askja-on-tour.ch\/wp-content\/uploads\/2025\/07\/La_Paloma-029-1600x1200.jpg 1600w, https:\/\/www.askja-on-tour.ch\/wp-content\/uploads\/2025\/07\/La_Paloma-029-768x576.jpg 768w, https:\/\/www.askja-on-tour.ch\/wp-content\/uploads\/2025\/07\/La_Paloma-029-1536x1152.jpg 1536w, https:\/\/www.askja-on-tour.ch\/wp-content\/uploads\/2025\/07\/La_Paloma-029.jpg 2048w\" sizes=\"auto, (max-width: 1024px) 100vw, 1024px\" \/> <img loading=\"lazy\" decoding=\"async\" class=\"alignnone size-medium wp-image-27252\" src=\"https:\/\/www.askja-on-tour.ch\/wp-content\/uploads\/2025\/07\/La_Paloma-030-768x1024.jpg\" alt=\"\" width=\"768\" height=\"1024\" srcset=\"https:\/\/www.askja-on-tour.ch\/wp-content\/uploads\/2025\/07\/La_Paloma-030-768x1024.jpg 768w, https:\/\/www.askja-on-tour.ch\/wp-content\/uploads\/2025\/07\/La_Paloma-030-1200x1600.jpg 1200w, https:\/\/www.askja-on-tour.ch\/wp-content\/uploads\/2025\/07\/La_Paloma-030-1152x1536.jpg 1152w, https:\/\/www.askja-on-tour.ch\/wp-content\/uploads\/2025\/07\/La_Paloma-030.jpg 1536w\" sizes=\"auto, (max-width: 768px) 100vw, 768px\" \/> <img loading=\"lazy\" decoding=\"async\" class=\"alignnone size-medium wp-image-27253\" src=\"https:\/\/www.askja-on-tour.ch\/wp-content\/uploads\/2025\/07\/La_Paloma-031-1024x768.jpg\" alt=\"\" width=\"1024\" height=\"768\" srcset=\"https:\/\/www.askja-on-tour.ch\/wp-content\/uploads\/2025\/07\/La_Paloma-031-1024x768.jpg 1024w, https:\/\/www.askja-on-tour.ch\/wp-content\/uploads\/2025\/07\/La_Paloma-031-1600x1200.jpg 1600w, https:\/\/www.askja-on-tour.ch\/wp-content\/uploads\/2025\/07\/La_Paloma-031-768x576.jpg 768w, https:\/\/www.askja-on-tour.ch\/wp-content\/uploads\/2025\/07\/La_Paloma-031-1536x1152.jpg 1536w, https:\/\/www.askja-on-tour.ch\/wp-content\/uploads\/2025\/07\/La_Paloma-031.jpg 2048w\" sizes=\"auto, (max-width: 1024px) 100vw, 1024px\" \/> <img loading=\"lazy\" decoding=\"async\" class=\"alignnone size-medium wp-image-27254\" src=\"https:\/\/www.askja-on-tour.ch\/wp-content\/uploads\/2025\/07\/La_Paloma-032-768x1024.jpg\" alt=\"\" width=\"768\" height=\"1024\" srcset=\"https:\/\/www.askja-on-tour.ch\/wp-content\/uploads\/2025\/07\/La_Paloma-032-768x1024.jpg 768w, https:\/\/www.askja-on-tour.ch\/wp-content\/uploads\/2025\/07\/La_Paloma-032-1200x1600.jpg 1200w, https:\/\/www.askja-on-tour.ch\/wp-content\/uploads\/2025\/07\/La_Paloma-032-1152x1536.jpg 1152w, https:\/\/www.askja-on-tour.ch\/wp-content\/uploads\/2025\/07\/La_Paloma-032.jpg 1536w\" sizes=\"auto, (max-width: 768px) 100vw, 768px\" \/> <img loading=\"lazy\" decoding=\"async\" class=\"alignnone size-medium wp-image-27255\" src=\"https:\/\/www.askja-on-tour.ch\/wp-content\/uploads\/2025\/07\/La_Paloma-033-1024x768.jpg\" alt=\"\" width=\"1024\" height=\"768\" srcset=\"https:\/\/www.askja-on-tour.ch\/wp-content\/uploads\/2025\/07\/La_Paloma-033-1024x768.jpg 1024w, https:\/\/www.askja-on-tour.ch\/wp-content\/uploads\/2025\/07\/La_Paloma-033-1600x1200.jpg 1600w, https:\/\/www.askja-on-tour.ch\/wp-content\/uploads\/2025\/07\/La_Paloma-033-768x576.jpg 768w, https:\/\/www.askja-on-tour.ch\/wp-content\/uploads\/2025\/07\/La_Paloma-033-1536x1152.jpg 1536w, https:\/\/www.askja-on-tour.ch\/wp-content\/uploads\/2025\/07\/La_Paloma-033.jpg 2048w\" sizes=\"auto, (max-width: 1024px) 100vw, 1024px\" \/> <img loading=\"lazy\" decoding=\"async\" class=\"alignnone size-medium wp-image-27256\" src=\"https:\/\/www.askja-on-tour.ch\/wp-content\/uploads\/2025\/07\/La_Paloma-034-1024x768.jpg\" alt=\"\" width=\"1024\" height=\"768\" srcset=\"https:\/\/www.askja-on-tour.ch\/wp-content\/uploads\/2025\/07\/La_Paloma-034-1024x768.jpg 1024w, https:\/\/www.askja-on-tour.ch\/wp-content\/uploads\/2025\/07\/La_Paloma-034-1600x1200.jpg 1600w, https:\/\/www.askja-on-tour.ch\/wp-content\/uploads\/2025\/07\/La_Paloma-034-768x576.jpg 768w, https:\/\/www.askja-on-tour.ch\/wp-content\/uploads\/2025\/07\/La_Paloma-034-1536x1152.jpg 1536w, https:\/\/www.askja-on-tour.ch\/wp-content\/uploads\/2025\/07\/La_Paloma-034.jpg 2048w\" sizes=\"auto, (max-width: 1024px) 100vw, 1024px\" \/><\/p>\n<figure id=\"attachment_27257\" aria-describedby=\"caption-attachment-27257\" style=\"width: 1024px\" class=\"wp-caption alignnone\"><img loading=\"lazy\" decoding=\"async\" class=\"size-medium wp-image-27257\" src=\"https:\/\/www.askja-on-tour.ch\/wp-content\/uploads\/2025\/07\/La_Paloma-035-1024x768.jpg\" alt=\"\" width=\"1024\" height=\"768\" srcset=\"https:\/\/www.askja-on-tour.ch\/wp-content\/uploads\/2025\/07\/La_Paloma-035-1024x768.jpg 1024w, https:\/\/www.askja-on-tour.ch\/wp-content\/uploads\/2025\/07\/La_Paloma-035-1600x1200.jpg 1600w, https:\/\/www.askja-on-tour.ch\/wp-content\/uploads\/2025\/07\/La_Paloma-035-768x576.jpg 768w, https:\/\/www.askja-on-tour.ch\/wp-content\/uploads\/2025\/07\/La_Paloma-035-1536x1152.jpg 1536w, https:\/\/www.askja-on-tour.ch\/wp-content\/uploads\/2025\/07\/La_Paloma-035.jpg 2048w\" sizes=\"auto, (max-width: 1024px) 100vw, 1024px\" \/><figcaption id=\"caption-attachment-27257\" class=\"wp-caption-text\">Sch\u00f6ne Ferienh\u00e4user<\/figcaption><\/figure>\n<p>Morgen fahren wir weiter in den Nationalpark Santa Teresa, ehe es dann am Mittwoch \u00fcber die Grenze in Chuy nach Brasilien geht. Wir sind sehr gespannt, was uns in diesem riesigen Land erwartet.<\/p>\n","protected":false},"excerpt":{"rendered":"<p>Nach einer sch\u00f6nen Zeit in der Schweiz sind wir am 21.07. wieder nach Montevideo gereist und am 22.07. gut angekommen. Am Flughafen wurden wir von Diego abgeholt und zu UY Storage gefahren, wo unsere Askja auf uns wartete und zwischenzeitlich<\/p>\n","protected":false},"author":3,"featured_media":0,"comment_status":"open","ping_status":"closed","sticky":false,"template":"","format":"standard","meta":{"footnotes":""},"categories":[53],"tags":[],"class_list":["post-27219","post","type-post","status-publish","format-standard","hentry","category-uruguay_2025"],"_links":{"self":[{"href":"https:\/\/www.askja-on-tour.ch\/index.php?rest_route=\/wp\/v2\/posts\/27219","targetHints":{"allow":["GET"]}}],"collection":[{"href":"https:\/\/www.askja-on-tour.ch\/index.php?rest_route=\/wp\/v2\/posts"}],"about":[{"href":"https:\/\/www.askja-on-tour.ch\/index.php?rest_route=\/wp\/v2\/types\/post"}],"author":[{"embeddable":true,"href":"https:\/\/www.askja-on-tour.ch\/index.php?rest_route=\/wp\/v2\/users\/3"}],"replies":[{"embeddable":true,"href":"https:\/\/www.askja-on-tour.ch\/index.php?rest_route=%2Fwp%2Fv2%2Fcomments&post=27219"}],"version-history":[{"count":5,"href":"https:\/\/www.askja-on-tour.ch\/index.php?rest_route=\/wp\/v2\/posts\/27219\/revisions"}],"predecessor-version":[{"id":30214,"href":"https:\/\/www.askja-on-tour.ch\/index.php?rest_route=\/wp\/v2\/posts\/27219\/revisions\/30214"}],"wp:attachment":[{"href":"https:\/\/www.askja-on-tour.ch\/index.php?rest_route=%2Fwp%2Fv2%2Fmedia&parent=27219"}],"wp:term":[{"taxonomy":"category","embeddable":true,"href":"https:\/\/www.askja-on-tour.ch\/index.php?rest_route=%2Fwp%2Fv2%2Fcategories&post=27219"},{"taxonomy":"post_tag","embeddable":true,"href":"https:\/\/www.askja-on-tour.ch\/index.php?rest_route=%2Fwp%2Fv2%2Ftags&post=27219"}],"curies":[{"name":"wp","href":"https:\/\/api.w.org\/{rel}","templated":true}]}}