{"id":27096,"date":"2025-05-26T22:43:26","date_gmt":"2025-05-26T22:43:26","guid":{"rendered":"https:\/\/www.askja-on-tour.ch\/?p=27096"},"modified":"2025-07-13T13:55:53","modified_gmt":"2025-07-13T13:55:53","slug":"17-05-27-05-2025-wir-sind-zurueck-im-paraiso-suizo-vorbereitung-fuer-unsere-schweiz-ferien-laeuft","status":"publish","type":"post","link":"https:\/\/www.askja-on-tour.ch\/?p=27096","title":{"rendered":"17.05. &#8211; 27.05.2025: Wir sind zur\u00fcck im Paraiso Suizo &#8211; Vorbereitung f\u00fcr unsere Schweiz-Ferien l\u00e4uft"},"content":{"rendered":"\n<p class=\"wp-block-paragraph\">Von Paysand\u00fa sind wir gem\u00fctlich Richtung Montevideo gefahren. In Nuevo Berl\u00edn haben wir wir die Nacht beim Fussballfeld verbracht. Da wir keine Nacht ohne Strom mehr stehen k\u00f6nnen (unsere Batterien scheinen den Geist ganz aufgegeben zu haben), sind wir immer auf der Suche nach einem Platz mit Strom oder einen Ort, wo wir unseren Generator aufstellen k\u00f6nnen ohne alle anderen zu ver\u00e4rgern. Diesen fanden wir in Nuevo Berl\u00edn. Wir haben einen kleinen Spaziergang durch die Stadt gemacht. Das einzige, was an Deutschland erinnert, ist der Name. Auf unserem Weg durch die Stadt habe ich einen \u00e4lteren Herrn gefragt, ob es noch Deutsche gibt. Seine Antwort: \u201eDer Doktor ist noch Deutscher und evtl. der Pfarrer\u201c \u2013 wir sollen doch einfach mal klopfen (was wir nicht getan haben). Aber sonst spricht niemand mehr Deutsch.<\/p>\n\n\n\n<figure class=\"wp-block-image alignnone size-medium wp-image-27098\"><img loading=\"lazy\" decoding=\"async\" width=\"1024\" height=\"768\" src=\"https:\/\/www.askja-on-tour.ch\/wp-content\/uploads\/2025\/05\/Uruguay_Ende-001-1024x768.jpg\" alt=\"\" class=\"wp-image-27098\" srcset=\"https:\/\/www.askja-on-tour.ch\/wp-content\/uploads\/2025\/05\/Uruguay_Ende-001-1024x768.jpg 1024w, https:\/\/www.askja-on-tour.ch\/wp-content\/uploads\/2025\/05\/Uruguay_Ende-001-1600x1200.jpg 1600w, https:\/\/www.askja-on-tour.ch\/wp-content\/uploads\/2025\/05\/Uruguay_Ende-001-768x576.jpg 768w, https:\/\/www.askja-on-tour.ch\/wp-content\/uploads\/2025\/05\/Uruguay_Ende-001-1536x1152.jpg 1536w, https:\/\/www.askja-on-tour.ch\/wp-content\/uploads\/2025\/05\/Uruguay_Ende-001.jpg 2048w\" sizes=\"auto, (max-width: 1024px) 100vw, 1024px\" \/><figcaption class=\"wp-element-caption\">Unser Stellplatz in Nuovo Berlin &#8211; das Einzige, was an Deutschland erinnert, ist der Name des Ortes.<\/figcaption><\/figure>\n\n\n\n<figure class=\"wp-block-image\"><img loading=\"lazy\" decoding=\"async\" width=\"1024\" height=\"768\" src=\"https:\/\/www.askja-on-tour.ch\/wp-content\/uploads\/2025\/05\/Uruguay_Ende-002-1024x768.jpg\" alt=\"\" class=\"wp-image-27099\" srcset=\"https:\/\/www.askja-on-tour.ch\/wp-content\/uploads\/2025\/05\/Uruguay_Ende-002-1024x768.jpg 1024w, https:\/\/www.askja-on-tour.ch\/wp-content\/uploads\/2025\/05\/Uruguay_Ende-002-1600x1200.jpg 1600w, https:\/\/www.askja-on-tour.ch\/wp-content\/uploads\/2025\/05\/Uruguay_Ende-002-768x576.jpg 768w, https:\/\/www.askja-on-tour.ch\/wp-content\/uploads\/2025\/05\/Uruguay_Ende-002-1536x1152.jpg 1536w, https:\/\/www.askja-on-tour.ch\/wp-content\/uploads\/2025\/05\/Uruguay_Ende-002.jpg 2048w\" sizes=\"auto, (max-width: 1024px) 100vw, 1024px\" \/><\/figure>\n\n\n\n<figure class=\"wp-block-image\"><img loading=\"lazy\" decoding=\"async\" width=\"1024\" height=\"768\" src=\"https:\/\/www.askja-on-tour.ch\/wp-content\/uploads\/2025\/05\/Uruguay_Ende-004-1024x768.jpg\" alt=\"\" class=\"wp-image-27101\" srcset=\"https:\/\/www.askja-on-tour.ch\/wp-content\/uploads\/2025\/05\/Uruguay_Ende-004-1024x768.jpg 1024w, https:\/\/www.askja-on-tour.ch\/wp-content\/uploads\/2025\/05\/Uruguay_Ende-004-1600x1200.jpg 1600w, https:\/\/www.askja-on-tour.ch\/wp-content\/uploads\/2025\/05\/Uruguay_Ende-004-768x576.jpg 768w, https:\/\/www.askja-on-tour.ch\/wp-content\/uploads\/2025\/05\/Uruguay_Ende-004-1536x1152.jpg 1536w, https:\/\/www.askja-on-tour.ch\/wp-content\/uploads\/2025\/05\/Uruguay_Ende-004.jpg 2048w\" sizes=\"auto, (max-width: 1024px) 100vw, 1024px\" \/><\/figure>\n\n\n\n<figure class=\"wp-block-image\"><img loading=\"lazy\" decoding=\"async\" width=\"1024\" height=\"768\" src=\"https:\/\/www.askja-on-tour.ch\/wp-content\/uploads\/2025\/05\/Uruguay_Ende-003-1024x768.jpg\" alt=\"\" class=\"wp-image-27100\" srcset=\"https:\/\/www.askja-on-tour.ch\/wp-content\/uploads\/2025\/05\/Uruguay_Ende-003-1024x768.jpg 1024w, https:\/\/www.askja-on-tour.ch\/wp-content\/uploads\/2025\/05\/Uruguay_Ende-003-1600x1200.jpg 1600w, https:\/\/www.askja-on-tour.ch\/wp-content\/uploads\/2025\/05\/Uruguay_Ende-003-768x576.jpg 768w, https:\/\/www.askja-on-tour.ch\/wp-content\/uploads\/2025\/05\/Uruguay_Ende-003-1536x1152.jpg 1536w, https:\/\/www.askja-on-tour.ch\/wp-content\/uploads\/2025\/05\/Uruguay_Ende-003.jpg 2048w\" sizes=\"auto, (max-width: 1024px) 100vw, 1024px\" \/><\/figure>\n\n\n\n<figure class=\"wp-block-image\"><img loading=\"lazy\" decoding=\"async\" width=\"1024\" height=\"768\" src=\"https:\/\/www.askja-on-tour.ch\/wp-content\/uploads\/2025\/05\/Uruguay_Ende-007-1024x768.jpg\" alt=\"\" class=\"wp-image-27104\" srcset=\"https:\/\/www.askja-on-tour.ch\/wp-content\/uploads\/2025\/05\/Uruguay_Ende-007-1024x768.jpg 1024w, https:\/\/www.askja-on-tour.ch\/wp-content\/uploads\/2025\/05\/Uruguay_Ende-007-1600x1200.jpg 1600w, https:\/\/www.askja-on-tour.ch\/wp-content\/uploads\/2025\/05\/Uruguay_Ende-007-768x576.jpg 768w, https:\/\/www.askja-on-tour.ch\/wp-content\/uploads\/2025\/05\/Uruguay_Ende-007-1536x1152.jpg 1536w, https:\/\/www.askja-on-tour.ch\/wp-content\/uploads\/2025\/05\/Uruguay_Ende-007.jpg 2048w\" sizes=\"auto, (max-width: 1024px) 100vw, 1024px\" \/><\/figure>\n\n\n\n<figure class=\"wp-block-image\"><img loading=\"lazy\" decoding=\"async\" width=\"1024\" height=\"768\" src=\"https:\/\/www.askja-on-tour.ch\/wp-content\/uploads\/2025\/05\/Uruguay_Ende-006-1024x768.jpg\" alt=\"\" class=\"wp-image-27103\" srcset=\"https:\/\/www.askja-on-tour.ch\/wp-content\/uploads\/2025\/05\/Uruguay_Ende-006-1024x768.jpg 1024w, https:\/\/www.askja-on-tour.ch\/wp-content\/uploads\/2025\/05\/Uruguay_Ende-006-1600x1200.jpg 1600w, https:\/\/www.askja-on-tour.ch\/wp-content\/uploads\/2025\/05\/Uruguay_Ende-006-768x576.jpg 768w, https:\/\/www.askja-on-tour.ch\/wp-content\/uploads\/2025\/05\/Uruguay_Ende-006-1536x1152.jpg 1536w, https:\/\/www.askja-on-tour.ch\/wp-content\/uploads\/2025\/05\/Uruguay_Ende-006.jpg 2048w\" sizes=\"auto, (max-width: 1024px) 100vw, 1024px\" \/><\/figure>\n\n\n\n<figure class=\"wp-block-image\"><img loading=\"lazy\" decoding=\"async\" width=\"1024\" height=\"768\" src=\"https:\/\/www.askja-on-tour.ch\/wp-content\/uploads\/2025\/05\/Uruguay_Ende-005-1024x768.jpg\" alt=\"\" class=\"wp-image-27102\" srcset=\"https:\/\/www.askja-on-tour.ch\/wp-content\/uploads\/2025\/05\/Uruguay_Ende-005-1024x768.jpg 1024w, https:\/\/www.askja-on-tour.ch\/wp-content\/uploads\/2025\/05\/Uruguay_Ende-005-1600x1200.jpg 1600w, https:\/\/www.askja-on-tour.ch\/wp-content\/uploads\/2025\/05\/Uruguay_Ende-005-768x576.jpg 768w, https:\/\/www.askja-on-tour.ch\/wp-content\/uploads\/2025\/05\/Uruguay_Ende-005-1536x1152.jpg 1536w, https:\/\/www.askja-on-tour.ch\/wp-content\/uploads\/2025\/05\/Uruguay_Ende-005.jpg 2048w\" sizes=\"auto, (max-width: 1024px) 100vw, 1024px\" \/><\/figure>\n\n\n\n<figure class=\"wp-block-image\"><img loading=\"lazy\" decoding=\"async\" width=\"1024\" height=\"768\" src=\"https:\/\/www.askja-on-tour.ch\/wp-content\/uploads\/2025\/05\/Uruguay_Ende-009-1024x768.jpg\" alt=\"\" class=\"wp-image-27106\" srcset=\"https:\/\/www.askja-on-tour.ch\/wp-content\/uploads\/2025\/05\/Uruguay_Ende-009-1024x768.jpg 1024w, https:\/\/www.askja-on-tour.ch\/wp-content\/uploads\/2025\/05\/Uruguay_Ende-009-1600x1200.jpg 1600w, https:\/\/www.askja-on-tour.ch\/wp-content\/uploads\/2025\/05\/Uruguay_Ende-009-768x576.jpg 768w, https:\/\/www.askja-on-tour.ch\/wp-content\/uploads\/2025\/05\/Uruguay_Ende-009-1536x1152.jpg 1536w, https:\/\/www.askja-on-tour.ch\/wp-content\/uploads\/2025\/05\/Uruguay_Ende-009.jpg 2048w\" sizes=\"auto, (max-width: 1024px) 100vw, 1024px\" \/><\/figure>\n\n\n\n<figure class=\"wp-block-image\"><img loading=\"lazy\" decoding=\"async\" width=\"1024\" height=\"768\" src=\"https:\/\/www.askja-on-tour.ch\/wp-content\/uploads\/2025\/05\/Uruguay_Ende-008-1024x768.jpg\" alt=\"\" class=\"wp-image-27105\" srcset=\"https:\/\/www.askja-on-tour.ch\/wp-content\/uploads\/2025\/05\/Uruguay_Ende-008-1024x768.jpg 1024w, https:\/\/www.askja-on-tour.ch\/wp-content\/uploads\/2025\/05\/Uruguay_Ende-008-1600x1200.jpg 1600w, https:\/\/www.askja-on-tour.ch\/wp-content\/uploads\/2025\/05\/Uruguay_Ende-008-768x576.jpg 768w, https:\/\/www.askja-on-tour.ch\/wp-content\/uploads\/2025\/05\/Uruguay_Ende-008-1536x1152.jpg 1536w, https:\/\/www.askja-on-tour.ch\/wp-content\/uploads\/2025\/05\/Uruguay_Ende-008.jpg 2048w\" sizes=\"auto, (max-width: 1024px) 100vw, 1024px\" \/><\/figure>\n\n\n\n<figure class=\"wp-block-image\"><img loading=\"lazy\" decoding=\"async\" width=\"1024\" height=\"768\" src=\"https:\/\/www.askja-on-tour.ch\/wp-content\/uploads\/2025\/05\/Uruguay_Ende-011-1024x768.jpg\" alt=\"\" class=\"wp-image-27108\" srcset=\"https:\/\/www.askja-on-tour.ch\/wp-content\/uploads\/2025\/05\/Uruguay_Ende-011-1024x768.jpg 1024w, https:\/\/www.askja-on-tour.ch\/wp-content\/uploads\/2025\/05\/Uruguay_Ende-011-1600x1200.jpg 1600w, https:\/\/www.askja-on-tour.ch\/wp-content\/uploads\/2025\/05\/Uruguay_Ende-011-768x576.jpg 768w, https:\/\/www.askja-on-tour.ch\/wp-content\/uploads\/2025\/05\/Uruguay_Ende-011-1536x1152.jpg 1536w, https:\/\/www.askja-on-tour.ch\/wp-content\/uploads\/2025\/05\/Uruguay_Ende-011.jpg 2048w\" sizes=\"auto, (max-width: 1024px) 100vw, 1024px\" \/><\/figure>\n\n\n\n<figure class=\"wp-block-image\"><img loading=\"lazy\" decoding=\"async\" width=\"1024\" height=\"768\" src=\"https:\/\/www.askja-on-tour.ch\/wp-content\/uploads\/2025\/05\/Uruguay_Ende-010-1024x768.jpg\" alt=\"\" class=\"wp-image-27107\" srcset=\"https:\/\/www.askja-on-tour.ch\/wp-content\/uploads\/2025\/05\/Uruguay_Ende-010-1024x768.jpg 1024w, https:\/\/www.askja-on-tour.ch\/wp-content\/uploads\/2025\/05\/Uruguay_Ende-010-1600x1200.jpg 1600w, https:\/\/www.askja-on-tour.ch\/wp-content\/uploads\/2025\/05\/Uruguay_Ende-010-768x576.jpg 768w, https:\/\/www.askja-on-tour.ch\/wp-content\/uploads\/2025\/05\/Uruguay_Ende-010-1536x1152.jpg 1536w, https:\/\/www.askja-on-tour.ch\/wp-content\/uploads\/2025\/05\/Uruguay_Ende-010.jpg 2048w\" sizes=\"auto, (max-width: 1024px) 100vw, 1024px\" \/><\/figure>\n\n\n\n<figure class=\"wp-block-image\"><img loading=\"lazy\" decoding=\"async\" width=\"1024\" height=\"768\" src=\"https:\/\/www.askja-on-tour.ch\/wp-content\/uploads\/2025\/05\/Uruguay_Ende-012-1024x768.jpg\" alt=\"\" class=\"wp-image-27109\" srcset=\"https:\/\/www.askja-on-tour.ch\/wp-content\/uploads\/2025\/05\/Uruguay_Ende-012-1024x768.jpg 1024w, https:\/\/www.askja-on-tour.ch\/wp-content\/uploads\/2025\/05\/Uruguay_Ende-012-1600x1200.jpg 1600w, https:\/\/www.askja-on-tour.ch\/wp-content\/uploads\/2025\/05\/Uruguay_Ende-012-768x576.jpg 768w, https:\/\/www.askja-on-tour.ch\/wp-content\/uploads\/2025\/05\/Uruguay_Ende-012-1536x1152.jpg 1536w, https:\/\/www.askja-on-tour.ch\/wp-content\/uploads\/2025\/05\/Uruguay_Ende-012.jpg 2048w\" sizes=\"auto, (max-width: 1024px) 100vw, 1024px\" \/><\/figure>\n\n\n\n<figure class=\"wp-block-image\"><img loading=\"lazy\" decoding=\"async\" width=\"1024\" height=\"768\" src=\"https:\/\/www.askja-on-tour.ch\/wp-content\/uploads\/2025\/05\/Uruguay_Ende-013-1024x768.jpg\" alt=\"\" class=\"wp-image-27110\" srcset=\"https:\/\/www.askja-on-tour.ch\/wp-content\/uploads\/2025\/05\/Uruguay_Ende-013-1024x768.jpg 1024w, https:\/\/www.askja-on-tour.ch\/wp-content\/uploads\/2025\/05\/Uruguay_Ende-013-1600x1200.jpg 1600w, https:\/\/www.askja-on-tour.ch\/wp-content\/uploads\/2025\/05\/Uruguay_Ende-013-768x576.jpg 768w, https:\/\/www.askja-on-tour.ch\/wp-content\/uploads\/2025\/05\/Uruguay_Ende-013-1536x1152.jpg 1536w, https:\/\/www.askja-on-tour.ch\/wp-content\/uploads\/2025\/05\/Uruguay_Ende-013.jpg 2048w\" sizes=\"auto, (max-width: 1024px) 100vw, 1024px\" \/><\/figure>\n\n\n\n<figure class=\"wp-block-image\"><img loading=\"lazy\" decoding=\"async\" width=\"1024\" height=\"768\" src=\"https:\/\/www.askja-on-tour.ch\/wp-content\/uploads\/2025\/05\/Uruguay_Ende-014-1024x768.jpg\" alt=\"\" class=\"wp-image-27111\" srcset=\"https:\/\/www.askja-on-tour.ch\/wp-content\/uploads\/2025\/05\/Uruguay_Ende-014-1024x768.jpg 1024w, https:\/\/www.askja-on-tour.ch\/wp-content\/uploads\/2025\/05\/Uruguay_Ende-014-1600x1200.jpg 1600w, https:\/\/www.askja-on-tour.ch\/wp-content\/uploads\/2025\/05\/Uruguay_Ende-014-768x576.jpg 768w, https:\/\/www.askja-on-tour.ch\/wp-content\/uploads\/2025\/05\/Uruguay_Ende-014-1536x1152.jpg 1536w, https:\/\/www.askja-on-tour.ch\/wp-content\/uploads\/2025\/05\/Uruguay_Ende-014.jpg 2048w\" sizes=\"auto, (max-width: 1024px) 100vw, 1024px\" \/><\/figure>\n\n\n\n<p class=\"wp-block-paragraph\"><\/p>\n\n\n\n<figure class=\"wp-block-image alignnone size-medium wp-image-27112\"><img loading=\"lazy\" decoding=\"async\" width=\"768\" height=\"1024\" src=\"https:\/\/www.askja-on-tour.ch\/wp-content\/uploads\/2025\/05\/Uruguay_Ende-015-768x1024.jpg\" alt=\"\" class=\"wp-image-27112\" srcset=\"https:\/\/www.askja-on-tour.ch\/wp-content\/uploads\/2025\/05\/Uruguay_Ende-015-768x1024.jpg 768w, https:\/\/www.askja-on-tour.ch\/wp-content\/uploads\/2025\/05\/Uruguay_Ende-015-1200x1600.jpg 1200w, https:\/\/www.askja-on-tour.ch\/wp-content\/uploads\/2025\/05\/Uruguay_Ende-015-1152x1536.jpg 1152w, https:\/\/www.askja-on-tour.ch\/wp-content\/uploads\/2025\/05\/Uruguay_Ende-015.jpg 1536w\" sizes=\"auto, (max-width: 768px) 100vw, 768px\" \/><figcaption class=\"wp-element-caption\">Denkmal f\u00fcr Landarbeiter<\/figcaption><\/figure>\n\n\n\n<figure class=\"wp-block-image\"><img loading=\"lazy\" decoding=\"async\" width=\"1024\" height=\"768\" src=\"https:\/\/www.askja-on-tour.ch\/wp-content\/uploads\/2025\/05\/Uruguay_Ende-016-1024x768.jpg\" alt=\"\" class=\"wp-image-27113\" srcset=\"https:\/\/www.askja-on-tour.ch\/wp-content\/uploads\/2025\/05\/Uruguay_Ende-016-1024x768.jpg 1024w, https:\/\/www.askja-on-tour.ch\/wp-content\/uploads\/2025\/05\/Uruguay_Ende-016-1600x1200.jpg 1600w, https:\/\/www.askja-on-tour.ch\/wp-content\/uploads\/2025\/05\/Uruguay_Ende-016-768x576.jpg 768w, https:\/\/www.askja-on-tour.ch\/wp-content\/uploads\/2025\/05\/Uruguay_Ende-016-1536x1152.jpg 1536w, https:\/\/www.askja-on-tour.ch\/wp-content\/uploads\/2025\/05\/Uruguay_Ende-016.jpg 2048w\" sizes=\"auto, (max-width: 1024px) 100vw, 1024px\" \/><\/figure>\n\n\n\n<figure class=\"wp-block-image\"><img loading=\"lazy\" decoding=\"async\" width=\"1024\" height=\"768\" src=\"https:\/\/www.askja-on-tour.ch\/wp-content\/uploads\/2025\/05\/Uruguay_Ende-017-1024x768.jpg\" alt=\"\" class=\"wp-image-27114\" srcset=\"https:\/\/www.askja-on-tour.ch\/wp-content\/uploads\/2025\/05\/Uruguay_Ende-017-1024x768.jpg 1024w, https:\/\/www.askja-on-tour.ch\/wp-content\/uploads\/2025\/05\/Uruguay_Ende-017-1600x1200.jpg 1600w, https:\/\/www.askja-on-tour.ch\/wp-content\/uploads\/2025\/05\/Uruguay_Ende-017-768x576.jpg 768w, https:\/\/www.askja-on-tour.ch\/wp-content\/uploads\/2025\/05\/Uruguay_Ende-017-1536x1152.jpg 1536w, https:\/\/www.askja-on-tour.ch\/wp-content\/uploads\/2025\/05\/Uruguay_Ende-017.jpg 2048w\" sizes=\"auto, (max-width: 1024px) 100vw, 1024px\" \/><\/figure>\n\n\n\n<figure class=\"wp-block-image\"><img loading=\"lazy\" decoding=\"async\" width=\"1024\" height=\"768\" src=\"https:\/\/www.askja-on-tour.ch\/wp-content\/uploads\/2025\/05\/Uruguay_Ende-018-1024x768.jpg\" alt=\"\" class=\"wp-image-27115\" srcset=\"https:\/\/www.askja-on-tour.ch\/wp-content\/uploads\/2025\/05\/Uruguay_Ende-018-1024x768.jpg 1024w, https:\/\/www.askja-on-tour.ch\/wp-content\/uploads\/2025\/05\/Uruguay_Ende-018-1600x1200.jpg 1600w, https:\/\/www.askja-on-tour.ch\/wp-content\/uploads\/2025\/05\/Uruguay_Ende-018-768x576.jpg 768w, https:\/\/www.askja-on-tour.ch\/wp-content\/uploads\/2025\/05\/Uruguay_Ende-018-1536x1152.jpg 1536w, https:\/\/www.askja-on-tour.ch\/wp-content\/uploads\/2025\/05\/Uruguay_Ende-018.jpg 2048w\" sizes=\"auto, (max-width: 1024px) 100vw, 1024px\" \/><\/figure>\n\n\n\n<figure class=\"wp-block-image\"><img loading=\"lazy\" decoding=\"async\" width=\"768\" height=\"1024\" src=\"https:\/\/www.askja-on-tour.ch\/wp-content\/uploads\/2025\/05\/Uruguay_Ende-019-768x1024.jpg\" alt=\"\" class=\"wp-image-27116\" srcset=\"https:\/\/www.askja-on-tour.ch\/wp-content\/uploads\/2025\/05\/Uruguay_Ende-019-768x1024.jpg 768w, https:\/\/www.askja-on-tour.ch\/wp-content\/uploads\/2025\/05\/Uruguay_Ende-019-1200x1600.jpg 1200w, https:\/\/www.askja-on-tour.ch\/wp-content\/uploads\/2025\/05\/Uruguay_Ende-019-1152x1536.jpg 1152w, https:\/\/www.askja-on-tour.ch\/wp-content\/uploads\/2025\/05\/Uruguay_Ende-019.jpg 1536w\" sizes=\"auto, (max-width: 768px) 100vw, 768px\" \/><\/figure>\n\n\n\n<figure class=\"wp-block-image\"><img loading=\"lazy\" decoding=\"async\" width=\"768\" height=\"1024\" src=\"https:\/\/www.askja-on-tour.ch\/wp-content\/uploads\/2025\/05\/Uruguay_Ende-020-768x1024.jpg\" alt=\"\" class=\"wp-image-27117\" srcset=\"https:\/\/www.askja-on-tour.ch\/wp-content\/uploads\/2025\/05\/Uruguay_Ende-020-768x1024.jpg 768w, https:\/\/www.askja-on-tour.ch\/wp-content\/uploads\/2025\/05\/Uruguay_Ende-020-1200x1600.jpg 1200w, https:\/\/www.askja-on-tour.ch\/wp-content\/uploads\/2025\/05\/Uruguay_Ende-020-1152x1536.jpg 1152w, https:\/\/www.askja-on-tour.ch\/wp-content\/uploads\/2025\/05\/Uruguay_Ende-020.jpg 1536w\" sizes=\"auto, (max-width: 768px) 100vw, 768px\" \/><\/figure>\n\n\n\n<figure class=\"wp-block-image\"><img loading=\"lazy\" decoding=\"async\" width=\"1024\" height=\"768\" src=\"https:\/\/www.askja-on-tour.ch\/wp-content\/uploads\/2025\/05\/Uruguay_Ende-021-1024x768.jpg\" alt=\"\" class=\"wp-image-27118\" srcset=\"https:\/\/www.askja-on-tour.ch\/wp-content\/uploads\/2025\/05\/Uruguay_Ende-021-1024x768.jpg 1024w, https:\/\/www.askja-on-tour.ch\/wp-content\/uploads\/2025\/05\/Uruguay_Ende-021-1600x1200.jpg 1600w, https:\/\/www.askja-on-tour.ch\/wp-content\/uploads\/2025\/05\/Uruguay_Ende-021-768x576.jpg 768w, https:\/\/www.askja-on-tour.ch\/wp-content\/uploads\/2025\/05\/Uruguay_Ende-021-1536x1152.jpg 1536w, https:\/\/www.askja-on-tour.ch\/wp-content\/uploads\/2025\/05\/Uruguay_Ende-021.jpg 2048w\" sizes=\"auto, (max-width: 1024px) 100vw, 1024px\" \/><\/figure>\n\n\n\n<figure class=\"wp-block-image\"><img loading=\"lazy\" decoding=\"async\" width=\"1024\" height=\"768\" src=\"https:\/\/www.askja-on-tour.ch\/wp-content\/uploads\/2025\/05\/Uruguay_Ende-022-1024x768.jpg\" alt=\"\" class=\"wp-image-27119\" srcset=\"https:\/\/www.askja-on-tour.ch\/wp-content\/uploads\/2025\/05\/Uruguay_Ende-022-1024x768.jpg 1024w, https:\/\/www.askja-on-tour.ch\/wp-content\/uploads\/2025\/05\/Uruguay_Ende-022-1600x1200.jpg 1600w, https:\/\/www.askja-on-tour.ch\/wp-content\/uploads\/2025\/05\/Uruguay_Ende-022-768x576.jpg 768w, https:\/\/www.askja-on-tour.ch\/wp-content\/uploads\/2025\/05\/Uruguay_Ende-022-1536x1152.jpg 1536w, https:\/\/www.askja-on-tour.ch\/wp-content\/uploads\/2025\/05\/Uruguay_Ende-022.jpg 2048w\" sizes=\"auto, (max-width: 1024px) 100vw, 1024px\" \/><\/figure>\n\n\n\n<p class=\"wp-block-paragraph\"><\/p>\n\n\n\n<p class=\"wp-block-paragraph\">Am n\u00e4chsten Tag fuhren wir weiter nach Colonia del Sacramento, das 1680 im Auftrag von Portugal gegr\u00fcndet wurde. Auf dem Weg nach Colonia hatte es gegossen wie aus K\u00fcbeln. An einer Stelle hatte es so tief Wasser auf der Fahrbahn, dass zwei PWs von der Strasse abkamen und im Graben standen.<\/p>\n\n\n\n<figure class=\"wp-block-image alignnone size-medium wp-image-27124\"><img loading=\"lazy\" decoding=\"async\" width=\"1024\" height=\"768\" src=\"https:\/\/www.askja-on-tour.ch\/wp-content\/uploads\/2025\/05\/Uruguay_Ende-027-1024x768.jpg\" alt=\"\" class=\"wp-image-27124\" srcset=\"https:\/\/www.askja-on-tour.ch\/wp-content\/uploads\/2025\/05\/Uruguay_Ende-027-1024x768.jpg 1024w, https:\/\/www.askja-on-tour.ch\/wp-content\/uploads\/2025\/05\/Uruguay_Ende-027-1600x1200.jpg 1600w, https:\/\/www.askja-on-tour.ch\/wp-content\/uploads\/2025\/05\/Uruguay_Ende-027-768x576.jpg 768w, https:\/\/www.askja-on-tour.ch\/wp-content\/uploads\/2025\/05\/Uruguay_Ende-027-1536x1152.jpg 1536w, https:\/\/www.askja-on-tour.ch\/wp-content\/uploads\/2025\/05\/Uruguay_Ende-027.jpg 2048w\" sizes=\"auto, (max-width: 1024px) 100vw, 1024px\" \/><figcaption class=\"wp-element-caption\">Sturzbachartige Regenf\u00e4lle<\/figcaption><\/figure>\n\n\n\n<figure class=\"wp-block-image\"><img loading=\"lazy\" decoding=\"async\" width=\"1024\" height=\"768\" src=\"https:\/\/www.askja-on-tour.ch\/wp-content\/uploads\/2025\/05\/Uruguay_Ende-028-1024x768.jpg\" alt=\"\" class=\"wp-image-27125\" srcset=\"https:\/\/www.askja-on-tour.ch\/wp-content\/uploads\/2025\/05\/Uruguay_Ende-028-1024x768.jpg 1024w, https:\/\/www.askja-on-tour.ch\/wp-content\/uploads\/2025\/05\/Uruguay_Ende-028-1600x1200.jpg 1600w, https:\/\/www.askja-on-tour.ch\/wp-content\/uploads\/2025\/05\/Uruguay_Ende-028-768x576.jpg 768w, https:\/\/www.askja-on-tour.ch\/wp-content\/uploads\/2025\/05\/Uruguay_Ende-028-1536x1152.jpg 1536w, https:\/\/www.askja-on-tour.ch\/wp-content\/uploads\/2025\/05\/Uruguay_Ende-028.jpg 2048w\" sizes=\"auto, (max-width: 1024px) 100vw, 1024px\" \/><\/figure>\n\n\n\n<figure class=\"wp-block-image\"><img loading=\"lazy\" decoding=\"async\" width=\"1024\" height=\"768\" src=\"https:\/\/www.askja-on-tour.ch\/wp-content\/uploads\/2025\/05\/Uruguay_Ende-029-1024x768.jpg\" alt=\"\" class=\"wp-image-27126\" srcset=\"https:\/\/www.askja-on-tour.ch\/wp-content\/uploads\/2025\/05\/Uruguay_Ende-029-1024x768.jpg 1024w, https:\/\/www.askja-on-tour.ch\/wp-content\/uploads\/2025\/05\/Uruguay_Ende-029-1600x1200.jpg 1600w, https:\/\/www.askja-on-tour.ch\/wp-content\/uploads\/2025\/05\/Uruguay_Ende-029-768x576.jpg 768w, https:\/\/www.askja-on-tour.ch\/wp-content\/uploads\/2025\/05\/Uruguay_Ende-029-1536x1152.jpg 1536w, https:\/\/www.askja-on-tour.ch\/wp-content\/uploads\/2025\/05\/Uruguay_Ende-029.jpg 2048w\" sizes=\"auto, (max-width: 1024px) 100vw, 1024px\" \/><\/figure>\n\n\n\n<figure class=\"wp-block-image\"><img loading=\"lazy\" decoding=\"async\" width=\"1024\" height=\"768\" src=\"https:\/\/www.askja-on-tour.ch\/wp-content\/uploads\/2025\/05\/Uruguay_Ende-030-1024x768.jpg\" alt=\"\" class=\"wp-image-27127\" srcset=\"https:\/\/www.askja-on-tour.ch\/wp-content\/uploads\/2025\/05\/Uruguay_Ende-030-1024x768.jpg 1024w, https:\/\/www.askja-on-tour.ch\/wp-content\/uploads\/2025\/05\/Uruguay_Ende-030-1600x1200.jpg 1600w, https:\/\/www.askja-on-tour.ch\/wp-content\/uploads\/2025\/05\/Uruguay_Ende-030-768x576.jpg 768w, https:\/\/www.askja-on-tour.ch\/wp-content\/uploads\/2025\/05\/Uruguay_Ende-030-1536x1152.jpg 1536w, https:\/\/www.askja-on-tour.ch\/wp-content\/uploads\/2025\/05\/Uruguay_Ende-030.jpg 2048w\" sizes=\"auto, (max-width: 1024px) 100vw, 1024px\" \/><\/figure>\n\n\n\n<p class=\"wp-block-paragraph\"><\/p>\n\n\n\n<p class=\"wp-block-paragraph\">Colonia del Sacramento hat eine sehr sch\u00f6ne und gut erhaltene Altstadt, die uns sehr gut gefallen hat.<\/p>\n\n\n\n<figure class=\"wp-block-image alignnone size-medium wp-image-27128\"><img loading=\"lazy\" decoding=\"async\" width=\"1024\" height=\"769\" src=\"https:\/\/www.askja-on-tour.ch\/wp-content\/uploads\/2025\/05\/Uruguay_Ende-031-1024x769.jpg\" alt=\"\" class=\"wp-image-27128\" srcset=\"https:\/\/www.askja-on-tour.ch\/wp-content\/uploads\/2025\/05\/Uruguay_Ende-031-1024x769.jpg 1024w, https:\/\/www.askja-on-tour.ch\/wp-content\/uploads\/2025\/05\/Uruguay_Ende-031-1600x1201.jpg 1600w, https:\/\/www.askja-on-tour.ch\/wp-content\/uploads\/2025\/05\/Uruguay_Ende-031-768x576.jpg 768w, https:\/\/www.askja-on-tour.ch\/wp-content\/uploads\/2025\/05\/Uruguay_Ende-031-1536x1153.jpg 1536w, https:\/\/www.askja-on-tour.ch\/wp-content\/uploads\/2025\/05\/Uruguay_Ende-031.jpg 2048w\" sizes=\"auto, (max-width: 1024px) 100vw, 1024px\" \/><figcaption class=\"wp-element-caption\">Colonia del Sacramento<\/figcaption><\/figure>\n\n\n\n<figure class=\"wp-block-image\"><img loading=\"lazy\" decoding=\"async\" width=\"1024\" height=\"769\" src=\"https:\/\/www.askja-on-tour.ch\/wp-content\/uploads\/2025\/05\/Uruguay_Ende-032-1024x769.jpg\" alt=\"\" class=\"wp-image-27129\" srcset=\"https:\/\/www.askja-on-tour.ch\/wp-content\/uploads\/2025\/05\/Uruguay_Ende-032-1024x769.jpg 1024w, https:\/\/www.askja-on-tour.ch\/wp-content\/uploads\/2025\/05\/Uruguay_Ende-032-1600x1201.jpg 1600w, https:\/\/www.askja-on-tour.ch\/wp-content\/uploads\/2025\/05\/Uruguay_Ende-032-768x576.jpg 768w, https:\/\/www.askja-on-tour.ch\/wp-content\/uploads\/2025\/05\/Uruguay_Ende-032-1536x1153.jpg 1536w, https:\/\/www.askja-on-tour.ch\/wp-content\/uploads\/2025\/05\/Uruguay_Ende-032.jpg 2048w\" sizes=\"auto, (max-width: 1024px) 100vw, 1024px\" \/><\/figure>\n\n\n\n<figure class=\"wp-block-image\"><img loading=\"lazy\" decoding=\"async\" width=\"1024\" height=\"769\" src=\"https:\/\/www.askja-on-tour.ch\/wp-content\/uploads\/2025\/05\/Uruguay_Ende-034-1024x769.jpg\" alt=\"\" class=\"wp-image-27130\" srcset=\"https:\/\/www.askja-on-tour.ch\/wp-content\/uploads\/2025\/05\/Uruguay_Ende-034-1024x769.jpg 1024w, https:\/\/www.askja-on-tour.ch\/wp-content\/uploads\/2025\/05\/Uruguay_Ende-034-1600x1201.jpg 1600w, https:\/\/www.askja-on-tour.ch\/wp-content\/uploads\/2025\/05\/Uruguay_Ende-034-768x576.jpg 768w, https:\/\/www.askja-on-tour.ch\/wp-content\/uploads\/2025\/05\/Uruguay_Ende-034-1536x1153.jpg 1536w, https:\/\/www.askja-on-tour.ch\/wp-content\/uploads\/2025\/05\/Uruguay_Ende-034.jpg 2048w\" sizes=\"auto, (max-width: 1024px) 100vw, 1024px\" \/><\/figure>\n\n\n\n<figure class=\"wp-block-image\"><img loading=\"lazy\" decoding=\"async\" width=\"1024\" height=\"769\" src=\"https:\/\/www.askja-on-tour.ch\/wp-content\/uploads\/2025\/05\/Uruguay_Ende-035-1024x769.jpg\" alt=\"\" class=\"wp-image-27131\" srcset=\"https:\/\/www.askja-on-tour.ch\/wp-content\/uploads\/2025\/05\/Uruguay_Ende-035-1024x769.jpg 1024w, https:\/\/www.askja-on-tour.ch\/wp-content\/uploads\/2025\/05\/Uruguay_Ende-035-1600x1201.jpg 1600w, https:\/\/www.askja-on-tour.ch\/wp-content\/uploads\/2025\/05\/Uruguay_Ende-035-768x576.jpg 768w, https:\/\/www.askja-on-tour.ch\/wp-content\/uploads\/2025\/05\/Uruguay_Ende-035-1536x1153.jpg 1536w, https:\/\/www.askja-on-tour.ch\/wp-content\/uploads\/2025\/05\/Uruguay_Ende-035.jpg 2048w\" sizes=\"auto, (max-width: 1024px) 100vw, 1024px\" \/><\/figure>\n\n\n\n<figure class=\"wp-block-image\"><img loading=\"lazy\" decoding=\"async\" width=\"1024\" height=\"769\" src=\"https:\/\/www.askja-on-tour.ch\/wp-content\/uploads\/2025\/05\/Uruguay_Ende-036-1024x769.jpg\" alt=\"\" class=\"wp-image-27132\" srcset=\"https:\/\/www.askja-on-tour.ch\/wp-content\/uploads\/2025\/05\/Uruguay_Ende-036-1024x769.jpg 1024w, https:\/\/www.askja-on-tour.ch\/wp-content\/uploads\/2025\/05\/Uruguay_Ende-036-1600x1201.jpg 1600w, https:\/\/www.askja-on-tour.ch\/wp-content\/uploads\/2025\/05\/Uruguay_Ende-036-768x576.jpg 768w, https:\/\/www.askja-on-tour.ch\/wp-content\/uploads\/2025\/05\/Uruguay_Ende-036-1536x1153.jpg 1536w, https:\/\/www.askja-on-tour.ch\/wp-content\/uploads\/2025\/05\/Uruguay_Ende-036.jpg 2048w\" sizes=\"auto, (max-width: 1024px) 100vw, 1024px\" \/><\/figure>\n\n\n\n<figure class=\"wp-block-image\"><img loading=\"lazy\" decoding=\"async\" width=\"1024\" height=\"769\" src=\"https:\/\/www.askja-on-tour.ch\/wp-content\/uploads\/2025\/05\/Uruguay_Ende-037-1024x769.jpg\" alt=\"\" class=\"wp-image-27133\" srcset=\"https:\/\/www.askja-on-tour.ch\/wp-content\/uploads\/2025\/05\/Uruguay_Ende-037-1024x769.jpg 1024w, https:\/\/www.askja-on-tour.ch\/wp-content\/uploads\/2025\/05\/Uruguay_Ende-037-1600x1201.jpg 1600w, https:\/\/www.askja-on-tour.ch\/wp-content\/uploads\/2025\/05\/Uruguay_Ende-037-768x576.jpg 768w, https:\/\/www.askja-on-tour.ch\/wp-content\/uploads\/2025\/05\/Uruguay_Ende-037-1536x1153.jpg 1536w, https:\/\/www.askja-on-tour.ch\/wp-content\/uploads\/2025\/05\/Uruguay_Ende-037.jpg 2048w\" sizes=\"auto, (max-width: 1024px) 100vw, 1024px\" \/><\/figure>\n\n\n\n<figure class=\"wp-block-image\"><img loading=\"lazy\" decoding=\"async\" width=\"1024\" height=\"769\" src=\"https:\/\/www.askja-on-tour.ch\/wp-content\/uploads\/2025\/05\/Uruguay_Ende-038-1024x769.jpg\" alt=\"\" class=\"wp-image-27134\" srcset=\"https:\/\/www.askja-on-tour.ch\/wp-content\/uploads\/2025\/05\/Uruguay_Ende-038-1024x769.jpg 1024w, https:\/\/www.askja-on-tour.ch\/wp-content\/uploads\/2025\/05\/Uruguay_Ende-038-1600x1201.jpg 1600w, https:\/\/www.askja-on-tour.ch\/wp-content\/uploads\/2025\/05\/Uruguay_Ende-038-768x576.jpg 768w, https:\/\/www.askja-on-tour.ch\/wp-content\/uploads\/2025\/05\/Uruguay_Ende-038-1536x1153.jpg 1536w, https:\/\/www.askja-on-tour.ch\/wp-content\/uploads\/2025\/05\/Uruguay_Ende-038.jpg 2048w\" sizes=\"auto, (max-width: 1024px) 100vw, 1024px\" \/><\/figure>\n\n\n\n<figure class=\"wp-block-image\"><img loading=\"lazy\" decoding=\"async\" width=\"769\" height=\"1024\" src=\"https:\/\/www.askja-on-tour.ch\/wp-content\/uploads\/2025\/05\/Uruguay_Ende-040-769x1024.jpg\" alt=\"\" class=\"wp-image-27136\" srcset=\"https:\/\/www.askja-on-tour.ch\/wp-content\/uploads\/2025\/05\/Uruguay_Ende-040-769x1024.jpg 769w, https:\/\/www.askja-on-tour.ch\/wp-content\/uploads\/2025\/05\/Uruguay_Ende-040-1201x1600.jpg 1201w, https:\/\/www.askja-on-tour.ch\/wp-content\/uploads\/2025\/05\/Uruguay_Ende-040-768x1023.jpg 768w, https:\/\/www.askja-on-tour.ch\/wp-content\/uploads\/2025\/05\/Uruguay_Ende-040-1153x1536.jpg 1153w, https:\/\/www.askja-on-tour.ch\/wp-content\/uploads\/2025\/05\/Uruguay_Ende-040.jpg 1537w\" sizes=\"auto, (max-width: 769px) 100vw, 769px\" \/><\/figure>\n\n\n\n<figure class=\"wp-block-image\"><img loading=\"lazy\" decoding=\"async\" width=\"769\" height=\"1024\" src=\"https:\/\/www.askja-on-tour.ch\/wp-content\/uploads\/2025\/05\/Uruguay_Ende-041-769x1024.jpg\" alt=\"\" class=\"wp-image-27137\" srcset=\"https:\/\/www.askja-on-tour.ch\/wp-content\/uploads\/2025\/05\/Uruguay_Ende-041-769x1024.jpg 769w, https:\/\/www.askja-on-tour.ch\/wp-content\/uploads\/2025\/05\/Uruguay_Ende-041-1201x1600.jpg 1201w, https:\/\/www.askja-on-tour.ch\/wp-content\/uploads\/2025\/05\/Uruguay_Ende-041-768x1023.jpg 768w, https:\/\/www.askja-on-tour.ch\/wp-content\/uploads\/2025\/05\/Uruguay_Ende-041-1153x1536.jpg 1153w, https:\/\/www.askja-on-tour.ch\/wp-content\/uploads\/2025\/05\/Uruguay_Ende-041.jpg 1537w\" sizes=\"auto, (max-width: 769px) 100vw, 769px\" \/><\/figure>\n\n\n\n<figure class=\"wp-block-image\"><img loading=\"lazy\" decoding=\"async\" width=\"769\" height=\"1024\" src=\"https:\/\/www.askja-on-tour.ch\/wp-content\/uploads\/2025\/05\/Uruguay_Ende-043-769x1024.jpg\" alt=\"\" class=\"wp-image-27138\" srcset=\"https:\/\/www.askja-on-tour.ch\/wp-content\/uploads\/2025\/05\/Uruguay_Ende-043-769x1024.jpg 769w, https:\/\/www.askja-on-tour.ch\/wp-content\/uploads\/2025\/05\/Uruguay_Ende-043-1201x1600.jpg 1201w, https:\/\/www.askja-on-tour.ch\/wp-content\/uploads\/2025\/05\/Uruguay_Ende-043-768x1023.jpg 768w, https:\/\/www.askja-on-tour.ch\/wp-content\/uploads\/2025\/05\/Uruguay_Ende-043-1153x1536.jpg 1153w, https:\/\/www.askja-on-tour.ch\/wp-content\/uploads\/2025\/05\/Uruguay_Ende-043.jpg 1537w\" sizes=\"auto, (max-width: 769px) 100vw, 769px\" \/><\/figure>\n\n\n\n<figure class=\"wp-block-image\"><img loading=\"lazy\" decoding=\"async\" width=\"769\" height=\"1024\" src=\"https:\/\/www.askja-on-tour.ch\/wp-content\/uploads\/2025\/05\/Uruguay_Ende-044-769x1024.jpg\" alt=\"\" class=\"wp-image-27139\" srcset=\"https:\/\/www.askja-on-tour.ch\/wp-content\/uploads\/2025\/05\/Uruguay_Ende-044-769x1024.jpg 769w, https:\/\/www.askja-on-tour.ch\/wp-content\/uploads\/2025\/05\/Uruguay_Ende-044-1201x1600.jpg 1201w, https:\/\/www.askja-on-tour.ch\/wp-content\/uploads\/2025\/05\/Uruguay_Ende-044-768x1023.jpg 768w, https:\/\/www.askja-on-tour.ch\/wp-content\/uploads\/2025\/05\/Uruguay_Ende-044-1153x1536.jpg 1153w, https:\/\/www.askja-on-tour.ch\/wp-content\/uploads\/2025\/05\/Uruguay_Ende-044.jpg 1537w\" sizes=\"auto, (max-width: 769px) 100vw, 769px\" \/><\/figure>\n\n\n\n<figure class=\"wp-block-image\"><img loading=\"lazy\" decoding=\"async\" width=\"1024\" height=\"769\" src=\"https:\/\/www.askja-on-tour.ch\/wp-content\/uploads\/2025\/05\/Uruguay_Ende-045-1024x769.jpg\" alt=\"\" class=\"wp-image-27140\" srcset=\"https:\/\/www.askja-on-tour.ch\/wp-content\/uploads\/2025\/05\/Uruguay_Ende-045-1024x769.jpg 1024w, https:\/\/www.askja-on-tour.ch\/wp-content\/uploads\/2025\/05\/Uruguay_Ende-045-1600x1201.jpg 1600w, https:\/\/www.askja-on-tour.ch\/wp-content\/uploads\/2025\/05\/Uruguay_Ende-045-768x576.jpg 768w, https:\/\/www.askja-on-tour.ch\/wp-content\/uploads\/2025\/05\/Uruguay_Ende-045-1536x1153.jpg 1536w, https:\/\/www.askja-on-tour.ch\/wp-content\/uploads\/2025\/05\/Uruguay_Ende-045.jpg 2048w\" sizes=\"auto, (max-width: 1024px) 100vw, 1024px\" \/><\/figure>\n\n\n\n<figure class=\"wp-block-image\"><img loading=\"lazy\" decoding=\"async\" width=\"1024\" height=\"769\" src=\"https:\/\/www.askja-on-tour.ch\/wp-content\/uploads\/2025\/05\/Uruguay_Ende-047-1024x769.jpg\" alt=\"\" class=\"wp-image-27141\" srcset=\"https:\/\/www.askja-on-tour.ch\/wp-content\/uploads\/2025\/05\/Uruguay_Ende-047-1024x769.jpg 1024w, https:\/\/www.askja-on-tour.ch\/wp-content\/uploads\/2025\/05\/Uruguay_Ende-047-1600x1201.jpg 1600w, https:\/\/www.askja-on-tour.ch\/wp-content\/uploads\/2025\/05\/Uruguay_Ende-047-768x576.jpg 768w, https:\/\/www.askja-on-tour.ch\/wp-content\/uploads\/2025\/05\/Uruguay_Ende-047-1536x1153.jpg 1536w, https:\/\/www.askja-on-tour.ch\/wp-content\/uploads\/2025\/05\/Uruguay_Ende-047.jpg 2048w\" sizes=\"auto, (max-width: 1024px) 100vw, 1024px\" \/><\/figure>\n\n\n\n<figure class=\"wp-block-image\"><img loading=\"lazy\" decoding=\"async\" width=\"1024\" height=\"769\" src=\"https:\/\/www.askja-on-tour.ch\/wp-content\/uploads\/2025\/05\/Uruguay_Ende-042-1024x769.jpg\" alt=\"\" class=\"wp-image-27181\" srcset=\"https:\/\/www.askja-on-tour.ch\/wp-content\/uploads\/2025\/05\/Uruguay_Ende-042-1024x769.jpg 1024w, https:\/\/www.askja-on-tour.ch\/wp-content\/uploads\/2025\/05\/Uruguay_Ende-042-1600x1201.jpg 1600w, https:\/\/www.askja-on-tour.ch\/wp-content\/uploads\/2025\/05\/Uruguay_Ende-042-768x576.jpg 768w, https:\/\/www.askja-on-tour.ch\/wp-content\/uploads\/2025\/05\/Uruguay_Ende-042-1536x1153.jpg 1536w, https:\/\/www.askja-on-tour.ch\/wp-content\/uploads\/2025\/05\/Uruguay_Ende-042.jpg 2048w\" sizes=\"auto, (max-width: 1024px) 100vw, 1024px\" \/><\/figure>\n\n\n\n<figure class=\"wp-block-image\"><img loading=\"lazy\" decoding=\"async\" width=\"1024\" height=\"769\" src=\"https:\/\/www.askja-on-tour.ch\/wp-content\/uploads\/2025\/05\/Uruguay_Ende-048-1024x769.jpg\" alt=\"\" class=\"wp-image-27142\" srcset=\"https:\/\/www.askja-on-tour.ch\/wp-content\/uploads\/2025\/05\/Uruguay_Ende-048-1024x769.jpg 1024w, https:\/\/www.askja-on-tour.ch\/wp-content\/uploads\/2025\/05\/Uruguay_Ende-048-1600x1201.jpg 1600w, https:\/\/www.askja-on-tour.ch\/wp-content\/uploads\/2025\/05\/Uruguay_Ende-048-768x576.jpg 768w, https:\/\/www.askja-on-tour.ch\/wp-content\/uploads\/2025\/05\/Uruguay_Ende-048-1536x1153.jpg 1536w, https:\/\/www.askja-on-tour.ch\/wp-content\/uploads\/2025\/05\/Uruguay_Ende-048.jpg 2048w\" sizes=\"auto, (max-width: 1024px) 100vw, 1024px\" \/><\/figure>\n\n\n\n<figure class=\"wp-block-image\"><img loading=\"lazy\" decoding=\"async\" width=\"1024\" height=\"769\" src=\"https:\/\/www.askja-on-tour.ch\/wp-content\/uploads\/2025\/05\/Uruguay_Ende-049-1024x769.jpg\" alt=\"\" class=\"wp-image-27143\" srcset=\"https:\/\/www.askja-on-tour.ch\/wp-content\/uploads\/2025\/05\/Uruguay_Ende-049-1024x769.jpg 1024w, https:\/\/www.askja-on-tour.ch\/wp-content\/uploads\/2025\/05\/Uruguay_Ende-049-1600x1201.jpg 1600w, https:\/\/www.askja-on-tour.ch\/wp-content\/uploads\/2025\/05\/Uruguay_Ende-049-768x576.jpg 768w, https:\/\/www.askja-on-tour.ch\/wp-content\/uploads\/2025\/05\/Uruguay_Ende-049-1536x1153.jpg 1536w, https:\/\/www.askja-on-tour.ch\/wp-content\/uploads\/2025\/05\/Uruguay_Ende-049.jpg 2048w\" sizes=\"auto, (max-width: 1024px) 100vw, 1024px\" \/><\/figure>\n\n\n\n<p class=\"wp-block-paragraph\"><\/p>\n\n\n\n<p class=\"wp-block-paragraph\">Weiter ging es auf unserem Weg nach Montevideo nach Nueva Helvecia, das wirklich stark an die Schweiz erinnert: H\u00e4user mit Schweizer Wappen, das Schweizer-Kreuz auf vielen Autos und der K\u00e4se. Wir fragten uns, weshalb das so ist, und in Wikipedia wurden wir f\u00fcndig: Die 1828 gegr\u00fcndete Republik Uruguay wurde zu einem beliebten Auswanderungsziel f\u00fcr Schweizerinnen und Schweizer. So gr\u00fcndeten Deutschschweizer B\u00e4uerinnen und Bauern 1862\/63 die Kolonie Nueva Helvecia. Sie f\u00fchrten die K\u00e4seherstellung und weitere landwirtschaftliche Techniken ein.<\/p>\n\n\n\n<figure class=\"wp-block-image alignnone wp-image-27156 size-medium\"><img loading=\"lazy\" decoding=\"async\" width=\"1024\" height=\"769\" src=\"https:\/\/www.askja-on-tour.ch\/wp-content\/uploads\/2025\/05\/Uruguay_Ende-063-1024x769.jpg\" alt=\"\" class=\"wp-image-27156\" srcset=\"https:\/\/www.askja-on-tour.ch\/wp-content\/uploads\/2025\/05\/Uruguay_Ende-063-1024x769.jpg 1024w, https:\/\/www.askja-on-tour.ch\/wp-content\/uploads\/2025\/05\/Uruguay_Ende-063-1600x1201.jpg 1600w, https:\/\/www.askja-on-tour.ch\/wp-content\/uploads\/2025\/05\/Uruguay_Ende-063-768x576.jpg 768w, https:\/\/www.askja-on-tour.ch\/wp-content\/uploads\/2025\/05\/Uruguay_Ende-063-1536x1153.jpg 1536w, https:\/\/www.askja-on-tour.ch\/wp-content\/uploads\/2025\/05\/Uruguay_Ende-063.jpg 2048w\" sizes=\"auto, (max-width: 1024px) 100vw, 1024px\" \/><figcaption class=\"wp-element-caption\">Denkmal f\u00fcr die Gr\u00fcnder der Kolonie aus der Schweiz<br><dd class=\"wp-caption-dd\"><\/dd><\/figcaption><\/figure>\n\n\n\n<figure class=\"wp-block-image\"><img loading=\"lazy\" decoding=\"async\" width=\"1024\" height=\"769\" src=\"https:\/\/www.askja-on-tour.ch\/wp-content\/uploads\/2025\/05\/Uruguay_Ende-058-1024x769.jpg\" alt=\"\" class=\"wp-image-27151\" srcset=\"https:\/\/www.askja-on-tour.ch\/wp-content\/uploads\/2025\/05\/Uruguay_Ende-058-1024x769.jpg 1024w, https:\/\/www.askja-on-tour.ch\/wp-content\/uploads\/2025\/05\/Uruguay_Ende-058-1600x1201.jpg 1600w, https:\/\/www.askja-on-tour.ch\/wp-content\/uploads\/2025\/05\/Uruguay_Ende-058-768x576.jpg 768w, https:\/\/www.askja-on-tour.ch\/wp-content\/uploads\/2025\/05\/Uruguay_Ende-058-1536x1153.jpg 1536w, https:\/\/www.askja-on-tour.ch\/wp-content\/uploads\/2025\/05\/Uruguay_Ende-058.jpg 2048w\" sizes=\"auto, (max-width: 1024px) 100vw, 1024px\" \/><\/figure>\n\n\n\n<figure class=\"wp-block-image\"><img loading=\"lazy\" decoding=\"async\" width=\"1024\" height=\"769\" src=\"https:\/\/www.askja-on-tour.ch\/wp-content\/uploads\/2025\/05\/Uruguay_Ende-059-1024x769.jpg\" alt=\"\" class=\"wp-image-27152\" srcset=\"https:\/\/www.askja-on-tour.ch\/wp-content\/uploads\/2025\/05\/Uruguay_Ende-059-1024x769.jpg 1024w, https:\/\/www.askja-on-tour.ch\/wp-content\/uploads\/2025\/05\/Uruguay_Ende-059-1600x1201.jpg 1600w, https:\/\/www.askja-on-tour.ch\/wp-content\/uploads\/2025\/05\/Uruguay_Ende-059-768x576.jpg 768w, https:\/\/www.askja-on-tour.ch\/wp-content\/uploads\/2025\/05\/Uruguay_Ende-059-1536x1153.jpg 1536w, https:\/\/www.askja-on-tour.ch\/wp-content\/uploads\/2025\/05\/Uruguay_Ende-059.jpg 2048w\" sizes=\"auto, (max-width: 1024px) 100vw, 1024px\" \/><\/figure>\n\n\n\n<figure class=\"wp-block-image\"><img loading=\"lazy\" decoding=\"async\" width=\"1024\" height=\"769\" src=\"https:\/\/www.askja-on-tour.ch\/wp-content\/uploads\/2025\/05\/Uruguay_Ende-060-1024x769.jpg\" alt=\"\" class=\"wp-image-27153\" srcset=\"https:\/\/www.askja-on-tour.ch\/wp-content\/uploads\/2025\/05\/Uruguay_Ende-060-1024x769.jpg 1024w, https:\/\/www.askja-on-tour.ch\/wp-content\/uploads\/2025\/05\/Uruguay_Ende-060-1600x1201.jpg 1600w, https:\/\/www.askja-on-tour.ch\/wp-content\/uploads\/2025\/05\/Uruguay_Ende-060-768x576.jpg 768w, https:\/\/www.askja-on-tour.ch\/wp-content\/uploads\/2025\/05\/Uruguay_Ende-060-1536x1153.jpg 1536w, https:\/\/www.askja-on-tour.ch\/wp-content\/uploads\/2025\/05\/Uruguay_Ende-060.jpg 2048w\" sizes=\"auto, (max-width: 1024px) 100vw, 1024px\" \/><\/figure>\n\n\n\n<figure class=\"wp-block-image\"><img loading=\"lazy\" decoding=\"async\" width=\"1024\" height=\"769\" src=\"https:\/\/www.askja-on-tour.ch\/wp-content\/uploads\/2025\/05\/Uruguay_Ende-061-1024x769.jpg\" alt=\"\" class=\"wp-image-27154\" srcset=\"https:\/\/www.askja-on-tour.ch\/wp-content\/uploads\/2025\/05\/Uruguay_Ende-061-1024x769.jpg 1024w, https:\/\/www.askja-on-tour.ch\/wp-content\/uploads\/2025\/05\/Uruguay_Ende-061-1600x1201.jpg 1600w, https:\/\/www.askja-on-tour.ch\/wp-content\/uploads\/2025\/05\/Uruguay_Ende-061-768x576.jpg 768w, https:\/\/www.askja-on-tour.ch\/wp-content\/uploads\/2025\/05\/Uruguay_Ende-061-1536x1153.jpg 1536w, https:\/\/www.askja-on-tour.ch\/wp-content\/uploads\/2025\/05\/Uruguay_Ende-061.jpg 2048w\" sizes=\"auto, (max-width: 1024px) 100vw, 1024px\" \/><\/figure>\n\n\n\n<figure class=\"wp-block-image\"><img loading=\"lazy\" decoding=\"async\" width=\"1024\" height=\"769\" src=\"https:\/\/www.askja-on-tour.ch\/wp-content\/uploads\/2025\/05\/Uruguay_Ende-064-1024x769.jpg\" alt=\"\" class=\"wp-image-27157\" srcset=\"https:\/\/www.askja-on-tour.ch\/wp-content\/uploads\/2025\/05\/Uruguay_Ende-064-1024x769.jpg 1024w, https:\/\/www.askja-on-tour.ch\/wp-content\/uploads\/2025\/05\/Uruguay_Ende-064-1600x1201.jpg 1600w, https:\/\/www.askja-on-tour.ch\/wp-content\/uploads\/2025\/05\/Uruguay_Ende-064-768x576.jpg 768w, https:\/\/www.askja-on-tour.ch\/wp-content\/uploads\/2025\/05\/Uruguay_Ende-064-1536x1153.jpg 1536w, https:\/\/www.askja-on-tour.ch\/wp-content\/uploads\/2025\/05\/Uruguay_Ende-064.jpg 2048w\" sizes=\"auto, (max-width: 1024px) 100vw, 1024px\" \/><\/figure>\n\n\n\n<p class=\"wp-block-paragraph\"><\/p>\n\n\n\n<p class=\"wp-block-paragraph\">Wir sind anschliessend nach Minas gefahren, wo wir bei einer B\u00e4ckerei, die Alfajores herstellt, \u00fcbernachtet haben. Am n\u00e4chsten Tagen besuchen wir die Reiterstatue von General Jos\u00e9 Gervasio Artigas; es war angeblich auch bis 2008 mit 18 m H\u00f6he und 9 m Breite das gr\u00f6sste Reiterstandbild der Welt, ehe das Standbild von Dschingis Khan in der Mongolei gebaut wurde mit 30 m H\u00f6he auf einem 10 m hohen Sockel (hatten wir uns 2019 auf unserer Reise entlang der Seidenstrasse angesehen).<\/p>\n\n\n\n<figure class=\"wp-block-image alignnone size-medium wp-image-27158\"><img loading=\"lazy\" decoding=\"async\" width=\"769\" height=\"1024\" src=\"https:\/\/www.askja-on-tour.ch\/wp-content\/uploads\/2025\/05\/Uruguay_Ende-065-769x1024.jpg\" alt=\"\" class=\"wp-image-27158\" srcset=\"https:\/\/www.askja-on-tour.ch\/wp-content\/uploads\/2025\/05\/Uruguay_Ende-065-769x1024.jpg 769w, https:\/\/www.askja-on-tour.ch\/wp-content\/uploads\/2025\/05\/Uruguay_Ende-065-1201x1600.jpg 1201w, https:\/\/www.askja-on-tour.ch\/wp-content\/uploads\/2025\/05\/Uruguay_Ende-065-768x1023.jpg 768w, https:\/\/www.askja-on-tour.ch\/wp-content\/uploads\/2025\/05\/Uruguay_Ende-065-1153x1536.jpg 1153w, https:\/\/www.askja-on-tour.ch\/wp-content\/uploads\/2025\/05\/Uruguay_Ende-065.jpg 1537w\" sizes=\"auto, (max-width: 769px) 100vw, 769px\" \/><figcaption class=\"wp-element-caption\">Reiterstandbild von General Jos\u00e9 Gervasio Artigas &#8211; war bis 2008 mit 18 m H\u00f6he und 9 m Breite<br>das gr\u00f6sste Reiterstandbild der Welt, ehe das von Dschingis Khan in der Mongolei gebaut wurde mit 30 m H\u00f6he auf einem 10 m hohen Sockel.<\/figcaption><\/figure>\n\n\n\n<figure class=\"wp-block-image\"><img loading=\"lazy\" decoding=\"async\" width=\"1024\" height=\"769\" src=\"https:\/\/www.askja-on-tour.ch\/wp-content\/uploads\/2025\/05\/Uruguay_Ende-066-1024x769.jpg\" alt=\"\" class=\"wp-image-27159\" srcset=\"https:\/\/www.askja-on-tour.ch\/wp-content\/uploads\/2025\/05\/Uruguay_Ende-066-1024x769.jpg 1024w, https:\/\/www.askja-on-tour.ch\/wp-content\/uploads\/2025\/05\/Uruguay_Ende-066-1600x1201.jpg 1600w, https:\/\/www.askja-on-tour.ch\/wp-content\/uploads\/2025\/05\/Uruguay_Ende-066-768x576.jpg 768w, https:\/\/www.askja-on-tour.ch\/wp-content\/uploads\/2025\/05\/Uruguay_Ende-066-1536x1153.jpg 1536w, https:\/\/www.askja-on-tour.ch\/wp-content\/uploads\/2025\/05\/Uruguay_Ende-066.jpg 2048w\" sizes=\"auto, (max-width: 1024px) 100vw, 1024px\" \/><\/figure>\n\n\n\n<p class=\"wp-block-paragraph\"><\/p>\n\n\n\n<p class=\"wp-block-paragraph\">Wir machten einen weiteren kleinen Abstecher nach Pueblo Ed\u00e9n, auch bekannt als Mataojo, wo die Zeit buchst\u00e4blich stehen geblieben ist. Das Dorf ist eine Mischung aus verschiedenen kulturellen Einfl\u00fcssen, und die Nachkommen der urspr\u00fcnglichen Gr\u00fcnder, welche das Pueblo 1917 gr\u00fcndeten, leben hier seit Generationen. In den letzten Jahren hat sich hier auch eine wachsende Gemeinschaft von Auswanderern niedergelassen, die Pueblo Ed\u00e9n zu ihrem Wohnsitz gemacht haben. Das Dorf z\u00e4hlt heute rund 250 Personen. Hier scheint die Welt noch in Ordnung zu sein. Im Restaurant \u201eLa Posta de Vaimaca\u201c, das von einem Ehepaar betrieben wird, hatten wir hervorragendes Lammfleisch.<\/p>\n\n\n\n<figure class=\"wp-block-image alignnone size-medium wp-image-27160\"><img loading=\"lazy\" decoding=\"async\" width=\"1024\" height=\"769\" src=\"https:\/\/www.askja-on-tour.ch\/wp-content\/uploads\/2025\/05\/Uruguay_Ende-067-1024x769.jpg\" alt=\"\" class=\"wp-image-27160\" srcset=\"https:\/\/www.askja-on-tour.ch\/wp-content\/uploads\/2025\/05\/Uruguay_Ende-067-1024x769.jpg 1024w, https:\/\/www.askja-on-tour.ch\/wp-content\/uploads\/2025\/05\/Uruguay_Ende-067-1600x1201.jpg 1600w, https:\/\/www.askja-on-tour.ch\/wp-content\/uploads\/2025\/05\/Uruguay_Ende-067-768x576.jpg 768w, https:\/\/www.askja-on-tour.ch\/wp-content\/uploads\/2025\/05\/Uruguay_Ende-067-1536x1153.jpg 1536w, https:\/\/www.askja-on-tour.ch\/wp-content\/uploads\/2025\/05\/Uruguay_Ende-067.jpg 2048w\" sizes=\"auto, (max-width: 1024px) 100vw, 1024px\" \/><figcaption class=\"wp-element-caption\">Pueblo Eden<\/figcaption><\/figure>\n\n\n\n<figure class=\"wp-block-image\"><img loading=\"lazy\" decoding=\"async\" width=\"769\" height=\"1024\" src=\"https:\/\/www.askja-on-tour.ch\/wp-content\/uploads\/2025\/05\/Uruguay_Ende-068-769x1024.jpg\" alt=\"\" class=\"wp-image-27161\" srcset=\"https:\/\/www.askja-on-tour.ch\/wp-content\/uploads\/2025\/05\/Uruguay_Ende-068-769x1024.jpg 769w, https:\/\/www.askja-on-tour.ch\/wp-content\/uploads\/2025\/05\/Uruguay_Ende-068-1201x1600.jpg 1201w, https:\/\/www.askja-on-tour.ch\/wp-content\/uploads\/2025\/05\/Uruguay_Ende-068-768x1023.jpg 768w, https:\/\/www.askja-on-tour.ch\/wp-content\/uploads\/2025\/05\/Uruguay_Ende-068-1153x1536.jpg 1153w, https:\/\/www.askja-on-tour.ch\/wp-content\/uploads\/2025\/05\/Uruguay_Ende-068.jpg 1537w\" sizes=\"auto, (max-width: 769px) 100vw, 769px\" \/><\/figure>\n\n\n\n<figure class=\"wp-block-image\"><img loading=\"lazy\" decoding=\"async\" width=\"1024\" height=\"769\" src=\"https:\/\/www.askja-on-tour.ch\/wp-content\/uploads\/2025\/05\/Uruguay_Ende-069-1024x769.jpg\" alt=\"\" class=\"wp-image-27162\" srcset=\"https:\/\/www.askja-on-tour.ch\/wp-content\/uploads\/2025\/05\/Uruguay_Ende-069-1024x769.jpg 1024w, https:\/\/www.askja-on-tour.ch\/wp-content\/uploads\/2025\/05\/Uruguay_Ende-069-1600x1201.jpg 1600w, https:\/\/www.askja-on-tour.ch\/wp-content\/uploads\/2025\/05\/Uruguay_Ende-069-768x576.jpg 768w, https:\/\/www.askja-on-tour.ch\/wp-content\/uploads\/2025\/05\/Uruguay_Ende-069-1536x1153.jpg 1536w, https:\/\/www.askja-on-tour.ch\/wp-content\/uploads\/2025\/05\/Uruguay_Ende-069.jpg 2048w\" sizes=\"auto, (max-width: 1024px) 100vw, 1024px\" \/><\/figure>\n\n\n\n<p class=\"wp-block-paragraph\"><\/p>\n\n\n\n<figure class=\"wp-block-image alignnone size-medium wp-image-27163\"><img loading=\"lazy\" decoding=\"async\" width=\"1024\" height=\"769\" src=\"https:\/\/www.askja-on-tour.ch\/wp-content\/uploads\/2025\/05\/Uruguay_Ende-070-1024x769.jpg\" alt=\"\" class=\"wp-image-27163\" srcset=\"https:\/\/www.askja-on-tour.ch\/wp-content\/uploads\/2025\/05\/Uruguay_Ende-070-1024x769.jpg 1024w, https:\/\/www.askja-on-tour.ch\/wp-content\/uploads\/2025\/05\/Uruguay_Ende-070-1600x1201.jpg 1600w, https:\/\/www.askja-on-tour.ch\/wp-content\/uploads\/2025\/05\/Uruguay_Ende-070-768x576.jpg 768w, https:\/\/www.askja-on-tour.ch\/wp-content\/uploads\/2025\/05\/Uruguay_Ende-070-1536x1153.jpg 1536w, https:\/\/www.askja-on-tour.ch\/wp-content\/uploads\/2025\/05\/Uruguay_Ende-070.jpg 2048w\" sizes=\"auto, (max-width: 1024px) 100vw, 1024px\" \/><figcaption class=\"wp-element-caption\">Gem\u00fctliches Restaurant mit k\u00f6stlichem Lamm aus eigener Haltung<\/figcaption><\/figure>\n\n\n\n<figure class=\"wp-block-image\"><img loading=\"lazy\" decoding=\"async\" width=\"1024\" height=\"769\" src=\"https:\/\/www.askja-on-tour.ch\/wp-content\/uploads\/2025\/05\/Uruguay_Ende-071-1024x769.jpg\" alt=\"\" class=\"wp-image-27164\" srcset=\"https:\/\/www.askja-on-tour.ch\/wp-content\/uploads\/2025\/05\/Uruguay_Ende-071-1024x769.jpg 1024w, https:\/\/www.askja-on-tour.ch\/wp-content\/uploads\/2025\/05\/Uruguay_Ende-071-1600x1201.jpg 1600w, https:\/\/www.askja-on-tour.ch\/wp-content\/uploads\/2025\/05\/Uruguay_Ende-071-768x576.jpg 768w, https:\/\/www.askja-on-tour.ch\/wp-content\/uploads\/2025\/05\/Uruguay_Ende-071-1536x1153.jpg 1536w, https:\/\/www.askja-on-tour.ch\/wp-content\/uploads\/2025\/05\/Uruguay_Ende-071.jpg 2048w\" sizes=\"auto, (max-width: 1024px) 100vw, 1024px\" \/><\/figure>\n\n\n\n<p class=\"wp-block-paragraph\"><\/p>\n\n\n\n<p class=\"wp-block-paragraph\">Unsere letzte Station vor Montevideo war La Paloma und die Lagune de Rocha. Die Lagune ist ein Fischerdorf mit vielen Wasserv\u00f6geln. Im Sommer soll es wohl noch Flamingos haben.<\/p>\n\n\n\n<figure class=\"wp-block-image alignnone size-medium wp-image-27165\"><img loading=\"lazy\" decoding=\"async\" width=\"1024\" height=\"769\" src=\"https:\/\/www.askja-on-tour.ch\/wp-content\/uploads\/2025\/05\/Uruguay_Ende-072-1024x769.jpg\" alt=\"\" class=\"wp-image-27165\" srcset=\"https:\/\/www.askja-on-tour.ch\/wp-content\/uploads\/2025\/05\/Uruguay_Ende-072-1024x769.jpg 1024w, https:\/\/www.askja-on-tour.ch\/wp-content\/uploads\/2025\/05\/Uruguay_Ende-072-1600x1201.jpg 1600w, https:\/\/www.askja-on-tour.ch\/wp-content\/uploads\/2025\/05\/Uruguay_Ende-072-768x576.jpg 768w, https:\/\/www.askja-on-tour.ch\/wp-content\/uploads\/2025\/05\/Uruguay_Ende-072-1536x1153.jpg 1536w, https:\/\/www.askja-on-tour.ch\/wp-content\/uploads\/2025\/05\/Uruguay_Ende-072.jpg 2048w\" sizes=\"auto, (max-width: 1024px) 100vw, 1024px\" \/><figcaption class=\"wp-element-caption\">Am Hafen von La Paloma<\/figcaption><\/figure>\n\n\n\n<figure class=\"wp-block-image\"><img loading=\"lazy\" decoding=\"async\" width=\"1024\" height=\"769\" src=\"https:\/\/www.askja-on-tour.ch\/wp-content\/uploads\/2025\/05\/Uruguay_Ende-073-1024x769.jpg\" alt=\"\" class=\"wp-image-27166\" srcset=\"https:\/\/www.askja-on-tour.ch\/wp-content\/uploads\/2025\/05\/Uruguay_Ende-073-1024x769.jpg 1024w, https:\/\/www.askja-on-tour.ch\/wp-content\/uploads\/2025\/05\/Uruguay_Ende-073-1600x1201.jpg 1600w, https:\/\/www.askja-on-tour.ch\/wp-content\/uploads\/2025\/05\/Uruguay_Ende-073-768x576.jpg 768w, https:\/\/www.askja-on-tour.ch\/wp-content\/uploads\/2025\/05\/Uruguay_Ende-073-1536x1153.jpg 1536w, https:\/\/www.askja-on-tour.ch\/wp-content\/uploads\/2025\/05\/Uruguay_Ende-073.jpg 2048w\" sizes=\"auto, (max-width: 1024px) 100vw, 1024px\" \/><\/figure>\n\n\n\n<p class=\"wp-block-paragraph\"><\/p>\n\n\n\n<figure class=\"wp-block-image alignnone size-medium wp-image-27168\"><img loading=\"lazy\" decoding=\"async\" width=\"1024\" height=\"768\" src=\"https:\/\/www.askja-on-tour.ch\/wp-content\/uploads\/2025\/05\/Uruguay_Ende-075-1024x768.jpg\" alt=\"\" class=\"wp-image-27168\" srcset=\"https:\/\/www.askja-on-tour.ch\/wp-content\/uploads\/2025\/05\/Uruguay_Ende-075-1024x768.jpg 1024w, https:\/\/www.askja-on-tour.ch\/wp-content\/uploads\/2025\/05\/Uruguay_Ende-075-1600x1200.jpg 1600w, https:\/\/www.askja-on-tour.ch\/wp-content\/uploads\/2025\/05\/Uruguay_Ende-075-768x576.jpg 768w, https:\/\/www.askja-on-tour.ch\/wp-content\/uploads\/2025\/05\/Uruguay_Ende-075-1536x1152.jpg 1536w, https:\/\/www.askja-on-tour.ch\/wp-content\/uploads\/2025\/05\/Uruguay_Ende-075.jpg 2048w\" sizes=\"auto, (max-width: 1024px) 100vw, 1024px\" \/><figcaption class=\"wp-element-caption\">Auf dem Weg zur Laguna de Rocha<\/figcaption><\/figure>\n\n\n\n<figure class=\"wp-block-image alignnone size-medium wp-image-27167\"><img loading=\"lazy\" decoding=\"async\" width=\"769\" height=\"1024\" src=\"https:\/\/www.askja-on-tour.ch\/wp-content\/uploads\/2025\/05\/Uruguay_Ende-074-769x1024.jpg\" alt=\"\" class=\"wp-image-27167\" srcset=\"https:\/\/www.askja-on-tour.ch\/wp-content\/uploads\/2025\/05\/Uruguay_Ende-074-769x1024.jpg 769w, https:\/\/www.askja-on-tour.ch\/wp-content\/uploads\/2025\/05\/Uruguay_Ende-074-1201x1600.jpg 1201w, https:\/\/www.askja-on-tour.ch\/wp-content\/uploads\/2025\/05\/Uruguay_Ende-074-768x1023.jpg 768w, https:\/\/www.askja-on-tour.ch\/wp-content\/uploads\/2025\/05\/Uruguay_Ende-074-1153x1536.jpg 1153w, https:\/\/www.askja-on-tour.ch\/wp-content\/uploads\/2025\/05\/Uruguay_Ende-074.jpg 1537w\" sizes=\"auto, (max-width: 769px) 100vw, 769px\" \/><figcaption class=\"wp-element-caption\">Cocoi Heron (Cocoi-Reiher)<\/figcaption><\/figure>\n\n\n\n<figure class=\"wp-block-image alignnone wp-image-27172 size-medium\"><img loading=\"lazy\" decoding=\"async\" width=\"769\" height=\"1024\" src=\"https:\/\/www.askja-on-tour.ch\/wp-content\/uploads\/2025\/05\/Uruguay_Ende-079-769x1024.jpg\" alt=\"\" class=\"wp-image-27172\" srcset=\"https:\/\/www.askja-on-tour.ch\/wp-content\/uploads\/2025\/05\/Uruguay_Ende-079-769x1024.jpg 769w, https:\/\/www.askja-on-tour.ch\/wp-content\/uploads\/2025\/05\/Uruguay_Ende-079-1201x1600.jpg 1201w, https:\/\/www.askja-on-tour.ch\/wp-content\/uploads\/2025\/05\/Uruguay_Ende-079-768x1023.jpg 768w, https:\/\/www.askja-on-tour.ch\/wp-content\/uploads\/2025\/05\/Uruguay_Ende-079-1153x1536.jpg 1153w, https:\/\/www.askja-on-tour.ch\/wp-content\/uploads\/2025\/05\/Uruguay_Ende-079.jpg 1537w\" sizes=\"auto, (max-width: 769px) 100vw, 769px\" \/><figcaption class=\"wp-element-caption\">Hoffentlich verschluckt sich der Cocoi-Reiher nicht am Fisch<\/figcaption><\/figure>\n\n\n\n<figure class=\"wp-block-image\"><img loading=\"lazy\" decoding=\"async\" width=\"1024\" height=\"768\" src=\"https:\/\/www.askja-on-tour.ch\/wp-content\/uploads\/2025\/05\/Uruguay_Ende-076-1024x768.jpg\" alt=\"\" class=\"wp-image-27169\" srcset=\"https:\/\/www.askja-on-tour.ch\/wp-content\/uploads\/2025\/05\/Uruguay_Ende-076-1024x768.jpg 1024w, https:\/\/www.askja-on-tour.ch\/wp-content\/uploads\/2025\/05\/Uruguay_Ende-076-1600x1200.jpg 1600w, https:\/\/www.askja-on-tour.ch\/wp-content\/uploads\/2025\/05\/Uruguay_Ende-076-768x576.jpg 768w, https:\/\/www.askja-on-tour.ch\/wp-content\/uploads\/2025\/05\/Uruguay_Ende-076-1536x1152.jpg 1536w, https:\/\/www.askja-on-tour.ch\/wp-content\/uploads\/2025\/05\/Uruguay_Ende-076.jpg 2048w\" sizes=\"auto, (max-width: 1024px) 100vw, 1024px\" \/><\/figure>\n\n\n\n<figure class=\"wp-block-image\"><img loading=\"lazy\" decoding=\"async\" width=\"1024\" height=\"769\" src=\"https:\/\/www.askja-on-tour.ch\/wp-content\/uploads\/2025\/05\/Uruguay_Ende-077-1024x769.jpg\" alt=\"\" class=\"wp-image-27170\" srcset=\"https:\/\/www.askja-on-tour.ch\/wp-content\/uploads\/2025\/05\/Uruguay_Ende-077-1024x769.jpg 1024w, https:\/\/www.askja-on-tour.ch\/wp-content\/uploads\/2025\/05\/Uruguay_Ende-077-1600x1201.jpg 1600w, https:\/\/www.askja-on-tour.ch\/wp-content\/uploads\/2025\/05\/Uruguay_Ende-077-768x576.jpg 768w, https:\/\/www.askja-on-tour.ch\/wp-content\/uploads\/2025\/05\/Uruguay_Ende-077-1536x1153.jpg 1536w, https:\/\/www.askja-on-tour.ch\/wp-content\/uploads\/2025\/05\/Uruguay_Ende-077.jpg 2048w\" sizes=\"auto, (max-width: 1024px) 100vw, 1024px\" \/><\/figure>\n\n\n\n<figure class=\"wp-block-image\"><img loading=\"lazy\" decoding=\"async\" width=\"1024\" height=\"769\" src=\"https:\/\/www.askja-on-tour.ch\/wp-content\/uploads\/2025\/05\/Uruguay_Ende-078-1024x769.jpg\" alt=\"\" class=\"wp-image-27171\" srcset=\"https:\/\/www.askja-on-tour.ch\/wp-content\/uploads\/2025\/05\/Uruguay_Ende-078-1024x769.jpg 1024w, https:\/\/www.askja-on-tour.ch\/wp-content\/uploads\/2025\/05\/Uruguay_Ende-078-1600x1201.jpg 1600w, https:\/\/www.askja-on-tour.ch\/wp-content\/uploads\/2025\/05\/Uruguay_Ende-078-768x576.jpg 768w, https:\/\/www.askja-on-tour.ch\/wp-content\/uploads\/2025\/05\/Uruguay_Ende-078-1536x1153.jpg 1536w, https:\/\/www.askja-on-tour.ch\/wp-content\/uploads\/2025\/05\/Uruguay_Ende-078.jpg 2048w\" sizes=\"auto, (max-width: 1024px) 100vw, 1024px\" \/><\/figure>\n\n\n\n<figure class=\"wp-block-image\"><img loading=\"lazy\" decoding=\"async\" width=\"1024\" height=\"768\" src=\"https:\/\/www.askja-on-tour.ch\/wp-content\/uploads\/2025\/05\/Uruguay_Ende-080-1024x768.jpg\" alt=\"\" class=\"wp-image-27173\" srcset=\"https:\/\/www.askja-on-tour.ch\/wp-content\/uploads\/2025\/05\/Uruguay_Ende-080-1024x768.jpg 1024w, https:\/\/www.askja-on-tour.ch\/wp-content\/uploads\/2025\/05\/Uruguay_Ende-080-1600x1200.jpg 1600w, https:\/\/www.askja-on-tour.ch\/wp-content\/uploads\/2025\/05\/Uruguay_Ende-080-768x576.jpg 768w, https:\/\/www.askja-on-tour.ch\/wp-content\/uploads\/2025\/05\/Uruguay_Ende-080-1536x1152.jpg 1536w, https:\/\/www.askja-on-tour.ch\/wp-content\/uploads\/2025\/05\/Uruguay_Ende-080.jpg 2048w\" sizes=\"auto, (max-width: 1024px) 100vw, 1024px\" \/><\/figure>\n\n\n\n<figure class=\"wp-block-image\"><img loading=\"lazy\" decoding=\"async\" width=\"1024\" height=\"768\" src=\"https:\/\/www.askja-on-tour.ch\/wp-content\/uploads\/2025\/05\/Uruguay_Ende-081-1024x768.jpg\" alt=\"\" class=\"wp-image-27174\" srcset=\"https:\/\/www.askja-on-tour.ch\/wp-content\/uploads\/2025\/05\/Uruguay_Ende-081-1024x768.jpg 1024w, https:\/\/www.askja-on-tour.ch\/wp-content\/uploads\/2025\/05\/Uruguay_Ende-081-1600x1200.jpg 1600w, https:\/\/www.askja-on-tour.ch\/wp-content\/uploads\/2025\/05\/Uruguay_Ende-081-768x576.jpg 768w, https:\/\/www.askja-on-tour.ch\/wp-content\/uploads\/2025\/05\/Uruguay_Ende-081-1536x1152.jpg 1536w, https:\/\/www.askja-on-tour.ch\/wp-content\/uploads\/2025\/05\/Uruguay_Ende-081.jpg 2048w\" sizes=\"auto, (max-width: 1024px) 100vw, 1024px\" \/><\/figure>\n\n\n\n<p class=\"wp-block-paragraph\"><\/p>\n\n\n\n<figure class=\"wp-block-image\"><img loading=\"lazy\" decoding=\"async\" width=\"1024\" height=\"768\" src=\"https:\/\/www.askja-on-tour.ch\/wp-content\/uploads\/2025\/05\/Uruguay_Ende-083-1024x768.jpg\" alt=\"\" class=\"wp-image-27176\" srcset=\"https:\/\/www.askja-on-tour.ch\/wp-content\/uploads\/2025\/05\/Uruguay_Ende-083-1024x768.jpg 1024w, https:\/\/www.askja-on-tour.ch\/wp-content\/uploads\/2025\/05\/Uruguay_Ende-083-1600x1200.jpg 1600w, https:\/\/www.askja-on-tour.ch\/wp-content\/uploads\/2025\/05\/Uruguay_Ende-083-768x576.jpg 768w, https:\/\/www.askja-on-tour.ch\/wp-content\/uploads\/2025\/05\/Uruguay_Ende-083-1536x1152.jpg 1536w, https:\/\/www.askja-on-tour.ch\/wp-content\/uploads\/2025\/05\/Uruguay_Ende-083.jpg 2048w\" sizes=\"auto, (max-width: 1024px) 100vw, 1024px\" \/><\/figure>\n\n\n\n<figure class=\"wp-block-image\"><img loading=\"lazy\" decoding=\"async\" width=\"1024\" height=\"768\" src=\"https:\/\/www.askja-on-tour.ch\/wp-content\/uploads\/2025\/05\/Uruguay_Ende-082-1024x768.jpg\" alt=\"\" class=\"wp-image-27175\" srcset=\"https:\/\/www.askja-on-tour.ch\/wp-content\/uploads\/2025\/05\/Uruguay_Ende-082-1024x768.jpg 1024w, https:\/\/www.askja-on-tour.ch\/wp-content\/uploads\/2025\/05\/Uruguay_Ende-082-1600x1200.jpg 1600w, https:\/\/www.askja-on-tour.ch\/wp-content\/uploads\/2025\/05\/Uruguay_Ende-082-768x576.jpg 768w, https:\/\/www.askja-on-tour.ch\/wp-content\/uploads\/2025\/05\/Uruguay_Ende-082-1536x1152.jpg 1536w, https:\/\/www.askja-on-tour.ch\/wp-content\/uploads\/2025\/05\/Uruguay_Ende-082.jpg 2048w\" sizes=\"auto, (max-width: 1024px) 100vw, 1024px\" \/><\/figure>\n\n\n\n<p class=\"wp-block-paragraph\"><\/p>\n\n\n\n<p class=\"wp-block-paragraph\">Nun sind wir wieder zur\u00fcck im Paraiso Suizo, wo wir wieder viele Reisende treffen, die ihre Fahrzeuge hier unterstellen, auf Heimat-Urlaub in Deutschland oder der Schweiz gehen und im Juli\/August wieder zur\u00fcckkehren. Und nat\u00fcrlich sind auch wieder viele V\u00f6gel hier (nein, keine Wanderv\u00f6gel, sondern richtige Piepmatze).<\/p>\n\n\n\n<figure class=\"wp-block-image alignnone size-medium wp-image-27179\"><img loading=\"lazy\" decoding=\"async\" width=\"769\" height=\"1024\" src=\"https:\/\/www.askja-on-tour.ch\/wp-content\/uploads\/2025\/05\/Uruguay_Ende-086-769x1024.jpg\" alt=\"\" class=\"wp-image-27179\" srcset=\"https:\/\/www.askja-on-tour.ch\/wp-content\/uploads\/2025\/05\/Uruguay_Ende-086-769x1024.jpg 769w, https:\/\/www.askja-on-tour.ch\/wp-content\/uploads\/2025\/05\/Uruguay_Ende-086-1201x1600.jpg 1201w, https:\/\/www.askja-on-tour.ch\/wp-content\/uploads\/2025\/05\/Uruguay_Ende-086-768x1023.jpg 768w, https:\/\/www.askja-on-tour.ch\/wp-content\/uploads\/2025\/05\/Uruguay_Ende-086-1153x1536.jpg 1153w, https:\/\/www.askja-on-tour.ch\/wp-content\/uploads\/2025\/05\/Uruguay_Ende-086.jpg 1537w\" sizes=\"auto, (max-width: 769px) 100vw, 769px\" \/><figcaption class=\"wp-element-caption\">Yellowhammer (Goldammer)<\/figcaption><\/figure>\n\n\n\n<figure class=\"wp-block-image alignnone wp-image-27178 size-medium\"><img loading=\"lazy\" decoding=\"async\" width=\"1024\" height=\"769\" src=\"https:\/\/www.askja-on-tour.ch\/wp-content\/uploads\/2025\/05\/Uruguay_Ende-085-1024x769.jpg\" alt=\"\" class=\"wp-image-27178\" srcset=\"https:\/\/www.askja-on-tour.ch\/wp-content\/uploads\/2025\/05\/Uruguay_Ende-085-1024x769.jpg 1024w, https:\/\/www.askja-on-tour.ch\/wp-content\/uploads\/2025\/05\/Uruguay_Ende-085-1600x1201.jpg 1600w, https:\/\/www.askja-on-tour.ch\/wp-content\/uploads\/2025\/05\/Uruguay_Ende-085-768x576.jpg 768w, https:\/\/www.askja-on-tour.ch\/wp-content\/uploads\/2025\/05\/Uruguay_Ende-085-1536x1153.jpg 1536w, https:\/\/www.askja-on-tour.ch\/wp-content\/uploads\/2025\/05\/Uruguay_Ende-085.jpg 2048w\" sizes=\"auto, (max-width: 1024px) 100vw, 1024px\" \/><figcaption class=\"wp-element-caption\">Red-crested Cardinal (Rotschopftangare)<\/figcaption><\/figure>\n\n\n\n<figure class=\"wp-block-image\"><img loading=\"lazy\" decoding=\"async\" width=\"1024\" height=\"769\" src=\"https:\/\/www.askja-on-tour.ch\/wp-content\/uploads\/2025\/05\/Uruguay_Ende-084-1024x769.jpg\" alt=\"\" class=\"wp-image-27177\" srcset=\"https:\/\/www.askja-on-tour.ch\/wp-content\/uploads\/2025\/05\/Uruguay_Ende-084-1024x769.jpg 1024w, https:\/\/www.askja-on-tour.ch\/wp-content\/uploads\/2025\/05\/Uruguay_Ende-084-1600x1201.jpg 1600w, https:\/\/www.askja-on-tour.ch\/wp-content\/uploads\/2025\/05\/Uruguay_Ende-084-768x576.jpg 768w, https:\/\/www.askja-on-tour.ch\/wp-content\/uploads\/2025\/05\/Uruguay_Ende-084-1536x1153.jpg 1536w, https:\/\/www.askja-on-tour.ch\/wp-content\/uploads\/2025\/05\/Uruguay_Ende-084.jpg 2048w\" sizes=\"auto, (max-width: 1024px) 100vw, 1024px\" \/><\/figure>\n\n\n\n<p class=\"wp-block-paragraph\"><\/p>\n\n\n\n<figure class=\"wp-block-image alignnone size-medium wp-image-27120\"><img loading=\"lazy\" decoding=\"async\" width=\"1024\" height=\"769\" src=\"https:\/\/www.askja-on-tour.ch\/wp-content\/uploads\/2025\/05\/Uruguay_Ende-023-1024x769.jpg\" alt=\"\" class=\"wp-image-27120\" srcset=\"https:\/\/www.askja-on-tour.ch\/wp-content\/uploads\/2025\/05\/Uruguay_Ende-023-1024x769.jpg 1024w, https:\/\/www.askja-on-tour.ch\/wp-content\/uploads\/2025\/05\/Uruguay_Ende-023-1600x1201.jpg 1600w, https:\/\/www.askja-on-tour.ch\/wp-content\/uploads\/2025\/05\/Uruguay_Ende-023-768x576.jpg 768w, https:\/\/www.askja-on-tour.ch\/wp-content\/uploads\/2025\/05\/Uruguay_Ende-023-1536x1153.jpg 1536w, https:\/\/www.askja-on-tour.ch\/wp-content\/uploads\/2025\/05\/Uruguay_Ende-023.jpg 2048w\" sizes=\"auto, (max-width: 1024px) 100vw, 1024px\" \/><figcaption class=\"wp-element-caption\">Monk Parakeet (M\u00f6nchssittich)<\/figcaption><\/figure>\n\n\n\n<figure class=\"wp-block-image\"><img loading=\"lazy\" decoding=\"async\" width=\"1024\" height=\"769\" src=\"https:\/\/www.askja-on-tour.ch\/wp-content\/uploads\/2025\/05\/Uruguay_Ende-024-1024x769.jpg\" alt=\"\" class=\"wp-image-27121\" srcset=\"https:\/\/www.askja-on-tour.ch\/wp-content\/uploads\/2025\/05\/Uruguay_Ende-024-1024x769.jpg 1024w, https:\/\/www.askja-on-tour.ch\/wp-content\/uploads\/2025\/05\/Uruguay_Ende-024-1600x1201.jpg 1600w, https:\/\/www.askja-on-tour.ch\/wp-content\/uploads\/2025\/05\/Uruguay_Ende-024-768x576.jpg 768w, https:\/\/www.askja-on-tour.ch\/wp-content\/uploads\/2025\/05\/Uruguay_Ende-024-1536x1153.jpg 1536w, https:\/\/www.askja-on-tour.ch\/wp-content\/uploads\/2025\/05\/Uruguay_Ende-024.jpg 2048w\" sizes=\"auto, (max-width: 1024px) 100vw, 1024px\" \/><\/figure>\n\n\n\n<figure class=\"wp-block-image\"><img loading=\"lazy\" decoding=\"async\" width=\"1024\" height=\"769\" src=\"https:\/\/www.askja-on-tour.ch\/wp-content\/uploads\/2025\/05\/Uruguay_Ende-025-1024x769.jpg\" alt=\"\" class=\"wp-image-27122\" srcset=\"https:\/\/www.askja-on-tour.ch\/wp-content\/uploads\/2025\/05\/Uruguay_Ende-025-1024x769.jpg 1024w, https:\/\/www.askja-on-tour.ch\/wp-content\/uploads\/2025\/05\/Uruguay_Ende-025-1600x1201.jpg 1600w, https:\/\/www.askja-on-tour.ch\/wp-content\/uploads\/2025\/05\/Uruguay_Ende-025-768x576.jpg 768w, https:\/\/www.askja-on-tour.ch\/wp-content\/uploads\/2025\/05\/Uruguay_Ende-025-1536x1153.jpg 1536w, https:\/\/www.askja-on-tour.ch\/wp-content\/uploads\/2025\/05\/Uruguay_Ende-025.jpg 2048w\" sizes=\"auto, (max-width: 1024px) 100vw, 1024px\" \/><\/figure>\n\n\n\n<figure class=\"wp-block-image\"><img loading=\"lazy\" decoding=\"async\" width=\"1024\" height=\"769\" src=\"https:\/\/www.askja-on-tour.ch\/wp-content\/uploads\/2025\/05\/Uruguay_Ende-026-1024x769.jpg\" alt=\"\" class=\"wp-image-27123\" srcset=\"https:\/\/www.askja-on-tour.ch\/wp-content\/uploads\/2025\/05\/Uruguay_Ende-026-1024x769.jpg 1024w, https:\/\/www.askja-on-tour.ch\/wp-content\/uploads\/2025\/05\/Uruguay_Ende-026-1600x1201.jpg 1600w, https:\/\/www.askja-on-tour.ch\/wp-content\/uploads\/2025\/05\/Uruguay_Ende-026-768x576.jpg 768w, https:\/\/www.askja-on-tour.ch\/wp-content\/uploads\/2025\/05\/Uruguay_Ende-026-1536x1153.jpg 1536w, https:\/\/www.askja-on-tour.ch\/wp-content\/uploads\/2025\/05\/Uruguay_Ende-026.jpg 2048w\" sizes=\"auto, (max-width: 1024px) 100vw, 1024px\" \/><\/figure>\n\n\n\n<p class=\"wp-block-paragraph\"><\/p>\n\n\n\n<figure class=\"wp-block-image alignnone size-medium wp-image-27187\"><img loading=\"lazy\" decoding=\"async\" width=\"769\" height=\"1024\" src=\"https:\/\/www.askja-on-tour.ch\/wp-content\/uploads\/2025\/05\/Uruguay_Ende-050-1-769x1024.jpg\" alt=\"\" class=\"wp-image-27187\" srcset=\"https:\/\/www.askja-on-tour.ch\/wp-content\/uploads\/2025\/05\/Uruguay_Ende-050-1-769x1024.jpg 769w, https:\/\/www.askja-on-tour.ch\/wp-content\/uploads\/2025\/05\/Uruguay_Ende-050-1-1201x1600.jpg 1201w, https:\/\/www.askja-on-tour.ch\/wp-content\/uploads\/2025\/05\/Uruguay_Ende-050-1-768x1023.jpg 768w, https:\/\/www.askja-on-tour.ch\/wp-content\/uploads\/2025\/05\/Uruguay_Ende-050-1-1153x1536.jpg 1153w, https:\/\/www.askja-on-tour.ch\/wp-content\/uploads\/2025\/05\/Uruguay_Ende-050-1.jpg 1537w\" sizes=\"auto, (max-width: 769px) 100vw, 769px\" \/><figcaption class=\"wp-element-caption\">Rufous-Tailed Emerald (Braunschwanz-Smaragdkolibri)<\/figcaption><\/figure>\n\n\n\n<figure class=\"wp-block-image\"><img loading=\"lazy\" decoding=\"async\" width=\"1024\" height=\"769\" src=\"https:\/\/www.askja-on-tour.ch\/wp-content\/uploads\/2025\/05\/Uruguay_Ende-051-1024x769.jpg\" alt=\"\" class=\"wp-image-27188\" srcset=\"https:\/\/www.askja-on-tour.ch\/wp-content\/uploads\/2025\/05\/Uruguay_Ende-051-1024x769.jpg 1024w, https:\/\/www.askja-on-tour.ch\/wp-content\/uploads\/2025\/05\/Uruguay_Ende-051-1600x1201.jpg 1600w, https:\/\/www.askja-on-tour.ch\/wp-content\/uploads\/2025\/05\/Uruguay_Ende-051-768x576.jpg 768w, https:\/\/www.askja-on-tour.ch\/wp-content\/uploads\/2025\/05\/Uruguay_Ende-051-1536x1153.jpg 1536w, https:\/\/www.askja-on-tour.ch\/wp-content\/uploads\/2025\/05\/Uruguay_Ende-051.jpg 2048w\" sizes=\"auto, (max-width: 1024px) 100vw, 1024px\" \/><\/figure>\n\n\n\n<p class=\"wp-block-paragraph\"><\/p>\n\n\n\n<p class=\"wp-block-paragraph\">Wir werden Askja bei UY Storage einstellen und hoffen, dass Askja nach unserer R\u00fcckkehr eine neues auf Lithium-Batterien aufbauendes, einheitliches Stromsystem und eine neue Sonnenstore erhalten hat.<\/p>\n\n\n\n<p class=\"wp-block-paragraph\">Ende Juli setzen wir unsere Reise durch S\u00fcdamerika wieder fort.<\/p>\n\n\n","protected":false},"excerpt":{"rendered":"<p>Von Paysand\u00fa sind wir gem\u00fctlich Richtung Montevideo gefahren. In Nuevo Berl\u00edn haben wir wir die Nacht beim Fussballfeld verbracht. Da wir keine Nacht ohne Strom mehr stehen k\u00f6nnen (unsere Batterien scheinen den Geist ganz aufgegeben zu haben), sind wir immer<\/p>\n","protected":false},"author":3,"featured_media":0,"comment_status":"open","ping_status":"closed","sticky":false,"template":"","format":"standard","meta":{"footnotes":""},"categories":[50,1,53],"tags":[],"class_list":["post-27096","post","type-post","status-publish","format-standard","hentry","category-suedamerika_2024_2026","category-uncategorized","category-uruguay_2025"],"_links":{"self":[{"href":"https:\/\/www.askja-on-tour.ch\/index.php?rest_route=\/wp\/v2\/posts\/27096","targetHints":{"allow":["GET"]}}],"collection":[{"href":"https:\/\/www.askja-on-tour.ch\/index.php?rest_route=\/wp\/v2\/posts"}],"about":[{"href":"https:\/\/www.askja-on-tour.ch\/index.php?rest_route=\/wp\/v2\/types\/post"}],"author":[{"embeddable":true,"href":"https:\/\/www.askja-on-tour.ch\/index.php?rest_route=\/wp\/v2\/users\/3"}],"replies":[{"embeddable":true,"href":"https:\/\/www.askja-on-tour.ch\/index.php?rest_route=%2Fwp%2Fv2%2Fcomments&post=27096"}],"version-history":[{"count":10,"href":"https:\/\/www.askja-on-tour.ch\/index.php?rest_route=\/wp\/v2\/posts\/27096\/revisions"}],"predecessor-version":[{"id":27208,"href":"https:\/\/www.askja-on-tour.ch\/index.php?rest_route=\/wp\/v2\/posts\/27096\/revisions\/27208"}],"wp:attachment":[{"href":"https:\/\/www.askja-on-tour.ch\/index.php?rest_route=%2Fwp%2Fv2%2Fmedia&parent=27096"}],"wp:term":[{"taxonomy":"category","embeddable":true,"href":"https:\/\/www.askja-on-tour.ch\/index.php?rest_route=%2Fwp%2Fv2%2Fcategories&post=27096"},{"taxonomy":"post_tag","embeddable":true,"href":"https:\/\/www.askja-on-tour.ch\/index.php?rest_route=%2Fwp%2Fv2%2Ftags&post=27096"}],"curies":[{"name":"wp","href":"https:\/\/api.w.org\/{rel}","templated":true}]}}