{"id":26563,"date":"2025-04-22T02:37:05","date_gmt":"2025-04-22T02:37:05","guid":{"rendered":"https:\/\/www.askja-on-tour.ch\/?p=26563"},"modified":"2025-04-22T03:17:42","modified_gmt":"2025-04-22T03:17:42","slug":"14-04-20-04-2025-weniger-durchgeruettelt-auf-der-carretera-austral-teil-2","status":"publish","type":"post","link":"https:\/\/www.askja-on-tour.ch\/?p=26563","title":{"rendered":"14.04. \u2013 20.04.2025: Weniger durchger\u00fcttelt auf der Carretera Austral \u2013 Teil 2"},"content":{"rendered":"\n<p><a href=\"https:\/\/www.google.com\/maps\/d\/edit?mid=1Y30xUB5KjCIs6BX7UzqN6qqF1HW0-IQ&amp;usp=sharing\" target=\"_blank\" rel=\"noopener\">Karte mit unserer aktuellen Route<\/a><\/p>\n<p>Seit Coyhaique ist der Regen unser regelm\u00e4ssiger Begleiter \u2013 so richtig herbstlich eben. Regen, Niesel, bew\u00f6lkt, Sonne \u2013 und abwechseln. Ab Coyhaique sind die Strassen wieder eher Teer (nicht immer ganz klar, da an vielen Stellen der Teer weggebrochen oder die Schlagl\u00f6cher breiter als der Teer ist).<\/p>\n<p>Von Coyhaique sind wir nach Puerto Cisnes, einem kleinen Fischerdorf gefahren, wo wir Boondocking machten, d.h. wir stellen uns irgendwo an den Strassenrand, verdunktelten die Fenster und haben eine ruhige Nacht verbracht.<\/p>\n<figure id=\"attachment_26566\" aria-describedby=\"caption-attachment-26566\" style=\"width: 1024px\" class=\"wp-caption alignnone\"><img loading=\"lazy\" decoding=\"async\" class=\"size-medium wp-image-26566\" src=\"https:\/\/www.askja-on-tour.ch\/wp-content\/uploads\/2025\/04\/Carreterra_2-003-1024x768.jpg\" alt=\"\" width=\"1024\" height=\"768\" srcset=\"https:\/\/www.askja-on-tour.ch\/wp-content\/uploads\/2025\/04\/Carreterra_2-003-1024x768.jpg 1024w, https:\/\/www.askja-on-tour.ch\/wp-content\/uploads\/2025\/04\/Carreterra_2-003-1600x1200.jpg 1600w, https:\/\/www.askja-on-tour.ch\/wp-content\/uploads\/2025\/04\/Carreterra_2-003-768x576.jpg 768w, https:\/\/www.askja-on-tour.ch\/wp-content\/uploads\/2025\/04\/Carreterra_2-003-1536x1152.jpg 1536w, https:\/\/www.askja-on-tour.ch\/wp-content\/uploads\/2025\/04\/Carreterra_2-003.jpg 2048w\" sizes=\"auto, (max-width: 1024px) 100vw, 1024px\" \/><figcaption id=\"caption-attachment-26566\" class=\"wp-caption-text\">Puerto Cisnes<\/figcaption><\/figure>\n<p><img loading=\"lazy\" decoding=\"async\" class=\"alignnone size-medium wp-image-26567\" src=\"https:\/\/www.askja-on-tour.ch\/wp-content\/uploads\/2025\/04\/Carreterra_2-004-1024x768.jpg\" alt=\"\" width=\"1024\" height=\"768\" srcset=\"https:\/\/www.askja-on-tour.ch\/wp-content\/uploads\/2025\/04\/Carreterra_2-004-1024x768.jpg 1024w, https:\/\/www.askja-on-tour.ch\/wp-content\/uploads\/2025\/04\/Carreterra_2-004-1600x1200.jpg 1600w, https:\/\/www.askja-on-tour.ch\/wp-content\/uploads\/2025\/04\/Carreterra_2-004-768x576.jpg 768w, https:\/\/www.askja-on-tour.ch\/wp-content\/uploads\/2025\/04\/Carreterra_2-004-1536x1152.jpg 1536w, https:\/\/www.askja-on-tour.ch\/wp-content\/uploads\/2025\/04\/Carreterra_2-004.jpg 2048w\" sizes=\"auto, (max-width: 1024px) 100vw, 1024px\" \/> <img loading=\"lazy\" decoding=\"async\" class=\"alignnone size-medium wp-image-26568\" src=\"https:\/\/www.askja-on-tour.ch\/wp-content\/uploads\/2025\/04\/Carreterra_2-005-1024x768.jpg\" alt=\"\" width=\"1024\" height=\"768\" srcset=\"https:\/\/www.askja-on-tour.ch\/wp-content\/uploads\/2025\/04\/Carreterra_2-005-1024x768.jpg 1024w, https:\/\/www.askja-on-tour.ch\/wp-content\/uploads\/2025\/04\/Carreterra_2-005-1600x1200.jpg 1600w, https:\/\/www.askja-on-tour.ch\/wp-content\/uploads\/2025\/04\/Carreterra_2-005-768x576.jpg 768w, https:\/\/www.askja-on-tour.ch\/wp-content\/uploads\/2025\/04\/Carreterra_2-005-1536x1152.jpg 1536w, https:\/\/www.askja-on-tour.ch\/wp-content\/uploads\/2025\/04\/Carreterra_2-005.jpg 2048w\" sizes=\"auto, (max-width: 1024px) 100vw, 1024px\" \/> <img loading=\"lazy\" decoding=\"async\" class=\"alignnone size-medium wp-image-26569\" src=\"https:\/\/www.askja-on-tour.ch\/wp-content\/uploads\/2025\/04\/Carreterra_2-006-1024x768.jpg\" alt=\"\" width=\"1024\" height=\"768\" srcset=\"https:\/\/www.askja-on-tour.ch\/wp-content\/uploads\/2025\/04\/Carreterra_2-006-1024x768.jpg 1024w, https:\/\/www.askja-on-tour.ch\/wp-content\/uploads\/2025\/04\/Carreterra_2-006-1600x1200.jpg 1600w, https:\/\/www.askja-on-tour.ch\/wp-content\/uploads\/2025\/04\/Carreterra_2-006-768x576.jpg 768w, https:\/\/www.askja-on-tour.ch\/wp-content\/uploads\/2025\/04\/Carreterra_2-006-1536x1152.jpg 1536w, https:\/\/www.askja-on-tour.ch\/wp-content\/uploads\/2025\/04\/Carreterra_2-006.jpg 2048w\" sizes=\"auto, (max-width: 1024px) 100vw, 1024px\" \/> <img loading=\"lazy\" decoding=\"async\" class=\"alignnone size-medium wp-image-26570\" src=\"https:\/\/www.askja-on-tour.ch\/wp-content\/uploads\/2025\/04\/Carreterra_2-007-1024x768.jpg\" alt=\"\" width=\"1024\" height=\"768\" srcset=\"https:\/\/www.askja-on-tour.ch\/wp-content\/uploads\/2025\/04\/Carreterra_2-007-1024x768.jpg 1024w, https:\/\/www.askja-on-tour.ch\/wp-content\/uploads\/2025\/04\/Carreterra_2-007-1600x1200.jpg 1600w, https:\/\/www.askja-on-tour.ch\/wp-content\/uploads\/2025\/04\/Carreterra_2-007-768x576.jpg 768w, https:\/\/www.askja-on-tour.ch\/wp-content\/uploads\/2025\/04\/Carreterra_2-007-1536x1152.jpg 1536w, https:\/\/www.askja-on-tour.ch\/wp-content\/uploads\/2025\/04\/Carreterra_2-007.jpg 2048w\" sizes=\"auto, (max-width: 1024px) 100vw, 1024px\" \/><\/p>\n<p>In den letzten Tagen haben wir nebst Gedenkst\u00e4dten f\u00fcr Gauchito Gil solche f\u00fcr San Sebastian angetroffen. Der Heilige Sebastian war ein r\u00f6mischer Soldat und M\u00e4rtyrer, der in der katholischen und orthodoxen Kirche verehrt wird. Er wird besonders als Schutzheiliger gegen Pest und andere Seuchen verehrt.<\/p>\n<figure id=\"attachment_26564\" aria-describedby=\"caption-attachment-26564\" style=\"width: 1024px\" class=\"wp-caption alignnone\"><img loading=\"lazy\" decoding=\"async\" class=\"size-medium wp-image-26564\" src=\"https:\/\/www.askja-on-tour.ch\/wp-content\/uploads\/2025\/04\/Carreterra_2-001-1024x768.jpg\" alt=\"\" width=\"1024\" height=\"768\" srcset=\"https:\/\/www.askja-on-tour.ch\/wp-content\/uploads\/2025\/04\/Carreterra_2-001-1024x768.jpg 1024w, https:\/\/www.askja-on-tour.ch\/wp-content\/uploads\/2025\/04\/Carreterra_2-001-1600x1200.jpg 1600w, https:\/\/www.askja-on-tour.ch\/wp-content\/uploads\/2025\/04\/Carreterra_2-001-768x576.jpg 768w, https:\/\/www.askja-on-tour.ch\/wp-content\/uploads\/2025\/04\/Carreterra_2-001-1536x1152.jpg 1536w, https:\/\/www.askja-on-tour.ch\/wp-content\/uploads\/2025\/04\/Carreterra_2-001.jpg 2048w\" sizes=\"auto, (max-width: 1024px) 100vw, 1024px\" \/><figcaption id=\"caption-attachment-26564\" class=\"wp-caption-text\">Gedenkst\u00e4dte des Heiligen San Sebastian<\/figcaption><\/figure>\n<p><img loading=\"lazy\" decoding=\"async\" class=\"alignnone size-medium wp-image-26565\" src=\"https:\/\/www.askja-on-tour.ch\/wp-content\/uploads\/2025\/04\/Carreterra_2-002-768x1024.jpg\" alt=\"\" width=\"768\" height=\"1024\" srcset=\"https:\/\/www.askja-on-tour.ch\/wp-content\/uploads\/2025\/04\/Carreterra_2-002-768x1024.jpg 768w, https:\/\/www.askja-on-tour.ch\/wp-content\/uploads\/2025\/04\/Carreterra_2-002-1200x1600.jpg 1200w, https:\/\/www.askja-on-tour.ch\/wp-content\/uploads\/2025\/04\/Carreterra_2-002-1152x1536.jpg 1152w, https:\/\/www.askja-on-tour.ch\/wp-content\/uploads\/2025\/04\/Carreterra_2-002.jpg 1536w\" sizes=\"auto, (max-width: 768px) 100vw, 768px\" \/><\/p>\n<p>Am Morgen haben wir uns den Pass, der wieder nicht geteert ist, vorgenommen. Er hat unz\u00e4hlige Haarnadelkurven und teilweise sehr enge Passagen. Fast unvorstellbar, dass dies eine Hauptverkehrsachse, auch f\u00fcr alle LKWs ist.<\/p>\n<figure id=\"attachment_26573\" aria-describedby=\"caption-attachment-26573\" style=\"width: 1024px\" class=\"wp-caption alignnone\"><img loading=\"lazy\" decoding=\"async\" class=\"size-medium wp-image-26573\" src=\"https:\/\/www.askja-on-tour.ch\/wp-content\/uploads\/2025\/04\/Carreterra_2-010-1024x768.jpg\" alt=\"\" width=\"1024\" height=\"768\" srcset=\"https:\/\/www.askja-on-tour.ch\/wp-content\/uploads\/2025\/04\/Carreterra_2-010-1024x768.jpg 1024w, https:\/\/www.askja-on-tour.ch\/wp-content\/uploads\/2025\/04\/Carreterra_2-010-1600x1200.jpg 1600w, https:\/\/www.askja-on-tour.ch\/wp-content\/uploads\/2025\/04\/Carreterra_2-010-768x576.jpg 768w, https:\/\/www.askja-on-tour.ch\/wp-content\/uploads\/2025\/04\/Carreterra_2-010-1536x1152.jpg 1536w, https:\/\/www.askja-on-tour.ch\/wp-content\/uploads\/2025\/04\/Carreterra_2-010.jpg 2048w\" sizes=\"auto, (max-width: 1024px) 100vw, 1024px\" \/><figcaption id=\"caption-attachment-26573\" class=\"wp-caption-text\">Die vielen Haarnadelkurven<\/figcaption><\/figure>\n<p><img loading=\"lazy\" decoding=\"async\" class=\"alignnone size-medium wp-image-26572\" src=\"https:\/\/www.askja-on-tour.ch\/wp-content\/uploads\/2025\/04\/Carreterra_2-009-1024x768.jpg\" alt=\"\" width=\"1024\" height=\"768\" srcset=\"https:\/\/www.askja-on-tour.ch\/wp-content\/uploads\/2025\/04\/Carreterra_2-009-1024x768.jpg 1024w, https:\/\/www.askja-on-tour.ch\/wp-content\/uploads\/2025\/04\/Carreterra_2-009-1600x1200.jpg 1600w, https:\/\/www.askja-on-tour.ch\/wp-content\/uploads\/2025\/04\/Carreterra_2-009-768x576.jpg 768w, https:\/\/www.askja-on-tour.ch\/wp-content\/uploads\/2025\/04\/Carreterra_2-009-1536x1152.jpg 1536w, https:\/\/www.askja-on-tour.ch\/wp-content\/uploads\/2025\/04\/Carreterra_2-009.jpg 2048w\" sizes=\"auto, (max-width: 1024px) 100vw, 1024px\" \/> <img loading=\"lazy\" decoding=\"async\" class=\"alignnone size-medium wp-image-26574\" src=\"https:\/\/www.askja-on-tour.ch\/wp-content\/uploads\/2025\/04\/Carreterra_2-011-1024x768.jpg\" alt=\"\" width=\"1024\" height=\"768\" srcset=\"https:\/\/www.askja-on-tour.ch\/wp-content\/uploads\/2025\/04\/Carreterra_2-011-1024x768.jpg 1024w, https:\/\/www.askja-on-tour.ch\/wp-content\/uploads\/2025\/04\/Carreterra_2-011-1600x1200.jpg 1600w, https:\/\/www.askja-on-tour.ch\/wp-content\/uploads\/2025\/04\/Carreterra_2-011-768x576.jpg 768w, https:\/\/www.askja-on-tour.ch\/wp-content\/uploads\/2025\/04\/Carreterra_2-011-1536x1152.jpg 1536w, https:\/\/www.askja-on-tour.ch\/wp-content\/uploads\/2025\/04\/Carreterra_2-011.jpg 2048w\" sizes=\"auto, (max-width: 1024px) 100vw, 1024px\" \/> <img loading=\"lazy\" decoding=\"async\" class=\"alignnone size-medium wp-image-26575\" src=\"https:\/\/www.askja-on-tour.ch\/wp-content\/uploads\/2025\/04\/Carreterra_2-012-1024x768.jpg\" alt=\"\" width=\"1024\" height=\"768\" srcset=\"https:\/\/www.askja-on-tour.ch\/wp-content\/uploads\/2025\/04\/Carreterra_2-012-1024x768.jpg 1024w, https:\/\/www.askja-on-tour.ch\/wp-content\/uploads\/2025\/04\/Carreterra_2-012-1600x1200.jpg 1600w, https:\/\/www.askja-on-tour.ch\/wp-content\/uploads\/2025\/04\/Carreterra_2-012-768x576.jpg 768w, https:\/\/www.askja-on-tour.ch\/wp-content\/uploads\/2025\/04\/Carreterra_2-012-1536x1152.jpg 1536w, https:\/\/www.askja-on-tour.ch\/wp-content\/uploads\/2025\/04\/Carreterra_2-012.jpg 2048w\" sizes=\"auto, (max-width: 1024px) 100vw, 1024px\" \/> <img loading=\"lazy\" decoding=\"async\" class=\"alignnone size-medium wp-image-26582\" src=\"https:\/\/www.askja-on-tour.ch\/wp-content\/uploads\/2025\/04\/Carreterra_2-019-1024x768.jpg\" alt=\"\" width=\"1024\" height=\"768\" srcset=\"https:\/\/www.askja-on-tour.ch\/wp-content\/uploads\/2025\/04\/Carreterra_2-019-1024x768.jpg 1024w, https:\/\/www.askja-on-tour.ch\/wp-content\/uploads\/2025\/04\/Carreterra_2-019-1600x1200.jpg 1600w, https:\/\/www.askja-on-tour.ch\/wp-content\/uploads\/2025\/04\/Carreterra_2-019-768x576.jpg 768w, https:\/\/www.askja-on-tour.ch\/wp-content\/uploads\/2025\/04\/Carreterra_2-019-1536x1152.jpg 1536w, https:\/\/www.askja-on-tour.ch\/wp-content\/uploads\/2025\/04\/Carreterra_2-019.jpg 2048w\" sizes=\"auto, (max-width: 1024px) 100vw, 1024px\" \/><\/p>\n<p>Im Nationalpark Queeulat haben wir eine kurze Wanderung zum Mirador Ventisquero Colgante, dem H\u00e4ngegletscher gemacht. Leider war die gr\u00f6sse Wanderung gesperrt, da der Weg erneuert wird.<\/p>\n<figure id=\"attachment_26583\" aria-describedby=\"caption-attachment-26583\" style=\"width: 1024px\" class=\"wp-caption alignnone\"><img loading=\"lazy\" decoding=\"async\" class=\"size-medium wp-image-26583\" src=\"https:\/\/www.askja-on-tour.ch\/wp-content\/uploads\/2025\/04\/Carreterra_2-020-1024x768.jpg\" alt=\"\" width=\"1024\" height=\"768\" srcset=\"https:\/\/www.askja-on-tour.ch\/wp-content\/uploads\/2025\/04\/Carreterra_2-020-1024x768.jpg 1024w, https:\/\/www.askja-on-tour.ch\/wp-content\/uploads\/2025\/04\/Carreterra_2-020-1600x1200.jpg 1600w, https:\/\/www.askja-on-tour.ch\/wp-content\/uploads\/2025\/04\/Carreterra_2-020-768x576.jpg 768w, https:\/\/www.askja-on-tour.ch\/wp-content\/uploads\/2025\/04\/Carreterra_2-020-1536x1152.jpg 1536w, https:\/\/www.askja-on-tour.ch\/wp-content\/uploads\/2025\/04\/Carreterra_2-020.jpg 2048w\" sizes=\"auto, (max-width: 1024px) 100vw, 1024px\" \/><figcaption id=\"caption-attachment-26583\" class=\"wp-caption-text\">Der H\u00e4ngegletscher<\/figcaption><\/figure>\n<figure id=\"attachment_26585\" aria-describedby=\"caption-attachment-26585\" style=\"width: 768px\" class=\"wp-caption alignnone\"><img loading=\"lazy\" decoding=\"async\" class=\"size-medium wp-image-26585\" src=\"https:\/\/www.askja-on-tour.ch\/wp-content\/uploads\/2025\/04\/Carreterra_2-022-768x1024.jpg\" alt=\"\" width=\"768\" height=\"1024\" srcset=\"https:\/\/www.askja-on-tour.ch\/wp-content\/uploads\/2025\/04\/Carreterra_2-022-768x1024.jpg 768w, https:\/\/www.askja-on-tour.ch\/wp-content\/uploads\/2025\/04\/Carreterra_2-022-1200x1600.jpg 1200w, https:\/\/www.askja-on-tour.ch\/wp-content\/uploads\/2025\/04\/Carreterra_2-022-1152x1536.jpg 1152w, https:\/\/www.askja-on-tour.ch\/wp-content\/uploads\/2025\/04\/Carreterra_2-022.jpg 1536w\" sizes=\"auto, (max-width: 768px) 100vw, 768px\" \/><figcaption id=\"caption-attachment-26585\" class=\"wp-caption-text\">Im Regenwald<\/figcaption><\/figure>\n<figure id=\"attachment_26571\" aria-describedby=\"caption-attachment-26571\" style=\"width: 1024px\" class=\"wp-caption alignnone\"><img loading=\"lazy\" decoding=\"async\" class=\"size-medium wp-image-26571\" src=\"https:\/\/www.askja-on-tour.ch\/wp-content\/uploads\/2025\/04\/Carreterra_2-008-1024x768.jpg\" alt=\"\" width=\"1024\" height=\"768\" srcset=\"https:\/\/www.askja-on-tour.ch\/wp-content\/uploads\/2025\/04\/Carreterra_2-008-1024x768.jpg 1024w, https:\/\/www.askja-on-tour.ch\/wp-content\/uploads\/2025\/04\/Carreterra_2-008-1600x1200.jpg 1600w, https:\/\/www.askja-on-tour.ch\/wp-content\/uploads\/2025\/04\/Carreterra_2-008-768x576.jpg 768w, https:\/\/www.askja-on-tour.ch\/wp-content\/uploads\/2025\/04\/Carreterra_2-008-1536x1152.jpg 1536w, https:\/\/www.askja-on-tour.ch\/wp-content\/uploads\/2025\/04\/Carreterra_2-008.jpg 2048w\" sizes=\"auto, (max-width: 1024px) 100vw, 1024px\" \/><figcaption id=\"caption-attachment-26571\" class=\"wp-caption-text\">Vogel pickt die Samen vom Fruchtstand des Mammutblattes<\/figcaption><\/figure>\n<p><img loading=\"lazy\" decoding=\"async\" class=\"alignnone size-medium wp-image-26576\" src=\"https:\/\/www.askja-on-tour.ch\/wp-content\/uploads\/2025\/04\/Carreterra_2-013-768x1024.jpg\" alt=\"\" width=\"768\" height=\"1024\" srcset=\"https:\/\/www.askja-on-tour.ch\/wp-content\/uploads\/2025\/04\/Carreterra_2-013-768x1024.jpg 768w, https:\/\/www.askja-on-tour.ch\/wp-content\/uploads\/2025\/04\/Carreterra_2-013-1200x1600.jpg 1200w, https:\/\/www.askja-on-tour.ch\/wp-content\/uploads\/2025\/04\/Carreterra_2-013-1152x1536.jpg 1152w, https:\/\/www.askja-on-tour.ch\/wp-content\/uploads\/2025\/04\/Carreterra_2-013.jpg 1536w\" sizes=\"auto, (max-width: 768px) 100vw, 768px\" \/> <img loading=\"lazy\" decoding=\"async\" class=\"alignnone size-medium wp-image-26577\" src=\"https:\/\/www.askja-on-tour.ch\/wp-content\/uploads\/2025\/04\/Carreterra_2-014-1024x768.jpg\" alt=\"\" width=\"1024\" height=\"768\" srcset=\"https:\/\/www.askja-on-tour.ch\/wp-content\/uploads\/2025\/04\/Carreterra_2-014-1024x768.jpg 1024w, https:\/\/www.askja-on-tour.ch\/wp-content\/uploads\/2025\/04\/Carreterra_2-014-1600x1200.jpg 1600w, https:\/\/www.askja-on-tour.ch\/wp-content\/uploads\/2025\/04\/Carreterra_2-014-768x576.jpg 768w, https:\/\/www.askja-on-tour.ch\/wp-content\/uploads\/2025\/04\/Carreterra_2-014-1536x1152.jpg 1536w, https:\/\/www.askja-on-tour.ch\/wp-content\/uploads\/2025\/04\/Carreterra_2-014.jpg 2048w\" sizes=\"auto, (max-width: 1024px) 100vw, 1024px\" \/> <img loading=\"lazy\" decoding=\"async\" class=\"alignnone size-medium wp-image-26578\" src=\"https:\/\/www.askja-on-tour.ch\/wp-content\/uploads\/2025\/04\/Carreterra_2-015-1024x768.jpg\" alt=\"\" width=\"1024\" height=\"768\" srcset=\"https:\/\/www.askja-on-tour.ch\/wp-content\/uploads\/2025\/04\/Carreterra_2-015-1024x768.jpg 1024w, https:\/\/www.askja-on-tour.ch\/wp-content\/uploads\/2025\/04\/Carreterra_2-015-1600x1200.jpg 1600w, https:\/\/www.askja-on-tour.ch\/wp-content\/uploads\/2025\/04\/Carreterra_2-015-768x576.jpg 768w, https:\/\/www.askja-on-tour.ch\/wp-content\/uploads\/2025\/04\/Carreterra_2-015-1536x1152.jpg 1536w, https:\/\/www.askja-on-tour.ch\/wp-content\/uploads\/2025\/04\/Carreterra_2-015.jpg 2048w\" sizes=\"auto, (max-width: 1024px) 100vw, 1024px\" \/> <img loading=\"lazy\" decoding=\"async\" class=\"alignnone size-medium wp-image-26579\" src=\"https:\/\/www.askja-on-tour.ch\/wp-content\/uploads\/2025\/04\/Carreterra_2-016-1024x768.jpg\" alt=\"\" width=\"1024\" height=\"768\" srcset=\"https:\/\/www.askja-on-tour.ch\/wp-content\/uploads\/2025\/04\/Carreterra_2-016-1024x768.jpg 1024w, https:\/\/www.askja-on-tour.ch\/wp-content\/uploads\/2025\/04\/Carreterra_2-016-1600x1200.jpg 1600w, https:\/\/www.askja-on-tour.ch\/wp-content\/uploads\/2025\/04\/Carreterra_2-016-768x576.jpg 768w, https:\/\/www.askja-on-tour.ch\/wp-content\/uploads\/2025\/04\/Carreterra_2-016-1536x1152.jpg 1536w, https:\/\/www.askja-on-tour.ch\/wp-content\/uploads\/2025\/04\/Carreterra_2-016.jpg 2048w\" sizes=\"auto, (max-width: 1024px) 100vw, 1024px\" \/> <img loading=\"lazy\" decoding=\"async\" class=\"alignnone size-medium wp-image-26580\" src=\"https:\/\/www.askja-on-tour.ch\/wp-content\/uploads\/2025\/04\/Carreterra_2-017-1024x768.jpg\" alt=\"\" width=\"1024\" height=\"768\" srcset=\"https:\/\/www.askja-on-tour.ch\/wp-content\/uploads\/2025\/04\/Carreterra_2-017-1024x768.jpg 1024w, https:\/\/www.askja-on-tour.ch\/wp-content\/uploads\/2025\/04\/Carreterra_2-017-1600x1200.jpg 1600w, https:\/\/www.askja-on-tour.ch\/wp-content\/uploads\/2025\/04\/Carreterra_2-017-768x576.jpg 768w, https:\/\/www.askja-on-tour.ch\/wp-content\/uploads\/2025\/04\/Carreterra_2-017-1536x1152.jpg 1536w, https:\/\/www.askja-on-tour.ch\/wp-content\/uploads\/2025\/04\/Carreterra_2-017.jpg 2048w\" sizes=\"auto, (max-width: 1024px) 100vw, 1024px\" \/> <img loading=\"lazy\" decoding=\"async\" class=\"alignnone size-medium wp-image-26581\" src=\"https:\/\/www.askja-on-tour.ch\/wp-content\/uploads\/2025\/04\/Carreterra_2-018-768x1024.jpg\" alt=\"\" width=\"768\" height=\"1024\" srcset=\"https:\/\/www.askja-on-tour.ch\/wp-content\/uploads\/2025\/04\/Carreterra_2-018-768x1024.jpg 768w, https:\/\/www.askja-on-tour.ch\/wp-content\/uploads\/2025\/04\/Carreterra_2-018-1200x1600.jpg 1200w, https:\/\/www.askja-on-tour.ch\/wp-content\/uploads\/2025\/04\/Carreterra_2-018-1152x1536.jpg 1152w, https:\/\/www.askja-on-tour.ch\/wp-content\/uploads\/2025\/04\/Carreterra_2-018.jpg 1536w\" sizes=\"auto, (max-width: 768px) 100vw, 768px\" \/> <img loading=\"lazy\" decoding=\"async\" class=\"alignnone size-medium wp-image-26586\" src=\"https:\/\/www.askja-on-tour.ch\/wp-content\/uploads\/2025\/04\/Carreterra_2-023-1024x768.jpg\" alt=\"\" width=\"1024\" height=\"768\" srcset=\"https:\/\/www.askja-on-tour.ch\/wp-content\/uploads\/2025\/04\/Carreterra_2-023-1024x768.jpg 1024w, https:\/\/www.askja-on-tour.ch\/wp-content\/uploads\/2025\/04\/Carreterra_2-023-1600x1200.jpg 1600w, https:\/\/www.askja-on-tour.ch\/wp-content\/uploads\/2025\/04\/Carreterra_2-023-768x576.jpg 768w, https:\/\/www.askja-on-tour.ch\/wp-content\/uploads\/2025\/04\/Carreterra_2-023-1536x1152.jpg 1536w, https:\/\/www.askja-on-tour.ch\/wp-content\/uploads\/2025\/04\/Carreterra_2-023.jpg 2048w\" sizes=\"auto, (max-width: 1024px) 100vw, 1024px\" \/> <img loading=\"lazy\" decoding=\"async\" class=\"alignnone size-medium wp-image-26587\" src=\"https:\/\/www.askja-on-tour.ch\/wp-content\/uploads\/2025\/04\/Carreterra_2-024-1024x768.jpg\" alt=\"\" width=\"1024\" height=\"768\" srcset=\"https:\/\/www.askja-on-tour.ch\/wp-content\/uploads\/2025\/04\/Carreterra_2-024-1024x768.jpg 1024w, https:\/\/www.askja-on-tour.ch\/wp-content\/uploads\/2025\/04\/Carreterra_2-024-1600x1200.jpg 1600w, https:\/\/www.askja-on-tour.ch\/wp-content\/uploads\/2025\/04\/Carreterra_2-024-768x576.jpg 768w, https:\/\/www.askja-on-tour.ch\/wp-content\/uploads\/2025\/04\/Carreterra_2-024-1536x1152.jpg 1536w, https:\/\/www.askja-on-tour.ch\/wp-content\/uploads\/2025\/04\/Carreterra_2-024.jpg 2048w\" sizes=\"auto, (max-width: 1024px) 100vw, 1024px\" \/> <img loading=\"lazy\" decoding=\"async\" class=\"alignnone size-medium wp-image-26588\" src=\"https:\/\/www.askja-on-tour.ch\/wp-content\/uploads\/2025\/04\/Carreterra_2-025-1024x768.jpg\" alt=\"\" width=\"1024\" height=\"768\" srcset=\"https:\/\/www.askja-on-tour.ch\/wp-content\/uploads\/2025\/04\/Carreterra_2-025-1024x768.jpg 1024w, https:\/\/www.askja-on-tour.ch\/wp-content\/uploads\/2025\/04\/Carreterra_2-025-1600x1200.jpg 1600w, https:\/\/www.askja-on-tour.ch\/wp-content\/uploads\/2025\/04\/Carreterra_2-025-768x576.jpg 768w, https:\/\/www.askja-on-tour.ch\/wp-content\/uploads\/2025\/04\/Carreterra_2-025-1536x1152.jpg 1536w, https:\/\/www.askja-on-tour.ch\/wp-content\/uploads\/2025\/04\/Carreterra_2-025.jpg 2048w\" sizes=\"auto, (max-width: 1024px) 100vw, 1024px\" \/> <img loading=\"lazy\" decoding=\"async\" class=\"alignnone size-medium wp-image-26589\" src=\"https:\/\/www.askja-on-tour.ch\/wp-content\/uploads\/2025\/04\/Carreterra_2-026-1024x768.jpg\" alt=\"\" width=\"1024\" height=\"768\" srcset=\"https:\/\/www.askja-on-tour.ch\/wp-content\/uploads\/2025\/04\/Carreterra_2-026-1024x768.jpg 1024w, https:\/\/www.askja-on-tour.ch\/wp-content\/uploads\/2025\/04\/Carreterra_2-026-1600x1200.jpg 1600w, https:\/\/www.askja-on-tour.ch\/wp-content\/uploads\/2025\/04\/Carreterra_2-026-768x576.jpg 768w, https:\/\/www.askja-on-tour.ch\/wp-content\/uploads\/2025\/04\/Carreterra_2-026-1536x1152.jpg 1536w, https:\/\/www.askja-on-tour.ch\/wp-content\/uploads\/2025\/04\/Carreterra_2-026.jpg 2048w\" sizes=\"auto, (max-width: 1024px) 100vw, 1024px\" \/> <img loading=\"lazy\" decoding=\"async\" class=\"alignnone size-medium wp-image-26590\" src=\"https:\/\/www.askja-on-tour.ch\/wp-content\/uploads\/2025\/04\/Carreterra_2-027-1024x768.jpg\" alt=\"\" width=\"1024\" height=\"768\" srcset=\"https:\/\/www.askja-on-tour.ch\/wp-content\/uploads\/2025\/04\/Carreterra_2-027-1024x768.jpg 1024w, https:\/\/www.askja-on-tour.ch\/wp-content\/uploads\/2025\/04\/Carreterra_2-027-1600x1200.jpg 1600w, https:\/\/www.askja-on-tour.ch\/wp-content\/uploads\/2025\/04\/Carreterra_2-027-768x576.jpg 768w, https:\/\/www.askja-on-tour.ch\/wp-content\/uploads\/2025\/04\/Carreterra_2-027-1536x1152.jpg 1536w, https:\/\/www.askja-on-tour.ch\/wp-content\/uploads\/2025\/04\/Carreterra_2-027.jpg 2048w\" sizes=\"auto, (max-width: 1024px) 100vw, 1024px\" \/><\/p>\n<p>Anschliessend haben wir noch eine kurze Fahrt durch das von Sudetendeutschen gegr\u00fcndete Dorf Puyuhuapi gemacht. Noch einige Strassennamen erinnern an die Gr\u00fcndungszeit.<\/p>\n<figure id=\"attachment_26591\" aria-describedby=\"caption-attachment-26591\" style=\"width: 1024px\" class=\"wp-caption alignnone\"><img loading=\"lazy\" decoding=\"async\" class=\"size-medium wp-image-26591\" src=\"https:\/\/www.askja-on-tour.ch\/wp-content\/uploads\/2025\/04\/Carreterra_2-028-1024x768.jpg\" alt=\"\" width=\"1024\" height=\"768\" srcset=\"https:\/\/www.askja-on-tour.ch\/wp-content\/uploads\/2025\/04\/Carreterra_2-028-1024x768.jpg 1024w, https:\/\/www.askja-on-tour.ch\/wp-content\/uploads\/2025\/04\/Carreterra_2-028-1600x1200.jpg 1600w, https:\/\/www.askja-on-tour.ch\/wp-content\/uploads\/2025\/04\/Carreterra_2-028-768x576.jpg 768w, https:\/\/www.askja-on-tour.ch\/wp-content\/uploads\/2025\/04\/Carreterra_2-028-1536x1152.jpg 1536w, https:\/\/www.askja-on-tour.ch\/wp-content\/uploads\/2025\/04\/Carreterra_2-028.jpg 2048w\" sizes=\"auto, (max-width: 1024px) 100vw, 1024px\" \/><figcaption id=\"caption-attachment-26591\" class=\"wp-caption-text\">Puyuhuapi<\/figcaption><\/figure>\n<p><img loading=\"lazy\" decoding=\"async\" class=\"alignnone size-medium wp-image-26592\" src=\"https:\/\/www.askja-on-tour.ch\/wp-content\/uploads\/2025\/04\/Carreterra_2-029-1024x768.jpg\" alt=\"\" width=\"1024\" height=\"768\" srcset=\"https:\/\/www.askja-on-tour.ch\/wp-content\/uploads\/2025\/04\/Carreterra_2-029-1024x768.jpg 1024w, https:\/\/www.askja-on-tour.ch\/wp-content\/uploads\/2025\/04\/Carreterra_2-029-1600x1200.jpg 1600w, https:\/\/www.askja-on-tour.ch\/wp-content\/uploads\/2025\/04\/Carreterra_2-029-768x576.jpg 768w, https:\/\/www.askja-on-tour.ch\/wp-content\/uploads\/2025\/04\/Carreterra_2-029-1536x1152.jpg 1536w, https:\/\/www.askja-on-tour.ch\/wp-content\/uploads\/2025\/04\/Carreterra_2-029.jpg 2048w\" sizes=\"auto, (max-width: 1024px) 100vw, 1024px\" \/> <img loading=\"lazy\" decoding=\"async\" class=\"alignnone size-medium wp-image-26593\" src=\"https:\/\/www.askja-on-tour.ch\/wp-content\/uploads\/2025\/04\/Carreterra_2-030-1024x768.jpg\" alt=\"\" width=\"1024\" height=\"768\" srcset=\"https:\/\/www.askja-on-tour.ch\/wp-content\/uploads\/2025\/04\/Carreterra_2-030-1024x768.jpg 1024w, https:\/\/www.askja-on-tour.ch\/wp-content\/uploads\/2025\/04\/Carreterra_2-030-1600x1200.jpg 1600w, https:\/\/www.askja-on-tour.ch\/wp-content\/uploads\/2025\/04\/Carreterra_2-030-768x576.jpg 768w, https:\/\/www.askja-on-tour.ch\/wp-content\/uploads\/2025\/04\/Carreterra_2-030-1536x1152.jpg 1536w, https:\/\/www.askja-on-tour.ch\/wp-content\/uploads\/2025\/04\/Carreterra_2-030.jpg 2048w\" sizes=\"auto, (max-width: 1024px) 100vw, 1024px\" \/> <img loading=\"lazy\" decoding=\"async\" class=\"alignnone size-medium wp-image-26594\" src=\"https:\/\/www.askja-on-tour.ch\/wp-content\/uploads\/2025\/04\/Carreterra_2-031-1024x768.jpg\" alt=\"\" width=\"1024\" height=\"768\" srcset=\"https:\/\/www.askja-on-tour.ch\/wp-content\/uploads\/2025\/04\/Carreterra_2-031-1024x768.jpg 1024w, https:\/\/www.askja-on-tour.ch\/wp-content\/uploads\/2025\/04\/Carreterra_2-031-1600x1200.jpg 1600w, https:\/\/www.askja-on-tour.ch\/wp-content\/uploads\/2025\/04\/Carreterra_2-031-768x576.jpg 768w, https:\/\/www.askja-on-tour.ch\/wp-content\/uploads\/2025\/04\/Carreterra_2-031-1536x1152.jpg 1536w, https:\/\/www.askja-on-tour.ch\/wp-content\/uploads\/2025\/04\/Carreterra_2-031.jpg 2048w\" sizes=\"auto, (max-width: 1024px) 100vw, 1024px\" \/><\/p>\n<figure id=\"attachment_26595\" aria-describedby=\"caption-attachment-26595\" style=\"width: 1024px\" class=\"wp-caption alignnone\"><img loading=\"lazy\" decoding=\"async\" class=\"size-medium wp-image-26595\" src=\"https:\/\/www.askja-on-tour.ch\/wp-content\/uploads\/2025\/04\/Carreterra_2-032-1024x768.jpg\" alt=\"\" width=\"1024\" height=\"768\" srcset=\"https:\/\/www.askja-on-tour.ch\/wp-content\/uploads\/2025\/04\/Carreterra_2-032-1024x768.jpg 1024w, https:\/\/www.askja-on-tour.ch\/wp-content\/uploads\/2025\/04\/Carreterra_2-032-1600x1200.jpg 1600w, https:\/\/www.askja-on-tour.ch\/wp-content\/uploads\/2025\/04\/Carreterra_2-032-768x576.jpg 768w, https:\/\/www.askja-on-tour.ch\/wp-content\/uploads\/2025\/04\/Carreterra_2-032-1536x1152.jpg 1536w, https:\/\/www.askja-on-tour.ch\/wp-content\/uploads\/2025\/04\/Carreterra_2-032.jpg 2048w\" sizes=\"auto, (max-width: 1024px) 100vw, 1024px\" \/><figcaption id=\"caption-attachment-26595\" class=\"wp-caption-text\">Denkmal zu Ehren des Diktators Pinochet, der die Carretera Austral bauen lies<\/figcaption><\/figure>\n<p>Da der Wetterbericht starker Regen voraussagte, haben wir uns entschlossen, am Lago Yelcho, auf dem Campingplatz im Wald des Hotel Yelcho, zwei N\u00e4chte zu verbringen.<\/p>\n<figure id=\"attachment_26596\" aria-describedby=\"caption-attachment-26596\" style=\"width: 1024px\" class=\"wp-caption alignnone\"><img loading=\"lazy\" decoding=\"async\" class=\"size-medium wp-image-26596\" src=\"https:\/\/www.askja-on-tour.ch\/wp-content\/uploads\/2025\/04\/Carreterra_2-033-1024x768.jpg\" alt=\"\" width=\"1024\" height=\"768\" srcset=\"https:\/\/www.askja-on-tour.ch\/wp-content\/uploads\/2025\/04\/Carreterra_2-033-1024x768.jpg 1024w, https:\/\/www.askja-on-tour.ch\/wp-content\/uploads\/2025\/04\/Carreterra_2-033-1600x1200.jpg 1600w, https:\/\/www.askja-on-tour.ch\/wp-content\/uploads\/2025\/04\/Carreterra_2-033-768x576.jpg 768w, https:\/\/www.askja-on-tour.ch\/wp-content\/uploads\/2025\/04\/Carreterra_2-033-1536x1152.jpg 1536w, https:\/\/www.askja-on-tour.ch\/wp-content\/uploads\/2025\/04\/Carreterra_2-033.jpg 2048w\" sizes=\"auto, (max-width: 1024px) 100vw, 1024px\" \/><figcaption id=\"caption-attachment-26596\" class=\"wp-caption-text\">Und immer wieder eindr\u00fcckliche Br\u00fcckenbauwerke<\/figcaption><\/figure>\n<p><img loading=\"lazy\" decoding=\"async\" class=\"alignnone size-medium wp-image-26597\" src=\"https:\/\/www.askja-on-tour.ch\/wp-content\/uploads\/2025\/04\/Carreterra_2-034-768x1024.jpg\" alt=\"\" width=\"768\" height=\"1024\" srcset=\"https:\/\/www.askja-on-tour.ch\/wp-content\/uploads\/2025\/04\/Carreterra_2-034-768x1025.jpg 768w, https:\/\/www.askja-on-tour.ch\/wp-content\/uploads\/2025\/04\/Carreterra_2-034-1199x1600.jpg 1199w, https:\/\/www.askja-on-tour.ch\/wp-content\/uploads\/2025\/04\/Carreterra_2-034-1151x1536.jpg 1151w, https:\/\/www.askja-on-tour.ch\/wp-content\/uploads\/2025\/04\/Carreterra_2-034.jpg 1535w\" sizes=\"auto, (max-width: 768px) 100vw, 768px\" \/><\/p>\n<figure id=\"attachment_26598\" aria-describedby=\"caption-attachment-26598\" style=\"width: 1024px\" class=\"wp-caption alignnone\"><img loading=\"lazy\" decoding=\"async\" class=\"size-medium wp-image-26598\" src=\"https:\/\/www.askja-on-tour.ch\/wp-content\/uploads\/2025\/04\/Carreterra_2-035-1024x768.jpg\" alt=\"\" width=\"1024\" height=\"768\" srcset=\"https:\/\/www.askja-on-tour.ch\/wp-content\/uploads\/2025\/04\/Carreterra_2-035-1024x768.jpg 1024w, https:\/\/www.askja-on-tour.ch\/wp-content\/uploads\/2025\/04\/Carreterra_2-035-1600x1200.jpg 1600w, https:\/\/www.askja-on-tour.ch\/wp-content\/uploads\/2025\/04\/Carreterra_2-035-768x576.jpg 768w, https:\/\/www.askja-on-tour.ch\/wp-content\/uploads\/2025\/04\/Carreterra_2-035-1536x1152.jpg 1536w, https:\/\/www.askja-on-tour.ch\/wp-content\/uploads\/2025\/04\/Carreterra_2-035.jpg 2048w\" sizes=\"auto, (max-width: 1024px) 100vw, 1024px\" \/><figcaption id=\"caption-attachment-26598\" class=\"wp-caption-text\">Am Lago Yelcho<\/figcaption><\/figure>\n<p><img loading=\"lazy\" decoding=\"async\" class=\"alignnone size-medium wp-image-26599\" src=\"https:\/\/www.askja-on-tour.ch\/wp-content\/uploads\/2025\/04\/Carreterra_2-036-1024x768.jpg\" alt=\"\" width=\"1024\" height=\"768\" srcset=\"https:\/\/www.askja-on-tour.ch\/wp-content\/uploads\/2025\/04\/Carreterra_2-036-1024x768.jpg 1024w, https:\/\/www.askja-on-tour.ch\/wp-content\/uploads\/2025\/04\/Carreterra_2-036-1600x1200.jpg 1600w, https:\/\/www.askja-on-tour.ch\/wp-content\/uploads\/2025\/04\/Carreterra_2-036-768x576.jpg 768w, https:\/\/www.askja-on-tour.ch\/wp-content\/uploads\/2025\/04\/Carreterra_2-036-1536x1152.jpg 1536w, https:\/\/www.askja-on-tour.ch\/wp-content\/uploads\/2025\/04\/Carreterra_2-036.jpg 2048w\" sizes=\"auto, (max-width: 1024px) 100vw, 1024px\" \/><\/p>\n<figure id=\"attachment_26600\" aria-describedby=\"caption-attachment-26600\" style=\"width: 1024px\" class=\"wp-caption alignnone\"><img loading=\"lazy\" decoding=\"async\" class=\"size-medium wp-image-26600\" src=\"https:\/\/www.askja-on-tour.ch\/wp-content\/uploads\/2025\/04\/Carreterra_2-037-1024x768.jpg\" alt=\"\" width=\"1024\" height=\"768\" srcset=\"https:\/\/www.askja-on-tour.ch\/wp-content\/uploads\/2025\/04\/Carreterra_2-037-1024x768.jpg 1024w, https:\/\/www.askja-on-tour.ch\/wp-content\/uploads\/2025\/04\/Carreterra_2-037-1600x1200.jpg 1600w, https:\/\/www.askja-on-tour.ch\/wp-content\/uploads\/2025\/04\/Carreterra_2-037-768x576.jpg 768w, https:\/\/www.askja-on-tour.ch\/wp-content\/uploads\/2025\/04\/Carreterra_2-037-1536x1152.jpg 1536w, https:\/\/www.askja-on-tour.ch\/wp-content\/uploads\/2025\/04\/Carreterra_2-037.jpg 2048w\" sizes=\"auto, (max-width: 1024px) 100vw, 1024px\" \/><figcaption id=\"caption-attachment-26600\" class=\"wp-caption-text\">Blick auf den Regenwald<\/figcaption><\/figure>\n<p>Wir planten, am 21.4. auf das Archipel Chilo\u00e9 \u00fcberzusetzen, und zwar von Chait\u00e9n aus. Dort gibt es eine F\u00e4hre, die in rund 6 Stunden nach Castro f\u00e4hrt. Wir haben uns am Vormittag Chait\u00e9n angesehen, das eine ganz besondere Geschichte hat: am 12. Mai 2008 brach der Vulkan Chait\u00e9n aus und grosse Teile der Stadt durch einen Lahar (Schlamm- und Schuttstrom) \u00fcberschwemmt. Der durch die Stadt fliessende Fluss Rio Blanco bahnte sich anschliessend ein neues Bett, was weitere Zerst\u00f6rungen mit sich brachte. Angesichts der Zerst\u00f6rungen und andauernder vulkanischer Aktivit\u00e4t hatte die Regierung 2009 die Aufgabe der Stadt und den Aufbau eines neuen Chait\u00e9n an der K\u00fcste 10 km weiter im Norden beschlossen. Inzwischen ist Chait\u00e9n aber am urspr\u00fcnglichen Ort zum Teil wiedererrichtet worden, weil sich die Leute weigerten, ihren alten Ort zu verlassen und auch nicht alles zerst\u00f6rt wurde.<\/p>\n<figure id=\"attachment_26602\" aria-describedby=\"caption-attachment-26602\" style=\"width: 768px\" class=\"wp-caption alignnone\"><img loading=\"lazy\" decoding=\"async\" class=\"size-medium wp-image-26602\" src=\"https:\/\/www.askja-on-tour.ch\/wp-content\/uploads\/2025\/04\/Carreterra_2-039-768x1024.jpg\" alt=\"\" width=\"768\" height=\"1024\" srcset=\"https:\/\/www.askja-on-tour.ch\/wp-content\/uploads\/2025\/04\/Carreterra_2-039-768x1024.jpg 768w, https:\/\/www.askja-on-tour.ch\/wp-content\/uploads\/2025\/04\/Carreterra_2-039-1200x1600.jpg 1200w, https:\/\/www.askja-on-tour.ch\/wp-content\/uploads\/2025\/04\/Carreterra_2-039-1152x1536.jpg 1152w, https:\/\/www.askja-on-tour.ch\/wp-content\/uploads\/2025\/04\/Carreterra_2-039.jpg 1536w\" sizes=\"auto, (max-width: 768px) 100vw, 768px\" \/><figcaption id=\"caption-attachment-26602\" class=\"wp-caption-text\">Chait\u00e9n<\/figcaption><\/figure>\n<p><img loading=\"lazy\" decoding=\"async\" class=\"alignnone size-medium wp-image-26601\" src=\"https:\/\/www.askja-on-tour.ch\/wp-content\/uploads\/2025\/04\/Carreterra_2-038-768x1024.jpg\" alt=\"\" width=\"768\" height=\"1024\" srcset=\"https:\/\/www.askja-on-tour.ch\/wp-content\/uploads\/2025\/04\/Carreterra_2-038-768x1024.jpg 768w, https:\/\/www.askja-on-tour.ch\/wp-content\/uploads\/2025\/04\/Carreterra_2-038-1200x1600.jpg 1200w, https:\/\/www.askja-on-tour.ch\/wp-content\/uploads\/2025\/04\/Carreterra_2-038-1152x1536.jpg 1152w, https:\/\/www.askja-on-tour.ch\/wp-content\/uploads\/2025\/04\/Carreterra_2-038.jpg 1536w\" sizes=\"auto, (max-width: 768px) 100vw, 768px\" \/><\/p>\n<figure id=\"attachment_26603\" aria-describedby=\"caption-attachment-26603\" style=\"width: 1024px\" class=\"wp-caption alignnone\"><img loading=\"lazy\" decoding=\"async\" class=\"size-medium wp-image-26603\" src=\"https:\/\/www.askja-on-tour.ch\/wp-content\/uploads\/2025\/04\/Carreterra_2-040-1024x768.jpg\" alt=\"\" width=\"1024\" height=\"768\" srcset=\"https:\/\/www.askja-on-tour.ch\/wp-content\/uploads\/2025\/04\/Carreterra_2-040-1024x768.jpg 1024w, https:\/\/www.askja-on-tour.ch\/wp-content\/uploads\/2025\/04\/Carreterra_2-040-1600x1200.jpg 1600w, https:\/\/www.askja-on-tour.ch\/wp-content\/uploads\/2025\/04\/Carreterra_2-040-768x576.jpg 768w, https:\/\/www.askja-on-tour.ch\/wp-content\/uploads\/2025\/04\/Carreterra_2-040-1536x1152.jpg 1536w, https:\/\/www.askja-on-tour.ch\/wp-content\/uploads\/2025\/04\/Carreterra_2-040.jpg 2048w\" sizes=\"auto, (max-width: 1024px) 100vw, 1024px\" \/><figcaption id=\"caption-attachment-26603\" class=\"wp-caption-text\">Die Leute befreiten die Stadt von Schutt und Asche<\/figcaption><\/figure>\n<p><img loading=\"lazy\" decoding=\"async\" class=\"alignnone size-medium wp-image-26604\" src=\"https:\/\/www.askja-on-tour.ch\/wp-content\/uploads\/2025\/04\/Carreterra_2-041-1024x768.jpg\" alt=\"\" width=\"1024\" height=\"768\" srcset=\"https:\/\/www.askja-on-tour.ch\/wp-content\/uploads\/2025\/04\/Carreterra_2-041-1024x768.jpg 1024w, https:\/\/www.askja-on-tour.ch\/wp-content\/uploads\/2025\/04\/Carreterra_2-041-1600x1200.jpg 1600w, https:\/\/www.askja-on-tour.ch\/wp-content\/uploads\/2025\/04\/Carreterra_2-041-768x576.jpg 768w, https:\/\/www.askja-on-tour.ch\/wp-content\/uploads\/2025\/04\/Carreterra_2-041-1536x1152.jpg 1536w, https:\/\/www.askja-on-tour.ch\/wp-content\/uploads\/2025\/04\/Carreterra_2-041.jpg 2048w\" sizes=\"auto, (max-width: 1024px) 100vw, 1024px\" \/> <img loading=\"lazy\" decoding=\"async\" class=\"alignnone size-medium wp-image-26605\" src=\"https:\/\/www.askja-on-tour.ch\/wp-content\/uploads\/2025\/04\/Carreterra_2-042-1024x768.jpg\" alt=\"\" width=\"1024\" height=\"768\" srcset=\"https:\/\/www.askja-on-tour.ch\/wp-content\/uploads\/2025\/04\/Carreterra_2-042-1024x768.jpg 1024w, https:\/\/www.askja-on-tour.ch\/wp-content\/uploads\/2025\/04\/Carreterra_2-042-1600x1200.jpg 1600w, https:\/\/www.askja-on-tour.ch\/wp-content\/uploads\/2025\/04\/Carreterra_2-042-768x576.jpg 768w, https:\/\/www.askja-on-tour.ch\/wp-content\/uploads\/2025\/04\/Carreterra_2-042-1536x1152.jpg 1536w, https:\/\/www.askja-on-tour.ch\/wp-content\/uploads\/2025\/04\/Carreterra_2-042.jpg 2048w\" sizes=\"auto, (max-width: 1024px) 100vw, 1024px\" \/> <img loading=\"lazy\" decoding=\"async\" class=\"alignnone size-medium wp-image-26606\" src=\"https:\/\/www.askja-on-tour.ch\/wp-content\/uploads\/2025\/04\/Carreterra_2-043-1024x768.jpg\" alt=\"\" width=\"1024\" height=\"768\" srcset=\"https:\/\/www.askja-on-tour.ch\/wp-content\/uploads\/2025\/04\/Carreterra_2-043-1024x768.jpg 1024w, https:\/\/www.askja-on-tour.ch\/wp-content\/uploads\/2025\/04\/Carreterra_2-043-1600x1200.jpg 1600w, https:\/\/www.askja-on-tour.ch\/wp-content\/uploads\/2025\/04\/Carreterra_2-043-768x576.jpg 768w, https:\/\/www.askja-on-tour.ch\/wp-content\/uploads\/2025\/04\/Carreterra_2-043-1536x1152.jpg 1536w, https:\/\/www.askja-on-tour.ch\/wp-content\/uploads\/2025\/04\/Carreterra_2-043.jpg 2048w\" sizes=\"auto, (max-width: 1024px) 100vw, 1024px\" \/><\/p>\n<figure id=\"attachment_26607\" aria-describedby=\"caption-attachment-26607\" style=\"width: 1024px\" class=\"wp-caption alignnone\"><img loading=\"lazy\" decoding=\"async\" class=\"size-medium wp-image-26607\" src=\"https:\/\/www.askja-on-tour.ch\/wp-content\/uploads\/2025\/04\/Carreterra_2-044-1024x768.jpg\" alt=\"\" width=\"1024\" height=\"768\" srcset=\"https:\/\/www.askja-on-tour.ch\/wp-content\/uploads\/2025\/04\/Carreterra_2-044-1024x768.jpg 1024w, https:\/\/www.askja-on-tour.ch\/wp-content\/uploads\/2025\/04\/Carreterra_2-044-1600x1200.jpg 1600w, https:\/\/www.askja-on-tour.ch\/wp-content\/uploads\/2025\/04\/Carreterra_2-044-768x576.jpg 768w, https:\/\/www.askja-on-tour.ch\/wp-content\/uploads\/2025\/04\/Carreterra_2-044-1536x1152.jpg 1536w, https:\/\/www.askja-on-tour.ch\/wp-content\/uploads\/2025\/04\/Carreterra_2-044.jpg 2048w\" sizes=\"auto, (max-width: 1024px) 100vw, 1024px\" \/><figcaption id=\"caption-attachment-26607\" class=\"wp-caption-text\">Hat wohl den Vulkanausbruch \u00fcberlebt<\/figcaption><\/figure>\n<p>Im Camping Los Arrayanes, der direkt am Golf von Corcovado liegt, haben wir zwei sch\u00f6ne Tage verbracht. Am Morgen und am Abend kamen Delphine vorbei.<\/p>\n<figure id=\"attachment_26608\" aria-describedby=\"caption-attachment-26608\" style=\"width: 1024px\" class=\"wp-caption alignnone\"><img loading=\"lazy\" decoding=\"async\" class=\"size-medium wp-image-26608\" src=\"https:\/\/www.askja-on-tour.ch\/wp-content\/uploads\/2025\/04\/Carreterra_2-045-1024x768.jpg\" alt=\"\" width=\"1024\" height=\"768\" srcset=\"https:\/\/www.askja-on-tour.ch\/wp-content\/uploads\/2025\/04\/Carreterra_2-045-1024x768.jpg 1024w, https:\/\/www.askja-on-tour.ch\/wp-content\/uploads\/2025\/04\/Carreterra_2-045-1600x1200.jpg 1600w, https:\/\/www.askja-on-tour.ch\/wp-content\/uploads\/2025\/04\/Carreterra_2-045-768x576.jpg 768w, https:\/\/www.askja-on-tour.ch\/wp-content\/uploads\/2025\/04\/Carreterra_2-045-1536x1152.jpg 1536w, https:\/\/www.askja-on-tour.ch\/wp-content\/uploads\/2025\/04\/Carreterra_2-045.jpg 2048w\" sizes=\"auto, (max-width: 1024px) 100vw, 1024px\" \/><figcaption id=\"caption-attachment-26608\" class=\"wp-caption-text\">Campingplatz Los Arrayanes<\/figcaption><\/figure>\n<p><img loading=\"lazy\" decoding=\"async\" class=\"alignnone size-medium wp-image-26609\" src=\"https:\/\/www.askja-on-tour.ch\/wp-content\/uploads\/2025\/04\/Carreterra_2-046-1024x768.jpg\" alt=\"\" width=\"1024\" height=\"768\" srcset=\"https:\/\/www.askja-on-tour.ch\/wp-content\/uploads\/2025\/04\/Carreterra_2-046-1024x768.jpg 1024w, https:\/\/www.askja-on-tour.ch\/wp-content\/uploads\/2025\/04\/Carreterra_2-046-1600x1200.jpg 1600w, https:\/\/www.askja-on-tour.ch\/wp-content\/uploads\/2025\/04\/Carreterra_2-046-768x576.jpg 768w, https:\/\/www.askja-on-tour.ch\/wp-content\/uploads\/2025\/04\/Carreterra_2-046-1536x1152.jpg 1536w, https:\/\/www.askja-on-tour.ch\/wp-content\/uploads\/2025\/04\/Carreterra_2-046.jpg 2048w\" sizes=\"auto, (max-width: 1024px) 100vw, 1024px\" \/> <img loading=\"lazy\" decoding=\"async\" class=\"alignnone size-medium wp-image-26610\" src=\"https:\/\/www.askja-on-tour.ch\/wp-content\/uploads\/2025\/04\/Carreterra_2-047-1024x768.jpg\" alt=\"\" width=\"1024\" height=\"768\" srcset=\"https:\/\/www.askja-on-tour.ch\/wp-content\/uploads\/2025\/04\/Carreterra_2-047-1024x768.jpg 1024w, https:\/\/www.askja-on-tour.ch\/wp-content\/uploads\/2025\/04\/Carreterra_2-047-1600x1200.jpg 1600w, https:\/\/www.askja-on-tour.ch\/wp-content\/uploads\/2025\/04\/Carreterra_2-047-768x576.jpg 768w, https:\/\/www.askja-on-tour.ch\/wp-content\/uploads\/2025\/04\/Carreterra_2-047-1536x1152.jpg 1536w, https:\/\/www.askja-on-tour.ch\/wp-content\/uploads\/2025\/04\/Carreterra_2-047.jpg 2048w\" sizes=\"auto, (max-width: 1024px) 100vw, 1024px\" \/><\/p>\n<figure id=\"attachment_26611\" aria-describedby=\"caption-attachment-26611\" style=\"width: 1024px\" class=\"wp-caption alignnone\"><img loading=\"lazy\" decoding=\"async\" class=\"size-medium wp-image-26611\" src=\"https:\/\/www.askja-on-tour.ch\/wp-content\/uploads\/2025\/04\/Carreterra_2-048-1024x769.jpg\" alt=\"\" width=\"1024\" height=\"769\" srcset=\"https:\/\/www.askja-on-tour.ch\/wp-content\/uploads\/2025\/04\/Carreterra_2-048-1024x769.jpg 1024w, https:\/\/www.askja-on-tour.ch\/wp-content\/uploads\/2025\/04\/Carreterra_2-048-1600x1201.jpg 1600w, https:\/\/www.askja-on-tour.ch\/wp-content\/uploads\/2025\/04\/Carreterra_2-048-768x576.jpg 768w, https:\/\/www.askja-on-tour.ch\/wp-content\/uploads\/2025\/04\/Carreterra_2-048-1536x1153.jpg 1536w, https:\/\/www.askja-on-tour.ch\/wp-content\/uploads\/2025\/04\/Carreterra_2-048.jpg 2048w\" sizes=\"auto, (max-width: 1024px) 100vw, 1024px\" \/><figcaption id=\"caption-attachment-26611\" class=\"wp-caption-text\">Und unsere Delphine<\/figcaption><\/figure>\n<p><img loading=\"lazy\" decoding=\"async\" class=\"alignnone size-medium wp-image-26612\" src=\"https:\/\/www.askja-on-tour.ch\/wp-content\/uploads\/2025\/04\/Carreterra_2-049-1024x769.jpg\" alt=\"\" width=\"1024\" height=\"769\" srcset=\"https:\/\/www.askja-on-tour.ch\/wp-content\/uploads\/2025\/04\/Carreterra_2-049-1024x769.jpg 1024w, https:\/\/www.askja-on-tour.ch\/wp-content\/uploads\/2025\/04\/Carreterra_2-049-1600x1201.jpg 1600w, https:\/\/www.askja-on-tour.ch\/wp-content\/uploads\/2025\/04\/Carreterra_2-049-768x576.jpg 768w, https:\/\/www.askja-on-tour.ch\/wp-content\/uploads\/2025\/04\/Carreterra_2-049-1536x1153.jpg 1536w, https:\/\/www.askja-on-tour.ch\/wp-content\/uploads\/2025\/04\/Carreterra_2-049.jpg 2048w\" sizes=\"auto, (max-width: 1024px) 100vw, 1024px\" \/><\/p>\n<figure id=\"attachment_26613\" aria-describedby=\"caption-attachment-26613\" style=\"width: 1024px\" class=\"wp-caption alignnone\"><img loading=\"lazy\" decoding=\"async\" class=\"size-medium wp-image-26613\" src=\"https:\/\/www.askja-on-tour.ch\/wp-content\/uploads\/2025\/04\/Carreterra_2-050-1024x769.jpg\" alt=\"\" width=\"1024\" height=\"769\" srcset=\"https:\/\/www.askja-on-tour.ch\/wp-content\/uploads\/2025\/04\/Carreterra_2-050-1024x769.jpg 1024w, https:\/\/www.askja-on-tour.ch\/wp-content\/uploads\/2025\/04\/Carreterra_2-050-1600x1201.jpg 1600w, https:\/\/www.askja-on-tour.ch\/wp-content\/uploads\/2025\/04\/Carreterra_2-050-768x576.jpg 768w, https:\/\/www.askja-on-tour.ch\/wp-content\/uploads\/2025\/04\/Carreterra_2-050-1536x1153.jpg 1536w, https:\/\/www.askja-on-tour.ch\/wp-content\/uploads\/2025\/04\/Carreterra_2-050.jpg 2048w\" sizes=\"auto, (max-width: 1024px) 100vw, 1024px\" \/><figcaption id=\"caption-attachment-26613\" class=\"wp-caption-text\">Eine der F\u00e4hren vor einem Vulkanpegel<\/figcaption><\/figure>\n<p><img loading=\"lazy\" decoding=\"async\" class=\"alignnone size-medium wp-image-26614\" src=\"https:\/\/www.askja-on-tour.ch\/wp-content\/uploads\/2025\/04\/Carreterra_2-051-1024x769.jpg\" alt=\"\" width=\"1024\" height=\"769\" srcset=\"https:\/\/www.askja-on-tour.ch\/wp-content\/uploads\/2025\/04\/Carreterra_2-051-1024x769.jpg 1024w, https:\/\/www.askja-on-tour.ch\/wp-content\/uploads\/2025\/04\/Carreterra_2-051-1600x1201.jpg 1600w, https:\/\/www.askja-on-tour.ch\/wp-content\/uploads\/2025\/04\/Carreterra_2-051-768x576.jpg 768w, https:\/\/www.askja-on-tour.ch\/wp-content\/uploads\/2025\/04\/Carreterra_2-051-1536x1153.jpg 1536w, https:\/\/www.askja-on-tour.ch\/wp-content\/uploads\/2025\/04\/Carreterra_2-051.jpg 2048w\" sizes=\"auto, (max-width: 1024px) 100vw, 1024px\" \/> <img loading=\"lazy\" decoding=\"async\" class=\"alignnone size-medium wp-image-26615\" src=\"https:\/\/www.askja-on-tour.ch\/wp-content\/uploads\/2025\/04\/Carreterra_2-052-1024x769.jpg\" alt=\"\" width=\"1024\" height=\"769\" srcset=\"https:\/\/www.askja-on-tour.ch\/wp-content\/uploads\/2025\/04\/Carreterra_2-052-1024x769.jpg 1024w, https:\/\/www.askja-on-tour.ch\/wp-content\/uploads\/2025\/04\/Carreterra_2-052-1600x1201.jpg 1600w, https:\/\/www.askja-on-tour.ch\/wp-content\/uploads\/2025\/04\/Carreterra_2-052-768x576.jpg 768w, https:\/\/www.askja-on-tour.ch\/wp-content\/uploads\/2025\/04\/Carreterra_2-052-1536x1153.jpg 1536w, https:\/\/www.askja-on-tour.ch\/wp-content\/uploads\/2025\/04\/Carreterra_2-052.jpg 2048w\" sizes=\"auto, (max-width: 1024px) 100vw, 1024px\" \/><\/p>\n<p>Am Ostersonntag sind wir auf das Archipel Chilo\u00e9 \u00fcbergesetzt \u2013 hierzu gibt es nach unserem Chilo\u00e9-Aufenthalt einen weiteren Beitrag. Seit 1. April f\u00e4hrt die F\u00e4hre nur noch einmal die Woche am Sonntag \u2013 so war unsere Planung schon mal gegeben.<\/p>\n","protected":false},"excerpt":{"rendered":"<p>Karte mit unserer aktuellen Route Seit Coyhaique ist der Regen unser regelm\u00e4ssiger Begleiter \u2013 so richtig herbstlich eben. Regen, Niesel, bew\u00f6lkt, Sonne \u2013 und abwechseln. Ab Coyhaique sind die Strassen wieder eher Teer (nicht immer ganz klar, da an vielen<\/p>\n","protected":false},"author":3,"featured_media":0,"comment_status":"open","ping_status":"closed","sticky":false,"template":"","format":"standard","meta":{"footnotes":""},"categories":[57,50,1],"tags":[],"class_list":["post-26563","post","type-post","status-publish","format-standard","hentry","category-chile_2025","category-suedamerika_2024_2026","category-uncategorized"],"_links":{"self":[{"href":"https:\/\/www.askja-on-tour.ch\/index.php?rest_route=\/wp\/v2\/posts\/26563","targetHints":{"allow":["GET"]}}],"collection":[{"href":"https:\/\/www.askja-on-tour.ch\/index.php?rest_route=\/wp\/v2\/posts"}],"about":[{"href":"https:\/\/www.askja-on-tour.ch\/index.php?rest_route=\/wp\/v2\/types\/post"}],"author":[{"embeddable":true,"href":"https:\/\/www.askja-on-tour.ch\/index.php?rest_route=\/wp\/v2\/users\/3"}],"replies":[{"embeddable":true,"href":"https:\/\/www.askja-on-tour.ch\/index.php?rest_route=%2Fwp%2Fv2%2Fcomments&post=26563"}],"version-history":[{"count":5,"href":"https:\/\/www.askja-on-tour.ch\/index.php?rest_route=\/wp\/v2\/posts\/26563\/revisions"}],"predecessor-version":[{"id":26624,"href":"https:\/\/www.askja-on-tour.ch\/index.php?rest_route=\/wp\/v2\/posts\/26563\/revisions\/26624"}],"wp:attachment":[{"href":"https:\/\/www.askja-on-tour.ch\/index.php?rest_route=%2Fwp%2Fv2%2Fmedia&parent=26563"}],"wp:term":[{"taxonomy":"category","embeddable":true,"href":"https:\/\/www.askja-on-tour.ch\/index.php?rest_route=%2Fwp%2Fv2%2Fcategories&post=26563"},{"taxonomy":"post_tag","embeddable":true,"href":"https:\/\/www.askja-on-tour.ch\/index.php?rest_route=%2Fwp%2Fv2%2Ftags&post=26563"}],"curies":[{"name":"wp","href":"https:\/\/api.w.org\/{rel}","templated":true}]}}