{"id":26458,"date":"2025-04-13T18:44:32","date_gmt":"2025-04-13T18:44:32","guid":{"rendered":"https:\/\/www.askja-on-tour.ch\/?p=26458"},"modified":"2025-04-13T18:44:32","modified_gmt":"2025-04-13T18:44:32","slug":"07-04-13-04-2025-gut-durchgeruettelt-auf-der-carretera-austral-teil-1","status":"publish","type":"post","link":"https:\/\/www.askja-on-tour.ch\/?p=26458","title":{"rendered":"07.04. \u2013 13.04.2025: Gut durchger\u00fcttelt auf der Carretera Austral \u2013 Teil 1"},"content":{"rendered":"\n<p><a href=\"https:\/\/www.google.com\/maps\/d\/edit?mid=1Y30xUB5KjCIs6BX7UzqN6qqF1HW0-IQ&amp;usp=sharing\" target=\"_blank\" rel=\"noopener\">Karte mit unserer aktuellen Route<\/a><\/p>\n<p>Seit dem 07.04. holpern wir vorw\u00e4rts auf der Carretera Austral.<\/p>\n<figure id=\"attachment_26472\" aria-describedby=\"caption-attachment-26472\" style=\"width: 1024px\" class=\"wp-caption alignnone\"><img loading=\"lazy\" decoding=\"async\" class=\"size-medium wp-image-26472\" src=\"https:\/\/www.askja-on-tour.ch\/wp-content\/uploads\/2025\/04\/Carretera_Teil1-013-1024x768.jpg\" alt=\"\" width=\"1024\" height=\"768\" srcset=\"https:\/\/www.askja-on-tour.ch\/wp-content\/uploads\/2025\/04\/Carretera_Teil1-013-1024x768.jpg 1024w, https:\/\/www.askja-on-tour.ch\/wp-content\/uploads\/2025\/04\/Carretera_Teil1-013-1600x1200.jpg 1600w, https:\/\/www.askja-on-tour.ch\/wp-content\/uploads\/2025\/04\/Carretera_Teil1-013-768x576.jpg 768w, https:\/\/www.askja-on-tour.ch\/wp-content\/uploads\/2025\/04\/Carretera_Teil1-013-1536x1152.jpg 1536w, https:\/\/www.askja-on-tour.ch\/wp-content\/uploads\/2025\/04\/Carretera_Teil1-013.jpg 2048w\" sizes=\"auto, (max-width: 1024px) 100vw, 1024px\" \/><figcaption id=\"caption-attachment-26472\" class=\"wp-caption-text\">&#8230; willkommen auf der R\u00fcttelspiste<\/figcaption><\/figure>\n<p>Die Carretera Austral, oder auch Ruta 7 genannt, ist eine 1\u2018300 Kilometer lange Strasse, die durch den n\u00f6rdlichen Teil des chilenischen Patagoniens f\u00fchrt. Ein grosser Teil davon ist Schotter und ziemlich \u00fcbles Wellblech. Die Carretera Austral verbindet ihren s\u00fcdlichsten Punkt, Villa O\u2019Higgins mit dem n\u00f6rdlichsten Punkt, Puerto Montt. Die Fernstrasse war eines der wichtigsten infrastrukturellen Verm\u00e4chtnisse und Prestigeprojekt der Pinochet-Diktatur. Sie hat den Status einer nationalen L\u00e4ngsachse. Bei der Planung spielten milit\u00e4rische \u00dcberlegungen eine wichtige Rolle, konkret die Sicherung der S\u00fcdgrenze Chiles gegen Anspr\u00fcche Argentiniens.<\/p>\n<p>Die Carretera Austral erstreckt sich \u00fcber ein Gebiet, das im Osten durch die Anden von Argentinien getrennt und im Westen durch die engen Kan\u00e4le und Fjorde des Pazifiks begrenzt ist. Gewisse Streckenabschnitte sind per F\u00e4hren erschlossen.<\/p>\n<p><img loading=\"lazy\" decoding=\"async\" class=\"alignnone size-medium wp-image-26460\" src=\"https:\/\/www.askja-on-tour.ch\/wp-content\/uploads\/2025\/04\/Carretera_Teil1-001-1024x768.jpg\" alt=\"\" width=\"1024\" height=\"768\" srcset=\"https:\/\/www.askja-on-tour.ch\/wp-content\/uploads\/2025\/04\/Carretera_Teil1-001-1024x768.jpg 1024w, https:\/\/www.askja-on-tour.ch\/wp-content\/uploads\/2025\/04\/Carretera_Teil1-001-1600x1200.jpg 1600w, https:\/\/www.askja-on-tour.ch\/wp-content\/uploads\/2025\/04\/Carretera_Teil1-001-768x576.jpg 768w, https:\/\/www.askja-on-tour.ch\/wp-content\/uploads\/2025\/04\/Carretera_Teil1-001-1536x1152.jpg 1536w, https:\/\/www.askja-on-tour.ch\/wp-content\/uploads\/2025\/04\/Carretera_Teil1-001.jpg 2048w\" sizes=\"auto, (max-width: 1024px) 100vw, 1024px\" \/> <img loading=\"lazy\" decoding=\"async\" class=\"alignnone size-medium wp-image-26461\" src=\"https:\/\/www.askja-on-tour.ch\/wp-content\/uploads\/2025\/04\/Carretera_Teil1-002-1024x768.jpg\" alt=\"\" width=\"1024\" height=\"768\" srcset=\"https:\/\/www.askja-on-tour.ch\/wp-content\/uploads\/2025\/04\/Carretera_Teil1-002-1024x768.jpg 1024w, https:\/\/www.askja-on-tour.ch\/wp-content\/uploads\/2025\/04\/Carretera_Teil1-002-1600x1200.jpg 1600w, https:\/\/www.askja-on-tour.ch\/wp-content\/uploads\/2025\/04\/Carretera_Teil1-002-768x576.jpg 768w, https:\/\/www.askja-on-tour.ch\/wp-content\/uploads\/2025\/04\/Carretera_Teil1-002-1536x1152.jpg 1536w, https:\/\/www.askja-on-tour.ch\/wp-content\/uploads\/2025\/04\/Carretera_Teil1-002.jpg 2048w\" sizes=\"auto, (max-width: 1024px) 100vw, 1024px\" \/> <img loading=\"lazy\" decoding=\"async\" class=\"alignnone size-medium wp-image-26462\" src=\"https:\/\/www.askja-on-tour.ch\/wp-content\/uploads\/2025\/04\/Carretera_Teil1-003-769x1024.jpg\" alt=\"\" width=\"769\" height=\"1024\" srcset=\"https:\/\/www.askja-on-tour.ch\/wp-content\/uploads\/2025\/04\/Carretera_Teil1-003-769x1024.jpg 769w, https:\/\/www.askja-on-tour.ch\/wp-content\/uploads\/2025\/04\/Carretera_Teil1-003-1202x1600.jpg 1202w, https:\/\/www.askja-on-tour.ch\/wp-content\/uploads\/2025\/04\/Carretera_Teil1-003-768x1023.jpg 768w, https:\/\/www.askja-on-tour.ch\/wp-content\/uploads\/2025\/04\/Carretera_Teil1-003-1154x1536.jpg 1154w, https:\/\/www.askja-on-tour.ch\/wp-content\/uploads\/2025\/04\/Carretera_Teil1-003.jpg 1538w\" sizes=\"auto, (max-width: 769px) 100vw, 769px\" \/> <img loading=\"lazy\" decoding=\"async\" class=\"alignnone size-medium wp-image-26463\" src=\"https:\/\/www.askja-on-tour.ch\/wp-content\/uploads\/2025\/04\/Carretera_Teil1-004-1024x768.jpg\" alt=\"\" width=\"1024\" height=\"768\" srcset=\"https:\/\/www.askja-on-tour.ch\/wp-content\/uploads\/2025\/04\/Carretera_Teil1-004-1024x768.jpg 1024w, https:\/\/www.askja-on-tour.ch\/wp-content\/uploads\/2025\/04\/Carretera_Teil1-004-1600x1200.jpg 1600w, https:\/\/www.askja-on-tour.ch\/wp-content\/uploads\/2025\/04\/Carretera_Teil1-004-768x576.jpg 768w, https:\/\/www.askja-on-tour.ch\/wp-content\/uploads\/2025\/04\/Carretera_Teil1-004-1536x1152.jpg 1536w, https:\/\/www.askja-on-tour.ch\/wp-content\/uploads\/2025\/04\/Carretera_Teil1-004.jpg 2048w\" sizes=\"auto, (max-width: 1024px) 100vw, 1024px\" \/> <img loading=\"lazy\" decoding=\"async\" class=\"alignnone size-medium wp-image-26464\" src=\"https:\/\/www.askja-on-tour.ch\/wp-content\/uploads\/2025\/04\/Carretera_Teil1-005-1024x768.jpg\" alt=\"\" width=\"1024\" height=\"768\" srcset=\"https:\/\/www.askja-on-tour.ch\/wp-content\/uploads\/2025\/04\/Carretera_Teil1-005-1024x768.jpg 1024w, https:\/\/www.askja-on-tour.ch\/wp-content\/uploads\/2025\/04\/Carretera_Teil1-005-1600x1200.jpg 1600w, https:\/\/www.askja-on-tour.ch\/wp-content\/uploads\/2025\/04\/Carretera_Teil1-005-768x576.jpg 768w, https:\/\/www.askja-on-tour.ch\/wp-content\/uploads\/2025\/04\/Carretera_Teil1-005-1536x1152.jpg 1536w, https:\/\/www.askja-on-tour.ch\/wp-content\/uploads\/2025\/04\/Carretera_Teil1-005.jpg 2048w\" sizes=\"auto, (max-width: 1024px) 100vw, 1024px\" \/> <img loading=\"lazy\" decoding=\"async\" class=\"alignnone size-medium wp-image-26465\" src=\"https:\/\/www.askja-on-tour.ch\/wp-content\/uploads\/2025\/04\/Carretera_Teil1-006-1024x769.jpg\" alt=\"\" width=\"1024\" height=\"769\" srcset=\"https:\/\/www.askja-on-tour.ch\/wp-content\/uploads\/2025\/04\/Carretera_Teil1-006-1024x769.jpg 1024w, https:\/\/www.askja-on-tour.ch\/wp-content\/uploads\/2025\/04\/Carretera_Teil1-006-1600x1201.jpg 1600w, https:\/\/www.askja-on-tour.ch\/wp-content\/uploads\/2025\/04\/Carretera_Teil1-006-768x576.jpg 768w, https:\/\/www.askja-on-tour.ch\/wp-content\/uploads\/2025\/04\/Carretera_Teil1-006-1536x1153.jpg 1536w, https:\/\/www.askja-on-tour.ch\/wp-content\/uploads\/2025\/04\/Carretera_Teil1-006.jpg 2048w\" sizes=\"auto, (max-width: 1024px) 100vw, 1024px\" \/> <img loading=\"lazy\" decoding=\"async\" class=\"alignnone size-medium wp-image-26466\" src=\"https:\/\/www.askja-on-tour.ch\/wp-content\/uploads\/2025\/04\/Carretera_Teil1-007-1024x769.jpg\" alt=\"\" width=\"1024\" height=\"769\" srcset=\"https:\/\/www.askja-on-tour.ch\/wp-content\/uploads\/2025\/04\/Carretera_Teil1-007-1024x769.jpg 1024w, https:\/\/www.askja-on-tour.ch\/wp-content\/uploads\/2025\/04\/Carretera_Teil1-007-1600x1201.jpg 1600w, https:\/\/www.askja-on-tour.ch\/wp-content\/uploads\/2025\/04\/Carretera_Teil1-007-768x576.jpg 768w, https:\/\/www.askja-on-tour.ch\/wp-content\/uploads\/2025\/04\/Carretera_Teil1-007-1536x1153.jpg 1536w, https:\/\/www.askja-on-tour.ch\/wp-content\/uploads\/2025\/04\/Carretera_Teil1-007.jpg 2048w\" sizes=\"auto, (max-width: 1024px) 100vw, 1024px\" \/> <img loading=\"lazy\" decoding=\"async\" class=\"alignnone size-medium wp-image-26467\" src=\"https:\/\/www.askja-on-tour.ch\/wp-content\/uploads\/2025\/04\/Carretera_Teil1-008-1024x769.jpg\" alt=\"\" width=\"1024\" height=\"769\" srcset=\"https:\/\/www.askja-on-tour.ch\/wp-content\/uploads\/2025\/04\/Carretera_Teil1-008-1024x769.jpg 1024w, https:\/\/www.askja-on-tour.ch\/wp-content\/uploads\/2025\/04\/Carretera_Teil1-008-1600x1201.jpg 1600w, https:\/\/www.askja-on-tour.ch\/wp-content\/uploads\/2025\/04\/Carretera_Teil1-008-768x576.jpg 768w, https:\/\/www.askja-on-tour.ch\/wp-content\/uploads\/2025\/04\/Carretera_Teil1-008-1536x1153.jpg 1536w, https:\/\/www.askja-on-tour.ch\/wp-content\/uploads\/2025\/04\/Carretera_Teil1-008.jpg 2048w\" sizes=\"auto, (max-width: 1024px) 100vw, 1024px\" \/><\/p>\n<figure id=\"attachment_26468\" aria-describedby=\"caption-attachment-26468\" style=\"width: 1024px\" class=\"wp-caption alignnone\"><img loading=\"lazy\" decoding=\"async\" class=\"size-medium wp-image-26468\" src=\"https:\/\/www.askja-on-tour.ch\/wp-content\/uploads\/2025\/04\/Carretera_Teil1-009-1024x768.jpg\" alt=\"\" width=\"1024\" height=\"768\" srcset=\"https:\/\/www.askja-on-tour.ch\/wp-content\/uploads\/2025\/04\/Carretera_Teil1-009-1024x768.jpg 1024w, https:\/\/www.askja-on-tour.ch\/wp-content\/uploads\/2025\/04\/Carretera_Teil1-009-1600x1200.jpg 1600w, https:\/\/www.askja-on-tour.ch\/wp-content\/uploads\/2025\/04\/Carretera_Teil1-009-768x576.jpg 768w, https:\/\/www.askja-on-tour.ch\/wp-content\/uploads\/2025\/04\/Carretera_Teil1-009-1536x1152.jpg 1536w, https:\/\/www.askja-on-tour.ch\/wp-content\/uploads\/2025\/04\/Carretera_Teil1-009.jpg 2048w\" sizes=\"auto, (max-width: 1024px) 100vw, 1024px\" \/><figcaption id=\"caption-attachment-26468\" class=\"wp-caption-text\">Das Guanako ist noch unentschlossen, ob wir durchfahren d\u00fcrfen<\/figcaption><\/figure>\n<p><img loading=\"lazy\" decoding=\"async\" class=\"alignnone size-medium wp-image-26469\" src=\"https:\/\/www.askja-on-tour.ch\/wp-content\/uploads\/2025\/04\/Carretera_Teil1-010-1024x768.jpg\" alt=\"\" width=\"1024\" height=\"768\" srcset=\"https:\/\/www.askja-on-tour.ch\/wp-content\/uploads\/2025\/04\/Carretera_Teil1-010-1024x768.jpg 1024w, https:\/\/www.askja-on-tour.ch\/wp-content\/uploads\/2025\/04\/Carretera_Teil1-010-1600x1200.jpg 1600w, https:\/\/www.askja-on-tour.ch\/wp-content\/uploads\/2025\/04\/Carretera_Teil1-010-768x576.jpg 768w, https:\/\/www.askja-on-tour.ch\/wp-content\/uploads\/2025\/04\/Carretera_Teil1-010-1536x1152.jpg 1536w, https:\/\/www.askja-on-tour.ch\/wp-content\/uploads\/2025\/04\/Carretera_Teil1-010.jpg 2048w\" sizes=\"auto, (max-width: 1024px) 100vw, 1024px\" \/><\/p>\n<p>Uns wunderte immer, weshalb in Chile so viele Ausdr\u00fccke \u201eAustral\u201c enthalten. Hier die Erkl\u00e4rung: Austral bezieht sich \u201eauf der s\u00fcdlichen Erdhalbkugel befindend\u201c, \u201edie s\u00fcdliche Erdhalbkugel betreffend\u201c oder einfach s\u00fcdlich. Der Begriff kommt aus dem lateinischen \u201eaustralis\u201c = \u201es\u00fcdlich\u201c.<\/p>\n<p>Wir haben entschieden, von Cochrane, von wo wir auf die Carretera Austral gestossen sind, nach S\u00fcden zu fahren, da das Wetter noch immer recht passabel ist und v.a. kein Schnee gemeldet ist. Schnee k\u00f6nnten wir nicht fahren, da auf der Carretera Austral Schneekettenpflicht ist, sobald der erste Schnee f\u00e4llt, da wir auf unseren 6&#215;6 keine Schneeketten montieren k\u00f6nnten.<\/p>\n<p>In den Herbstfarben ist die Carretera Austral noch sch\u00f6ner und beeindruckender, als wir sie uns vorgestellt haben. Die vielen Seen, die Fl\u00fcsse \u2013 besonders auch der Rio Baker \u2013 erstrahlen in Smaragd-T\u00f6nen.<\/p>\n<p><img loading=\"lazy\" decoding=\"async\" class=\"alignnone size-medium wp-image-26483\" src=\"https:\/\/www.askja-on-tour.ch\/wp-content\/uploads\/2025\/04\/Carretera_Teil1-024-1024x768.jpg\" alt=\"\" width=\"1024\" height=\"768\" srcset=\"https:\/\/www.askja-on-tour.ch\/wp-content\/uploads\/2025\/04\/Carretera_Teil1-024-1024x768.jpg 1024w, https:\/\/www.askja-on-tour.ch\/wp-content\/uploads\/2025\/04\/Carretera_Teil1-024-1600x1200.jpg 1600w, https:\/\/www.askja-on-tour.ch\/wp-content\/uploads\/2025\/04\/Carretera_Teil1-024-768x576.jpg 768w, https:\/\/www.askja-on-tour.ch\/wp-content\/uploads\/2025\/04\/Carretera_Teil1-024-1536x1152.jpg 1536w, https:\/\/www.askja-on-tour.ch\/wp-content\/uploads\/2025\/04\/Carretera_Teil1-024.jpg 2048w\" sizes=\"auto, (max-width: 1024px) 100vw, 1024px\" \/><\/p>\n<figure id=\"attachment_26471\" aria-describedby=\"caption-attachment-26471\" style=\"width: 1024px\" class=\"wp-caption alignnone\"><img loading=\"lazy\" decoding=\"async\" class=\"size-medium wp-image-26471\" src=\"https:\/\/www.askja-on-tour.ch\/wp-content\/uploads\/2025\/04\/Carretera_Teil1-012-1024x768.jpg\" alt=\"\" width=\"1024\" height=\"768\" srcset=\"https:\/\/www.askja-on-tour.ch\/wp-content\/uploads\/2025\/04\/Carretera_Teil1-012-1024x768.jpg 1024w, https:\/\/www.askja-on-tour.ch\/wp-content\/uploads\/2025\/04\/Carretera_Teil1-012-1600x1200.jpg 1600w, https:\/\/www.askja-on-tour.ch\/wp-content\/uploads\/2025\/04\/Carretera_Teil1-012-768x576.jpg 768w, https:\/\/www.askja-on-tour.ch\/wp-content\/uploads\/2025\/04\/Carretera_Teil1-012-1536x1152.jpg 1536w, https:\/\/www.askja-on-tour.ch\/wp-content\/uploads\/2025\/04\/Carretera_Teil1-012.jpg 2048w\" sizes=\"auto, (max-width: 1024px) 100vw, 1024px\" \/><figcaption id=\"caption-attachment-26471\" class=\"wp-caption-text\">Die Herbstfarben akzentuieren das T\u00fcrkisblau noch st\u00e4rker<\/figcaption><\/figure>\n<p><img loading=\"lazy\" decoding=\"async\" class=\"alignnone size-medium wp-image-26470\" src=\"https:\/\/www.askja-on-tour.ch\/wp-content\/uploads\/2025\/04\/Carretera_Teil1-011-1024x768.jpg\" alt=\"\" width=\"1024\" height=\"768\" srcset=\"https:\/\/www.askja-on-tour.ch\/wp-content\/uploads\/2025\/04\/Carretera_Teil1-011-1024x768.jpg 1024w, https:\/\/www.askja-on-tour.ch\/wp-content\/uploads\/2025\/04\/Carretera_Teil1-011-1600x1200.jpg 1600w, https:\/\/www.askja-on-tour.ch\/wp-content\/uploads\/2025\/04\/Carretera_Teil1-011-768x576.jpg 768w, https:\/\/www.askja-on-tour.ch\/wp-content\/uploads\/2025\/04\/Carretera_Teil1-011-1536x1152.jpg 1536w, https:\/\/www.askja-on-tour.ch\/wp-content\/uploads\/2025\/04\/Carretera_Teil1-011.jpg 2048w\" sizes=\"auto, (max-width: 1024px) 100vw, 1024px\" \/><\/p>\n<p><img loading=\"lazy\" decoding=\"async\" class=\"alignnone size-medium wp-image-26476\" src=\"https:\/\/www.askja-on-tour.ch\/wp-content\/uploads\/2025\/04\/Carretera_Teil1-017-1024x768.jpg\" alt=\"\" width=\"1024\" height=\"768\" srcset=\"https:\/\/www.askja-on-tour.ch\/wp-content\/uploads\/2025\/04\/Carretera_Teil1-017-1024x768.jpg 1024w, https:\/\/www.askja-on-tour.ch\/wp-content\/uploads\/2025\/04\/Carretera_Teil1-017-1600x1200.jpg 1600w, https:\/\/www.askja-on-tour.ch\/wp-content\/uploads\/2025\/04\/Carretera_Teil1-017-768x576.jpg 768w, https:\/\/www.askja-on-tour.ch\/wp-content\/uploads\/2025\/04\/Carretera_Teil1-017-1536x1152.jpg 1536w, https:\/\/www.askja-on-tour.ch\/wp-content\/uploads\/2025\/04\/Carretera_Teil1-017.jpg 2048w\" sizes=\"auto, (max-width: 1024px) 100vw, 1024px\" \/> <img loading=\"lazy\" decoding=\"async\" class=\"alignnone size-medium wp-image-26477\" src=\"https:\/\/www.askja-on-tour.ch\/wp-content\/uploads\/2025\/04\/Carretera_Teil1-018-1024x768.jpg\" alt=\"\" width=\"1024\" height=\"768\" srcset=\"https:\/\/www.askja-on-tour.ch\/wp-content\/uploads\/2025\/04\/Carretera_Teil1-018-1024x768.jpg 1024w, https:\/\/www.askja-on-tour.ch\/wp-content\/uploads\/2025\/04\/Carretera_Teil1-018-1600x1200.jpg 1600w, https:\/\/www.askja-on-tour.ch\/wp-content\/uploads\/2025\/04\/Carretera_Teil1-018-768x576.jpg 768w, https:\/\/www.askja-on-tour.ch\/wp-content\/uploads\/2025\/04\/Carretera_Teil1-018-1536x1152.jpg 1536w, https:\/\/www.askja-on-tour.ch\/wp-content\/uploads\/2025\/04\/Carretera_Teil1-018.jpg 2048w\" sizes=\"auto, (max-width: 1024px) 100vw, 1024px\" \/> <img loading=\"lazy\" decoding=\"async\" class=\"alignnone size-medium wp-image-26478\" src=\"https:\/\/www.askja-on-tour.ch\/wp-content\/uploads\/2025\/04\/Carretera_Teil1-019-1024x326.jpg\" alt=\"\" width=\"1024\" height=\"326\" srcset=\"https:\/\/www.askja-on-tour.ch\/wp-content\/uploads\/2025\/04\/Carretera_Teil1-019-1024x326.jpg 1024w, https:\/\/www.askja-on-tour.ch\/wp-content\/uploads\/2025\/04\/Carretera_Teil1-019-1600x509.jpg 1600w, https:\/\/www.askja-on-tour.ch\/wp-content\/uploads\/2025\/04\/Carretera_Teil1-019-768x245.jpg 768w, https:\/\/www.askja-on-tour.ch\/wp-content\/uploads\/2025\/04\/Carretera_Teil1-019-1536x489.jpg 1536w, https:\/\/www.askja-on-tour.ch\/wp-content\/uploads\/2025\/04\/Carretera_Teil1-019.jpg 2048w\" sizes=\"auto, (max-width: 1024px) 100vw, 1024px\" \/> <img loading=\"lazy\" decoding=\"async\" class=\"alignnone size-medium wp-image-26479\" src=\"https:\/\/www.askja-on-tour.ch\/wp-content\/uploads\/2025\/04\/Carretera_Teil1-020-1024x768.jpg\" alt=\"\" width=\"1024\" height=\"768\" srcset=\"https:\/\/www.askja-on-tour.ch\/wp-content\/uploads\/2025\/04\/Carretera_Teil1-020-1024x768.jpg 1024w, https:\/\/www.askja-on-tour.ch\/wp-content\/uploads\/2025\/04\/Carretera_Teil1-020-1600x1200.jpg 1600w, https:\/\/www.askja-on-tour.ch\/wp-content\/uploads\/2025\/04\/Carretera_Teil1-020-768x576.jpg 768w, https:\/\/www.askja-on-tour.ch\/wp-content\/uploads\/2025\/04\/Carretera_Teil1-020-1536x1152.jpg 1536w, https:\/\/www.askja-on-tour.ch\/wp-content\/uploads\/2025\/04\/Carretera_Teil1-020.jpg 2048w\" sizes=\"auto, (max-width: 1024px) 100vw, 1024px\" \/> <img loading=\"lazy\" decoding=\"async\" class=\"alignnone size-medium wp-image-26480\" src=\"https:\/\/www.askja-on-tour.ch\/wp-content\/uploads\/2025\/04\/Carretera_Teil1-021-1024x768.jpg\" alt=\"\" width=\"1024\" height=\"768\" srcset=\"https:\/\/www.askja-on-tour.ch\/wp-content\/uploads\/2025\/04\/Carretera_Teil1-021-1024x768.jpg 1024w, https:\/\/www.askja-on-tour.ch\/wp-content\/uploads\/2025\/04\/Carretera_Teil1-021-1600x1200.jpg 1600w, https:\/\/www.askja-on-tour.ch\/wp-content\/uploads\/2025\/04\/Carretera_Teil1-021-768x576.jpg 768w, https:\/\/www.askja-on-tour.ch\/wp-content\/uploads\/2025\/04\/Carretera_Teil1-021-1536x1152.jpg 1536w, https:\/\/www.askja-on-tour.ch\/wp-content\/uploads\/2025\/04\/Carretera_Teil1-021.jpg 2048w\" sizes=\"auto, (max-width: 1024px) 100vw, 1024px\" \/> <img loading=\"lazy\" decoding=\"async\" class=\"alignnone size-medium wp-image-26481\" src=\"https:\/\/www.askja-on-tour.ch\/wp-content\/uploads\/2025\/04\/Carretera_Teil1-022-1024x768.jpg\" alt=\"\" width=\"1024\" height=\"768\" srcset=\"https:\/\/www.askja-on-tour.ch\/wp-content\/uploads\/2025\/04\/Carretera_Teil1-022-1024x768.jpg 1024w, https:\/\/www.askja-on-tour.ch\/wp-content\/uploads\/2025\/04\/Carretera_Teil1-022-1600x1200.jpg 1600w, https:\/\/www.askja-on-tour.ch\/wp-content\/uploads\/2025\/04\/Carretera_Teil1-022-768x576.jpg 768w, https:\/\/www.askja-on-tour.ch\/wp-content\/uploads\/2025\/04\/Carretera_Teil1-022-1536x1152.jpg 1536w, https:\/\/www.askja-on-tour.ch\/wp-content\/uploads\/2025\/04\/Carretera_Teil1-022.jpg 2048w\" sizes=\"auto, (max-width: 1024px) 100vw, 1024px\" \/> <img loading=\"lazy\" decoding=\"async\" class=\"alignnone size-medium wp-image-26482\" src=\"https:\/\/www.askja-on-tour.ch\/wp-content\/uploads\/2025\/04\/Carretera_Teil1-023-1024x768.jpg\" alt=\"\" width=\"1024\" height=\"768\" srcset=\"https:\/\/www.askja-on-tour.ch\/wp-content\/uploads\/2025\/04\/Carretera_Teil1-023-1024x768.jpg 1024w, https:\/\/www.askja-on-tour.ch\/wp-content\/uploads\/2025\/04\/Carretera_Teil1-023-1600x1200.jpg 1600w, https:\/\/www.askja-on-tour.ch\/wp-content\/uploads\/2025\/04\/Carretera_Teil1-023-768x576.jpg 768w, https:\/\/www.askja-on-tour.ch\/wp-content\/uploads\/2025\/04\/Carretera_Teil1-023-1536x1152.jpg 1536w, https:\/\/www.askja-on-tour.ch\/wp-content\/uploads\/2025\/04\/Carretera_Teil1-023.jpg 2048w\" sizes=\"auto, (max-width: 1024px) 100vw, 1024px\" \/> <img loading=\"lazy\" decoding=\"async\" class=\"alignnone size-medium wp-image-26483\" src=\"https:\/\/www.askja-on-tour.ch\/wp-content\/uploads\/2025\/04\/Carretera_Teil1-024-1024x768.jpg\" alt=\"\" width=\"1024\" height=\"768\" srcset=\"https:\/\/www.askja-on-tour.ch\/wp-content\/uploads\/2025\/04\/Carretera_Teil1-024-1024x768.jpg 1024w, https:\/\/www.askja-on-tour.ch\/wp-content\/uploads\/2025\/04\/Carretera_Teil1-024-1600x1200.jpg 1600w, https:\/\/www.askja-on-tour.ch\/wp-content\/uploads\/2025\/04\/Carretera_Teil1-024-768x576.jpg 768w, https:\/\/www.askja-on-tour.ch\/wp-content\/uploads\/2025\/04\/Carretera_Teil1-024-1536x1152.jpg 1536w, https:\/\/www.askja-on-tour.ch\/wp-content\/uploads\/2025\/04\/Carretera_Teil1-024.jpg 2048w\" sizes=\"auto, (max-width: 1024px) 100vw, 1024px\" \/><\/p>\n<p>Unser erster \u00dcbernachtungsplatz erreichten wir \u00fcber die X-902 wo wir beim Camping La Araucaria, der eigentlich nur f\u00fcr Zelte ist, auf der Schafweide stehen durften. Wir planten, ins Refuio y Camping Rio \u00d1adis zu fahren, doch die Br\u00fccke war f\u00fcr unser Auto um ca. 5 cm zu schmal. Wir h\u00e4tten die Seitenspiegel einklappen m\u00fcssen, was uns zu riskant war.<\/p>\n<figure id=\"attachment_26473\" aria-describedby=\"caption-attachment-26473\" style=\"width: 1024px\" class=\"wp-caption alignnone\"><img loading=\"lazy\" decoding=\"async\" class=\"size-medium wp-image-26473\" src=\"https:\/\/www.askja-on-tour.ch\/wp-content\/uploads\/2025\/04\/Carretera_Teil1-014-1024x768.jpg\" alt=\"\" width=\"1024\" height=\"768\" srcset=\"https:\/\/www.askja-on-tour.ch\/wp-content\/uploads\/2025\/04\/Carretera_Teil1-014-1024x768.jpg 1024w, https:\/\/www.askja-on-tour.ch\/wp-content\/uploads\/2025\/04\/Carretera_Teil1-014-1600x1200.jpg 1600w, https:\/\/www.askja-on-tour.ch\/wp-content\/uploads\/2025\/04\/Carretera_Teil1-014-768x576.jpg 768w, https:\/\/www.askja-on-tour.ch\/wp-content\/uploads\/2025\/04\/Carretera_Teil1-014-1536x1152.jpg 1536w, https:\/\/www.askja-on-tour.ch\/wp-content\/uploads\/2025\/04\/Carretera_Teil1-014.jpg 2048w\" sizes=\"auto, (max-width: 1024px) 100vw, 1024px\" \/><figcaption id=\"caption-attachment-26473\" class=\"wp-caption-text\">&#8230; diese Br\u00fccke war 5 cm zu schmal<\/figcaption><\/figure>\n<figure id=\"attachment_26474\" aria-describedby=\"caption-attachment-26474\" style=\"width: 1024px\" class=\"wp-caption alignnone\"><img loading=\"lazy\" decoding=\"async\" class=\"size-medium wp-image-26474\" src=\"https:\/\/www.askja-on-tour.ch\/wp-content\/uploads\/2025\/04\/Carretera_Teil1-015-1024x768.jpg\" alt=\"\" width=\"1024\" height=\"768\" srcset=\"https:\/\/www.askja-on-tour.ch\/wp-content\/uploads\/2025\/04\/Carretera_Teil1-015-1024x768.jpg 1024w, https:\/\/www.askja-on-tour.ch\/wp-content\/uploads\/2025\/04\/Carretera_Teil1-015-1600x1200.jpg 1600w, https:\/\/www.askja-on-tour.ch\/wp-content\/uploads\/2025\/04\/Carretera_Teil1-015-768x576.jpg 768w, https:\/\/www.askja-on-tour.ch\/wp-content\/uploads\/2025\/04\/Carretera_Teil1-015-1536x1152.jpg 1536w, https:\/\/www.askja-on-tour.ch\/wp-content\/uploads\/2025\/04\/Carretera_Teil1-015.jpg 2048w\" sizes=\"auto, (max-width: 1024px) 100vw, 1024px\" \/><figcaption id=\"caption-attachment-26474\" class=\"wp-caption-text\">Morgenstimmung am Camping La Araucaria<\/figcaption><\/figure>\n<p><img loading=\"lazy\" decoding=\"async\" class=\"alignnone size-medium wp-image-26475\" src=\"https:\/\/www.askja-on-tour.ch\/wp-content\/uploads\/2025\/04\/Carretera_Teil1-016-1024x416.jpg\" alt=\"\" width=\"1024\" height=\"416\" srcset=\"https:\/\/www.askja-on-tour.ch\/wp-content\/uploads\/2025\/04\/Carretera_Teil1-016-1024x416.jpg 1024w, https:\/\/www.askja-on-tour.ch\/wp-content\/uploads\/2025\/04\/Carretera_Teil1-016-1600x649.jpg 1600w, https:\/\/www.askja-on-tour.ch\/wp-content\/uploads\/2025\/04\/Carretera_Teil1-016-768x312.jpg 768w, https:\/\/www.askja-on-tour.ch\/wp-content\/uploads\/2025\/04\/Carretera_Teil1-016-1536x623.jpg 1536w, https:\/\/www.askja-on-tour.ch\/wp-content\/uploads\/2025\/04\/Carretera_Teil1-016.jpg 2048w\" sizes=\"auto, (max-width: 1024px) 100vw, 1024px\" \/><\/p>\n<p>Der s\u00fcdlichste Ort, den wir ansteuerten, war das K\u00fcstendorf Caleta Tortel. Caleta Tortel besteht haupts\u00e4chlich aus Pfahlbauten, die typisch f\u00fcr die chilenische Architektur sind und mehrere Kilometer entlang der K\u00fcste gebaut wurden. Es gibt keine konventionellen Strassen &#8211; stattdessen gibt es Holzstege, die mit Guaitecas Cypress (bei uns manchmal als Chilenische Flusszeder bezeichnet) gebaut wurden. Die Holzstege verleihen dem Ort einen ganz besonderen Flair \u2013 leider ist alles am Zerfallen, was auf der einen Seite verst\u00e4ndlich ist, denn die jungen Leute ziehen weg, zu anderen m\u00f6chte aber der Ort und die Region genau diese Holzsteg-Architektur touristisch vermarkten. Seit 2003 kann Caleta Tortel \u00fcber die von der Carretera Austral abzweigende \u2013 wie kann es anders sein \u2013 Schotterpiste X-904 erreicht werden.<\/p>\n<figure id=\"attachment_26484\" aria-describedby=\"caption-attachment-26484\" style=\"width: 1024px\" class=\"wp-caption alignnone\"><img loading=\"lazy\" decoding=\"async\" class=\"size-medium wp-image-26484\" src=\"https:\/\/www.askja-on-tour.ch\/wp-content\/uploads\/2025\/04\/Carretera_Teil1-025-1024x768.jpg\" alt=\"\" width=\"1024\" height=\"768\" srcset=\"https:\/\/www.askja-on-tour.ch\/wp-content\/uploads\/2025\/04\/Carretera_Teil1-025-1024x768.jpg 1024w, https:\/\/www.askja-on-tour.ch\/wp-content\/uploads\/2025\/04\/Carretera_Teil1-025-1600x1200.jpg 1600w, https:\/\/www.askja-on-tour.ch\/wp-content\/uploads\/2025\/04\/Carretera_Teil1-025-768x576.jpg 768w, https:\/\/www.askja-on-tour.ch\/wp-content\/uploads\/2025\/04\/Carretera_Teil1-025-1536x1152.jpg 1536w, https:\/\/www.askja-on-tour.ch\/wp-content\/uploads\/2025\/04\/Carretera_Teil1-025.jpg 2048w\" sizes=\"auto, (max-width: 1024px) 100vw, 1024px\" \/><figcaption id=\"caption-attachment-26484\" class=\"wp-caption-text\">K\u00fcstendorf Caleta Tortel<\/figcaption><\/figure>\n<figure id=\"attachment_26491\" aria-describedby=\"caption-attachment-26491\" style=\"width: 1024px\" class=\"wp-caption alignnone\"><img loading=\"lazy\" decoding=\"async\" class=\"wp-image-26491 size-medium\" src=\"https:\/\/www.askja-on-tour.ch\/wp-content\/uploads\/2025\/04\/Carretera_Teil1-032-1024x768.jpg\" alt=\"\" width=\"1024\" height=\"768\" srcset=\"https:\/\/www.askja-on-tour.ch\/wp-content\/uploads\/2025\/04\/Carretera_Teil1-032-1024x768.jpg 1024w, https:\/\/www.askja-on-tour.ch\/wp-content\/uploads\/2025\/04\/Carretera_Teil1-032-1600x1200.jpg 1600w, https:\/\/www.askja-on-tour.ch\/wp-content\/uploads\/2025\/04\/Carretera_Teil1-032-768x576.jpg 768w, https:\/\/www.askja-on-tour.ch\/wp-content\/uploads\/2025\/04\/Carretera_Teil1-032-1536x1152.jpg 1536w, https:\/\/www.askja-on-tour.ch\/wp-content\/uploads\/2025\/04\/Carretera_Teil1-032.jpg 2048w\" sizes=\"auto, (max-width: 1024px) 100vw, 1024px\" \/><figcaption id=\"caption-attachment-26491\" class=\"wp-caption-text\">Kleiner aber feiner Kinderspielplatz<\/figcaption><\/figure>\n<figure id=\"attachment_26492\" aria-describedby=\"caption-attachment-26492\" style=\"width: 1024px\" class=\"wp-caption alignnone\"><img loading=\"lazy\" decoding=\"async\" class=\"wp-image-26492 size-medium\" src=\"https:\/\/www.askja-on-tour.ch\/wp-content\/uploads\/2025\/04\/Carretera_Teil1-033-1024x768.jpg\" alt=\"\" width=\"1024\" height=\"768\" srcset=\"https:\/\/www.askja-on-tour.ch\/wp-content\/uploads\/2025\/04\/Carretera_Teil1-033-1024x768.jpg 1024w, https:\/\/www.askja-on-tour.ch\/wp-content\/uploads\/2025\/04\/Carretera_Teil1-033-1600x1200.jpg 1600w, https:\/\/www.askja-on-tour.ch\/wp-content\/uploads\/2025\/04\/Carretera_Teil1-033-768x576.jpg 768w, https:\/\/www.askja-on-tour.ch\/wp-content\/uploads\/2025\/04\/Carretera_Teil1-033-1536x1152.jpg 1536w, https:\/\/www.askja-on-tour.ch\/wp-content\/uploads\/2025\/04\/Carretera_Teil1-033.jpg 2048w\" sizes=\"auto, (max-width: 1024px) 100vw, 1024px\" \/><figcaption id=\"caption-attachment-26492\" class=\"wp-caption-text\">&#8230; Abfalltrennung, wie es sich geh\u00f6rt<\/figcaption><\/figure>\n<p><img loading=\"lazy\" decoding=\"async\" class=\"alignnone size-medium wp-image-26485\" src=\"https:\/\/www.askja-on-tour.ch\/wp-content\/uploads\/2025\/04\/Carretera_Teil1-026-1024x768.jpg\" alt=\"\" width=\"1024\" height=\"768\" srcset=\"https:\/\/www.askja-on-tour.ch\/wp-content\/uploads\/2025\/04\/Carretera_Teil1-026-1024x768.jpg 1024w, https:\/\/www.askja-on-tour.ch\/wp-content\/uploads\/2025\/04\/Carretera_Teil1-026-1600x1200.jpg 1600w, https:\/\/www.askja-on-tour.ch\/wp-content\/uploads\/2025\/04\/Carretera_Teil1-026-768x576.jpg 768w, https:\/\/www.askja-on-tour.ch\/wp-content\/uploads\/2025\/04\/Carretera_Teil1-026-1536x1152.jpg 1536w, https:\/\/www.askja-on-tour.ch\/wp-content\/uploads\/2025\/04\/Carretera_Teil1-026.jpg 2048w\" sizes=\"auto, (max-width: 1024px) 100vw, 1024px\" \/> <img loading=\"lazy\" decoding=\"async\" class=\"alignnone size-medium wp-image-26486\" src=\"https:\/\/www.askja-on-tour.ch\/wp-content\/uploads\/2025\/04\/Carretera_Teil1-027-768x1024.jpg\" alt=\"\" width=\"768\" height=\"1024\" srcset=\"https:\/\/www.askja-on-tour.ch\/wp-content\/uploads\/2025\/04\/Carretera_Teil1-027-768x1024.jpg 768w, https:\/\/www.askja-on-tour.ch\/wp-content\/uploads\/2025\/04\/Carretera_Teil1-027-1200x1600.jpg 1200w, https:\/\/www.askja-on-tour.ch\/wp-content\/uploads\/2025\/04\/Carretera_Teil1-027-1152x1536.jpg 1152w, https:\/\/www.askja-on-tour.ch\/wp-content\/uploads\/2025\/04\/Carretera_Teil1-027.jpg 1536w\" sizes=\"auto, (max-width: 768px) 100vw, 768px\" \/> <img loading=\"lazy\" decoding=\"async\" class=\"alignnone size-medium wp-image-26487\" src=\"https:\/\/www.askja-on-tour.ch\/wp-content\/uploads\/2025\/04\/Carretera_Teil1-028-1024x768.jpg\" alt=\"\" width=\"1024\" height=\"768\" srcset=\"https:\/\/www.askja-on-tour.ch\/wp-content\/uploads\/2025\/04\/Carretera_Teil1-028-1024x768.jpg 1024w, https:\/\/www.askja-on-tour.ch\/wp-content\/uploads\/2025\/04\/Carretera_Teil1-028-1600x1200.jpg 1600w, https:\/\/www.askja-on-tour.ch\/wp-content\/uploads\/2025\/04\/Carretera_Teil1-028-768x576.jpg 768w, https:\/\/www.askja-on-tour.ch\/wp-content\/uploads\/2025\/04\/Carretera_Teil1-028-1536x1152.jpg 1536w, https:\/\/www.askja-on-tour.ch\/wp-content\/uploads\/2025\/04\/Carretera_Teil1-028.jpg 2048w\" sizes=\"auto, (max-width: 1024px) 100vw, 1024px\" \/> <img loading=\"lazy\" decoding=\"async\" class=\"alignnone size-medium wp-image-26488\" src=\"https:\/\/www.askja-on-tour.ch\/wp-content\/uploads\/2025\/04\/Carretera_Teil1-029-1024x768.jpg\" alt=\"\" width=\"1024\" height=\"768\" srcset=\"https:\/\/www.askja-on-tour.ch\/wp-content\/uploads\/2025\/04\/Carretera_Teil1-029-1024x768.jpg 1024w, https:\/\/www.askja-on-tour.ch\/wp-content\/uploads\/2025\/04\/Carretera_Teil1-029-1600x1200.jpg 1600w, https:\/\/www.askja-on-tour.ch\/wp-content\/uploads\/2025\/04\/Carretera_Teil1-029-768x576.jpg 768w, https:\/\/www.askja-on-tour.ch\/wp-content\/uploads\/2025\/04\/Carretera_Teil1-029-1536x1152.jpg 1536w, https:\/\/www.askja-on-tour.ch\/wp-content\/uploads\/2025\/04\/Carretera_Teil1-029.jpg 2048w\" sizes=\"auto, (max-width: 1024px) 100vw, 1024px\" \/> <img loading=\"lazy\" decoding=\"async\" class=\"alignnone size-medium wp-image-26489\" src=\"https:\/\/www.askja-on-tour.ch\/wp-content\/uploads\/2025\/04\/Carretera_Teil1-030-1024x768.jpg\" alt=\"\" width=\"1024\" height=\"768\" srcset=\"https:\/\/www.askja-on-tour.ch\/wp-content\/uploads\/2025\/04\/Carretera_Teil1-030-1024x768.jpg 1024w, https:\/\/www.askja-on-tour.ch\/wp-content\/uploads\/2025\/04\/Carretera_Teil1-030-1600x1200.jpg 1600w, https:\/\/www.askja-on-tour.ch\/wp-content\/uploads\/2025\/04\/Carretera_Teil1-030-768x576.jpg 768w, https:\/\/www.askja-on-tour.ch\/wp-content\/uploads\/2025\/04\/Carretera_Teil1-030-1536x1152.jpg 1536w, https:\/\/www.askja-on-tour.ch\/wp-content\/uploads\/2025\/04\/Carretera_Teil1-030.jpg 2048w\" sizes=\"auto, (max-width: 1024px) 100vw, 1024px\" \/> <img loading=\"lazy\" decoding=\"async\" class=\"alignnone size-medium wp-image-26490\" src=\"https:\/\/www.askja-on-tour.ch\/wp-content\/uploads\/2025\/04\/Carretera_Teil1-031-1024x768.jpg\" alt=\"\" width=\"1024\" height=\"768\" srcset=\"https:\/\/www.askja-on-tour.ch\/wp-content\/uploads\/2025\/04\/Carretera_Teil1-031-1024x768.jpg 1024w, https:\/\/www.askja-on-tour.ch\/wp-content\/uploads\/2025\/04\/Carretera_Teil1-031-1600x1200.jpg 1600w, https:\/\/www.askja-on-tour.ch\/wp-content\/uploads\/2025\/04\/Carretera_Teil1-031-768x576.jpg 768w, https:\/\/www.askja-on-tour.ch\/wp-content\/uploads\/2025\/04\/Carretera_Teil1-031-1536x1152.jpg 1536w, https:\/\/www.askja-on-tour.ch\/wp-content\/uploads\/2025\/04\/Carretera_Teil1-031.jpg 2048w\" sizes=\"auto, (max-width: 1024px) 100vw, 1024px\" \/> <img loading=\"lazy\" decoding=\"async\" class=\"alignnone size-medium wp-image-26493\" src=\"https:\/\/www.askja-on-tour.ch\/wp-content\/uploads\/2025\/04\/Carretera_Teil1-034-1024x768.jpg\" alt=\"\" width=\"1024\" height=\"768\" srcset=\"https:\/\/www.askja-on-tour.ch\/wp-content\/uploads\/2025\/04\/Carretera_Teil1-034-1024x768.jpg 1024w, https:\/\/www.askja-on-tour.ch\/wp-content\/uploads\/2025\/04\/Carretera_Teil1-034-1600x1200.jpg 1600w, https:\/\/www.askja-on-tour.ch\/wp-content\/uploads\/2025\/04\/Carretera_Teil1-034-768x576.jpg 768w, https:\/\/www.askja-on-tour.ch\/wp-content\/uploads\/2025\/04\/Carretera_Teil1-034-1536x1152.jpg 1536w, https:\/\/www.askja-on-tour.ch\/wp-content\/uploads\/2025\/04\/Carretera_Teil1-034.jpg 2048w\" sizes=\"auto, (max-width: 1024px) 100vw, 1024px\" \/> <img loading=\"lazy\" decoding=\"async\" class=\"alignnone size-medium wp-image-26494\" src=\"https:\/\/www.askja-on-tour.ch\/wp-content\/uploads\/2025\/04\/Carretera_Teil1-035-1024x768.jpg\" alt=\"\" width=\"1024\" height=\"768\" srcset=\"https:\/\/www.askja-on-tour.ch\/wp-content\/uploads\/2025\/04\/Carretera_Teil1-035-1024x768.jpg 1024w, https:\/\/www.askja-on-tour.ch\/wp-content\/uploads\/2025\/04\/Carretera_Teil1-035-1600x1200.jpg 1600w, https:\/\/www.askja-on-tour.ch\/wp-content\/uploads\/2025\/04\/Carretera_Teil1-035-768x576.jpg 768w, https:\/\/www.askja-on-tour.ch\/wp-content\/uploads\/2025\/04\/Carretera_Teil1-035-1536x1152.jpg 1536w, https:\/\/www.askja-on-tour.ch\/wp-content\/uploads\/2025\/04\/Carretera_Teil1-035.jpg 2048w\" sizes=\"auto, (max-width: 1024px) 100vw, 1024px\" \/> <img loading=\"lazy\" decoding=\"async\" class=\"alignnone size-medium wp-image-26495\" src=\"https:\/\/www.askja-on-tour.ch\/wp-content\/uploads\/2025\/04\/Carretera_Teil1-036-1024x768.jpg\" alt=\"\" width=\"1024\" height=\"768\" srcset=\"https:\/\/www.askja-on-tour.ch\/wp-content\/uploads\/2025\/04\/Carretera_Teil1-036-1024x768.jpg 1024w, https:\/\/www.askja-on-tour.ch\/wp-content\/uploads\/2025\/04\/Carretera_Teil1-036-1600x1200.jpg 1600w, https:\/\/www.askja-on-tour.ch\/wp-content\/uploads\/2025\/04\/Carretera_Teil1-036-768x576.jpg 768w, https:\/\/www.askja-on-tour.ch\/wp-content\/uploads\/2025\/04\/Carretera_Teil1-036-1536x1152.jpg 1536w, https:\/\/www.askja-on-tour.ch\/wp-content\/uploads\/2025\/04\/Carretera_Teil1-036.jpg 2048w\" sizes=\"auto, (max-width: 1024px) 100vw, 1024px\" \/> <img loading=\"lazy\" decoding=\"async\" class=\"alignnone size-medium wp-image-26496\" src=\"https:\/\/www.askja-on-tour.ch\/wp-content\/uploads\/2025\/04\/Carretera_Teil1-037-1024x768.jpg\" alt=\"\" width=\"1024\" height=\"768\" srcset=\"https:\/\/www.askja-on-tour.ch\/wp-content\/uploads\/2025\/04\/Carretera_Teil1-037-1024x768.jpg 1024w, https:\/\/www.askja-on-tour.ch\/wp-content\/uploads\/2025\/04\/Carretera_Teil1-037-1600x1200.jpg 1600w, https:\/\/www.askja-on-tour.ch\/wp-content\/uploads\/2025\/04\/Carretera_Teil1-037-768x576.jpg 768w, https:\/\/www.askja-on-tour.ch\/wp-content\/uploads\/2025\/04\/Carretera_Teil1-037-1536x1152.jpg 1536w, https:\/\/www.askja-on-tour.ch\/wp-content\/uploads\/2025\/04\/Carretera_Teil1-037.jpg 2048w\" sizes=\"auto, (max-width: 1024px) 100vw, 1024px\" \/><\/p>\n<p>Auf dem R\u00fcckweg \u00fcbernachteten an der X-904 auf dem kleinen Platz El Risquero. Es ist ein kleiner Campingplatz eines Ehepaares, das Selbstversorger ist. Wir hatten uns dort mit Hausmannskost verw\u00f6hnen lassen \u2013 es war k\u00f6stlich.<\/p>\n<figure id=\"attachment_26497\" aria-describedby=\"caption-attachment-26497\" style=\"width: 1024px\" class=\"wp-caption alignnone\"><img loading=\"lazy\" decoding=\"async\" class=\"size-medium wp-image-26497\" src=\"https:\/\/www.askja-on-tour.ch\/wp-content\/uploads\/2025\/04\/Carretera_Teil1-038-1024x768.jpg\" alt=\"\" width=\"1024\" height=\"768\" srcset=\"https:\/\/www.askja-on-tour.ch\/wp-content\/uploads\/2025\/04\/Carretera_Teil1-038-1024x768.jpg 1024w, https:\/\/www.askja-on-tour.ch\/wp-content\/uploads\/2025\/04\/Carretera_Teil1-038-1600x1200.jpg 1600w, https:\/\/www.askja-on-tour.ch\/wp-content\/uploads\/2025\/04\/Carretera_Teil1-038-768x576.jpg 768w, https:\/\/www.askja-on-tour.ch\/wp-content\/uploads\/2025\/04\/Carretera_Teil1-038-1536x1152.jpg 1536w, https:\/\/www.askja-on-tour.ch\/wp-content\/uploads\/2025\/04\/Carretera_Teil1-038.jpg 2048w\" sizes=\"auto, (max-width: 1024px) 100vw, 1024px\" \/><figcaption id=\"caption-attachment-26497\" class=\"wp-caption-text\">Camping El Risquero<\/figcaption><\/figure>\n<p><img loading=\"lazy\" decoding=\"async\" class=\"alignnone size-medium wp-image-26498\" src=\"https:\/\/www.askja-on-tour.ch\/wp-content\/uploads\/2025\/04\/Carretera_Teil1-039-768x1024.jpg\" alt=\"\" width=\"768\" height=\"1024\" srcset=\"https:\/\/www.askja-on-tour.ch\/wp-content\/uploads\/2025\/04\/Carretera_Teil1-039-768x1024.jpg 768w, https:\/\/www.askja-on-tour.ch\/wp-content\/uploads\/2025\/04\/Carretera_Teil1-039-1200x1600.jpg 1200w, https:\/\/www.askja-on-tour.ch\/wp-content\/uploads\/2025\/04\/Carretera_Teil1-039-1152x1536.jpg 1152w, https:\/\/www.askja-on-tour.ch\/wp-content\/uploads\/2025\/04\/Carretera_Teil1-039.jpg 1536w\" sizes=\"auto, (max-width: 768px) 100vw, 768px\" \/><\/p>\n<p>Auf unserem Weg weiter Richtung Norden machten wir Halt an der Confluencia (Zusammenfluss) des R\u00edo Baker und des R\u00edo Neff. Der Zusammenfluss der beiden Fl\u00fcsse bildet einen wundersch\u00f6nen, mehr als 10 Meter hohen Wasserfall, der einen eindrucksvollen Kontrast zwischen dem t\u00fcrkisfarbenen Wasser des Baker River und dem tr\u00fcben Wasser des Nef River, gespiesen vom Neff-Gletscher, bildet (und mit Sonne w\u00e4re es noch eindrucksvoller).<\/p>\n<figure id=\"attachment_26501\" aria-describedby=\"caption-attachment-26501\" style=\"width: 1024px\" class=\"wp-caption alignnone\"><img loading=\"lazy\" decoding=\"async\" class=\"size-medium wp-image-26501\" src=\"https:\/\/www.askja-on-tour.ch\/wp-content\/uploads\/2025\/04\/Carretera_Teil1-042-1024x768.jpg\" alt=\"\" width=\"1024\" height=\"768\" srcset=\"https:\/\/www.askja-on-tour.ch\/wp-content\/uploads\/2025\/04\/Carretera_Teil1-042-1024x768.jpg 1024w, https:\/\/www.askja-on-tour.ch\/wp-content\/uploads\/2025\/04\/Carretera_Teil1-042-1600x1200.jpg 1600w, https:\/\/www.askja-on-tour.ch\/wp-content\/uploads\/2025\/04\/Carretera_Teil1-042-768x576.jpg 768w, https:\/\/www.askja-on-tour.ch\/wp-content\/uploads\/2025\/04\/Carretera_Teil1-042-1536x1152.jpg 1536w, https:\/\/www.askja-on-tour.ch\/wp-content\/uploads\/2025\/04\/Carretera_Teil1-042.jpg 2048w\" sizes=\"auto, (max-width: 1024px) 100vw, 1024px\" \/><figcaption id=\"caption-attachment-26501\" class=\"wp-caption-text\">Confluencia (Zusammenfluss) des R\u00edo Baker und des R\u00edo Neff<\/figcaption><\/figure>\n<p><img loading=\"lazy\" decoding=\"async\" class=\"alignnone size-medium wp-image-26502\" src=\"https:\/\/www.askja-on-tour.ch\/wp-content\/uploads\/2025\/04\/Carretera_Teil1-043-1024x768.jpg\" alt=\"\" width=\"1024\" height=\"768\" srcset=\"https:\/\/www.askja-on-tour.ch\/wp-content\/uploads\/2025\/04\/Carretera_Teil1-043-1024x768.jpg 1024w, https:\/\/www.askja-on-tour.ch\/wp-content\/uploads\/2025\/04\/Carretera_Teil1-043-1600x1200.jpg 1600w, https:\/\/www.askja-on-tour.ch\/wp-content\/uploads\/2025\/04\/Carretera_Teil1-043-768x576.jpg 768w, https:\/\/www.askja-on-tour.ch\/wp-content\/uploads\/2025\/04\/Carretera_Teil1-043-1536x1152.jpg 1536w, https:\/\/www.askja-on-tour.ch\/wp-content\/uploads\/2025\/04\/Carretera_Teil1-043.jpg 2048w\" sizes=\"auto, (max-width: 1024px) 100vw, 1024px\" \/><\/p>\n<p>Das sch\u00f6ne hier in S\u00fcdamerika ist, dass man sich einfach irgendwo abseits der Strasse hinstellen und die Nacht verbringen kann, da es sicher ist (ausser in der N\u00e4he von gr\u00f6sseren St\u00e4dten).<\/p>\n<figure id=\"attachment_26503\" aria-describedby=\"caption-attachment-26503\" style=\"width: 1024px\" class=\"wp-caption alignnone\"><img loading=\"lazy\" decoding=\"async\" class=\"size-medium wp-image-26503\" src=\"https:\/\/www.askja-on-tour.ch\/wp-content\/uploads\/2025\/04\/Carretera_Teil1-044-1024x768.jpg\" alt=\"\" width=\"1024\" height=\"768\" srcset=\"https:\/\/www.askja-on-tour.ch\/wp-content\/uploads\/2025\/04\/Carretera_Teil1-044-1024x768.jpg 1024w, https:\/\/www.askja-on-tour.ch\/wp-content\/uploads\/2025\/04\/Carretera_Teil1-044-1600x1200.jpg 1600w, https:\/\/www.askja-on-tour.ch\/wp-content\/uploads\/2025\/04\/Carretera_Teil1-044-768x576.jpg 768w, https:\/\/www.askja-on-tour.ch\/wp-content\/uploads\/2025\/04\/Carretera_Teil1-044-1536x1152.jpg 1536w, https:\/\/www.askja-on-tour.ch\/wp-content\/uploads\/2025\/04\/Carretera_Teil1-044.jpg 2048w\" sizes=\"auto, (max-width: 1024px) 100vw, 1024px\" \/><figcaption id=\"caption-attachment-26503\" class=\"wp-caption-text\">&#8230; Nachtplatz irgendwo an der Carretera Austral<\/figcaption><\/figure>\n<p>Danach sind wir weiter Richtung Puerto R\u00edo Tranquillo gefahren, weil wir uns das Santuario de la naturaleza Capillas de M\u00e1rmol (Naturschutzgebiet der Marmorkapellen) ansehen wollen, die im Lago General Carrera liegen.<\/p>\n<p><img loading=\"lazy\" decoding=\"async\" class=\"alignnone size-medium wp-image-26499\" src=\"https:\/\/www.askja-on-tour.ch\/wp-content\/uploads\/2025\/04\/Carretera_Teil1-040-1024x768.jpg\" alt=\"\" width=\"1024\" height=\"768\" srcset=\"https:\/\/www.askja-on-tour.ch\/wp-content\/uploads\/2025\/04\/Carretera_Teil1-040-1024x768.jpg 1024w, https:\/\/www.askja-on-tour.ch\/wp-content\/uploads\/2025\/04\/Carretera_Teil1-040-1600x1200.jpg 1600w, https:\/\/www.askja-on-tour.ch\/wp-content\/uploads\/2025\/04\/Carretera_Teil1-040-768x576.jpg 768w, https:\/\/www.askja-on-tour.ch\/wp-content\/uploads\/2025\/04\/Carretera_Teil1-040-1536x1152.jpg 1536w, https:\/\/www.askja-on-tour.ch\/wp-content\/uploads\/2025\/04\/Carretera_Teil1-040.jpg 2048w\" sizes=\"auto, (max-width: 1024px) 100vw, 1024px\" \/> <img loading=\"lazy\" decoding=\"async\" class=\"alignnone size-medium wp-image-26500\" src=\"https:\/\/www.askja-on-tour.ch\/wp-content\/uploads\/2025\/04\/Carretera_Teil1-041-1024x768.jpg\" alt=\"\" width=\"1024\" height=\"768\" srcset=\"https:\/\/www.askja-on-tour.ch\/wp-content\/uploads\/2025\/04\/Carretera_Teil1-041-1024x768.jpg 1024w, https:\/\/www.askja-on-tour.ch\/wp-content\/uploads\/2025\/04\/Carretera_Teil1-041-1600x1200.jpg 1600w, https:\/\/www.askja-on-tour.ch\/wp-content\/uploads\/2025\/04\/Carretera_Teil1-041-768x576.jpg 768w, https:\/\/www.askja-on-tour.ch\/wp-content\/uploads\/2025\/04\/Carretera_Teil1-041-1536x1152.jpg 1536w, https:\/\/www.askja-on-tour.ch\/wp-content\/uploads\/2025\/04\/Carretera_Teil1-041.jpg 2048w\" sizes=\"auto, (max-width: 1024px) 100vw, 1024px\" \/> <img loading=\"lazy\" decoding=\"async\" class=\"alignnone size-medium wp-image-26504\" src=\"https:\/\/www.askja-on-tour.ch\/wp-content\/uploads\/2025\/04\/Carretera_Teil1-045-1024x768.jpg\" alt=\"\" width=\"1024\" height=\"768\" srcset=\"https:\/\/www.askja-on-tour.ch\/wp-content\/uploads\/2025\/04\/Carretera_Teil1-045-1024x768.jpg 1024w, https:\/\/www.askja-on-tour.ch\/wp-content\/uploads\/2025\/04\/Carretera_Teil1-045-1600x1200.jpg 1600w, https:\/\/www.askja-on-tour.ch\/wp-content\/uploads\/2025\/04\/Carretera_Teil1-045-768x576.jpg 768w, https:\/\/www.askja-on-tour.ch\/wp-content\/uploads\/2025\/04\/Carretera_Teil1-045-1536x1152.jpg 1536w, https:\/\/www.askja-on-tour.ch\/wp-content\/uploads\/2025\/04\/Carretera_Teil1-045.jpg 2048w\" sizes=\"auto, (max-width: 1024px) 100vw, 1024px\" \/><\/p>\n<figure id=\"attachment_26505\" aria-describedby=\"caption-attachment-26505\" style=\"width: 1024px\" class=\"wp-caption alignnone\"><img loading=\"lazy\" decoding=\"async\" class=\"size-medium wp-image-26505\" src=\"https:\/\/www.askja-on-tour.ch\/wp-content\/uploads\/2025\/04\/Carretera_Teil1-046-1024x768.jpg\" alt=\"\" width=\"1024\" height=\"768\" srcset=\"https:\/\/www.askja-on-tour.ch\/wp-content\/uploads\/2025\/04\/Carretera_Teil1-046-1024x768.jpg 1024w, https:\/\/www.askja-on-tour.ch\/wp-content\/uploads\/2025\/04\/Carretera_Teil1-046-1600x1200.jpg 1600w, https:\/\/www.askja-on-tour.ch\/wp-content\/uploads\/2025\/04\/Carretera_Teil1-046-768x576.jpg 768w, https:\/\/www.askja-on-tour.ch\/wp-content\/uploads\/2025\/04\/Carretera_Teil1-046-1536x1152.jpg 1536w, https:\/\/www.askja-on-tour.ch\/wp-content\/uploads\/2025\/04\/Carretera_Teil1-046.jpg 2048w\" sizes=\"auto, (max-width: 1024px) 100vw, 1024px\" \/><figcaption id=\"caption-attachment-26505\" class=\"wp-caption-text\">&#8230; sch\u00f6nes Br\u00fcckenbauwerk<\/figcaption><\/figure>\n<p><img loading=\"lazy\" decoding=\"async\" class=\"alignnone size-medium wp-image-26506\" src=\"https:\/\/www.askja-on-tour.ch\/wp-content\/uploads\/2025\/04\/Carretera_Teil1-047-1024x768.jpg\" alt=\"\" width=\"1024\" height=\"768\" srcset=\"https:\/\/www.askja-on-tour.ch\/wp-content\/uploads\/2025\/04\/Carretera_Teil1-047-1024x768.jpg 1024w, https:\/\/www.askja-on-tour.ch\/wp-content\/uploads\/2025\/04\/Carretera_Teil1-047-1600x1200.jpg 1600w, https:\/\/www.askja-on-tour.ch\/wp-content\/uploads\/2025\/04\/Carretera_Teil1-047-768x576.jpg 768w, https:\/\/www.askja-on-tour.ch\/wp-content\/uploads\/2025\/04\/Carretera_Teil1-047-1536x1152.jpg 1536w, https:\/\/www.askja-on-tour.ch\/wp-content\/uploads\/2025\/04\/Carretera_Teil1-047.jpg 2048w\" sizes=\"auto, (max-width: 1024px) 100vw, 1024px\" \/> <img loading=\"lazy\" decoding=\"async\" class=\"alignnone size-medium wp-image-26507\" src=\"https:\/\/www.askja-on-tour.ch\/wp-content\/uploads\/2025\/04\/Carretera_Teil1-048-1024x768.jpg\" alt=\"\" width=\"1024\" height=\"768\" srcset=\"https:\/\/www.askja-on-tour.ch\/wp-content\/uploads\/2025\/04\/Carretera_Teil1-048-1024x768.jpg 1024w, https:\/\/www.askja-on-tour.ch\/wp-content\/uploads\/2025\/04\/Carretera_Teil1-048-1600x1200.jpg 1600w, https:\/\/www.askja-on-tour.ch\/wp-content\/uploads\/2025\/04\/Carretera_Teil1-048-768x576.jpg 768w, https:\/\/www.askja-on-tour.ch\/wp-content\/uploads\/2025\/04\/Carretera_Teil1-048-1536x1152.jpg 1536w, https:\/\/www.askja-on-tour.ch\/wp-content\/uploads\/2025\/04\/Carretera_Teil1-048.jpg 2048w\" sizes=\"auto, (max-width: 1024px) 100vw, 1024px\" \/><\/p>\n<p>Wir kamen am Donnerstag an und haben uns f\u00fcr Freitag eine Schiffsfahrt gebucht, obschon wir wussten, dass tr\u00fcbes Wetter sein wird, aber mind. kein Regen. F\u00fcr die folgenden Tage wurde wieder st\u00e4rkerer Regen und vor allem Wind vorhergesagt, was allenfalls eine Bootsfahrt verunm\u00f6glicht. Normalerweise fragen wir, wieviel Uhr es sei, aber genau dieses Mal nicht. Doof \u2013 denn die Region Ays\u00e9n hat nicht, wie die anderen Regionen in Chile, auf Winterzeit umgestellt. Somit kamen wir zu unserer Bootsfahrt, die um 09.00 Uhr gestartet w\u00e4re, eine Stunde zu sp\u00e4t. Zum Gl\u00fcck war der Anbieter der Bootstour flexibel und wir durften an der Tour um 11.00 Uhr teilnehmen. J\u00e4 nu \u2013 nun wissen wir: immer Uhren vergleich!<\/p>\n<p><img loading=\"lazy\" decoding=\"async\" class=\"alignnone size-medium wp-image-26511\" src=\"https:\/\/www.askja-on-tour.ch\/wp-content\/uploads\/2025\/04\/Carretera_Teil1-052-768x1024.jpg\" alt=\"\" width=\"768\" height=\"1024\" srcset=\"https:\/\/www.askja-on-tour.ch\/wp-content\/uploads\/2025\/04\/Carretera_Teil1-052-768x1024.jpg 768w, https:\/\/www.askja-on-tour.ch\/wp-content\/uploads\/2025\/04\/Carretera_Teil1-052-1200x1600.jpg 1200w, https:\/\/www.askja-on-tour.ch\/wp-content\/uploads\/2025\/04\/Carretera_Teil1-052-1152x1536.jpg 1152w, https:\/\/www.askja-on-tour.ch\/wp-content\/uploads\/2025\/04\/Carretera_Teil1-052.jpg 1536w\" sizes=\"auto, (max-width: 768px) 100vw, 768px\" \/><\/p>\n<figure id=\"attachment_26508\" aria-describedby=\"caption-attachment-26508\" style=\"width: 1024px\" class=\"wp-caption alignnone\"><img loading=\"lazy\" decoding=\"async\" class=\"size-medium wp-image-26508\" src=\"https:\/\/www.askja-on-tour.ch\/wp-content\/uploads\/2025\/04\/Carretera_Teil1-049-1024x768.jpg\" alt=\"\" width=\"1024\" height=\"768\" srcset=\"https:\/\/www.askja-on-tour.ch\/wp-content\/uploads\/2025\/04\/Carretera_Teil1-049-1024x768.jpg 1024w, https:\/\/www.askja-on-tour.ch\/wp-content\/uploads\/2025\/04\/Carretera_Teil1-049-1600x1200.jpg 1600w, https:\/\/www.askja-on-tour.ch\/wp-content\/uploads\/2025\/04\/Carretera_Teil1-049-768x576.jpg 768w, https:\/\/www.askja-on-tour.ch\/wp-content\/uploads\/2025\/04\/Carretera_Teil1-049-1536x1152.jpg 1536w, https:\/\/www.askja-on-tour.ch\/wp-content\/uploads\/2025\/04\/Carretera_Teil1-049.jpg 2048w\" sizes=\"auto, (max-width: 1024px) 100vw, 1024px\" \/><figcaption id=\"caption-attachment-26508\" class=\"wp-caption-text\">in Puerto R\u00edo Tranquillo angekommen<\/figcaption><\/figure>\n<p><img loading=\"lazy\" decoding=\"async\" class=\"alignnone size-medium wp-image-26509\" src=\"https:\/\/www.askja-on-tour.ch\/wp-content\/uploads\/2025\/04\/Carretera_Teil1-050-1024x768.jpg\" alt=\"\" width=\"1024\" height=\"768\" srcset=\"https:\/\/www.askja-on-tour.ch\/wp-content\/uploads\/2025\/04\/Carretera_Teil1-050-1024x768.jpg 1024w, https:\/\/www.askja-on-tour.ch\/wp-content\/uploads\/2025\/04\/Carretera_Teil1-050-1600x1200.jpg 1600w, https:\/\/www.askja-on-tour.ch\/wp-content\/uploads\/2025\/04\/Carretera_Teil1-050-768x576.jpg 768w, https:\/\/www.askja-on-tour.ch\/wp-content\/uploads\/2025\/04\/Carretera_Teil1-050-1536x1152.jpg 1536w, https:\/\/www.askja-on-tour.ch\/wp-content\/uploads\/2025\/04\/Carretera_Teil1-050.jpg 2048w\" sizes=\"auto, (max-width: 1024px) 100vw, 1024px\" \/> <img loading=\"lazy\" decoding=\"async\" class=\"alignnone size-medium wp-image-26510\" src=\"https:\/\/www.askja-on-tour.ch\/wp-content\/uploads\/2025\/04\/Carretera_Teil1-051-1024x768.jpg\" alt=\"\" width=\"1024\" height=\"768\" srcset=\"https:\/\/www.askja-on-tour.ch\/wp-content\/uploads\/2025\/04\/Carretera_Teil1-051-1024x768.jpg 1024w, https:\/\/www.askja-on-tour.ch\/wp-content\/uploads\/2025\/04\/Carretera_Teil1-051-1600x1200.jpg 1600w, https:\/\/www.askja-on-tour.ch\/wp-content\/uploads\/2025\/04\/Carretera_Teil1-051-768x576.jpg 768w, https:\/\/www.askja-on-tour.ch\/wp-content\/uploads\/2025\/04\/Carretera_Teil1-051-1536x1152.jpg 1536w, https:\/\/www.askja-on-tour.ch\/wp-content\/uploads\/2025\/04\/Carretera_Teil1-051.jpg 2048w\" sizes=\"auto, (max-width: 1024px) 100vw, 1024px\" \/><\/p>\n<figure id=\"attachment_26512\" aria-describedby=\"caption-attachment-26512\" style=\"width: 1024px\" class=\"wp-caption alignnone\"><img loading=\"lazy\" decoding=\"async\" class=\"size-medium wp-image-26512\" src=\"https:\/\/www.askja-on-tour.ch\/wp-content\/uploads\/2025\/04\/Carretera_Teil1-053-1024x768.jpg\" alt=\"\" width=\"1024\" height=\"768\" srcset=\"https:\/\/www.askja-on-tour.ch\/wp-content\/uploads\/2025\/04\/Carretera_Teil1-053-1024x768.jpg 1024w, https:\/\/www.askja-on-tour.ch\/wp-content\/uploads\/2025\/04\/Carretera_Teil1-053-1600x1200.jpg 1600w, https:\/\/www.askja-on-tour.ch\/wp-content\/uploads\/2025\/04\/Carretera_Teil1-053-768x576.jpg 768w, https:\/\/www.askja-on-tour.ch\/wp-content\/uploads\/2025\/04\/Carretera_Teil1-053-1536x1152.jpg 1536w, https:\/\/www.askja-on-tour.ch\/wp-content\/uploads\/2025\/04\/Carretera_Teil1-053.jpg 2048w\" sizes=\"auto, (max-width: 1024px) 100vw, 1024px\" \/><figcaption id=\"caption-attachment-26512\" class=\"wp-caption-text\">&#8230; es scheint, dass auf der Satellitensch\u00fcssel der Teufel aufgemalt ist &#8211; aber es ist der lokale Pfarrer<\/figcaption><\/figure>\n<p>Der Lago General Carrera (Chile) resp. Lago Buenos Aires (Argentinien) ist ein See in Chile und Argentinien, wobei 52 % zu Chile geh\u00f6ren und 48 % zu Argentinien (Zahlen wurden uns durch einen Chilenen) genannt, d\u00fcrfte genau umgekehrt sein, wenn wir einen Argentinier gefragt h\u00e4tten. Der See weist eine Gesamtfl\u00e4che von rund 1\u2018850 km\u00b2 auf (mehr als dreimal so gross wie der Bodensee). Er ist nach dem Titicacasee S\u00fcdamerikas zweitgr\u00f6sster See.<\/p>\n<p>Die wilden Str\u00f6mungen des Sees Lago General Carrera haben ein Meisterwerk aus Stein, Farbe und Licht geschaffen. Die gr\u00f6sste Attraktionen des Sees sind die als Catedral de M\u00e1rmol (Kathedrale), Capilla de M\u00e1rmol (Kapelle) und Cavernas de M\u00e1rmol (H\u00f6hle) bekannten. Die Marmorh\u00f6hlen entstanden durch eine Kombination aus Erosion und Verwitterung, die \u00fcber Millionen von Jahren auf die Marmorgesteinsformationen einwirken. Das Gebiet, in dem sich die H\u00f6hlen befinden, war einst von einem alten Meer bedeckt, und die Kalksteinablagerungen aus den Schalen von Meeresorganismen wurden im Laufe der Zeit komprimiert und erhitzt und verwandelten sich in Marmor.<\/p>\n<p>Die H\u00f6hlen selbst sind durch die st\u00e4ndige Einwirkung der Wellen des Lago General Carrera entstanden, der an die Marmorfelsformationen grenzt. Die starken Winde und Wellen des Sees haben im Laufe der Zeit den Marmor erodiert und komplizierte Muster und Formen in den Fels gehauen.<\/p>\n<figure id=\"attachment_26513\" aria-describedby=\"caption-attachment-26513\" style=\"width: 1024px\" class=\"wp-caption alignnone\"><img loading=\"lazy\" decoding=\"async\" class=\"size-medium wp-image-26513\" src=\"https:\/\/www.askja-on-tour.ch\/wp-content\/uploads\/2025\/04\/Carretera_Teil1-054-1024x768.jpg\" alt=\"\" width=\"1024\" height=\"768\" srcset=\"https:\/\/www.askja-on-tour.ch\/wp-content\/uploads\/2025\/04\/Carretera_Teil1-054-1024x768.jpg 1024w, https:\/\/www.askja-on-tour.ch\/wp-content\/uploads\/2025\/04\/Carretera_Teil1-054-1600x1200.jpg 1600w, https:\/\/www.askja-on-tour.ch\/wp-content\/uploads\/2025\/04\/Carretera_Teil1-054-768x576.jpg 768w, https:\/\/www.askja-on-tour.ch\/wp-content\/uploads\/2025\/04\/Carretera_Teil1-054-1536x1152.jpg 1536w, https:\/\/www.askja-on-tour.ch\/wp-content\/uploads\/2025\/04\/Carretera_Teil1-054.jpg 2048w\" sizes=\"auto, (max-width: 1024px) 100vw, 1024px\" \/><figcaption id=\"caption-attachment-26513\" class=\"wp-caption-text\">Santuario de la naturaleza Capillas de M\u00e1rmol<\/figcaption><\/figure>\n<p><img loading=\"lazy\" decoding=\"async\" class=\"alignnone size-medium wp-image-26514\" src=\"https:\/\/www.askja-on-tour.ch\/wp-content\/uploads\/2025\/04\/Carretera_Teil1-055-1024x769.jpg\" alt=\"\" width=\"1024\" height=\"769\" srcset=\"https:\/\/www.askja-on-tour.ch\/wp-content\/uploads\/2025\/04\/Carretera_Teil1-055-1024x769.jpg 1024w, https:\/\/www.askja-on-tour.ch\/wp-content\/uploads\/2025\/04\/Carretera_Teil1-055-1600x1201.jpg 1600w, https:\/\/www.askja-on-tour.ch\/wp-content\/uploads\/2025\/04\/Carretera_Teil1-055-768x576.jpg 768w, https:\/\/www.askja-on-tour.ch\/wp-content\/uploads\/2025\/04\/Carretera_Teil1-055-1536x1153.jpg 1536w, https:\/\/www.askja-on-tour.ch\/wp-content\/uploads\/2025\/04\/Carretera_Teil1-055.jpg 2048w\" sizes=\"auto, (max-width: 1024px) 100vw, 1024px\" \/> <img loading=\"lazy\" decoding=\"async\" class=\"alignnone size-medium wp-image-26515\" src=\"https:\/\/www.askja-on-tour.ch\/wp-content\/uploads\/2025\/04\/Carretera_Teil1-056-1024x769.jpg\" alt=\"\" width=\"1024\" height=\"769\" srcset=\"https:\/\/www.askja-on-tour.ch\/wp-content\/uploads\/2025\/04\/Carretera_Teil1-056-1024x769.jpg 1024w, https:\/\/www.askja-on-tour.ch\/wp-content\/uploads\/2025\/04\/Carretera_Teil1-056-1600x1201.jpg 1600w, https:\/\/www.askja-on-tour.ch\/wp-content\/uploads\/2025\/04\/Carretera_Teil1-056-768x576.jpg 768w, https:\/\/www.askja-on-tour.ch\/wp-content\/uploads\/2025\/04\/Carretera_Teil1-056-1536x1153.jpg 1536w, https:\/\/www.askja-on-tour.ch\/wp-content\/uploads\/2025\/04\/Carretera_Teil1-056.jpg 2048w\" sizes=\"auto, (max-width: 1024px) 100vw, 1024px\" \/> <img loading=\"lazy\" decoding=\"async\" class=\"alignnone size-medium wp-image-26516\" src=\"https:\/\/www.askja-on-tour.ch\/wp-content\/uploads\/2025\/04\/Carretera_Teil1-057-1024x769.jpg\" alt=\"\" width=\"1024\" height=\"769\" srcset=\"https:\/\/www.askja-on-tour.ch\/wp-content\/uploads\/2025\/04\/Carretera_Teil1-057-1024x769.jpg 1024w, https:\/\/www.askja-on-tour.ch\/wp-content\/uploads\/2025\/04\/Carretera_Teil1-057-1600x1201.jpg 1600w, https:\/\/www.askja-on-tour.ch\/wp-content\/uploads\/2025\/04\/Carretera_Teil1-057-768x576.jpg 768w, https:\/\/www.askja-on-tour.ch\/wp-content\/uploads\/2025\/04\/Carretera_Teil1-057-1536x1153.jpg 1536w, https:\/\/www.askja-on-tour.ch\/wp-content\/uploads\/2025\/04\/Carretera_Teil1-057.jpg 2048w\" sizes=\"auto, (max-width: 1024px) 100vw, 1024px\" \/> <img loading=\"lazy\" decoding=\"async\" class=\"alignnone size-medium wp-image-26517\" src=\"https:\/\/www.askja-on-tour.ch\/wp-content\/uploads\/2025\/04\/Carretera_Teil1-058-769x1024.jpg\" alt=\"\" width=\"769\" height=\"1024\" srcset=\"https:\/\/www.askja-on-tour.ch\/wp-content\/uploads\/2025\/04\/Carretera_Teil1-058-769x1024.jpg 769w, https:\/\/www.askja-on-tour.ch\/wp-content\/uploads\/2025\/04\/Carretera_Teil1-058-1201x1600.jpg 1201w, https:\/\/www.askja-on-tour.ch\/wp-content\/uploads\/2025\/04\/Carretera_Teil1-058-768x1023.jpg 768w, https:\/\/www.askja-on-tour.ch\/wp-content\/uploads\/2025\/04\/Carretera_Teil1-058-1153x1536.jpg 1153w, https:\/\/www.askja-on-tour.ch\/wp-content\/uploads\/2025\/04\/Carretera_Teil1-058.jpg 1537w\" sizes=\"auto, (max-width: 769px) 100vw, 769px\" \/> <img loading=\"lazy\" decoding=\"async\" class=\"alignnone size-medium wp-image-26518\" src=\"https:\/\/www.askja-on-tour.ch\/wp-content\/uploads\/2025\/04\/Carretera_Teil1-059-1024x769.jpg\" alt=\"\" width=\"1024\" height=\"769\" srcset=\"https:\/\/www.askja-on-tour.ch\/wp-content\/uploads\/2025\/04\/Carretera_Teil1-059-1024x769.jpg 1024w, https:\/\/www.askja-on-tour.ch\/wp-content\/uploads\/2025\/04\/Carretera_Teil1-059-1600x1201.jpg 1600w, https:\/\/www.askja-on-tour.ch\/wp-content\/uploads\/2025\/04\/Carretera_Teil1-059-768x576.jpg 768w, https:\/\/www.askja-on-tour.ch\/wp-content\/uploads\/2025\/04\/Carretera_Teil1-059-1536x1153.jpg 1536w, https:\/\/www.askja-on-tour.ch\/wp-content\/uploads\/2025\/04\/Carretera_Teil1-059.jpg 2048w\" sizes=\"auto, (max-width: 1024px) 100vw, 1024px\" \/> <img loading=\"lazy\" decoding=\"async\" class=\"alignnone size-medium wp-image-26519\" src=\"https:\/\/www.askja-on-tour.ch\/wp-content\/uploads\/2025\/04\/Carretera_Teil1-060-769x1024.jpg\" alt=\"\" width=\"769\" height=\"1024\" srcset=\"https:\/\/www.askja-on-tour.ch\/wp-content\/uploads\/2025\/04\/Carretera_Teil1-060-769x1024.jpg 769w, https:\/\/www.askja-on-tour.ch\/wp-content\/uploads\/2025\/04\/Carretera_Teil1-060-1201x1600.jpg 1201w, https:\/\/www.askja-on-tour.ch\/wp-content\/uploads\/2025\/04\/Carretera_Teil1-060-768x1023.jpg 768w, https:\/\/www.askja-on-tour.ch\/wp-content\/uploads\/2025\/04\/Carretera_Teil1-060-1153x1536.jpg 1153w, https:\/\/www.askja-on-tour.ch\/wp-content\/uploads\/2025\/04\/Carretera_Teil1-060.jpg 1537w\" sizes=\"auto, (max-width: 769px) 100vw, 769px\" \/> <img loading=\"lazy\" decoding=\"async\" class=\"alignnone size-medium wp-image-26520\" src=\"https:\/\/www.askja-on-tour.ch\/wp-content\/uploads\/2025\/04\/Carretera_Teil1-061-1024x768.jpg\" alt=\"\" width=\"1024\" height=\"768\" srcset=\"https:\/\/www.askja-on-tour.ch\/wp-content\/uploads\/2025\/04\/Carretera_Teil1-061-1024x768.jpg 1024w, https:\/\/www.askja-on-tour.ch\/wp-content\/uploads\/2025\/04\/Carretera_Teil1-061-1600x1200.jpg 1600w, https:\/\/www.askja-on-tour.ch\/wp-content\/uploads\/2025\/04\/Carretera_Teil1-061-768x576.jpg 768w, https:\/\/www.askja-on-tour.ch\/wp-content\/uploads\/2025\/04\/Carretera_Teil1-061-1536x1152.jpg 1536w, https:\/\/www.askja-on-tour.ch\/wp-content\/uploads\/2025\/04\/Carretera_Teil1-061.jpg 2048w\" sizes=\"auto, (max-width: 1024px) 100vw, 1024px\" \/> <img loading=\"lazy\" decoding=\"async\" class=\"alignnone size-medium wp-image-26521\" src=\"https:\/\/www.askja-on-tour.ch\/wp-content\/uploads\/2025\/04\/Carretera_Teil1-062-1024x768.jpg\" alt=\"\" width=\"1024\" height=\"768\" srcset=\"https:\/\/www.askja-on-tour.ch\/wp-content\/uploads\/2025\/04\/Carretera_Teil1-062-1024x768.jpg 1024w, https:\/\/www.askja-on-tour.ch\/wp-content\/uploads\/2025\/04\/Carretera_Teil1-062-1600x1200.jpg 1600w, https:\/\/www.askja-on-tour.ch\/wp-content\/uploads\/2025\/04\/Carretera_Teil1-062-768x576.jpg 768w, https:\/\/www.askja-on-tour.ch\/wp-content\/uploads\/2025\/04\/Carretera_Teil1-062-1536x1152.jpg 1536w, https:\/\/www.askja-on-tour.ch\/wp-content\/uploads\/2025\/04\/Carretera_Teil1-062.jpg 2048w\" sizes=\"auto, (max-width: 1024px) 100vw, 1024px\" \/> <img loading=\"lazy\" decoding=\"async\" class=\"alignnone size-medium wp-image-26522\" src=\"https:\/\/www.askja-on-tour.ch\/wp-content\/uploads\/2025\/04\/Carretera_Teil1-063-1024x768.jpg\" alt=\"\" width=\"1024\" height=\"768\" srcset=\"https:\/\/www.askja-on-tour.ch\/wp-content\/uploads\/2025\/04\/Carretera_Teil1-063-1024x768.jpg 1024w, https:\/\/www.askja-on-tour.ch\/wp-content\/uploads\/2025\/04\/Carretera_Teil1-063-1600x1200.jpg 1600w, https:\/\/www.askja-on-tour.ch\/wp-content\/uploads\/2025\/04\/Carretera_Teil1-063-768x576.jpg 768w, https:\/\/www.askja-on-tour.ch\/wp-content\/uploads\/2025\/04\/Carretera_Teil1-063-1536x1152.jpg 1536w, https:\/\/www.askja-on-tour.ch\/wp-content\/uploads\/2025\/04\/Carretera_Teil1-063.jpg 2048w\" sizes=\"auto, (max-width: 1024px) 100vw, 1024px\" \/> <img loading=\"lazy\" decoding=\"async\" class=\"alignnone size-medium wp-image-26523\" src=\"https:\/\/www.askja-on-tour.ch\/wp-content\/uploads\/2025\/04\/Carretera_Teil1-064-1024x768.jpg\" alt=\"\" width=\"1024\" height=\"768\" srcset=\"https:\/\/www.askja-on-tour.ch\/wp-content\/uploads\/2025\/04\/Carretera_Teil1-064-1024x768.jpg 1024w, https:\/\/www.askja-on-tour.ch\/wp-content\/uploads\/2025\/04\/Carretera_Teil1-064-1600x1200.jpg 1600w, https:\/\/www.askja-on-tour.ch\/wp-content\/uploads\/2025\/04\/Carretera_Teil1-064-768x576.jpg 768w, https:\/\/www.askja-on-tour.ch\/wp-content\/uploads\/2025\/04\/Carretera_Teil1-064-1536x1152.jpg 1536w, https:\/\/www.askja-on-tour.ch\/wp-content\/uploads\/2025\/04\/Carretera_Teil1-064.jpg 2048w\" sizes=\"auto, (max-width: 1024px) 100vw, 1024px\" \/> <img loading=\"lazy\" decoding=\"async\" class=\"alignnone size-medium wp-image-26524\" src=\"https:\/\/www.askja-on-tour.ch\/wp-content\/uploads\/2025\/04\/Carretera_Teil1-065-769x1024.jpg\" alt=\"\" width=\"769\" height=\"1024\" srcset=\"https:\/\/www.askja-on-tour.ch\/wp-content\/uploads\/2025\/04\/Carretera_Teil1-065-769x1024.jpg 769w, https:\/\/www.askja-on-tour.ch\/wp-content\/uploads\/2025\/04\/Carretera_Teil1-065-1201x1600.jpg 1201w, https:\/\/www.askja-on-tour.ch\/wp-content\/uploads\/2025\/04\/Carretera_Teil1-065-768x1023.jpg 768w, https:\/\/www.askja-on-tour.ch\/wp-content\/uploads\/2025\/04\/Carretera_Teil1-065-1153x1536.jpg 1153w, https:\/\/www.askja-on-tour.ch\/wp-content\/uploads\/2025\/04\/Carretera_Teil1-065.jpg 1537w\" sizes=\"auto, (max-width: 769px) 100vw, 769px\" \/> <img loading=\"lazy\" decoding=\"async\" class=\"alignnone size-medium wp-image-26525\" src=\"https:\/\/www.askja-on-tour.ch\/wp-content\/uploads\/2025\/04\/Carretera_Teil1-066-1024x769.jpg\" alt=\"\" width=\"1024\" height=\"769\" srcset=\"https:\/\/www.askja-on-tour.ch\/wp-content\/uploads\/2025\/04\/Carretera_Teil1-066-1024x769.jpg 1024w, https:\/\/www.askja-on-tour.ch\/wp-content\/uploads\/2025\/04\/Carretera_Teil1-066-1600x1201.jpg 1600w, https:\/\/www.askja-on-tour.ch\/wp-content\/uploads\/2025\/04\/Carretera_Teil1-066-768x576.jpg 768w, https:\/\/www.askja-on-tour.ch\/wp-content\/uploads\/2025\/04\/Carretera_Teil1-066-1536x1153.jpg 1536w, https:\/\/www.askja-on-tour.ch\/wp-content\/uploads\/2025\/04\/Carretera_Teil1-066.jpg 2048w\" sizes=\"auto, (max-width: 1024px) 100vw, 1024px\" \/> <img loading=\"lazy\" decoding=\"async\" class=\"alignnone size-medium wp-image-26526\" src=\"https:\/\/www.askja-on-tour.ch\/wp-content\/uploads\/2025\/04\/Carretera_Teil1-067-1024x768.jpg\" alt=\"\" width=\"1024\" height=\"768\" srcset=\"https:\/\/www.askja-on-tour.ch\/wp-content\/uploads\/2025\/04\/Carretera_Teil1-067-1024x768.jpg 1024w, https:\/\/www.askja-on-tour.ch\/wp-content\/uploads\/2025\/04\/Carretera_Teil1-067-1600x1200.jpg 1600w, https:\/\/www.askja-on-tour.ch\/wp-content\/uploads\/2025\/04\/Carretera_Teil1-067-768x576.jpg 768w, https:\/\/www.askja-on-tour.ch\/wp-content\/uploads\/2025\/04\/Carretera_Teil1-067-1536x1152.jpg 1536w, https:\/\/www.askja-on-tour.ch\/wp-content\/uploads\/2025\/04\/Carretera_Teil1-067.jpg 2048w\" sizes=\"auto, (max-width: 1024px) 100vw, 1024px\" \/> <img loading=\"lazy\" decoding=\"async\" class=\"alignnone size-medium wp-image-26527\" src=\"https:\/\/www.askja-on-tour.ch\/wp-content\/uploads\/2025\/04\/Carretera_Teil1-068-768x1024.jpg\" alt=\"\" width=\"768\" height=\"1024\" srcset=\"https:\/\/www.askja-on-tour.ch\/wp-content\/uploads\/2025\/04\/Carretera_Teil1-068-768x1024.jpg 768w, https:\/\/www.askja-on-tour.ch\/wp-content\/uploads\/2025\/04\/Carretera_Teil1-068-1200x1600.jpg 1200w, https:\/\/www.askja-on-tour.ch\/wp-content\/uploads\/2025\/04\/Carretera_Teil1-068-1152x1536.jpg 1152w, https:\/\/www.askja-on-tour.ch\/wp-content\/uploads\/2025\/04\/Carretera_Teil1-068.jpg 1536w\" sizes=\"auto, (max-width: 768px) 100vw, 768px\" \/> <img loading=\"lazy\" decoding=\"async\" class=\"alignnone size-medium wp-image-26528\" src=\"https:\/\/www.askja-on-tour.ch\/wp-content\/uploads\/2025\/04\/Carretera_Teil1-069-1024x768.jpg\" alt=\"\" width=\"1024\" height=\"768\" srcset=\"https:\/\/www.askja-on-tour.ch\/wp-content\/uploads\/2025\/04\/Carretera_Teil1-069-1024x768.jpg 1024w, https:\/\/www.askja-on-tour.ch\/wp-content\/uploads\/2025\/04\/Carretera_Teil1-069-1600x1200.jpg 1600w, https:\/\/www.askja-on-tour.ch\/wp-content\/uploads\/2025\/04\/Carretera_Teil1-069-768x576.jpg 768w, https:\/\/www.askja-on-tour.ch\/wp-content\/uploads\/2025\/04\/Carretera_Teil1-069-1536x1152.jpg 1536w, https:\/\/www.askja-on-tour.ch\/wp-content\/uploads\/2025\/04\/Carretera_Teil1-069.jpg 2048w\" sizes=\"auto, (max-width: 1024px) 100vw, 1024px\" \/> <img loading=\"lazy\" decoding=\"async\" class=\"alignnone size-medium wp-image-26529\" src=\"https:\/\/www.askja-on-tour.ch\/wp-content\/uploads\/2025\/04\/Carretera_Teil1-070-1024x768.jpg\" alt=\"\" width=\"1024\" height=\"768\" srcset=\"https:\/\/www.askja-on-tour.ch\/wp-content\/uploads\/2025\/04\/Carretera_Teil1-070-1024x768.jpg 1024w, https:\/\/www.askja-on-tour.ch\/wp-content\/uploads\/2025\/04\/Carretera_Teil1-070-1600x1200.jpg 1600w, https:\/\/www.askja-on-tour.ch\/wp-content\/uploads\/2025\/04\/Carretera_Teil1-070-768x576.jpg 768w, https:\/\/www.askja-on-tour.ch\/wp-content\/uploads\/2025\/04\/Carretera_Teil1-070-1536x1152.jpg 1536w, https:\/\/www.askja-on-tour.ch\/wp-content\/uploads\/2025\/04\/Carretera_Teil1-070.jpg 2048w\" sizes=\"auto, (max-width: 1024px) 100vw, 1024px\" \/> <img loading=\"lazy\" decoding=\"async\" class=\"alignnone size-medium wp-image-26530\" src=\"https:\/\/www.askja-on-tour.ch\/wp-content\/uploads\/2025\/04\/Carretera_Teil1-071-1024x768.jpg\" alt=\"\" width=\"1024\" height=\"768\" srcset=\"https:\/\/www.askja-on-tour.ch\/wp-content\/uploads\/2025\/04\/Carretera_Teil1-071-1024x768.jpg 1024w, https:\/\/www.askja-on-tour.ch\/wp-content\/uploads\/2025\/04\/Carretera_Teil1-071-1600x1200.jpg 1600w, https:\/\/www.askja-on-tour.ch\/wp-content\/uploads\/2025\/04\/Carretera_Teil1-071-768x576.jpg 768w, https:\/\/www.askja-on-tour.ch\/wp-content\/uploads\/2025\/04\/Carretera_Teil1-071-1536x1152.jpg 1536w, https:\/\/www.askja-on-tour.ch\/wp-content\/uploads\/2025\/04\/Carretera_Teil1-071.jpg 2048w\" sizes=\"auto, (max-width: 1024px) 100vw, 1024px\" \/> <img loading=\"lazy\" decoding=\"async\" class=\"alignnone size-medium wp-image-26531\" src=\"https:\/\/www.askja-on-tour.ch\/wp-content\/uploads\/2025\/04\/Carretera_Teil1-072-1024x768.jpg\" alt=\"\" width=\"1024\" height=\"768\" srcset=\"https:\/\/www.askja-on-tour.ch\/wp-content\/uploads\/2025\/04\/Carretera_Teil1-072-1024x768.jpg 1024w, https:\/\/www.askja-on-tour.ch\/wp-content\/uploads\/2025\/04\/Carretera_Teil1-072-1600x1200.jpg 1600w, https:\/\/www.askja-on-tour.ch\/wp-content\/uploads\/2025\/04\/Carretera_Teil1-072-768x576.jpg 768w, https:\/\/www.askja-on-tour.ch\/wp-content\/uploads\/2025\/04\/Carretera_Teil1-072-1536x1152.jpg 1536w, https:\/\/www.askja-on-tour.ch\/wp-content\/uploads\/2025\/04\/Carretera_Teil1-072.jpg 2048w\" sizes=\"auto, (max-width: 1024px) 100vw, 1024px\" \/> <img loading=\"lazy\" decoding=\"async\" class=\"alignnone size-medium wp-image-26532\" src=\"https:\/\/www.askja-on-tour.ch\/wp-content\/uploads\/2025\/04\/Carretera_Teil1-073-1024x768.jpg\" alt=\"\" width=\"1024\" height=\"768\" srcset=\"https:\/\/www.askja-on-tour.ch\/wp-content\/uploads\/2025\/04\/Carretera_Teil1-073-1024x768.jpg 1024w, https:\/\/www.askja-on-tour.ch\/wp-content\/uploads\/2025\/04\/Carretera_Teil1-073-1600x1200.jpg 1600w, https:\/\/www.askja-on-tour.ch\/wp-content\/uploads\/2025\/04\/Carretera_Teil1-073-768x576.jpg 768w, https:\/\/www.askja-on-tour.ch\/wp-content\/uploads\/2025\/04\/Carretera_Teil1-073-1536x1152.jpg 1536w, https:\/\/www.askja-on-tour.ch\/wp-content\/uploads\/2025\/04\/Carretera_Teil1-073.jpg 2048w\" sizes=\"auto, (max-width: 1024px) 100vw, 1024px\" \/><\/p>\n<p>Nach der sch\u00f6nen und beeindruckenden Bootstour bei sehr herbstlichem Wetter und zum Schluss Nieselregen fuhren wir die Carretera Austral nordw\u00e4rts und erfreuten uns den tollen Herbstf\u00e4rbungen \u2013 ein wahrer Indian Summer \u2013 auch wenn uns statt Sonnenstrahlen Regen begleitet.<\/p>\n<figure id=\"attachment_26533\" aria-describedby=\"caption-attachment-26533\" style=\"width: 769px\" class=\"wp-caption alignnone\"><img loading=\"lazy\" decoding=\"async\" class=\"size-medium wp-image-26533\" src=\"https:\/\/www.askja-on-tour.ch\/wp-content\/uploads\/2025\/04\/Carretera_Teil1-074-769x1024.jpg\" alt=\"\" width=\"769\" height=\"1024\" srcset=\"https:\/\/www.askja-on-tour.ch\/wp-content\/uploads\/2025\/04\/Carretera_Teil1-074-769x1024.jpg 769w, https:\/\/www.askja-on-tour.ch\/wp-content\/uploads\/2025\/04\/Carretera_Teil1-074-1201x1600.jpg 1201w, https:\/\/www.askja-on-tour.ch\/wp-content\/uploads\/2025\/04\/Carretera_Teil1-074-768x1023.jpg 768w, https:\/\/www.askja-on-tour.ch\/wp-content\/uploads\/2025\/04\/Carretera_Teil1-074-1153x1536.jpg 1153w, https:\/\/www.askja-on-tour.ch\/wp-content\/uploads\/2025\/04\/Carretera_Teil1-074.jpg 1537w\" sizes=\"auto, (max-width: 769px) 100vw, 769px\" \/><figcaption id=\"caption-attachment-26533\" class=\"wp-caption-text\">Buff Necked Ibis (Schwarzz\u00fcgelibis oder auch Brillenibis)<\/figcaption><\/figure>\n<p><img loading=\"lazy\" decoding=\"async\" class=\"alignnone size-medium wp-image-26534\" src=\"https:\/\/www.askja-on-tour.ch\/wp-content\/uploads\/2025\/04\/Carretera_Teil1-075-1024x769.jpg\" alt=\"\" width=\"1024\" height=\"769\" srcset=\"https:\/\/www.askja-on-tour.ch\/wp-content\/uploads\/2025\/04\/Carretera_Teil1-075-1024x769.jpg 1024w, https:\/\/www.askja-on-tour.ch\/wp-content\/uploads\/2025\/04\/Carretera_Teil1-075-1600x1201.jpg 1600w, https:\/\/www.askja-on-tour.ch\/wp-content\/uploads\/2025\/04\/Carretera_Teil1-075-768x576.jpg 768w, https:\/\/www.askja-on-tour.ch\/wp-content\/uploads\/2025\/04\/Carretera_Teil1-075-1536x1153.jpg 1536w, https:\/\/www.askja-on-tour.ch\/wp-content\/uploads\/2025\/04\/Carretera_Teil1-075.jpg 2048w\" sizes=\"auto, (max-width: 1024px) 100vw, 1024px\" \/> <img loading=\"lazy\" decoding=\"async\" class=\"alignnone size-medium wp-image-26535\" src=\"https:\/\/www.askja-on-tour.ch\/wp-content\/uploads\/2025\/04\/Carretera_Teil1-076-1024x769.jpg\" alt=\"\" width=\"1024\" height=\"769\" srcset=\"https:\/\/www.askja-on-tour.ch\/wp-content\/uploads\/2025\/04\/Carretera_Teil1-076-1024x769.jpg 1024w, https:\/\/www.askja-on-tour.ch\/wp-content\/uploads\/2025\/04\/Carretera_Teil1-076-1600x1201.jpg 1600w, https:\/\/www.askja-on-tour.ch\/wp-content\/uploads\/2025\/04\/Carretera_Teil1-076-768x576.jpg 768w, https:\/\/www.askja-on-tour.ch\/wp-content\/uploads\/2025\/04\/Carretera_Teil1-076-1536x1153.jpg 1536w, https:\/\/www.askja-on-tour.ch\/wp-content\/uploads\/2025\/04\/Carretera_Teil1-076.jpg 2048w\" sizes=\"auto, (max-width: 1024px) 100vw, 1024px\" \/> <img loading=\"lazy\" decoding=\"async\" class=\"alignnone size-medium wp-image-26536\" src=\"https:\/\/www.askja-on-tour.ch\/wp-content\/uploads\/2025\/04\/Carretera_Teil1-077-1024x768.jpg\" alt=\"\" width=\"1024\" height=\"768\" srcset=\"https:\/\/www.askja-on-tour.ch\/wp-content\/uploads\/2025\/04\/Carretera_Teil1-077-1024x768.jpg 1024w, https:\/\/www.askja-on-tour.ch\/wp-content\/uploads\/2025\/04\/Carretera_Teil1-077-1600x1200.jpg 1600w, https:\/\/www.askja-on-tour.ch\/wp-content\/uploads\/2025\/04\/Carretera_Teil1-077-768x576.jpg 768w, https:\/\/www.askja-on-tour.ch\/wp-content\/uploads\/2025\/04\/Carretera_Teil1-077-1536x1152.jpg 1536w, https:\/\/www.askja-on-tour.ch\/wp-content\/uploads\/2025\/04\/Carretera_Teil1-077.jpg 2048w\" sizes=\"auto, (max-width: 1024px) 100vw, 1024px\" \/> <img loading=\"lazy\" decoding=\"async\" class=\"alignnone size-medium wp-image-26537\" src=\"https:\/\/www.askja-on-tour.ch\/wp-content\/uploads\/2025\/04\/Carretera_Teil1-078-1024x768.jpg\" alt=\"\" width=\"1024\" height=\"768\" srcset=\"https:\/\/www.askja-on-tour.ch\/wp-content\/uploads\/2025\/04\/Carretera_Teil1-078-1024x768.jpg 1024w, https:\/\/www.askja-on-tour.ch\/wp-content\/uploads\/2025\/04\/Carretera_Teil1-078-1600x1200.jpg 1600w, https:\/\/www.askja-on-tour.ch\/wp-content\/uploads\/2025\/04\/Carretera_Teil1-078-768x576.jpg 768w, https:\/\/www.askja-on-tour.ch\/wp-content\/uploads\/2025\/04\/Carretera_Teil1-078-1536x1152.jpg 1536w, https:\/\/www.askja-on-tour.ch\/wp-content\/uploads\/2025\/04\/Carretera_Teil1-078.jpg 2048w\" sizes=\"auto, (max-width: 1024px) 100vw, 1024px\" \/> <img loading=\"lazy\" decoding=\"async\" class=\"alignnone size-medium wp-image-26539\" src=\"https:\/\/www.askja-on-tour.ch\/wp-content\/uploads\/2025\/04\/Carretera_Teil1-080-768x1024.jpg\" alt=\"\" width=\"768\" height=\"1024\" srcset=\"https:\/\/www.askja-on-tour.ch\/wp-content\/uploads\/2025\/04\/Carretera_Teil1-080-768x1024.jpg 768w, https:\/\/www.askja-on-tour.ch\/wp-content\/uploads\/2025\/04\/Carretera_Teil1-080-1200x1600.jpg 1200w, https:\/\/www.askja-on-tour.ch\/wp-content\/uploads\/2025\/04\/Carretera_Teil1-080-1152x1536.jpg 1152w, https:\/\/www.askja-on-tour.ch\/wp-content\/uploads\/2025\/04\/Carretera_Teil1-080.jpg 1536w\" sizes=\"auto, (max-width: 768px) 100vw, 768px\" \/> <img loading=\"lazy\" decoding=\"async\" class=\"alignnone size-medium wp-image-26540\" src=\"https:\/\/www.askja-on-tour.ch\/wp-content\/uploads\/2025\/04\/Carretera_Teil1-081-1024x768.jpg\" alt=\"\" width=\"1024\" height=\"768\" srcset=\"https:\/\/www.askja-on-tour.ch\/wp-content\/uploads\/2025\/04\/Carretera_Teil1-081-1024x768.jpg 1024w, https:\/\/www.askja-on-tour.ch\/wp-content\/uploads\/2025\/04\/Carretera_Teil1-081-1600x1200.jpg 1600w, https:\/\/www.askja-on-tour.ch\/wp-content\/uploads\/2025\/04\/Carretera_Teil1-081-768x576.jpg 768w, https:\/\/www.askja-on-tour.ch\/wp-content\/uploads\/2025\/04\/Carretera_Teil1-081-1536x1152.jpg 1536w, https:\/\/www.askja-on-tour.ch\/wp-content\/uploads\/2025\/04\/Carretera_Teil1-081.jpg 2048w\" sizes=\"auto, (max-width: 1024px) 100vw, 1024px\" \/><\/p>\n<figure id=\"attachment_26541\" aria-describedby=\"caption-attachment-26541\" style=\"width: 1024px\" class=\"wp-caption alignnone\"><img loading=\"lazy\" decoding=\"async\" class=\"size-medium wp-image-26541\" src=\"https:\/\/www.askja-on-tour.ch\/wp-content\/uploads\/2025\/04\/Carretera_Teil1-082-1024x768.jpg\" alt=\"\" width=\"1024\" height=\"768\" srcset=\"https:\/\/www.askja-on-tour.ch\/wp-content\/uploads\/2025\/04\/Carretera_Teil1-082-1024x768.jpg 1024w, https:\/\/www.askja-on-tour.ch\/wp-content\/uploads\/2025\/04\/Carretera_Teil1-082-1600x1200.jpg 1600w, https:\/\/www.askja-on-tour.ch\/wp-content\/uploads\/2025\/04\/Carretera_Teil1-082-768x576.jpg 768w, https:\/\/www.askja-on-tour.ch\/wp-content\/uploads\/2025\/04\/Carretera_Teil1-082-1536x1152.jpg 1536w, https:\/\/www.askja-on-tour.ch\/wp-content\/uploads\/2025\/04\/Carretera_Teil1-082.jpg 2048w\" sizes=\"auto, (max-width: 1024px) 100vw, 1024px\" \/><figcaption id=\"caption-attachment-26541\" class=\"wp-caption-text\">Gunnera tinctoria (Mammutblatt)<\/figcaption><\/figure>\n<figure id=\"attachment_26542\" aria-describedby=\"caption-attachment-26542\" style=\"width: 1024px\" class=\"wp-caption alignnone\"><img loading=\"lazy\" decoding=\"async\" class=\"size-medium wp-image-26542\" src=\"https:\/\/www.askja-on-tour.ch\/wp-content\/uploads\/2025\/04\/Carretera_Teil1-083-1024x768.jpg\" alt=\"\" width=\"1024\" height=\"768\" srcset=\"https:\/\/www.askja-on-tour.ch\/wp-content\/uploads\/2025\/04\/Carretera_Teil1-083-1024x768.jpg 1024w, https:\/\/www.askja-on-tour.ch\/wp-content\/uploads\/2025\/04\/Carretera_Teil1-083-1600x1200.jpg 1600w, https:\/\/www.askja-on-tour.ch\/wp-content\/uploads\/2025\/04\/Carretera_Teil1-083-768x576.jpg 768w, https:\/\/www.askja-on-tour.ch\/wp-content\/uploads\/2025\/04\/Carretera_Teil1-083-1536x1152.jpg 1536w, https:\/\/www.askja-on-tour.ch\/wp-content\/uploads\/2025\/04\/Carretera_Teil1-083.jpg 2048w\" sizes=\"auto, (max-width: 1024px) 100vw, 1024px\" \/><figcaption id=\"caption-attachment-26542\" class=\"wp-caption-text\">Viele sch\u00f6ne Br\u00fccken f\u00fchren \u00fcber die Fl\u00fcsse<\/figcaption><\/figure>\n<figure id=\"attachment_26543\" aria-describedby=\"caption-attachment-26543\" style=\"width: 1024px\" class=\"wp-caption alignnone\"><img loading=\"lazy\" decoding=\"async\" class=\"size-medium wp-image-26543\" src=\"https:\/\/www.askja-on-tour.ch\/wp-content\/uploads\/2025\/04\/Carretera_Teil1-084-1024x768.jpg\" alt=\"\" width=\"1024\" height=\"768\" srcset=\"https:\/\/www.askja-on-tour.ch\/wp-content\/uploads\/2025\/04\/Carretera_Teil1-084-1024x768.jpg 1024w, https:\/\/www.askja-on-tour.ch\/wp-content\/uploads\/2025\/04\/Carretera_Teil1-084-1600x1200.jpg 1600w, https:\/\/www.askja-on-tour.ch\/wp-content\/uploads\/2025\/04\/Carretera_Teil1-084-768x576.jpg 768w, https:\/\/www.askja-on-tour.ch\/wp-content\/uploads\/2025\/04\/Carretera_Teil1-084-1536x1152.jpg 1536w, https:\/\/www.askja-on-tour.ch\/wp-content\/uploads\/2025\/04\/Carretera_Teil1-084.jpg 2048w\" sizes=\"auto, (max-width: 1024px) 100vw, 1024px\" \/><figcaption id=\"caption-attachment-26543\" class=\"wp-caption-text\">Nettes Pl\u00e4tzchen<\/figcaption><\/figure>\n<figure id=\"attachment_26544\" aria-describedby=\"caption-attachment-26544\" style=\"width: 1024px\" class=\"wp-caption alignnone\"><img loading=\"lazy\" decoding=\"async\" class=\"size-medium wp-image-26544\" src=\"https:\/\/www.askja-on-tour.ch\/wp-content\/uploads\/2025\/04\/Carretera_Teil1-085-1024x768.jpg\" alt=\"\" width=\"1024\" height=\"768\" srcset=\"https:\/\/www.askja-on-tour.ch\/wp-content\/uploads\/2025\/04\/Carretera_Teil1-085-1024x768.jpg 1024w, https:\/\/www.askja-on-tour.ch\/wp-content\/uploads\/2025\/04\/Carretera_Teil1-085-1600x1200.jpg 1600w, https:\/\/www.askja-on-tour.ch\/wp-content\/uploads\/2025\/04\/Carretera_Teil1-085-768x576.jpg 768w, https:\/\/www.askja-on-tour.ch\/wp-content\/uploads\/2025\/04\/Carretera_Teil1-085-1536x1152.jpg 1536w, https:\/\/www.askja-on-tour.ch\/wp-content\/uploads\/2025\/04\/Carretera_Teil1-085.jpg 2048w\" sizes=\"auto, (max-width: 1024px) 100vw, 1024px\" \/><figcaption id=\"caption-attachment-26544\" class=\"wp-caption-text\">Blick in das Tal<\/figcaption><\/figure>\n<p><img loading=\"lazy\" decoding=\"async\" class=\"alignnone size-medium wp-image-26545\" src=\"https:\/\/www.askja-on-tour.ch\/wp-content\/uploads\/2025\/04\/Carretera_Teil1-086-1024x768.jpg\" alt=\"\" width=\"1024\" height=\"768\" srcset=\"https:\/\/www.askja-on-tour.ch\/wp-content\/uploads\/2025\/04\/Carretera_Teil1-086-1024x768.jpg 1024w, https:\/\/www.askja-on-tour.ch\/wp-content\/uploads\/2025\/04\/Carretera_Teil1-086-1600x1200.jpg 1600w, https:\/\/www.askja-on-tour.ch\/wp-content\/uploads\/2025\/04\/Carretera_Teil1-086-768x576.jpg 768w, https:\/\/www.askja-on-tour.ch\/wp-content\/uploads\/2025\/04\/Carretera_Teil1-086-1536x1152.jpg 1536w, https:\/\/www.askja-on-tour.ch\/wp-content\/uploads\/2025\/04\/Carretera_Teil1-086.jpg 2048w\" sizes=\"auto, (max-width: 1024px) 100vw, 1024px\" \/> <img loading=\"lazy\" decoding=\"async\" class=\"alignnone size-medium wp-image-26546\" src=\"https:\/\/www.askja-on-tour.ch\/wp-content\/uploads\/2025\/04\/Carretera_Teil1-087-1024x768.jpg\" alt=\"\" width=\"1024\" height=\"768\" srcset=\"https:\/\/www.askja-on-tour.ch\/wp-content\/uploads\/2025\/04\/Carretera_Teil1-087-1024x768.jpg 1024w, https:\/\/www.askja-on-tour.ch\/wp-content\/uploads\/2025\/04\/Carretera_Teil1-087-1600x1200.jpg 1600w, https:\/\/www.askja-on-tour.ch\/wp-content\/uploads\/2025\/04\/Carretera_Teil1-087-768x576.jpg 768w, https:\/\/www.askja-on-tour.ch\/wp-content\/uploads\/2025\/04\/Carretera_Teil1-087-1536x1152.jpg 1536w, https:\/\/www.askja-on-tour.ch\/wp-content\/uploads\/2025\/04\/Carretera_Teil1-087.jpg 2048w\" sizes=\"auto, (max-width: 1024px) 100vw, 1024px\" \/> <img loading=\"lazy\" decoding=\"async\" class=\"alignnone size-medium wp-image-26547\" src=\"https:\/\/www.askja-on-tour.ch\/wp-content\/uploads\/2025\/04\/Carretera_Teil1-088-1024x768.jpg\" alt=\"\" width=\"1024\" height=\"768\" srcset=\"https:\/\/www.askja-on-tour.ch\/wp-content\/uploads\/2025\/04\/Carretera_Teil1-088-1024x768.jpg 1024w, https:\/\/www.askja-on-tour.ch\/wp-content\/uploads\/2025\/04\/Carretera_Teil1-088-1600x1200.jpg 1600w, https:\/\/www.askja-on-tour.ch\/wp-content\/uploads\/2025\/04\/Carretera_Teil1-088-768x576.jpg 768w, https:\/\/www.askja-on-tour.ch\/wp-content\/uploads\/2025\/04\/Carretera_Teil1-088-1536x1152.jpg 1536w, https:\/\/www.askja-on-tour.ch\/wp-content\/uploads\/2025\/04\/Carretera_Teil1-088.jpg 2048w\" sizes=\"auto, (max-width: 1024px) 100vw, 1024px\" \/> <img loading=\"lazy\" decoding=\"async\" class=\"alignnone size-medium wp-image-26548\" src=\"https:\/\/www.askja-on-tour.ch\/wp-content\/uploads\/2025\/04\/Carretera_Teil1-089-1024x768.jpg\" alt=\"\" width=\"1024\" height=\"768\" srcset=\"https:\/\/www.askja-on-tour.ch\/wp-content\/uploads\/2025\/04\/Carretera_Teil1-089-1024x768.jpg 1024w, https:\/\/www.askja-on-tour.ch\/wp-content\/uploads\/2025\/04\/Carretera_Teil1-089-1600x1200.jpg 1600w, https:\/\/www.askja-on-tour.ch\/wp-content\/uploads\/2025\/04\/Carretera_Teil1-089-768x576.jpg 768w, https:\/\/www.askja-on-tour.ch\/wp-content\/uploads\/2025\/04\/Carretera_Teil1-089-1536x1152.jpg 1536w, https:\/\/www.askja-on-tour.ch\/wp-content\/uploads\/2025\/04\/Carretera_Teil1-089.jpg 2048w\" sizes=\"auto, (max-width: 1024px) 100vw, 1024px\" \/> <img loading=\"lazy\" decoding=\"async\" class=\"alignnone size-medium wp-image-26549\" src=\"https:\/\/www.askja-on-tour.ch\/wp-content\/uploads\/2025\/04\/Carretera_Teil1-090-1024x768.jpg\" alt=\"\" width=\"1024\" height=\"768\" srcset=\"https:\/\/www.askja-on-tour.ch\/wp-content\/uploads\/2025\/04\/Carretera_Teil1-090-1024x768.jpg 1024w, https:\/\/www.askja-on-tour.ch\/wp-content\/uploads\/2025\/04\/Carretera_Teil1-090-1600x1200.jpg 1600w, https:\/\/www.askja-on-tour.ch\/wp-content\/uploads\/2025\/04\/Carretera_Teil1-090-768x576.jpg 768w, https:\/\/www.askja-on-tour.ch\/wp-content\/uploads\/2025\/04\/Carretera_Teil1-090-1536x1152.jpg 1536w, https:\/\/www.askja-on-tour.ch\/wp-content\/uploads\/2025\/04\/Carretera_Teil1-090.jpg 2048w\" sizes=\"auto, (max-width: 1024px) 100vw, 1024px\" \/><\/p>\n<figure id=\"attachment_26550\" aria-describedby=\"caption-attachment-26550\" style=\"width: 1024px\" class=\"wp-caption alignnone\"><img loading=\"lazy\" decoding=\"async\" class=\"size-medium wp-image-26550\" src=\"https:\/\/www.askja-on-tour.ch\/wp-content\/uploads\/2025\/04\/Carretera_Teil1-091-1024x768.jpg\" alt=\"\" width=\"1024\" height=\"768\" srcset=\"https:\/\/www.askja-on-tour.ch\/wp-content\/uploads\/2025\/04\/Carretera_Teil1-091-1024x768.jpg 1024w, https:\/\/www.askja-on-tour.ch\/wp-content\/uploads\/2025\/04\/Carretera_Teil1-091-1600x1200.jpg 1600w, https:\/\/www.askja-on-tour.ch\/wp-content\/uploads\/2025\/04\/Carretera_Teil1-091-768x576.jpg 768w, https:\/\/www.askja-on-tour.ch\/wp-content\/uploads\/2025\/04\/Carretera_Teil1-091-1536x1152.jpg 1536w, https:\/\/www.askja-on-tour.ch\/wp-content\/uploads\/2025\/04\/Carretera_Teil1-091.jpg 2048w\" sizes=\"auto, (max-width: 1024px) 100vw, 1024px\" \/><figcaption id=\"caption-attachment-26550\" class=\"wp-caption-text\">Leider haben wir noch keinen Huemul gesehen<\/figcaption><\/figure>\n<p><img loading=\"lazy\" decoding=\"async\" class=\"alignnone size-medium wp-image-26551\" src=\"https:\/\/www.askja-on-tour.ch\/wp-content\/uploads\/2025\/04\/Carretera_Teil1-092-1024x768.jpg\" alt=\"\" width=\"1024\" height=\"768\" srcset=\"https:\/\/www.askja-on-tour.ch\/wp-content\/uploads\/2025\/04\/Carretera_Teil1-092-1024x768.jpg 1024w, https:\/\/www.askja-on-tour.ch\/wp-content\/uploads\/2025\/04\/Carretera_Teil1-092-1600x1200.jpg 1600w, https:\/\/www.askja-on-tour.ch\/wp-content\/uploads\/2025\/04\/Carretera_Teil1-092-768x576.jpg 768w, https:\/\/www.askja-on-tour.ch\/wp-content\/uploads\/2025\/04\/Carretera_Teil1-092-1536x1152.jpg 1536w, https:\/\/www.askja-on-tour.ch\/wp-content\/uploads\/2025\/04\/Carretera_Teil1-092.jpg 2048w\" sizes=\"auto, (max-width: 1024px) 100vw, 1024px\" \/><\/p>\n<figure id=\"attachment_26552\" aria-describedby=\"caption-attachment-26552\" style=\"width: 1024px\" class=\"wp-caption alignnone\"><img loading=\"lazy\" decoding=\"async\" class=\"size-medium wp-image-26552\" src=\"https:\/\/www.askja-on-tour.ch\/wp-content\/uploads\/2025\/04\/Carretera_Teil1-093-1024x768.jpg\" alt=\"\" width=\"1024\" height=\"768\" srcset=\"https:\/\/www.askja-on-tour.ch\/wp-content\/uploads\/2025\/04\/Carretera_Teil1-093-1024x768.jpg 1024w, https:\/\/www.askja-on-tour.ch\/wp-content\/uploads\/2025\/04\/Carretera_Teil1-093-1600x1200.jpg 1600w, https:\/\/www.askja-on-tour.ch\/wp-content\/uploads\/2025\/04\/Carretera_Teil1-093-768x576.jpg 768w, https:\/\/www.askja-on-tour.ch\/wp-content\/uploads\/2025\/04\/Carretera_Teil1-093-1536x1152.jpg 1536w, https:\/\/www.askja-on-tour.ch\/wp-content\/uploads\/2025\/04\/Carretera_Teil1-093.jpg 2048w\" sizes=\"auto, (max-width: 1024px) 100vw, 1024px\" \/><figcaption id=\"caption-attachment-26552\" class=\"wp-caption-text\">&#8230; und F\u00fcchse gibt es auch<\/figcaption><\/figure>\n<p><img loading=\"lazy\" decoding=\"async\" class=\"alignnone size-medium wp-image-26553\" src=\"https:\/\/www.askja-on-tour.ch\/wp-content\/uploads\/2025\/04\/Carretera_Teil1-094-768x1024.jpg\" alt=\"\" width=\"768\" height=\"1024\" srcset=\"https:\/\/www.askja-on-tour.ch\/wp-content\/uploads\/2025\/04\/Carretera_Teil1-094-768x1024.jpg 768w, https:\/\/www.askja-on-tour.ch\/wp-content\/uploads\/2025\/04\/Carretera_Teil1-094-1200x1600.jpg 1200w, https:\/\/www.askja-on-tour.ch\/wp-content\/uploads\/2025\/04\/Carretera_Teil1-094-1152x1536.jpg 1152w, https:\/\/www.askja-on-tour.ch\/wp-content\/uploads\/2025\/04\/Carretera_Teil1-094.jpg 1536w\" sizes=\"auto, (max-width: 768px) 100vw, 768px\" \/><\/p>\n<figure id=\"attachment_26554\" aria-describedby=\"caption-attachment-26554\" style=\"width: 1024px\" class=\"wp-caption alignnone\"><img loading=\"lazy\" decoding=\"async\" class=\"size-medium wp-image-26554\" src=\"https:\/\/www.askja-on-tour.ch\/wp-content\/uploads\/2025\/04\/Carretera_Teil1-095-1024x768.jpg\" alt=\"\" width=\"1024\" height=\"768\" srcset=\"https:\/\/www.askja-on-tour.ch\/wp-content\/uploads\/2025\/04\/Carretera_Teil1-095-1024x768.jpg 1024w, https:\/\/www.askja-on-tour.ch\/wp-content\/uploads\/2025\/04\/Carretera_Teil1-095-1600x1200.jpg 1600w, https:\/\/www.askja-on-tour.ch\/wp-content\/uploads\/2025\/04\/Carretera_Teil1-095-768x576.jpg 768w, https:\/\/www.askja-on-tour.ch\/wp-content\/uploads\/2025\/04\/Carretera_Teil1-095-1536x1152.jpg 1536w, https:\/\/www.askja-on-tour.ch\/wp-content\/uploads\/2025\/04\/Carretera_Teil1-095.jpg 2048w\" sizes=\"auto, (max-width: 1024px) 100vw, 1024px\" \/><figcaption id=\"caption-attachment-26554\" class=\"wp-caption-text\">&#8230; Knusperh\u00e4uschen<\/figcaption><\/figure>\n<p>Kurz vor dem Ort Villa Cerro Castillo erreichten wir wieder Asphalt, nach den gut total 1\u2018200 km auf Schotter, Schotter und Wellblech oder Schotter und faustrgrosse Steine mit und ohne Wellblech, war unser Bedarf mal gedeckt. Nicht, weil unser Fahrzeug es nicht fahren k\u00f6nnte, aber es macht uns nicht Spass, st\u00e4ndig durchger\u00fcttelt zu werden.<\/p>\n<p>Nun bleiben wir mal wieder f\u00fcr zwei Tage auf einem Campingplatz in Coyhaique, da wir W\u00e4sche waschen und auch den Regen etwas aussitzen wollen.<\/p>\n","protected":false},"excerpt":{"rendered":"<p>Karte mit unserer aktuellen Route Seit dem 07.04. holpern wir vorw\u00e4rts auf der Carretera Austral. Die Carretera Austral, oder auch Ruta 7 genannt, ist eine 1\u2018300 Kilometer lange Strasse, die durch den n\u00f6rdlichen Teil des chilenischen Patagoniens f\u00fchrt. Ein grosser<\/p>\n","protected":false},"author":3,"featured_media":0,"comment_status":"open","ping_status":"closed","sticky":false,"template":"","format":"standard","meta":{"footnotes":""},"categories":[57],"tags":[],"class_list":["post-26458","post","type-post","status-publish","format-standard","hentry","category-chile_2025"],"_links":{"self":[{"href":"https:\/\/www.askja-on-tour.ch\/index.php?rest_route=\/wp\/v2\/posts\/26458","targetHints":{"allow":["GET"]}}],"collection":[{"href":"https:\/\/www.askja-on-tour.ch\/index.php?rest_route=\/wp\/v2\/posts"}],"about":[{"href":"https:\/\/www.askja-on-tour.ch\/index.php?rest_route=\/wp\/v2\/types\/post"}],"author":[{"embeddable":true,"href":"https:\/\/www.askja-on-tour.ch\/index.php?rest_route=\/wp\/v2\/users\/3"}],"replies":[{"embeddable":true,"href":"https:\/\/www.askja-on-tour.ch\/index.php?rest_route=%2Fwp%2Fv2%2Fcomments&post=26458"}],"version-history":[{"count":8,"href":"https:\/\/www.askja-on-tour.ch\/index.php?rest_route=\/wp\/v2\/posts\/26458\/revisions"}],"predecessor-version":[{"id":26562,"href":"https:\/\/www.askja-on-tour.ch\/index.php?rest_route=\/wp\/v2\/posts\/26458\/revisions\/26562"}],"wp:attachment":[{"href":"https:\/\/www.askja-on-tour.ch\/index.php?rest_route=%2Fwp%2Fv2%2Fmedia&parent=26458"}],"wp:term":[{"taxonomy":"category","embeddable":true,"href":"https:\/\/www.askja-on-tour.ch\/index.php?rest_route=%2Fwp%2Fv2%2Fcategories&post=26458"},{"taxonomy":"post_tag","embeddable":true,"href":"https:\/\/www.askja-on-tour.ch\/index.php?rest_route=%2Fwp%2Fv2%2Ftags&post=26458"}],"curies":[{"name":"wp","href":"https:\/\/api.w.org\/{rel}","templated":true}]}}