{"id":26369,"date":"2025-04-07T01:09:20","date_gmt":"2025-04-07T01:09:20","guid":{"rendered":"https:\/\/www.askja-on-tour.ch\/?p=26369"},"modified":"2025-04-07T01:27:43","modified_gmt":"2025-04-07T01:27:43","slug":"28-03-06-04-2025-traumwetter-im-nationalpark-los-glaciares-und-dann-auf-einer-der-schoensten-strassen-in-den-nationalpark-patagonia-in-chile","status":"publish","type":"post","link":"https:\/\/www.askja-on-tour.ch\/?p=26369","title":{"rendered":"28.03. \u2013 06.04.2025: Traumwetter im Nationalpark Los Glaciares und dann auf einer der sch\u00f6nsten Strassen in den Nationalpark Patagonia in Chile"},"content":{"rendered":"\n<p><a href=\"https:\/\/www.google.com\/maps\/d\/edit?mid=1Y30xUB5KjCIs6BX7UzqN6qqF1HW0-IQ&amp;usp=sharing\" target=\"_blank\" rel=\"noopener\">Die aktuelle Karte unserer Reise<\/a><\/p>\n<p>Ein weiterer Touristen-Hotspot ist sicher der Nationalpark Los Glaciares in Argentinien mit den Klassikern Perito-Moreno-Gletscher und dem Fitzroy.<\/p>\n<p>Der Perito-Moreno-Gletscher ist gut von der Stadt El Calafate zu erreichen. Wir haben f\u00fcr unsere Erledigungen, die mal wieder anstanden wie Autowaschen (eher Ausgrabungsarbeiten), W\u00e4schewaschen, Buchhaltung f\u00fcr unsere Stockwerkeigent\u00fcmergemeinschaft und Blog schreiben, drei N\u00e4chte auf einem kleinen Campingplatz \u201eCaba\u00f1as y Camping Calafate\u201c verbracht. Nat\u00fcrlich blieb auch Zeit, uns das St\u00e4dtchen anzusehen, was ideal zu Fuss ging, da der Campingplatz sehr zentral liegt; allerdings ist El Calafate keine sehr sch\u00f6ne Stadt. Es waren recht viele Touristen da \u2013 neben uns \u2013 aber wohl weit weniger als in den Haupttouristenmonaten, die Ende Februar zu Ende gingen.\u00a0<\/p>\n<figure id=\"attachment_26370\" aria-describedby=\"caption-attachment-26370\" style=\"width: 1024px\" class=\"wp-caption alignnone\"><img loading=\"lazy\" decoding=\"async\" class=\"size-medium wp-image-26370\" src=\"https:\/\/www.askja-on-tour.ch\/wp-content\/uploads\/2025\/04\/El_Califate_nach_Chile-001-1024x768.jpg\" alt=\"\" width=\"1024\" height=\"768\" srcset=\"https:\/\/www.askja-on-tour.ch\/wp-content\/uploads\/2025\/04\/El_Califate_nach_Chile-001-1024x768.jpg 1024w, https:\/\/www.askja-on-tour.ch\/wp-content\/uploads\/2025\/04\/El_Califate_nach_Chile-001-1600x1200.jpg 1600w, https:\/\/www.askja-on-tour.ch\/wp-content\/uploads\/2025\/04\/El_Califate_nach_Chile-001-768x576.jpg 768w, https:\/\/www.askja-on-tour.ch\/wp-content\/uploads\/2025\/04\/El_Califate_nach_Chile-001-1536x1152.jpg 1536w, https:\/\/www.askja-on-tour.ch\/wp-content\/uploads\/2025\/04\/El_Califate_nach_Chile-001.jpg 2048w\" sizes=\"auto, (max-width: 1024px) 100vw, 1024px\" \/><figcaption id=\"caption-attachment-26370\" class=\"wp-caption-text\">Endlich wieder mal Wellness-Programm f\u00fcr unser Auto<\/figcaption><\/figure>\n<p>Am Sonntag, einem \u201evermeintlich wunderbar sonnigen Tag\u201c, der aber dann eher bew\u00f6lkt und regnerisch war, fuhren wir zeitig zum Perito-Moreno Gletscher und genossen den Gletscher und die Wettercapriolen.<\/p>\n<figure id=\"attachment_26371\" aria-describedby=\"caption-attachment-26371\" style=\"width: 1024px\" class=\"wp-caption alignnone\"><img loading=\"lazy\" decoding=\"async\" class=\"size-medium wp-image-26371\" src=\"https:\/\/www.askja-on-tour.ch\/wp-content\/uploads\/2025\/04\/El_Califate_nach_Chile-002-1024x769.jpg\" alt=\"\" width=\"1024\" height=\"769\" srcset=\"https:\/\/www.askja-on-tour.ch\/wp-content\/uploads\/2025\/04\/El_Califate_nach_Chile-002-1024x769.jpg 1024w, https:\/\/www.askja-on-tour.ch\/wp-content\/uploads\/2025\/04\/El_Califate_nach_Chile-002-1600x1201.jpg 1600w, https:\/\/www.askja-on-tour.ch\/wp-content\/uploads\/2025\/04\/El_Califate_nach_Chile-002-768x576.jpg 768w, https:\/\/www.askja-on-tour.ch\/wp-content\/uploads\/2025\/04\/El_Califate_nach_Chile-002-1536x1153.jpg 1536w, https:\/\/www.askja-on-tour.ch\/wp-content\/uploads\/2025\/04\/El_Califate_nach_Chile-002.jpg 2048w\" sizes=\"auto, (max-width: 1024px) 100vw, 1024px\" \/><figcaption id=\"caption-attachment-26371\" class=\"wp-caption-text\">Am Perito Moreno Gletscher<\/figcaption><\/figure>\n<p><img loading=\"lazy\" decoding=\"async\" class=\"alignnone size-medium wp-image-26372\" src=\"https:\/\/www.askja-on-tour.ch\/wp-content\/uploads\/2025\/04\/El_Califate_nach_Chile-003-1024x769.jpg\" alt=\"\" width=\"1024\" height=\"769\" srcset=\"https:\/\/www.askja-on-tour.ch\/wp-content\/uploads\/2025\/04\/El_Califate_nach_Chile-003-1024x769.jpg 1024w, https:\/\/www.askja-on-tour.ch\/wp-content\/uploads\/2025\/04\/El_Califate_nach_Chile-003-1600x1201.jpg 1600w, https:\/\/www.askja-on-tour.ch\/wp-content\/uploads\/2025\/04\/El_Califate_nach_Chile-003-768x576.jpg 768w, https:\/\/www.askja-on-tour.ch\/wp-content\/uploads\/2025\/04\/El_Califate_nach_Chile-003-1536x1153.jpg 1536w, https:\/\/www.askja-on-tour.ch\/wp-content\/uploads\/2025\/04\/El_Califate_nach_Chile-003.jpg 2048w\" sizes=\"auto, (max-width: 1024px) 100vw, 1024px\" \/> <img loading=\"lazy\" decoding=\"async\" class=\"alignnone size-medium wp-image-26373\" src=\"https:\/\/www.askja-on-tour.ch\/wp-content\/uploads\/2025\/04\/El_Califate_nach_Chile-004-1024x769.jpg\" alt=\"\" width=\"1024\" height=\"769\" srcset=\"https:\/\/www.askja-on-tour.ch\/wp-content\/uploads\/2025\/04\/El_Califate_nach_Chile-004-1024x769.jpg 1024w, https:\/\/www.askja-on-tour.ch\/wp-content\/uploads\/2025\/04\/El_Califate_nach_Chile-004-1600x1201.jpg 1600w, https:\/\/www.askja-on-tour.ch\/wp-content\/uploads\/2025\/04\/El_Califate_nach_Chile-004-768x576.jpg 768w, https:\/\/www.askja-on-tour.ch\/wp-content\/uploads\/2025\/04\/El_Califate_nach_Chile-004-1536x1153.jpg 1536w, https:\/\/www.askja-on-tour.ch\/wp-content\/uploads\/2025\/04\/El_Califate_nach_Chile-004.jpg 2048w\" sizes=\"auto, (max-width: 1024px) 100vw, 1024px\" \/> <img loading=\"lazy\" decoding=\"async\" class=\"alignnone size-medium wp-image-26374\" src=\"https:\/\/www.askja-on-tour.ch\/wp-content\/uploads\/2025\/04\/El_Califate_nach_Chile-005-1024x769.jpg\" alt=\"\" width=\"1024\" height=\"769\" srcset=\"https:\/\/www.askja-on-tour.ch\/wp-content\/uploads\/2025\/04\/El_Califate_nach_Chile-005-1024x769.jpg 1024w, https:\/\/www.askja-on-tour.ch\/wp-content\/uploads\/2025\/04\/El_Califate_nach_Chile-005-1600x1201.jpg 1600w, https:\/\/www.askja-on-tour.ch\/wp-content\/uploads\/2025\/04\/El_Califate_nach_Chile-005-768x576.jpg 768w, https:\/\/www.askja-on-tour.ch\/wp-content\/uploads\/2025\/04\/El_Califate_nach_Chile-005-1536x1153.jpg 1536w, https:\/\/www.askja-on-tour.ch\/wp-content\/uploads\/2025\/04\/El_Califate_nach_Chile-005.jpg 2048w\" sizes=\"auto, (max-width: 1024px) 100vw, 1024px\" \/> <img loading=\"lazy\" decoding=\"async\" class=\"alignnone size-medium wp-image-26375\" src=\"https:\/\/www.askja-on-tour.ch\/wp-content\/uploads\/2025\/04\/El_Califate_nach_Chile-006-1024x769.jpg\" alt=\"\" width=\"1024\" height=\"769\" srcset=\"https:\/\/www.askja-on-tour.ch\/wp-content\/uploads\/2025\/04\/El_Califate_nach_Chile-006-1024x769.jpg 1024w, https:\/\/www.askja-on-tour.ch\/wp-content\/uploads\/2025\/04\/El_Califate_nach_Chile-006-1600x1201.jpg 1600w, https:\/\/www.askja-on-tour.ch\/wp-content\/uploads\/2025\/04\/El_Califate_nach_Chile-006-768x576.jpg 768w, https:\/\/www.askja-on-tour.ch\/wp-content\/uploads\/2025\/04\/El_Califate_nach_Chile-006-1536x1153.jpg 1536w, https:\/\/www.askja-on-tour.ch\/wp-content\/uploads\/2025\/04\/El_Califate_nach_Chile-006.jpg 2048w\" sizes=\"auto, (max-width: 1024px) 100vw, 1024px\" \/> <img loading=\"lazy\" decoding=\"async\" class=\"alignnone size-medium wp-image-26376\" src=\"https:\/\/www.askja-on-tour.ch\/wp-content\/uploads\/2025\/04\/El_Califate_nach_Chile-007-1024x769.jpg\" alt=\"\" width=\"1024\" height=\"769\" srcset=\"https:\/\/www.askja-on-tour.ch\/wp-content\/uploads\/2025\/04\/El_Califate_nach_Chile-007-1024x769.jpg 1024w, https:\/\/www.askja-on-tour.ch\/wp-content\/uploads\/2025\/04\/El_Califate_nach_Chile-007-1600x1201.jpg 1600w, https:\/\/www.askja-on-tour.ch\/wp-content\/uploads\/2025\/04\/El_Califate_nach_Chile-007-768x576.jpg 768w, https:\/\/www.askja-on-tour.ch\/wp-content\/uploads\/2025\/04\/El_Califate_nach_Chile-007-1536x1153.jpg 1536w, https:\/\/www.askja-on-tour.ch\/wp-content\/uploads\/2025\/04\/El_Califate_nach_Chile-007.jpg 2048w\" sizes=\"auto, (max-width: 1024px) 100vw, 1024px\" \/> <img loading=\"lazy\" decoding=\"async\" class=\"alignnone size-medium wp-image-26377\" src=\"https:\/\/www.askja-on-tour.ch\/wp-content\/uploads\/2025\/04\/El_Califate_nach_Chile-008-1024x769.jpg\" alt=\"\" width=\"1024\" height=\"769\" srcset=\"https:\/\/www.askja-on-tour.ch\/wp-content\/uploads\/2025\/04\/El_Califate_nach_Chile-008-1024x769.jpg 1024w, https:\/\/www.askja-on-tour.ch\/wp-content\/uploads\/2025\/04\/El_Califate_nach_Chile-008-1600x1201.jpg 1600w, https:\/\/www.askja-on-tour.ch\/wp-content\/uploads\/2025\/04\/El_Califate_nach_Chile-008-768x576.jpg 768w, https:\/\/www.askja-on-tour.ch\/wp-content\/uploads\/2025\/04\/El_Califate_nach_Chile-008-1536x1153.jpg 1536w, https:\/\/www.askja-on-tour.ch\/wp-content\/uploads\/2025\/04\/El_Califate_nach_Chile-008.jpg 2048w\" sizes=\"auto, (max-width: 1024px) 100vw, 1024px\" \/> <img loading=\"lazy\" decoding=\"async\" class=\"alignnone size-medium wp-image-26378\" src=\"https:\/\/www.askja-on-tour.ch\/wp-content\/uploads\/2025\/04\/El_Califate_nach_Chile-009-1024x413.jpg\" alt=\"\" width=\"1024\" height=\"413\" srcset=\"https:\/\/www.askja-on-tour.ch\/wp-content\/uploads\/2025\/04\/El_Califate_nach_Chile-009-1024x413.jpg 1024w, https:\/\/www.askja-on-tour.ch\/wp-content\/uploads\/2025\/04\/El_Califate_nach_Chile-009-1600x645.jpg 1600w, https:\/\/www.askja-on-tour.ch\/wp-content\/uploads\/2025\/04\/El_Califate_nach_Chile-009-768x310.jpg 768w, https:\/\/www.askja-on-tour.ch\/wp-content\/uploads\/2025\/04\/El_Califate_nach_Chile-009-1536x620.jpg 1536w, https:\/\/www.askja-on-tour.ch\/wp-content\/uploads\/2025\/04\/El_Califate_nach_Chile-009.jpg 2048w\" sizes=\"auto, (max-width: 1024px) 100vw, 1024px\" \/> <img loading=\"lazy\" decoding=\"async\" class=\"alignnone size-medium wp-image-26379\" src=\"https:\/\/www.askja-on-tour.ch\/wp-content\/uploads\/2025\/04\/El_Califate_nach_Chile-010-769x1024.jpg\" alt=\"\" width=\"769\" height=\"1024\" srcset=\"https:\/\/www.askja-on-tour.ch\/wp-content\/uploads\/2025\/04\/El_Califate_nach_Chile-010-769x1024.jpg 769w, https:\/\/www.askja-on-tour.ch\/wp-content\/uploads\/2025\/04\/El_Califate_nach_Chile-010-1201x1600.jpg 1201w, https:\/\/www.askja-on-tour.ch\/wp-content\/uploads\/2025\/04\/El_Califate_nach_Chile-010-768x1023.jpg 768w, https:\/\/www.askja-on-tour.ch\/wp-content\/uploads\/2025\/04\/El_Califate_nach_Chile-010-1153x1536.jpg 1153w, https:\/\/www.askja-on-tour.ch\/wp-content\/uploads\/2025\/04\/El_Califate_nach_Chile-010.jpg 1537w\" sizes=\"auto, (max-width: 769px) 100vw, 769px\" \/> <img loading=\"lazy\" decoding=\"async\" class=\"alignnone size-medium wp-image-26380\" src=\"https:\/\/www.askja-on-tour.ch\/wp-content\/uploads\/2025\/04\/El_Califate_nach_Chile-011-1024x769.jpg\" alt=\"\" width=\"1024\" height=\"769\" srcset=\"https:\/\/www.askja-on-tour.ch\/wp-content\/uploads\/2025\/04\/El_Califate_nach_Chile-011-1024x769.jpg 1024w, https:\/\/www.askja-on-tour.ch\/wp-content\/uploads\/2025\/04\/El_Califate_nach_Chile-011-1600x1201.jpg 1600w, https:\/\/www.askja-on-tour.ch\/wp-content\/uploads\/2025\/04\/El_Califate_nach_Chile-011-768x576.jpg 768w, https:\/\/www.askja-on-tour.ch\/wp-content\/uploads\/2025\/04\/El_Califate_nach_Chile-011-1536x1153.jpg 1536w, https:\/\/www.askja-on-tour.ch\/wp-content\/uploads\/2025\/04\/El_Califate_nach_Chile-011.jpg 2048w\" sizes=\"auto, (max-width: 1024px) 100vw, 1024px\" \/><\/p>\n<figure id=\"attachment_26381\" aria-describedby=\"caption-attachment-26381\" style=\"width: 1024px\" class=\"wp-caption alignnone\"><img loading=\"lazy\" decoding=\"async\" class=\"size-medium wp-image-26381\" src=\"https:\/\/www.askja-on-tour.ch\/wp-content\/uploads\/2025\/04\/El_Califate_nach_Chile-012-1024x769.jpg\" alt=\"\" width=\"1024\" height=\"769\" srcset=\"https:\/\/www.askja-on-tour.ch\/wp-content\/uploads\/2025\/04\/El_Califate_nach_Chile-012-1024x769.jpg 1024w, https:\/\/www.askja-on-tour.ch\/wp-content\/uploads\/2025\/04\/El_Califate_nach_Chile-012-1600x1201.jpg 1600w, https:\/\/www.askja-on-tour.ch\/wp-content\/uploads\/2025\/04\/El_Califate_nach_Chile-012-768x576.jpg 768w, https:\/\/www.askja-on-tour.ch\/wp-content\/uploads\/2025\/04\/El_Califate_nach_Chile-012-1536x1153.jpg 1536w, https:\/\/www.askja-on-tour.ch\/wp-content\/uploads\/2025\/04\/El_Califate_nach_Chile-012.jpg 2048w\" sizes=\"auto, (max-width: 1024px) 100vw, 1024px\" \/><figcaption id=\"caption-attachment-26381\" class=\"wp-caption-text\">Lago Argentino, dessen s\u00fcdlicher Arm ab und zu durch den Perito Moreno abgesperrt wird<\/figcaption><\/figure>\n<p>Der Perito-Moreno-Gletscher, fr\u00fcher Bismarck-Gletscher oder Francisco-Gorm\u00e1z-Gletscher genannt, ist einer der gr\u00f6ssten Gletscher des S\u00fcdlichen Patagonischen Eisfeldes. Ein Teil seines Ursprungs ist in der Region von Magallanes und der Chilenische Antarktis. Bekannt ist der Gletscher vor allem dadurch, dass seine im Lago Argentino endende Gletscherzunge den s\u00fcdlichen Arm des Sees absperrt und aufstaut, der sich dann periodisch entleert. Benannt wurde der Gletscher nach Perito Moreno, einem argentinischen Geografen, der insbesondere Patagonien im 19. Jahrhundert erforschte.<\/p>\n<p>Am Montag sind wir nach El Chalt\u00e9n gefahren in der Absicht, am n\u00e4chsten Tag, der zwar nicht sehr sonnig aber trocken vorausgesagt war, eine Wanderung zu machen. El Chalt\u00e9n bietet den unmittelbaren Zugang zu den Bergmassiven des Cerro Torre und des Fitz Roy. Fitz Roy heisst in der Sprache der Ureinwohner, der Tehuelche-Indianer, El Chalt\u00e9n. Das bedeutet in ihrer Sprache Rauchender Berg, obwohl der Fitz Roy kein Vulkan ist. Die Bezeichnung leitet sich von den oft an der Spitze des Berges sichtbaren Wolken ab. Nur \u2013 es blieb bei der Absicht: wir stellten fest, dass an der Mittelachse mal wieder der Schraubenkopf einer Radmutter abgebrochen war, was wir schon einmal in Namibia hatten. Deshalb entschieden wir uns, die Wanderung nicht zu machen und erst das Thema Radmutter zu l\u00f6sen, da wir ja auf die Carretera Austral in Chile wollen und das sind \u00fcber 1\u2018500 m Sand-\/Steinpiste mit Wellblech. Die erste ge\u00f6ffnete Gomeria (Reifenreparatur) in El Chalt\u00e9n hat uns geraten, nach El Galafate zu fahren, da es dort eher Autoreparaturwerkst\u00e4tten gibt, die das machen k\u00f6nnen. Nun gut \u2013 wir sind wieder die gut 240 im zur\u00fcckgefahren, und haben dann Autowerkst\u00e4tten abgeklappert mit dem Ergebnis, dass alle entweder keine Zeit, keinen Mechaniker oder keine Lust hatten. Die letzte hat uns mind. eine Empfehlung gegeben f\u00fcr einen \u201eDreher\u201c namens Pablo, der das sehr schnell erledigen k\u00f6nnte. Wir sind zu Pablo gefahren, der in einer kleinen Werkstatt Drehbank, Schweissger\u00e4t und sonstige kleine Maschinen hatte. Er hat sich unser Problem angeschaut, best\u00e4tigt, dass er das k\u00f6nne und wir sollen um 17.00 Uhr wieder kommen. Gesagt getan \u2013 der Koka-kauende Pablo schleppte zu unserer Angst sein Schweissger\u00e4t raus. Wir sagten ihm, dass er nicht schweissen k\u00f6nne, da sonst unsere Aufbaubatterien den Geist aufgeben w\u00fcrden. Er konnte aber unsere \u00c4ngste zerstreuen, weil er \u2013 so sagt er \u2013 punktsicher schweissen w\u00fcrde und er wisse, wie zu erden sei. Trotzdem haben wir unsere Aufbaubatterien mit dem neu eingebauten Trennschalter getrennt. Nach zwei Minuten hatte Pablo eine Schraube an die abgebrochenen Radmutter angeschweisst und weitere zwei Minuten sp\u00e4ter war die defekte Radmutter draussen. Wir hatten Reserveradmuttern dabei und waren 10 Minuten sp\u00e4ter wieder abgefahren. Wir waren absolut happy und mussten diesen Erfolg erst mal in der lokalen Brauerei in El Galafate feiern.<\/p>\n<figure id=\"attachment_26387\" aria-describedby=\"caption-attachment-26387\" style=\"width: 768px\" class=\"wp-caption alignnone\"><img loading=\"lazy\" decoding=\"async\" class=\"size-medium wp-image-26387\" src=\"https:\/\/www.askja-on-tour.ch\/wp-content\/uploads\/2025\/04\/El_Califate_nach_Chile-018-768x1024.jpg\" alt=\"\" width=\"768\" height=\"1024\" srcset=\"https:\/\/www.askja-on-tour.ch\/wp-content\/uploads\/2025\/04\/El_Califate_nach_Chile-018-768x1024.jpg 768w, https:\/\/www.askja-on-tour.ch\/wp-content\/uploads\/2025\/04\/El_Califate_nach_Chile-018-1200x1600.jpg 1200w, https:\/\/www.askja-on-tour.ch\/wp-content\/uploads\/2025\/04\/El_Califate_nach_Chile-018-1152x1536.jpg 1152w, https:\/\/www.askja-on-tour.ch\/wp-content\/uploads\/2025\/04\/El_Califate_nach_Chile-018.jpg 1536w\" sizes=\"auto, (max-width: 768px) 100vw, 768px\" \/><figcaption id=\"caption-attachment-26387\" class=\"wp-caption-text\">Pablo am Werk<\/figcaption><\/figure>\n<p><img loading=\"lazy\" decoding=\"async\" class=\"alignnone size-medium wp-image-26388\" src=\"https:\/\/www.askja-on-tour.ch\/wp-content\/uploads\/2025\/04\/El_Califate_nach_Chile-019-768x1024.jpg\" alt=\"\" width=\"768\" height=\"1024\" srcset=\"https:\/\/www.askja-on-tour.ch\/wp-content\/uploads\/2025\/04\/El_Califate_nach_Chile-019-768x1024.jpg 768w, https:\/\/www.askja-on-tour.ch\/wp-content\/uploads\/2025\/04\/El_Califate_nach_Chile-019-1200x1600.jpg 1200w, https:\/\/www.askja-on-tour.ch\/wp-content\/uploads\/2025\/04\/El_Califate_nach_Chile-019-1152x1536.jpg 1152w, https:\/\/www.askja-on-tour.ch\/wp-content\/uploads\/2025\/04\/El_Califate_nach_Chile-019.jpg 1536w\" sizes=\"auto, (max-width: 768px) 100vw, 768px\" \/> <img loading=\"lazy\" decoding=\"async\" class=\"alignnone size-medium wp-image-26389\" src=\"https:\/\/www.askja-on-tour.ch\/wp-content\/uploads\/2025\/04\/El_Califate_nach_Chile-020-768x1024.jpg\" alt=\"\" width=\"768\" height=\"1024\" srcset=\"https:\/\/www.askja-on-tour.ch\/wp-content\/uploads\/2025\/04\/El_Califate_nach_Chile-020-768x1024.jpg 768w, https:\/\/www.askja-on-tour.ch\/wp-content\/uploads\/2025\/04\/El_Califate_nach_Chile-020-1200x1600.jpg 1200w, https:\/\/www.askja-on-tour.ch\/wp-content\/uploads\/2025\/04\/El_Califate_nach_Chile-020-1152x1536.jpg 1152w, https:\/\/www.askja-on-tour.ch\/wp-content\/uploads\/2025\/04\/El_Califate_nach_Chile-020.jpg 1536w\" sizes=\"auto, (max-width: 768px) 100vw, 768px\" \/><\/p>\n<figure id=\"attachment_26390\" aria-describedby=\"caption-attachment-26390\" style=\"width: 768px\" class=\"wp-caption alignnone\"><img loading=\"lazy\" decoding=\"async\" class=\"size-medium wp-image-26390\" src=\"https:\/\/www.askja-on-tour.ch\/wp-content\/uploads\/2025\/04\/El_Califate_nach_Chile-021-768x1024.jpg\" alt=\"\" width=\"768\" height=\"1024\" srcset=\"https:\/\/www.askja-on-tour.ch\/wp-content\/uploads\/2025\/04\/El_Califate_nach_Chile-021-768x1024.jpg 768w, https:\/\/www.askja-on-tour.ch\/wp-content\/uploads\/2025\/04\/El_Califate_nach_Chile-021-1200x1600.jpg 1200w, https:\/\/www.askja-on-tour.ch\/wp-content\/uploads\/2025\/04\/El_Califate_nach_Chile-021-1152x1536.jpg 1152w, https:\/\/www.askja-on-tour.ch\/wp-content\/uploads\/2025\/04\/El_Califate_nach_Chile-021.jpg 1536w\" sizes=\"auto, (max-width: 768px) 100vw, 768px\" \/><figcaption id=\"caption-attachment-26390\" class=\"wp-caption-text\">Tolle Arbeit Pablo<\/figcaption><\/figure>\n<p>Da die Wetter App f\u00fcr Donnerstag einen Traumtag f\u00fcr El Chalt\u00e9n vorausgesagt hatte, sind wir wieder zur\u00fcckgefahren und haben uns einen Platz gesucht, der f\u00fcr Camper zugelassen ist. Die Anfahrt war allerdings etwas frustrierend mit Schnee und Schneeregen.<\/p>\n<figure id=\"attachment_26391\" aria-describedby=\"caption-attachment-26391\" style=\"width: 1024px\" class=\"wp-caption alignnone\"><img loading=\"lazy\" decoding=\"async\" class=\"size-medium wp-image-26391\" src=\"https:\/\/www.askja-on-tour.ch\/wp-content\/uploads\/2025\/04\/El_Califate_nach_Chile-022-1024x769.jpg\" alt=\"\" width=\"1024\" height=\"769\" srcset=\"https:\/\/www.askja-on-tour.ch\/wp-content\/uploads\/2025\/04\/El_Califate_nach_Chile-022-1024x769.jpg 1024w, https:\/\/www.askja-on-tour.ch\/wp-content\/uploads\/2025\/04\/El_Califate_nach_Chile-022-1600x1201.jpg 1600w, https:\/\/www.askja-on-tour.ch\/wp-content\/uploads\/2025\/04\/El_Califate_nach_Chile-022-768x576.jpg 768w, https:\/\/www.askja-on-tour.ch\/wp-content\/uploads\/2025\/04\/El_Califate_nach_Chile-022-1536x1153.jpg 1536w, https:\/\/www.askja-on-tour.ch\/wp-content\/uploads\/2025\/04\/El_Califate_nach_Chile-022.jpg 2048w\" sizes=\"auto, (max-width: 1024px) 100vw, 1024px\" \/><figcaption id=\"caption-attachment-26391\" class=\"wp-caption-text\">Es soll nicht schneien und es soll sch\u00f6n sein am n\u00e4chsten Tag &#8211; noch f\u00e4llt es schwer, das zu glauben<\/figcaption><\/figure>\n<p><img loading=\"lazy\" decoding=\"async\" class=\"alignnone size-medium wp-image-26392\" src=\"https:\/\/www.askja-on-tour.ch\/wp-content\/uploads\/2025\/04\/El_Califate_nach_Chile-023-1024x339.jpg\" alt=\"\" width=\"1024\" height=\"339\" srcset=\"https:\/\/www.askja-on-tour.ch\/wp-content\/uploads\/2025\/04\/El_Califate_nach_Chile-023-1024x339.jpg 1024w, https:\/\/www.askja-on-tour.ch\/wp-content\/uploads\/2025\/04\/El_Califate_nach_Chile-023-1600x529.jpg 1600w, https:\/\/www.askja-on-tour.ch\/wp-content\/uploads\/2025\/04\/El_Califate_nach_Chile-023-768x254.jpg 768w, https:\/\/www.askja-on-tour.ch\/wp-content\/uploads\/2025\/04\/El_Califate_nach_Chile-023-1536x508.jpg 1536w, https:\/\/www.askja-on-tour.ch\/wp-content\/uploads\/2025\/04\/El_Califate_nach_Chile-023.jpg 2048w\" sizes=\"auto, (max-width: 1024px) 100vw, 1024px\" \/> <img loading=\"lazy\" decoding=\"async\" class=\"alignnone size-medium wp-image-26393\" src=\"https:\/\/www.askja-on-tour.ch\/wp-content\/uploads\/2025\/04\/El_Califate_nach_Chile-024-1024x769.jpg\" alt=\"\" width=\"1024\" height=\"769\" srcset=\"https:\/\/www.askja-on-tour.ch\/wp-content\/uploads\/2025\/04\/El_Califate_nach_Chile-024-1024x769.jpg 1024w, https:\/\/www.askja-on-tour.ch\/wp-content\/uploads\/2025\/04\/El_Califate_nach_Chile-024-1600x1201.jpg 1600w, https:\/\/www.askja-on-tour.ch\/wp-content\/uploads\/2025\/04\/El_Califate_nach_Chile-024-768x576.jpg 768w, https:\/\/www.askja-on-tour.ch\/wp-content\/uploads\/2025\/04\/El_Califate_nach_Chile-024-1536x1153.jpg 1536w, https:\/\/www.askja-on-tour.ch\/wp-content\/uploads\/2025\/04\/El_Califate_nach_Chile-024.jpg 2048w\" sizes=\"auto, (max-width: 1024px) 100vw, 1024px\" \/> <img loading=\"lazy\" decoding=\"async\" class=\"alignnone size-medium wp-image-26385\" src=\"https:\/\/www.askja-on-tour.ch\/wp-content\/uploads\/2025\/04\/El_Califate_nach_Chile-016-1024x769.jpg\" alt=\"\" width=\"1024\" height=\"769\" srcset=\"https:\/\/www.askja-on-tour.ch\/wp-content\/uploads\/2025\/04\/El_Califate_nach_Chile-016-1024x769.jpg 1024w, https:\/\/www.askja-on-tour.ch\/wp-content\/uploads\/2025\/04\/El_Califate_nach_Chile-016-1600x1201.jpg 1600w, https:\/\/www.askja-on-tour.ch\/wp-content\/uploads\/2025\/04\/El_Califate_nach_Chile-016-768x576.jpg 768w, https:\/\/www.askja-on-tour.ch\/wp-content\/uploads\/2025\/04\/El_Califate_nach_Chile-016-1536x1153.jpg 1536w, https:\/\/www.askja-on-tour.ch\/wp-content\/uploads\/2025\/04\/El_Califate_nach_Chile-016.jpg 2048w\" sizes=\"auto, (max-width: 1024px) 100vw, 1024px\" \/> <img loading=\"lazy\" decoding=\"async\" class=\"alignnone size-medium wp-image-26386\" src=\"https:\/\/www.askja-on-tour.ch\/wp-content\/uploads\/2025\/04\/El_Califate_nach_Chile-017-1024x769.jpg\" alt=\"\" width=\"1024\" height=\"769\" srcset=\"https:\/\/www.askja-on-tour.ch\/wp-content\/uploads\/2025\/04\/El_Califate_nach_Chile-017-1024x769.jpg 1024w, https:\/\/www.askja-on-tour.ch\/wp-content\/uploads\/2025\/04\/El_Califate_nach_Chile-017-1600x1201.jpg 1600w, https:\/\/www.askja-on-tour.ch\/wp-content\/uploads\/2025\/04\/El_Califate_nach_Chile-017-768x576.jpg 768w, https:\/\/www.askja-on-tour.ch\/wp-content\/uploads\/2025\/04\/El_Califate_nach_Chile-017-1536x1153.jpg 1536w, https:\/\/www.askja-on-tour.ch\/wp-content\/uploads\/2025\/04\/El_Califate_nach_Chile-017.jpg 2048w\" sizes=\"auto, (max-width: 1024px) 100vw, 1024px\" \/> <img loading=\"lazy\" decoding=\"async\" class=\"alignnone size-medium wp-image-26384\" src=\"https:\/\/www.askja-on-tour.ch\/wp-content\/uploads\/2025\/04\/El_Califate_nach_Chile-015-1024x769.jpg\" alt=\"\" width=\"1024\" height=\"769\" srcset=\"https:\/\/www.askja-on-tour.ch\/wp-content\/uploads\/2025\/04\/El_Califate_nach_Chile-015-1024x769.jpg 1024w, https:\/\/www.askja-on-tour.ch\/wp-content\/uploads\/2025\/04\/El_Califate_nach_Chile-015-1600x1201.jpg 1600w, https:\/\/www.askja-on-tour.ch\/wp-content\/uploads\/2025\/04\/El_Califate_nach_Chile-015-768x576.jpg 768w, https:\/\/www.askja-on-tour.ch\/wp-content\/uploads\/2025\/04\/El_Califate_nach_Chile-015-1536x1153.jpg 1536w, https:\/\/www.askja-on-tour.ch\/wp-content\/uploads\/2025\/04\/El_Califate_nach_Chile-015.jpg 2048w\" sizes=\"auto, (max-width: 1024px) 100vw, 1024px\" \/> <img loading=\"lazy\" decoding=\"async\" class=\"alignnone size-medium wp-image-26394\" src=\"https:\/\/www.askja-on-tour.ch\/wp-content\/uploads\/2025\/04\/El_Califate_nach_Chile-025-1024x768.jpg\" alt=\"\" width=\"1024\" height=\"768\" srcset=\"https:\/\/www.askja-on-tour.ch\/wp-content\/uploads\/2025\/04\/El_Califate_nach_Chile-025-1024x768.jpg 1024w, https:\/\/www.askja-on-tour.ch\/wp-content\/uploads\/2025\/04\/El_Califate_nach_Chile-025-1600x1200.jpg 1600w, https:\/\/www.askja-on-tour.ch\/wp-content\/uploads\/2025\/04\/El_Califate_nach_Chile-025-768x576.jpg 768w, https:\/\/www.askja-on-tour.ch\/wp-content\/uploads\/2025\/04\/El_Califate_nach_Chile-025-1536x1152.jpg 1536w, https:\/\/www.askja-on-tour.ch\/wp-content\/uploads\/2025\/04\/El_Califate_nach_Chile-025.jpg 2048w\" sizes=\"auto, (max-width: 1024px) 100vw, 1024px\" \/><\/p>\n<p>In der Ranger-Station haben wir uns nach einer Wanderung erkundigt. Wir wollten nicht zur Laguna de los Tres wandern, diese w\u00e4re zwar mit 10 km je Weg nicht k\u00fcrzer gewesen, als die Wanderung, die wir dann empfohlen bekamen, aber die letzten 2 km w\u00e4ren noch 500 H\u00f6henmeter auf Schotter hochzulaufen gewesen, was wir nicht wollten. Uns wurde eine sehr sch\u00f6ne Rundwanderung empfohlen. Gem\u00e4ss Ranger mas o menos 20 km und insgesamt rund 800 H\u00f6henmeter. H\u00f6rte sich gut an \u2013 aber es waren dann 33 km (un poco mas), 800 H\u00f6henmeter und da die Temperaturen sehr tief lagen (- 2 Grad), waren die ersten 6 km und die letzten 6 km vereist. Es war hart aber es war wunderbar. Die tollen Aussichten auf den Fitz Roy und den Cerro Torre in der Herbststimmung einfach einmalig.<\/p>\n<figure id=\"attachment_26397\" aria-describedby=\"caption-attachment-26397\" style=\"width: 1024px\" class=\"wp-caption alignnone\"><img loading=\"lazy\" decoding=\"async\" class=\"size-medium wp-image-26397\" src=\"https:\/\/www.askja-on-tour.ch\/wp-content\/uploads\/2025\/04\/El_Califate_nach_Chile-028-1024x768.jpg\" alt=\"\" width=\"1024\" height=\"768\" srcset=\"https:\/\/www.askja-on-tour.ch\/wp-content\/uploads\/2025\/04\/El_Califate_nach_Chile-028-1024x768.jpg 1024w, https:\/\/www.askja-on-tour.ch\/wp-content\/uploads\/2025\/04\/El_Califate_nach_Chile-028-1600x1200.jpg 1600w, https:\/\/www.askja-on-tour.ch\/wp-content\/uploads\/2025\/04\/El_Califate_nach_Chile-028-768x576.jpg 768w, https:\/\/www.askja-on-tour.ch\/wp-content\/uploads\/2025\/04\/El_Califate_nach_Chile-028-1536x1152.jpg 1536w, https:\/\/www.askja-on-tour.ch\/wp-content\/uploads\/2025\/04\/El_Califate_nach_Chile-028.jpg 2048w\" sizes=\"auto, (max-width: 1024px) 100vw, 1024px\" \/><figcaption id=\"caption-attachment-26397\" class=\"wp-caption-text\">Am Morgen kurz vor Sonnenaufgang ging es los<\/figcaption><\/figure>\n<p><img loading=\"lazy\" decoding=\"async\" class=\"alignnone size-medium wp-image-26398\" src=\"https:\/\/www.askja-on-tour.ch\/wp-content\/uploads\/2025\/04\/El_Califate_nach_Chile-029-1024x768.jpg\" alt=\"\" width=\"1024\" height=\"768\" srcset=\"https:\/\/www.askja-on-tour.ch\/wp-content\/uploads\/2025\/04\/El_Califate_nach_Chile-029-1024x768.jpg 1024w, https:\/\/www.askja-on-tour.ch\/wp-content\/uploads\/2025\/04\/El_Califate_nach_Chile-029-1600x1200.jpg 1600w, https:\/\/www.askja-on-tour.ch\/wp-content\/uploads\/2025\/04\/El_Califate_nach_Chile-029-768x576.jpg 768w, https:\/\/www.askja-on-tour.ch\/wp-content\/uploads\/2025\/04\/El_Califate_nach_Chile-029-1536x1152.jpg 1536w, https:\/\/www.askja-on-tour.ch\/wp-content\/uploads\/2025\/04\/El_Califate_nach_Chile-029.jpg 2048w\" sizes=\"auto, (max-width: 1024px) 100vw, 1024px\" \/> <img loading=\"lazy\" decoding=\"async\" class=\"alignnone size-medium wp-image-26399\" src=\"https:\/\/www.askja-on-tour.ch\/wp-content\/uploads\/2025\/04\/El_Califate_nach_Chile-030-1024x768.jpg\" alt=\"\" width=\"1024\" height=\"768\" srcset=\"https:\/\/www.askja-on-tour.ch\/wp-content\/uploads\/2025\/04\/El_Califate_nach_Chile-030-1024x768.jpg 1024w, https:\/\/www.askja-on-tour.ch\/wp-content\/uploads\/2025\/04\/El_Califate_nach_Chile-030-1600x1200.jpg 1600w, https:\/\/www.askja-on-tour.ch\/wp-content\/uploads\/2025\/04\/El_Califate_nach_Chile-030-768x576.jpg 768w, https:\/\/www.askja-on-tour.ch\/wp-content\/uploads\/2025\/04\/El_Califate_nach_Chile-030-1536x1152.jpg 1536w, https:\/\/www.askja-on-tour.ch\/wp-content\/uploads\/2025\/04\/El_Califate_nach_Chile-030.jpg 2048w\" sizes=\"auto, (max-width: 1024px) 100vw, 1024px\" \/><\/p>\n<figure id=\"attachment_26395\" aria-describedby=\"caption-attachment-26395\" style=\"width: 768px\" class=\"wp-caption alignnone\"><img loading=\"lazy\" decoding=\"async\" class=\"size-medium wp-image-26395\" src=\"https:\/\/www.askja-on-tour.ch\/wp-content\/uploads\/2025\/04\/El_Califate_nach_Chile-026-768x1024.jpg\" alt=\"\" width=\"768\" height=\"1024\" srcset=\"https:\/\/www.askja-on-tour.ch\/wp-content\/uploads\/2025\/04\/El_Califate_nach_Chile-026-768x1024.jpg 768w, https:\/\/www.askja-on-tour.ch\/wp-content\/uploads\/2025\/04\/El_Califate_nach_Chile-026-1200x1600.jpg 1200w, https:\/\/www.askja-on-tour.ch\/wp-content\/uploads\/2025\/04\/El_Califate_nach_Chile-026-1152x1536.jpg 1152w, https:\/\/www.askja-on-tour.ch\/wp-content\/uploads\/2025\/04\/El_Califate_nach_Chile-026.jpg 1536w\" sizes=\"auto, (max-width: 768px) 100vw, 768px\" \/><figcaption id=\"caption-attachment-26395\" class=\"wp-caption-text\">Er hat die Wanderung auch \u00fcberlebt<\/figcaption><\/figure>\n<figure id=\"attachment_26400\" aria-describedby=\"caption-attachment-26400\" style=\"width: 1024px\" class=\"wp-caption alignnone\"><img loading=\"lazy\" decoding=\"async\" class=\"size-medium wp-image-26400\" src=\"https:\/\/www.askja-on-tour.ch\/wp-content\/uploads\/2025\/04\/El_Califate_nach_Chile-031-1024x768.jpg\" alt=\"\" width=\"1024\" height=\"768\" srcset=\"https:\/\/www.askja-on-tour.ch\/wp-content\/uploads\/2025\/04\/El_Califate_nach_Chile-031-1024x768.jpg 1024w, https:\/\/www.askja-on-tour.ch\/wp-content\/uploads\/2025\/04\/El_Califate_nach_Chile-031-1600x1200.jpg 1600w, https:\/\/www.askja-on-tour.ch\/wp-content\/uploads\/2025\/04\/El_Califate_nach_Chile-031-768x576.jpg 768w, https:\/\/www.askja-on-tour.ch\/wp-content\/uploads\/2025\/04\/El_Califate_nach_Chile-031-1536x1152.jpg 1536w, https:\/\/www.askja-on-tour.ch\/wp-content\/uploads\/2025\/04\/El_Califate_nach_Chile-031.jpg 2048w\" sizes=\"auto, (max-width: 1024px) 100vw, 1024px\" \/><figcaption id=\"caption-attachment-26400\" class=\"wp-caption-text\">Links der Aguja Poincenot und rechts der gr\u00f6ssere der Fitz Roy<\/figcaption><\/figure>\n<p><img loading=\"lazy\" decoding=\"async\" class=\"alignnone size-medium wp-image-26401\" src=\"https:\/\/www.askja-on-tour.ch\/wp-content\/uploads\/2025\/04\/El_Califate_nach_Chile-032-1024x768.jpg\" alt=\"\" width=\"1024\" height=\"768\" srcset=\"https:\/\/www.askja-on-tour.ch\/wp-content\/uploads\/2025\/04\/El_Califate_nach_Chile-032-1024x768.jpg 1024w, https:\/\/www.askja-on-tour.ch\/wp-content\/uploads\/2025\/04\/El_Califate_nach_Chile-032-1600x1200.jpg 1600w, https:\/\/www.askja-on-tour.ch\/wp-content\/uploads\/2025\/04\/El_Califate_nach_Chile-032-768x576.jpg 768w, https:\/\/www.askja-on-tour.ch\/wp-content\/uploads\/2025\/04\/El_Califate_nach_Chile-032-1536x1152.jpg 1536w, https:\/\/www.askja-on-tour.ch\/wp-content\/uploads\/2025\/04\/El_Califate_nach_Chile-032.jpg 2048w\" sizes=\"auto, (max-width: 1024px) 100vw, 1024px\" \/> <img loading=\"lazy\" decoding=\"async\" class=\"alignnone size-medium wp-image-26402\" src=\"https:\/\/www.askja-on-tour.ch\/wp-content\/uploads\/2025\/04\/El_Califate_nach_Chile-033-1024x768.jpg\" alt=\"\" width=\"1024\" height=\"768\" srcset=\"https:\/\/www.askja-on-tour.ch\/wp-content\/uploads\/2025\/04\/El_Califate_nach_Chile-033-1024x768.jpg 1024w, https:\/\/www.askja-on-tour.ch\/wp-content\/uploads\/2025\/04\/El_Califate_nach_Chile-033-1600x1200.jpg 1600w, https:\/\/www.askja-on-tour.ch\/wp-content\/uploads\/2025\/04\/El_Califate_nach_Chile-033-768x576.jpg 768w, https:\/\/www.askja-on-tour.ch\/wp-content\/uploads\/2025\/04\/El_Califate_nach_Chile-033-1536x1152.jpg 1536w, https:\/\/www.askja-on-tour.ch\/wp-content\/uploads\/2025\/04\/El_Califate_nach_Chile-033.jpg 2048w\" sizes=\"auto, (max-width: 1024px) 100vw, 1024px\" \/> <img loading=\"lazy\" decoding=\"async\" class=\"alignnone size-medium wp-image-26403\" src=\"https:\/\/www.askja-on-tour.ch\/wp-content\/uploads\/2025\/04\/El_Califate_nach_Chile-034-1024x768.jpg\" alt=\"\" width=\"1024\" height=\"768\" srcset=\"https:\/\/www.askja-on-tour.ch\/wp-content\/uploads\/2025\/04\/El_Califate_nach_Chile-034-1024x768.jpg 1024w, https:\/\/www.askja-on-tour.ch\/wp-content\/uploads\/2025\/04\/El_Califate_nach_Chile-034-1600x1200.jpg 1600w, https:\/\/www.askja-on-tour.ch\/wp-content\/uploads\/2025\/04\/El_Califate_nach_Chile-034-768x576.jpg 768w, https:\/\/www.askja-on-tour.ch\/wp-content\/uploads\/2025\/04\/El_Califate_nach_Chile-034-1536x1152.jpg 1536w, https:\/\/www.askja-on-tour.ch\/wp-content\/uploads\/2025\/04\/El_Califate_nach_Chile-034.jpg 2048w\" sizes=\"auto, (max-width: 1024px) 100vw, 1024px\" \/> <img loading=\"lazy\" decoding=\"async\" class=\"alignnone size-medium wp-image-26404\" src=\"https:\/\/www.askja-on-tour.ch\/wp-content\/uploads\/2025\/04\/El_Califate_nach_Chile-035-1024x768.jpg\" alt=\"\" width=\"1024\" height=\"768\" srcset=\"https:\/\/www.askja-on-tour.ch\/wp-content\/uploads\/2025\/04\/El_Califate_nach_Chile-035-1024x768.jpg 1024w, https:\/\/www.askja-on-tour.ch\/wp-content\/uploads\/2025\/04\/El_Califate_nach_Chile-035-1600x1200.jpg 1600w, https:\/\/www.askja-on-tour.ch\/wp-content\/uploads\/2025\/04\/El_Califate_nach_Chile-035-768x576.jpg 768w, https:\/\/www.askja-on-tour.ch\/wp-content\/uploads\/2025\/04\/El_Califate_nach_Chile-035-1536x1152.jpg 1536w, https:\/\/www.askja-on-tour.ch\/wp-content\/uploads\/2025\/04\/El_Califate_nach_Chile-035.jpg 2048w\" sizes=\"auto, (max-width: 1024px) 100vw, 1024px\" \/> <img loading=\"lazy\" decoding=\"async\" class=\"alignnone size-medium wp-image-26405\" src=\"https:\/\/www.askja-on-tour.ch\/wp-content\/uploads\/2025\/04\/El_Califate_nach_Chile-036-1024x331.jpg\" alt=\"\" width=\"1024\" height=\"331\" srcset=\"https:\/\/www.askja-on-tour.ch\/wp-content\/uploads\/2025\/04\/El_Califate_nach_Chile-036-1024x331.jpg 1024w, https:\/\/www.askja-on-tour.ch\/wp-content\/uploads\/2025\/04\/El_Califate_nach_Chile-036-1600x517.jpg 1600w, https:\/\/www.askja-on-tour.ch\/wp-content\/uploads\/2025\/04\/El_Califate_nach_Chile-036-768x248.jpg 768w, https:\/\/www.askja-on-tour.ch\/wp-content\/uploads\/2025\/04\/El_Califate_nach_Chile-036-1536x497.jpg 1536w, https:\/\/www.askja-on-tour.ch\/wp-content\/uploads\/2025\/04\/El_Califate_nach_Chile-036.jpg 2048w\" sizes=\"auto, (max-width: 1024px) 100vw, 1024px\" \/> <img loading=\"lazy\" decoding=\"async\" class=\"alignnone size-medium wp-image-26406\" src=\"https:\/\/www.askja-on-tour.ch\/wp-content\/uploads\/2025\/04\/El_Califate_nach_Chile-037-1024x768.jpg\" alt=\"\" width=\"1024\" height=\"768\" srcset=\"https:\/\/www.askja-on-tour.ch\/wp-content\/uploads\/2025\/04\/El_Califate_nach_Chile-037-1024x768.jpg 1024w, https:\/\/www.askja-on-tour.ch\/wp-content\/uploads\/2025\/04\/El_Califate_nach_Chile-037-1600x1200.jpg 1600w, https:\/\/www.askja-on-tour.ch\/wp-content\/uploads\/2025\/04\/El_Califate_nach_Chile-037-768x576.jpg 768w, https:\/\/www.askja-on-tour.ch\/wp-content\/uploads\/2025\/04\/El_Califate_nach_Chile-037-1536x1152.jpg 1536w, https:\/\/www.askja-on-tour.ch\/wp-content\/uploads\/2025\/04\/El_Califate_nach_Chile-037.jpg 2048w\" sizes=\"auto, (max-width: 1024px) 100vw, 1024px\" \/><\/p>\n<figure id=\"attachment_26407\" aria-describedby=\"caption-attachment-26407\" style=\"width: 1024px\" class=\"wp-caption alignnone\"><img loading=\"lazy\" decoding=\"async\" class=\"size-medium wp-image-26407\" src=\"https:\/\/www.askja-on-tour.ch\/wp-content\/uploads\/2025\/04\/El_Califate_nach_Chile-038-1024x768.jpg\" alt=\"\" width=\"1024\" height=\"768\" srcset=\"https:\/\/www.askja-on-tour.ch\/wp-content\/uploads\/2025\/04\/El_Califate_nach_Chile-038-1024x768.jpg 1024w, https:\/\/www.askja-on-tour.ch\/wp-content\/uploads\/2025\/04\/El_Califate_nach_Chile-038-1600x1200.jpg 1600w, https:\/\/www.askja-on-tour.ch\/wp-content\/uploads\/2025\/04\/El_Califate_nach_Chile-038-768x576.jpg 768w, https:\/\/www.askja-on-tour.ch\/wp-content\/uploads\/2025\/04\/El_Califate_nach_Chile-038-1536x1152.jpg 1536w, https:\/\/www.askja-on-tour.ch\/wp-content\/uploads\/2025\/04\/El_Califate_nach_Chile-038.jpg 2048w\" sizes=\"auto, (max-width: 1024px) 100vw, 1024px\" \/><figcaption id=\"caption-attachment-26407\" class=\"wp-caption-text\">Von Links: Cerro Torre,<br \/>Aguja Egger und Standhardt, im Hintergrund<br \/>Aguja Saint Exupery,<br \/>Aguja Poincenot und Cerro Fith Roy<\/figcaption><\/figure>\n<p><img loading=\"lazy\" decoding=\"async\" class=\"alignnone size-medium wp-image-26408\" src=\"https:\/\/www.askja-on-tour.ch\/wp-content\/uploads\/2025\/04\/El_Califate_nach_Chile-039-768x1024.jpg\" alt=\"\" width=\"768\" height=\"1024\" srcset=\"https:\/\/www.askja-on-tour.ch\/wp-content\/uploads\/2025\/04\/El_Califate_nach_Chile-039-768x1024.jpg 768w, https:\/\/www.askja-on-tour.ch\/wp-content\/uploads\/2025\/04\/El_Califate_nach_Chile-039-1200x1600.jpg 1200w, https:\/\/www.askja-on-tour.ch\/wp-content\/uploads\/2025\/04\/El_Califate_nach_Chile-039-1152x1536.jpg 1152w, https:\/\/www.askja-on-tour.ch\/wp-content\/uploads\/2025\/04\/El_Califate_nach_Chile-039.jpg 1536w\" sizes=\"auto, (max-width: 768px) 100vw, 768px\" \/> <img loading=\"lazy\" decoding=\"async\" class=\"alignnone size-medium wp-image-26409\" src=\"https:\/\/www.askja-on-tour.ch\/wp-content\/uploads\/2025\/04\/El_Califate_nach_Chile-040-1024x768.jpg\" alt=\"\" width=\"1024\" height=\"768\" srcset=\"https:\/\/www.askja-on-tour.ch\/wp-content\/uploads\/2025\/04\/El_Califate_nach_Chile-040-1024x768.jpg 1024w, https:\/\/www.askja-on-tour.ch\/wp-content\/uploads\/2025\/04\/El_Califate_nach_Chile-040-1600x1200.jpg 1600w, https:\/\/www.askja-on-tour.ch\/wp-content\/uploads\/2025\/04\/El_Califate_nach_Chile-040-768x576.jpg 768w, https:\/\/www.askja-on-tour.ch\/wp-content\/uploads\/2025\/04\/El_Califate_nach_Chile-040-1536x1152.jpg 1536w, https:\/\/www.askja-on-tour.ch\/wp-content\/uploads\/2025\/04\/El_Califate_nach_Chile-040.jpg 2048w\" sizes=\"auto, (max-width: 1024px) 100vw, 1024px\" \/> <img loading=\"lazy\" decoding=\"async\" class=\"alignnone size-medium wp-image-26410\" src=\"https:\/\/www.askja-on-tour.ch\/wp-content\/uploads\/2025\/04\/El_Califate_nach_Chile-041-1024x768.jpg\" alt=\"\" width=\"1024\" height=\"768\" srcset=\"https:\/\/www.askja-on-tour.ch\/wp-content\/uploads\/2025\/04\/El_Califate_nach_Chile-041-1024x768.jpg 1024w, https:\/\/www.askja-on-tour.ch\/wp-content\/uploads\/2025\/04\/El_Califate_nach_Chile-041-1600x1200.jpg 1600w, https:\/\/www.askja-on-tour.ch\/wp-content\/uploads\/2025\/04\/El_Califate_nach_Chile-041-768x576.jpg 768w, https:\/\/www.askja-on-tour.ch\/wp-content\/uploads\/2025\/04\/El_Califate_nach_Chile-041-1536x1152.jpg 1536w, https:\/\/www.askja-on-tour.ch\/wp-content\/uploads\/2025\/04\/El_Califate_nach_Chile-041.jpg 2048w\" sizes=\"auto, (max-width: 1024px) 100vw, 1024px\" \/> <img loading=\"lazy\" decoding=\"async\" class=\"alignnone size-medium wp-image-26411\" src=\"https:\/\/www.askja-on-tour.ch\/wp-content\/uploads\/2025\/04\/El_Califate_nach_Chile-042-1024x768.jpg\" alt=\"\" width=\"1024\" height=\"768\" srcset=\"https:\/\/www.askja-on-tour.ch\/wp-content\/uploads\/2025\/04\/El_Califate_nach_Chile-042-1024x768.jpg 1024w, https:\/\/www.askja-on-tour.ch\/wp-content\/uploads\/2025\/04\/El_Califate_nach_Chile-042-1600x1200.jpg 1600w, https:\/\/www.askja-on-tour.ch\/wp-content\/uploads\/2025\/04\/El_Califate_nach_Chile-042-768x576.jpg 768w, https:\/\/www.askja-on-tour.ch\/wp-content\/uploads\/2025\/04\/El_Califate_nach_Chile-042-1536x1152.jpg 1536w, https:\/\/www.askja-on-tour.ch\/wp-content\/uploads\/2025\/04\/El_Califate_nach_Chile-042.jpg 2048w\" sizes=\"auto, (max-width: 1024px) 100vw, 1024px\" \/> <img loading=\"lazy\" decoding=\"async\" class=\"alignnone size-medium wp-image-26412\" src=\"https:\/\/www.askja-on-tour.ch\/wp-content\/uploads\/2025\/04\/El_Califate_nach_Chile-043-1024x768.jpg\" alt=\"\" width=\"1024\" height=\"768\" srcset=\"https:\/\/www.askja-on-tour.ch\/wp-content\/uploads\/2025\/04\/El_Califate_nach_Chile-043-1024x768.jpg 1024w, https:\/\/www.askja-on-tour.ch\/wp-content\/uploads\/2025\/04\/El_Califate_nach_Chile-043-1600x1200.jpg 1600w, https:\/\/www.askja-on-tour.ch\/wp-content\/uploads\/2025\/04\/El_Califate_nach_Chile-043-768x576.jpg 768w, https:\/\/www.askja-on-tour.ch\/wp-content\/uploads\/2025\/04\/El_Califate_nach_Chile-043-1536x1152.jpg 1536w, https:\/\/www.askja-on-tour.ch\/wp-content\/uploads\/2025\/04\/El_Califate_nach_Chile-043.jpg 2048w\" sizes=\"auto, (max-width: 1024px) 100vw, 1024px\" \/><\/p>\n<figure id=\"attachment_26413\" aria-describedby=\"caption-attachment-26413\" style=\"width: 1024px\" class=\"wp-caption alignnone\"><img loading=\"lazy\" decoding=\"async\" class=\"size-medium wp-image-26413\" src=\"https:\/\/www.askja-on-tour.ch\/wp-content\/uploads\/2025\/04\/El_Califate_nach_Chile-044-1024x768.jpg\" alt=\"\" width=\"1024\" height=\"768\" srcset=\"https:\/\/www.askja-on-tour.ch\/wp-content\/uploads\/2025\/04\/El_Califate_nach_Chile-044-1024x768.jpg 1024w, https:\/\/www.askja-on-tour.ch\/wp-content\/uploads\/2025\/04\/El_Califate_nach_Chile-044-1600x1200.jpg 1600w, https:\/\/www.askja-on-tour.ch\/wp-content\/uploads\/2025\/04\/El_Califate_nach_Chile-044-768x576.jpg 768w, https:\/\/www.askja-on-tour.ch\/wp-content\/uploads\/2025\/04\/El_Califate_nach_Chile-044-1536x1152.jpg 1536w, https:\/\/www.askja-on-tour.ch\/wp-content\/uploads\/2025\/04\/El_Califate_nach_Chile-044.jpg 2048w\" sizes=\"auto, (max-width: 1024px) 100vw, 1024px\" \/><figcaption id=\"caption-attachment-26413\" class=\"wp-caption-text\">Scheinbuche mit einem Parasiten<\/figcaption><\/figure>\n<p><img loading=\"lazy\" decoding=\"async\" class=\"alignnone size-medium wp-image-26414\" src=\"https:\/\/www.askja-on-tour.ch\/wp-content\/uploads\/2025\/04\/El_Califate_nach_Chile-045-1024x768.jpg\" alt=\"\" width=\"1024\" height=\"768\" srcset=\"https:\/\/www.askja-on-tour.ch\/wp-content\/uploads\/2025\/04\/El_Califate_nach_Chile-045-1024x768.jpg 1024w, https:\/\/www.askja-on-tour.ch\/wp-content\/uploads\/2025\/04\/El_Califate_nach_Chile-045-1600x1200.jpg 1600w, https:\/\/www.askja-on-tour.ch\/wp-content\/uploads\/2025\/04\/El_Califate_nach_Chile-045-768x576.jpg 768w, https:\/\/www.askja-on-tour.ch\/wp-content\/uploads\/2025\/04\/El_Califate_nach_Chile-045-1536x1152.jpg 1536w, https:\/\/www.askja-on-tour.ch\/wp-content\/uploads\/2025\/04\/El_Califate_nach_Chile-045.jpg 2048w\" sizes=\"auto, (max-width: 1024px) 100vw, 1024px\" \/> <img loading=\"lazy\" decoding=\"async\" class=\"alignnone size-medium wp-image-26415\" src=\"https:\/\/www.askja-on-tour.ch\/wp-content\/uploads\/2025\/04\/El_Califate_nach_Chile-046-1024x768.jpg\" alt=\"\" width=\"1024\" height=\"768\" srcset=\"https:\/\/www.askja-on-tour.ch\/wp-content\/uploads\/2025\/04\/El_Califate_nach_Chile-046-1024x768.jpg 1024w, https:\/\/www.askja-on-tour.ch\/wp-content\/uploads\/2025\/04\/El_Califate_nach_Chile-046-1600x1200.jpg 1600w, https:\/\/www.askja-on-tour.ch\/wp-content\/uploads\/2025\/04\/El_Califate_nach_Chile-046-768x576.jpg 768w, https:\/\/www.askja-on-tour.ch\/wp-content\/uploads\/2025\/04\/El_Califate_nach_Chile-046-1536x1152.jpg 1536w, https:\/\/www.askja-on-tour.ch\/wp-content\/uploads\/2025\/04\/El_Califate_nach_Chile-046.jpg 2048w\" sizes=\"auto, (max-width: 1024px) 100vw, 1024px\" \/><\/p>\n<p>Unser n\u00e4chstes Ziel ist die Carretera Austral in Chile. Um diese zu erreichen, waren wir erstmal wieder ein gutes St\u00fcck auf der RN 40 unterwegs. Die Ruta Nacional 40 ist mit 5\u2018301 km die l\u00e4ngste Nationalstrasse Argentiniens und gleichzeitig eine der l\u00e4ngsten Fernstrassen der Welt. Meist ist diese asphaltiert, doch es gibt auch ungeteerte Strecken, so beispielsweise diejenige zwischen Tres Lagos und Gobernador Gregores. Sie war nicht nur ungeteert, sondern matschig vom Schneefall vor ein paar Tagen. Unser geputztes Auto sieht nun wieder wie \u201eartgerecht gehalten\u201c aus. Dicke Dreck- und Schlammklumpen \u00fcberall. F\u00fcr uns war die Strecke ja fahrbar. Wir haben unterwegs eine Motorradfahrer getroffen, die nach dem xten Sturz beschlossen haben, umzudrehen.<\/p>\n<p>Am n\u00e4chsten Tag sind wir in das Minidorf Bajo Caracoles das knapp 30 Einwohner z\u00e4hlt gefahren. Dort gibt es nochmals Diesel (wie vertrauensw\u00fcrdig die Qualit\u00e4t auch mmer ist \u2013 aber unser Auto schnurrte freudig weiter, auch nach dem Tanken), ein kleines Restaurant und Informationen f\u00fcr die Rute Provinical 41, die wir letztendlich nach Chile fahren wollten.<\/p>\n<p><img loading=\"lazy\" decoding=\"async\" class=\"alignnone size-medium wp-image-26417\" src=\"https:\/\/www.askja-on-tour.ch\/wp-content\/uploads\/2025\/04\/El_Califate_nach_Chile-048-1024x769.jpg\" alt=\"\" width=\"1024\" height=\"769\" srcset=\"https:\/\/www.askja-on-tour.ch\/wp-content\/uploads\/2025\/04\/El_Califate_nach_Chile-048-1024x769.jpg 1024w, https:\/\/www.askja-on-tour.ch\/wp-content\/uploads\/2025\/04\/El_Califate_nach_Chile-048-1600x1201.jpg 1600w, https:\/\/www.askja-on-tour.ch\/wp-content\/uploads\/2025\/04\/El_Califate_nach_Chile-048-768x576.jpg 768w, https:\/\/www.askja-on-tour.ch\/wp-content\/uploads\/2025\/04\/El_Califate_nach_Chile-048-1536x1153.jpg 1536w, https:\/\/www.askja-on-tour.ch\/wp-content\/uploads\/2025\/04\/El_Califate_nach_Chile-048.jpg 2048w\" sizes=\"auto, (max-width: 1024px) 100vw, 1024px\" \/><\/p>\n<figure id=\"attachment_26418\" aria-describedby=\"caption-attachment-26418\" style=\"width: 1024px\" class=\"wp-caption alignnone\"><img loading=\"lazy\" decoding=\"async\" class=\"size-medium wp-image-26418\" src=\"https:\/\/www.askja-on-tour.ch\/wp-content\/uploads\/2025\/04\/El_Califate_nach_Chile-049-1024x768.jpg\" alt=\"\" width=\"1024\" height=\"768\" srcset=\"https:\/\/www.askja-on-tour.ch\/wp-content\/uploads\/2025\/04\/El_Califate_nach_Chile-049-1024x768.jpg 1024w, https:\/\/www.askja-on-tour.ch\/wp-content\/uploads\/2025\/04\/El_Califate_nach_Chile-049-1600x1200.jpg 1600w, https:\/\/www.askja-on-tour.ch\/wp-content\/uploads\/2025\/04\/El_Califate_nach_Chile-049-768x576.jpg 768w, https:\/\/www.askja-on-tour.ch\/wp-content\/uploads\/2025\/04\/El_Califate_nach_Chile-049-1536x1152.jpg 1536w, https:\/\/www.askja-on-tour.ch\/wp-content\/uploads\/2025\/04\/El_Califate_nach_Chile-049.jpg 2048w\" sizes=\"auto, (max-width: 1024px) 100vw, 1024px\" \/><figcaption id=\"caption-attachment-26418\" class=\"wp-caption-text\">Bajo Caracoles und die Zapfs\u00e4ulen<\/figcaption><\/figure>\n<figure id=\"attachment_26419\" aria-describedby=\"caption-attachment-26419\" style=\"width: 1024px\" class=\"wp-caption alignnone\"><img loading=\"lazy\" decoding=\"async\" class=\"size-medium wp-image-26419\" src=\"https:\/\/www.askja-on-tour.ch\/wp-content\/uploads\/2025\/04\/El_Califate_nach_Chile-050-1024x768.jpg\" alt=\"\" width=\"1024\" height=\"768\" srcset=\"https:\/\/www.askja-on-tour.ch\/wp-content\/uploads\/2025\/04\/El_Califate_nach_Chile-050-1024x768.jpg 1024w, https:\/\/www.askja-on-tour.ch\/wp-content\/uploads\/2025\/04\/El_Califate_nach_Chile-050-1600x1200.jpg 1600w, https:\/\/www.askja-on-tour.ch\/wp-content\/uploads\/2025\/04\/El_Califate_nach_Chile-050-768x576.jpg 768w, https:\/\/www.askja-on-tour.ch\/wp-content\/uploads\/2025\/04\/El_Califate_nach_Chile-050-1536x1152.jpg 1536w, https:\/\/www.askja-on-tour.ch\/wp-content\/uploads\/2025\/04\/El_Califate_nach_Chile-050.jpg 2048w\" sizes=\"auto, (max-width: 1024px) 100vw, 1024px\" \/><figcaption id=\"caption-attachment-26419\" class=\"wp-caption-text\">&#8230; und Caff\u00e9e<\/figcaption><\/figure>\n<p>Da wir h\u00f6rten, dass die Strasse befahrbar ist, sind wir die weiteren 15 km auf der RN 40 gefahren und dann auf die RP 41 abgebogen. Es war wieder eine Schotterpiste mit viel Wellblech aber mit Luftablassen ging es. F\u00fcr uns ist es wohl bis heute eine der sch\u00f6nsten Strassen, die wir je gefahren sind. Vor uns Blick auf die Anden, wunderbare Wiesen, B\u00e4che, Seen \u2013 einmalig. Die Nacht verbrachten wir irgendwo im Nirgendwo mit Blick auf den Lago Ghio.<\/p>\n<p><img loading=\"lazy\" decoding=\"async\" class=\"alignnone size-medium wp-image-26421\" src=\"https:\/\/www.askja-on-tour.ch\/wp-content\/uploads\/2025\/04\/El_Califate_nach_Chile-052-1024x769.jpg\" alt=\"\" width=\"1024\" height=\"769\" srcset=\"https:\/\/www.askja-on-tour.ch\/wp-content\/uploads\/2025\/04\/El_Califate_nach_Chile-052-1024x769.jpg 1024w, https:\/\/www.askja-on-tour.ch\/wp-content\/uploads\/2025\/04\/El_Califate_nach_Chile-052-1600x1201.jpg 1600w, https:\/\/www.askja-on-tour.ch\/wp-content\/uploads\/2025\/04\/El_Califate_nach_Chile-052-768x576.jpg 768w, https:\/\/www.askja-on-tour.ch\/wp-content\/uploads\/2025\/04\/El_Califate_nach_Chile-052-1536x1153.jpg 1536w, https:\/\/www.askja-on-tour.ch\/wp-content\/uploads\/2025\/04\/El_Califate_nach_Chile-052.jpg 2048w\" sizes=\"auto, (max-width: 1024px) 100vw, 1024px\" \/> <img loading=\"lazy\" decoding=\"async\" class=\"alignnone size-medium wp-image-26422\" src=\"https:\/\/www.askja-on-tour.ch\/wp-content\/uploads\/2025\/04\/El_Califate_nach_Chile-053-1024x768.jpg\" alt=\"\" width=\"1024\" height=\"768\" srcset=\"https:\/\/www.askja-on-tour.ch\/wp-content\/uploads\/2025\/04\/El_Califate_nach_Chile-053-1024x768.jpg 1024w, https:\/\/www.askja-on-tour.ch\/wp-content\/uploads\/2025\/04\/El_Califate_nach_Chile-053-1600x1200.jpg 1600w, https:\/\/www.askja-on-tour.ch\/wp-content\/uploads\/2025\/04\/El_Califate_nach_Chile-053-768x576.jpg 768w, https:\/\/www.askja-on-tour.ch\/wp-content\/uploads\/2025\/04\/El_Califate_nach_Chile-053-1536x1152.jpg 1536w, https:\/\/www.askja-on-tour.ch\/wp-content\/uploads\/2025\/04\/El_Califate_nach_Chile-053.jpg 2048w\" sizes=\"auto, (max-width: 1024px) 100vw, 1024px\" \/> <img loading=\"lazy\" decoding=\"async\" class=\"alignnone size-medium wp-image-26423\" src=\"https:\/\/www.askja-on-tour.ch\/wp-content\/uploads\/2025\/04\/El_Califate_nach_Chile-054-1024x768.jpg\" alt=\"\" width=\"1024\" height=\"768\" srcset=\"https:\/\/www.askja-on-tour.ch\/wp-content\/uploads\/2025\/04\/El_Califate_nach_Chile-054-1024x768.jpg 1024w, https:\/\/www.askja-on-tour.ch\/wp-content\/uploads\/2025\/04\/El_Califate_nach_Chile-054-1600x1200.jpg 1600w, https:\/\/www.askja-on-tour.ch\/wp-content\/uploads\/2025\/04\/El_Califate_nach_Chile-054-768x576.jpg 768w, https:\/\/www.askja-on-tour.ch\/wp-content\/uploads\/2025\/04\/El_Califate_nach_Chile-054-1536x1152.jpg 1536w, https:\/\/www.askja-on-tour.ch\/wp-content\/uploads\/2025\/04\/El_Califate_nach_Chile-054.jpg 2048w\" sizes=\"auto, (max-width: 1024px) 100vw, 1024px\" \/> <img loading=\"lazy\" decoding=\"async\" class=\"alignnone size-medium wp-image-26424\" src=\"https:\/\/www.askja-on-tour.ch\/wp-content\/uploads\/2025\/04\/El_Califate_nach_Chile-055-1024x769.jpg\" alt=\"\" width=\"1024\" height=\"769\" srcset=\"https:\/\/www.askja-on-tour.ch\/wp-content\/uploads\/2025\/04\/El_Califate_nach_Chile-055-1024x769.jpg 1024w, https:\/\/www.askja-on-tour.ch\/wp-content\/uploads\/2025\/04\/El_Califate_nach_Chile-055-1600x1201.jpg 1600w, https:\/\/www.askja-on-tour.ch\/wp-content\/uploads\/2025\/04\/El_Califate_nach_Chile-055-768x576.jpg 768w, https:\/\/www.askja-on-tour.ch\/wp-content\/uploads\/2025\/04\/El_Califate_nach_Chile-055-1536x1153.jpg 1536w, https:\/\/www.askja-on-tour.ch\/wp-content\/uploads\/2025\/04\/El_Califate_nach_Chile-055.jpg 2048w\" sizes=\"auto, (max-width: 1024px) 100vw, 1024px\" \/><\/p>\n<figure id=\"attachment_26425\" aria-describedby=\"caption-attachment-26425\" style=\"width: 1024px\" class=\"wp-caption alignnone\"><img loading=\"lazy\" decoding=\"async\" class=\"size-medium wp-image-26425\" src=\"https:\/\/www.askja-on-tour.ch\/wp-content\/uploads\/2025\/04\/El_Califate_nach_Chile-056-1024x768.jpg\" alt=\"\" width=\"1024\" height=\"768\" srcset=\"https:\/\/www.askja-on-tour.ch\/wp-content\/uploads\/2025\/04\/El_Califate_nach_Chile-056-1024x768.jpg 1024w, https:\/\/www.askja-on-tour.ch\/wp-content\/uploads\/2025\/04\/El_Califate_nach_Chile-056-1600x1200.jpg 1600w, https:\/\/www.askja-on-tour.ch\/wp-content\/uploads\/2025\/04\/El_Califate_nach_Chile-056-768x576.jpg 768w, https:\/\/www.askja-on-tour.ch\/wp-content\/uploads\/2025\/04\/El_Califate_nach_Chile-056-1536x1152.jpg 1536w, https:\/\/www.askja-on-tour.ch\/wp-content\/uploads\/2025\/04\/El_Califate_nach_Chile-056.jpg 2048w\" sizes=\"auto, (max-width: 1024px) 100vw, 1024px\" \/><figcaption id=\"caption-attachment-26425\" class=\"wp-caption-text\">Unser Nachtplatz mit Blick auf den Lago Ghio<\/figcaption><\/figure>\n<figure id=\"attachment_26441\" aria-describedby=\"caption-attachment-26441\" style=\"width: 1024px\" class=\"wp-caption alignnone\"><img loading=\"lazy\" decoding=\"async\" class=\"size-medium wp-image-26441\" src=\"https:\/\/www.askja-on-tour.ch\/wp-content\/uploads\/2025\/04\/El_Califate_nach_Chile-072-1024x576.jpg\" alt=\"\" width=\"1024\" height=\"576\" srcset=\"https:\/\/www.askja-on-tour.ch\/wp-content\/uploads\/2025\/04\/El_Califate_nach_Chile-072-1024x576.jpg 1024w, https:\/\/www.askja-on-tour.ch\/wp-content\/uploads\/2025\/04\/El_Califate_nach_Chile-072-1600x900.jpg 1600w, https:\/\/www.askja-on-tour.ch\/wp-content\/uploads\/2025\/04\/El_Califate_nach_Chile-072-768x432.jpg 768w, https:\/\/www.askja-on-tour.ch\/wp-content\/uploads\/2025\/04\/El_Califate_nach_Chile-072-1536x864.jpg 1536w, https:\/\/www.askja-on-tour.ch\/wp-content\/uploads\/2025\/04\/El_Califate_nach_Chile-072.jpg 2048w\" sizes=\"auto, (max-width: 1024px) 100vw, 1024px\" \/><figcaption id=\"caption-attachment-26441\" class=\"wp-caption-text\">Am Lago Ghio<\/figcaption><\/figure>\n<p>Heute ging dann die Strecke auf der RP 41 weiter mit vielen Fotostopps zur Argentinischen\/Chilenischen Grenze am Passo Rodolfo Roballos. Ein abgelegener Grenz\u00fcbergang, wo die ganzen Arbeitsabl\u00e4ufe noch h\u00e4ndisch und mit wenig Computerunterst\u00fctzung gemacht werden. Daf\u00fcr aber mit dicken B\u00fcchern, die sorgf\u00e4ltig von den \u00a0Grenzbeamten mit Hand ausgef\u00fcllt werden.<\/p>\n<p><img loading=\"lazy\" decoding=\"async\" class=\"alignnone size-medium wp-image-26426\" src=\"https:\/\/www.askja-on-tour.ch\/wp-content\/uploads\/2025\/04\/El_Califate_nach_Chile-057-1024x768.jpg\" alt=\"\" width=\"1024\" height=\"768\" srcset=\"https:\/\/www.askja-on-tour.ch\/wp-content\/uploads\/2025\/04\/El_Califate_nach_Chile-057-1024x768.jpg 1024w, https:\/\/www.askja-on-tour.ch\/wp-content\/uploads\/2025\/04\/El_Califate_nach_Chile-057-1600x1200.jpg 1600w, https:\/\/www.askja-on-tour.ch\/wp-content\/uploads\/2025\/04\/El_Califate_nach_Chile-057-768x576.jpg 768w, https:\/\/www.askja-on-tour.ch\/wp-content\/uploads\/2025\/04\/El_Califate_nach_Chile-057-1536x1152.jpg 1536w, https:\/\/www.askja-on-tour.ch\/wp-content\/uploads\/2025\/04\/El_Califate_nach_Chile-057.jpg 2048w\" sizes=\"auto, (max-width: 1024px) 100vw, 1024px\" \/> <img loading=\"lazy\" decoding=\"async\" class=\"alignnone size-medium wp-image-26427\" src=\"https:\/\/www.askja-on-tour.ch\/wp-content\/uploads\/2025\/04\/El_Califate_nach_Chile-058-1024x768.jpg\" alt=\"\" width=\"1024\" height=\"768\" srcset=\"https:\/\/www.askja-on-tour.ch\/wp-content\/uploads\/2025\/04\/El_Califate_nach_Chile-058-1024x768.jpg 1024w, https:\/\/www.askja-on-tour.ch\/wp-content\/uploads\/2025\/04\/El_Califate_nach_Chile-058-1600x1200.jpg 1600w, https:\/\/www.askja-on-tour.ch\/wp-content\/uploads\/2025\/04\/El_Califate_nach_Chile-058-768x576.jpg 768w, https:\/\/www.askja-on-tour.ch\/wp-content\/uploads\/2025\/04\/El_Califate_nach_Chile-058-1536x1152.jpg 1536w, https:\/\/www.askja-on-tour.ch\/wp-content\/uploads\/2025\/04\/El_Califate_nach_Chile-058.jpg 2048w\" sizes=\"auto, (max-width: 1024px) 100vw, 1024px\" \/> <img loading=\"lazy\" decoding=\"async\" class=\"alignnone size-medium wp-image-26428\" src=\"https:\/\/www.askja-on-tour.ch\/wp-content\/uploads\/2025\/04\/El_Califate_nach_Chile-059-1024x768.jpg\" alt=\"\" width=\"1024\" height=\"768\" srcset=\"https:\/\/www.askja-on-tour.ch\/wp-content\/uploads\/2025\/04\/El_Califate_nach_Chile-059-1024x768.jpg 1024w, https:\/\/www.askja-on-tour.ch\/wp-content\/uploads\/2025\/04\/El_Califate_nach_Chile-059-1600x1200.jpg 1600w, https:\/\/www.askja-on-tour.ch\/wp-content\/uploads\/2025\/04\/El_Califate_nach_Chile-059-768x576.jpg 768w, https:\/\/www.askja-on-tour.ch\/wp-content\/uploads\/2025\/04\/El_Califate_nach_Chile-059-1536x1152.jpg 1536w, https:\/\/www.askja-on-tour.ch\/wp-content\/uploads\/2025\/04\/El_Califate_nach_Chile-059.jpg 2048w\" sizes=\"auto, (max-width: 1024px) 100vw, 1024px\" \/> <img loading=\"lazy\" decoding=\"async\" class=\"alignnone size-medium wp-image-26429\" src=\"https:\/\/www.askja-on-tour.ch\/wp-content\/uploads\/2025\/04\/El_Califate_nach_Chile-060-1024x768.jpg\" alt=\"\" width=\"1024\" height=\"768\" srcset=\"https:\/\/www.askja-on-tour.ch\/wp-content\/uploads\/2025\/04\/El_Califate_nach_Chile-060-1024x768.jpg 1024w, https:\/\/www.askja-on-tour.ch\/wp-content\/uploads\/2025\/04\/El_Califate_nach_Chile-060-1600x1200.jpg 1600w, https:\/\/www.askja-on-tour.ch\/wp-content\/uploads\/2025\/04\/El_Califate_nach_Chile-060-768x576.jpg 768w, https:\/\/www.askja-on-tour.ch\/wp-content\/uploads\/2025\/04\/El_Califate_nach_Chile-060-1536x1152.jpg 1536w, https:\/\/www.askja-on-tour.ch\/wp-content\/uploads\/2025\/04\/El_Califate_nach_Chile-060.jpg 2048w\" sizes=\"auto, (max-width: 1024px) 100vw, 1024px\" \/> <img loading=\"lazy\" decoding=\"async\" class=\"alignnone size-medium wp-image-26430\" src=\"https:\/\/www.askja-on-tour.ch\/wp-content\/uploads\/2025\/04\/El_Califate_nach_Chile-061-1024x768.jpg\" alt=\"\" width=\"1024\" height=\"768\" srcset=\"https:\/\/www.askja-on-tour.ch\/wp-content\/uploads\/2025\/04\/El_Califate_nach_Chile-061-1024x768.jpg 1024w, https:\/\/www.askja-on-tour.ch\/wp-content\/uploads\/2025\/04\/El_Califate_nach_Chile-061-1600x1200.jpg 1600w, https:\/\/www.askja-on-tour.ch\/wp-content\/uploads\/2025\/04\/El_Califate_nach_Chile-061-768x576.jpg 768w, https:\/\/www.askja-on-tour.ch\/wp-content\/uploads\/2025\/04\/El_Califate_nach_Chile-061-1536x1152.jpg 1536w, https:\/\/www.askja-on-tour.ch\/wp-content\/uploads\/2025\/04\/El_Califate_nach_Chile-061.jpg 2048w\" sizes=\"auto, (max-width: 1024px) 100vw, 1024px\" \/><\/p>\n<figure id=\"attachment_26431\" aria-describedby=\"caption-attachment-26431\" style=\"width: 1024px\" class=\"wp-caption alignnone\"><img loading=\"lazy\" decoding=\"async\" class=\"size-medium wp-image-26431\" src=\"https:\/\/www.askja-on-tour.ch\/wp-content\/uploads\/2025\/04\/El_Califate_nach_Chile-062-1024x769.jpg\" alt=\"\" width=\"1024\" height=\"769\" srcset=\"https:\/\/www.askja-on-tour.ch\/wp-content\/uploads\/2025\/04\/El_Califate_nach_Chile-062-1024x769.jpg 1024w, https:\/\/www.askja-on-tour.ch\/wp-content\/uploads\/2025\/04\/El_Califate_nach_Chile-062-1600x1201.jpg 1600w, https:\/\/www.askja-on-tour.ch\/wp-content\/uploads\/2025\/04\/El_Califate_nach_Chile-062-768x576.jpg 768w, https:\/\/www.askja-on-tour.ch\/wp-content\/uploads\/2025\/04\/El_Califate_nach_Chile-062-1536x1153.jpg 1536w, https:\/\/www.askja-on-tour.ch\/wp-content\/uploads\/2025\/04\/El_Califate_nach_Chile-062.jpg 2048w\" sizes=\"auto, (max-width: 1024px) 100vw, 1024px\" \/><figcaption id=\"caption-attachment-26431\" class=\"wp-caption-text\">Caracaras unterwegs<\/figcaption><\/figure>\n<figure id=\"attachment_26432\" aria-describedby=\"caption-attachment-26432\" style=\"width: 1024px\" class=\"wp-caption alignnone\"><img loading=\"lazy\" decoding=\"async\" class=\"wp-image-26432 size-medium\" src=\"https:\/\/www.askja-on-tour.ch\/wp-content\/uploads\/2025\/04\/El_Califate_nach_Chile-063-1024x768.jpg\" alt=\"\" width=\"1024\" height=\"768\" srcset=\"https:\/\/www.askja-on-tour.ch\/wp-content\/uploads\/2025\/04\/El_Califate_nach_Chile-063-1024x768.jpg 1024w, https:\/\/www.askja-on-tour.ch\/wp-content\/uploads\/2025\/04\/El_Califate_nach_Chile-063-1600x1200.jpg 1600w, https:\/\/www.askja-on-tour.ch\/wp-content\/uploads\/2025\/04\/El_Califate_nach_Chile-063-768x576.jpg 768w, https:\/\/www.askja-on-tour.ch\/wp-content\/uploads\/2025\/04\/El_Califate_nach_Chile-063-1536x1152.jpg 1536w, https:\/\/www.askja-on-tour.ch\/wp-content\/uploads\/2025\/04\/El_Califate_nach_Chile-063.jpg 2048w\" sizes=\"auto, (max-width: 1024px) 100vw, 1024px\" \/><figcaption id=\"caption-attachment-26432\" class=\"wp-caption-text\">Herdenschutzhunde gegen Pumas<\/figcaption><\/figure>\n<p><img loading=\"lazy\" decoding=\"async\" class=\"alignnone size-medium wp-image-26433\" src=\"https:\/\/www.askja-on-tour.ch\/wp-content\/uploads\/2025\/04\/El_Califate_nach_Chile-064-1024x768.jpg\" alt=\"\" width=\"1024\" height=\"768\" srcset=\"https:\/\/www.askja-on-tour.ch\/wp-content\/uploads\/2025\/04\/El_Califate_nach_Chile-064-1024x768.jpg 1024w, https:\/\/www.askja-on-tour.ch\/wp-content\/uploads\/2025\/04\/El_Califate_nach_Chile-064-1600x1200.jpg 1600w, https:\/\/www.askja-on-tour.ch\/wp-content\/uploads\/2025\/04\/El_Califate_nach_Chile-064-768x576.jpg 768w, https:\/\/www.askja-on-tour.ch\/wp-content\/uploads\/2025\/04\/El_Califate_nach_Chile-064-1536x1152.jpg 1536w, https:\/\/www.askja-on-tour.ch\/wp-content\/uploads\/2025\/04\/El_Califate_nach_Chile-064.jpg 2048w\" sizes=\"auto, (max-width: 1024px) 100vw, 1024px\" \/> <img loading=\"lazy\" decoding=\"async\" class=\"alignnone size-medium wp-image-26434\" src=\"https:\/\/www.askja-on-tour.ch\/wp-content\/uploads\/2025\/04\/El_Califate_nach_Chile-065-1024x768.jpg\" alt=\"\" width=\"1024\" height=\"768\" srcset=\"https:\/\/www.askja-on-tour.ch\/wp-content\/uploads\/2025\/04\/El_Califate_nach_Chile-065-1024x768.jpg 1024w, https:\/\/www.askja-on-tour.ch\/wp-content\/uploads\/2025\/04\/El_Califate_nach_Chile-065-1600x1200.jpg 1600w, https:\/\/www.askja-on-tour.ch\/wp-content\/uploads\/2025\/04\/El_Califate_nach_Chile-065-768x576.jpg 768w, https:\/\/www.askja-on-tour.ch\/wp-content\/uploads\/2025\/04\/El_Califate_nach_Chile-065-1536x1152.jpg 1536w, https:\/\/www.askja-on-tour.ch\/wp-content\/uploads\/2025\/04\/El_Califate_nach_Chile-065.jpg 2048w\" sizes=\"auto, (max-width: 1024px) 100vw, 1024px\" \/> <img loading=\"lazy\" decoding=\"async\" class=\"alignnone size-medium wp-image-26435\" src=\"https:\/\/www.askja-on-tour.ch\/wp-content\/uploads\/2025\/04\/El_Califate_nach_Chile-066-1024x768.jpg\" alt=\"\" width=\"1024\" height=\"768\" srcset=\"https:\/\/www.askja-on-tour.ch\/wp-content\/uploads\/2025\/04\/El_Califate_nach_Chile-066-1024x768.jpg 1024w, https:\/\/www.askja-on-tour.ch\/wp-content\/uploads\/2025\/04\/El_Califate_nach_Chile-066-1600x1200.jpg 1600w, https:\/\/www.askja-on-tour.ch\/wp-content\/uploads\/2025\/04\/El_Califate_nach_Chile-066-768x576.jpg 768w, https:\/\/www.askja-on-tour.ch\/wp-content\/uploads\/2025\/04\/El_Califate_nach_Chile-066-1536x1152.jpg 1536w, https:\/\/www.askja-on-tour.ch\/wp-content\/uploads\/2025\/04\/El_Califate_nach_Chile-066.jpg 2048w\" sizes=\"auto, (max-width: 1024px) 100vw, 1024px\" \/><\/p>\n<figure id=\"attachment_26436\" aria-describedby=\"caption-attachment-26436\" style=\"width: 1024px\" class=\"wp-caption alignnone\"><img loading=\"lazy\" decoding=\"async\" class=\"size-medium wp-image-26436\" src=\"https:\/\/www.askja-on-tour.ch\/wp-content\/uploads\/2025\/04\/El_Califate_nach_Chile-067-1024x768.jpg\" alt=\"\" width=\"1024\" height=\"768\" srcset=\"https:\/\/www.askja-on-tour.ch\/wp-content\/uploads\/2025\/04\/El_Califate_nach_Chile-067-1024x768.jpg 1024w, https:\/\/www.askja-on-tour.ch\/wp-content\/uploads\/2025\/04\/El_Califate_nach_Chile-067-1600x1200.jpg 1600w, https:\/\/www.askja-on-tour.ch\/wp-content\/uploads\/2025\/04\/El_Califate_nach_Chile-067-768x576.jpg 768w, https:\/\/www.askja-on-tour.ch\/wp-content\/uploads\/2025\/04\/El_Califate_nach_Chile-067-1536x1152.jpg 1536w, https:\/\/www.askja-on-tour.ch\/wp-content\/uploads\/2025\/04\/El_Califate_nach_Chile-067.jpg 2048w\" sizes=\"auto, (max-width: 1024px) 100vw, 1024px\" \/><figcaption id=\"caption-attachment-26436\" class=\"wp-caption-text\">Spannende Felsen in unterschiedlichen Farbt\u00f6nen<\/figcaption><\/figure>\n<figure id=\"attachment_26437\" aria-describedby=\"caption-attachment-26437\" style=\"width: 1024px\" class=\"wp-caption alignnone\"><img loading=\"lazy\" decoding=\"async\" class=\"size-medium wp-image-26437\" src=\"https:\/\/www.askja-on-tour.ch\/wp-content\/uploads\/2025\/04\/El_Califate_nach_Chile-068-1024x769.jpg\" alt=\"\" width=\"1024\" height=\"769\" srcset=\"https:\/\/www.askja-on-tour.ch\/wp-content\/uploads\/2025\/04\/El_Califate_nach_Chile-068-1024x769.jpg 1024w, https:\/\/www.askja-on-tour.ch\/wp-content\/uploads\/2025\/04\/El_Califate_nach_Chile-068-1600x1201.jpg 1600w, https:\/\/www.askja-on-tour.ch\/wp-content\/uploads\/2025\/04\/El_Califate_nach_Chile-068-768x576.jpg 768w, https:\/\/www.askja-on-tour.ch\/wp-content\/uploads\/2025\/04\/El_Califate_nach_Chile-068-1536x1153.jpg 1536w, https:\/\/www.askja-on-tour.ch\/wp-content\/uploads\/2025\/04\/El_Califate_nach_Chile-068.jpg 2048w\" sizes=\"auto, (max-width: 1024px) 100vw, 1024px\" \/><figcaption id=\"caption-attachment-26437\" class=\"wp-caption-text\">\u00dcberall Condore, welche die Termik ausnutzten<\/figcaption><\/figure>\n<p><img loading=\"lazy\" decoding=\"async\" class=\"alignnone size-medium wp-image-26438\" src=\"https:\/\/www.askja-on-tour.ch\/wp-content\/uploads\/2025\/04\/El_Califate_nach_Chile-069-1024x768.jpg\" alt=\"\" width=\"1024\" height=\"768\" srcset=\"https:\/\/www.askja-on-tour.ch\/wp-content\/uploads\/2025\/04\/El_Califate_nach_Chile-069-1024x768.jpg 1024w, https:\/\/www.askja-on-tour.ch\/wp-content\/uploads\/2025\/04\/El_Califate_nach_Chile-069-1600x1200.jpg 1600w, https:\/\/www.askja-on-tour.ch\/wp-content\/uploads\/2025\/04\/El_Califate_nach_Chile-069-768x576.jpg 768w, https:\/\/www.askja-on-tour.ch\/wp-content\/uploads\/2025\/04\/El_Califate_nach_Chile-069-1536x1152.jpg 1536w, https:\/\/www.askja-on-tour.ch\/wp-content\/uploads\/2025\/04\/El_Califate_nach_Chile-069.jpg 2048w\" sizes=\"auto, (max-width: 1024px) 100vw, 1024px\" \/> <img loading=\"lazy\" decoding=\"async\" class=\"alignnone size-medium wp-image-26439\" src=\"https:\/\/www.askja-on-tour.ch\/wp-content\/uploads\/2025\/04\/El_Califate_nach_Chile-070-1024x768.jpg\" alt=\"\" width=\"1024\" height=\"768\" srcset=\"https:\/\/www.askja-on-tour.ch\/wp-content\/uploads\/2025\/04\/El_Califate_nach_Chile-070-1024x768.jpg 1024w, https:\/\/www.askja-on-tour.ch\/wp-content\/uploads\/2025\/04\/El_Califate_nach_Chile-070-1600x1200.jpg 1600w, https:\/\/www.askja-on-tour.ch\/wp-content\/uploads\/2025\/04\/El_Califate_nach_Chile-070-768x576.jpg 768w, https:\/\/www.askja-on-tour.ch\/wp-content\/uploads\/2025\/04\/El_Califate_nach_Chile-070-1536x1152.jpg 1536w, https:\/\/www.askja-on-tour.ch\/wp-content\/uploads\/2025\/04\/El_Califate_nach_Chile-070.jpg 2048w\" sizes=\"auto, (max-width: 1024px) 100vw, 1024px\" \/> <img loading=\"lazy\" decoding=\"async\" class=\"alignnone size-medium wp-image-26440\" src=\"https:\/\/www.askja-on-tour.ch\/wp-content\/uploads\/2025\/04\/El_Califate_nach_Chile-071-1024x768.jpg\" alt=\"\" width=\"1024\" height=\"768\" srcset=\"https:\/\/www.askja-on-tour.ch\/wp-content\/uploads\/2025\/04\/El_Califate_nach_Chile-071-1024x768.jpg 1024w, https:\/\/www.askja-on-tour.ch\/wp-content\/uploads\/2025\/04\/El_Califate_nach_Chile-071-1600x1200.jpg 1600w, https:\/\/www.askja-on-tour.ch\/wp-content\/uploads\/2025\/04\/El_Califate_nach_Chile-071-768x576.jpg 768w, https:\/\/www.askja-on-tour.ch\/wp-content\/uploads\/2025\/04\/El_Califate_nach_Chile-071-1536x1152.jpg 1536w, https:\/\/www.askja-on-tour.ch\/wp-content\/uploads\/2025\/04\/El_Califate_nach_Chile-071.jpg 2048w\" sizes=\"auto, (max-width: 1024px) 100vw, 1024px\" \/><\/p>\n<figure id=\"attachment_26442\" aria-describedby=\"caption-attachment-26442\" style=\"width: 1024px\" class=\"wp-caption alignnone\"><img loading=\"lazy\" decoding=\"async\" class=\"size-medium wp-image-26442\" src=\"https:\/\/www.askja-on-tour.ch\/wp-content\/uploads\/2025\/04\/El_Califate_nach_Chile-073-1024x768.jpg\" alt=\"\" width=\"1024\" height=\"768\" srcset=\"https:\/\/www.askja-on-tour.ch\/wp-content\/uploads\/2025\/04\/El_Califate_nach_Chile-073-1024x768.jpg 1024w, https:\/\/www.askja-on-tour.ch\/wp-content\/uploads\/2025\/04\/El_Califate_nach_Chile-073-1600x1200.jpg 1600w, https:\/\/www.askja-on-tour.ch\/wp-content\/uploads\/2025\/04\/El_Califate_nach_Chile-073-768x576.jpg 768w, https:\/\/www.askja-on-tour.ch\/wp-content\/uploads\/2025\/04\/El_Califate_nach_Chile-073-1536x1152.jpg 1536w, https:\/\/www.askja-on-tour.ch\/wp-content\/uploads\/2025\/04\/El_Califate_nach_Chile-073.jpg 2048w\" sizes=\"auto, (max-width: 1024px) 100vw, 1024px\" \/><figcaption id=\"caption-attachment-26442\" class=\"wp-caption-text\">Die argentinische Grenzstation am Passo Rodolfo Roballos<\/figcaption><\/figure>\n<p><img loading=\"lazy\" decoding=\"async\" class=\"alignnone size-medium wp-image-26443\" src=\"https:\/\/www.askja-on-tour.ch\/wp-content\/uploads\/2025\/04\/El_Califate_nach_Chile-074-1024x768.jpg\" alt=\"\" width=\"1024\" height=\"768\" srcset=\"https:\/\/www.askja-on-tour.ch\/wp-content\/uploads\/2025\/04\/El_Califate_nach_Chile-074-1024x768.jpg 1024w, https:\/\/www.askja-on-tour.ch\/wp-content\/uploads\/2025\/04\/El_Califate_nach_Chile-074-1600x1200.jpg 1600w, https:\/\/www.askja-on-tour.ch\/wp-content\/uploads\/2025\/04\/El_Califate_nach_Chile-074-768x576.jpg 768w, https:\/\/www.askja-on-tour.ch\/wp-content\/uploads\/2025\/04\/El_Califate_nach_Chile-074-1536x1152.jpg 1536w, https:\/\/www.askja-on-tour.ch\/wp-content\/uploads\/2025\/04\/El_Califate_nach_Chile-074.jpg 2048w\" sizes=\"auto, (max-width: 1024px) 100vw, 1024px\" \/><\/p>\n<figure id=\"attachment_26445\" aria-describedby=\"caption-attachment-26445\" style=\"width: 1024px\" class=\"wp-caption alignnone\"><img loading=\"lazy\" decoding=\"async\" class=\"size-medium wp-image-26445\" src=\"https:\/\/www.askja-on-tour.ch\/wp-content\/uploads\/2025\/04\/El_Califate_nach_Chile-076-1024x768.jpg\" alt=\"\" width=\"1024\" height=\"768\" srcset=\"https:\/\/www.askja-on-tour.ch\/wp-content\/uploads\/2025\/04\/El_Califate_nach_Chile-076-1024x768.jpg 1024w, https:\/\/www.askja-on-tour.ch\/wp-content\/uploads\/2025\/04\/El_Califate_nach_Chile-076-1600x1200.jpg 1600w, https:\/\/www.askja-on-tour.ch\/wp-content\/uploads\/2025\/04\/El_Califate_nach_Chile-076-768x576.jpg 768w, https:\/\/www.askja-on-tour.ch\/wp-content\/uploads\/2025\/04\/El_Califate_nach_Chile-076-1536x1152.jpg 1536w, https:\/\/www.askja-on-tour.ch\/wp-content\/uploads\/2025\/04\/El_Califate_nach_Chile-076.jpg 2048w\" sizes=\"auto, (max-width: 1024px) 100vw, 1024px\" \/><figcaption id=\"caption-attachment-26445\" class=\"wp-caption-text\">&#8230; und hier die chilenische Grenzstation<\/figcaption><\/figure>\n<p>\u00a0<\/p>\n<p>Ab der Grenze Chiles wird die RP 41 zur X-83 und f\u00fchrt durch den sehr sch\u00f6nen Nationalpark Patagonia.<\/p>\n<p><img loading=\"lazy\" decoding=\"async\" class=\"alignnone size-medium wp-image-26444\" src=\"https:\/\/www.askja-on-tour.ch\/wp-content\/uploads\/2025\/04\/El_Califate_nach_Chile-075-1024x768.jpg\" alt=\"\" width=\"1024\" height=\"768\" srcset=\"https:\/\/www.askja-on-tour.ch\/wp-content\/uploads\/2025\/04\/El_Califate_nach_Chile-075-1024x768.jpg 1024w, https:\/\/www.askja-on-tour.ch\/wp-content\/uploads\/2025\/04\/El_Califate_nach_Chile-075-1600x1200.jpg 1600w, https:\/\/www.askja-on-tour.ch\/wp-content\/uploads\/2025\/04\/El_Califate_nach_Chile-075-768x576.jpg 768w, https:\/\/www.askja-on-tour.ch\/wp-content\/uploads\/2025\/04\/El_Califate_nach_Chile-075-1536x1152.jpg 1536w, https:\/\/www.askja-on-tour.ch\/wp-content\/uploads\/2025\/04\/El_Califate_nach_Chile-075.jpg 2048w\" sizes=\"auto, (max-width: 1024px) 100vw, 1024px\" \/><\/p>\n<figure id=\"attachment_26446\" aria-describedby=\"caption-attachment-26446\" style=\"width: 1024px\" class=\"wp-caption alignnone\"><img loading=\"lazy\" decoding=\"async\" class=\"size-medium wp-image-26446\" src=\"https:\/\/www.askja-on-tour.ch\/wp-content\/uploads\/2025\/04\/El_Califate_nach_Chile-077-1024x768.jpg\" alt=\"\" width=\"1024\" height=\"768\" srcset=\"https:\/\/www.askja-on-tour.ch\/wp-content\/uploads\/2025\/04\/El_Califate_nach_Chile-077-1024x768.jpg 1024w, https:\/\/www.askja-on-tour.ch\/wp-content\/uploads\/2025\/04\/El_Califate_nach_Chile-077-1600x1200.jpg 1600w, https:\/\/www.askja-on-tour.ch\/wp-content\/uploads\/2025\/04\/El_Califate_nach_Chile-077-768x576.jpg 768w, https:\/\/www.askja-on-tour.ch\/wp-content\/uploads\/2025\/04\/El_Califate_nach_Chile-077-1536x1152.jpg 1536w, https:\/\/www.askja-on-tour.ch\/wp-content\/uploads\/2025\/04\/El_Califate_nach_Chile-077.jpg 2048w\" sizes=\"auto, (max-width: 1024px) 100vw, 1024px\" \/><figcaption id=\"caption-attachment-26446\" class=\"wp-caption-text\">&#8230; und eine weitere tierische Verkehrstafel<\/figcaption><\/figure>\n<p>Die Nacht verbringen wir auf dem Parkplatz des Casa Piedra Campings, da in einem Nationalpark nicht einfach irgendwo frei in der Natur gestanden werden darf. Doch der Platz ist sehr sch\u00f6n, v.a. die ganze Anlage f\u00fcr alle, welche mit dem Zelt reisen.<\/p>\n<figure id=\"attachment_26447\" aria-describedby=\"caption-attachment-26447\" style=\"width: 1024px\" class=\"wp-caption alignnone\"><img loading=\"lazy\" decoding=\"async\" class=\"size-medium wp-image-26447\" src=\"https:\/\/www.askja-on-tour.ch\/wp-content\/uploads\/2025\/04\/El_Califate_nach_Chile-078-1024x768.jpg\" alt=\"\" width=\"1024\" height=\"768\" srcset=\"https:\/\/www.askja-on-tour.ch\/wp-content\/uploads\/2025\/04\/El_Califate_nach_Chile-078-1024x768.jpg 1024w, https:\/\/www.askja-on-tour.ch\/wp-content\/uploads\/2025\/04\/El_Califate_nach_Chile-078-1600x1200.jpg 1600w, https:\/\/www.askja-on-tour.ch\/wp-content\/uploads\/2025\/04\/El_Califate_nach_Chile-078-768x576.jpg 768w, https:\/\/www.askja-on-tour.ch\/wp-content\/uploads\/2025\/04\/El_Califate_nach_Chile-078-1536x1152.jpg 1536w, https:\/\/www.askja-on-tour.ch\/wp-content\/uploads\/2025\/04\/El_Califate_nach_Chile-078.jpg 2048w\" sizes=\"auto, (max-width: 1024px) 100vw, 1024px\" \/><figcaption id=\"caption-attachment-26447\" class=\"wp-caption-text\">Unser Platz beim Casa Piedra Camping<\/figcaption><\/figure>\n<p><img loading=\"lazy\" decoding=\"async\" class=\"alignnone size-medium wp-image-26448\" src=\"https:\/\/www.askja-on-tour.ch\/wp-content\/uploads\/2025\/04\/El_Califate_nach_Chile-079-1024x768.jpg\" alt=\"\" width=\"1024\" height=\"768\" srcset=\"https:\/\/www.askja-on-tour.ch\/wp-content\/uploads\/2025\/04\/El_Califate_nach_Chile-079-1024x768.jpg 1024w, https:\/\/www.askja-on-tour.ch\/wp-content\/uploads\/2025\/04\/El_Califate_nach_Chile-079-1600x1200.jpg 1600w, https:\/\/www.askja-on-tour.ch\/wp-content\/uploads\/2025\/04\/El_Califate_nach_Chile-079-768x576.jpg 768w, https:\/\/www.askja-on-tour.ch\/wp-content\/uploads\/2025\/04\/El_Califate_nach_Chile-079-1536x1152.jpg 1536w, https:\/\/www.askja-on-tour.ch\/wp-content\/uploads\/2025\/04\/El_Califate_nach_Chile-079.jpg 2048w\" sizes=\"auto, (max-width: 1024px) 100vw, 1024px\" \/><\/p>\n<figure id=\"attachment_26449\" aria-describedby=\"caption-attachment-26449\" style=\"width: 1024px\" class=\"wp-caption alignnone\"><img loading=\"lazy\" decoding=\"async\" class=\"size-medium wp-image-26449\" src=\"https:\/\/www.askja-on-tour.ch\/wp-content\/uploads\/2025\/04\/El_Califate_nach_Chile-080-1024x768.jpg\" alt=\"\" width=\"1024\" height=\"768\" srcset=\"https:\/\/www.askja-on-tour.ch\/wp-content\/uploads\/2025\/04\/El_Califate_nach_Chile-080-1024x768.jpg 1024w, https:\/\/www.askja-on-tour.ch\/wp-content\/uploads\/2025\/04\/El_Califate_nach_Chile-080-1600x1200.jpg 1600w, https:\/\/www.askja-on-tour.ch\/wp-content\/uploads\/2025\/04\/El_Califate_nach_Chile-080-768x576.jpg 768w, https:\/\/www.askja-on-tour.ch\/wp-content\/uploads\/2025\/04\/El_Califate_nach_Chile-080-1536x1152.jpg 1536w, https:\/\/www.askja-on-tour.ch\/wp-content\/uploads\/2025\/04\/El_Califate_nach_Chile-080.jpg 2048w\" sizes=\"auto, (max-width: 1024px) 100vw, 1024px\" \/><figcaption id=\"caption-attachment-26449\" class=\"wp-caption-text\">Ein Ap\u00e9ro mit Aussicht<\/figcaption><\/figure>\n<p>Und morgen geht es dann weiter auf die Carretera Austral.<\/p>\n","protected":false},"excerpt":{"rendered":"<p>Die aktuelle Karte unserer Reise Ein weiterer Touristen-Hotspot ist sicher der Nationalpark Los Glaciares in Argentinien mit den Klassikern Perito-Moreno-Gletscher und dem Fitzroy. Der Perito-Moreno-Gletscher ist gut von der Stadt El Calafate zu erreichen. Wir haben f\u00fcr unsere Erledigungen, die<\/p>\n","protected":false},"author":3,"featured_media":0,"comment_status":"open","ping_status":"closed","sticky":false,"template":"","format":"standard","meta":{"footnotes":""},"categories":[54,57],"tags":[],"class_list":["post-26369","post","type-post","status-publish","format-standard","hentry","category-argentinien_2025","category-chile_2025"],"_links":{"self":[{"href":"https:\/\/www.askja-on-tour.ch\/index.php?rest_route=\/wp\/v2\/posts\/26369","targetHints":{"allow":["GET"]}}],"collection":[{"href":"https:\/\/www.askja-on-tour.ch\/index.php?rest_route=\/wp\/v2\/posts"}],"about":[{"href":"https:\/\/www.askja-on-tour.ch\/index.php?rest_route=\/wp\/v2\/types\/post"}],"author":[{"embeddable":true,"href":"https:\/\/www.askja-on-tour.ch\/index.php?rest_route=\/wp\/v2\/users\/3"}],"replies":[{"embeddable":true,"href":"https:\/\/www.askja-on-tour.ch\/index.php?rest_route=%2Fwp%2Fv2%2Fcomments&post=26369"}],"version-history":[{"count":4,"href":"https:\/\/www.askja-on-tour.ch\/index.php?rest_route=\/wp\/v2\/posts\/26369\/revisions"}],"predecessor-version":[{"id":26457,"href":"https:\/\/www.askja-on-tour.ch\/index.php?rest_route=\/wp\/v2\/posts\/26369\/revisions\/26457"}],"wp:attachment":[{"href":"https:\/\/www.askja-on-tour.ch\/index.php?rest_route=%2Fwp%2Fv2%2Fmedia&parent=26369"}],"wp:term":[{"taxonomy":"category","embeddable":true,"href":"https:\/\/www.askja-on-tour.ch\/index.php?rest_route=%2Fwp%2Fv2%2Fcategories&post=26369"},{"taxonomy":"post_tag","embeddable":true,"href":"https:\/\/www.askja-on-tour.ch\/index.php?rest_route=%2Fwp%2Fv2%2Ftags&post=26369"}],"curies":[{"name":"wp","href":"https:\/\/api.w.org\/{rel}","templated":true}]}}