{"id":26298,"date":"2025-03-29T22:27:17","date_gmt":"2025-03-29T22:27:17","guid":{"rendered":"https:\/\/www.askja-on-tour.ch\/?p=26298"},"modified":"2025-03-29T22:27:18","modified_gmt":"2025-03-29T22:27:18","slug":"23-03-27-03-2025-zum-und-im-torres-del-paine-der-nationalpark-in-chile","status":"publish","type":"post","link":"https:\/\/www.askja-on-tour.ch\/?p=26298","title":{"rendered":"23.03. \u2013 27.03.2025: Zum und im Torres del Paine \u2013 DER Nationalpark in Chile"},"content":{"rendered":"\n<p>Fr\u00fch morgens fuhren wir zum Torres del Paine Nationalpark.<\/p>\n<p><img loading=\"lazy\" decoding=\"async\" class=\"alignnone size-medium wp-image-26301\" src=\"https:\/\/www.askja-on-tour.ch\/wp-content\/uploads\/2025\/03\/Torres_del_Paine-002-1024x768.jpg\" alt=\"\" width=\"1024\" height=\"768\" srcset=\"https:\/\/www.askja-on-tour.ch\/wp-content\/uploads\/2025\/03\/Torres_del_Paine-002-1024x768.jpg 1024w, https:\/\/www.askja-on-tour.ch\/wp-content\/uploads\/2025\/03\/Torres_del_Paine-002-1600x1200.jpg 1600w, https:\/\/www.askja-on-tour.ch\/wp-content\/uploads\/2025\/03\/Torres_del_Paine-002-768x576.jpg 768w, https:\/\/www.askja-on-tour.ch\/wp-content\/uploads\/2025\/03\/Torres_del_Paine-002-1536x1152.jpg 1536w, https:\/\/www.askja-on-tour.ch\/wp-content\/uploads\/2025\/03\/Torres_del_Paine-002.jpg 2048w\" sizes=\"auto, (max-width: 1024px) 100vw, 1024px\" \/><\/p>\n<figure id=\"attachment_26302\" aria-describedby=\"caption-attachment-26302\" style=\"width: 768px\" class=\"wp-caption alignnone\"><img loading=\"lazy\" decoding=\"async\" class=\"size-medium wp-image-26302\" src=\"https:\/\/www.askja-on-tour.ch\/wp-content\/uploads\/2025\/03\/Torres_del_Paine-003-768x1024.jpg\" alt=\"\" width=\"768\" height=\"1024\" srcset=\"https:\/\/www.askja-on-tour.ch\/wp-content\/uploads\/2025\/03\/Torres_del_Paine-003-768x1024.jpg 768w, https:\/\/www.askja-on-tour.ch\/wp-content\/uploads\/2025\/03\/Torres_del_Paine-003-1200x1600.jpg 1200w, https:\/\/www.askja-on-tour.ch\/wp-content\/uploads\/2025\/03\/Torres_del_Paine-003-1152x1536.jpg 1152w, https:\/\/www.askja-on-tour.ch\/wp-content\/uploads\/2025\/03\/Torres_del_Paine-003.jpg 1536w\" sizes=\"auto, (max-width: 768px) 100vw, 768px\" \/><figcaption id=\"caption-attachment-26302\" class=\"wp-caption-text\">Und Gauchito Gil wacht auch hier \u00fcber uns<\/figcaption><\/figure>\n<p>Der Nationalpark ist 1&#8217;814 km<sup>2<\/sup> gross und beeindruckt mit seiner vielf\u00e4ltigen Landschaft mit Seen, Berge, Fl\u00fcsse, Gletscher, W\u00e4lder; aber auch der Hoffnung, Pumas zu sehen. Der Hauptanziehungspunkt sind die \u201eTorres del Paine\u201c, denen der Park auch seinen Namen verdankt. Es sind drei in den Himmel ragende Granitnadeln. In der indigenen Sprache heisst Torres del Paine so viel wie \u201eT\u00fcrme des blauen Himmels\u201c \u2013 diesem Namen werden die drei T\u00fcrme besonders bei sonnigem Wetter gerecht.<\/p>\n<p><img loading=\"lazy\" decoding=\"async\" class=\"alignnone size-medium wp-image-26352\" src=\"https:\/\/www.askja-on-tour.ch\/wp-content\/uploads\/2025\/03\/Torres_del_Paine-054-1024x768.jpg\" alt=\"\" width=\"1024\" height=\"768\" srcset=\"https:\/\/www.askja-on-tour.ch\/wp-content\/uploads\/2025\/03\/Torres_del_Paine-054-1024x768.jpg 1024w, https:\/\/www.askja-on-tour.ch\/wp-content\/uploads\/2025\/03\/Torres_del_Paine-054-1600x1200.jpg 1600w, https:\/\/www.askja-on-tour.ch\/wp-content\/uploads\/2025\/03\/Torres_del_Paine-054-768x576.jpg 768w, https:\/\/www.askja-on-tour.ch\/wp-content\/uploads\/2025\/03\/Torres_del_Paine-054-1536x1152.jpg 1536w, https:\/\/www.askja-on-tour.ch\/wp-content\/uploads\/2025\/03\/Torres_del_Paine-054.jpg 2048w\" sizes=\"auto, (max-width: 1024px) 100vw, 1024px\" \/><\/p>\n<p>Am ersten Tag, d.h. unmittelbar nach Ankunft im Park, haben wir haben einen gem\u00fctlichen Spaziergang zum Lago Grey gemacht, von wo aus wir den Grey-Gletscher sehen konnten.<\/p>\n<figure id=\"attachment_26303\" aria-describedby=\"caption-attachment-26303\" style=\"width: 1024px\" class=\"wp-caption alignnone\"><img loading=\"lazy\" decoding=\"async\" class=\"size-medium wp-image-26303\" src=\"https:\/\/www.askja-on-tour.ch\/wp-content\/uploads\/2025\/03\/Torres_del_Paine-004-1024x768.jpg\" alt=\"\" width=\"1024\" height=\"768\" srcset=\"https:\/\/www.askja-on-tour.ch\/wp-content\/uploads\/2025\/03\/Torres_del_Paine-004-1024x768.jpg 1024w, https:\/\/www.askja-on-tour.ch\/wp-content\/uploads\/2025\/03\/Torres_del_Paine-004-1600x1200.jpg 1600w, https:\/\/www.askja-on-tour.ch\/wp-content\/uploads\/2025\/03\/Torres_del_Paine-004-768x576.jpg 768w, https:\/\/www.askja-on-tour.ch\/wp-content\/uploads\/2025\/03\/Torres_del_Paine-004-1536x1152.jpg 1536w, https:\/\/www.askja-on-tour.ch\/wp-content\/uploads\/2025\/03\/Torres_del_Paine-004.jpg 2048w\" sizes=\"auto, (max-width: 1024px) 100vw, 1024px\" \/><figcaption id=\"caption-attachment-26303\" class=\"wp-caption-text\">Die Berglandschaft des Nationalparks<\/figcaption><\/figure>\n<p><img loading=\"lazy\" decoding=\"async\" class=\"alignnone size-medium wp-image-26304\" src=\"https:\/\/www.askja-on-tour.ch\/wp-content\/uploads\/2025\/03\/Torres_del_Paine-005-1024x768.jpg\" alt=\"\" width=\"1024\" height=\"768\" srcset=\"https:\/\/www.askja-on-tour.ch\/wp-content\/uploads\/2025\/03\/Torres_del_Paine-005-1024x768.jpg 1024w, https:\/\/www.askja-on-tour.ch\/wp-content\/uploads\/2025\/03\/Torres_del_Paine-005-1600x1200.jpg 1600w, https:\/\/www.askja-on-tour.ch\/wp-content\/uploads\/2025\/03\/Torres_del_Paine-005-768x576.jpg 768w, https:\/\/www.askja-on-tour.ch\/wp-content\/uploads\/2025\/03\/Torres_del_Paine-005-1536x1152.jpg 1536w, https:\/\/www.askja-on-tour.ch\/wp-content\/uploads\/2025\/03\/Torres_del_Paine-005.jpg 2048w\" sizes=\"auto, (max-width: 1024px) 100vw, 1024px\" \/> <img loading=\"lazy\" decoding=\"async\" class=\"alignnone size-medium wp-image-26305\" src=\"https:\/\/www.askja-on-tour.ch\/wp-content\/uploads\/2025\/03\/Torres_del_Paine-006-1024x768.jpg\" alt=\"\" width=\"1024\" height=\"768\" srcset=\"https:\/\/www.askja-on-tour.ch\/wp-content\/uploads\/2025\/03\/Torres_del_Paine-006-1024x768.jpg 1024w, https:\/\/www.askja-on-tour.ch\/wp-content\/uploads\/2025\/03\/Torres_del_Paine-006-1600x1200.jpg 1600w, https:\/\/www.askja-on-tour.ch\/wp-content\/uploads\/2025\/03\/Torres_del_Paine-006-768x576.jpg 768w, https:\/\/www.askja-on-tour.ch\/wp-content\/uploads\/2025\/03\/Torres_del_Paine-006-1536x1152.jpg 1536w, https:\/\/www.askja-on-tour.ch\/wp-content\/uploads\/2025\/03\/Torres_del_Paine-006.jpg 2048w\" sizes=\"auto, (max-width: 1024px) 100vw, 1024px\" \/><\/p>\n<figure id=\"attachment_26306\" aria-describedby=\"caption-attachment-26306\" style=\"width: 1024px\" class=\"wp-caption alignnone\"><img loading=\"lazy\" decoding=\"async\" class=\"size-medium wp-image-26306\" src=\"https:\/\/www.askja-on-tour.ch\/wp-content\/uploads\/2025\/03\/Torres_del_Paine-007-1024x768.jpg\" alt=\"\" width=\"1024\" height=\"768\" srcset=\"https:\/\/www.askja-on-tour.ch\/wp-content\/uploads\/2025\/03\/Torres_del_Paine-007-1024x768.jpg 1024w, https:\/\/www.askja-on-tour.ch\/wp-content\/uploads\/2025\/03\/Torres_del_Paine-007-1600x1200.jpg 1600w, https:\/\/www.askja-on-tour.ch\/wp-content\/uploads\/2025\/03\/Torres_del_Paine-007-768x576.jpg 768w, https:\/\/www.askja-on-tour.ch\/wp-content\/uploads\/2025\/03\/Torres_del_Paine-007-1536x1152.jpg 1536w, https:\/\/www.askja-on-tour.ch\/wp-content\/uploads\/2025\/03\/Torres_del_Paine-007.jpg 2048w\" sizes=\"auto, (max-width: 1024px) 100vw, 1024px\" \/><figcaption id=\"caption-attachment-26306\" class=\"wp-caption-text\">Lake Grey<\/figcaption><\/figure>\n<figure id=\"attachment_26366\" aria-describedby=\"caption-attachment-26366\" style=\"width: 1024px\" class=\"wp-caption alignnone\"><img loading=\"lazy\" decoding=\"async\" class=\"wp-image-26366 size-medium\" src=\"https:\/\/www.askja-on-tour.ch\/wp-content\/uploads\/2025\/03\/Gray_Gletscher-001-1024x768.jpg\" alt=\"\" width=\"1024\" height=\"768\" srcset=\"https:\/\/www.askja-on-tour.ch\/wp-content\/uploads\/2025\/03\/Gray_Gletscher-001-1024x768.jpg 1024w, https:\/\/www.askja-on-tour.ch\/wp-content\/uploads\/2025\/03\/Gray_Gletscher-001-1600x1200.jpg 1600w, https:\/\/www.askja-on-tour.ch\/wp-content\/uploads\/2025\/03\/Gray_Gletscher-001-768x576.jpg 768w, https:\/\/www.askja-on-tour.ch\/wp-content\/uploads\/2025\/03\/Gray_Gletscher-001-1536x1152.jpg 1536w, https:\/\/www.askja-on-tour.ch\/wp-content\/uploads\/2025\/03\/Gray_Gletscher-001.jpg 2048w\" sizes=\"auto, (max-width: 1024px) 100vw, 1024px\" \/><figcaption id=\"caption-attachment-26366\" class=\"wp-caption-text\">Sicht auf den Grey Gletscher<\/figcaption><\/figure>\n<p>Im Nationalpark gibt es einige wenige M\u00f6glichkeiten, wo man offiziell mit dem Camper stehen darf, so zum Beispiel bei der Parkadministration\/Besucherzentrum.<\/p>\n<p>Am n\u00e4chsten Tag ging es zum Salto Grande Wasserfall und weiter zum Cuernos (H\u00f6rner) Lookout. Der Salto Grande ist der gr\u00f6sste Wasserfall im Torres del Paine Nationalpark und fliesst vom Lago Nordenskj\u00f6ld in den Lago Peho\u00e9, wobei er einen tiefen Canyon ausbildet. Unweit des Wasserfalls befindet sich der Mirador Cuernos, ein idyllischer Aussichtspunkt am Lago Nordenskj\u00f6ld mit pr\u00e4chtigem Ausblick auf die Gipfel der Cuernos und des Paine Grande. Die Wanderung f\u00fchrt \u00fcber gut 7 km durch eine sch\u00f6ne Moorlandschaft. Sie wirkt sehr mystisch, weil es so viele abgestorbene Baumst\u00e4mme hat, die das ganze sehr bizarr erscheinen lassen. Der Grund sind zwei verheerende Waldbr\u00e4nde: Am 17. Februar 2005 brach ein Waldbrand im Park aus. Dabei wurden mehr als 15\u2019000 Hektar Wald vernichtet. Ein weiteres Feuer Ende Dezember 2011\/Anfang 2012 zerst\u00f6rte \u00fcber 14\u2019000 Hektar Wald. Beide Br\u00e4nde wurden von Touristen durch Unachtsamkeit verursacht.<\/p>\n<p><img loading=\"lazy\" decoding=\"async\" class=\"alignnone size-medium wp-image-26308\" src=\"https:\/\/www.askja-on-tour.ch\/wp-content\/uploads\/2025\/03\/Torres_del_Paine-009-1024x768.jpg\" alt=\"\" width=\"1024\" height=\"768\" srcset=\"https:\/\/www.askja-on-tour.ch\/wp-content\/uploads\/2025\/03\/Torres_del_Paine-009-1024x768.jpg 1024w, https:\/\/www.askja-on-tour.ch\/wp-content\/uploads\/2025\/03\/Torres_del_Paine-009-1600x1200.jpg 1600w, https:\/\/www.askja-on-tour.ch\/wp-content\/uploads\/2025\/03\/Torres_del_Paine-009-768x576.jpg 768w, https:\/\/www.askja-on-tour.ch\/wp-content\/uploads\/2025\/03\/Torres_del_Paine-009-1536x1152.jpg 1536w, https:\/\/www.askja-on-tour.ch\/wp-content\/uploads\/2025\/03\/Torres_del_Paine-009.jpg 2048w\" sizes=\"auto, (max-width: 1024px) 100vw, 1024px\" \/><\/p>\n<figure id=\"attachment_26309\" aria-describedby=\"caption-attachment-26309\" style=\"width: 1024px\" class=\"wp-caption alignnone\"><img loading=\"lazy\" decoding=\"async\" class=\"size-medium wp-image-26309\" src=\"https:\/\/www.askja-on-tour.ch\/wp-content\/uploads\/2025\/03\/Torres_del_Paine-010-1024x768.jpg\" alt=\"\" width=\"1024\" height=\"768\" srcset=\"https:\/\/www.askja-on-tour.ch\/wp-content\/uploads\/2025\/03\/Torres_del_Paine-010-1024x768.jpg 1024w, https:\/\/www.askja-on-tour.ch\/wp-content\/uploads\/2025\/03\/Torres_del_Paine-010-1600x1200.jpg 1600w, https:\/\/www.askja-on-tour.ch\/wp-content\/uploads\/2025\/03\/Torres_del_Paine-010-768x576.jpg 768w, https:\/\/www.askja-on-tour.ch\/wp-content\/uploads\/2025\/03\/Torres_del_Paine-010-1536x1152.jpg 1536w, https:\/\/www.askja-on-tour.ch\/wp-content\/uploads\/2025\/03\/Torres_del_Paine-010.jpg 2048w\" sizes=\"auto, (max-width: 1024px) 100vw, 1024px\" \/><figcaption id=\"caption-attachment-26309\" class=\"wp-caption-text\">Vorsicht Puma &#8211;<\/figcaption><\/figure>\n<p><img loading=\"lazy\" decoding=\"async\" class=\"alignnone size-medium wp-image-26310\" src=\"https:\/\/www.askja-on-tour.ch\/wp-content\/uploads\/2025\/03\/Torres_del_Paine-011-1024x768.jpg\" alt=\"\" width=\"1024\" height=\"768\" srcset=\"https:\/\/www.askja-on-tour.ch\/wp-content\/uploads\/2025\/03\/Torres_del_Paine-011-1024x768.jpg 1024w, https:\/\/www.askja-on-tour.ch\/wp-content\/uploads\/2025\/03\/Torres_del_Paine-011-1600x1200.jpg 1600w, https:\/\/www.askja-on-tour.ch\/wp-content\/uploads\/2025\/03\/Torres_del_Paine-011-768x576.jpg 768w, https:\/\/www.askja-on-tour.ch\/wp-content\/uploads\/2025\/03\/Torres_del_Paine-011-1536x1152.jpg 1536w, https:\/\/www.askja-on-tour.ch\/wp-content\/uploads\/2025\/03\/Torres_del_Paine-011.jpg 2048w\" sizes=\"auto, (max-width: 1024px) 100vw, 1024px\" \/> <img loading=\"lazy\" decoding=\"async\" class=\"alignnone size-medium wp-image-26313\" src=\"https:\/\/www.askja-on-tour.ch\/wp-content\/uploads\/2025\/03\/Torres_del_Paine-015-1024x768.jpg\" alt=\"\" width=\"1024\" height=\"768\" srcset=\"https:\/\/www.askja-on-tour.ch\/wp-content\/uploads\/2025\/03\/Torres_del_Paine-015-1024x768.jpg 1024w, https:\/\/www.askja-on-tour.ch\/wp-content\/uploads\/2025\/03\/Torres_del_Paine-015-1600x1200.jpg 1600w, https:\/\/www.askja-on-tour.ch\/wp-content\/uploads\/2025\/03\/Torres_del_Paine-015-768x576.jpg 768w, https:\/\/www.askja-on-tour.ch\/wp-content\/uploads\/2025\/03\/Torres_del_Paine-015-1536x1152.jpg 1536w, https:\/\/www.askja-on-tour.ch\/wp-content\/uploads\/2025\/03\/Torres_del_Paine-015.jpg 2048w\" sizes=\"auto, (max-width: 1024px) 100vw, 1024px\" \/><\/p>\n<figure id=\"attachment_26312\" aria-describedby=\"caption-attachment-26312\" style=\"width: 1024px\" class=\"wp-caption alignnone\"><img loading=\"lazy\" decoding=\"async\" class=\"size-medium wp-image-26312\" src=\"https:\/\/www.askja-on-tour.ch\/wp-content\/uploads\/2025\/03\/Torres_del_Paine-014-1024x768.jpg\" alt=\"\" width=\"1024\" height=\"768\" srcset=\"https:\/\/www.askja-on-tour.ch\/wp-content\/uploads\/2025\/03\/Torres_del_Paine-014-1024x768.jpg 1024w, https:\/\/www.askja-on-tour.ch\/wp-content\/uploads\/2025\/03\/Torres_del_Paine-014-1600x1200.jpg 1600w, https:\/\/www.askja-on-tour.ch\/wp-content\/uploads\/2025\/03\/Torres_del_Paine-014-768x576.jpg 768w, https:\/\/www.askja-on-tour.ch\/wp-content\/uploads\/2025\/03\/Torres_del_Paine-014-1536x1152.jpg 1536w, https:\/\/www.askja-on-tour.ch\/wp-content\/uploads\/2025\/03\/Torres_del_Paine-014.jpg 2048w\" sizes=\"auto, (max-width: 1024px) 100vw, 1024px\" \/><figcaption id=\"caption-attachment-26312\" class=\"wp-caption-text\">Salto Grande Wasserfall<\/figcaption><\/figure>\n<p><img loading=\"lazy\" decoding=\"async\" class=\"alignnone size-medium wp-image-26314\" src=\"https:\/\/www.askja-on-tour.ch\/wp-content\/uploads\/2025\/03\/Torres_del_Paine-016-1024x768.jpg\" alt=\"\" width=\"1024\" height=\"768\" srcset=\"https:\/\/www.askja-on-tour.ch\/wp-content\/uploads\/2025\/03\/Torres_del_Paine-016-1024x768.jpg 1024w, https:\/\/www.askja-on-tour.ch\/wp-content\/uploads\/2025\/03\/Torres_del_Paine-016-1600x1200.jpg 1600w, https:\/\/www.askja-on-tour.ch\/wp-content\/uploads\/2025\/03\/Torres_del_Paine-016-768x576.jpg 768w, https:\/\/www.askja-on-tour.ch\/wp-content\/uploads\/2025\/03\/Torres_del_Paine-016-1536x1152.jpg 1536w, https:\/\/www.askja-on-tour.ch\/wp-content\/uploads\/2025\/03\/Torres_del_Paine-016.jpg 2048w\" sizes=\"auto, (max-width: 1024px) 100vw, 1024px\" \/><\/p>\n<figure id=\"attachment_26315\" aria-describedby=\"caption-attachment-26315\" style=\"width: 1024px\" class=\"wp-caption alignnone\"><img loading=\"lazy\" decoding=\"async\" class=\"size-medium wp-image-26315\" src=\"https:\/\/www.askja-on-tour.ch\/wp-content\/uploads\/2025\/03\/Torres_del_Paine-017-1024x768.jpg\" alt=\"\" width=\"1024\" height=\"768\" srcset=\"https:\/\/www.askja-on-tour.ch\/wp-content\/uploads\/2025\/03\/Torres_del_Paine-017-1024x768.jpg 1024w, https:\/\/www.askja-on-tour.ch\/wp-content\/uploads\/2025\/03\/Torres_del_Paine-017-1600x1200.jpg 1600w, https:\/\/www.askja-on-tour.ch\/wp-content\/uploads\/2025\/03\/Torres_del_Paine-017-768x576.jpg 768w, https:\/\/www.askja-on-tour.ch\/wp-content\/uploads\/2025\/03\/Torres_del_Paine-017-1536x1152.jpg 1536w, https:\/\/www.askja-on-tour.ch\/wp-content\/uploads\/2025\/03\/Torres_del_Paine-017.jpg 2048w\" sizes=\"auto, (max-width: 1024px) 100vw, 1024px\" \/><figcaption id=\"caption-attachment-26315\" class=\"wp-caption-text\">Zeugen des Waldbrandes<\/figcaption><\/figure>\n<p><img loading=\"lazy\" decoding=\"async\" class=\"alignnone size-medium wp-image-26367\" src=\"https:\/\/www.askja-on-tour.ch\/wp-content\/uploads\/2025\/03\/Torres_del_Paine-013-1024x769.jpg\" alt=\"\" width=\"1024\" height=\"769\" srcset=\"https:\/\/www.askja-on-tour.ch\/wp-content\/uploads\/2025\/03\/Torres_del_Paine-013-1024x769.jpg 1024w, https:\/\/www.askja-on-tour.ch\/wp-content\/uploads\/2025\/03\/Torres_del_Paine-013-1600x1201.jpg 1600w, https:\/\/www.askja-on-tour.ch\/wp-content\/uploads\/2025\/03\/Torres_del_Paine-013-768x576.jpg 768w, https:\/\/www.askja-on-tour.ch\/wp-content\/uploads\/2025\/03\/Torres_del_Paine-013-1536x1153.jpg 1536w, https:\/\/www.askja-on-tour.ch\/wp-content\/uploads\/2025\/03\/Torres_del_Paine-013.jpg 2048w\" sizes=\"auto, (max-width: 1024px) 100vw, 1024px\" \/> <img loading=\"lazy\" decoding=\"async\" class=\"alignnone size-medium wp-image-26316\" src=\"https:\/\/www.askja-on-tour.ch\/wp-content\/uploads\/2025\/03\/Torres_del_Paine-018-1024x383.jpg\" alt=\"\" width=\"1024\" height=\"383\" srcset=\"https:\/\/www.askja-on-tour.ch\/wp-content\/uploads\/2025\/03\/Torres_del_Paine-018-1024x383.jpg 1024w, https:\/\/www.askja-on-tour.ch\/wp-content\/uploads\/2025\/03\/Torres_del_Paine-018-1600x598.jpg 1600w, https:\/\/www.askja-on-tour.ch\/wp-content\/uploads\/2025\/03\/Torres_del_Paine-018-768x287.jpg 768w, https:\/\/www.askja-on-tour.ch\/wp-content\/uploads\/2025\/03\/Torres_del_Paine-018-1536x574.jpg 1536w, https:\/\/www.askja-on-tour.ch\/wp-content\/uploads\/2025\/03\/Torres_del_Paine-018.jpg 2048w\" sizes=\"auto, (max-width: 1024px) 100vw, 1024px\" \/> <img loading=\"lazy\" decoding=\"async\" class=\"alignnone size-medium wp-image-26317\" src=\"https:\/\/www.askja-on-tour.ch\/wp-content\/uploads\/2025\/03\/Torres_del_Paine-019-1024x768.jpg\" alt=\"\" width=\"1024\" height=\"768\" srcset=\"https:\/\/www.askja-on-tour.ch\/wp-content\/uploads\/2025\/03\/Torres_del_Paine-019-1024x768.jpg 1024w, https:\/\/www.askja-on-tour.ch\/wp-content\/uploads\/2025\/03\/Torres_del_Paine-019-1600x1200.jpg 1600w, https:\/\/www.askja-on-tour.ch\/wp-content\/uploads\/2025\/03\/Torres_del_Paine-019-768x576.jpg 768w, https:\/\/www.askja-on-tour.ch\/wp-content\/uploads\/2025\/03\/Torres_del_Paine-019-1536x1152.jpg 1536w, https:\/\/www.askja-on-tour.ch\/wp-content\/uploads\/2025\/03\/Torres_del_Paine-019.jpg 2048w\" sizes=\"auto, (max-width: 1024px) 100vw, 1024px\" \/><\/p>\n<figure id=\"attachment_26311\" aria-describedby=\"caption-attachment-26311\" style=\"width: 1024px\" class=\"wp-caption alignnone\"><img loading=\"lazy\" decoding=\"async\" class=\"size-medium wp-image-26311\" src=\"https:\/\/www.askja-on-tour.ch\/wp-content\/uploads\/2025\/03\/Torres_del_Paine-012-1024x768.jpg\" alt=\"\" width=\"1024\" height=\"768\" srcset=\"https:\/\/www.askja-on-tour.ch\/wp-content\/uploads\/2025\/03\/Torres_del_Paine-012-1024x768.jpg 1024w, https:\/\/www.askja-on-tour.ch\/wp-content\/uploads\/2025\/03\/Torres_del_Paine-012-1600x1200.jpg 1600w, https:\/\/www.askja-on-tour.ch\/wp-content\/uploads\/2025\/03\/Torres_del_Paine-012-768x576.jpg 768w, https:\/\/www.askja-on-tour.ch\/wp-content\/uploads\/2025\/03\/Torres_del_Paine-012-1536x1152.jpg 1536w, https:\/\/www.askja-on-tour.ch\/wp-content\/uploads\/2025\/03\/Torres_del_Paine-012.jpg 2048w\" sizes=\"auto, (max-width: 1024px) 100vw, 1024px\" \/><figcaption id=\"caption-attachment-26311\" class=\"wp-caption-text\">Lago Nordenskj\u00f6ld mit pr\u00e4chtigem Ausblick auf die Gipfel der Cuernos und des Paine Grande<\/figcaption><\/figure>\n<figure id=\"attachment_26318\" aria-describedby=\"caption-attachment-26318\" style=\"width: 1024px\" class=\"wp-caption alignnone\"><img loading=\"lazy\" decoding=\"async\" class=\"size-medium wp-image-26318\" src=\"https:\/\/www.askja-on-tour.ch\/wp-content\/uploads\/2025\/03\/Torres_del_Paine-020-1024x769.jpg\" alt=\"\" width=\"1024\" height=\"769\" srcset=\"https:\/\/www.askja-on-tour.ch\/wp-content\/uploads\/2025\/03\/Torres_del_Paine-020-1024x769.jpg 1024w, https:\/\/www.askja-on-tour.ch\/wp-content\/uploads\/2025\/03\/Torres_del_Paine-020-1600x1201.jpg 1600w, https:\/\/www.askja-on-tour.ch\/wp-content\/uploads\/2025\/03\/Torres_del_Paine-020-768x576.jpg 768w, https:\/\/www.askja-on-tour.ch\/wp-content\/uploads\/2025\/03\/Torres_del_Paine-020-1536x1153.jpg 1536w, https:\/\/www.askja-on-tour.ch\/wp-content\/uploads\/2025\/03\/Torres_del_Paine-020.jpg 2048w\" sizes=\"auto, (max-width: 1024px) 100vw, 1024px\" \/><figcaption id=\"caption-attachment-26318\" class=\"wp-caption-text\">Guanako<\/figcaption><\/figure>\n<p>Am n\u00e4chsten Tag nahmen wir uns DIE Wanderung schlechthin vor. Und zwar zum Aussichtspunkt \u201eMirador Base Las Torres\u201c. Von unserem Startpunkt aus, las Torres Camping, waren es 16 km und 1&#8217;500 H\u00f6henmeter \u2013 ein Weg wohlgemerkt, d.h. 32 km total. Wir haben \u2013 verbotenerweise aber mangels Alternativen \u2013 auf dem Parkplatz f\u00fcr 4&#215;4 Camper \u00fcbernachtet. Neben uns haben es noch mehrere andere so gemacht, da alle am Morgen fr\u00fcher mit der Wanderung starten und nicht erst \u00fcber eine Stunden anfahren wollten. Wir sind um 07.00 Uhr mit unserer Stirnlampe gestartet, um erst mal zum Ausgangspunkt der Wanderung zu kommen. Kurz vor dem ersten Anstieg konnten wir aber nicht weiter, weil ein junger Puma uns den Weg versperrte. Er fand es wohl ganz am\u00fcsant zu sehen, wie wir reagieren und wir hatten das grosse Gl\u00fcck, unseren ersten Puma zu sehen. Win-Win f\u00fcr beide. Wenn man bedenkt, dass es nur rund 100 Pumas auf 1&#8217;814 km<sup>2 <\/sup>(etwas gr\u00f6sser als der Kanton Z\u00fcrich) gibt, hatten wir schon einen Gl\u00fcckstreffer. Nach gut einer halben Stunde hat sich der Puma dann nicht mehr f\u00fcr uns interessiert und ging seinen Weg weiter.<\/p>\n<figure id=\"attachment_26319\" aria-describedby=\"caption-attachment-26319\" style=\"width: 1024px\" class=\"wp-caption alignnone\"><img loading=\"lazy\" decoding=\"async\" class=\"size-medium wp-image-26319\" src=\"https:\/\/www.askja-on-tour.ch\/wp-content\/uploads\/2025\/03\/Torres_del_Paine-021-1024x768.jpg\" alt=\"\" width=\"1024\" height=\"768\" srcset=\"https:\/\/www.askja-on-tour.ch\/wp-content\/uploads\/2025\/03\/Torres_del_Paine-021-1024x768.jpg 1024w, https:\/\/www.askja-on-tour.ch\/wp-content\/uploads\/2025\/03\/Torres_del_Paine-021-1600x1200.jpg 1600w, https:\/\/www.askja-on-tour.ch\/wp-content\/uploads\/2025\/03\/Torres_del_Paine-021-768x576.jpg 768w, https:\/\/www.askja-on-tour.ch\/wp-content\/uploads\/2025\/03\/Torres_del_Paine-021-1536x1152.jpg 1536w, https:\/\/www.askja-on-tour.ch\/wp-content\/uploads\/2025\/03\/Torres_del_Paine-021.jpg 2048w\" sizes=\"auto, (max-width: 1024px) 100vw, 1024px\" \/><figcaption id=\"caption-attachment-26319\" class=\"wp-caption-text\">Auf dem Weg zum 4&#215;4 Parkplatz Las Torres &#8211; wir haben die neuere Br\u00fccke gew\u00e4hlt<\/figcaption><\/figure>\n<figure id=\"attachment_26320\" aria-describedby=\"caption-attachment-26320\" style=\"width: 1024px\" class=\"wp-caption alignnone\"><img loading=\"lazy\" decoding=\"async\" class=\"size-medium wp-image-26320\" src=\"https:\/\/www.askja-on-tour.ch\/wp-content\/uploads\/2025\/03\/Torres_del_Paine-022-1024x768.jpg\" alt=\"\" width=\"1024\" height=\"768\" srcset=\"https:\/\/www.askja-on-tour.ch\/wp-content\/uploads\/2025\/03\/Torres_del_Paine-022-1024x768.jpg 1024w, https:\/\/www.askja-on-tour.ch\/wp-content\/uploads\/2025\/03\/Torres_del_Paine-022-1600x1200.jpg 1600w, https:\/\/www.askja-on-tour.ch\/wp-content\/uploads\/2025\/03\/Torres_del_Paine-022-768x576.jpg 768w, https:\/\/www.askja-on-tour.ch\/wp-content\/uploads\/2025\/03\/Torres_del_Paine-022-1536x1152.jpg 1536w, https:\/\/www.askja-on-tour.ch\/wp-content\/uploads\/2025\/03\/Torres_del_Paine-022.jpg 2048w\" sizes=\"auto, (max-width: 1024px) 100vw, 1024px\" \/><figcaption id=\"caption-attachment-26320\" class=\"wp-caption-text\">Unser erster Puma &#8211; Morgenstund hat Gold im Mund<\/figcaption><\/figure>\n<p><img loading=\"lazy\" decoding=\"async\" class=\"alignnone size-medium wp-image-26321\" src=\"https:\/\/www.askja-on-tour.ch\/wp-content\/uploads\/2025\/03\/Torres_del_Paine-023-1024x768.jpg\" alt=\"\" width=\"1024\" height=\"768\" srcset=\"https:\/\/www.askja-on-tour.ch\/wp-content\/uploads\/2025\/03\/Torres_del_Paine-023-1024x768.jpg 1024w, https:\/\/www.askja-on-tour.ch\/wp-content\/uploads\/2025\/03\/Torres_del_Paine-023-1600x1200.jpg 1600w, https:\/\/www.askja-on-tour.ch\/wp-content\/uploads\/2025\/03\/Torres_del_Paine-023-768x576.jpg 768w, https:\/\/www.askja-on-tour.ch\/wp-content\/uploads\/2025\/03\/Torres_del_Paine-023-1536x1152.jpg 1536w, https:\/\/www.askja-on-tour.ch\/wp-content\/uploads\/2025\/03\/Torres_del_Paine-023.jpg 2048w\" sizes=\"auto, (max-width: 1024px) 100vw, 1024px\" \/> <img loading=\"lazy\" decoding=\"async\" class=\"alignnone size-medium wp-image-26322\" src=\"https:\/\/www.askja-on-tour.ch\/wp-content\/uploads\/2025\/03\/Torres_del_Paine-024-1024x768.jpg\" alt=\"\" width=\"1024\" height=\"768\" srcset=\"https:\/\/www.askja-on-tour.ch\/wp-content\/uploads\/2025\/03\/Torres_del_Paine-024-1024x768.jpg 1024w, https:\/\/www.askja-on-tour.ch\/wp-content\/uploads\/2025\/03\/Torres_del_Paine-024-1600x1200.jpg 1600w, https:\/\/www.askja-on-tour.ch\/wp-content\/uploads\/2025\/03\/Torres_del_Paine-024-768x576.jpg 768w, https:\/\/www.askja-on-tour.ch\/wp-content\/uploads\/2025\/03\/Torres_del_Paine-024-1536x1152.jpg 1536w, https:\/\/www.askja-on-tour.ch\/wp-content\/uploads\/2025\/03\/Torres_del_Paine-024.jpg 2048w\" sizes=\"auto, (max-width: 1024px) 100vw, 1024px\" \/><\/p>\n<p>Wir sind auf steinigen Pfaden, Schotter, durch kristallklare B\u00e4che sowie entlang gr\u00fcner Wiesen bergauf und bergab gelaufen, grunds\u00e4tzlich aber immer mehr hoch als runter. Die ersten 13 km gingen ganz flott und wir waren vor der gesch\u00e4tzten Zeit am Zwischenpunkt, doch unsere Freude wurde bald getr\u00fcbt. An der letzten Rangerstation stand, dass es noch 1.5 km seien, gesch\u00e4tzt eine Stunde Wanderzeit. Denkste \u2013 es wurden dann gut 2.5 Stunden, der letzte Teil zum Aussichtspunkt \u201eMirador Base Las Torres\u201c, hat es in sich: Der aus Ger\u00f6ll und Felsen bestehende Weg f\u00fchrt in einer 45 Grad Steigung steil bergauf und verlangt einiges an k\u00f6rperlicher Fitness (die uns fehlt) und Trittsicherheit. Nach viel Fluchen und Selbstzweifel kamen wir oben an und es hat sich gelohnt.<\/p>\n<figure id=\"attachment_26323\" aria-describedby=\"caption-attachment-26323\" style=\"width: 1024px\" class=\"wp-caption alignnone\"><img loading=\"lazy\" decoding=\"async\" class=\"size-medium wp-image-26323\" src=\"https:\/\/www.askja-on-tour.ch\/wp-content\/uploads\/2025\/03\/Torres_del_Paine-025-1024x768.jpg\" alt=\"\" width=\"1024\" height=\"768\" srcset=\"https:\/\/www.askja-on-tour.ch\/wp-content\/uploads\/2025\/03\/Torres_del_Paine-025-1024x768.jpg 1024w, https:\/\/www.askja-on-tour.ch\/wp-content\/uploads\/2025\/03\/Torres_del_Paine-025-1600x1200.jpg 1600w, https:\/\/www.askja-on-tour.ch\/wp-content\/uploads\/2025\/03\/Torres_del_Paine-025-768x576.jpg 768w, https:\/\/www.askja-on-tour.ch\/wp-content\/uploads\/2025\/03\/Torres_del_Paine-025-1536x1152.jpg 1536w, https:\/\/www.askja-on-tour.ch\/wp-content\/uploads\/2025\/03\/Torres_del_Paine-025.jpg 2048w\" sizes=\"auto, (max-width: 1024px) 100vw, 1024px\" \/><figcaption id=\"caption-attachment-26323\" class=\"wp-caption-text\">So f\u00fchrte der Weg zum Mirador des Los Tres<\/figcaption><\/figure>\n<p><img loading=\"lazy\" decoding=\"async\" class=\"alignnone size-medium wp-image-26324\" src=\"https:\/\/www.askja-on-tour.ch\/wp-content\/uploads\/2025\/03\/Torres_del_Paine-026-1024x768.jpg\" alt=\"\" width=\"1024\" height=\"768\" srcset=\"https:\/\/www.askja-on-tour.ch\/wp-content\/uploads\/2025\/03\/Torres_del_Paine-026-1024x768.jpg 1024w, https:\/\/www.askja-on-tour.ch\/wp-content\/uploads\/2025\/03\/Torres_del_Paine-026-1600x1200.jpg 1600w, https:\/\/www.askja-on-tour.ch\/wp-content\/uploads\/2025\/03\/Torres_del_Paine-026-768x576.jpg 768w, https:\/\/www.askja-on-tour.ch\/wp-content\/uploads\/2025\/03\/Torres_del_Paine-026-1536x1152.jpg 1536w, https:\/\/www.askja-on-tour.ch\/wp-content\/uploads\/2025\/03\/Torres_del_Paine-026.jpg 2048w\" sizes=\"auto, (max-width: 1024px) 100vw, 1024px\" \/><\/p>\n<figure id=\"attachment_26325\" aria-describedby=\"caption-attachment-26325\" style=\"width: 1024px\" class=\"wp-caption alignnone\"><img loading=\"lazy\" decoding=\"async\" class=\"size-medium wp-image-26325\" src=\"https:\/\/www.askja-on-tour.ch\/wp-content\/uploads\/2025\/03\/Torres_del_Paine-027-1024x768.jpg\" alt=\"\" width=\"1024\" height=\"768\" srcset=\"https:\/\/www.askja-on-tour.ch\/wp-content\/uploads\/2025\/03\/Torres_del_Paine-027-1024x768.jpg 1024w, https:\/\/www.askja-on-tour.ch\/wp-content\/uploads\/2025\/03\/Torres_del_Paine-027-1600x1200.jpg 1600w, https:\/\/www.askja-on-tour.ch\/wp-content\/uploads\/2025\/03\/Torres_del_Paine-027-768x576.jpg 768w, https:\/\/www.askja-on-tour.ch\/wp-content\/uploads\/2025\/03\/Torres_del_Paine-027-1536x1152.jpg 1536w, https:\/\/www.askja-on-tour.ch\/wp-content\/uploads\/2025\/03\/Torres_del_Paine-027.jpg 2048w\" sizes=\"auto, (max-width: 1024px) 100vw, 1024px\" \/><figcaption id=\"caption-attachment-26325\" class=\"wp-caption-text\">&#8230;. nein &#8211; es geht nochmals um die Kurve und nochmals gut 20 Minuten<\/figcaption><\/figure>\n<p><img loading=\"lazy\" decoding=\"async\" class=\"alignnone size-medium wp-image-26326\" src=\"https:\/\/www.askja-on-tour.ch\/wp-content\/uploads\/2025\/03\/Torres_del_Paine-028-1024x768.jpg\" alt=\"\" width=\"1024\" height=\"768\" srcset=\"https:\/\/www.askja-on-tour.ch\/wp-content\/uploads\/2025\/03\/Torres_del_Paine-028-1024x768.jpg 1024w, https:\/\/www.askja-on-tour.ch\/wp-content\/uploads\/2025\/03\/Torres_del_Paine-028-1600x1200.jpg 1600w, https:\/\/www.askja-on-tour.ch\/wp-content\/uploads\/2025\/03\/Torres_del_Paine-028-768x576.jpg 768w, https:\/\/www.askja-on-tour.ch\/wp-content\/uploads\/2025\/03\/Torres_del_Paine-028-1536x1152.jpg 1536w, https:\/\/www.askja-on-tour.ch\/wp-content\/uploads\/2025\/03\/Torres_del_Paine-028.jpg 2048w\" sizes=\"auto, (max-width: 1024px) 100vw, 1024px\" \/> <img loading=\"lazy\" decoding=\"async\" class=\"alignnone size-medium wp-image-26327\" src=\"https:\/\/www.askja-on-tour.ch\/wp-content\/uploads\/2025\/03\/Torres_del_Paine-029-1024x768.jpg\" alt=\"\" width=\"1024\" height=\"768\" srcset=\"https:\/\/www.askja-on-tour.ch\/wp-content\/uploads\/2025\/03\/Torres_del_Paine-029-1024x768.jpg 1024w, https:\/\/www.askja-on-tour.ch\/wp-content\/uploads\/2025\/03\/Torres_del_Paine-029-1600x1200.jpg 1600w, https:\/\/www.askja-on-tour.ch\/wp-content\/uploads\/2025\/03\/Torres_del_Paine-029-768x576.jpg 768w, https:\/\/www.askja-on-tour.ch\/wp-content\/uploads\/2025\/03\/Torres_del_Paine-029-1536x1152.jpg 1536w, https:\/\/www.askja-on-tour.ch\/wp-content\/uploads\/2025\/03\/Torres_del_Paine-029.jpg 2048w\" sizes=\"auto, (max-width: 1024px) 100vw, 1024px\" \/><\/p>\n<figure id=\"attachment_26328\" aria-describedby=\"caption-attachment-26328\" style=\"width: 1024px\" class=\"wp-caption alignnone\"><img loading=\"lazy\" decoding=\"async\" class=\"size-medium wp-image-26328\" src=\"https:\/\/www.askja-on-tour.ch\/wp-content\/uploads\/2025\/03\/Torres_del_Paine-030-1024x768.jpg\" alt=\"\" width=\"1024\" height=\"768\" srcset=\"https:\/\/www.askja-on-tour.ch\/wp-content\/uploads\/2025\/03\/Torres_del_Paine-030-1024x768.jpg 1024w, https:\/\/www.askja-on-tour.ch\/wp-content\/uploads\/2025\/03\/Torres_del_Paine-030-1600x1200.jpg 1600w, https:\/\/www.askja-on-tour.ch\/wp-content\/uploads\/2025\/03\/Torres_del_Paine-030-768x576.jpg 768w, https:\/\/www.askja-on-tour.ch\/wp-content\/uploads\/2025\/03\/Torres_del_Paine-030-1536x1152.jpg 1536w, https:\/\/www.askja-on-tour.ch\/wp-content\/uploads\/2025\/03\/Torres_del_Paine-030.jpg 2048w\" sizes=\"auto, (max-width: 1024px) 100vw, 1024px\" \/><figcaption id=\"caption-attachment-26328\" class=\"wp-caption-text\">Geschafft &#8211; der Mirador de Los Tres<\/figcaption><\/figure>\n<p><img loading=\"lazy\" decoding=\"async\" class=\"alignnone size-medium wp-image-26329\" src=\"https:\/\/www.askja-on-tour.ch\/wp-content\/uploads\/2025\/03\/Torres_del_Paine-031-1024x768.jpg\" alt=\"\" width=\"1024\" height=\"768\" srcset=\"https:\/\/www.askja-on-tour.ch\/wp-content\/uploads\/2025\/03\/Torres_del_Paine-031-1024x768.jpg 1024w, https:\/\/www.askja-on-tour.ch\/wp-content\/uploads\/2025\/03\/Torres_del_Paine-031-1600x1200.jpg 1600w, https:\/\/www.askja-on-tour.ch\/wp-content\/uploads\/2025\/03\/Torres_del_Paine-031-768x576.jpg 768w, https:\/\/www.askja-on-tour.ch\/wp-content\/uploads\/2025\/03\/Torres_del_Paine-031-1536x1152.jpg 1536w, https:\/\/www.askja-on-tour.ch\/wp-content\/uploads\/2025\/03\/Torres_del_Paine-031.jpg 2048w\" sizes=\"auto, (max-width: 1024px) 100vw, 1024px\" \/> <img loading=\"lazy\" decoding=\"async\" class=\"alignnone size-medium wp-image-26330\" src=\"https:\/\/www.askja-on-tour.ch\/wp-content\/uploads\/2025\/03\/Torres_del_Paine-032-1024x768.jpg\" alt=\"\" width=\"1024\" height=\"768\" srcset=\"https:\/\/www.askja-on-tour.ch\/wp-content\/uploads\/2025\/03\/Torres_del_Paine-032-1024x768.jpg 1024w, https:\/\/www.askja-on-tour.ch\/wp-content\/uploads\/2025\/03\/Torres_del_Paine-032-1600x1200.jpg 1600w, https:\/\/www.askja-on-tour.ch\/wp-content\/uploads\/2025\/03\/Torres_del_Paine-032-768x576.jpg 768w, https:\/\/www.askja-on-tour.ch\/wp-content\/uploads\/2025\/03\/Torres_del_Paine-032-1536x1152.jpg 1536w, https:\/\/www.askja-on-tour.ch\/wp-content\/uploads\/2025\/03\/Torres_del_Paine-032.jpg 2048w\" sizes=\"auto, (max-width: 1024px) 100vw, 1024px\" \/><\/p>\n<p>Der Abstieg war dann ziemlich nervt\u00f6tend, da immer noch viele Wanderer zum Aussichtspunkt wollten und die engen Passagen ein Reissverschlusssystem erforderten. Viele schafften es aber einfach nicht, weil es zu anstrengend war \u2013 aber auch diese hatten ein einmaliges Panorama auf die Torres. Im Refugio Chileno machten wir Halt und musste uns erst sammeln, ehe wir wieder die verbleibenden (st\u00f6hn, \u00e4chz, w\u00fcrg) 13 km zur\u00fcckliefen. Und nein \u2013 es ging nicht nur runter \u2013 es ging immer wieder ganz fies hoch. Die Wanderung war wunderbar, aber enorm anstrengend. Am Schluss haben wir uns noch ein k\u00fchles Bier beim Besucherzentrum Torres geg\u00f6nnt. Wir waren so geschafft, dass wir noch nicht mal etwas essen wollten. Beide waren froh um die Dusche und das Bett \u2013 und wir haben noch eine zweite sehr ruhige Nacht auf dem las Torres Camping verbracht.<\/p>\n<p>Den n\u00e4chsten Tag verbrachten wir mit zwei Guides auf der Suche nach weiteren Pumas. Und wir wurden f\u00fcndig \u2013 am sp\u00e4teren Vormittag sahen wir ein Puma-Weibchen in unmittelbarer N\u00e4he, das auf der Jagd nach einem Guanako war. Wir haben gut zwei Stunden das Schauspiel der (erfolglosen) Jagd beobachtet. Der Puma hatte w\u00e4hrend unserer Beobachtung die Strasse gequert und ist direkt an Norbert vorbeigelaufen. Zum Gl\u00fcck hatte er nicht ihr Interesse geweckt.<\/p>\n<figure id=\"attachment_26331\" aria-describedby=\"caption-attachment-26331\" style=\"width: 1024px\" class=\"wp-caption alignnone\"><img loading=\"lazy\" decoding=\"async\" class=\"size-medium wp-image-26331\" src=\"https:\/\/www.askja-on-tour.ch\/wp-content\/uploads\/2025\/03\/Torres_del_Paine-033-1024x769.jpg\" alt=\"\" width=\"1024\" height=\"769\" srcset=\"https:\/\/www.askja-on-tour.ch\/wp-content\/uploads\/2025\/03\/Torres_del_Paine-033-1024x769.jpg 1024w, https:\/\/www.askja-on-tour.ch\/wp-content\/uploads\/2025\/03\/Torres_del_Paine-033-1600x1201.jpg 1600w, https:\/\/www.askja-on-tour.ch\/wp-content\/uploads\/2025\/03\/Torres_del_Paine-033-768x576.jpg 768w, https:\/\/www.askja-on-tour.ch\/wp-content\/uploads\/2025\/03\/Torres_del_Paine-033-1536x1153.jpg 1536w, https:\/\/www.askja-on-tour.ch\/wp-content\/uploads\/2025\/03\/Torres_del_Paine-033.jpg 2048w\" sizes=\"auto, (max-width: 1024px) 100vw, 1024px\" \/><figcaption id=\"caption-attachment-26331\" class=\"wp-caption-text\">&#8230; zuerst sahen wir nur das Guanako und dann &#8230;<\/figcaption><\/figure>\n<figure id=\"attachment_26332\" aria-describedby=\"caption-attachment-26332\" style=\"width: 1024px\" class=\"wp-caption alignnone\"><img loading=\"lazy\" decoding=\"async\" class=\"size-medium wp-image-26332\" src=\"https:\/\/www.askja-on-tour.ch\/wp-content\/uploads\/2025\/03\/Torres_del_Paine-034-1024x769.jpg\" alt=\"\" width=\"1024\" height=\"769\" srcset=\"https:\/\/www.askja-on-tour.ch\/wp-content\/uploads\/2025\/03\/Torres_del_Paine-034-1024x769.jpg 1024w, https:\/\/www.askja-on-tour.ch\/wp-content\/uploads\/2025\/03\/Torres_del_Paine-034-1600x1201.jpg 1600w, https:\/\/www.askja-on-tour.ch\/wp-content\/uploads\/2025\/03\/Torres_del_Paine-034-768x576.jpg 768w, https:\/\/www.askja-on-tour.ch\/wp-content\/uploads\/2025\/03\/Torres_del_Paine-034-1536x1153.jpg 1536w, https:\/\/www.askja-on-tour.ch\/wp-content\/uploads\/2025\/03\/Torres_del_Paine-034.jpg 2048w\" sizes=\"auto, (max-width: 1024px) 100vw, 1024px\" \/><figcaption id=\"caption-attachment-26332\" class=\"wp-caption-text\">&#8230; den Puma<\/figcaption><\/figure>\n<p><img loading=\"lazy\" decoding=\"async\" class=\"alignnone size-medium wp-image-26333\" src=\"https:\/\/www.askja-on-tour.ch\/wp-content\/uploads\/2025\/03\/Torres_del_Paine-035-1024x769.jpg\" alt=\"\" width=\"1024\" height=\"769\" srcset=\"https:\/\/www.askja-on-tour.ch\/wp-content\/uploads\/2025\/03\/Torres_del_Paine-035-1024x769.jpg 1024w, https:\/\/www.askja-on-tour.ch\/wp-content\/uploads\/2025\/03\/Torres_del_Paine-035-1600x1201.jpg 1600w, https:\/\/www.askja-on-tour.ch\/wp-content\/uploads\/2025\/03\/Torres_del_Paine-035-768x576.jpg 768w, https:\/\/www.askja-on-tour.ch\/wp-content\/uploads\/2025\/03\/Torres_del_Paine-035-1536x1153.jpg 1536w, https:\/\/www.askja-on-tour.ch\/wp-content\/uploads\/2025\/03\/Torres_del_Paine-035.jpg 2048w\" sizes=\"auto, (max-width: 1024px) 100vw, 1024px\" \/> <img loading=\"lazy\" decoding=\"async\" class=\"alignnone size-medium wp-image-26334\" src=\"https:\/\/www.askja-on-tour.ch\/wp-content\/uploads\/2025\/03\/Torres_del_Paine-036-1024x769.jpg\" alt=\"\" width=\"1024\" height=\"769\" srcset=\"https:\/\/www.askja-on-tour.ch\/wp-content\/uploads\/2025\/03\/Torres_del_Paine-036-1024x769.jpg 1024w, https:\/\/www.askja-on-tour.ch\/wp-content\/uploads\/2025\/03\/Torres_del_Paine-036-1600x1201.jpg 1600w, https:\/\/www.askja-on-tour.ch\/wp-content\/uploads\/2025\/03\/Torres_del_Paine-036-768x576.jpg 768w, https:\/\/www.askja-on-tour.ch\/wp-content\/uploads\/2025\/03\/Torres_del_Paine-036-1536x1153.jpg 1536w, https:\/\/www.askja-on-tour.ch\/wp-content\/uploads\/2025\/03\/Torres_del_Paine-036.jpg 2048w\" sizes=\"auto, (max-width: 1024px) 100vw, 1024px\" \/> <img loading=\"lazy\" decoding=\"async\" class=\"alignnone size-medium wp-image-26335\" src=\"https:\/\/www.askja-on-tour.ch\/wp-content\/uploads\/2025\/03\/Torres_del_Paine-037-1024x769.jpg\" alt=\"\" width=\"1024\" height=\"769\" srcset=\"https:\/\/www.askja-on-tour.ch\/wp-content\/uploads\/2025\/03\/Torres_del_Paine-037-1024x769.jpg 1024w, https:\/\/www.askja-on-tour.ch\/wp-content\/uploads\/2025\/03\/Torres_del_Paine-037-1600x1201.jpg 1600w, https:\/\/www.askja-on-tour.ch\/wp-content\/uploads\/2025\/03\/Torres_del_Paine-037-768x576.jpg 768w, https:\/\/www.askja-on-tour.ch\/wp-content\/uploads\/2025\/03\/Torres_del_Paine-037-1536x1153.jpg 1536w, https:\/\/www.askja-on-tour.ch\/wp-content\/uploads\/2025\/03\/Torres_del_Paine-037.jpg 2048w\" sizes=\"auto, (max-width: 1024px) 100vw, 1024px\" \/> <img loading=\"lazy\" decoding=\"async\" class=\"alignnone size-medium wp-image-26336\" src=\"https:\/\/www.askja-on-tour.ch\/wp-content\/uploads\/2025\/03\/Torres_del_Paine-038-1024x769.jpg\" alt=\"\" width=\"1024\" height=\"769\" srcset=\"https:\/\/www.askja-on-tour.ch\/wp-content\/uploads\/2025\/03\/Torres_del_Paine-038-1024x769.jpg 1024w, https:\/\/www.askja-on-tour.ch\/wp-content\/uploads\/2025\/03\/Torres_del_Paine-038-1600x1201.jpg 1600w, https:\/\/www.askja-on-tour.ch\/wp-content\/uploads\/2025\/03\/Torres_del_Paine-038-768x576.jpg 768w, https:\/\/www.askja-on-tour.ch\/wp-content\/uploads\/2025\/03\/Torres_del_Paine-038-1536x1153.jpg 1536w, https:\/\/www.askja-on-tour.ch\/wp-content\/uploads\/2025\/03\/Torres_del_Paine-038.jpg 2048w\" sizes=\"auto, (max-width: 1024px) 100vw, 1024px\" \/> <img loading=\"lazy\" decoding=\"async\" class=\"alignnone size-medium wp-image-26337\" src=\"https:\/\/www.askja-on-tour.ch\/wp-content\/uploads\/2025\/03\/Torres_del_Paine-039-1024x769.jpg\" alt=\"\" width=\"1024\" height=\"769\" srcset=\"https:\/\/www.askja-on-tour.ch\/wp-content\/uploads\/2025\/03\/Torres_del_Paine-039-1024x769.jpg 1024w, https:\/\/www.askja-on-tour.ch\/wp-content\/uploads\/2025\/03\/Torres_del_Paine-039-1600x1201.jpg 1600w, https:\/\/www.askja-on-tour.ch\/wp-content\/uploads\/2025\/03\/Torres_del_Paine-039-768x576.jpg 768w, https:\/\/www.askja-on-tour.ch\/wp-content\/uploads\/2025\/03\/Torres_del_Paine-039-1536x1153.jpg 1536w, https:\/\/www.askja-on-tour.ch\/wp-content\/uploads\/2025\/03\/Torres_del_Paine-039.jpg 2048w\" sizes=\"auto, (max-width: 1024px) 100vw, 1024px\" \/><\/p>\n<figure id=\"attachment_26338\" aria-describedby=\"caption-attachment-26338\" style=\"width: 1024px\" class=\"wp-caption alignnone\"><img loading=\"lazy\" decoding=\"async\" class=\"size-medium wp-image-26338\" src=\"https:\/\/www.askja-on-tour.ch\/wp-content\/uploads\/2025\/03\/Torres_del_Paine-040-1024x769.jpg\" alt=\"\" width=\"1024\" height=\"769\" srcset=\"https:\/\/www.askja-on-tour.ch\/wp-content\/uploads\/2025\/03\/Torres_del_Paine-040-1024x769.jpg 1024w, https:\/\/www.askja-on-tour.ch\/wp-content\/uploads\/2025\/03\/Torres_del_Paine-040-1600x1201.jpg 1600w, https:\/\/www.askja-on-tour.ch\/wp-content\/uploads\/2025\/03\/Torres_del_Paine-040-768x576.jpg 768w, https:\/\/www.askja-on-tour.ch\/wp-content\/uploads\/2025\/03\/Torres_del_Paine-040-1536x1153.jpg 1536w, https:\/\/www.askja-on-tour.ch\/wp-content\/uploads\/2025\/03\/Torres_del_Paine-040.jpg 2048w\" sizes=\"auto, (max-width: 1024px) 100vw, 1024px\" \/><figcaption id=\"caption-attachment-26338\" class=\"wp-caption-text\">&#8230; er hat das Guanako nicht erwischt<\/figcaption><\/figure>\n<p><img loading=\"lazy\" decoding=\"async\" class=\"alignnone size-medium wp-image-26339\" src=\"https:\/\/www.askja-on-tour.ch\/wp-content\/uploads\/2025\/03\/Torres_del_Paine-041-1024x769.jpg\" alt=\"\" width=\"1024\" height=\"769\" srcset=\"https:\/\/www.askja-on-tour.ch\/wp-content\/uploads\/2025\/03\/Torres_del_Paine-041-1024x769.jpg 1024w, https:\/\/www.askja-on-tour.ch\/wp-content\/uploads\/2025\/03\/Torres_del_Paine-041-1600x1201.jpg 1600w, https:\/\/www.askja-on-tour.ch\/wp-content\/uploads\/2025\/03\/Torres_del_Paine-041-768x576.jpg 768w, https:\/\/www.askja-on-tour.ch\/wp-content\/uploads\/2025\/03\/Torres_del_Paine-041-1536x1153.jpg 1536w, https:\/\/www.askja-on-tour.ch\/wp-content\/uploads\/2025\/03\/Torres_del_Paine-041.jpg 2048w\" sizes=\"auto, (max-width: 1024px) 100vw, 1024px\" \/> <img loading=\"lazy\" decoding=\"async\" class=\"alignnone size-medium wp-image-26340\" src=\"https:\/\/www.askja-on-tour.ch\/wp-content\/uploads\/2025\/03\/Torres_del_Paine-042-1024x769.jpg\" alt=\"\" width=\"1024\" height=\"769\" srcset=\"https:\/\/www.askja-on-tour.ch\/wp-content\/uploads\/2025\/03\/Torres_del_Paine-042-1024x769.jpg 1024w, https:\/\/www.askja-on-tour.ch\/wp-content\/uploads\/2025\/03\/Torres_del_Paine-042-1600x1201.jpg 1600w, https:\/\/www.askja-on-tour.ch\/wp-content\/uploads\/2025\/03\/Torres_del_Paine-042-768x576.jpg 768w, https:\/\/www.askja-on-tour.ch\/wp-content\/uploads\/2025\/03\/Torres_del_Paine-042-1536x1153.jpg 1536w, https:\/\/www.askja-on-tour.ch\/wp-content\/uploads\/2025\/03\/Torres_del_Paine-042.jpg 2048w\" sizes=\"auto, (max-width: 1024px) 100vw, 1024px\" \/> <img loading=\"lazy\" decoding=\"async\" class=\"alignnone size-medium wp-image-26341\" src=\"https:\/\/www.askja-on-tour.ch\/wp-content\/uploads\/2025\/03\/Torres_del_Paine-043-1024x769.jpg\" alt=\"\" width=\"1024\" height=\"769\" srcset=\"https:\/\/www.askja-on-tour.ch\/wp-content\/uploads\/2025\/03\/Torres_del_Paine-043-1024x769.jpg 1024w, https:\/\/www.askja-on-tour.ch\/wp-content\/uploads\/2025\/03\/Torres_del_Paine-043-1600x1201.jpg 1600w, https:\/\/www.askja-on-tour.ch\/wp-content\/uploads\/2025\/03\/Torres_del_Paine-043-768x576.jpg 768w, https:\/\/www.askja-on-tour.ch\/wp-content\/uploads\/2025\/03\/Torres_del_Paine-043-1536x1153.jpg 1536w, https:\/\/www.askja-on-tour.ch\/wp-content\/uploads\/2025\/03\/Torres_del_Paine-043.jpg 2048w\" sizes=\"auto, (max-width: 1024px) 100vw, 1024px\" \/><\/p>\n<figure id=\"attachment_26342\" aria-describedby=\"caption-attachment-26342\" style=\"width: 1024px\" class=\"wp-caption alignnone\"><img loading=\"lazy\" decoding=\"async\" class=\"size-medium wp-image-26342\" src=\"https:\/\/www.askja-on-tour.ch\/wp-content\/uploads\/2025\/03\/Torres_del_Paine-044-1024x769.jpg\" alt=\"\" width=\"1024\" height=\"769\" srcset=\"https:\/\/www.askja-on-tour.ch\/wp-content\/uploads\/2025\/03\/Torres_del_Paine-044-1024x769.jpg 1024w, https:\/\/www.askja-on-tour.ch\/wp-content\/uploads\/2025\/03\/Torres_del_Paine-044-1600x1201.jpg 1600w, https:\/\/www.askja-on-tour.ch\/wp-content\/uploads\/2025\/03\/Torres_del_Paine-044-768x576.jpg 768w, https:\/\/www.askja-on-tour.ch\/wp-content\/uploads\/2025\/03\/Torres_del_Paine-044-1536x1153.jpg 1536w, https:\/\/www.askja-on-tour.ch\/wp-content\/uploads\/2025\/03\/Torres_del_Paine-044.jpg 2048w\" sizes=\"auto, (max-width: 1024px) 100vw, 1024px\" \/><figcaption id=\"caption-attachment-26342\" class=\"wp-caption-text\">&#8230; sieht etwas nach Schadenfreude aus<\/figcaption><\/figure>\n<figure id=\"attachment_26343\" aria-describedby=\"caption-attachment-26343\" style=\"width: 1024px\" class=\"wp-caption alignnone\"><img loading=\"lazy\" decoding=\"async\" class=\"size-medium wp-image-26343\" src=\"https:\/\/www.askja-on-tour.ch\/wp-content\/uploads\/2025\/03\/Torres_del_Paine-045-1024x768.jpg\" alt=\"\" width=\"1024\" height=\"768\" srcset=\"https:\/\/www.askja-on-tour.ch\/wp-content\/uploads\/2025\/03\/Torres_del_Paine-045-1024x768.jpg 1024w, https:\/\/www.askja-on-tour.ch\/wp-content\/uploads\/2025\/03\/Torres_del_Paine-045-1600x1200.jpg 1600w, https:\/\/www.askja-on-tour.ch\/wp-content\/uploads\/2025\/03\/Torres_del_Paine-045-768x576.jpg 768w, https:\/\/www.askja-on-tour.ch\/wp-content\/uploads\/2025\/03\/Torres_del_Paine-045-1536x1152.jpg 1536w, https:\/\/www.askja-on-tour.ch\/wp-content\/uploads\/2025\/03\/Torres_del_Paine-045.jpg 2048w\" sizes=\"auto, (max-width: 1024px) 100vw, 1024px\" \/><figcaption id=\"caption-attachment-26343\" class=\"wp-caption-text\">Einmalige und seltene Spiegelung mit den Torres del Paine<\/figcaption><\/figure>\n<figure id=\"attachment_26345\" aria-describedby=\"caption-attachment-26345\" style=\"width: 1024px\" class=\"wp-caption alignnone\"><img loading=\"lazy\" decoding=\"async\" class=\"size-medium wp-image-26345\" src=\"https:\/\/www.askja-on-tour.ch\/wp-content\/uploads\/2025\/03\/Torres_del_Paine-047-1024x768.jpg\" alt=\"\" width=\"1024\" height=\"768\" srcset=\"https:\/\/www.askja-on-tour.ch\/wp-content\/uploads\/2025\/03\/Torres_del_Paine-047-1024x768.jpg 1024w, https:\/\/www.askja-on-tour.ch\/wp-content\/uploads\/2025\/03\/Torres_del_Paine-047-1600x1200.jpg 1600w, https:\/\/www.askja-on-tour.ch\/wp-content\/uploads\/2025\/03\/Torres_del_Paine-047-768x576.jpg 768w, https:\/\/www.askja-on-tour.ch\/wp-content\/uploads\/2025\/03\/Torres_del_Paine-047-1536x1152.jpg 1536w, https:\/\/www.askja-on-tour.ch\/wp-content\/uploads\/2025\/03\/Torres_del_Paine-047.jpg 2048w\" sizes=\"auto, (max-width: 1024px) 100vw, 1024px\" \/><figcaption id=\"caption-attachment-26345\" class=\"wp-caption-text\">In diesem Haus ist unser Guide, Pepe, aufgewachsen.<\/figcaption><\/figure>\n<figure id=\"attachment_26350\" aria-describedby=\"caption-attachment-26350\" style=\"width: 1024px\" class=\"wp-caption alignnone\"><img loading=\"lazy\" decoding=\"async\" class=\"size-medium wp-image-26350\" src=\"https:\/\/www.askja-on-tour.ch\/wp-content\/uploads\/2025\/03\/Torres_del_Paine-052-1024x769.jpg\" alt=\"\" width=\"1024\" height=\"769\" srcset=\"https:\/\/www.askja-on-tour.ch\/wp-content\/uploads\/2025\/03\/Torres_del_Paine-052-1024x769.jpg 1024w, https:\/\/www.askja-on-tour.ch\/wp-content\/uploads\/2025\/03\/Torres_del_Paine-052-1600x1201.jpg 1600w, https:\/\/www.askja-on-tour.ch\/wp-content\/uploads\/2025\/03\/Torres_del_Paine-052-768x576.jpg 768w, https:\/\/www.askja-on-tour.ch\/wp-content\/uploads\/2025\/03\/Torres_del_Paine-052-1536x1153.jpg 1536w, https:\/\/www.askja-on-tour.ch\/wp-content\/uploads\/2025\/03\/Torres_del_Paine-052.jpg 2048w\" sizes=\"auto, (max-width: 1024px) 100vw, 1024px\" \/><figcaption id=\"caption-attachment-26350\" class=\"wp-caption-text\">&#8230; mein Name ist Hase<\/figcaption><\/figure>\n<p><img loading=\"lazy\" decoding=\"async\" class=\"alignnone size-medium wp-image-26351\" src=\"https:\/\/www.askja-on-tour.ch\/wp-content\/uploads\/2025\/03\/Torres_del_Paine-053-1024x768.jpg\" alt=\"\" width=\"1024\" height=\"768\" srcset=\"https:\/\/www.askja-on-tour.ch\/wp-content\/uploads\/2025\/03\/Torres_del_Paine-053-1024x768.jpg 1024w, https:\/\/www.askja-on-tour.ch\/wp-content\/uploads\/2025\/03\/Torres_del_Paine-053-1600x1200.jpg 1600w, https:\/\/www.askja-on-tour.ch\/wp-content\/uploads\/2025\/03\/Torres_del_Paine-053-768x576.jpg 768w, https:\/\/www.askja-on-tour.ch\/wp-content\/uploads\/2025\/03\/Torres_del_Paine-053-1536x1152.jpg 1536w, https:\/\/www.askja-on-tour.ch\/wp-content\/uploads\/2025\/03\/Torres_del_Paine-053.jpg 2048w\" sizes=\"auto, (max-width: 1024px) 100vw, 1024px\" \/><\/p>\n<figure id=\"attachment_26353\" aria-describedby=\"caption-attachment-26353\" style=\"width: 1024px\" class=\"wp-caption alignnone\"><img loading=\"lazy\" decoding=\"async\" class=\"size-medium wp-image-26353\" src=\"https:\/\/www.askja-on-tour.ch\/wp-content\/uploads\/2025\/03\/Torres_del_Paine-055-1024x768.jpg\" alt=\"\" width=\"1024\" height=\"768\" srcset=\"https:\/\/www.askja-on-tour.ch\/wp-content\/uploads\/2025\/03\/Torres_del_Paine-055-1024x768.jpg 1024w, https:\/\/www.askja-on-tour.ch\/wp-content\/uploads\/2025\/03\/Torres_del_Paine-055-1600x1200.jpg 1600w, https:\/\/www.askja-on-tour.ch\/wp-content\/uploads\/2025\/03\/Torres_del_Paine-055-768x576.jpg 768w, https:\/\/www.askja-on-tour.ch\/wp-content\/uploads\/2025\/03\/Torres_del_Paine-055-1536x1152.jpg 1536w, https:\/\/www.askja-on-tour.ch\/wp-content\/uploads\/2025\/03\/Torres_del_Paine-055.jpg 2048w\" sizes=\"auto, (max-width: 1024px) 100vw, 1024px\" \/><figcaption id=\"caption-attachment-26353\" class=\"wp-caption-text\">Ein G\u00fcrteltier &#8211; aber bisher haben wir sie nur auf Schildern oder Tot gesehen<\/figcaption><\/figure>\n<p>Nebst dem Puma sahen wir auch Guanakos \u2013 die Beute, hinter der die Pumas her sind, Crested Caracara (Schopf-Karakara), der zu den Falken geh\u00f6rt und Black-Chested Bussard-Eagle (Andenbussard), der in die Familie der Adler geh\u00f6rt.<\/p>\n<p>\u00a0<\/p>\n<figure id=\"attachment_26300\" aria-describedby=\"caption-attachment-26300\" style=\"width: 1024px\" class=\"wp-caption alignnone\"><img loading=\"lazy\" decoding=\"async\" class=\"size-medium wp-image-26300\" src=\"https:\/\/www.askja-on-tour.ch\/wp-content\/uploads\/2025\/03\/Torres_del_Paine-001-1024x769.jpg\" alt=\"\" width=\"1024\" height=\"769\" srcset=\"https:\/\/www.askja-on-tour.ch\/wp-content\/uploads\/2025\/03\/Torres_del_Paine-001-1024x769.jpg 1024w, https:\/\/www.askja-on-tour.ch\/wp-content\/uploads\/2025\/03\/Torres_del_Paine-001-1600x1201.jpg 1600w, https:\/\/www.askja-on-tour.ch\/wp-content\/uploads\/2025\/03\/Torres_del_Paine-001-768x576.jpg 768w, https:\/\/www.askja-on-tour.ch\/wp-content\/uploads\/2025\/03\/Torres_del_Paine-001-1536x1153.jpg 1536w, https:\/\/www.askja-on-tour.ch\/wp-content\/uploads\/2025\/03\/Torres_del_Paine-001.jpg 2048w\" sizes=\"auto, (max-width: 1024px) 100vw, 1024px\" \/><figcaption id=\"caption-attachment-26300\" class=\"wp-caption-text\">Black-Chested Bussard-Eagle (Andenbussard)<\/figcaption><\/figure>\n<p><img loading=\"lazy\" decoding=\"async\" class=\"alignnone size-medium wp-image-26344\" src=\"https:\/\/www.askja-on-tour.ch\/wp-content\/uploads\/2025\/03\/Torres_del_Paine-046-1024x769.jpg\" alt=\"\" width=\"1024\" height=\"769\" srcset=\"https:\/\/www.askja-on-tour.ch\/wp-content\/uploads\/2025\/03\/Torres_del_Paine-046-1024x769.jpg 1024w, https:\/\/www.askja-on-tour.ch\/wp-content\/uploads\/2025\/03\/Torres_del_Paine-046-1600x1201.jpg 1600w, https:\/\/www.askja-on-tour.ch\/wp-content\/uploads\/2025\/03\/Torres_del_Paine-046-768x576.jpg 768w, https:\/\/www.askja-on-tour.ch\/wp-content\/uploads\/2025\/03\/Torres_del_Paine-046-1536x1153.jpg 1536w, https:\/\/www.askja-on-tour.ch\/wp-content\/uploads\/2025\/03\/Torres_del_Paine-046.jpg 2048w\" sizes=\"auto, (max-width: 1024px) 100vw, 1024px\" \/><\/p>\n<p>Die letzte Nacht im Park genossen wir auf dem offiziellen Park-\/Stellplatz am Lago Azul.<\/p>\n<figure id=\"attachment_26347\" aria-describedby=\"caption-attachment-26347\" style=\"width: 768px\" class=\"wp-caption alignnone\"><img loading=\"lazy\" decoding=\"async\" class=\"size-medium wp-image-26347\" src=\"https:\/\/www.askja-on-tour.ch\/wp-content\/uploads\/2025\/03\/Torres_del_Paine-049-768x1024.jpg\" alt=\"\" width=\"768\" height=\"1024\" srcset=\"https:\/\/www.askja-on-tour.ch\/wp-content\/uploads\/2025\/03\/Torres_del_Paine-049-768x1024.jpg 768w, https:\/\/www.askja-on-tour.ch\/wp-content\/uploads\/2025\/03\/Torres_del_Paine-049-1200x1600.jpg 1200w, https:\/\/www.askja-on-tour.ch\/wp-content\/uploads\/2025\/03\/Torres_del_Paine-049-1152x1536.jpg 1152w, https:\/\/www.askja-on-tour.ch\/wp-content\/uploads\/2025\/03\/Torres_del_Paine-049.jpg 1536w\" sizes=\"auto, (max-width: 768px) 100vw, 768px\" \/><figcaption id=\"caption-attachment-26347\" class=\"wp-caption-text\">Die Torres im Morgenlicht<\/figcaption><\/figure>\n<p><img loading=\"lazy\" decoding=\"async\" class=\"alignnone size-medium wp-image-26348\" src=\"https:\/\/www.askja-on-tour.ch\/wp-content\/uploads\/2025\/03\/Torres_del_Paine-050-1024x341.jpg\" alt=\"\" width=\"1024\" height=\"341\" srcset=\"https:\/\/www.askja-on-tour.ch\/wp-content\/uploads\/2025\/03\/Torres_del_Paine-050-1024x341.jpg 1024w, https:\/\/www.askja-on-tour.ch\/wp-content\/uploads\/2025\/03\/Torres_del_Paine-050-1600x532.jpg 1600w, https:\/\/www.askja-on-tour.ch\/wp-content\/uploads\/2025\/03\/Torres_del_Paine-050-768x255.jpg 768w, https:\/\/www.askja-on-tour.ch\/wp-content\/uploads\/2025\/03\/Torres_del_Paine-050-1536x511.jpg 1536w, https:\/\/www.askja-on-tour.ch\/wp-content\/uploads\/2025\/03\/Torres_del_Paine-050.jpg 2048w\" sizes=\"auto, (max-width: 1024px) 100vw, 1024px\" \/><\/p>\n<figure id=\"attachment_26349\" aria-describedby=\"caption-attachment-26349\" style=\"width: 1024px\" class=\"wp-caption alignnone\"><img loading=\"lazy\" decoding=\"async\" class=\"size-medium wp-image-26349\" src=\"https:\/\/www.askja-on-tour.ch\/wp-content\/uploads\/2025\/03\/Torres_del_Paine-051-1024x768.jpg\" alt=\"\" width=\"1024\" height=\"768\" srcset=\"https:\/\/www.askja-on-tour.ch\/wp-content\/uploads\/2025\/03\/Torres_del_Paine-051-1024x768.jpg 1024w, https:\/\/www.askja-on-tour.ch\/wp-content\/uploads\/2025\/03\/Torres_del_Paine-051-1600x1200.jpg 1600w, https:\/\/www.askja-on-tour.ch\/wp-content\/uploads\/2025\/03\/Torres_del_Paine-051-768x576.jpg 768w, https:\/\/www.askja-on-tour.ch\/wp-content\/uploads\/2025\/03\/Torres_del_Paine-051-1536x1152.jpg 1536w, https:\/\/www.askja-on-tour.ch\/wp-content\/uploads\/2025\/03\/Torres_del_Paine-051.jpg 2048w\" sizes=\"auto, (max-width: 1024px) 100vw, 1024px\" \/><figcaption id=\"caption-attachment-26349\" class=\"wp-caption-text\">Unser sch\u00f6ner Platz am Lago Azul<\/figcaption><\/figure>\n<p>Am Morgen sind wir aus dem Park rausgefahren. Auf dem Weg sahen wir pl\u00f6tzlich grosse V\u00f6gel am Boden \u2013 es waren Andenkondore, die sich an einem toten Schaf g\u00fctlich taten, das wohl am fr\u00fchen Morgen von einem Puma gerissen wurde. Die Andenkondore geh\u00f6ren zu den Geiern und haben ein Gewicht von bis zu 15 kg und weisen eine Fl\u00fcgelspannweite von gut 3 m auf.<\/p>\n<figure id=\"attachment_26354\" aria-describedby=\"caption-attachment-26354\" style=\"width: 1024px\" class=\"wp-caption alignnone\"><img loading=\"lazy\" decoding=\"async\" class=\"size-medium wp-image-26354\" src=\"https:\/\/www.askja-on-tour.ch\/wp-content\/uploads\/2025\/03\/Torres_del_Paine-056-1024x769.jpg\" alt=\"\" width=\"1024\" height=\"769\" srcset=\"https:\/\/www.askja-on-tour.ch\/wp-content\/uploads\/2025\/03\/Torres_del_Paine-056-1024x769.jpg 1024w, https:\/\/www.askja-on-tour.ch\/wp-content\/uploads\/2025\/03\/Torres_del_Paine-056-1600x1201.jpg 1600w, https:\/\/www.askja-on-tour.ch\/wp-content\/uploads\/2025\/03\/Torres_del_Paine-056-768x576.jpg 768w, https:\/\/www.askja-on-tour.ch\/wp-content\/uploads\/2025\/03\/Torres_del_Paine-056-1536x1153.jpg 1536w, https:\/\/www.askja-on-tour.ch\/wp-content\/uploads\/2025\/03\/Torres_del_Paine-056.jpg 2048w\" sizes=\"auto, (max-width: 1024px) 100vw, 1024px\" \/><figcaption id=\"caption-attachment-26354\" class=\"wp-caption-text\">Und die Andencondore sind ein Festlaune<\/figcaption><\/figure>\n<p><img loading=\"lazy\" decoding=\"async\" class=\"alignnone size-medium wp-image-26355\" src=\"https:\/\/www.askja-on-tour.ch\/wp-content\/uploads\/2025\/03\/Torres_del_Paine-057-1024x769.jpg\" alt=\"\" width=\"1024\" height=\"769\" srcset=\"https:\/\/www.askja-on-tour.ch\/wp-content\/uploads\/2025\/03\/Torres_del_Paine-057-1024x769.jpg 1024w, https:\/\/www.askja-on-tour.ch\/wp-content\/uploads\/2025\/03\/Torres_del_Paine-057-1600x1201.jpg 1600w, https:\/\/www.askja-on-tour.ch\/wp-content\/uploads\/2025\/03\/Torres_del_Paine-057-768x576.jpg 768w, https:\/\/www.askja-on-tour.ch\/wp-content\/uploads\/2025\/03\/Torres_del_Paine-057-1536x1153.jpg 1536w, https:\/\/www.askja-on-tour.ch\/wp-content\/uploads\/2025\/03\/Torres_del_Paine-057.jpg 2048w\" sizes=\"auto, (max-width: 1024px) 100vw, 1024px\" \/> <img loading=\"lazy\" decoding=\"async\" class=\"alignnone size-medium wp-image-26356\" src=\"https:\/\/www.askja-on-tour.ch\/wp-content\/uploads\/2025\/03\/Torres_del_Paine-058-1024x769.jpg\" alt=\"\" width=\"1024\" height=\"769\" srcset=\"https:\/\/www.askja-on-tour.ch\/wp-content\/uploads\/2025\/03\/Torres_del_Paine-058-1024x769.jpg 1024w, https:\/\/www.askja-on-tour.ch\/wp-content\/uploads\/2025\/03\/Torres_del_Paine-058-1600x1201.jpg 1600w, https:\/\/www.askja-on-tour.ch\/wp-content\/uploads\/2025\/03\/Torres_del_Paine-058-768x576.jpg 768w, https:\/\/www.askja-on-tour.ch\/wp-content\/uploads\/2025\/03\/Torres_del_Paine-058-1536x1153.jpg 1536w, https:\/\/www.askja-on-tour.ch\/wp-content\/uploads\/2025\/03\/Torres_del_Paine-058.jpg 2048w\" sizes=\"auto, (max-width: 1024px) 100vw, 1024px\" \/><\/p>\n<figure id=\"attachment_26357\" aria-describedby=\"caption-attachment-26357\" style=\"width: 1024px\" class=\"wp-caption alignnone\"><img loading=\"lazy\" decoding=\"async\" class=\"size-medium wp-image-26357\" src=\"https:\/\/www.askja-on-tour.ch\/wp-content\/uploads\/2025\/03\/Torres_del_Paine-059-1024x769.jpg\" alt=\"\" width=\"1024\" height=\"769\" srcset=\"https:\/\/www.askja-on-tour.ch\/wp-content\/uploads\/2025\/03\/Torres_del_Paine-059-1024x769.jpg 1024w, https:\/\/www.askja-on-tour.ch\/wp-content\/uploads\/2025\/03\/Torres_del_Paine-059-1600x1201.jpg 1600w, https:\/\/www.askja-on-tour.ch\/wp-content\/uploads\/2025\/03\/Torres_del_Paine-059-768x576.jpg 768w, https:\/\/www.askja-on-tour.ch\/wp-content\/uploads\/2025\/03\/Torres_del_Paine-059-1536x1153.jpg 1536w, https:\/\/www.askja-on-tour.ch\/wp-content\/uploads\/2025\/03\/Torres_del_Paine-059.jpg 2048w\" sizes=\"auto, (max-width: 1024px) 100vw, 1024px\" \/><figcaption id=\"caption-attachment-26357\" class=\"wp-caption-text\">Ein Zorro oder eben Fuchs hat auch noch etwas vom Schaf abgekommen<\/figcaption><\/figure>\n<p><img loading=\"lazy\" decoding=\"async\" class=\"alignnone size-medium wp-image-26358\" src=\"https:\/\/www.askja-on-tour.ch\/wp-content\/uploads\/2025\/03\/Torres_del_Paine-060-1024x769.jpg\" alt=\"\" width=\"1024\" height=\"769\" srcset=\"https:\/\/www.askja-on-tour.ch\/wp-content\/uploads\/2025\/03\/Torres_del_Paine-060-1024x769.jpg 1024w, https:\/\/www.askja-on-tour.ch\/wp-content\/uploads\/2025\/03\/Torres_del_Paine-060-1600x1201.jpg 1600w, https:\/\/www.askja-on-tour.ch\/wp-content\/uploads\/2025\/03\/Torres_del_Paine-060-768x576.jpg 768w, https:\/\/www.askja-on-tour.ch\/wp-content\/uploads\/2025\/03\/Torres_del_Paine-060-1536x1153.jpg 1536w, https:\/\/www.askja-on-tour.ch\/wp-content\/uploads\/2025\/03\/Torres_del_Paine-060.jpg 2048w\" sizes=\"auto, (max-width: 1024px) 100vw, 1024px\" \/> <img loading=\"lazy\" decoding=\"async\" class=\"alignnone size-medium wp-image-26359\" src=\"https:\/\/www.askja-on-tour.ch\/wp-content\/uploads\/2025\/03\/Torres_del_Paine-061-1024x769.jpg\" alt=\"\" width=\"1024\" height=\"769\" srcset=\"https:\/\/www.askja-on-tour.ch\/wp-content\/uploads\/2025\/03\/Torres_del_Paine-061-1024x769.jpg 1024w, https:\/\/www.askja-on-tour.ch\/wp-content\/uploads\/2025\/03\/Torres_del_Paine-061-1600x1201.jpg 1600w, https:\/\/www.askja-on-tour.ch\/wp-content\/uploads\/2025\/03\/Torres_del_Paine-061-768x576.jpg 768w, https:\/\/www.askja-on-tour.ch\/wp-content\/uploads\/2025\/03\/Torres_del_Paine-061-1536x1153.jpg 1536w, https:\/\/www.askja-on-tour.ch\/wp-content\/uploads\/2025\/03\/Torres_del_Paine-061.jpg 2048w\" sizes=\"auto, (max-width: 1024px) 100vw, 1024px\" \/> <img loading=\"lazy\" decoding=\"async\" class=\"alignnone size-medium wp-image-26360\" src=\"https:\/\/www.askja-on-tour.ch\/wp-content\/uploads\/2025\/03\/Torres_del_Paine-062-1024x769.jpg\" alt=\"\" width=\"1024\" height=\"769\" srcset=\"https:\/\/www.askja-on-tour.ch\/wp-content\/uploads\/2025\/03\/Torres_del_Paine-062-1024x769.jpg 1024w, https:\/\/www.askja-on-tour.ch\/wp-content\/uploads\/2025\/03\/Torres_del_Paine-062-1600x1201.jpg 1600w, https:\/\/www.askja-on-tour.ch\/wp-content\/uploads\/2025\/03\/Torres_del_Paine-062-768x576.jpg 768w, https:\/\/www.askja-on-tour.ch\/wp-content\/uploads\/2025\/03\/Torres_del_Paine-062-1536x1153.jpg 1536w, https:\/\/www.askja-on-tour.ch\/wp-content\/uploads\/2025\/03\/Torres_del_Paine-062.jpg 2048w\" sizes=\"auto, (max-width: 1024px) 100vw, 1024px\" \/> <img loading=\"lazy\" decoding=\"async\" class=\"alignnone size-medium wp-image-26361\" src=\"https:\/\/www.askja-on-tour.ch\/wp-content\/uploads\/2025\/03\/Torres_del_Paine-063-1024x769.jpg\" alt=\"\" width=\"1024\" height=\"769\" srcset=\"https:\/\/www.askja-on-tour.ch\/wp-content\/uploads\/2025\/03\/Torres_del_Paine-063-1024x769.jpg 1024w, https:\/\/www.askja-on-tour.ch\/wp-content\/uploads\/2025\/03\/Torres_del_Paine-063-1600x1201.jpg 1600w, https:\/\/www.askja-on-tour.ch\/wp-content\/uploads\/2025\/03\/Torres_del_Paine-063-768x576.jpg 768w, https:\/\/www.askja-on-tour.ch\/wp-content\/uploads\/2025\/03\/Torres_del_Paine-063-1536x1153.jpg 1536w, https:\/\/www.askja-on-tour.ch\/wp-content\/uploads\/2025\/03\/Torres_del_Paine-063.jpg 2048w\" sizes=\"auto, (max-width: 1024px) 100vw, 1024px\" \/> <img loading=\"lazy\" decoding=\"async\" class=\"alignnone size-medium wp-image-26362\" src=\"https:\/\/www.askja-on-tour.ch\/wp-content\/uploads\/2025\/03\/Torres_del_Paine-064-768x1024.jpg\" alt=\"\" width=\"768\" height=\"1024\" srcset=\"https:\/\/www.askja-on-tour.ch\/wp-content\/uploads\/2025\/03\/Torres_del_Paine-064-768x1024.jpg 768w, https:\/\/www.askja-on-tour.ch\/wp-content\/uploads\/2025\/03\/Torres_del_Paine-064-1200x1600.jpg 1200w, https:\/\/www.askja-on-tour.ch\/wp-content\/uploads\/2025\/03\/Torres_del_Paine-064-1152x1536.jpg 1152w, https:\/\/www.askja-on-tour.ch\/wp-content\/uploads\/2025\/03\/Torres_del_Paine-064.jpg 1536w\" sizes=\"auto, (max-width: 768px) 100vw, 768px\" \/> <img loading=\"lazy\" decoding=\"async\" class=\"alignnone size-medium wp-image-26363\" src=\"https:\/\/www.askja-on-tour.ch\/wp-content\/uploads\/2025\/03\/Torres_del_Paine-065-1024x769.jpg\" alt=\"\" width=\"1024\" height=\"769\" srcset=\"https:\/\/www.askja-on-tour.ch\/wp-content\/uploads\/2025\/03\/Torres_del_Paine-065-1024x769.jpg 1024w, https:\/\/www.askja-on-tour.ch\/wp-content\/uploads\/2025\/03\/Torres_del_Paine-065-1600x1201.jpg 1600w, https:\/\/www.askja-on-tour.ch\/wp-content\/uploads\/2025\/03\/Torres_del_Paine-065-768x576.jpg 768w, https:\/\/www.askja-on-tour.ch\/wp-content\/uploads\/2025\/03\/Torres_del_Paine-065-1536x1153.jpg 1536w, https:\/\/www.askja-on-tour.ch\/wp-content\/uploads\/2025\/03\/Torres_del_Paine-065.jpg 2048w\" sizes=\"auto, (max-width: 1024px) 100vw, 1024px\" \/><\/p>\n<figure id=\"attachment_26364\" aria-describedby=\"caption-attachment-26364\" style=\"width: 1024px\" class=\"wp-caption alignnone\"><img loading=\"lazy\" decoding=\"async\" class=\"size-medium wp-image-26364\" src=\"https:\/\/www.askja-on-tour.ch\/wp-content\/uploads\/2025\/03\/Torres_del_Paine-066-1024x769.jpg\" alt=\"\" width=\"1024\" height=\"769\" srcset=\"https:\/\/www.askja-on-tour.ch\/wp-content\/uploads\/2025\/03\/Torres_del_Paine-066-1024x769.jpg 1024w, https:\/\/www.askja-on-tour.ch\/wp-content\/uploads\/2025\/03\/Torres_del_Paine-066-1600x1201.jpg 1600w, https:\/\/www.askja-on-tour.ch\/wp-content\/uploads\/2025\/03\/Torres_del_Paine-066-768x576.jpg 768w, https:\/\/www.askja-on-tour.ch\/wp-content\/uploads\/2025\/03\/Torres_del_Paine-066-1536x1153.jpg 1536w, https:\/\/www.askja-on-tour.ch\/wp-content\/uploads\/2025\/03\/Torres_del_Paine-066.jpg 2048w\" sizes=\"auto, (max-width: 1024px) 100vw, 1024px\" \/><figcaption id=\"caption-attachment-26364\" class=\"wp-caption-text\">Der Bauer stellt den Verlust seines Schafes fest<\/figcaption><\/figure>\n<p>Und weiter geht es nach El Calafate zum Perito Moreno Gletscher \u2013 im n\u00e4chsten Blog.<\/p>\n<figure id=\"attachment_26365\" aria-describedby=\"caption-attachment-26365\" style=\"width: 1024px\" class=\"wp-caption alignnone\"><img loading=\"lazy\" decoding=\"async\" class=\"size-medium wp-image-26365\" src=\"https:\/\/www.askja-on-tour.ch\/wp-content\/uploads\/2025\/03\/Torres_del_Paine-067-1024x768.jpg\" alt=\"\" width=\"1024\" height=\"768\" srcset=\"https:\/\/www.askja-on-tour.ch\/wp-content\/uploads\/2025\/03\/Torres_del_Paine-067-1024x768.jpg 1024w, https:\/\/www.askja-on-tour.ch\/wp-content\/uploads\/2025\/03\/Torres_del_Paine-067-1600x1200.jpg 1600w, https:\/\/www.askja-on-tour.ch\/wp-content\/uploads\/2025\/03\/Torres_del_Paine-067-768x576.jpg 768w, https:\/\/www.askja-on-tour.ch\/wp-content\/uploads\/2025\/03\/Torres_del_Paine-067-1536x1152.jpg 1536w, https:\/\/www.askja-on-tour.ch\/wp-content\/uploads\/2025\/03\/Torres_del_Paine-067.jpg 2048w\" sizes=\"auto, (max-width: 1024px) 100vw, 1024px\" \/><figcaption id=\"caption-attachment-26365\" class=\"wp-caption-text\">Und von Chile geht es wieder nach Argentinien \u00fcber den kleinen Grenz\u00fcbergang Cerro Castillo<\/figcaption><\/figure>\n","protected":false},"excerpt":{"rendered":"<p>Fr\u00fch morgens fuhren wir zum Torres del Paine Nationalpark. Der Nationalpark ist 1&#8217;814 km2 gross und beeindruckt mit seiner vielf\u00e4ltigen Landschaft mit Seen, Berge, Fl\u00fcsse, Gletscher, W\u00e4lder; aber auch der Hoffnung, Pumas zu sehen. Der Hauptanziehungspunkt sind die \u201eTorres del<\/p>\n","protected":false},"author":3,"featured_media":0,"comment_status":"open","ping_status":"closed","sticky":false,"template":"","format":"standard","meta":{"footnotes":""},"categories":[57],"tags":[],"class_list":["post-26298","post","type-post","status-publish","format-standard","hentry","category-chile_2025"],"_links":{"self":[{"href":"https:\/\/www.askja-on-tour.ch\/index.php?rest_route=\/wp\/v2\/posts\/26298","targetHints":{"allow":["GET"]}}],"collection":[{"href":"https:\/\/www.askja-on-tour.ch\/index.php?rest_route=\/wp\/v2\/posts"}],"about":[{"href":"https:\/\/www.askja-on-tour.ch\/index.php?rest_route=\/wp\/v2\/types\/post"}],"author":[{"embeddable":true,"href":"https:\/\/www.askja-on-tour.ch\/index.php?rest_route=\/wp\/v2\/users\/3"}],"replies":[{"embeddable":true,"href":"https:\/\/www.askja-on-tour.ch\/index.php?rest_route=%2Fwp%2Fv2%2Fcomments&post=26298"}],"version-history":[{"count":2,"href":"https:\/\/www.askja-on-tour.ch\/index.php?rest_route=\/wp\/v2\/posts\/26298\/revisions"}],"predecessor-version":[{"id":26368,"href":"https:\/\/www.askja-on-tour.ch\/index.php?rest_route=\/wp\/v2\/posts\/26298\/revisions\/26368"}],"wp:attachment":[{"href":"https:\/\/www.askja-on-tour.ch\/index.php?rest_route=%2Fwp%2Fv2%2Fmedia&parent=26298"}],"wp:term":[{"taxonomy":"category","embeddable":true,"href":"https:\/\/www.askja-on-tour.ch\/index.php?rest_route=%2Fwp%2Fv2%2Fcategories&post=26298"},{"taxonomy":"post_tag","embeddable":true,"href":"https:\/\/www.askja-on-tour.ch\/index.php?rest_route=%2Fwp%2Fv2%2Ftags&post=26298"}],"curies":[{"name":"wp","href":"https:\/\/api.w.org\/{rel}","templated":true}]}}