{"id":25462,"date":"2025-02-06T22:03:38","date_gmt":"2025-02-06T22:03:38","guid":{"rendered":"https:\/\/www.askja-on-tour.ch\/?p=25462"},"modified":"2025-02-06T22:10:45","modified_gmt":"2025-02-06T22:10:45","slug":"06-02-2025-eine-schoene-wenn-auch-kurze-wanderung-im-nationalpark-los-alerces","status":"publish","type":"post","link":"https:\/\/www.askja-on-tour.ch\/?p=25462","title":{"rendered":"06.02.2025: Eine sch\u00f6ne, wenn auch kurze Wanderung im Nationalpark Los Alerces"},"content":{"rendered":"\n<p><a href=\"https:\/\/www.google.com\/maps\/d\/edit?mid=1Y30xUB5KjCIs6BX7UzqN6qqF1HW0-IQ&amp;usp=sharing\" target=\"_blank\" rel=\"noopener\">Link zur Karte mit unserer Reiseroute<\/a><\/p>\n<p>Das Wetter zeigt sich heute von seiner Schokoladenseite und wir konnten unsere Wanderung im Nationalpark Los Alerces machen.<\/p>\n<p><img loading=\"lazy\" decoding=\"async\" class=\"alignnone size-medium wp-image-25470\" src=\"https:\/\/www.askja-on-tour.ch\/wp-content\/uploads\/2025\/02\/Los_alerces_Tag2-007-1024x768.jpg\" alt=\"\" width=\"1024\" height=\"768\" srcset=\"https:\/\/www.askja-on-tour.ch\/wp-content\/uploads\/2025\/02\/Los_alerces_Tag2-007-1024x768.jpg 1024w, https:\/\/www.askja-on-tour.ch\/wp-content\/uploads\/2025\/02\/Los_alerces_Tag2-007-1600x1200.jpg 1600w, https:\/\/www.askja-on-tour.ch\/wp-content\/uploads\/2025\/02\/Los_alerces_Tag2-007-768x576.jpg 768w, https:\/\/www.askja-on-tour.ch\/wp-content\/uploads\/2025\/02\/Los_alerces_Tag2-007-1536x1152.jpg 1536w, https:\/\/www.askja-on-tour.ch\/wp-content\/uploads\/2025\/02\/Los_alerces_Tag2-007.jpg 2048w\" sizes=\"auto, (max-width: 1024px) 100vw, 1024px\" \/><\/p>\n<p>Wir sind gut 8 km auf einem abwechslungsreichen Weg durch einen tollen Wald gelaufen, der immer wieder eine einmalige Aussicht auf den Lago Men\u00e9ndez und auf den Lago Verde geboten hat.<\/p>\n<figure id=\"attachment_25466\" aria-describedby=\"caption-attachment-25466\" style=\"width: 1024px\" class=\"wp-caption alignnone\"><img loading=\"lazy\" decoding=\"async\" class=\"size-medium wp-image-25466\" src=\"https:\/\/www.askja-on-tour.ch\/wp-content\/uploads\/2025\/02\/Los_alerces_Tag2-003-1024x768.jpg\" alt=\"\" width=\"1024\" height=\"768\" srcset=\"https:\/\/www.askja-on-tour.ch\/wp-content\/uploads\/2025\/02\/Los_alerces_Tag2-003-1024x768.jpg 1024w, https:\/\/www.askja-on-tour.ch\/wp-content\/uploads\/2025\/02\/Los_alerces_Tag2-003-1600x1200.jpg 1600w, https:\/\/www.askja-on-tour.ch\/wp-content\/uploads\/2025\/02\/Los_alerces_Tag2-003-768x576.jpg 768w, https:\/\/www.askja-on-tour.ch\/wp-content\/uploads\/2025\/02\/Los_alerces_Tag2-003-1536x1152.jpg 1536w, https:\/\/www.askja-on-tour.ch\/wp-content\/uploads\/2025\/02\/Los_alerces_Tag2-003.jpg 2048w\" sizes=\"auto, (max-width: 1024px) 100vw, 1024px\" \/><figcaption id=\"caption-attachment-25466\" class=\"wp-caption-text\">Einmalige Blicke auf den Lago Men\u00e9ndez und den Lago Verde<\/figcaption><\/figure>\n<p><img loading=\"lazy\" decoding=\"async\" class=\"alignnone size-medium wp-image-25467\" src=\"https:\/\/www.askja-on-tour.ch\/wp-content\/uploads\/2025\/02\/Los_alerces_Tag2-004-1024x768.jpg\" alt=\"\" width=\"1024\" height=\"768\" srcset=\"https:\/\/www.askja-on-tour.ch\/wp-content\/uploads\/2025\/02\/Los_alerces_Tag2-004-1024x768.jpg 1024w, https:\/\/www.askja-on-tour.ch\/wp-content\/uploads\/2025\/02\/Los_alerces_Tag2-004-1600x1200.jpg 1600w, https:\/\/www.askja-on-tour.ch\/wp-content\/uploads\/2025\/02\/Los_alerces_Tag2-004-768x576.jpg 768w, https:\/\/www.askja-on-tour.ch\/wp-content\/uploads\/2025\/02\/Los_alerces_Tag2-004-1536x1152.jpg 1536w, https:\/\/www.askja-on-tour.ch\/wp-content\/uploads\/2025\/02\/Los_alerces_Tag2-004.jpg 2048w\" sizes=\"auto, (max-width: 1024px) 100vw, 1024px\" \/><\/p>\n<figure id=\"attachment_25468\" aria-describedby=\"caption-attachment-25468\" style=\"width: 1024px\" class=\"wp-caption alignnone\"><img loading=\"lazy\" decoding=\"async\" class=\"size-medium wp-image-25468\" src=\"https:\/\/www.askja-on-tour.ch\/wp-content\/uploads\/2025\/02\/Los_alerces_Tag2-005-1024x768.jpg\" alt=\"\" width=\"1024\" height=\"768\" srcset=\"https:\/\/www.askja-on-tour.ch\/wp-content\/uploads\/2025\/02\/Los_alerces_Tag2-005-1024x768.jpg 1024w, https:\/\/www.askja-on-tour.ch\/wp-content\/uploads\/2025\/02\/Los_alerces_Tag2-005-1600x1200.jpg 1600w, https:\/\/www.askja-on-tour.ch\/wp-content\/uploads\/2025\/02\/Los_alerces_Tag2-005-768x576.jpg 768w, https:\/\/www.askja-on-tour.ch\/wp-content\/uploads\/2025\/02\/Los_alerces_Tag2-005-1536x1152.jpg 1536w, https:\/\/www.askja-on-tour.ch\/wp-content\/uploads\/2025\/02\/Los_alerces_Tag2-005.jpg 2048w\" sizes=\"auto, (max-width: 1024px) 100vw, 1024px\" \/><figcaption id=\"caption-attachment-25468\" class=\"wp-caption-text\">Wilde Brombeere<\/figcaption><\/figure>\n<p><img loading=\"lazy\" decoding=\"async\" class=\"alignnone size-medium wp-image-25469\" src=\"https:\/\/www.askja-on-tour.ch\/wp-content\/uploads\/2025\/02\/Los_alerces_Tag2-006-1024x768.jpg\" alt=\"\" width=\"1024\" height=\"768\" srcset=\"https:\/\/www.askja-on-tour.ch\/wp-content\/uploads\/2025\/02\/Los_alerces_Tag2-006-1024x768.jpg 1024w, https:\/\/www.askja-on-tour.ch\/wp-content\/uploads\/2025\/02\/Los_alerces_Tag2-006-1600x1200.jpg 1600w, https:\/\/www.askja-on-tour.ch\/wp-content\/uploads\/2025\/02\/Los_alerces_Tag2-006-768x576.jpg 768w, https:\/\/www.askja-on-tour.ch\/wp-content\/uploads\/2025\/02\/Los_alerces_Tag2-006-1536x1152.jpg 1536w, https:\/\/www.askja-on-tour.ch\/wp-content\/uploads\/2025\/02\/Los_alerces_Tag2-006.jpg 2048w\" sizes=\"auto, (max-width: 1024px) 100vw, 1024px\" \/><\/p>\n<figure id=\"attachment_25471\" aria-describedby=\"caption-attachment-25471\" style=\"width: 768px\" class=\"wp-caption alignnone\"><img loading=\"lazy\" decoding=\"async\" class=\"size-medium wp-image-25471\" src=\"https:\/\/www.askja-on-tour.ch\/wp-content\/uploads\/2025\/02\/Los_alerces_Tag2-008-768x1024.jpg\" alt=\"\" width=\"768\" height=\"1024\" srcset=\"https:\/\/www.askja-on-tour.ch\/wp-content\/uploads\/2025\/02\/Los_alerces_Tag2-008-768x1024.jpg 768w, https:\/\/www.askja-on-tour.ch\/wp-content\/uploads\/2025\/02\/Los_alerces_Tag2-008-1200x1600.jpg 1200w, https:\/\/www.askja-on-tour.ch\/wp-content\/uploads\/2025\/02\/Los_alerces_Tag2-008-1152x1536.jpg 1152w, https:\/\/www.askja-on-tour.ch\/wp-content\/uploads\/2025\/02\/Los_alerces_Tag2-008.jpg 1536w\" sizes=\"auto, (max-width: 768px) 100vw, 768px\" \/><figcaption id=\"caption-attachment-25471\" class=\"wp-caption-text\">Die H\u00e4ngebr\u00fccke \u00fcber den Rio Arrayanes<\/figcaption><\/figure>\n<p><img loading=\"lazy\" decoding=\"async\" class=\"alignnone size-medium wp-image-25472\" src=\"https:\/\/www.askja-on-tour.ch\/wp-content\/uploads\/2025\/02\/Los_alerces_Tag2-009-1024x768.jpg\" alt=\"\" width=\"1024\" height=\"768\" srcset=\"https:\/\/www.askja-on-tour.ch\/wp-content\/uploads\/2025\/02\/Los_alerces_Tag2-009-1024x768.jpg 1024w, https:\/\/www.askja-on-tour.ch\/wp-content\/uploads\/2025\/02\/Los_alerces_Tag2-009-1600x1200.jpg 1600w, https:\/\/www.askja-on-tour.ch\/wp-content\/uploads\/2025\/02\/Los_alerces_Tag2-009-768x576.jpg 768w, https:\/\/www.askja-on-tour.ch\/wp-content\/uploads\/2025\/02\/Los_alerces_Tag2-009-1536x1152.jpg 1536w, https:\/\/www.askja-on-tour.ch\/wp-content\/uploads\/2025\/02\/Los_alerces_Tag2-009.jpg 2048w\" sizes=\"auto, (max-width: 1024px) 100vw, 1024px\" \/> <img loading=\"lazy\" decoding=\"async\" class=\"alignnone size-medium wp-image-25474\" src=\"https:\/\/www.askja-on-tour.ch\/wp-content\/uploads\/2025\/02\/Los_alerces_Tag2-011-1024x768.jpg\" alt=\"\" width=\"1024\" height=\"768\" srcset=\"https:\/\/www.askja-on-tour.ch\/wp-content\/uploads\/2025\/02\/Los_alerces_Tag2-011-1024x768.jpg 1024w, https:\/\/www.askja-on-tour.ch\/wp-content\/uploads\/2025\/02\/Los_alerces_Tag2-011-1600x1200.jpg 1600w, https:\/\/www.askja-on-tour.ch\/wp-content\/uploads\/2025\/02\/Los_alerces_Tag2-011-768x576.jpg 768w, https:\/\/www.askja-on-tour.ch\/wp-content\/uploads\/2025\/02\/Los_alerces_Tag2-011-1536x1152.jpg 1536w, https:\/\/www.askja-on-tour.ch\/wp-content\/uploads\/2025\/02\/Los_alerces_Tag2-011.jpg 2048w\" sizes=\"auto, (max-width: 1024px) 100vw, 1024px\" \/> <img loading=\"lazy\" decoding=\"async\" class=\"alignnone size-medium wp-image-25475\" src=\"https:\/\/www.askja-on-tour.ch\/wp-content\/uploads\/2025\/02\/Los_alerces_Tag2-012-768x1024.jpg\" alt=\"\" width=\"768\" height=\"1024\" srcset=\"https:\/\/www.askja-on-tour.ch\/wp-content\/uploads\/2025\/02\/Los_alerces_Tag2-012-768x1024.jpg 768w, https:\/\/www.askja-on-tour.ch\/wp-content\/uploads\/2025\/02\/Los_alerces_Tag2-012-1200x1600.jpg 1200w, https:\/\/www.askja-on-tour.ch\/wp-content\/uploads\/2025\/02\/Los_alerces_Tag2-012-1152x1536.jpg 1152w, https:\/\/www.askja-on-tour.ch\/wp-content\/uploads\/2025\/02\/Los_alerces_Tag2-012.jpg 1536w\" sizes=\"auto, (max-width: 768px) 100vw, 768px\" \/><\/p>\n<figure id=\"attachment_25476\" aria-describedby=\"caption-attachment-25476\" style=\"width: 768px\" class=\"wp-caption alignnone\"><img loading=\"lazy\" decoding=\"async\" class=\"size-medium wp-image-25476\" src=\"https:\/\/www.askja-on-tour.ch\/wp-content\/uploads\/2025\/02\/Los_alerces_Tag2-013-768x1024.jpg\" alt=\"\" width=\"768\" height=\"1024\" srcset=\"https:\/\/www.askja-on-tour.ch\/wp-content\/uploads\/2025\/02\/Los_alerces_Tag2-013-768x1024.jpg 768w, https:\/\/www.askja-on-tour.ch\/wp-content\/uploads\/2025\/02\/Los_alerces_Tag2-013-1200x1600.jpg 1200w, https:\/\/www.askja-on-tour.ch\/wp-content\/uploads\/2025\/02\/Los_alerces_Tag2-013-1152x1536.jpg 1152w, https:\/\/www.askja-on-tour.ch\/wp-content\/uploads\/2025\/02\/Los_alerces_Tag2-013.jpg 1536w\" sizes=\"auto, (max-width: 768px) 100vw, 768px\" \/><figcaption id=\"caption-attachment-25476\" class=\"wp-caption-text\">Sch\u00f6ne Flechten<\/figcaption><\/figure>\n<p><img loading=\"lazy\" decoding=\"async\" class=\"alignnone size-medium wp-image-25480\" src=\"https:\/\/www.askja-on-tour.ch\/wp-content\/uploads\/2025\/02\/Los_alerces_Tag2-017-1024x768.jpg\" alt=\"\" width=\"1024\" height=\"768\" srcset=\"https:\/\/www.askja-on-tour.ch\/wp-content\/uploads\/2025\/02\/Los_alerces_Tag2-017-1024x768.jpg 1024w, https:\/\/www.askja-on-tour.ch\/wp-content\/uploads\/2025\/02\/Los_alerces_Tag2-017-1600x1200.jpg 1600w, https:\/\/www.askja-on-tour.ch\/wp-content\/uploads\/2025\/02\/Los_alerces_Tag2-017-768x576.jpg 768w, https:\/\/www.askja-on-tour.ch\/wp-content\/uploads\/2025\/02\/Los_alerces_Tag2-017-1536x1152.jpg 1536w, https:\/\/www.askja-on-tour.ch\/wp-content\/uploads\/2025\/02\/Los_alerces_Tag2-017.jpg 2048w\" sizes=\"auto, (max-width: 1024px) 100vw, 1024px\" \/> <img loading=\"lazy\" decoding=\"async\" class=\"alignnone size-medium wp-image-25485\" src=\"https:\/\/www.askja-on-tour.ch\/wp-content\/uploads\/2025\/02\/Los_alerces_Tag2-022-768x1024.jpg\" alt=\"\" width=\"768\" height=\"1024\" srcset=\"https:\/\/www.askja-on-tour.ch\/wp-content\/uploads\/2025\/02\/Los_alerces_Tag2-022-768x1024.jpg 768w, https:\/\/www.askja-on-tour.ch\/wp-content\/uploads\/2025\/02\/Los_alerces_Tag2-022-1200x1600.jpg 1200w, https:\/\/www.askja-on-tour.ch\/wp-content\/uploads\/2025\/02\/Los_alerces_Tag2-022-1152x1536.jpg 1152w, https:\/\/www.askja-on-tour.ch\/wp-content\/uploads\/2025\/02\/Los_alerces_Tag2-022.jpg 1536w\" sizes=\"auto, (max-width: 768px) 100vw, 768px\" \/> <img loading=\"lazy\" decoding=\"async\" class=\"alignnone size-medium wp-image-25486\" src=\"https:\/\/www.askja-on-tour.ch\/wp-content\/uploads\/2025\/02\/Los_alerces_Tag2-023-768x1024.jpg\" alt=\"\" width=\"768\" height=\"1024\" srcset=\"https:\/\/www.askja-on-tour.ch\/wp-content\/uploads\/2025\/02\/Los_alerces_Tag2-023-768x1024.jpg 768w, https:\/\/www.askja-on-tour.ch\/wp-content\/uploads\/2025\/02\/Los_alerces_Tag2-023-1200x1600.jpg 1200w, https:\/\/www.askja-on-tour.ch\/wp-content\/uploads\/2025\/02\/Los_alerces_Tag2-023-1152x1536.jpg 1152w, https:\/\/www.askja-on-tour.ch\/wp-content\/uploads\/2025\/02\/Los_alerces_Tag2-023.jpg 1536w\" sizes=\"auto, (max-width: 768px) 100vw, 768px\" \/><\/p>\n<figure id=\"attachment_25487\" aria-describedby=\"caption-attachment-25487\" style=\"width: 1024px\" class=\"wp-caption alignnone\"><img loading=\"lazy\" decoding=\"async\" class=\"size-medium wp-image-25487\" src=\"https:\/\/www.askja-on-tour.ch\/wp-content\/uploads\/2025\/02\/Los_alerces_Tag2-024-1024x768.jpg\" alt=\"\" width=\"1024\" height=\"768\" srcset=\"https:\/\/www.askja-on-tour.ch\/wp-content\/uploads\/2025\/02\/Los_alerces_Tag2-024-1024x768.jpg 1024w, https:\/\/www.askja-on-tour.ch\/wp-content\/uploads\/2025\/02\/Los_alerces_Tag2-024-1600x1200.jpg 1600w, https:\/\/www.askja-on-tour.ch\/wp-content\/uploads\/2025\/02\/Los_alerces_Tag2-024-768x576.jpg 768w, https:\/\/www.askja-on-tour.ch\/wp-content\/uploads\/2025\/02\/Los_alerces_Tag2-024-1536x1152.jpg 1536w, https:\/\/www.askja-on-tour.ch\/wp-content\/uploads\/2025\/02\/Los_alerces_Tag2-024.jpg 2048w\" sizes=\"auto, (max-width: 1024px) 100vw, 1024px\" \/><figcaption id=\"caption-attachment-25487\" class=\"wp-caption-text\">Gletscher Torrecillas<\/figcaption><\/figure>\n<figure id=\"attachment_25488\" aria-describedby=\"caption-attachment-25488\" style=\"width: 1024px\" class=\"wp-caption alignnone\"><img loading=\"lazy\" decoding=\"async\" class=\"size-medium wp-image-25488\" src=\"https:\/\/www.askja-on-tour.ch\/wp-content\/uploads\/2025\/02\/Los_alerces_Tag2-025-1024x768.jpg\" alt=\"\" width=\"1024\" height=\"768\" srcset=\"https:\/\/www.askja-on-tour.ch\/wp-content\/uploads\/2025\/02\/Los_alerces_Tag2-025-1024x768.jpg 1024w, https:\/\/www.askja-on-tour.ch\/wp-content\/uploads\/2025\/02\/Los_alerces_Tag2-025-1600x1200.jpg 1600w, https:\/\/www.askja-on-tour.ch\/wp-content\/uploads\/2025\/02\/Los_alerces_Tag2-025-768x576.jpg 768w, https:\/\/www.askja-on-tour.ch\/wp-content\/uploads\/2025\/02\/Los_alerces_Tag2-025-1536x1152.jpg 1536w, https:\/\/www.askja-on-tour.ch\/wp-content\/uploads\/2025\/02\/Los_alerces_Tag2-025.jpg 2048w\" sizes=\"auto, (max-width: 1024px) 100vw, 1024px\" \/><figcaption id=\"caption-attachment-25488\" class=\"wp-caption-text\">Amancay (Goldene Inkalilie)<\/figcaption><\/figure>\n<p><img loading=\"lazy\" decoding=\"async\" class=\"alignnone size-medium wp-image-25489\" src=\"https:\/\/www.askja-on-tour.ch\/wp-content\/uploads\/2025\/02\/Los_alerces_Tag2-026-1024x768.jpg\" alt=\"\" width=\"1024\" height=\"768\" srcset=\"https:\/\/www.askja-on-tour.ch\/wp-content\/uploads\/2025\/02\/Los_alerces_Tag2-026-1024x768.jpg 1024w, https:\/\/www.askja-on-tour.ch\/wp-content\/uploads\/2025\/02\/Los_alerces_Tag2-026-1600x1200.jpg 1600w, https:\/\/www.askja-on-tour.ch\/wp-content\/uploads\/2025\/02\/Los_alerces_Tag2-026-768x576.jpg 768w, https:\/\/www.askja-on-tour.ch\/wp-content\/uploads\/2025\/02\/Los_alerces_Tag2-026-1536x1152.jpg 1536w, https:\/\/www.askja-on-tour.ch\/wp-content\/uploads\/2025\/02\/Los_alerces_Tag2-026.jpg 2048w\" sizes=\"auto, (max-width: 1024px) 100vw, 1024px\" \/> <img loading=\"lazy\" decoding=\"async\" class=\"alignnone size-medium wp-image-25490\" src=\"https:\/\/www.askja-on-tour.ch\/wp-content\/uploads\/2025\/02\/Los_alerces_Tag2-027-1024x768.jpg\" alt=\"\" width=\"1024\" height=\"768\" srcset=\"https:\/\/www.askja-on-tour.ch\/wp-content\/uploads\/2025\/02\/Los_alerces_Tag2-027-1024x768.jpg 1024w, https:\/\/www.askja-on-tour.ch\/wp-content\/uploads\/2025\/02\/Los_alerces_Tag2-027-1600x1200.jpg 1600w, https:\/\/www.askja-on-tour.ch\/wp-content\/uploads\/2025\/02\/Los_alerces_Tag2-027-768x576.jpg 768w, https:\/\/www.askja-on-tour.ch\/wp-content\/uploads\/2025\/02\/Los_alerces_Tag2-027-1536x1152.jpg 1536w, https:\/\/www.askja-on-tour.ch\/wp-content\/uploads\/2025\/02\/Los_alerces_Tag2-027.jpg 2048w\" sizes=\"auto, (max-width: 1024px) 100vw, 1024px\" \/><\/p>\n<figure id=\"attachment_25491\" aria-describedby=\"caption-attachment-25491\" style=\"width: 1024px\" class=\"wp-caption alignnone\"><img loading=\"lazy\" decoding=\"async\" class=\"size-medium wp-image-25491\" src=\"https:\/\/www.askja-on-tour.ch\/wp-content\/uploads\/2025\/02\/Los_alerces_Tag2-028-1024x768.jpg\" alt=\"\" width=\"1024\" height=\"768\" srcset=\"https:\/\/www.askja-on-tour.ch\/wp-content\/uploads\/2025\/02\/Los_alerces_Tag2-028-1024x768.jpg 1024w, https:\/\/www.askja-on-tour.ch\/wp-content\/uploads\/2025\/02\/Los_alerces_Tag2-028-1600x1200.jpg 1600w, https:\/\/www.askja-on-tour.ch\/wp-content\/uploads\/2025\/02\/Los_alerces_Tag2-028-768x576.jpg 768w, https:\/\/www.askja-on-tour.ch\/wp-content\/uploads\/2025\/02\/Los_alerces_Tag2-028-1536x1152.jpg 1536w, https:\/\/www.askja-on-tour.ch\/wp-content\/uploads\/2025\/02\/Los_alerces_Tag2-028.jpg 2048w\" sizes=\"auto, (max-width: 1024px) 100vw, 1024px\" \/><figcaption id=\"caption-attachment-25491\" class=\"wp-caption-text\">Mutisia<\/figcaption><\/figure>\n<p><img loading=\"lazy\" decoding=\"async\" class=\"alignnone size-medium wp-image-25492\" src=\"https:\/\/www.askja-on-tour.ch\/wp-content\/uploads\/2025\/02\/Los_alerces_Tag2-029-1024x768.jpg\" alt=\"\" width=\"1024\" height=\"768\" srcset=\"https:\/\/www.askja-on-tour.ch\/wp-content\/uploads\/2025\/02\/Los_alerces_Tag2-029-1024x768.jpg 1024w, https:\/\/www.askja-on-tour.ch\/wp-content\/uploads\/2025\/02\/Los_alerces_Tag2-029-1600x1200.jpg 1600w, https:\/\/www.askja-on-tour.ch\/wp-content\/uploads\/2025\/02\/Los_alerces_Tag2-029-768x576.jpg 768w, https:\/\/www.askja-on-tour.ch\/wp-content\/uploads\/2025\/02\/Los_alerces_Tag2-029-1536x1152.jpg 1536w, https:\/\/www.askja-on-tour.ch\/wp-content\/uploads\/2025\/02\/Los_alerces_Tag2-029.jpg 2048w\" sizes=\"auto, (max-width: 1024px) 100vw, 1024px\" \/><\/p>\n<p><img loading=\"lazy\" decoding=\"async\" class=\"alignnone size-medium wp-image-25479\" src=\"https:\/\/www.askja-on-tour.ch\/wp-content\/uploads\/2025\/02\/Los_alerces_Tag2-016-1024x768.jpg\" alt=\"\" width=\"1024\" height=\"768\" srcset=\"https:\/\/www.askja-on-tour.ch\/wp-content\/uploads\/2025\/02\/Los_alerces_Tag2-016-1024x768.jpg 1024w, https:\/\/www.askja-on-tour.ch\/wp-content\/uploads\/2025\/02\/Los_alerces_Tag2-016-1600x1200.jpg 1600w, https:\/\/www.askja-on-tour.ch\/wp-content\/uploads\/2025\/02\/Los_alerces_Tag2-016-768x576.jpg 768w, https:\/\/www.askja-on-tour.ch\/wp-content\/uploads\/2025\/02\/Los_alerces_Tag2-016-1536x1152.jpg 1536w, https:\/\/www.askja-on-tour.ch\/wp-content\/uploads\/2025\/02\/Los_alerces_Tag2-016.jpg 2048w\" sizes=\"auto, (max-width: 1024px) 100vw, 1024px\" \/><\/p>\n<p>Dabei haben wir B\u00e4ume gesehen, die wir hier nicht kennen. Zum einen nat\u00fcrlich die Alerce oder Patagonische Zypresse. Wir haben nicht die Alerce Abuelo gesehen, die 2&#8217;600 Jahre alt sein soll, da diese nur mit einer \u00fcberteuerten Bootsfahrt erreichbar ist, sondern die etwas j\u00fcngere Ausgabe, die wohl auch 600 Jahre sei. Beeindruckend war sie allemal. Wikipedia meint: Die Patagonische Zypresse ist ein immergr\u00fcner Baum. An ihren Heimatstandorten w\u00e4chst die Patagonische Zypresse als m\u00e4chtiger Baum und kann Wuchsh\u00f6hen von 45 bis \u00fcber 55 m sowie Stammdurchmesser von \u00fcber 3,5 m erreichen. Sie kann ein sehr hohes Lebensalter erreichen. Die \u00e4lteste Patagonische Zypresse konnte auf ein Lebensalter von 3\u2019600 Jahren datiert werden. Die Patagonische Zypresse w\u00e4chst sehr langsam. Die Borke ist r\u00f6tlich- bis dunkelbraun und tief rissig sowie in Streifen abbl\u00e4tternd.<\/p>\n<figure id=\"attachment_25481\" aria-describedby=\"caption-attachment-25481\" style=\"width: 768px\" class=\"wp-caption alignnone\"><img loading=\"lazy\" decoding=\"async\" class=\"size-medium wp-image-25481\" src=\"https:\/\/www.askja-on-tour.ch\/wp-content\/uploads\/2025\/02\/Los_alerces_Tag2-018-768x1024.jpg\" alt=\"\" width=\"768\" height=\"1024\" srcset=\"https:\/\/www.askja-on-tour.ch\/wp-content\/uploads\/2025\/02\/Los_alerces_Tag2-018-768x1024.jpg 768w, https:\/\/www.askja-on-tour.ch\/wp-content\/uploads\/2025\/02\/Los_alerces_Tag2-018-1200x1600.jpg 1200w, https:\/\/www.askja-on-tour.ch\/wp-content\/uploads\/2025\/02\/Los_alerces_Tag2-018-1152x1536.jpg 1152w, https:\/\/www.askja-on-tour.ch\/wp-content\/uploads\/2025\/02\/Los_alerces_Tag2-018.jpg 1536w\" sizes=\"auto, (max-width: 768px) 100vw, 768px\" \/><figcaption id=\"caption-attachment-25481\" class=\"wp-caption-text\">Der 600 j\u00e4hrige Alerce<\/figcaption><\/figure>\n<p><img loading=\"lazy\" decoding=\"async\" class=\"alignnone size-medium wp-image-25482\" src=\"https:\/\/www.askja-on-tour.ch\/wp-content\/uploads\/2025\/02\/Los_alerces_Tag2-019-768x1024.jpg\" alt=\"\" width=\"768\" height=\"1024\" srcset=\"https:\/\/www.askja-on-tour.ch\/wp-content\/uploads\/2025\/02\/Los_alerces_Tag2-019-768x1024.jpg 768w, https:\/\/www.askja-on-tour.ch\/wp-content\/uploads\/2025\/02\/Los_alerces_Tag2-019-1200x1600.jpg 1200w, https:\/\/www.askja-on-tour.ch\/wp-content\/uploads\/2025\/02\/Los_alerces_Tag2-019-1152x1536.jpg 1152w, https:\/\/www.askja-on-tour.ch\/wp-content\/uploads\/2025\/02\/Los_alerces_Tag2-019.jpg 1536w\" sizes=\"auto, (max-width: 768px) 100vw, 768px\" \/><\/p>\n<figure id=\"attachment_25473\" aria-describedby=\"caption-attachment-25473\" style=\"width: 1024px\" class=\"wp-caption alignnone\"><img loading=\"lazy\" decoding=\"async\" class=\"size-medium wp-image-25473\" src=\"https:\/\/www.askja-on-tour.ch\/wp-content\/uploads\/2025\/02\/Los_alerces_Tag2-010-1024x768.jpg\" alt=\"\" width=\"1024\" height=\"768\" srcset=\"https:\/\/www.askja-on-tour.ch\/wp-content\/uploads\/2025\/02\/Los_alerces_Tag2-010-1024x768.jpg 1024w, https:\/\/www.askja-on-tour.ch\/wp-content\/uploads\/2025\/02\/Los_alerces_Tag2-010-1600x1200.jpg 1600w, https:\/\/www.askja-on-tour.ch\/wp-content\/uploads\/2025\/02\/Los_alerces_Tag2-010-768x576.jpg 768w, https:\/\/www.askja-on-tour.ch\/wp-content\/uploads\/2025\/02\/Los_alerces_Tag2-010-1536x1152.jpg 1536w, https:\/\/www.askja-on-tour.ch\/wp-content\/uploads\/2025\/02\/Los_alerces_Tag2-010.jpg 2048w\" sizes=\"auto, (max-width: 1024px) 100vw, 1024px\" \/><figcaption id=\"caption-attachment-25473\" class=\"wp-caption-text\">Die Bl\u00e4tter der Alerces<\/figcaption><\/figure>\n<p>\u00a0<\/p>\n<p>F\u00fcr die Alerces sind die ersten Jahre die entscheidenden: da der Baum nur langsam w\u00e4chst, muss er es schaffen, gen\u00fcgend Sonnenlicht und Wasser zu bekommen, um die Krone zu entwicklen und schnell ans Licht zu kommen und seinen Weg \u00abnach Oben\u00bb zu machen.<\/p>\n<p>Daneben haben wir den Array\u00e1n, eine Pflanze mit zimtfarbener Baumrinde. Der Baum stammt aus der Familie der Myrtengew\u00e4chse.<\/p>\n<p><img loading=\"lazy\" decoding=\"async\" class=\"alignnone size-medium wp-image-25484\" src=\"https:\/\/www.askja-on-tour.ch\/wp-content\/uploads\/2025\/02\/Los_alerces_Tag2-021-768x1024.jpg\" alt=\"\" width=\"768\" height=\"1024\" srcset=\"https:\/\/www.askja-on-tour.ch\/wp-content\/uploads\/2025\/02\/Los_alerces_Tag2-021-768x1024.jpg 768w, https:\/\/www.askja-on-tour.ch\/wp-content\/uploads\/2025\/02\/Los_alerces_Tag2-021-1200x1600.jpg 1200w, https:\/\/www.askja-on-tour.ch\/wp-content\/uploads\/2025\/02\/Los_alerces_Tag2-021-1152x1536.jpg 1152w, https:\/\/www.askja-on-tour.ch\/wp-content\/uploads\/2025\/02\/Los_alerces_Tag2-021.jpg 1536w\" sizes=\"auto, (max-width: 768px) 100vw, 768px\" \/><\/p>\n<p>Die gesamte Pflanzenwelt war sehr sch\u00f6n und nach den vielen Kilometern, die wir gefahren sind, war es eine sehr willkommene Abwechslung.<\/p>\n<p>Heute hatten wir Besuch von einem besonderen Vogel, und zwar dem \u201eCrested Caracara\u201c (Schopfkarakara) \u2013 er ist etwas gr\u00f6sser als der Anden-Falke und hat diese mal kurzerhand verjagt. Er scheint so der Revierk\u00f6nig zu sein.<\/p>\n<figure id=\"attachment_25464\" aria-describedby=\"caption-attachment-25464\" style=\"width: 1024px\" class=\"wp-caption alignnone\"><img loading=\"lazy\" decoding=\"async\" class=\"size-medium wp-image-25464\" src=\"https:\/\/www.askja-on-tour.ch\/wp-content\/uploads\/2025\/02\/Los_alerces_Tag2-001-1024x769.jpg\" alt=\"\" width=\"1024\" height=\"769\" srcset=\"https:\/\/www.askja-on-tour.ch\/wp-content\/uploads\/2025\/02\/Los_alerces_Tag2-001-1024x769.jpg 1024w, https:\/\/www.askja-on-tour.ch\/wp-content\/uploads\/2025\/02\/Los_alerces_Tag2-001-1600x1201.jpg 1600w, https:\/\/www.askja-on-tour.ch\/wp-content\/uploads\/2025\/02\/Los_alerces_Tag2-001-768x576.jpg 768w, https:\/\/www.askja-on-tour.ch\/wp-content\/uploads\/2025\/02\/Los_alerces_Tag2-001-1536x1153.jpg 1536w, https:\/\/www.askja-on-tour.ch\/wp-content\/uploads\/2025\/02\/Los_alerces_Tag2-001.jpg 2048w\" sizes=\"auto, (max-width: 1024px) 100vw, 1024px\" \/><figcaption id=\"caption-attachment-25464\" class=\"wp-caption-text\">Crested Caracara (Schopfkarakara)<\/figcaption><\/figure>\n<p><img loading=\"lazy\" decoding=\"async\" class=\"alignnone size-medium wp-image-25465\" src=\"https:\/\/www.askja-on-tour.ch\/wp-content\/uploads\/2025\/02\/Los_alerces_Tag2-002-1024x769.jpg\" alt=\"\" width=\"1024\" height=\"769\" srcset=\"https:\/\/www.askja-on-tour.ch\/wp-content\/uploads\/2025\/02\/Los_alerces_Tag2-002-1024x769.jpg 1024w, https:\/\/www.askja-on-tour.ch\/wp-content\/uploads\/2025\/02\/Los_alerces_Tag2-002-1600x1201.jpg 1600w, https:\/\/www.askja-on-tour.ch\/wp-content\/uploads\/2025\/02\/Los_alerces_Tag2-002-768x576.jpg 768w, https:\/\/www.askja-on-tour.ch\/wp-content\/uploads\/2025\/02\/Los_alerces_Tag2-002-1536x1153.jpg 1536w, https:\/\/www.askja-on-tour.ch\/wp-content\/uploads\/2025\/02\/Los_alerces_Tag2-002.jpg 2048w\" sizes=\"auto, (max-width: 1024px) 100vw, 1024px\" \/><\/p>\n<p>Ab morgen machen wir uns auf den Weg an die Ostk\u00fcste unterhalb der Halbinsel Valdes und danach geht es immer weiter s\u00fcdlich, Richtung Ushuaia.<\/p>\n","protected":false},"excerpt":{"rendered":"<p>Link zur Karte mit unserer Reiseroute Das Wetter zeigt sich heute von seiner Schokoladenseite und wir konnten unsere Wanderung im Nationalpark Los Alerces machen. Wir sind gut 8 km auf einem abwechslungsreichen Weg durch einen tollen Wald gelaufen, der immer<\/p>\n","protected":false},"author":3,"featured_media":0,"comment_status":"open","ping_status":"closed","sticky":false,"template":"","format":"standard","meta":{"footnotes":""},"categories":[54,50],"tags":[],"class_list":["post-25462","post","type-post","status-publish","format-standard","hentry","category-argentinien_2025","category-suedamerika_2024_2026"],"_links":{"self":[{"href":"https:\/\/www.askja-on-tour.ch\/index.php?rest_route=\/wp\/v2\/posts\/25462","targetHints":{"allow":["GET"]}}],"collection":[{"href":"https:\/\/www.askja-on-tour.ch\/index.php?rest_route=\/wp\/v2\/posts"}],"about":[{"href":"https:\/\/www.askja-on-tour.ch\/index.php?rest_route=\/wp\/v2\/types\/post"}],"author":[{"embeddable":true,"href":"https:\/\/www.askja-on-tour.ch\/index.php?rest_route=\/wp\/v2\/users\/3"}],"replies":[{"embeddable":true,"href":"https:\/\/www.askja-on-tour.ch\/index.php?rest_route=%2Fwp%2Fv2%2Fcomments&post=25462"}],"version-history":[{"count":4,"href":"https:\/\/www.askja-on-tour.ch\/index.php?rest_route=\/wp\/v2\/posts\/25462\/revisions"}],"predecessor-version":[{"id":25497,"href":"https:\/\/www.askja-on-tour.ch\/index.php?rest_route=\/wp\/v2\/posts\/25462\/revisions\/25497"}],"wp:attachment":[{"href":"https:\/\/www.askja-on-tour.ch\/index.php?rest_route=%2Fwp%2Fv2%2Fmedia&parent=25462"}],"wp:term":[{"taxonomy":"category","embeddable":true,"href":"https:\/\/www.askja-on-tour.ch\/index.php?rest_route=%2Fwp%2Fv2%2Fcategories&post=25462"},{"taxonomy":"post_tag","embeddable":true,"href":"https:\/\/www.askja-on-tour.ch\/index.php?rest_route=%2Fwp%2Fv2%2Ftags&post=25462"}],"curies":[{"name":"wp","href":"https:\/\/api.w.org\/{rel}","templated":true}]}}