{"id":25191,"date":"2025-01-24T15:49:55","date_gmt":"2025-01-24T15:49:55","guid":{"rendered":"https:\/\/www.askja-on-tour.ch\/?p=25191"},"modified":"2025-01-24T16:08:42","modified_gmt":"2025-01-24T16:08:42","slug":"21-01-24-01-2025-immer-der-untergehenden-sonne-entgegen-nach-mendoza","status":"publish","type":"post","link":"https:\/\/www.askja-on-tour.ch\/?p=25191","title":{"rendered":"21.01. &#8211; 24.01.2025: Immer der untergehenden Sonne entgegen nach Mendoza"},"content":{"rendered":"\n<p>Da wir zu einer einmaligen Besichtigung der Bodega und Farm \u201eOjo de Agua\u201c von Dieter Meier (Yello) eingeladen sind (von wem verraten wir im n\u00e4chsten Blog) haben wir uns entschieden, einmal quer durch die Pampa von Uruguay nach Argentinien zu rauschen.<\/p>\n<p>Unser letzter Stellplatz in Uruguay nach dem Paraiso Suizo war eine weitere Schweizer Kolonie \u00abNueva Helvecia\u00bb. Dort hatten wir beim Hotel Granja Suizo einen sch\u00f6nen Platz gefunden. Im Hotel k\u00f6nnen zwar noch Zimmer mit Fr\u00fchst\u00fcck gebucht werden, doch das Restaurant wurde seit der Pandemie nicht mehr er\u00f6ffnet.<\/p>\n<figure id=\"attachment_25199\" aria-describedby=\"caption-attachment-25199\" style=\"width: 1024px\" class=\"wp-caption alignnone\"><img loading=\"lazy\" decoding=\"async\" class=\"size-medium wp-image-25199\" src=\"https:\/\/www.askja-on-tour.ch\/wp-content\/uploads\/2025\/01\/Fahrt_nach_Mendoza-006-1024x768.jpg\" alt=\"\" width=\"1024\" height=\"768\" srcset=\"https:\/\/www.askja-on-tour.ch\/wp-content\/uploads\/2025\/01\/Fahrt_nach_Mendoza-006-1024x768.jpg 1024w, https:\/\/www.askja-on-tour.ch\/wp-content\/uploads\/2025\/01\/Fahrt_nach_Mendoza-006-1600x1200.jpg 1600w, https:\/\/www.askja-on-tour.ch\/wp-content\/uploads\/2025\/01\/Fahrt_nach_Mendoza-006-768x576.jpg 768w, https:\/\/www.askja-on-tour.ch\/wp-content\/uploads\/2025\/01\/Fahrt_nach_Mendoza-006-1536x1152.jpg 1536w, https:\/\/www.askja-on-tour.ch\/wp-content\/uploads\/2025\/01\/Fahrt_nach_Mendoza-006.jpg 2048w\" sizes=\"auto, (max-width: 1024px) 100vw, 1024px\" \/><figcaption id=\"caption-attachment-25199\" class=\"wp-caption-text\">Ein sch\u00f6nes Geb\u00e4ude &#8211; aber die Pandemie machte dem Restaurant den Garaus.<\/figcaption><\/figure>\n<p><img loading=\"lazy\" decoding=\"async\" class=\"alignnone size-medium wp-image-25195\" src=\"https:\/\/www.askja-on-tour.ch\/wp-content\/uploads\/2025\/01\/Fahrt_nach_Mendoza-002-768x1024.jpg\" alt=\"\" width=\"768\" height=\"1024\" srcset=\"https:\/\/www.askja-on-tour.ch\/wp-content\/uploads\/2025\/01\/Fahrt_nach_Mendoza-002-768x1024.jpg 768w, https:\/\/www.askja-on-tour.ch\/wp-content\/uploads\/2025\/01\/Fahrt_nach_Mendoza-002-1200x1600.jpg 1200w, https:\/\/www.askja-on-tour.ch\/wp-content\/uploads\/2025\/01\/Fahrt_nach_Mendoza-002-1152x1536.jpg 1152w, https:\/\/www.askja-on-tour.ch\/wp-content\/uploads\/2025\/01\/Fahrt_nach_Mendoza-002.jpg 1536w\" sizes=\"auto, (max-width: 768px) 100vw, 768px\" \/><\/p>\n<figure id=\"attachment_25212\" aria-describedby=\"caption-attachment-25212\" style=\"width: 1024px\" class=\"wp-caption alignnone\"><img loading=\"lazy\" decoding=\"async\" class=\"size-medium wp-image-25212\" src=\"https:\/\/www.askja-on-tour.ch\/wp-content\/uploads\/2025\/01\/Fahrt_nach_Mendoza-019-1024x768.jpg\" alt=\"\" width=\"1024\" height=\"768\" srcset=\"https:\/\/www.askja-on-tour.ch\/wp-content\/uploads\/2025\/01\/Fahrt_nach_Mendoza-019-1024x768.jpg 1024w, https:\/\/www.askja-on-tour.ch\/wp-content\/uploads\/2025\/01\/Fahrt_nach_Mendoza-019-1600x1200.jpg 1600w, https:\/\/www.askja-on-tour.ch\/wp-content\/uploads\/2025\/01\/Fahrt_nach_Mendoza-019-768x576.jpg 768w, https:\/\/www.askja-on-tour.ch\/wp-content\/uploads\/2025\/01\/Fahrt_nach_Mendoza-019-1536x1152.jpg 1536w, https:\/\/www.askja-on-tour.ch\/wp-content\/uploads\/2025\/01\/Fahrt_nach_Mendoza-019.jpg 2048w\" sizes=\"auto, (max-width: 1024px) 100vw, 1024px\" \/><figcaption id=\"caption-attachment-25212\" class=\"wp-caption-text\">&#8230;. und sch\u00f6ne Inneneinrichtung<\/figcaption><\/figure>\n<p><img loading=\"lazy\" decoding=\"async\" class=\"alignnone size-medium wp-image-25211\" src=\"https:\/\/www.askja-on-tour.ch\/wp-content\/uploads\/2025\/01\/Fahrt_nach_Mendoza-018-1024x768.jpg\" alt=\"\" width=\"1024\" height=\"768\" srcset=\"https:\/\/www.askja-on-tour.ch\/wp-content\/uploads\/2025\/01\/Fahrt_nach_Mendoza-018-1024x768.jpg 1024w, https:\/\/www.askja-on-tour.ch\/wp-content\/uploads\/2025\/01\/Fahrt_nach_Mendoza-018-1600x1200.jpg 1600w, https:\/\/www.askja-on-tour.ch\/wp-content\/uploads\/2025\/01\/Fahrt_nach_Mendoza-018-768x576.jpg 768w, https:\/\/www.askja-on-tour.ch\/wp-content\/uploads\/2025\/01\/Fahrt_nach_Mendoza-018-1536x1152.jpg 1536w, https:\/\/www.askja-on-tour.ch\/wp-content\/uploads\/2025\/01\/Fahrt_nach_Mendoza-018.jpg 2048w\" sizes=\"auto, (max-width: 1024px) 100vw, 1024px\" \/> <img loading=\"lazy\" decoding=\"async\" class=\"alignnone size-medium wp-image-25210\" src=\"https:\/\/www.askja-on-tour.ch\/wp-content\/uploads\/2025\/01\/Fahrt_nach_Mendoza-017-1024x768.jpg\" alt=\"\" width=\"1024\" height=\"768\" srcset=\"https:\/\/www.askja-on-tour.ch\/wp-content\/uploads\/2025\/01\/Fahrt_nach_Mendoza-017-1024x768.jpg 1024w, https:\/\/www.askja-on-tour.ch\/wp-content\/uploads\/2025\/01\/Fahrt_nach_Mendoza-017-1600x1200.jpg 1600w, https:\/\/www.askja-on-tour.ch\/wp-content\/uploads\/2025\/01\/Fahrt_nach_Mendoza-017-768x576.jpg 768w, https:\/\/www.askja-on-tour.ch\/wp-content\/uploads\/2025\/01\/Fahrt_nach_Mendoza-017-1536x1152.jpg 1536w, https:\/\/www.askja-on-tour.ch\/wp-content\/uploads\/2025\/01\/Fahrt_nach_Mendoza-017.jpg 2048w\" sizes=\"auto, (max-width: 1024px) 100vw, 1024px\" \/> <img loading=\"lazy\" decoding=\"async\" class=\"alignnone size-medium wp-image-25209\" src=\"https:\/\/www.askja-on-tour.ch\/wp-content\/uploads\/2025\/01\/Fahrt_nach_Mendoza-016-1024x768.jpg\" alt=\"\" width=\"1024\" height=\"768\" srcset=\"https:\/\/www.askja-on-tour.ch\/wp-content\/uploads\/2025\/01\/Fahrt_nach_Mendoza-016-1024x768.jpg 1024w, https:\/\/www.askja-on-tour.ch\/wp-content\/uploads\/2025\/01\/Fahrt_nach_Mendoza-016-1600x1200.jpg 1600w, https:\/\/www.askja-on-tour.ch\/wp-content\/uploads\/2025\/01\/Fahrt_nach_Mendoza-016-768x576.jpg 768w, https:\/\/www.askja-on-tour.ch\/wp-content\/uploads\/2025\/01\/Fahrt_nach_Mendoza-016-1536x1152.jpg 1536w, https:\/\/www.askja-on-tour.ch\/wp-content\/uploads\/2025\/01\/Fahrt_nach_Mendoza-016.jpg 2048w\" sizes=\"auto, (max-width: 1024px) 100vw, 1024px\" \/> <img loading=\"lazy\" decoding=\"async\" class=\"alignnone size-medium wp-image-25198\" src=\"https:\/\/www.askja-on-tour.ch\/wp-content\/uploads\/2025\/01\/Fahrt_nach_Mendoza-005-768x1024.jpg\" alt=\"\" width=\"768\" height=\"1024\" srcset=\"https:\/\/www.askja-on-tour.ch\/wp-content\/uploads\/2025\/01\/Fahrt_nach_Mendoza-005-768x1024.jpg 768w, https:\/\/www.askja-on-tour.ch\/wp-content\/uploads\/2025\/01\/Fahrt_nach_Mendoza-005-1200x1600.jpg 1200w, https:\/\/www.askja-on-tour.ch\/wp-content\/uploads\/2025\/01\/Fahrt_nach_Mendoza-005-1152x1536.jpg 1152w, https:\/\/www.askja-on-tour.ch\/wp-content\/uploads\/2025\/01\/Fahrt_nach_Mendoza-005.jpg 1536w\" sizes=\"auto, (max-width: 768px) 100vw, 768px\" \/> <img loading=\"lazy\" decoding=\"async\" class=\"alignnone size-medium wp-image-25207\" src=\"https:\/\/www.askja-on-tour.ch\/wp-content\/uploads\/2025\/01\/Fahrt_nach_Mendoza-014-768x1024.jpg\" alt=\"\" width=\"768\" height=\"1024\" srcset=\"https:\/\/www.askja-on-tour.ch\/wp-content\/uploads\/2025\/01\/Fahrt_nach_Mendoza-014-768x1024.jpg 768w, https:\/\/www.askja-on-tour.ch\/wp-content\/uploads\/2025\/01\/Fahrt_nach_Mendoza-014-1200x1600.jpg 1200w, https:\/\/www.askja-on-tour.ch\/wp-content\/uploads\/2025\/01\/Fahrt_nach_Mendoza-014-1152x1536.jpg 1152w, https:\/\/www.askja-on-tour.ch\/wp-content\/uploads\/2025\/01\/Fahrt_nach_Mendoza-014.jpg 1536w\" sizes=\"auto, (max-width: 768px) 100vw, 768px\" \/> <img loading=\"lazy\" decoding=\"async\" class=\"alignnone size-medium wp-image-25200\" src=\"https:\/\/www.askja-on-tour.ch\/wp-content\/uploads\/2025\/01\/Fahrt_nach_Mendoza-007-1024x768.jpg\" alt=\"\" width=\"1024\" height=\"768\" srcset=\"https:\/\/www.askja-on-tour.ch\/wp-content\/uploads\/2025\/01\/Fahrt_nach_Mendoza-007-1024x768.jpg 1024w, https:\/\/www.askja-on-tour.ch\/wp-content\/uploads\/2025\/01\/Fahrt_nach_Mendoza-007-1600x1200.jpg 1600w, https:\/\/www.askja-on-tour.ch\/wp-content\/uploads\/2025\/01\/Fahrt_nach_Mendoza-007-768x576.jpg 768w, https:\/\/www.askja-on-tour.ch\/wp-content\/uploads\/2025\/01\/Fahrt_nach_Mendoza-007-1536x1152.jpg 1536w, https:\/\/www.askja-on-tour.ch\/wp-content\/uploads\/2025\/01\/Fahrt_nach_Mendoza-007.jpg 2048w\" sizes=\"auto, (max-width: 1024px) 100vw, 1024px\" \/> <img loading=\"lazy\" decoding=\"async\" class=\"alignnone size-medium wp-image-25197\" src=\"https:\/\/www.askja-on-tour.ch\/wp-content\/uploads\/2025\/01\/Fahrt_nach_Mendoza-004-1024x768.jpg\" alt=\"\" width=\"1024\" height=\"768\" srcset=\"https:\/\/www.askja-on-tour.ch\/wp-content\/uploads\/2025\/01\/Fahrt_nach_Mendoza-004-1024x768.jpg 1024w, https:\/\/www.askja-on-tour.ch\/wp-content\/uploads\/2025\/01\/Fahrt_nach_Mendoza-004-1600x1200.jpg 1600w, https:\/\/www.askja-on-tour.ch\/wp-content\/uploads\/2025\/01\/Fahrt_nach_Mendoza-004-768x576.jpg 768w, https:\/\/www.askja-on-tour.ch\/wp-content\/uploads\/2025\/01\/Fahrt_nach_Mendoza-004-1536x1152.jpg 1536w, https:\/\/www.askja-on-tour.ch\/wp-content\/uploads\/2025\/01\/Fahrt_nach_Mendoza-004.jpg 2048w\" sizes=\"auto, (max-width: 1024px) 100vw, 1024px\" \/> <img loading=\"lazy\" decoding=\"async\" class=\"alignnone size-medium wp-image-25196\" src=\"https:\/\/www.askja-on-tour.ch\/wp-content\/uploads\/2025\/01\/Fahrt_nach_Mendoza-003-768x1024.jpg\" alt=\"\" width=\"768\" height=\"1024\" srcset=\"https:\/\/www.askja-on-tour.ch\/wp-content\/uploads\/2025\/01\/Fahrt_nach_Mendoza-003-768x1024.jpg 768w, https:\/\/www.askja-on-tour.ch\/wp-content\/uploads\/2025\/01\/Fahrt_nach_Mendoza-003-1200x1600.jpg 1200w, https:\/\/www.askja-on-tour.ch\/wp-content\/uploads\/2025\/01\/Fahrt_nach_Mendoza-003-1152x1536.jpg 1152w, https:\/\/www.askja-on-tour.ch\/wp-content\/uploads\/2025\/01\/Fahrt_nach_Mendoza-003.jpg 1536w\" sizes=\"auto, (max-width: 768px) 100vw, 768px\" \/> <img loading=\"lazy\" decoding=\"async\" class=\"alignnone size-medium wp-image-25194\" src=\"https:\/\/www.askja-on-tour.ch\/wp-content\/uploads\/2025\/01\/Fahrt_nach_Mendoza-001-1024x768.jpg\" alt=\"\" width=\"1024\" height=\"768\" srcset=\"https:\/\/www.askja-on-tour.ch\/wp-content\/uploads\/2025\/01\/Fahrt_nach_Mendoza-001-1024x768.jpg 1024w, https:\/\/www.askja-on-tour.ch\/wp-content\/uploads\/2025\/01\/Fahrt_nach_Mendoza-001-1600x1200.jpg 1600w, https:\/\/www.askja-on-tour.ch\/wp-content\/uploads\/2025\/01\/Fahrt_nach_Mendoza-001-768x576.jpg 768w, https:\/\/www.askja-on-tour.ch\/wp-content\/uploads\/2025\/01\/Fahrt_nach_Mendoza-001-1536x1152.jpg 1536w, https:\/\/www.askja-on-tour.ch\/wp-content\/uploads\/2025\/01\/Fahrt_nach_Mendoza-001.jpg 2048w\" sizes=\"auto, (max-width: 1024px) 100vw, 1024px\" \/> <img loading=\"lazy\" decoding=\"async\" class=\"alignnone size-medium wp-image-25206\" src=\"https:\/\/www.askja-on-tour.ch\/wp-content\/uploads\/2025\/01\/Fahrt_nach_Mendoza-013-1024x768.jpg\" alt=\"\" width=\"1024\" height=\"768\" srcset=\"https:\/\/www.askja-on-tour.ch\/wp-content\/uploads\/2025\/01\/Fahrt_nach_Mendoza-013-1024x768.jpg 1024w, https:\/\/www.askja-on-tour.ch\/wp-content\/uploads\/2025\/01\/Fahrt_nach_Mendoza-013-1600x1200.jpg 1600w, https:\/\/www.askja-on-tour.ch\/wp-content\/uploads\/2025\/01\/Fahrt_nach_Mendoza-013-768x576.jpg 768w, https:\/\/www.askja-on-tour.ch\/wp-content\/uploads\/2025\/01\/Fahrt_nach_Mendoza-013-1536x1152.jpg 1536w, https:\/\/www.askja-on-tour.ch\/wp-content\/uploads\/2025\/01\/Fahrt_nach_Mendoza-013.jpg 2048w\" sizes=\"auto, (max-width: 1024px) 100vw, 1024px\" \/><\/p>\n<figure id=\"attachment_25204\" aria-describedby=\"caption-attachment-25204\" style=\"width: 1024px\" class=\"wp-caption alignnone\"><img loading=\"lazy\" decoding=\"async\" class=\"size-medium wp-image-25204\" src=\"https:\/\/www.askja-on-tour.ch\/wp-content\/uploads\/2025\/01\/Fahrt_nach_Mendoza-011-1024x768.jpg\" alt=\"\" width=\"1024\" height=\"768\" srcset=\"https:\/\/www.askja-on-tour.ch\/wp-content\/uploads\/2025\/01\/Fahrt_nach_Mendoza-011-1024x768.jpg 1024w, https:\/\/www.askja-on-tour.ch\/wp-content\/uploads\/2025\/01\/Fahrt_nach_Mendoza-011-1600x1200.jpg 1600w, https:\/\/www.askja-on-tour.ch\/wp-content\/uploads\/2025\/01\/Fahrt_nach_Mendoza-011-768x576.jpg 768w, https:\/\/www.askja-on-tour.ch\/wp-content\/uploads\/2025\/01\/Fahrt_nach_Mendoza-011-1536x1152.jpg 1536w, https:\/\/www.askja-on-tour.ch\/wp-content\/uploads\/2025\/01\/Fahrt_nach_Mendoza-011.jpg 2048w\" sizes=\"auto, (max-width: 1024px) 100vw, 1024px\" \/><figcaption id=\"caption-attachment-25204\" class=\"wp-caption-text\">Bush\u00e4uschen<\/figcaption><\/figure>\n<figure id=\"attachment_25203\" aria-describedby=\"caption-attachment-25203\" style=\"width: 768px\" class=\"wp-caption alignnone\"><img loading=\"lazy\" decoding=\"async\" class=\"size-medium wp-image-25203\" src=\"https:\/\/www.askja-on-tour.ch\/wp-content\/uploads\/2025\/01\/Fahrt_nach_Mendoza-010-768x1024.jpg\" alt=\"\" width=\"768\" height=\"1024\" srcset=\"https:\/\/www.askja-on-tour.ch\/wp-content\/uploads\/2025\/01\/Fahrt_nach_Mendoza-010-768x1024.jpg 768w, https:\/\/www.askja-on-tour.ch\/wp-content\/uploads\/2025\/01\/Fahrt_nach_Mendoza-010-1200x1600.jpg 1200w, https:\/\/www.askja-on-tour.ch\/wp-content\/uploads\/2025\/01\/Fahrt_nach_Mendoza-010-1152x1536.jpg 1152w, https:\/\/www.askja-on-tour.ch\/wp-content\/uploads\/2025\/01\/Fahrt_nach_Mendoza-010.jpg 1536w\" sizes=\"auto, (max-width: 768px) 100vw, 768px\" \/><figcaption id=\"caption-attachment-25203\" class=\"wp-caption-text\">Dieses Medaillon h\u00e4ngt an vielen H\u00e4usern in Nueva Helvecia<\/figcaption><\/figure>\n<p><img loading=\"lazy\" decoding=\"async\" class=\"alignnone size-medium wp-image-25202\" src=\"https:\/\/www.askja-on-tour.ch\/wp-content\/uploads\/2025\/01\/Fahrt_nach_Mendoza-009-1024x768.jpg\" alt=\"\" width=\"1024\" height=\"768\" srcset=\"https:\/\/www.askja-on-tour.ch\/wp-content\/uploads\/2025\/01\/Fahrt_nach_Mendoza-009-1024x768.jpg 1024w, https:\/\/www.askja-on-tour.ch\/wp-content\/uploads\/2025\/01\/Fahrt_nach_Mendoza-009-1600x1200.jpg 1600w, https:\/\/www.askja-on-tour.ch\/wp-content\/uploads\/2025\/01\/Fahrt_nach_Mendoza-009-768x576.jpg 768w, https:\/\/www.askja-on-tour.ch\/wp-content\/uploads\/2025\/01\/Fahrt_nach_Mendoza-009-1536x1152.jpg 1536w, https:\/\/www.askja-on-tour.ch\/wp-content\/uploads\/2025\/01\/Fahrt_nach_Mendoza-009.jpg 2048w\" sizes=\"auto, (max-width: 1024px) 100vw, 1024px\" \/><\/p>\n<figure id=\"attachment_25201\" aria-describedby=\"caption-attachment-25201\" style=\"width: 1024px\" class=\"wp-caption alignnone\"><img loading=\"lazy\" decoding=\"async\" class=\"size-medium wp-image-25201\" src=\"https:\/\/www.askja-on-tour.ch\/wp-content\/uploads\/2025\/01\/Fahrt_nach_Mendoza-008-1024x768.jpg\" alt=\"\" width=\"1024\" height=\"768\" srcset=\"https:\/\/www.askja-on-tour.ch\/wp-content\/uploads\/2025\/01\/Fahrt_nach_Mendoza-008-1024x768.jpg 1024w, https:\/\/www.askja-on-tour.ch\/wp-content\/uploads\/2025\/01\/Fahrt_nach_Mendoza-008-1600x1200.jpg 1600w, https:\/\/www.askja-on-tour.ch\/wp-content\/uploads\/2025\/01\/Fahrt_nach_Mendoza-008-768x576.jpg 768w, https:\/\/www.askja-on-tour.ch\/wp-content\/uploads\/2025\/01\/Fahrt_nach_Mendoza-008-1536x1152.jpg 1536w, https:\/\/www.askja-on-tour.ch\/wp-content\/uploads\/2025\/01\/Fahrt_nach_Mendoza-008.jpg 2048w\" sizes=\"auto, (max-width: 1024px) 100vw, 1024px\" \/><figcaption id=\"caption-attachment-25201\" class=\"wp-caption-text\">Der Sch\u00fctzenverein von Nueva Helvecia<\/figcaption><\/figure>\n<p><img loading=\"lazy\" decoding=\"async\" class=\"alignnone size-medium wp-image-25205\" src=\"https:\/\/www.askja-on-tour.ch\/wp-content\/uploads\/2025\/01\/Fahrt_nach_Mendoza-012-768x1024.jpg\" alt=\"\" width=\"768\" height=\"1024\" srcset=\"https:\/\/www.askja-on-tour.ch\/wp-content\/uploads\/2025\/01\/Fahrt_nach_Mendoza-012-768x1024.jpg 768w, https:\/\/www.askja-on-tour.ch\/wp-content\/uploads\/2025\/01\/Fahrt_nach_Mendoza-012-1200x1600.jpg 1200w, https:\/\/www.askja-on-tour.ch\/wp-content\/uploads\/2025\/01\/Fahrt_nach_Mendoza-012-1152x1536.jpg 1152w, https:\/\/www.askja-on-tour.ch\/wp-content\/uploads\/2025\/01\/Fahrt_nach_Mendoza-012.jpg 1536w\" sizes=\"auto, (max-width: 768px) 100vw, 768px\" \/><\/p>\n<p>Am n\u00e4chsten Tag ging es \u00fcber die Grenze in nach Argentinien. Der Grenz\u00fcbertritt in Fray Bentos verlief (eigentlich) sehr rasch und gut, die Grenzbeamten waren sehr hilfsbereit und freundlich, wenn da dieser A&#8230; mit Ohren von der Lebensmittelkontrolle nicht gewesen w\u00e4re. Alle hatten uns erz\u00e4hlt, dass wir uns keine Sorgen machen sollen, da g\u00e4be es nie Kontrollen. Eigentlich ist es nicht erlaubt, Fleisch und Milchprodukte von Uruguay nach Argentinien einzuf\u00fchren (wir hatten uns noch \u00fcberlegt, ob wir vielleicht das eine oder andere kurzzeitig wegpacken sollten). Aber es kam anders \u2013 pl\u00f6tzlich kam ein Typ angerauscht, worauf mir ein Z\u00f6llner entsetzt sagte &#8222;Der sei neu und w\u00fcrde alles sehr gr\u00fcndlich nehmen&#8220;, er w\u00fcrde sich jetzt schon f\u00fcr sein Verhalten entschuldigen. Er nahm es gr\u00fcndlich und er war richtig unfreundlich \u2013 alles Fleisch im K\u00fchlschrank und Gefrierfach, sowie allen K\u00e4se nahm er diebisch grinsend weg und hat nicht ein Wort gesprochen. Als ich ihm dann einen guten Appetit w\u00fcnschte, ist er wortlos abmarschiert. Na ja \u2013 doof, aber was gelernt \u2013 k\u00fcnftig vertrauen wir wieder unserem Bauchgef\u00fchl.<\/p>\n<p>In Argentinien hatten wir zwei weitere sch\u00f6ne Pl\u00e4tze: der eine in San Antonio de Areco \u00abClub Atl\u00e9tico River Plate Areco\u00bb und der andere in Villa Mercedes \u00abLas Toscas\u00bb. Beides sind Parks, wo die Argentinier Ihre Ferien oder einfach ihre freien Tage verbringen und Spass haben. Sind f\u00fcnf Familien an f\u00fcnf unterschiedlichen Tischen am Grillen (Parilla in spanisch), dann stehen da f\u00fcnf Ghetto-Blaster mit unterschiedlicher Musik. Und keinen st\u00f6rt es \u2013 von diesem \u00abLeben und leben lassen k\u00f6nnten wir noch viel lernen\u00bb.<\/p>\n<figure id=\"attachment_25218\" aria-describedby=\"caption-attachment-25218\" style=\"width: 768px\" class=\"wp-caption alignnone\"><img loading=\"lazy\" decoding=\"async\" class=\"size-medium wp-image-25218\" src=\"https:\/\/www.askja-on-tour.ch\/wp-content\/uploads\/2025\/01\/Fahrt_nach_Mendoza-025-768x1024.jpg\" alt=\"\" width=\"768\" height=\"1024\" srcset=\"https:\/\/www.askja-on-tour.ch\/wp-content\/uploads\/2025\/01\/Fahrt_nach_Mendoza-025-768x1024.jpg 768w, https:\/\/www.askja-on-tour.ch\/wp-content\/uploads\/2025\/01\/Fahrt_nach_Mendoza-025-1200x1600.jpg 1200w, https:\/\/www.askja-on-tour.ch\/wp-content\/uploads\/2025\/01\/Fahrt_nach_Mendoza-025-1152x1536.jpg 1152w, https:\/\/www.askja-on-tour.ch\/wp-content\/uploads\/2025\/01\/Fahrt_nach_Mendoza-025.jpg 1536w\" sizes=\"auto, (max-width: 768px) 100vw, 768px\" \/><figcaption id=\"caption-attachment-25218\" class=\"wp-caption-text\">Ein Prosit auf Argentinien &#8211; mit Tischdecke aus Kenya<\/figcaption><\/figure>\n<figure id=\"attachment_25217\" aria-describedby=\"caption-attachment-25217\" style=\"width: 1024px\" class=\"wp-caption alignnone\"><img loading=\"lazy\" decoding=\"async\" class=\"size-medium wp-image-25217\" src=\"https:\/\/www.askja-on-tour.ch\/wp-content\/uploads\/2025\/01\/Fahrt_nach_Mendoza-024-1024x768.jpg\" alt=\"\" width=\"1024\" height=\"768\" srcset=\"https:\/\/www.askja-on-tour.ch\/wp-content\/uploads\/2025\/01\/Fahrt_nach_Mendoza-024-1024x768.jpg 1024w, https:\/\/www.askja-on-tour.ch\/wp-content\/uploads\/2025\/01\/Fahrt_nach_Mendoza-024-1600x1200.jpg 1600w, https:\/\/www.askja-on-tour.ch\/wp-content\/uploads\/2025\/01\/Fahrt_nach_Mendoza-024-768x576.jpg 768w, https:\/\/www.askja-on-tour.ch\/wp-content\/uploads\/2025\/01\/Fahrt_nach_Mendoza-024-1536x1152.jpg 1536w, https:\/\/www.askja-on-tour.ch\/wp-content\/uploads\/2025\/01\/Fahrt_nach_Mendoza-024.jpg 2048w\" sizes=\"auto, (max-width: 1024px) 100vw, 1024px\" \/><figcaption id=\"caption-attachment-25217\" class=\"wp-caption-text\">Stellplatz in San Antonio de Areco<\/figcaption><\/figure>\n<p><img loading=\"lazy\" decoding=\"async\" class=\"alignnone size-medium wp-image-25222\" src=\"https:\/\/www.askja-on-tour.ch\/wp-content\/uploads\/2025\/01\/Fahrt_nach_Mendoza-029-1024x768.jpg\" alt=\"\" width=\"1024\" height=\"768\" srcset=\"https:\/\/www.askja-on-tour.ch\/wp-content\/uploads\/2025\/01\/Fahrt_nach_Mendoza-029-1024x768.jpg 1024w, https:\/\/www.askja-on-tour.ch\/wp-content\/uploads\/2025\/01\/Fahrt_nach_Mendoza-029-1600x1200.jpg 1600w, https:\/\/www.askja-on-tour.ch\/wp-content\/uploads\/2025\/01\/Fahrt_nach_Mendoza-029-768x576.jpg 768w, https:\/\/www.askja-on-tour.ch\/wp-content\/uploads\/2025\/01\/Fahrt_nach_Mendoza-029-1536x1152.jpg 1536w, https:\/\/www.askja-on-tour.ch\/wp-content\/uploads\/2025\/01\/Fahrt_nach_Mendoza-029.jpg 2048w\" sizes=\"auto, (max-width: 1024px) 100vw, 1024px\" \/><\/p>\n<figure id=\"attachment_25229\" aria-describedby=\"caption-attachment-25229\" style=\"width: 1024px\" class=\"wp-caption alignnone\"><img loading=\"lazy\" decoding=\"async\" class=\"size-medium wp-image-25229\" src=\"https:\/\/www.askja-on-tour.ch\/wp-content\/uploads\/2025\/01\/Fahrt_nach_Mendoza-036-1024x768.jpg\" alt=\"\" width=\"1024\" height=\"768\" srcset=\"https:\/\/www.askja-on-tour.ch\/wp-content\/uploads\/2025\/01\/Fahrt_nach_Mendoza-036-1024x768.jpg 1024w, https:\/\/www.askja-on-tour.ch\/wp-content\/uploads\/2025\/01\/Fahrt_nach_Mendoza-036-1600x1200.jpg 1600w, https:\/\/www.askja-on-tour.ch\/wp-content\/uploads\/2025\/01\/Fahrt_nach_Mendoza-036-768x576.jpg 768w, https:\/\/www.askja-on-tour.ch\/wp-content\/uploads\/2025\/01\/Fahrt_nach_Mendoza-036-1536x1152.jpg 1536w, https:\/\/www.askja-on-tour.ch\/wp-content\/uploads\/2025\/01\/Fahrt_nach_Mendoza-036.jpg 2048w\" sizes=\"auto, (max-width: 1024px) 100vw, 1024px\" \/><figcaption id=\"caption-attachment-25229\" class=\"wp-caption-text\">Stellplatz in Villa Mercedes<\/figcaption><\/figure>\n<p><img loading=\"lazy\" decoding=\"async\" class=\"alignnone size-medium wp-image-25228\" src=\"https:\/\/www.askja-on-tour.ch\/wp-content\/uploads\/2025\/01\/Fahrt_nach_Mendoza-035-1024x768.jpg\" alt=\"\" width=\"1024\" height=\"768\" srcset=\"https:\/\/www.askja-on-tour.ch\/wp-content\/uploads\/2025\/01\/Fahrt_nach_Mendoza-035-1024x768.jpg 1024w, https:\/\/www.askja-on-tour.ch\/wp-content\/uploads\/2025\/01\/Fahrt_nach_Mendoza-035-1600x1200.jpg 1600w, https:\/\/www.askja-on-tour.ch\/wp-content\/uploads\/2025\/01\/Fahrt_nach_Mendoza-035-768x576.jpg 768w, https:\/\/www.askja-on-tour.ch\/wp-content\/uploads\/2025\/01\/Fahrt_nach_Mendoza-035-1536x1152.jpg 1536w, https:\/\/www.askja-on-tour.ch\/wp-content\/uploads\/2025\/01\/Fahrt_nach_Mendoza-035.jpg 2048w\" sizes=\"auto, (max-width: 1024px) 100vw, 1024px\" \/><\/p>\n<p>Die Fahrt von 1&#8217;400 km, meist durch die Pampa, war zwar interessant, aber jetzt nicht sehr abwechslungsreich. Die Pampa ist eine weitgehend flache, Graslandschaft im s\u00fcd\u00f6stlichen S\u00fcdamerika, die sich in einem grossen Bogen um den R\u00edo de la Plata erstreckt und einen bedeutenden Teil Argentiniens, ganz Uruguay und einen kleinen Teil von S\u00fcdost-Brasilien einnimmt. Sowohl das Wort Pampa (Quechua, indigen) als auch das Wort Campo (spanisch und portugiesisch) bedeuten \u201ebaumlose Ebene\u201c oder \u201eFeld\u201c. Umgangssprachlich wird die Bezeichnung Pampa h\u00e4ufig statt f\u00fcr die Pampa-Region f\u00fcr die kargen, fast unbesiedelten Hochebenen Patagoniens verwendet und ist in diesem Sinne vergleichbar mit dem Outback Australiens, dem s\u00fcdafrikanischen High Veld oder dem neuseel\u00e4ndischen High Country. Sprichw\u00f6rtlich steht der Begriff im Deutschen (\u201ein der Pampa\u201c) ganz allgemein f\u00fcr \u201e\u00f6des, einsames, abgelegenes oder langweiliges Gebiet\u201c (Quelle: wikipedia). Die Pampa ist heute einer der am intensivsten genutzten Landwirtschaftsr\u00e4ume S\u00fcdamerikas: Der argentinische Teil ist das gr\u00f6sste Ackerbaugebiet S\u00fcdamerikas sowie das Zentrum der Rinderzucht in Argentinien. Die grossen Felder mit Sonnenblumen, Mais und Soja sind beeindruckend.<\/p>\n<figure id=\"attachment_25221\" aria-describedby=\"caption-attachment-25221\" style=\"width: 1024px\" class=\"wp-caption alignnone\"><img loading=\"lazy\" decoding=\"async\" class=\"wp-image-25221 size-medium\" src=\"https:\/\/www.askja-on-tour.ch\/wp-content\/uploads\/2025\/01\/Fahrt_nach_Mendoza-028-1024x768.jpg\" alt=\"\" width=\"1024\" height=\"768\" srcset=\"https:\/\/www.askja-on-tour.ch\/wp-content\/uploads\/2025\/01\/Fahrt_nach_Mendoza-028-1024x768.jpg 1024w, https:\/\/www.askja-on-tour.ch\/wp-content\/uploads\/2025\/01\/Fahrt_nach_Mendoza-028-1600x1200.jpg 1600w, https:\/\/www.askja-on-tour.ch\/wp-content\/uploads\/2025\/01\/Fahrt_nach_Mendoza-028-768x576.jpg 768w, https:\/\/www.askja-on-tour.ch\/wp-content\/uploads\/2025\/01\/Fahrt_nach_Mendoza-028-1536x1152.jpg 1536w, https:\/\/www.askja-on-tour.ch\/wp-content\/uploads\/2025\/01\/Fahrt_nach_Mendoza-028.jpg 2048w\" sizes=\"auto, (max-width: 1024px) 100vw, 1024px\" \/><figcaption id=\"caption-attachment-25221\" class=\"wp-caption-text\">Hoch auf die Br\u00fccke&#8230;..<\/figcaption><\/figure>\n<figure id=\"attachment_25220\" aria-describedby=\"caption-attachment-25220\" style=\"width: 1024px\" class=\"wp-caption alignnone\"><img loading=\"lazy\" decoding=\"async\" class=\"size-medium wp-image-25220\" src=\"https:\/\/www.askja-on-tour.ch\/wp-content\/uploads\/2025\/01\/Fahrt_nach_Mendoza-027-1024x768.jpg\" alt=\"\" width=\"1024\" height=\"768\" srcset=\"https:\/\/www.askja-on-tour.ch\/wp-content\/uploads\/2025\/01\/Fahrt_nach_Mendoza-027-1024x768.jpg 1024w, https:\/\/www.askja-on-tour.ch\/wp-content\/uploads\/2025\/01\/Fahrt_nach_Mendoza-027-1600x1200.jpg 1600w, https:\/\/www.askja-on-tour.ch\/wp-content\/uploads\/2025\/01\/Fahrt_nach_Mendoza-027-768x576.jpg 768w, https:\/\/www.askja-on-tour.ch\/wp-content\/uploads\/2025\/01\/Fahrt_nach_Mendoza-027-1536x1152.jpg 1536w, https:\/\/www.askja-on-tour.ch\/wp-content\/uploads\/2025\/01\/Fahrt_nach_Mendoza-027.jpg 2048w\" sizes=\"auto, (max-width: 1024px) 100vw, 1024px\" \/><figcaption id=\"caption-attachment-25220\" class=\"wp-caption-text\">&#8230; auf der Br\u00fccke, welche den Rio Negro \u00fcberquert<\/figcaption><\/figure>\n<p><img loading=\"lazy\" decoding=\"async\" class=\"alignnone size-medium wp-image-25219\" src=\"https:\/\/www.askja-on-tour.ch\/wp-content\/uploads\/2025\/01\/Fahrt_nach_Mendoza-026-1024x768.jpg\" alt=\"\" width=\"1024\" height=\"768\" srcset=\"https:\/\/www.askja-on-tour.ch\/wp-content\/uploads\/2025\/01\/Fahrt_nach_Mendoza-026-1024x768.jpg 1024w, https:\/\/www.askja-on-tour.ch\/wp-content\/uploads\/2025\/01\/Fahrt_nach_Mendoza-026-1600x1200.jpg 1600w, https:\/\/www.askja-on-tour.ch\/wp-content\/uploads\/2025\/01\/Fahrt_nach_Mendoza-026-768x576.jpg 768w, https:\/\/www.askja-on-tour.ch\/wp-content\/uploads\/2025\/01\/Fahrt_nach_Mendoza-026-1536x1152.jpg 1536w, https:\/\/www.askja-on-tour.ch\/wp-content\/uploads\/2025\/01\/Fahrt_nach_Mendoza-026.jpg 2048w\" sizes=\"auto, (max-width: 1024px) 100vw, 1024px\" \/><\/p>\n<figure id=\"attachment_25213\" aria-describedby=\"caption-attachment-25213\" style=\"width: 1024px\" class=\"wp-caption alignnone\"><img loading=\"lazy\" decoding=\"async\" class=\"size-medium wp-image-25213\" src=\"https:\/\/www.askja-on-tour.ch\/wp-content\/uploads\/2025\/01\/Fahrt_nach_Mendoza-020-1024x768.jpg\" alt=\"\" width=\"1024\" height=\"768\" srcset=\"https:\/\/www.askja-on-tour.ch\/wp-content\/uploads\/2025\/01\/Fahrt_nach_Mendoza-020-1024x768.jpg 1024w, https:\/\/www.askja-on-tour.ch\/wp-content\/uploads\/2025\/01\/Fahrt_nach_Mendoza-020-1600x1200.jpg 1600w, https:\/\/www.askja-on-tour.ch\/wp-content\/uploads\/2025\/01\/Fahrt_nach_Mendoza-020-768x576.jpg 768w, https:\/\/www.askja-on-tour.ch\/wp-content\/uploads\/2025\/01\/Fahrt_nach_Mendoza-020-1536x1152.jpg 1536w, https:\/\/www.askja-on-tour.ch\/wp-content\/uploads\/2025\/01\/Fahrt_nach_Mendoza-020.jpg 2048w\" sizes=\"auto, (max-width: 1024px) 100vw, 1024px\" \/><figcaption id=\"caption-attachment-25213\" class=\"wp-caption-text\">Blick auf den Rio Negro<\/figcaption><\/figure>\n<figure id=\"attachment_25227\" aria-describedby=\"caption-attachment-25227\" style=\"width: 1024px\" class=\"wp-caption alignnone\"><img loading=\"lazy\" decoding=\"async\" class=\"size-medium wp-image-25227\" src=\"https:\/\/www.askja-on-tour.ch\/wp-content\/uploads\/2025\/01\/Fahrt_nach_Mendoza-034-1024x768.jpg\" alt=\"\" width=\"1024\" height=\"768\" srcset=\"https:\/\/www.askja-on-tour.ch\/wp-content\/uploads\/2025\/01\/Fahrt_nach_Mendoza-034-1024x768.jpg 1024w, https:\/\/www.askja-on-tour.ch\/wp-content\/uploads\/2025\/01\/Fahrt_nach_Mendoza-034-1600x1200.jpg 1600w, https:\/\/www.askja-on-tour.ch\/wp-content\/uploads\/2025\/01\/Fahrt_nach_Mendoza-034-768x576.jpg 768w, https:\/\/www.askja-on-tour.ch\/wp-content\/uploads\/2025\/01\/Fahrt_nach_Mendoza-034-1536x1152.jpg 1536w, https:\/\/www.askja-on-tour.ch\/wp-content\/uploads\/2025\/01\/Fahrt_nach_Mendoza-034.jpg 2048w\" sizes=\"auto, (max-width: 1024px) 100vw, 1024px\" \/><figcaption id=\"caption-attachment-25227\" class=\"wp-caption-text\">Und lange gerade Strecken durch die Pampa<\/figcaption><\/figure>\n<figure id=\"attachment_25226\" aria-describedby=\"caption-attachment-25226\" style=\"width: 1024px\" class=\"wp-caption alignnone\"><img loading=\"lazy\" decoding=\"async\" class=\"size-medium wp-image-25226\" src=\"https:\/\/www.askja-on-tour.ch\/wp-content\/uploads\/2025\/01\/Fahrt_nach_Mendoza-033-1024x768.jpg\" alt=\"\" width=\"1024\" height=\"768\" srcset=\"https:\/\/www.askja-on-tour.ch\/wp-content\/uploads\/2025\/01\/Fahrt_nach_Mendoza-033-1024x768.jpg 1024w, https:\/\/www.askja-on-tour.ch\/wp-content\/uploads\/2025\/01\/Fahrt_nach_Mendoza-033-1600x1200.jpg 1600w, https:\/\/www.askja-on-tour.ch\/wp-content\/uploads\/2025\/01\/Fahrt_nach_Mendoza-033-768x576.jpg 768w, https:\/\/www.askja-on-tour.ch\/wp-content\/uploads\/2025\/01\/Fahrt_nach_Mendoza-033-1536x1152.jpg 1536w, https:\/\/www.askja-on-tour.ch\/wp-content\/uploads\/2025\/01\/Fahrt_nach_Mendoza-033.jpg 2048w\" sizes=\"auto, (max-width: 1024px) 100vw, 1024px\" \/><figcaption id=\"caption-attachment-25226\" class=\"wp-caption-text\">Windr\u00e4der zum Pumpen von Wasser<\/figcaption><\/figure>\n<p><img loading=\"lazy\" decoding=\"async\" class=\"alignnone size-medium wp-image-25225\" src=\"https:\/\/www.askja-on-tour.ch\/wp-content\/uploads\/2025\/01\/Fahrt_nach_Mendoza-032-1024x768.jpg\" alt=\"\" width=\"1024\" height=\"768\" srcset=\"https:\/\/www.askja-on-tour.ch\/wp-content\/uploads\/2025\/01\/Fahrt_nach_Mendoza-032-1024x768.jpg 1024w, https:\/\/www.askja-on-tour.ch\/wp-content\/uploads\/2025\/01\/Fahrt_nach_Mendoza-032-1600x1200.jpg 1600w, https:\/\/www.askja-on-tour.ch\/wp-content\/uploads\/2025\/01\/Fahrt_nach_Mendoza-032-768x576.jpg 768w, https:\/\/www.askja-on-tour.ch\/wp-content\/uploads\/2025\/01\/Fahrt_nach_Mendoza-032-1536x1152.jpg 1536w, https:\/\/www.askja-on-tour.ch\/wp-content\/uploads\/2025\/01\/Fahrt_nach_Mendoza-032.jpg 2048w\" sizes=\"auto, (max-width: 1024px) 100vw, 1024px\" \/><\/p>\n<figure id=\"attachment_25224\" aria-describedby=\"caption-attachment-25224\" style=\"width: 1024px\" class=\"wp-caption alignnone\"><img loading=\"lazy\" decoding=\"async\" class=\"size-medium wp-image-25224\" src=\"https:\/\/www.askja-on-tour.ch\/wp-content\/uploads\/2025\/01\/Fahrt_nach_Mendoza-031-1024x768.jpg\" alt=\"\" width=\"1024\" height=\"768\" srcset=\"https:\/\/www.askja-on-tour.ch\/wp-content\/uploads\/2025\/01\/Fahrt_nach_Mendoza-031-1024x768.jpg 1024w, https:\/\/www.askja-on-tour.ch\/wp-content\/uploads\/2025\/01\/Fahrt_nach_Mendoza-031-1600x1200.jpg 1600w, https:\/\/www.askja-on-tour.ch\/wp-content\/uploads\/2025\/01\/Fahrt_nach_Mendoza-031-768x576.jpg 768w, https:\/\/www.askja-on-tour.ch\/wp-content\/uploads\/2025\/01\/Fahrt_nach_Mendoza-031-1536x1152.jpg 1536w, https:\/\/www.askja-on-tour.ch\/wp-content\/uploads\/2025\/01\/Fahrt_nach_Mendoza-031.jpg 2048w\" sizes=\"auto, (max-width: 1024px) 100vw, 1024px\" \/><figcaption id=\"caption-attachment-25224\" class=\"wp-caption-text\">Grosse Speicher f\u00fcr Getreide<\/figcaption><\/figure>\n<p><img loading=\"lazy\" decoding=\"async\" class=\"alignnone size-medium wp-image-25223\" src=\"https:\/\/www.askja-on-tour.ch\/wp-content\/uploads\/2025\/01\/Fahrt_nach_Mendoza-030-1024x768.jpg\" alt=\"\" width=\"1024\" height=\"768\" srcset=\"https:\/\/www.askja-on-tour.ch\/wp-content\/uploads\/2025\/01\/Fahrt_nach_Mendoza-030-1024x768.jpg 1024w, https:\/\/www.askja-on-tour.ch\/wp-content\/uploads\/2025\/01\/Fahrt_nach_Mendoza-030-1600x1200.jpg 1600w, https:\/\/www.askja-on-tour.ch\/wp-content\/uploads\/2025\/01\/Fahrt_nach_Mendoza-030-768x576.jpg 768w, https:\/\/www.askja-on-tour.ch\/wp-content\/uploads\/2025\/01\/Fahrt_nach_Mendoza-030-1536x1152.jpg 1536w, https:\/\/www.askja-on-tour.ch\/wp-content\/uploads\/2025\/01\/Fahrt_nach_Mendoza-030.jpg 2048w\" sizes=\"auto, (max-width: 1024px) 100vw, 1024px\" \/> <img loading=\"lazy\" decoding=\"async\" class=\"alignnone size-medium wp-image-25214\" src=\"https:\/\/www.askja-on-tour.ch\/wp-content\/uploads\/2025\/01\/Fahrt_nach_Mendoza-021-1024x768.jpg\" alt=\"\" width=\"1024\" height=\"768\" srcset=\"https:\/\/www.askja-on-tour.ch\/wp-content\/uploads\/2025\/01\/Fahrt_nach_Mendoza-021-1024x768.jpg 1024w, https:\/\/www.askja-on-tour.ch\/wp-content\/uploads\/2025\/01\/Fahrt_nach_Mendoza-021-1600x1200.jpg 1600w, https:\/\/www.askja-on-tour.ch\/wp-content\/uploads\/2025\/01\/Fahrt_nach_Mendoza-021-768x576.jpg 768w, https:\/\/www.askja-on-tour.ch\/wp-content\/uploads\/2025\/01\/Fahrt_nach_Mendoza-021-1536x1152.jpg 1536w, https:\/\/www.askja-on-tour.ch\/wp-content\/uploads\/2025\/01\/Fahrt_nach_Mendoza-021.jpg 2048w\" sizes=\"auto, (max-width: 1024px) 100vw, 1024px\" \/><\/p>\n<figure id=\"attachment_25215\" aria-describedby=\"caption-attachment-25215\" style=\"width: 1024px\" class=\"wp-caption alignnone\"><img loading=\"lazy\" decoding=\"async\" class=\"size-medium wp-image-25215\" src=\"https:\/\/www.askja-on-tour.ch\/wp-content\/uploads\/2025\/01\/Fahrt_nach_Mendoza-022-1024x768.jpg\" alt=\"\" width=\"1024\" height=\"768\" srcset=\"https:\/\/www.askja-on-tour.ch\/wp-content\/uploads\/2025\/01\/Fahrt_nach_Mendoza-022-1024x768.jpg 1024w, https:\/\/www.askja-on-tour.ch\/wp-content\/uploads\/2025\/01\/Fahrt_nach_Mendoza-022-1600x1200.jpg 1600w, https:\/\/www.askja-on-tour.ch\/wp-content\/uploads\/2025\/01\/Fahrt_nach_Mendoza-022-768x576.jpg 768w, https:\/\/www.askja-on-tour.ch\/wp-content\/uploads\/2025\/01\/Fahrt_nach_Mendoza-022-1536x1152.jpg 1536w, https:\/\/www.askja-on-tour.ch\/wp-content\/uploads\/2025\/01\/Fahrt_nach_Mendoza-022.jpg 2048w\" sizes=\"auto, (max-width: 1024px) 100vw, 1024px\" \/><figcaption id=\"caption-attachment-25215\" class=\"wp-caption-text\">Pampa<\/figcaption><\/figure>\n<figure id=\"attachment_25230\" aria-describedby=\"caption-attachment-25230\" style=\"width: 1024px\" class=\"wp-caption alignnone\"><img loading=\"lazy\" decoding=\"async\" class=\"size-medium wp-image-25230\" src=\"https:\/\/www.askja-on-tour.ch\/wp-content\/uploads\/2025\/01\/Fahrt_nach_Mendoza-037-1024x768.jpg\" alt=\"\" width=\"1024\" height=\"768\" srcset=\"https:\/\/www.askja-on-tour.ch\/wp-content\/uploads\/2025\/01\/Fahrt_nach_Mendoza-037-1024x768.jpg 1024w, https:\/\/www.askja-on-tour.ch\/wp-content\/uploads\/2025\/01\/Fahrt_nach_Mendoza-037-1600x1200.jpg 1600w, https:\/\/www.askja-on-tour.ch\/wp-content\/uploads\/2025\/01\/Fahrt_nach_Mendoza-037-768x576.jpg 768w, https:\/\/www.askja-on-tour.ch\/wp-content\/uploads\/2025\/01\/Fahrt_nach_Mendoza-037-1536x1152.jpg 1536w, https:\/\/www.askja-on-tour.ch\/wp-content\/uploads\/2025\/01\/Fahrt_nach_Mendoza-037.jpg 2048w\" sizes=\"auto, (max-width: 1024px) 100vw, 1024px\" \/><figcaption id=\"caption-attachment-25230\" class=\"wp-caption-text\">Eingang in die Provinz Mendoza<\/figcaption><\/figure>\n<p>Heute Nacht stehen wir auf dem kleinen Campingplatz \u00abel Mangrullo\u00bb in Mendoza, wo wir gestern von einem ziemlichen Gewitter \u00fcberrascht wurden. Zum Gl\u00fcck hatten wir unseren Grill noch nicht rausger\u00e4umt. Heute Nachmittag fahren wir in die Bodega Ojo de Agua \u2013 wir freuen uns schon. Und ab Sonntag fahren wir dann gem\u00e4chlich weiter \u2013 ob direkt nach S\u00fcden oder erst nochmals weiter n\u00f6rdlich entscheiden wir noch nach Lust und Wetter.<\/p>\n<figure id=\"attachment_25231\" aria-describedby=\"caption-attachment-25231\" style=\"width: 1024px\" class=\"wp-caption alignnone\"><img loading=\"lazy\" decoding=\"async\" class=\"size-medium wp-image-25231\" src=\"https:\/\/www.askja-on-tour.ch\/wp-content\/uploads\/2025\/01\/Fahrt_nach_Mendoza-038-1024x768.jpg\" alt=\"\" width=\"1024\" height=\"768\" srcset=\"https:\/\/www.askja-on-tour.ch\/wp-content\/uploads\/2025\/01\/Fahrt_nach_Mendoza-038-1024x768.jpg 1024w, https:\/\/www.askja-on-tour.ch\/wp-content\/uploads\/2025\/01\/Fahrt_nach_Mendoza-038-1600x1200.jpg 1600w, https:\/\/www.askja-on-tour.ch\/wp-content\/uploads\/2025\/01\/Fahrt_nach_Mendoza-038-768x576.jpg 768w, https:\/\/www.askja-on-tour.ch\/wp-content\/uploads\/2025\/01\/Fahrt_nach_Mendoza-038-1536x1152.jpg 1536w, https:\/\/www.askja-on-tour.ch\/wp-content\/uploads\/2025\/01\/Fahrt_nach_Mendoza-038.jpg 2048w\" sizes=\"auto, (max-width: 1024px) 100vw, 1024px\" \/><figcaption id=\"caption-attachment-25231\" class=\"wp-caption-text\">Stellplatz in Mendoza<\/figcaption><\/figure>\n","protected":false},"excerpt":{"rendered":"<p>Da wir zu einer einmaligen Besichtigung der Bodega und Farm \u201eOjo de Agua\u201c von Dieter Meier (Yello) eingeladen sind (von wem verraten wir im n\u00e4chsten Blog) haben wir uns entschieden, einmal quer durch die Pampa von Uruguay nach Argentinien zu<\/p>\n","protected":false},"author":3,"featured_media":0,"comment_status":"open","ping_status":"closed","sticky":false,"template":"","format":"standard","meta":{"footnotes":""},"categories":[54,50,53],"tags":[],"class_list":["post-25191","post","type-post","status-publish","format-standard","hentry","category-argentinien_2025","category-suedamerika_2024_2026","category-uruguay_2025"],"_links":{"self":[{"href":"https:\/\/www.askja-on-tour.ch\/index.php?rest_route=\/wp\/v2\/posts\/25191","targetHints":{"allow":["GET"]}}],"collection":[{"href":"https:\/\/www.askja-on-tour.ch\/index.php?rest_route=\/wp\/v2\/posts"}],"about":[{"href":"https:\/\/www.askja-on-tour.ch\/index.php?rest_route=\/wp\/v2\/types\/post"}],"author":[{"embeddable":true,"href":"https:\/\/www.askja-on-tour.ch\/index.php?rest_route=\/wp\/v2\/users\/3"}],"replies":[{"embeddable":true,"href":"https:\/\/www.askja-on-tour.ch\/index.php?rest_route=%2Fwp%2Fv2%2Fcomments&post=25191"}],"version-history":[{"count":5,"href":"https:\/\/www.askja-on-tour.ch\/index.php?rest_route=\/wp\/v2\/posts\/25191\/revisions"}],"predecessor-version":[{"id":25237,"href":"https:\/\/www.askja-on-tour.ch\/index.php?rest_route=\/wp\/v2\/posts\/25191\/revisions\/25237"}],"wp:attachment":[{"href":"https:\/\/www.askja-on-tour.ch\/index.php?rest_route=%2Fwp%2Fv2%2Fmedia&parent=25191"}],"wp:term":[{"taxonomy":"category","embeddable":true,"href":"https:\/\/www.askja-on-tour.ch\/index.php?rest_route=%2Fwp%2Fv2%2Fcategories&post=25191"},{"taxonomy":"post_tag","embeddable":true,"href":"https:\/\/www.askja-on-tour.ch\/index.php?rest_route=%2Fwp%2Fv2%2Ftags&post=25191"}],"curies":[{"name":"wp","href":"https:\/\/api.w.org\/{rel}","templated":true}]}}