{"id":25006,"date":"2025-01-04T19:49:09","date_gmt":"2025-01-04T19:49:09","guid":{"rendered":"https:\/\/www.askja-on-tour.ch\/?p=25006"},"modified":"2025-01-04T19:59:36","modified_gmt":"2025-01-04T19:59:36","slug":"29-12-2024-02-01-2025-6-tage-in-montevideo-uruguay-und-suedamerika-zum-einsteigen-nach-einjaehriger-reiseabstinenz","status":"publish","type":"post","link":"https:\/\/www.askja-on-tour.ch\/?p=25006","title":{"rendered":"29.12.2024 &#8211; 02.01.2025: 5 Tage in Montevideo \u2013 Uruguay und S\u00fcdamerika zum Einsteigen nach einj\u00e4hriger Reiseabstinenz"},"content":{"rendered":"\n<p>Uruguay, auch die Schweiz S\u00fcdamerikas genannt, z\u00e4hlt 3,4 Millionen Einwohner und fast die H\u00e4lfte der gesamten Bev\u00f6lkerung lebt in der Hauptstadt Montevideo. Uruguay ist nach Suriname der zweitkleinste Staat S\u00fcdamerikas. Aber \u2013 Uruguay &#8211; ist viermal gr\u00f6sser als die Schweiz, hat aber nicht einmal halb so viele Einwohner.<\/p>\n<p>Montevideo, die Hauptstadt von Uruguay, erstreckt sich rund um die Plaza de la Independencia, wo sich einst eine spanische Zitadelle befand. Heute ist nur noch das Steintor (la Puerta de la Ciudadela) aus dem Jahre 1833 von dieser Zitadelle \u00fcbrig. Der Platz der Unabh\u00e4ngigkeit f\u00fchrt zur Altstadt (Ciudad Vieja) mit Art-d\u00e9co-Geb\u00e4uden, Kolonialh\u00e4usern und verschiedenen architektonischen Wahrzeichen einschliesslich des hoch aufragenden Palacio Salvo und der neoklassischen Konzerthalle Sol\u00eds Theater, die 1856 er\u00f6ffnet wurde. Der Mercado del Puerto ist ein alter Hafenmarkt mit vielen Steakh\u00e4usern und kleinen L\u00e4den. Uns hat Montevideo sehr gut gefallen und wir werden die Tage mit unserem Mietwagen nochmals hinfahren, um a) das Museo del Gaucho zu besuchen, b) die Hafengeb\u00fchren zu bezahlen und nochmals etwas durch die Stadt zu laufen.<\/p>\n<p>Den Namen erhielt Montevideo \u00fcbrigens nach von dem gegen\u00fcber dem Hafen gelegenen, 132 m hohen Stadth\u00fcgel (span. monte \u201eBerg\u201c), dem Cerro de Montevideo, auf dem eine Festung thront. Wobei es verschiedene andere Namensbegr\u00fcndungen gibt, doch diese scheint uns plausibel.<\/p>\n<p>Wir sind an verschiedenen Tagen durch die Stadt geschlendert und haben uns vom bunten Treiben und von den aufgestellten Leuten treiben lassen.<\/p>\n<figure id=\"attachment_25013\" aria-describedby=\"caption-attachment-25013\" style=\"width: 768px\" class=\"wp-caption alignnone\"><img loading=\"lazy\" decoding=\"async\" class=\"size-medium wp-image-25013\" src=\"https:\/\/www.askja-on-tour.ch\/wp-content\/uploads\/2025\/01\/Montevide_Auswahl-002-768x1024.jpg\" alt=\"\" width=\"768\" height=\"1024\" srcset=\"https:\/\/www.askja-on-tour.ch\/wp-content\/uploads\/2025\/01\/Montevide_Auswahl-002-768x1024.jpg 768w, https:\/\/www.askja-on-tour.ch\/wp-content\/uploads\/2025\/01\/Montevide_Auswahl-002-1200x1600.jpg 1200w, https:\/\/www.askja-on-tour.ch\/wp-content\/uploads\/2025\/01\/Montevide_Auswahl-002-1152x1536.jpg 1152w, https:\/\/www.askja-on-tour.ch\/wp-content\/uploads\/2025\/01\/Montevide_Auswahl-002.jpg 1536w\" sizes=\"auto, (max-width: 768px) 100vw, 768px\" \/><figcaption id=\"caption-attachment-25013\" class=\"wp-caption-text\">Der Plaza Independencia mit der 17 m hohe und 30 Tonnen schwere Statue von Jos\u00e9 Artigas, der f\u00fcr die Unabh\u00e4ngigkeit Uruguays gek\u00e4mpft hat.<\/figcaption><\/figure>\n<p><img loading=\"lazy\" decoding=\"async\" class=\"alignnone size-medium wp-image-25014\" src=\"https:\/\/www.askja-on-tour.ch\/wp-content\/uploads\/2025\/01\/Montevide_Auswahl-003-1024x768.jpg\" alt=\"\" width=\"1024\" height=\"768\" srcset=\"https:\/\/www.askja-on-tour.ch\/wp-content\/uploads\/2025\/01\/Montevide_Auswahl-003-1024x768.jpg 1024w, https:\/\/www.askja-on-tour.ch\/wp-content\/uploads\/2025\/01\/Montevide_Auswahl-003-1600x1200.jpg 1600w, https:\/\/www.askja-on-tour.ch\/wp-content\/uploads\/2025\/01\/Montevide_Auswahl-003-768x576.jpg 768w, https:\/\/www.askja-on-tour.ch\/wp-content\/uploads\/2025\/01\/Montevide_Auswahl-003-1536x1152.jpg 1536w, https:\/\/www.askja-on-tour.ch\/wp-content\/uploads\/2025\/01\/Montevide_Auswahl-003.jpg 2048w\" sizes=\"auto, (max-width: 1024px) 100vw, 1024px\" \/> <img loading=\"lazy\" decoding=\"async\" class=\"alignnone size-medium wp-image-25015\" src=\"https:\/\/www.askja-on-tour.ch\/wp-content\/uploads\/2025\/01\/Montevide_Auswahl-004-1024x768.jpg\" alt=\"\" width=\"1024\" height=\"768\" srcset=\"https:\/\/www.askja-on-tour.ch\/wp-content\/uploads\/2025\/01\/Montevide_Auswahl-004-1024x768.jpg 1024w, https:\/\/www.askja-on-tour.ch\/wp-content\/uploads\/2025\/01\/Montevide_Auswahl-004-1600x1200.jpg 1600w, https:\/\/www.askja-on-tour.ch\/wp-content\/uploads\/2025\/01\/Montevide_Auswahl-004-768x576.jpg 768w, https:\/\/www.askja-on-tour.ch\/wp-content\/uploads\/2025\/01\/Montevide_Auswahl-004-1536x1152.jpg 1536w, https:\/\/www.askja-on-tour.ch\/wp-content\/uploads\/2025\/01\/Montevide_Auswahl-004.jpg 2048w\" sizes=\"auto, (max-width: 1024px) 100vw, 1024px\" \/> <img loading=\"lazy\" decoding=\"async\" class=\"alignnone size-medium wp-image-25016\" src=\"https:\/\/www.askja-on-tour.ch\/wp-content\/uploads\/2025\/01\/Montevide_Auswahl-005-768x1024.jpg\" alt=\"\" width=\"768\" height=\"1024\" srcset=\"https:\/\/www.askja-on-tour.ch\/wp-content\/uploads\/2025\/01\/Montevide_Auswahl-005-768x1024.jpg 768w, https:\/\/www.askja-on-tour.ch\/wp-content\/uploads\/2025\/01\/Montevide_Auswahl-005-1200x1600.jpg 1200w, https:\/\/www.askja-on-tour.ch\/wp-content\/uploads\/2025\/01\/Montevide_Auswahl-005-1152x1536.jpg 1152w, https:\/\/www.askja-on-tour.ch\/wp-content\/uploads\/2025\/01\/Montevide_Auswahl-005.jpg 1536w\" sizes=\"auto, (max-width: 768px) 100vw, 768px\" \/> <img loading=\"lazy\" decoding=\"async\" class=\"alignnone size-medium wp-image-25017\" src=\"https:\/\/www.askja-on-tour.ch\/wp-content\/uploads\/2025\/01\/Montevide_Auswahl-006-1024x768.jpg\" alt=\"\" width=\"1024\" height=\"768\" srcset=\"https:\/\/www.askja-on-tour.ch\/wp-content\/uploads\/2025\/01\/Montevide_Auswahl-006-1024x768.jpg 1024w, https:\/\/www.askja-on-tour.ch\/wp-content\/uploads\/2025\/01\/Montevide_Auswahl-006-1600x1200.jpg 1600w, https:\/\/www.askja-on-tour.ch\/wp-content\/uploads\/2025\/01\/Montevide_Auswahl-006-768x576.jpg 768w, https:\/\/www.askja-on-tour.ch\/wp-content\/uploads\/2025\/01\/Montevide_Auswahl-006-1536x1152.jpg 1536w, https:\/\/www.askja-on-tour.ch\/wp-content\/uploads\/2025\/01\/Montevide_Auswahl-006.jpg 2048w\" sizes=\"auto, (max-width: 1024px) 100vw, 1024px\" \/><\/p>\n<figure id=\"attachment_25019\" aria-describedby=\"caption-attachment-25019\" style=\"width: 1024px\" class=\"wp-caption alignnone\"><img loading=\"lazy\" decoding=\"async\" class=\"size-medium wp-image-25019\" src=\"https:\/\/www.askja-on-tour.ch\/wp-content\/uploads\/2025\/01\/Montevide_Auswahl-008-1024x768.jpg\" alt=\"\" width=\"1024\" height=\"768\" srcset=\"https:\/\/www.askja-on-tour.ch\/wp-content\/uploads\/2025\/01\/Montevide_Auswahl-008-1024x768.jpg 1024w, https:\/\/www.askja-on-tour.ch\/wp-content\/uploads\/2025\/01\/Montevide_Auswahl-008-1600x1200.jpg 1600w, https:\/\/www.askja-on-tour.ch\/wp-content\/uploads\/2025\/01\/Montevide_Auswahl-008-768x576.jpg 768w, https:\/\/www.askja-on-tour.ch\/wp-content\/uploads\/2025\/01\/Montevide_Auswahl-008-1536x1152.jpg 1536w, https:\/\/www.askja-on-tour.ch\/wp-content\/uploads\/2025\/01\/Montevide_Auswahl-008.jpg 2048w\" sizes=\"auto, (max-width: 1024px) 100vw, 1024px\" \/><figcaption id=\"caption-attachment-25019\" class=\"wp-caption-text\">Frisches Gem\u00fcse und Fr\u00fcchte auf einem Markt<\/figcaption><\/figure>\n<p><img loading=\"lazy\" decoding=\"async\" class=\"alignnone size-medium wp-image-25018\" src=\"https:\/\/www.askja-on-tour.ch\/wp-content\/uploads\/2025\/01\/Montevide_Auswahl-007-1024x768.jpg\" alt=\"\" width=\"1024\" height=\"768\" srcset=\"https:\/\/www.askja-on-tour.ch\/wp-content\/uploads\/2025\/01\/Montevide_Auswahl-007-1024x768.jpg 1024w, https:\/\/www.askja-on-tour.ch\/wp-content\/uploads\/2025\/01\/Montevide_Auswahl-007-1600x1200.jpg 1600w, https:\/\/www.askja-on-tour.ch\/wp-content\/uploads\/2025\/01\/Montevide_Auswahl-007-768x576.jpg 768w, https:\/\/www.askja-on-tour.ch\/wp-content\/uploads\/2025\/01\/Montevide_Auswahl-007-1536x1152.jpg 1536w, https:\/\/www.askja-on-tour.ch\/wp-content\/uploads\/2025\/01\/Montevide_Auswahl-007.jpg 2048w\" sizes=\"auto, (max-width: 1024px) 100vw, 1024px\" \/><\/p>\n<figure id=\"attachment_25021\" aria-describedby=\"caption-attachment-25021\" style=\"width: 1024px\" class=\"wp-caption alignnone\"><img loading=\"lazy\" decoding=\"async\" class=\"size-medium wp-image-25021\" src=\"https:\/\/www.askja-on-tour.ch\/wp-content\/uploads\/2025\/01\/Montevide_Auswahl-010-1024x768.jpg\" alt=\"\" width=\"1024\" height=\"768\" srcset=\"https:\/\/www.askja-on-tour.ch\/wp-content\/uploads\/2025\/01\/Montevide_Auswahl-010-1024x768.jpg 1024w, https:\/\/www.askja-on-tour.ch\/wp-content\/uploads\/2025\/01\/Montevide_Auswahl-010-1600x1200.jpg 1600w, https:\/\/www.askja-on-tour.ch\/wp-content\/uploads\/2025\/01\/Montevide_Auswahl-010-768x576.jpg 768w, https:\/\/www.askja-on-tour.ch\/wp-content\/uploads\/2025\/01\/Montevide_Auswahl-010-1536x1152.jpg 1536w, https:\/\/www.askja-on-tour.ch\/wp-content\/uploads\/2025\/01\/Montevide_Auswahl-010.jpg 2048w\" sizes=\"auto, (max-width: 1024px) 100vw, 1024px\" \/><figcaption id=\"caption-attachment-25021\" class=\"wp-caption-text\">Sch\u00f6nes Art-d\u00e9co-Beispiel<\/figcaption><\/figure>\n<figure id=\"attachment_25022\" aria-describedby=\"caption-attachment-25022\" style=\"width: 1024px\" class=\"wp-caption alignnone\"><img loading=\"lazy\" decoding=\"async\" class=\"size-medium wp-image-25022\" src=\"https:\/\/www.askja-on-tour.ch\/wp-content\/uploads\/2025\/01\/Montevide_Auswahl-011-1024x768.jpg\" alt=\"\" width=\"1024\" height=\"768\" srcset=\"https:\/\/www.askja-on-tour.ch\/wp-content\/uploads\/2025\/01\/Montevide_Auswahl-011-1024x768.jpg 1024w, https:\/\/www.askja-on-tour.ch\/wp-content\/uploads\/2025\/01\/Montevide_Auswahl-011-1600x1200.jpg 1600w, https:\/\/www.askja-on-tour.ch\/wp-content\/uploads\/2025\/01\/Montevide_Auswahl-011-768x576.jpg 768w, https:\/\/www.askja-on-tour.ch\/wp-content\/uploads\/2025\/01\/Montevide_Auswahl-011-1536x1152.jpg 1536w, https:\/\/www.askja-on-tour.ch\/wp-content\/uploads\/2025\/01\/Montevide_Auswahl-011.jpg 2048w\" sizes=\"auto, (max-width: 1024px) 100vw, 1024px\" \/><figcaption id=\"caption-attachment-25022\" class=\"wp-caption-text\">Eines unser Lieblings-Kaffees<\/figcaption><\/figure>\n<figure id=\"attachment_25023\" aria-describedby=\"caption-attachment-25023\" style=\"width: 768px\" class=\"wp-caption alignnone\"><img loading=\"lazy\" decoding=\"async\" class=\"size-medium wp-image-25023\" src=\"https:\/\/www.askja-on-tour.ch\/wp-content\/uploads\/2025\/01\/Montevide_Auswahl-012-768x1024.jpg\" alt=\"\" width=\"768\" height=\"1024\" srcset=\"https:\/\/www.askja-on-tour.ch\/wp-content\/uploads\/2025\/01\/Montevide_Auswahl-012-768x1024.jpg 768w, https:\/\/www.askja-on-tour.ch\/wp-content\/uploads\/2025\/01\/Montevide_Auswahl-012-1200x1600.jpg 1200w, https:\/\/www.askja-on-tour.ch\/wp-content\/uploads\/2025\/01\/Montevide_Auswahl-012-1152x1536.jpg 1152w, https:\/\/www.askja-on-tour.ch\/wp-content\/uploads\/2025\/01\/Montevide_Auswahl-012.jpg 1536w\" sizes=\"auto, (max-width: 768px) 100vw, 768px\" \/><figcaption id=\"caption-attachment-25023\" class=\"wp-caption-text\">la Puerta de la Ciudadela<\/figcaption><\/figure>\n<figure id=\"attachment_25024\" aria-describedby=\"caption-attachment-25024\" style=\"width: 1024px\" class=\"wp-caption alignnone\"><img loading=\"lazy\" decoding=\"async\" class=\"wp-image-25024 size-medium\" src=\"https:\/\/www.askja-on-tour.ch\/wp-content\/uploads\/2025\/01\/Montevide_Auswahl-013-1024x768.jpg\" alt=\"\" width=\"1024\" height=\"768\" srcset=\"https:\/\/www.askja-on-tour.ch\/wp-content\/uploads\/2025\/01\/Montevide_Auswahl-013-1024x768.jpg 1024w, https:\/\/www.askja-on-tour.ch\/wp-content\/uploads\/2025\/01\/Montevide_Auswahl-013-1600x1200.jpg 1600w, https:\/\/www.askja-on-tour.ch\/wp-content\/uploads\/2025\/01\/Montevide_Auswahl-013-768x576.jpg 768w, https:\/\/www.askja-on-tour.ch\/wp-content\/uploads\/2025\/01\/Montevide_Auswahl-013-1536x1152.jpg 1536w, https:\/\/www.askja-on-tour.ch\/wp-content\/uploads\/2025\/01\/Montevide_Auswahl-013.jpg 2048w\" sizes=\"auto, (max-width: 1024px) 100vw, 1024px\" \/><figcaption id=\"caption-attachment-25024\" class=\"wp-caption-text\">Ein Blick vom Aussichtsturm auf Montevideo<\/figcaption><\/figure>\n<p><img loading=\"lazy\" decoding=\"async\" class=\"alignnone size-medium wp-image-25025\" src=\"https:\/\/www.askja-on-tour.ch\/wp-content\/uploads\/2025\/01\/Montevide_Auswahl-014-768x1024.jpg\" alt=\"\" width=\"768\" height=\"1024\" srcset=\"https:\/\/www.askja-on-tour.ch\/wp-content\/uploads\/2025\/01\/Montevide_Auswahl-014-768x1024.jpg 768w, https:\/\/www.askja-on-tour.ch\/wp-content\/uploads\/2025\/01\/Montevide_Auswahl-014-1200x1600.jpg 1200w, https:\/\/www.askja-on-tour.ch\/wp-content\/uploads\/2025\/01\/Montevide_Auswahl-014-1152x1536.jpg 1152w, https:\/\/www.askja-on-tour.ch\/wp-content\/uploads\/2025\/01\/Montevide_Auswahl-014.jpg 1536w\" sizes=\"auto, (max-width: 768px) 100vw, 768px\" \/><\/p>\n<figure id=\"attachment_25026\" aria-describedby=\"caption-attachment-25026\" style=\"width: 768px\" class=\"wp-caption alignnone\"><img loading=\"lazy\" decoding=\"async\" class=\"size-medium wp-image-25026\" src=\"https:\/\/www.askja-on-tour.ch\/wp-content\/uploads\/2025\/01\/Montevide_Auswahl-015-768x1024.jpg\" alt=\"\" width=\"768\" height=\"1024\" srcset=\"https:\/\/www.askja-on-tour.ch\/wp-content\/uploads\/2025\/01\/Montevide_Auswahl-015-768x1024.jpg 768w, https:\/\/www.askja-on-tour.ch\/wp-content\/uploads\/2025\/01\/Montevide_Auswahl-015-1200x1600.jpg 1200w, https:\/\/www.askja-on-tour.ch\/wp-content\/uploads\/2025\/01\/Montevide_Auswahl-015-1152x1536.jpg 1152w, https:\/\/www.askja-on-tour.ch\/wp-content\/uploads\/2025\/01\/Montevide_Auswahl-015.jpg 1536w\" sizes=\"auto, (max-width: 768px) 100vw, 768px\" \/><figcaption id=\"caption-attachment-25026\" class=\"wp-caption-text\">Schnurgerade Strassenz\u00fcge &#8211; mit K\u00e4fer<\/figcaption><\/figure>\n<p><img loading=\"lazy\" decoding=\"async\" class=\"alignnone size-medium wp-image-25027\" src=\"https:\/\/www.askja-on-tour.ch\/wp-content\/uploads\/2025\/01\/Montevide_Auswahl-016-1024x768.jpg\" alt=\"\" width=\"1024\" height=\"768\" srcset=\"https:\/\/www.askja-on-tour.ch\/wp-content\/uploads\/2025\/01\/Montevide_Auswahl-016-1024x768.jpg 1024w, https:\/\/www.askja-on-tour.ch\/wp-content\/uploads\/2025\/01\/Montevide_Auswahl-016-1600x1200.jpg 1600w, https:\/\/www.askja-on-tour.ch\/wp-content\/uploads\/2025\/01\/Montevide_Auswahl-016-768x576.jpg 768w, https:\/\/www.askja-on-tour.ch\/wp-content\/uploads\/2025\/01\/Montevide_Auswahl-016-1536x1152.jpg 1536w, https:\/\/www.askja-on-tour.ch\/wp-content\/uploads\/2025\/01\/Montevide_Auswahl-016.jpg 2048w\" sizes=\"auto, (max-width: 1024px) 100vw, 1024px\" \/> <img loading=\"lazy\" decoding=\"async\" class=\"alignnone size-medium wp-image-25033\" src=\"https:\/\/www.askja-on-tour.ch\/wp-content\/uploads\/2025\/01\/Montevide_Auswahl-022-1024x768.jpg\" alt=\"\" width=\"1024\" height=\"768\" srcset=\"https:\/\/www.askja-on-tour.ch\/wp-content\/uploads\/2025\/01\/Montevide_Auswahl-022-1024x768.jpg 1024w, https:\/\/www.askja-on-tour.ch\/wp-content\/uploads\/2025\/01\/Montevide_Auswahl-022-1600x1200.jpg 1600w, https:\/\/www.askja-on-tour.ch\/wp-content\/uploads\/2025\/01\/Montevide_Auswahl-022-768x576.jpg 768w, https:\/\/www.askja-on-tour.ch\/wp-content\/uploads\/2025\/01\/Montevide_Auswahl-022-1536x1152.jpg 1536w, https:\/\/www.askja-on-tour.ch\/wp-content\/uploads\/2025\/01\/Montevide_Auswahl-022.jpg 2048w\" sizes=\"auto, (max-width: 1024px) 100vw, 1024px\" \/><\/p>\n<figure id=\"attachment_25034\" aria-describedby=\"caption-attachment-25034\" style=\"width: 1024px\" class=\"wp-caption alignnone\"><img loading=\"lazy\" decoding=\"async\" class=\"size-medium wp-image-25034\" src=\"https:\/\/www.askja-on-tour.ch\/wp-content\/uploads\/2025\/01\/Montevide_Auswahl-023-1024x768.jpg\" alt=\"\" width=\"1024\" height=\"768\" srcset=\"https:\/\/www.askja-on-tour.ch\/wp-content\/uploads\/2025\/01\/Montevide_Auswahl-023-1024x768.jpg 1024w, https:\/\/www.askja-on-tour.ch\/wp-content\/uploads\/2025\/01\/Montevide_Auswahl-023-1600x1200.jpg 1600w, https:\/\/www.askja-on-tour.ch\/wp-content\/uploads\/2025\/01\/Montevide_Auswahl-023-768x576.jpg 768w, https:\/\/www.askja-on-tour.ch\/wp-content\/uploads\/2025\/01\/Montevide_Auswahl-023-1536x1152.jpg 1536w, https:\/\/www.askja-on-tour.ch\/wp-content\/uploads\/2025\/01\/Montevide_Auswahl-023.jpg 2048w\" sizes=\"auto, (max-width: 1024px) 100vw, 1024px\" \/><figcaption id=\"caption-attachment-25034\" class=\"wp-caption-text\">Das Theatro Solis<\/figcaption><\/figure>\n<p><img loading=\"lazy\" decoding=\"async\" class=\"alignnone size-medium wp-image-25035\" src=\"https:\/\/www.askja-on-tour.ch\/wp-content\/uploads\/2025\/01\/Montevide_Auswahl-024-768x1024.jpg\" alt=\"\" width=\"768\" height=\"1024\" srcset=\"https:\/\/www.askja-on-tour.ch\/wp-content\/uploads\/2025\/01\/Montevide_Auswahl-024-768x1024.jpg 768w, https:\/\/www.askja-on-tour.ch\/wp-content\/uploads\/2025\/01\/Montevide_Auswahl-024-1200x1600.jpg 1200w, https:\/\/www.askja-on-tour.ch\/wp-content\/uploads\/2025\/01\/Montevide_Auswahl-024-1152x1536.jpg 1152w, https:\/\/www.askja-on-tour.ch\/wp-content\/uploads\/2025\/01\/Montevide_Auswahl-024.jpg 1536w\" sizes=\"auto, (max-width: 768px) 100vw, 768px\" \/> <img loading=\"lazy\" decoding=\"async\" class=\"alignnone size-medium wp-image-25036\" src=\"https:\/\/www.askja-on-tour.ch\/wp-content\/uploads\/2025\/01\/Montevide_Auswahl-025-1024x768.jpg\" alt=\"\" width=\"1024\" height=\"768\" srcset=\"https:\/\/www.askja-on-tour.ch\/wp-content\/uploads\/2025\/01\/Montevide_Auswahl-025-1024x768.jpg 1024w, https:\/\/www.askja-on-tour.ch\/wp-content\/uploads\/2025\/01\/Montevide_Auswahl-025-1600x1200.jpg 1600w, https:\/\/www.askja-on-tour.ch\/wp-content\/uploads\/2025\/01\/Montevide_Auswahl-025-768x576.jpg 768w, https:\/\/www.askja-on-tour.ch\/wp-content\/uploads\/2025\/01\/Montevide_Auswahl-025-1536x1152.jpg 1536w, https:\/\/www.askja-on-tour.ch\/wp-content\/uploads\/2025\/01\/Montevide_Auswahl-025.jpg 2048w\" sizes=\"auto, (max-width: 1024px) 100vw, 1024px\" \/> <img loading=\"lazy\" decoding=\"async\" class=\"alignnone size-medium wp-image-25037\" src=\"https:\/\/www.askja-on-tour.ch\/wp-content\/uploads\/2025\/01\/Montevide_Auswahl-026-1024x768.jpg\" alt=\"\" width=\"1024\" height=\"768\" srcset=\"https:\/\/www.askja-on-tour.ch\/wp-content\/uploads\/2025\/01\/Montevide_Auswahl-026-1024x768.jpg 1024w, https:\/\/www.askja-on-tour.ch\/wp-content\/uploads\/2025\/01\/Montevide_Auswahl-026-1600x1200.jpg 1600w, https:\/\/www.askja-on-tour.ch\/wp-content\/uploads\/2025\/01\/Montevide_Auswahl-026-768x576.jpg 768w, https:\/\/www.askja-on-tour.ch\/wp-content\/uploads\/2025\/01\/Montevide_Auswahl-026-1536x1152.jpg 1536w, https:\/\/www.askja-on-tour.ch\/wp-content\/uploads\/2025\/01\/Montevide_Auswahl-026.jpg 2048w\" sizes=\"auto, (max-width: 1024px) 100vw, 1024px\" \/> <img loading=\"lazy\" decoding=\"async\" class=\"alignnone size-medium wp-image-25039\" src=\"https:\/\/www.askja-on-tour.ch\/wp-content\/uploads\/2025\/01\/Montevide_Auswahl-028-1024x768.jpg\" alt=\"\" width=\"1024\" height=\"768\" srcset=\"https:\/\/www.askja-on-tour.ch\/wp-content\/uploads\/2025\/01\/Montevide_Auswahl-028-1024x768.jpg 1024w, https:\/\/www.askja-on-tour.ch\/wp-content\/uploads\/2025\/01\/Montevide_Auswahl-028-1600x1200.jpg 1600w, https:\/\/www.askja-on-tour.ch\/wp-content\/uploads\/2025\/01\/Montevide_Auswahl-028-768x576.jpg 768w, https:\/\/www.askja-on-tour.ch\/wp-content\/uploads\/2025\/01\/Montevide_Auswahl-028-1536x1152.jpg 1536w, https:\/\/www.askja-on-tour.ch\/wp-content\/uploads\/2025\/01\/Montevide_Auswahl-028.jpg 2048w\" sizes=\"auto, (max-width: 1024px) 100vw, 1024px\" \/><\/p>\n<figure id=\"attachment_25056\" aria-describedby=\"caption-attachment-25056\" style=\"width: 768px\" class=\"wp-caption alignnone\"><img loading=\"lazy\" decoding=\"async\" class=\"size-medium wp-image-25056\" src=\"https:\/\/www.askja-on-tour.ch\/wp-content\/uploads\/2025\/01\/Montevide_Auswahl-045-768x1024.jpg\" alt=\"\" width=\"768\" height=\"1024\" srcset=\"https:\/\/www.askja-on-tour.ch\/wp-content\/uploads\/2025\/01\/Montevide_Auswahl-045-768x1024.jpg 768w, https:\/\/www.askja-on-tour.ch\/wp-content\/uploads\/2025\/01\/Montevide_Auswahl-045-1200x1600.jpg 1200w, https:\/\/www.askja-on-tour.ch\/wp-content\/uploads\/2025\/01\/Montevide_Auswahl-045-1152x1536.jpg 1152w, https:\/\/www.askja-on-tour.ch\/wp-content\/uploads\/2025\/01\/Montevide_Auswahl-045.jpg 1536w\" sizes=\"auto, (max-width: 768px) 100vw, 768px\" \/><figcaption id=\"caption-attachment-25056\" class=\"wp-caption-text\">Brunnen auf dem Plaza Matriz oder auch Plaza Constituci\u00f3n<\/figcaption><\/figure>\n<p><img loading=\"lazy\" decoding=\"async\" class=\"alignnone size-medium wp-image-25060\" src=\"https:\/\/www.askja-on-tour.ch\/wp-content\/uploads\/2025\/01\/Montevide_Auswahl-049-1024x768.jpg\" alt=\"\" width=\"1024\" height=\"768\" srcset=\"https:\/\/www.askja-on-tour.ch\/wp-content\/uploads\/2025\/01\/Montevide_Auswahl-049-1024x768.jpg 1024w, https:\/\/www.askja-on-tour.ch\/wp-content\/uploads\/2025\/01\/Montevide_Auswahl-049-1600x1200.jpg 1600w, https:\/\/www.askja-on-tour.ch\/wp-content\/uploads\/2025\/01\/Montevide_Auswahl-049-768x576.jpg 768w, https:\/\/www.askja-on-tour.ch\/wp-content\/uploads\/2025\/01\/Montevide_Auswahl-049-1536x1152.jpg 1536w, https:\/\/www.askja-on-tour.ch\/wp-content\/uploads\/2025\/01\/Montevide_Auswahl-049.jpg 2048w\" sizes=\"auto, (max-width: 1024px) 100vw, 1024px\" \/><\/p>\n<p>Den Durst am sp\u00e4teren Nachmittag haben wir in der Micro-Brewery \u00abIndica Beer\u00bb gel\u00f6scht, wo wir beim zweiten Mal uns auch mit Matth\u00e4us, dem Sohn eines guten Freundes von Norbert, getroffen haben.<\/p>\n<figure id=\"attachment_25007\" aria-describedby=\"caption-attachment-25007\" style=\"width: 1024px\" class=\"wp-caption alignnone\"><img loading=\"lazy\" decoding=\"async\" class=\"size-medium wp-image-25007\" src=\"https:\/\/www.askja-on-tour.ch\/wp-content\/uploads\/2025\/01\/Inca1-1024x768.jpg\" alt=\"\" width=\"1024\" height=\"768\" srcset=\"https:\/\/www.askja-on-tour.ch\/wp-content\/uploads\/2025\/01\/Inca1-1024x768.jpg 1024w, https:\/\/www.askja-on-tour.ch\/wp-content\/uploads\/2025\/01\/Inca1-1600x1200.jpg 1600w, https:\/\/www.askja-on-tour.ch\/wp-content\/uploads\/2025\/01\/Inca1-768x576.jpg 768w, https:\/\/www.askja-on-tour.ch\/wp-content\/uploads\/2025\/01\/Inca1-1536x1152.jpg 1536w, https:\/\/www.askja-on-tour.ch\/wp-content\/uploads\/2025\/01\/Inca1-rotated.jpg 2016w\" sizes=\"auto, (max-width: 1024px) 100vw, 1024px\" \/><figcaption id=\"caption-attachment-25007\" class=\"wp-caption-text\">Die Micro-Brewery Inca-Beer<\/figcaption><\/figure>\n<figure id=\"attachment_25008\" aria-describedby=\"caption-attachment-25008\" style=\"width: 1024px\" class=\"wp-caption alignnone\"><img loading=\"lazy\" decoding=\"async\" class=\"size-medium wp-image-25008\" src=\"https:\/\/www.askja-on-tour.ch\/wp-content\/uploads\/2025\/01\/Inca2_Matthaeus-1024x768.jpg\" alt=\"\" width=\"1024\" height=\"768\" srcset=\"https:\/\/www.askja-on-tour.ch\/wp-content\/uploads\/2025\/01\/Inca2_Matthaeus-1024x768.jpg 1024w, https:\/\/www.askja-on-tour.ch\/wp-content\/uploads\/2025\/01\/Inca2_Matthaeus-1600x1200.jpg 1600w, https:\/\/www.askja-on-tour.ch\/wp-content\/uploads\/2025\/01\/Inca2_Matthaeus-768x576.jpg 768w, https:\/\/www.askja-on-tour.ch\/wp-content\/uploads\/2025\/01\/Inca2_Matthaeus-1536x1152.jpg 1536w, https:\/\/www.askja-on-tour.ch\/wp-content\/uploads\/2025\/01\/Inca2_Matthaeus.jpg 2016w\" sizes=\"auto, (max-width: 1024px) 100vw, 1024px\" \/><figcaption id=\"caption-attachment-25008\" class=\"wp-caption-text\">Matth\u00e4us<\/figcaption><\/figure>\n<p>Auch besonders gut gefallen hat uns die Rambla, die Uferstrasse in Montevideo, die sich \u00fcber 22 km erstreckt. Wir sind deren 9 km (hin und zur\u00fcck 18 km) gelaufen und sind an kleinen Beizlis, sch\u00f6nen Parks und verschiedenen Pl\u00e4tzen vorbeigekommen, wo sich die Leute sonnten oder spielten \u2013 einfach sch\u00f6n halt.<\/p>\n<p><img loading=\"lazy\" decoding=\"async\" class=\"alignnone size-medium wp-image-25020\" src=\"https:\/\/www.askja-on-tour.ch\/wp-content\/uploads\/2025\/01\/Montevide_Auswahl-009-768x1024.jpg\" alt=\"\" width=\"768\" height=\"1024\" srcset=\"https:\/\/www.askja-on-tour.ch\/wp-content\/uploads\/2025\/01\/Montevide_Auswahl-009-768x1024.jpg 768w, https:\/\/www.askja-on-tour.ch\/wp-content\/uploads\/2025\/01\/Montevide_Auswahl-009-1200x1600.jpg 1200w, https:\/\/www.askja-on-tour.ch\/wp-content\/uploads\/2025\/01\/Montevide_Auswahl-009-1152x1536.jpg 1152w, https:\/\/www.askja-on-tour.ch\/wp-content\/uploads\/2025\/01\/Montevide_Auswahl-009.jpg 1536w\" sizes=\"auto, (max-width: 768px) 100vw, 768px\" \/><\/p>\n<figure id=\"attachment_25048\" aria-describedby=\"caption-attachment-25048\" style=\"width: 768px\" class=\"wp-caption alignnone\"><img loading=\"lazy\" decoding=\"async\" class=\"size-medium wp-image-25048\" src=\"https:\/\/www.askja-on-tour.ch\/wp-content\/uploads\/2025\/01\/Montevide_Auswahl-037-768x1024.jpg\" alt=\"\" width=\"768\" height=\"1024\" srcset=\"https:\/\/www.askja-on-tour.ch\/wp-content\/uploads\/2025\/01\/Montevide_Auswahl-037-768x1024.jpg 768w, https:\/\/www.askja-on-tour.ch\/wp-content\/uploads\/2025\/01\/Montevide_Auswahl-037-1200x1600.jpg 1200w, https:\/\/www.askja-on-tour.ch\/wp-content\/uploads\/2025\/01\/Montevide_Auswahl-037-1152x1536.jpg 1152w, https:\/\/www.askja-on-tour.ch\/wp-content\/uploads\/2025\/01\/Montevide_Auswahl-037.jpg 1536w\" sizes=\"auto, (max-width: 768px) 100vw, 768px\" \/><figcaption id=\"caption-attachment-25048\" class=\"wp-caption-text\">Fischer leben gef\u00e4hrlich<\/figcaption><\/figure>\n<p><img loading=\"lazy\" decoding=\"async\" class=\"alignnone size-medium wp-image-25049\" src=\"https:\/\/www.askja-on-tour.ch\/wp-content\/uploads\/2025\/01\/Montevide_Auswahl-038-1024x768.jpg\" alt=\"\" width=\"1024\" height=\"768\" srcset=\"https:\/\/www.askja-on-tour.ch\/wp-content\/uploads\/2025\/01\/Montevide_Auswahl-038-1024x768.jpg 1024w, https:\/\/www.askja-on-tour.ch\/wp-content\/uploads\/2025\/01\/Montevide_Auswahl-038-1600x1200.jpg 1600w, https:\/\/www.askja-on-tour.ch\/wp-content\/uploads\/2025\/01\/Montevide_Auswahl-038-768x576.jpg 768w, https:\/\/www.askja-on-tour.ch\/wp-content\/uploads\/2025\/01\/Montevide_Auswahl-038-1536x1152.jpg 1536w, https:\/\/www.askja-on-tour.ch\/wp-content\/uploads\/2025\/01\/Montevide_Auswahl-038.jpg 2048w\" sizes=\"auto, (max-width: 1024px) 100vw, 1024px\" \/><\/p>\n<figure id=\"attachment_25050\" aria-describedby=\"caption-attachment-25050\" style=\"width: 1024px\" class=\"wp-caption alignnone\"><img loading=\"lazy\" decoding=\"async\" class=\"size-medium wp-image-25050\" src=\"https:\/\/www.askja-on-tour.ch\/wp-content\/uploads\/2025\/01\/Montevide_Auswahl-039-1024x768.jpg\" alt=\"\" width=\"1024\" height=\"768\" srcset=\"https:\/\/www.askja-on-tour.ch\/wp-content\/uploads\/2025\/01\/Montevide_Auswahl-039-1024x768.jpg 1024w, https:\/\/www.askja-on-tour.ch\/wp-content\/uploads\/2025\/01\/Montevide_Auswahl-039-1600x1200.jpg 1600w, https:\/\/www.askja-on-tour.ch\/wp-content\/uploads\/2025\/01\/Montevide_Auswahl-039-768x576.jpg 768w, https:\/\/www.askja-on-tour.ch\/wp-content\/uploads\/2025\/01\/Montevide_Auswahl-039-1536x1152.jpg 1536w, https:\/\/www.askja-on-tour.ch\/wp-content\/uploads\/2025\/01\/Montevide_Auswahl-039.jpg 2048w\" sizes=\"auto, (max-width: 1024px) 100vw, 1024px\" \/><figcaption id=\"caption-attachment-25050\" class=\"wp-caption-text\">Und immer wieder Wandmalereien, auch an der Rambla<\/figcaption><\/figure>\n<p><img loading=\"lazy\" decoding=\"async\" class=\"alignnone size-medium wp-image-25051\" src=\"https:\/\/www.askja-on-tour.ch\/wp-content\/uploads\/2025\/01\/Montevide_Auswahl-040-1024x326.jpg\" alt=\"\" width=\"1024\" height=\"326\" srcset=\"https:\/\/www.askja-on-tour.ch\/wp-content\/uploads\/2025\/01\/Montevide_Auswahl-040-1024x326.jpg 1024w, https:\/\/www.askja-on-tour.ch\/wp-content\/uploads\/2025\/01\/Montevide_Auswahl-040-1600x509.jpg 1600w, https:\/\/www.askja-on-tour.ch\/wp-content\/uploads\/2025\/01\/Montevide_Auswahl-040-768x244.jpg 768w, https:\/\/www.askja-on-tour.ch\/wp-content\/uploads\/2025\/01\/Montevide_Auswahl-040-1536x488.jpg 1536w, https:\/\/www.askja-on-tour.ch\/wp-content\/uploads\/2025\/01\/Montevide_Auswahl-040.jpg 2048w\" sizes=\"auto, (max-width: 1024px) 100vw, 1024px\" \/><\/p>\n<figure id=\"attachment_25055\" aria-describedby=\"caption-attachment-25055\" style=\"width: 1024px\" class=\"wp-caption alignnone\"><img loading=\"lazy\" decoding=\"async\" class=\"size-medium wp-image-25055\" src=\"https:\/\/www.askja-on-tour.ch\/wp-content\/uploads\/2025\/01\/Montevide_Auswahl-044-1024x768.jpg\" alt=\"\" width=\"1024\" height=\"768\" srcset=\"https:\/\/www.askja-on-tour.ch\/wp-content\/uploads\/2025\/01\/Montevide_Auswahl-044-1024x768.jpg 1024w, https:\/\/www.askja-on-tour.ch\/wp-content\/uploads\/2025\/01\/Montevide_Auswahl-044-1600x1200.jpg 1600w, https:\/\/www.askja-on-tour.ch\/wp-content\/uploads\/2025\/01\/Montevide_Auswahl-044-768x576.jpg 768w, https:\/\/www.askja-on-tour.ch\/wp-content\/uploads\/2025\/01\/Montevide_Auswahl-044-1536x1152.jpg 1536w, https:\/\/www.askja-on-tour.ch\/wp-content\/uploads\/2025\/01\/Montevide_Auswahl-044.jpg 2048w\" sizes=\"auto, (max-width: 1024px) 100vw, 1024px\" \/><figcaption id=\"caption-attachment-25055\" class=\"wp-caption-text\">Entlang der Rambla<\/figcaption><\/figure>\n<p><img loading=\"lazy\" decoding=\"async\" class=\"alignnone size-medium wp-image-25054\" src=\"https:\/\/www.askja-on-tour.ch\/wp-content\/uploads\/2025\/01\/Montevide_Auswahl-043-1024x768.jpg\" alt=\"\" width=\"1024\" height=\"768\" srcset=\"https:\/\/www.askja-on-tour.ch\/wp-content\/uploads\/2025\/01\/Montevide_Auswahl-043-1024x768.jpg 1024w, https:\/\/www.askja-on-tour.ch\/wp-content\/uploads\/2025\/01\/Montevide_Auswahl-043-1600x1200.jpg 1600w, https:\/\/www.askja-on-tour.ch\/wp-content\/uploads\/2025\/01\/Montevide_Auswahl-043-768x576.jpg 768w, https:\/\/www.askja-on-tour.ch\/wp-content\/uploads\/2025\/01\/Montevide_Auswahl-043-1536x1152.jpg 1536w, https:\/\/www.askja-on-tour.ch\/wp-content\/uploads\/2025\/01\/Montevide_Auswahl-043.jpg 2048w\" sizes=\"auto, (max-width: 1024px) 100vw, 1024px\" \/><\/p>\n<figure id=\"attachment_25052\" aria-describedby=\"caption-attachment-25052\" style=\"width: 1024px\" class=\"wp-caption alignnone\"><img loading=\"lazy\" decoding=\"async\" class=\"size-medium wp-image-25052\" src=\"https:\/\/www.askja-on-tour.ch\/wp-content\/uploads\/2025\/01\/Montevide_Auswahl-041-1024x768.jpg\" alt=\"\" width=\"1024\" height=\"768\" srcset=\"https:\/\/www.askja-on-tour.ch\/wp-content\/uploads\/2025\/01\/Montevide_Auswahl-041-1024x768.jpg 1024w, https:\/\/www.askja-on-tour.ch\/wp-content\/uploads\/2025\/01\/Montevide_Auswahl-041-1600x1200.jpg 1600w, https:\/\/www.askja-on-tour.ch\/wp-content\/uploads\/2025\/01\/Montevide_Auswahl-041-768x576.jpg 768w, https:\/\/www.askja-on-tour.ch\/wp-content\/uploads\/2025\/01\/Montevide_Auswahl-041-1536x1152.jpg 1536w, https:\/\/www.askja-on-tour.ch\/wp-content\/uploads\/2025\/01\/Montevide_Auswahl-041.jpg 2048w\" sizes=\"auto, (max-width: 1024px) 100vw, 1024px\" \/><figcaption id=\"caption-attachment-25052\" class=\"wp-caption-text\">Schachspieler im Rodo Park an der Rambla<\/figcaption><\/figure>\n<figure id=\"attachment_25053\" aria-describedby=\"caption-attachment-25053\" style=\"width: 768px\" class=\"wp-caption alignnone\"><img loading=\"lazy\" decoding=\"async\" class=\"size-medium wp-image-25053\" src=\"https:\/\/www.askja-on-tour.ch\/wp-content\/uploads\/2025\/01\/Montevide_Auswahl-042-768x1024.jpg\" alt=\"\" width=\"768\" height=\"1024\" srcset=\"https:\/\/www.askja-on-tour.ch\/wp-content\/uploads\/2025\/01\/Montevide_Auswahl-042-768x1024.jpg 768w, https:\/\/www.askja-on-tour.ch\/wp-content\/uploads\/2025\/01\/Montevide_Auswahl-042-1200x1600.jpg 1200w, https:\/\/www.askja-on-tour.ch\/wp-content\/uploads\/2025\/01\/Montevide_Auswahl-042-1152x1536.jpg 1152w, https:\/\/www.askja-on-tour.ch\/wp-content\/uploads\/2025\/01\/Montevide_Auswahl-042.jpg 1536w\" sizes=\"auto, (max-width: 768px) 100vw, 768px\" \/><figcaption id=\"caption-attachment-25053\" class=\"wp-caption-text\">Guillermo Tell im Rodo Park an der Rambla<\/figcaption><\/figure>\n<p>Am Anfang der Rambla liegt auch der Zentralfriedhof von Montevideo (Cementerio Central). Er ist (eher wohl war) einer der bedeutendsten Friedh\u00f6fe der Landeshauptstadt Montevideo und Uruguays insgesamt mit imposanten Grabm\u00e4lern; der Friedhof wurde 1835 eingeweiht und ist heute letzte Ruhest\u00e4tte vieler prominenter nationaler Pers\u00f6nlichkeiten Uruguays. Bei einigen Familiengr\u00e4bern werden noch heute Verstorbene in die Gr\u00e4ber gegeben. Es ist ein Ort der Stille und Bewunderung von diesen riesigen Grabmonumenten, die nur vom Singen der V\u00f6gel unterbrochen wird.<\/p>\n<figure id=\"attachment_25047\" aria-describedby=\"caption-attachment-25047\" style=\"width: 1024px\" class=\"wp-caption alignnone\"><img loading=\"lazy\" decoding=\"async\" class=\"size-medium wp-image-25047\" src=\"https:\/\/www.askja-on-tour.ch\/wp-content\/uploads\/2025\/01\/Montevide_Auswahl-036-1024x768.jpg\" alt=\"\" width=\"1024\" height=\"768\" srcset=\"https:\/\/www.askja-on-tour.ch\/wp-content\/uploads\/2025\/01\/Montevide_Auswahl-036-1024x768.jpg 1024w, https:\/\/www.askja-on-tour.ch\/wp-content\/uploads\/2025\/01\/Montevide_Auswahl-036-1600x1200.jpg 1600w, https:\/\/www.askja-on-tour.ch\/wp-content\/uploads\/2025\/01\/Montevide_Auswahl-036-768x576.jpg 768w, https:\/\/www.askja-on-tour.ch\/wp-content\/uploads\/2025\/01\/Montevide_Auswahl-036-1536x1152.jpg 1536w, https:\/\/www.askja-on-tour.ch\/wp-content\/uploads\/2025\/01\/Montevide_Auswahl-036.jpg 2048w\" sizes=\"auto, (max-width: 1024px) 100vw, 1024px\" \/><figcaption id=\"caption-attachment-25047\" class=\"wp-caption-text\">Auf dem Cementerio Central<\/figcaption><\/figure>\n<p><img loading=\"lazy\" decoding=\"async\" class=\"alignnone size-medium wp-image-25043\" src=\"https:\/\/www.askja-on-tour.ch\/wp-content\/uploads\/2025\/01\/Montevide_Auswahl-032-768x1024.jpg\" alt=\"\" width=\"768\" height=\"1024\" srcset=\"https:\/\/www.askja-on-tour.ch\/wp-content\/uploads\/2025\/01\/Montevide_Auswahl-032-768x1024.jpg 768w, https:\/\/www.askja-on-tour.ch\/wp-content\/uploads\/2025\/01\/Montevide_Auswahl-032-1200x1600.jpg 1200w, https:\/\/www.askja-on-tour.ch\/wp-content\/uploads\/2025\/01\/Montevide_Auswahl-032-1152x1536.jpg 1152w, https:\/\/www.askja-on-tour.ch\/wp-content\/uploads\/2025\/01\/Montevide_Auswahl-032.jpg 1536w\" sizes=\"auto, (max-width: 768px) 100vw, 768px\" \/> <img loading=\"lazy\" decoding=\"async\" class=\"alignnone size-medium wp-image-25044\" src=\"https:\/\/www.askja-on-tour.ch\/wp-content\/uploads\/2025\/01\/Montevide_Auswahl-033-768x1024.jpg\" alt=\"\" width=\"768\" height=\"1024\" srcset=\"https:\/\/www.askja-on-tour.ch\/wp-content\/uploads\/2025\/01\/Montevide_Auswahl-033-768x1024.jpg 768w, https:\/\/www.askja-on-tour.ch\/wp-content\/uploads\/2025\/01\/Montevide_Auswahl-033-1200x1600.jpg 1200w, https:\/\/www.askja-on-tour.ch\/wp-content\/uploads\/2025\/01\/Montevide_Auswahl-033-1152x1536.jpg 1152w, https:\/\/www.askja-on-tour.ch\/wp-content\/uploads\/2025\/01\/Montevide_Auswahl-033.jpg 1536w\" sizes=\"auto, (max-width: 768px) 100vw, 768px\" \/> <img loading=\"lazy\" decoding=\"async\" class=\"alignnone size-medium wp-image-25045\" src=\"https:\/\/www.askja-on-tour.ch\/wp-content\/uploads\/2025\/01\/Montevide_Auswahl-034-768x1024.jpg\" alt=\"\" width=\"768\" height=\"1024\" srcset=\"https:\/\/www.askja-on-tour.ch\/wp-content\/uploads\/2025\/01\/Montevide_Auswahl-034-768x1024.jpg 768w, https:\/\/www.askja-on-tour.ch\/wp-content\/uploads\/2025\/01\/Montevide_Auswahl-034-1200x1600.jpg 1200w, https:\/\/www.askja-on-tour.ch\/wp-content\/uploads\/2025\/01\/Montevide_Auswahl-034-1152x1536.jpg 1152w, https:\/\/www.askja-on-tour.ch\/wp-content\/uploads\/2025\/01\/Montevide_Auswahl-034.jpg 1536w\" sizes=\"auto, (max-width: 768px) 100vw, 768px\" \/> <img loading=\"lazy\" decoding=\"async\" class=\"alignnone size-medium wp-image-25046\" src=\"https:\/\/www.askja-on-tour.ch\/wp-content\/uploads\/2025\/01\/Montevide_Auswahl-035-1024x768.jpg\" alt=\"\" width=\"1024\" height=\"768\" srcset=\"https:\/\/www.askja-on-tour.ch\/wp-content\/uploads\/2025\/01\/Montevide_Auswahl-035-1024x768.jpg 1024w, https:\/\/www.askja-on-tour.ch\/wp-content\/uploads\/2025\/01\/Montevide_Auswahl-035-1600x1200.jpg 1600w, https:\/\/www.askja-on-tour.ch\/wp-content\/uploads\/2025\/01\/Montevide_Auswahl-035-768x576.jpg 768w, https:\/\/www.askja-on-tour.ch\/wp-content\/uploads\/2025\/01\/Montevide_Auswahl-035-1536x1152.jpg 1536w, https:\/\/www.askja-on-tour.ch\/wp-content\/uploads\/2025\/01\/Montevide_Auswahl-035.jpg 2048w\" sizes=\"auto, (max-width: 1024px) 100vw, 1024px\" \/> <img loading=\"lazy\" decoding=\"async\" class=\"alignnone size-medium wp-image-25040\" src=\"https:\/\/www.askja-on-tour.ch\/wp-content\/uploads\/2025\/01\/Montevide_Auswahl-029-768x1024.jpg\" alt=\"\" width=\"768\" height=\"1024\" srcset=\"https:\/\/www.askja-on-tour.ch\/wp-content\/uploads\/2025\/01\/Montevide_Auswahl-029-768x1024.jpg 768w, https:\/\/www.askja-on-tour.ch\/wp-content\/uploads\/2025\/01\/Montevide_Auswahl-029-1200x1600.jpg 1200w, https:\/\/www.askja-on-tour.ch\/wp-content\/uploads\/2025\/01\/Montevide_Auswahl-029-1152x1536.jpg 1152w, https:\/\/www.askja-on-tour.ch\/wp-content\/uploads\/2025\/01\/Montevide_Auswahl-029.jpg 1536w\" sizes=\"auto, (max-width: 768px) 100vw, 768px\" \/> <img loading=\"lazy\" decoding=\"async\" class=\"alignnone size-medium wp-image-25041\" src=\"https:\/\/www.askja-on-tour.ch\/wp-content\/uploads\/2025\/01\/Montevide_Auswahl-030-1024x768.jpg\" alt=\"\" width=\"1024\" height=\"768\" srcset=\"https:\/\/www.askja-on-tour.ch\/wp-content\/uploads\/2025\/01\/Montevide_Auswahl-030-1024x768.jpg 1024w, https:\/\/www.askja-on-tour.ch\/wp-content\/uploads\/2025\/01\/Montevide_Auswahl-030-1600x1200.jpg 1600w, https:\/\/www.askja-on-tour.ch\/wp-content\/uploads\/2025\/01\/Montevide_Auswahl-030-768x576.jpg 768w, https:\/\/www.askja-on-tour.ch\/wp-content\/uploads\/2025\/01\/Montevide_Auswahl-030-1536x1152.jpg 1536w, https:\/\/www.askja-on-tour.ch\/wp-content\/uploads\/2025\/01\/Montevide_Auswahl-030.jpg 2048w\" sizes=\"auto, (max-width: 1024px) 100vw, 1024px\" \/> <img loading=\"lazy\" decoding=\"async\" class=\"alignnone size-medium wp-image-25042\" src=\"https:\/\/www.askja-on-tour.ch\/wp-content\/uploads\/2025\/01\/Montevide_Auswahl-031-1024x768.jpg\" alt=\"\" width=\"1024\" height=\"768\" srcset=\"https:\/\/www.askja-on-tour.ch\/wp-content\/uploads\/2025\/01\/Montevide_Auswahl-031-1024x768.jpg 1024w, https:\/\/www.askja-on-tour.ch\/wp-content\/uploads\/2025\/01\/Montevide_Auswahl-031-1600x1200.jpg 1600w, https:\/\/www.askja-on-tour.ch\/wp-content\/uploads\/2025\/01\/Montevide_Auswahl-031-768x576.jpg 768w, https:\/\/www.askja-on-tour.ch\/wp-content\/uploads\/2025\/01\/Montevide_Auswahl-031-1536x1152.jpg 1536w, https:\/\/www.askja-on-tour.ch\/wp-content\/uploads\/2025\/01\/Montevide_Auswahl-031.jpg 2048w\" sizes=\"auto, (max-width: 1024px) 100vw, 1024px\" \/><\/p>\n<p>Und immer wieder treffen wir auf Mate-Tee trinkende Menschen. Der Genuss von Mate w\u00fcrde wach machen, entspannend wirken, verschiedene Krankheiten vorbeugen und sogar beim Abnehmen helfen. Dar\u00fcber hinaus ist Mate eine gut vertr\u00e4gliche Alternative zu Kaffee und vor allem ges\u00fcnder als andere koffeinhaltige Getr\u00e4nke, wie Cola oder Energydrinks. Getrunken wird Mate aus einem runden Becher (Guampa) mit einem spezielle Halm aus Metall mit Sieb am Ende (Bombilla) getrunken. Die Heisswasserkanne, um den Tee immer wieder aufzugiessen, wird h\u00e4ufig in einer Matera transportiert. Eine einzige F\u00fcllung Mate im Guampa kann bis 15 Mal aufgegossen werden.<\/p>\n<figure id=\"attachment_25038\" aria-describedby=\"caption-attachment-25038\" style=\"width: 1024px\" class=\"wp-caption alignnone\"><img loading=\"lazy\" decoding=\"async\" class=\"size-medium wp-image-25038\" src=\"https:\/\/www.askja-on-tour.ch\/wp-content\/uploads\/2025\/01\/Montevide_Auswahl-027-1024x768.jpg\" alt=\"\" width=\"1024\" height=\"768\" srcset=\"https:\/\/www.askja-on-tour.ch\/wp-content\/uploads\/2025\/01\/Montevide_Auswahl-027-1024x768.jpg 1024w, https:\/\/www.askja-on-tour.ch\/wp-content\/uploads\/2025\/01\/Montevide_Auswahl-027-1600x1200.jpg 1600w, https:\/\/www.askja-on-tour.ch\/wp-content\/uploads\/2025\/01\/Montevide_Auswahl-027-768x576.jpg 768w, https:\/\/www.askja-on-tour.ch\/wp-content\/uploads\/2025\/01\/Montevide_Auswahl-027-1536x1152.jpg 1536w, https:\/\/www.askja-on-tour.ch\/wp-content\/uploads\/2025\/01\/Montevide_Auswahl-027.jpg 2048w\" sizes=\"auto, (max-width: 1024px) 100vw, 1024px\" \/><figcaption id=\"caption-attachment-25038\" class=\"wp-caption-text\">Mate immer und \u00fcberall<\/figcaption><\/figure>\n<p>Als Fasn\u00e4chtler durfte nat\u00fcrlich der Besuch im Museo del Carnaval (Karnelvalsmuseum) nicht fehlen. Das Karnevalsmuseum wurde im November 2006 er\u00f6ffnet und verf\u00fcgt \u00fcber Ausstellungen zu Candombe, uruguayischem Karneval und Murga. Urspr\u00fcnglich ist der <strong>Candombe<\/strong> eine folkloristische Tanzbewegungsform der Afro-Lateinamerikaner in Montevideo (und Buenos Aires). Der Takt wird von drei Trommeln vorgegeben: piano, chico und repique. Beim Candombe stellen die T\u00e4nzer verschiedene traditionelle Figuren dar, beispielsweise den Medizinmann (gramillero), die alte Mutter (mama vieja) und den Besenschwinger (escobero). Die <strong>Murga<\/strong>s bestehen aus S\u00e4nger und einigen Trommlern. Ihre humoristischen Ges\u00e4nge sind vor allem gesellschaftskritisch und politisch motiviert. Meist bieten sie eine Mischung aus R\u00fcckblicken vom vergangenen Jahr sowie relevanten Themen, die die Gesellschaft und die Uruguayer bewegen. Bei uns sind sie wohl am ehesten Mit den Schnitzelbanken zu vergleichen. Ihre Kleider wechseln von Jahr zu Jahr und sind enorm aufw\u00e4ndig gestaltet.<\/p>\n<figure id=\"attachment_25031\" aria-describedby=\"caption-attachment-25031\" style=\"width: 768px\" class=\"wp-caption alignnone\"><img loading=\"lazy\" decoding=\"async\" class=\"size-medium wp-image-25031\" src=\"https:\/\/www.askja-on-tour.ch\/wp-content\/uploads\/2025\/01\/Montevide_Auswahl-020-768x1024.jpg\" alt=\"\" width=\"768\" height=\"1024\" srcset=\"https:\/\/www.askja-on-tour.ch\/wp-content\/uploads\/2025\/01\/Montevide_Auswahl-020-768x1024.jpg 768w, https:\/\/www.askja-on-tour.ch\/wp-content\/uploads\/2025\/01\/Montevide_Auswahl-020-1200x1600.jpg 1200w, https:\/\/www.askja-on-tour.ch\/wp-content\/uploads\/2025\/01\/Montevide_Auswahl-020-1152x1536.jpg 1152w, https:\/\/www.askja-on-tour.ch\/wp-content\/uploads\/2025\/01\/Montevide_Auswahl-020.jpg 1536w\" sizes=\"auto, (max-width: 768px) 100vw, 768px\" \/><figcaption id=\"caption-attachment-25031\" class=\"wp-caption-text\">Ein Murga-S\u00e4nger<\/figcaption><\/figure>\n<figure id=\"attachment_25030\" aria-describedby=\"caption-attachment-25030\" style=\"width: 1024px\" class=\"wp-caption alignnone\"><img loading=\"lazy\" decoding=\"async\" class=\"size-medium wp-image-25030\" src=\"https:\/\/www.askja-on-tour.ch\/wp-content\/uploads\/2025\/01\/Montevide_Auswahl-019-1024x768.jpg\" alt=\"\" width=\"1024\" height=\"768\" srcset=\"https:\/\/www.askja-on-tour.ch\/wp-content\/uploads\/2025\/01\/Montevide_Auswahl-019-1024x768.jpg 1024w, https:\/\/www.askja-on-tour.ch\/wp-content\/uploads\/2025\/01\/Montevide_Auswahl-019-1600x1200.jpg 1600w, https:\/\/www.askja-on-tour.ch\/wp-content\/uploads\/2025\/01\/Montevide_Auswahl-019-768x576.jpg 768w, https:\/\/www.askja-on-tour.ch\/wp-content\/uploads\/2025\/01\/Montevide_Auswahl-019-1536x1152.jpg 1536w, https:\/\/www.askja-on-tour.ch\/wp-content\/uploads\/2025\/01\/Montevide_Auswahl-019.jpg 2048w\" sizes=\"auto, (max-width: 1024px) 100vw, 1024px\" \/><figcaption id=\"caption-attachment-25030\" class=\"wp-caption-text\">Murga-Kleider<\/figcaption><\/figure>\n<figure id=\"attachment_25029\" aria-describedby=\"caption-attachment-25029\" style=\"width: 1024px\" class=\"wp-caption alignnone\"><img loading=\"lazy\" decoding=\"async\" class=\"size-medium wp-image-25029\" src=\"https:\/\/www.askja-on-tour.ch\/wp-content\/uploads\/2025\/01\/Montevide_Auswahl-018-1024x768.jpg\" alt=\"\" width=\"1024\" height=\"768\" srcset=\"https:\/\/www.askja-on-tour.ch\/wp-content\/uploads\/2025\/01\/Montevide_Auswahl-018-1024x768.jpg 1024w, https:\/\/www.askja-on-tour.ch\/wp-content\/uploads\/2025\/01\/Montevide_Auswahl-018-1600x1200.jpg 1600w, https:\/\/www.askja-on-tour.ch\/wp-content\/uploads\/2025\/01\/Montevide_Auswahl-018-768x576.jpg 768w, https:\/\/www.askja-on-tour.ch\/wp-content\/uploads\/2025\/01\/Montevide_Auswahl-018-1536x1152.jpg 1536w, https:\/\/www.askja-on-tour.ch\/wp-content\/uploads\/2025\/01\/Montevide_Auswahl-018.jpg 2048w\" sizes=\"auto, (max-width: 1024px) 100vw, 1024px\" \/><figcaption id=\"caption-attachment-25029\" class=\"wp-caption-text\">Candombe-Trommeln im Hintergrund (Piano, Chico und Repique)<\/figcaption><\/figure>\n<figure id=\"attachment_25028\" aria-describedby=\"caption-attachment-25028\" style=\"width: 1024px\" class=\"wp-caption alignnone\"><img loading=\"lazy\" decoding=\"async\" class=\"size-medium wp-image-25028\" src=\"https:\/\/www.askja-on-tour.ch\/wp-content\/uploads\/2025\/01\/Montevide_Auswahl-017-1024x768.jpg\" alt=\"\" width=\"1024\" height=\"768\" srcset=\"https:\/\/www.askja-on-tour.ch\/wp-content\/uploads\/2025\/01\/Montevide_Auswahl-017-1024x768.jpg 1024w, https:\/\/www.askja-on-tour.ch\/wp-content\/uploads\/2025\/01\/Montevide_Auswahl-017-1600x1200.jpg 1600w, https:\/\/www.askja-on-tour.ch\/wp-content\/uploads\/2025\/01\/Montevide_Auswahl-017-768x576.jpg 768w, https:\/\/www.askja-on-tour.ch\/wp-content\/uploads\/2025\/01\/Montevide_Auswahl-017-1536x1152.jpg 1536w, https:\/\/www.askja-on-tour.ch\/wp-content\/uploads\/2025\/01\/Montevide_Auswahl-017.jpg 2048w\" sizes=\"auto, (max-width: 1024px) 100vw, 1024px\" \/><figcaption id=\"caption-attachment-25028\" class=\"wp-caption-text\">Schwellk\u00f6pfe (fast wie an de drei scheenschte D\u00e4\u00e4g vo de Basler-Fasnacht)<\/figcaption><\/figure>\n<p>Am 30. Januar haben wir mit Matth\u00e4us und seinem Kumpel Adrian eine Weintour in der Bodega Santa Rosa gemacht. Das Weingut besteht seit 125 Jahren. Sie bauen Tannat (bekannteste Rotweinsorte Uruguays), Cabernet Sauvignon, Merlot, Chardonnay und Sauvignon Blanc an. Der Espumante wird nach traditionelle Herstellungsweise (Methode Champenoise) hergestellt und ist einer der meistpr\u00e4mierten Naturschaumweine aus Uruguay. So ganz begeistert haben uns aber weder die Weine noch den Espumante. Selbst deren Brut war doch etwas sehr lieblich.<\/p>\n<p>Ebenfalls werden weisser und roter Sherry hergestellt. Die bauchigen Flaschen werden gef\u00fcllt, mit einem Baumwollst\u00fcck gegen Insekten verschlossen und dann ein Glas dr\u00fcber, um den Inhalt gegen Feuchtigkeit zu sch\u00fctzen. So werden die Flaschen ein halbes Jahr Wind und Wetter ausgesetzt, ehe sie dann weiter zu Sherry oder eben Jerez veredelt werden. Probieren konnten wir diesen leider nicht.<\/p>\n<figure id=\"attachment_25064\" aria-describedby=\"caption-attachment-25064\" style=\"width: 1024px\" class=\"wp-caption alignnone\"><img loading=\"lazy\" decoding=\"async\" class=\"wp-image-25064 size-medium\" src=\"https:\/\/www.askja-on-tour.ch\/wp-content\/uploads\/2025\/01\/fee3e929-f6e8-4da8-9609-f2fd4245902a-1024x768.jpg\" alt=\"\" width=\"1024\" height=\"768\" srcset=\"https:\/\/www.askja-on-tour.ch\/wp-content\/uploads\/2025\/01\/fee3e929-f6e8-4da8-9609-f2fd4245902a-1024x768.jpg 1024w, https:\/\/www.askja-on-tour.ch\/wp-content\/uploads\/2025\/01\/fee3e929-f6e8-4da8-9609-f2fd4245902a-768x576.jpg 768w, https:\/\/www.askja-on-tour.ch\/wp-content\/uploads\/2025\/01\/fee3e929-f6e8-4da8-9609-f2fd4245902a-1536x1152.jpg 1536w, https:\/\/www.askja-on-tour.ch\/wp-content\/uploads\/2025\/01\/fee3e929-f6e8-4da8-9609-f2fd4245902a.jpg 1600w\" sizes=\"auto, (max-width: 1024px) 100vw, 1024px\" \/><figcaption id=\"caption-attachment-25064\" class=\"wp-caption-text\">Adrian (links) und Matth\u00e4us<\/figcaption><\/figure>\n<figure id=\"attachment_25011\" aria-describedby=\"caption-attachment-25011\" style=\"width: 576px\" class=\"wp-caption alignnone\"><img loading=\"lazy\" decoding=\"async\" class=\"size-medium wp-image-25011\" src=\"https:\/\/www.askja-on-tour.ch\/wp-content\/uploads\/2025\/01\/SantaRosa-576x1024.jpg\" alt=\"\" width=\"576\" height=\"1024\" srcset=\"https:\/\/www.askja-on-tour.ch\/wp-content\/uploads\/2025\/01\/SantaRosa-576x1024.jpg 576w, https:\/\/www.askja-on-tour.ch\/wp-content\/uploads\/2025\/01\/SantaRosa-900x1600.jpg 900w, https:\/\/www.askja-on-tour.ch\/wp-content\/uploads\/2025\/01\/SantaRosa-768x1365.jpg 768w, https:\/\/www.askja-on-tour.ch\/wp-content\/uploads\/2025\/01\/SantaRosa-864x1536.jpg 864w, https:\/\/www.askja-on-tour.ch\/wp-content\/uploads\/2025\/01\/SantaRosa-rotated.jpg 1080w\" sizes=\"auto, (max-width: 576px) 100vw, 576px\" \/><figcaption id=\"caption-attachment-25011\" class=\"wp-caption-text\">Weinprobe in der Bodega Santa Rosa<\/figcaption><\/figure>\n<figure id=\"attachment_25059\" aria-describedby=\"caption-attachment-25059\" style=\"width: 768px\" class=\"wp-caption alignnone\"><img loading=\"lazy\" decoding=\"async\" class=\"size-medium wp-image-25059\" src=\"https:\/\/www.askja-on-tour.ch\/wp-content\/uploads\/2025\/01\/Montevide_Auswahl-048-768x1024.jpg\" alt=\"\" width=\"768\" height=\"1024\" srcset=\"https:\/\/www.askja-on-tour.ch\/wp-content\/uploads\/2025\/01\/Montevide_Auswahl-048-768x1024.jpg 768w, https:\/\/www.askja-on-tour.ch\/wp-content\/uploads\/2025\/01\/Montevide_Auswahl-048-1200x1600.jpg 1200w, https:\/\/www.askja-on-tour.ch\/wp-content\/uploads\/2025\/01\/Montevide_Auswahl-048-1152x1536.jpg 1152w, https:\/\/www.askja-on-tour.ch\/wp-content\/uploads\/2025\/01\/Montevide_Auswahl-048.jpg 1536w\" sizes=\"auto, (max-width: 768px) 100vw, 768px\" \/><figcaption id=\"caption-attachment-25059\" class=\"wp-caption-text\">Tannat-Sammlung, die aber nicht mehr verkauft wird (gem\u00e4ss der Winemakerin)<\/figcaption><\/figure>\n<figure id=\"attachment_25057\" aria-describedby=\"caption-attachment-25057\" style=\"width: 1024px\" class=\"wp-caption alignnone\"><img loading=\"lazy\" decoding=\"async\" class=\"size-medium wp-image-25057\" src=\"https:\/\/www.askja-on-tour.ch\/wp-content\/uploads\/2025\/01\/Montevide_Auswahl-046-1024x768.jpg\" alt=\"\" width=\"1024\" height=\"768\" srcset=\"https:\/\/www.askja-on-tour.ch\/wp-content\/uploads\/2025\/01\/Montevide_Auswahl-046-1024x768.jpg 1024w, https:\/\/www.askja-on-tour.ch\/wp-content\/uploads\/2025\/01\/Montevide_Auswahl-046-1600x1200.jpg 1600w, https:\/\/www.askja-on-tour.ch\/wp-content\/uploads\/2025\/01\/Montevide_Auswahl-046-768x576.jpg 768w, https:\/\/www.askja-on-tour.ch\/wp-content\/uploads\/2025\/01\/Montevide_Auswahl-046-1536x1152.jpg 1536w, https:\/\/www.askja-on-tour.ch\/wp-content\/uploads\/2025\/01\/Montevide_Auswahl-046.jpg 2048w\" sizes=\"auto, (max-width: 1024px) 100vw, 1024px\" \/><figcaption id=\"caption-attachment-25057\" class=\"wp-caption-text\">Jerez-Herstellung<\/figcaption><\/figure>\n<p><img loading=\"lazy\" decoding=\"async\" class=\"alignnone size-medium wp-image-25058\" src=\"https:\/\/www.askja-on-tour.ch\/wp-content\/uploads\/2025\/01\/Montevide_Auswahl-047-768x1024.jpg\" alt=\"\" width=\"768\" height=\"1024\" srcset=\"https:\/\/www.askja-on-tour.ch\/wp-content\/uploads\/2025\/01\/Montevide_Auswahl-047-768x1024.jpg 768w, https:\/\/www.askja-on-tour.ch\/wp-content\/uploads\/2025\/01\/Montevide_Auswahl-047-1200x1600.jpg 1200w, https:\/\/www.askja-on-tour.ch\/wp-content\/uploads\/2025\/01\/Montevide_Auswahl-047-1152x1536.jpg 1152w, https:\/\/www.askja-on-tour.ch\/wp-content\/uploads\/2025\/01\/Montevide_Auswahl-047.jpg 1536w\" sizes=\"auto, (max-width: 768px) 100vw, 768px\" \/><\/p>\n<p>Noch etwas zum Abschluss: wir hatten uns eigentlich auf ein lebhaftes Silvester mit vielen Leute auf der Plaza de la Indenpendencia eingestellt, wo alles auf den Beinen ist, doch weit gefehlt: die Leute sind aus der Stadt gefl\u00fcchtet, viele Richtung Punta del Este, ein Badeort am \u00e4ussersten Ende der M\u00fcndung des R\u00edo de la Plata teilweise auf einer Halbinsel. Doch hier ist<\/p>\n<p>zwischen Weihnachten und Neujahr die Stadt tot \u2013 an Silvester war es dann mehr als nur tot (man k\u00f6nnte schon fast sagen, der Verwesungszustand ist eingetreten). Fast alle Restaurants waren am Silvesterabend geschlossen &#8211; selbst die wenig gem\u00fctliche Bar Americano in unserem Hotel. An der Rezeption informierten sie uns mit grosser \u00dcberzeugung, dass alle Restaurants am 31.12. in der Stadt geschlossen seien &#8211; ob wir das denn nicht gewusst h\u00e4tten?<\/p>\n<p>Bevor das letzte Gesch\u00e4ft in der Strasse geschlossen wurde, haben wir uns noch eine Flasche Weisswein, etwas K\u00e4se und eine Packung Pringles gekauft (alles was es noch gab). Wir dachten, das muss als Silversterdinner dieses Jahr ausreichen (definitely not \u00abthe same procedure as every year, James\u00bb).<\/p>\n<p>Dann sind wir vom Hotel durch die leere Stadt spaziert (erinnerte so an einen dieser Filme aus Hollywood &#8211; die Menschheit wurde durch einen Virus ausgel\u00f6scht und die letzten \u00dcberlebenden irren durch die verlassene Stadt). Per Zufall entdeckten wir, dass in einem kleinen Restaurant, in dem wir schon am Vortag diniert hatten, die Fenster beleuchtet waren. Die T\u00fcr war abgeschlossen, auf Klopfen \u00f6ffnete die Chefin vorsichtig die T\u00fcr einen Spalt und erkannte uns wieder. Wir h\u00e4tten zwar keine Reservierung, aber wir durften trotzdem heute Abend das Silvester-Men\u00fc geniessen. Alle anderen G\u00e4ste am Abend waren auch nicht aus Uruguay.<\/p>\n<p>Jedenfalls war das Dinner vorz\u00fcglich, der Lomo de vacuno (Rinds-Filet) zum Hauptgang war so zart, dass es auf der Zunge verging und der Rotwein mit Cabernet Franc aus Uruguay war exzellent. Ausserdem war die Atmosph\u00e4re im Lokal sehr gem\u00fctlich und famili\u00e4r- eine sehr sch\u00f6ne Einrichtung mit antiken M\u00f6beln, die Mutter und die kleine Tochter namens Samanta, bedienten herzlich die G\u00e4ste, der Vater stand in der K\u00fcche und kochte, w\u00e4hrend der leicht verwirrte Grossvater umherirrte und ab und zu ein paar Gl\u00e4ser zerbrach (Scherben bringen bekanntlich Gl\u00fcck). Da mussten wir an diesem Abend auch kein Dinner-for-One im Fernsehen ansehen. Um 20.00 Uhr unserer Zeit resp. 24.00 Uhr Schweizer Zeit konnten wir unseren Liebsten ein gutes neues Jahr w\u00fcnschen.<\/p>\n<p>Am 1. Januar waren in der Stadt immer noch alle Gesch\u00e4fte, Caf\u00e9s und Restaurants geschlossen. Aber zwei Kreuzfahrtschiffe waren wohl in der Nacht in der Stadt angekommen und haben am Neujahrsmorgen ihre Fracht in der Stadt entladen. Nun irren ein paar tausend \u00abmoderne Kreuzfahrer\u00bb im Rentenalter durch die verlassene Stadt und schimpfen lautstark, dass alles geschlossen sei. Erinnert eher an einen Monty Python Film<\/p>\n<p>Am 2. Januar haben wir unseren Mietwagen in Empfang genommen und sind weiter \u00f6stlich gefahren ins Paraiso Suizo in La Floresta (\u00d6stlich von Montevideo), eine Bungalow-\/WoMo-Anlage, betrieben von Silvia Koller. Hier warten wir nun auf unser Wohnmobil (und machen Ausfl\u00fcge).<\/p>\n\n\n\n\n\n\n","protected":false},"excerpt":{"rendered":"<p>Uruguay, auch die Schweiz S\u00fcdamerikas genannt, z\u00e4hlt 3,4 Millionen Einwohner und fast die H\u00e4lfte der gesamten Bev\u00f6lkerung lebt in der Hauptstadt Montevideo. Uruguay ist nach Suriname der zweitkleinste Staat S\u00fcdamerikas. Aber \u2013 Uruguay &#8211; ist viermal gr\u00f6sser als die Schweiz,<\/p>\n","protected":false},"author":3,"featured_media":0,"comment_status":"open","ping_status":"closed","sticky":false,"template":"","format":"standard","meta":{"footnotes":""},"categories":[50,53],"tags":[],"class_list":["post-25006","post","type-post","status-publish","format-standard","hentry","category-suedamerika_2024_2026","category-uruguay_2025"],"_links":{"self":[{"href":"https:\/\/www.askja-on-tour.ch\/index.php?rest_route=\/wp\/v2\/posts\/25006","targetHints":{"allow":["GET"]}}],"collection":[{"href":"https:\/\/www.askja-on-tour.ch\/index.php?rest_route=\/wp\/v2\/posts"}],"about":[{"href":"https:\/\/www.askja-on-tour.ch\/index.php?rest_route=\/wp\/v2\/types\/post"}],"author":[{"embeddable":true,"href":"https:\/\/www.askja-on-tour.ch\/index.php?rest_route=\/wp\/v2\/users\/3"}],"replies":[{"embeddable":true,"href":"https:\/\/www.askja-on-tour.ch\/index.php?rest_route=%2Fwp%2Fv2%2Fcomments&post=25006"}],"version-history":[{"count":8,"href":"https:\/\/www.askja-on-tour.ch\/index.php?rest_route=\/wp\/v2\/posts\/25006\/revisions"}],"predecessor-version":[{"id":25069,"href":"https:\/\/www.askja-on-tour.ch\/index.php?rest_route=\/wp\/v2\/posts\/25006\/revisions\/25069"}],"wp:attachment":[{"href":"https:\/\/www.askja-on-tour.ch\/index.php?rest_route=%2Fwp%2Fv2%2Fmedia&parent=25006"}],"wp:term":[{"taxonomy":"category","embeddable":true,"href":"https:\/\/www.askja-on-tour.ch\/index.php?rest_route=%2Fwp%2Fv2%2Fcategories&post=25006"},{"taxonomy":"post_tag","embeddable":true,"href":"https:\/\/www.askja-on-tour.ch\/index.php?rest_route=%2Fwp%2Fv2%2Ftags&post=25006"}],"curies":[{"name":"wp","href":"https:\/\/api.w.org\/{rel}","templated":true}]}}