{"id":2461,"date":"2018-11-20T21:14:21","date_gmt":"2018-11-20T21:14:21","guid":{"rendered":"https:\/\/www.askja-on-tour.ch\/?p=2461"},"modified":"2018-11-20T21:14:21","modified_gmt":"2018-11-20T21:14:21","slug":"dienstag-20-11-2018-von-sidi-wassay-nach-agadir-trotz-geburtstag-von-mohammed","status":"publish","type":"post","link":"https:\/\/www.askja-on-tour.ch\/?p=2461","title":{"rendered":"Dienstag, 20.11.2018: Von Sidi Wassay nach Agadir &#8211; trotz Geburtstag von Mohammed"},"content":{"rendered":"<p>Also &#8211; gem\u00e4ss Ahmed, dem Verwalter auf unserem Campingplatz in Sidi Wassay, h\u00e4tte es heute Morgen strahlend blauer Himmel und Sonne haben sollen. Tja &#8211; wo immer dieses Wetter war &#8211; nicht am Sidi Wassay Beach. Wir haben in str\u00f6mendem Regen eingepackt.<\/p>\n<p>Dazwischen mussten wir noch einen wenige Tage alten Hundewelpen die ganze Zeit verscheuchen, der immer zwischen unseren F\u00fcssen rumlief und sich genau zwischen die Reifen \u00a0legte. Somit war dann auch klar, woher das Fiepen heute Morgen kam &#8211; der kleine Hund hatte sich bei uns unter das Auto gelegt. Irgendwann erschien dann mal seine Mutter, die war aber wenig interessiert an ihm und liess ihn bei uns. Die Nachbarn aus Holland meinten, wir sollten das kleine Tier doch mitnehmen &#8211; ihr Hund w\u00e4re auch aus Marokko. Probleme k\u00f6nnen wir uns auch anders aufladen &#8211; und wir (also Adi und Conny) haben doch den besten Hund in der Schweiz, Andra. Da braucht es keinen so kleinen Wuschel, auch wenn er h\u00e4rzig war.<\/p>\n<p>Also &#8211; zur\u00fcck zum Regen: wir haben Tisch, St\u00fchle und Grill eingepackt und waren danach tratsch nass. Und als wir so fertig waren, allen Sand abgesp\u00fclt und auch uns wieder etwas zurecht gemacht hatten, liess der Regen nach.<\/p>\n<p>So sind wir dann los in den Nationalpark von Sidi Wassay. In diesem grosse Naturschutzreservat gibt es wunderbare V\u00f6gel. In einem Bereich sind auch Strausse und Antilopen wieder eingesetzt worden. Diese sind aber sehr scheu und selten zu sehen. Wir haben uns f\u00fcr eine Vogeltour entschieden.<\/p>\n<p><img loading=\"lazy\" decoding=\"async\" class=\"alignnone size-medium wp-image-2463\" src=\"https:\/\/www.askja-on-tour.ch\/wp-content\/uploads\/2018\/11\/Dienstag-2011-001-1024x769.jpg\" alt=\"\" width=\"1024\" height=\"769\" srcset=\"https:\/\/www.askja-on-tour.ch\/wp-content\/uploads\/2018\/11\/Dienstag-2011-001-1024x769.jpg 1024w, https:\/\/www.askja-on-tour.ch\/wp-content\/uploads\/2018\/11\/Dienstag-2011-001-768x576.jpg 768w, https:\/\/www.askja-on-tour.ch\/wp-content\/uploads\/2018\/11\/Dienstag-2011-001.jpg 1600w\" sizes=\"auto, (max-width: 1024px) 100vw, 1024px\" \/><\/p>\n<p>Am Sonntag wollten wir schon dahin und haben Reissaus genommen, weil wieder einer der selbsternannten Guides auf uns zugest\u00fcrmt kam und uns zugetextet hat. Wir d\u00fcrften ab hier nicht mehr weiterfahren ohne Guide, wir m\u00fcssten ihn ins Auto nehmen, damit er uns alles zeigen k\u00f6nne. Der war uns so was von unsympathisch, dass wir einfach umgedreht haben. Heute stand er wieder da &#8211; wir sind dann um ihn rumgefahren und haben ihn perplex stehen lassen. Wir wollten zu einem offiziellen Parkplatz, den wir in der Karte hatten. Auf dem Parkplatz angekommen, kamen wieder offizielle F\u00fchrer auf uns zu und sagten, sie w\u00fcrden f\u00fcr die Kooperative arbeiten und wir m\u00fcssen einen von ihnen nehmen, um in den Park hineingehen zu k\u00f6nnen.<\/p>\n<p>Also seid heute ist f\u00fcr uns das Wort &#8222;Kooperative&#8220; definitiv ein Unwort. Dieses Wort steht f\u00fcr Geldmaschinerie von irgendwelchen Drahtziehern und kleinen Lichtern, welche die Arbeit machen m\u00fcssen. Sei es f\u00fcr Argan\u00f6l, Marmelade oder eben nun die Guides. Aber Wurst &#8211; wir haben ihn genommen und er ist mit uns f\u00fcr 200 DH = CHF 20.00 gut anderthalb Stunden rumgelaufen und wir haben einige V\u00f6gel gesehen und die Natur genossen.<\/p>\n<p><img loading=\"lazy\" decoding=\"async\" class=\"alignnone size-medium wp-image-2464\" src=\"https:\/\/www.askja-on-tour.ch\/wp-content\/uploads\/2018\/11\/Dienstag-2011-002-1024x768.jpg\" alt=\"\" width=\"1024\" height=\"768\" srcset=\"https:\/\/www.askja-on-tour.ch\/wp-content\/uploads\/2018\/11\/Dienstag-2011-002-1024x768.jpg 1024w, https:\/\/www.askja-on-tour.ch\/wp-content\/uploads\/2018\/11\/Dienstag-2011-002-768x576.jpg 768w, https:\/\/www.askja-on-tour.ch\/wp-content\/uploads\/2018\/11\/Dienstag-2011-002.jpg 1600w\" sizes=\"auto, (max-width: 1024px) 100vw, 1024px\" \/><\/p>\n<p>Wilder Fenchel en Masse &#8211; ist aber nicht essbar.<\/p>\n<p><img loading=\"lazy\" decoding=\"async\" class=\"alignnone size-medium wp-image-2466\" src=\"https:\/\/www.askja-on-tour.ch\/wp-content\/uploads\/2018\/11\/Dienstag-2011-004-1024x768.jpg\" alt=\"\" width=\"1024\" height=\"768\" srcset=\"https:\/\/www.askja-on-tour.ch\/wp-content\/uploads\/2018\/11\/Dienstag-2011-004-1024x768.jpg 1024w, https:\/\/www.askja-on-tour.ch\/wp-content\/uploads\/2018\/11\/Dienstag-2011-004-768x576.jpg 768w, https:\/\/www.askja-on-tour.ch\/wp-content\/uploads\/2018\/11\/Dienstag-2011-004.jpg 1600w\" sizes=\"auto, (max-width: 1024px) 100vw, 1024px\" \/><\/p>\n<p><img loading=\"lazy\" decoding=\"async\" class=\"alignnone size-medium wp-image-2465\" src=\"https:\/\/www.askja-on-tour.ch\/wp-content\/uploads\/2018\/11\/Dienstag-2011-003-1024x768.jpg\" alt=\"\" width=\"1024\" height=\"768\" srcset=\"https:\/\/www.askja-on-tour.ch\/wp-content\/uploads\/2018\/11\/Dienstag-2011-003-1024x768.jpg 1024w, https:\/\/www.askja-on-tour.ch\/wp-content\/uploads\/2018\/11\/Dienstag-2011-003-768x576.jpg 768w, https:\/\/www.askja-on-tour.ch\/wp-content\/uploads\/2018\/11\/Dienstag-2011-003.jpg 1600w\" sizes=\"auto, (max-width: 1024px) 100vw, 1024px\" \/><\/p>\n<p><img loading=\"lazy\" decoding=\"async\" class=\"alignnone size-medium wp-image-2476\" src=\"https:\/\/www.askja-on-tour.ch\/wp-content\/uploads\/2018\/11\/Dienstag-2011-014-1024x768.jpg\" alt=\"\" width=\"1024\" height=\"768\" srcset=\"https:\/\/www.askja-on-tour.ch\/wp-content\/uploads\/2018\/11\/Dienstag-2011-014-1024x768.jpg 1024w, https:\/\/www.askja-on-tour.ch\/wp-content\/uploads\/2018\/11\/Dienstag-2011-014-768x576.jpg 768w, https:\/\/www.askja-on-tour.ch\/wp-content\/uploads\/2018\/11\/Dienstag-2011-014.jpg 1600w\" sizes=\"auto, (max-width: 1024px) 100vw, 1024px\" \/><\/p>\n<p>Die V\u00f6gel haben bestimmt Namen (er hat sie uns auch gesagt &#8211; nur wir k\u00f6nnen uns nicht daran erinnern). Nennen wir sie also: herzige Marokko-Piepser &#x1f913;\u00a0und \u00fcberlassen den Ornithologen die Bestimmung.<\/p>\n<p><img loading=\"lazy\" decoding=\"async\" class=\"alignnone size-medium wp-image-2467\" src=\"https:\/\/www.askja-on-tour.ch\/wp-content\/uploads\/2018\/11\/Dienstag-2011-005-1024x768.jpg\" alt=\"\" width=\"1024\" height=\"768\" srcset=\"https:\/\/www.askja-on-tour.ch\/wp-content\/uploads\/2018\/11\/Dienstag-2011-005-1024x768.jpg 1024w, https:\/\/www.askja-on-tour.ch\/wp-content\/uploads\/2018\/11\/Dienstag-2011-005-768x576.jpg 768w, https:\/\/www.askja-on-tour.ch\/wp-content\/uploads\/2018\/11\/Dienstag-2011-005.jpg 1600w\" sizes=\"auto, (max-width: 1024px) 100vw, 1024px\" \/><\/p>\n<p><img loading=\"lazy\" decoding=\"async\" class=\"alignnone size-medium wp-image-2468\" src=\"https:\/\/www.askja-on-tour.ch\/wp-content\/uploads\/2018\/11\/Dienstag-2011-006-1024x768.jpg\" alt=\"\" width=\"1024\" height=\"768\" srcset=\"https:\/\/www.askja-on-tour.ch\/wp-content\/uploads\/2018\/11\/Dienstag-2011-006-1024x768.jpg 1024w, https:\/\/www.askja-on-tour.ch\/wp-content\/uploads\/2018\/11\/Dienstag-2011-006-768x576.jpg 768w, https:\/\/www.askja-on-tour.ch\/wp-content\/uploads\/2018\/11\/Dienstag-2011-006.jpg 1600w\" sizes=\"auto, (max-width: 1024px) 100vw, 1024px\" \/><\/p>\n<p><img loading=\"lazy\" decoding=\"async\" class=\"alignnone size-medium wp-image-2469\" src=\"https:\/\/www.askja-on-tour.ch\/wp-content\/uploads\/2018\/11\/Dienstag-2011-007-1024x768.jpg\" alt=\"\" width=\"1024\" height=\"768\" srcset=\"https:\/\/www.askja-on-tour.ch\/wp-content\/uploads\/2018\/11\/Dienstag-2011-007-1024x768.jpg 1024w, https:\/\/www.askja-on-tour.ch\/wp-content\/uploads\/2018\/11\/Dienstag-2011-007-768x576.jpg 768w, https:\/\/www.askja-on-tour.ch\/wp-content\/uploads\/2018\/11\/Dienstag-2011-007.jpg 1600w\" sizes=\"auto, (max-width: 1024px) 100vw, 1024px\" \/><\/p>\n<p><img loading=\"lazy\" decoding=\"async\" class=\"alignnone size-medium wp-image-2470\" src=\"https:\/\/www.askja-on-tour.ch\/wp-content\/uploads\/2018\/11\/Dienstag-2011-008-1024x768.jpg\" alt=\"\" width=\"1024\" height=\"768\" srcset=\"https:\/\/www.askja-on-tour.ch\/wp-content\/uploads\/2018\/11\/Dienstag-2011-008-1024x768.jpg 1024w, https:\/\/www.askja-on-tour.ch\/wp-content\/uploads\/2018\/11\/Dienstag-2011-008-768x576.jpg 768w, https:\/\/www.askja-on-tour.ch\/wp-content\/uploads\/2018\/11\/Dienstag-2011-008.jpg 1600w\" sizes=\"auto, (max-width: 1024px) 100vw, 1024px\" \/><\/p>\n<p><img loading=\"lazy\" decoding=\"async\" class=\"alignnone size-medium wp-image-2471\" src=\"https:\/\/www.askja-on-tour.ch\/wp-content\/uploads\/2018\/11\/Dienstag-2011-009-1024x768.jpg\" alt=\"\" width=\"1024\" height=\"768\" srcset=\"https:\/\/www.askja-on-tour.ch\/wp-content\/uploads\/2018\/11\/Dienstag-2011-009-1024x768.jpg 1024w, https:\/\/www.askja-on-tour.ch\/wp-content\/uploads\/2018\/11\/Dienstag-2011-009-768x576.jpg 768w, https:\/\/www.askja-on-tour.ch\/wp-content\/uploads\/2018\/11\/Dienstag-2011-009.jpg 1600w\" sizes=\"auto, (max-width: 1024px) 100vw, 1024px\" \/><\/p>\n<p><img loading=\"lazy\" decoding=\"async\" class=\"alignnone size-medium wp-image-2472\" src=\"https:\/\/www.askja-on-tour.ch\/wp-content\/uploads\/2018\/11\/Dienstag-2011-010-1024x768.jpg\" alt=\"\" width=\"1024\" height=\"768\" srcset=\"https:\/\/www.askja-on-tour.ch\/wp-content\/uploads\/2018\/11\/Dienstag-2011-010-1024x768.jpg 1024w, https:\/\/www.askja-on-tour.ch\/wp-content\/uploads\/2018\/11\/Dienstag-2011-010-768x576.jpg 768w, https:\/\/www.askja-on-tour.ch\/wp-content\/uploads\/2018\/11\/Dienstag-2011-010.jpg 1600w\" sizes=\"auto, (max-width: 1024px) 100vw, 1024px\" \/><\/p>\n<p><img loading=\"lazy\" decoding=\"async\" class=\"alignnone size-medium wp-image-2473\" src=\"https:\/\/www.askja-on-tour.ch\/wp-content\/uploads\/2018\/11\/Dienstag-2011-011-1024x768.jpg\" alt=\"\" width=\"1024\" height=\"768\" srcset=\"https:\/\/www.askja-on-tour.ch\/wp-content\/uploads\/2018\/11\/Dienstag-2011-011-1024x768.jpg 1024w, https:\/\/www.askja-on-tour.ch\/wp-content\/uploads\/2018\/11\/Dienstag-2011-011-768x576.jpg 768w, https:\/\/www.askja-on-tour.ch\/wp-content\/uploads\/2018\/11\/Dienstag-2011-011.jpg 1600w\" sizes=\"auto, (max-width: 1024px) 100vw, 1024px\" \/><\/p>\n<p><img loading=\"lazy\" decoding=\"async\" class=\"alignnone size-medium wp-image-2474\" src=\"https:\/\/www.askja-on-tour.ch\/wp-content\/uploads\/2018\/11\/Dienstag-2011-012-1024x768.jpg\" alt=\"\" width=\"1024\" height=\"768\" srcset=\"https:\/\/www.askja-on-tour.ch\/wp-content\/uploads\/2018\/11\/Dienstag-2011-012-1024x768.jpg 1024w, https:\/\/www.askja-on-tour.ch\/wp-content\/uploads\/2018\/11\/Dienstag-2011-012-768x576.jpg 768w, https:\/\/www.askja-on-tour.ch\/wp-content\/uploads\/2018\/11\/Dienstag-2011-012.jpg 1600w\" sizes=\"auto, (max-width: 1024px) 100vw, 1024px\" \/><\/p>\n<p><img loading=\"lazy\" decoding=\"async\" class=\"alignnone size-medium wp-image-2475\" src=\"https:\/\/www.askja-on-tour.ch\/wp-content\/uploads\/2018\/11\/Dienstag-2011-013-1024x768.jpg\" alt=\"\" width=\"1024\" height=\"768\" srcset=\"https:\/\/www.askja-on-tour.ch\/wp-content\/uploads\/2018\/11\/Dienstag-2011-013-1024x768.jpg 1024w, https:\/\/www.askja-on-tour.ch\/wp-content\/uploads\/2018\/11\/Dienstag-2011-013-768x576.jpg 768w, https:\/\/www.askja-on-tour.ch\/wp-content\/uploads\/2018\/11\/Dienstag-2011-013.jpg 1600w\" sizes=\"auto, (max-width: 1024px) 100vw, 1024px\" \/><\/p>\n<p>Auf dem Weg hat er uns erz\u00e4hlt, dass heute Mohamed&#8217;s Geburtstag sei, dass dieser in den Familien und in der Moschee gefeiert w\u00fcrde. Und dass es heute und morgen (dieser Geburi wird zwei Tage gefeiert, d.h. es wird viel, ganz viel gegessen) nat\u00fcrlich keinen Alkohol zu kaufen g\u00e4be, da dies ja im Islam nicht erlaubt sei (fragte ihn, ob wohl der Alkohol-Shop in Agadir ge\u00f6ffnet sei). Der selbe Herr fragte uns dann nach der Tour, ob wir ihm noch eine Flasche Rotwein geben k\u00f6nnten, weil ja eben heute ein grosses Fest zu Ehren Mohammed sei und sie gerne an diesem Anlass eine Flasche Win trinken w\u00fcrden. Wir dachten, wir w\u00fcrden nicht richtig h\u00f6ren &#8211; haben ihm nat\u00fcrlich nichts gegeben.<\/p>\n<p>Und es musste noch ein Foto her &#8211; erst mit seinem Handy und dann mit unserer Kamera. Das wichtigste f\u00fcr unseren Guide &#8211; er wollte neben Askja auf dem Foto sein &#8211; wir waren weniger wichtig. So ein scheinheiliger Schlingel.<\/p>\n<p><img loading=\"lazy\" decoding=\"async\" class=\"alignnone size-medium wp-image-2477\" src=\"https:\/\/www.askja-on-tour.ch\/wp-content\/uploads\/2018\/11\/Dienstag-2011-015-1024x768.jpg\" alt=\"\" width=\"1024\" height=\"768\" srcset=\"https:\/\/www.askja-on-tour.ch\/wp-content\/uploads\/2018\/11\/Dienstag-2011-015-1024x768.jpg 1024w, https:\/\/www.askja-on-tour.ch\/wp-content\/uploads\/2018\/11\/Dienstag-2011-015-768x576.jpg 768w, https:\/\/www.askja-on-tour.ch\/wp-content\/uploads\/2018\/11\/Dienstag-2011-015.jpg 1600w\" sizes=\"auto, (max-width: 1024px) 100vw, 1024px\" \/><\/p>\n<p>Danach sind wir nach Agadir gefahren &#8211; eben auf der Suche nach Alkohol, da unsere Ap\u00e9ro-Vorr\u00e4te langsam zu neige gehen. Aber weder im\u00a0Atacad\u00e3o noch im Carrefour waren wir efolgreich- daf\u00fcr haben wir noch anderes zum Essen und Trinken ergattert. Und &#8211; wen haben wir wieder getroffen: die Aargauer-Fraktion aus D\u00f6ttigen: wir haben uns richtig gefreut, die vier wieder zu sehen (hatten glaub schon etwas Entzug &#x1f609;).<\/p>\n<p><img loading=\"lazy\" decoding=\"async\" class=\"alignnone size-medium wp-image-2478\" src=\"https:\/\/www.askja-on-tour.ch\/wp-content\/uploads\/2018\/11\/Dienstag-2011-016-1024x769.jpg\" alt=\"\" width=\"1024\" height=\"769\" srcset=\"https:\/\/www.askja-on-tour.ch\/wp-content\/uploads\/2018\/11\/Dienstag-2011-016-1024x769.jpg 1024w, https:\/\/www.askja-on-tour.ch\/wp-content\/uploads\/2018\/11\/Dienstag-2011-016-768x576.jpg 768w, https:\/\/www.askja-on-tour.ch\/wp-content\/uploads\/2018\/11\/Dienstag-2011-016.jpg 1600w\" sizes=\"auto, (max-width: 1024px) 100vw, 1024px\" \/><\/p>\n<p>Irgendwo hat uns Agadir nicht angesprochen: zum einen liegt es wohl daran, dass die Stadt 1960 bei einem Erdbeben fast vollst\u00e4ndig zerst\u00f6rt und wieder neu aufgebaut wurde und somit wenige historische Geb\u00e4ude vorhanden sind, zum anderen weil es aufgrund des Feiertages enorm viele Leute auf der Strasse hatte.<\/p>\n<p>So sind wir nach dem Einkauf weitergefahren &#8211; ca. 25 km ausserhalb Agadir, Richtung Essaouira, haben wir den Camping-Platz &#8222;Terre d&#8217;Oc\u00e9an&#8220; angefahren und einen traumhaften Platz mit Sicht auf den Atlantik ergattert. Das Witzige ist ja, dass sich Marokko-Reisende immer wieder treffen. So war direkt vor uns auch wieder Wolfgang mit seinem Landcruiser aus Duisburg. Kurzer Schwatz und dann ging es ans Platzsuchen.<\/p>\n<p>Wir mussten uns beeilen, denn wir wollten bei dieser Traumaussicht noch einen gem\u00fctlichen Ap\u00e9ro geniessen, ehe wir uns dann ans Kochen gemacht haben.<\/p>\n<p><img loading=\"lazy\" decoding=\"async\" class=\"alignnone size-medium wp-image-2479\" src=\"https:\/\/www.askja-on-tour.ch\/wp-content\/uploads\/2018\/11\/Dienstag-2011-017-1024x769.jpg\" alt=\"\" width=\"1024\" height=\"769\" srcset=\"https:\/\/www.askja-on-tour.ch\/wp-content\/uploads\/2018\/11\/Dienstag-2011-017-1024x769.jpg 1024w, https:\/\/www.askja-on-tour.ch\/wp-content\/uploads\/2018\/11\/Dienstag-2011-017-768x576.jpg 768w, https:\/\/www.askja-on-tour.ch\/wp-content\/uploads\/2018\/11\/Dienstag-2011-017.jpg 1600w\" sizes=\"auto, (max-width: 1024px) 100vw, 1024px\" \/><\/p>\n<p><img loading=\"lazy\" decoding=\"async\" class=\"alignnone size-medium wp-image-2480\" src=\"https:\/\/www.askja-on-tour.ch\/wp-content\/uploads\/2018\/11\/Dienstag-2011-018-1024x769.jpg\" alt=\"\" width=\"1024\" height=\"769\" srcset=\"https:\/\/www.askja-on-tour.ch\/wp-content\/uploads\/2018\/11\/Dienstag-2011-018-1024x769.jpg 1024w, https:\/\/www.askja-on-tour.ch\/wp-content\/uploads\/2018\/11\/Dienstag-2011-018-768x576.jpg 768w, https:\/\/www.askja-on-tour.ch\/wp-content\/uploads\/2018\/11\/Dienstag-2011-018.jpg 1600w\" sizes=\"auto, (max-width: 1024px) 100vw, 1024px\" \/><\/p>\n<p>Es gab heute Fajitas mit Rindfleischstreifen. Ich hatte in Tan-Tan bei einem lokalen Metzger ein St\u00fcck Entrec\u00f4te gekauft, dass er aber fast bis zur Unkenntlichkeit kleingeschnitten hatte. So haben wir uns entschieden, dies gleich ganz in kleine Streifen zu schneiden &#8211; so hatten wir De-Lux-Fajitas.<\/p>\n<p>Morgen fahren nach Essaouira &#8211; wir sind gespannt, was uns da erwartet.<\/p>\n<p>Ah ja &#8211; die Fotoauswahl ist heute Bescheiden ausgefallen, deshalb keine Galerie &#x1f644;.<\/p>\n","protected":false},"excerpt":{"rendered":"<p>Also &#8211; gem\u00e4ss Ahmed, dem Verwalter auf unserem Campingplatz in Sidi Wassay, h\u00e4tte es heute Morgen strahlend blauer Himmel und Sonne haben sollen. Tja &#8211; wo immer dieses Wetter war &#8211; nicht am Sidi Wassay Beach. Wir haben in str\u00f6mendem<\/p>\n","protected":false},"author":3,"featured_media":0,"comment_status":"open","ping_status":"closed","sticky":false,"template":"","format":"standard","meta":{"footnotes":""},"categories":[4,7],"tags":[],"class_list":["post-2461","post","type-post","status-publish","format-standard","hentry","category-reiseberichte","category-marokko2018"],"_links":{"self":[{"href":"https:\/\/www.askja-on-tour.ch\/index.php?rest_route=\/wp\/v2\/posts\/2461","targetHints":{"allow":["GET"]}}],"collection":[{"href":"https:\/\/www.askja-on-tour.ch\/index.php?rest_route=\/wp\/v2\/posts"}],"about":[{"href":"https:\/\/www.askja-on-tour.ch\/index.php?rest_route=\/wp\/v2\/types\/post"}],"author":[{"embeddable":true,"href":"https:\/\/www.askja-on-tour.ch\/index.php?rest_route=\/wp\/v2\/users\/3"}],"replies":[{"embeddable":true,"href":"https:\/\/www.askja-on-tour.ch\/index.php?rest_route=%2Fwp%2Fv2%2Fcomments&post=2461"}],"version-history":[{"count":9,"href":"https:\/\/www.askja-on-tour.ch\/index.php?rest_route=\/wp\/v2\/posts\/2461\/revisions"}],"predecessor-version":[{"id":2488,"href":"https:\/\/www.askja-on-tour.ch\/index.php?rest_route=\/wp\/v2\/posts\/2461\/revisions\/2488"}],"wp:attachment":[{"href":"https:\/\/www.askja-on-tour.ch\/index.php?rest_route=%2Fwp%2Fv2%2Fmedia&parent=2461"}],"wp:term":[{"taxonomy":"category","embeddable":true,"href":"https:\/\/www.askja-on-tour.ch\/index.php?rest_route=%2Fwp%2Fv2%2Fcategories&post=2461"},{"taxonomy":"post_tag","embeddable":true,"href":"https:\/\/www.askja-on-tour.ch\/index.php?rest_route=%2Fwp%2Fv2%2Ftags&post=2461"}],"curies":[{"name":"wp","href":"https:\/\/api.w.org\/{rel}","templated":true}]}}