{"id":2455,"date":"2018-11-19T20:20:14","date_gmt":"2018-11-19T20:20:14","guid":{"rendered":"https:\/\/www.askja-on-tour.ch\/?p=2455"},"modified":"2018-11-19T20:20:14","modified_gmt":"2018-11-19T20:20:14","slug":"montag-19-11-2018-nichtstun-bei-regen-am-wassay-beach","status":"publish","type":"post","link":"https:\/\/www.askja-on-tour.ch\/?p=2455","title":{"rendered":"Montag, 19.11.2018: Nichtstun bei Regen am Wassay Beach"},"content":{"rendered":"<p>Da f\u00fcr die ganze K\u00fcste f\u00fcr gestern und heute immer mal wieder Regen angesagt war, haben wir uns entschieden, heute noch einen weiteren Tag am Sidi Wassay Beach zu verbringen, umso mehr als ich gestern bei strahlendem Wetter wieder mal W\u00e4sche zum Waschen gegeben habe. Wie schon geschrieben: kaum aufgeh\u00e4ngt, hat es zu regnen begonnen &#8211; der Regen setzte sich auch in der Nacht fort. Heute morgen h\u00e4tte es, so unser Platzchef, sch\u00f6n sein sollen. Sch\u00f6n durch den Dachengel runter &#8211; aber egal. So um 12.00 Uhr kl\u00e4rte es auf und wir konnten dann St\u00fcck um St\u00fcck die W\u00e4sche von der Leine nehmen.<\/p>\n<p>Als es nicht regnete, sind wir losgezogen und haben Strand und Ortschaft erkundigt &#8211; wobei beides nicht sehr weitl\u00e4ufig ist. Aber die Meeresluft tut auf jeden Fall gut.<\/p>\n<p>Von unserem Platz her geht ein Weg direkt an den Strand.<\/p>\n<p><img loading=\"lazy\" decoding=\"async\" class=\"alignnone size-medium wp-image-2431\" src=\"https:\/\/www.askja-on-tour.ch\/wp-content\/uploads\/2018\/11\/Montag-1911-002-1024x769.jpg\" alt=\"\" width=\"1024\" height=\"769\" srcset=\"https:\/\/www.askja-on-tour.ch\/wp-content\/uploads\/2018\/11\/Montag-1911-002-1024x769.jpg 1024w, https:\/\/www.askja-on-tour.ch\/wp-content\/uploads\/2018\/11\/Montag-1911-002-768x576.jpg 768w, https:\/\/www.askja-on-tour.ch\/wp-content\/uploads\/2018\/11\/Montag-1911-002.jpg 1600w\" sizes=\"auto, (max-width: 1024px) 100vw, 1024px\" \/><\/p>\n<p><img loading=\"lazy\" decoding=\"async\" class=\"alignnone size-medium wp-image-2433\" src=\"https:\/\/www.askja-on-tour.ch\/wp-content\/uploads\/2018\/11\/Montag-1911-004-1024x769.jpg\" alt=\"\" width=\"1024\" height=\"769\" srcset=\"https:\/\/www.askja-on-tour.ch\/wp-content\/uploads\/2018\/11\/Montag-1911-004-1024x769.jpg 1024w, https:\/\/www.askja-on-tour.ch\/wp-content\/uploads\/2018\/11\/Montag-1911-004-768x576.jpg 768w, https:\/\/www.askja-on-tour.ch\/wp-content\/uploads\/2018\/11\/Montag-1911-004.jpg 1600w\" sizes=\"auto, (max-width: 1024px) 100vw, 1024px\" \/><\/p>\n<p>Sidi Wassay hat nebst einer kleinen unscheinbaren Moschee auch ein Marabout, wie dies als weisse Kuppe im Bild sichtbar ist. Ein Marabout ist die Grabst\u00e4dte einer grossen Pers\u00f6nlichkeit. Diese haben wir sp\u00e4ter noch besichtigt &#8211; wir durften auch als Nicht-Gl\u00e4ubige in die Anlage, nicht aber in die Grabst\u00e4dte selber rein.<\/p>\n<p><img loading=\"lazy\" decoding=\"async\" class=\"alignnone size-medium wp-image-2432\" src=\"https:\/\/www.askja-on-tour.ch\/wp-content\/uploads\/2018\/11\/Montag-1911-003-1024x769.jpg\" alt=\"\" width=\"1024\" height=\"769\" srcset=\"https:\/\/www.askja-on-tour.ch\/wp-content\/uploads\/2018\/11\/Montag-1911-003-1024x769.jpg 1024w, https:\/\/www.askja-on-tour.ch\/wp-content\/uploads\/2018\/11\/Montag-1911-003-768x576.jpg 768w, https:\/\/www.askja-on-tour.ch\/wp-content\/uploads\/2018\/11\/Montag-1911-003.jpg 1600w\" sizes=\"auto, (max-width: 1024px) 100vw, 1024px\" \/><\/p>\n<p>Der Strand war schnell abgelaufen, also sind wir ins Dorf. Nach dem Regen war alles ziemlich matschig. Wir haben einige sch\u00f6ne Wandmalereien gesehen, die Restaurants oder Pensionen anpreisen.<\/p>\n<p><img loading=\"lazy\" decoding=\"async\" class=\"alignnone size-medium wp-image-2434\" src=\"https:\/\/www.askja-on-tour.ch\/wp-content\/uploads\/2018\/11\/Montag-1911-005-1024x769.jpg\" alt=\"\" width=\"1024\" height=\"769\" srcset=\"https:\/\/www.askja-on-tour.ch\/wp-content\/uploads\/2018\/11\/Montag-1911-005-1024x769.jpg 1024w, https:\/\/www.askja-on-tour.ch\/wp-content\/uploads\/2018\/11\/Montag-1911-005-768x576.jpg 768w, https:\/\/www.askja-on-tour.ch\/wp-content\/uploads\/2018\/11\/Montag-1911-005.jpg 1600w\" sizes=\"auto, (max-width: 1024px) 100vw, 1024px\" \/><\/p>\n<p>Nun mussten wir uns aber eben auch noch den Marabout ansehen &#8211; auch wenn wir nicht sicher waren, ob wir das \u00fcberhaupt d\u00fcrfen. Egal &#8211; wir gingen mal zum Grabmal und dachten, es w\u00fcrde uns schon jemand verscheuchen, wenn wir da nicht hin d\u00fcrfen.<\/p>\n<p><img loading=\"lazy\" decoding=\"async\" class=\"alignnone size-medium wp-image-2435\" src=\"https:\/\/www.askja-on-tour.ch\/wp-content\/uploads\/2018\/11\/Montag-1911-006-1024x769.jpg\" alt=\"\" width=\"1024\" height=\"769\" srcset=\"https:\/\/www.askja-on-tour.ch\/wp-content\/uploads\/2018\/11\/Montag-1911-006-1024x769.jpg 1024w, https:\/\/www.askja-on-tour.ch\/wp-content\/uploads\/2018\/11\/Montag-1911-006-768x576.jpg 768w, https:\/\/www.askja-on-tour.ch\/wp-content\/uploads\/2018\/11\/Montag-1911-006.jpg 1600w\" sizes=\"auto, (max-width: 1024px) 100vw, 1024px\" \/><\/p>\n<p>Nun war auch klar, woher mehrmals am Tag der Ruf des Muezzin herkommt\u00a0&#x1f609;. Ob es ab Tonband ist oder woher der Muezzin auch immer zu seinen Gl\u00e4ubigern spricht &#8211; es ist nicht auf dem Minarett.<\/p>\n<p><img loading=\"lazy\" decoding=\"async\" class=\"alignnone size-medium wp-image-2436\" src=\"https:\/\/www.askja-on-tour.ch\/wp-content\/uploads\/2018\/11\/Montag-1911-007-1024x769.jpg\" alt=\"\" width=\"1024\" height=\"769\" srcset=\"https:\/\/www.askja-on-tour.ch\/wp-content\/uploads\/2018\/11\/Montag-1911-007-1024x769.jpg 1024w, https:\/\/www.askja-on-tour.ch\/wp-content\/uploads\/2018\/11\/Montag-1911-007-768x576.jpg 768w, https:\/\/www.askja-on-tour.ch\/wp-content\/uploads\/2018\/11\/Montag-1911-007.jpg 1600w\" sizes=\"auto, (max-width: 1024px) 100vw, 1024px\" \/><\/p>\n<p>Wir oder viel mehr Norbert bekam von einem Mann, der pl\u00f6tzlich am Eingang stand, den Hinweis, dass er eintreten darf (ich war schon drin und wartete darauf, dass er mich rauswirft, v.a. weil meine Beine nur teilweise bedeckt waren. Er hat mich kurz angeschaut und meine Anwesenheit akzeptiert.<\/p>\n<p><img loading=\"lazy\" decoding=\"async\" class=\"alignnone size-medium wp-image-2437\" src=\"https:\/\/www.askja-on-tour.ch\/wp-content\/uploads\/2018\/11\/Montag-1911-008-769x1024.jpg\" alt=\"\" width=\"769\" height=\"1024\" srcset=\"https:\/\/www.askja-on-tour.ch\/wp-content\/uploads\/2018\/11\/Montag-1911-008-769x1024.jpg 769w, https:\/\/www.askja-on-tour.ch\/wp-content\/uploads\/2018\/11\/Montag-1911-008-768x1023.jpg 768w, https:\/\/www.askja-on-tour.ch\/wp-content\/uploads\/2018\/11\/Montag-1911-008.jpg 1201w\" sizes=\"auto, (max-width: 769px) 100vw, 769px\" \/><\/p>\n<p><img loading=\"lazy\" decoding=\"async\" class=\"alignnone size-medium wp-image-2438\" src=\"https:\/\/www.askja-on-tour.ch\/wp-content\/uploads\/2018\/11\/Montag-1911-009-769x1024.jpg\" alt=\"\" width=\"769\" height=\"1024\" srcset=\"https:\/\/www.askja-on-tour.ch\/wp-content\/uploads\/2018\/11\/Montag-1911-009-769x1024.jpg 769w, https:\/\/www.askja-on-tour.ch\/wp-content\/uploads\/2018\/11\/Montag-1911-009-768x1023.jpg 768w, https:\/\/www.askja-on-tour.ch\/wp-content\/uploads\/2018\/11\/Montag-1911-009.jpg 1201w\" sizes=\"auto, (max-width: 769px) 100vw, 769px\" \/><\/p>\n<p>Einblick ins Grabmal &#8211; wobei sich der Leichnam oder die \u00dcberreste hinter dem gr\u00fcnen Tuch befinden. Um keine Gef\u00fchle zu verletzen, sind wir aber nicht weiter rein gelaufen.<\/p>\n<p><img loading=\"lazy\" decoding=\"async\" class=\"alignnone size-medium wp-image-2439\" src=\"https:\/\/www.askja-on-tour.ch\/wp-content\/uploads\/2018\/11\/Montag-1911-010-769x1024.jpg\" alt=\"\" width=\"769\" height=\"1024\" srcset=\"https:\/\/www.askja-on-tour.ch\/wp-content\/uploads\/2018\/11\/Montag-1911-010-769x1024.jpg 769w, https:\/\/www.askja-on-tour.ch\/wp-content\/uploads\/2018\/11\/Montag-1911-010-768x1023.jpg 768w, https:\/\/www.askja-on-tour.ch\/wp-content\/uploads\/2018\/11\/Montag-1911-010.jpg 1201w\" sizes=\"auto, (max-width: 769px) 100vw, 769px\" \/><\/p>\n<p>Da die Moschee ge\u00f6ffnet war, haben wir auch einen Blick reingewagt.<\/p>\n<p><img loading=\"lazy\" decoding=\"async\" class=\"alignnone size-medium wp-image-2440\" src=\"https:\/\/www.askja-on-tour.ch\/wp-content\/uploads\/2018\/11\/Montag-1911-011-769x1024.jpg\" alt=\"\" width=\"769\" height=\"1024\" srcset=\"https:\/\/www.askja-on-tour.ch\/wp-content\/uploads\/2018\/11\/Montag-1911-011-769x1024.jpg 769w, https:\/\/www.askja-on-tour.ch\/wp-content\/uploads\/2018\/11\/Montag-1911-011-768x1023.jpg 768w, https:\/\/www.askja-on-tour.ch\/wp-content\/uploads\/2018\/11\/Montag-1911-011.jpg 1201w\" sizes=\"auto, (max-width: 769px) 100vw, 769px\" \/><\/p>\n<p>Danach sind wir wieder an den Strand. Es war etwas unangenehm, da \u00fcberall so gelblicher Schaum angeweht wurde. Hier kommt halt alles an, was so in den Atlantik gekippt wird.<\/p>\n<p><img loading=\"lazy\" decoding=\"async\" class=\"alignnone size-medium wp-image-2441\" src=\"https:\/\/www.askja-on-tour.ch\/wp-content\/uploads\/2018\/11\/Montag-1911-012-1024x769.jpg\" alt=\"\" width=\"1024\" height=\"769\" srcset=\"https:\/\/www.askja-on-tour.ch\/wp-content\/uploads\/2018\/11\/Montag-1911-012-1024x769.jpg 1024w, https:\/\/www.askja-on-tour.ch\/wp-content\/uploads\/2018\/11\/Montag-1911-012-768x576.jpg 768w, https:\/\/www.askja-on-tour.ch\/wp-content\/uploads\/2018\/11\/Montag-1911-012.jpg 1600w\" sizes=\"auto, (max-width: 1024px) 100vw, 1024px\" \/><\/p>\n<p>Da uns der Strand irgendwann nicht mehr so behagte, da zu schmutzig, sind wir in die D\u00fcnen hoch gestiegen. Besser war es da aber auch nicht. Tja &#8211; schade: Strandidylle auf marokkanisch.<\/p>\n<p><img loading=\"lazy\" decoding=\"async\" class=\"alignnone size-medium wp-image-2442\" src=\"https:\/\/www.askja-on-tour.ch\/wp-content\/uploads\/2018\/11\/Montag-1911-013-1024x769.jpg\" alt=\"\" width=\"1024\" height=\"769\" srcset=\"https:\/\/www.askja-on-tour.ch\/wp-content\/uploads\/2018\/11\/Montag-1911-013-1024x769.jpg 1024w, https:\/\/www.askja-on-tour.ch\/wp-content\/uploads\/2018\/11\/Montag-1911-013-768x576.jpg 768w, https:\/\/www.askja-on-tour.ch\/wp-content\/uploads\/2018\/11\/Montag-1911-013.jpg 1600w\" sizes=\"auto, (max-width: 1024px) 100vw, 1024px\" \/><img loading=\"lazy\" decoding=\"async\" class=\"alignnone size-medium wp-image-2443\" src=\"https:\/\/www.askja-on-tour.ch\/wp-content\/uploads\/2018\/11\/Montag-1911-014-1024x769.jpg\" alt=\"\" width=\"1024\" height=\"769\" srcset=\"https:\/\/www.askja-on-tour.ch\/wp-content\/uploads\/2018\/11\/Montag-1911-014-1024x769.jpg 1024w, https:\/\/www.askja-on-tour.ch\/wp-content\/uploads\/2018\/11\/Montag-1911-014-768x576.jpg 768w, https:\/\/www.askja-on-tour.ch\/wp-content\/uploads\/2018\/11\/Montag-1911-014.jpg 1600w\" sizes=\"auto, (max-width: 1024px) 100vw, 1024px\" \/><\/p>\n<p><img loading=\"lazy\" decoding=\"async\" class=\"alignnone size-medium wp-image-2444\" src=\"https:\/\/www.askja-on-tour.ch\/wp-content\/uploads\/2018\/11\/Montag-1911-015-1024x769.jpg\" alt=\"\" width=\"1024\" height=\"769\" srcset=\"https:\/\/www.askja-on-tour.ch\/wp-content\/uploads\/2018\/11\/Montag-1911-015-1024x769.jpg 1024w, https:\/\/www.askja-on-tour.ch\/wp-content\/uploads\/2018\/11\/Montag-1911-015-768x576.jpg 768w, https:\/\/www.askja-on-tour.ch\/wp-content\/uploads\/2018\/11\/Montag-1911-015.jpg 1600w\" sizes=\"auto, (max-width: 1024px) 100vw, 1024px\" \/><\/p>\n<p>So sind wir dann wieder zur\u00fcck zum Camping-Platz. V.a. weil sich schon wieder eine neue Wetterfront ank\u00fcndigte.<\/p>\n<p><img loading=\"lazy\" decoding=\"async\" class=\"alignnone size-medium wp-image-2445\" src=\"https:\/\/www.askja-on-tour.ch\/wp-content\/uploads\/2018\/11\/Montag-1911-016-1024x769.jpg\" alt=\"\" width=\"1024\" height=\"769\" srcset=\"https:\/\/www.askja-on-tour.ch\/wp-content\/uploads\/2018\/11\/Montag-1911-016-1024x769.jpg 1024w, https:\/\/www.askja-on-tour.ch\/wp-content\/uploads\/2018\/11\/Montag-1911-016-768x576.jpg 768w, https:\/\/www.askja-on-tour.ch\/wp-content\/uploads\/2018\/11\/Montag-1911-016.jpg 1600w\" sizes=\"auto, (max-width: 1024px) 100vw, 1024px\" \/><\/p>\n<p><img loading=\"lazy\" decoding=\"async\" class=\"alignnone size-medium wp-image-2446\" src=\"https:\/\/www.askja-on-tour.ch\/wp-content\/uploads\/2018\/11\/Montag-1911-017-1024x769.jpg\" alt=\"\" width=\"1024\" height=\"769\" srcset=\"https:\/\/www.askja-on-tour.ch\/wp-content\/uploads\/2018\/11\/Montag-1911-017-1024x769.jpg 1024w, https:\/\/www.askja-on-tour.ch\/wp-content\/uploads\/2018\/11\/Montag-1911-017-768x576.jpg 768w, https:\/\/www.askja-on-tour.ch\/wp-content\/uploads\/2018\/11\/Montag-1911-017.jpg 1600w\" sizes=\"auto, (max-width: 1024px) 100vw, 1024px\" \/><\/p>\n<p>Der Camping-Platz ist von einer hohen Mauer umz\u00e4unt &#8211; die Toren werden in der Nacht geschlossen und es wird Wache geschoben.<\/p>\n<p><img loading=\"lazy\" decoding=\"async\" class=\"alignnone size-medium wp-image-2447\" src=\"https:\/\/www.askja-on-tour.ch\/wp-content\/uploads\/2018\/11\/Montag-1911-018-1024x769.jpg\" alt=\"\" width=\"1024\" height=\"769\" srcset=\"https:\/\/www.askja-on-tour.ch\/wp-content\/uploads\/2018\/11\/Montag-1911-018-1024x769.jpg 1024w, https:\/\/www.askja-on-tour.ch\/wp-content\/uploads\/2018\/11\/Montag-1911-018-768x576.jpg 768w, https:\/\/www.askja-on-tour.ch\/wp-content\/uploads\/2018\/11\/Montag-1911-018.jpg 1600w\" sizes=\"auto, (max-width: 1024px) 100vw, 1024px\" \/><\/p>\n<p>Auch dieser Wolkenbruch war bald wieder vorbei &#8211; unsere W\u00e4sche aber immer wieder von neuem Nass. So sind wir noch etwas auf dem Camping-Platz rumgelaufen und haben Fotos gemacht, ehe wir es uns wieder mit einem Buch im WoMo gem\u00fctlich gemacht haben.<\/p>\n<p><img loading=\"lazy\" decoding=\"async\" class=\"alignnone size-medium wp-image-2448\" src=\"https:\/\/www.askja-on-tour.ch\/wp-content\/uploads\/2018\/11\/Montag-1911-019-1024x769.jpg\" alt=\"\" width=\"1024\" height=\"769\" srcset=\"https:\/\/www.askja-on-tour.ch\/wp-content\/uploads\/2018\/11\/Montag-1911-019-1024x769.jpg 1024w, https:\/\/www.askja-on-tour.ch\/wp-content\/uploads\/2018\/11\/Montag-1911-019-768x576.jpg 768w, https:\/\/www.askja-on-tour.ch\/wp-content\/uploads\/2018\/11\/Montag-1911-019.jpg 1600w\" sizes=\"auto, (max-width: 1024px) 100vw, 1024px\" \/><\/p>\n<p><img loading=\"lazy\" decoding=\"async\" class=\"alignnone size-medium wp-image-2449\" src=\"https:\/\/www.askja-on-tour.ch\/wp-content\/uploads\/2018\/11\/Montag-1911-020-1024x769.jpg\" alt=\"\" width=\"1024\" height=\"769\" srcset=\"https:\/\/www.askja-on-tour.ch\/wp-content\/uploads\/2018\/11\/Montag-1911-020-1024x769.jpg 1024w, https:\/\/www.askja-on-tour.ch\/wp-content\/uploads\/2018\/11\/Montag-1911-020-768x576.jpg 768w, https:\/\/www.askja-on-tour.ch\/wp-content\/uploads\/2018\/11\/Montag-1911-020.jpg 1600w\" sizes=\"auto, (max-width: 1024px) 100vw, 1024px\" \/><\/p>\n<p><img loading=\"lazy\" decoding=\"async\" class=\"alignnone size-medium wp-image-2451\" src=\"https:\/\/www.askja-on-tour.ch\/wp-content\/uploads\/2018\/11\/Montag-1911-022-1024x769.jpg\" alt=\"\" width=\"1024\" height=\"769\" srcset=\"https:\/\/www.askja-on-tour.ch\/wp-content\/uploads\/2018\/11\/Montag-1911-022-1024x769.jpg 1024w, https:\/\/www.askja-on-tour.ch\/wp-content\/uploads\/2018\/11\/Montag-1911-022-768x576.jpg 768w, https:\/\/www.askja-on-tour.ch\/wp-content\/uploads\/2018\/11\/Montag-1911-022.jpg 1600w\" sizes=\"auto, (max-width: 1024px) 100vw, 1024px\" \/><\/p>\n<p><img loading=\"lazy\" decoding=\"async\" class=\"alignnone size-medium wp-image-2452\" src=\"https:\/\/www.askja-on-tour.ch\/wp-content\/uploads\/2018\/11\/Montag-1911-023-1024x769.jpg\" alt=\"\" width=\"1024\" height=\"769\" srcset=\"https:\/\/www.askja-on-tour.ch\/wp-content\/uploads\/2018\/11\/Montag-1911-023-1024x769.jpg 1024w, https:\/\/www.askja-on-tour.ch\/wp-content\/uploads\/2018\/11\/Montag-1911-023-768x576.jpg 768w, https:\/\/www.askja-on-tour.ch\/wp-content\/uploads\/2018\/11\/Montag-1911-023.jpg 1600w\" sizes=\"auto, (max-width: 1024px) 100vw, 1024px\" \/><\/p>\n<p>Bei sch\u00f6ner Abendstimmung haben wir wieder den Grill angeworfen und Fleisch mit ganz viel Gem\u00fcse zubereitet.<\/p>\n<p><img loading=\"lazy\" decoding=\"async\" class=\"alignnone size-medium wp-image-2453\" src=\"https:\/\/www.askja-on-tour.ch\/wp-content\/uploads\/2018\/11\/Montag-1911-024-1024x769.jpg\" alt=\"\" width=\"1024\" height=\"769\" srcset=\"https:\/\/www.askja-on-tour.ch\/wp-content\/uploads\/2018\/11\/Montag-1911-024-1024x769.jpg 1024w, https:\/\/www.askja-on-tour.ch\/wp-content\/uploads\/2018\/11\/Montag-1911-024-768x576.jpg 768w, https:\/\/www.askja-on-tour.ch\/wp-content\/uploads\/2018\/11\/Montag-1911-024.jpg 1600w\" sizes=\"auto, (max-width: 1024px) 100vw, 1024px\" \/><img loading=\"lazy\" decoding=\"async\" class=\"alignnone size-medium wp-image-2454\" src=\"https:\/\/www.askja-on-tour.ch\/wp-content\/uploads\/2018\/11\/Montag-1911-025-768x1024.jpg\" alt=\"\" width=\"768\" height=\"1024\" srcset=\"https:\/\/www.askja-on-tour.ch\/wp-content\/uploads\/2018\/11\/Montag-1911-025-768x1024.jpg 768w, https:\/\/www.askja-on-tour.ch\/wp-content\/uploads\/2018\/11\/Montag-1911-025.jpg 1200w\" sizes=\"auto, (max-width: 768px) 100vw, 768px\" \/><\/p>\n<p>Und morgen geht es weiter nach Agadir &#8211; da m\u00fcssen wir mal wieder unsere Vorr\u00e4te (v.a. Bier) aufstocken.<\/p>\n<p>Eine Galerie gibt es heute nicht, da wir nicht mehr Fotos haben &#x1f644;\u00a0&#8211; trotzdem viel Spass beim Lesen des Blogs und Ansehen der Fotos.<\/p>\n","protected":false},"excerpt":{"rendered":"<p>Da f\u00fcr die ganze K\u00fcste f\u00fcr gestern und heute immer mal wieder Regen angesagt war, haben wir uns entschieden, heute noch einen weiteren Tag am Sidi Wassay Beach zu verbringen, umso mehr als ich gestern bei strahlendem Wetter wieder mal<\/p>\n","protected":false},"author":3,"featured_media":0,"comment_status":"open","ping_status":"closed","sticky":false,"template":"","format":"standard","meta":{"footnotes":""},"categories":[4,7],"tags":[],"class_list":["post-2455","post","type-post","status-publish","format-standard","hentry","category-reiseberichte","category-marokko2018"],"_links":{"self":[{"href":"https:\/\/www.askja-on-tour.ch\/index.php?rest_route=\/wp\/v2\/posts\/2455","targetHints":{"allow":["GET"]}}],"collection":[{"href":"https:\/\/www.askja-on-tour.ch\/index.php?rest_route=\/wp\/v2\/posts"}],"about":[{"href":"https:\/\/www.askja-on-tour.ch\/index.php?rest_route=\/wp\/v2\/types\/post"}],"author":[{"embeddable":true,"href":"https:\/\/www.askja-on-tour.ch\/index.php?rest_route=\/wp\/v2\/users\/3"}],"replies":[{"embeddable":true,"href":"https:\/\/www.askja-on-tour.ch\/index.php?rest_route=%2Fwp%2Fv2%2Fcomments&post=2455"}],"version-history":[{"count":5,"href":"https:\/\/www.askja-on-tour.ch\/index.php?rest_route=\/wp\/v2\/posts\/2455\/revisions"}],"predecessor-version":[{"id":2460,"href":"https:\/\/www.askja-on-tour.ch\/index.php?rest_route=\/wp\/v2\/posts\/2455\/revisions\/2460"}],"wp:attachment":[{"href":"https:\/\/www.askja-on-tour.ch\/index.php?rest_route=%2Fwp%2Fv2%2Fmedia&parent=2455"}],"wp:term":[{"taxonomy":"category","embeddable":true,"href":"https:\/\/www.askja-on-tour.ch\/index.php?rest_route=%2Fwp%2Fv2%2Fcategories&post=2455"},{"taxonomy":"post_tag","embeddable":true,"href":"https:\/\/www.askja-on-tour.ch\/index.php?rest_route=%2Fwp%2Fv2%2Ftags&post=2455"}],"curies":[{"name":"wp","href":"https:\/\/api.w.org\/{rel}","templated":true}]}}