{"id":236,"date":"2018-10-09T21:06:18","date_gmt":"2018-10-09T21:06:18","guid":{"rendered":"https:\/\/www.askja-on-tour.ch\/?p=236"},"modified":"2018-10-18T21:03:40","modified_gmt":"2018-10-18T21:03:40","slug":"merida-nach-el-rocio","status":"publish","type":"post","link":"https:\/\/www.askja-on-tour.ch\/?p=236","title":{"rendered":"Dienstag, 9.10.2018: Von M\u00e9rida nach El Rocio"},"content":{"rendered":"<p>Am Morgen haben wir das r\u00f6mische Theater in M\u00e9rida besichtigt. Absolut lohnend &#8211; wir haben noch nie so eine tolle Ausgrabung gesehen. Entsprechend ist auch die Ausbeute an Fotos, die Norbert gemacht hat, sehr gross. Hier in diesem Blog sind nur einige Handy-Fotos von mir zu sehen.<\/p>\n<p><img loading=\"lazy\" decoding=\"async\" class=\"alignnone size-medium wp-image-245\" src=\"https:\/\/www.askja-on-tour.ch\/wp-content\/uploads\/2018\/10\/Spanien-008-1024x768.jpg\" alt=\"\" width=\"1024\" height=\"768\" srcset=\"https:\/\/www.askja-on-tour.ch\/wp-content\/uploads\/2018\/10\/Spanien-008-1024x768.jpg 1024w, https:\/\/www.askja-on-tour.ch\/wp-content\/uploads\/2018\/10\/Spanien-008-768x576.jpg 768w, https:\/\/www.askja-on-tour.ch\/wp-content\/uploads\/2018\/10\/Spanien-008.jpg 1600w\" sizes=\"auto, (max-width: 1024px) 100vw, 1024px\" \/><\/p>\n<p><img loading=\"lazy\" decoding=\"async\" class=\"alignnone size-medium wp-image-246\" src=\"https:\/\/www.askja-on-tour.ch\/wp-content\/uploads\/2018\/10\/Spanien-009-768x1024.jpg\" alt=\"\" width=\"768\" height=\"1024\" srcset=\"https:\/\/www.askja-on-tour.ch\/wp-content\/uploads\/2018\/10\/Spanien-009-768x1024.jpg 768w, https:\/\/www.askja-on-tour.ch\/wp-content\/uploads\/2018\/10\/Spanien-009.jpg 1200w\" sizes=\"auto, (max-width: 768px) 100vw, 768px\" \/><\/p>\n<p><img loading=\"lazy\" decoding=\"async\" class=\"alignnone size-medium wp-image-247\" src=\"https:\/\/www.askja-on-tour.ch\/wp-content\/uploads\/2018\/10\/Spanien-010-1024x768.jpg\" alt=\"\" width=\"1024\" height=\"768\" srcset=\"https:\/\/www.askja-on-tour.ch\/wp-content\/uploads\/2018\/10\/Spanien-010-1024x768.jpg 1024w, https:\/\/www.askja-on-tour.ch\/wp-content\/uploads\/2018\/10\/Spanien-010-768x576.jpg 768w, https:\/\/www.askja-on-tour.ch\/wp-content\/uploads\/2018\/10\/Spanien-010.jpg 1600w\" sizes=\"auto, (max-width: 1024px) 100vw, 1024px\" \/><\/p>\n<p><img loading=\"lazy\" decoding=\"async\" class=\"alignnone size-medium wp-image-248\" src=\"https:\/\/www.askja-on-tour.ch\/wp-content\/uploads\/2018\/10\/Spanien-011-1024x768.jpg\" alt=\"\" width=\"1024\" height=\"768\" srcset=\"https:\/\/www.askja-on-tour.ch\/wp-content\/uploads\/2018\/10\/Spanien-011-1024x768.jpg 1024w, https:\/\/www.askja-on-tour.ch\/wp-content\/uploads\/2018\/10\/Spanien-011-768x576.jpg 768w, https:\/\/www.askja-on-tour.ch\/wp-content\/uploads\/2018\/10\/Spanien-011.jpg 1600w\" sizes=\"auto, (max-width: 1024px) 100vw, 1024px\" \/><\/p>\n<p><img loading=\"lazy\" decoding=\"async\" class=\"alignnone size-medium wp-image-249\" src=\"https:\/\/www.askja-on-tour.ch\/wp-content\/uploads\/2018\/10\/Spanien-012-768x1024.jpg\" alt=\"\" width=\"768\" height=\"1024\" srcset=\"https:\/\/www.askja-on-tour.ch\/wp-content\/uploads\/2018\/10\/Spanien-012-768x1024.jpg 768w, https:\/\/www.askja-on-tour.ch\/wp-content\/uploads\/2018\/10\/Spanien-012.jpg 1200w\" sizes=\"auto, (max-width: 768px) 100vw, 768px\" \/><\/p>\n<p>Danach fuhren wir auf Nebenstrassen durch die h\u00fcgelige Landschaft nach El Rocio. Die Landschaft zwischen der Extremadura und Andalusien ist sehr unterschiedlich.<\/p>\n<p>El Rocio mutet sehr s\u00fcdamerikanisch an &#8211; alle H\u00e4user sind von Sand umgeben. Vor den H\u00e4usern und Restaurants hat es Balken, an denen die Pferde festgebunden werden.<\/p>\n<p><img loading=\"lazy\" decoding=\"async\" class=\"alignnone size-medium wp-image-251\" src=\"https:\/\/www.askja-on-tour.ch\/wp-content\/uploads\/2018\/10\/Spanien-014-1024x768.jpg\" alt=\"\" width=\"1024\" height=\"768\" srcset=\"https:\/\/www.askja-on-tour.ch\/wp-content\/uploads\/2018\/10\/Spanien-014-1024x768.jpg 1024w, https:\/\/www.askja-on-tour.ch\/wp-content\/uploads\/2018\/10\/Spanien-014-768x576.jpg 768w, https:\/\/www.askja-on-tour.ch\/wp-content\/uploads\/2018\/10\/Spanien-014.jpg 1600w\" sizes=\"auto, (max-width: 1024px) 100vw, 1024px\" \/><\/p>\n<p><img loading=\"lazy\" decoding=\"async\" class=\"alignnone size-medium wp-image-250\" src=\"https:\/\/www.askja-on-tour.ch\/wp-content\/uploads\/2018\/10\/Spanien-013-1024x768.jpg\" alt=\"\" width=\"1024\" height=\"768\" srcset=\"https:\/\/www.askja-on-tour.ch\/wp-content\/uploads\/2018\/10\/Spanien-013-1024x768.jpg 1024w, https:\/\/www.askja-on-tour.ch\/wp-content\/uploads\/2018\/10\/Spanien-013-768x576.jpg 768w, https:\/\/www.askja-on-tour.ch\/wp-content\/uploads\/2018\/10\/Spanien-013.jpg 1600w\" sizes=\"auto, (max-width: 1024px) 100vw, 1024px\" \/><\/p>\n<p>El Rocio ist bekannt wegen dem j\u00e4hrlichen Fest \u00a0der Romas, welches jeweils am letzten Sonntag im April stattfindet. Sie kommen, um die Statue der Jungfrau, in der Kirche &#8222;Iglesia de Nuestra Senora del Rocio&#8220; zusehen. Am folgenden Montag findet dann die Prozession statt, w\u00e4hrend der die Statue getragen wird.<\/p>\n<p><img loading=\"lazy\" decoding=\"async\" class=\"alignnone size-medium wp-image-252\" src=\"https:\/\/www.askja-on-tour.ch\/wp-content\/uploads\/2018\/10\/Spanien-015-768x1024.jpg\" alt=\"\" width=\"768\" height=\"1024\" srcset=\"https:\/\/www.askja-on-tour.ch\/wp-content\/uploads\/2018\/10\/Spanien-015-768x1024.jpg 768w, https:\/\/www.askja-on-tour.ch\/wp-content\/uploads\/2018\/10\/Spanien-015.jpg 1200w\" sizes=\"auto, (max-width: 768px) 100vw, 768px\" \/><\/p>\n<p><img loading=\"lazy\" decoding=\"async\" class=\"alignnone size-medium wp-image-253\" src=\"https:\/\/www.askja-on-tour.ch\/wp-content\/uploads\/2018\/10\/Spanien-016-768x1024.jpg\" alt=\"\" width=\"768\" height=\"1024\" srcset=\"https:\/\/www.askja-on-tour.ch\/wp-content\/uploads\/2018\/10\/Spanien-016-768x1024.jpg 768w, https:\/\/www.askja-on-tour.ch\/wp-content\/uploads\/2018\/10\/Spanien-016.jpg 1200w\" sizes=\"auto, (max-width: 768px) 100vw, 768px\" \/><\/p>\n<p>Nach der Besichtigung von El Rocio sind wir zur\u00fcck und haben ein gutes St\u00fcck Fleisch auf den Grill gelegt.<\/p>\n<p>Und nun &#8211; gehen wir ins Bett, morgen steht ein weiterer Fahrtag bevor &#8211; immer mit Ziel Marokko.<\/p>\n","protected":false},"excerpt":{"rendered":"<p>Am Morgen haben wir das r\u00f6mische Theater in M\u00e9rida besichtigt. Absolut lohnend &#8211; wir haben noch nie so eine tolle Ausgrabung gesehen. Entsprechend ist auch die Ausbeute an Fotos, die Norbert gemacht hat, sehr gross. Hier in diesem Blog sind<\/p>\n","protected":false},"author":3,"featured_media":0,"comment_status":"open","ping_status":"closed","sticky":false,"template":"","format":"standard","meta":{"footnotes":""},"categories":[4,7],"tags":[],"class_list":["post-236","post","type-post","status-publish","format-standard","hentry","category-reiseberichte","category-marokko2018"],"_links":{"self":[{"href":"https:\/\/www.askja-on-tour.ch\/index.php?rest_route=\/wp\/v2\/posts\/236","targetHints":{"allow":["GET"]}}],"collection":[{"href":"https:\/\/www.askja-on-tour.ch\/index.php?rest_route=\/wp\/v2\/posts"}],"about":[{"href":"https:\/\/www.askja-on-tour.ch\/index.php?rest_route=\/wp\/v2\/types\/post"}],"author":[{"embeddable":true,"href":"https:\/\/www.askja-on-tour.ch\/index.php?rest_route=\/wp\/v2\/users\/3"}],"replies":[{"embeddable":true,"href":"https:\/\/www.askja-on-tour.ch\/index.php?rest_route=%2Fwp%2Fv2%2Fcomments&post=236"}],"version-history":[{"count":9,"href":"https:\/\/www.askja-on-tour.ch\/index.php?rest_route=\/wp\/v2\/posts\/236\/revisions"}],"predecessor-version":[{"id":589,"href":"https:\/\/www.askja-on-tour.ch\/index.php?rest_route=\/wp\/v2\/posts\/236\/revisions\/589"}],"wp:attachment":[{"href":"https:\/\/www.askja-on-tour.ch\/index.php?rest_route=%2Fwp%2Fv2%2Fmedia&parent=236"}],"wp:term":[{"taxonomy":"category","embeddable":true,"href":"https:\/\/www.askja-on-tour.ch\/index.php?rest_route=%2Fwp%2Fv2%2Fcategories&post=236"},{"taxonomy":"post_tag","embeddable":true,"href":"https:\/\/www.askja-on-tour.ch\/index.php?rest_route=%2Fwp%2Fv2%2Ftags&post=236"}],"curies":[{"name":"wp","href":"https:\/\/api.w.org\/{rel}","templated":true}]}}