{"id":21397,"date":"2023-04-02T19:18:35","date_gmt":"2023-04-02T19:18:35","guid":{"rendered":"https:\/\/www.askja-on-tour.ch\/?p=21397"},"modified":"2023-04-04T12:51:59","modified_gmt":"2023-04-04T12:51:59","slug":"03-04-2024-windhoek-touri-programm","status":"publish","type":"post","link":"https:\/\/www.askja-on-tour.ch\/?p=21397","title":{"rendered":"02.04.2024: Windhoek-Touri-Programm"},"content":{"rendered":"\n<p>Heute haben wir uns Windhoek angesehen &#8211; mit unserem kleinen Polo-H\u00fcpfer geht es viel einfacher resp. wir m\u00fcssen weniger Bedenken haben, dass sich jemand zu &#8222;eindringlich&#8220; f\u00fcr unser WoMo interessiert. Geparkt haben wir bei der Christuskirche, wo unser Polo von John, einem mehr oder weniger offiziellen Parkw\u00e4chter, bestens bewacht wurde.<\/p>\n<p>Die Christuskirche ist eine von 1907 bis 1910 erbaute Kirche der Windhoeker Gemeinde der Evangelisch-Lutherischen Kirche und gilt als Wahrzeichen der Stadt.<\/p>\n<figure id=\"attachment_21442\" aria-describedby=\"caption-attachment-21442\" style=\"width: 1024px\" class=\"wp-caption alignnone\"><img loading=\"lazy\" decoding=\"async\" class=\"size-medium wp-image-21442\" src=\"https:\/\/www.askja-on-tour.ch\/wp-content\/uploads\/2023\/04\/20230402_Windhoek-001-1024x768.jpg\" alt=\"\" width=\"1024\" height=\"768\" srcset=\"https:\/\/www.askja-on-tour.ch\/wp-content\/uploads\/2023\/04\/20230402_Windhoek-001-1024x768.jpg 1024w, https:\/\/www.askja-on-tour.ch\/wp-content\/uploads\/2023\/04\/20230402_Windhoek-001-1600x1200.jpg 1600w, https:\/\/www.askja-on-tour.ch\/wp-content\/uploads\/2023\/04\/20230402_Windhoek-001-768x576.jpg 768w, https:\/\/www.askja-on-tour.ch\/wp-content\/uploads\/2023\/04\/20230402_Windhoek-001-1536x1152.jpg 1536w, https:\/\/www.askja-on-tour.ch\/wp-content\/uploads\/2023\/04\/20230402_Windhoek-001.jpg 2048w\" sizes=\"auto, (max-width: 1024px) 100vw, 1024px\" \/><figcaption id=\"caption-attachment-21442\" class=\"wp-caption-text\">Christuskirche<\/figcaption><\/figure>\n<p>Danach gingen wir zum Unabh\u00e4ngigkeits-Gedenkmuseum, das direkt gegen\u00fcber der Christuskirche liegt. Ein auff\u00e4lliger, fast monstr\u00f6ser Bau, geplant und gebaut von einem Nordkoreanischen Architekten, das aber auch schon leicht vor sich hin zerf\u00e4llt. Leider war auch das Unabh\u00e4ngigkeits-Gedenkmuseum, wie auch die Christuskirche geschlossen.<\/p>\n<figure id=\"attachment_21444\" aria-describedby=\"caption-attachment-21444\" style=\"width: 768px\" class=\"wp-caption alignnone\"><img loading=\"lazy\" decoding=\"async\" class=\"size-medium wp-image-21444\" src=\"https:\/\/www.askja-on-tour.ch\/wp-content\/uploads\/2023\/04\/20230402_Windhoek-003-768x1024.jpg\" alt=\"\" width=\"768\" height=\"1024\" srcset=\"https:\/\/www.askja-on-tour.ch\/wp-content\/uploads\/2023\/04\/20230402_Windhoek-003-768x1024.jpg 768w, https:\/\/www.askja-on-tour.ch\/wp-content\/uploads\/2023\/04\/20230402_Windhoek-003-1200x1600.jpg 1200w, https:\/\/www.askja-on-tour.ch\/wp-content\/uploads\/2023\/04\/20230402_Windhoek-003-1152x1536.jpg 1152w, https:\/\/www.askja-on-tour.ch\/wp-content\/uploads\/2023\/04\/20230402_Windhoek-003.jpg 1536w\" sizes=\"auto, (max-width: 768px) 100vw, 768px\" \/><figcaption id=\"caption-attachment-21444\" class=\"wp-caption-text\">Unabh\u00e4ngigkeits-Gedenkmuseum<\/figcaption><\/figure>\n<p><img loading=\"lazy\" decoding=\"async\" class=\"alignnone size-medium wp-image-21443\" src=\"https:\/\/www.askja-on-tour.ch\/wp-content\/uploads\/2023\/04\/20230402_Windhoek-002-768x1024.jpg\" alt=\"\" width=\"768\" height=\"1024\" srcset=\"https:\/\/www.askja-on-tour.ch\/wp-content\/uploads\/2023\/04\/20230402_Windhoek-002-768x1024.jpg 768w, https:\/\/www.askja-on-tour.ch\/wp-content\/uploads\/2023\/04\/20230402_Windhoek-002-1200x1600.jpg 1200w, https:\/\/www.askja-on-tour.ch\/wp-content\/uploads\/2023\/04\/20230402_Windhoek-002-1152x1536.jpg 1152w, https:\/\/www.askja-on-tour.ch\/wp-content\/uploads\/2023\/04\/20230402_Windhoek-002.jpg 1536w\" sizes=\"auto, (max-width: 768px) 100vw, 768px\" \/> <img loading=\"lazy\" decoding=\"async\" class=\"alignnone size-medium wp-image-21435\" src=\"https:\/\/www.askja-on-tour.ch\/wp-content\/uploads\/2023\/04\/20230402_Windhoek-010-1024x768.jpg\" alt=\"\" width=\"1024\" height=\"768\" srcset=\"https:\/\/www.askja-on-tour.ch\/wp-content\/uploads\/2023\/04\/20230402_Windhoek-010-1024x768.jpg 1024w, https:\/\/www.askja-on-tour.ch\/wp-content\/uploads\/2023\/04\/20230402_Windhoek-010-1600x1200.jpg 1600w, https:\/\/www.askja-on-tour.ch\/wp-content\/uploads\/2023\/04\/20230402_Windhoek-010-768x576.jpg 768w, https:\/\/www.askja-on-tour.ch\/wp-content\/uploads\/2023\/04\/20230402_Windhoek-010-1536x1152.jpg 1536w, https:\/\/www.askja-on-tour.ch\/wp-content\/uploads\/2023\/04\/20230402_Windhoek-010.jpg 2048w\" sizes=\"auto, (max-width: 1024px) 100vw, 1024px\" \/><\/p>\n<p>Der Lift im Museum zum Restaurant allerdings war offen und so konnten wir von der Restaurant-Terrasse einen sch\u00f6nen Blick auf Windhoek geniessen.<\/p>\n<p><img loading=\"lazy\" decoding=\"async\" class=\"alignnone size-medium wp-image-21441\" src=\"https:\/\/www.askja-on-tour.ch\/wp-content\/uploads\/2023\/04\/20230402_Windhoek-004-1024x768.jpg\" alt=\"\" width=\"1024\" height=\"768\" srcset=\"https:\/\/www.askja-on-tour.ch\/wp-content\/uploads\/2023\/04\/20230402_Windhoek-004-1024x768.jpg 1024w, https:\/\/www.askja-on-tour.ch\/wp-content\/uploads\/2023\/04\/20230402_Windhoek-004-1600x1200.jpg 1600w, https:\/\/www.askja-on-tour.ch\/wp-content\/uploads\/2023\/04\/20230402_Windhoek-004-768x576.jpg 768w, https:\/\/www.askja-on-tour.ch\/wp-content\/uploads\/2023\/04\/20230402_Windhoek-004-1536x1152.jpg 1536w, https:\/\/www.askja-on-tour.ch\/wp-content\/uploads\/2023\/04\/20230402_Windhoek-004.jpg 2048w\" sizes=\"auto, (max-width: 1024px) 100vw, 1024px\" \/> <img loading=\"lazy\" decoding=\"async\" class=\"alignnone size-medium wp-image-21439\" src=\"https:\/\/www.askja-on-tour.ch\/wp-content\/uploads\/2023\/04\/20230402_Windhoek-005-1024x768.jpg\" alt=\"\" width=\"1024\" height=\"768\" srcset=\"https:\/\/www.askja-on-tour.ch\/wp-content\/uploads\/2023\/04\/20230402_Windhoek-005-1024x768.jpg 1024w, https:\/\/www.askja-on-tour.ch\/wp-content\/uploads\/2023\/04\/20230402_Windhoek-005-1600x1200.jpg 1600w, https:\/\/www.askja-on-tour.ch\/wp-content\/uploads\/2023\/04\/20230402_Windhoek-005-768x576.jpg 768w, https:\/\/www.askja-on-tour.ch\/wp-content\/uploads\/2023\/04\/20230402_Windhoek-005-1536x1152.jpg 1536w, https:\/\/www.askja-on-tour.ch\/wp-content\/uploads\/2023\/04\/20230402_Windhoek-005.jpg 2048w\" sizes=\"auto, (max-width: 1024px) 100vw, 1024px\" \/> <img loading=\"lazy\" decoding=\"async\" class=\"alignnone size-medium wp-image-21437\" src=\"https:\/\/www.askja-on-tour.ch\/wp-content\/uploads\/2023\/04\/20230402_Windhoek-009-1024x768.jpg\" alt=\"\" width=\"1024\" height=\"768\" srcset=\"https:\/\/www.askja-on-tour.ch\/wp-content\/uploads\/2023\/04\/20230402_Windhoek-009-1024x768.jpg 1024w, https:\/\/www.askja-on-tour.ch\/wp-content\/uploads\/2023\/04\/20230402_Windhoek-009-1600x1200.jpg 1600w, https:\/\/www.askja-on-tour.ch\/wp-content\/uploads\/2023\/04\/20230402_Windhoek-009-768x576.jpg 768w, https:\/\/www.askja-on-tour.ch\/wp-content\/uploads\/2023\/04\/20230402_Windhoek-009-1536x1152.jpg 1536w, https:\/\/www.askja-on-tour.ch\/wp-content\/uploads\/2023\/04\/20230402_Windhoek-009.jpg 2048w\" sizes=\"auto, (max-width: 1024px) 100vw, 1024px\" \/> <img loading=\"lazy\" decoding=\"async\" class=\"alignnone size-medium wp-image-21436\" src=\"https:\/\/www.askja-on-tour.ch\/wp-content\/uploads\/2023\/04\/20230402_Windhoek-008-1024x768.jpg\" alt=\"\" width=\"1024\" height=\"768\" srcset=\"https:\/\/www.askja-on-tour.ch\/wp-content\/uploads\/2023\/04\/20230402_Windhoek-008-1024x768.jpg 1024w, https:\/\/www.askja-on-tour.ch\/wp-content\/uploads\/2023\/04\/20230402_Windhoek-008-1600x1200.jpg 1600w, https:\/\/www.askja-on-tour.ch\/wp-content\/uploads\/2023\/04\/20230402_Windhoek-008-768x576.jpg 768w, https:\/\/www.askja-on-tour.ch\/wp-content\/uploads\/2023\/04\/20230402_Windhoek-008-1536x1152.jpg 1536w, https:\/\/www.askja-on-tour.ch\/wp-content\/uploads\/2023\/04\/20230402_Windhoek-008.jpg 2048w\" sizes=\"auto, (max-width: 1024px) 100vw, 1024px\" \/><\/p>\n<figure id=\"attachment_21438\" aria-describedby=\"caption-attachment-21438\" style=\"width: 1024px\" class=\"wp-caption alignnone\"><img loading=\"lazy\" decoding=\"async\" class=\"size-medium wp-image-21438\" src=\"https:\/\/www.askja-on-tour.ch\/wp-content\/uploads\/2023\/04\/20230402_Windhoek-007-1024x768.jpg\" alt=\"\" width=\"1024\" height=\"768\" srcset=\"https:\/\/www.askja-on-tour.ch\/wp-content\/uploads\/2023\/04\/20230402_Windhoek-007-1024x768.jpg 1024w, https:\/\/www.askja-on-tour.ch\/wp-content\/uploads\/2023\/04\/20230402_Windhoek-007-1600x1200.jpg 1600w, https:\/\/www.askja-on-tour.ch\/wp-content\/uploads\/2023\/04\/20230402_Windhoek-007-768x576.jpg 768w, https:\/\/www.askja-on-tour.ch\/wp-content\/uploads\/2023\/04\/20230402_Windhoek-007-1536x1152.jpg 1536w, https:\/\/www.askja-on-tour.ch\/wp-content\/uploads\/2023\/04\/20230402_Windhoek-007.jpg 2048w\" sizes=\"auto, (max-width: 1024px) 100vw, 1024px\" \/><figcaption id=\"caption-attachment-21438\" class=\"wp-caption-text\">Blick auf die &#8222;Alte Feste&#8220; und das Reiterdenkmal<\/figcaption><\/figure>\n<p>Das Unabh\u00e4ngigkeits-Gedenkmuseum wird durch zwei Statuen flankiert. Eine Statue beim Treppenaufgang zum Museum zeigt Gr\u00fcndungspr\u00e4sident Sam Nujoma mit der Verfassung Namibias in der Hand, eine andere zeigt ein Ehepaar, das symbolisch Ketten sprengt. Diese Statue soll an den V\u00f6lkermord von 1904 erinnern (der V\u00f6lkermord an den Herero und Nama geschah w\u00e4hrend und nach der Niederschlagung von Aufst\u00e4nden der Herero und Nama gegen die deutsche Kolonialmacht in der Kolonie Deutsch-S\u00fcdwestafrika, heutiges Namibia, w\u00e4hrend der Jahre 1904 bis 1908). Diese Statue wurde vor der &#8222;Alten Feste&#8220; errichtet, am Platz des Reiterdenkmals, das in den Hof der &#8222;Alten Feste&#8220; gez\u00fcgelt wurde.<\/p>\n<p><img loading=\"lazy\" decoding=\"async\" class=\"alignnone size-medium wp-image-21434\" src=\"https:\/\/www.askja-on-tour.ch\/wp-content\/uploads\/2023\/04\/20230402_Windhoek-014-768x1024.jpg\" alt=\"\" width=\"768\" height=\"1024\" srcset=\"https:\/\/www.askja-on-tour.ch\/wp-content\/uploads\/2023\/04\/20230402_Windhoek-014-768x1024.jpg 768w, https:\/\/www.askja-on-tour.ch\/wp-content\/uploads\/2023\/04\/20230402_Windhoek-014-1200x1600.jpg 1200w, https:\/\/www.askja-on-tour.ch\/wp-content\/uploads\/2023\/04\/20230402_Windhoek-014-1152x1536.jpg 1152w, https:\/\/www.askja-on-tour.ch\/wp-content\/uploads\/2023\/04\/20230402_Windhoek-014.jpg 1536w\" sizes=\"auto, (max-width: 768px) 100vw, 768px\" \/> <img loading=\"lazy\" decoding=\"async\" class=\"alignnone size-medium wp-image-21431\" src=\"https:\/\/www.askja-on-tour.ch\/wp-content\/uploads\/2023\/04\/20230402_Windhoek-018-768x1024.jpg\" alt=\"\" width=\"768\" height=\"1024\" srcset=\"https:\/\/www.askja-on-tour.ch\/wp-content\/uploads\/2023\/04\/20230402_Windhoek-018-768x1024.jpg 768w, https:\/\/www.askja-on-tour.ch\/wp-content\/uploads\/2023\/04\/20230402_Windhoek-018-1200x1600.jpg 1200w, https:\/\/www.askja-on-tour.ch\/wp-content\/uploads\/2023\/04\/20230402_Windhoek-018-1152x1536.jpg 1152w, https:\/\/www.askja-on-tour.ch\/wp-content\/uploads\/2023\/04\/20230402_Windhoek-018.jpg 1536w\" sizes=\"auto, (max-width: 768px) 100vw, 768px\" \/><\/p>\n<p><img loading=\"lazy\" decoding=\"async\" class=\"alignnone size-medium wp-image-21440\" src=\"https:\/\/www.askja-on-tour.ch\/wp-content\/uploads\/2023\/04\/20230402_Windhoek-006-1024x768.jpg\" alt=\"\" width=\"1024\" height=\"768\" srcset=\"https:\/\/www.askja-on-tour.ch\/wp-content\/uploads\/2023\/04\/20230402_Windhoek-006-1024x768.jpg 1024w, https:\/\/www.askja-on-tour.ch\/wp-content\/uploads\/2023\/04\/20230402_Windhoek-006-1600x1200.jpg 1600w, https:\/\/www.askja-on-tour.ch\/wp-content\/uploads\/2023\/04\/20230402_Windhoek-006-768x576.jpg 768w, https:\/\/www.askja-on-tour.ch\/wp-content\/uploads\/2023\/04\/20230402_Windhoek-006-1536x1152.jpg 1536w, https:\/\/www.askja-on-tour.ch\/wp-content\/uploads\/2023\/04\/20230402_Windhoek-006.jpg 2048w\" sizes=\"auto, (max-width: 1024px) 100vw, 1024px\" \/><\/p>\n<p><img loading=\"lazy\" decoding=\"async\" class=\"alignnone size-medium wp-image-21433\" src=\"https:\/\/www.askja-on-tour.ch\/wp-content\/uploads\/2023\/04\/20230402_Windhoek-015-1024x768.jpg\" alt=\"\" width=\"1024\" height=\"768\" srcset=\"https:\/\/www.askja-on-tour.ch\/wp-content\/uploads\/2023\/04\/20230402_Windhoek-015-1024x768.jpg 1024w, https:\/\/www.askja-on-tour.ch\/wp-content\/uploads\/2023\/04\/20230402_Windhoek-015-1600x1200.jpg 1600w, https:\/\/www.askja-on-tour.ch\/wp-content\/uploads\/2023\/04\/20230402_Windhoek-015-768x576.jpg 768w, https:\/\/www.askja-on-tour.ch\/wp-content\/uploads\/2023\/04\/20230402_Windhoek-015-1536x1152.jpg 1536w, https:\/\/www.askja-on-tour.ch\/wp-content\/uploads\/2023\/04\/20230402_Windhoek-015.jpg 2048w\" sizes=\"auto, (max-width: 1024px) 100vw, 1024px\" \/> <img loading=\"lazy\" decoding=\"async\" class=\"alignnone size-medium wp-image-21432\" src=\"https:\/\/www.askja-on-tour.ch\/wp-content\/uploads\/2023\/04\/20230402_Windhoek-016-1024x768.jpg\" alt=\"\" width=\"1024\" height=\"768\" srcset=\"https:\/\/www.askja-on-tour.ch\/wp-content\/uploads\/2023\/04\/20230402_Windhoek-016-1024x768.jpg 1024w, https:\/\/www.askja-on-tour.ch\/wp-content\/uploads\/2023\/04\/20230402_Windhoek-016-1600x1200.jpg 1600w, https:\/\/www.askja-on-tour.ch\/wp-content\/uploads\/2023\/04\/20230402_Windhoek-016-768x576.jpg 768w, https:\/\/www.askja-on-tour.ch\/wp-content\/uploads\/2023\/04\/20230402_Windhoek-016-1536x1152.jpg 1536w, https:\/\/www.askja-on-tour.ch\/wp-content\/uploads\/2023\/04\/20230402_Windhoek-016.jpg 2048w\" sizes=\"auto, (max-width: 1024px) 100vw, 1024px\" \/><\/p>\n<p>Anschliessend sind wir weitermarschiert und haben uns die verschiedenen Geb\u00e4ude aus der Kolonialzeit angesehen. So durfte u.a. auch der Tintenpalast nicht fehlen. Der Tintenpalast gilt als typisches Beispiel eigenst\u00e4ndiger deutscher Kolonialarchitektur. In diesem Geb\u00e4ude war die deutsche Kolonialverwaltung untergebracht. In Anspielung auf \u201edie zahlreichen Schreiberlinge und ihren hohen Tintenverbrauch\u201c nannte die deutsche Bev\u00f6lkerung das Geb\u00e4ude sp\u00f6ttisch \u201eTintenpalast\u201c. Heute ist der Tintenpalast der Sitz des Unterhauses des Parlaments von Namibia, der Nationalversammlung.\u00a0<\/p>\n<p><img loading=\"lazy\" decoding=\"async\" class=\"alignnone size-medium wp-image-21430\" src=\"https:\/\/www.askja-on-tour.ch\/wp-content\/uploads\/2023\/04\/20230402_Windhoek-019-1024x768.jpg\" alt=\"\" width=\"1024\" height=\"768\" srcset=\"https:\/\/www.askja-on-tour.ch\/wp-content\/uploads\/2023\/04\/20230402_Windhoek-019-1024x768.jpg 1024w, https:\/\/www.askja-on-tour.ch\/wp-content\/uploads\/2023\/04\/20230402_Windhoek-019-1600x1200.jpg 1600w, https:\/\/www.askja-on-tour.ch\/wp-content\/uploads\/2023\/04\/20230402_Windhoek-019-768x576.jpg 768w, https:\/\/www.askja-on-tour.ch\/wp-content\/uploads\/2023\/04\/20230402_Windhoek-019-1536x1152.jpg 1536w, https:\/\/www.askja-on-tour.ch\/wp-content\/uploads\/2023\/04\/20230402_Windhoek-019.jpg 2048w\" sizes=\"auto, (max-width: 1024px) 100vw, 1024px\" \/> <img loading=\"lazy\" decoding=\"async\" class=\"alignnone size-medium wp-image-21429\" src=\"https:\/\/www.askja-on-tour.ch\/wp-content\/uploads\/2023\/04\/20230402_Windhoek-020-1024x768.jpg\" alt=\"\" width=\"1024\" height=\"768\" srcset=\"https:\/\/www.askja-on-tour.ch\/wp-content\/uploads\/2023\/04\/20230402_Windhoek-020-1024x768.jpg 1024w, https:\/\/www.askja-on-tour.ch\/wp-content\/uploads\/2023\/04\/20230402_Windhoek-020-1600x1200.jpg 1600w, https:\/\/www.askja-on-tour.ch\/wp-content\/uploads\/2023\/04\/20230402_Windhoek-020-768x576.jpg 768w, https:\/\/www.askja-on-tour.ch\/wp-content\/uploads\/2023\/04\/20230402_Windhoek-020-1536x1152.jpg 1536w, https:\/\/www.askja-on-tour.ch\/wp-content\/uploads\/2023\/04\/20230402_Windhoek-020.jpg 2048w\" sizes=\"auto, (max-width: 1024px) 100vw, 1024px\" \/><\/p>\n<figure id=\"attachment_21428\" aria-describedby=\"caption-attachment-21428\" style=\"width: 1024px\" class=\"wp-caption alignnone\"><img loading=\"lazy\" decoding=\"async\" class=\"size-medium wp-image-21428\" src=\"https:\/\/www.askja-on-tour.ch\/wp-content\/uploads\/2023\/04\/20230402_Windhoek-022-1024x768.jpg\" alt=\"\" width=\"1024\" height=\"768\" srcset=\"https:\/\/www.askja-on-tour.ch\/wp-content\/uploads\/2023\/04\/20230402_Windhoek-022-1024x768.jpg 1024w, https:\/\/www.askja-on-tour.ch\/wp-content\/uploads\/2023\/04\/20230402_Windhoek-022-1600x1200.jpg 1600w, https:\/\/www.askja-on-tour.ch\/wp-content\/uploads\/2023\/04\/20230402_Windhoek-022-768x576.jpg 768w, https:\/\/www.askja-on-tour.ch\/wp-content\/uploads\/2023\/04\/20230402_Windhoek-022-1536x1152.jpg 1536w, https:\/\/www.askja-on-tour.ch\/wp-content\/uploads\/2023\/04\/20230402_Windhoek-022.jpg 2048w\" sizes=\"auto, (max-width: 1024px) 100vw, 1024px\" \/><figcaption id=\"caption-attachment-21428\" class=\"wp-caption-text\">Blick auf die Christuskirche vom gross angelegten Garten des Tintenpalasts aus.<\/figcaption><\/figure>\n<p><img loading=\"lazy\" decoding=\"async\" class=\"alignnone size-medium wp-image-21427\" src=\"https:\/\/www.askja-on-tour.ch\/wp-content\/uploads\/2023\/04\/20230402_Windhoek-021-1024x768.jpg\" alt=\"\" width=\"1024\" height=\"768\" srcset=\"https:\/\/www.askja-on-tour.ch\/wp-content\/uploads\/2023\/04\/20230402_Windhoek-021-1024x768.jpg 1024w, https:\/\/www.askja-on-tour.ch\/wp-content\/uploads\/2023\/04\/20230402_Windhoek-021-1600x1200.jpg 1600w, https:\/\/www.askja-on-tour.ch\/wp-content\/uploads\/2023\/04\/20230402_Windhoek-021-768x576.jpg 768w, https:\/\/www.askja-on-tour.ch\/wp-content\/uploads\/2023\/04\/20230402_Windhoek-021-1536x1152.jpg 1536w, https:\/\/www.askja-on-tour.ch\/wp-content\/uploads\/2023\/04\/20230402_Windhoek-021.jpg 2048w\" sizes=\"auto, (max-width: 1024px) 100vw, 1024px\" \/><\/p>\n<figure id=\"attachment_21426\" aria-describedby=\"caption-attachment-21426\" style=\"width: 1024px\" class=\"wp-caption alignnone\"><img loading=\"lazy\" decoding=\"async\" class=\"size-medium wp-image-21426\" src=\"https:\/\/www.askja-on-tour.ch\/wp-content\/uploads\/2023\/04\/20230402_Windhoek-023-1024x768.jpg\" alt=\"\" width=\"1024\" height=\"768\" srcset=\"https:\/\/www.askja-on-tour.ch\/wp-content\/uploads\/2023\/04\/20230402_Windhoek-023-1024x768.jpg 1024w, https:\/\/www.askja-on-tour.ch\/wp-content\/uploads\/2023\/04\/20230402_Windhoek-023-1600x1200.jpg 1600w, https:\/\/www.askja-on-tour.ch\/wp-content\/uploads\/2023\/04\/20230402_Windhoek-023-768x576.jpg 768w, https:\/\/www.askja-on-tour.ch\/wp-content\/uploads\/2023\/04\/20230402_Windhoek-023-1536x1152.jpg 1536w, https:\/\/www.askja-on-tour.ch\/wp-content\/uploads\/2023\/04\/20230402_Windhoek-023.jpg 2048w\" sizes=\"auto, (max-width: 1024px) 100vw, 1024px\" \/><figcaption id=\"caption-attachment-21426\" class=\"wp-caption-text\">Der Tintenpalast<\/figcaption><\/figure>\n<figure id=\"attachment_21424\" aria-describedby=\"caption-attachment-21424\" style=\"width: 1024px\" class=\"wp-caption alignnone\"><img loading=\"lazy\" decoding=\"async\" class=\"size-medium wp-image-21424\" src=\"https:\/\/www.askja-on-tour.ch\/wp-content\/uploads\/2023\/04\/20230402_Windhoek-026-1024x768.jpg\" alt=\"\" width=\"1024\" height=\"768\" srcset=\"https:\/\/www.askja-on-tour.ch\/wp-content\/uploads\/2023\/04\/20230402_Windhoek-026-1024x768.jpg 1024w, https:\/\/www.askja-on-tour.ch\/wp-content\/uploads\/2023\/04\/20230402_Windhoek-026-1600x1200.jpg 1600w, https:\/\/www.askja-on-tour.ch\/wp-content\/uploads\/2023\/04\/20230402_Windhoek-026-768x576.jpg 768w, https:\/\/www.askja-on-tour.ch\/wp-content\/uploads\/2023\/04\/20230402_Windhoek-026-1536x1152.jpg 1536w, https:\/\/www.askja-on-tour.ch\/wp-content\/uploads\/2023\/04\/20230402_Windhoek-026.jpg 2048w\" sizes=\"auto, (max-width: 1024px) 100vw, 1024px\" \/><figcaption id=\"caption-attachment-21424\" class=\"wp-caption-text\">Windhoek Bowling-Club &#8211; aber wohl nicht mehr in Nutzung<\/figcaption><\/figure>\n<p><img loading=\"lazy\" decoding=\"async\" class=\"alignnone size-medium wp-image-21421\" src=\"https:\/\/www.askja-on-tour.ch\/wp-content\/uploads\/2023\/04\/20230402_Windhoek-029-1024x768.jpg\" alt=\"\" width=\"1024\" height=\"768\" srcset=\"https:\/\/www.askja-on-tour.ch\/wp-content\/uploads\/2023\/04\/20230402_Windhoek-029-1024x768.jpg 1024w, https:\/\/www.askja-on-tour.ch\/wp-content\/uploads\/2023\/04\/20230402_Windhoek-029-1600x1200.jpg 1600w, https:\/\/www.askja-on-tour.ch\/wp-content\/uploads\/2023\/04\/20230402_Windhoek-029-768x576.jpg 768w, https:\/\/www.askja-on-tour.ch\/wp-content\/uploads\/2023\/04\/20230402_Windhoek-029-1536x1152.jpg 1536w, https:\/\/www.askja-on-tour.ch\/wp-content\/uploads\/2023\/04\/20230402_Windhoek-029.jpg 2048w\" sizes=\"auto, (max-width: 1024px) 100vw, 1024px\" \/> <img loading=\"lazy\" decoding=\"async\" class=\"alignnone size-medium wp-image-21419\" src=\"https:\/\/www.askja-on-tour.ch\/wp-content\/uploads\/2023\/04\/20230402_Windhoek-032-1024x768.jpg\" alt=\"\" width=\"1024\" height=\"768\" srcset=\"https:\/\/www.askja-on-tour.ch\/wp-content\/uploads\/2023\/04\/20230402_Windhoek-032-1024x768.jpg 1024w, https:\/\/www.askja-on-tour.ch\/wp-content\/uploads\/2023\/04\/20230402_Windhoek-032-1600x1200.jpg 1600w, https:\/\/www.askja-on-tour.ch\/wp-content\/uploads\/2023\/04\/20230402_Windhoek-032-768x576.jpg 768w, https:\/\/www.askja-on-tour.ch\/wp-content\/uploads\/2023\/04\/20230402_Windhoek-032-1536x1152.jpg 1536w, https:\/\/www.askja-on-tour.ch\/wp-content\/uploads\/2023\/04\/20230402_Windhoek-032.jpg 2048w\" sizes=\"auto, (max-width: 1024px) 100vw, 1024px\" \/> <img loading=\"lazy\" decoding=\"async\" class=\"alignnone size-medium wp-image-21418\" src=\"https:\/\/www.askja-on-tour.ch\/wp-content\/uploads\/2023\/04\/20230402_Windhoek-034-1024x768.jpg\" alt=\"\" width=\"1024\" height=\"768\" srcset=\"https:\/\/www.askja-on-tour.ch\/wp-content\/uploads\/2023\/04\/20230402_Windhoek-034-1024x768.jpg 1024w, https:\/\/www.askja-on-tour.ch\/wp-content\/uploads\/2023\/04\/20230402_Windhoek-034-1600x1200.jpg 1600w, https:\/\/www.askja-on-tour.ch\/wp-content\/uploads\/2023\/04\/20230402_Windhoek-034-768x576.jpg 768w, https:\/\/www.askja-on-tour.ch\/wp-content\/uploads\/2023\/04\/20230402_Windhoek-034-1536x1152.jpg 1536w, https:\/\/www.askja-on-tour.ch\/wp-content\/uploads\/2023\/04\/20230402_Windhoek-034.jpg 2048w\" sizes=\"auto, (max-width: 1024px) 100vw, 1024px\" \/> <img loading=\"lazy\" decoding=\"async\" class=\"alignnone size-medium wp-image-21417\" src=\"https:\/\/www.askja-on-tour.ch\/wp-content\/uploads\/2023\/04\/20230402_Windhoek-033-1024x768.jpg\" alt=\"\" width=\"1024\" height=\"768\" srcset=\"https:\/\/www.askja-on-tour.ch\/wp-content\/uploads\/2023\/04\/20230402_Windhoek-033-1024x768.jpg 1024w, https:\/\/www.askja-on-tour.ch\/wp-content\/uploads\/2023\/04\/20230402_Windhoek-033-1600x1200.jpg 1600w, https:\/\/www.askja-on-tour.ch\/wp-content\/uploads\/2023\/04\/20230402_Windhoek-033-768x576.jpg 768w, https:\/\/www.askja-on-tour.ch\/wp-content\/uploads\/2023\/04\/20230402_Windhoek-033-1536x1152.jpg 1536w, https:\/\/www.askja-on-tour.ch\/wp-content\/uploads\/2023\/04\/20230402_Windhoek-033.jpg 2048w\" sizes=\"auto, (max-width: 1024px) 100vw, 1024px\" \/> <img loading=\"lazy\" decoding=\"async\" class=\"alignnone size-medium wp-image-21416\" src=\"https:\/\/www.askja-on-tour.ch\/wp-content\/uploads\/2023\/04\/20230402_Windhoek-035-1024x768.jpg\" alt=\"\" width=\"1024\" height=\"768\" srcset=\"https:\/\/www.askja-on-tour.ch\/wp-content\/uploads\/2023\/04\/20230402_Windhoek-035-1024x768.jpg 1024w, https:\/\/www.askja-on-tour.ch\/wp-content\/uploads\/2023\/04\/20230402_Windhoek-035-1600x1200.jpg 1600w, https:\/\/www.askja-on-tour.ch\/wp-content\/uploads\/2023\/04\/20230402_Windhoek-035-768x576.jpg 768w, https:\/\/www.askja-on-tour.ch\/wp-content\/uploads\/2023\/04\/20230402_Windhoek-035-1536x1152.jpg 1536w, https:\/\/www.askja-on-tour.ch\/wp-content\/uploads\/2023\/04\/20230402_Windhoek-035.jpg 2048w\" sizes=\"auto, (max-width: 1024px) 100vw, 1024px\" \/> <img loading=\"lazy\" decoding=\"async\" class=\"alignnone size-medium wp-image-21414\" src=\"https:\/\/www.askja-on-tour.ch\/wp-content\/uploads\/2023\/04\/20230402_Windhoek-036-1024x768.jpg\" alt=\"\" width=\"1024\" height=\"768\" srcset=\"https:\/\/www.askja-on-tour.ch\/wp-content\/uploads\/2023\/04\/20230402_Windhoek-036-1024x768.jpg 1024w, https:\/\/www.askja-on-tour.ch\/wp-content\/uploads\/2023\/04\/20230402_Windhoek-036-1600x1200.jpg 1600w, https:\/\/www.askja-on-tour.ch\/wp-content\/uploads\/2023\/04\/20230402_Windhoek-036-768x576.jpg 768w, https:\/\/www.askja-on-tour.ch\/wp-content\/uploads\/2023\/04\/20230402_Windhoek-036-1536x1152.jpg 1536w, https:\/\/www.askja-on-tour.ch\/wp-content\/uploads\/2023\/04\/20230402_Windhoek-036.jpg 2048w\" sizes=\"auto, (max-width: 1024px) 100vw, 1024px\" \/> <img loading=\"lazy\" decoding=\"async\" class=\"alignnone size-medium wp-image-21405\" src=\"https:\/\/www.askja-on-tour.ch\/wp-content\/uploads\/2023\/04\/20230402_Windhoek-047-1024x768.jpg\" alt=\"\" width=\"1024\" height=\"768\" srcset=\"https:\/\/www.askja-on-tour.ch\/wp-content\/uploads\/2023\/04\/20230402_Windhoek-047-1024x768.jpg 1024w, https:\/\/www.askja-on-tour.ch\/wp-content\/uploads\/2023\/04\/20230402_Windhoek-047-1600x1200.jpg 1600w, https:\/\/www.askja-on-tour.ch\/wp-content\/uploads\/2023\/04\/20230402_Windhoek-047-768x576.jpg 768w, https:\/\/www.askja-on-tour.ch\/wp-content\/uploads\/2023\/04\/20230402_Windhoek-047-1536x1152.jpg 1536w, https:\/\/www.askja-on-tour.ch\/wp-content\/uploads\/2023\/04\/20230402_Windhoek-047.jpg 2048w\" sizes=\"auto, (max-width: 1024px) 100vw, 1024px\" \/><\/p>\n<p>Danach schlenderten wir weiter und sammelten einige Eindr\u00fccke von Windhoek an einem Sonntag, einschliesslich dem alten Bahnhof, der 1912 erbaut wurde.<\/p>\n<p><img loading=\"lazy\" decoding=\"async\" class=\"alignnone size-medium wp-image-21423\" src=\"https:\/\/www.askja-on-tour.ch\/wp-content\/uploads\/2023\/04\/20230402_Windhoek-027-1024x768.jpg\" alt=\"\" width=\"1024\" height=\"768\" srcset=\"https:\/\/www.askja-on-tour.ch\/wp-content\/uploads\/2023\/04\/20230402_Windhoek-027-1024x768.jpg 1024w, https:\/\/www.askja-on-tour.ch\/wp-content\/uploads\/2023\/04\/20230402_Windhoek-027-1600x1200.jpg 1600w, https:\/\/www.askja-on-tour.ch\/wp-content\/uploads\/2023\/04\/20230402_Windhoek-027-768x576.jpg 768w, https:\/\/www.askja-on-tour.ch\/wp-content\/uploads\/2023\/04\/20230402_Windhoek-027-1536x1152.jpg 1536w, https:\/\/www.askja-on-tour.ch\/wp-content\/uploads\/2023\/04\/20230402_Windhoek-027.jpg 2048w\" sizes=\"auto, (max-width: 1024px) 100vw, 1024px\" \/> <img loading=\"lazy\" decoding=\"async\" class=\"alignnone size-medium wp-image-21422\" src=\"https:\/\/www.askja-on-tour.ch\/wp-content\/uploads\/2023\/04\/20230402_Windhoek-028-1024x768.jpg\" alt=\"\" width=\"1024\" height=\"768\" srcset=\"https:\/\/www.askja-on-tour.ch\/wp-content\/uploads\/2023\/04\/20230402_Windhoek-028-1024x768.jpg 1024w, https:\/\/www.askja-on-tour.ch\/wp-content\/uploads\/2023\/04\/20230402_Windhoek-028-1600x1200.jpg 1600w, https:\/\/www.askja-on-tour.ch\/wp-content\/uploads\/2023\/04\/20230402_Windhoek-028-768x576.jpg 768w, https:\/\/www.askja-on-tour.ch\/wp-content\/uploads\/2023\/04\/20230402_Windhoek-028-1536x1152.jpg 1536w, https:\/\/www.askja-on-tour.ch\/wp-content\/uploads\/2023\/04\/20230402_Windhoek-028.jpg 2048w\" sizes=\"auto, (max-width: 1024px) 100vw, 1024px\" \/> <img loading=\"lazy\" decoding=\"async\" class=\"alignnone size-medium wp-image-21420\" src=\"https:\/\/www.askja-on-tour.ch\/wp-content\/uploads\/2023\/04\/20230402_Windhoek-031-1024x768.jpg\" alt=\"\" width=\"1024\" height=\"768\" srcset=\"https:\/\/www.askja-on-tour.ch\/wp-content\/uploads\/2023\/04\/20230402_Windhoek-031-1024x768.jpg 1024w, https:\/\/www.askja-on-tour.ch\/wp-content\/uploads\/2023\/04\/20230402_Windhoek-031-1600x1200.jpg 1600w, https:\/\/www.askja-on-tour.ch\/wp-content\/uploads\/2023\/04\/20230402_Windhoek-031-768x576.jpg 768w, https:\/\/www.askja-on-tour.ch\/wp-content\/uploads\/2023\/04\/20230402_Windhoek-031-1536x1152.jpg 1536w, https:\/\/www.askja-on-tour.ch\/wp-content\/uploads\/2023\/04\/20230402_Windhoek-031.jpg 2048w\" sizes=\"auto, (max-width: 1024px) 100vw, 1024px\" \/> <img loading=\"lazy\" decoding=\"async\" class=\"alignnone size-medium wp-image-21415\" src=\"https:\/\/www.askja-on-tour.ch\/wp-content\/uploads\/2023\/04\/20230402_Windhoek-037-768x1024.jpg\" alt=\"\" width=\"768\" height=\"1024\" srcset=\"https:\/\/www.askja-on-tour.ch\/wp-content\/uploads\/2023\/04\/20230402_Windhoek-037-768x1024.jpg 768w, https:\/\/www.askja-on-tour.ch\/wp-content\/uploads\/2023\/04\/20230402_Windhoek-037-1200x1600.jpg 1200w, https:\/\/www.askja-on-tour.ch\/wp-content\/uploads\/2023\/04\/20230402_Windhoek-037-1152x1536.jpg 1152w, https:\/\/www.askja-on-tour.ch\/wp-content\/uploads\/2023\/04\/20230402_Windhoek-037.jpg 1536w\" sizes=\"auto, (max-width: 768px) 100vw, 768px\" \/> <img loading=\"lazy\" decoding=\"async\" class=\"alignnone size-medium wp-image-21413\" src=\"https:\/\/www.askja-on-tour.ch\/wp-content\/uploads\/2023\/04\/20230402_Windhoek-039-1024x768.jpg\" alt=\"\" width=\"1024\" height=\"768\" srcset=\"https:\/\/www.askja-on-tour.ch\/wp-content\/uploads\/2023\/04\/20230402_Windhoek-039-1024x768.jpg 1024w, https:\/\/www.askja-on-tour.ch\/wp-content\/uploads\/2023\/04\/20230402_Windhoek-039-1600x1200.jpg 1600w, https:\/\/www.askja-on-tour.ch\/wp-content\/uploads\/2023\/04\/20230402_Windhoek-039-768x576.jpg 768w, https:\/\/www.askja-on-tour.ch\/wp-content\/uploads\/2023\/04\/20230402_Windhoek-039-1536x1152.jpg 1536w, https:\/\/www.askja-on-tour.ch\/wp-content\/uploads\/2023\/04\/20230402_Windhoek-039.jpg 2048w\" sizes=\"auto, (max-width: 1024px) 100vw, 1024px\" \/> <img loading=\"lazy\" decoding=\"async\" class=\"alignnone size-medium wp-image-21412\" src=\"https:\/\/www.askja-on-tour.ch\/wp-content\/uploads\/2023\/04\/20230402_Windhoek-040-1024x768.jpg\" alt=\"\" width=\"1024\" height=\"768\" srcset=\"https:\/\/www.askja-on-tour.ch\/wp-content\/uploads\/2023\/04\/20230402_Windhoek-040-1024x768.jpg 1024w, https:\/\/www.askja-on-tour.ch\/wp-content\/uploads\/2023\/04\/20230402_Windhoek-040-1600x1200.jpg 1600w, https:\/\/www.askja-on-tour.ch\/wp-content\/uploads\/2023\/04\/20230402_Windhoek-040-768x576.jpg 768w, https:\/\/www.askja-on-tour.ch\/wp-content\/uploads\/2023\/04\/20230402_Windhoek-040-1536x1152.jpg 1536w, https:\/\/www.askja-on-tour.ch\/wp-content\/uploads\/2023\/04\/20230402_Windhoek-040.jpg 2048w\" sizes=\"auto, (max-width: 1024px) 100vw, 1024px\" \/> <img loading=\"lazy\" decoding=\"async\" class=\"alignnone size-medium wp-image-21411\" src=\"https:\/\/www.askja-on-tour.ch\/wp-content\/uploads\/2023\/04\/20230402_Windhoek-042-768x1024.jpg\" alt=\"\" width=\"768\" height=\"1024\" srcset=\"https:\/\/www.askja-on-tour.ch\/wp-content\/uploads\/2023\/04\/20230402_Windhoek-042-768x1024.jpg 768w, https:\/\/www.askja-on-tour.ch\/wp-content\/uploads\/2023\/04\/20230402_Windhoek-042-1200x1600.jpg 1200w, https:\/\/www.askja-on-tour.ch\/wp-content\/uploads\/2023\/04\/20230402_Windhoek-042-1152x1536.jpg 1152w, https:\/\/www.askja-on-tour.ch\/wp-content\/uploads\/2023\/04\/20230402_Windhoek-042.jpg 1536w\" sizes=\"auto, (max-width: 768px) 100vw, 768px\" \/> <img loading=\"lazy\" decoding=\"async\" class=\"alignnone size-medium wp-image-21410\" src=\"https:\/\/www.askja-on-tour.ch\/wp-content\/uploads\/2023\/04\/20230402_Windhoek-043-1024x768.jpg\" alt=\"\" width=\"1024\" height=\"768\" srcset=\"https:\/\/www.askja-on-tour.ch\/wp-content\/uploads\/2023\/04\/20230402_Windhoek-043-1024x768.jpg 1024w, https:\/\/www.askja-on-tour.ch\/wp-content\/uploads\/2023\/04\/20230402_Windhoek-043-1600x1200.jpg 1600w, https:\/\/www.askja-on-tour.ch\/wp-content\/uploads\/2023\/04\/20230402_Windhoek-043-768x576.jpg 768w, https:\/\/www.askja-on-tour.ch\/wp-content\/uploads\/2023\/04\/20230402_Windhoek-043-1536x1152.jpg 1536w, https:\/\/www.askja-on-tour.ch\/wp-content\/uploads\/2023\/04\/20230402_Windhoek-043.jpg 2048w\" sizes=\"auto, (max-width: 1024px) 100vw, 1024px\" \/> <img loading=\"lazy\" decoding=\"async\" class=\"alignnone size-medium wp-image-21408\" src=\"https:\/\/www.askja-on-tour.ch\/wp-content\/uploads\/2023\/04\/20230402_Windhoek-044-1024x768.jpg\" alt=\"\" width=\"1024\" height=\"768\" srcset=\"https:\/\/www.askja-on-tour.ch\/wp-content\/uploads\/2023\/04\/20230402_Windhoek-044-1024x768.jpg 1024w, https:\/\/www.askja-on-tour.ch\/wp-content\/uploads\/2023\/04\/20230402_Windhoek-044-1600x1200.jpg 1600w, https:\/\/www.askja-on-tour.ch\/wp-content\/uploads\/2023\/04\/20230402_Windhoek-044-768x576.jpg 768w, https:\/\/www.askja-on-tour.ch\/wp-content\/uploads\/2023\/04\/20230402_Windhoek-044-1536x1152.jpg 1536w, https:\/\/www.askja-on-tour.ch\/wp-content\/uploads\/2023\/04\/20230402_Windhoek-044.jpg 2048w\" sizes=\"auto, (max-width: 1024px) 100vw, 1024px\" \/> <img loading=\"lazy\" decoding=\"async\" class=\"alignnone size-medium wp-image-21407\" src=\"https:\/\/www.askja-on-tour.ch\/wp-content\/uploads\/2023\/04\/20230402_Windhoek-046-1024x768.jpg\" alt=\"\" width=\"1024\" height=\"768\" srcset=\"https:\/\/www.askja-on-tour.ch\/wp-content\/uploads\/2023\/04\/20230402_Windhoek-046-1024x768.jpg 1024w, https:\/\/www.askja-on-tour.ch\/wp-content\/uploads\/2023\/04\/20230402_Windhoek-046-1600x1200.jpg 1600w, https:\/\/www.askja-on-tour.ch\/wp-content\/uploads\/2023\/04\/20230402_Windhoek-046-768x576.jpg 768w, https:\/\/www.askja-on-tour.ch\/wp-content\/uploads\/2023\/04\/20230402_Windhoek-046-1536x1152.jpg 1536w, https:\/\/www.askja-on-tour.ch\/wp-content\/uploads\/2023\/04\/20230402_Windhoek-046.jpg 2048w\" sizes=\"auto, (max-width: 1024px) 100vw, 1024px\" \/><\/p>\n<p>Auf dem R\u00fcckweg sind wir durch einen sch\u00f6nen Park gelaufen, wo viele den sch\u00f6nen Sonntag genossen haben. Wir g\u00f6nnten uns einen Kaffee im &#8222;Zoo-Caf\u00e9&#8220; (wo der Zoo ist, fanden wir aber nicht raus) und beobachteten das Treiben auf dem Rasen.<\/p>\n<figure id=\"attachment_21404\" aria-describedby=\"caption-attachment-21404\" style=\"width: 768px\" class=\"wp-caption alignnone\"><img loading=\"lazy\" decoding=\"async\" class=\"size-medium wp-image-21404\" src=\"https:\/\/www.askja-on-tour.ch\/wp-content\/uploads\/2023\/04\/20230402_Windhoek-050-768x1024.jpg\" alt=\"\" width=\"768\" height=\"1024\" srcset=\"https:\/\/www.askja-on-tour.ch\/wp-content\/uploads\/2023\/04\/20230402_Windhoek-050-768x1024.jpg 768w, https:\/\/www.askja-on-tour.ch\/wp-content\/uploads\/2023\/04\/20230402_Windhoek-050-1200x1600.jpg 1200w, https:\/\/www.askja-on-tour.ch\/wp-content\/uploads\/2023\/04\/20230402_Windhoek-050-1152x1536.jpg 1152w, https:\/\/www.askja-on-tour.ch\/wp-content\/uploads\/2023\/04\/20230402_Windhoek-050.jpg 1536w\" sizes=\"auto, (max-width: 768px) 100vw, 768px\" \/><figcaption id=\"caption-attachment-21404\" class=\"wp-caption-text\">Seifenblasen sind \u00fcberall die Attraktion.<\/figcaption><\/figure>\n<figure id=\"attachment_21403\" aria-describedby=\"caption-attachment-21403\" style=\"width: 1024px\" class=\"wp-caption alignnone\"><img loading=\"lazy\" decoding=\"async\" class=\"size-medium wp-image-21403\" src=\"https:\/\/www.askja-on-tour.ch\/wp-content\/uploads\/2023\/04\/20230402_Windhoek-051-1024x768.jpg\" alt=\"\" width=\"1024\" height=\"768\" srcset=\"https:\/\/www.askja-on-tour.ch\/wp-content\/uploads\/2023\/04\/20230402_Windhoek-051-1024x768.jpg 1024w, https:\/\/www.askja-on-tour.ch\/wp-content\/uploads\/2023\/04\/20230402_Windhoek-051-1600x1200.jpg 1600w, https:\/\/www.askja-on-tour.ch\/wp-content\/uploads\/2023\/04\/20230402_Windhoek-051-768x576.jpg 768w, https:\/\/www.askja-on-tour.ch\/wp-content\/uploads\/2023\/04\/20230402_Windhoek-051-1536x1152.jpg 1536w, https:\/\/www.askja-on-tour.ch\/wp-content\/uploads\/2023\/04\/20230402_Windhoek-051.jpg 2048w\" sizes=\"auto, (max-width: 1024px) 100vw, 1024px\" \/><figcaption id=\"caption-attachment-21403\" class=\"wp-caption-text\">Eine Kinder-Geburtstagsparty mit entsprechender Geburtstagstorte<\/figcaption><\/figure>\n<figure id=\"attachment_21406\" aria-describedby=\"caption-attachment-21406\" style=\"width: 1024px\" class=\"wp-caption alignnone\"><img loading=\"lazy\" decoding=\"async\" class=\"size-medium wp-image-21406\" src=\"https:\/\/www.askja-on-tour.ch\/wp-content\/uploads\/2023\/04\/20230402_Windhoek-048-1024x768.jpg\" alt=\"\" width=\"1024\" height=\"768\" srcset=\"https:\/\/www.askja-on-tour.ch\/wp-content\/uploads\/2023\/04\/20230402_Windhoek-048-1024x768.jpg 1024w, https:\/\/www.askja-on-tour.ch\/wp-content\/uploads\/2023\/04\/20230402_Windhoek-048-1600x1200.jpg 1600w, https:\/\/www.askja-on-tour.ch\/wp-content\/uploads\/2023\/04\/20230402_Windhoek-048-768x576.jpg 768w, https:\/\/www.askja-on-tour.ch\/wp-content\/uploads\/2023\/04\/20230402_Windhoek-048-1536x1152.jpg 1536w, https:\/\/www.askja-on-tour.ch\/wp-content\/uploads\/2023\/04\/20230402_Windhoek-048.jpg 2048w\" sizes=\"auto, (max-width: 1024px) 100vw, 1024px\" \/><figcaption id=\"caption-attachment-21406\" class=\"wp-caption-text\">Ein Albino-Kind. In Afrika werden den K\u00f6rperteilen von Albinos magische Kr\u00e4fte nachgesagt.<\/figcaption><\/figure>\n<p>Nach gut 10 km Stadt-Besichtigung bei 33 Grad fanden wir unseren Polo wohlbeh\u00fctet durch John an der Christuskirche vor.<\/p>\n<p>\u00a0<\/p>\n<p>\u00a0<\/p>\n","protected":false},"excerpt":{"rendered":"<p>Heute haben wir uns Windhoek angesehen &#8211; mit unserem kleinen Polo-H\u00fcpfer geht es viel einfacher resp. wir m\u00fcssen weniger Bedenken haben, dass sich jemand zu &#8222;eindringlich&#8220; f\u00fcr unser WoMo interessiert. Geparkt haben wir bei der Christuskirche, wo unser Polo von<\/p>\n","protected":false},"author":3,"featured_media":0,"comment_status":"open","ping_status":"closed","sticky":false,"template":"","format":"standard","meta":{"footnotes":""},"categories":[39],"tags":[],"class_list":["post-21397","post","type-post","status-publish","format-standard","hentry","category-namibia_2023"],"_links":{"self":[{"href":"https:\/\/www.askja-on-tour.ch\/index.php?rest_route=\/wp\/v2\/posts\/21397","targetHints":{"allow":["GET"]}}],"collection":[{"href":"https:\/\/www.askja-on-tour.ch\/index.php?rest_route=\/wp\/v2\/posts"}],"about":[{"href":"https:\/\/www.askja-on-tour.ch\/index.php?rest_route=\/wp\/v2\/types\/post"}],"author":[{"embeddable":true,"href":"https:\/\/www.askja-on-tour.ch\/index.php?rest_route=\/wp\/v2\/users\/3"}],"replies":[{"embeddable":true,"href":"https:\/\/www.askja-on-tour.ch\/index.php?rest_route=%2Fwp%2Fv2%2Fcomments&post=21397"}],"version-history":[{"count":11,"href":"https:\/\/www.askja-on-tour.ch\/index.php?rest_route=\/wp\/v2\/posts\/21397\/revisions"}],"predecessor-version":[{"id":21452,"href":"https:\/\/www.askja-on-tour.ch\/index.php?rest_route=\/wp\/v2\/posts\/21397\/revisions\/21452"}],"wp:attachment":[{"href":"https:\/\/www.askja-on-tour.ch\/index.php?rest_route=%2Fwp%2Fv2%2Fmedia&parent=21397"}],"wp:term":[{"taxonomy":"category","embeddable":true,"href":"https:\/\/www.askja-on-tour.ch\/index.php?rest_route=%2Fwp%2Fv2%2Fcategories&post=21397"},{"taxonomy":"post_tag","embeddable":true,"href":"https:\/\/www.askja-on-tour.ch\/index.php?rest_route=%2Fwp%2Fv2%2Ftags&post=21397"}],"curies":[{"name":"wp","href":"https:\/\/api.w.org\/{rel}","templated":true}]}}