{"id":21357,"date":"2022-11-20T09:27:44","date_gmt":"2022-11-20T09:27:44","guid":{"rendered":"https:\/\/www.askja-on-tour.ch\/?p=21357"},"modified":"2022-11-20T09:27:45","modified_gmt":"2022-11-20T09:27:45","slug":"14-11-18-11-2022-erfolgreiche-putzete-und-gluecklich-wieder-zu-hause","status":"publish","type":"post","link":"https:\/\/www.askja-on-tour.ch\/?p=21357","title":{"rendered":"14.11. &#8211; 18.11.2022: Erfolgreiche Putzete und gl\u00fccklich wieder zu Hause"},"content":{"rendered":"\n<p>Die letzten Tage haben wir Askja putztechnisch auf Vordermann gebracht. Bei Mercedes war die Aussenreinigung notwendig, sowohl von Staub, Sand und Salz (Saltpans). Wir wussten gar nicht, wie viel Sand sich in einem WoMo ansammeln kann.<\/p>\n<p><img loading=\"lazy\" decoding=\"async\" class=\"alignnone size-medium wp-image-21367\" src=\"https:\/\/www.askja-on-tour.ch\/wp-content\/uploads\/2022\/11\/Waschanlage-768x1024.jpg\" alt=\"\" width=\"768\" height=\"1024\" srcset=\"https:\/\/www.askja-on-tour.ch\/wp-content\/uploads\/2022\/11\/Waschanlage-768x1024.jpg 768w, https:\/\/www.askja-on-tour.ch\/wp-content\/uploads\/2022\/11\/Waschanlage-1200x1600.jpg 1200w, https:\/\/www.askja-on-tour.ch\/wp-content\/uploads\/2022\/11\/Waschanlage-1152x1536.jpg 1152w, https:\/\/www.askja-on-tour.ch\/wp-content\/uploads\/2022\/11\/Waschanlage-rotated.jpg 1512w\" sizes=\"auto, (max-width: 768px) 100vw, 768px\" \/><\/p>\n<p>Wir waren in der Arebbush-Lodge, wo wir erst eine &#8222;Luxury-Capsite&#8220; hatten mit eigener Toilette, Dusche, viel Platz zum alles Ausr\u00e4umen hatten sowie zwei grosse Staur\u00e4ume.<\/p>\n<figure id=\"attachment_21368\" aria-describedby=\"caption-attachment-21368\" style=\"width: 856px\" class=\"wp-caption alignnone\"><img loading=\"lazy\" decoding=\"async\" class=\"size-medium wp-image-21368\" src=\"https:\/\/www.askja-on-tour.ch\/wp-content\/uploads\/2022\/11\/Verbote-856x1024.jpg\" alt=\"\" width=\"856\" height=\"1024\" srcset=\"https:\/\/www.askja-on-tour.ch\/wp-content\/uploads\/2022\/11\/Verbote-856x1024.jpg 856w, https:\/\/www.askja-on-tour.ch\/wp-content\/uploads\/2022\/11\/Verbote-1337x1600.jpg 1337w, https:\/\/www.askja-on-tour.ch\/wp-content\/uploads\/2022\/11\/Verbote-768x919.jpg 768w, https:\/\/www.askja-on-tour.ch\/wp-content\/uploads\/2022\/11\/Verbote-1284x1536.jpg 1284w, https:\/\/www.askja-on-tour.ch\/wp-content\/uploads\/2022\/11\/Verbote-1711x2048.jpg 1711w\" sizes=\"auto, (max-width: 856px) 100vw, 856px\" \/><figcaption id=\"caption-attachment-21368\" class=\"wp-caption-text\">Nachtrag: All diese Hinweise hingen im Urban Camp, wo wir vom 13. auf den 14.11. eine Nach verbrachten (aber gar nicht begeistert waren)<\/figcaption><\/figure>\n<p><img loading=\"lazy\" decoding=\"async\" class=\"alignnone size-medium wp-image-21358\" src=\"https:\/\/www.askja-on-tour.ch\/wp-content\/uploads\/2022\/11\/Arebbusch_CS-1024x768.jpg\" alt=\"\" width=\"1024\" height=\"768\" srcset=\"https:\/\/www.askja-on-tour.ch\/wp-content\/uploads\/2022\/11\/Arebbusch_CS-1024x768.jpg 1024w, https:\/\/www.askja-on-tour.ch\/wp-content\/uploads\/2022\/11\/Arebbusch_CS-1600x1200.jpg 1600w, https:\/\/www.askja-on-tour.ch\/wp-content\/uploads\/2022\/11\/Arebbusch_CS-768x576.jpg 768w, https:\/\/www.askja-on-tour.ch\/wp-content\/uploads\/2022\/11\/Arebbusch_CS-1536x1152.jpg 1536w, https:\/\/www.askja-on-tour.ch\/wp-content\/uploads\/2022\/11\/Arebbusch_CS-2048x1536.jpg 2048w\" sizes=\"auto, (max-width: 1024px) 100vw, 1024px\" \/><\/p>\n<p>F\u00fcr die letzten beiden N\u00e4chte sind wir in ein Chalet gezogen, damit wir alle Tanks leeren und s\u00e4ubern konnten. Da wurde auch unser WoMo direkt daneben geparkt, damit wir am 17.11. nur noch das Gep\u00e4ch einr\u00e4umen und losfahren konnten.<\/p>\n<p><img loading=\"lazy\" decoding=\"async\" class=\"alignnone size-medium wp-image-21366\" src=\"https:\/\/www.askja-on-tour.ch\/wp-content\/uploads\/2022\/11\/Vor-Chalet-1024x768.jpg\" alt=\"\" width=\"1024\" height=\"768\" srcset=\"https:\/\/www.askja-on-tour.ch\/wp-content\/uploads\/2022\/11\/Vor-Chalet-1024x768.jpg 1024w, https:\/\/www.askja-on-tour.ch\/wp-content\/uploads\/2022\/11\/Vor-Chalet-1600x1200.jpg 1600w, https:\/\/www.askja-on-tour.ch\/wp-content\/uploads\/2022\/11\/Vor-Chalet-768x576.jpg 768w, https:\/\/www.askja-on-tour.ch\/wp-content\/uploads\/2022\/11\/Vor-Chalet-1536x1152.jpg 1536w, https:\/\/www.askja-on-tour.ch\/wp-content\/uploads\/2022\/11\/Vor-Chalet.jpg 2016w\" sizes=\"auto, (max-width: 1024px) 100vw, 1024px\" \/><\/p>\n<p>Am 17.11. sind wir fr\u00fchmorgens losgefahren, da wir Askja in der N\u00e4he des Flughafens Windhoek einstellen bis im Fr\u00fchjahr 2023. Der Platz ist gut bewacht und wir hoffen, dass wir dann unser WoMo wieder unversehrt entgegennehmen k\u00f6nnen.<\/p>\n<p><img loading=\"lazy\" decoding=\"async\" class=\"alignnone size-medium wp-image-21362\" src=\"https:\/\/www.askja-on-tour.ch\/wp-content\/uploads\/2022\/11\/Heimkehr-004-1024x768.jpg\" alt=\"\" width=\"1024\" height=\"768\" srcset=\"https:\/\/www.askja-on-tour.ch\/wp-content\/uploads\/2022\/11\/Heimkehr-004-1024x768.jpg 1024w, https:\/\/www.askja-on-tour.ch\/wp-content\/uploads\/2022\/11\/Heimkehr-004-1600x1200.jpg 1600w, https:\/\/www.askja-on-tour.ch\/wp-content\/uploads\/2022\/11\/Heimkehr-004-768x576.jpg 768w, https:\/\/www.askja-on-tour.ch\/wp-content\/uploads\/2022\/11\/Heimkehr-004-1536x1152.jpg 1536w, https:\/\/www.askja-on-tour.ch\/wp-content\/uploads\/2022\/11\/Heimkehr-004-2048x1536.jpg 2048w\" sizes=\"auto, (max-width: 1024px) 100vw, 1024px\" \/> <img loading=\"lazy\" decoding=\"async\" class=\"alignnone size-medium wp-image-21361\" src=\"https:\/\/www.askja-on-tour.ch\/wp-content\/uploads\/2022\/11\/Heimkehr-003-1024x768.jpg\" alt=\"\" width=\"1024\" height=\"768\" srcset=\"https:\/\/www.askja-on-tour.ch\/wp-content\/uploads\/2022\/11\/Heimkehr-003-1024x768.jpg 1024w, https:\/\/www.askja-on-tour.ch\/wp-content\/uploads\/2022\/11\/Heimkehr-003-1600x1200.jpg 1600w, https:\/\/www.askja-on-tour.ch\/wp-content\/uploads\/2022\/11\/Heimkehr-003-768x576.jpg 768w, https:\/\/www.askja-on-tour.ch\/wp-content\/uploads\/2022\/11\/Heimkehr-003-1536x1152.jpg 1536w, https:\/\/www.askja-on-tour.ch\/wp-content\/uploads\/2022\/11\/Heimkehr-003-2048x1536.jpg 2048w\" sizes=\"auto, (max-width: 1024px) 100vw, 1024px\" \/><\/p>\n<p>Nach einer gut 24 st\u00fcndigen Reise sind wir am 18.11. m\u00fcde aber sehr zufrieden in Z\u00fcrich gelandet, wo uns mein Bruder Adrian und Mams abgeholt haben. Es war sch\u00f6n, nach <strong>6 Monaten und 10 Tage und 19&#8217;685 gefahrenen Kilometern<\/strong> wieder zu Hause zu sein.<\/p>\n<p>Angekommen in Wohlen wurden wir von einem sch\u00f6nen Gesteck von meiner Mutter, vielen K\u00f6stlichkeiten und einer wunderbaren Zeichnung von Marianne und Benno, einem kreativ gedeckten Tisch, der unsere Reise sehr gut zusammenfasst und Glasuntersetzer von Chregi und Toni \u00fcberrascht. Ein tolles Nachhause-Kommen.<\/p>\n<p><img loading=\"lazy\" decoding=\"async\" class=\"alignnone size-medium wp-image-21363\" src=\"https:\/\/www.askja-on-tour.ch\/wp-content\/uploads\/2022\/11\/Mams-768x1024.jpg\" alt=\"\" width=\"768\" height=\"1024\" srcset=\"https:\/\/www.askja-on-tour.ch\/wp-content\/uploads\/2022\/11\/Mams-768x1024.jpg 768w, https:\/\/www.askja-on-tour.ch\/wp-content\/uploads\/2022\/11\/Mams-1200x1600.jpg 1200w, https:\/\/www.askja-on-tour.ch\/wp-content\/uploads\/2022\/11\/Mams-1152x1536.jpg 1152w, https:\/\/www.askja-on-tour.ch\/wp-content\/uploads\/2022\/11\/Mams-rotated.jpg 1512w\" sizes=\"auto, (max-width: 768px) 100vw, 768px\" \/><\/p>\n<figure id=\"attachment_21364\" aria-describedby=\"caption-attachment-21364\" style=\"width: 768px\" class=\"wp-caption alignnone\"><img loading=\"lazy\" decoding=\"async\" class=\"size-medium wp-image-21364\" src=\"https:\/\/www.askja-on-tour.ch\/wp-content\/uploads\/2022\/11\/Marianne-768x1024.jpg\" alt=\"\" width=\"768\" height=\"1024\" srcset=\"https:\/\/www.askja-on-tour.ch\/wp-content\/uploads\/2022\/11\/Marianne-768x1024.jpg 768w, https:\/\/www.askja-on-tour.ch\/wp-content\/uploads\/2022\/11\/Marianne-1200x1600.jpg 1200w, https:\/\/www.askja-on-tour.ch\/wp-content\/uploads\/2022\/11\/Marianne-1152x1536.jpg 1152w, https:\/\/www.askja-on-tour.ch\/wp-content\/uploads\/2022\/11\/Marianne-rotated.jpg 1512w\" sizes=\"auto, (max-width: 768px) 100vw, 768px\" \/><figcaption id=\"caption-attachment-21364\" class=\"wp-caption-text\">Die meisten Sachen haben wir schon verputzt \ud83d\ude42<\/figcaption><\/figure>\n<p><img loading=\"lazy\" decoding=\"async\" class=\"alignnone size-medium wp-image-21359\" src=\"https:\/\/www.askja-on-tour.ch\/wp-content\/uploads\/2022\/11\/Benno-1024x768.jpg\" alt=\"\" width=\"1024\" height=\"768\" srcset=\"https:\/\/www.askja-on-tour.ch\/wp-content\/uploads\/2022\/11\/Benno-1024x768.jpg 1024w, https:\/\/www.askja-on-tour.ch\/wp-content\/uploads\/2022\/11\/Benno-1600x1200.jpg 1600w, https:\/\/www.askja-on-tour.ch\/wp-content\/uploads\/2022\/11\/Benno-768x576.jpg 768w, https:\/\/www.askja-on-tour.ch\/wp-content\/uploads\/2022\/11\/Benno-1536x1152.jpg 1536w, https:\/\/www.askja-on-tour.ch\/wp-content\/uploads\/2022\/11\/Benno.jpg 2016w\" sizes=\"auto, (max-width: 1024px) 100vw, 1024px\" \/> <img loading=\"lazy\" decoding=\"async\" class=\"alignnone size-medium wp-image-21360\" src=\"https:\/\/www.askja-on-tour.ch\/wp-content\/uploads\/2022\/11\/Heidi-768x1024.jpg\" alt=\"\" width=\"768\" height=\"1024\" srcset=\"https:\/\/www.askja-on-tour.ch\/wp-content\/uploads\/2022\/11\/Heidi-768x1024.jpg 768w, https:\/\/www.askja-on-tour.ch\/wp-content\/uploads\/2022\/11\/Heidi-1200x1600.jpg 1200w, https:\/\/www.askja-on-tour.ch\/wp-content\/uploads\/2022\/11\/Heidi-1152x1536.jpg 1152w, https:\/\/www.askja-on-tour.ch\/wp-content\/uploads\/2022\/11\/Heidi-rotated.jpg 1512w\" sizes=\"auto, (max-width: 768px) 100vw, 768px\" \/> <img loading=\"lazy\" decoding=\"async\" class=\"alignnone size-medium wp-image-21365\" src=\"https:\/\/www.askja-on-tour.ch\/wp-content\/uploads\/2022\/11\/Toni-768x1024.jpg\" alt=\"\" width=\"768\" height=\"1024\" srcset=\"https:\/\/www.askja-on-tour.ch\/wp-content\/uploads\/2022\/11\/Toni-768x1024.jpg 768w, https:\/\/www.askja-on-tour.ch\/wp-content\/uploads\/2022\/11\/Toni-1200x1600.jpg 1200w, https:\/\/www.askja-on-tour.ch\/wp-content\/uploads\/2022\/11\/Toni-1152x1536.jpg 1152w, https:\/\/www.askja-on-tour.ch\/wp-content\/uploads\/2022\/11\/Toni-rotated.jpg 1512w\" sizes=\"auto, (max-width: 768px) 100vw, 768px\" \/>\u00a0<\/p>\n<p>Wir w\u00fcnschen allen wundersch\u00f6ne Feiertage, bliibed gsond ond bes im 2023 weder, wenn unsere Reise weitergeht &#8230;.<\/p>\n<p>\u00a0<\/p>\n","protected":false},"excerpt":{"rendered":"<p>Die letzten Tage haben wir Askja putztechnisch auf Vordermann gebracht. Bei Mercedes war die Aussenreinigung notwendig, sowohl von Staub, Sand und Salz (Saltpans). Wir wussten gar nicht, wie viel Sand sich in einem WoMo ansammeln kann. Wir waren in der<\/p>\n","protected":false},"author":3,"featured_media":0,"comment_status":"open","ping_status":"closed","sticky":false,"template":"","format":"standard","meta":{"footnotes":""},"categories":[37,29],"tags":[],"class_list":["post-21357","post","type-post","status-publish","format-standard","hentry","category-namibia","category-afrika2022"],"_links":{"self":[{"href":"https:\/\/www.askja-on-tour.ch\/index.php?rest_route=\/wp\/v2\/posts\/21357","targetHints":{"allow":["GET"]}}],"collection":[{"href":"https:\/\/www.askja-on-tour.ch\/index.php?rest_route=\/wp\/v2\/posts"}],"about":[{"href":"https:\/\/www.askja-on-tour.ch\/index.php?rest_route=\/wp\/v2\/types\/post"}],"author":[{"embeddable":true,"href":"https:\/\/www.askja-on-tour.ch\/index.php?rest_route=\/wp\/v2\/users\/3"}],"replies":[{"embeddable":true,"href":"https:\/\/www.askja-on-tour.ch\/index.php?rest_route=%2Fwp%2Fv2%2Fcomments&post=21357"}],"version-history":[{"count":1,"href":"https:\/\/www.askja-on-tour.ch\/index.php?rest_route=\/wp\/v2\/posts\/21357\/revisions"}],"predecessor-version":[{"id":21369,"href":"https:\/\/www.askja-on-tour.ch\/index.php?rest_route=\/wp\/v2\/posts\/21357\/revisions\/21369"}],"wp:attachment":[{"href":"https:\/\/www.askja-on-tour.ch\/index.php?rest_route=%2Fwp%2Fv2%2Fmedia&parent=21357"}],"wp:term":[{"taxonomy":"category","embeddable":true,"href":"https:\/\/www.askja-on-tour.ch\/index.php?rest_route=%2Fwp%2Fv2%2Fcategories&post=21357"},{"taxonomy":"post_tag","embeddable":true,"href":"https:\/\/www.askja-on-tour.ch\/index.php?rest_route=%2Fwp%2Fv2%2Ftags&post=21357"}],"curies":[{"name":"wp","href":"https:\/\/api.w.org\/{rel}","templated":true}]}}