{"id":18699,"date":"2022-06-05T19:34:22","date_gmt":"2022-06-05T19:34:22","guid":{"rendered":"https:\/\/www.askja-on-tour.ch\/?p=18699"},"modified":"2022-06-05T19:40:18","modified_gmt":"2022-06-05T19:40:18","slug":"05-06-2022-graaff-reinet-zum-zweiten-valley-of-desolation-zum-ersten-und-mount-zebra-nationalpark-zum-abschluss","status":"publish","type":"post","link":"https:\/\/www.askja-on-tour.ch\/?p=18699","title":{"rendered":"05.06.2022: Graaff-Reinet zum zweiten, Valley of Desolation zum ersten und Mount Zebra Nationalpark zum Abschluss"},"content":{"rendered":"\n<p>Wir haben wunderbar geschlafen &#8211; alles im Schutze von hermetsich abgeriegelter und bewachter Lodge, mitten in Graaff-Reinet. Man beachte den Stacheldraht \u00fcber dem Grill und das Stahltor am Eingang zum Campingplatz.\u00a0 Es ist hier \u00fcberall so &#8211; wir m\u00f6chten hier nicht leben.<\/p>\n<p><img loading=\"lazy\" decoding=\"async\" class=\"alignnone size-medium wp-image-18703\" src=\"https:\/\/www.askja-on-tour.ch\/wp-content\/uploads\/2022\/06\/20220605_Mountain_Zebra_Tag1-001-1024x768.jpg\" alt=\"\" width=\"1024\" height=\"768\" srcset=\"https:\/\/www.askja-on-tour.ch\/wp-content\/uploads\/2022\/06\/20220605_Mountain_Zebra_Tag1-001-1024x768.jpg 1024w, https:\/\/www.askja-on-tour.ch\/wp-content\/uploads\/2022\/06\/20220605_Mountain_Zebra_Tag1-001-768x576.jpg 768w, https:\/\/www.askja-on-tour.ch\/wp-content\/uploads\/2022\/06\/20220605_Mountain_Zebra_Tag1-001-1536x1152.jpg 1536w, https:\/\/www.askja-on-tour.ch\/wp-content\/uploads\/2022\/06\/20220605_Mountain_Zebra_Tag1-001.jpg 1600w\" sizes=\"auto, (max-width: 1024px) 100vw, 1024px\" \/> <img loading=\"lazy\" decoding=\"async\" class=\"alignnone size-medium wp-image-18704\" src=\"https:\/\/www.askja-on-tour.ch\/wp-content\/uploads\/2022\/06\/20220605_Mountain_Zebra_Tag1-002-1024x768.jpg\" alt=\"\" width=\"1024\" height=\"768\" srcset=\"https:\/\/www.askja-on-tour.ch\/wp-content\/uploads\/2022\/06\/20220605_Mountain_Zebra_Tag1-002-1024x768.jpg 1024w, https:\/\/www.askja-on-tour.ch\/wp-content\/uploads\/2022\/06\/20220605_Mountain_Zebra_Tag1-002-768x576.jpg 768w, https:\/\/www.askja-on-tour.ch\/wp-content\/uploads\/2022\/06\/20220605_Mountain_Zebra_Tag1-002-1536x1152.jpg 1536w, https:\/\/www.askja-on-tour.ch\/wp-content\/uploads\/2022\/06\/20220605_Mountain_Zebra_Tag1-002.jpg 1600w\" sizes=\"auto, (max-width: 1024px) 100vw, 1024px\" \/><\/p>\n<p><img loading=\"lazy\" decoding=\"async\" class=\"alignnone size-medium wp-image-18705\" src=\"https:\/\/www.askja-on-tour.ch\/wp-content\/uploads\/2022\/06\/20220605_Mountain_Zebra_Tag1-003-1024x768.jpg\" alt=\"\" width=\"1024\" height=\"768\" srcset=\"https:\/\/www.askja-on-tour.ch\/wp-content\/uploads\/2022\/06\/20220605_Mountain_Zebra_Tag1-003-1024x768.jpg 1024w, https:\/\/www.askja-on-tour.ch\/wp-content\/uploads\/2022\/06\/20220605_Mountain_Zebra_Tag1-003-768x576.jpg 768w, https:\/\/www.askja-on-tour.ch\/wp-content\/uploads\/2022\/06\/20220605_Mountain_Zebra_Tag1-003-1536x1152.jpg 1536w, https:\/\/www.askja-on-tour.ch\/wp-content\/uploads\/2022\/06\/20220605_Mountain_Zebra_Tag1-003.jpg 1600w\" sizes=\"auto, (max-width: 1024px) 100vw, 1024px\" \/><\/p>\n<p>Heute Morgen setzten wir unsere Tour durch Graaf-Reinet fort &#8211; wir wollten noch die weiteren Strassenz\u00fcge mit den kapholl\u00e4ndischen Geb\u00e4uden ansehen.<\/p>\n<p><img loading=\"lazy\" decoding=\"async\" class=\"alignnone size-medium wp-image-18707\" src=\"https:\/\/www.askja-on-tour.ch\/wp-content\/uploads\/2022\/06\/20220605_Mountain_Zebra_Tag1-005-1024x768.jpg\" alt=\"\" width=\"1024\" height=\"768\" srcset=\"https:\/\/www.askja-on-tour.ch\/wp-content\/uploads\/2022\/06\/20220605_Mountain_Zebra_Tag1-005-1024x768.jpg 1024w, https:\/\/www.askja-on-tour.ch\/wp-content\/uploads\/2022\/06\/20220605_Mountain_Zebra_Tag1-005-768x576.jpg 768w, https:\/\/www.askja-on-tour.ch\/wp-content\/uploads\/2022\/06\/20220605_Mountain_Zebra_Tag1-005-1536x1152.jpg 1536w, https:\/\/www.askja-on-tour.ch\/wp-content\/uploads\/2022\/06\/20220605_Mountain_Zebra_Tag1-005.jpg 1600w\" sizes=\"auto, (max-width: 1024px) 100vw, 1024px\" \/> <img loading=\"lazy\" decoding=\"async\" class=\"alignnone size-medium wp-image-18710\" src=\"https:\/\/www.askja-on-tour.ch\/wp-content\/uploads\/2022\/06\/20220605_Mountain_Zebra_Tag1-008-768x1024.jpg\" alt=\"\" width=\"768\" height=\"1024\" srcset=\"https:\/\/www.askja-on-tour.ch\/wp-content\/uploads\/2022\/06\/20220605_Mountain_Zebra_Tag1-008-768x1024.jpg 768w, https:\/\/www.askja-on-tour.ch\/wp-content\/uploads\/2022\/06\/20220605_Mountain_Zebra_Tag1-008-1152x1536.jpg 1152w, https:\/\/www.askja-on-tour.ch\/wp-content\/uploads\/2022\/06\/20220605_Mountain_Zebra_Tag1-008.jpg 1200w\" sizes=\"auto, (max-width: 768px) 100vw, 768px\" \/> <img loading=\"lazy\" decoding=\"async\" class=\"alignnone size-medium wp-image-18711\" src=\"https:\/\/www.askja-on-tour.ch\/wp-content\/uploads\/2022\/06\/20220605_Mountain_Zebra_Tag1-009-1024x768.jpg\" alt=\"\" width=\"1024\" height=\"768\" srcset=\"https:\/\/www.askja-on-tour.ch\/wp-content\/uploads\/2022\/06\/20220605_Mountain_Zebra_Tag1-009-1024x768.jpg 1024w, https:\/\/www.askja-on-tour.ch\/wp-content\/uploads\/2022\/06\/20220605_Mountain_Zebra_Tag1-009-768x576.jpg 768w, https:\/\/www.askja-on-tour.ch\/wp-content\/uploads\/2022\/06\/20220605_Mountain_Zebra_Tag1-009-1536x1152.jpg 1536w, https:\/\/www.askja-on-tour.ch\/wp-content\/uploads\/2022\/06\/20220605_Mountain_Zebra_Tag1-009.jpg 1600w\" sizes=\"auto, (max-width: 1024px) 100vw, 1024px\" \/> <img loading=\"lazy\" decoding=\"async\" class=\"alignnone size-medium wp-image-18712\" src=\"https:\/\/www.askja-on-tour.ch\/wp-content\/uploads\/2022\/06\/20220605_Mountain_Zebra_Tag1-010-1024x768.jpg\" alt=\"\" width=\"1024\" height=\"768\" srcset=\"https:\/\/www.askja-on-tour.ch\/wp-content\/uploads\/2022\/06\/20220605_Mountain_Zebra_Tag1-010-1024x768.jpg 1024w, https:\/\/www.askja-on-tour.ch\/wp-content\/uploads\/2022\/06\/20220605_Mountain_Zebra_Tag1-010-768x576.jpg 768w, https:\/\/www.askja-on-tour.ch\/wp-content\/uploads\/2022\/06\/20220605_Mountain_Zebra_Tag1-010-1536x1152.jpg 1536w, https:\/\/www.askja-on-tour.ch\/wp-content\/uploads\/2022\/06\/20220605_Mountain_Zebra_Tag1-010.jpg 1600w\" sizes=\"auto, (max-width: 1024px) 100vw, 1024px\" \/> <img loading=\"lazy\" decoding=\"async\" class=\"alignnone size-medium wp-image-18714\" src=\"https:\/\/www.askja-on-tour.ch\/wp-content\/uploads\/2022\/06\/20220605_Mountain_Zebra_Tag1-012-1024x768.jpg\" alt=\"\" width=\"1024\" height=\"768\" srcset=\"https:\/\/www.askja-on-tour.ch\/wp-content\/uploads\/2022\/06\/20220605_Mountain_Zebra_Tag1-012-1024x768.jpg 1024w, https:\/\/www.askja-on-tour.ch\/wp-content\/uploads\/2022\/06\/20220605_Mountain_Zebra_Tag1-012-768x576.jpg 768w, https:\/\/www.askja-on-tour.ch\/wp-content\/uploads\/2022\/06\/20220605_Mountain_Zebra_Tag1-012-1536x1152.jpg 1536w, https:\/\/www.askja-on-tour.ch\/wp-content\/uploads\/2022\/06\/20220605_Mountain_Zebra_Tag1-012.jpg 1600w\" sizes=\"auto, (max-width: 1024px) 100vw, 1024px\" \/> <img loading=\"lazy\" decoding=\"async\" class=\"alignnone size-medium wp-image-18715\" src=\"https:\/\/www.askja-on-tour.ch\/wp-content\/uploads\/2022\/06\/20220605_Mountain_Zebra_Tag1-013-1024x768.jpg\" alt=\"\" width=\"1024\" height=\"768\" srcset=\"https:\/\/www.askja-on-tour.ch\/wp-content\/uploads\/2022\/06\/20220605_Mountain_Zebra_Tag1-013-1024x768.jpg 1024w, https:\/\/www.askja-on-tour.ch\/wp-content\/uploads\/2022\/06\/20220605_Mountain_Zebra_Tag1-013-768x576.jpg 768w, https:\/\/www.askja-on-tour.ch\/wp-content\/uploads\/2022\/06\/20220605_Mountain_Zebra_Tag1-013-1536x1152.jpg 1536w, https:\/\/www.askja-on-tour.ch\/wp-content\/uploads\/2022\/06\/20220605_Mountain_Zebra_Tag1-013.jpg 1600w\" sizes=\"auto, (max-width: 1024px) 100vw, 1024px\" \/> <img loading=\"lazy\" decoding=\"async\" class=\"alignnone size-medium wp-image-18717\" src=\"https:\/\/www.askja-on-tour.ch\/wp-content\/uploads\/2022\/06\/20220605_Mountain_Zebra_Tag1-015-1024x768.jpg\" alt=\"\" width=\"1024\" height=\"768\" srcset=\"https:\/\/www.askja-on-tour.ch\/wp-content\/uploads\/2022\/06\/20220605_Mountain_Zebra_Tag1-015-1024x768.jpg 1024w, https:\/\/www.askja-on-tour.ch\/wp-content\/uploads\/2022\/06\/20220605_Mountain_Zebra_Tag1-015-768x576.jpg 768w, https:\/\/www.askja-on-tour.ch\/wp-content\/uploads\/2022\/06\/20220605_Mountain_Zebra_Tag1-015-1536x1152.jpg 1536w, https:\/\/www.askja-on-tour.ch\/wp-content\/uploads\/2022\/06\/20220605_Mountain_Zebra_Tag1-015.jpg 1600w\" sizes=\"auto, (max-width: 1024px) 100vw, 1024px\" \/> <img loading=\"lazy\" decoding=\"async\" class=\"alignnone size-medium wp-image-18718\" src=\"https:\/\/www.askja-on-tour.ch\/wp-content\/uploads\/2022\/06\/20220605_Mountain_Zebra_Tag1-016-1024x768.jpg\" alt=\"\" width=\"1024\" height=\"768\" srcset=\"https:\/\/www.askja-on-tour.ch\/wp-content\/uploads\/2022\/06\/20220605_Mountain_Zebra_Tag1-016-1024x768.jpg 1024w, https:\/\/www.askja-on-tour.ch\/wp-content\/uploads\/2022\/06\/20220605_Mountain_Zebra_Tag1-016-768x576.jpg 768w, https:\/\/www.askja-on-tour.ch\/wp-content\/uploads\/2022\/06\/20220605_Mountain_Zebra_Tag1-016-1536x1152.jpg 1536w, https:\/\/www.askja-on-tour.ch\/wp-content\/uploads\/2022\/06\/20220605_Mountain_Zebra_Tag1-016.jpg 1600w\" sizes=\"auto, (max-width: 1024px) 100vw, 1024px\" \/> <img loading=\"lazy\" decoding=\"async\" class=\"alignnone size-medium wp-image-18720\" src=\"https:\/\/www.askja-on-tour.ch\/wp-content\/uploads\/2022\/06\/20220605_Mountain_Zebra_Tag1-018-1024x768.jpg\" alt=\"\" width=\"1024\" height=\"768\" srcset=\"https:\/\/www.askja-on-tour.ch\/wp-content\/uploads\/2022\/06\/20220605_Mountain_Zebra_Tag1-018-1024x768.jpg 1024w, https:\/\/www.askja-on-tour.ch\/wp-content\/uploads\/2022\/06\/20220605_Mountain_Zebra_Tag1-018-768x576.jpg 768w, https:\/\/www.askja-on-tour.ch\/wp-content\/uploads\/2022\/06\/20220605_Mountain_Zebra_Tag1-018-1536x1152.jpg 1536w, https:\/\/www.askja-on-tour.ch\/wp-content\/uploads\/2022\/06\/20220605_Mountain_Zebra_Tag1-018.jpg 1600w\" sizes=\"auto, (max-width: 1024px) 100vw, 1024px\" \/> <img loading=\"lazy\" decoding=\"async\" class=\"alignnone size-medium wp-image-18721\" src=\"https:\/\/www.askja-on-tour.ch\/wp-content\/uploads\/2022\/06\/20220605_Mountain_Zebra_Tag1-019-768x1024.jpg\" alt=\"\" width=\"768\" height=\"1024\" srcset=\"https:\/\/www.askja-on-tour.ch\/wp-content\/uploads\/2022\/06\/20220605_Mountain_Zebra_Tag1-019-768x1024.jpg 768w, https:\/\/www.askja-on-tour.ch\/wp-content\/uploads\/2022\/06\/20220605_Mountain_Zebra_Tag1-019-1152x1536.jpg 1152w, https:\/\/www.askja-on-tour.ch\/wp-content\/uploads\/2022\/06\/20220605_Mountain_Zebra_Tag1-019.jpg 1200w\" sizes=\"auto, (max-width: 768px) 100vw, 768px\" \/> <img loading=\"lazy\" decoding=\"async\" class=\"alignnone size-medium wp-image-18723\" src=\"https:\/\/www.askja-on-tour.ch\/wp-content\/uploads\/2022\/06\/20220605_Mountain_Zebra_Tag1-021-1024x768.jpg\" alt=\"\" width=\"1024\" height=\"768\" srcset=\"https:\/\/www.askja-on-tour.ch\/wp-content\/uploads\/2022\/06\/20220605_Mountain_Zebra_Tag1-021-1024x768.jpg 1024w, https:\/\/www.askja-on-tour.ch\/wp-content\/uploads\/2022\/06\/20220605_Mountain_Zebra_Tag1-021-768x576.jpg 768w, https:\/\/www.askja-on-tour.ch\/wp-content\/uploads\/2022\/06\/20220605_Mountain_Zebra_Tag1-021-1536x1152.jpg 1536w, https:\/\/www.askja-on-tour.ch\/wp-content\/uploads\/2022\/06\/20220605_Mountain_Zebra_Tag1-021.jpg 1600w\" sizes=\"auto, (max-width: 1024px) 100vw, 1024px\" \/> <img loading=\"lazy\" decoding=\"async\" class=\"alignnone size-medium wp-image-18724\" src=\"https:\/\/www.askja-on-tour.ch\/wp-content\/uploads\/2022\/06\/20220605_Mountain_Zebra_Tag1-022-768x1024.jpg\" alt=\"\" width=\"768\" height=\"1024\" srcset=\"https:\/\/www.askja-on-tour.ch\/wp-content\/uploads\/2022\/06\/20220605_Mountain_Zebra_Tag1-022-768x1024.jpg 768w, https:\/\/www.askja-on-tour.ch\/wp-content\/uploads\/2022\/06\/20220605_Mountain_Zebra_Tag1-022-1152x1536.jpg 1152w, https:\/\/www.askja-on-tour.ch\/wp-content\/uploads\/2022\/06\/20220605_Mountain_Zebra_Tag1-022.jpg 1200w\" sizes=\"auto, (max-width: 768px) 100vw, 768px\" \/><\/p>\n<p>Danach sind wir z\u00fcgig ins Vallei of Desolation (Tal der Verw\u00fcstung) gefahren. Der Namen ist f\u00fcr uns absolut nicht schl\u00fcssig, denn es ist ein traumanftes Tal im Cambdeboo-Nationalpark, direkt bei Graaff-Reinett. Es sind einmalige Felsformationen, die vor \u00fcber 100 Mio. Jahren durch vulkanische Aktivit\u00e4ten entstanden sind.<\/p>\n<p><img loading=\"lazy\" decoding=\"async\" class=\"alignnone size-medium wp-image-18727\" src=\"https:\/\/www.askja-on-tour.ch\/wp-content\/uploads\/2022\/06\/20220605_Mountain_Zebra_Tag1-025-1024x768.jpg\" alt=\"\" width=\"1024\" height=\"768\" srcset=\"https:\/\/www.askja-on-tour.ch\/wp-content\/uploads\/2022\/06\/20220605_Mountain_Zebra_Tag1-025-1024x768.jpg 1024w, https:\/\/www.askja-on-tour.ch\/wp-content\/uploads\/2022\/06\/20220605_Mountain_Zebra_Tag1-025-768x576.jpg 768w, https:\/\/www.askja-on-tour.ch\/wp-content\/uploads\/2022\/06\/20220605_Mountain_Zebra_Tag1-025-1536x1152.jpg 1536w, https:\/\/www.askja-on-tour.ch\/wp-content\/uploads\/2022\/06\/20220605_Mountain_Zebra_Tag1-025.jpg 1600w\" sizes=\"auto, (max-width: 1024px) 100vw, 1024px\" \/> <img loading=\"lazy\" decoding=\"async\" class=\"alignnone size-medium wp-image-18729\" src=\"https:\/\/www.askja-on-tour.ch\/wp-content\/uploads\/2022\/06\/20220605_Mountain_Zebra_Tag1-027-1024x768.jpg\" alt=\"\" width=\"1024\" height=\"768\" srcset=\"https:\/\/www.askja-on-tour.ch\/wp-content\/uploads\/2022\/06\/20220605_Mountain_Zebra_Tag1-027-1024x768.jpg 1024w, https:\/\/www.askja-on-tour.ch\/wp-content\/uploads\/2022\/06\/20220605_Mountain_Zebra_Tag1-027-768x576.jpg 768w, https:\/\/www.askja-on-tour.ch\/wp-content\/uploads\/2022\/06\/20220605_Mountain_Zebra_Tag1-027-1536x1152.jpg 1536w, https:\/\/www.askja-on-tour.ch\/wp-content\/uploads\/2022\/06\/20220605_Mountain_Zebra_Tag1-027.jpg 1600w\" sizes=\"auto, (max-width: 1024px) 100vw, 1024px\" \/> <img loading=\"lazy\" decoding=\"async\" class=\"alignnone size-medium wp-image-18730\" src=\"https:\/\/www.askja-on-tour.ch\/wp-content\/uploads\/2022\/06\/20220605_Mountain_Zebra_Tag1-028-1024x768.jpg\" alt=\"\" width=\"1024\" height=\"768\" srcset=\"https:\/\/www.askja-on-tour.ch\/wp-content\/uploads\/2022\/06\/20220605_Mountain_Zebra_Tag1-028-1024x768.jpg 1024w, https:\/\/www.askja-on-tour.ch\/wp-content\/uploads\/2022\/06\/20220605_Mountain_Zebra_Tag1-028-768x576.jpg 768w, https:\/\/www.askja-on-tour.ch\/wp-content\/uploads\/2022\/06\/20220605_Mountain_Zebra_Tag1-028-1536x1152.jpg 1536w, https:\/\/www.askja-on-tour.ch\/wp-content\/uploads\/2022\/06\/20220605_Mountain_Zebra_Tag1-028.jpg 1600w\" sizes=\"auto, (max-width: 1024px) 100vw, 1024px\" \/> <img loading=\"lazy\" decoding=\"async\" class=\"alignnone size-medium wp-image-18731\" src=\"https:\/\/www.askja-on-tour.ch\/wp-content\/uploads\/2022\/06\/20220605_Mountain_Zebra_Tag1-029-768x1024.jpg\" alt=\"\" width=\"768\" height=\"1024\" srcset=\"https:\/\/www.askja-on-tour.ch\/wp-content\/uploads\/2022\/06\/20220605_Mountain_Zebra_Tag1-029-768x1024.jpg 768w, https:\/\/www.askja-on-tour.ch\/wp-content\/uploads\/2022\/06\/20220605_Mountain_Zebra_Tag1-029-1152x1536.jpg 1152w, https:\/\/www.askja-on-tour.ch\/wp-content\/uploads\/2022\/06\/20220605_Mountain_Zebra_Tag1-029.jpg 1200w\" sizes=\"auto, (max-width: 768px) 100vw, 768px\" \/> <img loading=\"lazy\" decoding=\"async\" class=\"alignnone size-medium wp-image-18733\" src=\"https:\/\/www.askja-on-tour.ch\/wp-content\/uploads\/2022\/06\/20220605_Mountain_Zebra_Tag1-031-768x1024.jpg\" alt=\"\" width=\"768\" height=\"1024\" srcset=\"https:\/\/www.askja-on-tour.ch\/wp-content\/uploads\/2022\/06\/20220605_Mountain_Zebra_Tag1-031-768x1024.jpg 768w, https:\/\/www.askja-on-tour.ch\/wp-content\/uploads\/2022\/06\/20220605_Mountain_Zebra_Tag1-031-1152x1536.jpg 1152w, https:\/\/www.askja-on-tour.ch\/wp-content\/uploads\/2022\/06\/20220605_Mountain_Zebra_Tag1-031.jpg 1200w\" sizes=\"auto, (max-width: 768px) 100vw, 768px\" \/> <img loading=\"lazy\" decoding=\"async\" class=\"alignnone size-medium wp-image-18734\" src=\"https:\/\/www.askja-on-tour.ch\/wp-content\/uploads\/2022\/06\/20220605_Mountain_Zebra_Tag1-032-768x1024.jpg\" alt=\"\" width=\"768\" height=\"1024\" srcset=\"https:\/\/www.askja-on-tour.ch\/wp-content\/uploads\/2022\/06\/20220605_Mountain_Zebra_Tag1-032-768x1024.jpg 768w, https:\/\/www.askja-on-tour.ch\/wp-content\/uploads\/2022\/06\/20220605_Mountain_Zebra_Tag1-032-1152x1536.jpg 1152w, https:\/\/www.askja-on-tour.ch\/wp-content\/uploads\/2022\/06\/20220605_Mountain_Zebra_Tag1-032.jpg 1200w\" sizes=\"auto, (max-width: 768px) 100vw, 768px\" \/> <img loading=\"lazy\" decoding=\"async\" class=\"alignnone size-medium wp-image-18735\" src=\"https:\/\/www.askja-on-tour.ch\/wp-content\/uploads\/2022\/06\/20220605_Mountain_Zebra_Tag1-033-1024x768.jpg\" alt=\"\" width=\"1024\" height=\"768\" srcset=\"https:\/\/www.askja-on-tour.ch\/wp-content\/uploads\/2022\/06\/20220605_Mountain_Zebra_Tag1-033-1024x768.jpg 1024w, https:\/\/www.askja-on-tour.ch\/wp-content\/uploads\/2022\/06\/20220605_Mountain_Zebra_Tag1-033-768x576.jpg 768w, https:\/\/www.askja-on-tour.ch\/wp-content\/uploads\/2022\/06\/20220605_Mountain_Zebra_Tag1-033-1536x1152.jpg 1536w, https:\/\/www.askja-on-tour.ch\/wp-content\/uploads\/2022\/06\/20220605_Mountain_Zebra_Tag1-033.jpg 1600w\" sizes=\"auto, (max-width: 1024px) 100vw, 1024px\" \/> <img loading=\"lazy\" decoding=\"async\" class=\"alignnone size-medium wp-image-18736\" src=\"https:\/\/www.askja-on-tour.ch\/wp-content\/uploads\/2022\/06\/20220605_Mountain_Zebra_Tag1-034-1024x768.jpg\" alt=\"\" width=\"1024\" height=\"768\" srcset=\"https:\/\/www.askja-on-tour.ch\/wp-content\/uploads\/2022\/06\/20220605_Mountain_Zebra_Tag1-034-1024x768.jpg 1024w, https:\/\/www.askja-on-tour.ch\/wp-content\/uploads\/2022\/06\/20220605_Mountain_Zebra_Tag1-034-768x576.jpg 768w, https:\/\/www.askja-on-tour.ch\/wp-content\/uploads\/2022\/06\/20220605_Mountain_Zebra_Tag1-034-1536x1152.jpg 1536w, https:\/\/www.askja-on-tour.ch\/wp-content\/uploads\/2022\/06\/20220605_Mountain_Zebra_Tag1-034.jpg 1600w\" sizes=\"auto, (max-width: 1024px) 100vw, 1024px\" \/> <img loading=\"lazy\" decoding=\"async\" class=\"alignnone size-medium wp-image-18737\" src=\"https:\/\/www.askja-on-tour.ch\/wp-content\/uploads\/2022\/06\/20220605_Mountain_Zebra_Tag1-035-768x1024.jpg\" alt=\"\" width=\"768\" height=\"1024\" srcset=\"https:\/\/www.askja-on-tour.ch\/wp-content\/uploads\/2022\/06\/20220605_Mountain_Zebra_Tag1-035-768x1024.jpg 768w, https:\/\/www.askja-on-tour.ch\/wp-content\/uploads\/2022\/06\/20220605_Mountain_Zebra_Tag1-035-1152x1536.jpg 1152w, https:\/\/www.askja-on-tour.ch\/wp-content\/uploads\/2022\/06\/20220605_Mountain_Zebra_Tag1-035.jpg 1200w\" sizes=\"auto, (max-width: 768px) 100vw, 768px\" \/> <img loading=\"lazy\" decoding=\"async\" class=\"alignnone size-medium wp-image-18738\" src=\"https:\/\/www.askja-on-tour.ch\/wp-content\/uploads\/2022\/06\/20220605_Mountain_Zebra_Tag1-036-1024x768.jpg\" alt=\"\" width=\"1024\" height=\"768\" srcset=\"https:\/\/www.askja-on-tour.ch\/wp-content\/uploads\/2022\/06\/20220605_Mountain_Zebra_Tag1-036-1024x768.jpg 1024w, https:\/\/www.askja-on-tour.ch\/wp-content\/uploads\/2022\/06\/20220605_Mountain_Zebra_Tag1-036-768x576.jpg 768w, https:\/\/www.askja-on-tour.ch\/wp-content\/uploads\/2022\/06\/20220605_Mountain_Zebra_Tag1-036-1536x1152.jpg 1536w, https:\/\/www.askja-on-tour.ch\/wp-content\/uploads\/2022\/06\/20220605_Mountain_Zebra_Tag1-036.jpg 1600w\" sizes=\"auto, (max-width: 1024px) 100vw, 1024px\" \/><\/p>\n<p>Anschliessend sind wir sind den Mount Zebra Nationalpark gefahren, wo wir die Zeit vergessen haben und fast eine Busse von gut CHF 180 h\u00e4tten bezahlen m\u00fcssen. Wir waren kurz vor Schliessung des Gates um 18.00 Uhr zur\u00fcck. Mehr zu unseren Erlebnissen und Bildern im Blog von Morgen oder \u00dcbermorgen. Das Erdm\u00e4nnchen und die Trappe lassen schon mal gr\u00fcssen.<\/p>\n<p><img loading=\"lazy\" decoding=\"async\" class=\"alignnone size-medium wp-image-18740\" src=\"https:\/\/www.askja-on-tour.ch\/wp-content\/uploads\/2022\/06\/20220605_Mountain_Zebra_Tag1-038-768x1024.jpg\" alt=\"\" width=\"768\" height=\"1024\" srcset=\"https:\/\/www.askja-on-tour.ch\/wp-content\/uploads\/2022\/06\/20220605_Mountain_Zebra_Tag1-038-768x1024.jpg 768w, https:\/\/www.askja-on-tour.ch\/wp-content\/uploads\/2022\/06\/20220605_Mountain_Zebra_Tag1-038-1152x1536.jpg 1152w, https:\/\/www.askja-on-tour.ch\/wp-content\/uploads\/2022\/06\/20220605_Mountain_Zebra_Tag1-038.jpg 1200w\" sizes=\"auto, (max-width: 768px) 100vw, 768px\" \/> <img loading=\"lazy\" decoding=\"async\" class=\"alignnone size-medium wp-image-18739\" src=\"https:\/\/www.askja-on-tour.ch\/wp-content\/uploads\/2022\/06\/20220605_Mountain_Zebra_Tag1-037-1024x768.jpg\" alt=\"\" width=\"1024\" height=\"768\" srcset=\"https:\/\/www.askja-on-tour.ch\/wp-content\/uploads\/2022\/06\/20220605_Mountain_Zebra_Tag1-037-1024x768.jpg 1024w, https:\/\/www.askja-on-tour.ch\/wp-content\/uploads\/2022\/06\/20220605_Mountain_Zebra_Tag1-037-768x576.jpg 768w, https:\/\/www.askja-on-tour.ch\/wp-content\/uploads\/2022\/06\/20220605_Mountain_Zebra_Tag1-037-1536x1152.jpg 1536w, https:\/\/www.askja-on-tour.ch\/wp-content\/uploads\/2022\/06\/20220605_Mountain_Zebra_Tag1-037.jpg 1600w\" sizes=\"auto, (max-width: 1024px) 100vw, 1024px\" \/><\/p>\n<p>\u00a0<\/p>\n<p>\u00a0<\/p>\n<p>\u00a0<\/p>\n\n\n\n<iframe loading=\"lazy\" src=\"https:\/\/www.google.com\/maps\/d\/embed?mid=1BORWJqwxPX-rMQB1Ed6mzGQmf0VIqjI&#038;ehbc=2E312F\" width=\"640\" height=\"480\"><\/iframe>\n","protected":false},"excerpt":{"rendered":"<p>Wir haben wunderbar geschlafen &#8211; alles im Schutze von hermetsich abgeriegelter und bewachter Lodge, mitten in Graaff-Reinet. Man beachte den Stacheldraht \u00fcber dem Grill und das Stahltor am Eingang zum Campingplatz.\u00a0 Es ist hier \u00fcberall so &#8211; wir m\u00f6chten hier<\/p>\n","protected":false},"author":3,"featured_media":0,"comment_status":"open","ping_status":"closed","sticky":false,"template":"","format":"standard","meta":{"footnotes":""},"categories":[30],"tags":[],"class_list":["post-18699","post","type-post","status-publish","format-standard","hentry","category-southafrica_2022"],"_links":{"self":[{"href":"https:\/\/www.askja-on-tour.ch\/index.php?rest_route=\/wp\/v2\/posts\/18699","targetHints":{"allow":["GET"]}}],"collection":[{"href":"https:\/\/www.askja-on-tour.ch\/index.php?rest_route=\/wp\/v2\/posts"}],"about":[{"href":"https:\/\/www.askja-on-tour.ch\/index.php?rest_route=\/wp\/v2\/types\/post"}],"author":[{"embeddable":true,"href":"https:\/\/www.askja-on-tour.ch\/index.php?rest_route=\/wp\/v2\/users\/3"}],"replies":[{"embeddable":true,"href":"https:\/\/www.askja-on-tour.ch\/index.php?rest_route=%2Fwp%2Fv2%2Fcomments&post=18699"}],"version-history":[{"count":6,"href":"https:\/\/www.askja-on-tour.ch\/index.php?rest_route=\/wp\/v2\/posts\/18699\/revisions"}],"predecessor-version":[{"id":18745,"href":"https:\/\/www.askja-on-tour.ch\/index.php?rest_route=\/wp\/v2\/posts\/18699\/revisions\/18745"}],"wp:attachment":[{"href":"https:\/\/www.askja-on-tour.ch\/index.php?rest_route=%2Fwp%2Fv2%2Fmedia&parent=18699"}],"wp:term":[{"taxonomy":"category","embeddable":true,"href":"https:\/\/www.askja-on-tour.ch\/index.php?rest_route=%2Fwp%2Fv2%2Fcategories&post=18699"},{"taxonomy":"post_tag","embeddable":true,"href":"https:\/\/www.askja-on-tour.ch\/index.php?rest_route=%2Fwp%2Fv2%2Ftags&post=18699"}],"curies":[{"name":"wp","href":"https:\/\/api.w.org\/{rel}","templated":true}]}}