{"id":162,"date":"2018-10-05T20:20:35","date_gmt":"2018-10-05T20:20:35","guid":{"rendered":"https:\/\/www.askja-on-tour.ch\/?p=162"},"modified":"2018-10-18T21:00:29","modified_gmt":"2018-10-18T21:00:29","slug":"ein-weiterer-fahrttag-in-die-mitte-spaniens","status":"publish","type":"post","link":"https:\/\/www.askja-on-tour.ch\/?p=162","title":{"rendered":"Freitag, 5.10.2018: Ein weiterer Fahrttag in die Mitte Spaniens"},"content":{"rendered":"<p>Heute stand ein weiterer Fahrttag Richtung unserem Ziel Marokko auf dem Plan. Wir wollen zwar nicht nur von Wohlen nach Tarifa hasten, aber trotzdem m\u00f6chten wir nicht zu viel Zeit in Frankreich und Spanien verbringen. Lieber wollen wir zwei Monate Marokko geniessen. So sind wir heute also weitere 650 km vom gestrigen Stellplatz in Spanien an der nord\u00f6stlichen Grenze zu Frankreich nach Cuenca (\u00f6stlich von Madrid) gefahren.<\/p>\n<p><img loading=\"lazy\" decoding=\"async\" class=\"alignnone size-medium wp-image-159\" src=\"https:\/\/www.askja-on-tour.ch\/wp-content\/uploads\/2018\/10\/image1-1-e1538769813506-768x1024.jpeg\" alt=\"\" width=\"768\" height=\"1024\" srcset=\"https:\/\/www.askja-on-tour.ch\/wp-content\/uploads\/2018\/10\/image1-1-e1538769813506-768x1024.jpeg 768w, https:\/\/www.askja-on-tour.ch\/wp-content\/uploads\/2018\/10\/image1-1-e1538769813506.jpeg 1512w\" sizes=\"auto, (max-width: 768px) 100vw, 768px\" \/><\/p>\n<p>Kilometerweise lange gerade, nahezu endlose Strecken durch abwechslungsreiche Landschaften. Spanien hat einfach seinen besonderen Reiz. Die Baustile wechselten immer wieder. Unser Tagesziel Cuenca liegt im Gebiet der La Mancha. Wundersch\u00f6ne weite Landschaften. Da wir eben nicht viel Zeit hatten und KM abkapseln wollten, ein Foto aus dem fahrenden Auto ;-).<\/p>\n<p><img loading=\"lazy\" decoding=\"async\" class=\"alignnone size-medium wp-image-157\" src=\"https:\/\/www.askja-on-tour.ch\/wp-content\/uploads\/2018\/10\/image2-3-e1538769738356-768x1024.jpeg\" alt=\"\" width=\"768\" height=\"1024\" srcset=\"https:\/\/www.askja-on-tour.ch\/wp-content\/uploads\/2018\/10\/image2-3-e1538769738356-768x1024.jpeg 768w, https:\/\/www.askja-on-tour.ch\/wp-content\/uploads\/2018\/10\/image2-3-e1538769738356.jpeg 1512w\" sizes=\"auto, (max-width: 768px) 100vw, 768px\" \/><\/p>\n<p>Der Camping-Platz ist recht gut, wenn auch die B\u00e4ume sehr niedrig sind. Mag zwar gut sein als Schattenspender, nur f\u00fcr unsere Wagenh\u00f6he von 3.20 m manchmal zu tief. Trotzdem haben wir einen sch\u00f6nen Platz gefunden, wo wir heute Nacht sicher gut schlafen werden.<\/p>\n<p>Morgen wollen wir die Altstadt von Cuenca ansehen, soweit es der Fuss von Norbert m\u00f6glich macht, ehe wir dann weiter fahren. Wohin es uns f\u00fchrt, dann morgen.<\/p>\n<p><img loading=\"lazy\" decoding=\"async\" class=\"alignnone size-medium wp-image-158\" src=\"https:\/\/www.askja-on-tour.ch\/wp-content\/uploads\/2018\/10\/image4-2-e1538769770190-768x1024.jpeg\" alt=\"\" width=\"768\" height=\"1024\" srcset=\"https:\/\/www.askja-on-tour.ch\/wp-content\/uploads\/2018\/10\/image4-2-e1538769770190-768x1024.jpeg 768w, https:\/\/www.askja-on-tour.ch\/wp-content\/uploads\/2018\/10\/image4-2-e1538769770190.jpeg 1512w\" sizes=\"auto, (max-width: 768px) 100vw, 768px\" \/><\/p>\n","protected":false},"excerpt":{"rendered":"<p>Heute stand ein weiterer Fahrttag Richtung unserem Ziel Marokko auf dem Plan. Wir wollen zwar nicht nur von Wohlen nach Tarifa hasten, aber trotzdem m\u00f6chten wir nicht zu viel Zeit in Frankreich und Spanien verbringen. Lieber wollen wir zwei Monate<\/p>\n","protected":false},"author":1,"featured_media":0,"comment_status":"open","ping_status":"closed","sticky":false,"template":"","format":"standard","meta":{"footnotes":""},"categories":[4,7],"tags":[],"class_list":["post-162","post","type-post","status-publish","format-standard","hentry","category-reiseberichte","category-marokko2018"],"_links":{"self":[{"href":"https:\/\/www.askja-on-tour.ch\/index.php?rest_route=\/wp\/v2\/posts\/162","targetHints":{"allow":["GET"]}}],"collection":[{"href":"https:\/\/www.askja-on-tour.ch\/index.php?rest_route=\/wp\/v2\/posts"}],"about":[{"href":"https:\/\/www.askja-on-tour.ch\/index.php?rest_route=\/wp\/v2\/types\/post"}],"author":[{"embeddable":true,"href":"https:\/\/www.askja-on-tour.ch\/index.php?rest_route=\/wp\/v2\/users\/1"}],"replies":[{"embeddable":true,"href":"https:\/\/www.askja-on-tour.ch\/index.php?rest_route=%2Fwp%2Fv2%2Fcomments&post=162"}],"version-history":[{"count":5,"href":"https:\/\/www.askja-on-tour.ch\/index.php?rest_route=\/wp\/v2\/posts\/162\/revisions"}],"predecessor-version":[{"id":583,"href":"https:\/\/www.askja-on-tour.ch\/index.php?rest_route=\/wp\/v2\/posts\/162\/revisions\/583"}],"wp:attachment":[{"href":"https:\/\/www.askja-on-tour.ch\/index.php?rest_route=%2Fwp%2Fv2%2Fmedia&parent=162"}],"wp:term":[{"taxonomy":"category","embeddable":true,"href":"https:\/\/www.askja-on-tour.ch\/index.php?rest_route=%2Fwp%2Fv2%2Fcategories&post=162"},{"taxonomy":"post_tag","embeddable":true,"href":"https:\/\/www.askja-on-tour.ch\/index.php?rest_route=%2Fwp%2Fv2%2Ftags&post=162"}],"curies":[{"name":"wp","href":"https:\/\/api.w.org\/{rel}","templated":true}]}}