{"id":148,"date":"2018-10-04T20:23:42","date_gmt":"2018-10-04T20:23:42","guid":{"rendered":"https:\/\/www.askja-on-tour.ch\/?p=148"},"modified":"2018-10-04T20:24:22","modified_gmt":"2018-10-04T20:24:22","slug":"donnerstag-4-10-18-fahrt-durch-frankreich-nach-spanien","status":"publish","type":"post","link":"https:\/\/www.askja-on-tour.ch\/?p=148","title":{"rendered":"Donnerstag 4.10.18: Fahrt durch Frankreich nach Spanien"},"content":{"rendered":"<p>Am Morgen starten wir fr\u00fch in Nyon und stehen zun\u00e4chst im t\u00e4glichen Stau nach Genf. Danach geht es rasch \u00fcber die Autobahn durch Frankreich nach S\u00fcden. Wenn m\u00f6glich wollen wir in einem Tag bis Spanien zu kommen.<\/p>\n<p>Claudia f\u00e4hrt einen grossen Teil der langen Tagesetappe.<\/p>\n<p><img loading=\"lazy\" decoding=\"async\" class=\"alignnone size-large wp-image-151\" src=\"https:\/\/www.askja-on-tour.ch\/wp-content\/uploads\/2018\/10\/IMG_20181004_152806_resized_20181004_100435513-2048x1536.jpg\" alt=\"\" width=\"750\" height=\"563\" srcset=\"https:\/\/www.askja-on-tour.ch\/wp-content\/uploads\/2018\/10\/IMG_20181004_152806_resized_20181004_100435513-2048x1536.jpg 2048w, https:\/\/www.askja-on-tour.ch\/wp-content\/uploads\/2018\/10\/IMG_20181004_152806_resized_20181004_100435513-1024x768.jpg 1024w, https:\/\/www.askja-on-tour.ch\/wp-content\/uploads\/2018\/10\/IMG_20181004_152806_resized_20181004_100435513-768x576.jpg 768w\" sizes=\"auto, (max-width: 750px) 100vw, 750px\" \/><\/p>\n<p><img loading=\"lazy\" decoding=\"async\" class=\"alignnone size-full wp-image-135\" src=\"https:\/\/www.askja-on-tour.ch\/wp-content\/uploads\/2018\/10\/image1.jpeg\" alt=\"\" width=\"480\" height=\"640\" \/><\/p>\n<p>Frankreich leidet noch immer unter der Trockenheit. Waldbr\u00e4nde sind an der Tagesordnung. Diese werde zwar schnell gel\u00f6scht &#8211; aber Schaden bleibt zur\u00fcck.<img loading=\"lazy\" decoding=\"async\" class=\"alignnone size-large wp-image-141\" src=\"https:\/\/www.askja-on-tour.ch\/wp-content\/uploads\/2018\/10\/image4-e1538683014612-1536x2048.jpeg\" alt=\"\" width=\"750\" height=\"1000\" srcset=\"https:\/\/www.askja-on-tour.ch\/wp-content\/uploads\/2018\/10\/image4-e1538683014612-1536x2048.jpeg 1536w, https:\/\/www.askja-on-tour.ch\/wp-content\/uploads\/2018\/10\/image4-e1538683014612-768x1024.jpeg 768w\" sizes=\"auto, (max-width: 750px) 100vw, 750px\" \/><\/p>\n<p>Rauberittertum, wohin das Auge reicht. Heute sind wir auf 400 km locker CHF 220 los geworden. Da muss keiner \u00fcber unsere Vignette oder SLV klagen. Und die Autobahnen bei uns sind alleweil besser in Schuss.<\/p>\n<p>&nbsp;<\/p>\n<p><img loading=\"lazy\" decoding=\"async\" class=\"alignnone size-full wp-image-143\" src=\"https:\/\/www.askja-on-tour.ch\/wp-content\/uploads\/2018\/10\/image5-e1538682976764.jpeg\" alt=\"\" width=\"480\" height=\"640\" \/> <img loading=\"lazy\" decoding=\"async\" class=\"alignnone size-full wp-image-144\" src=\"https:\/\/www.askja-on-tour.ch\/wp-content\/uploads\/2018\/10\/image6-1.jpeg\" alt=\"\" width=\"480\" height=\"640\" \/> <img loading=\"lazy\" decoding=\"async\" class=\"alignnone size-large wp-image-146\" src=\"https:\/\/www.askja-on-tour.ch\/wp-content\/uploads\/2018\/10\/image7-1-e1538682832756-1536x2048.jpeg\" alt=\"\" width=\"750\" height=\"1000\" srcset=\"https:\/\/www.askja-on-tour.ch\/wp-content\/uploads\/2018\/10\/image7-1-e1538682832756-1536x2048.jpeg 1536w, https:\/\/www.askja-on-tour.ch\/wp-content\/uploads\/2018\/10\/image7-1-e1538682832756-768x1024.jpeg 768w\" sizes=\"auto, (max-width: 750px) 100vw, 750px\" \/><\/p>\n<p>Endlich in Spanien angekommen wird das Foto geschossen. War harte 600 km Arbeit :-).<\/p>\n<p>&nbsp;<\/p>\n<p><img loading=\"lazy\" decoding=\"async\" class=\"alignnone size-large wp-image-147\" src=\"https:\/\/www.askja-on-tour.ch\/wp-content\/uploads\/2018\/10\/image8-e1538682875683-1536x2048.jpeg\" alt=\"\" width=\"750\" height=\"1000\" srcset=\"https:\/\/www.askja-on-tour.ch\/wp-content\/uploads\/2018\/10\/image8-e1538682875683-1536x2048.jpeg 1536w, https:\/\/www.askja-on-tour.ch\/wp-content\/uploads\/2018\/10\/image8-e1538682875683-768x1024.jpeg 768w\" sizes=\"auto, (max-width: 750px) 100vw, 750px\" \/><\/p>\n<p>Nach der sicheren &#8222;Landung&#8220; g\u00f6nnen wir uns einen feinen Gew\u00fcrztraminer aus dem Languedoc. Prost!<\/p>\n<p>&nbsp;<\/p>\n<p>Und nun kommt der Grill-Chef zum Einsatz. Gruss und bis morgen!<\/p>\n<p><img loading=\"lazy\" decoding=\"async\" class=\"alignnone size-full wp-image-138\" src=\"https:\/\/www.askja-on-tour.ch\/wp-content\/uploads\/2018\/10\/image2-e1538683078340.jpeg\" alt=\"\" width=\"480\" height=\"640\" \/><\/p>\n","protected":false},"excerpt":{"rendered":"<p>Am Morgen starten wir fr\u00fch in Nyon und stehen zun\u00e4chst im t\u00e4glichen Stau nach Genf. Danach geht es rasch \u00fcber die Autobahn durch Frankreich nach S\u00fcden. Wenn m\u00f6glich wollen wir in einem Tag bis Spanien zu kommen. Claudia f\u00e4hrt einen<\/p>\n","protected":false},"author":2,"featured_media":0,"comment_status":"closed","ping_status":"closed","sticky":false,"template":"","format":"standard","meta":{"footnotes":""},"categories":[7,1],"tags":[],"class_list":["post-148","post","type-post","status-publish","format-standard","hentry","category-marokko2018","category-uncategorized"],"_links":{"self":[{"href":"https:\/\/www.askja-on-tour.ch\/index.php?rest_route=\/wp\/v2\/posts\/148","targetHints":{"allow":["GET"]}}],"collection":[{"href":"https:\/\/www.askja-on-tour.ch\/index.php?rest_route=\/wp\/v2\/posts"}],"about":[{"href":"https:\/\/www.askja-on-tour.ch\/index.php?rest_route=\/wp\/v2\/types\/post"}],"author":[{"embeddable":true,"href":"https:\/\/www.askja-on-tour.ch\/index.php?rest_route=\/wp\/v2\/users\/2"}],"replies":[{"embeddable":true,"href":"https:\/\/www.askja-on-tour.ch\/index.php?rest_route=%2Fwp%2Fv2%2Fcomments&post=148"}],"version-history":[{"count":4,"href":"https:\/\/www.askja-on-tour.ch\/index.php?rest_route=\/wp\/v2\/posts\/148\/revisions"}],"predecessor-version":[{"id":155,"href":"https:\/\/www.askja-on-tour.ch\/index.php?rest_route=\/wp\/v2\/posts\/148\/revisions\/155"}],"wp:attachment":[{"href":"https:\/\/www.askja-on-tour.ch\/index.php?rest_route=%2Fwp%2Fv2%2Fmedia&parent=148"}],"wp:term":[{"taxonomy":"category","embeddable":true,"href":"https:\/\/www.askja-on-tour.ch\/index.php?rest_route=%2Fwp%2Fv2%2Fcategories&post=148"},{"taxonomy":"post_tag","embeddable":true,"href":"https:\/\/www.askja-on-tour.ch\/index.php?rest_route=%2Fwp%2Fv2%2Ftags&post=148"}],"curies":[{"name":"wp","href":"https:\/\/api.w.org\/{rel}","templated":true}]}}