{"id":14739,"date":"2020-10-11T21:43:27","date_gmt":"2020-10-11T21:43:27","guid":{"rendered":"https:\/\/www.askja-on-tour.ch\/?p=14739"},"modified":"2020-10-11T22:12:07","modified_gmt":"2020-10-11T22:12:07","slug":"30-09-07-10-2020-wir-sind-gut-in-wohlen-angekommen-ab-in-die-quarantaene","status":"publish","type":"post","link":"https:\/\/www.askja-on-tour.ch\/?p=14739","title":{"rendered":"30.09. &#8211; 07.10.2020: Wir sind gut in Wohlen angekommen &#8211; ab in die Quarant\u00e4ne"},"content":{"rendered":"\n<p>Da wir Zeit hatten, sind wir noch kurz am Hafen von Sey\u00f0isfj\u00f6r\u00f0ur entlang gefahren, wo die MS Norr\u00f6na der Smyril-Line schon auf uns wartete, resp. da war.<\/p>\n\n\n\n<figure class=\"wp-block-image size-large\"><img loading=\"lazy\" decoding=\"async\" width=\"1600\" height=\"1200\" src=\"https:\/\/www.askja-on-tour.ch\/wp-content\/uploads\/2020\/10\/Ru\u0308ckfahrt-001-1.jpg\" alt=\"\" class=\"wp-image-14774\" srcset=\"https:\/\/www.askja-on-tour.ch\/wp-content\/uploads\/2020\/10\/Ru\u0308ckfahrt-001-1.jpg 1600w, https:\/\/www.askja-on-tour.ch\/wp-content\/uploads\/2020\/10\/Ru\u0308ckfahrt-001-1-1024x768.jpg 1024w, https:\/\/www.askja-on-tour.ch\/wp-content\/uploads\/2020\/10\/Ru\u0308ckfahrt-001-1-768x576.jpg 768w, https:\/\/www.askja-on-tour.ch\/wp-content\/uploads\/2020\/10\/Ru\u0308ckfahrt-001-1-1536x1152.jpg 1536w\" sizes=\"auto, (max-width: 1600px) 100vw, 1600px\" \/><figcaption>Nein &#8211; dies war nicht unsere F\u00e4hre &#8230;<\/figcaption><\/figure>\n\n\n\n<figure class=\"wp-block-image size-large\"><img loading=\"lazy\" decoding=\"async\" width=\"1600\" height=\"1200\" src=\"https:\/\/www.askja-on-tour.ch\/wp-content\/uploads\/2020\/10\/Ru\u0308ckfahrt-002-1.jpg\" alt=\"\" class=\"wp-image-14775\" srcset=\"https:\/\/www.askja-on-tour.ch\/wp-content\/uploads\/2020\/10\/Ru\u0308ckfahrt-002-1.jpg 1600w, https:\/\/www.askja-on-tour.ch\/wp-content\/uploads\/2020\/10\/Ru\u0308ckfahrt-002-1-1024x768.jpg 1024w, https:\/\/www.askja-on-tour.ch\/wp-content\/uploads\/2020\/10\/Ru\u0308ckfahrt-002-1-768x576.jpg 768w, https:\/\/www.askja-on-tour.ch\/wp-content\/uploads\/2020\/10\/Ru\u0308ckfahrt-002-1-1536x1152.jpg 1536w\" sizes=\"auto, (max-width: 1600px) 100vw, 1600px\" \/><figcaption>&#8230; sondern hier steht sie &#8211; die MS Norr\u00f6na<\/figcaption><\/figure>\n\n\n\n<p>Am Mittwoch, 30.09. sind wir gegen 16.00 Uhr auf die F\u00e4hre MS Norr\u00f6na gefahren und konnten da auch schon die Kabine beziehen. Dieser Ort wird w\u00e4hrend der n\u00e4chsten drei Tage unser &#8222;Heim&#8220; sein.&nbsp;<\/p>\n\n\n\n<p>Die erste Nacht war ziemlich rauh &#8211; wir hatten Wellen von 4 &#8211; 6 m, was nicht so angenehm war, denn die F\u00e4hre ist immer wieder in die Wellent\u00e4ler gekracht. Aber zum Gl\u00fcck sind wir schon im Bett gelegen &#8211; es war dadurch nicht angenehmer, aber wir sind mind. nicht hin und her gefallen (und ja &#8211; wir konnten unser mitgebrachtes kleines Abendessen behalten).<\/p>\n<p>Die n\u00e4chsten beiden Tage auf See waren OK &#8211; und wir hatten viel Zeit mit Lesen und Nichts-Tun verbracht. Wir sind immer mal wieder an Deck gegangen, wo wir die frische Luft und die Aussicht genossen haben.\u00a0<\/p>\n\n\n\n<figure class=\"wp-block-image size-large\"><img loading=\"lazy\" decoding=\"async\" width=\"1600\" height=\"1200\" src=\"https:\/\/www.askja-on-tour.ch\/wp-content\/uploads\/2020\/10\/Ru\u0308ckfahrt-003-1.jpg\" alt=\"\" class=\"wp-image-14778\" srcset=\"https:\/\/www.askja-on-tour.ch\/wp-content\/uploads\/2020\/10\/Ru\u0308ckfahrt-003-1.jpg 1600w, https:\/\/www.askja-on-tour.ch\/wp-content\/uploads\/2020\/10\/Ru\u0308ckfahrt-003-1-1024x768.jpg 1024w, https:\/\/www.askja-on-tour.ch\/wp-content\/uploads\/2020\/10\/Ru\u0308ckfahrt-003-1-768x576.jpg 768w, https:\/\/www.askja-on-tour.ch\/wp-content\/uploads\/2020\/10\/Ru\u0308ckfahrt-003-1-1536x1152.jpg 1536w\" sizes=\"auto, (max-width: 1600px) 100vw, 1600px\" \/><figcaption>Entlang der F\u00e4r\u00f6er &#8211; hier waren wir ganz am Anfang unserer Reise<\/figcaption><\/figure>\n\n\n\n<figure class=\"wp-block-image size-large\"><img loading=\"lazy\" decoding=\"async\" width=\"1600\" height=\"1200\" src=\"https:\/\/www.askja-on-tour.ch\/wp-content\/uploads\/2020\/10\/Ru\u0308ckfahrt-004-1.jpg\" alt=\"\" class=\"wp-image-14779\" srcset=\"https:\/\/www.askja-on-tour.ch\/wp-content\/uploads\/2020\/10\/Ru\u0308ckfahrt-004-1.jpg 1600w, https:\/\/www.askja-on-tour.ch\/wp-content\/uploads\/2020\/10\/Ru\u0308ckfahrt-004-1-1024x768.jpg 1024w, https:\/\/www.askja-on-tour.ch\/wp-content\/uploads\/2020\/10\/Ru\u0308ckfahrt-004-1-768x576.jpg 768w, https:\/\/www.askja-on-tour.ch\/wp-content\/uploads\/2020\/10\/Ru\u0308ckfahrt-004-1-1536x1152.jpg 1536w\" sizes=\"auto, (max-width: 1600px) 100vw, 1600px\" \/><figcaption>Entlang der F\u00e4r\u00f6er<\/figcaption><\/figure>\n\n\n\n<figure class=\"wp-block-image size-large\"><img loading=\"lazy\" decoding=\"async\" width=\"1600\" height=\"1200\" src=\"https:\/\/www.askja-on-tour.ch\/wp-content\/uploads\/2020\/10\/Ru\u0308ckfahrt-005-2.jpg\" alt=\"\" class=\"wp-image-14780\" srcset=\"https:\/\/www.askja-on-tour.ch\/wp-content\/uploads\/2020\/10\/Ru\u0308ckfahrt-005-2.jpg 1600w, https:\/\/www.askja-on-tour.ch\/wp-content\/uploads\/2020\/10\/Ru\u0308ckfahrt-005-2-1024x768.jpg 1024w, https:\/\/www.askja-on-tour.ch\/wp-content\/uploads\/2020\/10\/Ru\u0308ckfahrt-005-2-768x576.jpg 768w, https:\/\/www.askja-on-tour.ch\/wp-content\/uploads\/2020\/10\/Ru\u0308ckfahrt-005-2-1536x1152.jpg 1536w\" sizes=\"auto, (max-width: 1600px) 100vw, 1600px\" \/><figcaption>Entlang der F\u00e4r\u00f6er<\/figcaption><\/figure>\n\n\n\n<figure class=\"wp-block-image size-large\"><img loading=\"lazy\" decoding=\"async\" width=\"1600\" height=\"1200\" src=\"https:\/\/www.askja-on-tour.ch\/wp-content\/uploads\/2020\/10\/Ru\u0308ckfahrt-006-2.jpg\" alt=\"\" class=\"wp-image-14781\" srcset=\"https:\/\/www.askja-on-tour.ch\/wp-content\/uploads\/2020\/10\/Ru\u0308ckfahrt-006-2.jpg 1600w, https:\/\/www.askja-on-tour.ch\/wp-content\/uploads\/2020\/10\/Ru\u0308ckfahrt-006-2-1024x768.jpg 1024w, https:\/\/www.askja-on-tour.ch\/wp-content\/uploads\/2020\/10\/Ru\u0308ckfahrt-006-2-768x576.jpg 768w, https:\/\/www.askja-on-tour.ch\/wp-content\/uploads\/2020\/10\/Ru\u0308ckfahrt-006-2-1536x1152.jpg 1536w\" sizes=\"auto, (max-width: 1600px) 100vw, 1600px\" \/><figcaption>Entlang der F\u00e4r\u00f6er<\/figcaption><\/figure>\n\n\n\n<figure class=\"wp-block-image size-large\"><img loading=\"lazy\" decoding=\"async\" width=\"1600\" height=\"1200\" src=\"https:\/\/www.askja-on-tour.ch\/wp-content\/uploads\/2020\/10\/Ru\u0308ckfahrt-007-2.jpg\" alt=\"\" class=\"wp-image-14782\" srcset=\"https:\/\/www.askja-on-tour.ch\/wp-content\/uploads\/2020\/10\/Ru\u0308ckfahrt-007-2.jpg 1600w, https:\/\/www.askja-on-tour.ch\/wp-content\/uploads\/2020\/10\/Ru\u0308ckfahrt-007-2-1024x768.jpg 1024w, https:\/\/www.askja-on-tour.ch\/wp-content\/uploads\/2020\/10\/Ru\u0308ckfahrt-007-2-768x576.jpg 768w, https:\/\/www.askja-on-tour.ch\/wp-content\/uploads\/2020\/10\/Ru\u0308ckfahrt-007-2-1536x1152.jpg 1536w\" sizes=\"auto, (max-width: 1600px) 100vw, 1600px\" \/><figcaption>Entlang der F\u00e4r\u00f6er<\/figcaption><\/figure>\n\n\n\n<figure class=\"wp-block-image size-large\"><img loading=\"lazy\" decoding=\"async\" width=\"1600\" height=\"1200\" src=\"https:\/\/www.askja-on-tour.ch\/wp-content\/uploads\/2020\/10\/Ru\u0308ckfahrt-008-2.jpg\" alt=\"\" class=\"wp-image-14783\" srcset=\"https:\/\/www.askja-on-tour.ch\/wp-content\/uploads\/2020\/10\/Ru\u0308ckfahrt-008-2.jpg 1600w, https:\/\/www.askja-on-tour.ch\/wp-content\/uploads\/2020\/10\/Ru\u0308ckfahrt-008-2-1024x768.jpg 1024w, https:\/\/www.askja-on-tour.ch\/wp-content\/uploads\/2020\/10\/Ru\u0308ckfahrt-008-2-768x576.jpg 768w, https:\/\/www.askja-on-tour.ch\/wp-content\/uploads\/2020\/10\/Ru\u0308ckfahrt-008-2-1536x1152.jpg 1536w\" sizes=\"auto, (max-width: 1600px) 100vw, 1600px\" \/><figcaption>Entlang der F\u00e4r\u00f6er<\/figcaption><\/figure>\n\n\n\n<figure class=\"wp-block-image size-large\"><img loading=\"lazy\" decoding=\"async\" width=\"1600\" height=\"1200\" src=\"https:\/\/www.askja-on-tour.ch\/wp-content\/uploads\/2020\/10\/Ru\u0308ckfahrt-009-2.jpg\" alt=\"\" class=\"wp-image-14784\" srcset=\"https:\/\/www.askja-on-tour.ch\/wp-content\/uploads\/2020\/10\/Ru\u0308ckfahrt-009-2.jpg 1600w, https:\/\/www.askja-on-tour.ch\/wp-content\/uploads\/2020\/10\/Ru\u0308ckfahrt-009-2-1024x768.jpg 1024w, https:\/\/www.askja-on-tour.ch\/wp-content\/uploads\/2020\/10\/Ru\u0308ckfahrt-009-2-768x576.jpg 768w, https:\/\/www.askja-on-tour.ch\/wp-content\/uploads\/2020\/10\/Ru\u0308ckfahrt-009-2-1536x1152.jpg 1536w\" sizes=\"auto, (max-width: 1600px) 100vw, 1600px\" \/><figcaption>Der Heli-Landeplatz auf der MS Norr\u00f6na<\/figcaption><\/figure>\n\n\n\n<figure class=\"wp-block-image size-large\"><img loading=\"lazy\" decoding=\"async\" width=\"1600\" height=\"1200\" src=\"https:\/\/www.askja-on-tour.ch\/wp-content\/uploads\/2020\/10\/Ru\u0308ckfahrt-010-2.jpg\" alt=\"\" class=\"wp-image-14785\" srcset=\"https:\/\/www.askja-on-tour.ch\/wp-content\/uploads\/2020\/10\/Ru\u0308ckfahrt-010-2.jpg 1600w, https:\/\/www.askja-on-tour.ch\/wp-content\/uploads\/2020\/10\/Ru\u0308ckfahrt-010-2-1024x768.jpg 1024w, https:\/\/www.askja-on-tour.ch\/wp-content\/uploads\/2020\/10\/Ru\u0308ckfahrt-010-2-768x576.jpg 768w, https:\/\/www.askja-on-tour.ch\/wp-content\/uploads\/2020\/10\/Ru\u0308ckfahrt-010-2-1536x1152.jpg 1536w\" sizes=\"auto, (max-width: 1600px) 100vw, 1600px\" \/><figcaption>T\u00f3rshavn &#8211; die Hauptstadt der F\u00e4r\u00f6er<\/figcaption><\/figure>\n\n\n\n<p>Am 3. Oktober kamen wir 30 Minuten fr\u00fcher als geplant in Hirtshals an und rund eine Stunde sp\u00e4ter waren wir von der F\u00e4hre gefahren. Wir sind dann in einem Rutsch durch D\u00e4nemark gefahren nach Deutschland. In Flensburg haben wir erst mal nach einem \u00dcbernachtungsplatz Ausschau gehalten,&nbsp; da es Island zwischenzeitlich auch in Deutschland auf die Hitliste der Risikol\u00e4nder geschafft hat und wir deshalb auch da keine &#8222;grossen&#8220; Spr\u00fcnge machen durften. Aus den geplanten Besuchen von Familie und Freunden wurde dann nichts und wir sind dann nicht rasend (ginge bei unserem WoMo auch nicht) aber halt doch z\u00fcgig zur\u00fcck in die Schweiz gefahren, wo wir dann am Donnerstag, 8.10. angekommen sind.<\/p>\n<p>Dort wurden wir ganz lieb willkommen geheissen, auch wenn wir auf das pers\u00f6nliche sehen von tollen Menschen noch verschieben m\u00fcssen. Wir haben herzliche Karten bekommen, eine k\u00f6stliche K\u00e4seplatte, Haribo &#8222;Haribo macht Kinder froh und die in Quarant\u00e4ne ebenso&#8220; (stand auf der Packung) UND einen wundersch\u00f6nen Herbstkranz von unserem Mai. So ist es immer wieder ein Gl\u00fccksgef\u00fchl, nach Hause zu kommen. Danke Mams, danke liebe Nachbarn &#x2764;&#xfe0f;.<\/p>\n\n\n\n<figure class=\"wp-block-image size-large\"><img loading=\"lazy\" decoding=\"async\" width=\"1200\" height=\"1600\" src=\"https:\/\/www.askja-on-tour.ch\/wp-content\/uploads\/2020\/10\/Schnecke-1200x1600.jpg\" alt=\"\" class=\"wp-image-14742\" srcset=\"https:\/\/www.askja-on-tour.ch\/wp-content\/uploads\/2020\/10\/Schnecke-1200x1600.jpg 1200w, https:\/\/www.askja-on-tour.ch\/wp-content\/uploads\/2020\/10\/Schnecke-768x1024.jpg 768w, https:\/\/www.askja-on-tour.ch\/wp-content\/uploads\/2020\/10\/Schnecke-1152x1536.jpg 1152w, https:\/\/www.askja-on-tour.ch\/wp-content\/uploads\/2020\/10\/Schnecke-1536x2048.jpg 1536w, https:\/\/www.askja-on-tour.ch\/wp-content\/uploads\/2020\/10\/Schnecke-scaled.jpg 1920w\" sizes=\"auto, (max-width: 1200px) 100vw, 1200px\" \/><\/figure>\n\n\n\n<figure class=\"wp-block-image size-large\"><img loading=\"lazy\" decoding=\"async\" width=\"1600\" height=\"1200\" src=\"https:\/\/www.askja-on-tour.ch\/wp-content\/uploads\/2020\/10\/Mams-1-1600x1200.jpg\" alt=\"\" class=\"wp-image-14744\" srcset=\"https:\/\/www.askja-on-tour.ch\/wp-content\/uploads\/2020\/10\/Mams-1-1600x1200.jpg 1600w, https:\/\/www.askja-on-tour.ch\/wp-content\/uploads\/2020\/10\/Mams-1-1024x768.jpg 1024w, https:\/\/www.askja-on-tour.ch\/wp-content\/uploads\/2020\/10\/Mams-1-768x576.jpg 768w, https:\/\/www.askja-on-tour.ch\/wp-content\/uploads\/2020\/10\/Mams-1-1536x1152.jpg 1536w, https:\/\/www.askja-on-tour.ch\/wp-content\/uploads\/2020\/10\/Mams-1-2048x1536.jpg 2048w\" sizes=\"auto, (max-width: 1600px) 100vw, 1600px\" \/><\/figure>\n\n\n\n<figure class=\"wp-block-image size-large\"><img loading=\"lazy\" decoding=\"async\" width=\"1200\" height=\"1600\" src=\"https:\/\/www.askja-on-tour.ch\/wp-content\/uploads\/2020\/10\/Haribo-1200x1600.jpg\" alt=\"\" class=\"wp-image-14746\" srcset=\"https:\/\/www.askja-on-tour.ch\/wp-content\/uploads\/2020\/10\/Haribo-1200x1600.jpg 1200w, https:\/\/www.askja-on-tour.ch\/wp-content\/uploads\/2020\/10\/Haribo-768x1024.jpg 768w, https:\/\/www.askja-on-tour.ch\/wp-content\/uploads\/2020\/10\/Haribo-1152x1536.jpg 1152w, https:\/\/www.askja-on-tour.ch\/wp-content\/uploads\/2020\/10\/Haribo-1536x2048.jpg 1536w, https:\/\/www.askja-on-tour.ch\/wp-content\/uploads\/2020\/10\/Haribo-scaled.jpg 1920w\" sizes=\"auto, (max-width: 1200px) 100vw, 1200px\" \/><\/figure>\n\n\n\n<figure class=\"wp-block-image size-large\"><img loading=\"lazy\" decoding=\"async\" width=\"1200\" height=\"1600\" src=\"https:\/\/www.askja-on-tour.ch\/wp-content\/uploads\/2020\/10\/Kranz-1200x1600.jpg\" alt=\"\" class=\"wp-image-14745\" srcset=\"https:\/\/www.askja-on-tour.ch\/wp-content\/uploads\/2020\/10\/Kranz-1200x1600.jpg 1200w, https:\/\/www.askja-on-tour.ch\/wp-content\/uploads\/2020\/10\/Kranz-768x1024.jpg 768w, https:\/\/www.askja-on-tour.ch\/wp-content\/uploads\/2020\/10\/Kranz-1152x1536.jpg 1152w, https:\/\/www.askja-on-tour.ch\/wp-content\/uploads\/2020\/10\/Kranz-1536x2048.jpg 1536w, https:\/\/www.askja-on-tour.ch\/wp-content\/uploads\/2020\/10\/Kranz-scaled.jpg 1920w\" sizes=\"auto, (max-width: 1200px) 100vw, 1200px\" \/><\/figure>\n\n\n\n<p>Ja &#8211; und nun geniessen &#x1f644;\u00a0 wir bis Dienstag, 23.59 Uhr, die Quarant\u00e4ne. Dies sind 10 Tage, aber Deutschland wird uns ab 4.10. angerechnet.\u00a0<\/p>\n<p>Danke allen, die mit uns gereist sind &#8211; wohin uns unsere n\u00e4chste Reise f\u00fchren wird, wird sich noch zeigen. Wir beobachten die gesundheitliche, politische und wirtschaftliche Entwicklung unserer Wunschkontinenten Afrika und S\u00fcdamerika. Und sonst sehen wir \u201eflexibel\u201c weiter, welche Reiseziele machbar sind.\u00a0<\/p>\n","protected":false},"excerpt":{"rendered":"<p>Da wir Zeit hatten, sind wir noch kurz am Hafen von Sey\u00f0isfj\u00f6r\u00f0ur entlang gefahren, wo die MS Norr\u00f6na der Smyril-Line schon auf uns wartete, resp. da war. Am Mittwoch, 30.09. sind wir gegen 16.00 Uhr auf die F\u00e4hre MS Norr\u00f6na<\/p>\n","protected":false},"author":3,"featured_media":0,"comment_status":"open","ping_status":"closed","sticky":false,"template":"","format":"standard","meta":{"footnotes":""},"categories":[25],"tags":[],"class_list":["post-14739","post","type-post","status-publish","format-standard","hentry","category-island2020"],"_links":{"self":[{"href":"https:\/\/www.askja-on-tour.ch\/index.php?rest_route=\/wp\/v2\/posts\/14739","targetHints":{"allow":["GET"]}}],"collection":[{"href":"https:\/\/www.askja-on-tour.ch\/index.php?rest_route=\/wp\/v2\/posts"}],"about":[{"href":"https:\/\/www.askja-on-tour.ch\/index.php?rest_route=\/wp\/v2\/types\/post"}],"author":[{"embeddable":true,"href":"https:\/\/www.askja-on-tour.ch\/index.php?rest_route=\/wp\/v2\/users\/3"}],"replies":[{"embeddable":true,"href":"https:\/\/www.askja-on-tour.ch\/index.php?rest_route=%2Fwp%2Fv2%2Fcomments&post=14739"}],"version-history":[{"count":11,"href":"https:\/\/www.askja-on-tour.ch\/index.php?rest_route=\/wp\/v2\/posts\/14739\/revisions"}],"predecessor-version":[{"id":14787,"href":"https:\/\/www.askja-on-tour.ch\/index.php?rest_route=\/wp\/v2\/posts\/14739\/revisions\/14787"}],"wp:attachment":[{"href":"https:\/\/www.askja-on-tour.ch\/index.php?rest_route=%2Fwp%2Fv2%2Fmedia&parent=14739"}],"wp:term":[{"taxonomy":"category","embeddable":true,"href":"https:\/\/www.askja-on-tour.ch\/index.php?rest_route=%2Fwp%2Fv2%2Fcategories&post=14739"},{"taxonomy":"post_tag","embeddable":true,"href":"https:\/\/www.askja-on-tour.ch\/index.php?rest_route=%2Fwp%2Fv2%2Ftags&post=14739"}],"curies":[{"name":"wp","href":"https:\/\/api.w.org\/{rel}","templated":true}]}}