{"id":14684,"date":"2020-09-29T12:50:47","date_gmt":"2020-09-29T12:50:47","guid":{"rendered":"https:\/\/www.askja-on-tour.ch\/?p=14684"},"modified":"2020-09-29T14:07:37","modified_gmt":"2020-09-29T14:07:37","slug":"27-09-28-09-2020-unsere-tage-in-island-sind-gezaehlt-eine-wunderbare-zeit-geht-langsam-zu-ende-2","status":"publish","type":"post","link":"https:\/\/www.askja-on-tour.ch\/?p=14684","title":{"rendered":"27.09.\/28.09.2020: Unsere Tage in Island sind gez\u00e4hlt &#8211; eine wunderbare Zeit geht langsam zu Ende"},"content":{"rendered":"\n<p>Bei Abfahrt in Dj\u00fapivogur hat es kr\u00e4ftig geregnet und gewindet, so dass wir auf gr\u00f6ssere Fjord-Umkurvungen verzichtet haben. Wir hofften, dass wir in der N\u00e4he von Egilssta\u00f0ir etwas besseres Wetter finden und sind zum See Lagarflj\u00f3t gefahren. Hier war es tats\u00e4chlich so, dass es ziemlich schonte und nur ab und zu tr\u00f6pfelte.<\/p>\n\n\n\n<figure class=\"wp-block-image size-large\"><img loading=\"lazy\" decoding=\"async\" width=\"1600\" height=\"1200\" src=\"https:\/\/www.askja-on-tour.ch\/wp-content\/uploads\/2020\/09\/Lagarfljo\u0308t-001.jpg\" alt=\"\" class=\"wp-image-14628\" srcset=\"https:\/\/www.askja-on-tour.ch\/wp-content\/uploads\/2020\/09\/Lagarfljo\u0308t-001.jpg 1600w, https:\/\/www.askja-on-tour.ch\/wp-content\/uploads\/2020\/09\/Lagarfljo\u0308t-001-1024x768.jpg 1024w, https:\/\/www.askja-on-tour.ch\/wp-content\/uploads\/2020\/09\/Lagarfljo\u0308t-001-768x576.jpg 768w, https:\/\/www.askja-on-tour.ch\/wp-content\/uploads\/2020\/09\/Lagarfljo\u0308t-001-1536x1152.jpg 1536w\" sizes=\"auto, (max-width: 1600px) 100vw, 1600px\" \/><figcaption>UnserStellplatz<\/figcaption><\/figure>\n\n\n\n<figure class=\"wp-block-image size-large\"><img loading=\"lazy\" decoding=\"async\" width=\"1600\" height=\"1200\" src=\"https:\/\/www.askja-on-tour.ch\/wp-content\/uploads\/2020\/09\/Lagarfljo\u0308t-002.jpg\" alt=\"\" class=\"wp-image-14629\" srcset=\"https:\/\/www.askja-on-tour.ch\/wp-content\/uploads\/2020\/09\/Lagarfljo\u0308t-002.jpg 1600w, https:\/\/www.askja-on-tour.ch\/wp-content\/uploads\/2020\/09\/Lagarfljo\u0308t-002-1024x768.jpg 1024w, https:\/\/www.askja-on-tour.ch\/wp-content\/uploads\/2020\/09\/Lagarfljo\u0308t-002-768x576.jpg 768w, https:\/\/www.askja-on-tour.ch\/wp-content\/uploads\/2020\/09\/Lagarfljo\u0308t-002-1536x1152.jpg 1536w\" sizes=\"auto, (max-width: 1600px) 100vw, 1600px\" \/><figcaption>Strand am See<\/figcaption><\/figure>\n\n\n\n<p>Der See Lagarflj\u00f3t hat eine Fl\u00e4che von 53 km\u00b2, er ist etwa 35 km lang, bis zu 2,5 km breit und bis zu 112 m tief. Wir waren bereits Anfang August schon mal hier, da war es aber noch sehr voll mit isl\u00e4ndischen Campern. Der Grund ist der, dass sich hier der gr\u00f6sste Wald Islands befindet mit einem tollen Mischwald. Was f\u00fcr uns selbstverst\u00e4ndlich ist, ist der Wald f\u00fcr die Isl\u00e4nder etwas besonders, da es nur wenige W\u00e4lder gibt und wenn, dann sind es meistens Monokulturen von Nadelh\u00f6lzern.<\/p>\n<p>Wir konnten eine kleinere Wanderung im traumhaften Wald unternehmen &#8211; ein Genuss, nachdem es zwei Tage immer wieder stark oder sehr stark geregnet hatte.<\/p>\n\n\n\n<figure class=\"wp-block-image size-large\"><img loading=\"lazy\" decoding=\"async\" width=\"1200\" height=\"1600\" src=\"https:\/\/www.askja-on-tour.ch\/wp-content\/uploads\/2020\/09\/Lagarfljo\u0308t-003.jpg\" alt=\"\" class=\"wp-image-14630\" srcset=\"https:\/\/www.askja-on-tour.ch\/wp-content\/uploads\/2020\/09\/Lagarfljo\u0308t-003.jpg 1200w, https:\/\/www.askja-on-tour.ch\/wp-content\/uploads\/2020\/09\/Lagarfljo\u0308t-003-768x1024.jpg 768w, https:\/\/www.askja-on-tour.ch\/wp-content\/uploads\/2020\/09\/Lagarfljo\u0308t-003-1152x1536.jpg 1152w\" sizes=\"auto, (max-width: 1200px) 100vw, 1200px\" \/><\/figure>\n\n\n\n<figure class=\"wp-block-image size-large\"><img loading=\"lazy\" decoding=\"async\" width=\"1600\" height=\"1200\" src=\"https:\/\/www.askja-on-tour.ch\/wp-content\/uploads\/2020\/09\/Lagarfljo\u0308t-004.jpg\" alt=\"\" class=\"wp-image-14631\" srcset=\"https:\/\/www.askja-on-tour.ch\/wp-content\/uploads\/2020\/09\/Lagarfljo\u0308t-004.jpg 1600w, https:\/\/www.askja-on-tour.ch\/wp-content\/uploads\/2020\/09\/Lagarfljo\u0308t-004-1024x768.jpg 1024w, https:\/\/www.askja-on-tour.ch\/wp-content\/uploads\/2020\/09\/Lagarfljo\u0308t-004-768x576.jpg 768w, https:\/\/www.askja-on-tour.ch\/wp-content\/uploads\/2020\/09\/Lagarfljo\u0308t-004-1536x1152.jpg 1536w\" sizes=\"auto, (max-width: 1600px) 100vw, 1600px\" \/><figcaption>Wundersch\u00f6ne Herbstfarbe<\/figcaption><\/figure>\n\n\n\n<figure class=\"wp-block-image size-large\"><img loading=\"lazy\" decoding=\"async\" width=\"1600\" height=\"1200\" src=\"https:\/\/www.askja-on-tour.ch\/wp-content\/uploads\/2020\/09\/Lagarfljo\u0308t-005.jpg\" alt=\"\" class=\"wp-image-14632\" srcset=\"https:\/\/www.askja-on-tour.ch\/wp-content\/uploads\/2020\/09\/Lagarfljo\u0308t-005.jpg 1600w, https:\/\/www.askja-on-tour.ch\/wp-content\/uploads\/2020\/09\/Lagarfljo\u0308t-005-1024x768.jpg 1024w, https:\/\/www.askja-on-tour.ch\/wp-content\/uploads\/2020\/09\/Lagarfljo\u0308t-005-768x576.jpg 768w, https:\/\/www.askja-on-tour.ch\/wp-content\/uploads\/2020\/09\/Lagarfljo\u0308t-005-1536x1152.jpg 1536w\" sizes=\"auto, (max-width: 1600px) 100vw, 1600px\" \/><figcaption>&#8230; \u00fcber sieben Br\u00fccken musst Du gehen &#8211; uns reicht eine<\/figcaption><\/figure>\n\n\n\n<figure class=\"wp-block-image size-large\"><img loading=\"lazy\" decoding=\"async\" width=\"1600\" height=\"1200\" src=\"https:\/\/www.askja-on-tour.ch\/wp-content\/uploads\/2020\/09\/Lagarfljo\u0308t-006.jpg\" alt=\"\" class=\"wp-image-14633\" srcset=\"https:\/\/www.askja-on-tour.ch\/wp-content\/uploads\/2020\/09\/Lagarfljo\u0308t-006.jpg 1600w, https:\/\/www.askja-on-tour.ch\/wp-content\/uploads\/2020\/09\/Lagarfljo\u0308t-006-1024x768.jpg 1024w, https:\/\/www.askja-on-tour.ch\/wp-content\/uploads\/2020\/09\/Lagarfljo\u0308t-006-768x576.jpg 768w, https:\/\/www.askja-on-tour.ch\/wp-content\/uploads\/2020\/09\/Lagarfljo\u0308t-006-1536x1152.jpg 1536w\" sizes=\"auto, (max-width: 1600px) 100vw, 1600px\" \/><\/figure>\n\n\n\n<figure class=\"wp-block-image size-large\"><img loading=\"lazy\" decoding=\"async\" width=\"1600\" height=\"1200\" src=\"https:\/\/www.askja-on-tour.ch\/wp-content\/uploads\/2020\/09\/Lagarfljo\u0308t-007.jpg\" alt=\"\" class=\"wp-image-14634\" srcset=\"https:\/\/www.askja-on-tour.ch\/wp-content\/uploads\/2020\/09\/Lagarfljo\u0308t-007.jpg 1600w, https:\/\/www.askja-on-tour.ch\/wp-content\/uploads\/2020\/09\/Lagarfljo\u0308t-007-1024x768.jpg 1024w, https:\/\/www.askja-on-tour.ch\/wp-content\/uploads\/2020\/09\/Lagarfljo\u0308t-007-768x576.jpg 768w, https:\/\/www.askja-on-tour.ch\/wp-content\/uploads\/2020\/09\/Lagarfljo\u0308t-007-1536x1152.jpg 1536w\" sizes=\"auto, (max-width: 1600px) 100vw, 1600px\" \/><\/figure>\n\n\n\n<p>Nat\u00fcrlich hat der See Lagarflj\u00f3t auch sein kleines Monster, n\u00e4mlich der Lagarflj\u00f3twurm, auch\u00a0isl\u00e4ndisches Wurmmonster genannt. \u00c4hnlich dem\u00a0schottischen\u00a0Nessie\u00a0wird auch der Lagarflj\u00f3twurm als eine Art\u00a0Seeschlange beschrieben, zu deren L\u00e4nge die Angaben zwischen 10 und 90 Metern variieren. Seit dem Jahr 1345 werden Sichtungen des Wurmes in verschiedenen Schriftst\u00fccken erw\u00e4hnt. Der Wurm geht auf eine Sage \u00fcber ein M\u00e4dchen zur\u00fcck, das in der N\u00e4he des Lagarflj\u00f3t wohnte. Es legte eine goldene Brosche zusammen mit einem kleinen Wurm in eine Schachtel, in der Hoffnung, auf diese Weise das Gold zu vermehren. Statt des Goldes wuchs jedoch der Wurm und das M\u00e4dchen warf die Schachtel in Panik in den Lagarflj\u00f3t. Dort wuchs der Wurm weiter, konnte aber von Zauberern an Kopf und Schwanz gekettet auf dem Grund des Sees festgesetzt werden.<\/p>\n<p>Heute Morgen sind wir bei gutem Wetter losgefahren, da wir noch zum Hengifoss wandern wollten. Der Weg f\u00fchrte uns an einem tollen Flusslauf vorbei und bot uns Sichten auf den bunten Laubwald am Lagarflj\u00f3t.<\/p>\n\n\n\n<figure class=\"wp-block-image size-large\"><img loading=\"lazy\" decoding=\"async\" width=\"1600\" height=\"1200\" src=\"https:\/\/www.askja-on-tour.ch\/wp-content\/uploads\/2020\/09\/Lagarfljo\u0308t-008.jpg\" alt=\"\" class=\"wp-image-14635\" srcset=\"https:\/\/www.askja-on-tour.ch\/wp-content\/uploads\/2020\/09\/Lagarfljo\u0308t-008.jpg 1600w, https:\/\/www.askja-on-tour.ch\/wp-content\/uploads\/2020\/09\/Lagarfljo\u0308t-008-1024x768.jpg 1024w, https:\/\/www.askja-on-tour.ch\/wp-content\/uploads\/2020\/09\/Lagarfljo\u0308t-008-768x576.jpg 768w, https:\/\/www.askja-on-tour.ch\/wp-content\/uploads\/2020\/09\/Lagarfljo\u0308t-008-1536x1152.jpg 1536w\" sizes=\"auto, (max-width: 1600px) 100vw, 1600px\" \/><\/figure>\n\n\n\n<figure class=\"wp-block-image size-large\"><img loading=\"lazy\" decoding=\"async\" width=\"1600\" height=\"1200\" src=\"https:\/\/www.askja-on-tour.ch\/wp-content\/uploads\/2020\/09\/Lagarfljo\u0308t-010.jpg\" alt=\"\" class=\"wp-image-14637\" srcset=\"https:\/\/www.askja-on-tour.ch\/wp-content\/uploads\/2020\/09\/Lagarfljo\u0308t-010.jpg 1600w, https:\/\/www.askja-on-tour.ch\/wp-content\/uploads\/2020\/09\/Lagarfljo\u0308t-010-1024x768.jpg 1024w, https:\/\/www.askja-on-tour.ch\/wp-content\/uploads\/2020\/09\/Lagarfljo\u0308t-010-768x576.jpg 768w, https:\/\/www.askja-on-tour.ch\/wp-content\/uploads\/2020\/09\/Lagarfljo\u0308t-010-1536x1152.jpg 1536w\" sizes=\"auto, (max-width: 1600px) 100vw, 1600px\" \/><\/figure>\n\n\n\n<figure class=\"wp-block-image size-large\"><img loading=\"lazy\" decoding=\"async\" width=\"1600\" height=\"1200\" src=\"https:\/\/www.askja-on-tour.ch\/wp-content\/uploads\/2020\/09\/Lagarfljo\u0308t-011.jpg\" alt=\"\" class=\"wp-image-14638\" srcset=\"https:\/\/www.askja-on-tour.ch\/wp-content\/uploads\/2020\/09\/Lagarfljo\u0308t-011.jpg 1600w, https:\/\/www.askja-on-tour.ch\/wp-content\/uploads\/2020\/09\/Lagarfljo\u0308t-011-1024x768.jpg 1024w, https:\/\/www.askja-on-tour.ch\/wp-content\/uploads\/2020\/09\/Lagarfljo\u0308t-011-768x576.jpg 768w, https:\/\/www.askja-on-tour.ch\/wp-content\/uploads\/2020\/09\/Lagarfljo\u0308t-011-1536x1152.jpg 1536w\" sizes=\"auto, (max-width: 1600px) 100vw, 1600px\" \/><\/figure>\n\n\n\n<figure class=\"wp-block-image size-large\"><img loading=\"lazy\" decoding=\"async\" width=\"1600\" height=\"1200\" src=\"https:\/\/www.askja-on-tour.ch\/wp-content\/uploads\/2020\/09\/Lagarfljo\u0308t-012.jpg\" alt=\"\" class=\"wp-image-14639\" srcset=\"https:\/\/www.askja-on-tour.ch\/wp-content\/uploads\/2020\/09\/Lagarfljo\u0308t-012.jpg 1600w, https:\/\/www.askja-on-tour.ch\/wp-content\/uploads\/2020\/09\/Lagarfljo\u0308t-012-1024x768.jpg 1024w, https:\/\/www.askja-on-tour.ch\/wp-content\/uploads\/2020\/09\/Lagarfljo\u0308t-012-768x576.jpg 768w, https:\/\/www.askja-on-tour.ch\/wp-content\/uploads\/2020\/09\/Lagarfljo\u0308t-012-1536x1152.jpg 1536w\" sizes=\"auto, (max-width: 1600px) 100vw, 1600px\" \/><\/figure>\n\n\n\n<figure class=\"wp-block-image size-large\"><img loading=\"lazy\" decoding=\"async\" width=\"1600\" height=\"1200\" src=\"https:\/\/www.askja-on-tour.ch\/wp-content\/uploads\/2020\/09\/Lagarfljo\u0308t-014.jpg\" alt=\"\" class=\"wp-image-14641\" srcset=\"https:\/\/www.askja-on-tour.ch\/wp-content\/uploads\/2020\/09\/Lagarfljo\u0308t-014.jpg 1600w, https:\/\/www.askja-on-tour.ch\/wp-content\/uploads\/2020\/09\/Lagarfljo\u0308t-014-1024x768.jpg 1024w, https:\/\/www.askja-on-tour.ch\/wp-content\/uploads\/2020\/09\/Lagarfljo\u0308t-014-768x576.jpg 768w, https:\/\/www.askja-on-tour.ch\/wp-content\/uploads\/2020\/09\/Lagarfljo\u0308t-014-1536x1152.jpg 1536w\" sizes=\"auto, (max-width: 1600px) 100vw, 1600px\" \/><\/figure>\n\n\n\n<figure class=\"wp-block-image size-large\"><img loading=\"lazy\" decoding=\"async\" width=\"1600\" height=\"1200\" src=\"https:\/\/www.askja-on-tour.ch\/wp-content\/uploads\/2020\/09\/Lagarfljo\u0308t-018.jpg\" alt=\"\" class=\"wp-image-14645\" srcset=\"https:\/\/www.askja-on-tour.ch\/wp-content\/uploads\/2020\/09\/Lagarfljo\u0308t-018.jpg 1600w, https:\/\/www.askja-on-tour.ch\/wp-content\/uploads\/2020\/09\/Lagarfljo\u0308t-018-1024x768.jpg 1024w, https:\/\/www.askja-on-tour.ch\/wp-content\/uploads\/2020\/09\/Lagarfljo\u0308t-018-768x576.jpg 768w, https:\/\/www.askja-on-tour.ch\/wp-content\/uploads\/2020\/09\/Lagarfljo\u0308t-018-1536x1152.jpg 1536w\" sizes=\"auto, (max-width: 1600px) 100vw, 1600px\" \/><\/figure>\n\n\n\n<figure class=\"wp-block-image size-large\"><img loading=\"lazy\" decoding=\"async\" width=\"1600\" height=\"1200\" src=\"https:\/\/www.askja-on-tour.ch\/wp-content\/uploads\/2020\/09\/Lagarfljo\u0308t-019.jpg\" alt=\"\" class=\"wp-image-14646\" srcset=\"https:\/\/www.askja-on-tour.ch\/wp-content\/uploads\/2020\/09\/Lagarfljo\u0308t-019.jpg 1600w, https:\/\/www.askja-on-tour.ch\/wp-content\/uploads\/2020\/09\/Lagarfljo\u0308t-019-1024x768.jpg 1024w, https:\/\/www.askja-on-tour.ch\/wp-content\/uploads\/2020\/09\/Lagarfljo\u0308t-019-768x576.jpg 768w, https:\/\/www.askja-on-tour.ch\/wp-content\/uploads\/2020\/09\/Lagarfljo\u0308t-019-1536x1152.jpg 1536w\" sizes=\"auto, (max-width: 1600px) 100vw, 1600px\" \/><\/figure>\n\n\n\n<figure class=\"wp-block-image size-large\"><img loading=\"lazy\" decoding=\"async\" width=\"1600\" height=\"1200\" src=\"https:\/\/www.askja-on-tour.ch\/wp-content\/uploads\/2020\/09\/Lagarfljo\u0308t-020.jpg\" alt=\"\" class=\"wp-image-14647\" srcset=\"https:\/\/www.askja-on-tour.ch\/wp-content\/uploads\/2020\/09\/Lagarfljo\u0308t-020.jpg 1600w, https:\/\/www.askja-on-tour.ch\/wp-content\/uploads\/2020\/09\/Lagarfljo\u0308t-020-1024x768.jpg 1024w, https:\/\/www.askja-on-tour.ch\/wp-content\/uploads\/2020\/09\/Lagarfljo\u0308t-020-768x576.jpg 768w, https:\/\/www.askja-on-tour.ch\/wp-content\/uploads\/2020\/09\/Lagarfljo\u0308t-020-1536x1152.jpg 1536w\" sizes=\"auto, (max-width: 1600px) 100vw, 1600px\" \/><\/figure>\n\n\n\n<p>Als erstes kamen wir am kleineren Litlanesfoss mit 45 m H\u00f6he vorbei, der aber mit den tollen Basaltformationen schon sehr sch\u00f6n ist.<\/p>\n\n\n\n<figure class=\"wp-block-image size-large\"><img loading=\"lazy\" decoding=\"async\" width=\"1600\" height=\"1200\" src=\"https:\/\/www.askja-on-tour.ch\/wp-content\/uploads\/2020\/09\/Lagarfljo\u0308t-009.jpg\" alt=\"\" class=\"wp-image-14636\" srcset=\"https:\/\/www.askja-on-tour.ch\/wp-content\/uploads\/2020\/09\/Lagarfljo\u0308t-009.jpg 1600w, https:\/\/www.askja-on-tour.ch\/wp-content\/uploads\/2020\/09\/Lagarfljo\u0308t-009-1024x768.jpg 1024w, https:\/\/www.askja-on-tour.ch\/wp-content\/uploads\/2020\/09\/Lagarfljo\u0308t-009-768x576.jpg 768w, https:\/\/www.askja-on-tour.ch\/wp-content\/uploads\/2020\/09\/Lagarfljo\u0308t-009-1536x1152.jpg 1536w\" sizes=\"auto, (max-width: 1600px) 100vw, 1600px\" \/><figcaption>der kleine Litlanesfoss ist auch schon ganz sch\u00f6n gross <\/figcaption><\/figure>\n\n\n\n<p>Der Hengifoss ist mit seiner H\u00f6he von 118 m der vierth\u00f6chste Wasserfall Islands. Was besonders bemerkenswert ist, sind die roten Zwischenlagen in den Basaltschichten. Das sind Vulkanschschichten, die bei Vulkanausbr\u00fcchen auf die Lavaschichten gefallen sind. Dort haben sich Eisenverbindungen gebildet, die dann mit Sauerstoff reagiert haben und so die r\u00f6tliche Farbe zeigen.<\/p>\n<p>\u00a0<\/p>\n\n\n\n<figure class=\"wp-block-image size-large\"><img loading=\"lazy\" decoding=\"async\" width=\"1200\" height=\"1600\" src=\"https:\/\/www.askja-on-tour.ch\/wp-content\/uploads\/2020\/09\/Lagarfljo\u0308t-013.jpg\" alt=\"\" class=\"wp-image-14640\" srcset=\"https:\/\/www.askja-on-tour.ch\/wp-content\/uploads\/2020\/09\/Lagarfljo\u0308t-013.jpg 1200w, https:\/\/www.askja-on-tour.ch\/wp-content\/uploads\/2020\/09\/Lagarfljo\u0308t-013-768x1024.jpg 768w, https:\/\/www.askja-on-tour.ch\/wp-content\/uploads\/2020\/09\/Lagarfljo\u0308t-013-1152x1536.jpg 1152w\" sizes=\"auto, (max-width: 1200px) 100vw, 1200px\" \/><\/figure>\n\n\n\n<figure class=\"wp-block-image size-large\"><img loading=\"lazy\" decoding=\"async\" width=\"1600\" height=\"1200\" src=\"https:\/\/www.askja-on-tour.ch\/wp-content\/uploads\/2020\/09\/Lagarfljo\u0308t-015.jpg\" alt=\"\" class=\"wp-image-14642\" srcset=\"https:\/\/www.askja-on-tour.ch\/wp-content\/uploads\/2020\/09\/Lagarfljo\u0308t-015.jpg 1600w, https:\/\/www.askja-on-tour.ch\/wp-content\/uploads\/2020\/09\/Lagarfljo\u0308t-015-1024x768.jpg 1024w, https:\/\/www.askja-on-tour.ch\/wp-content\/uploads\/2020\/09\/Lagarfljo\u0308t-015-768x576.jpg 768w, https:\/\/www.askja-on-tour.ch\/wp-content\/uploads\/2020\/09\/Lagarfljo\u0308t-015-1536x1152.jpg 1536w\" sizes=\"auto, (max-width: 1600px) 100vw, 1600px\" \/><\/figure>\n\n\n\n<figure class=\"wp-block-image size-large\"><img loading=\"lazy\" decoding=\"async\" width=\"1200\" height=\"1600\" src=\"https:\/\/www.askja-on-tour.ch\/wp-content\/uploads\/2020\/09\/Lagarfljo\u0308t-016.jpg\" alt=\"\" class=\"wp-image-14643\" srcset=\"https:\/\/www.askja-on-tour.ch\/wp-content\/uploads\/2020\/09\/Lagarfljo\u0308t-016.jpg 1200w, https:\/\/www.askja-on-tour.ch\/wp-content\/uploads\/2020\/09\/Lagarfljo\u0308t-016-768x1024.jpg 768w, https:\/\/www.askja-on-tour.ch\/wp-content\/uploads\/2020\/09\/Lagarfljo\u0308t-016-1152x1536.jpg 1152w\" sizes=\"auto, (max-width: 1200px) 100vw, 1200px\" \/><\/figure>\n\n\n\n<figure class=\"wp-block-image size-large\"><img loading=\"lazy\" decoding=\"async\" width=\"1200\" height=\"1600\" src=\"https:\/\/www.askja-on-tour.ch\/wp-content\/uploads\/2020\/09\/Lagarfljo\u0308t-017.jpg\" alt=\"\" class=\"wp-image-14644\" srcset=\"https:\/\/www.askja-on-tour.ch\/wp-content\/uploads\/2020\/09\/Lagarfljo\u0308t-017.jpg 1200w, https:\/\/www.askja-on-tour.ch\/wp-content\/uploads\/2020\/09\/Lagarfljo\u0308t-017-768x1024.jpg 768w, https:\/\/www.askja-on-tour.ch\/wp-content\/uploads\/2020\/09\/Lagarfljo\u0308t-017-1152x1536.jpg 1152w\" sizes=\"auto, (max-width: 1200px) 100vw, 1200px\" \/><\/figure>\n\n\n\n<figure class=\"wp-block-image size-large\"><img loading=\"lazy\" decoding=\"async\" width=\"1200\" height=\"1600\" src=\"https:\/\/www.askja-on-tour.ch\/wp-content\/uploads\/2020\/09\/Lagarfljo\u0308t-031.jpg\" alt=\"\" class=\"wp-image-14658\" srcset=\"https:\/\/www.askja-on-tour.ch\/wp-content\/uploads\/2020\/09\/Lagarfljo\u0308t-031.jpg 1200w, https:\/\/www.askja-on-tour.ch\/wp-content\/uploads\/2020\/09\/Lagarfljo\u0308t-031-768x1024.jpg 768w, https:\/\/www.askja-on-tour.ch\/wp-content\/uploads\/2020\/09\/Lagarfljo\u0308t-031-1152x1536.jpg 1152w\" sizes=\"auto, (max-width: 1200px) 100vw, 1200px\" \/><figcaption>&#8230; und nochmals von der gegen\u00fcberliegenden Seite<\/figcaption><\/figure>\n\n\n\n<p><img loading=\"lazy\" decoding=\"async\" class=\"alignnone size-medium wp-image-14658\" src=\"https:\/\/www.askja-on-tour.ch\/wp-content\/uploads\/2020\/09\/Lagarflj%C3%B6t-031-768x1024.jpg\" alt=\"\" width=\"768\" height=\"1024\" \/>Sp\u00e4ter haben wir uns noch das Tal vom Gletscherfluss J\u00f6kuls\u00e1 \u00ed Flj\u00f3tsdal hochgefahren, wo wiederum noch einige Fotos entstanden sind. Dieser Gletscherfluss ist der gr\u00f6sste Zufluss vom Lagarflj\u00f3t.<\/p>\n\n\n\n<figure class=\"wp-block-image size-large\"><img loading=\"lazy\" decoding=\"async\" width=\"1600\" height=\"1200\" src=\"https:\/\/www.askja-on-tour.ch\/wp-content\/uploads\/2020\/09\/Lagarfljo\u0308t-021.jpg\" alt=\"\" class=\"wp-image-14648\" srcset=\"https:\/\/www.askja-on-tour.ch\/wp-content\/uploads\/2020\/09\/Lagarfljo\u0308t-021.jpg 1600w, https:\/\/www.askja-on-tour.ch\/wp-content\/uploads\/2020\/09\/Lagarfljo\u0308t-021-1024x768.jpg 1024w, https:\/\/www.askja-on-tour.ch\/wp-content\/uploads\/2020\/09\/Lagarfljo\u0308t-021-768x576.jpg 768w, https:\/\/www.askja-on-tour.ch\/wp-content\/uploads\/2020\/09\/Lagarfljo\u0308t-021-1536x1152.jpg 1536w\" sizes=\"auto, (max-width: 1600px) 100vw, 1600px\" \/><\/figure>\n\n\n\n<figure class=\"wp-block-image size-large\"><img loading=\"lazy\" decoding=\"async\" width=\"1600\" height=\"1200\" src=\"https:\/\/www.askja-on-tour.ch\/wp-content\/uploads\/2020\/09\/Lagarfljo\u0308t-022.jpg\" alt=\"\" class=\"wp-image-14649\" srcset=\"https:\/\/www.askja-on-tour.ch\/wp-content\/uploads\/2020\/09\/Lagarfljo\u0308t-022.jpg 1600w, https:\/\/www.askja-on-tour.ch\/wp-content\/uploads\/2020\/09\/Lagarfljo\u0308t-022-1024x768.jpg 1024w, https:\/\/www.askja-on-tour.ch\/wp-content\/uploads\/2020\/09\/Lagarfljo\u0308t-022-768x576.jpg 768w, https:\/\/www.askja-on-tour.ch\/wp-content\/uploads\/2020\/09\/Lagarfljo\u0308t-022-1536x1152.jpg 1536w\" sizes=\"auto, (max-width: 1600px) 100vw, 1600px\" \/><\/figure>\n\n\n\n<figure class=\"wp-block-image size-large\"><img loading=\"lazy\" decoding=\"async\" width=\"1600\" height=\"1200\" src=\"https:\/\/www.askja-on-tour.ch\/wp-content\/uploads\/2020\/09\/Lagarfljo\u0308t-023.jpg\" alt=\"\" class=\"wp-image-14650\" srcset=\"https:\/\/www.askja-on-tour.ch\/wp-content\/uploads\/2020\/09\/Lagarfljo\u0308t-023.jpg 1600w, https:\/\/www.askja-on-tour.ch\/wp-content\/uploads\/2020\/09\/Lagarfljo\u0308t-023-1024x768.jpg 1024w, https:\/\/www.askja-on-tour.ch\/wp-content\/uploads\/2020\/09\/Lagarfljo\u0308t-023-768x576.jpg 768w, https:\/\/www.askja-on-tour.ch\/wp-content\/uploads\/2020\/09\/Lagarfljo\u0308t-023-1536x1152.jpg 1536w\" sizes=\"auto, (max-width: 1600px) 100vw, 1600px\" \/><\/figure>\n\n\n\n<figure class=\"wp-block-image size-large\"><img loading=\"lazy\" decoding=\"async\" width=\"1600\" height=\"1067\" src=\"https:\/\/www.askja-on-tour.ch\/wp-content\/uploads\/2020\/09\/Lagarfljo\u0308t-024.jpg\" alt=\"\" class=\"wp-image-14651\" srcset=\"https:\/\/www.askja-on-tour.ch\/wp-content\/uploads\/2020\/09\/Lagarfljo\u0308t-024.jpg 1600w, https:\/\/www.askja-on-tour.ch\/wp-content\/uploads\/2020\/09\/Lagarfljo\u0308t-024-1024x683.jpg 1024w, https:\/\/www.askja-on-tour.ch\/wp-content\/uploads\/2020\/09\/Lagarfljo\u0308t-024-768x512.jpg 768w, https:\/\/www.askja-on-tour.ch\/wp-content\/uploads\/2020\/09\/Lagarfljo\u0308t-024-1536x1024.jpg 1536w\" sizes=\"auto, (max-width: 1600px) 100vw, 1600px\" \/><\/figure>\n\n\n\n<figure class=\"wp-block-image size-large\"><img loading=\"lazy\" decoding=\"async\" width=\"1600\" height=\"1067\" src=\"https:\/\/www.askja-on-tour.ch\/wp-content\/uploads\/2020\/09\/Lagarfljo\u0308t-025.jpg\" alt=\"\" class=\"wp-image-14652\" srcset=\"https:\/\/www.askja-on-tour.ch\/wp-content\/uploads\/2020\/09\/Lagarfljo\u0308t-025.jpg 1600w, https:\/\/www.askja-on-tour.ch\/wp-content\/uploads\/2020\/09\/Lagarfljo\u0308t-025-1024x683.jpg 1024w, https:\/\/www.askja-on-tour.ch\/wp-content\/uploads\/2020\/09\/Lagarfljo\u0308t-025-768x512.jpg 768w, https:\/\/www.askja-on-tour.ch\/wp-content\/uploads\/2020\/09\/Lagarfljo\u0308t-025-1536x1024.jpg 1536w\" sizes=\"auto, (max-width: 1600px) 100vw, 1600px\" \/><\/figure>\n\n\n\n<figure class=\"wp-block-image size-large\"><img loading=\"lazy\" decoding=\"async\" width=\"1600\" height=\"1200\" src=\"https:\/\/www.askja-on-tour.ch\/wp-content\/uploads\/2020\/09\/Lagarfljo\u0308t-026.jpg\" alt=\"\" class=\"wp-image-14653\" srcset=\"https:\/\/www.askja-on-tour.ch\/wp-content\/uploads\/2020\/09\/Lagarfljo\u0308t-026.jpg 1600w, https:\/\/www.askja-on-tour.ch\/wp-content\/uploads\/2020\/09\/Lagarfljo\u0308t-026-1024x768.jpg 1024w, https:\/\/www.askja-on-tour.ch\/wp-content\/uploads\/2020\/09\/Lagarfljo\u0308t-026-768x576.jpg 768w, https:\/\/www.askja-on-tour.ch\/wp-content\/uploads\/2020\/09\/Lagarfljo\u0308t-026-1536x1152.jpg 1536w\" sizes=\"auto, (max-width: 1600px) 100vw, 1600px\" \/><\/figure>\n\n\n\n<figure class=\"wp-block-image size-large\"><img loading=\"lazy\" decoding=\"async\" width=\"1600\" height=\"1200\" src=\"https:\/\/www.askja-on-tour.ch\/wp-content\/uploads\/2020\/09\/Lagarfljo\u0308t-027.jpg\" alt=\"\" class=\"wp-image-14654\" srcset=\"https:\/\/www.askja-on-tour.ch\/wp-content\/uploads\/2020\/09\/Lagarfljo\u0308t-027.jpg 1600w, https:\/\/www.askja-on-tour.ch\/wp-content\/uploads\/2020\/09\/Lagarfljo\u0308t-027-1024x768.jpg 1024w, https:\/\/www.askja-on-tour.ch\/wp-content\/uploads\/2020\/09\/Lagarfljo\u0308t-027-768x576.jpg 768w, https:\/\/www.askja-on-tour.ch\/wp-content\/uploads\/2020\/09\/Lagarfljo\u0308t-027-1536x1152.jpg 1536w\" sizes=\"auto, (max-width: 1600px) 100vw, 1600px\" \/><\/figure>\n\n\n\n<figure class=\"wp-block-image size-large\"><img loading=\"lazy\" decoding=\"async\" width=\"1600\" height=\"1200\" src=\"https:\/\/www.askja-on-tour.ch\/wp-content\/uploads\/2020\/09\/Lagarfljo\u0308t-028.jpg\" alt=\"\" class=\"wp-image-14655\" srcset=\"https:\/\/www.askja-on-tour.ch\/wp-content\/uploads\/2020\/09\/Lagarfljo\u0308t-028.jpg 1600w, https:\/\/www.askja-on-tour.ch\/wp-content\/uploads\/2020\/09\/Lagarfljo\u0308t-028-1024x768.jpg 1024w, https:\/\/www.askja-on-tour.ch\/wp-content\/uploads\/2020\/09\/Lagarfljo\u0308t-028-768x576.jpg 768w, https:\/\/www.askja-on-tour.ch\/wp-content\/uploads\/2020\/09\/Lagarfljo\u0308t-028-1536x1152.jpg 1536w\" sizes=\"auto, (max-width: 1600px) 100vw, 1600px\" \/><\/figure>\n\n\n\n<figure class=\"wp-block-image size-large\"><img loading=\"lazy\" decoding=\"async\" width=\"1067\" height=\"1600\" src=\"https:\/\/www.askja-on-tour.ch\/wp-content\/uploads\/2020\/09\/Lagarfljo\u0308t-029.jpg\" alt=\"\" class=\"wp-image-14656\" srcset=\"https:\/\/www.askja-on-tour.ch\/wp-content\/uploads\/2020\/09\/Lagarfljo\u0308t-029.jpg 1067w, https:\/\/www.askja-on-tour.ch\/wp-content\/uploads\/2020\/09\/Lagarfljo\u0308t-029-683x1024.jpg 683w, https:\/\/www.askja-on-tour.ch\/wp-content\/uploads\/2020\/09\/Lagarfljo\u0308t-029-768x1152.jpg 768w, https:\/\/www.askja-on-tour.ch\/wp-content\/uploads\/2020\/09\/Lagarfljo\u0308t-029-1024x1536.jpg 1024w\" sizes=\"auto, (max-width: 1067px) 100vw, 1067px\" \/><\/figure>\n\n\n\n<figure class=\"wp-block-image size-large\"><img loading=\"lazy\" decoding=\"async\" width=\"1600\" height=\"1067\" src=\"https:\/\/www.askja-on-tour.ch\/wp-content\/uploads\/2020\/09\/Lagarfljo\u0308t-030.jpg\" alt=\"\" class=\"wp-image-14657\" srcset=\"https:\/\/www.askja-on-tour.ch\/wp-content\/uploads\/2020\/09\/Lagarfljo\u0308t-030.jpg 1600w, https:\/\/www.askja-on-tour.ch\/wp-content\/uploads\/2020\/09\/Lagarfljo\u0308t-030-1024x683.jpg 1024w, https:\/\/www.askja-on-tour.ch\/wp-content\/uploads\/2020\/09\/Lagarfljo\u0308t-030-768x512.jpg 768w, https:\/\/www.askja-on-tour.ch\/wp-content\/uploads\/2020\/09\/Lagarfljo\u0308t-030-1536x1024.jpg 1536w\" sizes=\"auto, (max-width: 1600px) 100vw, 1600px\" \/><figcaption>&#8230; hallo Ihr &#8211; wir sind auch noch da. Unser Freund John, selber Schafsfarmer sagt: Die Schafe sind die einzigen Kreatur,en mit dem starken Willen geboren wurden, sich selber umzubringen. Stimmt wirklich &#8211; sie z\u00f6gern keinen Moment, direkt vor ein Auto zu rennen.<\/figcaption><\/figure>\n","protected":false},"excerpt":{"rendered":"<p>Bei Abfahrt in Dj\u00fapivogur hat es kr\u00e4ftig geregnet und gewindet, so dass wir auf gr\u00f6ssere Fjord-Umkurvungen verzichtet haben. Wir hofften, dass wir in der N\u00e4he von Egilssta\u00f0ir etwas besseres Wetter finden und sind zum See Lagarflj\u00f3t gefahren. Hier war es<\/p>\n","protected":false},"author":3,"featured_media":0,"comment_status":"open","ping_status":"closed","sticky":false,"template":"","format":"standard","meta":{"footnotes":""},"categories":[25],"tags":[],"class_list":["post-14684","post","type-post","status-publish","format-standard","hentry","category-island2020"],"_links":{"self":[{"href":"https:\/\/www.askja-on-tour.ch\/index.php?rest_route=\/wp\/v2\/posts\/14684","targetHints":{"allow":["GET"]}}],"collection":[{"href":"https:\/\/www.askja-on-tour.ch\/index.php?rest_route=\/wp\/v2\/posts"}],"about":[{"href":"https:\/\/www.askja-on-tour.ch\/index.php?rest_route=\/wp\/v2\/types\/post"}],"author":[{"embeddable":true,"href":"https:\/\/www.askja-on-tour.ch\/index.php?rest_route=\/wp\/v2\/users\/3"}],"replies":[{"embeddable":true,"href":"https:\/\/www.askja-on-tour.ch\/index.php?rest_route=%2Fwp%2Fv2%2Fcomments&post=14684"}],"version-history":[{"count":16,"href":"https:\/\/www.askja-on-tour.ch\/index.php?rest_route=\/wp\/v2\/posts\/14684\/revisions"}],"predecessor-version":[{"id":14730,"href":"https:\/\/www.askja-on-tour.ch\/index.php?rest_route=\/wp\/v2\/posts\/14684\/revisions\/14730"}],"wp:attachment":[{"href":"https:\/\/www.askja-on-tour.ch\/index.php?rest_route=%2Fwp%2Fv2%2Fmedia&parent=14684"}],"wp:term":[{"taxonomy":"category","embeddable":true,"href":"https:\/\/www.askja-on-tour.ch\/index.php?rest_route=%2Fwp%2Fv2%2Fcategories&post=14684"},{"taxonomy":"post_tag","embeddable":true,"href":"https:\/\/www.askja-on-tour.ch\/index.php?rest_route=%2Fwp%2Fv2%2Ftags&post=14684"}],"curies":[{"name":"wp","href":"https:\/\/api.w.org\/{rel}","templated":true}]}}