{"id":14501,"date":"2020-09-23T22:38:01","date_gmt":"2020-09-23T22:38:01","guid":{"rendered":"https:\/\/www.askja-on-tour.ch\/?p=14501"},"modified":"2020-09-23T22:38:03","modified_gmt":"2020-09-23T22:38:03","slug":"23-09-2020-winter-wonder-land-von-raufarhoefn-nach-egilsstadir","status":"publish","type":"post","link":"https:\/\/www.askja-on-tour.ch\/?p=14501","title":{"rendered":"23.09.2020: Winter Wonder Land von Raufarh\u00f6fn nach Egilssta\u00f0ir"},"content":{"rendered":"\n<p>Sehr viel haben wir heute nicht erlebt oder gesehen ausser einer wahnsinnig sch\u00f6nen Winterlandschaft &#8211; und das auf Meeresh\u00f6he. Zuerst noch das obligate Foto vom Stellplatz (wenn wir es nicht gerade vergessen).<\/p>\n<p>Wir sind heute Morgen in Raufarh\u00f6fn losgefahren mit Tagesziel Sey\u00f0isfj\u00f6r\u00f0ur, da wir mal wieder waschen mussten. Aktuell sind ein Grossteil der Camping-Pl\u00e4tze geschlossen, resp. es darf kostenlos \u00fcbernachtet werden, aber Toiletten, Duschen und weitere Infrastruktur &#8211; eben Waschmaschinen &#8211; sind nicht zug\u00e4nglich. Aber in\u00a0Egilssta\u00f0ir ist dies anders &#8211; und das mussten wir nutzen.<\/p>\n<p><img loading=\"lazy\" decoding=\"async\" class=\"alignnone size-medium wp-image-14505\" src=\"https:\/\/www.askja-on-tour.ch\/wp-content\/uploads\/2020\/09\/Eglisstadir-001-1024x683.jpg\" alt=\"\" width=\"1024\" height=\"683\" srcset=\"https:\/\/www.askja-on-tour.ch\/wp-content\/uploads\/2020\/09\/Eglisstadir-001-1024x683.jpg 1024w, https:\/\/www.askja-on-tour.ch\/wp-content\/uploads\/2020\/09\/Eglisstadir-001-768x512.jpg 768w, https:\/\/www.askja-on-tour.ch\/wp-content\/uploads\/2020\/09\/Eglisstadir-001-1536x1024.jpg 1536w, https:\/\/www.askja-on-tour.ch\/wp-content\/uploads\/2020\/09\/Eglisstadir-001.jpg 1600w\" sizes=\"auto, (max-width: 1024px) 100vw, 1024px\" \/> <img loading=\"lazy\" decoding=\"async\" class=\"alignnone size-medium wp-image-14506\" src=\"https:\/\/www.askja-on-tour.ch\/wp-content\/uploads\/2020\/09\/Eglisstadir-002-1024x683.jpg\" alt=\"\" width=\"1024\" height=\"683\" srcset=\"https:\/\/www.askja-on-tour.ch\/wp-content\/uploads\/2020\/09\/Eglisstadir-002-1024x683.jpg 1024w, https:\/\/www.askja-on-tour.ch\/wp-content\/uploads\/2020\/09\/Eglisstadir-002-768x512.jpg 768w, https:\/\/www.askja-on-tour.ch\/wp-content\/uploads\/2020\/09\/Eglisstadir-002-1536x1024.jpg 1536w, https:\/\/www.askja-on-tour.ch\/wp-content\/uploads\/2020\/09\/Eglisstadir-002.jpg 1600w\" sizes=\"auto, (max-width: 1024px) 100vw, 1024px\" \/><\/p>\n<p>Und an der Tankstelle N1 wurden wir von einem kleinen Steinwichtel begr\u00fcsst.<\/p>\n<p><img loading=\"lazy\" decoding=\"async\" class=\"alignnone size-medium wp-image-14507\" src=\"https:\/\/www.askja-on-tour.ch\/wp-content\/uploads\/2020\/09\/Eglisstadir-003-683x1024.jpg\" alt=\"\" width=\"683\" height=\"1024\" srcset=\"https:\/\/www.askja-on-tour.ch\/wp-content\/uploads\/2020\/09\/Eglisstadir-003-683x1024.jpg 683w, https:\/\/www.askja-on-tour.ch\/wp-content\/uploads\/2020\/09\/Eglisstadir-003-768x1152.jpg 768w, https:\/\/www.askja-on-tour.ch\/wp-content\/uploads\/2020\/09\/Eglisstadir-003-1024x1536.jpg 1024w, https:\/\/www.askja-on-tour.ch\/wp-content\/uploads\/2020\/09\/Eglisstadir-003.jpg 1067w\" sizes=\"auto, (max-width: 683px) 100vw, 683px\" \/><\/p>\n<p>Die Fahr ging durch eine traumhafte Winterlandschaft &#8211; mit mal mehr und mal weniger Schnee &#8211; und das im September, wo in der Schweiz noch geschwitzt wird.<\/p>\n<p><img loading=\"lazy\" decoding=\"async\" class=\"alignnone size-medium wp-image-14509\" src=\"https:\/\/www.askja-on-tour.ch\/wp-content\/uploads\/2020\/09\/Eglisstadir-005-1024x683.jpg\" alt=\"\" width=\"1024\" height=\"683\" srcset=\"https:\/\/www.askja-on-tour.ch\/wp-content\/uploads\/2020\/09\/Eglisstadir-005-1024x683.jpg 1024w, https:\/\/www.askja-on-tour.ch\/wp-content\/uploads\/2020\/09\/Eglisstadir-005-768x512.jpg 768w, https:\/\/www.askja-on-tour.ch\/wp-content\/uploads\/2020\/09\/Eglisstadir-005-1536x1024.jpg 1536w, https:\/\/www.askja-on-tour.ch\/wp-content\/uploads\/2020\/09\/Eglisstadir-005.jpg 1600w\" sizes=\"auto, (max-width: 1024px) 100vw, 1024px\" \/> <img loading=\"lazy\" decoding=\"async\" class=\"alignnone size-medium wp-image-14510\" src=\"https:\/\/www.askja-on-tour.ch\/wp-content\/uploads\/2020\/09\/Eglisstadir-006-1024x683.jpg\" alt=\"\" width=\"1024\" height=\"683\" srcset=\"https:\/\/www.askja-on-tour.ch\/wp-content\/uploads\/2020\/09\/Eglisstadir-006-1024x683.jpg 1024w, https:\/\/www.askja-on-tour.ch\/wp-content\/uploads\/2020\/09\/Eglisstadir-006-768x512.jpg 768w, https:\/\/www.askja-on-tour.ch\/wp-content\/uploads\/2020\/09\/Eglisstadir-006-1536x1024.jpg 1536w, https:\/\/www.askja-on-tour.ch\/wp-content\/uploads\/2020\/09\/Eglisstadir-006.jpg 1600w\" sizes=\"auto, (max-width: 1024px) 100vw, 1024px\" \/> <img loading=\"lazy\" decoding=\"async\" class=\"alignnone size-medium wp-image-14511\" src=\"https:\/\/www.askja-on-tour.ch\/wp-content\/uploads\/2020\/09\/Eglisstadir-007-1024x683.jpg\" alt=\"\" width=\"1024\" height=\"683\" srcset=\"https:\/\/www.askja-on-tour.ch\/wp-content\/uploads\/2020\/09\/Eglisstadir-007-1024x683.jpg 1024w, https:\/\/www.askja-on-tour.ch\/wp-content\/uploads\/2020\/09\/Eglisstadir-007-768x512.jpg 768w, https:\/\/www.askja-on-tour.ch\/wp-content\/uploads\/2020\/09\/Eglisstadir-007-1536x1024.jpg 1536w, https:\/\/www.askja-on-tour.ch\/wp-content\/uploads\/2020\/09\/Eglisstadir-007.jpg 1600w\" sizes=\"auto, (max-width: 1024px) 100vw, 1024px\" \/> <img loading=\"lazy\" decoding=\"async\" class=\"alignnone size-medium wp-image-14513\" src=\"https:\/\/www.askja-on-tour.ch\/wp-content\/uploads\/2020\/09\/Eglisstadir-009-1024x683.jpg\" alt=\"\" width=\"1024\" height=\"683\" srcset=\"https:\/\/www.askja-on-tour.ch\/wp-content\/uploads\/2020\/09\/Eglisstadir-009-1024x683.jpg 1024w, https:\/\/www.askja-on-tour.ch\/wp-content\/uploads\/2020\/09\/Eglisstadir-009-768x512.jpg 768w, https:\/\/www.askja-on-tour.ch\/wp-content\/uploads\/2020\/09\/Eglisstadir-009-1536x1024.jpg 1536w, https:\/\/www.askja-on-tour.ch\/wp-content\/uploads\/2020\/09\/Eglisstadir-009.jpg 1600w\" sizes=\"auto, (max-width: 1024px) 100vw, 1024px\" \/> <img loading=\"lazy\" decoding=\"async\" class=\"alignnone size-medium wp-image-14512\" src=\"https:\/\/www.askja-on-tour.ch\/wp-content\/uploads\/2020\/09\/Eglisstadir-008-1024x683.jpg\" alt=\"\" width=\"1024\" height=\"683\" srcset=\"https:\/\/www.askja-on-tour.ch\/wp-content\/uploads\/2020\/09\/Eglisstadir-008-1024x683.jpg 1024w, https:\/\/www.askja-on-tour.ch\/wp-content\/uploads\/2020\/09\/Eglisstadir-008-768x512.jpg 768w, https:\/\/www.askja-on-tour.ch\/wp-content\/uploads\/2020\/09\/Eglisstadir-008-1536x1024.jpg 1536w, https:\/\/www.askja-on-tour.ch\/wp-content\/uploads\/2020\/09\/Eglisstadir-008.jpg 1600w\" sizes=\"auto, (max-width: 1024px) 100vw, 1024px\" \/><\/p>\n<p>Der erste Haltepunkt war die Kirche Skeggjastadir, sie ist die \u00e4lteste Kirche in Ostisland. 1961\/1962 wurde sie renoviert.<\/p>\n<p><img loading=\"lazy\" decoding=\"async\" class=\"alignnone size-medium wp-image-14515\" src=\"https:\/\/www.askja-on-tour.ch\/wp-content\/uploads\/2020\/09\/Eglisstadir-011-1024x683.jpg\" alt=\"\" width=\"1024\" height=\"683\" srcset=\"https:\/\/www.askja-on-tour.ch\/wp-content\/uploads\/2020\/09\/Eglisstadir-011-1024x683.jpg 1024w, https:\/\/www.askja-on-tour.ch\/wp-content\/uploads\/2020\/09\/Eglisstadir-011-768x512.jpg 768w, https:\/\/www.askja-on-tour.ch\/wp-content\/uploads\/2020\/09\/Eglisstadir-011-1536x1024.jpg 1536w, https:\/\/www.askja-on-tour.ch\/wp-content\/uploads\/2020\/09\/Eglisstadir-011.jpg 1600w\" sizes=\"auto, (max-width: 1024px) 100vw, 1024px\" \/> <img loading=\"lazy\" decoding=\"async\" class=\"alignnone size-medium wp-image-14516\" src=\"https:\/\/www.askja-on-tour.ch\/wp-content\/uploads\/2020\/09\/Eglisstadir-012-1024x683.jpg\" alt=\"\" width=\"1024\" height=\"683\" srcset=\"https:\/\/www.askja-on-tour.ch\/wp-content\/uploads\/2020\/09\/Eglisstadir-012-1024x683.jpg 1024w, https:\/\/www.askja-on-tour.ch\/wp-content\/uploads\/2020\/09\/Eglisstadir-012-768x512.jpg 768w, https:\/\/www.askja-on-tour.ch\/wp-content\/uploads\/2020\/09\/Eglisstadir-012-1536x1024.jpg 1536w, https:\/\/www.askja-on-tour.ch\/wp-content\/uploads\/2020\/09\/Eglisstadir-012.jpg 1600w\" sizes=\"auto, (max-width: 1024px) 100vw, 1024px\" \/><\/p>\n<p>In der N\u00e4he der Kirche stehen veschiedene einzelne, einsame Farmen wie \u00fcberall in der Gegend. Wir haben uns immer wieder gefragt, wovon diese leben. Gestern wurde uns erz\u00e4hlt, dass es Schaf- oder Island-Pferde-Wirtschaft ist. Aber die meisten Bauern erwirtschaften mit dem Sammeln und Verkauf von Schwemmholz, dem Fischfang und der Ernte von Federn der Eiderente einen Zusatzverdienst. Die Eiderente polstert mit eigenen Federn ihre Nester aus, um das Gelege vor der eisigen K\u00e4lte und den Winden zu sch\u00fctzen und zu w\u00e4rmen. Die Bauern nehmen aus diesen Nestern einen Teil der Federn, die f\u00fcr erstklassige Daunendecken genutzt werden.<\/p>\n<p><img loading=\"lazy\" decoding=\"async\" class=\"alignnone size-medium wp-image-14517\" src=\"https:\/\/www.askja-on-tour.ch\/wp-content\/uploads\/2020\/09\/Eglisstadir-013-1024x683.jpg\" alt=\"\" width=\"1024\" height=\"683\" srcset=\"https:\/\/www.askja-on-tour.ch\/wp-content\/uploads\/2020\/09\/Eglisstadir-013-1024x683.jpg 1024w, https:\/\/www.askja-on-tour.ch\/wp-content\/uploads\/2020\/09\/Eglisstadir-013-768x512.jpg 768w, https:\/\/www.askja-on-tour.ch\/wp-content\/uploads\/2020\/09\/Eglisstadir-013-1536x1024.jpg 1536w, https:\/\/www.askja-on-tour.ch\/wp-content\/uploads\/2020\/09\/Eglisstadir-013.jpg 1600w\" sizes=\"auto, (max-width: 1024px) 100vw, 1024px\" \/> <img loading=\"lazy\" decoding=\"async\" class=\"alignnone size-medium wp-image-14514\" src=\"https:\/\/www.askja-on-tour.ch\/wp-content\/uploads\/2020\/09\/Eglisstadir-010-1024x683.jpg\" alt=\"\" width=\"1024\" height=\"683\" srcset=\"https:\/\/www.askja-on-tour.ch\/wp-content\/uploads\/2020\/09\/Eglisstadir-010-1024x683.jpg 1024w, https:\/\/www.askja-on-tour.ch\/wp-content\/uploads\/2020\/09\/Eglisstadir-010-768x512.jpg 768w, https:\/\/www.askja-on-tour.ch\/wp-content\/uploads\/2020\/09\/Eglisstadir-010-1536x1024.jpg 1536w, https:\/\/www.askja-on-tour.ch\/wp-content\/uploads\/2020\/09\/Eglisstadir-010.jpg 1600w\" sizes=\"auto, (max-width: 1024px) 100vw, 1024px\" \/> <img loading=\"lazy\" decoding=\"async\" class=\"alignnone size-medium wp-image-14508\" src=\"https:\/\/www.askja-on-tour.ch\/wp-content\/uploads\/2020\/09\/Eglisstadir-004-1024x683.jpg\" alt=\"\" width=\"1024\" height=\"683\" srcset=\"https:\/\/www.askja-on-tour.ch\/wp-content\/uploads\/2020\/09\/Eglisstadir-004-1024x683.jpg 1024w, https:\/\/www.askja-on-tour.ch\/wp-content\/uploads\/2020\/09\/Eglisstadir-004-768x512.jpg 768w, https:\/\/www.askja-on-tour.ch\/wp-content\/uploads\/2020\/09\/Eglisstadir-004-1536x1024.jpg 1536w, https:\/\/www.askja-on-tour.ch\/wp-content\/uploads\/2020\/09\/Eglisstadir-004.jpg 1600w\" sizes=\"auto, (max-width: 1024px) 100vw, 1024px\" \/><\/p>\n<p>Danach planten wir von\u00a0Raufarh\u00f6fn via \u00de\u00f3rsh\u00f6fn auf der Bergstrasse noch einen \u00a0sch\u00f6nen Umweg zu fahren. Zuerst ging es<span class=\"Apple-converted-space\">\u00a0 <\/span>mit der 85 ein St\u00fcck in Richtung S\u00fcdosten, um dann bei<span class=\"Apple-converted-space\">\u00a0 <\/span>Vopnafj\u00f6r\u00f0ur die Bergstrasse 917 nach\u00a0Sey\u00f0isfj\u00f6r\u00f0ur zu fahren. Die Strasseninformation sagte schon, dass es gewisse schwierige St\u00fccke drin hat. Das hatten wir aber schon \u00f6fters und sind weitergefahren &#8211; ein uns entgegenkommender Farmer hielt an und \u00a0warnte, weiter zu fahren, da aktuell Schnee und Eis auf der Strasse sind, die v.a. bei der steilen, kurvige Runterfahrt gef\u00e4hrlich seien. In Anbetracht dessen, dass die Strasse auf 656 Meter<span class=\"Apple-converted-space\">\u00a0hoch f\u00fchrt, sind wir umgedreht und stattdessen eine Route gefahren, die nicht ganz so hoch geht.\u00a0<\/span><\/p>\n<p>Wir wollen heute noch in das sehr weit ausserhalb liegende Schwimmbad fahren und uns &#8222;entspannen&#8220; &#8211; Sel\u00e1rdalslaug. Es ist eines der wenigen \u00a0Geothermalb\u00e4der im Osten von Island und direkt beim Fluss Sel\u00e1, der sehr bekannt und beliebt bei den Lachs-Fischern ist. Bei der Anfahrt hiess es &#8222;Open&#8220;, bei Ankunft &#8211; wer weiss es &#8211; Loka\u00f0<em>. <\/em>Resp. wir h\u00e4tten zwei Stunden warten k\u00f6nnen, dann w\u00e4re es evtl. ge\u00f6ffnet worden. Auf jeden Fall hatte der zust\u00e4ndige Bademeister kein Interesse auf Kundschaft. N\u00e4 ju denn &#8211; fahren wir halt weiter.<\/p>\n<p><img loading=\"lazy\" decoding=\"async\" class=\"alignnone size-medium wp-image-14521\" src=\"https:\/\/www.askja-on-tour.ch\/wp-content\/uploads\/2020\/09\/Eglisstadir-017-1024x683.jpg\" alt=\"\" width=\"1024\" height=\"683\" srcset=\"https:\/\/www.askja-on-tour.ch\/wp-content\/uploads\/2020\/09\/Eglisstadir-017-1024x683.jpg 1024w, https:\/\/www.askja-on-tour.ch\/wp-content\/uploads\/2020\/09\/Eglisstadir-017-768x512.jpg 768w, https:\/\/www.askja-on-tour.ch\/wp-content\/uploads\/2020\/09\/Eglisstadir-017-1536x1024.jpg 1536w, https:\/\/www.askja-on-tour.ch\/wp-content\/uploads\/2020\/09\/Eglisstadir-017.jpg 1600w\" sizes=\"auto, (max-width: 1024px) 100vw, 1024px\" \/><\/p>\n<p>Und heute kamen wir rechtzeitig in Egilssta\u00f0ir an, damit wir waschen konnten.\u00a0<\/p>\n<p>\u00a0<\/p>\n\n\n\n<iframe loading=\"lazy\" src=\"https:\/\/www.google.com\/maps\/d\/embed?mid=1GRuDS2EMA4t7kR0EN6UZACo_AI2cdViA\" width=\"640\" height=\"480\"><\/iframe>\n","protected":false},"excerpt":{"rendered":"<p>Sehr viel haben wir heute nicht erlebt oder gesehen ausser einer wahnsinnig sch\u00f6nen Winterlandschaft &#8211; und das auf Meeresh\u00f6he. Zuerst noch das obligate Foto vom Stellplatz (wenn wir es nicht gerade vergessen). Wir sind heute Morgen in Raufarh\u00f6fn losgefahren mit<\/p>\n","protected":false},"author":3,"featured_media":0,"comment_status":"open","ping_status":"closed","sticky":false,"template":"","format":"standard","meta":{"footnotes":""},"categories":[25],"tags":[],"class_list":["post-14501","post","type-post","status-publish","format-standard","hentry","category-island2020"],"_links":{"self":[{"href":"https:\/\/www.askja-on-tour.ch\/index.php?rest_route=\/wp\/v2\/posts\/14501","targetHints":{"allow":["GET"]}}],"collection":[{"href":"https:\/\/www.askja-on-tour.ch\/index.php?rest_route=\/wp\/v2\/posts"}],"about":[{"href":"https:\/\/www.askja-on-tour.ch\/index.php?rest_route=\/wp\/v2\/types\/post"}],"author":[{"embeddable":true,"href":"https:\/\/www.askja-on-tour.ch\/index.php?rest_route=\/wp\/v2\/users\/3"}],"replies":[{"embeddable":true,"href":"https:\/\/www.askja-on-tour.ch\/index.php?rest_route=%2Fwp%2Fv2%2Fcomments&post=14501"}],"version-history":[{"count":9,"href":"https:\/\/www.askja-on-tour.ch\/index.php?rest_route=\/wp\/v2\/posts\/14501\/revisions"}],"predecessor-version":[{"id":14531,"href":"https:\/\/www.askja-on-tour.ch\/index.php?rest_route=\/wp\/v2\/posts\/14501\/revisions\/14531"}],"wp:attachment":[{"href":"https:\/\/www.askja-on-tour.ch\/index.php?rest_route=%2Fwp%2Fv2%2Fmedia&parent=14501"}],"wp:term":[{"taxonomy":"category","embeddable":true,"href":"https:\/\/www.askja-on-tour.ch\/index.php?rest_route=%2Fwp%2Fv2%2Fcategories&post=14501"},{"taxonomy":"post_tag","embeddable":true,"href":"https:\/\/www.askja-on-tour.ch\/index.php?rest_route=%2Fwp%2Fv2%2Ftags&post=14501"}],"curies":[{"name":"wp","href":"https:\/\/api.w.org\/{rel}","templated":true}]}}