{"id":14439,"date":"2020-09-22T22:16:43","date_gmt":"2020-09-22T22:16:43","guid":{"rendered":"https:\/\/www.askja-on-tour.ch\/?p=14439"},"modified":"2020-09-22T22:16:45","modified_gmt":"2020-09-22T22:16:45","slug":"22-09-2020-raufarhoefn-die-noerdlichste-stadt-auf-dem-islaendischen-festland-noch-17-km-bis-zum-noerdlichen-polarkreis","status":"publish","type":"post","link":"https:\/\/www.askja-on-tour.ch\/?p=14439","title":{"rendered":"22.09.2020: Raufarh\u00f6fn &#8211; die n\u00f6rdlichste Stadt auf dem isl\u00e4ndischen Festland &#8211; noch 17 km bis zum n\u00f6rdlichen Polarkreis"},"content":{"rendered":"\n<p>Bei strahlendem Wetter sind wir heute Morgen Richtung Nordosten nach K\u00f3pasker aufgebrochen, aber nicht \u00a0ohne vorher noch ein Foto von unserem Camping-Platz in \u00c1sbyrgi zu machen, wo wir zwei N\u00e4chte \u00fcbernachtet haben.<\/p>\n<p><img loading=\"lazy\" decoding=\"async\" class=\"alignnone size-medium wp-image-14460\" src=\"https:\/\/www.askja-on-tour.ch\/wp-content\/uploads\/2020\/09\/Porshoefn-001-1-1024x768.jpg\" alt=\"\" width=\"1024\" height=\"768\" srcset=\"https:\/\/www.askja-on-tour.ch\/wp-content\/uploads\/2020\/09\/Porshoefn-001-1-1024x768.jpg 1024w, https:\/\/www.askja-on-tour.ch\/wp-content\/uploads\/2020\/09\/Porshoefn-001-1-768x576.jpg 768w, https:\/\/www.askja-on-tour.ch\/wp-content\/uploads\/2020\/09\/Porshoefn-001-1-1536x1152.jpg 1536w, https:\/\/www.askja-on-tour.ch\/wp-content\/uploads\/2020\/09\/Porshoefn-001-1.jpg 1600w\" sizes=\"auto, (max-width: 1024px) 100vw, 1024px\" \/><\/p>\n<p>Auf dem Weg raus aus \u00c1sbyrgi werden wir \u00fcber eine imposante Br\u00fccke gef\u00fchrt. Sie \u00fcberquert den Gletscherfluss J\u00f6kulsa a Fj\u00f6llum, den wir bereits bei den Wasserf\u00e4llen Dettifoss und Selfoss bewundert haben.\u00a0<\/p>\n<p><img loading=\"lazy\" decoding=\"async\" class=\"alignnone size-medium wp-image-14461\" src=\"https:\/\/www.askja-on-tour.ch\/wp-content\/uploads\/2020\/09\/Porshoefn-002-1-1024x683.jpg\" alt=\"\" width=\"1024\" height=\"683\" srcset=\"https:\/\/www.askja-on-tour.ch\/wp-content\/uploads\/2020\/09\/Porshoefn-002-1-1024x683.jpg 1024w, https:\/\/www.askja-on-tour.ch\/wp-content\/uploads\/2020\/09\/Porshoefn-002-1-768x512.jpg 768w, https:\/\/www.askja-on-tour.ch\/wp-content\/uploads\/2020\/09\/Porshoefn-002-1-1536x1024.jpg 1536w, https:\/\/www.askja-on-tour.ch\/wp-content\/uploads\/2020\/09\/Porshoefn-002-1.jpg 1600w\" sizes=\"auto, (max-width: 1024px) 100vw, 1024px\" \/><\/p>\n<p>Unterwegs beeindrucken uns immer wieder die tollen Herbstfarben und die grossen Schafherden, die zusammengetrieben wurde.<\/p>\n<p><img loading=\"lazy\" decoding=\"async\" class=\"alignnone size-medium wp-image-14462\" src=\"https:\/\/www.askja-on-tour.ch\/wp-content\/uploads\/2020\/09\/Porshoefn-003-1-1024x683.jpg\" alt=\"\" width=\"1024\" height=\"683\" srcset=\"https:\/\/www.askja-on-tour.ch\/wp-content\/uploads\/2020\/09\/Porshoefn-003-1-1024x683.jpg 1024w, https:\/\/www.askja-on-tour.ch\/wp-content\/uploads\/2020\/09\/Porshoefn-003-1-768x512.jpg 768w, https:\/\/www.askja-on-tour.ch\/wp-content\/uploads\/2020\/09\/Porshoefn-003-1-1536x1024.jpg 1536w, https:\/\/www.askja-on-tour.ch\/wp-content\/uploads\/2020\/09\/Porshoefn-003-1.jpg 1600w\" sizes=\"auto, (max-width: 1024px) 100vw, 1024px\" \/> <img loading=\"lazy\" decoding=\"async\" class=\"alignnone size-medium wp-image-14463\" src=\"https:\/\/www.askja-on-tour.ch\/wp-content\/uploads\/2020\/09\/Porshoefn-004-1-1024x683.jpg\" alt=\"\" width=\"1024\" height=\"683\" srcset=\"https:\/\/www.askja-on-tour.ch\/wp-content\/uploads\/2020\/09\/Porshoefn-004-1-1024x683.jpg 1024w, https:\/\/www.askja-on-tour.ch\/wp-content\/uploads\/2020\/09\/Porshoefn-004-1-768x512.jpg 768w, https:\/\/www.askja-on-tour.ch\/wp-content\/uploads\/2020\/09\/Porshoefn-004-1-1536x1024.jpg 1536w, https:\/\/www.askja-on-tour.ch\/wp-content\/uploads\/2020\/09\/Porshoefn-004-1.jpg 1600w\" sizes=\"auto, (max-width: 1024px) 100vw, 1024px\" \/><\/p>\n<p>Der Ort K\u00f3pasker bietet aus unserer Sicht nicht viel Besonderes, ausser einem Museum, das die Auswirkungen des starken Erdbebens vom 13. Januar 1976 zeigt. Aber die verschiedenen Vogelscheuchen bei einem Bauernhof fanden wir besonders witzig.<\/p>\n<p><img loading=\"lazy\" decoding=\"async\" class=\"alignnone size-medium wp-image-14466\" src=\"https:\/\/www.askja-on-tour.ch\/wp-content\/uploads\/2020\/09\/Porshoefn-007-1024x683.jpg\" alt=\"\" width=\"1024\" height=\"683\" srcset=\"https:\/\/www.askja-on-tour.ch\/wp-content\/uploads\/2020\/09\/Porshoefn-007-1024x683.jpg 1024w, https:\/\/www.askja-on-tour.ch\/wp-content\/uploads\/2020\/09\/Porshoefn-007-768x512.jpg 768w, https:\/\/www.askja-on-tour.ch\/wp-content\/uploads\/2020\/09\/Porshoefn-007-1536x1024.jpg 1536w, https:\/\/www.askja-on-tour.ch\/wp-content\/uploads\/2020\/09\/Porshoefn-007.jpg 1600w\" sizes=\"auto, (max-width: 1024px) 100vw, 1024px\" \/> <img loading=\"lazy\" decoding=\"async\" class=\"alignnone size-medium wp-image-14467\" src=\"https:\/\/www.askja-on-tour.ch\/wp-content\/uploads\/2020\/09\/Porshoefn-008-683x1024.jpg\" alt=\"\" width=\"683\" height=\"1024\" srcset=\"https:\/\/www.askja-on-tour.ch\/wp-content\/uploads\/2020\/09\/Porshoefn-008-683x1024.jpg 683w, https:\/\/www.askja-on-tour.ch\/wp-content\/uploads\/2020\/09\/Porshoefn-008-768x1152.jpg 768w, https:\/\/www.askja-on-tour.ch\/wp-content\/uploads\/2020\/09\/Porshoefn-008-1024x1536.jpg 1024w, https:\/\/www.askja-on-tour.ch\/wp-content\/uploads\/2020\/09\/Porshoefn-008.jpg 1067w\" sizes=\"auto, (max-width: 683px) 100vw, 683px\" \/> <img loading=\"lazy\" decoding=\"async\" class=\"alignnone size-medium wp-image-14468\" src=\"https:\/\/www.askja-on-tour.ch\/wp-content\/uploads\/2020\/09\/Porshoefn-009-1024x768.jpg\" alt=\"\" width=\"1024\" height=\"768\" srcset=\"https:\/\/www.askja-on-tour.ch\/wp-content\/uploads\/2020\/09\/Porshoefn-009-1024x768.jpg 1024w, https:\/\/www.askja-on-tour.ch\/wp-content\/uploads\/2020\/09\/Porshoefn-009-768x576.jpg 768w, https:\/\/www.askja-on-tour.ch\/wp-content\/uploads\/2020\/09\/Porshoefn-009-1536x1152.jpg 1536w, https:\/\/www.askja-on-tour.ch\/wp-content\/uploads\/2020\/09\/Porshoefn-009.jpg 1600w\" sizes=\"auto, (max-width: 1024px) 100vw, 1024px\" \/> <img loading=\"lazy\" decoding=\"async\" class=\"alignnone size-medium wp-image-14469\" src=\"https:\/\/www.askja-on-tour.ch\/wp-content\/uploads\/2020\/09\/Porshoefn-010-1024x683.jpg\" alt=\"\" width=\"1024\" height=\"683\" srcset=\"https:\/\/www.askja-on-tour.ch\/wp-content\/uploads\/2020\/09\/Porshoefn-010-1024x683.jpg 1024w, https:\/\/www.askja-on-tour.ch\/wp-content\/uploads\/2020\/09\/Porshoefn-010-768x512.jpg 768w, https:\/\/www.askja-on-tour.ch\/wp-content\/uploads\/2020\/09\/Porshoefn-010-1536x1024.jpg 1536w, https:\/\/www.askja-on-tour.ch\/wp-content\/uploads\/2020\/09\/Porshoefn-010.jpg 1600w\" sizes=\"auto, (max-width: 1024px) 100vw, 1024px\" \/><\/p>\n<p>Wir haben die Halbinsel Melrakkasl\u00e9tta komplett umrundet. Die Gewalt des Ozeans, die Gr\u00f6nlandsee, \u00a0hat uns tief beeindruckt. Wir haben an der K\u00fcste die m\u00e4chtigen Wellen beobachtet, wie sie grosse Steine immer wieder umdrehten; dabei war ein grollendes Ger\u00e4usch h\u00f6rbar.<\/p>\n<p><img loading=\"lazy\" decoding=\"async\" class=\"alignnone size-medium wp-image-14474\" src=\"https:\/\/www.askja-on-tour.ch\/wp-content\/uploads\/2020\/09\/Porshoefn-015-1-1024x683.jpg\" alt=\"\" width=\"1024\" height=\"683\" srcset=\"https:\/\/www.askja-on-tour.ch\/wp-content\/uploads\/2020\/09\/Porshoefn-015-1-1024x683.jpg 1024w, https:\/\/www.askja-on-tour.ch\/wp-content\/uploads\/2020\/09\/Porshoefn-015-1-768x512.jpg 768w, https:\/\/www.askja-on-tour.ch\/wp-content\/uploads\/2020\/09\/Porshoefn-015-1-1536x1024.jpg 1536w, https:\/\/www.askja-on-tour.ch\/wp-content\/uploads\/2020\/09\/Porshoefn-015-1.jpg 1600w\" sizes=\"auto, (max-width: 1024px) 100vw, 1024px\" \/> <img loading=\"lazy\" decoding=\"async\" class=\"alignnone size-medium wp-image-14475\" src=\"https:\/\/www.askja-on-tour.ch\/wp-content\/uploads\/2020\/09\/Porshoefn-016-1024x683.jpg\" alt=\"\" width=\"1024\" height=\"683\" srcset=\"https:\/\/www.askja-on-tour.ch\/wp-content\/uploads\/2020\/09\/Porshoefn-016-1024x683.jpg 1024w, https:\/\/www.askja-on-tour.ch\/wp-content\/uploads\/2020\/09\/Porshoefn-016-768x512.jpg 768w, https:\/\/www.askja-on-tour.ch\/wp-content\/uploads\/2020\/09\/Porshoefn-016-1536x1024.jpg 1536w, https:\/\/www.askja-on-tour.ch\/wp-content\/uploads\/2020\/09\/Porshoefn-016.jpg 1600w\" sizes=\"auto, (max-width: 1024px) 100vw, 1024px\" \/> <img loading=\"lazy\" decoding=\"async\" class=\"alignnone size-medium wp-image-14476\" src=\"https:\/\/www.askja-on-tour.ch\/wp-content\/uploads\/2020\/09\/Porshoefn-017-1024x683.jpg\" alt=\"\" width=\"1024\" height=\"683\" srcset=\"https:\/\/www.askja-on-tour.ch\/wp-content\/uploads\/2020\/09\/Porshoefn-017-1024x683.jpg 1024w, https:\/\/www.askja-on-tour.ch\/wp-content\/uploads\/2020\/09\/Porshoefn-017-768x512.jpg 768w, https:\/\/www.askja-on-tour.ch\/wp-content\/uploads\/2020\/09\/Porshoefn-017-1536x1024.jpg 1536w, https:\/\/www.askja-on-tour.ch\/wp-content\/uploads\/2020\/09\/Porshoefn-017.jpg 1600w\" sizes=\"auto, (max-width: 1024px) 100vw, 1024px\" \/><\/p>\n<p><img loading=\"lazy\" decoding=\"async\" class=\"alignnone size-medium wp-image-14464\" src=\"https:\/\/www.askja-on-tour.ch\/wp-content\/uploads\/2020\/09\/Porshoefn-005-1024x683.jpg\" alt=\"\" width=\"1024\" height=\"683\" srcset=\"https:\/\/www.askja-on-tour.ch\/wp-content\/uploads\/2020\/09\/Porshoefn-005-1024x683.jpg 1024w, https:\/\/www.askja-on-tour.ch\/wp-content\/uploads\/2020\/09\/Porshoefn-005-768x512.jpg 768w, https:\/\/www.askja-on-tour.ch\/wp-content\/uploads\/2020\/09\/Porshoefn-005-1536x1024.jpg 1536w, https:\/\/www.askja-on-tour.ch\/wp-content\/uploads\/2020\/09\/Porshoefn-005.jpg 1600w\" sizes=\"auto, (max-width: 1024px) 100vw, 1024px\" \/> <img loading=\"lazy\" decoding=\"async\" class=\"alignnone size-medium wp-image-14470\" src=\"https:\/\/www.askja-on-tour.ch\/wp-content\/uploads\/2020\/09\/Porshoefn-011-1024x683.jpg\" alt=\"\" width=\"1024\" height=\"683\" srcset=\"https:\/\/www.askja-on-tour.ch\/wp-content\/uploads\/2020\/09\/Porshoefn-011-1024x683.jpg 1024w, https:\/\/www.askja-on-tour.ch\/wp-content\/uploads\/2020\/09\/Porshoefn-011-768x512.jpg 768w, https:\/\/www.askja-on-tour.ch\/wp-content\/uploads\/2020\/09\/Porshoefn-011-1536x1024.jpg 1536w, https:\/\/www.askja-on-tour.ch\/wp-content\/uploads\/2020\/09\/Porshoefn-011.jpg 1600w\" sizes=\"auto, (max-width: 1024px) 100vw, 1024px\" \/> <img loading=\"lazy\" decoding=\"async\" class=\"alignnone size-medium wp-image-14471\" src=\"https:\/\/www.askja-on-tour.ch\/wp-content\/uploads\/2020\/09\/Porshoefn-012-1-1024x683.jpg\" alt=\"\" width=\"1024\" height=\"683\" srcset=\"https:\/\/www.askja-on-tour.ch\/wp-content\/uploads\/2020\/09\/Porshoefn-012-1-1024x683.jpg 1024w, https:\/\/www.askja-on-tour.ch\/wp-content\/uploads\/2020\/09\/Porshoefn-012-1-768x512.jpg 768w, https:\/\/www.askja-on-tour.ch\/wp-content\/uploads\/2020\/09\/Porshoefn-012-1-1536x1024.jpg 1536w, https:\/\/www.askja-on-tour.ch\/wp-content\/uploads\/2020\/09\/Porshoefn-012-1.jpg 1600w\" sizes=\"auto, (max-width: 1024px) 100vw, 1024px\" \/><\/p>\n<p><img loading=\"lazy\" decoding=\"async\" class=\"alignnone size-medium wp-image-14477\" src=\"https:\/\/www.askja-on-tour.ch\/wp-content\/uploads\/2020\/09\/Porshoefn-018-1024x683.jpg\" alt=\"\" width=\"1024\" height=\"683\" srcset=\"https:\/\/www.askja-on-tour.ch\/wp-content\/uploads\/2020\/09\/Porshoefn-018-1024x683.jpg 1024w, https:\/\/www.askja-on-tour.ch\/wp-content\/uploads\/2020\/09\/Porshoefn-018-768x512.jpg 768w, https:\/\/www.askja-on-tour.ch\/wp-content\/uploads\/2020\/09\/Porshoefn-018-1536x1024.jpg 1536w, https:\/\/www.askja-on-tour.ch\/wp-content\/uploads\/2020\/09\/Porshoefn-018.jpg 1600w\" sizes=\"auto, (max-width: 1024px) 100vw, 1024px\" \/> <img loading=\"lazy\" decoding=\"async\" class=\"alignnone size-medium wp-image-14478\" src=\"https:\/\/www.askja-on-tour.ch\/wp-content\/uploads\/2020\/09\/Porshoefn-019-768x1024.jpg\" alt=\"\" width=\"768\" height=\"1024\" srcset=\"https:\/\/www.askja-on-tour.ch\/wp-content\/uploads\/2020\/09\/Porshoefn-019-768x1024.jpg 768w, https:\/\/www.askja-on-tour.ch\/wp-content\/uploads\/2020\/09\/Porshoefn-019-1152x1536.jpg 1152w, https:\/\/www.askja-on-tour.ch\/wp-content\/uploads\/2020\/09\/Porshoefn-019.jpg 1200w\" sizes=\"auto, (max-width: 768px) 100vw, 768px\" \/> <img loading=\"lazy\" decoding=\"async\" class=\"alignnone size-medium wp-image-14480\" src=\"https:\/\/www.askja-on-tour.ch\/wp-content\/uploads\/2020\/09\/Porshoefn-021-1024x683.jpg\" alt=\"\" width=\"1024\" height=\"683\" srcset=\"https:\/\/www.askja-on-tour.ch\/wp-content\/uploads\/2020\/09\/Porshoefn-021-1024x683.jpg 1024w, https:\/\/www.askja-on-tour.ch\/wp-content\/uploads\/2020\/09\/Porshoefn-021-768x512.jpg 768w, https:\/\/www.askja-on-tour.ch\/wp-content\/uploads\/2020\/09\/Porshoefn-021-1536x1024.jpg 1536w, https:\/\/www.askja-on-tour.ch\/wp-content\/uploads\/2020\/09\/Porshoefn-021.jpg 1600w\" sizes=\"auto, (max-width: 1024px) 100vw, 1024px\" \/> <img loading=\"lazy\" decoding=\"async\" class=\"alignnone size-medium wp-image-14481\" src=\"https:\/\/www.askja-on-tour.ch\/wp-content\/uploads\/2020\/09\/Porshoefn-022-1024x683.jpg\" alt=\"\" width=\"1024\" height=\"683\" srcset=\"https:\/\/www.askja-on-tour.ch\/wp-content\/uploads\/2020\/09\/Porshoefn-022-1024x683.jpg 1024w, https:\/\/www.askja-on-tour.ch\/wp-content\/uploads\/2020\/09\/Porshoefn-022-768x512.jpg 768w, https:\/\/www.askja-on-tour.ch\/wp-content\/uploads\/2020\/09\/Porshoefn-022-1536x1024.jpg 1536w, https:\/\/www.askja-on-tour.ch\/wp-content\/uploads\/2020\/09\/Porshoefn-022.jpg 1600w\" sizes=\"auto, (max-width: 1024px) 100vw, 1024px\" \/> <img loading=\"lazy\" decoding=\"async\" class=\"alignnone size-medium wp-image-14479\" src=\"https:\/\/www.askja-on-tour.ch\/wp-content\/uploads\/2020\/09\/Porshoefn-020-1024x683.jpg\" alt=\"\" width=\"1024\" height=\"683\" srcset=\"https:\/\/www.askja-on-tour.ch\/wp-content\/uploads\/2020\/09\/Porshoefn-020-1024x683.jpg 1024w, https:\/\/www.askja-on-tour.ch\/wp-content\/uploads\/2020\/09\/Porshoefn-020-768x512.jpg 768w, https:\/\/www.askja-on-tour.ch\/wp-content\/uploads\/2020\/09\/Porshoefn-020-1536x1024.jpg 1536w, https:\/\/www.askja-on-tour.ch\/wp-content\/uploads\/2020\/09\/Porshoefn-020.jpg 1600w\" sizes=\"auto, (max-width: 1024px) 100vw, 1024px\" \/><\/p>\n<p style=\"text-align: center;\">Askja unter dem Regenbogen<\/p>\n<p>\u00dcberall liegen grosse Mengen an Treibholz rum &#8211; sehr oft fein s\u00e4uberlich zusammengetragen und geschichtet &#8211; an anderen Orten liegen diese wild an den Str\u00e4nden rum &#8211; aber eben, auch diese sind Privateigentum und d\u00fcrfen nicht mitgenommen werden (gut, ist bei einem grossen Stamm auch eher unwahrscheinlich, er w\u00fcrde nicht ins WoMo passen &#x1f60c;).<\/p>\n<p><img loading=\"lazy\" decoding=\"async\" class=\"alignnone size-medium wp-image-14472\" src=\"https:\/\/www.askja-on-tour.ch\/wp-content\/uploads\/2020\/09\/Porshoefn-013-1-1024x683.jpg\" alt=\"\" width=\"1024\" height=\"683\" srcset=\"https:\/\/www.askja-on-tour.ch\/wp-content\/uploads\/2020\/09\/Porshoefn-013-1-1024x683.jpg 1024w, https:\/\/www.askja-on-tour.ch\/wp-content\/uploads\/2020\/09\/Porshoefn-013-1-768x512.jpg 768w, https:\/\/www.askja-on-tour.ch\/wp-content\/uploads\/2020\/09\/Porshoefn-013-1-1536x1024.jpg 1536w, https:\/\/www.askja-on-tour.ch\/wp-content\/uploads\/2020\/09\/Porshoefn-013-1.jpg 1600w\" sizes=\"auto, (max-width: 1024px) 100vw, 1024px\" \/> <img loading=\"lazy\" decoding=\"async\" class=\"alignnone size-medium wp-image-14473\" src=\"https:\/\/www.askja-on-tour.ch\/wp-content\/uploads\/2020\/09\/Porshoefn-014-1-1024x683.jpg\" alt=\"\" width=\"1024\" height=\"683\" srcset=\"https:\/\/www.askja-on-tour.ch\/wp-content\/uploads\/2020\/09\/Porshoefn-014-1-1024x683.jpg 1024w, https:\/\/www.askja-on-tour.ch\/wp-content\/uploads\/2020\/09\/Porshoefn-014-1-768x512.jpg 768w, https:\/\/www.askja-on-tour.ch\/wp-content\/uploads\/2020\/09\/Porshoefn-014-1-1536x1024.jpg 1536w, https:\/\/www.askja-on-tour.ch\/wp-content\/uploads\/2020\/09\/Porshoefn-014-1.jpg 1600w\" sizes=\"auto, (max-width: 1024px) 100vw, 1024px\" \/><\/p>\n<p>Am sp\u00e4teren Nachmittag kamen wir nach Raufarh\u00f6fn, die n\u00f6rdlichste Stadt auf dem isl\u00e4ndischen Festland. Sie hat einen sch\u00f6nen kleinen Hafen, einen &#8211; wie kann es anders sein &#8211; orangenen Leuchturm &#8211; und eine malerische Kirche.<\/p>\n<p><img loading=\"lazy\" decoding=\"async\" class=\"alignnone size-medium wp-image-14487\" src=\"https:\/\/www.askja-on-tour.ch\/wp-content\/uploads\/2020\/09\/Porshoefn-028-1024x683.jpg\" alt=\"\" width=\"1024\" height=\"683\" srcset=\"https:\/\/www.askja-on-tour.ch\/wp-content\/uploads\/2020\/09\/Porshoefn-028-1024x683.jpg 1024w, https:\/\/www.askja-on-tour.ch\/wp-content\/uploads\/2020\/09\/Porshoefn-028-768x512.jpg 768w, https:\/\/www.askja-on-tour.ch\/wp-content\/uploads\/2020\/09\/Porshoefn-028-1536x1024.jpg 1536w, https:\/\/www.askja-on-tour.ch\/wp-content\/uploads\/2020\/09\/Porshoefn-028.jpg 1600w\" sizes=\"auto, (max-width: 1024px) 100vw, 1024px\" \/> <img loading=\"lazy\" decoding=\"async\" class=\"alignnone size-medium wp-image-14488\" src=\"https:\/\/www.askja-on-tour.ch\/wp-content\/uploads\/2020\/09\/Porshoefn-029-1024x683.jpg\" alt=\"\" width=\"1024\" height=\"683\" srcset=\"https:\/\/www.askja-on-tour.ch\/wp-content\/uploads\/2020\/09\/Porshoefn-029-1024x683.jpg 1024w, https:\/\/www.askja-on-tour.ch\/wp-content\/uploads\/2020\/09\/Porshoefn-029-768x512.jpg 768w, https:\/\/www.askja-on-tour.ch\/wp-content\/uploads\/2020\/09\/Porshoefn-029-1536x1024.jpg 1536w, https:\/\/www.askja-on-tour.ch\/wp-content\/uploads\/2020\/09\/Porshoefn-029.jpg 1600w\" sizes=\"auto, (max-width: 1024px) 100vw, 1024px\" \/> <img loading=\"lazy\" decoding=\"async\" class=\"alignnone size-medium wp-image-14489\" src=\"https:\/\/www.askja-on-tour.ch\/wp-content\/uploads\/2020\/09\/Porshoefn-030-1024x683.jpg\" alt=\"\" width=\"1024\" height=\"683\" srcset=\"https:\/\/www.askja-on-tour.ch\/wp-content\/uploads\/2020\/09\/Porshoefn-030-1024x683.jpg 1024w, https:\/\/www.askja-on-tour.ch\/wp-content\/uploads\/2020\/09\/Porshoefn-030-768x512.jpg 768w, https:\/\/www.askja-on-tour.ch\/wp-content\/uploads\/2020\/09\/Porshoefn-030-1536x1024.jpg 1536w, https:\/\/www.askja-on-tour.ch\/wp-content\/uploads\/2020\/09\/Porshoefn-030.jpg 1600w\" sizes=\"auto, (max-width: 1024px) 100vw, 1024px\" \/> <img loading=\"lazy\" decoding=\"async\" class=\"alignnone size-medium wp-image-14490\" src=\"https:\/\/www.askja-on-tour.ch\/wp-content\/uploads\/2020\/09\/Porshoefn-031-1024x683.jpg\" alt=\"\" width=\"1024\" height=\"683\" srcset=\"https:\/\/www.askja-on-tour.ch\/wp-content\/uploads\/2020\/09\/Porshoefn-031-1024x683.jpg 1024w, https:\/\/www.askja-on-tour.ch\/wp-content\/uploads\/2020\/09\/Porshoefn-031-768x512.jpg 768w, https:\/\/www.askja-on-tour.ch\/wp-content\/uploads\/2020\/09\/Porshoefn-031-1536x1024.jpg 1536w, https:\/\/www.askja-on-tour.ch\/wp-content\/uploads\/2020\/09\/Porshoefn-031.jpg 1600w\" sizes=\"auto, (max-width: 1024px) 100vw, 1024px\" \/> <img loading=\"lazy\" decoding=\"async\" class=\"alignnone size-medium wp-image-14491\" src=\"https:\/\/www.askja-on-tour.ch\/wp-content\/uploads\/2020\/09\/Porshoefn-032-1024x683.jpg\" alt=\"\" width=\"1024\" height=\"683\" srcset=\"https:\/\/www.askja-on-tour.ch\/wp-content\/uploads\/2020\/09\/Porshoefn-032-1024x683.jpg 1024w, https:\/\/www.askja-on-tour.ch\/wp-content\/uploads\/2020\/09\/Porshoefn-032-768x512.jpg 768w, https:\/\/www.askja-on-tour.ch\/wp-content\/uploads\/2020\/09\/Porshoefn-032-1536x1024.jpg 1536w, https:\/\/www.askja-on-tour.ch\/wp-content\/uploads\/2020\/09\/Porshoefn-032.jpg 1600w\" sizes=\"auto, (max-width: 1024px) 100vw, 1024px\" \/> <img loading=\"lazy\" decoding=\"async\" class=\"alignnone size-medium wp-image-14492\" src=\"https:\/\/www.askja-on-tour.ch\/wp-content\/uploads\/2020\/09\/Porshoefn-033-1024x683.jpg\" alt=\"\" width=\"1024\" height=\"683\" srcset=\"https:\/\/www.askja-on-tour.ch\/wp-content\/uploads\/2020\/09\/Porshoefn-033-1024x683.jpg 1024w, https:\/\/www.askja-on-tour.ch\/wp-content\/uploads\/2020\/09\/Porshoefn-033-768x512.jpg 768w, https:\/\/www.askja-on-tour.ch\/wp-content\/uploads\/2020\/09\/Porshoefn-033-1536x1024.jpg 1536w, https:\/\/www.askja-on-tour.ch\/wp-content\/uploads\/2020\/09\/Porshoefn-033.jpg 1600w\" sizes=\"auto, (max-width: 1024px) 100vw, 1024px\" \/> <img loading=\"lazy\" decoding=\"async\" class=\"alignnone size-medium wp-image-14493\" src=\"https:\/\/www.askja-on-tour.ch\/wp-content\/uploads\/2020\/09\/Porshoefn-034-1-1024x683.jpg\" alt=\"\" width=\"1024\" height=\"683\" srcset=\"https:\/\/www.askja-on-tour.ch\/wp-content\/uploads\/2020\/09\/Porshoefn-034-1-1024x683.jpg 1024w, https:\/\/www.askja-on-tour.ch\/wp-content\/uploads\/2020\/09\/Porshoefn-034-1-768x512.jpg 768w, https:\/\/www.askja-on-tour.ch\/wp-content\/uploads\/2020\/09\/Porshoefn-034-1-1536x1024.jpg 1536w, https:\/\/www.askja-on-tour.ch\/wp-content\/uploads\/2020\/09\/Porshoefn-034-1.jpg 1600w\" sizes=\"auto, (max-width: 1024px) 100vw, 1024px\" \/> <img loading=\"lazy\" decoding=\"async\" class=\"alignnone size-medium wp-image-14494\" src=\"https:\/\/www.askja-on-tour.ch\/wp-content\/uploads\/2020\/09\/Porshoefn-035-1-1024x683.jpg\" alt=\"\" width=\"1024\" height=\"683\" srcset=\"https:\/\/www.askja-on-tour.ch\/wp-content\/uploads\/2020\/09\/Porshoefn-035-1-1024x683.jpg 1024w, https:\/\/www.askja-on-tour.ch\/wp-content\/uploads\/2020\/09\/Porshoefn-035-1-768x512.jpg 768w, https:\/\/www.askja-on-tour.ch\/wp-content\/uploads\/2020\/09\/Porshoefn-035-1-1536x1024.jpg 1536w, https:\/\/www.askja-on-tour.ch\/wp-content\/uploads\/2020\/09\/Porshoefn-035-1.jpg 1600w\" sizes=\"auto, (max-width: 1024px) 100vw, 1024px\" \/><\/p>\n<p>Was aber seit 1996 die Touristen nach Raufarh\u00f6fn zieht &#8211; nebst der vielf\u00e4ltigen Vogelwelt &#8211; ist der arktische Steinkreis \u201eArctic Henge\u201c oder isl\u00e4ndisch &#8222;Heimskautsgerdid&#8220;. Es ist ein Bauwerk aus sechs m\u00e4chtigen Felstoren, welche aus Basaltquadern bestehen. Er hat einen Durchmeser von etwa 50 Metern und die 6 Meter hohen Tore weisen in die vier Himmelsrichtungen. Erlingur Thorodsson, welcher 1996 nach Raufarh\u00f6fn kam um das Hotel Nordurljos, ein ehemaliges Seemannsheim zu leiten, erkannte schnell, dass der Ort einen Anziehungspunkt braucht, um mehr Touristen auf die Halbinsel zu locken. Einsamkeit, V\u00f6gel und die Mitternachtssonne waren definitiv nicht attraktiv genug.<\/p>\n<p><img loading=\"lazy\" decoding=\"async\" class=\"alignnone size-medium wp-image-14482\" src=\"https:\/\/www.askja-on-tour.ch\/wp-content\/uploads\/2020\/09\/Porshoefn-023-1-1024x768.jpg\" alt=\"\" width=\"1024\" height=\"768\" srcset=\"https:\/\/www.askja-on-tour.ch\/wp-content\/uploads\/2020\/09\/Porshoefn-023-1-1024x768.jpg 1024w, https:\/\/www.askja-on-tour.ch\/wp-content\/uploads\/2020\/09\/Porshoefn-023-1-768x576.jpg 768w, https:\/\/www.askja-on-tour.ch\/wp-content\/uploads\/2020\/09\/Porshoefn-023-1-1536x1152.jpg 1536w, https:\/\/www.askja-on-tour.ch\/wp-content\/uploads\/2020\/09\/Porshoefn-023-1.jpg 1600w\" sizes=\"auto, (max-width: 1024px) 100vw, 1024px\" \/> <img loading=\"lazy\" decoding=\"async\" class=\"alignnone size-medium wp-image-14483\" src=\"https:\/\/www.askja-on-tour.ch\/wp-content\/uploads\/2020\/09\/Porshoefn-024-1-683x1024.jpg\" alt=\"\" width=\"683\" height=\"1024\" srcset=\"https:\/\/www.askja-on-tour.ch\/wp-content\/uploads\/2020\/09\/Porshoefn-024-1-683x1024.jpg 683w, https:\/\/www.askja-on-tour.ch\/wp-content\/uploads\/2020\/09\/Porshoefn-024-1-768x1152.jpg 768w, https:\/\/www.askja-on-tour.ch\/wp-content\/uploads\/2020\/09\/Porshoefn-024-1-1024x1536.jpg 1024w, https:\/\/www.askja-on-tour.ch\/wp-content\/uploads\/2020\/09\/Porshoefn-024-1.jpg 1067w\" sizes=\"auto, (max-width: 683px) 100vw, 683px\" \/> <img loading=\"lazy\" decoding=\"async\" class=\"alignnone size-medium wp-image-14484\" src=\"https:\/\/www.askja-on-tour.ch\/wp-content\/uploads\/2020\/09\/Porshoefn-025-1-1024x683.jpg\" alt=\"\" width=\"1024\" height=\"683\" srcset=\"https:\/\/www.askja-on-tour.ch\/wp-content\/uploads\/2020\/09\/Porshoefn-025-1-1024x683.jpg 1024w, https:\/\/www.askja-on-tour.ch\/wp-content\/uploads\/2020\/09\/Porshoefn-025-1-768x512.jpg 768w, https:\/\/www.askja-on-tour.ch\/wp-content\/uploads\/2020\/09\/Porshoefn-025-1-1536x1024.jpg 1536w, https:\/\/www.askja-on-tour.ch\/wp-content\/uploads\/2020\/09\/Porshoefn-025-1.jpg 1600w\" sizes=\"auto, (max-width: 1024px) 100vw, 1024px\" \/> <img loading=\"lazy\" decoding=\"async\" class=\"alignnone size-medium wp-image-14485\" src=\"https:\/\/www.askja-on-tour.ch\/wp-content\/uploads\/2020\/09\/Porshoefn-026-1-683x1024.jpg\" alt=\"\" width=\"683\" height=\"1024\" srcset=\"https:\/\/www.askja-on-tour.ch\/wp-content\/uploads\/2020\/09\/Porshoefn-026-1-683x1024.jpg 683w, https:\/\/www.askja-on-tour.ch\/wp-content\/uploads\/2020\/09\/Porshoefn-026-1-768x1152.jpg 768w, https:\/\/www.askja-on-tour.ch\/wp-content\/uploads\/2020\/09\/Porshoefn-026-1-1024x1536.jpg 1024w, https:\/\/www.askja-on-tour.ch\/wp-content\/uploads\/2020\/09\/Porshoefn-026-1.jpg 1067w\" sizes=\"auto, (max-width: 683px) 100vw, 683px\" \/> <img loading=\"lazy\" decoding=\"async\" class=\"alignnone size-medium wp-image-14486\" src=\"https:\/\/www.askja-on-tour.ch\/wp-content\/uploads\/2020\/09\/Porshoefn-027-1024x683.jpg\" alt=\"\" width=\"1024\" height=\"683\" srcset=\"https:\/\/www.askja-on-tour.ch\/wp-content\/uploads\/2020\/09\/Porshoefn-027-1024x683.jpg 1024w, https:\/\/www.askja-on-tour.ch\/wp-content\/uploads\/2020\/09\/Porshoefn-027-768x512.jpg 768w, https:\/\/www.askja-on-tour.ch\/wp-content\/uploads\/2020\/09\/Porshoefn-027-1536x1024.jpg 1536w, https:\/\/www.askja-on-tour.ch\/wp-content\/uploads\/2020\/09\/Porshoefn-027.jpg 1600w\" sizes=\"auto, (max-width: 1024px) 100vw, 1024px\" \/><\/p>\n<p>\u00a0<\/p>\n<p>\u00a0<\/p>\n\n\n\n<iframe loading=\"lazy\" src=\"https:\/\/www.google.com\/maps\/d\/embed?mid=1GRuDS2EMA4t7kR0EN6UZACo_AI2cdViA\" width=\"640\" height=\"480\"><\/iframe>\n\n\n\n\n","protected":false},"excerpt":{"rendered":"<p>Bei strahlendem Wetter sind wir heute Morgen Richtung Nordosten nach K\u00f3pasker aufgebrochen, aber nicht \u00a0ohne vorher noch ein Foto von unserem Camping-Platz in \u00c1sbyrgi zu machen, wo wir zwei N\u00e4chte \u00fcbernachtet haben. Auf dem Weg raus aus \u00c1sbyrgi werden wir<\/p>\n","protected":false},"author":3,"featured_media":0,"comment_status":"open","ping_status":"closed","sticky":false,"template":"","format":"standard","meta":{"footnotes":""},"categories":[25],"tags":[],"class_list":["post-14439","post","type-post","status-publish","format-standard","hentry","category-island2020"],"_links":{"self":[{"href":"https:\/\/www.askja-on-tour.ch\/index.php?rest_route=\/wp\/v2\/posts\/14439","targetHints":{"allow":["GET"]}}],"collection":[{"href":"https:\/\/www.askja-on-tour.ch\/index.php?rest_route=\/wp\/v2\/posts"}],"about":[{"href":"https:\/\/www.askja-on-tour.ch\/index.php?rest_route=\/wp\/v2\/types\/post"}],"author":[{"embeddable":true,"href":"https:\/\/www.askja-on-tour.ch\/index.php?rest_route=\/wp\/v2\/users\/3"}],"replies":[{"embeddable":true,"href":"https:\/\/www.askja-on-tour.ch\/index.php?rest_route=%2Fwp%2Fv2%2Fcomments&post=14439"}],"version-history":[{"count":11,"href":"https:\/\/www.askja-on-tour.ch\/index.php?rest_route=\/wp\/v2\/posts\/14439\/revisions"}],"predecessor-version":[{"id":14500,"href":"https:\/\/www.askja-on-tour.ch\/index.php?rest_route=\/wp\/v2\/posts\/14439\/revisions\/14500"}],"wp:attachment":[{"href":"https:\/\/www.askja-on-tour.ch\/index.php?rest_route=%2Fwp%2Fv2%2Fmedia&parent=14439"}],"wp:term":[{"taxonomy":"category","embeddable":true,"href":"https:\/\/www.askja-on-tour.ch\/index.php?rest_route=%2Fwp%2Fv2%2Fcategories&post=14439"},{"taxonomy":"post_tag","embeddable":true,"href":"https:\/\/www.askja-on-tour.ch\/index.php?rest_route=%2Fwp%2Fv2%2Ftags&post=14439"}],"curies":[{"name":"wp","href":"https:\/\/api.w.org\/{rel}","templated":true}]}}