{"id":13249,"date":"2020-08-31T19:05:43","date_gmt":"2020-08-31T19:05:43","guid":{"rendered":"https:\/\/www.askja-on-tour.ch\/?p=13249"},"modified":"2020-08-31T19:05:47","modified_gmt":"2020-08-31T19:05:47","slug":"31-08-2020-wasch-und-putztag-in-vik-i-myrdal-der-alltag-hat-uns-auch-hier-im-griff","status":"publish","type":"post","link":"https:\/\/www.askja-on-tour.ch\/?p=13249","title":{"rendered":"31.08.2020: Wasch- und Putztag in Vik i Myrdal &#8211; der Alltag hat uns auch hier im Griff&#x1f609;"},"content":{"rendered":"\n<p>Heute holten wir einen angesagten Regentag (der dann gar nicht so schlimm war) ein und haben einen Wasch- und Putztag eingeschaltet.<\/p>\n<p>Vorher machten wir noch einen ausgedehnten Spaziergang am schwarzen Sandstrand, direkt vor der Haust\u00fcre von Vik und haben die regenfreie Zeit genutzt. Es ist gewaltig, was die Wellen im Atlantik f\u00fcr eine Wucht entwickeln &#8211; kein Wunder stehen Tafeln, dass die Wellen t\u00f6dlich sein k\u00f6nnen.<\/p>\n<p><img loading=\"lazy\" decoding=\"async\" class=\"alignnone size-medium wp-image-13253\" src=\"https:\/\/www.askja-on-tour.ch\/wp-content\/uploads\/2020\/08\/Vik_3_Tag2-001-1024x683.jpg\" alt=\"\" width=\"1024\" height=\"683\" srcset=\"https:\/\/www.askja-on-tour.ch\/wp-content\/uploads\/2020\/08\/Vik_3_Tag2-001-1024x683.jpg 1024w, https:\/\/www.askja-on-tour.ch\/wp-content\/uploads\/2020\/08\/Vik_3_Tag2-001-768x512.jpg 768w, https:\/\/www.askja-on-tour.ch\/wp-content\/uploads\/2020\/08\/Vik_3_Tag2-001-1536x1024.jpg 1536w, https:\/\/www.askja-on-tour.ch\/wp-content\/uploads\/2020\/08\/Vik_3_Tag2-001.jpg 1600w\" sizes=\"auto, (max-width: 1024px) 100vw, 1024px\" \/> <img loading=\"lazy\" decoding=\"async\" class=\"alignnone size-medium wp-image-13254\" src=\"https:\/\/www.askja-on-tour.ch\/wp-content\/uploads\/2020\/08\/Vik_3_Tag2-002-1024x683.jpg\" alt=\"\" width=\"1024\" height=\"683\" srcset=\"https:\/\/www.askja-on-tour.ch\/wp-content\/uploads\/2020\/08\/Vik_3_Tag2-002-1024x683.jpg 1024w, https:\/\/www.askja-on-tour.ch\/wp-content\/uploads\/2020\/08\/Vik_3_Tag2-002-768x512.jpg 768w, https:\/\/www.askja-on-tour.ch\/wp-content\/uploads\/2020\/08\/Vik_3_Tag2-002-1536x1024.jpg 1536w, https:\/\/www.askja-on-tour.ch\/wp-content\/uploads\/2020\/08\/Vik_3_Tag2-002.jpg 1600w\" sizes=\"auto, (max-width: 1024px) 100vw, 1024px\" \/> <img loading=\"lazy\" decoding=\"async\" class=\"alignnone size-medium wp-image-13263\" src=\"https:\/\/www.askja-on-tour.ch\/wp-content\/uploads\/2020\/08\/Vik_3_Tag2-011-1024x683.jpg\" alt=\"\" width=\"1024\" height=\"683\" srcset=\"https:\/\/www.askja-on-tour.ch\/wp-content\/uploads\/2020\/08\/Vik_3_Tag2-011-1024x683.jpg 1024w, https:\/\/www.askja-on-tour.ch\/wp-content\/uploads\/2020\/08\/Vik_3_Tag2-011-768x512.jpg 768w, https:\/\/www.askja-on-tour.ch\/wp-content\/uploads\/2020\/08\/Vik_3_Tag2-011-1536x1024.jpg 1536w, https:\/\/www.askja-on-tour.ch\/wp-content\/uploads\/2020\/08\/Vik_3_Tag2-011.jpg 1600w\" sizes=\"auto, (max-width: 1024px) 100vw, 1024px\" \/><\/p>\n<p><img loading=\"lazy\" decoding=\"async\" class=\"alignnone size-medium wp-image-13265\" src=\"https:\/\/www.askja-on-tour.ch\/wp-content\/uploads\/2020\/08\/Vik_3_Tag2-013-1024x683.jpg\" alt=\"\" width=\"1024\" height=\"683\" srcset=\"https:\/\/www.askja-on-tour.ch\/wp-content\/uploads\/2020\/08\/Vik_3_Tag2-013-1024x683.jpg 1024w, https:\/\/www.askja-on-tour.ch\/wp-content\/uploads\/2020\/08\/Vik_3_Tag2-013-768x512.jpg 768w, https:\/\/www.askja-on-tour.ch\/wp-content\/uploads\/2020\/08\/Vik_3_Tag2-013-1536x1024.jpg 1536w, https:\/\/www.askja-on-tour.ch\/wp-content\/uploads\/2020\/08\/Vik_3_Tag2-013.jpg 1600w\" sizes=\"auto, (max-width: 1024px) 100vw, 1024px\" \/> <img loading=\"lazy\" decoding=\"async\" class=\"alignnone size-medium wp-image-13266\" src=\"https:\/\/www.askja-on-tour.ch\/wp-content\/uploads\/2020\/08\/Vik_3_Tag2-014-1024x683.jpg\" alt=\"\" width=\"1024\" height=\"683\" srcset=\"https:\/\/www.askja-on-tour.ch\/wp-content\/uploads\/2020\/08\/Vik_3_Tag2-014-1024x683.jpg 1024w, https:\/\/www.askja-on-tour.ch\/wp-content\/uploads\/2020\/08\/Vik_3_Tag2-014-768x512.jpg 768w, https:\/\/www.askja-on-tour.ch\/wp-content\/uploads\/2020\/08\/Vik_3_Tag2-014-1536x1024.jpg 1536w, https:\/\/www.askja-on-tour.ch\/wp-content\/uploads\/2020\/08\/Vik_3_Tag2-014.jpg 1600w\" sizes=\"auto, (max-width: 1024px) 100vw, 1024px\" \/> <img loading=\"lazy\" decoding=\"async\" class=\"alignnone size-medium wp-image-13267\" src=\"https:\/\/www.askja-on-tour.ch\/wp-content\/uploads\/2020\/08\/Vik_3_Tag2-015-1024x683.jpg\" alt=\"\" width=\"1024\" height=\"683\" srcset=\"https:\/\/www.askja-on-tour.ch\/wp-content\/uploads\/2020\/08\/Vik_3_Tag2-015-1024x683.jpg 1024w, https:\/\/www.askja-on-tour.ch\/wp-content\/uploads\/2020\/08\/Vik_3_Tag2-015-768x512.jpg 768w, https:\/\/www.askja-on-tour.ch\/wp-content\/uploads\/2020\/08\/Vik_3_Tag2-015-1536x1024.jpg 1536w, https:\/\/www.askja-on-tour.ch\/wp-content\/uploads\/2020\/08\/Vik_3_Tag2-015.jpg 1600w\" sizes=\"auto, (max-width: 1024px) 100vw, 1024px\" \/> <img loading=\"lazy\" decoding=\"async\" class=\"alignnone size-medium wp-image-13271\" src=\"https:\/\/www.askja-on-tour.ch\/wp-content\/uploads\/2020\/08\/Vik_3_Tag2-019-1024x683.jpg\" alt=\"\" width=\"1024\" height=\"683\" srcset=\"https:\/\/www.askja-on-tour.ch\/wp-content\/uploads\/2020\/08\/Vik_3_Tag2-019-1024x683.jpg 1024w, https:\/\/www.askja-on-tour.ch\/wp-content\/uploads\/2020\/08\/Vik_3_Tag2-019-768x512.jpg 768w, https:\/\/www.askja-on-tour.ch\/wp-content\/uploads\/2020\/08\/Vik_3_Tag2-019-1536x1024.jpg 1536w, https:\/\/www.askja-on-tour.ch\/wp-content\/uploads\/2020\/08\/Vik_3_Tag2-019.jpg 1600w\" sizes=\"auto, (max-width: 1024px) 100vw, 1024px\" \/> <img loading=\"lazy\" decoding=\"async\" class=\"alignnone size-medium wp-image-13256\" src=\"https:\/\/www.askja-on-tour.ch\/wp-content\/uploads\/2020\/08\/Vik_3_Tag2-004-683x1024.jpg\" alt=\"\" width=\"683\" height=\"1024\" srcset=\"https:\/\/www.askja-on-tour.ch\/wp-content\/uploads\/2020\/08\/Vik_3_Tag2-004-683x1024.jpg 683w, https:\/\/www.askja-on-tour.ch\/wp-content\/uploads\/2020\/08\/Vik_3_Tag2-004-768x1152.jpg 768w, https:\/\/www.askja-on-tour.ch\/wp-content\/uploads\/2020\/08\/Vik_3_Tag2-004-1024x1536.jpg 1024w, https:\/\/www.askja-on-tour.ch\/wp-content\/uploads\/2020\/08\/Vik_3_Tag2-004.jpg 1067w\" sizes=\"auto, (max-width: 683px) 100vw, 683px\" \/><\/p>\n<p>Vor der K\u00fcste befinden sich drei schwarze Felsnadeln von \u00fcber 66 m H\u00f6he (haben wir schon \u00f6fters fotografiert), die Reynisdrangar: \u201eSkessudrangur\u201c, \u201eLanddrangur\u201c und \u201eLangsamur\u201c. Eine Legende berichtet, dass dies zwei Trolle sind, die nachts versucht haben, ein dreimastiges Schiff an Land zu ziehen. Sie wurden aber von der D\u00e4mmerung \u00fcberrascht, ehe sie wieder die Berge erreicht haben und wurden, zusammen mit dem Schiff in diese drei Felsen verwandelt.\u00a0<\/p>\n<p><img loading=\"lazy\" decoding=\"async\" class=\"alignnone size-medium wp-image-13258\" src=\"https:\/\/www.askja-on-tour.ch\/wp-content\/uploads\/2020\/08\/Vik_3_Tag2-006-1024x683.jpg\" alt=\"\" width=\"1024\" height=\"683\" srcset=\"https:\/\/www.askja-on-tour.ch\/wp-content\/uploads\/2020\/08\/Vik_3_Tag2-006-1024x683.jpg 1024w, https:\/\/www.askja-on-tour.ch\/wp-content\/uploads\/2020\/08\/Vik_3_Tag2-006-768x512.jpg 768w, https:\/\/www.askja-on-tour.ch\/wp-content\/uploads\/2020\/08\/Vik_3_Tag2-006-1536x1024.jpg 1536w, https:\/\/www.askja-on-tour.ch\/wp-content\/uploads\/2020\/08\/Vik_3_Tag2-006.jpg 1600w\" sizes=\"auto, (max-width: 1024px) 100vw, 1024px\" \/><\/p>\n<p>Auf dem Weg haben wir auch immer bemitleidenswerte Jungv\u00f6gel entdeckt, die noch nicht richtig fliegen konnten oder ganz einfach von den ersten Flugversuchen und dem starken Regen in den letzten 24 Stunden geschw\u00e4cht wurden. Die Raubm\u00f6wen sind bereits ihre Chancen f\u00fcr ein n\u00e4chstes Essen am Auskundschaften. Liebend gerne w\u00fcrden wir den V\u00f6geln helfen, nur jede Hilfe w\u00e4re falsch &#8211; hier muss es die Natur richten.<\/p>\n<p><img loading=\"lazy\" decoding=\"async\" class=\"alignnone size-medium wp-image-13262\" src=\"https:\/\/www.askja-on-tour.ch\/wp-content\/uploads\/2020\/08\/Vik_3_Tag2-010-1024x683.jpg\" alt=\"\" width=\"1024\" height=\"683\" srcset=\"https:\/\/www.askja-on-tour.ch\/wp-content\/uploads\/2020\/08\/Vik_3_Tag2-010-1024x683.jpg 1024w, https:\/\/www.askja-on-tour.ch\/wp-content\/uploads\/2020\/08\/Vik_3_Tag2-010-768x512.jpg 768w, https:\/\/www.askja-on-tour.ch\/wp-content\/uploads\/2020\/08\/Vik_3_Tag2-010-1536x1024.jpg 1536w, https:\/\/www.askja-on-tour.ch\/wp-content\/uploads\/2020\/08\/Vik_3_Tag2-010.jpg 1600w\" sizes=\"auto, (max-width: 1024px) 100vw, 1024px\" \/> <img loading=\"lazy\" decoding=\"async\" class=\"alignnone size-medium wp-image-13264\" src=\"https:\/\/www.askja-on-tour.ch\/wp-content\/uploads\/2020\/08\/Vik_3_Tag2-012-1024x683.jpg\" alt=\"\" width=\"1024\" height=\"683\" srcset=\"https:\/\/www.askja-on-tour.ch\/wp-content\/uploads\/2020\/08\/Vik_3_Tag2-012-1024x683.jpg 1024w, https:\/\/www.askja-on-tour.ch\/wp-content\/uploads\/2020\/08\/Vik_3_Tag2-012-768x512.jpg 768w, https:\/\/www.askja-on-tour.ch\/wp-content\/uploads\/2020\/08\/Vik_3_Tag2-012-1536x1024.jpg 1536w, https:\/\/www.askja-on-tour.ch\/wp-content\/uploads\/2020\/08\/Vik_3_Tag2-012.jpg 1600w\" sizes=\"auto, (max-width: 1024px) 100vw, 1024px\" \/><\/p>\n<p>Zur\u00fcck sind wir durch den alten Teil von Vik gelaufen, der schon etwas &#8222;in die Jahre&#8220; gekommen ist.<\/p>\n<figure id=\"attachment_13257\" aria-describedby=\"caption-attachment-13257\" style=\"width: 683px\" class=\"wp-caption alignnone\"><img loading=\"lazy\" decoding=\"async\" class=\"wp-image-13257 size-medium\" src=\"https:\/\/www.askja-on-tour.ch\/wp-content\/uploads\/2020\/08\/Vik_3_Tag2-005-683x1024.jpg\" alt=\"\" width=\"683\" height=\"1024\" srcset=\"https:\/\/www.askja-on-tour.ch\/wp-content\/uploads\/2020\/08\/Vik_3_Tag2-005-683x1024.jpg 683w, https:\/\/www.askja-on-tour.ch\/wp-content\/uploads\/2020\/08\/Vik_3_Tag2-005-768x1152.jpg 768w, https:\/\/www.askja-on-tour.ch\/wp-content\/uploads\/2020\/08\/Vik_3_Tag2-005-1024x1536.jpg 1024w, https:\/\/www.askja-on-tour.ch\/wp-content\/uploads\/2020\/08\/Vik_3_Tag2-005.jpg 1067w\" sizes=\"auto, (max-width: 683px) 100vw, 683px\" \/><figcaption id=\"caption-attachment-13257\" class=\"wp-caption-text\">Kunst am Strand vor Vik i Myrdal &#8211; der Reisende von Steinunn<\/figcaption><\/figure>\n<p><img loading=\"lazy\" decoding=\"async\" class=\"alignnone size-medium wp-image-13255\" src=\"https:\/\/www.askja-on-tour.ch\/wp-content\/uploads\/2020\/08\/Vik_3_Tag2-003-683x1024.jpg\" alt=\"\" width=\"683\" height=\"1024\" srcset=\"https:\/\/www.askja-on-tour.ch\/wp-content\/uploads\/2020\/08\/Vik_3_Tag2-003-683x1024.jpg 683w, https:\/\/www.askja-on-tour.ch\/wp-content\/uploads\/2020\/08\/Vik_3_Tag2-003-768x1152.jpg 768w, https:\/\/www.askja-on-tour.ch\/wp-content\/uploads\/2020\/08\/Vik_3_Tag2-003-1024x1536.jpg 1024w, https:\/\/www.askja-on-tour.ch\/wp-content\/uploads\/2020\/08\/Vik_3_Tag2-003.jpg 1067w\" sizes=\"auto, (max-width: 683px) 100vw, 683px\" \/> <img loading=\"lazy\" decoding=\"async\" class=\"alignnone size-medium wp-image-13268\" src=\"https:\/\/www.askja-on-tour.ch\/wp-content\/uploads\/2020\/08\/Vik_3_Tag2-016-1024x683.jpg\" alt=\"\" width=\"1024\" height=\"683\" srcset=\"https:\/\/www.askja-on-tour.ch\/wp-content\/uploads\/2020\/08\/Vik_3_Tag2-016-1024x683.jpg 1024w, https:\/\/www.askja-on-tour.ch\/wp-content\/uploads\/2020\/08\/Vik_3_Tag2-016-768x512.jpg 768w, https:\/\/www.askja-on-tour.ch\/wp-content\/uploads\/2020\/08\/Vik_3_Tag2-016-1536x1024.jpg 1536w, https:\/\/www.askja-on-tour.ch\/wp-content\/uploads\/2020\/08\/Vik_3_Tag2-016.jpg 1600w\" sizes=\"auto, (max-width: 1024px) 100vw, 1024px\" \/> <img loading=\"lazy\" decoding=\"async\" class=\"alignnone size-medium wp-image-13269\" src=\"https:\/\/www.askja-on-tour.ch\/wp-content\/uploads\/2020\/08\/Vik_3_Tag2-017-1024x683.jpg\" alt=\"\" width=\"1024\" height=\"683\" srcset=\"https:\/\/www.askja-on-tour.ch\/wp-content\/uploads\/2020\/08\/Vik_3_Tag2-017-1024x683.jpg 1024w, https:\/\/www.askja-on-tour.ch\/wp-content\/uploads\/2020\/08\/Vik_3_Tag2-017-768x512.jpg 768w, https:\/\/www.askja-on-tour.ch\/wp-content\/uploads\/2020\/08\/Vik_3_Tag2-017-1536x1024.jpg 1536w, https:\/\/www.askja-on-tour.ch\/wp-content\/uploads\/2020\/08\/Vik_3_Tag2-017.jpg 1600w\" sizes=\"auto, (max-width: 1024px) 100vw, 1024px\" \/> <img loading=\"lazy\" decoding=\"async\" class=\"alignnone size-medium wp-image-13270\" src=\"https:\/\/www.askja-on-tour.ch\/wp-content\/uploads\/2020\/08\/Vik_3_Tag2-018-1024x683.jpg\" alt=\"\" width=\"1024\" height=\"683\" srcset=\"https:\/\/www.askja-on-tour.ch\/wp-content\/uploads\/2020\/08\/Vik_3_Tag2-018-1024x683.jpg 1024w, https:\/\/www.askja-on-tour.ch\/wp-content\/uploads\/2020\/08\/Vik_3_Tag2-018-768x512.jpg 768w, https:\/\/www.askja-on-tour.ch\/wp-content\/uploads\/2020\/08\/Vik_3_Tag2-018-1536x1024.jpg 1536w, https:\/\/www.askja-on-tour.ch\/wp-content\/uploads\/2020\/08\/Vik_3_Tag2-018.jpg 1600w\" sizes=\"auto, (max-width: 1024px) 100vw, 1024px\" \/> \u00a0<img loading=\"lazy\" decoding=\"async\" class=\"alignnone size-medium wp-image-13275\" src=\"https:\/\/www.askja-on-tour.ch\/wp-content\/uploads\/2020\/08\/Vik_3_Tag2-023-1024x683.jpg\" alt=\"\" width=\"1024\" height=\"683\" srcset=\"https:\/\/www.askja-on-tour.ch\/wp-content\/uploads\/2020\/08\/Vik_3_Tag2-023-1024x683.jpg 1024w, https:\/\/www.askja-on-tour.ch\/wp-content\/uploads\/2020\/08\/Vik_3_Tag2-023-768x512.jpg 768w, https:\/\/www.askja-on-tour.ch\/wp-content\/uploads\/2020\/08\/Vik_3_Tag2-023-1536x1024.jpg 1536w, https:\/\/www.askja-on-tour.ch\/wp-content\/uploads\/2020\/08\/Vik_3_Tag2-023.jpg 1600w\" sizes=\"auto, (max-width: 1024px) 100vw, 1024px\" \/> <img loading=\"lazy\" decoding=\"async\" class=\"alignnone size-medium wp-image-13276\" src=\"https:\/\/www.askja-on-tour.ch\/wp-content\/uploads\/2020\/08\/Vik_3_Tag2-024-683x1024.jpg\" alt=\"\" width=\"683\" height=\"1024\" srcset=\"https:\/\/www.askja-on-tour.ch\/wp-content\/uploads\/2020\/08\/Vik_3_Tag2-024-683x1024.jpg 683w, https:\/\/www.askja-on-tour.ch\/wp-content\/uploads\/2020\/08\/Vik_3_Tag2-024-768x1152.jpg 768w, https:\/\/www.askja-on-tour.ch\/wp-content\/uploads\/2020\/08\/Vik_3_Tag2-024-1024x1536.jpg 1024w, https:\/\/www.askja-on-tour.ch\/wp-content\/uploads\/2020\/08\/Vik_3_Tag2-024.jpg 1067w\" sizes=\"auto, (max-width: 683px) 100vw, 683px\" \/><\/p>\n<figure id=\"attachment_13273\" aria-describedby=\"caption-attachment-13273\" style=\"width: 1024px\" class=\"wp-caption alignnone\"><img loading=\"lazy\" decoding=\"async\" class=\"wp-image-13273 size-medium\" src=\"https:\/\/www.askja-on-tour.ch\/wp-content\/uploads\/2020\/08\/Vik_3_Tag2-021-1024x683.jpg\" alt=\"\" width=\"1024\" height=\"683\" srcset=\"https:\/\/www.askja-on-tour.ch\/wp-content\/uploads\/2020\/08\/Vik_3_Tag2-021-1024x683.jpg 1024w, https:\/\/www.askja-on-tour.ch\/wp-content\/uploads\/2020\/08\/Vik_3_Tag2-021-768x512.jpg 768w, https:\/\/www.askja-on-tour.ch\/wp-content\/uploads\/2020\/08\/Vik_3_Tag2-021-1536x1024.jpg 1536w, https:\/\/www.askja-on-tour.ch\/wp-content\/uploads\/2020\/08\/Vik_3_Tag2-021.jpg 1600w\" sizes=\"auto, (max-width: 1024px) 100vw, 1024px\" \/><figcaption id=\"caption-attachment-13273\" class=\"wp-caption-text\">Stilleben aus alter Zeit<\/figcaption><\/figure>\n<figure id=\"attachment_13272\" aria-describedby=\"caption-attachment-13272\" style=\"width: 1024px\" class=\"wp-caption alignnone\"><img loading=\"lazy\" decoding=\"async\" class=\"wp-image-13272 size-medium\" src=\"https:\/\/www.askja-on-tour.ch\/wp-content\/uploads\/2020\/08\/Vik_3_Tag2-020-1024x683.jpg\" alt=\"\" width=\"1024\" height=\"683\" srcset=\"https:\/\/www.askja-on-tour.ch\/wp-content\/uploads\/2020\/08\/Vik_3_Tag2-020-1024x683.jpg 1024w, https:\/\/www.askja-on-tour.ch\/wp-content\/uploads\/2020\/08\/Vik_3_Tag2-020-768x512.jpg 768w, https:\/\/www.askja-on-tour.ch\/wp-content\/uploads\/2020\/08\/Vik_3_Tag2-020-1536x1024.jpg 1536w, https:\/\/www.askja-on-tour.ch\/wp-content\/uploads\/2020\/08\/Vik_3_Tag2-020.jpg 1600w\" sizes=\"auto, (max-width: 1024px) 100vw, 1024px\" \/><figcaption id=\"caption-attachment-13272\" class=\"wp-caption-text\">Stilleben aus alter Zeit &#8211; LkW 2<\/figcaption><\/figure>\n<p>Morgen geht es dann nochmals ins Hochland im S\u00fcden des Gletscher Vatnaj\u00f6kull.<\/p>\n","protected":false},"excerpt":{"rendered":"<p>Heute holten wir einen angesagten Regentag (der dann gar nicht so schlimm war) ein und haben einen Wasch- und Putztag eingeschaltet. Vorher machten wir noch einen ausgedehnten Spaziergang am schwarzen Sandstrand, direkt vor der Haust\u00fcre von Vik und haben die<\/p>\n","protected":false},"author":3,"featured_media":0,"comment_status":"open","ping_status":"closed","sticky":false,"template":"","format":"standard","meta":{"footnotes":""},"categories":[25],"tags":[],"class_list":["post-13249","post","type-post","status-publish","format-standard","hentry","category-island2020"],"_links":{"self":[{"href":"https:\/\/www.askja-on-tour.ch\/index.php?rest_route=\/wp\/v2\/posts\/13249","targetHints":{"allow":["GET"]}}],"collection":[{"href":"https:\/\/www.askja-on-tour.ch\/index.php?rest_route=\/wp\/v2\/posts"}],"about":[{"href":"https:\/\/www.askja-on-tour.ch\/index.php?rest_route=\/wp\/v2\/types\/post"}],"author":[{"embeddable":true,"href":"https:\/\/www.askja-on-tour.ch\/index.php?rest_route=\/wp\/v2\/users\/3"}],"replies":[{"embeddable":true,"href":"https:\/\/www.askja-on-tour.ch\/index.php?rest_route=%2Fwp%2Fv2%2Fcomments&post=13249"}],"version-history":[{"count":4,"href":"https:\/\/www.askja-on-tour.ch\/index.php?rest_route=\/wp\/v2\/posts\/13249\/revisions"}],"predecessor-version":[{"id":13296,"href":"https:\/\/www.askja-on-tour.ch\/index.php?rest_route=\/wp\/v2\/posts\/13249\/revisions\/13296"}],"wp:attachment":[{"href":"https:\/\/www.askja-on-tour.ch\/index.php?rest_route=%2Fwp%2Fv2%2Fmedia&parent=13249"}],"wp:term":[{"taxonomy":"category","embeddable":true,"href":"https:\/\/www.askja-on-tour.ch\/index.php?rest_route=%2Fwp%2Fv2%2Fcategories&post=13249"},{"taxonomy":"post_tag","embeddable":true,"href":"https:\/\/www.askja-on-tour.ch\/index.php?rest_route=%2Fwp%2Fv2%2Ftags&post=13249"}],"curies":[{"name":"wp","href":"https:\/\/api.w.org\/{rel}","templated":true}]}}