{"id":13216,"date":"2020-08-30T21:05:45","date_gmt":"2020-08-30T21:05:45","guid":{"rendered":"https:\/\/www.askja-on-tour.ch\/?p=13216"},"modified":"2020-08-31T18:19:26","modified_gmt":"2020-08-31T18:19:26","slug":"30-08-2020-von-thorsmoerk-aus-dem-regen-nach-vik-i-myrdal-in-den-regen","status":"publish","type":"post","link":"https:\/\/www.askja-on-tour.ch\/?p=13216","title":{"rendered":"30.08.2020: Von \u00de\u00f3rsm\u00f6rk aus dem Regen nach V\u00edk \u00ed M\u00fdrdal in den Regen"},"content":{"rendered":"\n<p>In den n\u00e4chsten Tagen m\u00fcssen wir die Sonne wohl suchen resp. einfach Regenkleider anziehen und die Regentropfen als Sonnenstrahlen interpretieren .<\/p>\n<p><img loading=\"lazy\" decoding=\"async\" class=\"alignnone size-medium wp-image-13223\" src=\"https:\/\/www.askja-on-tour.ch\/wp-content\/uploads\/2020\/08\/Vik_3-001-1024x683.jpg\" alt=\"\" width=\"1024\" height=\"683\" srcset=\"https:\/\/www.askja-on-tour.ch\/wp-content\/uploads\/2020\/08\/Vik_3-001-1024x683.jpg 1024w, https:\/\/www.askja-on-tour.ch\/wp-content\/uploads\/2020\/08\/Vik_3-001-768x512.jpg 768w, https:\/\/www.askja-on-tour.ch\/wp-content\/uploads\/2020\/08\/Vik_3-001-1536x1024.jpg 1536w, https:\/\/www.askja-on-tour.ch\/wp-content\/uploads\/2020\/08\/Vik_3-001.jpg 1600w\" sizes=\"auto, (max-width: 1024px) 100vw, 1024px\" \/><\/p>\n<p>Heute Morgen sind wir die F249 wieder zur\u00fcckgefahren. Nach dem Regen in der letzten Nacht und den w\u00e4rmeren Temperaturen sind die zu durchquerenden Fl\u00fcsse doch leicht angeschwollen.<\/p>\n<figure id=\"attachment_13224\" aria-describedby=\"caption-attachment-13224\" style=\"width: 1024px\" class=\"wp-caption alignnone\"><img loading=\"lazy\" decoding=\"async\" class=\"wp-image-13224 size-medium\" src=\"https:\/\/www.askja-on-tour.ch\/wp-content\/uploads\/2020\/08\/Vik_3-002-1024x683.jpg\" alt=\"\" width=\"1024\" height=\"683\" srcset=\"https:\/\/www.askja-on-tour.ch\/wp-content\/uploads\/2020\/08\/Vik_3-002-1024x683.jpg 1024w, https:\/\/www.askja-on-tour.ch\/wp-content\/uploads\/2020\/08\/Vik_3-002-768x512.jpg 768w, https:\/\/www.askja-on-tour.ch\/wp-content\/uploads\/2020\/08\/Vik_3-002-1536x1024.jpg 1536w, https:\/\/www.askja-on-tour.ch\/wp-content\/uploads\/2020\/08\/Vik_3-002.jpg 1600w\" sizes=\"auto, (max-width: 1024px) 100vw, 1024px\" \/><figcaption id=\"caption-attachment-13224\" class=\"wp-caption-text\">Die cheibe Drohne wott ned emmer wie de Norbert &#x1f609;<\/figcaption><\/figure>\n<p><img loading=\"lazy\" decoding=\"async\" class=\"alignnone size-medium wp-image-13226\" src=\"https:\/\/www.askja-on-tour.ch\/wp-content\/uploads\/2020\/08\/Vik_3-004-1024x767.jpg\" alt=\"\" width=\"1024\" height=\"767\" srcset=\"https:\/\/www.askja-on-tour.ch\/wp-content\/uploads\/2020\/08\/Vik_3-004-1024x767.jpg 1024w, https:\/\/www.askja-on-tour.ch\/wp-content\/uploads\/2020\/08\/Vik_3-004-768x576.jpg 768w, https:\/\/www.askja-on-tour.ch\/wp-content\/uploads\/2020\/08\/Vik_3-004-1536x1151.jpg 1536w, https:\/\/www.askja-on-tour.ch\/wp-content\/uploads\/2020\/08\/Vik_3-004.jpg 1600w\" sizes=\"auto, (max-width: 1024px) 100vw, 1024px\" \/><\/p>\n<p><img loading=\"lazy\" decoding=\"async\" class=\"alignnone size-medium wp-image-13225\" src=\"https:\/\/www.askja-on-tour.ch\/wp-content\/uploads\/2020\/08\/Vik_3-003-1024x767.jpg\" alt=\"\" width=\"1024\" height=\"767\" srcset=\"https:\/\/www.askja-on-tour.ch\/wp-content\/uploads\/2020\/08\/Vik_3-003-1024x767.jpg 1024w, https:\/\/www.askja-on-tour.ch\/wp-content\/uploads\/2020\/08\/Vik_3-003-768x576.jpg 768w, https:\/\/www.askja-on-tour.ch\/wp-content\/uploads\/2020\/08\/Vik_3-003-1536x1151.jpg 1536w, https:\/\/www.askja-on-tour.ch\/wp-content\/uploads\/2020\/08\/Vik_3-003.jpg 1600w\" sizes=\"auto, (max-width: 1024px) 100vw, 1024px\" \/><\/p>\n<figure id=\"attachment_13227\" aria-describedby=\"caption-attachment-13227\" style=\"width: 1024px\" class=\"wp-caption alignnone\"><img loading=\"lazy\" decoding=\"async\" class=\"wp-image-13227 size-medium\" src=\"https:\/\/www.askja-on-tour.ch\/wp-content\/uploads\/2020\/08\/Vik_3-005-1024x767.jpg\" alt=\"\" width=\"1024\" height=\"767\" srcset=\"https:\/\/www.askja-on-tour.ch\/wp-content\/uploads\/2020\/08\/Vik_3-005-1024x767.jpg 1024w, https:\/\/www.askja-on-tour.ch\/wp-content\/uploads\/2020\/08\/Vik_3-005-768x576.jpg 768w, https:\/\/www.askja-on-tour.ch\/wp-content\/uploads\/2020\/08\/Vik_3-005-1536x1151.jpg 1536w, https:\/\/www.askja-on-tour.ch\/wp-content\/uploads\/2020\/08\/Vik_3-005.jpg 1600w\" sizes=\"auto, (max-width: 1024px) 100vw, 1024px\" \/><figcaption id=\"caption-attachment-13227\" class=\"wp-caption-text\">Noch ganz viel Reserve<\/figcaption><\/figure>\n<p><img loading=\"lazy\" decoding=\"async\" class=\"alignnone size-medium wp-image-13232\" src=\"https:\/\/www.askja-on-tour.ch\/wp-content\/uploads\/2020\/08\/Vik_3-010-1024x683.jpg\" alt=\"\" width=\"1024\" height=\"683\" srcset=\"https:\/\/www.askja-on-tour.ch\/wp-content\/uploads\/2020\/08\/Vik_3-010-1024x683.jpg 1024w, https:\/\/www.askja-on-tour.ch\/wp-content\/uploads\/2020\/08\/Vik_3-010-768x512.jpg 768w, https:\/\/www.askja-on-tour.ch\/wp-content\/uploads\/2020\/08\/Vik_3-010-1536x1024.jpg 1536w, https:\/\/www.askja-on-tour.ch\/wp-content\/uploads\/2020\/08\/Vik_3-010.jpg 1600w\" sizes=\"auto, (max-width: 1024px) 100vw, 1024px\" \/> <img loading=\"lazy\" decoding=\"async\" class=\"alignnone size-medium wp-image-13233\" src=\"https:\/\/www.askja-on-tour.ch\/wp-content\/uploads\/2020\/08\/Vik_3-011-1024x767.jpg\" alt=\"\" width=\"1024\" height=\"767\" srcset=\"https:\/\/www.askja-on-tour.ch\/wp-content\/uploads\/2020\/08\/Vik_3-011-1024x767.jpg 1024w, https:\/\/www.askja-on-tour.ch\/wp-content\/uploads\/2020\/08\/Vik_3-011-768x576.jpg 768w, https:\/\/www.askja-on-tour.ch\/wp-content\/uploads\/2020\/08\/Vik_3-011-1536x1151.jpg 1536w, https:\/\/www.askja-on-tour.ch\/wp-content\/uploads\/2020\/08\/Vik_3-011.jpg 1600w\" sizes=\"auto, (max-width: 1024px) 100vw, 1024px\" \/><\/p>\n<p><span style=\"font-size: inherit;\">Auf der Ausfahrt haben wir einen Abstecher zum Gletscherabbruch des Gigj\u00f6kull gemacht. Bis vor dem Vulkanausbruch des Eyjafjallaj\u00f6kull im 2010 war an dieser Stelle noch ein See namens L\u00f3ni\u00f0. Nach dem Vulkanausbruch brachen hier die Schmelzwasser durch und gestalteten den Talkessel komplett neu. In solchen Momenten wird einem die Wucht von solchen Naturereignissen bewusst.&nbsp;<\/span><\/p>\n<p><img loading=\"lazy\" decoding=\"async\" class=\"alignnone size-medium wp-image-13228\" src=\"https:\/\/www.askja-on-tour.ch\/wp-content\/uploads\/2020\/08\/Vik_3-006-1024x683.jpg\" alt=\"\" width=\"1024\" height=\"683\" srcset=\"https:\/\/www.askja-on-tour.ch\/wp-content\/uploads\/2020\/08\/Vik_3-006-1024x683.jpg 1024w, https:\/\/www.askja-on-tour.ch\/wp-content\/uploads\/2020\/08\/Vik_3-006-768x512.jpg 768w, https:\/\/www.askja-on-tour.ch\/wp-content\/uploads\/2020\/08\/Vik_3-006-1536x1024.jpg 1536w, https:\/\/www.askja-on-tour.ch\/wp-content\/uploads\/2020\/08\/Vik_3-006.jpg 1600w\" sizes=\"auto, (max-width: 1024px) 100vw, 1024px\" \/> <img loading=\"lazy\" decoding=\"async\" class=\"alignnone size-medium wp-image-13229\" src=\"https:\/\/www.askja-on-tour.ch\/wp-content\/uploads\/2020\/08\/Vik_3-007-1024x683.jpg\" alt=\"\" width=\"1024\" height=\"683\" srcset=\"https:\/\/www.askja-on-tour.ch\/wp-content\/uploads\/2020\/08\/Vik_3-007-1024x683.jpg 1024w, https:\/\/www.askja-on-tour.ch\/wp-content\/uploads\/2020\/08\/Vik_3-007-768x512.jpg 768w, https:\/\/www.askja-on-tour.ch\/wp-content\/uploads\/2020\/08\/Vik_3-007-1536x1024.jpg 1536w, https:\/\/www.askja-on-tour.ch\/wp-content\/uploads\/2020\/08\/Vik_3-007.jpg 1600w\" sizes=\"auto, (max-width: 1024px) 100vw, 1024px\" \/> <img loading=\"lazy\" decoding=\"async\" class=\"alignnone size-medium wp-image-13230\" src=\"https:\/\/www.askja-on-tour.ch\/wp-content\/uploads\/2020\/08\/Vik_3-008-1024x283.jpg\" alt=\"\" width=\"1024\" height=\"283\" srcset=\"https:\/\/www.askja-on-tour.ch\/wp-content\/uploads\/2020\/08\/Vik_3-008-1024x283.jpg 1024w, https:\/\/www.askja-on-tour.ch\/wp-content\/uploads\/2020\/08\/Vik_3-008-768x212.jpg 768w, https:\/\/www.askja-on-tour.ch\/wp-content\/uploads\/2020\/08\/Vik_3-008-1536x424.jpg 1536w, https:\/\/www.askja-on-tour.ch\/wp-content\/uploads\/2020\/08\/Vik_3-008.jpg 1600w\" sizes=\"auto, (max-width: 1024px) 100vw, 1024px\" \/> <img loading=\"lazy\" decoding=\"async\" class=\"alignnone size-medium wp-image-13231\" src=\"https:\/\/www.askja-on-tour.ch\/wp-content\/uploads\/2020\/08\/Vik_3-009-1024x683.jpg\" alt=\"\" width=\"1024\" height=\"683\" srcset=\"https:\/\/www.askja-on-tour.ch\/wp-content\/uploads\/2020\/08\/Vik_3-009-1024x683.jpg 1024w, https:\/\/www.askja-on-tour.ch\/wp-content\/uploads\/2020\/08\/Vik_3-009-768x512.jpg 768w, https:\/\/www.askja-on-tour.ch\/wp-content\/uploads\/2020\/08\/Vik_3-009-1536x1024.jpg 1536w, https:\/\/www.askja-on-tour.ch\/wp-content\/uploads\/2020\/08\/Vik_3-009.jpg 1600w\" sizes=\"auto, (max-width: 1024px) 100vw, 1024px\" \/><\/p>\n<p>Danach sind wir ziemlich z\u00fcgig (soweit es die Strassenbeschaffenheit zul\u00e4sst) aus dem Tal gefahren, da wir noch das Flugzeugwrack Douglas Dakota C117 am schwarzen Strand sehen wollten.&nbsp;Am 21. November 1973 wurde die Maschine der US Navy in eisiger K\u00e4lte, St\u00fcrmen und Nebel ein Opfer des isl\u00e4ndischen Wetters, nachdem diese Ware zur Radar-Station bei Hornafj\u00f6r\u00f0ur&nbsp;geliefert hatte. Sie ist aber nicht abgest\u00fcrzt, sondern der Pilot konnte die Maschine am Strand von S\u00f3lheimasandur notlanden, ohne dass eines der Besatzungsmitglieder verletzt wurde. Das Flugzeugwrack ist heute nur noch \u00fcber einen 3.5 km langen Weg (total 7 km) erreichbar&nbsp;<span lang=\"DE\">\u2013 somit auch Sportprogramm absolviert f\u00fcr heute.&nbsp;<\/span><\/p>\n<figure id=\"attachment_13235\" aria-describedby=\"caption-attachment-13235\" style=\"width: 1024px\" class=\"wp-caption alignnone\"><img loading=\"lazy\" decoding=\"async\" class=\"wp-image-13235 size-medium\" src=\"https:\/\/www.askja-on-tour.ch\/wp-content\/uploads\/2020\/08\/Vik_3-013-1024x683.jpg\" alt=\"\" width=\"1024\" height=\"683\" srcset=\"https:\/\/www.askja-on-tour.ch\/wp-content\/uploads\/2020\/08\/Vik_3-013-1024x683.jpg 1024w, https:\/\/www.askja-on-tour.ch\/wp-content\/uploads\/2020\/08\/Vik_3-013-768x512.jpg 768w, https:\/\/www.askja-on-tour.ch\/wp-content\/uploads\/2020\/08\/Vik_3-013-1536x1024.jpg 1536w, https:\/\/www.askja-on-tour.ch\/wp-content\/uploads\/2020\/08\/Vik_3-013.jpg 1600w\" sizes=\"auto, (max-width: 1024px) 100vw, 1024px\" \/><figcaption id=\"caption-attachment-13235\" class=\"wp-caption-text\">Unter all den Jacken findet sich Claudia<\/figcaption><\/figure>\n<p><img loading=\"lazy\" decoding=\"async\" class=\"alignnone size-medium wp-image-13234\" src=\"https:\/\/www.askja-on-tour.ch\/wp-content\/uploads\/2020\/08\/Vik_3-012-1024x683.jpg\" alt=\"\" width=\"1024\" height=\"683\" srcset=\"https:\/\/www.askja-on-tour.ch\/wp-content\/uploads\/2020\/08\/Vik_3-012-1024x683.jpg 1024w, https:\/\/www.askja-on-tour.ch\/wp-content\/uploads\/2020\/08\/Vik_3-012-768x512.jpg 768w, https:\/\/www.askja-on-tour.ch\/wp-content\/uploads\/2020\/08\/Vik_3-012-1536x1024.jpg 1536w, https:\/\/www.askja-on-tour.ch\/wp-content\/uploads\/2020\/08\/Vik_3-012.jpg 1600w\" sizes=\"auto, (max-width: 1024px) 100vw, 1024px\" \/> <img loading=\"lazy\" decoding=\"async\" class=\"alignnone size-medium wp-image-13236\" src=\"https:\/\/www.askja-on-tour.ch\/wp-content\/uploads\/2020\/08\/Vik_3-014-683x1024.jpg\" alt=\"\" width=\"683\" height=\"1024\" srcset=\"https:\/\/www.askja-on-tour.ch\/wp-content\/uploads\/2020\/08\/Vik_3-014-683x1024.jpg 683w, https:\/\/www.askja-on-tour.ch\/wp-content\/uploads\/2020\/08\/Vik_3-014-768x1152.jpg 768w, https:\/\/www.askja-on-tour.ch\/wp-content\/uploads\/2020\/08\/Vik_3-014-1024x1536.jpg 1024w, https:\/\/www.askja-on-tour.ch\/wp-content\/uploads\/2020\/08\/Vik_3-014.jpg 1067w\" sizes=\"auto, (max-width: 683px) 100vw, 683px\" \/> <img loading=\"lazy\" decoding=\"async\" class=\"alignnone size-medium wp-image-13237\" src=\"https:\/\/www.askja-on-tour.ch\/wp-content\/uploads\/2020\/08\/Vik_3-015-1024x683.jpg\" alt=\"\" width=\"1024\" height=\"683\" srcset=\"https:\/\/www.askja-on-tour.ch\/wp-content\/uploads\/2020\/08\/Vik_3-015-1024x683.jpg 1024w, https:\/\/www.askja-on-tour.ch\/wp-content\/uploads\/2020\/08\/Vik_3-015-768x512.jpg 768w, https:\/\/www.askja-on-tour.ch\/wp-content\/uploads\/2020\/08\/Vik_3-015-1536x1024.jpg 1536w, https:\/\/www.askja-on-tour.ch\/wp-content\/uploads\/2020\/08\/Vik_3-015.jpg 1600w\" sizes=\"auto, (max-width: 1024px) 100vw, 1024px\" \/> <img loading=\"lazy\" decoding=\"async\" class=\"alignnone size-medium wp-image-13238\" src=\"https:\/\/www.askja-on-tour.ch\/wp-content\/uploads\/2020\/08\/Vik_3-016-1024x683.jpg\" alt=\"\" width=\"1024\" height=\"683\" srcset=\"https:\/\/www.askja-on-tour.ch\/wp-content\/uploads\/2020\/08\/Vik_3-016-1024x683.jpg 1024w, https:\/\/www.askja-on-tour.ch\/wp-content\/uploads\/2020\/08\/Vik_3-016-768x512.jpg 768w, https:\/\/www.askja-on-tour.ch\/wp-content\/uploads\/2020\/08\/Vik_3-016-1536x1024.jpg 1536w, https:\/\/www.askja-on-tour.ch\/wp-content\/uploads\/2020\/08\/Vik_3-016.jpg 1600w\" sizes=\"auto, (max-width: 1024px) 100vw, 1024px\" \/><\/p>\n<p><span lang=\"DE\">Fr\u00fcher konnte bis zum Wrack gefahren werden, aber nach dem Video von Justin Bieber (aus dem 2015), in welchem er auch auf dem Wrack Skate Board f\u00e4hrt, war wohl der Touristenandrang zu gross und die Anfahrt wurde verboten. Und wer sich das Video von Justin Bieber ansehen m\u00f6chte &#8211; voil\u00e0: &nbsp;Bilder sind toll &#8211; der Rest na ja &#x1f92b;:&nbsp;<\/span><\/p>\n\n\n\n<figure class=\"wp-block-embed-youtube wp-block-embed is-type-video is-provider-youtube wp-embed-aspect-16-9 wp-has-aspect-ratio\"><div class=\"wp-block-embed__wrapper\">\n<iframe loading=\"lazy\" title=\"Justin Bieber - I&#039;ll Show You (Official Music Video)\" width=\"750\" height=\"422\" src=\"https:\/\/www.youtube.com\/embed\/PfGaX8G0f2E?feature=oembed\" frameborder=\"0\" allow=\"accelerometer; autoplay; encrypted-media; gyroscope; picture-in-picture\" allowfullscreen><\/iframe>\n<\/div><\/figure>\n\n\n\n<p>Danach hat uns nichts mehr gehalten und wir sind nach V\u00edk \u00ed M\u00fdrdal gefahren, wo wir ganz bestimmt heute mal \u00fcbernachten, evtl. machen wir morgen einen faulen Tag, wenn es weiter regnet (wie die Wetteraussichten voraussagen).<\/p>\n<p>&nbsp;<\/p>\n\n\n\n<iframe loading=\"lazy\" src=\"https:\/\/www.google.com\/maps\/d\/embed?mid=1GRuDS2EMA4t7kR0EN6UZACo_AI2cdViA\" width=\"640\" height=\"480\"><\/iframe>\n\n\n","protected":false},"excerpt":{"rendered":"<p>In den n\u00e4chsten Tagen m\u00fcssen wir die Sonne wohl suchen resp. einfach Regenkleider anziehen und die Regentropfen als Sonnenstrahlen interpretieren . Heute Morgen sind wir die F249 wieder zur\u00fcckgefahren. Nach dem Regen in der letzten Nacht und den w\u00e4rmeren Temperaturen<\/p>\n","protected":false},"author":3,"featured_media":0,"comment_status":"open","ping_status":"closed","sticky":false,"template":"","format":"standard","meta":{"footnotes":""},"categories":[25],"tags":[],"class_list":["post-13216","post","type-post","status-publish","format-standard","hentry","category-island2020"],"_links":{"self":[{"href":"https:\/\/www.askja-on-tour.ch\/index.php?rest_route=\/wp\/v2\/posts\/13216","targetHints":{"allow":["GET"]}}],"collection":[{"href":"https:\/\/www.askja-on-tour.ch\/index.php?rest_route=\/wp\/v2\/posts"}],"about":[{"href":"https:\/\/www.askja-on-tour.ch\/index.php?rest_route=\/wp\/v2\/types\/post"}],"author":[{"embeddable":true,"href":"https:\/\/www.askja-on-tour.ch\/index.php?rest_route=\/wp\/v2\/users\/3"}],"replies":[{"embeddable":true,"href":"https:\/\/www.askja-on-tour.ch\/index.php?rest_route=%2Fwp%2Fv2%2Fcomments&post=13216"}],"version-history":[{"count":13,"href":"https:\/\/www.askja-on-tour.ch\/index.php?rest_route=\/wp\/v2\/posts\/13216\/revisions"}],"predecessor-version":[{"id":13250,"href":"https:\/\/www.askja-on-tour.ch\/index.php?rest_route=\/wp\/v2\/posts\/13216\/revisions\/13250"}],"wp:attachment":[{"href":"https:\/\/www.askja-on-tour.ch\/index.php?rest_route=%2Fwp%2Fv2%2Fmedia&parent=13216"}],"wp:term":[{"taxonomy":"category","embeddable":true,"href":"https:\/\/www.askja-on-tour.ch\/index.php?rest_route=%2Fwp%2Fv2%2Fcategories&post=13216"},{"taxonomy":"post_tag","embeddable":true,"href":"https:\/\/www.askja-on-tour.ch\/index.php?rest_route=%2Fwp%2Fv2%2Ftags&post=13216"}],"curies":[{"name":"wp","href":"https:\/\/api.w.org\/{rel}","templated":true}]}}