{"id":1254,"date":"2018-10-29T21:11:17","date_gmt":"2018-10-29T21:11:17","guid":{"rendered":"https:\/\/www.askja-on-tour.ch\/?p=1254"},"modified":"2018-10-31T20:20:47","modified_gmt":"2018-10-31T20:20:47","slug":"montag-29-10-2018-treffen-mit-freunden-in-foum-zguid","status":"publish","type":"post","link":"https:\/\/www.askja-on-tour.ch\/?p=1254","title":{"rendered":"Montag, 29.10.2018: Treffen mit Freunden in Foum Zguid"},"content":{"rendered":"<p>Der heutige Tag ist eigentlich sehr schnell erz\u00e4hlt: Aufstehen, Fr\u00fchst\u00fccken, Packen, Einkaufen, Fahren, Ap\u00e9ro, Blog, Schlafen &#x1f634;\u00a0.<\/p>\n<p>Hier k\u00f6nnte es eigentlich schon aufh\u00f6ren &#8211; das Wesentliche ist gesagt &#x1f609;.<\/p>\n<p>Noch etwas die l\u00e4ngere Ausf\u00fchrung: Da unsere Motoren-Warn-Leuchte noch immer ein &#8222;Dauerbrenner&#8220; ist, hatten wir vor der Abreise noch die beiden anderen Sprinter-Fahrer auf unserem Campingplatz (ein Spanier und ein Franzose) gefragt, ob sie Fehlerauslese-Ger\u00e4te h\u00e4tten. Der junge Mann aus Spanien war hilfsbereit und hatte sich mit uns den Kopf zerbrochen, was es sein k\u00f6nnte. Er tippte auf Turbo-Lader, wobei wir fast sicher sind, dass es nicht daran liegt. Es ist die falsche Warnleuchte.<\/p>\n<p>Der Herr aus Frankreich war eher etwas ungehalten, dass wir ihn mit einer solchen Frage bel\u00e4stigen. Seine Frau war da schon hilfreicher &#8211; aber eine L\u00f6sung haben wir auch nicht gefunden. So haben wir uns entschieden, unser Problem bei Mercedes Z\u00fcrich zu schildern &#8211; da wurde unsere Vermutung best\u00e4rkt, dass es sich wohl um ein Problem mit einer der 6 Vorgl\u00fch-Kerzen handelt. Wir hoffen dies ist die Ursache f\u00fcr die Warnmeldung und haben unsere Reise wie geplant fortgesetzt.<\/p>\n<p>Wie gestern angek\u00fcndigt, sind wir im kleinen Souk einkaufen gegangen. Wir haben Fleisch bei einem der Metzger gekauft. Rindsw\u00fcrfeli, die er uns perfekt geschnitten und zu unserer grossen \u00dcberraschung pfannenfertig zubereitet hat. Er hat einen seiner Kollegen losgeschickt, der musste Peterli, Zwiebel und Gew\u00fcrze holen. Diese hatte er geschnitten und mit dem Fleisch und noch einen Schuss Oliven\u00f6l gemischt. Es riecht k\u00f6stlich &#8211; muss nur noch gebraten werden. Daneben haben wir noch Ziegen-Koteletten gekauft &#8211; auch f\u00fcr den Grill.<\/p>\n<p><img loading=\"lazy\" decoding=\"async\" class=\"alignnone size-medium wp-image-1255\" src=\"https:\/\/www.askja-on-tour.ch\/wp-content\/uploads\/2018\/10\/Montag-2910-001-1024x768.jpg\" alt=\"\" width=\"1024\" height=\"768\" srcset=\"https:\/\/www.askja-on-tour.ch\/wp-content\/uploads\/2018\/10\/Montag-2910-001-1024x768.jpg 1024w, https:\/\/www.askja-on-tour.ch\/wp-content\/uploads\/2018\/10\/Montag-2910-001-768x576.jpg 768w, https:\/\/www.askja-on-tour.ch\/wp-content\/uploads\/2018\/10\/Montag-2910-001.jpg 1600w\" sizes=\"auto, (max-width: 1024px) 100vw, 1024px\" \/><\/p>\n<p>Nein &#8211; von Kalbskopf haben wir nichts gekauf &#x1f60a;.<\/p>\n<p><img loading=\"lazy\" decoding=\"async\" class=\"alignnone size-medium wp-image-1256\" src=\"https:\/\/www.askja-on-tour.ch\/wp-content\/uploads\/2018\/10\/Montag-2910-002-1024x768.jpg\" alt=\"\" width=\"1024\" height=\"768\" srcset=\"https:\/\/www.askja-on-tour.ch\/wp-content\/uploads\/2018\/10\/Montag-2910-002-1024x768.jpg 1024w, https:\/\/www.askja-on-tour.ch\/wp-content\/uploads\/2018\/10\/Montag-2910-002-768x576.jpg 768w, https:\/\/www.askja-on-tour.ch\/wp-content\/uploads\/2018\/10\/Montag-2910-002.jpg 1600w\" sizes=\"auto, (max-width: 1024px) 100vw, 1024px\" \/><\/p>\n<p>Danach ging es ab zum Gem\u00fcseeinkauf. Ein Becken gef\u00fcllt mit Tomaten, Zucchini, R\u00fcebli, Auberginen und Bananen &#8211; total 25 DH = CHF 2.50. Und zum Abschluss brauchten wir noch Datteln, Milch, M\u00fcesli, Butter und Saft.<\/p>\n<p><img loading=\"lazy\" decoding=\"async\" class=\"alignnone size-medium wp-image-1257\" src=\"https:\/\/www.askja-on-tour.ch\/wp-content\/uploads\/2018\/10\/Montag-2910-003-1024x768.jpg\" alt=\"\" width=\"1024\" height=\"768\" srcset=\"https:\/\/www.askja-on-tour.ch\/wp-content\/uploads\/2018\/10\/Montag-2910-003-1024x768.jpg 1024w, https:\/\/www.askja-on-tour.ch\/wp-content\/uploads\/2018\/10\/Montag-2910-003-768x576.jpg 768w, https:\/\/www.askja-on-tour.ch\/wp-content\/uploads\/2018\/10\/Montag-2910-003.jpg 1600w\" sizes=\"auto, (max-width: 1024px) 100vw, 1024px\" \/><\/p>\n<p><img loading=\"lazy\" decoding=\"async\" class=\"alignnone size-medium wp-image-1258\" src=\"https:\/\/www.askja-on-tour.ch\/wp-content\/uploads\/2018\/10\/Montag-2910-004-1024x768.jpg\" alt=\"\" width=\"1024\" height=\"768\" srcset=\"https:\/\/www.askja-on-tour.ch\/wp-content\/uploads\/2018\/10\/Montag-2910-004-1024x768.jpg 1024w, https:\/\/www.askja-on-tour.ch\/wp-content\/uploads\/2018\/10\/Montag-2910-004-768x576.jpg 768w, https:\/\/www.askja-on-tour.ch\/wp-content\/uploads\/2018\/10\/Montag-2910-004.jpg 1600w\" sizes=\"auto, (max-width: 1024px) 100vw, 1024px\" \/><\/p>\n<p>Als wir zur\u00fcckkamen stand schon ein gesch\u00e4ftst\u00fcchtiger junger Mann an unserem Auto und fragte, ob bei unserem Auto alles i.O. sei, sonst w\u00fcrde er uns zu seiner Garage begleiten. Als ob er es gerochen hat mit unserer Leuchte. Wir wollen aber nicht jemand an unseren Wagen mit einem &#8222;ist-f\u00fcr-alle-Automarken-gut&#8220; \u00a0Diagnose-Ger\u00e4t lassen, das wom\u00f6glich weitere Probleme schafft und keine l\u00f6st.<\/p>\n<p>Dann sind wir losgefahren, Richtung Foum Zguid, wo wir uns mit Martina und Christoph verabredet haben. Wir wollen morgen gemeinsam die Strecke durch die W\u00fcste nach M&#8217;Hamid fahren &#8211; inkl. \u00dcbernachtung in der Sahara.<\/p>\n<p><img loading=\"lazy\" decoding=\"async\" class=\"alignnone size-medium wp-image-1259\" src=\"https:\/\/www.askja-on-tour.ch\/wp-content\/uploads\/2018\/10\/Montag-2910-005-1024x769.jpg\" alt=\"\" width=\"1024\" height=\"769\" srcset=\"https:\/\/www.askja-on-tour.ch\/wp-content\/uploads\/2018\/10\/Montag-2910-005-1024x769.jpg 1024w, https:\/\/www.askja-on-tour.ch\/wp-content\/uploads\/2018\/10\/Montag-2910-005-768x576.jpg 768w, https:\/\/www.askja-on-tour.ch\/wp-content\/uploads\/2018\/10\/Montag-2910-005.jpg 1600w\" sizes=\"auto, (max-width: 1024px) 100vw, 1024px\" \/><\/p>\n<p><img loading=\"lazy\" decoding=\"async\" class=\"alignnone size-medium wp-image-1262\" src=\"https:\/\/www.askja-on-tour.ch\/wp-content\/uploads\/2018\/10\/Montag-2910-008-1024x769.jpg\" alt=\"\" width=\"1024\" height=\"769\" srcset=\"https:\/\/www.askja-on-tour.ch\/wp-content\/uploads\/2018\/10\/Montag-2910-008-1024x769.jpg 1024w, https:\/\/www.askja-on-tour.ch\/wp-content\/uploads\/2018\/10\/Montag-2910-008-768x576.jpg 768w, https:\/\/www.askja-on-tour.ch\/wp-content\/uploads\/2018\/10\/Montag-2910-008.jpg 1600w\" sizes=\"auto, (max-width: 1024px) 100vw, 1024px\" \/><\/p>\n<p>Um 13.30 Uhr fuhren wir im Foum Zguid ein und wollten noch rasch Brot und Cola kaufen. Kaum haben wir das Auto abgestellt, stand ein Herr mit Mofa neben uns sagte, dass wir bereits von einem gelben Iveco mit Schweizern auf dem Camping Platz erwartet werden. Wir wussten erst gar nicht, weshalb er uns das unbedingt sagen wollte und noch viel weniger war uns klar, weshalb wir uns beeilen m\u00fcssten. Na ja &#8211; wir m\u00fcssen nicht alles verstehen. Als wir dann mit dem Einkauf fertig war, stand er noch immer da und f\u00fchrte uns auf den Platz &#8211; und somit war auch klar, er war der Campingplatz-Chef.<\/p>\n<p><img loading=\"lazy\" decoding=\"async\" class=\"alignnone size-medium wp-image-1265\" src=\"https:\/\/www.askja-on-tour.ch\/wp-content\/uploads\/2018\/10\/Montag-2910-011-1024x769.jpg\" alt=\"\" width=\"1024\" height=\"769\" srcset=\"https:\/\/www.askja-on-tour.ch\/wp-content\/uploads\/2018\/10\/Montag-2910-011-1024x769.jpg 1024w, https:\/\/www.askja-on-tour.ch\/wp-content\/uploads\/2018\/10\/Montag-2910-011-768x576.jpg 768w, https:\/\/www.askja-on-tour.ch\/wp-content\/uploads\/2018\/10\/Montag-2910-011.jpg 1600w\" sizes=\"auto, (max-width: 1024px) 100vw, 1024px\" \/><\/p>\n<p>Martin und Christoph waren da und haben uns auch erkl\u00e4rt, weshalb die Eile: der Herr wollte f\u00fcr uns eine Tajine kochen &#8211; aber er musste erst wissen, ob wir das auch wollen. Na klar doch &#8211; seine ist ja die BESTE &#8211; nach Mutter&#8217;s Rezept. Wir haben von ihm noch zwei Tomaten und frischen Knoblauch geschenkt bekommen.<\/p>\n<p>Der Nachmittag startete hervorragend: Martina und Christoph zauberten einen feinen Ap\u00e9ro herbei und wir genossen den Nachmittag mit plaudern, erz\u00e4hlen unserer Erlebnisse und Erfahrungen in Marokko und die M\u00e4nner haben die morgige Strecke besprochen.<\/p>\n<p><img loading=\"lazy\" decoding=\"async\" class=\"alignnone size-medium wp-image-1268\" src=\"https:\/\/www.askja-on-tour.ch\/wp-content\/uploads\/2018\/10\/Montag-2910-014-1024x769.jpg\" alt=\"\" width=\"1024\" height=\"769\" srcset=\"https:\/\/www.askja-on-tour.ch\/wp-content\/uploads\/2018\/10\/Montag-2910-014-1024x769.jpg 1024w, https:\/\/www.askja-on-tour.ch\/wp-content\/uploads\/2018\/10\/Montag-2910-014-768x576.jpg 768w, https:\/\/www.askja-on-tour.ch\/wp-content\/uploads\/2018\/10\/Montag-2910-014.jpg 1600w\" sizes=\"auto, (max-width: 1024px) 100vw, 1024px\" \/><\/p>\n<p><img loading=\"lazy\" decoding=\"async\" class=\"alignnone size-medium wp-image-1269\" src=\"https:\/\/www.askja-on-tour.ch\/wp-content\/uploads\/2018\/10\/Montag-2910-015-1024x769.jpg\" alt=\"\" width=\"1024\" height=\"769\" srcset=\"https:\/\/www.askja-on-tour.ch\/wp-content\/uploads\/2018\/10\/Montag-2910-015-1024x769.jpg 1024w, https:\/\/www.askja-on-tour.ch\/wp-content\/uploads\/2018\/10\/Montag-2910-015-768x576.jpg 768w, https:\/\/www.askja-on-tour.ch\/wp-content\/uploads\/2018\/10\/Montag-2910-015.jpg 1600w\" sizes=\"auto, (max-width: 1024px) 100vw, 1024px\" \/><\/p>\n<p>Um 17.00 Uhr wurde uns die Tajine serviert &#8211; so fanden wir nahtlos vom Ap\u00e9ro in das Abendessen. Es war sehr fein und der Campingplatz-Chef hat nicht zu viel versprochen.<\/p>\n<p><img loading=\"lazy\" decoding=\"async\" class=\"alignnone size-medium wp-image-1270\" src=\"https:\/\/www.askja-on-tour.ch\/wp-content\/uploads\/2018\/10\/Montag-2910-016-1024x769.jpg\" alt=\"\" width=\"1024\" height=\"769\" srcset=\"https:\/\/www.askja-on-tour.ch\/wp-content\/uploads\/2018\/10\/Montag-2910-016-1024x769.jpg 1024w, https:\/\/www.askja-on-tour.ch\/wp-content\/uploads\/2018\/10\/Montag-2910-016-768x576.jpg 768w, https:\/\/www.askja-on-tour.ch\/wp-content\/uploads\/2018\/10\/Montag-2910-016.jpg 1600w\" sizes=\"auto, (max-width: 1024px) 100vw, 1024px\" \/><\/p>\n<p>Und nun schreiben wir noch den Blog und machen uns bald fertig f\u00fcr die Nachruhe. Hier ist es um 18.00 Uhr schlagartig dunkel und auch k\u00fchle, sobald die Sonne untergeht.<\/p>\n<p>Morgen werden wir wohl nichts schreiben, da wir in der W\u00fcste \u00fcbernachten und es da sehr wahrscheinlich kein Internet gibt.<\/p>\n<p>Hier noch eine Galerie mit den Bildern des Tages<\/p>\n<div class=\"rl-gallery-container rl-loading\" id=\"rl-gallery-container-1\" data-gallery_id=\"1271\"> <div class=\"rl-gallery rl-basicmasonry-gallery \" id=\"rl-gallery-1\" data-gallery_no=\"1\"> <div class=\"rl-gutter-sizer\"><\/div><div class=\"rl-grid-sizer\"><\/div> <div class=\"rl-gallery-item rl-gallery-item-width-4\" > <div class=\"rl-gallery-item-content\"> <a href=\"https:\/\/www.askja-on-tour.ch\/wp-content\/uploads\/2018\/10\/Montag-2910-001.jpg\" title=\"\" data-rl_title=\"\" class=\"rl-gallery-link\" data-rl_caption=\"\" data-rel=\"lightbox-gallery-1\"><img loading=\"lazy\" decoding=\"async\" src=\"https:\/\/www.askja-on-tour.ch\/wp-content\/uploads\/2018\/10\/Montag-2910-001-1024x768.jpg\" width=\"1024\" height=\"768\" alt=\"\" \/><\/a> <\/div> <\/div> <div class=\"rl-gallery-item\" > <div class=\"rl-gallery-item-content\"> <a href=\"https:\/\/www.askja-on-tour.ch\/wp-content\/uploads\/2018\/10\/Montag-2910-002.jpg\" title=\"Auch der Kopf der Kuh wird verwertet\" data-rl_title=\"Auch der Kopf der Kuh wird verwertet\" class=\"rl-gallery-link\" data-rl_caption=\"\" data-rel=\"lightbox-gallery-1\"><img loading=\"lazy\" decoding=\"async\" src=\"https:\/\/www.askja-on-tour.ch\/wp-content\/uploads\/2018\/10\/Montag-2910-002-1024x768.jpg\" width=\"1024\" height=\"768\" alt=\"\" \/><span class=\"rl-gallery-caption\"><span class=\"rl-gallery-item-title\">Auch der Kopf der Kuh wird verwertet<\/span><\/span><\/a> <\/div> <\/div> <div class=\"rl-gallery-item\" > <div class=\"rl-gallery-item-content\"> <a href=\"https:\/\/www.askja-on-tour.ch\/wp-content\/uploads\/2018\/10\/Montag-2910-003.jpg\" title=\"\" data-rl_title=\"\" class=\"rl-gallery-link\" data-rl_caption=\"\" data-rel=\"lightbox-gallery-1\"><img loading=\"lazy\" decoding=\"async\" src=\"https:\/\/www.askja-on-tour.ch\/wp-content\/uploads\/2018\/10\/Montag-2910-003-1024x768.jpg\" width=\"1024\" height=\"768\" alt=\"\" \/><\/a> <\/div> <\/div> <div class=\"rl-gallery-item\" > <div class=\"rl-gallery-item-content\"> <a href=\"https:\/\/www.askja-on-tour.ch\/wp-content\/uploads\/2018\/10\/Montag-2910-004.jpg\" title=\"\" data-rl_title=\"\" class=\"rl-gallery-link\" data-rl_caption=\"\" data-rel=\"lightbox-gallery-1\"><img loading=\"lazy\" decoding=\"async\" src=\"https:\/\/www.askja-on-tour.ch\/wp-content\/uploads\/2018\/10\/Montag-2910-004-1024x768.jpg\" width=\"1024\" height=\"768\" alt=\"\" \/><\/a> <\/div> <\/div> <div class=\"rl-gallery-item\" > <div class=\"rl-gallery-item-content\"> <a href=\"https:\/\/www.askja-on-tour.ch\/wp-content\/uploads\/2018\/10\/Montag-2910-005.jpg\" title=\"\" data-rl_title=\"\" class=\"rl-gallery-link\" data-rl_caption=\"\" data-rel=\"lightbox-gallery-1\"><img loading=\"lazy\" decoding=\"async\" src=\"https:\/\/www.askja-on-tour.ch\/wp-content\/uploads\/2018\/10\/Montag-2910-005-1024x769.jpg\" width=\"1024\" height=\"769\" alt=\"\" \/><\/a> <\/div> <\/div> <div class=\"rl-gallery-item\" > <div class=\"rl-gallery-item-content\"> <a href=\"https:\/\/www.askja-on-tour.ch\/wp-content\/uploads\/2018\/10\/Montag-2910-006.jpg\" title=\"\" data-rl_title=\"\" class=\"rl-gallery-link\" data-rl_caption=\"\" data-rel=\"lightbox-gallery-1\"><img loading=\"lazy\" decoding=\"async\" src=\"https:\/\/www.askja-on-tour.ch\/wp-content\/uploads\/2018\/10\/Montag-2910-006-1024x769.jpg\" width=\"1024\" height=\"769\" alt=\"\" \/><\/a> <\/div> <\/div> <div class=\"rl-gallery-item\" > <div class=\"rl-gallery-item-content\"> <a href=\"https:\/\/www.askja-on-tour.ch\/wp-content\/uploads\/2018\/10\/Montag-2910-007.jpg\" title=\"\" data-rl_title=\"\" class=\"rl-gallery-link\" data-rl_caption=\"\" data-rel=\"lightbox-gallery-1\"><img loading=\"lazy\" decoding=\"async\" src=\"https:\/\/www.askja-on-tour.ch\/wp-content\/uploads\/2018\/10\/Montag-2910-007-1024x769.jpg\" width=\"1024\" height=\"769\" alt=\"\" \/><\/a> <\/div> <\/div> <div class=\"rl-gallery-item\" > <div class=\"rl-gallery-item-content\"> <a href=\"https:\/\/www.askja-on-tour.ch\/wp-content\/uploads\/2018\/10\/Montag-2910-008.jpg\" title=\"\" data-rl_title=\"\" class=\"rl-gallery-link\" data-rl_caption=\"\" data-rel=\"lightbox-gallery-1\"><img loading=\"lazy\" decoding=\"async\" src=\"https:\/\/www.askja-on-tour.ch\/wp-content\/uploads\/2018\/10\/Montag-2910-008-1024x769.jpg\" width=\"1024\" height=\"769\" alt=\"\" \/><\/a> <\/div> <\/div> <div class=\"rl-gallery-item\" > <div class=\"rl-gallery-item-content\"> <a href=\"https:\/\/www.askja-on-tour.ch\/wp-content\/uploads\/2018\/10\/Montag-2910-009.jpg\" title=\"\" data-rl_title=\"\" class=\"rl-gallery-link\" data-rl_caption=\"\" data-rel=\"lightbox-gallery-1\"><img loading=\"lazy\" decoding=\"async\" src=\"https:\/\/www.askja-on-tour.ch\/wp-content\/uploads\/2018\/10\/Montag-2910-009-769x1024.jpg\" width=\"769\" height=\"1024\" alt=\"\" \/><\/a> <\/div> <\/div> <div class=\"rl-gallery-item\" > <div class=\"rl-gallery-item-content\"> <a href=\"https:\/\/www.askja-on-tour.ch\/wp-content\/uploads\/2018\/10\/Montag-2910-010.jpg\" title=\"\" data-rl_title=\"\" class=\"rl-gallery-link\" data-rl_caption=\"\" data-rel=\"lightbox-gallery-1\"><img loading=\"lazy\" decoding=\"async\" src=\"https:\/\/www.askja-on-tour.ch\/wp-content\/uploads\/2018\/10\/Montag-2910-010-1024x769.jpg\" width=\"1024\" height=\"769\" alt=\"\" \/><\/a> <\/div> <\/div> <div class=\"rl-gallery-item\" > <div class=\"rl-gallery-item-content\"> <a href=\"https:\/\/www.askja-on-tour.ch\/wp-content\/uploads\/2018\/10\/Montag-2910-011.jpg\" title=\"\" data-rl_title=\"\" class=\"rl-gallery-link\" data-rl_caption=\"\" data-rel=\"lightbox-gallery-1\"><img loading=\"lazy\" decoding=\"async\" src=\"https:\/\/www.askja-on-tour.ch\/wp-content\/uploads\/2018\/10\/Montag-2910-011-1024x769.jpg\" width=\"1024\" height=\"769\" alt=\"\" \/><\/a> <\/div> <\/div> <div class=\"rl-gallery-item\" > <div class=\"rl-gallery-item-content\"> <a href=\"https:\/\/www.askja-on-tour.ch\/wp-content\/uploads\/2018\/10\/Montag-2910-012.jpg\" title=\"\" data-rl_title=\"\" class=\"rl-gallery-link\" data-rl_caption=\"\" data-rel=\"lightbox-gallery-1\"><img loading=\"lazy\" decoding=\"async\" src=\"https:\/\/www.askja-on-tour.ch\/wp-content\/uploads\/2018\/10\/Montag-2910-012-769x1024.jpg\" width=\"769\" height=\"1024\" alt=\"\" \/><\/a> <\/div> <\/div> <div class=\"rl-gallery-item\" > <div class=\"rl-gallery-item-content\"> <a href=\"https:\/\/www.askja-on-tour.ch\/wp-content\/uploads\/2018\/10\/Montag-2910-013.jpg\" title=\"Foum Zguid die letzte Stadt - danach kommt nur noch W\u00fcste bis nach Algerien\" data-rl_title=\"Foum Zguid die letzte Stadt - danach kommt nur noch W\u00fcste bis nach Algerien\" class=\"rl-gallery-link\" data-rl_caption=\"\" data-rel=\"lightbox-gallery-1\"><img loading=\"lazy\" decoding=\"async\" src=\"https:\/\/www.askja-on-tour.ch\/wp-content\/uploads\/2018\/10\/Montag-2910-013-1024x769.jpg\" width=\"1024\" height=\"769\" alt=\"\" \/><span class=\"rl-gallery-caption\"><span class=\"rl-gallery-item-title\">Foum Zguid die letzte Stadt - danach kommt nur noch W\u00fcste bis nach Algerien<\/span><\/span><\/a> <\/div> <\/div> <div class=\"rl-gallery-item\" > <div class=\"rl-gallery-item-content\"> <a href=\"https:\/\/www.askja-on-tour.ch\/wp-content\/uploads\/2018\/10\/Montag-2910-014.jpg\" title=\"Aargauer Treffen am Rand der W\u00fcste\" data-rl_title=\"Aargauer Treffen am Rand der W\u00fcste\" class=\"rl-gallery-link\" data-rl_caption=\"\" data-rel=\"lightbox-gallery-1\"><img loading=\"lazy\" decoding=\"async\" src=\"https:\/\/www.askja-on-tour.ch\/wp-content\/uploads\/2018\/10\/Montag-2910-014-1024x769.jpg\" width=\"1024\" height=\"769\" alt=\"\" \/><span class=\"rl-gallery-caption\"><span class=\"rl-gallery-item-title\">Aargauer Treffen am Rand der W\u00fcste<\/span><\/span><\/a> <\/div> <\/div> <div class=\"rl-gallery-item\" > <div class=\"rl-gallery-item-content\"> <a href=\"https:\/\/www.askja-on-tour.ch\/wp-content\/uploads\/2018\/10\/Montag-2910-015.jpg\" title=\"\" data-rl_title=\"\" class=\"rl-gallery-link\" data-rl_caption=\"\" data-rel=\"lightbox-gallery-1\"><img loading=\"lazy\" decoding=\"async\" src=\"https:\/\/www.askja-on-tour.ch\/wp-content\/uploads\/2018\/10\/Montag-2910-015-1024x769.jpg\" width=\"1024\" height=\"769\" alt=\"\" \/><\/a> <\/div> <\/div> <div class=\"rl-gallery-item\" > <div class=\"rl-gallery-item-content\"> <a href=\"https:\/\/www.askja-on-tour.ch\/wp-content\/uploads\/2018\/10\/Montag-2910-016.jpg\" title=\"Gemeinsames Abendessen mit Martina und Christoph\" data-rl_title=\"Gemeinsames Abendessen mit Martina und Christoph\" class=\"rl-gallery-link\" data-rl_caption=\"\" data-rel=\"lightbox-gallery-1\"><img loading=\"lazy\" decoding=\"async\" src=\"https:\/\/www.askja-on-tour.ch\/wp-content\/uploads\/2018\/10\/Montag-2910-016-1024x769.jpg\" width=\"1024\" height=\"769\" alt=\"\" \/><span class=\"rl-gallery-caption\"><span class=\"rl-gallery-item-title\">Gemeinsames Abendessen mit Martina und Christoph<\/span><\/span><\/a> <\/div> <\/div> <\/div> <\/div>\n","protected":false},"excerpt":{"rendered":"<p>Der heutige Tag ist eigentlich sehr schnell erz\u00e4hlt: Aufstehen, Fr\u00fchst\u00fccken, Packen, Einkaufen, Fahren, Ap\u00e9ro, Blog, Schlafen &#x1f634;\u00a0. Hier k\u00f6nnte es eigentlich schon aufh\u00f6ren &#8211; das Wesentliche ist gesagt &#x1f609;. Noch etwas die l\u00e4ngere Ausf\u00fchrung: Da unsere Motoren-Warn-Leuchte noch immer ein<\/p>\n","protected":false},"author":3,"featured_media":0,"comment_status":"open","ping_status":"closed","sticky":false,"template":"","format":"standard","meta":{"footnotes":""},"categories":[4,7],"tags":[],"class_list":["post-1254","post","type-post","status-publish","format-standard","hentry","category-reiseberichte","category-marokko2018"],"_links":{"self":[{"href":"https:\/\/www.askja-on-tour.ch\/index.php?rest_route=\/wp\/v2\/posts\/1254","targetHints":{"allow":["GET"]}}],"collection":[{"href":"https:\/\/www.askja-on-tour.ch\/index.php?rest_route=\/wp\/v2\/posts"}],"about":[{"href":"https:\/\/www.askja-on-tour.ch\/index.php?rest_route=\/wp\/v2\/types\/post"}],"author":[{"embeddable":true,"href":"https:\/\/www.askja-on-tour.ch\/index.php?rest_route=\/wp\/v2\/users\/3"}],"replies":[{"embeddable":true,"href":"https:\/\/www.askja-on-tour.ch\/index.php?rest_route=%2Fwp%2Fv2%2Fcomments&post=1254"}],"version-history":[{"count":6,"href":"https:\/\/www.askja-on-tour.ch\/index.php?rest_route=\/wp\/v2\/posts\/1254\/revisions"}],"predecessor-version":[{"id":1277,"href":"https:\/\/www.askja-on-tour.ch\/index.php?rest_route=\/wp\/v2\/posts\/1254\/revisions\/1277"}],"wp:attachment":[{"href":"https:\/\/www.askja-on-tour.ch\/index.php?rest_route=%2Fwp%2Fv2%2Fmedia&parent=1254"}],"wp:term":[{"taxonomy":"category","embeddable":true,"href":"https:\/\/www.askja-on-tour.ch\/index.php?rest_route=%2Fwp%2Fv2%2Fcategories&post=1254"},{"taxonomy":"post_tag","embeddable":true,"href":"https:\/\/www.askja-on-tour.ch\/index.php?rest_route=%2Fwp%2Fv2%2Ftags&post=1254"}],"curies":[{"name":"wp","href":"https:\/\/api.w.org\/{rel}","templated":true}]}}