{"id":1235,"date":"2018-10-28T19:42:49","date_gmt":"2018-10-28T19:42:49","guid":{"rendered":"https:\/\/www.askja-on-tour.ch\/?p=1235"},"modified":"2018-10-28T19:57:19","modified_gmt":"2018-10-28T19:57:19","slug":"sonntag-28-10-2018-ein-tag-in-zagora-und-was-eine-geschenkte-stunde-bewirkt","status":"publish","type":"post","link":"https:\/\/www.askja-on-tour.ch\/?p=1235","title":{"rendered":"Sonntag, 28.10.2018: Ein Tag in Zagora &#8211; und was eine geschenkte Stunde bewirkt"},"content":{"rendered":"<p>Wir haben in Zagora wunderbar geschlafen &#8211; selbst der Muezzin h\u00f6rten wir nicht (evtl. hat er aus R\u00fccksicht auf die \u00a0Zeitumstellung nicht gerufen).\u00a0Der Muezzin-Ruf hier ist \u00fcbrigens recht melodisch &#8211; war gestern Abend sehr angenehm anzuh\u00f6ren.<\/p>\n<p>Weil der Morgen sehr sch\u00f6n und der Himmel strahlen blau war (am Nachmittag sollte es schlechter werden) hat Norbert noch ein Foto vom Platz &#8222;Oasis Palmier&#8220; gemacht mit Suchspiel: Findet Askja!<\/p>\n<p><img loading=\"lazy\" decoding=\"async\" class=\"alignnone size-medium wp-image-1195\" src=\"https:\/\/www.askja-on-tour.ch\/wp-content\/uploads\/2018\/10\/Sonntag-2810-001-1024x768.jpg\" alt=\"\" width=\"1024\" height=\"768\" srcset=\"https:\/\/www.askja-on-tour.ch\/wp-content\/uploads\/2018\/10\/Sonntag-2810-001-1024x768.jpg 1024w, https:\/\/www.askja-on-tour.ch\/wp-content\/uploads\/2018\/10\/Sonntag-2810-001-768x576.jpg 768w, https:\/\/www.askja-on-tour.ch\/wp-content\/uploads\/2018\/10\/Sonntag-2810-001.jpg 1600w\" sizes=\"auto, (max-width: 1024px) 100vw, 1024px\" \/><\/p>\n<p>Nach einem ausgiebigen Fr\u00fchst\u00fcck mit gutem, frischen Fladenbrot sind wir fr\u00fch (f\u00fcr unsere Verh\u00e4ltnisse) losgelaufen. Mussten ja auch nichts einpacken f\u00fcr die Weiterfahrt und konnten alles stehen und liegen lassen. Wir sind schon um 09.00 Uhr los, entlang den Oasen-G\u00e4rten. Der Weg war abwechslungsreich und \u00fcber die Br\u00fccke \u00fcber die Draa gelangten wir zum Sitz der Provinz-Regierung. Wir wollten das bekannte Schild sehen &#8222;52 Tage von Zagora nach Timbuktu&#8220;. Timbuktu ist eine Oasienstadt in Mali. &#8222;52 Tage bis Timbuktu&#8220;\u00a0ist das letztes Zeugnis einer Zeit als Zagora im Draa-Tal eine wichtige Durchgangsstation f\u00fcr Karawanen zwischen Marokko und der S\u00fcd-Sahara war (im 16 Jahrhundert).<\/p>\n<p><img loading=\"lazy\" decoding=\"async\" class=\"alignnone size-medium wp-image-1205\" src=\"https:\/\/www.askja-on-tour.ch\/wp-content\/uploads\/2018\/10\/Sonntag-2810-011-1024x768.jpg\" alt=\"\" width=\"1024\" height=\"768\" srcset=\"https:\/\/www.askja-on-tour.ch\/wp-content\/uploads\/2018\/10\/Sonntag-2810-011-1024x768.jpg 1024w, https:\/\/www.askja-on-tour.ch\/wp-content\/uploads\/2018\/10\/Sonntag-2810-011-768x576.jpg 768w, https:\/\/www.askja-on-tour.ch\/wp-content\/uploads\/2018\/10\/Sonntag-2810-011.jpg 1600w\" sizes=\"auto, (max-width: 1024px) 100vw, 1024px\" \/><\/p>\n<p>Dort kam einer der &#8222;fleissigen&#8220; Ladenbesitzer, ein Berber, auf uns zu und bot sich an, uns beide zu fotografieren. Nat\u00fcrich wurden wir dann in sein Gesch\u00e4ft eingeladen, wo er uns die beiden \u00e4lteren Ausf\u00fchrungen dieses Schildes zeigte. Dieses war original vis-\u00e0-vis des Geb\u00e4udes der Provinz-Regierung. Nur &#8211; weil da immer Touristen aus \u00a0Marokko und dem Ausland angereist kamen, um das ber\u00fchmte Schild zu fotografieren und dadurch die Strasse blockierten, wurde dieses abgerissen und ein neues an der heutigen Stelle, wo es weniger st\u00f6rt, aufgebaut.<\/p>\n<p>Daneben haben wir uns noch f\u00fcr einen kleinen Berber-Schmuck \u00fcberzeugen (h\u00f6rt sich sch\u00f6ner an als \u00fcberreden) lassen. Es zeigt den Buchstaben &#8222;z&#8220; im Alphabet der Berber.<\/p>\n<p><img loading=\"lazy\" decoding=\"async\" src=\"https:\/\/2.bp.blogspot.com\/-IkXn087KjSU\/UX6cWbFOlqI\/AAAAAAAAAiM\/T00vKdh-Lys\/s200\/kabylflagge.jpg\" width=\"200\" height=\"181\" border=\"0\" \/><\/p>\n<p>Dieser Buchstabe findet sich auch in den\u00a0W\u00f6rtern\u00a0&#8222;Amazigh&#8220; und &#8222;Imazighen&#8220; (= Plural von &#8222;Amazigh&#8220;)\u00a0und steht demnach f\u00fcr &#8222;freier Mensch&#8220;. Es ist auch das selbe Zeichen in der Flagge (die Kabyle) \u00a0der Berber. Die\u00a0drei Farben stehen f\u00fcr das Land der Berber (wobei als Land nicht ein Staat zu verstehen ist, sondern das Gebiet aller Berber); dieses Land\u00a0grenzt oben im Norden an ein Meer (deshalb blau. die Farbe Gr\u00fcn\u00a0ist Mittelland mit den Bergen und W\u00e4ldern und unten, im S\u00fcden, die W\u00fcste, deshalb Gelb. Die Farbe Rot, in dem der Buchstabe &#8222;z&#8220; gehalten ist steht f\u00fcr die Farbe des Lebens als auch f\u00fcr den Widerstand.<\/p>\n<p>Nach einem Foto mit ihm (oh je &#8211; wie doof sehe ich denn aus &#8211; Danke Norbert &#x1f624;)\u00a0sind wir weitergezogen durch Zagora um zu sehen, wo wir morgen unsere Vorr\u00e4te aufstocken k\u00f6nnen. <img loading=\"lazy\" decoding=\"async\" class=\"alignnone size-medium wp-image-1207\" src=\"https:\/\/www.askja-on-tour.ch\/wp-content\/uploads\/2018\/10\/Sonntag-2810-013-1024x768.jpg\" alt=\"\" width=\"1024\" height=\"768\" srcset=\"https:\/\/www.askja-on-tour.ch\/wp-content\/uploads\/2018\/10\/Sonntag-2810-013-1024x768.jpg 1024w, https:\/\/www.askja-on-tour.ch\/wp-content\/uploads\/2018\/10\/Sonntag-2810-013-768x576.jpg 768w, https:\/\/www.askja-on-tour.ch\/wp-content\/uploads\/2018\/10\/Sonntag-2810-013.jpg 1600w\" sizes=\"auto, (max-width: 1024px) 100vw, 1024px\" \/><\/p>\n<p><img loading=\"lazy\" decoding=\"async\" class=\"alignnone size-medium wp-image-1208\" src=\"https:\/\/www.askja-on-tour.ch\/wp-content\/uploads\/2018\/10\/Sonntag-2810-014-1024x768.jpg\" alt=\"\" width=\"1024\" height=\"768\" srcset=\"https:\/\/www.askja-on-tour.ch\/wp-content\/uploads\/2018\/10\/Sonntag-2810-014-1024x768.jpg 1024w, https:\/\/www.askja-on-tour.ch\/wp-content\/uploads\/2018\/10\/Sonntag-2810-014-768x576.jpg 768w, https:\/\/www.askja-on-tour.ch\/wp-content\/uploads\/2018\/10\/Sonntag-2810-014.jpg 1600w\" sizes=\"auto, (max-width: 1024px) 100vw, 1024px\" \/><\/p>\n<p>Wir sind an der Schule entlanggekommen, die wiederum mit sch\u00f6nen Bildern und wichtigen Botschaften an die Schulkinder begeisterte.<\/p>\n<p><img loading=\"lazy\" decoding=\"async\" class=\"alignnone size-medium wp-image-1212\" src=\"https:\/\/www.askja-on-tour.ch\/wp-content\/uploads\/2018\/10\/Sonntag-2810-018-1024x768.jpg\" alt=\"\" width=\"1024\" height=\"768\" srcset=\"https:\/\/www.askja-on-tour.ch\/wp-content\/uploads\/2018\/10\/Sonntag-2810-018-1024x768.jpg 1024w, https:\/\/www.askja-on-tour.ch\/wp-content\/uploads\/2018\/10\/Sonntag-2810-018-768x576.jpg 768w, https:\/\/www.askja-on-tour.ch\/wp-content\/uploads\/2018\/10\/Sonntag-2810-018.jpg 1600w\" sizes=\"auto, (max-width: 1024px) 100vw, 1024px\" \/><\/p>\n<p><img loading=\"lazy\" decoding=\"async\" class=\"alignnone size-medium wp-image-1213\" src=\"https:\/\/www.askja-on-tour.ch\/wp-content\/uploads\/2018\/10\/Sonntag-2810-019-1024x768.jpg\" alt=\"\" width=\"1024\" height=\"768\" srcset=\"https:\/\/www.askja-on-tour.ch\/wp-content\/uploads\/2018\/10\/Sonntag-2810-019-1024x768.jpg 1024w, https:\/\/www.askja-on-tour.ch\/wp-content\/uploads\/2018\/10\/Sonntag-2810-019-768x576.jpg 768w, https:\/\/www.askja-on-tour.ch\/wp-content\/uploads\/2018\/10\/Sonntag-2810-019.jpg 1600w\" sizes=\"auto, (max-width: 1024px) 100vw, 1024px\" \/><\/p>\n<p>Es gibt viele Mikro-Superm\u00e4rkte, aber wirklich begeistert hat uns eine kleine Markthalle, wo es verschiedene Metzger, Fr\u00fcchte-, Dattel und Gew\u00fcrzh\u00e4ndler hat. Dort werden wir morgen mit dem Auto halt machen und mit Verschiedenem, sicher auch mit feinen Datteln, eindecken.<\/p>\n<p><img loading=\"lazy\" decoding=\"async\" class=\"alignnone size-medium wp-image-1217\" src=\"https:\/\/www.askja-on-tour.ch\/wp-content\/uploads\/2018\/10\/Sonntag-2810-023-1024x768.jpg\" alt=\"\" width=\"1024\" height=\"768\" srcset=\"https:\/\/www.askja-on-tour.ch\/wp-content\/uploads\/2018\/10\/Sonntag-2810-023-1024x768.jpg 1024w, https:\/\/www.askja-on-tour.ch\/wp-content\/uploads\/2018\/10\/Sonntag-2810-023-768x576.jpg 768w, https:\/\/www.askja-on-tour.ch\/wp-content\/uploads\/2018\/10\/Sonntag-2810-023.jpg 1600w\" sizes=\"auto, (max-width: 1024px) 100vw, 1024px\" \/><\/p>\n<p><img loading=\"lazy\" decoding=\"async\" class=\"alignnone size-medium wp-image-1223\" src=\"https:\/\/www.askja-on-tour.ch\/wp-content\/uploads\/2018\/10\/Sonntag-2810-029-1024x768.jpg\" alt=\"\" width=\"1024\" height=\"768\" srcset=\"https:\/\/www.askja-on-tour.ch\/wp-content\/uploads\/2018\/10\/Sonntag-2810-029-1024x768.jpg 1024w, https:\/\/www.askja-on-tour.ch\/wp-content\/uploads\/2018\/10\/Sonntag-2810-029-768x576.jpg 768w, https:\/\/www.askja-on-tour.ch\/wp-content\/uploads\/2018\/10\/Sonntag-2810-029.jpg 1600w\" sizes=\"auto, (max-width: 1024px) 100vw, 1024px\" \/><\/p>\n<p>Nachdem wir geh\u00f6rt hatten, dass sich der Souk Richtung Flughafen befindet und heute nicht mehr den Charakter hatte, wie fr\u00fcher sondern eher ein &#8222;Jahrmarkt&#8220; sein soll, haben wir uns entschieden, nicht dahin zu fahren, sonder mehr Zeit in Zagora zu verbringen.<\/p>\n<p><img loading=\"lazy\" decoding=\"async\" class=\"alignnone size-medium wp-image-1209\" src=\"https:\/\/www.askja-on-tour.ch\/wp-content\/uploads\/2018\/10\/Sonntag-2810-015-768x1024.jpg\" alt=\"\" width=\"768\" height=\"1024\" srcset=\"https:\/\/www.askja-on-tour.ch\/wp-content\/uploads\/2018\/10\/Sonntag-2810-015-768x1024.jpg 768w, https:\/\/www.askja-on-tour.ch\/wp-content\/uploads\/2018\/10\/Sonntag-2810-015.jpg 1200w\" sizes=\"auto, (max-width: 768px) 100vw, 768px\" \/><\/p>\n<p><img loading=\"lazy\" decoding=\"async\" class=\"alignnone size-medium wp-image-1214\" src=\"https:\/\/www.askja-on-tour.ch\/wp-content\/uploads\/2018\/10\/Sonntag-2810-020-1024x768.jpg\" alt=\"\" width=\"1024\" height=\"768\" srcset=\"https:\/\/www.askja-on-tour.ch\/wp-content\/uploads\/2018\/10\/Sonntag-2810-020-1024x768.jpg 1024w, https:\/\/www.askja-on-tour.ch\/wp-content\/uploads\/2018\/10\/Sonntag-2810-020-768x576.jpg 768w, https:\/\/www.askja-on-tour.ch\/wp-content\/uploads\/2018\/10\/Sonntag-2810-020.jpg 1600w\" sizes=\"auto, (max-width: 1024px) 100vw, 1024px\" \/><\/p>\n<p>Wir wollten den Weg zur\u00fcck durch Oasen-G\u00e4rten in Stadtn\u00e4he abk\u00fcrzen. Da wir wohl etwas verloren rumgestanden sind, kam aus irgendeinem Tor ein Mann, der wissen wollte, wo wir hinwollen. Wir haben ihm erkl\u00e4rt, dass wir zum Fluss gehen m\u00f6chten und da hatte er kurzerhand entschieden, uns vorzulaufen. Wir h\u00e4tten diesen Weg nicht gefunden &#8211; er ist mit uns in den G\u00e4rten durch die kleinsten \u00d6ffnungen durchgewandert und pl\u00f6tzlich waren wir am Fluss, der Draa.<\/p>\n<p><img loading=\"lazy\" decoding=\"async\" class=\"alignnone size-medium wp-image-1202\" src=\"https:\/\/www.askja-on-tour.ch\/wp-content\/uploads\/2018\/10\/Sonntag-2810-008-1024x768.jpg\" alt=\"\" width=\"1024\" height=\"768\" srcset=\"https:\/\/www.askja-on-tour.ch\/wp-content\/uploads\/2018\/10\/Sonntag-2810-008-1024x768.jpg 1024w, https:\/\/www.askja-on-tour.ch\/wp-content\/uploads\/2018\/10\/Sonntag-2810-008-768x576.jpg 768w, https:\/\/www.askja-on-tour.ch\/wp-content\/uploads\/2018\/10\/Sonntag-2810-008.jpg 1600w\" sizes=\"auto, (max-width: 1024px) 100vw, 1024px\" \/><\/p>\n<p>Wir sind dann zur\u00fcck auf den Camping-Platz gelaufen und haben heute doch 7.8 km zur\u00fcckgelegt &#8211; f\u00fcr den Fuss von Norbert doch sehr beachtlich.<\/p>\n<p>Da haben wir noch entsorgt und wieder Frischwasser gebunkert.<\/p>\n<p>Zum Abendessen haben wir uns f\u00fcr &#8222;Take-Away \u00fcber d&#8217;Gass&#8220; entschieden. Wir haben feine Rindsspiessli vom Grill mit Pommes direkt an das Auto geliefert bekommen,\u00a0zubereitet in der Zeltk\u00fcche des Camping-Platzes. Es war lecker. Bestellt hatten wir f\u00fcr 19.00 Uhr &#8211; geliefert wurde es um 18.00 Uhr. Eventuell haben sie die Uhren noch nicht umgestellt &#x1f609;. Somit sind wir heute mit dem Bericht auch fr\u00fcher dran &#8211; was doch die Zeitumstellung und die geschenkte Stunde alles bewirkt.<\/p>\n<p><img loading=\"lazy\" decoding=\"async\" class=\"alignnone size-medium wp-image-1237\" src=\"https:\/\/www.askja-on-tour.ch\/wp-content\/uploads\/2018\/10\/Sonntag-2810-060-768x1024.jpg\" alt=\"\" width=\"768\" height=\"1024\" srcset=\"https:\/\/www.askja-on-tour.ch\/wp-content\/uploads\/2018\/10\/Sonntag-2810-060-768x1024.jpg 768w, https:\/\/www.askja-on-tour.ch\/wp-content\/uploads\/2018\/10\/Sonntag-2810-060.jpg 1200w\" sizes=\"auto, (max-width: 768px) 100vw, 768px\" \/><\/p>\n<p><img loading=\"lazy\" decoding=\"async\" class=\"alignnone size-medium wp-image-1238\" src=\"https:\/\/www.askja-on-tour.ch\/wp-content\/uploads\/2018\/10\/Sonntag-2810-061-768x1024.jpg\" alt=\"\" width=\"768\" height=\"1024\" srcset=\"https:\/\/www.askja-on-tour.ch\/wp-content\/uploads\/2018\/10\/Sonntag-2810-061-768x1024.jpg 768w, https:\/\/www.askja-on-tour.ch\/wp-content\/uploads\/2018\/10\/Sonntag-2810-061.jpg 1200w\" sizes=\"auto, (max-width: 768px) 100vw, 768px\" \/><\/p>\n<p>Im Moment macht uns einzig noch eine Fehlermeldung im Auto etwas sorgen. Die Motorenkontrolleuchte ist an. Es kann verschiedene Gr\u00fcnde haben &#8211; nur wissen wir im Moment nicht, wie wir dies beheben k\u00f6nnen. Empfehlung ist, Fehler auslesen &#8211; nur ohne Diagnoseger\u00e4t unm\u00f6glich. Wir hoffen im Moment noch auf die &#8222;Selbstheilung&#8220; &#8211; und sonst m\u00fcssen wir eine lokale Werkstatt morgen in Zagora aufsuchen, da wir sonst riskieren, dass der Motor in das Notfallprogramm wechselt, was eine Sahara-Piste unm\u00f6glich machen w\u00fcrde. Hoffen wir nicht &#8211; wir wollen uns ja morgen mit Martina und Christoph treffen. &#8222;Daumen dr\u00fccken&#8220; und hoffen. Wir schicken mal ein Stossgebeet in den Himmel und hoffen, dass es ankommt!<\/p>\n<div class=\"rl-gallery-container rl-loading\" id=\"rl-gallery-container-1\" data-gallery_id=\"1234\"> <div class=\"rl-gallery rl-basicmasonry-gallery \" id=\"rl-gallery-1\" data-gallery_no=\"1\"> <div class=\"rl-gutter-sizer\"><\/div><div class=\"rl-grid-sizer\"><\/div> <div class=\"rl-gallery-item rl-gallery-item-width-4\" > <div class=\"rl-gallery-item-content\"> <a href=\"https:\/\/www.askja-on-tour.ch\/wp-content\/uploads\/2018\/10\/Sonntag-2810-001.jpg\" title=\"Unser Campingplatz in Zagora - Suchbild - wo ist Askja\" data-rl_title=\"Unser Campingplatz in Zagora - Suchbild - wo ist Askja\" class=\"rl-gallery-link\" data-rl_caption=\"\" data-rel=\"lightbox-gallery-1\"><img loading=\"lazy\" decoding=\"async\" src=\"https:\/\/www.askja-on-tour.ch\/wp-content\/uploads\/2018\/10\/Sonntag-2810-001-1024x768.jpg\" width=\"1024\" height=\"768\" alt=\"\" \/><span class=\"rl-gallery-caption\"><span class=\"rl-gallery-item-title\">Unser Campingplatz in Zagora - Suchbild - wo ist Askja<\/span><\/span><\/a> <\/div> <\/div> <div class=\"rl-gallery-item\" > <div class=\"rl-gallery-item-content\"> <a href=\"https:\/\/www.askja-on-tour.ch\/wp-content\/uploads\/2018\/10\/Sonntag-2810-002.jpg\" title=\"\" data-rl_title=\"\" class=\"rl-gallery-link\" data-rl_caption=\"\" data-rel=\"lightbox-gallery-1\"><img loading=\"lazy\" decoding=\"async\" src=\"https:\/\/www.askja-on-tour.ch\/wp-content\/uploads\/2018\/10\/Sonntag-2810-002-1024x768.jpg\" width=\"1024\" height=\"768\" alt=\"\" \/><\/a> <\/div> <\/div> <div class=\"rl-gallery-item\" > <div class=\"rl-gallery-item-content\"> <a href=\"https:\/\/www.askja-on-tour.ch\/wp-content\/uploads\/2018\/10\/Sonntag-2810-003.jpg\" title=\"Mit den neusten Sicherheitsvorkehrungen - Palme mit eigenem Feuerl\u00f6scher\" data-rl_title=\"Mit den neusten Sicherheitsvorkehrungen - Palme mit eigenem Feuerl\u00f6scher\" class=\"rl-gallery-link\" data-rl_caption=\"\" data-rel=\"lightbox-gallery-1\"><img loading=\"lazy\" decoding=\"async\" src=\"https:\/\/www.askja-on-tour.ch\/wp-content\/uploads\/2018\/10\/Sonntag-2810-003-768x1024.jpg\" width=\"768\" height=\"1024\" alt=\"\" \/><span class=\"rl-gallery-caption\"><span class=\"rl-gallery-item-title\">Mit den neusten Sicherheitsvorkehrungen - Palme mit eigenem Feuerl\u00f6scher<\/span><\/span><\/a> <\/div> <\/div> <div class=\"rl-gallery-item\" > <div class=\"rl-gallery-item-content\"> <a href=\"https:\/\/www.askja-on-tour.ch\/wp-content\/uploads\/2018\/10\/Sonntag-2810-004.jpg\" title=\"Oasengarten neben dem Campingplatz\" data-rl_title=\"Oasengarten neben dem Campingplatz\" class=\"rl-gallery-link\" data-rl_caption=\"\" data-rel=\"lightbox-gallery-1\"><img loading=\"lazy\" decoding=\"async\" src=\"https:\/\/www.askja-on-tour.ch\/wp-content\/uploads\/2018\/10\/Sonntag-2810-004-768x1024.jpg\" width=\"768\" height=\"1024\" alt=\"\" \/><span class=\"rl-gallery-caption\"><span class=\"rl-gallery-item-title\">Oasengarten neben dem Campingplatz<\/span><\/span><\/a> <\/div> <\/div> <div class=\"rl-gallery-item\" > <div class=\"rl-gallery-item-content\"> <a href=\"https:\/\/www.askja-on-tour.ch\/wp-content\/uploads\/2018\/10\/Sonntag-2810-006.jpg\" title=\"\" data-rl_title=\"\" class=\"rl-gallery-link\" data-rl_caption=\"\" data-rel=\"lightbox-gallery-1\"><img loading=\"lazy\" decoding=\"async\" src=\"https:\/\/www.askja-on-tour.ch\/wp-content\/uploads\/2018\/10\/Sonntag-2810-006-1024x768.jpg\" width=\"1024\" height=\"768\" alt=\"\" \/><\/a> <\/div> <\/div> <div class=\"rl-gallery-item\" > <div class=\"rl-gallery-item-content\"> <a href=\"https:\/\/www.askja-on-tour.ch\/wp-content\/uploads\/2018\/10\/Sonntag-2810-005.jpg\" title=\"Das Blau der Berber ist die vorherrschende Farbe in der Stadt\" data-rl_title=\"Das Blau der Berber ist die vorherrschende Farbe in der Stadt\" class=\"rl-gallery-link\" data-rl_caption=\"\" data-rel=\"lightbox-gallery-1\"><img loading=\"lazy\" decoding=\"async\" src=\"https:\/\/www.askja-on-tour.ch\/wp-content\/uploads\/2018\/10\/Sonntag-2810-005-1024x768.jpg\" width=\"1024\" height=\"768\" alt=\"\" \/><span class=\"rl-gallery-caption\"><span class=\"rl-gallery-item-title\">Das Blau der Berber ist die vorherrschende Farbe in der Stadt<\/span><\/span><\/a> <\/div> <\/div> <div class=\"rl-gallery-item\" > <div class=\"rl-gallery-item-content\"> <a href=\"https:\/\/www.askja-on-tour.ch\/wp-content\/uploads\/2018\/10\/Sonntag-2810-007.jpg\" title=\"Kunstwerk im Kreisel\" data-rl_title=\"Kunstwerk im Kreisel\" class=\"rl-gallery-link\" data-rl_caption=\"\" data-rel=\"lightbox-gallery-1\"><img loading=\"lazy\" decoding=\"async\" src=\"https:\/\/www.askja-on-tour.ch\/wp-content\/uploads\/2018\/10\/Sonntag-2810-007-1024x768.jpg\" width=\"1024\" height=\"768\" alt=\"\" \/><span class=\"rl-gallery-caption\"><span class=\"rl-gallery-item-title\">Kunstwerk im Kreisel<\/span><\/span><\/a> <\/div> <\/div> <div class=\"rl-gallery-item\" > <div class=\"rl-gallery-item-content\"> <a href=\"https:\/\/www.askja-on-tour.ch\/wp-content\/uploads\/2018\/10\/Sonntag-2810-008.jpg\" title=\"Hier in der Zagora f\u00fchrt der Fluss schon viel weniger Wasser - viel wurde schon f\u00fcr die Bew\u00e4sserung der Palmeng\u00e4rten verwendet\" data-rl_title=\"Hier in der Zagora f\u00fchrt der Fluss schon viel weniger Wasser - viel wurde schon f\u00fcr die Bew\u00e4sserung der Palmeng\u00e4rten verwendet\" class=\"rl-gallery-link\" data-rl_caption=\"\" data-rel=\"lightbox-gallery-1\"><img loading=\"lazy\" decoding=\"async\" src=\"https:\/\/www.askja-on-tour.ch\/wp-content\/uploads\/2018\/10\/Sonntag-2810-008-1024x768.jpg\" width=\"1024\" height=\"768\" alt=\"\" \/><span class=\"rl-gallery-caption\"><span class=\"rl-gallery-item-title\">Hier in der Zagora f\u00fchrt der Fluss schon viel weniger Wasser - viel wurde schon f\u00fcr die Bew\u00e4sserung der Palmeng\u00e4rten verwendet<\/span><\/span><\/a> <\/div> <\/div> <div class=\"rl-gallery-item\" > <div class=\"rl-gallery-item-content\"> <a href=\"https:\/\/www.askja-on-tour.ch\/wp-content\/uploads\/2018\/10\/Sonntag-2810-009.jpg\" title=\"\" data-rl_title=\"\" class=\"rl-gallery-link\" data-rl_caption=\"\" data-rel=\"lightbox-gallery-1\"><img loading=\"lazy\" decoding=\"async\" src=\"https:\/\/www.askja-on-tour.ch\/wp-content\/uploads\/2018\/10\/Sonntag-2810-009-1024x768.jpg\" width=\"1024\" height=\"768\" alt=\"\" \/><\/a> <\/div> <\/div> <div class=\"rl-gallery-item\" > <div class=\"rl-gallery-item-content\"> <a href=\"https:\/\/www.askja-on-tour.ch\/wp-content\/uploads\/2018\/10\/Sonntag-2810-010.jpg\" title=\"\" data-rl_title=\"\" class=\"rl-gallery-link\" data-rl_caption=\"\" data-rel=\"lightbox-gallery-1\"><img loading=\"lazy\" decoding=\"async\" src=\"https:\/\/www.askja-on-tour.ch\/wp-content\/uploads\/2018\/10\/Sonntag-2810-010-1024x768.jpg\" width=\"1024\" height=\"768\" alt=\"\" \/><\/a> <\/div> <\/div> <div class=\"rl-gallery-item\" > <div class=\"rl-gallery-item-content\"> <a href=\"https:\/\/www.askja-on-tour.ch\/wp-content\/uploads\/2018\/10\/Sonntag-2810-011.jpg\" title=\"Von Zagora starteten die Karawanen durch die Sahara nach S\u00fcden, bis Timbuktu (Mali) waren es nur 52 Tagesreisen. Den Teil von Afrika bereisen wir sp\u00e4ter\" data-rl_title=\"Von Zagora starteten die Karawanen durch die Sahara nach S\u00fcden, bis Timbuktu (Mali) waren es nur 52 Tagesreisen. Den Teil von Afrika bereisen wir sp\u00e4ter\" class=\"rl-gallery-link\" data-rl_caption=\"\" data-rel=\"lightbox-gallery-1\"><img loading=\"lazy\" decoding=\"async\" src=\"https:\/\/www.askja-on-tour.ch\/wp-content\/uploads\/2018\/10\/Sonntag-2810-011-1024x768.jpg\" width=\"1024\" height=\"768\" alt=\"\" \/><span class=\"rl-gallery-caption\"><span class=\"rl-gallery-item-title\">Von Zagora starteten die Karawanen durch die Sahara nach S\u00fcden, bis Timbuktu (Mali) waren es nur 52 Tagesreisen. Den Teil von Afrika bereisen wir sp\u00e4ter<\/span><\/span><\/a> <\/div> <\/div> <div class=\"rl-gallery-item\" > <div class=\"rl-gallery-item-content\"> <a href=\"https:\/\/www.askja-on-tour.ch\/wp-content\/uploads\/2018\/10\/Sonntag-2810-012.jpg\" title=\"\" data-rl_title=\"\" class=\"rl-gallery-link\" data-rl_caption=\"\" data-rel=\"lightbox-gallery-1\"><img loading=\"lazy\" decoding=\"async\" src=\"https:\/\/www.askja-on-tour.ch\/wp-content\/uploads\/2018\/10\/Sonntag-2810-012-1024x768.jpg\" width=\"1024\" height=\"768\" alt=\"\" \/><\/a> <\/div> <\/div> <div class=\"rl-gallery-item\" > <div class=\"rl-gallery-item-content\"> <a href=\"https:\/\/www.askja-on-tour.ch\/wp-content\/uploads\/2018\/10\/Sonntag-2810-013.jpg\" title=\"\" data-rl_title=\"\" class=\"rl-gallery-link\" data-rl_caption=\"\" data-rel=\"lightbox-gallery-1\"><img loading=\"lazy\" decoding=\"async\" src=\"https:\/\/www.askja-on-tour.ch\/wp-content\/uploads\/2018\/10\/Sonntag-2810-013-1024x768.jpg\" width=\"1024\" height=\"768\" alt=\"\" \/><\/a> <\/div> <\/div> <div class=\"rl-gallery-item\" > <div class=\"rl-gallery-item-content\"> <a href=\"https:\/\/www.askja-on-tour.ch\/wp-content\/uploads\/2018\/10\/Sonntag-2810-014.jpg\" title=\"\" data-rl_title=\"\" class=\"rl-gallery-link\" data-rl_caption=\"\" data-rel=\"lightbox-gallery-1\"><img loading=\"lazy\" decoding=\"async\" src=\"https:\/\/www.askja-on-tour.ch\/wp-content\/uploads\/2018\/10\/Sonntag-2810-014-1024x768.jpg\" width=\"1024\" height=\"768\" alt=\"\" \/><\/a> <\/div> <\/div> <div class=\"rl-gallery-item\" > <div class=\"rl-gallery-item-content\"> <a href=\"https:\/\/www.askja-on-tour.ch\/wp-content\/uploads\/2018\/10\/Sonntag-2810-015.jpg\" title=\"\" data-rl_title=\"\" class=\"rl-gallery-link\" data-rl_caption=\"\" data-rel=\"lightbox-gallery-1\"><img loading=\"lazy\" decoding=\"async\" src=\"https:\/\/www.askja-on-tour.ch\/wp-content\/uploads\/2018\/10\/Sonntag-2810-015-768x1024.jpg\" width=\"768\" height=\"1024\" alt=\"\" \/><\/a> <\/div> <\/div> <div class=\"rl-gallery-item\" > <div class=\"rl-gallery-item-content\"> <a href=\"https:\/\/www.askja-on-tour.ch\/wp-content\/uploads\/2018\/10\/Sonntag-2810-016.jpg\" title=\"\" data-rl_title=\"\" class=\"rl-gallery-link\" data-rl_caption=\"\" data-rel=\"lightbox-gallery-1\"><img loading=\"lazy\" decoding=\"async\" src=\"https:\/\/www.askja-on-tour.ch\/wp-content\/uploads\/2018\/10\/Sonntag-2810-016-1024x768.jpg\" width=\"1024\" height=\"768\" alt=\"\" \/><\/a> <\/div> <\/div> <div class=\"rl-gallery-item\" > <div class=\"rl-gallery-item-content\"> <a href=\"https:\/\/www.askja-on-tour.ch\/wp-content\/uploads\/2018\/10\/Sonntag-2810-017.jpg\" title=\"\" data-rl_title=\"\" class=\"rl-gallery-link\" data-rl_caption=\"\" data-rel=\"lightbox-gallery-1\"><img loading=\"lazy\" decoding=\"async\" src=\"https:\/\/www.askja-on-tour.ch\/wp-content\/uploads\/2018\/10\/Sonntag-2810-017-768x1024.jpg\" width=\"768\" height=\"1024\" alt=\"\" \/><\/a> <\/div> <\/div> <div class=\"rl-gallery-item\" > <div class=\"rl-gallery-item-content\"> <a href=\"https:\/\/www.askja-on-tour.ch\/wp-content\/uploads\/2018\/10\/Sonntag-2810-018.jpg\" title=\"\u00dcberall in Marokko gibt es heute Schulen - immer erkennbar an Ihren Farben\" data-rl_title=\"\u00dcberall in Marokko gibt es heute Schulen - immer erkennbar an Ihren Farben\" class=\"rl-gallery-link\" data-rl_caption=\"\" data-rel=\"lightbox-gallery-1\"><img loading=\"lazy\" decoding=\"async\" src=\"https:\/\/www.askja-on-tour.ch\/wp-content\/uploads\/2018\/10\/Sonntag-2810-018-1024x768.jpg\" width=\"1024\" height=\"768\" alt=\"\" \/><span class=\"rl-gallery-caption\"><span class=\"rl-gallery-item-title\">\u00dcberall in Marokko gibt es heute Schulen - immer erkennbar an Ihren Farben<\/span><\/span><\/a> <\/div> <\/div> <div class=\"rl-gallery-item\" > <div class=\"rl-gallery-item-content\"> <a href=\"https:\/\/www.askja-on-tour.ch\/wp-content\/uploads\/2018\/10\/Sonntag-2810-019.jpg\" title=\"\" data-rl_title=\"\" class=\"rl-gallery-link\" data-rl_caption=\"\" data-rel=\"lightbox-gallery-1\"><img loading=\"lazy\" decoding=\"async\" src=\"https:\/\/www.askja-on-tour.ch\/wp-content\/uploads\/2018\/10\/Sonntag-2810-019-1024x768.jpg\" width=\"1024\" height=\"768\" alt=\"\" \/><\/a> <\/div> <\/div> <div class=\"rl-gallery-item\" > <div class=\"rl-gallery-item-content\"> <a href=\"https:\/\/www.askja-on-tour.ch\/wp-content\/uploads\/2018\/10\/Sonntag-2810-020.jpg\" title=\"\" data-rl_title=\"\" class=\"rl-gallery-link\" data-rl_caption=\"\" data-rel=\"lightbox-gallery-1\"><img loading=\"lazy\" decoding=\"async\" src=\"https:\/\/www.askja-on-tour.ch\/wp-content\/uploads\/2018\/10\/Sonntag-2810-020-1024x768.jpg\" width=\"1024\" height=\"768\" alt=\"\" \/><\/a> <\/div> <\/div> <div class=\"rl-gallery-item\" > <div class=\"rl-gallery-item-content\"> <a href=\"https:\/\/www.askja-on-tour.ch\/wp-content\/uploads\/2018\/10\/Sonntag-2810-021.jpg\" title=\"Ein Lieferant bringt Wasser in die H\u00e4user der Stadt - die sich diesen Service leisten k\u00f6nnen, m\u00fcssen nicht zum Brunnen gehen\" data-rl_title=\"Ein Lieferant bringt Wasser in die H\u00e4user der Stadt - die sich diesen Service leisten k\u00f6nnen, m\u00fcssen nicht zum Brunnen gehen\" class=\"rl-gallery-link\" data-rl_caption=\"\" data-rel=\"lightbox-gallery-1\"><img loading=\"lazy\" decoding=\"async\" src=\"https:\/\/www.askja-on-tour.ch\/wp-content\/uploads\/2018\/10\/Sonntag-2810-021-1024x768.jpg\" width=\"1024\" height=\"768\" alt=\"\" \/><span class=\"rl-gallery-caption\"><span class=\"rl-gallery-item-title\">Ein Lieferant bringt Wasser in die H\u00e4user der Stadt - die sich diesen Service leisten k\u00f6nnen, m\u00fcssen nicht zum Brunnen gehen<\/span><\/span><\/a> <\/div> <\/div> <div class=\"rl-gallery-item\" > <div class=\"rl-gallery-item-content\"> <a href=\"https:\/\/www.askja-on-tour.ch\/wp-content\/uploads\/2018\/10\/Sonntag-2810-022.jpg\" title=\"\" data-rl_title=\"\" class=\"rl-gallery-link\" data-rl_caption=\"\" data-rel=\"lightbox-gallery-1\"><img loading=\"lazy\" decoding=\"async\" src=\"https:\/\/www.askja-on-tour.ch\/wp-content\/uploads\/2018\/10\/Sonntag-2810-022-1024x768.jpg\" width=\"1024\" height=\"768\" alt=\"\" \/><\/a> <\/div> <\/div> <div class=\"rl-gallery-item\" > <div class=\"rl-gallery-item-content\"> <a href=\"https:\/\/www.askja-on-tour.ch\/wp-content\/uploads\/2018\/10\/Sonntag-2810-023.jpg\" title=\"\" data-rl_title=\"\" class=\"rl-gallery-link\" data-rl_caption=\"\" data-rel=\"lightbox-gallery-1\"><img loading=\"lazy\" decoding=\"async\" src=\"https:\/\/www.askja-on-tour.ch\/wp-content\/uploads\/2018\/10\/Sonntag-2810-023-1024x768.jpg\" width=\"1024\" height=\"768\" alt=\"\" \/><\/a> <\/div> <\/div> <div class=\"rl-gallery-item\" > <div class=\"rl-gallery-item-content\"> <a href=\"https:\/\/www.askja-on-tour.ch\/wp-content\/uploads\/2018\/10\/Sonntag-2810-024.jpg\" title=\"\" data-rl_title=\"\" class=\"rl-gallery-link\" data-rl_caption=\"\" data-rel=\"lightbox-gallery-1\"><img loading=\"lazy\" decoding=\"async\" src=\"https:\/\/www.askja-on-tour.ch\/wp-content\/uploads\/2018\/10\/Sonntag-2810-024-1024x768.jpg\" width=\"1024\" height=\"768\" alt=\"\" \/><\/a> <\/div> <\/div> <div class=\"rl-gallery-item\" > <div class=\"rl-gallery-item-content\"> <a href=\"https:\/\/www.askja-on-tour.ch\/wp-content\/uploads\/2018\/10\/Sonntag-2810-025.jpg\" title=\"\" data-rl_title=\"\" class=\"rl-gallery-link\" data-rl_caption=\"\" data-rel=\"lightbox-gallery-1\"><img loading=\"lazy\" decoding=\"async\" src=\"https:\/\/www.askja-on-tour.ch\/wp-content\/uploads\/2018\/10\/Sonntag-2810-025-1024x768.jpg\" width=\"1024\" height=\"768\" alt=\"\" \/><\/a> <\/div> <\/div> <div class=\"rl-gallery-item\" > <div class=\"rl-gallery-item-content\"> <a href=\"https:\/\/www.askja-on-tour.ch\/wp-content\/uploads\/2018\/10\/Sonntag-2810-026.jpg\" title=\"\" data-rl_title=\"\" class=\"rl-gallery-link\" data-rl_caption=\"\" data-rel=\"lightbox-gallery-1\"><img loading=\"lazy\" decoding=\"async\" src=\"https:\/\/www.askja-on-tour.ch\/wp-content\/uploads\/2018\/10\/Sonntag-2810-026-1024x768.jpg\" width=\"1024\" height=\"768\" alt=\"\" \/><\/a> <\/div> <\/div> <div class=\"rl-gallery-item\" > <div class=\"rl-gallery-item-content\"> <a href=\"https:\/\/www.askja-on-tour.ch\/wp-content\/uploads\/2018\/10\/Sonntag-2810-027.jpg\" title=\"\" data-rl_title=\"\" class=\"rl-gallery-link\" data-rl_caption=\"\" data-rel=\"lightbox-gallery-1\"><img loading=\"lazy\" decoding=\"async\" src=\"https:\/\/www.askja-on-tour.ch\/wp-content\/uploads\/2018\/10\/Sonntag-2810-027-1024x768.jpg\" width=\"1024\" height=\"768\" alt=\"\" \/><\/a> <\/div> <\/div> <div class=\"rl-gallery-item\" > <div class=\"rl-gallery-item-content\"> <a href=\"https:\/\/www.askja-on-tour.ch\/wp-content\/uploads\/2018\/10\/Sonntag-2810-028.jpg\" title=\"\" data-rl_title=\"\" class=\"rl-gallery-link\" data-rl_caption=\"\" data-rel=\"lightbox-gallery-1\"><img loading=\"lazy\" decoding=\"async\" src=\"https:\/\/www.askja-on-tour.ch\/wp-content\/uploads\/2018\/10\/Sonntag-2810-028-1024x768.jpg\" width=\"1024\" height=\"768\" alt=\"\" \/><\/a> <\/div> <\/div> <div class=\"rl-gallery-item\" > <div class=\"rl-gallery-item-content\"> <a href=\"https:\/\/www.askja-on-tour.ch\/wp-content\/uploads\/2018\/10\/Sonntag-2810-029.jpg\" title=\"\" data-rl_title=\"\" class=\"rl-gallery-link\" data-rl_caption=\"\" data-rel=\"lightbox-gallery-1\"><img loading=\"lazy\" decoding=\"async\" src=\"https:\/\/www.askja-on-tour.ch\/wp-content\/uploads\/2018\/10\/Sonntag-2810-029-1024x768.jpg\" width=\"1024\" height=\"768\" alt=\"\" \/><\/a> <\/div> <\/div> <div class=\"rl-gallery-item\" > <div class=\"rl-gallery-item-content\"> <a href=\"https:\/\/www.askja-on-tour.ch\/wp-content\/uploads\/2018\/10\/Sonntag-2810-030.jpg\" title=\"\" data-rl_title=\"\" class=\"rl-gallery-link\" data-rl_caption=\"\" data-rel=\"lightbox-gallery-1\"><img loading=\"lazy\" decoding=\"async\" src=\"https:\/\/www.askja-on-tour.ch\/wp-content\/uploads\/2018\/10\/Sonntag-2810-030-1024x768.jpg\" width=\"1024\" height=\"768\" alt=\"\" \/><\/a> <\/div> <\/div> <div class=\"rl-gallery-item\" > <div class=\"rl-gallery-item-content\"> <a href=\"https:\/\/www.askja-on-tour.ch\/wp-content\/uploads\/2018\/10\/Sonntag-2810-031.jpg\" title=\"\" data-rl_title=\"\" class=\"rl-gallery-link\" data-rl_caption=\"\" data-rel=\"lightbox-gallery-1\"><img loading=\"lazy\" decoding=\"async\" src=\"https:\/\/www.askja-on-tour.ch\/wp-content\/uploads\/2018\/10\/Sonntag-2810-031-768x1024.jpg\" width=\"768\" height=\"1024\" alt=\"\" \/><\/a> <\/div> <\/div> <div class=\"rl-gallery-item\" > <div class=\"rl-gallery-item-content\"> <a href=\"https:\/\/www.askja-on-tour.ch\/wp-content\/uploads\/2018\/10\/Sonntag-2810-032.jpg\" title=\"\" data-rl_title=\"\" class=\"rl-gallery-link\" data-rl_caption=\"\" data-rel=\"lightbox-gallery-1\"><img loading=\"lazy\" decoding=\"async\" src=\"https:\/\/www.askja-on-tour.ch\/wp-content\/uploads\/2018\/10\/Sonntag-2810-032-768x1024.jpg\" width=\"768\" height=\"1024\" alt=\"\" \/><\/a> <\/div> <\/div> <div class=\"rl-gallery-item\" > <div class=\"rl-gallery-item-content\"> <a href=\"https:\/\/www.askja-on-tour.ch\/wp-content\/uploads\/2018\/10\/Sonntag-2810-033.jpg\" title=\"\" data-rl_title=\"\" class=\"rl-gallery-link\" data-rl_caption=\"\" data-rel=\"lightbox-gallery-1\"><img loading=\"lazy\" decoding=\"async\" src=\"https:\/\/www.askja-on-tour.ch\/wp-content\/uploads\/2018\/10\/Sonntag-2810-033-1024x768.jpg\" width=\"1024\" height=\"768\" alt=\"\" \/><\/a> <\/div> <\/div> <div class=\"rl-gallery-item\" > <div class=\"rl-gallery-item-content\"> <a href=\"https:\/\/www.askja-on-tour.ch\/wp-content\/uploads\/2018\/10\/Sonntag-2810-034.jpg\" title=\"Lokaler Computer-Laden\" data-rl_title=\"Lokaler Computer-Laden\" class=\"rl-gallery-link\" data-rl_caption=\"\" data-rel=\"lightbox-gallery-1\"><img loading=\"lazy\" decoding=\"async\" src=\"https:\/\/www.askja-on-tour.ch\/wp-content\/uploads\/2018\/10\/Sonntag-2810-034-768x1024.jpg\" width=\"768\" height=\"1024\" alt=\"\" \/><span class=\"rl-gallery-caption\"><span class=\"rl-gallery-item-title\">Lokaler Computer-Laden<\/span><\/span><\/a> <\/div> <\/div> <div class=\"rl-gallery-item\" > <div class=\"rl-gallery-item-content\"> <a href=\"https:\/\/www.askja-on-tour.ch\/wp-content\/uploads\/2018\/10\/Sonntag-2810-035.jpg\" title=\"Eine lokale Art von Digitec\" data-rl_title=\"Eine lokale Art von Digitec\" class=\"rl-gallery-link\" data-rl_caption=\"\" data-rel=\"lightbox-gallery-1\"><img loading=\"lazy\" decoding=\"async\" src=\"https:\/\/www.askja-on-tour.ch\/wp-content\/uploads\/2018\/10\/Sonntag-2810-035-1024x768.jpg\" width=\"1024\" height=\"768\" alt=\"\" \/><span class=\"rl-gallery-caption\"><span class=\"rl-gallery-item-title\">Eine lokale Art von Digitec<\/span><\/span><\/a> <\/div> <\/div> <div class=\"rl-gallery-item\" > <div class=\"rl-gallery-item-content\"> <a href=\"https:\/\/www.askja-on-tour.ch\/wp-content\/uploads\/2018\/10\/Sonntag-2810-036.jpg\" title=\"Auch ein lokaler Italiener darf nicht fehlen\" data-rl_title=\"Auch ein lokaler Italiener darf nicht fehlen\" class=\"rl-gallery-link\" data-rl_caption=\"\" data-rel=\"lightbox-gallery-1\"><img loading=\"lazy\" decoding=\"async\" src=\"https:\/\/www.askja-on-tour.ch\/wp-content\/uploads\/2018\/10\/Sonntag-2810-036-1024x768.jpg\" width=\"1024\" height=\"768\" alt=\"\" \/><span class=\"rl-gallery-caption\"><span class=\"rl-gallery-item-title\">Auch ein lokaler Italiener darf nicht fehlen<\/span><\/span><\/a> <\/div> <\/div> <div class=\"rl-gallery-item\" > <div class=\"rl-gallery-item-content\"> <a href=\"https:\/\/www.askja-on-tour.ch\/wp-content\/uploads\/2018\/10\/Sonntag-2810-037.jpg\" title=\"\" data-rl_title=\"\" class=\"rl-gallery-link\" data-rl_caption=\"\" data-rel=\"lightbox-gallery-1\"><img loading=\"lazy\" decoding=\"async\" src=\"https:\/\/www.askja-on-tour.ch\/wp-content\/uploads\/2018\/10\/Sonntag-2810-037-1024x768.jpg\" width=\"1024\" height=\"768\" alt=\"\" \/><\/a> <\/div> <\/div> <div class=\"rl-gallery-item\" > <div class=\"rl-gallery-item-content\"> <a href=\"https:\/\/www.askja-on-tour.ch\/wp-content\/uploads\/2018\/10\/Sonntag-2810-038.jpg\" title=\"\" data-rl_title=\"\" class=\"rl-gallery-link\" data-rl_caption=\"\" data-rel=\"lightbox-gallery-1\"><img loading=\"lazy\" decoding=\"async\" src=\"https:\/\/www.askja-on-tour.ch\/wp-content\/uploads\/2018\/10\/Sonntag-2810-038-1024x768.jpg\" width=\"1024\" height=\"768\" alt=\"\" \/><\/a> <\/div> <\/div> <div class=\"rl-gallery-item\" > <div class=\"rl-gallery-item-content\"> <a href=\"https:\/\/www.askja-on-tour.ch\/wp-content\/uploads\/2018\/10\/Sonntag-2810-039.jpg\" title=\"\" data-rl_title=\"\" class=\"rl-gallery-link\" data-rl_caption=\"\" data-rel=\"lightbox-gallery-1\"><img loading=\"lazy\" decoding=\"async\" src=\"https:\/\/www.askja-on-tour.ch\/wp-content\/uploads\/2018\/10\/Sonntag-2810-039-1024x768.jpg\" width=\"1024\" height=\"768\" alt=\"\" \/><\/a> <\/div> <\/div> <\/div> <\/div>\n","protected":false},"excerpt":{"rendered":"<p>Wir haben in Zagora wunderbar geschlafen &#8211; selbst der Muezzin h\u00f6rten wir nicht (evtl. hat er aus R\u00fccksicht auf die \u00a0Zeitumstellung nicht gerufen).\u00a0Der Muezzin-Ruf hier ist \u00fcbrigens recht melodisch &#8211; war gestern Abend sehr angenehm anzuh\u00f6ren. Weil der Morgen sehr<\/p>\n","protected":false},"author":3,"featured_media":0,"comment_status":"open","ping_status":"closed","sticky":false,"template":"","format":"standard","meta":{"footnotes":""},"categories":[4,7],"tags":[],"class_list":["post-1235","post","type-post","status-publish","format-standard","hentry","category-reiseberichte","category-marokko2018"],"_links":{"self":[{"href":"https:\/\/www.askja-on-tour.ch\/index.php?rest_route=\/wp\/v2\/posts\/1235","targetHints":{"allow":["GET"]}}],"collection":[{"href":"https:\/\/www.askja-on-tour.ch\/index.php?rest_route=\/wp\/v2\/posts"}],"about":[{"href":"https:\/\/www.askja-on-tour.ch\/index.php?rest_route=\/wp\/v2\/types\/post"}],"author":[{"embeddable":true,"href":"https:\/\/www.askja-on-tour.ch\/index.php?rest_route=\/wp\/v2\/users\/3"}],"replies":[{"embeddable":true,"href":"https:\/\/www.askja-on-tour.ch\/index.php?rest_route=%2Fwp%2Fv2%2Fcomments&post=1235"}],"version-history":[{"count":16,"href":"https:\/\/www.askja-on-tour.ch\/index.php?rest_route=\/wp\/v2\/posts\/1235\/revisions"}],"predecessor-version":[{"id":1249,"href":"https:\/\/www.askja-on-tour.ch\/index.php?rest_route=\/wp\/v2\/posts\/1235\/revisions\/1249"}],"wp:attachment":[{"href":"https:\/\/www.askja-on-tour.ch\/index.php?rest_route=%2Fwp%2Fv2%2Fmedia&parent=1235"}],"wp:term":[{"taxonomy":"category","embeddable":true,"href":"https:\/\/www.askja-on-tour.ch\/index.php?rest_route=%2Fwp%2Fv2%2Fcategories&post=1235"},{"taxonomy":"post_tag","embeddable":true,"href":"https:\/\/www.askja-on-tour.ch\/index.php?rest_route=%2Fwp%2Fv2%2Ftags&post=1235"}],"curies":[{"name":"wp","href":"https:\/\/api.w.org\/{rel}","templated":true}]}}