{"id":12258,"date":"2020-08-10T22:42:14","date_gmt":"2020-08-10T22:42:14","guid":{"rendered":"https:\/\/www.askja-on-tour.ch\/?p=12258"},"modified":"2020-08-10T22:42:15","modified_gmt":"2020-08-10T22:42:15","slug":"10-08-2020-nochem-raege-schiint-dsonne-duedelduedelduuu","status":"publish","type":"post","link":"https:\/\/www.askja-on-tour.ch\/?p=12258","title":{"rendered":"10.08.2020: Nochem R\u00e4ge schiint d&#8217;Sonne &#8211; d\u00fcdeld\u00fcdelduuu"},"content":{"rendered":"\n<p>Ich wusste gar nicht, dass es so viel und so lange regnen kann &#8211; auf jeden Fall standem auf dem Camping-Platz in H\u00f6fen die Stellfl\u00e4chen unter Wasser, von den h\u00f6heren Standpl\u00e4tzen lief das Wasser in grossen B\u00e4chen runter &#8211; und in den Toiletten haben arme &#8222;Zeltler&#8220; ihre Schlafs\u00e4cke mit den Haarf\u00f6hns zu trocknen versucht (was wohl beim Versuch blieb).<\/p>\n<p>Aufgrund der Wetterkarte haben wir beschlossen, die ganzen Pl\u00e4ne im S\u00fcden vorerst auf Eis (die Temperaturen waren nahezu geeignet) zu legen und in das Hochland zu fl\u00fcchten. Ziel ist der \u00a0Vulkan Askja &#8211; auch der Namensgeber unseres WoMos. Aber hierf\u00fcr lassen wir uns etwas Zeit, da die ganze Woche in dieser Region regenfreies Wetter herrschen soll.<\/p>\n<p>Auf dem Weg dahin kamen wir na einem Regenbogen vorbei &#8211; bekanntlich steht ja am Ende ein Topf voll Gold. Das haben wir nicht gefunden, aber daf\u00fcr eben die Sonne und einen traumhaften Nachtplatz.<\/p>\n<p><img loading=\"lazy\" decoding=\"async\" class=\"alignnone size-medium wp-image-12273\" src=\"https:\/\/www.askja-on-tour.ch\/wp-content\/uploads\/2020\/08\/Regenbogen-1024x768.jpg\" alt=\"\" width=\"1024\" height=\"768\" srcset=\"https:\/\/www.askja-on-tour.ch\/wp-content\/uploads\/2020\/08\/Regenbogen-1024x768.jpg 1024w, https:\/\/www.askja-on-tour.ch\/wp-content\/uploads\/2020\/08\/Regenbogen-1600x1200.jpg 1600w, https:\/\/www.askja-on-tour.ch\/wp-content\/uploads\/2020\/08\/Regenbogen-768x576.jpg 768w, https:\/\/www.askja-on-tour.ch\/wp-content\/uploads\/2020\/08\/Regenbogen-1536x1152.jpg 1536w, https:\/\/www.askja-on-tour.ch\/wp-content\/uploads\/2020\/08\/Regenbogen-2048x1536.jpg 2048w\" sizes=\"auto, (max-width: 1024px) 100vw, 1024px\" \/><\/p>\n<p>Vorher haben wir noch kurz einen Halt in einer Ortschaft namens Dj\u00fapivogur. Es ist ein Ort mit 364 Einwohnern an der S\u00fcdseite des Berufj\u00f6r\u00f0ur. Die Einwohner leben vom Fischfang und vom Fremdenverkehr. Es gibt ein Restaurant, das aber rappelvoll ist. Das Dorf ist bekannt f\u00fcr seine bunten H\u00e4user, darunter dem alten rotfarbenen Handelshaus Langab\u00fa\u00f0. Unsere Begeisterung hielt sich in Grenzen, da es just bei der Ankunft wieder zu regnen begonnen hat.<\/p>\n<p><img loading=\"lazy\" decoding=\"async\" class=\"alignnone size-medium wp-image-12265\" src=\"https:\/\/www.askja-on-tour.ch\/wp-content\/uploads\/2020\/08\/H\u00f6fn-002-1024x768.jpg\" alt=\"\" width=\"1024\" height=\"768\" srcset=\"https:\/\/www.askja-on-tour.ch\/wp-content\/uploads\/2020\/08\/H\u00f6fn-002-1024x768.jpg 1024w, https:\/\/www.askja-on-tour.ch\/wp-content\/uploads\/2020\/08\/H\u00f6fn-002-768x576.jpg 768w, https:\/\/www.askja-on-tour.ch\/wp-content\/uploads\/2020\/08\/H\u00f6fn-002-1536x1152.jpg 1536w, https:\/\/www.askja-on-tour.ch\/wp-content\/uploads\/2020\/08\/H\u00f6fn-002.jpg 1600w\" sizes=\"auto, (max-width: 1024px) 100vw, 1024px\" \/> <img loading=\"lazy\" decoding=\"async\" class=\"alignnone size-medium wp-image-12264\" src=\"https:\/\/www.askja-on-tour.ch\/wp-content\/uploads\/2020\/08\/H\u00f6fn-001-1024x768.jpg\" alt=\"\" width=\"1024\" height=\"768\" srcset=\"https:\/\/www.askja-on-tour.ch\/wp-content\/uploads\/2020\/08\/H\u00f6fn-001-1024x768.jpg 1024w, https:\/\/www.askja-on-tour.ch\/wp-content\/uploads\/2020\/08\/H\u00f6fn-001-768x576.jpg 768w, https:\/\/www.askja-on-tour.ch\/wp-content\/uploads\/2020\/08\/H\u00f6fn-001-1536x1152.jpg 1536w, https:\/\/www.askja-on-tour.ch\/wp-content\/uploads\/2020\/08\/H\u00f6fn-001.jpg 1600w\" sizes=\"auto, (max-width: 1024px) 100vw, 1024px\" \/><\/p>\n<p>Danach fuhren wir schnurstracks weiter &#8211; waren heute doch insgesamt 270 km zu bew\u00e4ltigen &#8211; die sich aber in jedem Fall gelohnt hatten. Denn der Camping-Platz Atlavik am See Lagarflj\u00f3t, rund 30 km ausserhalb von Egilssta\u00f0ir, ist ein herrlicher Ort. Wir konnten heute sogar draussen essen &#8211; wir haben es kaum f\u00fcr m\u00f6glich gehalten. Der See Lagarflj\u00f3t ist f\u00fcr die Isl\u00e4nder ein sehr gesuchtes Ferienziel, da hier viel Wald ist (aufgeforsteter Tannenwald).<\/p>\n<p><img loading=\"lazy\" decoding=\"async\" class=\"alignnone size-medium wp-image-12276\" src=\"https:\/\/www.askja-on-tour.ch\/wp-content\/uploads\/2020\/08\/Strand-1024x768.jpg\" alt=\"\" width=\"1024\" height=\"768\" srcset=\"https:\/\/www.askja-on-tour.ch\/wp-content\/uploads\/2020\/08\/Strand-1024x768.jpg 1024w, https:\/\/www.askja-on-tour.ch\/wp-content\/uploads\/2020\/08\/Strand-1600x1200.jpg 1600w, https:\/\/www.askja-on-tour.ch\/wp-content\/uploads\/2020\/08\/Strand-768x576.jpg 768w, https:\/\/www.askja-on-tour.ch\/wp-content\/uploads\/2020\/08\/Strand-1536x1152.jpg 1536w, https:\/\/www.askja-on-tour.ch\/wp-content\/uploads\/2020\/08\/Strand-2048x1536.jpg 2048w\" sizes=\"auto, (max-width: 1024px) 100vw, 1024px\" \/> <img loading=\"lazy\" decoding=\"async\" class=\"alignnone size-medium wp-image-12275\" src=\"https:\/\/www.askja-on-tour.ch\/wp-content\/uploads\/2020\/08\/Strand_Sonne-1024x768.jpg\" alt=\"\" width=\"1024\" height=\"768\" srcset=\"https:\/\/www.askja-on-tour.ch\/wp-content\/uploads\/2020\/08\/Strand_Sonne-1024x768.jpg 1024w, https:\/\/www.askja-on-tour.ch\/wp-content\/uploads\/2020\/08\/Strand_Sonne-1600x1200.jpg 1600w, https:\/\/www.askja-on-tour.ch\/wp-content\/uploads\/2020\/08\/Strand_Sonne-768x576.jpg 768w, https:\/\/www.askja-on-tour.ch\/wp-content\/uploads\/2020\/08\/Strand_Sonne-1536x1152.jpg 1536w, https:\/\/www.askja-on-tour.ch\/wp-content\/uploads\/2020\/08\/Strand_Sonne-2048x1536.jpg 2048w\" sizes=\"auto, (max-width: 1024px) 100vw, 1024px\" \/> <img loading=\"lazy\" decoding=\"async\" class=\"alignnone size-medium wp-image-12274\" src=\"https:\/\/www.askja-on-tour.ch\/wp-content\/uploads\/2020\/08\/See-durch-B\u00e4ume-1024x768.jpg\" alt=\"\" width=\"1024\" height=\"768\" srcset=\"https:\/\/www.askja-on-tour.ch\/wp-content\/uploads\/2020\/08\/See-durch-B\u00e4ume-1024x768.jpg 1024w, https:\/\/www.askja-on-tour.ch\/wp-content\/uploads\/2020\/08\/See-durch-B\u00e4ume-1600x1200.jpg 1600w, https:\/\/www.askja-on-tour.ch\/wp-content\/uploads\/2020\/08\/See-durch-B\u00e4ume-768x576.jpg 768w, https:\/\/www.askja-on-tour.ch\/wp-content\/uploads\/2020\/08\/See-durch-B\u00e4ume-1536x1152.jpg 1536w, https:\/\/www.askja-on-tour.ch\/wp-content\/uploads\/2020\/08\/See-durch-B\u00e4ume-2048x1536.jpg 2048w\" sizes=\"auto, (max-width: 1024px) 100vw, 1024px\" \/> <img loading=\"lazy\" decoding=\"async\" class=\"alignnone size-medium wp-image-12270\" src=\"https:\/\/www.askja-on-tour.ch\/wp-content\/uploads\/2020\/08\/H\u00f6fn-008-1024x683.jpg\" alt=\"\" width=\"1024\" height=\"683\" srcset=\"https:\/\/www.askja-on-tour.ch\/wp-content\/uploads\/2020\/08\/H\u00f6fn-008-1024x683.jpg 1024w, https:\/\/www.askja-on-tour.ch\/wp-content\/uploads\/2020\/08\/H\u00f6fn-008-768x512.jpg 768w, https:\/\/www.askja-on-tour.ch\/wp-content\/uploads\/2020\/08\/H\u00f6fn-008-1536x1024.jpg 1536w, https:\/\/www.askja-on-tour.ch\/wp-content\/uploads\/2020\/08\/H\u00f6fn-008.jpg 1600w\" sizes=\"auto, (max-width: 1024px) 100vw, 1024px\" \/><\/p>\n<p><img loading=\"lazy\" decoding=\"async\" class=\"alignnone size-medium wp-image-12263\" src=\"https:\/\/www.askja-on-tour.ch\/wp-content\/uploads\/2020\/08\/Hoffmanns-1024x768.jpg\" alt=\"\" width=\"1024\" height=\"768\" srcset=\"https:\/\/www.askja-on-tour.ch\/wp-content\/uploads\/2020\/08\/Hoffmanns-1024x768.jpg 1024w, https:\/\/www.askja-on-tour.ch\/wp-content\/uploads\/2020\/08\/Hoffmanns-1600x1200.jpg 1600w, https:\/\/www.askja-on-tour.ch\/wp-content\/uploads\/2020\/08\/Hoffmanns-768x576.jpg 768w, https:\/\/www.askja-on-tour.ch\/wp-content\/uploads\/2020\/08\/Hoffmanns-1536x1152.jpg 1536w, https:\/\/www.askja-on-tour.ch\/wp-content\/uploads\/2020\/08\/Hoffmanns-2048x1536.jpg 2048w\" sizes=\"auto, (max-width: 1024px) 100vw, 1024px\" \/><\/p>\n<figure id=\"attachment_12269\" aria-describedby=\"caption-attachment-12269\" style=\"width: 1024px\" class=\"wp-caption alignnone\"><img loading=\"lazy\" decoding=\"async\" class=\"wp-image-12269 size-medium\" src=\"https:\/\/www.askja-on-tour.ch\/wp-content\/uploads\/2020\/08\/H\u00f6fn-007-1024x768.jpg\" alt=\"\" width=\"1024\" height=\"768\" srcset=\"https:\/\/www.askja-on-tour.ch\/wp-content\/uploads\/2020\/08\/H\u00f6fn-007-1024x768.jpg 1024w, https:\/\/www.askja-on-tour.ch\/wp-content\/uploads\/2020\/08\/H\u00f6fn-007-768x576.jpg 768w, https:\/\/www.askja-on-tour.ch\/wp-content\/uploads\/2020\/08\/H\u00f6fn-007-1536x1152.jpg 1536w, https:\/\/www.askja-on-tour.ch\/wp-content\/uploads\/2020\/08\/H\u00f6fn-007.jpg 1600w\" sizes=\"auto, (max-width: 1024px) 100vw, 1024px\" \/><figcaption id=\"caption-attachment-12269\" class=\"wp-caption-text\">Ich bin nicht m\u00fcde &#8211; es ist die Sonne die mich blendet \ud83d\ude42<\/figcaption><\/figure>\n<p>Ob wir in den kommenden Tagen gen\u00fcgend Natel-Empfang haben, wissen wir noch nicht &#8211; je nachdem gibt es eine Blog-freie Zeit.<\/p>\n\n\n\n<iframe loading=\"lazy\" src=\"https:\/\/www.google.com\/maps\/d\/embed?mid=1GRuDS2EMA4t7kR0EN6UZACo_AI2cdViA\" width=\"640\" height=\"480\"><\/iframe>\n","protected":false},"excerpt":{"rendered":"<p>Ich wusste gar nicht, dass es so viel und so lange regnen kann &#8211; auf jeden Fall standem auf dem Camping-Platz in H\u00f6fen die Stellfl\u00e4chen unter Wasser, von den h\u00f6heren Standpl\u00e4tzen lief das Wasser in grossen B\u00e4chen runter &#8211; und<\/p>\n","protected":false},"author":3,"featured_media":0,"comment_status":"open","ping_status":"closed","sticky":false,"template":"","format":"standard","meta":{"footnotes":""},"categories":[25],"tags":[],"class_list":["post-12258","post","type-post","status-publish","format-standard","hentry","category-island2020"],"_links":{"self":[{"href":"https:\/\/www.askja-on-tour.ch\/index.php?rest_route=\/wp\/v2\/posts\/12258","targetHints":{"allow":["GET"]}}],"collection":[{"href":"https:\/\/www.askja-on-tour.ch\/index.php?rest_route=\/wp\/v2\/posts"}],"about":[{"href":"https:\/\/www.askja-on-tour.ch\/index.php?rest_route=\/wp\/v2\/types\/post"}],"author":[{"embeddable":true,"href":"https:\/\/www.askja-on-tour.ch\/index.php?rest_route=\/wp\/v2\/users\/3"}],"replies":[{"embeddable":true,"href":"https:\/\/www.askja-on-tour.ch\/index.php?rest_route=%2Fwp%2Fv2%2Fcomments&post=12258"}],"version-history":[{"count":8,"href":"https:\/\/www.askja-on-tour.ch\/index.php?rest_route=\/wp\/v2\/posts\/12258\/revisions"}],"predecessor-version":[{"id":12281,"href":"https:\/\/www.askja-on-tour.ch\/index.php?rest_route=\/wp\/v2\/posts\/12258\/revisions\/12281"}],"wp:attachment":[{"href":"https:\/\/www.askja-on-tour.ch\/index.php?rest_route=%2Fwp%2Fv2%2Fmedia&parent=12258"}],"wp:term":[{"taxonomy":"category","embeddable":true,"href":"https:\/\/www.askja-on-tour.ch\/index.php?rest_route=%2Fwp%2Fv2%2Fcategories&post=12258"},{"taxonomy":"post_tag","embeddable":true,"href":"https:\/\/www.askja-on-tour.ch\/index.php?rest_route=%2Fwp%2Fv2%2Ftags&post=12258"}],"curies":[{"name":"wp","href":"https:\/\/api.w.org\/{rel}","templated":true}]}}