{"id":12171,"date":"2020-08-09T21:19:58","date_gmt":"2020-08-09T21:19:58","guid":{"rendered":"https:\/\/www.askja-on-tour.ch\/?p=12171"},"modified":"2020-08-09T21:20:00","modified_gmt":"2020-08-09T21:20:00","slug":"08-08-09-08-2020-island-so-authentisch-und-vom-feinsten-vulkane-wasserfaelle-gletscher-gletscherlagunen-und-dauerregen-am-sonntag","status":"publish","type":"post","link":"https:\/\/www.askja-on-tour.ch\/?p=12171","title":{"rendered":"08.08.\/09.08.2020: Island so authentisch und vom Feinsten: Vulkane, Wasserf\u00e4lle, Gletscher, Gletscherlagunen und &#8211; Dauerregen am Sonntag &#x1f609;"},"content":{"rendered":"\n<p>Am 08.08. morgens hat uns die Sonne angelacht &#8211; was f\u00fcr ein sch\u00f6ner Start in einen neuen erlebnisreichen Tag.<\/p>\n<figure id=\"attachment_12183\" aria-describedby=\"caption-attachment-12183\" style=\"width: 1024px\" class=\"wp-caption alignnone\"><img loading=\"lazy\" decoding=\"async\" class=\"wp-image-12183 size-medium\" src=\"https:\/\/www.askja-on-tour.ch\/wp-content\/uploads\/2020\/08\/Skaftafell-001-1024x683.jpg\" alt=\"\" width=\"1024\" height=\"683\" srcset=\"https:\/\/www.askja-on-tour.ch\/wp-content\/uploads\/2020\/08\/Skaftafell-001-1024x683.jpg 1024w, https:\/\/www.askja-on-tour.ch\/wp-content\/uploads\/2020\/08\/Skaftafell-001-768x512.jpg 768w, https:\/\/www.askja-on-tour.ch\/wp-content\/uploads\/2020\/08\/Skaftafell-001-1536x1024.jpg 1536w, https:\/\/www.askja-on-tour.ch\/wp-content\/uploads\/2020\/08\/Skaftafell-001.jpg 1600w\" sizes=\"auto, (max-width: 1024px) 100vw, 1024px\" \/><figcaption id=\"caption-attachment-12183\" class=\"wp-caption-text\">Unser Nachtplatz in Pakgil<\/figcaption><\/figure>\n<p>Den wunderbaren\u00a0Pakgil Canyon sind wir nur sehr langsam zur\u00fcckgefahren, da wir immer wieder anhalten und die tolle Landschaft fotografieren &#8222;mussten&#8220;. Den Blick auf den Gletscher M\u00fdrdalsj\u00f6kull war fabelhaft. Der Gletscher ist 596 km\u00b2, damit gut halb so gross, wie der Kanton Aargau. All die Gletscherfl\u00fcsse, die bemooste Lavalandschaften &#8211; unbeschreiblich.<\/p>\n<p><img loading=\"lazy\" decoding=\"async\" class=\"alignnone size-medium wp-image-12184\" src=\"https:\/\/www.askja-on-tour.ch\/wp-content\/uploads\/2020\/08\/Skaftafell-002-1024x683.jpg\" alt=\"\" width=\"1024\" height=\"683\" srcset=\"https:\/\/www.askja-on-tour.ch\/wp-content\/uploads\/2020\/08\/Skaftafell-002-1024x683.jpg 1024w, https:\/\/www.askja-on-tour.ch\/wp-content\/uploads\/2020\/08\/Skaftafell-002-768x512.jpg 768w, https:\/\/www.askja-on-tour.ch\/wp-content\/uploads\/2020\/08\/Skaftafell-002-1536x1024.jpg 1536w, https:\/\/www.askja-on-tour.ch\/wp-content\/uploads\/2020\/08\/Skaftafell-002.jpg 1600w\" sizes=\"auto, (max-width: 1024px) 100vw, 1024px\" \/> <img loading=\"lazy\" decoding=\"async\" class=\"alignnone size-medium wp-image-12185\" src=\"https:\/\/www.askja-on-tour.ch\/wp-content\/uploads\/2020\/08\/Skaftafell-003-1024x683.jpg\" alt=\"\" width=\"1024\" height=\"683\" srcset=\"https:\/\/www.askja-on-tour.ch\/wp-content\/uploads\/2020\/08\/Skaftafell-003-1024x683.jpg 1024w, https:\/\/www.askja-on-tour.ch\/wp-content\/uploads\/2020\/08\/Skaftafell-003-768x512.jpg 768w, https:\/\/www.askja-on-tour.ch\/wp-content\/uploads\/2020\/08\/Skaftafell-003-1536x1024.jpg 1536w, https:\/\/www.askja-on-tour.ch\/wp-content\/uploads\/2020\/08\/Skaftafell-003.jpg 1600w\" sizes=\"auto, (max-width: 1024px) 100vw, 1024px\" \/><\/p>\n<figure id=\"attachment_12196\" aria-describedby=\"caption-attachment-12196\" style=\"width: 1024px\" class=\"wp-caption alignnone\"><img loading=\"lazy\" decoding=\"async\" class=\"wp-image-12196 size-medium\" src=\"https:\/\/www.askja-on-tour.ch\/wp-content\/uploads\/2020\/08\/Skaftafell-014-1024x683.jpg\" alt=\"\" width=\"1024\" height=\"683\" srcset=\"https:\/\/www.askja-on-tour.ch\/wp-content\/uploads\/2020\/08\/Skaftafell-014-1024x683.jpg 1024w, https:\/\/www.askja-on-tour.ch\/wp-content\/uploads\/2020\/08\/Skaftafell-014-768x512.jpg 768w, https:\/\/www.askja-on-tour.ch\/wp-content\/uploads\/2020\/08\/Skaftafell-014-1536x1024.jpg 1536w, https:\/\/www.askja-on-tour.ch\/wp-content\/uploads\/2020\/08\/Skaftafell-014.jpg 1600w\" sizes=\"auto, (max-width: 1024px) 100vw, 1024px\" \/><figcaption id=\"caption-attachment-12196\" class=\"wp-caption-text\">Un\u00fcbersichgtliche Kuppe<\/figcaption><\/figure>\n<figure id=\"attachment_12197\" aria-describedby=\"caption-attachment-12197\" style=\"width: 1024px\" class=\"wp-caption alignnone\"><img loading=\"lazy\" decoding=\"async\" class=\"wp-image-12197 size-medium\" src=\"https:\/\/www.askja-on-tour.ch\/wp-content\/uploads\/2020\/08\/Skaftafell-015-1024x683.jpg\" alt=\"\" width=\"1024\" height=\"683\" srcset=\"https:\/\/www.askja-on-tour.ch\/wp-content\/uploads\/2020\/08\/Skaftafell-015-1024x683.jpg 1024w, https:\/\/www.askja-on-tour.ch\/wp-content\/uploads\/2020\/08\/Skaftafell-015-768x512.jpg 768w, https:\/\/www.askja-on-tour.ch\/wp-content\/uploads\/2020\/08\/Skaftafell-015-1536x1024.jpg 1536w, https:\/\/www.askja-on-tour.ch\/wp-content\/uploads\/2020\/08\/Skaftafell-015.jpg 1600w\" sizes=\"auto, (max-width: 1024px) 100vw, 1024px\" \/><figcaption id=\"caption-attachment-12197\" class=\"wp-caption-text\">Gugguseli &#8211; ich bin hier &#8211; die Kuppe ist wirklich un\u00fcbersichtlich<\/figcaption><\/figure>\n<p><img loading=\"lazy\" decoding=\"async\" class=\"alignnone size-medium wp-image-12198\" src=\"https:\/\/www.askja-on-tour.ch\/wp-content\/uploads\/2020\/08\/Skaftafell-016-1024x683.jpg\" alt=\"\" width=\"1024\" height=\"683\" srcset=\"https:\/\/www.askja-on-tour.ch\/wp-content\/uploads\/2020\/08\/Skaftafell-016-1024x683.jpg 1024w, https:\/\/www.askja-on-tour.ch\/wp-content\/uploads\/2020\/08\/Skaftafell-016-768x512.jpg 768w, https:\/\/www.askja-on-tour.ch\/wp-content\/uploads\/2020\/08\/Skaftafell-016-1536x1024.jpg 1536w, https:\/\/www.askja-on-tour.ch\/wp-content\/uploads\/2020\/08\/Skaftafell-016.jpg 1600w\" sizes=\"auto, (max-width: 1024px) 100vw, 1024px\" \/><\/p>\n<figure id=\"attachment_12192\" aria-describedby=\"caption-attachment-12192\" style=\"width: 1024px\" class=\"wp-caption alignnone\"><img loading=\"lazy\" decoding=\"async\" class=\"wp-image-12192 size-medium\" src=\"https:\/\/www.askja-on-tour.ch\/wp-content\/uploads\/2020\/08\/Skaftafell-010-1024x683.jpg\" alt=\"\" width=\"1024\" height=\"683\" srcset=\"https:\/\/www.askja-on-tour.ch\/wp-content\/uploads\/2020\/08\/Skaftafell-010-1024x683.jpg 1024w, https:\/\/www.askja-on-tour.ch\/wp-content\/uploads\/2020\/08\/Skaftafell-010-768x512.jpg 768w, https:\/\/www.askja-on-tour.ch\/wp-content\/uploads\/2020\/08\/Skaftafell-010-1536x1024.jpg 1536w, https:\/\/www.askja-on-tour.ch\/wp-content\/uploads\/2020\/08\/Skaftafell-010.jpg 1600w\" sizes=\"auto, (max-width: 1024px) 100vw, 1024px\" \/><figcaption id=\"caption-attachment-12192\" class=\"wp-caption-text\">Ein isl\u00e4ndischer Enzian<\/figcaption><\/figure>\n<p><img loading=\"lazy\" decoding=\"async\" class=\"alignnone size-medium wp-image-12186\" src=\"https:\/\/www.askja-on-tour.ch\/wp-content\/uploads\/2020\/08\/Skaftafell-004-1024x683.jpg\" alt=\"\" width=\"1024\" height=\"683\" srcset=\"https:\/\/www.askja-on-tour.ch\/wp-content\/uploads\/2020\/08\/Skaftafell-004-1024x683.jpg 1024w, https:\/\/www.askja-on-tour.ch\/wp-content\/uploads\/2020\/08\/Skaftafell-004-768x512.jpg 768w, https:\/\/www.askja-on-tour.ch\/wp-content\/uploads\/2020\/08\/Skaftafell-004-1536x1024.jpg 1536w, https:\/\/www.askja-on-tour.ch\/wp-content\/uploads\/2020\/08\/Skaftafell-004.jpg 1600w\" sizes=\"auto, (max-width: 1024px) 100vw, 1024px\" \/> <img loading=\"lazy\" decoding=\"async\" class=\"alignnone size-medium wp-image-12187\" src=\"https:\/\/www.askja-on-tour.ch\/wp-content\/uploads\/2020\/08\/Skaftafell-005-1024x683.jpg\" alt=\"\" width=\"1024\" height=\"683\" srcset=\"https:\/\/www.askja-on-tour.ch\/wp-content\/uploads\/2020\/08\/Skaftafell-005-1024x683.jpg 1024w, https:\/\/www.askja-on-tour.ch\/wp-content\/uploads\/2020\/08\/Skaftafell-005-768x512.jpg 768w, https:\/\/www.askja-on-tour.ch\/wp-content\/uploads\/2020\/08\/Skaftafell-005-1536x1024.jpg 1536w, https:\/\/www.askja-on-tour.ch\/wp-content\/uploads\/2020\/08\/Skaftafell-005.jpg 1600w\" sizes=\"auto, (max-width: 1024px) 100vw, 1024px\" \/> <img loading=\"lazy\" decoding=\"async\" class=\"alignnone size-medium wp-image-12188\" src=\"https:\/\/www.askja-on-tour.ch\/wp-content\/uploads\/2020\/08\/Skaftafell-006-1024x683.jpg\" alt=\"\" width=\"1024\" height=\"683\" srcset=\"https:\/\/www.askja-on-tour.ch\/wp-content\/uploads\/2020\/08\/Skaftafell-006-1024x683.jpg 1024w, https:\/\/www.askja-on-tour.ch\/wp-content\/uploads\/2020\/08\/Skaftafell-006-768x512.jpg 768w, https:\/\/www.askja-on-tour.ch\/wp-content\/uploads\/2020\/08\/Skaftafell-006-1536x1024.jpg 1536w, https:\/\/www.askja-on-tour.ch\/wp-content\/uploads\/2020\/08\/Skaftafell-006.jpg 1600w\" sizes=\"auto, (max-width: 1024px) 100vw, 1024px\" \/> <img loading=\"lazy\" decoding=\"async\" class=\"alignnone size-medium wp-image-12189\" src=\"https:\/\/www.askja-on-tour.ch\/wp-content\/uploads\/2020\/08\/Skaftafell-007-1024x683.jpg\" alt=\"\" width=\"1024\" height=\"683\" srcset=\"https:\/\/www.askja-on-tour.ch\/wp-content\/uploads\/2020\/08\/Skaftafell-007-1024x683.jpg 1024w, https:\/\/www.askja-on-tour.ch\/wp-content\/uploads\/2020\/08\/Skaftafell-007-768x512.jpg 768w, https:\/\/www.askja-on-tour.ch\/wp-content\/uploads\/2020\/08\/Skaftafell-007-1536x1024.jpg 1536w, https:\/\/www.askja-on-tour.ch\/wp-content\/uploads\/2020\/08\/Skaftafell-007.jpg 1600w\" sizes=\"auto, (max-width: 1024px) 100vw, 1024px\" \/> <img loading=\"lazy\" decoding=\"async\" class=\"alignnone size-medium wp-image-12190\" src=\"https:\/\/www.askja-on-tour.ch\/wp-content\/uploads\/2020\/08\/Skaftafell-008-1024x683.jpg\" alt=\"\" width=\"1024\" height=\"683\" srcset=\"https:\/\/www.askja-on-tour.ch\/wp-content\/uploads\/2020\/08\/Skaftafell-008-1024x683.jpg 1024w, https:\/\/www.askja-on-tour.ch\/wp-content\/uploads\/2020\/08\/Skaftafell-008-768x512.jpg 768w, https:\/\/www.askja-on-tour.ch\/wp-content\/uploads\/2020\/08\/Skaftafell-008-1536x1024.jpg 1536w, https:\/\/www.askja-on-tour.ch\/wp-content\/uploads\/2020\/08\/Skaftafell-008.jpg 1600w\" sizes=\"auto, (max-width: 1024px) 100vw, 1024px\" \/> <img loading=\"lazy\" decoding=\"async\" class=\"alignnone size-medium wp-image-12191\" src=\"https:\/\/www.askja-on-tour.ch\/wp-content\/uploads\/2020\/08\/Skaftafell-009-1024x683.jpg\" alt=\"\" width=\"1024\" height=\"683\" srcset=\"https:\/\/www.askja-on-tour.ch\/wp-content\/uploads\/2020\/08\/Skaftafell-009-1024x683.jpg 1024w, https:\/\/www.askja-on-tour.ch\/wp-content\/uploads\/2020\/08\/Skaftafell-009-768x512.jpg 768w, https:\/\/www.askja-on-tour.ch\/wp-content\/uploads\/2020\/08\/Skaftafell-009-1536x1024.jpg 1536w, https:\/\/www.askja-on-tour.ch\/wp-content\/uploads\/2020\/08\/Skaftafell-009.jpg 1600w\" sizes=\"auto, (max-width: 1024px) 100vw, 1024px\" \/> <img loading=\"lazy\" decoding=\"async\" class=\"alignnone size-medium wp-image-12193\" src=\"https:\/\/www.askja-on-tour.ch\/wp-content\/uploads\/2020\/08\/Skaftafell-011-683x1024.jpg\" alt=\"\" width=\"683\" height=\"1024\" srcset=\"https:\/\/www.askja-on-tour.ch\/wp-content\/uploads\/2020\/08\/Skaftafell-011-683x1024.jpg 683w, https:\/\/www.askja-on-tour.ch\/wp-content\/uploads\/2020\/08\/Skaftafell-011-768x1152.jpg 768w, https:\/\/www.askja-on-tour.ch\/wp-content\/uploads\/2020\/08\/Skaftafell-011-1024x1536.jpg 1024w, https:\/\/www.askja-on-tour.ch\/wp-content\/uploads\/2020\/08\/Skaftafell-011.jpg 1067w\" sizes=\"auto, (max-width: 683px) 100vw, 683px\" \/> <img loading=\"lazy\" decoding=\"async\" class=\"alignnone size-medium wp-image-12194\" src=\"https:\/\/www.askja-on-tour.ch\/wp-content\/uploads\/2020\/08\/Skaftafell-012-1024x683.jpg\" alt=\"\" width=\"1024\" height=\"683\" srcset=\"https:\/\/www.askja-on-tour.ch\/wp-content\/uploads\/2020\/08\/Skaftafell-012-1024x683.jpg 1024w, https:\/\/www.askja-on-tour.ch\/wp-content\/uploads\/2020\/08\/Skaftafell-012-768x512.jpg 768w, https:\/\/www.askja-on-tour.ch\/wp-content\/uploads\/2020\/08\/Skaftafell-012-1536x1024.jpg 1536w, https:\/\/www.askja-on-tour.ch\/wp-content\/uploads\/2020\/08\/Skaftafell-012.jpg 1600w\" sizes=\"auto, (max-width: 1024px) 100vw, 1024px\" \/><\/p>\n<p>Wir sind an einem riesigen Lavafeld entlanggefahren. In den Jahren 1783 und 1784 ergoss sich die Eldhraun (isl. <i>Feuerlava<\/i>) der Laki-Eruption im. Heute ist dieses Lavafeld mit sch\u00f6nen aber fragilen Moos-Polstern \u00fcberwachsen. Da es immer wieder Naturignoranten gibt, die wild \u00fcber die Lavafelder stapfen und alles, was \u00fcber Jahrhunderte gewachsen ist, zerst\u00f6ren, werden immer mehr Stellen f\u00fcr Touristen geschlossen und nur noch vereinzelte Pfade freigegeben.<\/p>\n<p><img loading=\"lazy\" decoding=\"async\" class=\"alignnone size-medium wp-image-12199\" src=\"https:\/\/www.askja-on-tour.ch\/wp-content\/uploads\/2020\/08\/Skaftafell-017-1024x683.jpg\" alt=\"\" width=\"1024\" height=\"683\" srcset=\"https:\/\/www.askja-on-tour.ch\/wp-content\/uploads\/2020\/08\/Skaftafell-017-1024x683.jpg 1024w, https:\/\/www.askja-on-tour.ch\/wp-content\/uploads\/2020\/08\/Skaftafell-017-768x512.jpg 768w, https:\/\/www.askja-on-tour.ch\/wp-content\/uploads\/2020\/08\/Skaftafell-017-1536x1024.jpg 1536w, https:\/\/www.askja-on-tour.ch\/wp-content\/uploads\/2020\/08\/Skaftafell-017.jpg 1600w\" sizes=\"auto, (max-width: 1024px) 100vw, 1024px\" \/> <img loading=\"lazy\" decoding=\"async\" class=\"alignnone size-medium wp-image-12200\" src=\"https:\/\/www.askja-on-tour.ch\/wp-content\/uploads\/2020\/08\/Skaftafell-018-1024x683.jpg\" alt=\"\" width=\"1024\" height=\"683\" srcset=\"https:\/\/www.askja-on-tour.ch\/wp-content\/uploads\/2020\/08\/Skaftafell-018-1024x683.jpg 1024w, https:\/\/www.askja-on-tour.ch\/wp-content\/uploads\/2020\/08\/Skaftafell-018-768x512.jpg 768w, https:\/\/www.askja-on-tour.ch\/wp-content\/uploads\/2020\/08\/Skaftafell-018-1536x1024.jpg 1536w, https:\/\/www.askja-on-tour.ch\/wp-content\/uploads\/2020\/08\/Skaftafell-018.jpg 1600w\" sizes=\"auto, (max-width: 1024px) 100vw, 1024px\" \/> <img loading=\"lazy\" decoding=\"async\" class=\"alignnone size-medium wp-image-12201\" src=\"https:\/\/www.askja-on-tour.ch\/wp-content\/uploads\/2020\/08\/Skaftafell-019-1024x683.jpg\" alt=\"\" width=\"1024\" height=\"683\" srcset=\"https:\/\/www.askja-on-tour.ch\/wp-content\/uploads\/2020\/08\/Skaftafell-019-1024x683.jpg 1024w, https:\/\/www.askja-on-tour.ch\/wp-content\/uploads\/2020\/08\/Skaftafell-019-768x512.jpg 768w, https:\/\/www.askja-on-tour.ch\/wp-content\/uploads\/2020\/08\/Skaftafell-019-1536x1024.jpg 1536w, https:\/\/www.askja-on-tour.ch\/wp-content\/uploads\/2020\/08\/Skaftafell-019.jpg 1600w\" sizes=\"auto, (max-width: 1024px) 100vw, 1024px\" \/> <img loading=\"lazy\" decoding=\"async\" class=\"alignnone size-medium wp-image-12202\" src=\"https:\/\/www.askja-on-tour.ch\/wp-content\/uploads\/2020\/08\/Skaftafell-020-1024x683.jpg\" alt=\"\" width=\"1024\" height=\"683\" srcset=\"https:\/\/www.askja-on-tour.ch\/wp-content\/uploads\/2020\/08\/Skaftafell-020-1024x683.jpg 1024w, https:\/\/www.askja-on-tour.ch\/wp-content\/uploads\/2020\/08\/Skaftafell-020-768x512.jpg 768w, https:\/\/www.askja-on-tour.ch\/wp-content\/uploads\/2020\/08\/Skaftafell-020-1536x1024.jpg 1536w, https:\/\/www.askja-on-tour.ch\/wp-content\/uploads\/2020\/08\/Skaftafell-020.jpg 1600w\" sizes=\"auto, (max-width: 1024px) 100vw, 1024px\" \/> <img loading=\"lazy\" decoding=\"async\" class=\"alignnone size-medium wp-image-12203\" src=\"https:\/\/www.askja-on-tour.ch\/wp-content\/uploads\/2020\/08\/Skaftafell-021-1024x683.jpg\" alt=\"\" width=\"1024\" height=\"683\" srcset=\"https:\/\/www.askja-on-tour.ch\/wp-content\/uploads\/2020\/08\/Skaftafell-021-1024x683.jpg 1024w, https:\/\/www.askja-on-tour.ch\/wp-content\/uploads\/2020\/08\/Skaftafell-021-768x512.jpg 768w, https:\/\/www.askja-on-tour.ch\/wp-content\/uploads\/2020\/08\/Skaftafell-021-1536x1024.jpg 1536w, https:\/\/www.askja-on-tour.ch\/wp-content\/uploads\/2020\/08\/Skaftafell-021.jpg 1600w\" sizes=\"auto, (max-width: 1024px) 100vw, 1024px\" \/> <img loading=\"lazy\" decoding=\"async\" class=\"alignnone size-medium wp-image-12204\" src=\"https:\/\/www.askja-on-tour.ch\/wp-content\/uploads\/2020\/08\/Skaftafell-022-1024x683.jpg\" alt=\"\" width=\"1024\" height=\"683\" srcset=\"https:\/\/www.askja-on-tour.ch\/wp-content\/uploads\/2020\/08\/Skaftafell-022-1024x683.jpg 1024w, https:\/\/www.askja-on-tour.ch\/wp-content\/uploads\/2020\/08\/Skaftafell-022-768x512.jpg 768w, https:\/\/www.askja-on-tour.ch\/wp-content\/uploads\/2020\/08\/Skaftafell-022-1536x1024.jpg 1536w, https:\/\/www.askja-on-tour.ch\/wp-content\/uploads\/2020\/08\/Skaftafell-022.jpg 1600w\" sizes=\"auto, (max-width: 1024px) 100vw, 1024px\" \/><\/p>\n<p>Anschliessend sind wir zur Schlucht Fja\u00f0r\u00e1rglj\u00fafur gefahren, wo wir eine kurze Wanderung gemacht haben.\u00a0Der Canyon ist an einigen Stellen bis zu 100 Meter tief und hat eine L\u00e4nge von etwa zwei Kilometern. Entstanden ist die Schlucht durch die Kraft des fliessenden Wassers, das sich von den Gletschern kommend einen Weg durch das Gestein\u00a0bahnte.<\/p>\n<p><img loading=\"lazy\" decoding=\"async\" class=\"alignnone size-medium wp-image-12205\" src=\"https:\/\/www.askja-on-tour.ch\/wp-content\/uploads\/2020\/08\/Skaftafell-023-1024x683.jpg\" alt=\"\" width=\"1024\" height=\"683\" srcset=\"https:\/\/www.askja-on-tour.ch\/wp-content\/uploads\/2020\/08\/Skaftafell-023-1024x683.jpg 1024w, https:\/\/www.askja-on-tour.ch\/wp-content\/uploads\/2020\/08\/Skaftafell-023-768x512.jpg 768w, https:\/\/www.askja-on-tour.ch\/wp-content\/uploads\/2020\/08\/Skaftafell-023-1536x1024.jpg 1536w, https:\/\/www.askja-on-tour.ch\/wp-content\/uploads\/2020\/08\/Skaftafell-023.jpg 1600w\" sizes=\"auto, (max-width: 1024px) 100vw, 1024px\" \/> <img loading=\"lazy\" decoding=\"async\" class=\"alignnone size-medium wp-image-12206\" src=\"https:\/\/www.askja-on-tour.ch\/wp-content\/uploads\/2020\/08\/Skaftafell-024-1024x683.jpg\" alt=\"\" width=\"1024\" height=\"683\" srcset=\"https:\/\/www.askja-on-tour.ch\/wp-content\/uploads\/2020\/08\/Skaftafell-024-1024x683.jpg 1024w, https:\/\/www.askja-on-tour.ch\/wp-content\/uploads\/2020\/08\/Skaftafell-024-768x512.jpg 768w, https:\/\/www.askja-on-tour.ch\/wp-content\/uploads\/2020\/08\/Skaftafell-024-1536x1024.jpg 1536w, https:\/\/www.askja-on-tour.ch\/wp-content\/uploads\/2020\/08\/Skaftafell-024.jpg 1600w\" sizes=\"auto, (max-width: 1024px) 100vw, 1024px\" \/> <img loading=\"lazy\" decoding=\"async\" class=\"alignnone size-medium wp-image-12207\" src=\"https:\/\/www.askja-on-tour.ch\/wp-content\/uploads\/2020\/08\/Skaftafell-025-1024x683.jpg\" alt=\"\" width=\"1024\" height=\"683\" srcset=\"https:\/\/www.askja-on-tour.ch\/wp-content\/uploads\/2020\/08\/Skaftafell-025-1024x683.jpg 1024w, https:\/\/www.askja-on-tour.ch\/wp-content\/uploads\/2020\/08\/Skaftafell-025-768x512.jpg 768w, https:\/\/www.askja-on-tour.ch\/wp-content\/uploads\/2020\/08\/Skaftafell-025-1536x1024.jpg 1536w, https:\/\/www.askja-on-tour.ch\/wp-content\/uploads\/2020\/08\/Skaftafell-025.jpg 1600w\" sizes=\"auto, (max-width: 1024px) 100vw, 1024px\" \/> <img loading=\"lazy\" decoding=\"async\" class=\"alignnone size-medium wp-image-12208\" src=\"https:\/\/www.askja-on-tour.ch\/wp-content\/uploads\/2020\/08\/Skaftafell-026-1024x683.jpg\" alt=\"\" width=\"1024\" height=\"683\" srcset=\"https:\/\/www.askja-on-tour.ch\/wp-content\/uploads\/2020\/08\/Skaftafell-026-1024x683.jpg 1024w, https:\/\/www.askja-on-tour.ch\/wp-content\/uploads\/2020\/08\/Skaftafell-026-768x512.jpg 768w, https:\/\/www.askja-on-tour.ch\/wp-content\/uploads\/2020\/08\/Skaftafell-026-1536x1024.jpg 1536w, https:\/\/www.askja-on-tour.ch\/wp-content\/uploads\/2020\/08\/Skaftafell-026.jpg 1600w\" sizes=\"auto, (max-width: 1024px) 100vw, 1024px\" \/> <img loading=\"lazy\" decoding=\"async\" class=\"alignnone size-medium wp-image-12209\" src=\"https:\/\/www.askja-on-tour.ch\/wp-content\/uploads\/2020\/08\/Skaftafell-027-683x1024.jpg\" alt=\"\" width=\"683\" height=\"1024\" srcset=\"https:\/\/www.askja-on-tour.ch\/wp-content\/uploads\/2020\/08\/Skaftafell-027-683x1024.jpg 683w, https:\/\/www.askja-on-tour.ch\/wp-content\/uploads\/2020\/08\/Skaftafell-027-768x1152.jpg 768w, https:\/\/www.askja-on-tour.ch\/wp-content\/uploads\/2020\/08\/Skaftafell-027-1024x1536.jpg 1024w, https:\/\/www.askja-on-tour.ch\/wp-content\/uploads\/2020\/08\/Skaftafell-027.jpg 1067w\" sizes=\"auto, (max-width: 683px) 100vw, 683px\" \/><\/p>\n<p>Zum Abschluss fuhren wir in den Skaftafell-Nationalpark. Auf dem Weg boten sich uns immer wieder fantastische Blicke auf den gr\u00f6ssten Gletscher Islands, den Vatnaj\u00f6kull. Er bedeckt rund f\u00fcnf Mal die Fl\u00e4che vom Kanton Aargau.<\/p>\n<p><img loading=\"lazy\" decoding=\"async\" class=\"alignnone size-medium wp-image-12210\" src=\"https:\/\/www.askja-on-tour.ch\/wp-content\/uploads\/2020\/08\/Skaftafell-028-1024x683.jpg\" alt=\"\" width=\"1024\" height=\"683\" srcset=\"https:\/\/www.askja-on-tour.ch\/wp-content\/uploads\/2020\/08\/Skaftafell-028-1024x683.jpg 1024w, https:\/\/www.askja-on-tour.ch\/wp-content\/uploads\/2020\/08\/Skaftafell-028-768x512.jpg 768w, https:\/\/www.askja-on-tour.ch\/wp-content\/uploads\/2020\/08\/Skaftafell-028-1536x1024.jpg 1536w, https:\/\/www.askja-on-tour.ch\/wp-content\/uploads\/2020\/08\/Skaftafell-028.jpg 1600w\" sizes=\"auto, (max-width: 1024px) 100vw, 1024px\" \/><\/p>\n<p><img loading=\"lazy\" decoding=\"async\" class=\"alignnone size-medium wp-image-12212\" src=\"https:\/\/www.askja-on-tour.ch\/wp-content\/uploads\/2020\/08\/Skaftafell-030-1024x683.jpg\" alt=\"\" width=\"1024\" height=\"683\" srcset=\"https:\/\/www.askja-on-tour.ch\/wp-content\/uploads\/2020\/08\/Skaftafell-030-1024x683.jpg 1024w, https:\/\/www.askja-on-tour.ch\/wp-content\/uploads\/2020\/08\/Skaftafell-030-768x512.jpg 768w, https:\/\/www.askja-on-tour.ch\/wp-content\/uploads\/2020\/08\/Skaftafell-030-1536x1024.jpg 1536w, https:\/\/www.askja-on-tour.ch\/wp-content\/uploads\/2020\/08\/Skaftafell-030.jpg 1600w\" sizes=\"auto, (max-width: 1024px) 100vw, 1024px\" \/><\/p>\n<p>Im Skaftafell-Nationalpark herrscht wegen Corona ziemliches Chaos. Der Zugang zum Camping-Platz wurde behelfsm\u00e4ssig blockiert, resp. es steht so ein J\u00fcngelchen vor seinem Ranger-Auto und sagt mit geschwellter Brust, dass hier geschlossen sei und wegen Corona eine strickte 100-Camper-Politik g\u00e4be. Auf meine Frage, was dies nun f\u00fcr uns hiesse, meinte er, \u00a0wir m\u00fcssten erst eine Camping-Bewilligung im Visitor-Center kaufen, was ein rechtes St\u00fcck Fussmarsch entfernt ist. Gesagt getan kam ich zu den (un)netten Damen, die sich hinter zus\u00e4tzlichen Tischen verbarrikadierten, um ja 2 m Abstand zu wahren. Es resultierte in rund 5 m mit dem Ergebnis, dass man sich gegenseitig gar nicht h\u00f6rte. Egal &#8211; irgendwann hatte ich die Camping-Bewilligung f\u00fcr unsere Fahgrzeuge. Aber nein &#8211; noch nicht fertig mit der Registrierung: ich musste noch unsere beiden Autos Online registrieren. Daf\u00fcr gab es ein PC im Geb\u00e4ude. Auf meine Frage, wo ich denn Wohnmobil ausw\u00e4hlen k\u00f6nnte, meinte sie, dass sei nicht wichtig &#8211; ich soll einfach kleines Auto w\u00e4hren (na ja &#8211; mit 7.50 m sind wir nicht so klein &#8211; aber egal). Und dann wollten sie noch die Autokennzeichen! Meines war kein Problem, aber das von Hildegard kannte ich nicht. Also &#8211; erneute Frage an die selbige Damen. Auch das war kein Problem &#8211; einfach zweimal die selbe Autonummer eingeben . Sie meinte &#8211; ja, es sei komisch &#8211; aber wegen Corona sei das so. Corona l\u00e4sst den Amtsschimmel ganz gewaltig wiehern. Nun sei es denn so.<\/p>\n<p>Nachdem wir unsere WoMos geparkt hatten, machten wir uns auf eine weitere rund 7 km lange Rund-Wanderung zum Svartifoss, ein weiterer sch\u00f6ner Wasserfall und eine der Hauptattraktionen des Skaftafell-Nationalparks. Der St\u00f3ril\u00e6kur (gro\u00dfer Bach) st\u00fcrzt \u00fcber eine Felskante, die von Basalts\u00e4ulen wie Orgelpfeifen eingerahmt wird. Der Svartifoss (mit dem Fluss St\u00f3ril\u00e6kur) ist 12 m hoch.<\/p>\n<p><img loading=\"lazy\" decoding=\"async\" class=\"alignnone size-medium wp-image-12211\" src=\"https:\/\/www.askja-on-tour.ch\/wp-content\/uploads\/2020\/08\/Skaftafell-029-1024x768.jpg\" alt=\"\" width=\"1024\" height=\"768\" srcset=\"https:\/\/www.askja-on-tour.ch\/wp-content\/uploads\/2020\/08\/Skaftafell-029-1024x768.jpg 1024w, https:\/\/www.askja-on-tour.ch\/wp-content\/uploads\/2020\/08\/Skaftafell-029-768x576.jpg 768w, https:\/\/www.askja-on-tour.ch\/wp-content\/uploads\/2020\/08\/Skaftafell-029-1536x1152.jpg 1536w, https:\/\/www.askja-on-tour.ch\/wp-content\/uploads\/2020\/08\/Skaftafell-029.jpg 1600w\" sizes=\"auto, (max-width: 1024px) 100vw, 1024px\" \/> <img loading=\"lazy\" decoding=\"async\" class=\"alignnone size-medium wp-image-12213\" src=\"https:\/\/www.askja-on-tour.ch\/wp-content\/uploads\/2020\/08\/Skaftafell-031-1024x768.jpg\" alt=\"\" width=\"1024\" height=\"768\" srcset=\"https:\/\/www.askja-on-tour.ch\/wp-content\/uploads\/2020\/08\/Skaftafell-031-1024x768.jpg 1024w, https:\/\/www.askja-on-tour.ch\/wp-content\/uploads\/2020\/08\/Skaftafell-031-768x576.jpg 768w, https:\/\/www.askja-on-tour.ch\/wp-content\/uploads\/2020\/08\/Skaftafell-031-1536x1152.jpg 1536w, https:\/\/www.askja-on-tour.ch\/wp-content\/uploads\/2020\/08\/Skaftafell-031.jpg 1600w\" sizes=\"auto, (max-width: 1024px) 100vw, 1024px\" \/> <img loading=\"lazy\" decoding=\"async\" class=\"alignnone size-medium wp-image-12214\" src=\"https:\/\/www.askja-on-tour.ch\/wp-content\/uploads\/2020\/08\/Skaftafell-032-1024x768.jpg\" alt=\"\" width=\"1024\" height=\"768\" srcset=\"https:\/\/www.askja-on-tour.ch\/wp-content\/uploads\/2020\/08\/Skaftafell-032-1024x768.jpg 1024w, https:\/\/www.askja-on-tour.ch\/wp-content\/uploads\/2020\/08\/Skaftafell-032-768x576.jpg 768w, https:\/\/www.askja-on-tour.ch\/wp-content\/uploads\/2020\/08\/Skaftafell-032-1536x1152.jpg 1536w, https:\/\/www.askja-on-tour.ch\/wp-content\/uploads\/2020\/08\/Skaftafell-032.jpg 1600w\" sizes=\"auto, (max-width: 1024px) 100vw, 1024px\" \/><\/p>\n<p>Und heute war Island so authentisch, wie schon h\u00e4ufig: es regnet &#x2614;&#xfe0f;. Aber bei durchschnittlich 12 Regentagen in den guten Reisemonaten Juni &#8211; September (da regnet es monatlich nur 12 Tage &#x1f609;) scheint es, dass wir diese nun mal gleich Anfang des Monates einziehen. Na ja &#8211; wenn es danach sch\u00f6n ist, ist das OK.<\/p>\n<p>Aber das Wetter hat uns nicht davon abgehalten, zwei sch\u00f6ne Gletscherlagunen zu besuchen &#8211; die Sonne muss sich jeder dazu denken. Wobei auch bei diesem Wetter all diese Orte ihren besonderen Reiz haben.<\/p>\n<p>Die erste Gletscherlagune war eine kleinere, touristisch weniger \u00fcberlaufene (in Corona-Zeiten ist zwar nichts sehr stark \u00fcberlaufen): Fjalls\u00e1rl\u00f3n ist ein Gletschersee am s\u00fcdlichen Ende des isl\u00e4ndischen Gletschers Vatnaj\u00f6kull. Es treiben einige sehr grosse Eisschollen darin und vom Gletscher h\u00f6rt und sieht man immer wieder Abbr\u00fcche von Eisschollen. Mit Zodiac-Booten werden f\u00fcr rund CHF 60.00 \u00a0Ausfl\u00fcge (45 Minuten Dauer) zum Gletscher angeboten (darauf haben wir verzichtet).\u00a0<\/p>\n<p><img loading=\"lazy\" decoding=\"async\" class=\"alignnone size-medium wp-image-12217\" src=\"https:\/\/www.askja-on-tour.ch\/wp-content\/uploads\/2020\/08\/Gletscherlagune-001-1024x683.jpg\" alt=\"\" width=\"1024\" height=\"683\" srcset=\"https:\/\/www.askja-on-tour.ch\/wp-content\/uploads\/2020\/08\/Gletscherlagune-001-1024x683.jpg 1024w, https:\/\/www.askja-on-tour.ch\/wp-content\/uploads\/2020\/08\/Gletscherlagune-001-768x512.jpg 768w, https:\/\/www.askja-on-tour.ch\/wp-content\/uploads\/2020\/08\/Gletscherlagune-001-1536x1024.jpg 1536w, https:\/\/www.askja-on-tour.ch\/wp-content\/uploads\/2020\/08\/Gletscherlagune-001.jpg 1600w\" sizes=\"auto, (max-width: 1024px) 100vw, 1024px\" \/> <img loading=\"lazy\" decoding=\"async\" class=\"alignnone size-medium wp-image-12218\" src=\"https:\/\/www.askja-on-tour.ch\/wp-content\/uploads\/2020\/08\/Gletscherlagune-002-1024x683.jpg\" alt=\"\" width=\"1024\" height=\"683\" srcset=\"https:\/\/www.askja-on-tour.ch\/wp-content\/uploads\/2020\/08\/Gletscherlagune-002-1024x683.jpg 1024w, https:\/\/www.askja-on-tour.ch\/wp-content\/uploads\/2020\/08\/Gletscherlagune-002-768x512.jpg 768w, https:\/\/www.askja-on-tour.ch\/wp-content\/uploads\/2020\/08\/Gletscherlagune-002-1536x1024.jpg 1536w, https:\/\/www.askja-on-tour.ch\/wp-content\/uploads\/2020\/08\/Gletscherlagune-002.jpg 1600w\" sizes=\"auto, (max-width: 1024px) 100vw, 1024px\" \/> <img loading=\"lazy\" decoding=\"async\" class=\"alignnone size-medium wp-image-12219\" src=\"https:\/\/www.askja-on-tour.ch\/wp-content\/uploads\/2020\/08\/Gletscherlagune-003-1024x683.jpg\" alt=\"\" width=\"1024\" height=\"683\" srcset=\"https:\/\/www.askja-on-tour.ch\/wp-content\/uploads\/2020\/08\/Gletscherlagune-003-1024x683.jpg 1024w, https:\/\/www.askja-on-tour.ch\/wp-content\/uploads\/2020\/08\/Gletscherlagune-003-768x512.jpg 768w, https:\/\/www.askja-on-tour.ch\/wp-content\/uploads\/2020\/08\/Gletscherlagune-003-1536x1024.jpg 1536w, https:\/\/www.askja-on-tour.ch\/wp-content\/uploads\/2020\/08\/Gletscherlagune-003.jpg 1600w\" sizes=\"auto, (max-width: 1024px) 100vw, 1024px\" \/> <img loading=\"lazy\" decoding=\"async\" class=\"alignnone size-medium wp-image-12220\" src=\"https:\/\/www.askja-on-tour.ch\/wp-content\/uploads\/2020\/08\/Gletscherlagune-004-1024x683.jpg\" alt=\"\" width=\"1024\" height=\"683\" srcset=\"https:\/\/www.askja-on-tour.ch\/wp-content\/uploads\/2020\/08\/Gletscherlagune-004-1024x683.jpg 1024w, https:\/\/www.askja-on-tour.ch\/wp-content\/uploads\/2020\/08\/Gletscherlagune-004-768x512.jpg 768w, https:\/\/www.askja-on-tour.ch\/wp-content\/uploads\/2020\/08\/Gletscherlagune-004-1536x1024.jpg 1536w, https:\/\/www.askja-on-tour.ch\/wp-content\/uploads\/2020\/08\/Gletscherlagune-004.jpg 1600w\" sizes=\"auto, (max-width: 1024px) 100vw, 1024px\" \/> <img loading=\"lazy\" decoding=\"async\" class=\"alignnone size-medium wp-image-12221\" src=\"https:\/\/www.askja-on-tour.ch\/wp-content\/uploads\/2020\/08\/Gletscherlagune-005-1024x683.jpg\" alt=\"\" width=\"1024\" height=\"683\" srcset=\"https:\/\/www.askja-on-tour.ch\/wp-content\/uploads\/2020\/08\/Gletscherlagune-005-1024x683.jpg 1024w, https:\/\/www.askja-on-tour.ch\/wp-content\/uploads\/2020\/08\/Gletscherlagune-005-768x512.jpg 768w, https:\/\/www.askja-on-tour.ch\/wp-content\/uploads\/2020\/08\/Gletscherlagune-005-1536x1024.jpg 1536w, https:\/\/www.askja-on-tour.ch\/wp-content\/uploads\/2020\/08\/Gletscherlagune-005.jpg 1600w\" sizes=\"auto, (max-width: 1024px) 100vw, 1024px\" \/> <img loading=\"lazy\" decoding=\"async\" class=\"alignnone size-medium wp-image-12222\" src=\"https:\/\/www.askja-on-tour.ch\/wp-content\/uploads\/2020\/08\/Gletscherlagune-006-1024x683.jpg\" alt=\"\" width=\"1024\" height=\"683\" srcset=\"https:\/\/www.askja-on-tour.ch\/wp-content\/uploads\/2020\/08\/Gletscherlagune-006-1024x683.jpg 1024w, https:\/\/www.askja-on-tour.ch\/wp-content\/uploads\/2020\/08\/Gletscherlagune-006-768x512.jpg 768w, https:\/\/www.askja-on-tour.ch\/wp-content\/uploads\/2020\/08\/Gletscherlagune-006-1536x1024.jpg 1536w, https:\/\/www.askja-on-tour.ch\/wp-content\/uploads\/2020\/08\/Gletscherlagune-006.jpg 1600w\" sizes=\"auto, (max-width: 1024px) 100vw, 1024px\" \/> <img loading=\"lazy\" decoding=\"async\" class=\"alignnone size-medium wp-image-12223\" src=\"https:\/\/www.askja-on-tour.ch\/wp-content\/uploads\/2020\/08\/Gletscherlagune-007-1024x683.jpg\" alt=\"\" width=\"1024\" height=\"683\" srcset=\"https:\/\/www.askja-on-tour.ch\/wp-content\/uploads\/2020\/08\/Gletscherlagune-007-1024x683.jpg 1024w, https:\/\/www.askja-on-tour.ch\/wp-content\/uploads\/2020\/08\/Gletscherlagune-007-768x512.jpg 768w, https:\/\/www.askja-on-tour.ch\/wp-content\/uploads\/2020\/08\/Gletscherlagune-007-1536x1024.jpg 1536w, https:\/\/www.askja-on-tour.ch\/wp-content\/uploads\/2020\/08\/Gletscherlagune-007.jpg 1600w\" sizes=\"auto, (max-width: 1024px) 100vw, 1024px\" \/> <img loading=\"lazy\" decoding=\"async\" class=\"alignnone size-medium wp-image-12224\" src=\"https:\/\/www.askja-on-tour.ch\/wp-content\/uploads\/2020\/08\/Gletscherlagune-008-1024x683.jpg\" alt=\"\" width=\"1024\" height=\"683\" srcset=\"https:\/\/www.askja-on-tour.ch\/wp-content\/uploads\/2020\/08\/Gletscherlagune-008-1024x683.jpg 1024w, https:\/\/www.askja-on-tour.ch\/wp-content\/uploads\/2020\/08\/Gletscherlagune-008-768x512.jpg 768w, https:\/\/www.askja-on-tour.ch\/wp-content\/uploads\/2020\/08\/Gletscherlagune-008-1536x1024.jpg 1536w, https:\/\/www.askja-on-tour.ch\/wp-content\/uploads\/2020\/08\/Gletscherlagune-008.jpg 1600w\" sizes=\"auto, (max-width: 1024px) 100vw, 1024px\" \/> <img loading=\"lazy\" decoding=\"async\" class=\"alignnone size-medium wp-image-12225\" src=\"https:\/\/www.askja-on-tour.ch\/wp-content\/uploads\/2020\/08\/Gletscherlagune-009-1024x683.jpg\" alt=\"\" width=\"1024\" height=\"683\" srcset=\"https:\/\/www.askja-on-tour.ch\/wp-content\/uploads\/2020\/08\/Gletscherlagune-009-1024x683.jpg 1024w, https:\/\/www.askja-on-tour.ch\/wp-content\/uploads\/2020\/08\/Gletscherlagune-009-768x512.jpg 768w, https:\/\/www.askja-on-tour.ch\/wp-content\/uploads\/2020\/08\/Gletscherlagune-009-1536x1024.jpg 1536w, https:\/\/www.askja-on-tour.ch\/wp-content\/uploads\/2020\/08\/Gletscherlagune-009.jpg 1600w\" sizes=\"auto, (max-width: 1024px) 100vw, 1024px\" \/> <img loading=\"lazy\" decoding=\"async\" class=\"alignnone size-medium wp-image-12226\" src=\"https:\/\/www.askja-on-tour.ch\/wp-content\/uploads\/2020\/08\/Gletscherlagune-010-1024x683.jpg\" alt=\"\" width=\"1024\" height=\"683\" srcset=\"https:\/\/www.askja-on-tour.ch\/wp-content\/uploads\/2020\/08\/Gletscherlagune-010-1024x683.jpg 1024w, https:\/\/www.askja-on-tour.ch\/wp-content\/uploads\/2020\/08\/Gletscherlagune-010-768x512.jpg 768w, https:\/\/www.askja-on-tour.ch\/wp-content\/uploads\/2020\/08\/Gletscherlagune-010-1536x1024.jpg 1536w, https:\/\/www.askja-on-tour.ch\/wp-content\/uploads\/2020\/08\/Gletscherlagune-010.jpg 1600w\" sizes=\"auto, (max-width: 1024px) 100vw, 1024px\" \/> <img loading=\"lazy\" decoding=\"async\" class=\"alignnone size-medium wp-image-12227\" src=\"https:\/\/www.askja-on-tour.ch\/wp-content\/uploads\/2020\/08\/Gletscherlagune-011-1024x683.jpg\" alt=\"\" width=\"1024\" height=\"683\" srcset=\"https:\/\/www.askja-on-tour.ch\/wp-content\/uploads\/2020\/08\/Gletscherlagune-011-1024x683.jpg 1024w, https:\/\/www.askja-on-tour.ch\/wp-content\/uploads\/2020\/08\/Gletscherlagune-011-768x512.jpg 768w, https:\/\/www.askja-on-tour.ch\/wp-content\/uploads\/2020\/08\/Gletscherlagune-011-1536x1024.jpg 1536w, https:\/\/www.askja-on-tour.ch\/wp-content\/uploads\/2020\/08\/Gletscherlagune-011.jpg 1600w\" sizes=\"auto, (max-width: 1024px) 100vw, 1024px\" \/><\/p>\n<p>Anschliessend fuhren wir zur viel gr\u00f6sseren J\u00f6kuls\u00e1rl\u00f3n. Das besondere ist, dass die Lagune von schwarzem Sandstrand ges\u00e4umt wird, auf welcher auch immer wieder Eisbrocken malerisch liegen. Im 2014 sahen wir diese in der Sonne, wodurch sie wie grosse Kristalle aussehen. Beim heutigen Besuch zeigen sie sich ebenfalls reizvoll und wirken durch ihre bizarren Formen. Zwischen den Eisschollen stecken immer wieder Seehunde ihre Nase aus dem Wasser, ehe sie zum n\u00e4chsten Tauchfang ansetzen. <span lang=\"DE\">Die besondere touristische Attraktion sind Amphibien-Fahrzeuge, die mit Touris ins Wasser fahren (ich bin auch ein Boot).<\/span><\/p>\n<p><img loading=\"lazy\" decoding=\"async\" class=\"alignnone size-medium wp-image-12228\" src=\"https:\/\/www.askja-on-tour.ch\/wp-content\/uploads\/2020\/08\/Gletscherlagune-012-1024x683.jpg\" alt=\"\" width=\"1024\" height=\"683\" srcset=\"https:\/\/www.askja-on-tour.ch\/wp-content\/uploads\/2020\/08\/Gletscherlagune-012-1024x683.jpg 1024w, https:\/\/www.askja-on-tour.ch\/wp-content\/uploads\/2020\/08\/Gletscherlagune-012-768x512.jpg 768w, https:\/\/www.askja-on-tour.ch\/wp-content\/uploads\/2020\/08\/Gletscherlagune-012-1536x1024.jpg 1536w, https:\/\/www.askja-on-tour.ch\/wp-content\/uploads\/2020\/08\/Gletscherlagune-012.jpg 1600w\" sizes=\"auto, (max-width: 1024px) 100vw, 1024px\" \/> <img loading=\"lazy\" decoding=\"async\" class=\"alignnone size-medium wp-image-12229\" src=\"https:\/\/www.askja-on-tour.ch\/wp-content\/uploads\/2020\/08\/Gletscherlagune-013-1024x683.jpg\" alt=\"\" width=\"1024\" height=\"683\" srcset=\"https:\/\/www.askja-on-tour.ch\/wp-content\/uploads\/2020\/08\/Gletscherlagune-013-1024x683.jpg 1024w, https:\/\/www.askja-on-tour.ch\/wp-content\/uploads\/2020\/08\/Gletscherlagune-013-768x512.jpg 768w, https:\/\/www.askja-on-tour.ch\/wp-content\/uploads\/2020\/08\/Gletscherlagune-013-1536x1024.jpg 1536w, https:\/\/www.askja-on-tour.ch\/wp-content\/uploads\/2020\/08\/Gletscherlagune-013.jpg 1600w\" sizes=\"auto, (max-width: 1024px) 100vw, 1024px\" \/> <img loading=\"lazy\" decoding=\"async\" class=\"alignnone size-medium wp-image-12230\" src=\"https:\/\/www.askja-on-tour.ch\/wp-content\/uploads\/2020\/08\/Gletscherlagune-014-1024x683.jpg\" alt=\"\" width=\"1024\" height=\"683\" srcset=\"https:\/\/www.askja-on-tour.ch\/wp-content\/uploads\/2020\/08\/Gletscherlagune-014-1024x683.jpg 1024w, https:\/\/www.askja-on-tour.ch\/wp-content\/uploads\/2020\/08\/Gletscherlagune-014-768x512.jpg 768w, https:\/\/www.askja-on-tour.ch\/wp-content\/uploads\/2020\/08\/Gletscherlagune-014-1536x1024.jpg 1536w, https:\/\/www.askja-on-tour.ch\/wp-content\/uploads\/2020\/08\/Gletscherlagune-014.jpg 1600w\" sizes=\"auto, (max-width: 1024px) 100vw, 1024px\" \/> <img loading=\"lazy\" decoding=\"async\" class=\"alignnone size-medium wp-image-12231\" src=\"https:\/\/www.askja-on-tour.ch\/wp-content\/uploads\/2020\/08\/Gletscherlagune-015-1024x683.jpg\" alt=\"\" width=\"1024\" height=\"683\" srcset=\"https:\/\/www.askja-on-tour.ch\/wp-content\/uploads\/2020\/08\/Gletscherlagune-015-1024x683.jpg 1024w, https:\/\/www.askja-on-tour.ch\/wp-content\/uploads\/2020\/08\/Gletscherlagune-015-768x512.jpg 768w, https:\/\/www.askja-on-tour.ch\/wp-content\/uploads\/2020\/08\/Gletscherlagune-015-1536x1024.jpg 1536w, https:\/\/www.askja-on-tour.ch\/wp-content\/uploads\/2020\/08\/Gletscherlagune-015.jpg 1600w\" sizes=\"auto, (max-width: 1024px) 100vw, 1024px\" \/> <img loading=\"lazy\" decoding=\"async\" class=\"alignnone size-medium wp-image-12232\" src=\"https:\/\/www.askja-on-tour.ch\/wp-content\/uploads\/2020\/08\/Gletscherlagune-016-1024x683.jpg\" alt=\"\" width=\"1024\" height=\"683\" srcset=\"https:\/\/www.askja-on-tour.ch\/wp-content\/uploads\/2020\/08\/Gletscherlagune-016-1024x683.jpg 1024w, https:\/\/www.askja-on-tour.ch\/wp-content\/uploads\/2020\/08\/Gletscherlagune-016-768x512.jpg 768w, https:\/\/www.askja-on-tour.ch\/wp-content\/uploads\/2020\/08\/Gletscherlagune-016-1536x1024.jpg 1536w, https:\/\/www.askja-on-tour.ch\/wp-content\/uploads\/2020\/08\/Gletscherlagune-016.jpg 1600w\" sizes=\"auto, (max-width: 1024px) 100vw, 1024px\" \/> <img loading=\"lazy\" decoding=\"async\" class=\"alignnone size-medium wp-image-12233\" src=\"https:\/\/www.askja-on-tour.ch\/wp-content\/uploads\/2020\/08\/Gletscherlagune-017-1024x683.jpg\" alt=\"\" width=\"1024\" height=\"683\" srcset=\"https:\/\/www.askja-on-tour.ch\/wp-content\/uploads\/2020\/08\/Gletscherlagune-017-1024x683.jpg 1024w, https:\/\/www.askja-on-tour.ch\/wp-content\/uploads\/2020\/08\/Gletscherlagune-017-768x512.jpg 768w, https:\/\/www.askja-on-tour.ch\/wp-content\/uploads\/2020\/08\/Gletscherlagune-017-1536x1024.jpg 1536w, https:\/\/www.askja-on-tour.ch\/wp-content\/uploads\/2020\/08\/Gletscherlagune-017.jpg 1600w\" sizes=\"auto, (max-width: 1024px) 100vw, 1024px\" \/> <img loading=\"lazy\" decoding=\"async\" class=\"alignnone size-medium wp-image-12234\" src=\"https:\/\/www.askja-on-tour.ch\/wp-content\/uploads\/2020\/08\/Gletscherlagune-018-1024x683.jpg\" alt=\"\" width=\"1024\" height=\"683\" srcset=\"https:\/\/www.askja-on-tour.ch\/wp-content\/uploads\/2020\/08\/Gletscherlagune-018-1024x683.jpg 1024w, https:\/\/www.askja-on-tour.ch\/wp-content\/uploads\/2020\/08\/Gletscherlagune-018-768x512.jpg 768w, https:\/\/www.askja-on-tour.ch\/wp-content\/uploads\/2020\/08\/Gletscherlagune-018-1536x1024.jpg 1536w, https:\/\/www.askja-on-tour.ch\/wp-content\/uploads\/2020\/08\/Gletscherlagune-018.jpg 1600w\" sizes=\"auto, (max-width: 1024px) 100vw, 1024px\" \/> <img loading=\"lazy\" decoding=\"async\" class=\"alignnone size-medium wp-image-12235\" src=\"https:\/\/www.askja-on-tour.ch\/wp-content\/uploads\/2020\/08\/Gletscherlagune-019-1024x683.jpg\" alt=\"\" width=\"1024\" height=\"683\" srcset=\"https:\/\/www.askja-on-tour.ch\/wp-content\/uploads\/2020\/08\/Gletscherlagune-019-1024x683.jpg 1024w, https:\/\/www.askja-on-tour.ch\/wp-content\/uploads\/2020\/08\/Gletscherlagune-019-768x512.jpg 768w, https:\/\/www.askja-on-tour.ch\/wp-content\/uploads\/2020\/08\/Gletscherlagune-019-1536x1024.jpg 1536w, https:\/\/www.askja-on-tour.ch\/wp-content\/uploads\/2020\/08\/Gletscherlagune-019.jpg 1600w\" sizes=\"auto, (max-width: 1024px) 100vw, 1024px\" \/> <img loading=\"lazy\" decoding=\"async\" class=\"alignnone size-medium wp-image-12236\" src=\"https:\/\/www.askja-on-tour.ch\/wp-content\/uploads\/2020\/08\/Gletscherlagune-020-1024x683.jpg\" alt=\"\" width=\"1024\" height=\"683\" srcset=\"https:\/\/www.askja-on-tour.ch\/wp-content\/uploads\/2020\/08\/Gletscherlagune-020-1024x683.jpg 1024w, https:\/\/www.askja-on-tour.ch\/wp-content\/uploads\/2020\/08\/Gletscherlagune-020-768x512.jpg 768w, https:\/\/www.askja-on-tour.ch\/wp-content\/uploads\/2020\/08\/Gletscherlagune-020-1536x1024.jpg 1536w, https:\/\/www.askja-on-tour.ch\/wp-content\/uploads\/2020\/08\/Gletscherlagune-020.jpg 1600w\" sizes=\"auto, (max-width: 1024px) 100vw, 1024px\" \/> <img loading=\"lazy\" decoding=\"async\" class=\"alignnone size-medium wp-image-12237\" src=\"https:\/\/www.askja-on-tour.ch\/wp-content\/uploads\/2020\/08\/Gletscherlagune-021-1024x683.jpg\" alt=\"\" width=\"1024\" height=\"683\" srcset=\"https:\/\/www.askja-on-tour.ch\/wp-content\/uploads\/2020\/08\/Gletscherlagune-021-1024x683.jpg 1024w, https:\/\/www.askja-on-tour.ch\/wp-content\/uploads\/2020\/08\/Gletscherlagune-021-768x512.jpg 768w, https:\/\/www.askja-on-tour.ch\/wp-content\/uploads\/2020\/08\/Gletscherlagune-021-1536x1024.jpg 1536w, https:\/\/www.askja-on-tour.ch\/wp-content\/uploads\/2020\/08\/Gletscherlagune-021.jpg 1600w\" sizes=\"auto, (max-width: 1024px) 100vw, 1024px\" \/> <img loading=\"lazy\" decoding=\"async\" class=\"alignnone size-medium wp-image-12238\" src=\"https:\/\/www.askja-on-tour.ch\/wp-content\/uploads\/2020\/08\/Gletscherlagune-022-1024x683.jpg\" alt=\"\" width=\"1024\" height=\"683\" srcset=\"https:\/\/www.askja-on-tour.ch\/wp-content\/uploads\/2020\/08\/Gletscherlagune-022-1024x683.jpg 1024w, https:\/\/www.askja-on-tour.ch\/wp-content\/uploads\/2020\/08\/Gletscherlagune-022-768x512.jpg 768w, https:\/\/www.askja-on-tour.ch\/wp-content\/uploads\/2020\/08\/Gletscherlagune-022-1536x1024.jpg 1536w, https:\/\/www.askja-on-tour.ch\/wp-content\/uploads\/2020\/08\/Gletscherlagune-022.jpg 1600w\" sizes=\"auto, (max-width: 1024px) 100vw, 1024px\" \/> <img loading=\"lazy\" decoding=\"async\" class=\"alignnone size-medium wp-image-12239\" src=\"https:\/\/www.askja-on-tour.ch\/wp-content\/uploads\/2020\/08\/Gletscherlagune-023-1024x683.jpg\" alt=\"\" width=\"1024\" height=\"683\" srcset=\"https:\/\/www.askja-on-tour.ch\/wp-content\/uploads\/2020\/08\/Gletscherlagune-023-1024x683.jpg 1024w, https:\/\/www.askja-on-tour.ch\/wp-content\/uploads\/2020\/08\/Gletscherlagune-023-768x512.jpg 768w, https:\/\/www.askja-on-tour.ch\/wp-content\/uploads\/2020\/08\/Gletscherlagune-023-1536x1024.jpg 1536w, https:\/\/www.askja-on-tour.ch\/wp-content\/uploads\/2020\/08\/Gletscherlagune-023.jpg 1600w\" sizes=\"auto, (max-width: 1024px) 100vw, 1024px\" \/> <img loading=\"lazy\" decoding=\"async\" class=\"alignnone size-medium wp-image-12240\" src=\"https:\/\/www.askja-on-tour.ch\/wp-content\/uploads\/2020\/08\/Gletscherlagune-024-1024x683.jpg\" alt=\"\" width=\"1024\" height=\"683\" srcset=\"https:\/\/www.askja-on-tour.ch\/wp-content\/uploads\/2020\/08\/Gletscherlagune-024-1024x683.jpg 1024w, https:\/\/www.askja-on-tour.ch\/wp-content\/uploads\/2020\/08\/Gletscherlagune-024-768x512.jpg 768w, https:\/\/www.askja-on-tour.ch\/wp-content\/uploads\/2020\/08\/Gletscherlagune-024-1536x1024.jpg 1536w, https:\/\/www.askja-on-tour.ch\/wp-content\/uploads\/2020\/08\/Gletscherlagune-024.jpg 1600w\" sizes=\"auto, (max-width: 1024px) 100vw, 1024px\" \/> <img loading=\"lazy\" decoding=\"async\" class=\"alignnone size-medium wp-image-12241\" src=\"https:\/\/www.askja-on-tour.ch\/wp-content\/uploads\/2020\/08\/Gletscherlagune-025-1024x683.jpg\" alt=\"\" width=\"1024\" height=\"683\" srcset=\"https:\/\/www.askja-on-tour.ch\/wp-content\/uploads\/2020\/08\/Gletscherlagune-025-1024x683.jpg 1024w, https:\/\/www.askja-on-tour.ch\/wp-content\/uploads\/2020\/08\/Gletscherlagune-025-768x512.jpg 768w, https:\/\/www.askja-on-tour.ch\/wp-content\/uploads\/2020\/08\/Gletscherlagune-025-1536x1024.jpg 1536w, https:\/\/www.askja-on-tour.ch\/wp-content\/uploads\/2020\/08\/Gletscherlagune-025.jpg 1600w\" sizes=\"auto, (max-width: 1024px) 100vw, 1024px\" \/> <img loading=\"lazy\" decoding=\"async\" class=\"alignnone size-medium wp-image-12242\" src=\"https:\/\/www.askja-on-tour.ch\/wp-content\/uploads\/2020\/08\/Gletscherlagune-026-1024x683.jpg\" alt=\"\" width=\"1024\" height=\"683\" srcset=\"https:\/\/www.askja-on-tour.ch\/wp-content\/uploads\/2020\/08\/Gletscherlagune-026-1024x683.jpg 1024w, https:\/\/www.askja-on-tour.ch\/wp-content\/uploads\/2020\/08\/Gletscherlagune-026-768x512.jpg 768w, https:\/\/www.askja-on-tour.ch\/wp-content\/uploads\/2020\/08\/Gletscherlagune-026-1536x1024.jpg 1536w, https:\/\/www.askja-on-tour.ch\/wp-content\/uploads\/2020\/08\/Gletscherlagune-026.jpg 1600w\" sizes=\"auto, (max-width: 1024px) 100vw, 1024px\" \/> <img loading=\"lazy\" decoding=\"async\" class=\"alignnone size-medium wp-image-12243\" src=\"https:\/\/www.askja-on-tour.ch\/wp-content\/uploads\/2020\/08\/Gletscherlagune-027-1024x683.jpg\" alt=\"\" width=\"1024\" height=\"683\" srcset=\"https:\/\/www.askja-on-tour.ch\/wp-content\/uploads\/2020\/08\/Gletscherlagune-027-1024x683.jpg 1024w, https:\/\/www.askja-on-tour.ch\/wp-content\/uploads\/2020\/08\/Gletscherlagune-027-768x512.jpg 768w, https:\/\/www.askja-on-tour.ch\/wp-content\/uploads\/2020\/08\/Gletscherlagune-027-1536x1024.jpg 1536w, https:\/\/www.askja-on-tour.ch\/wp-content\/uploads\/2020\/08\/Gletscherlagune-027.jpg 1600w\" sizes=\"auto, (max-width: 1024px) 100vw, 1024px\" \/> <img loading=\"lazy\" decoding=\"async\" class=\"alignnone size-medium wp-image-12244\" src=\"https:\/\/www.askja-on-tour.ch\/wp-content\/uploads\/2020\/08\/Gletscherlagune-028-1024x683.jpg\" alt=\"\" width=\"1024\" height=\"683\" srcset=\"https:\/\/www.askja-on-tour.ch\/wp-content\/uploads\/2020\/08\/Gletscherlagune-028-1024x683.jpg 1024w, https:\/\/www.askja-on-tour.ch\/wp-content\/uploads\/2020\/08\/Gletscherlagune-028-768x512.jpg 768w, https:\/\/www.askja-on-tour.ch\/wp-content\/uploads\/2020\/08\/Gletscherlagune-028-1536x1024.jpg 1536w, https:\/\/www.askja-on-tour.ch\/wp-content\/uploads\/2020\/08\/Gletscherlagune-028.jpg 1600w\" sizes=\"auto, (max-width: 1024px) 100vw, 1024px\" \/> <img loading=\"lazy\" decoding=\"async\" class=\"alignnone size-medium wp-image-12245\" src=\"https:\/\/www.askja-on-tour.ch\/wp-content\/uploads\/2020\/08\/Gletscherlagune-029-1024x683.jpg\" alt=\"\" width=\"1024\" height=\"683\" srcset=\"https:\/\/www.askja-on-tour.ch\/wp-content\/uploads\/2020\/08\/Gletscherlagune-029-1024x683.jpg 1024w, https:\/\/www.askja-on-tour.ch\/wp-content\/uploads\/2020\/08\/Gletscherlagune-029-768x512.jpg 768w, https:\/\/www.askja-on-tour.ch\/wp-content\/uploads\/2020\/08\/Gletscherlagune-029-1536x1024.jpg 1536w, https:\/\/www.askja-on-tour.ch\/wp-content\/uploads\/2020\/08\/Gletscherlagune-029.jpg 1600w\" sizes=\"auto, (max-width: 1024px) 100vw, 1024px\" \/> <img loading=\"lazy\" decoding=\"async\" class=\"alignnone size-medium wp-image-12246\" src=\"https:\/\/www.askja-on-tour.ch\/wp-content\/uploads\/2020\/08\/Gletscherlagune-030-1024x683.jpg\" alt=\"\" width=\"1024\" height=\"683\" srcset=\"https:\/\/www.askja-on-tour.ch\/wp-content\/uploads\/2020\/08\/Gletscherlagune-030-1024x683.jpg 1024w, https:\/\/www.askja-on-tour.ch\/wp-content\/uploads\/2020\/08\/Gletscherlagune-030-768x512.jpg 768w, https:\/\/www.askja-on-tour.ch\/wp-content\/uploads\/2020\/08\/Gletscherlagune-030-1536x1024.jpg 1536w, https:\/\/www.askja-on-tour.ch\/wp-content\/uploads\/2020\/08\/Gletscherlagune-030.jpg 1600w\" sizes=\"auto, (max-width: 1024px) 100vw, 1024px\" \/> <img loading=\"lazy\" decoding=\"async\" class=\"alignnone size-medium wp-image-12247\" src=\"https:\/\/www.askja-on-tour.ch\/wp-content\/uploads\/2020\/08\/Gletscherlagune-031-1024x683.jpg\" alt=\"\" width=\"1024\" height=\"683\" srcset=\"https:\/\/www.askja-on-tour.ch\/wp-content\/uploads\/2020\/08\/Gletscherlagune-031-1024x683.jpg 1024w, https:\/\/www.askja-on-tour.ch\/wp-content\/uploads\/2020\/08\/Gletscherlagune-031-768x512.jpg 768w, https:\/\/www.askja-on-tour.ch\/wp-content\/uploads\/2020\/08\/Gletscherlagune-031-1536x1024.jpg 1536w, https:\/\/www.askja-on-tour.ch\/wp-content\/uploads\/2020\/08\/Gletscherlagune-031.jpg 1600w\" sizes=\"auto, (max-width: 1024px) 100vw, 1024px\" \/> <img loading=\"lazy\" decoding=\"async\" class=\"alignnone size-medium wp-image-12248\" src=\"https:\/\/www.askja-on-tour.ch\/wp-content\/uploads\/2020\/08\/Gletscherlagune-032-1024x683.jpg\" alt=\"\" width=\"1024\" height=\"683\" srcset=\"https:\/\/www.askja-on-tour.ch\/wp-content\/uploads\/2020\/08\/Gletscherlagune-032-1024x683.jpg 1024w, https:\/\/www.askja-on-tour.ch\/wp-content\/uploads\/2020\/08\/Gletscherlagune-032-768x512.jpg 768w, https:\/\/www.askja-on-tour.ch\/wp-content\/uploads\/2020\/08\/Gletscherlagune-032-1536x1024.jpg 1536w, https:\/\/www.askja-on-tour.ch\/wp-content\/uploads\/2020\/08\/Gletscherlagune-032.jpg 1600w\" sizes=\"auto, (max-width: 1024px) 100vw, 1024px\" \/> <img loading=\"lazy\" decoding=\"async\" class=\"alignnone size-medium wp-image-12249\" src=\"https:\/\/www.askja-on-tour.ch\/wp-content\/uploads\/2020\/08\/Gletscherlagune-033-1024x683.jpg\" alt=\"\" width=\"1024\" height=\"683\" srcset=\"https:\/\/www.askja-on-tour.ch\/wp-content\/uploads\/2020\/08\/Gletscherlagune-033-1024x683.jpg 1024w, https:\/\/www.askja-on-tour.ch\/wp-content\/uploads\/2020\/08\/Gletscherlagune-033-768x512.jpg 768w, https:\/\/www.askja-on-tour.ch\/wp-content\/uploads\/2020\/08\/Gletscherlagune-033-1536x1024.jpg 1536w, https:\/\/www.askja-on-tour.ch\/wp-content\/uploads\/2020\/08\/Gletscherlagune-033.jpg 1600w\" sizes=\"auto, (max-width: 1024px) 100vw, 1024px\" \/> <img loading=\"lazy\" decoding=\"async\" class=\"alignnone size-medium wp-image-12250\" src=\"https:\/\/www.askja-on-tour.ch\/wp-content\/uploads\/2020\/08\/Gletscherlagune-034-1024x683.jpg\" alt=\"\" width=\"1024\" height=\"683\" srcset=\"https:\/\/www.askja-on-tour.ch\/wp-content\/uploads\/2020\/08\/Gletscherlagune-034-1024x683.jpg 1024w, https:\/\/www.askja-on-tour.ch\/wp-content\/uploads\/2020\/08\/Gletscherlagune-034-768x512.jpg 768w, https:\/\/www.askja-on-tour.ch\/wp-content\/uploads\/2020\/08\/Gletscherlagune-034-1536x1024.jpg 1536w, https:\/\/www.askja-on-tour.ch\/wp-content\/uploads\/2020\/08\/Gletscherlagune-034.jpg 1600w\" sizes=\"auto, (max-width: 1024px) 100vw, 1024px\" \/> <img loading=\"lazy\" decoding=\"async\" class=\"alignnone size-medium wp-image-12251\" src=\"https:\/\/www.askja-on-tour.ch\/wp-content\/uploads\/2020\/08\/Gletscherlagune-035-1024x683.jpg\" alt=\"\" width=\"1024\" height=\"683\" srcset=\"https:\/\/www.askja-on-tour.ch\/wp-content\/uploads\/2020\/08\/Gletscherlagune-035-1024x683.jpg 1024w, https:\/\/www.askja-on-tour.ch\/wp-content\/uploads\/2020\/08\/Gletscherlagune-035-768x512.jpg 768w, https:\/\/www.askja-on-tour.ch\/wp-content\/uploads\/2020\/08\/Gletscherlagune-035-1536x1024.jpg 1536w, https:\/\/www.askja-on-tour.ch\/wp-content\/uploads\/2020\/08\/Gletscherlagune-035.jpg 1600w\" sizes=\"auto, (max-width: 1024px) 100vw, 1024px\" \/> <img loading=\"lazy\" decoding=\"async\" class=\"alignnone size-medium wp-image-12252\" src=\"https:\/\/www.askja-on-tour.ch\/wp-content\/uploads\/2020\/08\/Gletscherlagune-036-1024x683.jpg\" alt=\"\" width=\"1024\" height=\"683\" srcset=\"https:\/\/www.askja-on-tour.ch\/wp-content\/uploads\/2020\/08\/Gletscherlagune-036-1024x683.jpg 1024w, https:\/\/www.askja-on-tour.ch\/wp-content\/uploads\/2020\/08\/Gletscherlagune-036-768x512.jpg 768w, https:\/\/www.askja-on-tour.ch\/wp-content\/uploads\/2020\/08\/Gletscherlagune-036-1536x1024.jpg 1536w, https:\/\/www.askja-on-tour.ch\/wp-content\/uploads\/2020\/08\/Gletscherlagune-036.jpg 1600w\" sizes=\"auto, (max-width: 1024px) 100vw, 1024px\" \/> <img loading=\"lazy\" decoding=\"async\" class=\"alignnone size-medium wp-image-12253\" src=\"https:\/\/www.askja-on-tour.ch\/wp-content\/uploads\/2020\/08\/Gletscherlagune-037-1024x683.jpg\" alt=\"\" width=\"1024\" height=\"683\" srcset=\"https:\/\/www.askja-on-tour.ch\/wp-content\/uploads\/2020\/08\/Gletscherlagune-037-1024x683.jpg 1024w, https:\/\/www.askja-on-tour.ch\/wp-content\/uploads\/2020\/08\/Gletscherlagune-037-768x512.jpg 768w, https:\/\/www.askja-on-tour.ch\/wp-content\/uploads\/2020\/08\/Gletscherlagune-037-1536x1024.jpg 1536w, https:\/\/www.askja-on-tour.ch\/wp-content\/uploads\/2020\/08\/Gletscherlagune-037.jpg 1600w\" sizes=\"auto, (max-width: 1024px) 100vw, 1024px\" \/><\/p>\n<p>Nach diesen beiden Lagunen-Besuche haben wir beschlossen, direkt nach H\u00f6fn zu fahren, wo wir die Nacht verbringen.<\/p>\n\n\n\n<iframe loading=\"lazy\" src=\"https:\/\/www.google.com\/maps\/d\/embed?mid=1GRuDS2EMA4t7kR0EN6UZACo_AI2cdViA\" width=\"640\" height=\"480\"><\/iframe>\n\n\n","protected":false},"excerpt":{"rendered":"<p>Am 08.08. morgens hat uns die Sonne angelacht &#8211; was f\u00fcr ein sch\u00f6ner Start in einen neuen erlebnisreichen Tag. Den wunderbaren\u00a0Pakgil Canyon sind wir nur sehr langsam zur\u00fcckgefahren, da wir immer wieder anhalten und die tolle Landschaft fotografieren &#8222;mussten&#8220;. Den<\/p>\n","protected":false},"author":3,"featured_media":0,"comment_status":"open","ping_status":"closed","sticky":false,"template":"","format":"standard","meta":{"footnotes":""},"categories":[25],"tags":[],"class_list":["post-12171","post","type-post","status-publish","format-standard","hentry","category-island2020"],"_links":{"self":[{"href":"https:\/\/www.askja-on-tour.ch\/index.php?rest_route=\/wp\/v2\/posts\/12171","targetHints":{"allow":["GET"]}}],"collection":[{"href":"https:\/\/www.askja-on-tour.ch\/index.php?rest_route=\/wp\/v2\/posts"}],"about":[{"href":"https:\/\/www.askja-on-tour.ch\/index.php?rest_route=\/wp\/v2\/types\/post"}],"author":[{"embeddable":true,"href":"https:\/\/www.askja-on-tour.ch\/index.php?rest_route=\/wp\/v2\/users\/3"}],"replies":[{"embeddable":true,"href":"https:\/\/www.askja-on-tour.ch\/index.php?rest_route=%2Fwp%2Fv2%2Fcomments&post=12171"}],"version-history":[{"count":14,"href":"https:\/\/www.askja-on-tour.ch\/index.php?rest_route=\/wp\/v2\/posts\/12171\/revisions"}],"predecessor-version":[{"id":12256,"href":"https:\/\/www.askja-on-tour.ch\/index.php?rest_route=\/wp\/v2\/posts\/12171\/revisions\/12256"}],"wp:attachment":[{"href":"https:\/\/www.askja-on-tour.ch\/index.php?rest_route=%2Fwp%2Fv2%2Fmedia&parent=12171"}],"wp:term":[{"taxonomy":"category","embeddable":true,"href":"https:\/\/www.askja-on-tour.ch\/index.php?rest_route=%2Fwp%2Fv2%2Fcategories&post=12171"},{"taxonomy":"post_tag","embeddable":true,"href":"https:\/\/www.askja-on-tour.ch\/index.php?rest_route=%2Fwp%2Fv2%2Ftags&post=12171"}],"curies":[{"name":"wp","href":"https:\/\/api.w.org\/{rel}","templated":true}]}}