{"id":12082,"date":"2020-08-06T22:03:46","date_gmt":"2020-08-06T22:03:46","guid":{"rendered":"https:\/\/www.askja-on-tour.ch\/?p=12082"},"modified":"2021-04-20T11:01:17","modified_gmt":"2021-04-20T11:01:17","slug":"06-08-2020-ein-crazycamper-ist-mit-askja-unterwegs-und-immer-dem-regen-nach","status":"publish","type":"post","link":"https:\/\/www.askja-on-tour.ch\/?p=12082","title":{"rendered":"06.08.2020: Ein CozyCamper ist mit Askja unterwegs &#8211; und immer dem Regen nach &#x1f644;"},"content":{"rendered":"\n<p>Seit heute morgen sind wir zu Dritt mit zwei Campern unterwegs. Um 09.00 Uhr konnten wir den &#8222;CozyCamper&#8220; (so heisst die Autovermietung) abholen &#8211; ein flotter 4&#215;4 VW-Bus. Kurz nach dem Flughafen von Reykjavik beginnt ein sch\u00f6ne K\u00fcstenstrasse, wo wir den ersten Halt gemacht hatten.\u00a0<\/p>\n<p><img loading=\"lazy\" decoding=\"async\" class=\"alignnone size-medium wp-image-12088\" src=\"https:\/\/www.askja-on-tour.ch\/wp-content\/uploads\/2020\/08\/Fahrt_nach_Vik-003-1024x683.jpg\" alt=\"\" width=\"1024\" height=\"683\" srcset=\"https:\/\/www.askja-on-tour.ch\/wp-content\/uploads\/2020\/08\/Fahrt_nach_Vik-003-1024x683.jpg 1024w, https:\/\/www.askja-on-tour.ch\/wp-content\/uploads\/2020\/08\/Fahrt_nach_Vik-003-768x512.jpg 768w, https:\/\/www.askja-on-tour.ch\/wp-content\/uploads\/2020\/08\/Fahrt_nach_Vik-003-1536x1024.jpg 1536w, https:\/\/www.askja-on-tour.ch\/wp-content\/uploads\/2020\/08\/Fahrt_nach_Vik-003.jpg 1600w\" sizes=\"auto, (max-width: 1024px) 100vw, 1024px\" \/><\/p>\n<p><img loading=\"lazy\" decoding=\"async\" class=\"alignnone size-medium wp-image-12089\" src=\"https:\/\/www.askja-on-tour.ch\/wp-content\/uploads\/2020\/08\/Fahrt_nach_Vik-004-1024x683.jpg\" alt=\"\" width=\"1024\" height=\"683\" srcset=\"https:\/\/www.askja-on-tour.ch\/wp-content\/uploads\/2020\/08\/Fahrt_nach_Vik-004-1024x683.jpg 1024w, https:\/\/www.askja-on-tour.ch\/wp-content\/uploads\/2020\/08\/Fahrt_nach_Vik-004-768x512.jpg 768w, https:\/\/www.askja-on-tour.ch\/wp-content\/uploads\/2020\/08\/Fahrt_nach_Vik-004-1536x1024.jpg 1536w, https:\/\/www.askja-on-tour.ch\/wp-content\/uploads\/2020\/08\/Fahrt_nach_Vik-004.jpg 1600w\" sizes=\"auto, (max-width: 1024px) 100vw, 1024px\" \/> <img loading=\"lazy\" decoding=\"async\" class=\"alignnone size-medium wp-image-12087\" src=\"https:\/\/www.askja-on-tour.ch\/wp-content\/uploads\/2020\/08\/Fahrt_nach_Vik-002-1024x683.jpg\" alt=\"\" width=\"1024\" height=\"683\" srcset=\"https:\/\/www.askja-on-tour.ch\/wp-content\/uploads\/2020\/08\/Fahrt_nach_Vik-002-1024x683.jpg 1024w, https:\/\/www.askja-on-tour.ch\/wp-content\/uploads\/2020\/08\/Fahrt_nach_Vik-002-768x512.jpg 768w, https:\/\/www.askja-on-tour.ch\/wp-content\/uploads\/2020\/08\/Fahrt_nach_Vik-002-1536x1024.jpg 1536w, https:\/\/www.askja-on-tour.ch\/wp-content\/uploads\/2020\/08\/Fahrt_nach_Vik-002.jpg 1600w\" sizes=\"auto, (max-width: 1024px) 100vw, 1024px\" \/><\/p>\n<p><img loading=\"lazy\" decoding=\"async\" class=\"alignnone size-medium wp-image-12098\" src=\"https:\/\/www.askja-on-tour.ch\/wp-content\/uploads\/2020\/08\/Fahrt_nach_Vik-013-1024x683.jpg\" alt=\"\" width=\"1024\" height=\"683\" srcset=\"https:\/\/www.askja-on-tour.ch\/wp-content\/uploads\/2020\/08\/Fahrt_nach_Vik-013-1024x683.jpg 1024w, https:\/\/www.askja-on-tour.ch\/wp-content\/uploads\/2020\/08\/Fahrt_nach_Vik-013-768x512.jpg 768w, https:\/\/www.askja-on-tour.ch\/wp-content\/uploads\/2020\/08\/Fahrt_nach_Vik-013-1536x1024.jpg 1536w, https:\/\/www.askja-on-tour.ch\/wp-content\/uploads\/2020\/08\/Fahrt_nach_Vik-013.jpg 1600w\" sizes=\"auto, (max-width: 1024px) 100vw, 1024px\" \/><\/p>\n<p>Danach fuhren wir zum ersten mini Geothermal-Gebiet, nach\u00a0Selt\u00fan mit seinen grossen, blubbernden Schlammt\u00f6pfen und den farbigen Ablagerungen auf der rotbraunen Erde. Wir brauchten zwei Anl\u00e4ufe, da wir auf halben Weg tratsch nach wurden, trotz Regenschutz. Aber eben &#8211; warte einige Minuten und das Wetter \u00e4ndert sich &#8211; was der Fall war.<\/p>\n<p><img loading=\"lazy\" decoding=\"async\" class=\"alignnone size-medium wp-image-12090\" src=\"https:\/\/www.askja-on-tour.ch\/wp-content\/uploads\/2020\/08\/Fahrt_nach_Vik-005-1024x683.jpg\" alt=\"\" width=\"1024\" height=\"683\" srcset=\"https:\/\/www.askja-on-tour.ch\/wp-content\/uploads\/2020\/08\/Fahrt_nach_Vik-005-1024x683.jpg 1024w, https:\/\/www.askja-on-tour.ch\/wp-content\/uploads\/2020\/08\/Fahrt_nach_Vik-005-768x512.jpg 768w, https:\/\/www.askja-on-tour.ch\/wp-content\/uploads\/2020\/08\/Fahrt_nach_Vik-005-1536x1024.jpg 1536w, https:\/\/www.askja-on-tour.ch\/wp-content\/uploads\/2020\/08\/Fahrt_nach_Vik-005.jpg 1600w\" sizes=\"auto, (max-width: 1024px) 100vw, 1024px\" \/> <img loading=\"lazy\" decoding=\"async\" class=\"alignnone size-medium wp-image-12091\" src=\"https:\/\/www.askja-on-tour.ch\/wp-content\/uploads\/2020\/08\/Fahrt_nach_Vik-006-1024x683.jpg\" alt=\"\" width=\"1024\" height=\"683\" srcset=\"https:\/\/www.askja-on-tour.ch\/wp-content\/uploads\/2020\/08\/Fahrt_nach_Vik-006-1024x683.jpg 1024w, https:\/\/www.askja-on-tour.ch\/wp-content\/uploads\/2020\/08\/Fahrt_nach_Vik-006-768x512.jpg 768w, https:\/\/www.askja-on-tour.ch\/wp-content\/uploads\/2020\/08\/Fahrt_nach_Vik-006-1536x1024.jpg 1536w, https:\/\/www.askja-on-tour.ch\/wp-content\/uploads\/2020\/08\/Fahrt_nach_Vik-006.jpg 1600w\" sizes=\"auto, (max-width: 1024px) 100vw, 1024px\" \/> <img loading=\"lazy\" decoding=\"async\" class=\"alignnone size-medium wp-image-12092\" src=\"https:\/\/www.askja-on-tour.ch\/wp-content\/uploads\/2020\/08\/Fahrt_nach_Vik-007-1024x683.jpg\" alt=\"\" width=\"1024\" height=\"683\" srcset=\"https:\/\/www.askja-on-tour.ch\/wp-content\/uploads\/2020\/08\/Fahrt_nach_Vik-007-1024x683.jpg 1024w, https:\/\/www.askja-on-tour.ch\/wp-content\/uploads\/2020\/08\/Fahrt_nach_Vik-007-768x512.jpg 768w, https:\/\/www.askja-on-tour.ch\/wp-content\/uploads\/2020\/08\/Fahrt_nach_Vik-007-1536x1024.jpg 1536w, https:\/\/www.askja-on-tour.ch\/wp-content\/uploads\/2020\/08\/Fahrt_nach_Vik-007.jpg 1600w\" sizes=\"auto, (max-width: 1024px) 100vw, 1024px\" \/> <img loading=\"lazy\" decoding=\"async\" class=\"alignnone size-medium wp-image-12093\" src=\"https:\/\/www.askja-on-tour.ch\/wp-content\/uploads\/2020\/08\/Fahrt_nach_Vik-008-1024x683.jpg\" alt=\"\" width=\"1024\" height=\"683\" srcset=\"https:\/\/www.askja-on-tour.ch\/wp-content\/uploads\/2020\/08\/Fahrt_nach_Vik-008-1024x683.jpg 1024w, https:\/\/www.askja-on-tour.ch\/wp-content\/uploads\/2020\/08\/Fahrt_nach_Vik-008-768x512.jpg 768w, https:\/\/www.askja-on-tour.ch\/wp-content\/uploads\/2020\/08\/Fahrt_nach_Vik-008-1536x1024.jpg 1536w, https:\/\/www.askja-on-tour.ch\/wp-content\/uploads\/2020\/08\/Fahrt_nach_Vik-008.jpg 1600w\" sizes=\"auto, (max-width: 1024px) 100vw, 1024px\" \/> <img loading=\"lazy\" decoding=\"async\" class=\"alignnone size-medium wp-image-12094\" src=\"https:\/\/www.askja-on-tour.ch\/wp-content\/uploads\/2020\/08\/Fahrt_nach_Vik-009-1024x683.jpg\" alt=\"\" width=\"1024\" height=\"683\" srcset=\"https:\/\/www.askja-on-tour.ch\/wp-content\/uploads\/2020\/08\/Fahrt_nach_Vik-009-1024x683.jpg 1024w, https:\/\/www.askja-on-tour.ch\/wp-content\/uploads\/2020\/08\/Fahrt_nach_Vik-009-768x512.jpg 768w, https:\/\/www.askja-on-tour.ch\/wp-content\/uploads\/2020\/08\/Fahrt_nach_Vik-009-1536x1024.jpg 1536w, https:\/\/www.askja-on-tour.ch\/wp-content\/uploads\/2020\/08\/Fahrt_nach_Vik-009.jpg 1600w\" sizes=\"auto, (max-width: 1024px) 100vw, 1024px\" \/> <img loading=\"lazy\" decoding=\"async\" class=\"alignnone size-medium wp-image-12095\" src=\"https:\/\/www.askja-on-tour.ch\/wp-content\/uploads\/2020\/08\/Fahrt_nach_Vik-010-1024x683.jpg\" alt=\"\" width=\"1024\" height=\"683\" srcset=\"https:\/\/www.askja-on-tour.ch\/wp-content\/uploads\/2020\/08\/Fahrt_nach_Vik-010-1024x683.jpg 1024w, https:\/\/www.askja-on-tour.ch\/wp-content\/uploads\/2020\/08\/Fahrt_nach_Vik-010-768x512.jpg 768w, https:\/\/www.askja-on-tour.ch\/wp-content\/uploads\/2020\/08\/Fahrt_nach_Vik-010-1536x1024.jpg 1536w, https:\/\/www.askja-on-tour.ch\/wp-content\/uploads\/2020\/08\/Fahrt_nach_Vik-010.jpg 1600w\" sizes=\"auto, (max-width: 1024px) 100vw, 1024px\" \/> <img loading=\"lazy\" decoding=\"async\" class=\"alignnone size-medium wp-image-12096\" src=\"https:\/\/www.askja-on-tour.ch\/wp-content\/uploads\/2020\/08\/Fahrt_nach_Vik-011-1024x683.jpg\" alt=\"\" width=\"1024\" height=\"683\" srcset=\"https:\/\/www.askja-on-tour.ch\/wp-content\/uploads\/2020\/08\/Fahrt_nach_Vik-011-1024x683.jpg 1024w, https:\/\/www.askja-on-tour.ch\/wp-content\/uploads\/2020\/08\/Fahrt_nach_Vik-011-768x512.jpg 768w, https:\/\/www.askja-on-tour.ch\/wp-content\/uploads\/2020\/08\/Fahrt_nach_Vik-011-1536x1024.jpg 1536w, https:\/\/www.askja-on-tour.ch\/wp-content\/uploads\/2020\/08\/Fahrt_nach_Vik-011.jpg 1600w\" sizes=\"auto, (max-width: 1024px) 100vw, 1024px\" \/> <img loading=\"lazy\" decoding=\"async\" class=\"alignnone size-medium wp-image-12097\" src=\"https:\/\/www.askja-on-tour.ch\/wp-content\/uploads\/2020\/08\/Fahrt_nach_Vik-012-1024x683.jpg\" alt=\"\" width=\"1024\" height=\"683\" srcset=\"https:\/\/www.askja-on-tour.ch\/wp-content\/uploads\/2020\/08\/Fahrt_nach_Vik-012-1024x683.jpg 1024w, https:\/\/www.askja-on-tour.ch\/wp-content\/uploads\/2020\/08\/Fahrt_nach_Vik-012-768x512.jpg 768w, https:\/\/www.askja-on-tour.ch\/wp-content\/uploads\/2020\/08\/Fahrt_nach_Vik-012-1536x1024.jpg 1536w, https:\/\/www.askja-on-tour.ch\/wp-content\/uploads\/2020\/08\/Fahrt_nach_Vik-012.jpg 1600w\" sizes=\"auto, (max-width: 1024px) 100vw, 1024px\" \/><\/p>\n<p>Danach fuhren wir mit Hildegard zum Einkaufen &#8211; auch wir mussten unsere Vorr\u00e4te aufstocken, da es ja nun drei hungrige M\u00e4uler zu s\u00e4ttigen gab &#x1f609;.<\/p>\n<p>Auf dem Weg nach Vik, unser heutiger Nachtplatz, haben wir den Wasserfall Sk\u00f3gafoss besichtigt. Er ist einer der gr\u00f6ssten \u00a0Wasserf\u00e4lle in Island mit einer Breite von 25 Metern und einer H\u00f6he von 60 Metern.<\/p>\n<p><img loading=\"lazy\" decoding=\"async\" class=\"alignnone size-medium wp-image-12099\" src=\"https:\/\/www.askja-on-tour.ch\/wp-content\/uploads\/2020\/08\/Fahrt_nach_Vik-014-683x1024.jpg\" alt=\"\" width=\"683\" height=\"1024\" srcset=\"https:\/\/www.askja-on-tour.ch\/wp-content\/uploads\/2020\/08\/Fahrt_nach_Vik-014-683x1024.jpg 683w, https:\/\/www.askja-on-tour.ch\/wp-content\/uploads\/2020\/08\/Fahrt_nach_Vik-014-768x1152.jpg 768w, https:\/\/www.askja-on-tour.ch\/wp-content\/uploads\/2020\/08\/Fahrt_nach_Vik-014-1024x1536.jpg 1024w, https:\/\/www.askja-on-tour.ch\/wp-content\/uploads\/2020\/08\/Fahrt_nach_Vik-014.jpg 1067w\" sizes=\"auto, (max-width: 683px) 100vw, 683px\" \/> <img loading=\"lazy\" decoding=\"async\" class=\"alignnone size-medium wp-image-12100\" src=\"https:\/\/www.askja-on-tour.ch\/wp-content\/uploads\/2020\/08\/Fahrt_nach_Vik-015-683x1024.jpg\" alt=\"\" width=\"683\" height=\"1024\" srcset=\"https:\/\/www.askja-on-tour.ch\/wp-content\/uploads\/2020\/08\/Fahrt_nach_Vik-015-683x1024.jpg 683w, https:\/\/www.askja-on-tour.ch\/wp-content\/uploads\/2020\/08\/Fahrt_nach_Vik-015-768x1152.jpg 768w, https:\/\/www.askja-on-tour.ch\/wp-content\/uploads\/2020\/08\/Fahrt_nach_Vik-015-1024x1536.jpg 1024w, https:\/\/www.askja-on-tour.ch\/wp-content\/uploads\/2020\/08\/Fahrt_nach_Vik-015.jpg 1067w\" sizes=\"auto, (max-width: 683px) 100vw, 683px\" \/> <img loading=\"lazy\" decoding=\"async\" class=\"alignnone size-medium wp-image-12101\" src=\"https:\/\/www.askja-on-tour.ch\/wp-content\/uploads\/2020\/08\/Fahrt_nach_Vik-016-1024x683.jpg\" alt=\"\" width=\"1024\" height=\"683\" srcset=\"https:\/\/www.askja-on-tour.ch\/wp-content\/uploads\/2020\/08\/Fahrt_nach_Vik-016-1024x683.jpg 1024w, https:\/\/www.askja-on-tour.ch\/wp-content\/uploads\/2020\/08\/Fahrt_nach_Vik-016-768x512.jpg 768w, https:\/\/www.askja-on-tour.ch\/wp-content\/uploads\/2020\/08\/Fahrt_nach_Vik-016-1536x1024.jpg 1536w, https:\/\/www.askja-on-tour.ch\/wp-content\/uploads\/2020\/08\/Fahrt_nach_Vik-016.jpg 1600w\" sizes=\"auto, (max-width: 1024px) 100vw, 1024px\" \/><\/p>\n<p>Anschliessend haben wir uns bei trockenem Wetter nach V\u00edk\u00a0\u00ed M\u00fdrdal gemacht. Kaum angekommen und alles bereitgemacht (ausser Grill, denn wir wollten heute grillieren) begann es zu regnen und zu st\u00fcrmen. Das Auto wippt sich bei Windst\u00e4rken von \u00fcber 60 km\/h &#8211; in de B\u00f6en verst\u00e4rkt sich das Schaukeln.<\/p>\n<p>Wir hoffen, dass es morgen besser wird, denn wir haben uns einige tolle Besichtigungspunkte ausgesucht.<\/p>\n\n\n\n<iframe loading=\"lazy\" src=\"https:\/\/www.google.com\/maps\/d\/embed?mid=1GRuDS2EMA4t7kR0EN6UZACo_AI2cdViA\" width=\"640\" height=\"480\"><\/iframe>\n","protected":false},"excerpt":{"rendered":"<p>Seit heute morgen sind wir zu Dritt mit zwei Campern unterwegs. Um 09.00 Uhr konnten wir den &#8222;CozyCamper&#8220; (so heisst die Autovermietung) abholen &#8211; ein flotter 4&#215;4 VW-Bus. Kurz nach dem Flughafen von Reykjavik beginnt ein sch\u00f6ne K\u00fcstenstrasse, wo wir<\/p>\n","protected":false},"author":3,"featured_media":0,"comment_status":"open","ping_status":"closed","sticky":false,"template":"","format":"standard","meta":{"footnotes":""},"categories":[25],"tags":[],"class_list":["post-12082","post","type-post","status-publish","format-standard","hentry","category-island2020"],"_links":{"self":[{"href":"https:\/\/www.askja-on-tour.ch\/index.php?rest_route=\/wp\/v2\/posts\/12082","targetHints":{"allow":["GET"]}}],"collection":[{"href":"https:\/\/www.askja-on-tour.ch\/index.php?rest_route=\/wp\/v2\/posts"}],"about":[{"href":"https:\/\/www.askja-on-tour.ch\/index.php?rest_route=\/wp\/v2\/types\/post"}],"author":[{"embeddable":true,"href":"https:\/\/www.askja-on-tour.ch\/index.php?rest_route=\/wp\/v2\/users\/3"}],"replies":[{"embeddable":true,"href":"https:\/\/www.askja-on-tour.ch\/index.php?rest_route=%2Fwp%2Fv2%2Fcomments&post=12082"}],"version-history":[{"count":7,"href":"https:\/\/www.askja-on-tour.ch\/index.php?rest_route=\/wp\/v2\/posts\/12082\/revisions"}],"predecessor-version":[{"id":14811,"href":"https:\/\/www.askja-on-tour.ch\/index.php?rest_route=\/wp\/v2\/posts\/12082\/revisions\/14811"}],"wp:attachment":[{"href":"https:\/\/www.askja-on-tour.ch\/index.php?rest_route=%2Fwp%2Fv2%2Fmedia&parent=12082"}],"wp:term":[{"taxonomy":"category","embeddable":true,"href":"https:\/\/www.askja-on-tour.ch\/index.php?rest_route=%2Fwp%2Fv2%2Fcategories&post=12082"},{"taxonomy":"post_tag","embeddable":true,"href":"https:\/\/www.askja-on-tour.ch\/index.php?rest_route=%2Fwp%2Fv2%2Ftags&post=12082"}],"curies":[{"name":"wp","href":"https:\/\/api.w.org\/{rel}","templated":true}]}}