{"id":11843,"date":"2020-07-31T19:20:20","date_gmt":"2020-07-31T19:20:20","guid":{"rendered":"https:\/\/www.askja-on-tour.ch\/?p=11843"},"modified":"2020-07-31T19:20:22","modified_gmt":"2020-07-31T19:20:22","slug":"31-07-2020-die-mondlandschaft-von-hverir-bei-namafjall","status":"publish","type":"post","link":"https:\/\/www.askja-on-tour.ch\/?p=11843","title":{"rendered":"31.07.2020: Die Mondlandschaft von Hverir bei Namafjall"},"content":{"rendered":"\n<p>Was gestern noch stahlblauer Himmel war, ist heute dunkelgrauen Regenwolken gewichen, die ihre Schleusen ge\u00f6ffnet haben. So haben wir beschlossen, Borgarfj\u00f6r\u00f0ur zu verlassen (und auch unsere putzigen Papageitaucher). Da auch der S\u00fcden eine Schlechtwetter-Periode hat, fahren wir Richtung Hochland.\u00a0<\/p>\n<p>Kurz vor Hverir hatte der Regen aufgeh\u00f6rt und wir haben die Mondlandschaft von Hverir erkundet. Diese hatte uns das letzte Mal schon beeindruckt. Der Grund f\u00fcr diese Mondlandschaft ist der noch aktive Vulkan Namafjall. Die weite sandartige Ebene, die ockerfarbene Umgebung, die dampfende Schlammt\u00f6pfe, der beissende schwefelartige Geruch, die feinen Nebelschwaden \u00fcber der Erdoberfl\u00e4che sind einfach mystisch. Dieses sich st\u00e4ndig ver\u00e4ndernde Feld zeichnet sich durch eine Vielzahl unterschiedlicher Thermalquellen, kochender Schlammt\u00fcmpel und Schlammt\u00f6pfe, kleine dampfende H\u00fcgel. Der Schwefelgeschmack ist gew\u00f6hnungsbed\u00fcrftig &#8211; wobei ich diesen Geschmack eigentlich ganz gerne mag (ebe &#8211; Geschm\u00e4cker send verschede &#x1f92b;).<\/p>\n<p><img loading=\"lazy\" decoding=\"async\" class=\"alignnone size-medium wp-image-11847\" src=\"https:\/\/www.askja-on-tour.ch\/wp-content\/uploads\/2020\/07\/M\u00fcvatan-001-1024x683.jpg\" alt=\"\" width=\"1024\" height=\"683\" srcset=\"https:\/\/www.askja-on-tour.ch\/wp-content\/uploads\/2020\/07\/M\u00fcvatan-001-1024x683.jpg 1024w, https:\/\/www.askja-on-tour.ch\/wp-content\/uploads\/2020\/07\/M\u00fcvatan-001-768x512.jpg 768w, https:\/\/www.askja-on-tour.ch\/wp-content\/uploads\/2020\/07\/M\u00fcvatan-001-1536x1024.jpg 1536w, https:\/\/www.askja-on-tour.ch\/wp-content\/uploads\/2020\/07\/M\u00fcvatan-001.jpg 1600w\" sizes=\"auto, (max-width: 1024px) 100vw, 1024px\" \/> <img loading=\"lazy\" decoding=\"async\" class=\"alignnone size-medium wp-image-11849\" src=\"https:\/\/www.askja-on-tour.ch\/wp-content\/uploads\/2020\/07\/M\u00fcvatan-003-1024x683.jpg\" alt=\"\" width=\"1024\" height=\"683\" srcset=\"https:\/\/www.askja-on-tour.ch\/wp-content\/uploads\/2020\/07\/M\u00fcvatan-003-1024x683.jpg 1024w, https:\/\/www.askja-on-tour.ch\/wp-content\/uploads\/2020\/07\/M\u00fcvatan-003-768x512.jpg 768w, https:\/\/www.askja-on-tour.ch\/wp-content\/uploads\/2020\/07\/M\u00fcvatan-003-1536x1024.jpg 1536w, https:\/\/www.askja-on-tour.ch\/wp-content\/uploads\/2020\/07\/M\u00fcvatan-003.jpg 1600w\" sizes=\"auto, (max-width: 1024px) 100vw, 1024px\" \/> <img loading=\"lazy\" decoding=\"async\" class=\"alignnone size-medium wp-image-11848\" src=\"https:\/\/www.askja-on-tour.ch\/wp-content\/uploads\/2020\/07\/M\u00fcvatan-002-1024x683.jpg\" alt=\"\" width=\"1024\" height=\"683\" srcset=\"https:\/\/www.askja-on-tour.ch\/wp-content\/uploads\/2020\/07\/M\u00fcvatan-002-1024x683.jpg 1024w, https:\/\/www.askja-on-tour.ch\/wp-content\/uploads\/2020\/07\/M\u00fcvatan-002-768x512.jpg 768w, https:\/\/www.askja-on-tour.ch\/wp-content\/uploads\/2020\/07\/M\u00fcvatan-002-1536x1024.jpg 1536w, https:\/\/www.askja-on-tour.ch\/wp-content\/uploads\/2020\/07\/M\u00fcvatan-002.jpg 1600w\" sizes=\"auto, (max-width: 1024px) 100vw, 1024px\" \/> <img loading=\"lazy\" decoding=\"async\" class=\"alignnone size-medium wp-image-11851\" src=\"https:\/\/www.askja-on-tour.ch\/wp-content\/uploads\/2020\/07\/M\u00fcvatan-005-1024x683.jpg\" alt=\"\" width=\"1024\" height=\"683\" srcset=\"https:\/\/www.askja-on-tour.ch\/wp-content\/uploads\/2020\/07\/M\u00fcvatan-005-1024x683.jpg 1024w, https:\/\/www.askja-on-tour.ch\/wp-content\/uploads\/2020\/07\/M\u00fcvatan-005-768x512.jpg 768w, https:\/\/www.askja-on-tour.ch\/wp-content\/uploads\/2020\/07\/M\u00fcvatan-005-1536x1024.jpg 1536w, https:\/\/www.askja-on-tour.ch\/wp-content\/uploads\/2020\/07\/M\u00fcvatan-005.jpg 1600w\" sizes=\"auto, (max-width: 1024px) 100vw, 1024px\" \/> <img loading=\"lazy\" decoding=\"async\" class=\"alignnone size-medium wp-image-11850\" src=\"https:\/\/www.askja-on-tour.ch\/wp-content\/uploads\/2020\/07\/M\u00fcvatan-004-1024x683.jpg\" alt=\"\" width=\"1024\" height=\"683\" srcset=\"https:\/\/www.askja-on-tour.ch\/wp-content\/uploads\/2020\/07\/M\u00fcvatan-004-1024x683.jpg 1024w, https:\/\/www.askja-on-tour.ch\/wp-content\/uploads\/2020\/07\/M\u00fcvatan-004-768x512.jpg 768w, https:\/\/www.askja-on-tour.ch\/wp-content\/uploads\/2020\/07\/M\u00fcvatan-004-1536x1024.jpg 1536w, https:\/\/www.askja-on-tour.ch\/wp-content\/uploads\/2020\/07\/M\u00fcvatan-004.jpg 1600w\" sizes=\"auto, (max-width: 1024px) 100vw, 1024px\" \/> <img loading=\"lazy\" decoding=\"async\" class=\"alignnone size-medium wp-image-11852\" src=\"https:\/\/www.askja-on-tour.ch\/wp-content\/uploads\/2020\/07\/M\u00fcvatan-006-1024x683.jpg\" alt=\"\" width=\"1024\" height=\"683\" srcset=\"https:\/\/www.askja-on-tour.ch\/wp-content\/uploads\/2020\/07\/M\u00fcvatan-006-1024x683.jpg 1024w, https:\/\/www.askja-on-tour.ch\/wp-content\/uploads\/2020\/07\/M\u00fcvatan-006-768x512.jpg 768w, https:\/\/www.askja-on-tour.ch\/wp-content\/uploads\/2020\/07\/M\u00fcvatan-006-1536x1024.jpg 1536w, https:\/\/www.askja-on-tour.ch\/wp-content\/uploads\/2020\/07\/M\u00fcvatan-006.jpg 1600w\" sizes=\"auto, (max-width: 1024px) 100vw, 1024px\" \/> <img loading=\"lazy\" decoding=\"async\" class=\"alignnone size-medium wp-image-11853\" src=\"https:\/\/www.askja-on-tour.ch\/wp-content\/uploads\/2020\/07\/M\u00fcvatan-007-1024x683.jpg\" alt=\"\" width=\"1024\" height=\"683\" srcset=\"https:\/\/www.askja-on-tour.ch\/wp-content\/uploads\/2020\/07\/M\u00fcvatan-007-1024x683.jpg 1024w, https:\/\/www.askja-on-tour.ch\/wp-content\/uploads\/2020\/07\/M\u00fcvatan-007-768x512.jpg 768w, https:\/\/www.askja-on-tour.ch\/wp-content\/uploads\/2020\/07\/M\u00fcvatan-007-1536x1024.jpg 1536w, https:\/\/www.askja-on-tour.ch\/wp-content\/uploads\/2020\/07\/M\u00fcvatan-007.jpg 1600w\" sizes=\"auto, (max-width: 1024px) 100vw, 1024px\" \/> <img loading=\"lazy\" decoding=\"async\" class=\"alignnone size-medium wp-image-11855\" src=\"https:\/\/www.askja-on-tour.ch\/wp-content\/uploads\/2020\/07\/M\u00fcvatan-009-1024x683.jpg\" alt=\"\" width=\"1024\" height=\"683\" srcset=\"https:\/\/www.askja-on-tour.ch\/wp-content\/uploads\/2020\/07\/M\u00fcvatan-009-1024x683.jpg 1024w, https:\/\/www.askja-on-tour.ch\/wp-content\/uploads\/2020\/07\/M\u00fcvatan-009-768x512.jpg 768w, https:\/\/www.askja-on-tour.ch\/wp-content\/uploads\/2020\/07\/M\u00fcvatan-009-1536x1024.jpg 1536w, https:\/\/www.askja-on-tour.ch\/wp-content\/uploads\/2020\/07\/M\u00fcvatan-009.jpg 1600w\" sizes=\"auto, (max-width: 1024px) 100vw, 1024px\" \/> <img loading=\"lazy\" decoding=\"async\" class=\"alignnone size-medium wp-image-11854\" src=\"https:\/\/www.askja-on-tour.ch\/wp-content\/uploads\/2020\/07\/M\u00fcvatan-008-1024x683.jpg\" alt=\"\" width=\"1024\" height=\"683\" srcset=\"https:\/\/www.askja-on-tour.ch\/wp-content\/uploads\/2020\/07\/M\u00fcvatan-008-1024x683.jpg 1024w, https:\/\/www.askja-on-tour.ch\/wp-content\/uploads\/2020\/07\/M\u00fcvatan-008-768x512.jpg 768w, https:\/\/www.askja-on-tour.ch\/wp-content\/uploads\/2020\/07\/M\u00fcvatan-008-1536x1024.jpg 1536w, https:\/\/www.askja-on-tour.ch\/wp-content\/uploads\/2020\/07\/M\u00fcvatan-008.jpg 1600w\" sizes=\"auto, (max-width: 1024px) 100vw, 1024px\" \/> <img loading=\"lazy\" decoding=\"async\" class=\"alignnone size-medium wp-image-11856\" src=\"https:\/\/www.askja-on-tour.ch\/wp-content\/uploads\/2020\/07\/M\u00fcvatan-010-1024x683.jpg\" alt=\"\" width=\"1024\" height=\"683\" srcset=\"https:\/\/www.askja-on-tour.ch\/wp-content\/uploads\/2020\/07\/M\u00fcvatan-010-1024x683.jpg 1024w, https:\/\/www.askja-on-tour.ch\/wp-content\/uploads\/2020\/07\/M\u00fcvatan-010-768x512.jpg 768w, https:\/\/www.askja-on-tour.ch\/wp-content\/uploads\/2020\/07\/M\u00fcvatan-010-1536x1024.jpg 1536w, https:\/\/www.askja-on-tour.ch\/wp-content\/uploads\/2020\/07\/M\u00fcvatan-010.jpg 1600w\" sizes=\"auto, (max-width: 1024px) 100vw, 1024px\" \/> <img loading=\"lazy\" decoding=\"async\" class=\"alignnone size-medium wp-image-11857\" src=\"https:\/\/www.askja-on-tour.ch\/wp-content\/uploads\/2020\/07\/M\u00fcvatan-011-683x1024.jpg\" alt=\"\" width=\"683\" height=\"1024\" srcset=\"https:\/\/www.askja-on-tour.ch\/wp-content\/uploads\/2020\/07\/M\u00fcvatan-011-683x1024.jpg 683w, https:\/\/www.askja-on-tour.ch\/wp-content\/uploads\/2020\/07\/M\u00fcvatan-011-768x1152.jpg 768w, https:\/\/www.askja-on-tour.ch\/wp-content\/uploads\/2020\/07\/M\u00fcvatan-011-1024x1536.jpg 1024w, https:\/\/www.askja-on-tour.ch\/wp-content\/uploads\/2020\/07\/M\u00fcvatan-011.jpg 1067w\" sizes=\"auto, (max-width: 683px) 100vw, 683px\" \/> <img loading=\"lazy\" decoding=\"async\" class=\"alignnone size-medium wp-image-11858\" src=\"https:\/\/www.askja-on-tour.ch\/wp-content\/uploads\/2020\/07\/M\u00fcvatan-012-1024x683.jpg\" alt=\"\" width=\"1024\" height=\"683\" srcset=\"https:\/\/www.askja-on-tour.ch\/wp-content\/uploads\/2020\/07\/M\u00fcvatan-012-1024x683.jpg 1024w, https:\/\/www.askja-on-tour.ch\/wp-content\/uploads\/2020\/07\/M\u00fcvatan-012-768x512.jpg 768w, https:\/\/www.askja-on-tour.ch\/wp-content\/uploads\/2020\/07\/M\u00fcvatan-012-1536x1024.jpg 1536w, https:\/\/www.askja-on-tour.ch\/wp-content\/uploads\/2020\/07\/M\u00fcvatan-012.jpg 1600w\" sizes=\"auto, (max-width: 1024px) 100vw, 1024px\" \/> <img loading=\"lazy\" decoding=\"async\" class=\"alignnone size-medium wp-image-11859\" src=\"https:\/\/www.askja-on-tour.ch\/wp-content\/uploads\/2020\/07\/M\u00fcvatan-013-1024x683.jpg\" alt=\"\" width=\"1024\" height=\"683\" srcset=\"https:\/\/www.askja-on-tour.ch\/wp-content\/uploads\/2020\/07\/M\u00fcvatan-013-1024x683.jpg 1024w, https:\/\/www.askja-on-tour.ch\/wp-content\/uploads\/2020\/07\/M\u00fcvatan-013-768x512.jpg 768w, https:\/\/www.askja-on-tour.ch\/wp-content\/uploads\/2020\/07\/M\u00fcvatan-013-1536x1024.jpg 1536w, https:\/\/www.askja-on-tour.ch\/wp-content\/uploads\/2020\/07\/M\u00fcvatan-013.jpg 1600w\" sizes=\"auto, (max-width: 1024px) 100vw, 1024px\" \/> <img loading=\"lazy\" decoding=\"async\" class=\"alignnone size-medium wp-image-11860\" src=\"https:\/\/www.askja-on-tour.ch\/wp-content\/uploads\/2020\/07\/M\u00fcvatan-014-1024x683.jpg\" alt=\"\" width=\"1024\" height=\"683\" srcset=\"https:\/\/www.askja-on-tour.ch\/wp-content\/uploads\/2020\/07\/M\u00fcvatan-014-1024x683.jpg 1024w, https:\/\/www.askja-on-tour.ch\/wp-content\/uploads\/2020\/07\/M\u00fcvatan-014-768x512.jpg 768w, https:\/\/www.askja-on-tour.ch\/wp-content\/uploads\/2020\/07\/M\u00fcvatan-014-1536x1024.jpg 1536w, https:\/\/www.askja-on-tour.ch\/wp-content\/uploads\/2020\/07\/M\u00fcvatan-014.jpg 1600w\" sizes=\"auto, (max-width: 1024px) 100vw, 1024px\" \/> <img loading=\"lazy\" decoding=\"async\" class=\"alignnone size-medium wp-image-11861\" src=\"https:\/\/www.askja-on-tour.ch\/wp-content\/uploads\/2020\/07\/M\u00fcvatan-015-1024x683.jpg\" alt=\"\" width=\"1024\" height=\"683\" srcset=\"https:\/\/www.askja-on-tour.ch\/wp-content\/uploads\/2020\/07\/M\u00fcvatan-015-1024x683.jpg 1024w, https:\/\/www.askja-on-tour.ch\/wp-content\/uploads\/2020\/07\/M\u00fcvatan-015-768x512.jpg 768w, https:\/\/www.askja-on-tour.ch\/wp-content\/uploads\/2020\/07\/M\u00fcvatan-015-1536x1024.jpg 1536w, https:\/\/www.askja-on-tour.ch\/wp-content\/uploads\/2020\/07\/M\u00fcvatan-015.jpg 1600w\" sizes=\"auto, (max-width: 1024px) 100vw, 1024px\" \/><\/p>\n<p>Danach fuhren wir zum See M\u00fdvatn, der auch, wie der Vulkan Namafjall, zum Krafla-Vulkansystem geh\u00f6rt. Er ist voller Fische und ein interessantes Vogelgebiet.\u00a0M\u00fdvatn heisst M\u00fccke &#8211; dieser Bezeichnung macht er sich alle Ehre. Besonders im Sommer \u00e4rgern diese kleinen M\u00fccken ziemlich, da sie sich mit Vorliebe in Mund, Nase, Ohren und Augen setzen.\u00a0<\/p>\n<p><img loading=\"lazy\" decoding=\"async\" class=\"alignnone size-medium wp-image-11862\" src=\"https:\/\/www.askja-on-tour.ch\/wp-content\/uploads\/2020\/07\/M\u00fcvatan-016-1024x683.jpg\" alt=\"\" width=\"1024\" height=\"683\" srcset=\"https:\/\/www.askja-on-tour.ch\/wp-content\/uploads\/2020\/07\/M\u00fcvatan-016-1024x683.jpg 1024w, https:\/\/www.askja-on-tour.ch\/wp-content\/uploads\/2020\/07\/M\u00fcvatan-016-768x512.jpg 768w, https:\/\/www.askja-on-tour.ch\/wp-content\/uploads\/2020\/07\/M\u00fcvatan-016-1536x1024.jpg 1536w, https:\/\/www.askja-on-tour.ch\/wp-content\/uploads\/2020\/07\/M\u00fcvatan-016.jpg 1600w\" sizes=\"auto, (max-width: 1024px) 100vw, 1024px\" \/> <img loading=\"lazy\" decoding=\"async\" class=\"alignnone size-medium wp-image-11863\" src=\"https:\/\/www.askja-on-tour.ch\/wp-content\/uploads\/2020\/07\/M\u00fcvatan-017-1024x683.jpg\" alt=\"\" width=\"1024\" height=\"683\" srcset=\"https:\/\/www.askja-on-tour.ch\/wp-content\/uploads\/2020\/07\/M\u00fcvatan-017-1024x683.jpg 1024w, https:\/\/www.askja-on-tour.ch\/wp-content\/uploads\/2020\/07\/M\u00fcvatan-017-768x512.jpg 768w, https:\/\/www.askja-on-tour.ch\/wp-content\/uploads\/2020\/07\/M\u00fcvatan-017-1536x1024.jpg 1536w, https:\/\/www.askja-on-tour.ch\/wp-content\/uploads\/2020\/07\/M\u00fcvatan-017.jpg 1600w\" sizes=\"auto, (max-width: 1024px) 100vw, 1024px\" \/><\/p>\n<p>\u00a0<\/p>\n\n\n\n<iframe loading=\"lazy\" src=\"https:\/\/www.google.com\/maps\/d\/embed?mid=1GRuDS2EMA4t7kR0EN6UZACo_AI2cdViA\" width=\"640\" height=\"480\"><\/iframe>\n","protected":false},"excerpt":{"rendered":"<p>Was gestern noch stahlblauer Himmel war, ist heute dunkelgrauen Regenwolken gewichen, die ihre Schleusen ge\u00f6ffnet haben. So haben wir beschlossen, Borgarfj\u00f6r\u00f0ur zu verlassen (und auch unsere putzigen Papageitaucher). Da auch der S\u00fcden eine Schlechtwetter-Periode hat, fahren wir Richtung Hochland.\u00a0 Kurz<\/p>\n","protected":false},"author":3,"featured_media":0,"comment_status":"open","ping_status":"closed","sticky":false,"template":"","format":"standard","meta":{"footnotes":""},"categories":[25],"tags":[],"class_list":["post-11843","post","type-post","status-publish","format-standard","hentry","category-island2020"],"_links":{"self":[{"href":"https:\/\/www.askja-on-tour.ch\/index.php?rest_route=\/wp\/v2\/posts\/11843","targetHints":{"allow":["GET"]}}],"collection":[{"href":"https:\/\/www.askja-on-tour.ch\/index.php?rest_route=\/wp\/v2\/posts"}],"about":[{"href":"https:\/\/www.askja-on-tour.ch\/index.php?rest_route=\/wp\/v2\/types\/post"}],"author":[{"embeddable":true,"href":"https:\/\/www.askja-on-tour.ch\/index.php?rest_route=\/wp\/v2\/users\/3"}],"replies":[{"embeddable":true,"href":"https:\/\/www.askja-on-tour.ch\/index.php?rest_route=%2Fwp%2Fv2%2Fcomments&post=11843"}],"version-history":[{"count":6,"href":"https:\/\/www.askja-on-tour.ch\/index.php?rest_route=\/wp\/v2\/posts\/11843\/revisions"}],"predecessor-version":[{"id":11867,"href":"https:\/\/www.askja-on-tour.ch\/index.php?rest_route=\/wp\/v2\/posts\/11843\/revisions\/11867"}],"wp:attachment":[{"href":"https:\/\/www.askja-on-tour.ch\/index.php?rest_route=%2Fwp%2Fv2%2Fmedia&parent=11843"}],"wp:term":[{"taxonomy":"category","embeddable":true,"href":"https:\/\/www.askja-on-tour.ch\/index.php?rest_route=%2Fwp%2Fv2%2Fcategories&post=11843"},{"taxonomy":"post_tag","embeddable":true,"href":"https:\/\/www.askja-on-tour.ch\/index.php?rest_route=%2Fwp%2Fv2%2Ftags&post=11843"}],"curies":[{"name":"wp","href":"https:\/\/api.w.org\/{rel}","templated":true}]}}