{"id":11633,"date":"2020-07-24T19:23:22","date_gmt":"2020-07-24T19:23:22","guid":{"rendered":"https:\/\/www.askja-on-tour.ch\/?p=11633"},"modified":"2020-07-24T19:23:25","modified_gmt":"2020-07-24T19:23:25","slug":"24-07-2020-heilandzack-was-wenn-ddaene-dgraenze-zuetoend-eifach-auge-zue-ond-dore","status":"publish","type":"post","link":"https:\/\/www.askja-on-tour.ch\/?p=11633","title":{"rendered":"24.07.2020: Heilandzack &#8211; was, wenn d&#8217;D\u00e4ne d&#8217;Gr\u00e4nze zuet\u00f6nd &#8211; eifach Auge zue ond dore!"},"content":{"rendered":"\n<p>Also &#8211; die Planung war ja schon sehr lange \u00fcberlegt und einget\u00fctet gewesen. Aber dann kamen die Finnen dazwischen! Nein &#8211; nach Finnland wollen wir nicht &#8211; aber die Finnen haben doch uns Schweizer (mit \u00d6sterreich und Serbien) per kommenden Montag auf die Liste der L\u00e4nder gestellt, die nicht mehr einreisen d\u00fcrfen.\u00a0<\/p>\n<p>So kamen wir kurz ins Rotieren &#8211; was, wenn das Nachbarland sich von diesem &#8222;wir schliessen mal schnell die Schweizer aus&#8220; anstecken lassen? Kurzerhand haben wir heute morgen einen Camping-Platz in D\u00e4nemark vorgebucht f\u00fcr 6 N\u00e4chte. Und &#8211; Vorbuchen ist gar nicht so einfach: es gibt nicht so viele Pl\u00e4tze, die \u00fcber ein Buchungssystem mit umgehender <strong>schriftlicher<\/strong> Best\u00e4tigung vorbuchbar sind und genau diese Schriftlichkeit brauchten wir. Die Info der D\u00e4nischen Polizei heisst klar: Schweizer d\u00fcrfen in Transit durch D\u00e4nemark, wenn sie einen triftigen Grund haben, wie z.B. eine Best\u00e4tigung der F\u00e4hre nach Island ODER &#8211; sie m\u00fcssen mind. 6 N\u00e4chte in D\u00e4nemark gebucht haben.\u00a0<\/p>\n<p>Mit Buchungsbest\u00e4tigung ausger\u00fcstet, fuhren wir an die Grenze bei Flensburg, wo wir rund 90 Minuten Stau gefahren sind. Dann kam der Moment wo wir dran kamen. Kurzer Blick auf das Schweizer Kreuz oben am Fahrzeug &#8211; und durch waren wir. Die wollten nichts wissen, nichts sehen &#8211; einfach durch und wutsch waren wir in D\u00e4nemark. So &#8211; und wof\u00fcr nun die Aufregung? Vermutlich dachten diese, dass wir ein Rettungsfahrzeug seien. \u00a0Egal &#8211; wir kamen heute entspannt auf dem Camping-Platz in Jelling an, wo wir noch einen gem\u00fctlichen Spaziergang gemacht haben.\u00a0<\/p>\n<p><img loading=\"lazy\" decoding=\"async\" class=\"alignnone size-medium wp-image-11638\" src=\"https:\/\/www.askja-on-tour.ch\/wp-content\/uploads\/2020\/07\/Jelling-001-1024x769.jpg\" alt=\"\" width=\"1024\" height=\"769\" srcset=\"https:\/\/www.askja-on-tour.ch\/wp-content\/uploads\/2020\/07\/Jelling-001-1024x769.jpg 1024w, https:\/\/www.askja-on-tour.ch\/wp-content\/uploads\/2020\/07\/Jelling-001-768x576.jpg 768w, https:\/\/www.askja-on-tour.ch\/wp-content\/uploads\/2020\/07\/Jelling-001-1536x1153.jpg 1536w, https:\/\/www.askja-on-tour.ch\/wp-content\/uploads\/2020\/07\/Jelling-001.jpg 1600w\" sizes=\"auto, (max-width: 1024px) 100vw, 1024px\" \/><\/p>\n<figure id=\"attachment_11639\" aria-describedby=\"caption-attachment-11639\" style=\"width: 1024px\" class=\"wp-caption alignnone\"><img loading=\"lazy\" decoding=\"async\" class=\"wp-image-11639 size-medium\" src=\"https:\/\/www.askja-on-tour.ch\/wp-content\/uploads\/2020\/07\/Jelling-002-1024x769.jpg\" alt=\"\" width=\"1024\" height=\"769\" srcset=\"https:\/\/www.askja-on-tour.ch\/wp-content\/uploads\/2020\/07\/Jelling-002-1024x769.jpg 1024w, https:\/\/www.askja-on-tour.ch\/wp-content\/uploads\/2020\/07\/Jelling-002-768x576.jpg 768w, https:\/\/www.askja-on-tour.ch\/wp-content\/uploads\/2020\/07\/Jelling-002-1536x1153.jpg 1536w, https:\/\/www.askja-on-tour.ch\/wp-content\/uploads\/2020\/07\/Jelling-002.jpg 1600w\" sizes=\"auto, (max-width: 1024px) 100vw, 1024px\" \/><figcaption id=\"caption-attachment-11639\" class=\"wp-caption-text\">Das Friluftsbadet k\u00f6nnten wir sogar benutzen &#8211; aber wir wollen uns ja keinen Schnupfen holen<\/figcaption><\/figure>\n<p>Jelling ist eine kleine Ortschaft in J\u00fctland, an welchem sich\u00a0die bedeutendsten wikingerzeitlichen Monumente Europas befinden, die seit 1994 auf der Weltkulturerbe-Liste der UNESCO stehen. Die zwei riesigen Grabh\u00fcgel und die beiden von den K\u00f6nigen Gorm dem Alten und Harald Blauzahn (die aktuell genutzte Bloototh-Technologie wurde bestimmt nach Harald benannt) im 10. Jh. errichteten Runensteine sowie die Jelling Kirche symbolisieren den \u00dcbergang vom Heiden- zum Christentum, gelten aber auch als \u201eTaufschein\u201c D\u00e4nemarks: Ein Runenstein tr\u00e4gt die \u00e4lteste Inschrift, die das Land D\u00e4nemark und das Volk der D\u00e4nen auf d\u00e4nischem Boden erw\u00e4hnt.<\/p>\n<p><img loading=\"lazy\" decoding=\"async\" class=\"alignnone size-medium wp-image-11643\" src=\"https:\/\/www.askja-on-tour.ch\/wp-content\/uploads\/2020\/07\/Jelling-005-1024x769.jpg\" alt=\"\" width=\"1024\" height=\"769\" srcset=\"https:\/\/www.askja-on-tour.ch\/wp-content\/uploads\/2020\/07\/Jelling-005-1024x769.jpg 1024w, https:\/\/www.askja-on-tour.ch\/wp-content\/uploads\/2020\/07\/Jelling-005-768x576.jpg 768w, https:\/\/www.askja-on-tour.ch\/wp-content\/uploads\/2020\/07\/Jelling-005-1536x1153.jpg 1536w, https:\/\/www.askja-on-tour.ch\/wp-content\/uploads\/2020\/07\/Jelling-005.jpg 1600w\" sizes=\"auto, (max-width: 1024px) 100vw, 1024px\" \/><\/p>\n<figure id=\"attachment_11642\" aria-describedby=\"caption-attachment-11642\" style=\"width: 769px\" class=\"wp-caption alignnone\"><img loading=\"lazy\" decoding=\"async\" class=\"wp-image-11642 size-medium\" src=\"https:\/\/www.askja-on-tour.ch\/wp-content\/uploads\/2020\/07\/Jelling-004-769x1024.jpg\" alt=\"\" width=\"769\" height=\"1024\" srcset=\"https:\/\/www.askja-on-tour.ch\/wp-content\/uploads\/2020\/07\/Jelling-004-769x1024.jpg 769w, https:\/\/www.askja-on-tour.ch\/wp-content\/uploads\/2020\/07\/Jelling-004-768x1023.jpg 768w, https:\/\/www.askja-on-tour.ch\/wp-content\/uploads\/2020\/07\/Jelling-004-1153x1536.jpg 1153w, https:\/\/www.askja-on-tour.ch\/wp-content\/uploads\/2020\/07\/Jelling-004.jpg 1201w\" sizes=\"auto, (max-width: 769px) 100vw, 769px\" \/><figcaption id=\"caption-attachment-11642\" class=\"wp-caption-text\">Runenstein von Harald Blauzahn wie er heute ist und &#8230;<\/figcaption><\/figure>\n<figure id=\"attachment_11644\" aria-describedby=\"caption-attachment-11644\" style=\"width: 1024px\" class=\"wp-caption alignnone\"><img loading=\"lazy\" decoding=\"async\" class=\"wp-image-11644 size-medium\" src=\"https:\/\/www.askja-on-tour.ch\/wp-content\/uploads\/2020\/07\/Jelling-006-1024x769.jpg\" alt=\"\" width=\"1024\" height=\"769\" srcset=\"https:\/\/www.askja-on-tour.ch\/wp-content\/uploads\/2020\/07\/Jelling-006-1024x769.jpg 1024w, https:\/\/www.askja-on-tour.ch\/wp-content\/uploads\/2020\/07\/Jelling-006-768x576.jpg 768w, https:\/\/www.askja-on-tour.ch\/wp-content\/uploads\/2020\/07\/Jelling-006-1536x1153.jpg 1536w, https:\/\/www.askja-on-tour.ch\/wp-content\/uploads\/2020\/07\/Jelling-006.jpg 1600w\" sizes=\"auto, (max-width: 1024px) 100vw, 1024px\" \/><figcaption id=\"caption-attachment-11644\" class=\"wp-caption-text\">\u2026 wie er wohl mal ausgesehen hat<\/figcaption><\/figure>\n<figure id=\"attachment_11641\" aria-describedby=\"caption-attachment-11641\" style=\"width: 1024px\" class=\"wp-caption alignnone\"><img loading=\"lazy\" decoding=\"async\" class=\"wp-image-11641 size-medium\" src=\"https:\/\/www.askja-on-tour.ch\/wp-content\/uploads\/2020\/07\/Jelling-003-1024x769.jpg\" alt=\"\" width=\"1024\" height=\"769\" srcset=\"https:\/\/www.askja-on-tour.ch\/wp-content\/uploads\/2020\/07\/Jelling-003-1024x769.jpg 1024w, https:\/\/www.askja-on-tour.ch\/wp-content\/uploads\/2020\/07\/Jelling-003-768x576.jpg 768w, https:\/\/www.askja-on-tour.ch\/wp-content\/uploads\/2020\/07\/Jelling-003-1536x1153.jpg 1536w, https:\/\/www.askja-on-tour.ch\/wp-content\/uploads\/2020\/07\/Jelling-003.jpg 1600w\" sizes=\"auto, (max-width: 1024px) 100vw, 1024px\" \/><figcaption id=\"caption-attachment-11641\" class=\"wp-caption-text\">Das Jelling Kron &#8211; oder die Jellinger Kneippe<\/figcaption><\/figure>\n<p>Und morgen geht es dann auf die F\u00e4hre Richtung F\u00e4rr\u00f6er &#8211; mit Corrona-Test an der F\u00e4hrstation und Testergebnis auf der F\u00e4hre. Was dann &#8211; im positiven Falle &#8211; mit uns gemacht wird, wissen wir nicht (und wollen wir glaub aktuell auch nicht wissen).<\/p>\n\n\n\n<iframe loading=\"lazy\" src=\"https:\/\/www.google.com\/maps\/d\/embed?mid=1GRuDS2EMA4t7kR0EN6UZACo_AI2cdViA\" width=\"640\" height=\"480\"><\/iframe>\n","protected":false},"excerpt":{"rendered":"<p>Also &#8211; die Planung war ja schon sehr lange \u00fcberlegt und einget\u00fctet gewesen. Aber dann kamen die Finnen dazwischen! Nein &#8211; nach Finnland wollen wir nicht &#8211; aber die Finnen haben doch uns Schweizer (mit \u00d6sterreich und Serbien) per kommenden<\/p>\n","protected":false},"author":3,"featured_media":0,"comment_status":"open","ping_status":"closed","sticky":false,"template":"","format":"standard","meta":{"footnotes":""},"categories":[25],"tags":[],"class_list":["post-11633","post","type-post","status-publish","format-standard","hentry","category-island2020"],"_links":{"self":[{"href":"https:\/\/www.askja-on-tour.ch\/index.php?rest_route=\/wp\/v2\/posts\/11633","targetHints":{"allow":["GET"]}}],"collection":[{"href":"https:\/\/www.askja-on-tour.ch\/index.php?rest_route=\/wp\/v2\/posts"}],"about":[{"href":"https:\/\/www.askja-on-tour.ch\/index.php?rest_route=\/wp\/v2\/types\/post"}],"author":[{"embeddable":true,"href":"https:\/\/www.askja-on-tour.ch\/index.php?rest_route=\/wp\/v2\/users\/3"}],"replies":[{"embeddable":true,"href":"https:\/\/www.askja-on-tour.ch\/index.php?rest_route=%2Fwp%2Fv2%2Fcomments&post=11633"}],"version-history":[{"count":6,"href":"https:\/\/www.askja-on-tour.ch\/index.php?rest_route=\/wp\/v2\/posts\/11633\/revisions"}],"predecessor-version":[{"id":11647,"href":"https:\/\/www.askja-on-tour.ch\/index.php?rest_route=\/wp\/v2\/posts\/11633\/revisions\/11647"}],"wp:attachment":[{"href":"https:\/\/www.askja-on-tour.ch\/index.php?rest_route=%2Fwp%2Fv2%2Fmedia&parent=11633"}],"wp:term":[{"taxonomy":"category","embeddable":true,"href":"https:\/\/www.askja-on-tour.ch\/index.php?rest_route=%2Fwp%2Fv2%2Fcategories&post=11633"},{"taxonomy":"post_tag","embeddable":true,"href":"https:\/\/www.askja-on-tour.ch\/index.php?rest_route=%2Fwp%2Fv2%2Ftags&post=11633"}],"curies":[{"name":"wp","href":"https:\/\/api.w.org\/{rel}","templated":true}]}}