{"id":11619,"date":"2020-07-23T19:30:36","date_gmt":"2020-07-23T19:30:36","guid":{"rendered":"https:\/\/www.askja-on-tour.ch\/?p=11619"},"modified":"2020-07-23T20:49:29","modified_gmt":"2020-07-23T20:49:29","slug":"23-07-2020-vom-meer-das-keines-ist-zur-ostsee-nach-groemitz","status":"publish","type":"post","link":"https:\/\/www.askja-on-tour.ch\/?p=11619","title":{"rendered":"23.07.2020: Vom Meer, das keines ist, zur Ostsee nach Gr\u00f6mitz"},"content":{"rendered":"\n<p>Der heutige Reisetag nach Gr\u00f6mitz an der Ostsee verlief unspektakul\u00e4r &#8211; es hatte wie schon gestern viel Verkehr und eigentlich bestand die ganze Strecke aus Baustellen. Aber wir fahren nach dem Motto &#8222;lieber etwas sp\u00e4ter aber daf\u00fcr sicher ankommen&#8220;. So sind wir um 14.00 Uhr auf dem Stellplatz Achtern Diek in Gr\u00f6mitz aufgeschlagen. Wir haben festgestellt, dass wir die einzigen Ausl\u00e4nder &#x1f609; sind\u00a0<\/p>\n<p>Es ist ein sehr grosser Platz aber f\u00fcr einen Stellplatz sehr sch\u00f6n mit grossen Parzellen. Uns hat es nat\u00fcrlich schnell zur Standpromenade gezogen. Dort haben wir die Strandidylle bestaunt. Alle Standk\u00f6rbe fast bis auf den letzten Korb besetzt und das auf einer Strandl\u00e4nge von \u00fcber 4 km &#8211; die Deutschen haben die Aufforderung befolgt &#8222;macht Urlaub im eigenen Land&#8220;.<\/p>\n<p><img loading=\"lazy\" decoding=\"async\" class=\"alignnone size-medium wp-image-11622\" src=\"https:\/\/www.askja-on-tour.ch\/wp-content\/uploads\/2020\/07\/Strandidylle-1024x768.jpg\" alt=\"\" width=\"1024\" height=\"768\" srcset=\"https:\/\/www.askja-on-tour.ch\/wp-content\/uploads\/2020\/07\/Strandidylle-1024x768.jpg 1024w, https:\/\/www.askja-on-tour.ch\/wp-content\/uploads\/2020\/07\/Strandidylle-1600x1200.jpg 1600w, https:\/\/www.askja-on-tour.ch\/wp-content\/uploads\/2020\/07\/Strandidylle-768x576.jpg 768w, https:\/\/www.askja-on-tour.ch\/wp-content\/uploads\/2020\/07\/Strandidylle-1536x1152.jpg 1536w, https:\/\/www.askja-on-tour.ch\/wp-content\/uploads\/2020\/07\/Strandidylle-2048x1536.jpg 2048w\" sizes=\"auto, (max-width: 1024px) 100vw, 1024px\" \/><\/p>\n<figure id=\"attachment_11623\" aria-describedby=\"caption-attachment-11623\" style=\"width: 768px\" class=\"wp-caption alignnone\"><img loading=\"lazy\" decoding=\"async\" class=\"wp-image-11623 size-medium\" src=\"https:\/\/www.askja-on-tour.ch\/wp-content\/uploads\/2020\/07\/Rutsche-768x1024.jpg\" alt=\"\" width=\"768\" height=\"1024\" srcset=\"https:\/\/www.askja-on-tour.ch\/wp-content\/uploads\/2020\/07\/Rutsche-768x1024.jpg 768w, https:\/\/www.askja-on-tour.ch\/wp-content\/uploads\/2020\/07\/Rutsche-1200x1600.jpg 1200w, https:\/\/www.askja-on-tour.ch\/wp-content\/uploads\/2020\/07\/Rutsche-1152x1536.jpg 1152w, https:\/\/www.askja-on-tour.ch\/wp-content\/uploads\/2020\/07\/Rutsche-1536x2048.jpg 1536w, https:\/\/www.askja-on-tour.ch\/wp-content\/uploads\/2020\/07\/Rutsche-scaled.jpg 1920w\" sizes=\"auto, (max-width: 768px) 100vw, 768px\" \/><figcaption id=\"caption-attachment-11623\" class=\"wp-caption-text\">Eine Rutsche entz\u00fcckt jung und alt<\/figcaption><\/figure>\n<figure id=\"attachment_11624\" aria-describedby=\"caption-attachment-11624\" style=\"width: 768px\" class=\"wp-caption alignnone\"><img loading=\"lazy\" decoding=\"async\" class=\"size-medium wp-image-11624\" src=\"https:\/\/www.askja-on-tour.ch\/wp-content\/uploads\/2020\/07\/Flamingo-768x1024.jpg\" alt=\"\" width=\"768\" height=\"1024\" srcset=\"https:\/\/www.askja-on-tour.ch\/wp-content\/uploads\/2020\/07\/Flamingo-768x1024.jpg 768w, https:\/\/www.askja-on-tour.ch\/wp-content\/uploads\/2020\/07\/Flamingo-1200x1600.jpg 1200w, https:\/\/www.askja-on-tour.ch\/wp-content\/uploads\/2020\/07\/Flamingo-1152x1536.jpg 1152w, https:\/\/www.askja-on-tour.ch\/wp-content\/uploads\/2020\/07\/Flamingo-1536x2048.jpg 1536w, https:\/\/www.askja-on-tour.ch\/wp-content\/uploads\/2020\/07\/Flamingo-scaled.jpg 1920w\" sizes=\"auto, (max-width: 768px) 100vw, 768px\" \/><figcaption id=\"caption-attachment-11624\" class=\"wp-caption-text\">Auch ein pinker Flamingo darf nicht fehlen &#8211; perfekte Strandidylle<\/figcaption><\/figure>\n<figure id=\"attachment_11625\" aria-describedby=\"caption-attachment-11625\" style=\"width: 1024px\" class=\"wp-caption alignnone\"><img loading=\"lazy\" decoding=\"async\" class=\"size-medium wp-image-11625\" src=\"https:\/\/www.askja-on-tour.ch\/wp-content\/uploads\/2020\/07\/Wegkunst-Kopie-1024x768.jpg\" alt=\"\" width=\"1024\" height=\"768\" srcset=\"https:\/\/www.askja-on-tour.ch\/wp-content\/uploads\/2020\/07\/Wegkunst-Kopie-1024x768.jpg 1024w, https:\/\/www.askja-on-tour.ch\/wp-content\/uploads\/2020\/07\/Wegkunst-Kopie-1600x1200.jpg 1600w, https:\/\/www.askja-on-tour.ch\/wp-content\/uploads\/2020\/07\/Wegkunst-Kopie-768x576.jpg 768w, https:\/\/www.askja-on-tour.ch\/wp-content\/uploads\/2020\/07\/Wegkunst-Kopie-1536x1152.jpg 1536w, https:\/\/www.askja-on-tour.ch\/wp-content\/uploads\/2020\/07\/Wegkunst-Kopie-2048x1536.jpg 2048w\" sizes=\"auto, (max-width: 1024px) 100vw, 1024px\" \/><figcaption id=\"caption-attachment-11625\" class=\"wp-caption-text\">Steinkunst am Wegrand<\/figcaption><\/figure>\n<p>Am Nachmittag haben wir ges\u00fcndigt und ein Matjesfilet Hausfrauenart mit Blick auf das Meer gegessen. Es war k\u00f6stlich.<\/p>\n<p>Morgen fahren wir die letzte Etappe in Deutschland und zwar nach Flensburg, ehe wir dann am Samstag in einem Schnutz an den F\u00e4hrhafen nach Hirtshals in D\u00e4nemark fahren.<\/p>\n\n\n\n<iframe loading=\"lazy\" src=\"https:\/\/www.google.com\/maps\/d\/embed?mid=1GRuDS2EMA4t7kR0EN6UZACo_AI2cdViA\" width=\"640\" height=\"480\"><\/iframe>\n","protected":false},"excerpt":{"rendered":"<p>Der heutige Reisetag nach Gr\u00f6mitz an der Ostsee verlief unspektakul\u00e4r &#8211; es hatte wie schon gestern viel Verkehr und eigentlich bestand die ganze Strecke aus Baustellen. Aber wir fahren nach dem Motto &#8222;lieber etwas sp\u00e4ter aber daf\u00fcr sicher ankommen&#8220;. So<\/p>\n","protected":false},"author":3,"featured_media":0,"comment_status":"open","ping_status":"closed","sticky":false,"template":"","format":"standard","meta":{"footnotes":""},"categories":[25],"tags":[],"class_list":["post-11619","post","type-post","status-publish","format-standard","hentry","category-island2020"],"_links":{"self":[{"href":"https:\/\/www.askja-on-tour.ch\/index.php?rest_route=\/wp\/v2\/posts\/11619","targetHints":{"allow":["GET"]}}],"collection":[{"href":"https:\/\/www.askja-on-tour.ch\/index.php?rest_route=\/wp\/v2\/posts"}],"about":[{"href":"https:\/\/www.askja-on-tour.ch\/index.php?rest_route=\/wp\/v2\/types\/post"}],"author":[{"embeddable":true,"href":"https:\/\/www.askja-on-tour.ch\/index.php?rest_route=\/wp\/v2\/users\/3"}],"replies":[{"embeddable":true,"href":"https:\/\/www.askja-on-tour.ch\/index.php?rest_route=%2Fwp%2Fv2%2Fcomments&post=11619"}],"version-history":[{"count":8,"href":"https:\/\/www.askja-on-tour.ch\/index.php?rest_route=\/wp\/v2\/posts\/11619\/revisions"}],"predecessor-version":[{"id":11631,"href":"https:\/\/www.askja-on-tour.ch\/index.php?rest_route=\/wp\/v2\/posts\/11619\/revisions\/11631"}],"wp:attachment":[{"href":"https:\/\/www.askja-on-tour.ch\/index.php?rest_route=%2Fwp%2Fv2%2Fmedia&parent=11619"}],"wp:term":[{"taxonomy":"category","embeddable":true,"href":"https:\/\/www.askja-on-tour.ch\/index.php?rest_route=%2Fwp%2Fv2%2Fcategories&post=11619"},{"taxonomy":"post_tag","embeddable":true,"href":"https:\/\/www.askja-on-tour.ch\/index.php?rest_route=%2Fwp%2Fv2%2Ftags&post=11619"}],"curies":[{"name":"wp","href":"https:\/\/api.w.org\/{rel}","templated":true}]}}