{"id":11590,"date":"2020-07-21T20:38:47","date_gmt":"2020-07-21T20:38:47","guid":{"rendered":"https:\/\/www.askja-on-tour.ch\/?p=11590"},"modified":"2020-07-22T05:38:21","modified_gmt":"2020-07-22T05:38:21","slug":"21-07-2020-na-dann-mal-los-richtung-forellenhof","status":"publish","type":"post","link":"https:\/\/www.askja-on-tour.ch\/?p=11590","title":{"rendered":"21.07.2020: Na dann mal los &#8211; Richtung Forellenhof"},"content":{"rendered":"\n<p>Wir konnten es kaum glauben, aber um 10.45 Uhr (geplant war 10.00 Uhr &#x1f92b;) hatten wir alles im WoMo und fuhren Richtung ersten Kaffeehalt nach Waltenschwil zu Mams. Gest\u00e4rkt mit Laugengipfeli, Kaffee und einer herzlichen Verabschiedung sind wir losgefahren Richtung Forellenhof bei Hammelburg.<\/p>\n<p>Ausser ein paar kleineren Staus ging es recht flott voran &#8211; bis kurz vor Stuttgart, wo eine neckische st\u00f6rende rote Anzeige im Armaturendisplay aufgeflackert ist, die einfach nicht verschwinden wollte. Die Anzeige wollte uns sagen, dass der Wasserabscheider vom Diesel voll sei und wir &#8222;unverz\u00fcglich&#8220; anhalten und das l\u00f6sen m\u00fcssen, am besten in einem qualifizierten KFZ-Betrieb von Mercedes. Stuttgart ist zwar die Mercedes-Hochburg aber in Herstellung und nicht Reparatur und &#8211; schliesslich sind wir ja selber gross. Also &#8211; n\u00e4chstm\u00f6glicher Rastplatz anfahren, Motorhaube auf &#8211; und &#8222;wo ist die vermaledeite Schraube f\u00fcr den Wasserabscheider &#8211; und Mist &#8211; Motorraum ist sau heiss&#8220;. Aber &#8211; zum Gl\u00fcck hat sich Norbert die Schraube mal zeigen lassen &#8211; aber heiss blieb es trotzdem in diesem Bereich. J\u00e4nu &#8211; wir Frauen verbrennen uns ja gerne die Finger &#x1f609; oder so &#8211; auf jeden Fall kam ich an die Schraube und das \u00fcberfl\u00fcssige Wasser konnte entweichen. Und so waren wir nach kurzer Zeit wieder startklar und konnten den Rest der Strecke unter die R\u00e4der nehmen.\u00a0<\/p>\n<p>Um 18.30 Uhr waren dann die rund 470 km auch geschafft und wir sind am Forellenhof angekommen.<\/p>\n<p><img loading=\"lazy\" decoding=\"async\" class=\"alignnone size-medium wp-image-11593\" src=\"https:\/\/www.askja-on-tour.ch\/wp-content\/uploads\/2020\/07\/IMG_20200721_191017-Kopie-1024x768.jpg\" alt=\"\" width=\"1024\" height=\"768\" srcset=\"https:\/\/www.askja-on-tour.ch\/wp-content\/uploads\/2020\/07\/IMG_20200721_191017-Kopie-1024x768.jpg 1024w, https:\/\/www.askja-on-tour.ch\/wp-content\/uploads\/2020\/07\/IMG_20200721_191017-Kopie-1600x1200.jpg 1600w, https:\/\/www.askja-on-tour.ch\/wp-content\/uploads\/2020\/07\/IMG_20200721_191017-Kopie-768x576.jpg 768w, https:\/\/www.askja-on-tour.ch\/wp-content\/uploads\/2020\/07\/IMG_20200721_191017-Kopie-1536x1152.jpg 1536w, https:\/\/www.askja-on-tour.ch\/wp-content\/uploads\/2020\/07\/IMG_20200721_191017-Kopie-2048x1536.jpg 2048w\" sizes=\"auto, (max-width: 1024px) 100vw, 1024px\" \/><\/p>\n<p>Zum Abendessen haben wir Norbert&#8217;s Schwester getroffen, um die letzten Details f\u00fcr die gemeinsamen drei Wochen in Island zu besprechen. Hildegard fliegt am 5.8. ein.<\/p>\n<p>Bis dahin werden wir uns noch einige Male melden mit kurzen Updates, ehe dann f\u00fcr uns in Island die eigentliche Reise losgeht mit vielen Eindr\u00fccken und Fotos.<\/p>\n\n\n\n<div class=\"wp-block-group\"><div class=\"wp-block-group__inner-container is-layout-flow wp-block-group-is-layout-flow\">\n<iframe loading=\"lazy\" src=\"https:\/\/www.google.com\/maps\/d\/embed?mid=1GRuDS2EMA4t7kR0EN6UZACo_AI2cdViA\" width=\"640\" height=\"480\"><\/iframe>\n<\/div><\/div>\n\n\n","protected":false},"excerpt":{"rendered":"<p>Wir konnten es kaum glauben, aber um 10.45 Uhr (geplant war 10.00 Uhr &#x1f92b;) hatten wir alles im WoMo und fuhren Richtung ersten Kaffeehalt nach Waltenschwil zu Mams. Gest\u00e4rkt mit Laugengipfeli, Kaffee und einer herzlichen Verabschiedung sind wir losgefahren Richtung<\/p>\n","protected":false},"author":3,"featured_media":0,"comment_status":"open","ping_status":"closed","sticky":false,"template":"","format":"standard","meta":{"footnotes":""},"categories":[1,25],"tags":[],"class_list":["post-11590","post","type-post","status-publish","format-standard","hentry","category-uncategorized","category-island2020"],"_links":{"self":[{"href":"https:\/\/www.askja-on-tour.ch\/index.php?rest_route=\/wp\/v2\/posts\/11590","targetHints":{"allow":["GET"]}}],"collection":[{"href":"https:\/\/www.askja-on-tour.ch\/index.php?rest_route=\/wp\/v2\/posts"}],"about":[{"href":"https:\/\/www.askja-on-tour.ch\/index.php?rest_route=\/wp\/v2\/types\/post"}],"author":[{"embeddable":true,"href":"https:\/\/www.askja-on-tour.ch\/index.php?rest_route=\/wp\/v2\/users\/3"}],"replies":[{"embeddable":true,"href":"https:\/\/www.askja-on-tour.ch\/index.php?rest_route=%2Fwp%2Fv2%2Fcomments&post=11590"}],"version-history":[{"count":9,"href":"https:\/\/www.askja-on-tour.ch\/index.php?rest_route=\/wp\/v2\/posts\/11590\/revisions"}],"predecessor-version":[{"id":11602,"href":"https:\/\/www.askja-on-tour.ch\/index.php?rest_route=\/wp\/v2\/posts\/11590\/revisions\/11602"}],"wp:attachment":[{"href":"https:\/\/www.askja-on-tour.ch\/index.php?rest_route=%2Fwp%2Fv2%2Fmedia&parent=11590"}],"wp:term":[{"taxonomy":"category","embeddable":true,"href":"https:\/\/www.askja-on-tour.ch\/index.php?rest_route=%2Fwp%2Fv2%2Fcategories&post=11590"},{"taxonomy":"post_tag","embeddable":true,"href":"https:\/\/www.askja-on-tour.ch\/index.php?rest_route=%2Fwp%2Fv2%2Ftags&post=11590"}],"curies":[{"name":"wp","href":"https:\/\/api.w.org\/{rel}","templated":true}]}}